{"id":14171,"date":"2022-12-09T07:54:00","date_gmt":"2022-12-09T07:54:00","guid":{"rendered":"https:\/\/filmvilnius.com\/?p=14171"},"modified":"2026-04-28T09:40:56","modified_gmt":"2026-04-28T07:40:56","slug":"pasauline-m-kavtaradzes-filmo-premjera-prestiziniame-sandanso-festivalyje","status":"publish","type":"post","link":"https:\/\/filmvilnius.com\/lt\/pasauline-m-kavtaradzes-filmo-premjera-prestiziniame-sandanso-festivalyje\/","title":{"rendered":"Pasaulin\u0117 M. Kavtaradz\u0117s filmo premjera \u2013 presti\u017einiame Sandanso festivalyje"},"content":{"rendered":"<p>Lietuvi\u0173 re\u017eisier\u0117s Marijos Kavtaradz\u0117s filmo \u201eTu man nieko neprimeni\u201c (angl. \u201eSlow\u201c) pasaulin\u0117 premjera kit\u0105met \u012fvyks tarptautiniame Sandanso kino festivalyje. Sausio 19-29 d. JAV vyksian\u010diam festivaliui tre\u010diadienio vakar\u0105 paskelbus program\u0105 paai\u0161k\u0117jo, kad M. Kavtaradz\u0117s k\u016brinys kartu su kitais 11 film\u0173 i\u0161 viso pasaulio var\u017eysis konkursin\u0117je programoje (\u201eWorld Cinema Dramatic Competition\u201c).<\/p>\n<p>\u201eSandansas yra mano svajoni\u0173 festivalis, tod\u0117l d\u017eiaugsmas \u2013 dvigubas ir, ties\u0105 sakant, dar sunku patik\u0117ti, kad film\u0105 pristatysime b\u016btent ten\u201c, \u2013 \u0161ypsosi filmo re\u017eisier\u0117 Marija Kavtaradz\u0117. \u201eLabai a\u010di\u016b visai komandai \u2013 ko gero, dar ilgai nesiliausiu jiems d\u0117koti. Kai kuri film\u0105, tikrai negalvoji, kaip tapti \u012fdomiu visam pasauliui, nes kai stengiesi \u012ftikti visiems, galiausiai ne\u012ftinki niekam. Tiesiog kuri ir jei tai darai i\u0161ties nuo\u0161ird\u017eiai, tiksliai ir savalaiki\u0161kai, istorija gali tapti universali ir \u012fdomi daugeliui. Film\u0105 k\u016br\u0117me su meile, tod\u0117l kokia tai yra laim\u0117, kad m\u016bs\u0173 darb\u0105 i\u0161vys tokia didel\u0117 auditorija!\u201c<\/p>\n<p>\u201eB\u016bti Sandanso konkursin\u0117je programoje mums \u2013 ir didelis d\u017eiaugsmas, ir itin maloni atsakomyb\u0117. \u0160is festivalis, vykstantis sausio m\u0117nes\u012f, tarsi atidaro naujus metus ir nauj\u0105 sezon\u0105 kino pasaulyje, o b\u016bdamas svarbiausiu \u0160. Amerikos festivaliu, jis sutelkia kino industrijos d\u0117mes\u012f i\u0161 vis\u0173 \u017eemyn\u0173. Esame labai d\u0117kingi visai komandai u\u017e j\u0173 \u012fd\u0117t\u0105 darb\u0105 kuriant \u0161\u012f naujausi\u0105 m\u016bs\u0173 studijos darb\u0105\u201c, \u2013 sako filmo prodiuser\u0117 Marija Razgut\u0117 (\u201eM\u2013Films\u201c).<\/p>\n<p>Lietuvos \u017ei\u016brovams M. Kavtaradz\u0117 jau puikiai pa\u017e\u012fstama d\u0117l jos debiutinio daugyb\u0117s \u017ei\u016brov\u0173 ir kritik\u0173 simpatij\u0173 sulaukusio filmo \u201eI\u0161gyventi vasar\u0105\u201c (2018 m.). Naujausi\u0105 re\u017eisier\u0117s k\u016brin\u012f \u201eTu man nieko neprimeni\u201c (angl. \u201eSlow\u201c) Lietuvoje bus galima i\u0161vysti 2023-\u0173j\u0173 ruden\u012f.<\/p>\n<p>Meil\u0117s dramoje \u201eTu man nieko neprimeni\u201c (angl. \u201eSlow\u201c) \u0161iuolaikinio \u0161okio \u0161ok\u0117ja Elena sutinka Dovyd\u0105 \u2013 gest\u0173 kalbos vert\u0117j\u0105, paskirt\u0105 vert\u0117jauti jos rengiamose pamokose negirdintiems jaunuoliams. Judviej\u0173 ry\u0161ys \u2013 staigus, dinami\u0161kas, betarpi\u0161kas ir, nepaisant kasdienyb\u0117s trukd\u017ei\u0173, jie art\u0117ja vienas prie kito \u2013 platoni\u0161kas santykis virsta romantiniu. Ta\u010diau jiems susipinant vis glaud\u017eiau, kartu tampa vis sud\u0117tingiau aukotis ir ie\u0161koti kompromis\u0173 \u2013 kiekvienas yra priverstas ie\u0161koti savo dosnumo kitam rib\u0173.<\/p>\n<figure id=\"attachment_14174\" aria-describedby=\"caption-attachment-14174\" style=\"width: 225px\" class=\"wp-caption alignleft\"><img fetchpriority=\"high\" decoding=\"async\" class=\"wp-image-14174 size-medium\" src=\"https:\/\/filmvilnius.com\/wp-content\/uploads\/2022\/12\/Rezisiere-Marija-Kavtaradze-225x300.jpg\" alt=\"\" width=\"225\" height=\"300\" srcset=\"https:\/\/filmvilnius.com\/wp-content\/uploads\/2022\/12\/Rezisiere-Marija-Kavtaradze-225x300.jpg 225w, https:\/\/filmvilnius.com\/wp-content\/uploads\/2022\/12\/Rezisiere-Marija-Kavtaradze.jpg 600w\" sizes=\"(max-width: 225px) 100vw, 225px\" \/><figcaption id=\"caption-attachment-14174\" class=\"wp-caption-text\">Re\u017eisier\u0117 Marija Kavtaradz\u0117 | Prane\u0161imo spaudai nuotr.<\/figcaption><\/figure>\n<p>\u201eAntrajame Marijos Kavtaradz\u0117s filme jos meistri\u0161kumas atsiskleid\u017eia per intymum\u0105. Pasitelkdama \u0161ok\u012f, \u012ftamp\u0105 ramyb\u0117je &lt;&#8230;&gt;, \u012f centr\u0105 ji i\u0161kelia k\u016bni\u0161kum\u0105 ir jo ribotum\u0105. Atsirandant\u012f tuomet, kai k\u016bni\u0161kumu m\u0117ginama perteikti emocinius l\u016bkes\u010dius. Pagrindinius vaidmenis atliekantys aktoriai Greta Grinevi\u010di\u016bt\u0117 (Elena) ir K\u0119stutis Cic\u0117nas (Dovydas) u\u017eburia savo ne\u012ftik\u0117tina chemija ir \u0161ird\u012f draskan\u010diu sud\u0117tingu, u\u017esispyrusiu ir individualiu \u017emogi\u0161kumu. Rezultatas \u2013 akimirksniu atpa\u017e\u012fstamas \u0161okis tarp sav\u0119s ir kito, su\u0161oktas su elegancija, grak\u0161tumu ir meile\u201c, \u2013 film\u0105 \u201eTu man nieko neprimeni\u201c (angl. \u201eSlow\u201c) pristato Sandanso festivalio programos sudarytojai.<\/p>\n<p>Dar vystymo stadijoje naujasis M. Kavtaradz\u0117s filmas buvo pristatytas \u201eWhen East Meets West\u201c programoje Trieste, Italijoje, o \u0161i\u0173 met\u0173 prad\u017eioje buvo atrinktas \u012f presti\u017ein\u0119 Berlinal\u0117s koprodukcijos mug\u0119, kurioje re\u017eisier\u0117 prisistat\u0117 tarptautinei kino industrijai.<\/p>\n<p>Filmo \u201eTu man nieko neprimeni\u201c (angl. \u201eSlow\u201c) re\u017eisier\u0117 Marija Kavtaradz\u0117 taip pat yra ir jo scenarijaus autor\u0117, filmo operatorius: Laurynas Barei\u0161a, dailinink\u0117: Sigita \u0160imk\u016bnait\u0117, prodiuser\u0117: Marija Razgut\u0117. Filmo gamyb\u0105 i\u0161 dalies finansuoja Lietuvos kino centras, jis kuriamas bendra gamyba su \u0160vedija ir Ispanija.<\/p>\n<p>\u0160is filmas \u2013 antrasis Marijos Kavtaradz\u0117s pilnametra\u017eis darbas. Jos pirmojo k\u016brinio \u201eI\u0161gyventi vasar\u0105\u201c (2018 m.) tarptautin\u0117 premjera \u012fvyko Toronto kino festivalyje, o v\u0117liau, peln\u0119s pripa\u017einim\u0105 ir namie, filmas apkeliavo daugyb\u0119 tarptautini\u0173 festivali\u0173, peln\u0117 publikos ir \u017eiuri apdovanojim\u0173, jo rodymo teises \u012fsigijo Italijos, Latvijos, Albanijos, Slov\u0117nijos bei kit\u0173 \u0161ali\u0173 televizijos, taip pat Jungtin\u0117s Karalyst\u0117s ir JAV nam\u0173 kino platformos.<\/p>\n<p><strong>Apie \u201eM\u2013Films\u201c<\/strong><\/p>\n<p>2008 m. \u012fkurta kino gamybos kompanija \u201eM\u2013Films\u201c prodiusuoja vaidybinius bei animacinius filmus, kurie s\u0117kmingai pristatomi svarbiuose tarptautiniuose kino festivaliuose, ne vienas j\u0173 apdovanotas Nacionaliniais Lietuvos kino apdovanojimais bei \u201eSidabrin\u0117mis gerv\u0117mis\u201d. Kompanija prodiusuoja jaunosios kartos Lietuvos re\u017eisieri\u0173 \u2013 Marijos Kavtaradz\u0117s (\u201eI\u0161gyventi vasar\u0105\u201c, \u201eTu man nieko neprimeni\u201c), Andriaus Bla\u017eevi\u010diaus (\u201e\u0160ventasis\u201c, \u201eB\u0117gik\u0117\u201c), Karolio Kaupinio (\u201eNova Lituania\u201c), Vytauto Katkaus (\u201eUogos\u201c) \u2013 filmus, o taip pat dirba su tarptautin\u0117s bendros gamybos projektais.<\/p>\n","protected":false},"excerpt":{"rendered":"<p>Lietuvi\u0173 re\u017eisier\u0117s Marijos Kavtaradz\u0117s filmo \u201eTu man nieko neprimeni\u201c (angl. \u201eSlow\u201c) pasaulin\u0117 premjera kit\u0105met \u012fvyks tarptautiniame Sandanso kino festivalyje. Sausio 19-29 d. JAV vyksian\u010diam festivaliui tre\u010diadienio vakar\u0105 paskelbus program\u0105 paai\u0161k\u0117jo, kad M. Kavtaradz\u0117s k\u016brinys kartu su kitais 11 film\u0173 i\u0161 viso pasaulio var\u017eysis konkursin\u0117je programoje (\u201eWorld Cinema Dramatic Competition\u201c). \u201eSandansas yra mano svajoni\u0173 festivalis, tod\u0117l [&hellip;]<\/p>\n","protected":false},"author":6,"featured_media":14172,"comment_status":"closed","ping_status":"open","sticky":false,"template":"","format":"standard","meta":{"_acf_changed":false,"_monsterinsights_skip_tracking":false,"_monsterinsights_sitenote_active":false,"_monsterinsights_sitenote_note":"","_monsterinsights_sitenote_category":0,"footnotes":""},"categories":[155,58],"tags":[],"class_list":["post-14171","post","type-post","status-publish","format-standard","has-post-thumbnail","hentry","category-industrija-ir-renginiai","category-news"],"acf":[],"yoast_head":"<!-- This site is optimized with the Yoast SEO plugin v27.4 - https:\/\/yoast.com\/product\/yoast-seo-wordpress\/ -->\n<title>Pasaulin\u0117 M. Kavtaradz\u0117s filmo premjera \u2013 presti\u017einiame Sandanso festivalyje - Vilnius film office<\/title>\n<meta name=\"robots\" content=\"index, follow, max-snippet:-1, max-image-preview:large, max-video-preview:-1\" \/>\n<link rel=\"canonical\" href=\"https:\/\/filmvilnius.com\/lt\/pasauline-m-kavtaradzes-filmo-premjera-prestiziniame-sandanso-festivalyje\/\" \/>\n<meta property=\"og:locale\" content=\"lt_LT\" \/>\n<meta property=\"og:type\" content=\"article\" \/>\n<meta property=\"og:title\" content=\"Pasaulin\u0117 M. Kavtaradz\u0117s filmo premjera \u2013 presti\u017einiame Sandanso festivalyje - Vilnius film office\" \/>\n<meta property=\"og:description\" content=\"Lietuvi\u0173 re\u017eisier\u0117s Marijos Kavtaradz\u0117s filmo \u201eTu man nieko neprimeni\u201c (angl. \u201eSlow\u201c) pasaulin\u0117 premjera kit\u0105met \u012fvyks tarptautiniame Sandanso kino festivalyje. Sausio 19-29 d. JAV vyksian\u010diam festivaliui tre\u010diadienio vakar\u0105 paskelbus program\u0105 paai\u0161k\u0117jo, kad M. Kavtaradz\u0117s k\u016brinys kartu su kitais 11 film\u0173 i\u0161 viso pasaulio var\u017eysis konkursin\u0117je programoje (\u201eWorld Cinema Dramatic Competition\u201c). \u201eSandansas yra mano svajoni\u0173 festivalis, tod\u0117l [&hellip;]\" \/>\n<meta property=\"og:url\" content=\"https:\/\/filmvilnius.com\/lt\/pasauline-m-kavtaradzes-filmo-premjera-prestiziniame-sandanso-festivalyje\/\" \/>\n<meta property=\"og:site_name\" content=\"Vilnius film office\" \/>\n<meta property=\"article:publisher\" content=\"https:\/\/www.facebook.com\/filmvilnius\" \/>\n<meta property=\"article:published_time\" content=\"2022-12-09T07:54:00+00:00\" \/>\n<meta property=\"article:modified_time\" content=\"2026-04-28T07:40:56+00:00\" \/>\n<meta property=\"og:image\" content=\"https:\/\/filmvilnius.com\/wp-content\/uploads\/2022\/12\/Tu-man-nieko-neprimeni_stop-kadras.jpg\" \/>\n\t<meta property=\"og:image:width\" content=\"1800\" \/>\n\t<meta property=\"og:image:height\" content=\"1080\" \/>\n\t<meta property=\"og:image:type\" content=\"image\/jpeg\" \/>\n<meta name=\"author\" content=\"Vilnius Film Office\" \/>\n<meta name=\"twitter:card\" content=\"summary_large_image\" \/>\n<meta name=\"twitter:creator\" content=\"@FilmVilnius\" \/>\n<meta name=\"twitter:site\" content=\"@FilmVilnius\" \/>\n<meta name=\"twitter:label1\" content=\"Written by\" \/>\n\t<meta name=\"twitter:data1\" content=\"Vilnius Film Office\" \/>\n\t<meta name=\"twitter:label2\" content=\"Est. reading time\" \/>\n\t<meta name=\"twitter:data2\" content=\"3 minut\u0117s\" \/>\n<script type=\"application\/ld+json\" class=\"yoast-schema-graph\">{\"@context\":\"https:\\\/\\\/schema.org\",\"@graph\":[{\"@type\":\"Article\",\"@id\":\"https:\\\/\\\/filmvilnius.com\\\/lt\\\/pasauline-m-kavtaradzes-filmo-premjera-prestiziniame-sandanso-festivalyje\\\/#article\",\"isPartOf\":{\"@id\":\"https:\\\/\\\/filmvilnius.com\\\/lt\\\/pasauline-m-kavtaradzes-filmo-premjera-prestiziniame-sandanso-festivalyje\\\/\"},\"author\":{\"name\":\"Vilnius Film Office\",\"@id\":\"https:\\\/\\\/filmvilnius.com\\\/#\\\/schema\\\/person\\\/8572c7f289890809bfa364d48f8dded5\"},\"headline\":\"Pasaulin\u0117 M. Kavtaradz\u0117s filmo premjera \u2013 presti\u017einiame Sandanso festivalyje\",\"datePublished\":\"2022-12-09T07:54:00+00:00\",\"dateModified\":\"2026-04-28T07:40:56+00:00\",\"mainEntityOfPage\":{\"@id\":\"https:\\\/\\\/filmvilnius.com\\\/lt\\\/pasauline-m-kavtaradzes-filmo-premjera-prestiziniame-sandanso-festivalyje\\\/\"},\"wordCount\":716,\"publisher\":{\"@id\":\"https:\\\/\\\/filmvilnius.com\\\/#organization\"},\"image\":{\"@id\":\"https:\\\/\\\/filmvilnius.com\\\/lt\\\/pasauline-m-kavtaradzes-filmo-premjera-prestiziniame-sandanso-festivalyje\\\/#primaryimage\"},\"thumbnailUrl\":\"https:\\\/\\\/filmvilnius.com\\\/wp-content\\\/uploads\\\/2022\\\/12\\\/Tu-man-nieko-neprimeni_stop-kadras.jpg\",\"articleSection\":[\"Industrija ir renginiai\",\"Naujienos\"],\"inLanguage\":\"lt-LT\"},{\"@type\":\"WebPage\",\"@id\":\"https:\\\/\\\/filmvilnius.com\\\/lt\\\/pasauline-m-kavtaradzes-filmo-premjera-prestiziniame-sandanso-festivalyje\\\/\",\"url\":\"https:\\\/\\\/filmvilnius.com\\\/lt\\\/pasauline-m-kavtaradzes-filmo-premjera-prestiziniame-sandanso-festivalyje\\\/\",\"name\":\"Pasaulin\u0117 M. Kavtaradz\u0117s filmo premjera \u2013 presti\u017einiame Sandanso festivalyje - Vilnius film office\",\"isPartOf\":{\"@id\":\"https:\\\/\\\/filmvilnius.com\\\/#website\"},\"primaryImageOfPage\":{\"@id\":\"https:\\\/\\\/filmvilnius.com\\\/lt\\\/pasauline-m-kavtaradzes-filmo-premjera-prestiziniame-sandanso-festivalyje\\\/#primaryimage\"},\"image\":{\"@id\":\"https:\\\/\\\/filmvilnius.com\\\/lt\\\/pasauline-m-kavtaradzes-filmo-premjera-prestiziniame-sandanso-festivalyje\\\/#primaryimage\"},\"thumbnailUrl\":\"https:\\\/\\\/filmvilnius.com\\\/wp-content\\\/uploads\\\/2022\\\/12\\\/Tu-man-nieko-neprimeni_stop-kadras.jpg\",\"datePublished\":\"2022-12-09T07:54:00+00:00\",\"dateModified\":\"2026-04-28T07:40:56+00:00\",\"breadcrumb\":{\"@id\":\"https:\\\/\\\/filmvilnius.com\\\/lt\\\/pasauline-m-kavtaradzes-filmo-premjera-prestiziniame-sandanso-festivalyje\\\/#breadcrumb\"},\"inLanguage\":\"lt-LT\",\"potentialAction\":[{\"@type\":\"ReadAction\",\"target\":[\"https:\\\/\\\/filmvilnius.com\\\/lt\\\/pasauline-m-kavtaradzes-filmo-premjera-prestiziniame-sandanso-festivalyje\\\/\"]}]},{\"@type\":\"ImageObject\",\"inLanguage\":\"lt-LT\",\"@id\":\"https:\\\/\\\/filmvilnius.com\\\/lt\\\/pasauline-m-kavtaradzes-filmo-premjera-prestiziniame-sandanso-festivalyje\\\/#primaryimage\",\"url\":\"https:\\\/\\\/filmvilnius.com\\\/wp-content\\\/uploads\\\/2022\\\/12\\\/Tu-man-nieko-neprimeni_stop-kadras.jpg\",\"contentUrl\":\"https:\\\/\\\/filmvilnius.com\\\/wp-content\\\/uploads\\\/2022\\\/12\\\/Tu-man-nieko-neprimeni_stop-kadras.jpg\",\"width\":1800,\"height\":1080},{\"@type\":\"BreadcrumbList\",\"@id\":\"https:\\\/\\\/filmvilnius.com\\\/lt\\\/pasauline-m-kavtaradzes-filmo-premjera-prestiziniame-sandanso-festivalyje\\\/#breadcrumb\",\"itemListElement\":[{\"@type\":\"ListItem\",\"position\":1,\"name\":\"Home\",\"item\":\"https:\\\/\\\/filmvilnius.com\\\/lt\\\/\"},{\"@type\":\"ListItem\",\"position\":2,\"name\":\"Pasaulin\u0117 M. Kavtaradz\u0117s filmo premjera \u2013 presti\u017einiame Sandanso festivalyje\"}]},{\"@type\":\"WebSite\",\"@id\":\"https:\\\/\\\/filmvilnius.com\\\/#website\",\"url\":\"https:\\\/\\\/filmvilnius.com\\\/\",\"name\":\"Vilnius film office\",\"description\":\"\",\"publisher\":{\"@id\":\"https:\\\/\\\/filmvilnius.com\\\/#organization\"},\"potentialAction\":[{\"@type\":\"SearchAction\",\"target\":{\"@type\":\"EntryPoint\",\"urlTemplate\":\"https:\\\/\\\/filmvilnius.com\\\/?s={search_term_string}\"},\"query-input\":{\"@type\":\"PropertyValueSpecification\",\"valueRequired\":true,\"valueName\":\"search_term_string\"}}],\"inLanguage\":\"lt-LT\"},{\"@type\":\"Organization\",\"@id\":\"https:\\\/\\\/filmvilnius.com\\\/#organization\",\"name\":\"Vilniaus kino biuras\",\"url\":\"https:\\\/\\\/filmvilnius.com\\\/\",\"logo\":{\"@type\":\"ImageObject\",\"inLanguage\":\"lt-LT\",\"@id\":\"https:\\\/\\\/filmvilnius.com\\\/#\\\/schema\\\/logo\\\/image\\\/\",\"url\":\"https:\\\/\\\/filmvilnius.com\\\/wp-content\\\/uploads\\\/2022\\\/12\\\/VKB-Logo-2022-EN-2-V.jpg\",\"contentUrl\":\"https:\\\/\\\/filmvilnius.com\\\/wp-content\\\/uploads\\\/2022\\\/12\\\/VKB-Logo-2022-EN-2-V.jpg\",\"width\":1419,\"height\":1418,\"caption\":\"Vilniaus kino biuras\"},\"image\":{\"@id\":\"https:\\\/\\\/filmvilnius.com\\\/#\\\/schema\\\/logo\\\/image\\\/\"},\"sameAs\":[\"https:\\\/\\\/www.facebook.com\\\/filmvilnius\",\"https:\\\/\\\/x.com\\\/FilmVilnius\",\"https:\\\/\\\/www.instagram.com\\\/filmvilnius\\\/\"]},{\"@type\":\"Person\",\"@id\":\"https:\\\/\\\/filmvilnius.com\\\/#\\\/schema\\\/person\\\/8572c7f289890809bfa364d48f8dded5\",\"name\":\"Vilnius Film Office\",\"image\":{\"@type\":\"ImageObject\",\"inLanguage\":\"lt-LT\",\"@id\":\"https:\\\/\\\/secure.gravatar.com\\\/avatar\\\/2f93c625b891dbd84735ed1bd75819d698625d4c37369c60acab5f321b22fbb2?s=96&d=mm&r=g\",\"url\":\"https:\\\/\\\/secure.gravatar.com\\\/avatar\\\/2f93c625b891dbd84735ed1bd75819d698625d4c37369c60acab5f321b22fbb2?s=96&d=mm&r=g\",\"contentUrl\":\"https:\\\/\\\/secure.gravatar.com\\\/avatar\\\/2f93c625b891dbd84735ed1bd75819d698625d4c37369c60acab5f321b22fbb2?s=96&d=mm&r=g\",\"caption\":\"Vilnius Film Office\"},\"url\":\"https:\\\/\\\/filmvilnius.com\\\/lt\\\/author\\\/ce5c1052f3e77e32\\\/\"}]}<\/script>\n<!-- \/ Yoast SEO plugin. -->","yoast_head_json":{"title":"Pasaulin\u0117 M. Kavtaradz\u0117s filmo premjera \u2013 presti\u017einiame Sandanso festivalyje - Vilnius film office","robots":{"index":"index","follow":"follow","max-snippet":"max-snippet:-1","max-image-preview":"max-image-preview:large","max-video-preview":"max-video-preview:-1"},"canonical":"https:\/\/filmvilnius.com\/lt\/pasauline-m-kavtaradzes-filmo-premjera-prestiziniame-sandanso-festivalyje\/","og_locale":"lt_LT","og_type":"article","og_title":"Pasaulin\u0117 M. Kavtaradz\u0117s filmo premjera \u2013 presti\u017einiame Sandanso festivalyje - Vilnius film office","og_description":"Lietuvi\u0173 re\u017eisier\u0117s Marijos Kavtaradz\u0117s filmo \u201eTu man nieko neprimeni\u201c (angl. \u201eSlow\u201c) pasaulin\u0117 premjera kit\u0105met \u012fvyks tarptautiniame Sandanso kino festivalyje. Sausio 19-29 d. JAV vyksian\u010diam festivaliui tre\u010diadienio vakar\u0105 paskelbus program\u0105 paai\u0161k\u0117jo, kad M. Kavtaradz\u0117s k\u016brinys kartu su kitais 11 film\u0173 i\u0161 viso pasaulio var\u017eysis konkursin\u0117je programoje (\u201eWorld Cinema Dramatic Competition\u201c). \u201eSandansas yra mano svajoni\u0173 festivalis, tod\u0117l [&hellip;]","og_url":"https:\/\/filmvilnius.com\/lt\/pasauline-m-kavtaradzes-filmo-premjera-prestiziniame-sandanso-festivalyje\/","og_site_name":"Vilnius film office","article_publisher":"https:\/\/www.facebook.com\/filmvilnius","article_published_time":"2022-12-09T07:54:00+00:00","article_modified_time":"2026-04-28T07:40:56+00:00","og_image":[{"width":1800,"height":1080,"url":"https:\/\/filmvilnius.com\/wp-content\/uploads\/2022\/12\/Tu-man-nieko-neprimeni_stop-kadras.jpg","type":"image\/jpeg"}],"author":"Vilnius Film Office","twitter_card":"summary_large_image","twitter_creator":"@FilmVilnius","twitter_site":"@FilmVilnius","twitter_misc":{"Written by":"Vilnius Film Office","Est. reading time":"3 minut\u0117s"},"schema":{"@context":"https:\/\/schema.org","@graph":[{"@type":"Article","@id":"https:\/\/filmvilnius.com\/lt\/pasauline-m-kavtaradzes-filmo-premjera-prestiziniame-sandanso-festivalyje\/#article","isPartOf":{"@id":"https:\/\/filmvilnius.com\/lt\/pasauline-m-kavtaradzes-filmo-premjera-prestiziniame-sandanso-festivalyje\/"},"author":{"name":"Vilnius Film Office","@id":"https:\/\/filmvilnius.com\/#\/schema\/person\/8572c7f289890809bfa364d48f8dded5"},"headline":"Pasaulin\u0117 M. Kavtaradz\u0117s filmo premjera \u2013 presti\u017einiame Sandanso festivalyje","datePublished":"2022-12-09T07:54:00+00:00","dateModified":"2026-04-28T07:40:56+00:00","mainEntityOfPage":{"@id":"https:\/\/filmvilnius.com\/lt\/pasauline-m-kavtaradzes-filmo-premjera-prestiziniame-sandanso-festivalyje\/"},"wordCount":716,"publisher":{"@id":"https:\/\/filmvilnius.com\/#organization"},"image":{"@id":"https:\/\/filmvilnius.com\/lt\/pasauline-m-kavtaradzes-filmo-premjera-prestiziniame-sandanso-festivalyje\/#primaryimage"},"thumbnailUrl":"https:\/\/filmvilnius.com\/wp-content\/uploads\/2022\/12\/Tu-man-nieko-neprimeni_stop-kadras.jpg","articleSection":["Industrija ir renginiai","Naujienos"],"inLanguage":"lt-LT"},{"@type":"WebPage","@id":"https:\/\/filmvilnius.com\/lt\/pasauline-m-kavtaradzes-filmo-premjera-prestiziniame-sandanso-festivalyje\/","url":"https:\/\/filmvilnius.com\/lt\/pasauline-m-kavtaradzes-filmo-premjera-prestiziniame-sandanso-festivalyje\/","name":"Pasaulin\u0117 M. Kavtaradz\u0117s filmo premjera \u2013 presti\u017einiame Sandanso festivalyje - Vilnius film office","isPartOf":{"@id":"https:\/\/filmvilnius.com\/#website"},"primaryImageOfPage":{"@id":"https:\/\/filmvilnius.com\/lt\/pasauline-m-kavtaradzes-filmo-premjera-prestiziniame-sandanso-festivalyje\/#primaryimage"},"image":{"@id":"https:\/\/filmvilnius.com\/lt\/pasauline-m-kavtaradzes-filmo-premjera-prestiziniame-sandanso-festivalyje\/#primaryimage"},"thumbnailUrl":"https:\/\/filmvilnius.com\/wp-content\/uploads\/2022\/12\/Tu-man-nieko-neprimeni_stop-kadras.jpg","datePublished":"2022-12-09T07:54:00+00:00","dateModified":"2026-04-28T07:40:56+00:00","breadcrumb":{"@id":"https:\/\/filmvilnius.com\/lt\/pasauline-m-kavtaradzes-filmo-premjera-prestiziniame-sandanso-festivalyje\/#breadcrumb"},"inLanguage":"lt-LT","potentialAction":[{"@type":"ReadAction","target":["https:\/\/filmvilnius.com\/lt\/pasauline-m-kavtaradzes-filmo-premjera-prestiziniame-sandanso-festivalyje\/"]}]},{"@type":"ImageObject","inLanguage":"lt-LT","@id":"https:\/\/filmvilnius.com\/lt\/pasauline-m-kavtaradzes-filmo-premjera-prestiziniame-sandanso-festivalyje\/#primaryimage","url":"https:\/\/filmvilnius.com\/wp-content\/uploads\/2022\/12\/Tu-man-nieko-neprimeni_stop-kadras.jpg","contentUrl":"https:\/\/filmvilnius.com\/wp-content\/uploads\/2022\/12\/Tu-man-nieko-neprimeni_stop-kadras.jpg","width":1800,"height":1080},{"@type":"BreadcrumbList","@id":"https:\/\/filmvilnius.com\/lt\/pasauline-m-kavtaradzes-filmo-premjera-prestiziniame-sandanso-festivalyje\/#breadcrumb","itemListElement":[{"@type":"ListItem","position":1,"name":"Home","item":"https:\/\/filmvilnius.com\/lt\/"},{"@type":"ListItem","position":2,"name":"Pasaulin\u0117 M. Kavtaradz\u0117s filmo premjera \u2013 presti\u017einiame Sandanso festivalyje"}]},{"@type":"WebSite","@id":"https:\/\/filmvilnius.com\/#website","url":"https:\/\/filmvilnius.com\/","name":"Vilnius film office","description":"","publisher":{"@id":"https:\/\/filmvilnius.com\/#organization"},"potentialAction":[{"@type":"SearchAction","target":{"@type":"EntryPoint","urlTemplate":"https:\/\/filmvilnius.com\/?s={search_term_string}"},"query-input":{"@type":"PropertyValueSpecification","valueRequired":true,"valueName":"search_term_string"}}],"inLanguage":"lt-LT"},{"@type":"Organization","@id":"https:\/\/filmvilnius.com\/#organization","name":"Vilniaus kino biuras","url":"https:\/\/filmvilnius.com\/","logo":{"@type":"ImageObject","inLanguage":"lt-LT","@id":"https:\/\/filmvilnius.com\/#\/schema\/logo\/image\/","url":"https:\/\/filmvilnius.com\/wp-content\/uploads\/2022\/12\/VKB-Logo-2022-EN-2-V.jpg","contentUrl":"https:\/\/filmvilnius.com\/wp-content\/uploads\/2022\/12\/VKB-Logo-2022-EN-2-V.jpg","width":1419,"height":1418,"caption":"Vilniaus kino biuras"},"image":{"@id":"https:\/\/filmvilnius.com\/#\/schema\/logo\/image\/"},"sameAs":["https:\/\/www.facebook.com\/filmvilnius","https:\/\/x.com\/FilmVilnius","https:\/\/www.instagram.com\/filmvilnius\/"]},{"@type":"Person","@id":"https:\/\/filmvilnius.com\/#\/schema\/person\/8572c7f289890809bfa364d48f8dded5","name":"Vilnius Film Office","image":{"@type":"ImageObject","inLanguage":"lt-LT","@id":"https:\/\/secure.gravatar.com\/avatar\/2f93c625b891dbd84735ed1bd75819d698625d4c37369c60acab5f321b22fbb2?s=96&d=mm&r=g","url":"https:\/\/secure.gravatar.com\/avatar\/2f93c625b891dbd84735ed1bd75819d698625d4c37369c60acab5f321b22fbb2?s=96&d=mm&r=g","contentUrl":"https:\/\/secure.gravatar.com\/avatar\/2f93c625b891dbd84735ed1bd75819d698625d4c37369c60acab5f321b22fbb2?s=96&d=mm&r=g","caption":"Vilnius Film Office"},"url":"https:\/\/filmvilnius.com\/lt\/author\/ce5c1052f3e77e32\/"}]}},"_links":{"self":[{"href":"https:\/\/filmvilnius.com\/lt\/wp-json\/wp\/v2\/posts\/14171","targetHints":{"allow":["GET"]}}],"collection":[{"href":"https:\/\/filmvilnius.com\/lt\/wp-json\/wp\/v2\/posts"}],"about":[{"href":"https:\/\/filmvilnius.com\/lt\/wp-json\/wp\/v2\/types\/post"}],"author":[{"embeddable":true,"href":"https:\/\/filmvilnius.com\/lt\/wp-json\/wp\/v2\/users\/6"}],"replies":[{"embeddable":true,"href":"https:\/\/filmvilnius.com\/lt\/wp-json\/wp\/v2\/comments?post=14171"}],"version-history":[{"count":2,"href":"https:\/\/filmvilnius.com\/lt\/wp-json\/wp\/v2\/posts\/14171\/revisions"}],"predecessor-version":[{"id":14177,"href":"https:\/\/filmvilnius.com\/lt\/wp-json\/wp\/v2\/posts\/14171\/revisions\/14177"}],"wp:featuredmedia":[{"embeddable":true,"href":"https:\/\/filmvilnius.com\/lt\/wp-json\/wp\/v2\/media\/14172"}],"wp:attachment":[{"href":"https:\/\/filmvilnius.com\/lt\/wp-json\/wp\/v2\/media?parent=14171"}],"wp:term":[{"taxonomy":"category","embeddable":true,"href":"https:\/\/filmvilnius.com\/lt\/wp-json\/wp\/v2\/categories?post=14171"},{"taxonomy":"post_tag","embeddable":true,"href":"https:\/\/filmvilnius.com\/lt\/wp-json\/wp\/v2\/tags?post=14171"}],"curies":[{"name":"wp","href":"https:\/\/api.w.org\/{rel}","templated":true}]}}