{"id":14214,"date":"2022-12-12T13:23:04","date_gmt":"2022-12-12T13:23:04","guid":{"rendered":"https:\/\/filmvilnius.com\/?p=14214"},"modified":"2026-04-28T09:40:40","modified_gmt":"2026-04-28T07:40:40","slug":"tarp-lietuvos-nacionaliniu-kulturos-ir-meno-premiju-laureatu-kino-rezisieriai-m-kvedaravicius-ir-g-zickyte","status":"publish","type":"post","link":"https:\/\/filmvilnius.com\/lt\/tarp-lietuvos-nacionaliniu-kulturos-ir-meno-premiju-laureatu-kino-rezisieriai-m-kvedaravicius-ir-g-zickyte\/","title":{"rendered":"Tarp Lietuvos nacionalini\u0173 kult\u016bros ir meno premij\u0173 laureat\u0173 \u2013 kino re\u017eisieriai M. Kvedaravi\u010dius ir G. \u017dickyt\u0117"},"content":{"rendered":"<p>\u0160iandien Kult\u016bros ministerijoje surengtoje spaudos konferencijoje paskelbti 2022 met\u0173 Lietuvos nacionalini\u0173 kult\u016bros ir meno premij\u0173 laureatai.<\/p>\n<p><strong>Ra\u0161ytojas Kazys Saja<\/strong> premij\u0105 peln\u0117 u\u017e \u201emamut\u0173\u201c med\u017eiojim\u0105 teatre ir prozoje, <strong>kino re\u017eisierius Mantas Kvedaravi\u010dius<\/strong>\u00a0\u2013 u\u017e bebaim\u0119 dokumentik\u0105, u\u017e ry\u0161k\u0173 p\u0117dsak\u0105 Lietuvos ir pasaulio kino padang\u0117je,\u00a0<strong>ra\u0161ytojas Rimvydas Stankevi\u010dius<\/strong>\u00a0\u2013 u\u017e klasikos gen\u0105 \u0161iuolaikin\u0117je poezijoje,\u00a0<strong>operos solistas Edgaras Montvidas<\/strong>\u00a0\u2013 u\u017e s\u0117kming\u0105 k\u016brybin\u0119 veikl\u0105 garsinant Lietuvos dainavimo mokykl\u0105 pasaulio scenose,\u00a0<strong>kompozitor\u0117 \u017dibuokl\u0117 Martinaityt\u0117-Rosaschi<\/strong>\u00a0\u2013 u\u017e \u0161viesotamsos gelm\u0119 \u0161iuolaikin\u0117je muzikoje,\u00a0<strong>kino re\u017eisier\u0117 Giedr\u0117 \u017dickyt\u0117<\/strong>\u00a0\u2013 u\u017e ver\u017el\u0173 ir \u012fsp\u016bding\u0105 k\u016brybin\u012f \u0161uol\u012f.<\/p>\n<p>A. Stonys pad\u0117kojo komisijos nariams u\u017e nelengv\u0105 darb\u0105 i\u0161renkant laureatus. Komisijos nariai \u2013 architektas Audrius Ambrasas, aktorius Vladas Bagdonas, filosofas Jonas Dagys, muzikolog\u0117 J\u016brat\u0117 Katinait\u0117, ra\u0161ytoja Danut\u0117 Kalinauskait\u0117, kompozitorius \u0160ar\u016bnas Nakas, vizualaus meno k\u016br\u0117jas Art\u016bras Raila, teatrolog\u0117 Ramun\u0117 Marcinkevi\u010di\u016bt\u0117, literat\u016brolog\u0117 J\u016brat\u0117 Sprindyt\u0117, menotyrinink\u0117 J\u016brat\u0117 Tutlyt\u0117.<\/p>\n<p>Lietuvos nacionalini\u0173 kult\u016bros ir meno premij\u0173 komisija \u0161iemet vertino 30-ies visuomen\u0117s pasi\u016blyt\u0173 kandidat\u0173 veikl\u0105 kult\u016bros ir meno srityje ir i\u0161 \u0161io s\u0105ra\u0161o i\u0161 prad\u017ei\u0173 atrinko dvylika pretendent\u0173 gauti premijas.<\/p>\n<p>Lietuvos nacionalin\u0117mis kult\u016bros ir meno premijomis \u012fvertinami reik\u0161mingiausi kult\u016bros ir meno k\u016briniai, Lietuvos ir pasaulio lietuvi\u0173 bendruomen\u0117s k\u016br\u0117j\u0173 sukurti per pastaruosius 7 metus, taip pat k\u016briniai, sukurti per vis\u0105 gyvenim\u0105.<\/p>\n","protected":false},"excerpt":{"rendered":"<p>\u0160iandien Kult\u016bros ministerijoje surengtoje spaudos konferencijoje paskelbti 2022 met\u0173 Lietuvos nacionalini\u0173 kult\u016bros ir meno premij\u0173 laureatai. Ra\u0161ytojas Kazys Saja premij\u0105 peln\u0117 u\u017e \u201emamut\u0173\u201c med\u017eiojim\u0105 teatre ir prozoje, kino re\u017eisierius Mantas Kvedaravi\u010dius\u00a0\u2013 u\u017e bebaim\u0119 dokumentik\u0105, u\u017e ry\u0161k\u0173 p\u0117dsak\u0105 Lietuvos ir pasaulio kino padang\u0117je,\u00a0ra\u0161ytojas Rimvydas Stankevi\u010dius\u00a0\u2013 u\u017e klasikos gen\u0105 \u0161iuolaikin\u0117je poezijoje,\u00a0operos solistas Edgaras Montvidas\u00a0\u2013 u\u017e s\u0117kming\u0105 k\u016brybin\u0119 [&hellip;]<\/p>\n","protected":false},"author":6,"featured_media":14216,"comment_status":"closed","ping_status":"open","sticky":false,"template":"","format":"standard","meta":{"_acf_changed":false,"_monsterinsights_skip_tracking":false,"_monsterinsights_sitenote_active":false,"_monsterinsights_sitenote_note":"","_monsterinsights_sitenote_category":0,"footnotes":""},"categories":[58,192],"tags":[],"class_list":["post-14214","post","type-post","status-publish","format-standard","has-post-thumbnail","hentry","category-news","category-pranesimai-ziniasklaidai"],"acf":[],"yoast_head":"<!-- This site is optimized with the Yoast SEO plugin v27.4 - https:\/\/yoast.com\/product\/yoast-seo-wordpress\/ -->\n<title>Tarp Lietuvos nacionalini\u0173 kult\u016bros ir meno premij\u0173 laureat\u0173 \u2013 kino re\u017eisieriai M. Kvedaravi\u010dius ir G. \u017dickyt\u0117 - Vilnius film office<\/title>\n<meta name=\"description\" content=\"Tarp Lietuvos nacionalini\u0173 kult\u016bros ir meno premij\u0173 laureat\u0173 \u2013 kino re\u017eisieriai M. Kvedaravi\u010dius ir G. \u017dickyt\u0117\" \/>\n<meta name=\"robots\" content=\"index, follow, max-snippet:-1, max-image-preview:large, max-video-preview:-1\" \/>\n<link rel=\"canonical\" href=\"https:\/\/filmvilnius.com\/lt\/tarp-lietuvos-nacionaliniu-kulturos-ir-meno-premiju-laureatu-kino-rezisieriai-m-kvedaravicius-ir-g-zickyte\/\" \/>\n<meta property=\"og:locale\" content=\"lt_LT\" \/>\n<meta property=\"og:type\" content=\"article\" \/>\n<meta property=\"og:title\" content=\"Tarp Lietuvos nacionalini\u0173 kult\u016bros ir meno premij\u0173 laureat\u0173 \u2013 kino re\u017eisieriai M. Kvedaravi\u010dius ir G. \u017dickyt\u0117 - Vilnius film office\" \/>\n<meta property=\"og:description\" content=\"Tarp Lietuvos nacionalini\u0173 kult\u016bros ir meno premij\u0173 laureat\u0173 \u2013 kino re\u017eisieriai M. Kvedaravi\u010dius ir G. \u017dickyt\u0117\" \/>\n<meta property=\"og:url\" content=\"https:\/\/filmvilnius.com\/lt\/tarp-lietuvos-nacionaliniu-kulturos-ir-meno-premiju-laureatu-kino-rezisieriai-m-kvedaravicius-ir-g-zickyte\/\" \/>\n<meta property=\"og:site_name\" content=\"Vilnius film office\" \/>\n<meta property=\"article:publisher\" content=\"https:\/\/www.facebook.com\/filmvilnius\" \/>\n<meta property=\"article:published_time\" content=\"2022-12-12T13:23:04+00:00\" \/>\n<meta property=\"article:modified_time\" content=\"2026-04-28T07:40:40+00:00\" \/>\n<meta property=\"og:image\" content=\"https:\/\/filmvilnius.com\/wp-content\/uploads\/2022\/12\/ttt-1024x683-1.jpeg\" \/>\n\t<meta property=\"og:image:width\" content=\"1024\" \/>\n\t<meta property=\"og:image:height\" content=\"683\" \/>\n\t<meta property=\"og:image:type\" content=\"image\/jpeg\" \/>\n<meta name=\"author\" content=\"Vilnius Film Office\" \/>\n<meta name=\"twitter:card\" content=\"summary_large_image\" \/>\n<meta name=\"twitter:creator\" content=\"@FilmVilnius\" \/>\n<meta name=\"twitter:site\" content=\"@FilmVilnius\" \/>\n<meta name=\"twitter:label1\" content=\"Written by\" \/>\n\t<meta name=\"twitter:data1\" content=\"Vilnius Film Office\" \/>\n\t<meta name=\"twitter:label2\" content=\"Est. reading time\" \/>\n\t<meta name=\"twitter:data2\" content=\"1 minut\u0117\" \/>\n<script type=\"application\/ld+json\" class=\"yoast-schema-graph\">{\"@context\":\"https:\\\/\\\/schema.org\",\"@graph\":[{\"@type\":\"Article\",\"@id\":\"https:\\\/\\\/filmvilnius.com\\\/lt\\\/tarp-lietuvos-nacionaliniu-kulturos-ir-meno-premiju-laureatu-kino-rezisieriai-m-kvedaravicius-ir-g-zickyte\\\/#article\",\"isPartOf\":{\"@id\":\"https:\\\/\\\/filmvilnius.com\\\/lt\\\/tarp-lietuvos-nacionaliniu-kulturos-ir-meno-premiju-laureatu-kino-rezisieriai-m-kvedaravicius-ir-g-zickyte\\\/\"},\"author\":{\"name\":\"Vilnius Film Office\",\"@id\":\"https:\\\/\\\/filmvilnius.com\\\/#\\\/schema\\\/person\\\/8572c7f289890809bfa364d48f8dded5\"},\"headline\":\"Tarp Lietuvos nacionalini\u0173 kult\u016bros ir meno premij\u0173 laureat\u0173 \u2013 kino re\u017eisieriai M. Kvedaravi\u010dius ir G. \u017dickyt\u0117\",\"datePublished\":\"2022-12-12T13:23:04+00:00\",\"dateModified\":\"2026-04-28T07:40:40+00:00\",\"mainEntityOfPage\":{\"@id\":\"https:\\\/\\\/filmvilnius.com\\\/lt\\\/tarp-lietuvos-nacionaliniu-kulturos-ir-meno-premiju-laureatu-kino-rezisieriai-m-kvedaravicius-ir-g-zickyte\\\/\"},\"wordCount\":250,\"publisher\":{\"@id\":\"https:\\\/\\\/filmvilnius.com\\\/#organization\"},\"image\":{\"@id\":\"https:\\\/\\\/filmvilnius.com\\\/lt\\\/tarp-lietuvos-nacionaliniu-kulturos-ir-meno-premiju-laureatu-kino-rezisieriai-m-kvedaravicius-ir-g-zickyte\\\/#primaryimage\"},\"thumbnailUrl\":\"https:\\\/\\\/filmvilnius.com\\\/wp-content\\\/uploads\\\/2022\\\/12\\\/ttt-1024x683-1.jpeg\",\"articleSection\":[\"Naujienos\",\"Prane\u0161imai \u017einiasklaidai\"],\"inLanguage\":\"lt-LT\"},{\"@type\":\"WebPage\",\"@id\":\"https:\\\/\\\/filmvilnius.com\\\/lt\\\/tarp-lietuvos-nacionaliniu-kulturos-ir-meno-premiju-laureatu-kino-rezisieriai-m-kvedaravicius-ir-g-zickyte\\\/\",\"url\":\"https:\\\/\\\/filmvilnius.com\\\/lt\\\/tarp-lietuvos-nacionaliniu-kulturos-ir-meno-premiju-laureatu-kino-rezisieriai-m-kvedaravicius-ir-g-zickyte\\\/\",\"name\":\"Tarp Lietuvos nacionalini\u0173 kult\u016bros ir meno premij\u0173 laureat\u0173 \u2013 kino re\u017eisieriai M. Kvedaravi\u010dius ir G. \u017dickyt\u0117 - Vilnius film office\",\"isPartOf\":{\"@id\":\"https:\\\/\\\/filmvilnius.com\\\/#website\"},\"primaryImageOfPage\":{\"@id\":\"https:\\\/\\\/filmvilnius.com\\\/lt\\\/tarp-lietuvos-nacionaliniu-kulturos-ir-meno-premiju-laureatu-kino-rezisieriai-m-kvedaravicius-ir-g-zickyte\\\/#primaryimage\"},\"image\":{\"@id\":\"https:\\\/\\\/filmvilnius.com\\\/lt\\\/tarp-lietuvos-nacionaliniu-kulturos-ir-meno-premiju-laureatu-kino-rezisieriai-m-kvedaravicius-ir-g-zickyte\\\/#primaryimage\"},\"thumbnailUrl\":\"https:\\\/\\\/filmvilnius.com\\\/wp-content\\\/uploads\\\/2022\\\/12\\\/ttt-1024x683-1.jpeg\",\"datePublished\":\"2022-12-12T13:23:04+00:00\",\"dateModified\":\"2026-04-28T07:40:40+00:00\",\"description\":\"Tarp Lietuvos nacionalini\u0173 kult\u016bros ir meno premij\u0173 laureat\u0173 \u2013 kino re\u017eisieriai M. Kvedaravi\u010dius ir G. \u017dickyt\u0117\",\"breadcrumb\":{\"@id\":\"https:\\\/\\\/filmvilnius.com\\\/lt\\\/tarp-lietuvos-nacionaliniu-kulturos-ir-meno-premiju-laureatu-kino-rezisieriai-m-kvedaravicius-ir-g-zickyte\\\/#breadcrumb\"},\"inLanguage\":\"lt-LT\",\"potentialAction\":[{\"@type\":\"ReadAction\",\"target\":[\"https:\\\/\\\/filmvilnius.com\\\/lt\\\/tarp-lietuvos-nacionaliniu-kulturos-ir-meno-premiju-laureatu-kino-rezisieriai-m-kvedaravicius-ir-g-zickyte\\\/\"]}]},{\"@type\":\"ImageObject\",\"inLanguage\":\"lt-LT\",\"@id\":\"https:\\\/\\\/filmvilnius.com\\\/lt\\\/tarp-lietuvos-nacionaliniu-kulturos-ir-meno-premiju-laureatu-kino-rezisieriai-m-kvedaravicius-ir-g-zickyte\\\/#primaryimage\",\"url\":\"https:\\\/\\\/filmvilnius.com\\\/wp-content\\\/uploads\\\/2022\\\/12\\\/ttt-1024x683-1.jpeg\",\"contentUrl\":\"https:\\\/\\\/filmvilnius.com\\\/wp-content\\\/uploads\\\/2022\\\/12\\\/ttt-1024x683-1.jpeg\",\"width\":1024,\"height\":683},{\"@type\":\"BreadcrumbList\",\"@id\":\"https:\\\/\\\/filmvilnius.com\\\/lt\\\/tarp-lietuvos-nacionaliniu-kulturos-ir-meno-premiju-laureatu-kino-rezisieriai-m-kvedaravicius-ir-g-zickyte\\\/#breadcrumb\",\"itemListElement\":[{\"@type\":\"ListItem\",\"position\":1,\"name\":\"Home\",\"item\":\"https:\\\/\\\/filmvilnius.com\\\/lt\\\/\"},{\"@type\":\"ListItem\",\"position\":2,\"name\":\"Tarp Lietuvos nacionalini\u0173 kult\u016bros ir meno premij\u0173 laureat\u0173 \u2013 kino re\u017eisieriai M. Kvedaravi\u010dius ir G. \u017dickyt\u0117\"}]},{\"@type\":\"WebSite\",\"@id\":\"https:\\\/\\\/filmvilnius.com\\\/#website\",\"url\":\"https:\\\/\\\/filmvilnius.com\\\/\",\"name\":\"Vilnius film office\",\"description\":\"\",\"publisher\":{\"@id\":\"https:\\\/\\\/filmvilnius.com\\\/#organization\"},\"potentialAction\":[{\"@type\":\"SearchAction\",\"target\":{\"@type\":\"EntryPoint\",\"urlTemplate\":\"https:\\\/\\\/filmvilnius.com\\\/?s={search_term_string}\"},\"query-input\":{\"@type\":\"PropertyValueSpecification\",\"valueRequired\":true,\"valueName\":\"search_term_string\"}}],\"inLanguage\":\"lt-LT\"},{\"@type\":\"Organization\",\"@id\":\"https:\\\/\\\/filmvilnius.com\\\/#organization\",\"name\":\"Vilniaus kino biuras\",\"url\":\"https:\\\/\\\/filmvilnius.com\\\/\",\"logo\":{\"@type\":\"ImageObject\",\"inLanguage\":\"lt-LT\",\"@id\":\"https:\\\/\\\/filmvilnius.com\\\/#\\\/schema\\\/logo\\\/image\\\/\",\"url\":\"https:\\\/\\\/filmvilnius.com\\\/wp-content\\\/uploads\\\/2022\\\/12\\\/VKB-Logo-2022-EN-2-V.jpg\",\"contentUrl\":\"https:\\\/\\\/filmvilnius.com\\\/wp-content\\\/uploads\\\/2022\\\/12\\\/VKB-Logo-2022-EN-2-V.jpg\",\"width\":1419,\"height\":1418,\"caption\":\"Vilniaus kino biuras\"},\"image\":{\"@id\":\"https:\\\/\\\/filmvilnius.com\\\/#\\\/schema\\\/logo\\\/image\\\/\"},\"sameAs\":[\"https:\\\/\\\/www.facebook.com\\\/filmvilnius\",\"https:\\\/\\\/x.com\\\/FilmVilnius\",\"https:\\\/\\\/www.instagram.com\\\/filmvilnius\\\/\"]},{\"@type\":\"Person\",\"@id\":\"https:\\\/\\\/filmvilnius.com\\\/#\\\/schema\\\/person\\\/8572c7f289890809bfa364d48f8dded5\",\"name\":\"Vilnius Film Office\",\"image\":{\"@type\":\"ImageObject\",\"inLanguage\":\"lt-LT\",\"@id\":\"https:\\\/\\\/secure.gravatar.com\\\/avatar\\\/2f93c625b891dbd84735ed1bd75819d698625d4c37369c60acab5f321b22fbb2?s=96&d=mm&r=g\",\"url\":\"https:\\\/\\\/secure.gravatar.com\\\/avatar\\\/2f93c625b891dbd84735ed1bd75819d698625d4c37369c60acab5f321b22fbb2?s=96&d=mm&r=g\",\"contentUrl\":\"https:\\\/\\\/secure.gravatar.com\\\/avatar\\\/2f93c625b891dbd84735ed1bd75819d698625d4c37369c60acab5f321b22fbb2?s=96&d=mm&r=g\",\"caption\":\"Vilnius Film Office\"},\"url\":\"https:\\\/\\\/filmvilnius.com\\\/lt\\\/author\\\/ce5c1052f3e77e32\\\/\"}]}<\/script>\n<!-- \/ Yoast SEO plugin. -->","yoast_head_json":{"title":"Tarp Lietuvos nacionalini\u0173 kult\u016bros ir meno premij\u0173 laureat\u0173 \u2013 kino re\u017eisieriai M. Kvedaravi\u010dius ir G. \u017dickyt\u0117 - Vilnius film office","description":"Tarp Lietuvos nacionalini\u0173 kult\u016bros ir meno premij\u0173 laureat\u0173 \u2013 kino re\u017eisieriai M. Kvedaravi\u010dius ir G. \u017dickyt\u0117","robots":{"index":"index","follow":"follow","max-snippet":"max-snippet:-1","max-image-preview":"max-image-preview:large","max-video-preview":"max-video-preview:-1"},"canonical":"https:\/\/filmvilnius.com\/lt\/tarp-lietuvos-nacionaliniu-kulturos-ir-meno-premiju-laureatu-kino-rezisieriai-m-kvedaravicius-ir-g-zickyte\/","og_locale":"lt_LT","og_type":"article","og_title":"Tarp Lietuvos nacionalini\u0173 kult\u016bros ir meno premij\u0173 laureat\u0173 \u2013 kino re\u017eisieriai M. Kvedaravi\u010dius ir G. \u017dickyt\u0117 - Vilnius film office","og_description":"Tarp Lietuvos nacionalini\u0173 kult\u016bros ir meno premij\u0173 laureat\u0173 \u2013 kino re\u017eisieriai M. Kvedaravi\u010dius ir G. \u017dickyt\u0117","og_url":"https:\/\/filmvilnius.com\/lt\/tarp-lietuvos-nacionaliniu-kulturos-ir-meno-premiju-laureatu-kino-rezisieriai-m-kvedaravicius-ir-g-zickyte\/","og_site_name":"Vilnius film office","article_publisher":"https:\/\/www.facebook.com\/filmvilnius","article_published_time":"2022-12-12T13:23:04+00:00","article_modified_time":"2026-04-28T07:40:40+00:00","og_image":[{"width":1024,"height":683,"url":"https:\/\/filmvilnius.com\/wp-content\/uploads\/2022\/12\/ttt-1024x683-1.jpeg","type":"image\/jpeg"}],"author":"Vilnius Film Office","twitter_card":"summary_large_image","twitter_creator":"@FilmVilnius","twitter_site":"@FilmVilnius","twitter_misc":{"Written by":"Vilnius Film Office","Est. reading time":"1 minut\u0117"},"schema":{"@context":"https:\/\/schema.org","@graph":[{"@type":"Article","@id":"https:\/\/filmvilnius.com\/lt\/tarp-lietuvos-nacionaliniu-kulturos-ir-meno-premiju-laureatu-kino-rezisieriai-m-kvedaravicius-ir-g-zickyte\/#article","isPartOf":{"@id":"https:\/\/filmvilnius.com\/lt\/tarp-lietuvos-nacionaliniu-kulturos-ir-meno-premiju-laureatu-kino-rezisieriai-m-kvedaravicius-ir-g-zickyte\/"},"author":{"name":"Vilnius Film Office","@id":"https:\/\/filmvilnius.com\/#\/schema\/person\/8572c7f289890809bfa364d48f8dded5"},"headline":"Tarp Lietuvos nacionalini\u0173 kult\u016bros ir meno premij\u0173 laureat\u0173 \u2013 kino re\u017eisieriai M. Kvedaravi\u010dius ir G. \u017dickyt\u0117","datePublished":"2022-12-12T13:23:04+00:00","dateModified":"2026-04-28T07:40:40+00:00","mainEntityOfPage":{"@id":"https:\/\/filmvilnius.com\/lt\/tarp-lietuvos-nacionaliniu-kulturos-ir-meno-premiju-laureatu-kino-rezisieriai-m-kvedaravicius-ir-g-zickyte\/"},"wordCount":250,"publisher":{"@id":"https:\/\/filmvilnius.com\/#organization"},"image":{"@id":"https:\/\/filmvilnius.com\/lt\/tarp-lietuvos-nacionaliniu-kulturos-ir-meno-premiju-laureatu-kino-rezisieriai-m-kvedaravicius-ir-g-zickyte\/#primaryimage"},"thumbnailUrl":"https:\/\/filmvilnius.com\/wp-content\/uploads\/2022\/12\/ttt-1024x683-1.jpeg","articleSection":["Naujienos","Prane\u0161imai \u017einiasklaidai"],"inLanguage":"lt-LT"},{"@type":"WebPage","@id":"https:\/\/filmvilnius.com\/lt\/tarp-lietuvos-nacionaliniu-kulturos-ir-meno-premiju-laureatu-kino-rezisieriai-m-kvedaravicius-ir-g-zickyte\/","url":"https:\/\/filmvilnius.com\/lt\/tarp-lietuvos-nacionaliniu-kulturos-ir-meno-premiju-laureatu-kino-rezisieriai-m-kvedaravicius-ir-g-zickyte\/","name":"Tarp Lietuvos nacionalini\u0173 kult\u016bros ir meno premij\u0173 laureat\u0173 \u2013 kino re\u017eisieriai M. Kvedaravi\u010dius ir G. \u017dickyt\u0117 - Vilnius film office","isPartOf":{"@id":"https:\/\/filmvilnius.com\/#website"},"primaryImageOfPage":{"@id":"https:\/\/filmvilnius.com\/lt\/tarp-lietuvos-nacionaliniu-kulturos-ir-meno-premiju-laureatu-kino-rezisieriai-m-kvedaravicius-ir-g-zickyte\/#primaryimage"},"image":{"@id":"https:\/\/filmvilnius.com\/lt\/tarp-lietuvos-nacionaliniu-kulturos-ir-meno-premiju-laureatu-kino-rezisieriai-m-kvedaravicius-ir-g-zickyte\/#primaryimage"},"thumbnailUrl":"https:\/\/filmvilnius.com\/wp-content\/uploads\/2022\/12\/ttt-1024x683-1.jpeg","datePublished":"2022-12-12T13:23:04+00:00","dateModified":"2026-04-28T07:40:40+00:00","description":"Tarp Lietuvos nacionalini\u0173 kult\u016bros ir meno premij\u0173 laureat\u0173 \u2013 kino re\u017eisieriai M. Kvedaravi\u010dius ir G. \u017dickyt\u0117","breadcrumb":{"@id":"https:\/\/filmvilnius.com\/lt\/tarp-lietuvos-nacionaliniu-kulturos-ir-meno-premiju-laureatu-kino-rezisieriai-m-kvedaravicius-ir-g-zickyte\/#breadcrumb"},"inLanguage":"lt-LT","potentialAction":[{"@type":"ReadAction","target":["https:\/\/filmvilnius.com\/lt\/tarp-lietuvos-nacionaliniu-kulturos-ir-meno-premiju-laureatu-kino-rezisieriai-m-kvedaravicius-ir-g-zickyte\/"]}]},{"@type":"ImageObject","inLanguage":"lt-LT","@id":"https:\/\/filmvilnius.com\/lt\/tarp-lietuvos-nacionaliniu-kulturos-ir-meno-premiju-laureatu-kino-rezisieriai-m-kvedaravicius-ir-g-zickyte\/#primaryimage","url":"https:\/\/filmvilnius.com\/wp-content\/uploads\/2022\/12\/ttt-1024x683-1.jpeg","contentUrl":"https:\/\/filmvilnius.com\/wp-content\/uploads\/2022\/12\/ttt-1024x683-1.jpeg","width":1024,"height":683},{"@type":"BreadcrumbList","@id":"https:\/\/filmvilnius.com\/lt\/tarp-lietuvos-nacionaliniu-kulturos-ir-meno-premiju-laureatu-kino-rezisieriai-m-kvedaravicius-ir-g-zickyte\/#breadcrumb","itemListElement":[{"@type":"ListItem","position":1,"name":"Home","item":"https:\/\/filmvilnius.com\/lt\/"},{"@type":"ListItem","position":2,"name":"Tarp Lietuvos nacionalini\u0173 kult\u016bros ir meno premij\u0173 laureat\u0173 \u2013 kino re\u017eisieriai M. Kvedaravi\u010dius ir G. \u017dickyt\u0117"}]},{"@type":"WebSite","@id":"https:\/\/filmvilnius.com\/#website","url":"https:\/\/filmvilnius.com\/","name":"Vilnius film office","description":"","publisher":{"@id":"https:\/\/filmvilnius.com\/#organization"},"potentialAction":[{"@type":"SearchAction","target":{"@type":"EntryPoint","urlTemplate":"https:\/\/filmvilnius.com\/?s={search_term_string}"},"query-input":{"@type":"PropertyValueSpecification","valueRequired":true,"valueName":"search_term_string"}}],"inLanguage":"lt-LT"},{"@type":"Organization","@id":"https:\/\/filmvilnius.com\/#organization","name":"Vilniaus kino biuras","url":"https:\/\/filmvilnius.com\/","logo":{"@type":"ImageObject","inLanguage":"lt-LT","@id":"https:\/\/filmvilnius.com\/#\/schema\/logo\/image\/","url":"https:\/\/filmvilnius.com\/wp-content\/uploads\/2022\/12\/VKB-Logo-2022-EN-2-V.jpg","contentUrl":"https:\/\/filmvilnius.com\/wp-content\/uploads\/2022\/12\/VKB-Logo-2022-EN-2-V.jpg","width":1419,"height":1418,"caption":"Vilniaus kino biuras"},"image":{"@id":"https:\/\/filmvilnius.com\/#\/schema\/logo\/image\/"},"sameAs":["https:\/\/www.facebook.com\/filmvilnius","https:\/\/x.com\/FilmVilnius","https:\/\/www.instagram.com\/filmvilnius\/"]},{"@type":"Person","@id":"https:\/\/filmvilnius.com\/#\/schema\/person\/8572c7f289890809bfa364d48f8dded5","name":"Vilnius Film Office","image":{"@type":"ImageObject","inLanguage":"lt-LT","@id":"https:\/\/secure.gravatar.com\/avatar\/2f93c625b891dbd84735ed1bd75819d698625d4c37369c60acab5f321b22fbb2?s=96&d=mm&r=g","url":"https:\/\/secure.gravatar.com\/avatar\/2f93c625b891dbd84735ed1bd75819d698625d4c37369c60acab5f321b22fbb2?s=96&d=mm&r=g","contentUrl":"https:\/\/secure.gravatar.com\/avatar\/2f93c625b891dbd84735ed1bd75819d698625d4c37369c60acab5f321b22fbb2?s=96&d=mm&r=g","caption":"Vilnius Film Office"},"url":"https:\/\/filmvilnius.com\/lt\/author\/ce5c1052f3e77e32\/"}]}},"_links":{"self":[{"href":"https:\/\/filmvilnius.com\/lt\/wp-json\/wp\/v2\/posts\/14214","targetHints":{"allow":["GET"]}}],"collection":[{"href":"https:\/\/filmvilnius.com\/lt\/wp-json\/wp\/v2\/posts"}],"about":[{"href":"https:\/\/filmvilnius.com\/lt\/wp-json\/wp\/v2\/types\/post"}],"author":[{"embeddable":true,"href":"https:\/\/filmvilnius.com\/lt\/wp-json\/wp\/v2\/users\/6"}],"replies":[{"embeddable":true,"href":"https:\/\/filmvilnius.com\/lt\/wp-json\/wp\/v2\/comments?post=14214"}],"version-history":[{"count":1,"href":"https:\/\/filmvilnius.com\/lt\/wp-json\/wp\/v2\/posts\/14214\/revisions"}],"predecessor-version":[{"id":14215,"href":"https:\/\/filmvilnius.com\/lt\/wp-json\/wp\/v2\/posts\/14214\/revisions\/14215"}],"wp:featuredmedia":[{"embeddable":true,"href":"https:\/\/filmvilnius.com\/lt\/wp-json\/wp\/v2\/media\/14216"}],"wp:attachment":[{"href":"https:\/\/filmvilnius.com\/lt\/wp-json\/wp\/v2\/media?parent=14214"}],"wp:term":[{"taxonomy":"category","embeddable":true,"href":"https:\/\/filmvilnius.com\/lt\/wp-json\/wp\/v2\/categories?post=14214"},{"taxonomy":"post_tag","embeddable":true,"href":"https:\/\/filmvilnius.com\/lt\/wp-json\/wp\/v2\/tags?post=14214"}],"curies":[{"name":"wp","href":"https:\/\/api.w.org\/{rel}","templated":true}]}}