{"id":15789,"date":"2023-01-23T14:10:50","date_gmt":"2023-01-23T14:10:50","guid":{"rendered":"https:\/\/filmvilnius.com\/?p=15789"},"modified":"2026-04-28T09:39:02","modified_gmt":"2026-04-28T07:39:02","slug":"netflix-tv-serialo-jaunasis-valanderis-pedsakai-veda-i-vilniu","status":"publish","type":"post","link":"https:\/\/filmvilnius.com\/lt\/netflix-tv-serialo-jaunasis-valanderis-pedsakai-veda-i-vilniu\/","title":{"rendered":"\u201eNETFLIX\u201c SERIALO \u201eJAUNASIS VALANDERIS\u201c P\u0116DSAKAI VEDA \u012e VILNI\u0172"},"content":{"rendered":"<div class=\"vc_row wpb_row vc_row-fluid vc_row-o-content-middle vc_row-flex\">\n<div class=\"wpb_column vc_column_container vc_col-sm-12\">\n<div class=\"vc_column-inner\">\n<div class=\"wpb_wrapper\">\n<div class=\"wpb_video_widget wpb_content_element vc_clearfix vc_video-aspect-ratio-169 vc_video-el-width-100 vc_video-align-left\">\n<div class=\"wpb_wrapper\">\n<div class=\"wpb_video_wrapper\">\n<div class=\"fluidvids\"><\/div>\n<\/div>\n<\/div>\n<\/div>\n<\/div>\n<\/div>\n<\/div>\n<\/div>\n<div class=\"vc_row wpb_row vc_row-fluid\">\n<div class=\"wpb_column vc_column_container vc_col-sm-12\">\n<div class=\"vc_column-inner\">\n<div class=\"wpb_wrapper\">\n<div class=\"vc_empty_space\"><\/div>\n<div class=\"wpb_text_column wpb_content_element \">\n<div class=\"wpb_wrapper\">\n<p><strong>Jei m\u0117gstate detektyvus, tikriausiai \u017ei\u016br\u0117jote \u201eNetflix\u201c serial\u0105 \u201eJaunasis Valanderis\u201c (Young Wallander), \u012fkv\u0117pt\u0105 did\u017eiulio populiarumo sulaukusi\u0173 Henning Mankell roman\u0173. Nors istorijos veiksmas vyksta \u0161iuolaikin\u0117je \u0160vedijoje, serialas buvo filmuojamas i\u0161skirtinai Lietuvoje. Kvie\u010diame leistis \u012f pasivaik\u0161\u010diojim\u0105 Vilniaus gatv\u0117mis, kuriose \u2013\u00a0 mylimo \u0161ved\u0173 detektyvo p\u0117dsakai!<\/strong><\/p>\n<p>TV serialo pagrindinis herojus \u2013 kultinis persona\u017eas detektyvas Kurtas Valanderis. Neseniai mokslus pabaigusiam policijos pareig\u016bnui tenka susidurti su pirm\u0105ja savo byla. Itin sud\u0117tingas atvejis K. Valander\u012f \u012ftraukia \u012f neapykantos nusikaltim\u0105 jo paties kaimynyst\u0117je, o visuomen\u0117je i\u0161provokuoja nepasitenkinimo bang\u0105.<\/p>\n<p><span style=\"font-weight: 400;\">Filmavimo darbus Lietuvoje organizavo kino gamybos kompanija \u201eAhil\u201c.<\/span><\/p>\n<\/div>\n<\/div>\n<div class=\"vc_empty_space\"><\/div>\n<\/div>\n<\/div>\n<\/div>\n<\/div>\n<div class=\"vc_row wpb_row vc_row-fluid vc_row-o-content-middle vc_row-flex\">\n<div class=\"wpb_column vc_column_container vc_col-sm-12\">\n<div class=\"vc_column-inner\">\n<div class=\"wpb_wrapper\">\n<div class=\"wpb_text_column wpb_content_element \">\n<div class=\"wpb_wrapper\">\n<p><iframe title=\"Young Wallander | Official Trailer | Netflix\" width=\"800\" height=\"450\" src=\"https:\/\/www.youtube.com\/embed\/t9rYPlh18Uo?start=23&#038;feature=oembed\" frameborder=\"0\" allow=\"accelerometer; autoplay; clipboard-write; encrypted-media; gyroscope; picture-in-picture; web-share\" allowfullscreen><\/iframe><\/p>\n<\/div>\n<\/div>\n<div class=\"vc_empty_space\"><\/div>\n<div class=\"wpb_text_column wpb_content_element \">\n<div class=\"wpb_wrapper\">\n<h3><b>\u0160E\u0160KIN\u0116: SOVIETIN\u0116 ARCHITEKT\u016aRA IR GAMTOS PEIZA\u017dAI<\/b><\/h3>\n<p>Pirm\u0105sias sezono serijas k\u016br\u0117jai intensyviai filmavo \u0160e\u0161kin\u0117je, kuri virto Malm\u0117s miestu. Filmuoti \u0161ioje vietoje \u201eNetflix\u201c \u012fkv\u0117p\u0117 didelis miesto ir gamtos peiza\u017e\u0173 pasirinkimas. \u0160e\u0161kin\u0117je esantys daugiabu\u010diai \u2013 itin kinematografi\u0161ki, leid\u017eiantys eksperimentuoti k\u016brybiniais sprendimais ir skirtingais filmavimo kampais. Svarbu pamin\u0117ti ir tai, kad \u0160e\u0161kin\u0117s mikrorajonas \u2013 vienas sovietin\u0117s architekt\u016bros, tuo metu laikytos modernia, pavyzd\u017ei\u0173. \u0160e\u0161kin\u0117 gars\u0117ja prie\u0161 16 000\u201318 000 met\u0173 susiformavusiu kalvag\u016bbriu, vietini\u0173 vadinamu \u0160e\u0161kin\u0117s ozu. Pastarasis stebina nuostabia gamta, atsiverian\u010diomis panoramomis ir atviromis erdv\u0117mis.<\/p>\n<p>\u012edomu tai, kad pagrindinis serialo veik\u0117jas \u201eapsigyveno\u201c b\u016btent \u0161iame mikrorajone esan\u010diame bute. Pro filmavimui pasirinkto buto langus matomas vaizdas nesiskyr\u0117 nuo lauko scen\u0173, o tai visam siu\u017eetui suteik\u0117 tikrovi\u0161kumo bei t\u0119stinumo. Sprogimo scena filmuota \u0161alia krep\u0161inio aik\u0161tel\u0117s, esan\u010dios Ukmerg\u0117s g. 210. Daugyb\u0117je epizod\u0173 galima i\u0161vysti ir \u0160e\u0161kin\u0117s g. 75-79 esan\u010di\u0173 daugiabu\u010di\u0173 kiemus. Filmo k\u016br\u0117jai prisid\u0117jo prie \u0160e\u0161kin\u0117s tvarkymo darb\u0173: pastat\u0117 laisvalaikio stalus bei suoliukus, aptv\u0117r\u0117 krep\u0161inio aik\u0161tel\u0119, atliko senos laiptin\u0117s elektros instaliacijos renovacij\u0105 ir pan.<\/p>\n<figure id=\"attachment_15679\" aria-describedby=\"caption-attachment-15679\" style=\"width: 2560px\" class=\"wp-caption aligncenter\"><img fetchpriority=\"high\" decoding=\"async\" class=\"wp-image-15679 size-full\" src=\"https:\/\/filmvilnius.com\/wp-content\/uploads\/2023\/01\/Seskine-atrinkra-scaled.jpg\" alt=\"\" width=\"2560\" height=\"1705\" srcset=\"https:\/\/filmvilnius.com\/wp-content\/uploads\/2023\/01\/Seskine-atrinkra-scaled.jpg 2560w, https:\/\/filmvilnius.com\/wp-content\/uploads\/2023\/01\/Seskine-atrinkra-300x200.jpg 300w, https:\/\/filmvilnius.com\/wp-content\/uploads\/2023\/01\/Seskine-atrinkra-1024x682.jpg 1024w, https:\/\/filmvilnius.com\/wp-content\/uploads\/2023\/01\/Seskine-atrinkra-768x511.jpg 768w, https:\/\/filmvilnius.com\/wp-content\/uploads\/2023\/01\/Seskine-atrinkra-1536x1023.jpg 1536w, https:\/\/filmvilnius.com\/wp-content\/uploads\/2023\/01\/Seskine-atrinkra-2048x1364.jpg 2048w\" sizes=\"(max-width: 2560px) 100vw, 2560px\" \/><figcaption id=\"caption-attachment-15679\" class=\"wp-caption-text\">\u0160e\u0161kin\u0117 | Sauliaus \u017di\u016bros nuotr.<\/figcaption><\/figure>\n<figure id=\"attachment_15681\" aria-describedby=\"caption-attachment-15681\" style=\"width: 2560px\" class=\"wp-caption aligncenter\"><img decoding=\"async\" class=\"wp-image-15681 size-full\" src=\"https:\/\/filmvilnius.com\/wp-content\/uploads\/2023\/01\/Sesklne-atrinkta-scaled.jpg\" alt=\"\" width=\"2560\" height=\"1706\" srcset=\"https:\/\/filmvilnius.com\/wp-content\/uploads\/2023\/01\/Sesklne-atrinkta-scaled.jpg 2560w, https:\/\/filmvilnius.com\/wp-content\/uploads\/2023\/01\/Sesklne-atrinkta-300x200.jpg 300w, https:\/\/filmvilnius.com\/wp-content\/uploads\/2023\/01\/Sesklne-atrinkta-1024x682.jpg 1024w, https:\/\/filmvilnius.com\/wp-content\/uploads\/2023\/01\/Sesklne-atrinkta-768x512.jpg 768w, https:\/\/filmvilnius.com\/wp-content\/uploads\/2023\/01\/Sesklne-atrinkta-1536x1023.jpg 1536w, https:\/\/filmvilnius.com\/wp-content\/uploads\/2023\/01\/Sesklne-atrinkta-2048x1365.jpg 2048w\" sizes=\"(max-width: 2560px) 100vw, 2560px\" \/><figcaption id=\"caption-attachment-15681\" class=\"wp-caption-text\">\u0160e\u0161kin\u0117 | Sauliaus \u017di\u016bros nuotr.<\/figcaption><\/figure>\n<\/div>\n<\/div>\n<\/div>\n<\/div>\n<\/div>\n<\/div>\n<div class=\"vc_row wpb_row vc_row-fluid\">\n<div class=\"wpb_column vc_column_container vc_col-sm-12\">\n<div class=\"vc_column-inner\">\n<div class=\"wpb_wrapper\">\n<div class=\"wpb_text_column wpb_content_element \">\n<div class=\"wpb_wrapper\">\n<h3><b>POLICIJOS AUTOMOBILIAI IR DID\u017dIULIS PROTESTAS VILNIAUS SENAMIESTYJE<\/b><\/h3>\n<p>\u017di\u016br\u0117j\u0119 \u201eJaun\u0105j\u012f Valander\u012f\u201c neabejotinai atpa\u017eino ir \u012fvairias Vilniaus senamies\u010dio vietas. Pagrindinis serialo veik\u0117jas vaik\u0161tin\u0117jo naktin\u0117mis miesto gatv\u0117mis, Gedimino prospektu va\u017eiavo policijos automobiliai, \u012fvairios scenos buvo filmuojamos ir Bernardin\u0173, Stikli\u0173, Auk\u0161tai\u010di\u0173, Pilies gatv\u0117se.<\/p>\n<p>Viena masi\u0161kiausi\u0173 centrin\u0117je miesto dalyje filmuot\u0173 scen\u0173 \u2013 visuomen\u0117s protestas \u2013 vyko Vilniaus gatv\u0117je. \u010cia pasirod\u0117 daugyb\u0117 plakatais ne\u0161in\u0173, skanduojan\u010di\u0173 \u017emoni\u0173, o kitoje protesto barikad\u0173 pus\u0117je atsid\u016br\u0117 pagrindinis veik\u0117jas Kurtas Valanderis.<\/p>\n<\/div>\n<figure id=\"attachment_15662\" aria-describedby=\"caption-attachment-15662\" style=\"width: 2453px\" class=\"wp-caption aligncenter\"><img decoding=\"async\" class=\"wp-image-15662 size-full\" src=\"https:\/\/filmvilnius.com\/wp-content\/uploads\/2023\/01\/3.png\" alt=\"\" width=\"2453\" height=\"1183\" srcset=\"https:\/\/filmvilnius.com\/wp-content\/uploads\/2023\/01\/3.png 2453w, https:\/\/filmvilnius.com\/wp-content\/uploads\/2023\/01\/3-300x145.png 300w, https:\/\/filmvilnius.com\/wp-content\/uploads\/2023\/01\/3-1024x494.png 1024w, https:\/\/filmvilnius.com\/wp-content\/uploads\/2023\/01\/3-768x370.png 768w, https:\/\/filmvilnius.com\/wp-content\/uploads\/2023\/01\/3-1536x741.png 1536w, https:\/\/filmvilnius.com\/wp-content\/uploads\/2023\/01\/3-2048x988.png 2048w\" sizes=\"(max-width: 2453px) 100vw, 2453px\" \/><figcaption id=\"caption-attachment-15662\" class=\"wp-caption-text\">Vilniaus g. filmavimo metu | Vilniaus kino biuro nuotr.<\/figcaption><\/figure>\n<p>&nbsp;<\/p>\n<figure id=\"attachment_15714\" aria-describedby=\"caption-attachment-15714\" style=\"width: 2560px\" class=\"wp-caption aligncenter\"><img loading=\"lazy\" decoding=\"async\" class=\"wp-image-15714 size-full\" src=\"https:\/\/filmvilnius.com\/wp-content\/uploads\/2023\/01\/4-scaled.jpg\" alt=\"\" width=\"2560\" height=\"1920\" srcset=\"https:\/\/filmvilnius.com\/wp-content\/uploads\/2023\/01\/4-scaled.jpg 2560w, https:\/\/filmvilnius.com\/wp-content\/uploads\/2023\/01\/4-300x225.jpg 300w, https:\/\/filmvilnius.com\/wp-content\/uploads\/2023\/01\/4-1024x768.jpg 1024w, https:\/\/filmvilnius.com\/wp-content\/uploads\/2023\/01\/4-768x576.jpg 768w, https:\/\/filmvilnius.com\/wp-content\/uploads\/2023\/01\/4-1536x1152.jpg 1536w, https:\/\/filmvilnius.com\/wp-content\/uploads\/2023\/01\/4-2048x1536.jpg 2048w\" sizes=\"(max-width: 2560px) 100vw, 2560px\" \/><figcaption id=\"caption-attachment-15714\" class=\"wp-caption-text\">Vilniaus g. filmavimo metu | Vilniaus kino biuro nuotr.<\/figcaption><\/figure>\n<p>&nbsp;<\/p>\n<\/div>\n<\/div>\n<\/div>\n<\/div>\n<\/div>\n<div class=\"vc_row wpb_row vc_row-fluid\">\n<div class=\"wpb_column vc_column_container vc_col-sm-12\">\n<div class=\"vc_column-inner\">\n<div class=\"wpb_wrapper\">\n<div class=\"wpb_gallery wpb_content_element vc_clearfix\">\n<div class=\"wpb_wrapper\">\n<div class=\"wpb_gallery_slides wpb_flexslider flexslider_fade flexslider\" data-interval=\"0\" data-flex_fx=\"fade\">\n<p><strong><span style=\"color: #000000; font-size: 28px;\">LEGENDINIAI LIETUVOS RA\u0160YTOJ\u0172 S\u0104JUNGOS R\u016aMAI<\/span><\/strong><\/p>\n<\/div>\n<\/div>\n<\/div>\n<\/div>\n<\/div>\n<\/div>\n<\/div>\n<div class=\"vc_row wpb_row vc_row-fluid\">\n<div class=\"wpb_column vc_column_container vc_col-sm-12\">\n<div class=\"vc_column-inner\">\n<div class=\"wpb_wrapper\">\n<div class=\"wpb_text_column wpb_content_element \">\n<div class=\"wpb_wrapper\">\n<p>Lietuvos ra\u0161ytoj\u0173 s\u0105jungos erdv\u0117s, menan\u010dios XIX a. \u2013 vieni gra\u017eiausi\u0173 r\u016bm\u0173 Vilniuje. \u0160io pastato sienos liudija Vilniaus literat\u016bros istorij\u0105 \u2013 tiek sovietini\u0173, tiek Nepriklausomyb\u0117s laik\u0173. \u010cia gyveno ir k\u016br\u0117 ra\u0161ytojai, veik\u0117 vie\u0161butis, o pirmame auk\u0161te veikusioje kavin\u0117je rinkdavosi menininkai. \u0160iame pastate galima rasti vien\u0105 gra\u017eiausi\u0173 ir \u012fsp\u016bdingiausi\u0173 Lietuvoje i\u0161likusi\u0173 neobarokinio stiliaus interjer\u0173, kuris sudomino ir serialo \u201eJaunasis Valanderis\u201c k\u016br\u0117jus.<\/p>\n<\/div>\n<\/div>\n<\/div>\n<\/div>\n<\/div>\n<\/div>\n<div class=\"vc_row wpb_row vc_row-fluid\">\n<div class=\"wpb_column vc_column_container vc_col-sm-12\">\n<div class=\"vc_column-inner\">\n<div class=\"wpb_wrapper\">\n<div class=\"vc_empty_space\"><\/div>\n<div class=\"wpb_text_column wpb_content_element \">\n<div class=\"wpb_wrapper\">\n<h3><strong>ATGYJANTIS LUKI\u0160KI\u0172 KAL\u0116JIMAS<\/strong><\/h3>\n<p>Pastaraisiais metais Luki\u0161ki\u0173 kal\u0117jimas tampa populiaria \u012fvairi\u0173 film\u0173 ir TV serial\u0173 filmavimo vieta. Luki\u0161ki\u0173 kal\u0117jimas \u0161iandien veikia kaip meno ir kult\u016bros erdv\u0117. Visgi prie\u0161 \u0161imtmet\u012f, Lietuvai esant Rusijos imperijos sud\u0117tyje, tai buvo viena moderniausi\u0173 \u012fkalinimo \u012fstaig\u0173.\u00a0 Nuteistieji \u010dia buvo kalinami iki pat 2019 m. \u2013 per Pasaulinius karus, sovietme\u010diu ir Lietuvai atgavus nepriklausomyb\u0119.<\/p>\n<p>Luki\u0161ki\u0173 kal\u0117jimas film\u0173 k\u016br\u0117jus traukia savo universalumu. \u010cia buvo filmuotos ne tik \u012fkalinimo \u012fstaig\u0173 scenos \u2013 \u0161i vieta yra tapusi ir erdviu naktiniu klubu. Luki\u0161ki\u0173 kal\u0117jime filmuoti TV serialai \u201eStranger Things\u201c, \u201eClark\u201c, filmas \u201eKompromat\u201c ir daugyb\u0117 kit\u0173 film\u0173 projekt\u0173.<\/p>\n<figure id=\"attachment_15673\" aria-describedby=\"caption-attachment-15673\" style=\"width: 2000px\" class=\"wp-caption aligncenter\"><img loading=\"lazy\" decoding=\"async\" class=\"wp-image-15673 size-full\" src=\"https:\/\/filmvilnius.com\/wp-content\/uploads\/2023\/01\/credits-Go-Vilnius-Lukiskes-prison-2020-2-1.jpg\" alt=\"\" width=\"2000\" height=\"1335\" srcset=\"https:\/\/filmvilnius.com\/wp-content\/uploads\/2023\/01\/credits-Go-Vilnius-Lukiskes-prison-2020-2-1.jpg 2000w, https:\/\/filmvilnius.com\/wp-content\/uploads\/2023\/01\/credits-Go-Vilnius-Lukiskes-prison-2020-2-1-300x200.jpg 300w, https:\/\/filmvilnius.com\/wp-content\/uploads\/2023\/01\/credits-Go-Vilnius-Lukiskes-prison-2020-2-1-1024x684.jpg 1024w, https:\/\/filmvilnius.com\/wp-content\/uploads\/2023\/01\/credits-Go-Vilnius-Lukiskes-prison-2020-2-1-768x513.jpg 768w, https:\/\/filmvilnius.com\/wp-content\/uploads\/2023\/01\/credits-Go-Vilnius-Lukiskes-prison-2020-2-1-1536x1025.jpg 1536w\" sizes=\"(max-width: 2000px) 100vw, 2000px\" \/><figcaption id=\"caption-attachment-15673\" class=\"wp-caption-text\">Luki\u0161ki\u0173 kal\u0117jimas | Go Vilnius nuotr.<\/figcaption><\/figure>\n<\/div>\n<\/div>\n<\/div>\n<\/div>\n<\/div>\n<\/div>\n<div class=\"vc_row wpb_row vc_row-fluid\">\n<div class=\"wpb_column vc_column_container vc_col-sm-12\">\n<div class=\"vc_column-inner\">\n<div class=\"wpb_wrapper\">\n<div class=\"vc_empty_space\"><\/div>\n<div class=\"wpb_text_column wpb_content_element \">\n<div class=\"wpb_wrapper\">\n<h3><b>PASIVAIK\u0160\u010cIOJIMAMS\u00a0<\/b>\u2013<b>\u00a0SAPIEG\u0172 R\u016aM\u0172 PARKAS<\/b><\/h3>\n<p>Sapieg\u0173 parkas \u012fsik\u016br\u0119s Antakalnyje, kur XVII a. buvo pastatyti did\u017eiojo etmono Kazimiero Jono Sapiegos baroko stiliaus r\u016bmai. Iki \u0161i\u0173 dien\u0173 i\u0161likusi park\u0105 juosianti siena ir senieji parko med\u017eiai, anuomet paplit\u0119s parko i\u0161planavimas. \u0160iandien parke \u012fsik\u016br\u0119s Vilnius Tech Park, \u0161iltuoju metu veikia vasaros skaityklos, \u017ealiuoja seniausias miesto medis, u\u017esukti kvie\u010dia jaukios kavin\u0117s.<\/p>\n<p>Viename seniausi\u0173 Vilniaus park\u0173 buvo filmuota svarbi serialo scena \u2013 \u010dia stov\u0117jo policijos ma\u0161inos ir i\u0161minuotoj\u0173 paj\u0117gos, o veik\u0117jai band\u0117 i\u0161vengti galimai u\u017eminuotos bombos sprogimo.<\/p>\n<\/div>\n<\/div>\n<div class=\"vc_empty_space\"><\/div>\n<div class=\"wpb_text_column wpb_content_element \">\n<div class=\"wpb_wrapper\">\n<h3><b>SERIALE\u00a0<\/b>\u2013\u00a0<b>SOSTIN\u0116S RESTORANAI<\/b><\/h3>\n<p>\u201eJaunajame Valanderyje\u201c galima i\u0161vysti ne tik gerai \u017einomus Vilniaus pastatus, bet ir restoranus, naktini\u0173 pramog\u0173 vietas. Keletas serialo scen\u0173 filmuota arm\u0117ni\u0161kos virtuv\u0117s restorane \u201eArarat\u201c, perujieti\u0161ko skonio virtuv\u0119 pristatan\u010dioje \u201ePachamamoje\u201c bei \u012f naktinius renginius pasinerti kvie\u010dian\u010diame bare \u201ePeronas\u201c.<\/p>\n<\/div>\n<\/div>\n<\/div>\n<\/div>\n<\/div>\n<\/div>\n<div class=\"vc_row wpb_row vc_row-fluid\">\n<div class=\"wpb_column vc_column_container vc_col-sm-12\">\n<div class=\"vc_column-inner\">\n<div class=\"wpb_wrapper\">\n<div class=\"vc_empty_space\"><\/div>\n<div class=\"wpb_text_column wpb_content_element \">\n<div class=\"wpb_wrapper\">\n<h3><b>FILMUOTA KELIOSE DE\u0160IMTYSE VILNIAUS VIET\u0172<\/b><\/h3>\n<p>\u201eJaunasis Valanderis\u201c buvo filmuotas ne tik auk\u0161\u010diau i\u0161vardintose vietose, bet ir men\u0173 fabrike \u201eLoftas\u201c, po\u017eemin\u0117je per\u0117joje prie CUP prekybos centro, LNK \u017eini\u0173 studijoje, Sereiki\u0161ki\u0173 parko teniso aik\u0161tyne, Lietuvos futbolo federacijos stadione ir kitose miesto lokacijose. Seriale filmavosi ir lietuvi\u0173 aktoriai, tarp kuri\u0173 \u2013 Jolanta Dapk\u016bnait\u0117 ir Paulius Markevi\u010dius.<\/p>\n<p>Jei norite pasivaik\u0161\u010dioti serialo filmavimo vietose \u2013 kvie\u010diame i\u0161bandyti \u017eemiau esant\u012f mar\u0161rut\u0105.<\/p>\n<\/div>\n<\/div>\n<div class=\"vc_empty_space\"><\/div>\n<div class=\"wpb_gmaps_widget wpb_content_element\">\n<div class=\"wpb_wrapper\">\n<div class=\"wpb_map_wraper\"><iframe src=\"https:\/\/www.google.com\/maps\/d\/u\/0\/embed?mid=1_QERjSct3HTbiRhmWmpN0VVYp84JAuU&amp;ehbc=2E312F\" width=\"640\" height=\"480\" data-mce-fragment=\"1\"><\/iframe><\/div>\n<\/div>\n<\/div>\n<\/div>\n<\/div>\n<\/div>\n<\/div>\n","protected":false},"excerpt":{"rendered":"<p>Jei m\u0117gstate detektyvus, tikriausiai \u017ei\u016br\u0117jote \u201eNetflix\u201c serial\u0105 \u201eJaunasis Valanderis\u201c (Young Wallander), \u012fkv\u0117pt\u0105 did\u017eiulio populiarumo sulaukusi\u0173 Henning Mankell roman\u0173. Nors istorijos veiksmas vyksta \u0161iuolaikin\u0117je \u0160vedijoje, serialas buvo filmuojamas i\u0161skirtinai Lietuvoje. Kvie\u010diame leistis \u012f pasivaik\u0161\u010diojim\u0105 Vilniaus gatv\u0117mis, kuriose \u2013\u00a0 mylimo \u0161ved\u0173 detektyvo p\u0117dsakai! TV serialo pagrindinis herojus \u2013 kultinis persona\u017eas detektyvas Kurtas Valanderis. Neseniai mokslus pabaigusiam policijos [&hellip;]<\/p>\n","protected":false},"author":6,"featured_media":15776,"comment_status":"closed","ping_status":"open","sticky":false,"template":"","format":"standard","meta":{"_acf_changed":false,"_monsterinsights_skip_tracking":false,"_monsterinsights_sitenote_active":false,"_monsterinsights_sitenote_note":"","_monsterinsights_sitenote_category":0,"footnotes":""},"categories":[193,58],"tags":[],"class_list":["post-15789","post","type-post","status-publish","format-standard","has-post-thumbnail","hentry","category-kino-industrijos-naujienos","category-news"],"acf":[],"yoast_head":"<!-- This site is optimized with the Yoast SEO plugin v27.4 - https:\/\/yoast.com\/product\/yoast-seo-wordpress\/ -->\n<title>\u201eNETFLIX\u201c SERIALO \u201eJAUNASIS VALANDERIS\u201c P\u0116DSAKAI VEDA \u012e VILNI\u0172 - Vilnius film office<\/title>\n<meta name=\"description\" content=\"Jei m\u0117gstate detektyvus, tikriausiai \u017ei\u016br\u0117jote \u201eNetflix\u201c serial\u0105 \u201eJaunasis Valanderis\u201c (Young Wallander).\" \/>\n<meta name=\"robots\" content=\"index, follow, max-snippet:-1, max-image-preview:large, max-video-preview:-1\" \/>\n<link rel=\"canonical\" href=\"https:\/\/filmvilnius.com\/lt\/netflix-tv-serialo-jaunasis-valanderis-pedsakai-veda-i-vilniu\/\" \/>\n<meta property=\"og:locale\" content=\"lt_LT\" \/>\n<meta property=\"og:type\" content=\"article\" \/>\n<meta property=\"og:title\" content=\"\u201eNETFLIX\u201c SERIALO \u201eJAUNASIS VALANDERIS\u201c P\u0116DSAKAI VEDA \u012e VILNI\u0172 - Vilnius film office\" \/>\n<meta property=\"og:description\" content=\"Jei m\u0117gstate detektyvus, tikriausiai \u017ei\u016br\u0117jote \u201eNetflix\u201c serial\u0105 \u201eJaunasis Valanderis\u201c (Young Wallander).\" \/>\n<meta property=\"og:url\" content=\"https:\/\/filmvilnius.com\/lt\/netflix-tv-serialo-jaunasis-valanderis-pedsakai-veda-i-vilniu\/\" \/>\n<meta property=\"og:site_name\" content=\"Vilnius film office\" \/>\n<meta property=\"article:publisher\" content=\"https:\/\/www.facebook.com\/filmvilnius\" \/>\n<meta property=\"article:published_time\" content=\"2023-01-23T14:10:50+00:00\" \/>\n<meta property=\"article:modified_time\" content=\"2026-04-28T07:39:02+00:00\" \/>\n<meta property=\"og:image\" content=\"https:\/\/filmvilnius.com\/wp-content\/uploads\/2023\/01\/\u00a9-Saulius-Ziuraa-12.jpg\" \/>\n\t<meta property=\"og:image:width\" content=\"1400\" \/>\n\t<meta property=\"og:image:height\" content=\"600\" \/>\n\t<meta property=\"og:image:type\" content=\"image\/jpeg\" \/>\n<meta name=\"author\" content=\"Vilnius Film Office\" \/>\n<meta name=\"twitter:card\" content=\"summary_large_image\" \/>\n<meta name=\"twitter:creator\" content=\"@FilmVilnius\" \/>\n<meta name=\"twitter:site\" content=\"@FilmVilnius\" \/>\n<meta name=\"twitter:label1\" content=\"Written by\" \/>\n\t<meta name=\"twitter:data1\" content=\"Vilnius Film Office\" \/>\n\t<meta name=\"twitter:label2\" content=\"Est. reading time\" \/>\n\t<meta name=\"twitter:data2\" content=\"5 minut\u0117s\" \/>\n<script type=\"application\/ld+json\" class=\"yoast-schema-graph\">{\"@context\":\"https:\\\/\\\/schema.org\",\"@graph\":[{\"@type\":\"Article\",\"@id\":\"https:\\\/\\\/filmvilnius.com\\\/lt\\\/netflix-tv-serialo-jaunasis-valanderis-pedsakai-veda-i-vilniu\\\/#article\",\"isPartOf\":{\"@id\":\"https:\\\/\\\/filmvilnius.com\\\/lt\\\/netflix-tv-serialo-jaunasis-valanderis-pedsakai-veda-i-vilniu\\\/\"},\"author\":{\"name\":\"Vilnius Film Office\",\"@id\":\"https:\\\/\\\/filmvilnius.com\\\/#\\\/schema\\\/person\\\/8572c7f289890809bfa364d48f8dded5\"},\"headline\":\"\u201eNETFLIX\u201c SERIALO \u201eJAUNASIS VALANDERIS\u201c P\u0116DSAKAI VEDA \u012e VILNI\u0172\",\"datePublished\":\"2023-01-23T14:10:50+00:00\",\"dateModified\":\"2026-04-28T07:39:02+00:00\",\"mainEntityOfPage\":{\"@id\":\"https:\\\/\\\/filmvilnius.com\\\/lt\\\/netflix-tv-serialo-jaunasis-valanderis-pedsakai-veda-i-vilniu\\\/\"},\"wordCount\":926,\"publisher\":{\"@id\":\"https:\\\/\\\/filmvilnius.com\\\/#organization\"},\"image\":{\"@id\":\"https:\\\/\\\/filmvilnius.com\\\/lt\\\/netflix-tv-serialo-jaunasis-valanderis-pedsakai-veda-i-vilniu\\\/#primaryimage\"},\"thumbnailUrl\":\"https:\\\/\\\/filmvilnius.com\\\/wp-content\\\/uploads\\\/2023\\\/01\\\/\u00a9-Saulius-Ziuraa-12.jpg\",\"articleSection\":[\"Kino industrijos naujienos\",\"Naujienos\"],\"inLanguage\":\"lt-LT\"},{\"@type\":\"WebPage\",\"@id\":\"https:\\\/\\\/filmvilnius.com\\\/lt\\\/netflix-tv-serialo-jaunasis-valanderis-pedsakai-veda-i-vilniu\\\/\",\"url\":\"https:\\\/\\\/filmvilnius.com\\\/lt\\\/netflix-tv-serialo-jaunasis-valanderis-pedsakai-veda-i-vilniu\\\/\",\"name\":\"\u201eNETFLIX\u201c SERIALO \u201eJAUNASIS VALANDERIS\u201c P\u0116DSAKAI VEDA \u012e VILNI\u0172 - Vilnius film office\",\"isPartOf\":{\"@id\":\"https:\\\/\\\/filmvilnius.com\\\/#website\"},\"primaryImageOfPage\":{\"@id\":\"https:\\\/\\\/filmvilnius.com\\\/lt\\\/netflix-tv-serialo-jaunasis-valanderis-pedsakai-veda-i-vilniu\\\/#primaryimage\"},\"image\":{\"@id\":\"https:\\\/\\\/filmvilnius.com\\\/lt\\\/netflix-tv-serialo-jaunasis-valanderis-pedsakai-veda-i-vilniu\\\/#primaryimage\"},\"thumbnailUrl\":\"https:\\\/\\\/filmvilnius.com\\\/wp-content\\\/uploads\\\/2023\\\/01\\\/\u00a9-Saulius-Ziuraa-12.jpg\",\"datePublished\":\"2023-01-23T14:10:50+00:00\",\"dateModified\":\"2026-04-28T07:39:02+00:00\",\"description\":\"Jei m\u0117gstate detektyvus, tikriausiai \u017ei\u016br\u0117jote \u201eNetflix\u201c serial\u0105 \u201eJaunasis Valanderis\u201c (Young Wallander).\",\"breadcrumb\":{\"@id\":\"https:\\\/\\\/filmvilnius.com\\\/lt\\\/netflix-tv-serialo-jaunasis-valanderis-pedsakai-veda-i-vilniu\\\/#breadcrumb\"},\"inLanguage\":\"lt-LT\",\"potentialAction\":[{\"@type\":\"ReadAction\",\"target\":[\"https:\\\/\\\/filmvilnius.com\\\/lt\\\/netflix-tv-serialo-jaunasis-valanderis-pedsakai-veda-i-vilniu\\\/\"]}]},{\"@type\":\"ImageObject\",\"inLanguage\":\"lt-LT\",\"@id\":\"https:\\\/\\\/filmvilnius.com\\\/lt\\\/netflix-tv-serialo-jaunasis-valanderis-pedsakai-veda-i-vilniu\\\/#primaryimage\",\"url\":\"https:\\\/\\\/filmvilnius.com\\\/wp-content\\\/uploads\\\/2023\\\/01\\\/\u00a9-Saulius-Ziuraa-12.jpg\",\"contentUrl\":\"https:\\\/\\\/filmvilnius.com\\\/wp-content\\\/uploads\\\/2023\\\/01\\\/\u00a9-Saulius-Ziuraa-12.jpg\",\"width\":1400,\"height\":600},{\"@type\":\"BreadcrumbList\",\"@id\":\"https:\\\/\\\/filmvilnius.com\\\/lt\\\/netflix-tv-serialo-jaunasis-valanderis-pedsakai-veda-i-vilniu\\\/#breadcrumb\",\"itemListElement\":[{\"@type\":\"ListItem\",\"position\":1,\"name\":\"Home\",\"item\":\"https:\\\/\\\/filmvilnius.com\\\/lt\\\/\"},{\"@type\":\"ListItem\",\"position\":2,\"name\":\"\u201eNETFLIX\u201c SERIALO \u201eJAUNASIS VALANDERIS\u201c P\u0116DSAKAI VEDA \u012e VILNI\u0172\"}]},{\"@type\":\"WebSite\",\"@id\":\"https:\\\/\\\/filmvilnius.com\\\/#website\",\"url\":\"https:\\\/\\\/filmvilnius.com\\\/\",\"name\":\"Vilnius film office\",\"description\":\"\",\"publisher\":{\"@id\":\"https:\\\/\\\/filmvilnius.com\\\/#organization\"},\"potentialAction\":[{\"@type\":\"SearchAction\",\"target\":{\"@type\":\"EntryPoint\",\"urlTemplate\":\"https:\\\/\\\/filmvilnius.com\\\/?s={search_term_string}\"},\"query-input\":{\"@type\":\"PropertyValueSpecification\",\"valueRequired\":true,\"valueName\":\"search_term_string\"}}],\"inLanguage\":\"lt-LT\"},{\"@type\":\"Organization\",\"@id\":\"https:\\\/\\\/filmvilnius.com\\\/#organization\",\"name\":\"Vilniaus kino biuras\",\"url\":\"https:\\\/\\\/filmvilnius.com\\\/\",\"logo\":{\"@type\":\"ImageObject\",\"inLanguage\":\"lt-LT\",\"@id\":\"https:\\\/\\\/filmvilnius.com\\\/#\\\/schema\\\/logo\\\/image\\\/\",\"url\":\"https:\\\/\\\/filmvilnius.com\\\/wp-content\\\/uploads\\\/2022\\\/12\\\/VKB-Logo-2022-EN-2-V.jpg\",\"contentUrl\":\"https:\\\/\\\/filmvilnius.com\\\/wp-content\\\/uploads\\\/2022\\\/12\\\/VKB-Logo-2022-EN-2-V.jpg\",\"width\":1419,\"height\":1418,\"caption\":\"Vilniaus kino biuras\"},\"image\":{\"@id\":\"https:\\\/\\\/filmvilnius.com\\\/#\\\/schema\\\/logo\\\/image\\\/\"},\"sameAs\":[\"https:\\\/\\\/www.facebook.com\\\/filmvilnius\",\"https:\\\/\\\/x.com\\\/FilmVilnius\",\"https:\\\/\\\/www.instagram.com\\\/filmvilnius\\\/\"]},{\"@type\":\"Person\",\"@id\":\"https:\\\/\\\/filmvilnius.com\\\/#\\\/schema\\\/person\\\/8572c7f289890809bfa364d48f8dded5\",\"name\":\"Vilnius Film Office\",\"image\":{\"@type\":\"ImageObject\",\"inLanguage\":\"lt-LT\",\"@id\":\"https:\\\/\\\/secure.gravatar.com\\\/avatar\\\/2f93c625b891dbd84735ed1bd75819d698625d4c37369c60acab5f321b22fbb2?s=96&d=mm&r=g\",\"url\":\"https:\\\/\\\/secure.gravatar.com\\\/avatar\\\/2f93c625b891dbd84735ed1bd75819d698625d4c37369c60acab5f321b22fbb2?s=96&d=mm&r=g\",\"contentUrl\":\"https:\\\/\\\/secure.gravatar.com\\\/avatar\\\/2f93c625b891dbd84735ed1bd75819d698625d4c37369c60acab5f321b22fbb2?s=96&d=mm&r=g\",\"caption\":\"Vilnius Film Office\"},\"url\":\"https:\\\/\\\/filmvilnius.com\\\/lt\\\/author\\\/ce5c1052f3e77e32\\\/\"}]}<\/script>\n<!-- \/ Yoast SEO plugin. -->","yoast_head_json":{"title":"\u201eNETFLIX\u201c SERIALO \u201eJAUNASIS VALANDERIS\u201c P\u0116DSAKAI VEDA \u012e VILNI\u0172 - Vilnius film office","description":"Jei m\u0117gstate detektyvus, tikriausiai \u017ei\u016br\u0117jote \u201eNetflix\u201c serial\u0105 \u201eJaunasis Valanderis\u201c (Young Wallander).","robots":{"index":"index","follow":"follow","max-snippet":"max-snippet:-1","max-image-preview":"max-image-preview:large","max-video-preview":"max-video-preview:-1"},"canonical":"https:\/\/filmvilnius.com\/lt\/netflix-tv-serialo-jaunasis-valanderis-pedsakai-veda-i-vilniu\/","og_locale":"lt_LT","og_type":"article","og_title":"\u201eNETFLIX\u201c SERIALO \u201eJAUNASIS VALANDERIS\u201c P\u0116DSAKAI VEDA \u012e VILNI\u0172 - Vilnius film office","og_description":"Jei m\u0117gstate detektyvus, tikriausiai \u017ei\u016br\u0117jote \u201eNetflix\u201c serial\u0105 \u201eJaunasis Valanderis\u201c (Young Wallander).","og_url":"https:\/\/filmvilnius.com\/lt\/netflix-tv-serialo-jaunasis-valanderis-pedsakai-veda-i-vilniu\/","og_site_name":"Vilnius film office","article_publisher":"https:\/\/www.facebook.com\/filmvilnius","article_published_time":"2023-01-23T14:10:50+00:00","article_modified_time":"2026-04-28T07:39:02+00:00","og_image":[{"width":1400,"height":600,"url":"https:\/\/filmvilnius.com\/wp-content\/uploads\/2023\/01\/\u00a9-Saulius-Ziuraa-12.jpg","type":"image\/jpeg"}],"author":"Vilnius Film Office","twitter_card":"summary_large_image","twitter_creator":"@FilmVilnius","twitter_site":"@FilmVilnius","twitter_misc":{"Written by":"Vilnius Film Office","Est. reading time":"5 minut\u0117s"},"schema":{"@context":"https:\/\/schema.org","@graph":[{"@type":"Article","@id":"https:\/\/filmvilnius.com\/lt\/netflix-tv-serialo-jaunasis-valanderis-pedsakai-veda-i-vilniu\/#article","isPartOf":{"@id":"https:\/\/filmvilnius.com\/lt\/netflix-tv-serialo-jaunasis-valanderis-pedsakai-veda-i-vilniu\/"},"author":{"name":"Vilnius Film Office","@id":"https:\/\/filmvilnius.com\/#\/schema\/person\/8572c7f289890809bfa364d48f8dded5"},"headline":"\u201eNETFLIX\u201c SERIALO \u201eJAUNASIS VALANDERIS\u201c P\u0116DSAKAI VEDA \u012e VILNI\u0172","datePublished":"2023-01-23T14:10:50+00:00","dateModified":"2026-04-28T07:39:02+00:00","mainEntityOfPage":{"@id":"https:\/\/filmvilnius.com\/lt\/netflix-tv-serialo-jaunasis-valanderis-pedsakai-veda-i-vilniu\/"},"wordCount":926,"publisher":{"@id":"https:\/\/filmvilnius.com\/#organization"},"image":{"@id":"https:\/\/filmvilnius.com\/lt\/netflix-tv-serialo-jaunasis-valanderis-pedsakai-veda-i-vilniu\/#primaryimage"},"thumbnailUrl":"https:\/\/filmvilnius.com\/wp-content\/uploads\/2023\/01\/\u00a9-Saulius-Ziuraa-12.jpg","articleSection":["Kino industrijos naujienos","Naujienos"],"inLanguage":"lt-LT"},{"@type":"WebPage","@id":"https:\/\/filmvilnius.com\/lt\/netflix-tv-serialo-jaunasis-valanderis-pedsakai-veda-i-vilniu\/","url":"https:\/\/filmvilnius.com\/lt\/netflix-tv-serialo-jaunasis-valanderis-pedsakai-veda-i-vilniu\/","name":"\u201eNETFLIX\u201c SERIALO \u201eJAUNASIS VALANDERIS\u201c P\u0116DSAKAI VEDA \u012e VILNI\u0172 - Vilnius film office","isPartOf":{"@id":"https:\/\/filmvilnius.com\/#website"},"primaryImageOfPage":{"@id":"https:\/\/filmvilnius.com\/lt\/netflix-tv-serialo-jaunasis-valanderis-pedsakai-veda-i-vilniu\/#primaryimage"},"image":{"@id":"https:\/\/filmvilnius.com\/lt\/netflix-tv-serialo-jaunasis-valanderis-pedsakai-veda-i-vilniu\/#primaryimage"},"thumbnailUrl":"https:\/\/filmvilnius.com\/wp-content\/uploads\/2023\/01\/\u00a9-Saulius-Ziuraa-12.jpg","datePublished":"2023-01-23T14:10:50+00:00","dateModified":"2026-04-28T07:39:02+00:00","description":"Jei m\u0117gstate detektyvus, tikriausiai \u017ei\u016br\u0117jote \u201eNetflix\u201c serial\u0105 \u201eJaunasis Valanderis\u201c (Young Wallander).","breadcrumb":{"@id":"https:\/\/filmvilnius.com\/lt\/netflix-tv-serialo-jaunasis-valanderis-pedsakai-veda-i-vilniu\/#breadcrumb"},"inLanguage":"lt-LT","potentialAction":[{"@type":"ReadAction","target":["https:\/\/filmvilnius.com\/lt\/netflix-tv-serialo-jaunasis-valanderis-pedsakai-veda-i-vilniu\/"]}]},{"@type":"ImageObject","inLanguage":"lt-LT","@id":"https:\/\/filmvilnius.com\/lt\/netflix-tv-serialo-jaunasis-valanderis-pedsakai-veda-i-vilniu\/#primaryimage","url":"https:\/\/filmvilnius.com\/wp-content\/uploads\/2023\/01\/\u00a9-Saulius-Ziuraa-12.jpg","contentUrl":"https:\/\/filmvilnius.com\/wp-content\/uploads\/2023\/01\/\u00a9-Saulius-Ziuraa-12.jpg","width":1400,"height":600},{"@type":"BreadcrumbList","@id":"https:\/\/filmvilnius.com\/lt\/netflix-tv-serialo-jaunasis-valanderis-pedsakai-veda-i-vilniu\/#breadcrumb","itemListElement":[{"@type":"ListItem","position":1,"name":"Home","item":"https:\/\/filmvilnius.com\/lt\/"},{"@type":"ListItem","position":2,"name":"\u201eNETFLIX\u201c SERIALO \u201eJAUNASIS VALANDERIS\u201c P\u0116DSAKAI VEDA \u012e VILNI\u0172"}]},{"@type":"WebSite","@id":"https:\/\/filmvilnius.com\/#website","url":"https:\/\/filmvilnius.com\/","name":"Vilnius film office","description":"","publisher":{"@id":"https:\/\/filmvilnius.com\/#organization"},"potentialAction":[{"@type":"SearchAction","target":{"@type":"EntryPoint","urlTemplate":"https:\/\/filmvilnius.com\/?s={search_term_string}"},"query-input":{"@type":"PropertyValueSpecification","valueRequired":true,"valueName":"search_term_string"}}],"inLanguage":"lt-LT"},{"@type":"Organization","@id":"https:\/\/filmvilnius.com\/#organization","name":"Vilniaus kino biuras","url":"https:\/\/filmvilnius.com\/","logo":{"@type":"ImageObject","inLanguage":"lt-LT","@id":"https:\/\/filmvilnius.com\/#\/schema\/logo\/image\/","url":"https:\/\/filmvilnius.com\/wp-content\/uploads\/2022\/12\/VKB-Logo-2022-EN-2-V.jpg","contentUrl":"https:\/\/filmvilnius.com\/wp-content\/uploads\/2022\/12\/VKB-Logo-2022-EN-2-V.jpg","width":1419,"height":1418,"caption":"Vilniaus kino biuras"},"image":{"@id":"https:\/\/filmvilnius.com\/#\/schema\/logo\/image\/"},"sameAs":["https:\/\/www.facebook.com\/filmvilnius","https:\/\/x.com\/FilmVilnius","https:\/\/www.instagram.com\/filmvilnius\/"]},{"@type":"Person","@id":"https:\/\/filmvilnius.com\/#\/schema\/person\/8572c7f289890809bfa364d48f8dded5","name":"Vilnius Film Office","image":{"@type":"ImageObject","inLanguage":"lt-LT","@id":"https:\/\/secure.gravatar.com\/avatar\/2f93c625b891dbd84735ed1bd75819d698625d4c37369c60acab5f321b22fbb2?s=96&d=mm&r=g","url":"https:\/\/secure.gravatar.com\/avatar\/2f93c625b891dbd84735ed1bd75819d698625d4c37369c60acab5f321b22fbb2?s=96&d=mm&r=g","contentUrl":"https:\/\/secure.gravatar.com\/avatar\/2f93c625b891dbd84735ed1bd75819d698625d4c37369c60acab5f321b22fbb2?s=96&d=mm&r=g","caption":"Vilnius Film Office"},"url":"https:\/\/filmvilnius.com\/lt\/author\/ce5c1052f3e77e32\/"}]}},"_links":{"self":[{"href":"https:\/\/filmvilnius.com\/lt\/wp-json\/wp\/v2\/posts\/15789","targetHints":{"allow":["GET"]}}],"collection":[{"href":"https:\/\/filmvilnius.com\/lt\/wp-json\/wp\/v2\/posts"}],"about":[{"href":"https:\/\/filmvilnius.com\/lt\/wp-json\/wp\/v2\/types\/post"}],"author":[{"embeddable":true,"href":"https:\/\/filmvilnius.com\/lt\/wp-json\/wp\/v2\/users\/6"}],"replies":[{"embeddable":true,"href":"https:\/\/filmvilnius.com\/lt\/wp-json\/wp\/v2\/comments?post=15789"}],"version-history":[{"count":3,"href":"https:\/\/filmvilnius.com\/lt\/wp-json\/wp\/v2\/posts\/15789\/revisions"}],"predecessor-version":[{"id":15794,"href":"https:\/\/filmvilnius.com\/lt\/wp-json\/wp\/v2\/posts\/15789\/revisions\/15794"}],"wp:featuredmedia":[{"embeddable":true,"href":"https:\/\/filmvilnius.com\/lt\/wp-json\/wp\/v2\/media\/15776"}],"wp:attachment":[{"href":"https:\/\/filmvilnius.com\/lt\/wp-json\/wp\/v2\/media?parent=15789"}],"wp:term":[{"taxonomy":"category","embeddable":true,"href":"https:\/\/filmvilnius.com\/lt\/wp-json\/wp\/v2\/categories?post=15789"},{"taxonomy":"post_tag","embeddable":true,"href":"https:\/\/filmvilnius.com\/lt\/wp-json\/wp\/v2\/tags?post=15789"}],"curies":[{"name":"wp","href":"https:\/\/api.w.org\/{rel}","templated":true}]}}