{"id":16166,"date":"2023-02-07T12:34:06","date_gmt":"2023-02-07T12:34:06","guid":{"rendered":"https:\/\/filmvilnius.com\/?p=16166"},"modified":"2026-04-28T09:38:44","modified_gmt":"2026-04-28T07:38:44","slug":"nacionaliniai-kino-apdovanojimai-sidabrine-gerve-2023-skelbia-paraisku-priemimo-pradzia","status":"publish","type":"post","link":"https:\/\/filmvilnius.com\/lt\/nacionaliniai-kino-apdovanojimai-sidabrine-gerve-2023-skelbia-paraisku-priemimo-pradzia\/","title":{"rendered":"Nacionaliniai kino apdovanojimai \u201eSidabrin\u0117 gerv\u0117 2023\u201c skelbia parai\u0161k\u0173 pri\u0117mimo prad\u017ei\u0105"},"content":{"rendered":"<p>Audiovizualini\u0173 k\u016brini\u0173 autori\u0173 teisi\u0173 asociacija AVAKA ir Lietuvos kino centras skelbia parai\u0161k\u0173 pri\u0117mimo prad\u017ei\u0105 14-iesiems Nacionalinio kino apdovanojimams \u201eSidabrin\u0117 gerv\u0117\u201c, vyksiantiems \u0161i\u0173 met\u0173 bir\u017eelio 4 dien\u0105.<\/p>\n<p>Lietuvos kino k\u016br\u0117jai kvie\u010diami teikti nacionalini\u0173 film\u0173 parai\u0161kas adresu www.sidabrinegerve.lt iki 2023 m. kovo 10 d.<\/p>\n<p>Pasak asociacijos AVAKA direktoriaus Dariaus Vaitiek\u016bno, dideli\u0173 poky\u010di\u0173 nenumatyta: \u201ePagaliau kino bendruomen\u0117s apdovanojimai stojo \u012f savas v\u0117\u017eias. Nusistov\u0117jo ai\u0161ki kasmetin\u0117 film\u0173 teikimo data, kategorijos ir net ta pati apdovanojim\u0173 ceremonijos data. Vieta, kurioje \u012fvyks i\u0161kilmingas renginys kol kas derinama, bet galime patvirtinti, kad apdovanojim\u0173 ceremonij\u0105 tiesiogiai transliuos m\u016bs\u0173 partneris Lietuvos nacionalinis radijas ir televizija.\u201c<\/p>\n<p>\u012e apdovanojimus pretenduoti gali ilgametra\u017eiai ir trumpametra\u017eiai filmai, pateikti vie\u0161oms kino per\u017ei\u016broms Lietuvos kino teatruose arba buvo pasiekiami vartotojams ne trumpiau nei 30 dien\u0173 u\u017esakom\u0173j\u0173 vaizdo paslaug\u0173 platformos programoje laikotarpiu 2022 m. gegu\u017e\u0117s 2 d. \u2013 2023 m. gegu\u017e\u0117s 1 d.<\/p>\n<p>Lietuvos kino centro direktorius Laimonas Ubavi\u010dius d\u017eiaugiasi i\u0161augusia lietuvi\u0161ko kino gausa. \u201eLietuvi\u0161kas kinas kasmet tampa vis labiau matomas. Jis apr\u0117pia gausyb\u0119 tiek Lietuvai, tiek visam pasauliui aktuali\u0173 tem\u0173, pradedant nuo tarpasmenini\u0173 ir bendra\u017emogi\u0161k\u0173 paie\u0161k\u0173 ir baigiant globaliomis tarptautin\u0117mis problemomis. D\u017eiugu matyti, jog lietuvi\u0161kas kinas klesti tiek u\u017esienyje, tiek Lietuvoje, \u012f kino sales pritraukdamas vis daugiau \u017ei\u016brov\u0173,\u201c \u2013 sako Lietuvos kino centro direktorius.<\/p>\n<p>Pateiktus filmus vertins ir nominacij\u0173 trumpuosius s\u0105ra\u0161us sudarys devyni\u0173 asmen\u0173 Atrankos komisija, \u012f kuri\u0105 kino profesionalus deleguos Lietuvoje veikian\u010dios kino organizacijos: Nepriklausom\u0173 prodiuseri\u0173 asociacija, Lietuvos kinematografinink\u0173 s\u0105junga, Autorinio kino aljansas, Lietuvos animacijos asociacija, Lietuvos kino operatori\u0173 asociacija (LAC), Asociacija \u201eASIFA Lietuva\u201c, Lietuvos aktori\u0173 gildija, trumpametra\u017ei\u0173 film\u0173 agent\u016bra \u201eLithuanian Shorts\u201c. Kiekvienoje nominacijoje nugal\u0117tojus rinks i\u0161 Lietuvos kino industrijos profesional\u0173 sudaryta Balsavimo komisija, \u012f kuri\u0105 balsuotojus deleguos min\u0117tos kino organizacijos.<\/p>\n<p>Bir\u017eelio 4 d., sekmadien\u012f, paai\u0161k\u0117s net 22-i\u0173 kategorij\u0173 laureatai. Kaip ir pra\u0117jusiais metais, ceremonijos metu bus apdovanotas ir \u017di\u016brovi\u0161kiausias filmas, sulauk\u0119s daugiausiai \u017ei\u016brov\u0173 kino teatruose ir kurio daugiausiai mokam\u0173 per\u017ei\u016br\u0173 \u012fsigyta u\u017esakom\u0173j\u0173 vaizdo paslaug\u0173 platformose. Taip pat bus \u012fteiktas specialus apdovanojimas nominacijoje Met\u0173 ind\u0117lis \u012f kino industrij\u0105 bei \u201eAuksin\u0117 gerv\u0117\u201c u\u017e viso gyvenimo nuopelnus.<\/p>\n<figure id=\"attachment_16172\" aria-describedby=\"caption-attachment-16172\" style=\"width: 1280px\" class=\"wp-caption aligncenter\"><img fetchpriority=\"high\" decoding=\"async\" class=\"wp-image-16172 size-full\" src=\"https:\/\/filmvilnius.com\/wp-content\/uploads\/2023\/02\/download-1.jpg\" alt=\"\" width=\"1280\" height=\"853\" srcset=\"https:\/\/filmvilnius.com\/wp-content\/uploads\/2023\/02\/download-1.jpg 1280w, https:\/\/filmvilnius.com\/wp-content\/uploads\/2023\/02\/download-1-300x200.jpg 300w, https:\/\/filmvilnius.com\/wp-content\/uploads\/2023\/02\/download-1-1024x682.jpg 1024w, https:\/\/filmvilnius.com\/wp-content\/uploads\/2023\/02\/download-1-768x512.jpg 768w\" sizes=\"(max-width: 1280px) 100vw, 1280px\" \/><figcaption id=\"caption-attachment-16172\" class=\"wp-caption-text\">Joanoa Suslavi\u010di\u016bt\u0117s, Justino Au\u0161kelio nuotr.<\/figcaption><\/figure>\n<p>Apdovanojimus organizuoja: Audiovizualini\u0173 k\u016brini\u0173 autori\u0173 teisi\u0173 asociacija AVAKA kartu su Lietuvos kino centru. Partneris \u2013 Lietuvos nacionalinis radijas ir televizija. Film\u0173 atrankos ir balsavimo komisij\u0173 darb\u0105 pri\u017ei\u016bri tarptautin\u0117 audito kompanija \u201eGrant Thornton Baltic\u201c.<\/p>\n<p>Parai\u0161kos form\u0105 galite <a href=\"https:\/\/bit.ly\/3JOzozK\" target=\"_blank\" rel=\"noopener\">rasti \u010dia.<\/a><br \/>\nNuostatus galite <a href=\"https:\/\/bit.ly\/3HCJwsp\" target=\"_blank\" rel=\"noopener\">rasti \u010dia.<\/a><\/p>\n","protected":false},"excerpt":{"rendered":"<p>Audiovizualini\u0173 k\u016brini\u0173 autori\u0173 teisi\u0173 asociacija AVAKA ir Lietuvos kino centras skelbia parai\u0161k\u0173 pri\u0117mimo prad\u017ei\u0105 14-iesiems Nacionalinio kino apdovanojimams \u201eSidabrin\u0117 gerv\u0117\u201c, vyksiantiems \u0161i\u0173 met\u0173 bir\u017eelio 4 dien\u0105. Lietuvos kino k\u016br\u0117jai kvie\u010diami teikti nacionalini\u0173 film\u0173 parai\u0161kas adresu www.sidabrinegerve.lt iki 2023 m. kovo 10 d. Pasak asociacijos AVAKA direktoriaus Dariaus Vaitiek\u016bno, dideli\u0173 poky\u010di\u0173 nenumatyta: \u201ePagaliau kino bendruomen\u0117s apdovanojimai [&hellip;]<\/p>\n","protected":false},"author":6,"featured_media":16174,"comment_status":"closed","ping_status":"open","sticky":false,"template":"","format":"standard","meta":{"_acf_changed":false,"_monsterinsights_skip_tracking":false,"_monsterinsights_sitenote_active":false,"_monsterinsights_sitenote_note":"","_monsterinsights_sitenote_category":0,"footnotes":""},"categories":[58,192],"tags":[],"class_list":["post-16166","post","type-post","status-publish","format-standard","has-post-thumbnail","hentry","category-news","category-pranesimai-ziniasklaidai"],"acf":[],"yoast_head":"<!-- This site is optimized with the Yoast SEO plugin v27.4 - https:\/\/yoast.com\/product\/yoast-seo-wordpress\/ -->\n<title>Nacionaliniai kino apdovanojimai \u201eSidabrin\u0117 gerv\u0117 2023\u201c skelbia parai\u0161k\u0173 pri\u0117mimo prad\u017ei\u0105 - Vilnius film office<\/title>\n<meta name=\"description\" content=\"Skelbiama parai\u0161k\u0173 pri\u0117mimo prad\u017eia 14-iesiems Nacionalinio kino apdovanojimams \u201eSidabrin\u0117 gerv\u0117\u201c\" \/>\n<meta name=\"robots\" content=\"index, follow, max-snippet:-1, max-image-preview:large, max-video-preview:-1\" \/>\n<link rel=\"canonical\" href=\"https:\/\/filmvilnius.com\/lt\/nacionaliniai-kino-apdovanojimai-sidabrine-gerve-2023-skelbia-paraisku-priemimo-pradzia\/\" \/>\n<meta property=\"og:locale\" content=\"lt_LT\" \/>\n<meta property=\"og:type\" content=\"article\" \/>\n<meta property=\"og:title\" content=\"Nacionaliniai kino apdovanojimai \u201eSidabrin\u0117 gerv\u0117 2023\u201c skelbia parai\u0161k\u0173 pri\u0117mimo prad\u017ei\u0105 - Vilnius film office\" \/>\n<meta property=\"og:description\" content=\"Skelbiama parai\u0161k\u0173 pri\u0117mimo prad\u017eia 14-iesiems Nacionalinio kino apdovanojimams \u201eSidabrin\u0117 gerv\u0117\u201c\" \/>\n<meta property=\"og:url\" content=\"https:\/\/filmvilnius.com\/lt\/nacionaliniai-kino-apdovanojimai-sidabrine-gerve-2023-skelbia-paraisku-priemimo-pradzia\/\" \/>\n<meta property=\"og:site_name\" content=\"Vilnius film office\" \/>\n<meta property=\"article:publisher\" content=\"https:\/\/www.facebook.com\/filmvilnius\" \/>\n<meta property=\"article:published_time\" content=\"2023-02-07T12:34:06+00:00\" \/>\n<meta property=\"article:modified_time\" content=\"2026-04-28T07:38:44+00:00\" \/>\n<meta property=\"og:image\" content=\"https:\/\/filmvilnius.com\/wp-content\/uploads\/2023\/02\/sss.jpg\" \/>\n\t<meta property=\"og:image:width\" content=\"1280\" \/>\n\t<meta property=\"og:image:height\" content=\"853\" \/>\n\t<meta property=\"og:image:type\" content=\"image\/jpeg\" \/>\n<meta name=\"author\" content=\"Vilnius Film Office\" \/>\n<meta name=\"twitter:card\" content=\"summary_large_image\" \/>\n<meta name=\"twitter:creator\" content=\"@FilmVilnius\" \/>\n<meta name=\"twitter:site\" content=\"@FilmVilnius\" \/>\n<meta name=\"twitter:label1\" content=\"Written by\" \/>\n\t<meta name=\"twitter:data1\" content=\"Vilnius Film Office\" \/>\n\t<meta name=\"twitter:label2\" content=\"Est. reading time\" \/>\n\t<meta name=\"twitter:data2\" content=\"2 minut\u0117s\" \/>\n<script type=\"application\/ld+json\" class=\"yoast-schema-graph\">{\"@context\":\"https:\\\/\\\/schema.org\",\"@graph\":[{\"@type\":\"Article\",\"@id\":\"https:\\\/\\\/filmvilnius.com\\\/lt\\\/nacionaliniai-kino-apdovanojimai-sidabrine-gerve-2023-skelbia-paraisku-priemimo-pradzia\\\/#article\",\"isPartOf\":{\"@id\":\"https:\\\/\\\/filmvilnius.com\\\/lt\\\/nacionaliniai-kino-apdovanojimai-sidabrine-gerve-2023-skelbia-paraisku-priemimo-pradzia\\\/\"},\"author\":{\"name\":\"Vilnius Film Office\",\"@id\":\"https:\\\/\\\/filmvilnius.com\\\/#\\\/schema\\\/person\\\/8572c7f289890809bfa364d48f8dded5\"},\"headline\":\"Nacionaliniai kino apdovanojimai \u201eSidabrin\u0117 gerv\u0117 2023\u201c skelbia parai\u0161k\u0173 pri\u0117mimo prad\u017ei\u0105\",\"datePublished\":\"2023-02-07T12:34:06+00:00\",\"dateModified\":\"2026-04-28T07:38:44+00:00\",\"mainEntityOfPage\":{\"@id\":\"https:\\\/\\\/filmvilnius.com\\\/lt\\\/nacionaliniai-kino-apdovanojimai-sidabrine-gerve-2023-skelbia-paraisku-priemimo-pradzia\\\/\"},\"wordCount\":440,\"publisher\":{\"@id\":\"https:\\\/\\\/filmvilnius.com\\\/#organization\"},\"image\":{\"@id\":\"https:\\\/\\\/filmvilnius.com\\\/lt\\\/nacionaliniai-kino-apdovanojimai-sidabrine-gerve-2023-skelbia-paraisku-priemimo-pradzia\\\/#primaryimage\"},\"thumbnailUrl\":\"https:\\\/\\\/filmvilnius.com\\\/wp-content\\\/uploads\\\/2023\\\/02\\\/sss.jpg\",\"articleSection\":[\"Naujienos\",\"Prane\u0161imai \u017einiasklaidai\"],\"inLanguage\":\"lt-LT\"},{\"@type\":\"WebPage\",\"@id\":\"https:\\\/\\\/filmvilnius.com\\\/lt\\\/nacionaliniai-kino-apdovanojimai-sidabrine-gerve-2023-skelbia-paraisku-priemimo-pradzia\\\/\",\"url\":\"https:\\\/\\\/filmvilnius.com\\\/lt\\\/nacionaliniai-kino-apdovanojimai-sidabrine-gerve-2023-skelbia-paraisku-priemimo-pradzia\\\/\",\"name\":\"Nacionaliniai kino apdovanojimai \u201eSidabrin\u0117 gerv\u0117 2023\u201c skelbia parai\u0161k\u0173 pri\u0117mimo prad\u017ei\u0105 - Vilnius film office\",\"isPartOf\":{\"@id\":\"https:\\\/\\\/filmvilnius.com\\\/#website\"},\"primaryImageOfPage\":{\"@id\":\"https:\\\/\\\/filmvilnius.com\\\/lt\\\/nacionaliniai-kino-apdovanojimai-sidabrine-gerve-2023-skelbia-paraisku-priemimo-pradzia\\\/#primaryimage\"},\"image\":{\"@id\":\"https:\\\/\\\/filmvilnius.com\\\/lt\\\/nacionaliniai-kino-apdovanojimai-sidabrine-gerve-2023-skelbia-paraisku-priemimo-pradzia\\\/#primaryimage\"},\"thumbnailUrl\":\"https:\\\/\\\/filmvilnius.com\\\/wp-content\\\/uploads\\\/2023\\\/02\\\/sss.jpg\",\"datePublished\":\"2023-02-07T12:34:06+00:00\",\"dateModified\":\"2026-04-28T07:38:44+00:00\",\"description\":\"Skelbiama parai\u0161k\u0173 pri\u0117mimo prad\u017eia 14-iesiems Nacionalinio kino apdovanojimams \u201eSidabrin\u0117 gerv\u0117\u201c\",\"breadcrumb\":{\"@id\":\"https:\\\/\\\/filmvilnius.com\\\/lt\\\/nacionaliniai-kino-apdovanojimai-sidabrine-gerve-2023-skelbia-paraisku-priemimo-pradzia\\\/#breadcrumb\"},\"inLanguage\":\"lt-LT\",\"potentialAction\":[{\"@type\":\"ReadAction\",\"target\":[\"https:\\\/\\\/filmvilnius.com\\\/lt\\\/nacionaliniai-kino-apdovanojimai-sidabrine-gerve-2023-skelbia-paraisku-priemimo-pradzia\\\/\"]}]},{\"@type\":\"ImageObject\",\"inLanguage\":\"lt-LT\",\"@id\":\"https:\\\/\\\/filmvilnius.com\\\/lt\\\/nacionaliniai-kino-apdovanojimai-sidabrine-gerve-2023-skelbia-paraisku-priemimo-pradzia\\\/#primaryimage\",\"url\":\"https:\\\/\\\/filmvilnius.com\\\/wp-content\\\/uploads\\\/2023\\\/02\\\/sss.jpg\",\"contentUrl\":\"https:\\\/\\\/filmvilnius.com\\\/wp-content\\\/uploads\\\/2023\\\/02\\\/sss.jpg\",\"width\":1280,\"height\":853},{\"@type\":\"BreadcrumbList\",\"@id\":\"https:\\\/\\\/filmvilnius.com\\\/lt\\\/nacionaliniai-kino-apdovanojimai-sidabrine-gerve-2023-skelbia-paraisku-priemimo-pradzia\\\/#breadcrumb\",\"itemListElement\":[{\"@type\":\"ListItem\",\"position\":1,\"name\":\"Home\",\"item\":\"https:\\\/\\\/filmvilnius.com\\\/lt\\\/\"},{\"@type\":\"ListItem\",\"position\":2,\"name\":\"Nacionaliniai kino apdovanojimai \u201eSidabrin\u0117 gerv\u0117 2023\u201c skelbia parai\u0161k\u0173 pri\u0117mimo prad\u017ei\u0105\"}]},{\"@type\":\"WebSite\",\"@id\":\"https:\\\/\\\/filmvilnius.com\\\/#website\",\"url\":\"https:\\\/\\\/filmvilnius.com\\\/\",\"name\":\"Vilnius film office\",\"description\":\"\",\"publisher\":{\"@id\":\"https:\\\/\\\/filmvilnius.com\\\/#organization\"},\"potentialAction\":[{\"@type\":\"SearchAction\",\"target\":{\"@type\":\"EntryPoint\",\"urlTemplate\":\"https:\\\/\\\/filmvilnius.com\\\/?s={search_term_string}\"},\"query-input\":{\"@type\":\"PropertyValueSpecification\",\"valueRequired\":true,\"valueName\":\"search_term_string\"}}],\"inLanguage\":\"lt-LT\"},{\"@type\":\"Organization\",\"@id\":\"https:\\\/\\\/filmvilnius.com\\\/#organization\",\"name\":\"Vilniaus kino biuras\",\"url\":\"https:\\\/\\\/filmvilnius.com\\\/\",\"logo\":{\"@type\":\"ImageObject\",\"inLanguage\":\"lt-LT\",\"@id\":\"https:\\\/\\\/filmvilnius.com\\\/#\\\/schema\\\/logo\\\/image\\\/\",\"url\":\"https:\\\/\\\/filmvilnius.com\\\/wp-content\\\/uploads\\\/2022\\\/12\\\/VKB-Logo-2022-EN-2-V.jpg\",\"contentUrl\":\"https:\\\/\\\/filmvilnius.com\\\/wp-content\\\/uploads\\\/2022\\\/12\\\/VKB-Logo-2022-EN-2-V.jpg\",\"width\":1419,\"height\":1418,\"caption\":\"Vilniaus kino biuras\"},\"image\":{\"@id\":\"https:\\\/\\\/filmvilnius.com\\\/#\\\/schema\\\/logo\\\/image\\\/\"},\"sameAs\":[\"https:\\\/\\\/www.facebook.com\\\/filmvilnius\",\"https:\\\/\\\/x.com\\\/FilmVilnius\",\"https:\\\/\\\/www.instagram.com\\\/filmvilnius\\\/\"]},{\"@type\":\"Person\",\"@id\":\"https:\\\/\\\/filmvilnius.com\\\/#\\\/schema\\\/person\\\/8572c7f289890809bfa364d48f8dded5\",\"name\":\"Vilnius Film Office\",\"image\":{\"@type\":\"ImageObject\",\"inLanguage\":\"lt-LT\",\"@id\":\"https:\\\/\\\/secure.gravatar.com\\\/avatar\\\/2f93c625b891dbd84735ed1bd75819d698625d4c37369c60acab5f321b22fbb2?s=96&d=mm&r=g\",\"url\":\"https:\\\/\\\/secure.gravatar.com\\\/avatar\\\/2f93c625b891dbd84735ed1bd75819d698625d4c37369c60acab5f321b22fbb2?s=96&d=mm&r=g\",\"contentUrl\":\"https:\\\/\\\/secure.gravatar.com\\\/avatar\\\/2f93c625b891dbd84735ed1bd75819d698625d4c37369c60acab5f321b22fbb2?s=96&d=mm&r=g\",\"caption\":\"Vilnius Film Office\"},\"url\":\"https:\\\/\\\/filmvilnius.com\\\/lt\\\/author\\\/ce5c1052f3e77e32\\\/\"}]}<\/script>\n<!-- \/ Yoast SEO plugin. -->","yoast_head_json":{"title":"Nacionaliniai kino apdovanojimai \u201eSidabrin\u0117 gerv\u0117 2023\u201c skelbia parai\u0161k\u0173 pri\u0117mimo prad\u017ei\u0105 - Vilnius film office","description":"Skelbiama parai\u0161k\u0173 pri\u0117mimo prad\u017eia 14-iesiems Nacionalinio kino apdovanojimams \u201eSidabrin\u0117 gerv\u0117\u201c","robots":{"index":"index","follow":"follow","max-snippet":"max-snippet:-1","max-image-preview":"max-image-preview:large","max-video-preview":"max-video-preview:-1"},"canonical":"https:\/\/filmvilnius.com\/lt\/nacionaliniai-kino-apdovanojimai-sidabrine-gerve-2023-skelbia-paraisku-priemimo-pradzia\/","og_locale":"lt_LT","og_type":"article","og_title":"Nacionaliniai kino apdovanojimai \u201eSidabrin\u0117 gerv\u0117 2023\u201c skelbia parai\u0161k\u0173 pri\u0117mimo prad\u017ei\u0105 - Vilnius film office","og_description":"Skelbiama parai\u0161k\u0173 pri\u0117mimo prad\u017eia 14-iesiems Nacionalinio kino apdovanojimams \u201eSidabrin\u0117 gerv\u0117\u201c","og_url":"https:\/\/filmvilnius.com\/lt\/nacionaliniai-kino-apdovanojimai-sidabrine-gerve-2023-skelbia-paraisku-priemimo-pradzia\/","og_site_name":"Vilnius film office","article_publisher":"https:\/\/www.facebook.com\/filmvilnius","article_published_time":"2023-02-07T12:34:06+00:00","article_modified_time":"2026-04-28T07:38:44+00:00","og_image":[{"width":1280,"height":853,"url":"https:\/\/filmvilnius.com\/wp-content\/uploads\/2023\/02\/sss.jpg","type":"image\/jpeg"}],"author":"Vilnius Film Office","twitter_card":"summary_large_image","twitter_creator":"@FilmVilnius","twitter_site":"@FilmVilnius","twitter_misc":{"Written by":"Vilnius Film Office","Est. reading time":"2 minut\u0117s"},"schema":{"@context":"https:\/\/schema.org","@graph":[{"@type":"Article","@id":"https:\/\/filmvilnius.com\/lt\/nacionaliniai-kino-apdovanojimai-sidabrine-gerve-2023-skelbia-paraisku-priemimo-pradzia\/#article","isPartOf":{"@id":"https:\/\/filmvilnius.com\/lt\/nacionaliniai-kino-apdovanojimai-sidabrine-gerve-2023-skelbia-paraisku-priemimo-pradzia\/"},"author":{"name":"Vilnius Film Office","@id":"https:\/\/filmvilnius.com\/#\/schema\/person\/8572c7f289890809bfa364d48f8dded5"},"headline":"Nacionaliniai kino apdovanojimai \u201eSidabrin\u0117 gerv\u0117 2023\u201c skelbia parai\u0161k\u0173 pri\u0117mimo prad\u017ei\u0105","datePublished":"2023-02-07T12:34:06+00:00","dateModified":"2026-04-28T07:38:44+00:00","mainEntityOfPage":{"@id":"https:\/\/filmvilnius.com\/lt\/nacionaliniai-kino-apdovanojimai-sidabrine-gerve-2023-skelbia-paraisku-priemimo-pradzia\/"},"wordCount":440,"publisher":{"@id":"https:\/\/filmvilnius.com\/#organization"},"image":{"@id":"https:\/\/filmvilnius.com\/lt\/nacionaliniai-kino-apdovanojimai-sidabrine-gerve-2023-skelbia-paraisku-priemimo-pradzia\/#primaryimage"},"thumbnailUrl":"https:\/\/filmvilnius.com\/wp-content\/uploads\/2023\/02\/sss.jpg","articleSection":["Naujienos","Prane\u0161imai \u017einiasklaidai"],"inLanguage":"lt-LT"},{"@type":"WebPage","@id":"https:\/\/filmvilnius.com\/lt\/nacionaliniai-kino-apdovanojimai-sidabrine-gerve-2023-skelbia-paraisku-priemimo-pradzia\/","url":"https:\/\/filmvilnius.com\/lt\/nacionaliniai-kino-apdovanojimai-sidabrine-gerve-2023-skelbia-paraisku-priemimo-pradzia\/","name":"Nacionaliniai kino apdovanojimai \u201eSidabrin\u0117 gerv\u0117 2023\u201c skelbia parai\u0161k\u0173 pri\u0117mimo prad\u017ei\u0105 - Vilnius film office","isPartOf":{"@id":"https:\/\/filmvilnius.com\/#website"},"primaryImageOfPage":{"@id":"https:\/\/filmvilnius.com\/lt\/nacionaliniai-kino-apdovanojimai-sidabrine-gerve-2023-skelbia-paraisku-priemimo-pradzia\/#primaryimage"},"image":{"@id":"https:\/\/filmvilnius.com\/lt\/nacionaliniai-kino-apdovanojimai-sidabrine-gerve-2023-skelbia-paraisku-priemimo-pradzia\/#primaryimage"},"thumbnailUrl":"https:\/\/filmvilnius.com\/wp-content\/uploads\/2023\/02\/sss.jpg","datePublished":"2023-02-07T12:34:06+00:00","dateModified":"2026-04-28T07:38:44+00:00","description":"Skelbiama parai\u0161k\u0173 pri\u0117mimo prad\u017eia 14-iesiems Nacionalinio kino apdovanojimams \u201eSidabrin\u0117 gerv\u0117\u201c","breadcrumb":{"@id":"https:\/\/filmvilnius.com\/lt\/nacionaliniai-kino-apdovanojimai-sidabrine-gerve-2023-skelbia-paraisku-priemimo-pradzia\/#breadcrumb"},"inLanguage":"lt-LT","potentialAction":[{"@type":"ReadAction","target":["https:\/\/filmvilnius.com\/lt\/nacionaliniai-kino-apdovanojimai-sidabrine-gerve-2023-skelbia-paraisku-priemimo-pradzia\/"]}]},{"@type":"ImageObject","inLanguage":"lt-LT","@id":"https:\/\/filmvilnius.com\/lt\/nacionaliniai-kino-apdovanojimai-sidabrine-gerve-2023-skelbia-paraisku-priemimo-pradzia\/#primaryimage","url":"https:\/\/filmvilnius.com\/wp-content\/uploads\/2023\/02\/sss.jpg","contentUrl":"https:\/\/filmvilnius.com\/wp-content\/uploads\/2023\/02\/sss.jpg","width":1280,"height":853},{"@type":"BreadcrumbList","@id":"https:\/\/filmvilnius.com\/lt\/nacionaliniai-kino-apdovanojimai-sidabrine-gerve-2023-skelbia-paraisku-priemimo-pradzia\/#breadcrumb","itemListElement":[{"@type":"ListItem","position":1,"name":"Home","item":"https:\/\/filmvilnius.com\/lt\/"},{"@type":"ListItem","position":2,"name":"Nacionaliniai kino apdovanojimai \u201eSidabrin\u0117 gerv\u0117 2023\u201c skelbia parai\u0161k\u0173 pri\u0117mimo prad\u017ei\u0105"}]},{"@type":"WebSite","@id":"https:\/\/filmvilnius.com\/#website","url":"https:\/\/filmvilnius.com\/","name":"Vilnius film office","description":"","publisher":{"@id":"https:\/\/filmvilnius.com\/#organization"},"potentialAction":[{"@type":"SearchAction","target":{"@type":"EntryPoint","urlTemplate":"https:\/\/filmvilnius.com\/?s={search_term_string}"},"query-input":{"@type":"PropertyValueSpecification","valueRequired":true,"valueName":"search_term_string"}}],"inLanguage":"lt-LT"},{"@type":"Organization","@id":"https:\/\/filmvilnius.com\/#organization","name":"Vilniaus kino biuras","url":"https:\/\/filmvilnius.com\/","logo":{"@type":"ImageObject","inLanguage":"lt-LT","@id":"https:\/\/filmvilnius.com\/#\/schema\/logo\/image\/","url":"https:\/\/filmvilnius.com\/wp-content\/uploads\/2022\/12\/VKB-Logo-2022-EN-2-V.jpg","contentUrl":"https:\/\/filmvilnius.com\/wp-content\/uploads\/2022\/12\/VKB-Logo-2022-EN-2-V.jpg","width":1419,"height":1418,"caption":"Vilniaus kino biuras"},"image":{"@id":"https:\/\/filmvilnius.com\/#\/schema\/logo\/image\/"},"sameAs":["https:\/\/www.facebook.com\/filmvilnius","https:\/\/x.com\/FilmVilnius","https:\/\/www.instagram.com\/filmvilnius\/"]},{"@type":"Person","@id":"https:\/\/filmvilnius.com\/#\/schema\/person\/8572c7f289890809bfa364d48f8dded5","name":"Vilnius Film Office","image":{"@type":"ImageObject","inLanguage":"lt-LT","@id":"https:\/\/secure.gravatar.com\/avatar\/2f93c625b891dbd84735ed1bd75819d698625d4c37369c60acab5f321b22fbb2?s=96&d=mm&r=g","url":"https:\/\/secure.gravatar.com\/avatar\/2f93c625b891dbd84735ed1bd75819d698625d4c37369c60acab5f321b22fbb2?s=96&d=mm&r=g","contentUrl":"https:\/\/secure.gravatar.com\/avatar\/2f93c625b891dbd84735ed1bd75819d698625d4c37369c60acab5f321b22fbb2?s=96&d=mm&r=g","caption":"Vilnius Film Office"},"url":"https:\/\/filmvilnius.com\/lt\/author\/ce5c1052f3e77e32\/"}]}},"_links":{"self":[{"href":"https:\/\/filmvilnius.com\/lt\/wp-json\/wp\/v2\/posts\/16166","targetHints":{"allow":["GET"]}}],"collection":[{"href":"https:\/\/filmvilnius.com\/lt\/wp-json\/wp\/v2\/posts"}],"about":[{"href":"https:\/\/filmvilnius.com\/lt\/wp-json\/wp\/v2\/types\/post"}],"author":[{"embeddable":true,"href":"https:\/\/filmvilnius.com\/lt\/wp-json\/wp\/v2\/users\/6"}],"replies":[{"embeddable":true,"href":"https:\/\/filmvilnius.com\/lt\/wp-json\/wp\/v2\/comments?post=16166"}],"version-history":[{"count":2,"href":"https:\/\/filmvilnius.com\/lt\/wp-json\/wp\/v2\/posts\/16166\/revisions"}],"predecessor-version":[{"id":16176,"href":"https:\/\/filmvilnius.com\/lt\/wp-json\/wp\/v2\/posts\/16166\/revisions\/16176"}],"wp:featuredmedia":[{"embeddable":true,"href":"https:\/\/filmvilnius.com\/lt\/wp-json\/wp\/v2\/media\/16174"}],"wp:attachment":[{"href":"https:\/\/filmvilnius.com\/lt\/wp-json\/wp\/v2\/media?parent=16166"}],"wp:term":[{"taxonomy":"category","embeddable":true,"href":"https:\/\/filmvilnius.com\/lt\/wp-json\/wp\/v2\/categories?post=16166"},{"taxonomy":"post_tag","embeddable":true,"href":"https:\/\/filmvilnius.com\/lt\/wp-json\/wp\/v2\/tags?post=16166"}],"curies":[{"name":"wp","href":"https:\/\/api.w.org\/{rel}","templated":true}]}}