{"id":16463,"date":"2023-02-10T13:22:31","date_gmt":"2023-02-10T13:22:31","guid":{"rendered":"https:\/\/filmvilnius.com\/?p=16463"},"modified":"2026-04-28T09:38:38","modified_gmt":"2026-04-28T07:38:38","slug":"scenariste-rezisiere-tekstu-autore-g-garnelyte-kuriant-man-svarbiausia-papasakoti-istorija","status":"publish","type":"post","link":"https:\/\/filmvilnius.com\/lt\/scenariste-rezisiere-tekstu-autore-g-garnelyte-kuriant-man-svarbiausia-papasakoti-istorija\/","title":{"rendered":"Scenarist\u0117, re\u017eisier\u0117, tekst\u0173 autor\u0117 G. Garnelyt\u0117: \u201eKuriant man svarbiausia papasakoti istorij\u0105\u201c"},"content":{"rendered":"<p>Gail\u0117 Garnelyt\u0117 \u2013 scenarist\u0117, re\u017eisier\u0117, tekst\u0173 autor\u0117, kurianti tarp dviej\u0173 \u2013 literat\u016bros ir kino pasauli\u0173. Neatsitiktinai \u0161iais metais G. Garnelyt\u0117 tapo ir renginio \u201eKnyga + Kinas\u201c komisijos nare. I\u0161 keliasde\u0161imties leidykl\u0173 pasi\u016blyt\u0173 2022 m. lietuvi\u0173 autori\u0173 k\u016brini\u0173, ji pad\u0117s i\u0161rinkti knygas, kurios labiausiai tinka didiesiems ekranams. Atrinkti k\u016briniai kino industrijai bus pristatomi Vilniaus parod\u0173 ir kongres\u0173 centre \u201eLitexpo\u201c vyksian\u010dios Vilniaus knyg\u0173 mug\u0117s metu.<\/p>\n<p>Apie ra\u0161ytoj\u0173 ir re\u017eisieri\u0173 pasaul\u012f, dokumentikos \u017eanr\u0105 ir tai, kokiais filmais gal\u0117t\u0173 virsti lietuvi\u0173 autori\u0173 k\u016briniai \u2013 pokalbyje su Gaile Garnelyte.<\/p>\n<p><strong>Gaile, tikriausiai nesuklysiu pasakiusi, kad gyvenate tarp literat\u016bros ir kino pasauli\u0173. Kas j\u016bs\u0173 gyvenime atsirado pirmiau \u2013 ra\u0161ymas ar dramaturgija?<\/strong><\/p>\n<p>Nors paauglyst\u0117je svajojau apie scenarijaus ra\u0161ym\u0105, mano pirmasis pasirinkimas buvo literat\u016bra \u2013 tuo metu Lietuvos muzikos ir teatro akademijoje dar nebuvo kino dramaturgijos studij\u0173, tad Vilniaus universitete studijavau lietuvi\u0173 filologij\u0105, lietuvi\u0173 literat\u016bros \u0161ak\u0105. V\u0117liau, su\u017einojusi, kad renkamas pirmasis kino dramaturgijos kursas Lietuvoje, ten ir \u012fstojau. \u010cia susid\u016briau su pasakojimu kinui ir jo d\u0117sniais \u2013 kaip konstruojamas siu\u017eetas, kaip vaizdine kalba ir veiksmu perteikti tai, k\u0105 persona\u017eas jau\u010dia savo viduje.<\/p>\n<p>Baigusi kino dramaturgijos studijas dirbau ir tebedirbu kaip scenarist\u0117, ta\u010diau, vienu metu pajutusi pilnos autoryst\u0117s u\u017e savo projektus nor\u0105, prad\u0117jau ra\u0161yti proz\u0105. Mano proza naratyvin\u0117, galima pasakyti, kad joje taip pat naudoju kino kalb\u0105, visos istorijos turi siu\u017eetus. D\u0117l tos pa\u010dios autoryst\u0117s noro prad\u0117jau re\u017eisuoti kino filmus \u2013 sure\u017eisavau trumpametra\u017e\u012f dokumentin\u012f film\u0105 \u201eRobotas ir peteli\u0161k\u0117\u201c, dabar dirbu prie pilnametra\u017e\u0117s dokumentikos, taip pat re\u017eisuoju reklamas ir vaizdo klipus. Tiek prozoje, tiek filmuose man i\u0161lieka svarbios ry\u0161io, atvirumo temos.<\/p>\n<p><strong>Trumpametra\u017eis filmas \u201eRobotas ir peteli\u0161k\u0117\u201c yra dokumentin\u0117 juosta, u\u017esimin\u0117te, kad dokumentika lydi ir dabartiniuose projektuose. Kod\u0117l renkat\u0117s \u0161\u012f \u017eanr\u0105?<\/strong><\/p>\n<p>Prad\u0117jau re\u017eisuoti dokumentik\u0105, nes buvo dr\u0105siau \u2013 jau tur\u0117jau patirties dokumentini\u0173 laid\u0173 re\u017eis\u016broje, daug dirbau prie kit\u0173 re\u017eisieri\u0173 dokumentini\u0173 film\u0173 kaip scenarist\u0117, scenarij\u0173 redaktor\u0117. Netik\u0117tai sugalvojau id\u0117j\u0105 \u2013 kurti film\u0105 apie savo buvusi\u0105 klas\u0117s draug\u0119, jos patiriamus i\u0161\u0161\u016bkius, siekiant suderinti motinyst\u0119 bei savirealizacij\u0105. Kadangi id\u0117ja buvo apie real\u0173 \u017emog\u0173, taip ir prad\u0117jau dirbti su dokumentikos \u017eanru.<\/p>\n<p>Dirbti su dokumentika labai \u012fdomu, nes esi arti \u017emogaus, \u010dia daug tikrumo, nat\u016bralumo, atsitiktinumo. Kuriant filmus man labai svarbus \u017emogi\u0161kasis ry\u0161ys, o dokumentikoje to jautraus ry\u0161io itin daug \u2013 ypa\u010d su savo persona\u017eu.<\/p>\n<figure id=\"attachment_16458\" aria-describedby=\"caption-attachment-16458\" style=\"width: 1919px\" class=\"wp-caption aligncenter\"><img fetchpriority=\"high\" decoding=\"async\" class=\"wp-image-16458 size-full\" src=\"https:\/\/filmvilnius.com\/wp-content\/uploads\/2023\/02\/Kadras-is-filmo-Robotas-ir-peteliske-2.jpg\" alt=\"\" width=\"1919\" height=\"804\" srcset=\"https:\/\/filmvilnius.com\/wp-content\/uploads\/2023\/02\/Kadras-is-filmo-Robotas-ir-peteliske-2.jpg 1919w, https:\/\/filmvilnius.com\/wp-content\/uploads\/2023\/02\/Kadras-is-filmo-Robotas-ir-peteliske-2-300x126.jpg 300w, https:\/\/filmvilnius.com\/wp-content\/uploads\/2023\/02\/Kadras-is-filmo-Robotas-ir-peteliske-2-1024x429.jpg 1024w, https:\/\/filmvilnius.com\/wp-content\/uploads\/2023\/02\/Kadras-is-filmo-Robotas-ir-peteliske-2-768x322.jpg 768w, https:\/\/filmvilnius.com\/wp-content\/uploads\/2023\/02\/Kadras-is-filmo-Robotas-ir-peteliske-2-1536x644.jpg 1536w\" sizes=\"(max-width: 1919px) 100vw, 1919px\" \/><figcaption id=\"caption-attachment-16458\" class=\"wp-caption-text\">Kadras i\u0161 filmo \u201eRobotas ir peteli\u0161k\u0117\u201c<\/figcaption><\/figure>\n<figure id=\"attachment_16460\" aria-describedby=\"caption-attachment-16460\" style=\"width: 1919px\" class=\"wp-caption aligncenter\"><img decoding=\"async\" class=\"wp-image-16460 size-full\" src=\"https:\/\/filmvilnius.com\/wp-content\/uploads\/2023\/02\/Kadras-is-filmo-Robotas-ir-peteliske.jpeg\" alt=\"\" width=\"1919\" height=\"804\" srcset=\"https:\/\/filmvilnius.com\/wp-content\/uploads\/2023\/02\/Kadras-is-filmo-Robotas-ir-peteliske.jpeg 1919w, https:\/\/filmvilnius.com\/wp-content\/uploads\/2023\/02\/Kadras-is-filmo-Robotas-ir-peteliske-300x126.jpeg 300w, https:\/\/filmvilnius.com\/wp-content\/uploads\/2023\/02\/Kadras-is-filmo-Robotas-ir-peteliske-1024x429.jpeg 1024w, https:\/\/filmvilnius.com\/wp-content\/uploads\/2023\/02\/Kadras-is-filmo-Robotas-ir-peteliske-768x322.jpeg 768w, https:\/\/filmvilnius.com\/wp-content\/uploads\/2023\/02\/Kadras-is-filmo-Robotas-ir-peteliske-1536x644.jpeg 1536w\" sizes=\"(max-width: 1919px) 100vw, 1919px\" \/><figcaption id=\"caption-attachment-16460\" class=\"wp-caption-text\">Kadras i\u0161 filmo \u201eRobotas ir peteli\u0161k\u0117\u201c<\/figcaption><\/figure>\n<p><strong>Kas dokumentiniame kine kelia daugiausiai i\u0161\u0161\u016bki\u0173?<\/strong><\/p>\n<p>Dokumentikoje, galb\u016bt kaip ra\u0161yme, prad\u0117j\u0119s kurti istorij\u0105, ne\u017einai, kaip ji baigsis. Negali i\u0161 karto numatyti, kaip persona\u017eas atsiskleis, kaip j\u012f veiks kamera, kas tiksliai nutiks istorijoje. Labai \u012fdomu pagauti atsitiktinumo moment\u0105. I\u0161 esm\u0117s prie\u0161 filmavim\u0105 gali tik numanyti galimas situacijas ir konfliktus, kurie kils persona\u017eui, ta\u010diau niekad, kad ir kaip kniet\u0117t\u0173, nesirenku re\u017eisuoti persona\u017eo pasirinkim\u0173. Tad manau did\u017eiausias i\u0161\u0161\u016bkis dokumentikoje man i\u0161lieka papasakoti istorij\u0105 \u2013 niekad tiksliai ne\u017einai, kok\u012f turin\u012f parsive\u0161i, ta\u010diau i\u0161 viso to turi d\u0117lioti istorijos dramaturgij\u0105. Ta ne\u017einomyb\u0117 ir jaudina, ir yra didelis i\u0161\u0161\u016bkis.<\/p>\n<p>Kitas didelis i\u0161\u0161\u016bkis man \u2013 sugeb\u0117ti atverti persona\u017e\u0105, sukurti pasitik\u0117jimu gr\u012fst\u0105 ry\u0161\u012f. Tai n\u0117ra paprasta, nes normalu, kad mes visuomet jau\u010diame savisaug\u0105 \u2013 prie\u0161 kamer\u0105 ar duodami interviu norime atrodyti geresniais, nei esame. Tad pelnyti persona\u017eo atvirum\u0105 tikrai n\u0117ra paprasta. D\u0117l to labai daug laiko skiriu pokalbiams \u2013 dar iki filmavim\u0173 bei j\u0173 metu. Nenoriu manipuliuoti persona\u017eu, nepasakoti apie k\u0105 bus kuriama istorija ir laukti nety\u010dini\u0173, neplanuot\u0173 atsiv\u0117rim\u0173 \u2013 dalinuosi, kod\u0117l man svarbu pasakoti \u0161i\u0105 istorij\u0105 ir k\u0105 persona\u017eo atvirumas duos pa\u010diam k\u016briniui, kokia to prasm\u0117 apskritai.<\/p>\n<p><strong>Dokumentik\u0105 lyginate su ra\u0161ymu, tad norisi paklausti \u2013 knyg\u0173 autorius ir filmo re\u017eisierius \u2013 kokie \u0161i\u0173 k\u016br\u0117j\u0173 darbo pana\u0161umai ir skirtumai?<\/strong><\/p>\n<p>Manau, kad pagrindinis pana\u0161umas \u2013 autoryst\u0117. Turi savo bals\u0105, \u017eod\u012f, prisiimi pagrindin\u0119 atsakomyb\u0119 u\u017e t\u0105 k\u016brin\u012f, istorijos papasakojim\u0105. Literat\u016broje, net labiau nei kine, gali nedaryti kompromis\u0173. Skiriasi tai, jog kaip ra\u0161ytojas da\u017eniau eini \u012f gelm\u0119, b\u016bni vienumoje \u2013 esi tarsi tiesioginis id\u0117jos perdav\u0117jas, tarp min\u010di\u0173 ir tav\u0119s \u2013 tik popieriaus lapas.<\/p>\n<p>Re\u017eisieriui tenka daug bendrauti ir bendradarbiauti su didesne ar ma\u017eesne komanda, nat\u016bralu, kad id\u0117ja kei\u010diasi, transformuojasi, svarbu, kaip re\u017eisieriui t\u0105 transformacij\u0105 pavyksta sukoordinuoti. Ra\u0161ymas, mano nuomone, yra daug intuityvesnis procesas, da\u017enai, kai pradedu ra\u0161yti, net ne\u017einau, kuo baigsis istorija, ra\u0161au taip, kaip tuo metu norisi. Kine ir dramaturgijoje daugiau pa\u010dios istorijos konstravimo ir logikos, kad istorija atitikt\u0173 kino pasakojimo d\u0117snius.<\/p>\n<p><strong>\u0160iais metais esate ir renginio \u201eKnyga + Kinas\u201c komisijos nar\u0117. Vadinasi, jums teks nuspr\u0119sti, kokios lietuvi\u0173 ra\u0161ytoj\u0173 knygos yra kinematografi\u0161kiausios. Kas jums yra kinematografi\u0161ka knyga?<\/strong><\/p>\n<p>I\u0161 projekto organizatori\u0173 gavau did\u017eiul\u012f mai\u0161\u0105 knyg\u0173, tad k\u0105 veikti tikrai yra k\u0105 \u2013 norisi \u012f u\u017eduot\u012f pa\u017evelgti atsakingai. Nors svarbu apr\u0117pti vis\u0105 k\u016brin\u012f, daug laiko praleid\u017eiu besigilindama \u012f i\u0161traukas, bandydama atrasti teksto strukt\u016br\u0105.<\/p>\n<p>Labai m\u0117gstu k\u016brinius, kurie yra siu\u017eetiniai, turi \u012fdomi\u0105, kinui adaptuojam\u0105 istorij\u0105. Jeigu fantazija dirba taip, kad skaitant k\u016brin\u012f tekstas virsta vaizdu \u2013 tai geras \u017eenklas. Manau, kad kinematografi\u0161kai knygai taip pat b\u016bdingas persona\u017eo i\u0161vystymas, kompleksi\u0161kumas, jo motyvacija ir tai, kiek jis yra daugiabriaunis.<\/p>\n<p><strong>Apie k\u0105 kalba pastar\u0173j\u0173 met\u0173 ra\u0161ytoj\u0173 k\u016briniai? Kokiais filmais jie gal\u0117t\u0173 tapti?<\/strong><\/p>\n<p>Man atrodo, kad daugyb\u0117 leidykl\u0173 pasi\u016blyt\u0173 k\u016brini\u0173 analizuoja \u0161iuolaikin\u012f \u017emog\u0173, tai, kaip gyvename ir jau\u010diam\u0117s dabarties pasaulyje. Kalbama apie greit\u0105 laik\u0105, pasimetim\u0105, apie tai, kad \u017emogus nebegali apr\u0117pti greitai kintan\u010dios visumos. \u0160iuolaikinio gyvenimo fragmenti\u0161kumas b\u016bdingas ir socialin\u0117ms medijoms \u2013 juk da\u017eniausiai jose sp\u0117jame pamatyti tik kelis vaizdus ir jau judame toliau, stebime kitas naujienas, tai atsispindi ir \u0161iuolaikin\u0117je lietuvi\u0173 literat\u016broje.<\/p>\n<p>Tiesa, tas fragmenti\u0161kumas yra gan\u0117tinai kinematografi\u0161kas. Tad manau, jog daugelis pastar\u0173j\u0173 met\u0173 k\u016brini\u0173 gal\u0117t\u0173 virsti dramomis, jie turi dramaturgijai b\u016bding\u0173 bruo\u017e\u0173. Kai kuriuose k\u016briniuose nema\u017eai m\u0105slumo \u2013 tai skatino ir \u017eanro \u012fvairov\u0119, i\u0161 toki\u0173 k\u016brini\u0173 galima kurti mistinius, fantastinius filmus.<\/p>\n<p><strong>Koki\u0105 \u017einut\u0119 siekiate perteikti savo skaitytojui, \u017ei\u016brovui?<\/strong><\/p>\n<p>K\u016bryboje, nepriklausomai nuo to, kas tai bus \u2013 apsakymas, ar re\u017eisuojamas filmas, TV laida, vaizdo klipas, man svarbiausia papasakoti istorij\u0105. Man labai patinka k\u016briniai, kuriuose yra siu\u017eetas \u2013 visada tai labiausiai vertinu ir lietuvi\u0173 literat\u016broje, kurioje kartais dar nusistov\u0117jusi nuomon\u0117, kad siu\u017eetu gr\u012fsta literat\u016bra n\u0117ra gili. Manau, kad siu\u017eetas gali b\u016bti ir gilus, ir turintis literat\u016brin\u0119 vert\u0119. Tiek re\u017eis\u016broje, tiek literat\u016broje, bandau surasti lengvum\u0105, naudoju daug humoro, komi\u0161kumo, kartais absurdo. Komizmas man nesisieja su banalumu \u2013 manau, kad humoras gali b\u016bti subtilus, o \u201e\u017ei\u016brovi\u0161ki\u201c filmai ar klipai neb\u016btinai turi b\u016bti banal\u016bs.<\/p>\n<p><strong>D\u0117koju u\u017e pokalb\u012f.<\/strong><\/p>\n<p><em>\u201eKnyga + Kinas\u201c rengin\u012f organizuoja V\u0161\u012e \u201eFralita Films\u201c kartu su Audiovizualini\u0173 k\u016brini\u0173 autori\u0173 teisi\u0173 asociacija AVAKA, Lietuvos leid\u0117j\u0173 asociacija, Vilniaus kino biuru, K\u016brybi\u0161kos Europos biuru Lietuvoje. Projekt\u0105 dalinai finansuoja Lietuvos kino centras.<\/em><\/p>\n","protected":false},"excerpt":{"rendered":"<p>Gail\u0117 Garnelyt\u0117 \u2013 scenarist\u0117, re\u017eisier\u0117, tekst\u0173 autor\u0117, kurianti tarp dviej\u0173 \u2013 literat\u016bros ir kino pasauli\u0173. Neatsitiktinai \u0161iais metais G. Garnelyt\u0117 tapo ir renginio \u201eKnyga + Kinas\u201c komisijos nare. I\u0161 keliasde\u0161imties leidykl\u0173 pasi\u016blyt\u0173 2022 m. lietuvi\u0173 autori\u0173 k\u016brini\u0173, ji pad\u0117s i\u0161rinkti knygas, kurios labiausiai tinka didiesiems ekranams. Atrinkti k\u016briniai kino industrijai bus pristatomi Vilniaus parod\u0173 ir [&hellip;]<\/p>\n","protected":false},"author":6,"featured_media":16456,"comment_status":"closed","ping_status":"open","sticky":false,"template":"","format":"standard","meta":{"_acf_changed":false,"_monsterinsights_skip_tracking":false,"_monsterinsights_sitenote_active":false,"_monsterinsights_sitenote_note":"","_monsterinsights_sitenote_category":0,"footnotes":""},"categories":[161,58],"tags":[],"class_list":["post-16463","post","type-post","status-publish","format-standard","has-post-thumbnail","hentry","category-interviu","category-news"],"acf":[],"yoast_head":"<!-- This site is optimized with the Yoast SEO plugin v27.4 - https:\/\/yoast.com\/product\/yoast-seo-wordpress\/ -->\n<title>Scenarist\u0117, re\u017eisier\u0117, tekst\u0173 autor\u0117 G. Garnelyt\u0117: \u201eKuriant man svarbiausia papasakoti istorij\u0105\u201c - Vilnius film office<\/title>\n<meta name=\"description\" content=\"Gail\u0117 Garnelyt\u0117 \u2013 scenarist\u0117, re\u017eisier\u0117, tekst\u0173 autor\u0117, kurianti tarp dviej\u0173 \u2013 literat\u016bros ir kino pasauli\u0173. Neatsitiktinai \u0161iais metais G. Garnelyt\u0117 tapo ir renginio \u201eKnyga + Kinas\u201c komisijos nare.\" \/>\n<meta name=\"robots\" content=\"index, follow, max-snippet:-1, max-image-preview:large, max-video-preview:-1\" \/>\n<link rel=\"canonical\" href=\"https:\/\/filmvilnius.com\/lt\/scenariste-rezisiere-tekstu-autore-g-garnelyte-kuriant-man-svarbiausia-papasakoti-istorija\/\" \/>\n<meta property=\"og:locale\" content=\"lt_LT\" \/>\n<meta property=\"og:type\" content=\"article\" \/>\n<meta property=\"og:title\" content=\"Scenarist\u0117, re\u017eisier\u0117, tekst\u0173 autor\u0117 G. Garnelyt\u0117: \u201eKuriant man svarbiausia papasakoti istorij\u0105\u201c - Vilnius film office\" \/>\n<meta property=\"og:description\" content=\"Gail\u0117 Garnelyt\u0117 \u2013 scenarist\u0117, re\u017eisier\u0117, tekst\u0173 autor\u0117, kurianti tarp dviej\u0173 \u2013 literat\u016bros ir kino pasauli\u0173. Neatsitiktinai \u0161iais metais G. Garnelyt\u0117 tapo ir renginio \u201eKnyga + Kinas\u201c komisijos nare.\" \/>\n<meta property=\"og:url\" content=\"https:\/\/filmvilnius.com\/lt\/scenariste-rezisiere-tekstu-autore-g-garnelyte-kuriant-man-svarbiausia-papasakoti-istorija\/\" \/>\n<meta property=\"og:site_name\" content=\"Vilnius film office\" \/>\n<meta property=\"article:publisher\" content=\"https:\/\/www.facebook.com\/filmvilnius\" \/>\n<meta property=\"article:published_time\" content=\"2023-02-10T13:22:31+00:00\" \/>\n<meta property=\"article:modified_time\" content=\"2026-04-28T07:38:38+00:00\" \/>\n<meta property=\"og:image\" content=\"https:\/\/filmvilnius.com\/wp-content\/uploads\/2023\/02\/Gaile-Garnelyte-asmeninio-archyvo-nuotr..jpg\" \/>\n\t<meta property=\"og:image:width\" content=\"1273\" \/>\n\t<meta property=\"og:image:height\" content=\"1280\" \/>\n\t<meta property=\"og:image:type\" content=\"image\/jpeg\" \/>\n<meta name=\"author\" content=\"Vilnius Film Office\" \/>\n<meta name=\"twitter:card\" content=\"summary_large_image\" \/>\n<meta name=\"twitter:creator\" content=\"@FilmVilnius\" \/>\n<meta name=\"twitter:site\" content=\"@FilmVilnius\" \/>\n<meta name=\"twitter:label1\" content=\"Written by\" \/>\n\t<meta name=\"twitter:data1\" content=\"Vilnius Film Office\" \/>\n\t<meta name=\"twitter:label2\" content=\"Est. reading time\" \/>\n\t<meta name=\"twitter:data2\" content=\"5 minut\u0117s\" \/>\n<script type=\"application\/ld+json\" class=\"yoast-schema-graph\">{\"@context\":\"https:\\\/\\\/schema.org\",\"@graph\":[{\"@type\":\"Article\",\"@id\":\"https:\\\/\\\/filmvilnius.com\\\/lt\\\/scenariste-rezisiere-tekstu-autore-g-garnelyte-kuriant-man-svarbiausia-papasakoti-istorija\\\/#article\",\"isPartOf\":{\"@id\":\"https:\\\/\\\/filmvilnius.com\\\/lt\\\/scenariste-rezisiere-tekstu-autore-g-garnelyte-kuriant-man-svarbiausia-papasakoti-istorija\\\/\"},\"author\":{\"name\":\"Vilnius Film Office\",\"@id\":\"https:\\\/\\\/filmvilnius.com\\\/#\\\/schema\\\/person\\\/8572c7f289890809bfa364d48f8dded5\"},\"headline\":\"Scenarist\u0117, re\u017eisier\u0117, tekst\u0173 autor\u0117 G. Garnelyt\u0117: \u201eKuriant man svarbiausia papasakoti istorij\u0105\u201c\",\"datePublished\":\"2023-02-10T13:22:31+00:00\",\"dateModified\":\"2026-04-28T07:38:38+00:00\",\"mainEntityOfPage\":{\"@id\":\"https:\\\/\\\/filmvilnius.com\\\/lt\\\/scenariste-rezisiere-tekstu-autore-g-garnelyte-kuriant-man-svarbiausia-papasakoti-istorija\\\/\"},\"wordCount\":1234,\"publisher\":{\"@id\":\"https:\\\/\\\/filmvilnius.com\\\/#organization\"},\"image\":{\"@id\":\"https:\\\/\\\/filmvilnius.com\\\/lt\\\/scenariste-rezisiere-tekstu-autore-g-garnelyte-kuriant-man-svarbiausia-papasakoti-istorija\\\/#primaryimage\"},\"thumbnailUrl\":\"https:\\\/\\\/filmvilnius.com\\\/wp-content\\\/uploads\\\/2023\\\/02\\\/Gaile-Garnelyte-asmeninio-archyvo-nuotr..jpg\",\"articleSection\":[\"Interviu\",\"Naujienos\"],\"inLanguage\":\"lt-LT\"},{\"@type\":\"WebPage\",\"@id\":\"https:\\\/\\\/filmvilnius.com\\\/lt\\\/scenariste-rezisiere-tekstu-autore-g-garnelyte-kuriant-man-svarbiausia-papasakoti-istorija\\\/\",\"url\":\"https:\\\/\\\/filmvilnius.com\\\/lt\\\/scenariste-rezisiere-tekstu-autore-g-garnelyte-kuriant-man-svarbiausia-papasakoti-istorija\\\/\",\"name\":\"Scenarist\u0117, re\u017eisier\u0117, tekst\u0173 autor\u0117 G. Garnelyt\u0117: \u201eKuriant man svarbiausia papasakoti istorij\u0105\u201c - Vilnius film office\",\"isPartOf\":{\"@id\":\"https:\\\/\\\/filmvilnius.com\\\/#website\"},\"primaryImageOfPage\":{\"@id\":\"https:\\\/\\\/filmvilnius.com\\\/lt\\\/scenariste-rezisiere-tekstu-autore-g-garnelyte-kuriant-man-svarbiausia-papasakoti-istorija\\\/#primaryimage\"},\"image\":{\"@id\":\"https:\\\/\\\/filmvilnius.com\\\/lt\\\/scenariste-rezisiere-tekstu-autore-g-garnelyte-kuriant-man-svarbiausia-papasakoti-istorija\\\/#primaryimage\"},\"thumbnailUrl\":\"https:\\\/\\\/filmvilnius.com\\\/wp-content\\\/uploads\\\/2023\\\/02\\\/Gaile-Garnelyte-asmeninio-archyvo-nuotr..jpg\",\"datePublished\":\"2023-02-10T13:22:31+00:00\",\"dateModified\":\"2026-04-28T07:38:38+00:00\",\"description\":\"Gail\u0117 Garnelyt\u0117 \u2013 scenarist\u0117, re\u017eisier\u0117, tekst\u0173 autor\u0117, kurianti tarp dviej\u0173 \u2013 literat\u016bros ir kino pasauli\u0173. Neatsitiktinai \u0161iais metais G. Garnelyt\u0117 tapo ir renginio \u201eKnyga + Kinas\u201c komisijos nare.\",\"breadcrumb\":{\"@id\":\"https:\\\/\\\/filmvilnius.com\\\/lt\\\/scenariste-rezisiere-tekstu-autore-g-garnelyte-kuriant-man-svarbiausia-papasakoti-istorija\\\/#breadcrumb\"},\"inLanguage\":\"lt-LT\",\"potentialAction\":[{\"@type\":\"ReadAction\",\"target\":[\"https:\\\/\\\/filmvilnius.com\\\/lt\\\/scenariste-rezisiere-tekstu-autore-g-garnelyte-kuriant-man-svarbiausia-papasakoti-istorija\\\/\"]}]},{\"@type\":\"ImageObject\",\"inLanguage\":\"lt-LT\",\"@id\":\"https:\\\/\\\/filmvilnius.com\\\/lt\\\/scenariste-rezisiere-tekstu-autore-g-garnelyte-kuriant-man-svarbiausia-papasakoti-istorija\\\/#primaryimage\",\"url\":\"https:\\\/\\\/filmvilnius.com\\\/wp-content\\\/uploads\\\/2023\\\/02\\\/Gaile-Garnelyte-asmeninio-archyvo-nuotr..jpg\",\"contentUrl\":\"https:\\\/\\\/filmvilnius.com\\\/wp-content\\\/uploads\\\/2023\\\/02\\\/Gaile-Garnelyte-asmeninio-archyvo-nuotr..jpg\",\"width\":1273,\"height\":1280},{\"@type\":\"BreadcrumbList\",\"@id\":\"https:\\\/\\\/filmvilnius.com\\\/lt\\\/scenariste-rezisiere-tekstu-autore-g-garnelyte-kuriant-man-svarbiausia-papasakoti-istorija\\\/#breadcrumb\",\"itemListElement\":[{\"@type\":\"ListItem\",\"position\":1,\"name\":\"Home\",\"item\":\"https:\\\/\\\/filmvilnius.com\\\/lt\\\/\"},{\"@type\":\"ListItem\",\"position\":2,\"name\":\"Scenarist\u0117, re\u017eisier\u0117, tekst\u0173 autor\u0117 G. Garnelyt\u0117: \u201eKuriant man svarbiausia papasakoti istorij\u0105\u201c\"}]},{\"@type\":\"WebSite\",\"@id\":\"https:\\\/\\\/filmvilnius.com\\\/#website\",\"url\":\"https:\\\/\\\/filmvilnius.com\\\/\",\"name\":\"Vilnius film office\",\"description\":\"\",\"publisher\":{\"@id\":\"https:\\\/\\\/filmvilnius.com\\\/#organization\"},\"potentialAction\":[{\"@type\":\"SearchAction\",\"target\":{\"@type\":\"EntryPoint\",\"urlTemplate\":\"https:\\\/\\\/filmvilnius.com\\\/?s={search_term_string}\"},\"query-input\":{\"@type\":\"PropertyValueSpecification\",\"valueRequired\":true,\"valueName\":\"search_term_string\"}}],\"inLanguage\":\"lt-LT\"},{\"@type\":\"Organization\",\"@id\":\"https:\\\/\\\/filmvilnius.com\\\/#organization\",\"name\":\"Vilniaus kino biuras\",\"url\":\"https:\\\/\\\/filmvilnius.com\\\/\",\"logo\":{\"@type\":\"ImageObject\",\"inLanguage\":\"lt-LT\",\"@id\":\"https:\\\/\\\/filmvilnius.com\\\/#\\\/schema\\\/logo\\\/image\\\/\",\"url\":\"https:\\\/\\\/filmvilnius.com\\\/wp-content\\\/uploads\\\/2022\\\/12\\\/VKB-Logo-2022-EN-2-V.jpg\",\"contentUrl\":\"https:\\\/\\\/filmvilnius.com\\\/wp-content\\\/uploads\\\/2022\\\/12\\\/VKB-Logo-2022-EN-2-V.jpg\",\"width\":1419,\"height\":1418,\"caption\":\"Vilniaus kino biuras\"},\"image\":{\"@id\":\"https:\\\/\\\/filmvilnius.com\\\/#\\\/schema\\\/logo\\\/image\\\/\"},\"sameAs\":[\"https:\\\/\\\/www.facebook.com\\\/filmvilnius\",\"https:\\\/\\\/x.com\\\/FilmVilnius\",\"https:\\\/\\\/www.instagram.com\\\/filmvilnius\\\/\"]},{\"@type\":\"Person\",\"@id\":\"https:\\\/\\\/filmvilnius.com\\\/#\\\/schema\\\/person\\\/8572c7f289890809bfa364d48f8dded5\",\"name\":\"Vilnius Film Office\",\"image\":{\"@type\":\"ImageObject\",\"inLanguage\":\"lt-LT\",\"@id\":\"https:\\\/\\\/secure.gravatar.com\\\/avatar\\\/2f93c625b891dbd84735ed1bd75819d698625d4c37369c60acab5f321b22fbb2?s=96&d=mm&r=g\",\"url\":\"https:\\\/\\\/secure.gravatar.com\\\/avatar\\\/2f93c625b891dbd84735ed1bd75819d698625d4c37369c60acab5f321b22fbb2?s=96&d=mm&r=g\",\"contentUrl\":\"https:\\\/\\\/secure.gravatar.com\\\/avatar\\\/2f93c625b891dbd84735ed1bd75819d698625d4c37369c60acab5f321b22fbb2?s=96&d=mm&r=g\",\"caption\":\"Vilnius Film Office\"},\"url\":\"https:\\\/\\\/filmvilnius.com\\\/lt\\\/author\\\/ce5c1052f3e77e32\\\/\"}]}<\/script>\n<!-- \/ Yoast SEO plugin. -->","yoast_head_json":{"title":"Scenarist\u0117, re\u017eisier\u0117, tekst\u0173 autor\u0117 G. Garnelyt\u0117: \u201eKuriant man svarbiausia papasakoti istorij\u0105\u201c - Vilnius film office","description":"Gail\u0117 Garnelyt\u0117 \u2013 scenarist\u0117, re\u017eisier\u0117, tekst\u0173 autor\u0117, kurianti tarp dviej\u0173 \u2013 literat\u016bros ir kino pasauli\u0173. Neatsitiktinai \u0161iais metais G. Garnelyt\u0117 tapo ir renginio \u201eKnyga + Kinas\u201c komisijos nare.","robots":{"index":"index","follow":"follow","max-snippet":"max-snippet:-1","max-image-preview":"max-image-preview:large","max-video-preview":"max-video-preview:-1"},"canonical":"https:\/\/filmvilnius.com\/lt\/scenariste-rezisiere-tekstu-autore-g-garnelyte-kuriant-man-svarbiausia-papasakoti-istorija\/","og_locale":"lt_LT","og_type":"article","og_title":"Scenarist\u0117, re\u017eisier\u0117, tekst\u0173 autor\u0117 G. Garnelyt\u0117: \u201eKuriant man svarbiausia papasakoti istorij\u0105\u201c - Vilnius film office","og_description":"Gail\u0117 Garnelyt\u0117 \u2013 scenarist\u0117, re\u017eisier\u0117, tekst\u0173 autor\u0117, kurianti tarp dviej\u0173 \u2013 literat\u016bros ir kino pasauli\u0173. Neatsitiktinai \u0161iais metais G. Garnelyt\u0117 tapo ir renginio \u201eKnyga + Kinas\u201c komisijos nare.","og_url":"https:\/\/filmvilnius.com\/lt\/scenariste-rezisiere-tekstu-autore-g-garnelyte-kuriant-man-svarbiausia-papasakoti-istorija\/","og_site_name":"Vilnius film office","article_publisher":"https:\/\/www.facebook.com\/filmvilnius","article_published_time":"2023-02-10T13:22:31+00:00","article_modified_time":"2026-04-28T07:38:38+00:00","og_image":[{"width":1273,"height":1280,"url":"https:\/\/filmvilnius.com\/wp-content\/uploads\/2023\/02\/Gaile-Garnelyte-asmeninio-archyvo-nuotr..jpg","type":"image\/jpeg"}],"author":"Vilnius Film Office","twitter_card":"summary_large_image","twitter_creator":"@FilmVilnius","twitter_site":"@FilmVilnius","twitter_misc":{"Written by":"Vilnius Film Office","Est. reading time":"5 minut\u0117s"},"schema":{"@context":"https:\/\/schema.org","@graph":[{"@type":"Article","@id":"https:\/\/filmvilnius.com\/lt\/scenariste-rezisiere-tekstu-autore-g-garnelyte-kuriant-man-svarbiausia-papasakoti-istorija\/#article","isPartOf":{"@id":"https:\/\/filmvilnius.com\/lt\/scenariste-rezisiere-tekstu-autore-g-garnelyte-kuriant-man-svarbiausia-papasakoti-istorija\/"},"author":{"name":"Vilnius Film Office","@id":"https:\/\/filmvilnius.com\/#\/schema\/person\/8572c7f289890809bfa364d48f8dded5"},"headline":"Scenarist\u0117, re\u017eisier\u0117, tekst\u0173 autor\u0117 G. Garnelyt\u0117: \u201eKuriant man svarbiausia papasakoti istorij\u0105\u201c","datePublished":"2023-02-10T13:22:31+00:00","dateModified":"2026-04-28T07:38:38+00:00","mainEntityOfPage":{"@id":"https:\/\/filmvilnius.com\/lt\/scenariste-rezisiere-tekstu-autore-g-garnelyte-kuriant-man-svarbiausia-papasakoti-istorija\/"},"wordCount":1234,"publisher":{"@id":"https:\/\/filmvilnius.com\/#organization"},"image":{"@id":"https:\/\/filmvilnius.com\/lt\/scenariste-rezisiere-tekstu-autore-g-garnelyte-kuriant-man-svarbiausia-papasakoti-istorija\/#primaryimage"},"thumbnailUrl":"https:\/\/filmvilnius.com\/wp-content\/uploads\/2023\/02\/Gaile-Garnelyte-asmeninio-archyvo-nuotr..jpg","articleSection":["Interviu","Naujienos"],"inLanguage":"lt-LT"},{"@type":"WebPage","@id":"https:\/\/filmvilnius.com\/lt\/scenariste-rezisiere-tekstu-autore-g-garnelyte-kuriant-man-svarbiausia-papasakoti-istorija\/","url":"https:\/\/filmvilnius.com\/lt\/scenariste-rezisiere-tekstu-autore-g-garnelyte-kuriant-man-svarbiausia-papasakoti-istorija\/","name":"Scenarist\u0117, re\u017eisier\u0117, tekst\u0173 autor\u0117 G. Garnelyt\u0117: \u201eKuriant man svarbiausia papasakoti istorij\u0105\u201c - Vilnius film office","isPartOf":{"@id":"https:\/\/filmvilnius.com\/#website"},"primaryImageOfPage":{"@id":"https:\/\/filmvilnius.com\/lt\/scenariste-rezisiere-tekstu-autore-g-garnelyte-kuriant-man-svarbiausia-papasakoti-istorija\/#primaryimage"},"image":{"@id":"https:\/\/filmvilnius.com\/lt\/scenariste-rezisiere-tekstu-autore-g-garnelyte-kuriant-man-svarbiausia-papasakoti-istorija\/#primaryimage"},"thumbnailUrl":"https:\/\/filmvilnius.com\/wp-content\/uploads\/2023\/02\/Gaile-Garnelyte-asmeninio-archyvo-nuotr..jpg","datePublished":"2023-02-10T13:22:31+00:00","dateModified":"2026-04-28T07:38:38+00:00","description":"Gail\u0117 Garnelyt\u0117 \u2013 scenarist\u0117, re\u017eisier\u0117, tekst\u0173 autor\u0117, kurianti tarp dviej\u0173 \u2013 literat\u016bros ir kino pasauli\u0173. Neatsitiktinai \u0161iais metais G. Garnelyt\u0117 tapo ir renginio \u201eKnyga + Kinas\u201c komisijos nare.","breadcrumb":{"@id":"https:\/\/filmvilnius.com\/lt\/scenariste-rezisiere-tekstu-autore-g-garnelyte-kuriant-man-svarbiausia-papasakoti-istorija\/#breadcrumb"},"inLanguage":"lt-LT","potentialAction":[{"@type":"ReadAction","target":["https:\/\/filmvilnius.com\/lt\/scenariste-rezisiere-tekstu-autore-g-garnelyte-kuriant-man-svarbiausia-papasakoti-istorija\/"]}]},{"@type":"ImageObject","inLanguage":"lt-LT","@id":"https:\/\/filmvilnius.com\/lt\/scenariste-rezisiere-tekstu-autore-g-garnelyte-kuriant-man-svarbiausia-papasakoti-istorija\/#primaryimage","url":"https:\/\/filmvilnius.com\/wp-content\/uploads\/2023\/02\/Gaile-Garnelyte-asmeninio-archyvo-nuotr..jpg","contentUrl":"https:\/\/filmvilnius.com\/wp-content\/uploads\/2023\/02\/Gaile-Garnelyte-asmeninio-archyvo-nuotr..jpg","width":1273,"height":1280},{"@type":"BreadcrumbList","@id":"https:\/\/filmvilnius.com\/lt\/scenariste-rezisiere-tekstu-autore-g-garnelyte-kuriant-man-svarbiausia-papasakoti-istorija\/#breadcrumb","itemListElement":[{"@type":"ListItem","position":1,"name":"Home","item":"https:\/\/filmvilnius.com\/lt\/"},{"@type":"ListItem","position":2,"name":"Scenarist\u0117, re\u017eisier\u0117, tekst\u0173 autor\u0117 G. Garnelyt\u0117: \u201eKuriant man svarbiausia papasakoti istorij\u0105\u201c"}]},{"@type":"WebSite","@id":"https:\/\/filmvilnius.com\/#website","url":"https:\/\/filmvilnius.com\/","name":"Vilnius film office","description":"","publisher":{"@id":"https:\/\/filmvilnius.com\/#organization"},"potentialAction":[{"@type":"SearchAction","target":{"@type":"EntryPoint","urlTemplate":"https:\/\/filmvilnius.com\/?s={search_term_string}"},"query-input":{"@type":"PropertyValueSpecification","valueRequired":true,"valueName":"search_term_string"}}],"inLanguage":"lt-LT"},{"@type":"Organization","@id":"https:\/\/filmvilnius.com\/#organization","name":"Vilniaus kino biuras","url":"https:\/\/filmvilnius.com\/","logo":{"@type":"ImageObject","inLanguage":"lt-LT","@id":"https:\/\/filmvilnius.com\/#\/schema\/logo\/image\/","url":"https:\/\/filmvilnius.com\/wp-content\/uploads\/2022\/12\/VKB-Logo-2022-EN-2-V.jpg","contentUrl":"https:\/\/filmvilnius.com\/wp-content\/uploads\/2022\/12\/VKB-Logo-2022-EN-2-V.jpg","width":1419,"height":1418,"caption":"Vilniaus kino biuras"},"image":{"@id":"https:\/\/filmvilnius.com\/#\/schema\/logo\/image\/"},"sameAs":["https:\/\/www.facebook.com\/filmvilnius","https:\/\/x.com\/FilmVilnius","https:\/\/www.instagram.com\/filmvilnius\/"]},{"@type":"Person","@id":"https:\/\/filmvilnius.com\/#\/schema\/person\/8572c7f289890809bfa364d48f8dded5","name":"Vilnius Film Office","image":{"@type":"ImageObject","inLanguage":"lt-LT","@id":"https:\/\/secure.gravatar.com\/avatar\/2f93c625b891dbd84735ed1bd75819d698625d4c37369c60acab5f321b22fbb2?s=96&d=mm&r=g","url":"https:\/\/secure.gravatar.com\/avatar\/2f93c625b891dbd84735ed1bd75819d698625d4c37369c60acab5f321b22fbb2?s=96&d=mm&r=g","contentUrl":"https:\/\/secure.gravatar.com\/avatar\/2f93c625b891dbd84735ed1bd75819d698625d4c37369c60acab5f321b22fbb2?s=96&d=mm&r=g","caption":"Vilnius Film Office"},"url":"https:\/\/filmvilnius.com\/lt\/author\/ce5c1052f3e77e32\/"}]}},"_links":{"self":[{"href":"https:\/\/filmvilnius.com\/lt\/wp-json\/wp\/v2\/posts\/16463","targetHints":{"allow":["GET"]}}],"collection":[{"href":"https:\/\/filmvilnius.com\/lt\/wp-json\/wp\/v2\/posts"}],"about":[{"href":"https:\/\/filmvilnius.com\/lt\/wp-json\/wp\/v2\/types\/post"}],"author":[{"embeddable":true,"href":"https:\/\/filmvilnius.com\/lt\/wp-json\/wp\/v2\/users\/6"}],"replies":[{"embeddable":true,"href":"https:\/\/filmvilnius.com\/lt\/wp-json\/wp\/v2\/comments?post=16463"}],"version-history":[{"count":5,"href":"https:\/\/filmvilnius.com\/lt\/wp-json\/wp\/v2\/posts\/16463\/revisions"}],"predecessor-version":[{"id":16485,"href":"https:\/\/filmvilnius.com\/lt\/wp-json\/wp\/v2\/posts\/16463\/revisions\/16485"}],"wp:featuredmedia":[{"embeddable":true,"href":"https:\/\/filmvilnius.com\/lt\/wp-json\/wp\/v2\/media\/16456"}],"wp:attachment":[{"href":"https:\/\/filmvilnius.com\/lt\/wp-json\/wp\/v2\/media?parent=16463"}],"wp:term":[{"taxonomy":"category","embeddable":true,"href":"https:\/\/filmvilnius.com\/lt\/wp-json\/wp\/v2\/categories?post=16463"},{"taxonomy":"post_tag","embeddable":true,"href":"https:\/\/filmvilnius.com\/lt\/wp-json\/wp\/v2\/tags?post=16463"}],"curies":[{"name":"wp","href":"https:\/\/api.w.org\/{rel}","templated":true}]}}