{"id":16732,"date":"2023-02-24T07:33:50","date_gmt":"2023-02-24T07:33:50","guid":{"rendered":"https:\/\/filmvilnius.com\/?p=16732"},"modified":"2026-04-28T09:38:06","modified_gmt":"2026-04-28T07:38:06","slug":"jokubas-bareikis-renginyje-knygakinas-kvies-autorius-pristatyti-kinematografiskas-knygas","status":"publish","type":"post","link":"https:\/\/filmvilnius.com\/lt\/jokubas-bareikis-renginyje-knygakinas-kvies-autorius-pristatyti-kinematografiskas-knygas\/","title":{"rendered":"Jok\u016bbas Bareikis renginyje \u201eKnyga + kinas\u201c kvies autorius pristatyti kinematografi\u0161kas knygas"},"content":{"rendered":"<p>Jau \u0161iandien \u012fvyks renginys \u201eKnyga + kinas\u201c, vienijantis literat\u016bros pasaulio ir kino industrijos atstovus. Renginyje bus pristatyta 10 kinematografi\u0161kiausi\u0173 lietuvi\u0173 autori\u0173 k\u016brini\u0173, sukurt\u0173 pastaraisiais metais. Tikimasi, kad pristatytos knygos taps \u012fkv\u0117pimu kurti filmus remiantis lietuvi\u0161ka literat\u016bra.<\/p>\n<p>Renginio ved\u0117ju \u0161iais metais tapo Jok\u016bbas Bareikis \u2013 teatro ir kino aktorius, dainininkas, \u0161iuo metu pristatantis net tris muzikines gyvo garso programas su aktore, dain\u0173 atlik\u0117ja Lina Rastokaite bei operos solistu Rafailu Karpiu.<\/p>\n<p>Nors laisvo laiko fizinei knygai kartais pritr\u016bksta, J. Bareikis knygas bei kin\u0105 renkasi, kaip laisvalaikio praleidimo b\u016bd\u0105 ir dar \u012fgarsina audio knygas.<\/p>\n<p>Ketvirtus metus vyksian\u010dio renginio \u201eKnyga + kinas\u201c id\u0117jos sumanytoja ir organizator\u0117, prodiuser\u0117 \u017divil\u0117 Gallego d\u017eiaugiasi, kad renginys kasmet sulaukia vis didesnio organizacinio palaikymo ir industrij\u0173 \u012fsitraukimo: \u201eRenginys auga, \u012fgauna ai\u0161ki\u0105 savo form\u0105 ir tampa reik\u0161mingu kino ir literat\u016bros lauk\u0173 bendrystei. \u0160ias metais ypa\u010d d\u017eiaugiam\u0117s atrinkt\u0173 knyg\u0173 s\u0105ra\u0161e matydami sugr\u012f\u017etan\u010dius autorius su naujais k\u016briniais ir vis daugiau \u012fsitraukian\u010di\u0105 kino bendruomen\u0119, kuri ie\u0161ko nauj\u0173 id\u0117j\u0173 kino scenarijams.\u201c<\/p>\n<p>Knyg\u0173 atrankos komisij\u0105 sudar\u0117 ir leidykl\u0173 pateiktas knygas vertino, atrinko pa\u010dias kinematografi\u0161kiausias: scenarist\u0117, re\u017eisier\u0117, tekst\u0173 autor\u0117 Gail\u0117 Garnelyt\u0117, knyg\u0173 autor\u0117, lektor\u0117 Vitalija Maksvyt\u0117 ir teatro re\u017eisierius, aktorius Albertas Vid\u017ei\u016bnas.<\/p>\n<p>Atrenkant knygas atsi\u017evelgta \u012f knygos kinematogarfi\u0161kum\u0105, galimybes film\u0105 \u012fgyvendinti Lietuvoje. Viena i\u0161 komisijos nari\u0173, Vitalija Maksvyt\u0117, i\u0161skiria pagrindinius bruo\u017eus, parodan\u010dius, kad knyga gal\u0117t\u0173 tapti kino scenarijumi: \u201eManau, kad svarbus pats pasakojimas \u2013 ar jis \u012ftraukia skaitytoj\u0105, ar gal\u0117t\u0173 \u012ftraukti kino \u017ei\u016brov\u0105? Vertinu, kiek k\u016brinys \u017eadina vaizduot\u0119, ar kuria kito pasaulio, realyb\u0117s \u012fsp\u016bd\u012f. Svarb\u016bs ir veik\u0117jai, kiek jie yra \u012fdom\u016bs, patraukl\u016bs, saviti, stipr\u016bs, gerai i\u0161pl\u0117toti. Pati kalba \u0161iuo atveju galb\u016bt n\u0117ra tokia svarbi, veikiau, kaip autorius geba sukurti toki\u0105 literat\u016brinio k\u016brinio realyb\u0119, kuri leist\u0173 pereiti \u012f kitas k\u016brybos formas. Taip pat klausiu sav\u0119s: kas gal\u0117t\u0173 b\u016bti pagal \u0161i\u0105 knyg\u0105 sukurto kino filmo \u017ei\u016brovas, koki\u0105 \u017eini\u0105 ir patirt\u012f filmas suteikt\u0173?<\/p>\n<p>Renginyje knygas pristatys autoriai Justinas \u017dilinskas (\u201eB\u0117gliai\u201c, \u201eAukso \u017euvys\u201c), Ilona E\u017eerinyt\u0117 (\u201eDabar Marselis\u201c, \u201eDominicus Lituanus\u201c), \u201c), Egl\u0117 Ramo\u0161kait\u0117 (\u201eDraugyst\u0117 mainais\u201c, \u201eNieko rimto\u201c), Jaroslavas Melnikas ir Lietuvos ra\u0161ytoj\u0173 s\u0105jungos leidyklos vyriausiasis redaktorius Saulius Repe\u010dka (\u201eTe visad b\u016bsiu a\u0161\u201c, \u201eLietuvos ra\u0161ytoj\u0173 s\u0105jungos leidykla), Bernardas Gailius (\u201eKraujo kvapas\u201c, \u201eAukso \u017euvys\u201c), leidyklos \u201eNieko Rimto\u201c vadovas Arvydas Vereckis (\u201e\u017dvaig\u017ed\u017ei\u0173 pauk\u0161tis\u201c, aut. K\u0119stutis Kasparavi\u010dius, \u201eNieko rimto\u201c), Egl\u0117 Frank (\u201eMir\u0119 irgi \u0161oka\u201c, \u201eKitos knygos\u201c), Juozas Gai\u017eauskas (\u201ePasibaid\u0119s dievo \u017eirgas\u201c, \u201eAlma littera\u201c), Indr\u0117 Pavilonyt\u0117 ir Martynas Pavilonis (\u201e\u0160ik\u0161nosparniuko Kal\u0117dos\u201c, \u201eAlma littera\u201c), Greta Lietuvninkait\u0117 (\u201eDu vandenynai\u201c, \u201eDvi tylos\u201c).<\/p>\n<figure id=\"attachment_16736\" aria-describedby=\"caption-attachment-16736\" style=\"width: 1024px\" class=\"wp-caption aligncenter\"><img fetchpriority=\"high\" decoding=\"async\" class=\"wp-image-16736 size-large\" src=\"https:\/\/filmvilnius.com\/wp-content\/uploads\/2023\/02\/KnygaKinas-atrinktos-knygos-1-1024x768.jpeg\" alt=\"\" width=\"1024\" height=\"768\" srcset=\"https:\/\/filmvilnius.com\/wp-content\/uploads\/2023\/02\/KnygaKinas-atrinktos-knygos-1-1024x768.jpeg 1024w, https:\/\/filmvilnius.com\/wp-content\/uploads\/2023\/02\/KnygaKinas-atrinktos-knygos-1-300x225.jpeg 300w, https:\/\/filmvilnius.com\/wp-content\/uploads\/2023\/02\/KnygaKinas-atrinktos-knygos-1-768x576.jpeg 768w, https:\/\/filmvilnius.com\/wp-content\/uploads\/2023\/02\/KnygaKinas-atrinktos-knygos-1-1536x1152.jpeg 1536w, https:\/\/filmvilnius.com\/wp-content\/uploads\/2023\/02\/KnygaKinas-atrinktos-knygos-1-2048x1536.jpeg 2048w\" sizes=\"(max-width: 1024px) 100vw, 1024px\" \/><figcaption id=\"caption-attachment-16736\" class=\"wp-caption-text\">\u201eKnyga + kinas\u201c nuotr.<\/figcaption><\/figure>\n<p><strong>Renginys \u201eKnyga+kinas\u201d vyks \u0161iandien Vilniaus knyg\u0173 mug\u0117s metu, Vilniaus parod\u0173 ir kongres\u0173 centre \u201eLitexpo\u201c, Kino sal\u0117je (1.1) nuo 14:00 iki 16:00 valandos.<\/strong><\/p>\n<p><em>Rengin\u012f organizuoja V\u0161\u012e \u201eFralita Films\u201c kartu su asociacija AVAKA, Lietuvos leid\u0117j\u0173 asociacija, Vilniaus kino biuru, K\u016brybi\u0161kos Europos biuru Lietuvoje. Projekt\u0105 dalinai finansuoja Lietuvos kino centras.<\/em><\/p>\n","protected":false},"excerpt":{"rendered":"<p>Jau \u0161iandien \u012fvyks renginys \u201eKnyga + kinas\u201c, vienijantis literat\u016bros pasaulio ir kino industrijos atstovus. Renginyje bus pristatyta 10 kinematografi\u0161kiausi\u0173 lietuvi\u0173 autori\u0173 k\u016brini\u0173, sukurt\u0173 pastaraisiais metais. Tikimasi, kad pristatytos knygos taps \u012fkv\u0117pimu kurti filmus remiantis lietuvi\u0161ka literat\u016bra. Renginio ved\u0117ju \u0161iais metais tapo Jok\u016bbas Bareikis \u2013 teatro ir kino aktorius, dainininkas, \u0161iuo metu pristatantis net tris muzikines [&hellip;]<\/p>\n","protected":false},"author":6,"featured_media":16733,"comment_status":"closed","ping_status":"open","sticky":false,"template":"","format":"standard","meta":{"_acf_changed":false,"_monsterinsights_skip_tracking":false,"_monsterinsights_sitenote_active":false,"_monsterinsights_sitenote_note":"","_monsterinsights_sitenote_category":0,"footnotes":""},"categories":[161,58],"tags":[],"class_list":["post-16732","post","type-post","status-publish","format-standard","has-post-thumbnail","hentry","category-interviu","category-news"],"acf":[],"yoast_head":"<!-- This site is optimized with the Yoast SEO plugin v27.4 - https:\/\/yoast.com\/product\/yoast-seo-wordpress\/ -->\n<title>Jok\u016bbas Bareikis renginyje \u201eKnyga + kinas\u201c kvies autorius pristatyti kinematografi\u0161kas knygas - Vilnius film office<\/title>\n<meta name=\"description\" content=\"Jau \u0161iandien \u012fvyks renginys \u201eKnyga + kinas\u201c, vienijantis literat\u016bros pasaulio ir kino industrijos atstovus.\" \/>\n<meta name=\"robots\" content=\"index, follow, max-snippet:-1, max-image-preview:large, max-video-preview:-1\" \/>\n<link rel=\"canonical\" href=\"https:\/\/filmvilnius.com\/lt\/jokubas-bareikis-renginyje-knygakinas-kvies-autorius-pristatyti-kinematografiskas-knygas\/\" \/>\n<meta property=\"og:locale\" content=\"lt_LT\" \/>\n<meta property=\"og:type\" content=\"article\" \/>\n<meta property=\"og:title\" content=\"Jok\u016bbas Bareikis renginyje \u201eKnyga + kinas\u201c kvies autorius pristatyti kinematografi\u0161kas knygas - Vilnius film office\" \/>\n<meta property=\"og:description\" content=\"Jau \u0161iandien \u012fvyks renginys \u201eKnyga + kinas\u201c, vienijantis literat\u016bros pasaulio ir kino industrijos atstovus.\" \/>\n<meta property=\"og:url\" content=\"https:\/\/filmvilnius.com\/lt\/jokubas-bareikis-renginyje-knygakinas-kvies-autorius-pristatyti-kinematografiskas-knygas\/\" \/>\n<meta property=\"og:site_name\" content=\"Vilnius film office\" \/>\n<meta property=\"article:publisher\" content=\"https:\/\/www.facebook.com\/filmvilnius\" \/>\n<meta property=\"article:published_time\" content=\"2023-02-24T07:33:50+00:00\" \/>\n<meta property=\"article:modified_time\" content=\"2026-04-28T07:38:06+00:00\" \/>\n<meta property=\"og:image\" content=\"https:\/\/filmvilnius.com\/wp-content\/uploads\/2023\/02\/Jokubas-Bareikis-asmeninio-archyvo-nuotrauka.jpg\" \/>\n\t<meta property=\"og:image:width\" content=\"899\" \/>\n\t<meta property=\"og:image:height\" content=\"899\" \/>\n\t<meta property=\"og:image:type\" content=\"image\/jpeg\" \/>\n<meta name=\"author\" content=\"Vilnius Film Office\" \/>\n<meta name=\"twitter:card\" content=\"summary_large_image\" \/>\n<meta name=\"twitter:image\" content=\"https:\/\/filmvilnius.com\/wp-content\/uploads\/2023\/02\/KnygaKinas-atrinktos-knygos-1-scaled.jpeg\" \/>\n<meta name=\"twitter:creator\" content=\"@FilmVilnius\" \/>\n<meta name=\"twitter:site\" content=\"@FilmVilnius\" \/>\n<meta name=\"twitter:label1\" content=\"Written by\" \/>\n\t<meta name=\"twitter:data1\" content=\"Vilnius Film Office\" \/>\n\t<meta name=\"twitter:label2\" content=\"Est. reading time\" \/>\n\t<meta name=\"twitter:data2\" content=\"3 minut\u0117s\" \/>\n<script type=\"application\/ld+json\" class=\"yoast-schema-graph\">{\"@context\":\"https:\\\/\\\/schema.org\",\"@graph\":[{\"@type\":\"Article\",\"@id\":\"https:\\\/\\\/filmvilnius.com\\\/lt\\\/jokubas-bareikis-renginyje-knygakinas-kvies-autorius-pristatyti-kinematografiskas-knygas\\\/#article\",\"isPartOf\":{\"@id\":\"https:\\\/\\\/filmvilnius.com\\\/lt\\\/jokubas-bareikis-renginyje-knygakinas-kvies-autorius-pristatyti-kinematografiskas-knygas\\\/\"},\"author\":{\"name\":\"Vilnius Film Office\",\"@id\":\"https:\\\/\\\/filmvilnius.com\\\/#\\\/schema\\\/person\\\/8572c7f289890809bfa364d48f8dded5\"},\"headline\":\"Jok\u016bbas Bareikis renginyje \u201eKnyga + kinas\u201c kvies autorius pristatyti kinematografi\u0161kas knygas\",\"datePublished\":\"2023-02-24T07:33:50+00:00\",\"dateModified\":\"2026-04-28T07:38:06+00:00\",\"mainEntityOfPage\":{\"@id\":\"https:\\\/\\\/filmvilnius.com\\\/lt\\\/jokubas-bareikis-renginyje-knygakinas-kvies-autorius-pristatyti-kinematografiskas-knygas\\\/\"},\"wordCount\":524,\"publisher\":{\"@id\":\"https:\\\/\\\/filmvilnius.com\\\/#organization\"},\"image\":{\"@id\":\"https:\\\/\\\/filmvilnius.com\\\/lt\\\/jokubas-bareikis-renginyje-knygakinas-kvies-autorius-pristatyti-kinematografiskas-knygas\\\/#primaryimage\"},\"thumbnailUrl\":\"https:\\\/\\\/filmvilnius.com\\\/wp-content\\\/uploads\\\/2023\\\/02\\\/Jokubas-Bareikis-asmeninio-archyvo-nuotrauka.jpg\",\"articleSection\":[\"Interviu\",\"Naujienos\"],\"inLanguage\":\"lt-LT\"},{\"@type\":\"WebPage\",\"@id\":\"https:\\\/\\\/filmvilnius.com\\\/lt\\\/jokubas-bareikis-renginyje-knygakinas-kvies-autorius-pristatyti-kinematografiskas-knygas\\\/\",\"url\":\"https:\\\/\\\/filmvilnius.com\\\/lt\\\/jokubas-bareikis-renginyje-knygakinas-kvies-autorius-pristatyti-kinematografiskas-knygas\\\/\",\"name\":\"Jok\u016bbas Bareikis renginyje \u201eKnyga + kinas\u201c kvies autorius pristatyti kinematografi\u0161kas knygas - Vilnius film office\",\"isPartOf\":{\"@id\":\"https:\\\/\\\/filmvilnius.com\\\/#website\"},\"primaryImageOfPage\":{\"@id\":\"https:\\\/\\\/filmvilnius.com\\\/lt\\\/jokubas-bareikis-renginyje-knygakinas-kvies-autorius-pristatyti-kinematografiskas-knygas\\\/#primaryimage\"},\"image\":{\"@id\":\"https:\\\/\\\/filmvilnius.com\\\/lt\\\/jokubas-bareikis-renginyje-knygakinas-kvies-autorius-pristatyti-kinematografiskas-knygas\\\/#primaryimage\"},\"thumbnailUrl\":\"https:\\\/\\\/filmvilnius.com\\\/wp-content\\\/uploads\\\/2023\\\/02\\\/Jokubas-Bareikis-asmeninio-archyvo-nuotrauka.jpg\",\"datePublished\":\"2023-02-24T07:33:50+00:00\",\"dateModified\":\"2026-04-28T07:38:06+00:00\",\"description\":\"Jau \u0161iandien \u012fvyks renginys \u201eKnyga + kinas\u201c, vienijantis literat\u016bros pasaulio ir kino industrijos atstovus.\",\"breadcrumb\":{\"@id\":\"https:\\\/\\\/filmvilnius.com\\\/lt\\\/jokubas-bareikis-renginyje-knygakinas-kvies-autorius-pristatyti-kinematografiskas-knygas\\\/#breadcrumb\"},\"inLanguage\":\"lt-LT\",\"potentialAction\":[{\"@type\":\"ReadAction\",\"target\":[\"https:\\\/\\\/filmvilnius.com\\\/lt\\\/jokubas-bareikis-renginyje-knygakinas-kvies-autorius-pristatyti-kinematografiskas-knygas\\\/\"]}]},{\"@type\":\"ImageObject\",\"inLanguage\":\"lt-LT\",\"@id\":\"https:\\\/\\\/filmvilnius.com\\\/lt\\\/jokubas-bareikis-renginyje-knygakinas-kvies-autorius-pristatyti-kinematografiskas-knygas\\\/#primaryimage\",\"url\":\"https:\\\/\\\/filmvilnius.com\\\/wp-content\\\/uploads\\\/2023\\\/02\\\/Jokubas-Bareikis-asmeninio-archyvo-nuotrauka.jpg\",\"contentUrl\":\"https:\\\/\\\/filmvilnius.com\\\/wp-content\\\/uploads\\\/2023\\\/02\\\/Jokubas-Bareikis-asmeninio-archyvo-nuotrauka.jpg\",\"width\":899,\"height\":899},{\"@type\":\"BreadcrumbList\",\"@id\":\"https:\\\/\\\/filmvilnius.com\\\/lt\\\/jokubas-bareikis-renginyje-knygakinas-kvies-autorius-pristatyti-kinematografiskas-knygas\\\/#breadcrumb\",\"itemListElement\":[{\"@type\":\"ListItem\",\"position\":1,\"name\":\"Home\",\"item\":\"https:\\\/\\\/filmvilnius.com\\\/lt\\\/\"},{\"@type\":\"ListItem\",\"position\":2,\"name\":\"Jok\u016bbas Bareikis renginyje \u201eKnyga + kinas\u201c kvies autorius pristatyti kinematografi\u0161kas knygas\"}]},{\"@type\":\"WebSite\",\"@id\":\"https:\\\/\\\/filmvilnius.com\\\/#website\",\"url\":\"https:\\\/\\\/filmvilnius.com\\\/\",\"name\":\"Vilnius film office\",\"description\":\"\",\"publisher\":{\"@id\":\"https:\\\/\\\/filmvilnius.com\\\/#organization\"},\"potentialAction\":[{\"@type\":\"SearchAction\",\"target\":{\"@type\":\"EntryPoint\",\"urlTemplate\":\"https:\\\/\\\/filmvilnius.com\\\/?s={search_term_string}\"},\"query-input\":{\"@type\":\"PropertyValueSpecification\",\"valueRequired\":true,\"valueName\":\"search_term_string\"}}],\"inLanguage\":\"lt-LT\"},{\"@type\":\"Organization\",\"@id\":\"https:\\\/\\\/filmvilnius.com\\\/#organization\",\"name\":\"Vilniaus kino biuras\",\"url\":\"https:\\\/\\\/filmvilnius.com\\\/\",\"logo\":{\"@type\":\"ImageObject\",\"inLanguage\":\"lt-LT\",\"@id\":\"https:\\\/\\\/filmvilnius.com\\\/#\\\/schema\\\/logo\\\/image\\\/\",\"url\":\"https:\\\/\\\/filmvilnius.com\\\/wp-content\\\/uploads\\\/2022\\\/12\\\/VKB-Logo-2022-EN-2-V.jpg\",\"contentUrl\":\"https:\\\/\\\/filmvilnius.com\\\/wp-content\\\/uploads\\\/2022\\\/12\\\/VKB-Logo-2022-EN-2-V.jpg\",\"width\":1419,\"height\":1418,\"caption\":\"Vilniaus kino biuras\"},\"image\":{\"@id\":\"https:\\\/\\\/filmvilnius.com\\\/#\\\/schema\\\/logo\\\/image\\\/\"},\"sameAs\":[\"https:\\\/\\\/www.facebook.com\\\/filmvilnius\",\"https:\\\/\\\/x.com\\\/FilmVilnius\",\"https:\\\/\\\/www.instagram.com\\\/filmvilnius\\\/\"]},{\"@type\":\"Person\",\"@id\":\"https:\\\/\\\/filmvilnius.com\\\/#\\\/schema\\\/person\\\/8572c7f289890809bfa364d48f8dded5\",\"name\":\"Vilnius Film Office\",\"image\":{\"@type\":\"ImageObject\",\"inLanguage\":\"lt-LT\",\"@id\":\"https:\\\/\\\/secure.gravatar.com\\\/avatar\\\/2f93c625b891dbd84735ed1bd75819d698625d4c37369c60acab5f321b22fbb2?s=96&d=mm&r=g\",\"url\":\"https:\\\/\\\/secure.gravatar.com\\\/avatar\\\/2f93c625b891dbd84735ed1bd75819d698625d4c37369c60acab5f321b22fbb2?s=96&d=mm&r=g\",\"contentUrl\":\"https:\\\/\\\/secure.gravatar.com\\\/avatar\\\/2f93c625b891dbd84735ed1bd75819d698625d4c37369c60acab5f321b22fbb2?s=96&d=mm&r=g\",\"caption\":\"Vilnius Film Office\"},\"url\":\"https:\\\/\\\/filmvilnius.com\\\/lt\\\/author\\\/ce5c1052f3e77e32\\\/\"}]}<\/script>\n<!-- \/ Yoast SEO plugin. -->","yoast_head_json":{"title":"Jok\u016bbas Bareikis renginyje \u201eKnyga + kinas\u201c kvies autorius pristatyti kinematografi\u0161kas knygas - Vilnius film office","description":"Jau \u0161iandien \u012fvyks renginys \u201eKnyga + kinas\u201c, vienijantis literat\u016bros pasaulio ir kino industrijos atstovus.","robots":{"index":"index","follow":"follow","max-snippet":"max-snippet:-1","max-image-preview":"max-image-preview:large","max-video-preview":"max-video-preview:-1"},"canonical":"https:\/\/filmvilnius.com\/lt\/jokubas-bareikis-renginyje-knygakinas-kvies-autorius-pristatyti-kinematografiskas-knygas\/","og_locale":"lt_LT","og_type":"article","og_title":"Jok\u016bbas Bareikis renginyje \u201eKnyga + kinas\u201c kvies autorius pristatyti kinematografi\u0161kas knygas - Vilnius film office","og_description":"Jau \u0161iandien \u012fvyks renginys \u201eKnyga + kinas\u201c, vienijantis literat\u016bros pasaulio ir kino industrijos atstovus.","og_url":"https:\/\/filmvilnius.com\/lt\/jokubas-bareikis-renginyje-knygakinas-kvies-autorius-pristatyti-kinematografiskas-knygas\/","og_site_name":"Vilnius film office","article_publisher":"https:\/\/www.facebook.com\/filmvilnius","article_published_time":"2023-02-24T07:33:50+00:00","article_modified_time":"2026-04-28T07:38:06+00:00","og_image":[{"width":899,"height":899,"url":"https:\/\/filmvilnius.com\/wp-content\/uploads\/2023\/02\/Jokubas-Bareikis-asmeninio-archyvo-nuotrauka.jpg","type":"image\/jpeg"}],"author":"Vilnius Film Office","twitter_card":"summary_large_image","twitter_image":"https:\/\/filmvilnius.com\/wp-content\/uploads\/2023\/02\/KnygaKinas-atrinktos-knygos-1-scaled.jpeg","twitter_creator":"@FilmVilnius","twitter_site":"@FilmVilnius","twitter_misc":{"Written by":"Vilnius Film Office","Est. reading time":"3 minut\u0117s"},"schema":{"@context":"https:\/\/schema.org","@graph":[{"@type":"Article","@id":"https:\/\/filmvilnius.com\/lt\/jokubas-bareikis-renginyje-knygakinas-kvies-autorius-pristatyti-kinematografiskas-knygas\/#article","isPartOf":{"@id":"https:\/\/filmvilnius.com\/lt\/jokubas-bareikis-renginyje-knygakinas-kvies-autorius-pristatyti-kinematografiskas-knygas\/"},"author":{"name":"Vilnius Film Office","@id":"https:\/\/filmvilnius.com\/#\/schema\/person\/8572c7f289890809bfa364d48f8dded5"},"headline":"Jok\u016bbas Bareikis renginyje \u201eKnyga + kinas\u201c kvies autorius pristatyti kinematografi\u0161kas knygas","datePublished":"2023-02-24T07:33:50+00:00","dateModified":"2026-04-28T07:38:06+00:00","mainEntityOfPage":{"@id":"https:\/\/filmvilnius.com\/lt\/jokubas-bareikis-renginyje-knygakinas-kvies-autorius-pristatyti-kinematografiskas-knygas\/"},"wordCount":524,"publisher":{"@id":"https:\/\/filmvilnius.com\/#organization"},"image":{"@id":"https:\/\/filmvilnius.com\/lt\/jokubas-bareikis-renginyje-knygakinas-kvies-autorius-pristatyti-kinematografiskas-knygas\/#primaryimage"},"thumbnailUrl":"https:\/\/filmvilnius.com\/wp-content\/uploads\/2023\/02\/Jokubas-Bareikis-asmeninio-archyvo-nuotrauka.jpg","articleSection":["Interviu","Naujienos"],"inLanguage":"lt-LT"},{"@type":"WebPage","@id":"https:\/\/filmvilnius.com\/lt\/jokubas-bareikis-renginyje-knygakinas-kvies-autorius-pristatyti-kinematografiskas-knygas\/","url":"https:\/\/filmvilnius.com\/lt\/jokubas-bareikis-renginyje-knygakinas-kvies-autorius-pristatyti-kinematografiskas-knygas\/","name":"Jok\u016bbas Bareikis renginyje \u201eKnyga + kinas\u201c kvies autorius pristatyti kinematografi\u0161kas knygas - Vilnius film office","isPartOf":{"@id":"https:\/\/filmvilnius.com\/#website"},"primaryImageOfPage":{"@id":"https:\/\/filmvilnius.com\/lt\/jokubas-bareikis-renginyje-knygakinas-kvies-autorius-pristatyti-kinematografiskas-knygas\/#primaryimage"},"image":{"@id":"https:\/\/filmvilnius.com\/lt\/jokubas-bareikis-renginyje-knygakinas-kvies-autorius-pristatyti-kinematografiskas-knygas\/#primaryimage"},"thumbnailUrl":"https:\/\/filmvilnius.com\/wp-content\/uploads\/2023\/02\/Jokubas-Bareikis-asmeninio-archyvo-nuotrauka.jpg","datePublished":"2023-02-24T07:33:50+00:00","dateModified":"2026-04-28T07:38:06+00:00","description":"Jau \u0161iandien \u012fvyks renginys \u201eKnyga + kinas\u201c, vienijantis literat\u016bros pasaulio ir kino industrijos atstovus.","breadcrumb":{"@id":"https:\/\/filmvilnius.com\/lt\/jokubas-bareikis-renginyje-knygakinas-kvies-autorius-pristatyti-kinematografiskas-knygas\/#breadcrumb"},"inLanguage":"lt-LT","potentialAction":[{"@type":"ReadAction","target":["https:\/\/filmvilnius.com\/lt\/jokubas-bareikis-renginyje-knygakinas-kvies-autorius-pristatyti-kinematografiskas-knygas\/"]}]},{"@type":"ImageObject","inLanguage":"lt-LT","@id":"https:\/\/filmvilnius.com\/lt\/jokubas-bareikis-renginyje-knygakinas-kvies-autorius-pristatyti-kinematografiskas-knygas\/#primaryimage","url":"https:\/\/filmvilnius.com\/wp-content\/uploads\/2023\/02\/Jokubas-Bareikis-asmeninio-archyvo-nuotrauka.jpg","contentUrl":"https:\/\/filmvilnius.com\/wp-content\/uploads\/2023\/02\/Jokubas-Bareikis-asmeninio-archyvo-nuotrauka.jpg","width":899,"height":899},{"@type":"BreadcrumbList","@id":"https:\/\/filmvilnius.com\/lt\/jokubas-bareikis-renginyje-knygakinas-kvies-autorius-pristatyti-kinematografiskas-knygas\/#breadcrumb","itemListElement":[{"@type":"ListItem","position":1,"name":"Home","item":"https:\/\/filmvilnius.com\/lt\/"},{"@type":"ListItem","position":2,"name":"Jok\u016bbas Bareikis renginyje \u201eKnyga + kinas\u201c kvies autorius pristatyti kinematografi\u0161kas knygas"}]},{"@type":"WebSite","@id":"https:\/\/filmvilnius.com\/#website","url":"https:\/\/filmvilnius.com\/","name":"Vilnius film office","description":"","publisher":{"@id":"https:\/\/filmvilnius.com\/#organization"},"potentialAction":[{"@type":"SearchAction","target":{"@type":"EntryPoint","urlTemplate":"https:\/\/filmvilnius.com\/?s={search_term_string}"},"query-input":{"@type":"PropertyValueSpecification","valueRequired":true,"valueName":"search_term_string"}}],"inLanguage":"lt-LT"},{"@type":"Organization","@id":"https:\/\/filmvilnius.com\/#organization","name":"Vilniaus kino biuras","url":"https:\/\/filmvilnius.com\/","logo":{"@type":"ImageObject","inLanguage":"lt-LT","@id":"https:\/\/filmvilnius.com\/#\/schema\/logo\/image\/","url":"https:\/\/filmvilnius.com\/wp-content\/uploads\/2022\/12\/VKB-Logo-2022-EN-2-V.jpg","contentUrl":"https:\/\/filmvilnius.com\/wp-content\/uploads\/2022\/12\/VKB-Logo-2022-EN-2-V.jpg","width":1419,"height":1418,"caption":"Vilniaus kino biuras"},"image":{"@id":"https:\/\/filmvilnius.com\/#\/schema\/logo\/image\/"},"sameAs":["https:\/\/www.facebook.com\/filmvilnius","https:\/\/x.com\/FilmVilnius","https:\/\/www.instagram.com\/filmvilnius\/"]},{"@type":"Person","@id":"https:\/\/filmvilnius.com\/#\/schema\/person\/8572c7f289890809bfa364d48f8dded5","name":"Vilnius Film Office","image":{"@type":"ImageObject","inLanguage":"lt-LT","@id":"https:\/\/secure.gravatar.com\/avatar\/2f93c625b891dbd84735ed1bd75819d698625d4c37369c60acab5f321b22fbb2?s=96&d=mm&r=g","url":"https:\/\/secure.gravatar.com\/avatar\/2f93c625b891dbd84735ed1bd75819d698625d4c37369c60acab5f321b22fbb2?s=96&d=mm&r=g","contentUrl":"https:\/\/secure.gravatar.com\/avatar\/2f93c625b891dbd84735ed1bd75819d698625d4c37369c60acab5f321b22fbb2?s=96&d=mm&r=g","caption":"Vilnius Film Office"},"url":"https:\/\/filmvilnius.com\/lt\/author\/ce5c1052f3e77e32\/"}]}},"_links":{"self":[{"href":"https:\/\/filmvilnius.com\/lt\/wp-json\/wp\/v2\/posts\/16732","targetHints":{"allow":["GET"]}}],"collection":[{"href":"https:\/\/filmvilnius.com\/lt\/wp-json\/wp\/v2\/posts"}],"about":[{"href":"https:\/\/filmvilnius.com\/lt\/wp-json\/wp\/v2\/types\/post"}],"author":[{"embeddable":true,"href":"https:\/\/filmvilnius.com\/lt\/wp-json\/wp\/v2\/users\/6"}],"replies":[{"embeddable":true,"href":"https:\/\/filmvilnius.com\/lt\/wp-json\/wp\/v2\/comments?post=16732"}],"version-history":[{"count":6,"href":"https:\/\/filmvilnius.com\/lt\/wp-json\/wp\/v2\/posts\/16732\/revisions"}],"predecessor-version":[{"id":16741,"href":"https:\/\/filmvilnius.com\/lt\/wp-json\/wp\/v2\/posts\/16732\/revisions\/16741"}],"wp:featuredmedia":[{"embeddable":true,"href":"https:\/\/filmvilnius.com\/lt\/wp-json\/wp\/v2\/media\/16733"}],"wp:attachment":[{"href":"https:\/\/filmvilnius.com\/lt\/wp-json\/wp\/v2\/media?parent=16732"}],"wp:term":[{"taxonomy":"category","embeddable":true,"href":"https:\/\/filmvilnius.com\/lt\/wp-json\/wp\/v2\/categories?post=16732"},{"taxonomy":"post_tag","embeddable":true,"href":"https:\/\/filmvilnius.com\/lt\/wp-json\/wp\/v2\/tags?post=16732"}],"curies":[{"name":"wp","href":"https:\/\/api.w.org\/{rel}","templated":true}]}}