{"id":16816,"date":"2023-03-08T08:58:51","date_gmt":"2023-03-08T08:58:51","guid":{"rendered":"https:\/\/filmvilnius.com\/?p=16816"},"modified":"2026-04-28T09:37:30","modified_gmt":"2026-04-28T07:37:30","slug":"traku-vokes-dvaro-sodybos-direktore-i-siusaite-apie-rumuose-kuriamus-filmus-ir-letesni-gyvenima","status":"publish","type":"post","link":"https:\/\/filmvilnius.com\/lt\/traku-vokes-dvaro-sodybos-direktore-i-siusaite-apie-rumuose-kuriamus-filmus-ir-letesni-gyvenima\/","title":{"rendered":"Trak\u0173 Vok\u0117s dvaro sodybos direktor\u0117 I. \u0160iu\u0161ait\u0117: apie r\u016bmuose kuriamus filmus ir l\u0117tesn\u012f gyvenim\u0105"},"content":{"rendered":"<p>\u201eTrak\u0173 Vok\u0117s dvaro sodyba \u2013 vieta, kurioje sunku skub\u0117ti \u2013 viskas \u010dia primena sul\u0117tint\u0105 kin\u0105\u201c, \u2013 pokalb\u012f pradeda r\u016bm\u0173 direktor\u0117 Ieva \u0160iu\u0161ait\u0117. Unikalus architekt\u016bros paminklas ir \u010dia \u012fsik\u016br\u0119s i\u0161puosel\u0117tas sodas mena graf\u0173 Ti\u0161kevi\u010di\u0173 laikus ir pastar\u0105j\u012f de\u0161imtmet\u012f vis da\u017eniau traukia ne tik lankytojus, bet ir film\u0173 k\u016br\u0117jus. Trak\u0173 Vok\u0117s dvaro sodyba jau yra suvaidinusi Stokholm\u0105, Sankt Peterburg\u0105, Jungtin\u0117s Karalyst\u0117s miestus ir daugyb\u0119 kit\u0173 viet\u0173. R\u016bm\u0173 interjer\u0105 ir eksterjer\u0105 gal\u0117jo i\u0161vysti film\u0173 ir serial\u0173 \u201eKaras ir taika\u201c, \u201eAna Karenina\u201c, \u201eJekaterina Did\u017eioji\u201c, \u201eKraujas sniege\u201c \u017ei\u016brovai visame pasaulyje. Apie did\u017eiausius filmavimus, r\u016bm\u0173 kasdienyb\u0119 ir teigiam\u0105 po\u017ei\u016br\u012f \u012f kin\u0105 \u2013 Vilniaus kino biuro inicijuotame pokalbyje su I. \u0160iu\u0161aite.<\/p>\n<p>\u2013 <strong>Prad\u0117kime pokalb\u012f nuo to, kas vilioja \u017emones \u012f Trak\u0173 Vok\u0119 <\/strong>\u2013<strong> k\u0105 r\u016bmuose galima nuveikti, rasti?<\/strong><\/p>\n<p>\u2013 Vilnie\u010diams m\u0117gstu sakyti, kad jie yra Trak\u0173 Vok\u0117s dvaro sodybos \u0161eimininkai. Tai \u2013 rengini\u0173 vieta, miesto kult\u016bros gyvenimo dalis. Tiesa, pavadinimas da\u017enai klaidina \u2013 \u017emon\u0117s galvoja apie Trakus ar U\u017eutrak\u012f, bet mes esame Vilniuje. M\u016bs\u0173 ekspozicijos, koncertai, kiti renginiai vienaip ar kitaip susij\u0119 su sostin\u0117s gyvenimu arba dvaro istorija. M\u0117gstu sakyti, kad tai l\u0117tesnio gyvenimo vieta, kurioje norisi pab\u016bti, atsipalaiduoti. Net ir sve\u010diai kartais sako, jog \u010dia nesinori triuk\u0161mauti.<\/p>\n<p>Persik\u0117lus i\u0161 miesto ir man pa\u010diai atrod\u0117, kad Trak\u0173 Vok\u0117je gyvename lyg sul\u0117tintame kine. Dabar tai pradeda patikti \u2013 laikas \u010dia eina kitaip. Dvaras turi savo aur\u0105, atrodo, kad viskas vyksta l\u0117tai, eleganti\u0161kai.<\/p>\n<figure id=\"attachment_16824\" aria-describedby=\"caption-attachment-16824\" style=\"width: 298px\" class=\"wp-caption alignleft\"><img fetchpriority=\"high\" decoding=\"async\" class=\"wp-image-16824 size-medium\" src=\"https:\/\/filmvilnius.com\/wp-content\/uploads\/2023\/03\/Ieva-Siusaite-asmeninio-archyvo-nuotr.-298x300.jpg\" alt=\"\" width=\"298\" height=\"300\" srcset=\"https:\/\/filmvilnius.com\/wp-content\/uploads\/2023\/03\/Ieva-Siusaite-asmeninio-archyvo-nuotr.-298x300.jpg 298w, https:\/\/filmvilnius.com\/wp-content\/uploads\/2023\/03\/Ieva-Siusaite-asmeninio-archyvo-nuotr.-1017x1024.jpg 1017w, https:\/\/filmvilnius.com\/wp-content\/uploads\/2023\/03\/Ieva-Siusaite-asmeninio-archyvo-nuotr.-150x150.jpg 150w, https:\/\/filmvilnius.com\/wp-content\/uploads\/2023\/03\/Ieva-Siusaite-asmeninio-archyvo-nuotr.-768x774.jpg 768w, https:\/\/filmvilnius.com\/wp-content\/uploads\/2023\/03\/Ieva-Siusaite-asmeninio-archyvo-nuotr..jpg 1362w\" sizes=\"(max-width: 298px) 100vw, 298px\" \/><figcaption id=\"caption-attachment-16824\" class=\"wp-caption-text\">Ieva \u0160iu\u0161ait\u0117, asmeninio archyvo nuotr.<\/figcaption><\/figure>\n<p>\u2013 <strong>Galb\u016bt tod\u0117l vieta traukia ir kino k\u016br\u0117jus? Kokio laikotarpio juostos \u010dia filmuojamos?<\/strong><\/p>\n<p>\u2013 Trak\u0173 Vok\u0117s dvaras \u2013 ne tik vaizdinga vieta, bet ir kinematografi\u0161ka lokacija, tinkanti \u012fvairiausiems re\u017eisieri\u0173 sumanymams \u012fgyvendinti. B\u016btent tod\u0117l \u0161i\u0105 viet\u0105 renkasi filmavimo komandos. Trak\u0173 Vok\u0117s dvare\u2013sodyboje filmuoti tokie filmai ir serialai kaip \u201eKaras ir taika\u201c, \u201eAna Karenina\u201c, \u201eJekaterina Did\u017eioji\u201c, \u201eKraujas sniege\u201c, \u201eHilma\u201c ir daugyb\u0117 kit\u0173. Dvaras yra suvaidin\u0119s Sankt Peterburg\u0105, Stokholm\u0105, Kaun\u0105, Jungtin\u0117s Karalyst\u0117s miestus \u012fvairiausiais laikotarpiais, apiman\u010diais nuo antrosios Viduram\u017ei\u0173 pus\u0117s iki XX a. prad\u017eios. Visgi labiausiai mes esame pana\u0161\u016bs \u012f XVIII a. pabaigos. \u2013 XIX a. Ryt\u0173 Europos dvarus. R\u016bmai filmuojami, kai reikia dvari\u0161kos atmosferos arba erdvi\u0173 but\u0173, visuomenini\u0173 erdvi\u0173. Dekoratoriai gali beveik neatpa\u017e\u012fstamai pakeisti erdves, pavyzd\u017eiui, u\u017edengus langus atrodo, kad r\u016bmuose \u2013 gil\u016bs viduram\u017eiai.<\/p>\n<p>\u2013 <strong>Tikriausiai l\u0117tas, ramus dvaro gyvenimas stipriai pasikei\u010dia prasid\u0117jus filmavimams?<\/strong><\/p>\n<p>\u2013 Tikrai taip. Dideli\u0173 filmavim\u0173 metu dvaro aplinka stipriai pasikei\u010dia: stovi vagon\u0117liai su re\u017eisieri\u0173, aktori\u0173, grimeri\u0173 kambariais, dvaro \u016bkiniame kieme \u012fsikuria visas miestelis su maisto palapin\u0117mis, vaik\u0161to kostiumuoti aktoriai. Anks\u010diau filmuojant tokius projektus kaip \u201eKaras ir taika\u201c, \u201eJekaterina Did\u017eioji\u201c buvo statomos tvoros, netgi supilami manie\u017eai, keliai \u2013 dvare buvo galima daug k\u0105 keisti \u2013 \u0161iandien, d\u0117l sutvarkytos r\u016bm\u0173 aplinkos to, tikriausiai, jau nebepavykt\u0173 padaryti.<\/p>\n<p>Ko gero, \u012fsp\u016bdingiausias Trak\u0173 Vok\u0117s dvare \u012fgyvendintas projektas buvo \u201eJekaterina Did\u017eioji\u201c (Hbo, Sky TV), su pertraukomis filmuotas beveik 5 m\u0117nesius. Poky\u010di\u0173 buvo nema\u017eai \u2013 m\u016bs\u0173 ofisas persik\u0117l\u0117 \u012f kit\u0105 pastat\u0105, su darbuotojais buvo sutarta, kad jie neskleis informacijos, laikysis konfidencialumo, nefotografuos, nieko nepasakos apie dekoracijas. Tokiais momentais mes esame sve\u010diai, o k\u016br\u0117jams atiduodame dvar\u0105 \u0161imtu procent\u0173.<\/p>\n<p>\u012edomu ir tai, kad filmavimo metu ai\u0161kiai pamatai, kiek daug \u017emoni\u0173 dirba prie projekto. Kartais kino filme rodo du aktorius, bet kad jie pasirodyt\u0173 ekrane prireikia 100 k\u016br\u0117j\u0173 komandos \u2013 film\u0105 \u017ei\u016br\u0117ti tuomet pradedi visai kitaip.<\/p>\n<figure id=\"attachment_16818\" aria-describedby=\"caption-attachment-16818\" style=\"width: 1294px\" class=\"wp-caption aligncenter\"><img decoding=\"async\" class=\"wp-image-16818\" src=\"https:\/\/filmvilnius.com\/wp-content\/uploads\/2023\/03\/1-Sauliaus-Ziuros-nuotr.-1024x608.jpg\" alt=\"\" width=\"1294\" height=\"768\" srcset=\"https:\/\/filmvilnius.com\/wp-content\/uploads\/2023\/03\/1-Sauliaus-Ziuros-nuotr.-1024x608.jpg 1024w, https:\/\/filmvilnius.com\/wp-content\/uploads\/2023\/03\/1-Sauliaus-Ziuros-nuotr.-300x178.jpg 300w, https:\/\/filmvilnius.com\/wp-content\/uploads\/2023\/03\/1-Sauliaus-Ziuros-nuotr.-768x456.jpg 768w, https:\/\/filmvilnius.com\/wp-content\/uploads\/2023\/03\/1-Sauliaus-Ziuros-nuotr.-1536x911.jpg 1536w, https:\/\/filmvilnius.com\/wp-content\/uploads\/2023\/03\/1-Sauliaus-Ziuros-nuotr.-2048x1215.jpg 2048w\" sizes=\"(max-width: 1294px) 100vw, 1294px\" \/><figcaption id=\"caption-attachment-16818\" class=\"wp-caption-text\">Trak\u0173 Vok\u0117s dvaras | Sauliaus \u017di\u016bros nuotr.<\/figcaption><\/figure>\n<p>\u2013 <strong>Ar filmavimo metu dvaras stipriai transformuojamas <\/strong>\u2013<strong> ar daug laisv\u0117s kei\u010diant interjero detales, dekor\u0105 turi kino k\u016br\u0117jai?<\/strong><\/p>\n<p>\u2013 Kol kas nesame restaurav\u0119 dvaro vidaus, o m\u016bs\u0173 sal\u0117s paprastai b\u016bna tu\u0161\u010dios, tad filmavimo komanda turi nema\u017eai laisv\u0117s \u2013 gali pakabinti u\u017euolaidas, atsive\u017eti butaforijas, transformuoti patalpas \u012f jiems reikiam\u0105 laikotarp\u012f. \u017dinoma, dvare galioja tam tikros taisykl\u0117s \u2013 pavyzd\u017eiui, negalima gr\u0119\u017eti ar kitaip pa\u017eeisti m\u016bs\u0173 paveldo objekt\u0173, pra\u0161ome, kad turinys neb\u016bt\u0173 nepadorus, kad b\u016bt\u0173 i\u0161laikyta pagarba objektui. Tod\u0117l, filmo k\u016br\u0117jai tariasi, kur ir k\u0105 kabins, o pasiruo\u0161imas da\u017eniausiai u\u017etrunka 4-5 kartus ilgiau nei pats filmavimas.<\/p>\n<p>Kai matome statomas filmavimo dekoracijas, kartu su kitais darbuotojais visuomet sp\u0117liojame, ar r\u016bmus ekrane atpa\u017einsime. V\u0117liau darome nuotraukas ir aptarin\u0117jame, ar tai vis dar pana\u0161u \u012f m\u016bs\u0173 sales. Dekoracij\u0173 pagalba sukuriamas visai kitas vaizdas. M\u016bs\u0173 dvare lik\u0119 daug nuo filmavimo u\u017esilikusi\u0173 butaforij\u0173. Lankytojus, nenor\u0117dami suklaidinti, informuojame, kad tai filmavimo metu naudoti daiktai, o ne tikras istorinis palikimas.<\/p>\n<figure id=\"attachment_16820\" aria-describedby=\"caption-attachment-16820\" style=\"width: 1294px\" class=\"wp-caption aligncenter\"><img decoding=\"async\" class=\"wp-image-16820\" src=\"https:\/\/filmvilnius.com\/wp-content\/uploads\/2023\/03\/Dvaras-filmavimo-metu-2-1024x768.jpg\" alt=\"\" width=\"1294\" height=\"971\" srcset=\"https:\/\/filmvilnius.com\/wp-content\/uploads\/2023\/03\/Dvaras-filmavimo-metu-2-1024x768.jpg 1024w, https:\/\/filmvilnius.com\/wp-content\/uploads\/2023\/03\/Dvaras-filmavimo-metu-2-300x225.jpg 300w, https:\/\/filmvilnius.com\/wp-content\/uploads\/2023\/03\/Dvaras-filmavimo-metu-2-768x576.jpg 768w, https:\/\/filmvilnius.com\/wp-content\/uploads\/2023\/03\/Dvaras-filmavimo-metu-2-1536x1152.jpg 1536w, https:\/\/filmvilnius.com\/wp-content\/uploads\/2023\/03\/Dvaras-filmavimo-metu-2-2048x1536.jpg 2048w\" sizes=\"(max-width: 1294px) 100vw, 1294px\" \/><figcaption id=\"caption-attachment-16820\" class=\"wp-caption-text\">Trak\u0173 Vok\u0117s dvaro sodyba filmavim\u0173 metu<\/figcaption><\/figure>\n<figure id=\"attachment_16822\" aria-describedby=\"caption-attachment-16822\" style=\"width: 1294px\" class=\"wp-caption aligncenter\"><img loading=\"lazy\" decoding=\"async\" class=\"wp-image-16822\" src=\"https:\/\/filmvilnius.com\/wp-content\/uploads\/2023\/03\/Dvaras-filmavimo-metu-1024x768.jpg\" alt=\"\" width=\"1294\" height=\"971\" srcset=\"https:\/\/filmvilnius.com\/wp-content\/uploads\/2023\/03\/Dvaras-filmavimo-metu-1024x768.jpg 1024w, https:\/\/filmvilnius.com\/wp-content\/uploads\/2023\/03\/Dvaras-filmavimo-metu-300x225.jpg 300w, https:\/\/filmvilnius.com\/wp-content\/uploads\/2023\/03\/Dvaras-filmavimo-metu-768x576.jpg 768w, https:\/\/filmvilnius.com\/wp-content\/uploads\/2023\/03\/Dvaras-filmavimo-metu-1536x1152.jpg 1536w, https:\/\/filmvilnius.com\/wp-content\/uploads\/2023\/03\/Dvaras-filmavimo-metu-2048x1536.jpg 2048w\" sizes=\"(max-width: 1294px) 100vw, 1294px\" \/><figcaption id=\"caption-attachment-16822\" class=\"wp-caption-text\">Trak\u0173 Vok\u0117s dvaro sodyba filmavim\u0173 metu<\/figcaption><\/figure>\n<p>\u2013 <strong>Kaip \u012f filmavimus reaguoja vietiniai gyventojai?<\/strong><\/p>\n<p>\u2013 Vietiniams nepatogum\u0173 sukelia u\u017edaromi ar u\u017estatyti keliai, bet tai laikinos emocijos, nes bendr\u0105ja prasme \u017emon\u0117s \u012f kino projektus \u017ei\u016bri teigiamai. Jie did\u017eiuojasi, kad mus renkasi, kad dvaras bus rodomas per tokias platformas kaip \u201eNetflix\u201c ar BBC. Pastebime, kad gyventojai trukd\u017eius, \u012fvykusius d\u0117l kino filmavim\u0173, vertina palankiau nei kilusius d\u0117l kit\u0173 rengini\u0173. Turime ir smagi\u0173 pavyzd\u017ei\u0173, tarkime, viena \u0161alimais gyvenanti moteris nuolatos dalyvauja filmavimuose, da\u017enai matome j\u0105 su istoriniais kostiumais. Masin\u0117se scenose filmuojasi nema\u017ea dalis gyventoj\u0173.<\/p>\n<p>\u017dinoma, gyventojai visuomet persp\u0117jami, jei filmavim\u0173 metu bus naudojama \u0161alyje draud\u017eiama naci\u0173 ar soviet\u0173 atributika, vaik\u0161\u010diojama su netikrais \u0161autuvais \u2013 \u012f tokius filmavimus visuomet \u017ei\u016brima jautriai.<\/p>\n<p>Kita vertus, visi supranta, jog filmavimai yra labai reik\u0161minga dvaro finansin\u0117 dalis, suteikianti iki 50 procent\u0173 pajam\u0173. Kino industrija \u2013 svarb\u016bs m\u016bs\u0173 klientai, padedantys atsinaujinti, atlikti tam tikrus renovacijos darbus.<\/p>\n","protected":false},"excerpt":{"rendered":"<p>\u201eTrak\u0173 Vok\u0117s dvaro sodyba \u2013 vieta, kurioje sunku skub\u0117ti \u2013 viskas \u010dia primena sul\u0117tint\u0105 kin\u0105\u201c, \u2013 pokalb\u012f pradeda r\u016bm\u0173 direktor\u0117 Ieva \u0160iu\u0161ait\u0117. Unikalus architekt\u016bros paminklas ir \u010dia \u012fsik\u016br\u0119s i\u0161puosel\u0117tas sodas mena graf\u0173 Ti\u0161kevi\u010di\u0173 laikus ir pastar\u0105j\u012f de\u0161imtmet\u012f vis da\u017eniau traukia ne tik lankytojus, bet ir film\u0173 k\u016br\u0117jus. Trak\u0173 Vok\u0117s dvaro sodyba jau yra suvaidinusi Stokholm\u0105, [&hellip;]<\/p>\n","protected":false},"author":6,"featured_media":16826,"comment_status":"closed","ping_status":"open","sticky":false,"template":"","format":"standard","meta":{"_acf_changed":false,"_monsterinsights_skip_tracking":false,"_monsterinsights_sitenote_active":false,"_monsterinsights_sitenote_note":"","_monsterinsights_sitenote_category":0,"footnotes":""},"categories":[161,58],"tags":[],"class_list":["post-16816","post","type-post","status-publish","format-standard","has-post-thumbnail","hentry","category-interviu","category-news"],"acf":[],"yoast_head":"<!-- This site is optimized with the Yoast SEO plugin v27.4 - https:\/\/yoast.com\/product\/yoast-seo-wordpress\/ -->\n<title>Trak\u0173 Vok\u0117s dvaro sodybos direktor\u0117 I. \u0160iu\u0161ait\u0117: apie r\u016bmuose kuriamus filmus ir l\u0117tesn\u012f gyvenim\u0105 - Vilnius film office<\/title>\n<meta name=\"description\" content=\"\u201eTrak\u0173 Vok\u0117s dvaro sodyba \u2013 vieta, kurioje sunku skub\u0117ti \u2013 viskas \u010dia primena sul\u0117tint\u0105 kin\u0105\u201c, \u2013 pokalb\u012f pradeda r\u016bm\u0173 direktor\u0117 Ieva \u0160iu\u0161ait\u0117.\" \/>\n<meta name=\"robots\" content=\"index, follow, max-snippet:-1, max-image-preview:large, max-video-preview:-1\" \/>\n<link rel=\"canonical\" href=\"https:\/\/filmvilnius.com\/lt\/traku-vokes-dvaro-sodybos-direktore-i-siusaite-apie-rumuose-kuriamus-filmus-ir-letesni-gyvenima\/\" \/>\n<meta property=\"og:locale\" content=\"lt_LT\" \/>\n<meta property=\"og:type\" content=\"article\" \/>\n<meta property=\"og:title\" content=\"Trak\u0173 Vok\u0117s dvaro sodybos direktor\u0117 I. \u0160iu\u0161ait\u0117: apie r\u016bmuose kuriamus filmus ir l\u0117tesn\u012f gyvenim\u0105 - Vilnius film office\" \/>\n<meta property=\"og:description\" content=\"\u201eTrak\u0173 Vok\u0117s dvaro sodyba \u2013 vieta, kurioje sunku skub\u0117ti \u2013 viskas \u010dia primena sul\u0117tint\u0105 kin\u0105\u201c, \u2013 pokalb\u012f pradeda r\u016bm\u0173 direktor\u0117 Ieva \u0160iu\u0161ait\u0117.\" \/>\n<meta property=\"og:url\" content=\"https:\/\/filmvilnius.com\/lt\/traku-vokes-dvaro-sodybos-direktore-i-siusaite-apie-rumuose-kuriamus-filmus-ir-letesni-gyvenima\/\" \/>\n<meta property=\"og:site_name\" content=\"Vilnius film office\" \/>\n<meta property=\"article:publisher\" content=\"https:\/\/www.facebook.com\/filmvilnius\" \/>\n<meta property=\"article:published_time\" content=\"2023-03-08T08:58:51+00:00\" \/>\n<meta property=\"article:modified_time\" content=\"2026-04-28T07:37:30+00:00\" \/>\n<meta property=\"og:image\" content=\"https:\/\/filmvilnius.com\/wp-content\/uploads\/2023\/03\/5-Sauliaus-Ziuros-nuotr..jpg\" \/>\n\t<meta property=\"og:image:width\" content=\"2048\" \/>\n\t<meta property=\"og:image:height\" content=\"1534\" \/>\n\t<meta property=\"og:image:type\" content=\"image\/jpeg\" \/>\n<meta name=\"author\" content=\"Vilnius Film Office\" \/>\n<meta name=\"twitter:card\" content=\"summary_large_image\" \/>\n<meta name=\"twitter:creator\" content=\"@FilmVilnius\" \/>\n<meta name=\"twitter:site\" content=\"@FilmVilnius\" \/>\n<meta name=\"twitter:label1\" content=\"Written by\" \/>\n\t<meta name=\"twitter:data1\" content=\"Vilnius Film Office\" \/>\n\t<meta name=\"twitter:label2\" content=\"Est. reading time\" \/>\n\t<meta name=\"twitter:data2\" content=\"5 minut\u0117s\" \/>\n<script type=\"application\/ld+json\" class=\"yoast-schema-graph\">{\"@context\":\"https:\\\/\\\/schema.org\",\"@graph\":[{\"@type\":\"Article\",\"@id\":\"https:\\\/\\\/filmvilnius.com\\\/lt\\\/traku-vokes-dvaro-sodybos-direktore-i-siusaite-apie-rumuose-kuriamus-filmus-ir-letesni-gyvenima\\\/#article\",\"isPartOf\":{\"@id\":\"https:\\\/\\\/filmvilnius.com\\\/lt\\\/traku-vokes-dvaro-sodybos-direktore-i-siusaite-apie-rumuose-kuriamus-filmus-ir-letesni-gyvenima\\\/\"},\"author\":{\"name\":\"Vilnius Film Office\",\"@id\":\"https:\\\/\\\/filmvilnius.com\\\/#\\\/schema\\\/person\\\/8572c7f289890809bfa364d48f8dded5\"},\"headline\":\"Trak\u0173 Vok\u0117s dvaro sodybos direktor\u0117 I. \u0160iu\u0161ait\u0117: apie r\u016bmuose kuriamus filmus ir l\u0117tesn\u012f gyvenim\u0105\",\"datePublished\":\"2023-03-08T08:58:51+00:00\",\"dateModified\":\"2026-04-28T07:37:30+00:00\",\"mainEntityOfPage\":{\"@id\":\"https:\\\/\\\/filmvilnius.com\\\/lt\\\/traku-vokes-dvaro-sodybos-direktore-i-siusaite-apie-rumuose-kuriamus-filmus-ir-letesni-gyvenima\\\/\"},\"wordCount\":999,\"publisher\":{\"@id\":\"https:\\\/\\\/filmvilnius.com\\\/#organization\"},\"image\":{\"@id\":\"https:\\\/\\\/filmvilnius.com\\\/lt\\\/traku-vokes-dvaro-sodybos-direktore-i-siusaite-apie-rumuose-kuriamus-filmus-ir-letesni-gyvenima\\\/#primaryimage\"},\"thumbnailUrl\":\"https:\\\/\\\/filmvilnius.com\\\/wp-content\\\/uploads\\\/2023\\\/03\\\/5-Sauliaus-Ziuros-nuotr..jpg\",\"articleSection\":[\"Interviu\",\"Naujienos\"],\"inLanguage\":\"lt-LT\"},{\"@type\":\"WebPage\",\"@id\":\"https:\\\/\\\/filmvilnius.com\\\/lt\\\/traku-vokes-dvaro-sodybos-direktore-i-siusaite-apie-rumuose-kuriamus-filmus-ir-letesni-gyvenima\\\/\",\"url\":\"https:\\\/\\\/filmvilnius.com\\\/lt\\\/traku-vokes-dvaro-sodybos-direktore-i-siusaite-apie-rumuose-kuriamus-filmus-ir-letesni-gyvenima\\\/\",\"name\":\"Trak\u0173 Vok\u0117s dvaro sodybos direktor\u0117 I. \u0160iu\u0161ait\u0117: apie r\u016bmuose kuriamus filmus ir l\u0117tesn\u012f gyvenim\u0105 - Vilnius film office\",\"isPartOf\":{\"@id\":\"https:\\\/\\\/filmvilnius.com\\\/#website\"},\"primaryImageOfPage\":{\"@id\":\"https:\\\/\\\/filmvilnius.com\\\/lt\\\/traku-vokes-dvaro-sodybos-direktore-i-siusaite-apie-rumuose-kuriamus-filmus-ir-letesni-gyvenima\\\/#primaryimage\"},\"image\":{\"@id\":\"https:\\\/\\\/filmvilnius.com\\\/lt\\\/traku-vokes-dvaro-sodybos-direktore-i-siusaite-apie-rumuose-kuriamus-filmus-ir-letesni-gyvenima\\\/#primaryimage\"},\"thumbnailUrl\":\"https:\\\/\\\/filmvilnius.com\\\/wp-content\\\/uploads\\\/2023\\\/03\\\/5-Sauliaus-Ziuros-nuotr..jpg\",\"datePublished\":\"2023-03-08T08:58:51+00:00\",\"dateModified\":\"2026-04-28T07:37:30+00:00\",\"description\":\"\u201eTrak\u0173 Vok\u0117s dvaro sodyba \u2013 vieta, kurioje sunku skub\u0117ti \u2013 viskas \u010dia primena sul\u0117tint\u0105 kin\u0105\u201c, \u2013 pokalb\u012f pradeda r\u016bm\u0173 direktor\u0117 Ieva \u0160iu\u0161ait\u0117.\",\"breadcrumb\":{\"@id\":\"https:\\\/\\\/filmvilnius.com\\\/lt\\\/traku-vokes-dvaro-sodybos-direktore-i-siusaite-apie-rumuose-kuriamus-filmus-ir-letesni-gyvenima\\\/#breadcrumb\"},\"inLanguage\":\"lt-LT\",\"potentialAction\":[{\"@type\":\"ReadAction\",\"target\":[\"https:\\\/\\\/filmvilnius.com\\\/lt\\\/traku-vokes-dvaro-sodybos-direktore-i-siusaite-apie-rumuose-kuriamus-filmus-ir-letesni-gyvenima\\\/\"]}]},{\"@type\":\"ImageObject\",\"inLanguage\":\"lt-LT\",\"@id\":\"https:\\\/\\\/filmvilnius.com\\\/lt\\\/traku-vokes-dvaro-sodybos-direktore-i-siusaite-apie-rumuose-kuriamus-filmus-ir-letesni-gyvenima\\\/#primaryimage\",\"url\":\"https:\\\/\\\/filmvilnius.com\\\/wp-content\\\/uploads\\\/2023\\\/03\\\/5-Sauliaus-Ziuros-nuotr..jpg\",\"contentUrl\":\"https:\\\/\\\/filmvilnius.com\\\/wp-content\\\/uploads\\\/2023\\\/03\\\/5-Sauliaus-Ziuros-nuotr..jpg\",\"width\":2048,\"height\":1534},{\"@type\":\"BreadcrumbList\",\"@id\":\"https:\\\/\\\/filmvilnius.com\\\/lt\\\/traku-vokes-dvaro-sodybos-direktore-i-siusaite-apie-rumuose-kuriamus-filmus-ir-letesni-gyvenima\\\/#breadcrumb\",\"itemListElement\":[{\"@type\":\"ListItem\",\"position\":1,\"name\":\"Home\",\"item\":\"https:\\\/\\\/filmvilnius.com\\\/lt\\\/\"},{\"@type\":\"ListItem\",\"position\":2,\"name\":\"Trak\u0173 Vok\u0117s dvaro sodybos direktor\u0117 I. \u0160iu\u0161ait\u0117: apie r\u016bmuose kuriamus filmus ir l\u0117tesn\u012f gyvenim\u0105\"}]},{\"@type\":\"WebSite\",\"@id\":\"https:\\\/\\\/filmvilnius.com\\\/#website\",\"url\":\"https:\\\/\\\/filmvilnius.com\\\/\",\"name\":\"Vilnius film office\",\"description\":\"\",\"publisher\":{\"@id\":\"https:\\\/\\\/filmvilnius.com\\\/#organization\"},\"potentialAction\":[{\"@type\":\"SearchAction\",\"target\":{\"@type\":\"EntryPoint\",\"urlTemplate\":\"https:\\\/\\\/filmvilnius.com\\\/?s={search_term_string}\"},\"query-input\":{\"@type\":\"PropertyValueSpecification\",\"valueRequired\":true,\"valueName\":\"search_term_string\"}}],\"inLanguage\":\"lt-LT\"},{\"@type\":\"Organization\",\"@id\":\"https:\\\/\\\/filmvilnius.com\\\/#organization\",\"name\":\"Vilniaus kino biuras\",\"url\":\"https:\\\/\\\/filmvilnius.com\\\/\",\"logo\":{\"@type\":\"ImageObject\",\"inLanguage\":\"lt-LT\",\"@id\":\"https:\\\/\\\/filmvilnius.com\\\/#\\\/schema\\\/logo\\\/image\\\/\",\"url\":\"https:\\\/\\\/filmvilnius.com\\\/wp-content\\\/uploads\\\/2022\\\/12\\\/VKB-Logo-2022-EN-2-V.jpg\",\"contentUrl\":\"https:\\\/\\\/filmvilnius.com\\\/wp-content\\\/uploads\\\/2022\\\/12\\\/VKB-Logo-2022-EN-2-V.jpg\",\"width\":1419,\"height\":1418,\"caption\":\"Vilniaus kino biuras\"},\"image\":{\"@id\":\"https:\\\/\\\/filmvilnius.com\\\/#\\\/schema\\\/logo\\\/image\\\/\"},\"sameAs\":[\"https:\\\/\\\/www.facebook.com\\\/filmvilnius\",\"https:\\\/\\\/x.com\\\/FilmVilnius\",\"https:\\\/\\\/www.instagram.com\\\/filmvilnius\\\/\"]},{\"@type\":\"Person\",\"@id\":\"https:\\\/\\\/filmvilnius.com\\\/#\\\/schema\\\/person\\\/8572c7f289890809bfa364d48f8dded5\",\"name\":\"Vilnius Film Office\",\"image\":{\"@type\":\"ImageObject\",\"inLanguage\":\"lt-LT\",\"@id\":\"https:\\\/\\\/secure.gravatar.com\\\/avatar\\\/2f93c625b891dbd84735ed1bd75819d698625d4c37369c60acab5f321b22fbb2?s=96&d=mm&r=g\",\"url\":\"https:\\\/\\\/secure.gravatar.com\\\/avatar\\\/2f93c625b891dbd84735ed1bd75819d698625d4c37369c60acab5f321b22fbb2?s=96&d=mm&r=g\",\"contentUrl\":\"https:\\\/\\\/secure.gravatar.com\\\/avatar\\\/2f93c625b891dbd84735ed1bd75819d698625d4c37369c60acab5f321b22fbb2?s=96&d=mm&r=g\",\"caption\":\"Vilnius Film Office\"},\"url\":\"https:\\\/\\\/filmvilnius.com\\\/lt\\\/author\\\/ce5c1052f3e77e32\\\/\"}]}<\/script>\n<!-- \/ Yoast SEO plugin. -->","yoast_head_json":{"title":"Trak\u0173 Vok\u0117s dvaro sodybos direktor\u0117 I. \u0160iu\u0161ait\u0117: apie r\u016bmuose kuriamus filmus ir l\u0117tesn\u012f gyvenim\u0105 - Vilnius film office","description":"\u201eTrak\u0173 Vok\u0117s dvaro sodyba \u2013 vieta, kurioje sunku skub\u0117ti \u2013 viskas \u010dia primena sul\u0117tint\u0105 kin\u0105\u201c, \u2013 pokalb\u012f pradeda r\u016bm\u0173 direktor\u0117 Ieva \u0160iu\u0161ait\u0117.","robots":{"index":"index","follow":"follow","max-snippet":"max-snippet:-1","max-image-preview":"max-image-preview:large","max-video-preview":"max-video-preview:-1"},"canonical":"https:\/\/filmvilnius.com\/lt\/traku-vokes-dvaro-sodybos-direktore-i-siusaite-apie-rumuose-kuriamus-filmus-ir-letesni-gyvenima\/","og_locale":"lt_LT","og_type":"article","og_title":"Trak\u0173 Vok\u0117s dvaro sodybos direktor\u0117 I. \u0160iu\u0161ait\u0117: apie r\u016bmuose kuriamus filmus ir l\u0117tesn\u012f gyvenim\u0105 - Vilnius film office","og_description":"\u201eTrak\u0173 Vok\u0117s dvaro sodyba \u2013 vieta, kurioje sunku skub\u0117ti \u2013 viskas \u010dia primena sul\u0117tint\u0105 kin\u0105\u201c, \u2013 pokalb\u012f pradeda r\u016bm\u0173 direktor\u0117 Ieva \u0160iu\u0161ait\u0117.","og_url":"https:\/\/filmvilnius.com\/lt\/traku-vokes-dvaro-sodybos-direktore-i-siusaite-apie-rumuose-kuriamus-filmus-ir-letesni-gyvenima\/","og_site_name":"Vilnius film office","article_publisher":"https:\/\/www.facebook.com\/filmvilnius","article_published_time":"2023-03-08T08:58:51+00:00","article_modified_time":"2026-04-28T07:37:30+00:00","og_image":[{"width":2048,"height":1534,"url":"https:\/\/filmvilnius.com\/wp-content\/uploads\/2023\/03\/5-Sauliaus-Ziuros-nuotr..jpg","type":"image\/jpeg"}],"author":"Vilnius Film Office","twitter_card":"summary_large_image","twitter_creator":"@FilmVilnius","twitter_site":"@FilmVilnius","twitter_misc":{"Written by":"Vilnius Film Office","Est. reading time":"5 minut\u0117s"},"schema":{"@context":"https:\/\/schema.org","@graph":[{"@type":"Article","@id":"https:\/\/filmvilnius.com\/lt\/traku-vokes-dvaro-sodybos-direktore-i-siusaite-apie-rumuose-kuriamus-filmus-ir-letesni-gyvenima\/#article","isPartOf":{"@id":"https:\/\/filmvilnius.com\/lt\/traku-vokes-dvaro-sodybos-direktore-i-siusaite-apie-rumuose-kuriamus-filmus-ir-letesni-gyvenima\/"},"author":{"name":"Vilnius Film Office","@id":"https:\/\/filmvilnius.com\/#\/schema\/person\/8572c7f289890809bfa364d48f8dded5"},"headline":"Trak\u0173 Vok\u0117s dvaro sodybos direktor\u0117 I. \u0160iu\u0161ait\u0117: apie r\u016bmuose kuriamus filmus ir l\u0117tesn\u012f gyvenim\u0105","datePublished":"2023-03-08T08:58:51+00:00","dateModified":"2026-04-28T07:37:30+00:00","mainEntityOfPage":{"@id":"https:\/\/filmvilnius.com\/lt\/traku-vokes-dvaro-sodybos-direktore-i-siusaite-apie-rumuose-kuriamus-filmus-ir-letesni-gyvenima\/"},"wordCount":999,"publisher":{"@id":"https:\/\/filmvilnius.com\/#organization"},"image":{"@id":"https:\/\/filmvilnius.com\/lt\/traku-vokes-dvaro-sodybos-direktore-i-siusaite-apie-rumuose-kuriamus-filmus-ir-letesni-gyvenima\/#primaryimage"},"thumbnailUrl":"https:\/\/filmvilnius.com\/wp-content\/uploads\/2023\/03\/5-Sauliaus-Ziuros-nuotr..jpg","articleSection":["Interviu","Naujienos"],"inLanguage":"lt-LT"},{"@type":"WebPage","@id":"https:\/\/filmvilnius.com\/lt\/traku-vokes-dvaro-sodybos-direktore-i-siusaite-apie-rumuose-kuriamus-filmus-ir-letesni-gyvenima\/","url":"https:\/\/filmvilnius.com\/lt\/traku-vokes-dvaro-sodybos-direktore-i-siusaite-apie-rumuose-kuriamus-filmus-ir-letesni-gyvenima\/","name":"Trak\u0173 Vok\u0117s dvaro sodybos direktor\u0117 I. \u0160iu\u0161ait\u0117: apie r\u016bmuose kuriamus filmus ir l\u0117tesn\u012f gyvenim\u0105 - Vilnius film office","isPartOf":{"@id":"https:\/\/filmvilnius.com\/#website"},"primaryImageOfPage":{"@id":"https:\/\/filmvilnius.com\/lt\/traku-vokes-dvaro-sodybos-direktore-i-siusaite-apie-rumuose-kuriamus-filmus-ir-letesni-gyvenima\/#primaryimage"},"image":{"@id":"https:\/\/filmvilnius.com\/lt\/traku-vokes-dvaro-sodybos-direktore-i-siusaite-apie-rumuose-kuriamus-filmus-ir-letesni-gyvenima\/#primaryimage"},"thumbnailUrl":"https:\/\/filmvilnius.com\/wp-content\/uploads\/2023\/03\/5-Sauliaus-Ziuros-nuotr..jpg","datePublished":"2023-03-08T08:58:51+00:00","dateModified":"2026-04-28T07:37:30+00:00","description":"\u201eTrak\u0173 Vok\u0117s dvaro sodyba \u2013 vieta, kurioje sunku skub\u0117ti \u2013 viskas \u010dia primena sul\u0117tint\u0105 kin\u0105\u201c, \u2013 pokalb\u012f pradeda r\u016bm\u0173 direktor\u0117 Ieva \u0160iu\u0161ait\u0117.","breadcrumb":{"@id":"https:\/\/filmvilnius.com\/lt\/traku-vokes-dvaro-sodybos-direktore-i-siusaite-apie-rumuose-kuriamus-filmus-ir-letesni-gyvenima\/#breadcrumb"},"inLanguage":"lt-LT","potentialAction":[{"@type":"ReadAction","target":["https:\/\/filmvilnius.com\/lt\/traku-vokes-dvaro-sodybos-direktore-i-siusaite-apie-rumuose-kuriamus-filmus-ir-letesni-gyvenima\/"]}]},{"@type":"ImageObject","inLanguage":"lt-LT","@id":"https:\/\/filmvilnius.com\/lt\/traku-vokes-dvaro-sodybos-direktore-i-siusaite-apie-rumuose-kuriamus-filmus-ir-letesni-gyvenima\/#primaryimage","url":"https:\/\/filmvilnius.com\/wp-content\/uploads\/2023\/03\/5-Sauliaus-Ziuros-nuotr..jpg","contentUrl":"https:\/\/filmvilnius.com\/wp-content\/uploads\/2023\/03\/5-Sauliaus-Ziuros-nuotr..jpg","width":2048,"height":1534},{"@type":"BreadcrumbList","@id":"https:\/\/filmvilnius.com\/lt\/traku-vokes-dvaro-sodybos-direktore-i-siusaite-apie-rumuose-kuriamus-filmus-ir-letesni-gyvenima\/#breadcrumb","itemListElement":[{"@type":"ListItem","position":1,"name":"Home","item":"https:\/\/filmvilnius.com\/lt\/"},{"@type":"ListItem","position":2,"name":"Trak\u0173 Vok\u0117s dvaro sodybos direktor\u0117 I. \u0160iu\u0161ait\u0117: apie r\u016bmuose kuriamus filmus ir l\u0117tesn\u012f gyvenim\u0105"}]},{"@type":"WebSite","@id":"https:\/\/filmvilnius.com\/#website","url":"https:\/\/filmvilnius.com\/","name":"Vilnius film office","description":"","publisher":{"@id":"https:\/\/filmvilnius.com\/#organization"},"potentialAction":[{"@type":"SearchAction","target":{"@type":"EntryPoint","urlTemplate":"https:\/\/filmvilnius.com\/?s={search_term_string}"},"query-input":{"@type":"PropertyValueSpecification","valueRequired":true,"valueName":"search_term_string"}}],"inLanguage":"lt-LT"},{"@type":"Organization","@id":"https:\/\/filmvilnius.com\/#organization","name":"Vilniaus kino biuras","url":"https:\/\/filmvilnius.com\/","logo":{"@type":"ImageObject","inLanguage":"lt-LT","@id":"https:\/\/filmvilnius.com\/#\/schema\/logo\/image\/","url":"https:\/\/filmvilnius.com\/wp-content\/uploads\/2022\/12\/VKB-Logo-2022-EN-2-V.jpg","contentUrl":"https:\/\/filmvilnius.com\/wp-content\/uploads\/2022\/12\/VKB-Logo-2022-EN-2-V.jpg","width":1419,"height":1418,"caption":"Vilniaus kino biuras"},"image":{"@id":"https:\/\/filmvilnius.com\/#\/schema\/logo\/image\/"},"sameAs":["https:\/\/www.facebook.com\/filmvilnius","https:\/\/x.com\/FilmVilnius","https:\/\/www.instagram.com\/filmvilnius\/"]},{"@type":"Person","@id":"https:\/\/filmvilnius.com\/#\/schema\/person\/8572c7f289890809bfa364d48f8dded5","name":"Vilnius Film Office","image":{"@type":"ImageObject","inLanguage":"lt-LT","@id":"https:\/\/secure.gravatar.com\/avatar\/2f93c625b891dbd84735ed1bd75819d698625d4c37369c60acab5f321b22fbb2?s=96&d=mm&r=g","url":"https:\/\/secure.gravatar.com\/avatar\/2f93c625b891dbd84735ed1bd75819d698625d4c37369c60acab5f321b22fbb2?s=96&d=mm&r=g","contentUrl":"https:\/\/secure.gravatar.com\/avatar\/2f93c625b891dbd84735ed1bd75819d698625d4c37369c60acab5f321b22fbb2?s=96&d=mm&r=g","caption":"Vilnius Film Office"},"url":"https:\/\/filmvilnius.com\/lt\/author\/ce5c1052f3e77e32\/"}]}},"_links":{"self":[{"href":"https:\/\/filmvilnius.com\/lt\/wp-json\/wp\/v2\/posts\/16816","targetHints":{"allow":["GET"]}}],"collection":[{"href":"https:\/\/filmvilnius.com\/lt\/wp-json\/wp\/v2\/posts"}],"about":[{"href":"https:\/\/filmvilnius.com\/lt\/wp-json\/wp\/v2\/types\/post"}],"author":[{"embeddable":true,"href":"https:\/\/filmvilnius.com\/lt\/wp-json\/wp\/v2\/users\/6"}],"replies":[{"embeddable":true,"href":"https:\/\/filmvilnius.com\/lt\/wp-json\/wp\/v2\/comments?post=16816"}],"version-history":[{"count":6,"href":"https:\/\/filmvilnius.com\/lt\/wp-json\/wp\/v2\/posts\/16816\/revisions"}],"predecessor-version":[{"id":16829,"href":"https:\/\/filmvilnius.com\/lt\/wp-json\/wp\/v2\/posts\/16816\/revisions\/16829"}],"wp:featuredmedia":[{"embeddable":true,"href":"https:\/\/filmvilnius.com\/lt\/wp-json\/wp\/v2\/media\/16826"}],"wp:attachment":[{"href":"https:\/\/filmvilnius.com\/lt\/wp-json\/wp\/v2\/media?parent=16816"}],"wp:term":[{"taxonomy":"category","embeddable":true,"href":"https:\/\/filmvilnius.com\/lt\/wp-json\/wp\/v2\/categories?post=16816"},{"taxonomy":"post_tag","embeddable":true,"href":"https:\/\/filmvilnius.com\/lt\/wp-json\/wp\/v2\/tags?post=16816"}],"curies":[{"name":"wp","href":"https:\/\/api.w.org\/{rel}","templated":true}]}}