{"id":17092,"date":"2023-04-14T14:14:46","date_gmt":"2023-04-14T14:14:46","guid":{"rendered":"https:\/\/filmvilnius.com\/?p=17092"},"modified":"2026-04-28T09:35:34","modified_gmt":"2026-04-28T07:35:34","slug":"lietuvoje-filmuojamame-amerikieciu-rezisieriaus-filme-vaikyste-ukrainoje","status":"publish","type":"post","link":"https:\/\/filmvilnius.com\/lt\/lietuvoje-filmuojamame-amerikieciu-rezisieriaus-filme-vaikyste-ukrainoje\/","title":{"rendered":"Lietuvoje filmuojamame amerikie\u010di\u0173 re\u017eisieriaus filme \u2013 vaikyst\u0117 Ukrainoje"},"content":{"rendered":"<p>Ukrainie\u010di\u0173 kilm\u0117s amerikie\u010di\u0173 re\u017eisierius Glebas Osatinski baland\u017eio 13\u201319 dienomis Vilniuje ir Elektr\u0117nuose filmuoja nauj\u0105 trumpo metro film\u0105 \u201eResentment\u201c (liet. \u201eApmaudas\u201c), kuriame kino k\u016br\u0117jas prisimena skaud\u017eias vaikyst\u0117s patirtis gimtojoje \u0161alyje sovietme\u010dio pabaigoje.<\/p>\n<p>Niujorke gyvenantis re\u017eisierius jau yra suk\u016br\u0119s 6 trumpo metro filmus, kurie sulauk\u0117 apdovanojim\u0173 ir pripa\u017einimo \u0160iaur\u0117s Amerikos kino festivaliuose. Jo juostos \u201eT\u0117vas\u201c (\u201eFather\u201c, 2020) premjera \u012fvyko Krokuvos kino festivalyje, kur filmas buvo nominuotas geriausio trumpametra\u017eio kategorijoje.<\/p>\n<p>\u0160iuo metu filmuojamoje juostoje veiksmas nusikelia \u012f 1987 m. Ukrain\u0105, kur \u017eydas berniukas bando pab\u0117gti nuo j\u012f slegian\u010dios aplinkos, ta\u010diau tam trukdo jo t\u0117vo nenoras palikti namus. J\u0173 siek\u012f ramiai gyventi sudrums\u010dia antisemitini\u0173 pa\u017ei\u016br\u0173 kaimynas, tod\u0117l berniukas nusprend\u017eia visk\u0105 i\u0161spr\u0119sti pats.<\/p>\n<p>\u201eKol esame jaunesni, ka\u017eko ie\u0161kome. Tai gra\u017eus jausmas. Nor\u0117jau gr\u012f\u017eti \u012f Ukrain\u0105 ir v\u0117l tai pajausti, i\u0161 naujo patirti per film\u0105. Kai prasid\u0117jo karas, man tapo svarbu palaikyti gimt\u0105j\u0105 \u0161al\u012f. \u012evykiai kartojasi ir istorija sukasi ratu, taip sujungdama praeit\u012f su dabartimi. Taip \u0161i\u0173 dien\u0173 kontekste filmo istorija tampa svarbia, aktualia ir universalia. Daug \u017emoni\u0173 gali pamatyti \u0161ias s\u0105sajas ir susieti jas su \u0161i\u0173 dien\u0173 \u012fvykiais. I\u0161 pat prad\u017ei\u0173 galvojau film\u0105 filmuoti Ukrainoje. A\u0161 ten gimiau ir paskutin\u012fkart lankiausi 1994 m. Nor\u0117jau parve\u017eti \u0161i\u0105 istorij\u0105 namo ir filmuoti savo gimtoje \u0161alyje. Ta\u010diau kai prasid\u0117jo karas, tai buvo ne\u012fmanoma. Kai pirm\u0105kart apsilankiau Vilniuje, nustebau, kiek jis man primin\u0117 Ukrain\u0105. Kuriant \u0161i\u0105 juost\u0105 buvo visoki\u0173 pakilim\u0173 ir nuosmuki\u0173. Per bendr\u0105 draug\u0105 Lietuvoje radau R\u016btos Petronyt\u0117s \u012fmon\u0119 \u201eSmart Casual\u201c. R\u016bta perskait\u0117 scenarij\u0173, suprato mano istorij\u0105 ir pasi\u016bl\u0117 savo \u012fmon\u0117s paslaugas\u201c, \u2013 apie savo pasirinkim\u0105 gr\u012f\u017eti \u012f vaikyst\u0119 Ukrainoje ir filmuoti Lietuvoje pasakojo re\u017eisierius G. Osatinski.<\/p>\n<figure id=\"attachment_17095\" aria-describedby=\"caption-attachment-17095\" style=\"width: 1350px\" class=\"wp-caption aligncenter\"><img fetchpriority=\"high\" decoding=\"async\" class=\"wp-image-17095\" src=\"https:\/\/filmvilnius.com\/wp-content\/uploads\/2023\/04\/Aktorius-Vlad-Baliuk-300x225.jpg\" alt=\"\" width=\"1350\" height=\"1013\" srcset=\"https:\/\/filmvilnius.com\/wp-content\/uploads\/2023\/04\/Aktorius-Vlad-Baliuk-300x225.jpg 300w, https:\/\/filmvilnius.com\/wp-content\/uploads\/2023\/04\/Aktorius-Vlad-Baliuk-1024x768.jpg 1024w, https:\/\/filmvilnius.com\/wp-content\/uploads\/2023\/04\/Aktorius-Vlad-Baliuk-768x576.jpg 768w, https:\/\/filmvilnius.com\/wp-content\/uploads\/2023\/04\/Aktorius-Vlad-Baliuk-1536x1152.jpg 1536w, https:\/\/filmvilnius.com\/wp-content\/uploads\/2023\/04\/Aktorius-Vlad-Baliuk-2048x1536.jpg 2048w\" sizes=\"(max-width: 1350px) 100vw, 1350px\" \/><figcaption id=\"caption-attachment-17095\" class=\"wp-caption-text\">Prane\u0161imo spaudai nuotr.<\/figcaption><\/figure>\n<figure id=\"attachment_17097\" aria-describedby=\"caption-attachment-17097\" style=\"width: 1350px\" class=\"wp-caption aligncenter\"><img decoding=\"async\" class=\"wp-image-17097\" src=\"https:\/\/filmvilnius.com\/wp-content\/uploads\/2023\/04\/RESENTMENT-filmo-komanda-300x225.jpg\" alt=\"\" width=\"1350\" height=\"1013\" srcset=\"https:\/\/filmvilnius.com\/wp-content\/uploads\/2023\/04\/RESENTMENT-filmo-komanda-300x225.jpg 300w, https:\/\/filmvilnius.com\/wp-content\/uploads\/2023\/04\/RESENTMENT-filmo-komanda-1024x768.jpg 1024w, https:\/\/filmvilnius.com\/wp-content\/uploads\/2023\/04\/RESENTMENT-filmo-komanda-768x576.jpg 768w, https:\/\/filmvilnius.com\/wp-content\/uploads\/2023\/04\/RESENTMENT-filmo-komanda-1536x1152.jpg 1536w, https:\/\/filmvilnius.com\/wp-content\/uploads\/2023\/04\/RESENTMENT-filmo-komanda-2048x1536.jpg 2048w\" sizes=\"(max-width: 1350px) 100vw, 1350px\" \/><figcaption id=\"caption-attachment-17097\" class=\"wp-caption-text\">Prane\u0161imo spaudai nuotr.<\/figcaption><\/figure>\n<p>Filmo \u201eApmaudas\u201c k\u016brimui G. Osatinski gavo param\u0105 i\u0161 Gothamo kino instituto bei 2020 m. Kolumbijos universitete jam suteikta Katherinos Otto-Bernstein stipendija. Juostoje pagrindinius vaidmenis atlieka ukrainie\u010di\u0173 ir baltarusi\u0173 aktoriai, ta\u010diau antraplaniuose vaidmenyse taip pat bus galima i\u0161vysti Vaidot\u0105 Martinait\u012f bei Regin\u0105 Arba\u010diauskait\u0119.<\/p>\n<p>Filmo gamyba Lietuvoje r\u016bpinasi prodiuserin\u0117 \u012fmon\u0117 \u201eSmart Casual\u201c. Jos \u012fk\u016br\u0117ja kino prodiuser\u0117 R. Petronyt\u0117 d\u017eiaugiasi, kad u\u017esienio kino k\u016br\u0117jai atranda Lietuv\u0105 ne tik d\u0117l lokacij\u0173, pelno mokes\u010dio lengvatos, profesionali\u0173 technini\u0173 darbuotoj\u0173, ta\u010diau ir d\u0117l jaunosios kartos k\u016brybin\u0117s komandos, kurios did\u017eioji dalis \u2013 lietuviai. Taip pat juostoje filmuojasi ir nuo karo pab\u0117g\u0119 \u017emon\u0117s: \u201eM\u016bs\u0173 komanda tiki, jog \u0161i\u0173 laik\u0173 kontekste labai svarbu filmuoti tokius filmus. Tuo labiau, kad pagrindinius vaidmenis atlieka ir ukrainie\u010diai, atvyk\u0119 tiek i\u0161 nuo karo ken\u010dian\u010dios Ukrainos, tiek pab\u0117g\u0119 \u012f Airij\u0105 ar London\u0105. D\u017eiaugiam\u0117s, kad prie projekto prisijung\u0117 ir Lietuvoje reziduojantys baltarusiai\u201c, \u2013 teig\u0117 prodiuser\u0117 R. Petronyt\u0117.<\/p>\n<p>Filme gamybos dizaino darbus atlieka Greta Vileikyt\u0117, kostiumais r\u016bpinasi Fauta Naujal\u0117. Juost\u0105 filmuoja Vytautas Katkus, pra\u0117jusiais metais Kan\u0173 kino festivalyje dalyvav\u0119s pagrindin\u0117je konkursin\u0117je programoje su savo re\u017eisuotu filmu \u201eUogos\u201c. Lietuvi\u0173 kino k\u016br\u0117jas per pastaruosius metus nufilmavo nema\u017eai ilgo ir trumpo metro juost\u0173: Sauliaus Baradinsko \u201eTechno, Mama\u201c, Birut\u0117s Kapustinskait\u0117s \u201eMotinos\u201c, Aist\u0117s \u017degulyt\u0117s \u201eAnimus Animalis\u201c.<\/p>\n<p>Filmo premjera tarptautiniuose kino festivaliuose numatoma kit\u0173 met\u0173 pavasar\u012f.<\/p>\n","protected":false},"excerpt":{"rendered":"<p>Ukrainie\u010di\u0173 kilm\u0117s amerikie\u010di\u0173 re\u017eisierius Glebas Osatinski baland\u017eio 13\u201319 dienomis Vilniuje ir Elektr\u0117nuose filmuoja nauj\u0105 trumpo metro film\u0105 \u201eResentment\u201c (liet. \u201eApmaudas\u201c), kuriame kino k\u016br\u0117jas prisimena skaud\u017eias vaikyst\u0117s patirtis gimtojoje \u0161alyje sovietme\u010dio pabaigoje. Niujorke gyvenantis re\u017eisierius jau yra suk\u016br\u0119s 6 trumpo metro filmus, kurie sulauk\u0117 apdovanojim\u0173 ir pripa\u017einimo \u0160iaur\u0117s Amerikos kino festivaliuose. Jo juostos \u201eT\u0117vas\u201c (\u201eFather\u201c, 2020) [&hellip;]<\/p>\n","protected":false},"author":6,"featured_media":17093,"comment_status":"closed","ping_status":"open","sticky":false,"template":"","format":"standard","meta":{"_acf_changed":false,"_monsterinsights_skip_tracking":false,"_monsterinsights_sitenote_active":false,"_monsterinsights_sitenote_note":"","_monsterinsights_sitenote_category":0,"footnotes":""},"categories":[160,58],"tags":[],"class_list":["post-17092","post","type-post","status-publish","format-standard","has-post-thumbnail","hentry","category-filmavimai-vilniuje","category-news"],"acf":[],"yoast_head":"<!-- This site is optimized with the Yoast SEO plugin v27.4 - https:\/\/yoast.com\/product\/yoast-seo-wordpress\/ -->\n<title>Lietuvoje filmuojamame amerikie\u010di\u0173 re\u017eisieriaus filme \u2013 vaikyst\u0117 Ukrainoje - Vilnius film office<\/title>\n<meta name=\"description\" content=\"Ukrainie\u010di\u0173 kilm\u0117s amerikie\u010di\u0173 re\u017eisierius Glebas Osatinski baland\u017eio 13\u201319 dienomis Vilniuje ir Elektr\u0117nuose filmuoja nauj\u0105 trumpo metro film\u0105 \u201eResentment\u201c\" \/>\n<meta name=\"robots\" content=\"index, follow, max-snippet:-1, max-image-preview:large, max-video-preview:-1\" \/>\n<link rel=\"canonical\" href=\"https:\/\/filmvilnius.com\/lt\/lietuvoje-filmuojamame-amerikieciu-rezisieriaus-filme-vaikyste-ukrainoje\/\" \/>\n<meta property=\"og:locale\" content=\"lt_LT\" \/>\n<meta property=\"og:type\" content=\"article\" \/>\n<meta property=\"og:title\" content=\"Lietuvoje filmuojamame amerikie\u010di\u0173 re\u017eisieriaus filme \u2013 vaikyst\u0117 Ukrainoje - Vilnius film office\" \/>\n<meta property=\"og:description\" content=\"Ukrainie\u010di\u0173 kilm\u0117s amerikie\u010di\u0173 re\u017eisierius Glebas Osatinski baland\u017eio 13\u201319 dienomis Vilniuje ir Elektr\u0117nuose filmuoja nauj\u0105 trumpo metro film\u0105 \u201eResentment\u201c\" \/>\n<meta property=\"og:url\" content=\"https:\/\/filmvilnius.com\/lt\/lietuvoje-filmuojamame-amerikieciu-rezisieriaus-filme-vaikyste-ukrainoje\/\" \/>\n<meta property=\"og:site_name\" content=\"Vilnius film office\" \/>\n<meta property=\"article:publisher\" content=\"https:\/\/www.facebook.com\/filmvilnius\" \/>\n<meta property=\"article:published_time\" content=\"2023-04-14T14:14:46+00:00\" \/>\n<meta property=\"article:modified_time\" content=\"2026-04-28T07:35:34+00:00\" \/>\n<meta property=\"og:image\" content=\"https:\/\/filmvilnius.com\/wp-content\/uploads\/2023\/04\/Rezisierius-Gleb-Osatinski-ir-operatorius-Vytautas-Katkus-scaled.jpg\" \/>\n\t<meta property=\"og:image:width\" content=\"2560\" \/>\n\t<meta property=\"og:image:height\" content=\"1920\" \/>\n\t<meta property=\"og:image:type\" content=\"image\/jpeg\" \/>\n<meta name=\"author\" content=\"Vilnius Film Office\" \/>\n<meta name=\"twitter:card\" content=\"summary_large_image\" \/>\n<meta name=\"twitter:creator\" content=\"@FilmVilnius\" \/>\n<meta name=\"twitter:site\" content=\"@FilmVilnius\" \/>\n<meta name=\"twitter:label1\" content=\"Written by\" \/>\n\t<meta name=\"twitter:data1\" content=\"Vilnius Film Office\" \/>\n\t<meta name=\"twitter:label2\" content=\"Est. reading time\" \/>\n\t<meta name=\"twitter:data2\" content=\"3 minut\u0117s\" \/>\n<script type=\"application\/ld+json\" class=\"yoast-schema-graph\">{\"@context\":\"https:\\\/\\\/schema.org\",\"@graph\":[{\"@type\":\"Article\",\"@id\":\"https:\\\/\\\/filmvilnius.com\\\/lt\\\/lietuvoje-filmuojamame-amerikieciu-rezisieriaus-filme-vaikyste-ukrainoje\\\/#article\",\"isPartOf\":{\"@id\":\"https:\\\/\\\/filmvilnius.com\\\/lt\\\/lietuvoje-filmuojamame-amerikieciu-rezisieriaus-filme-vaikyste-ukrainoje\\\/\"},\"author\":{\"name\":\"Vilnius Film Office\",\"@id\":\"https:\\\/\\\/filmvilnius.com\\\/#\\\/schema\\\/person\\\/8572c7f289890809bfa364d48f8dded5\"},\"headline\":\"Lietuvoje filmuojamame amerikie\u010di\u0173 re\u017eisieriaus filme \u2013 vaikyst\u0117 Ukrainoje\",\"datePublished\":\"2023-04-14T14:14:46+00:00\",\"dateModified\":\"2026-04-28T07:35:34+00:00\",\"mainEntityOfPage\":{\"@id\":\"https:\\\/\\\/filmvilnius.com\\\/lt\\\/lietuvoje-filmuojamame-amerikieciu-rezisieriaus-filme-vaikyste-ukrainoje\\\/\"},\"wordCount\":574,\"publisher\":{\"@id\":\"https:\\\/\\\/filmvilnius.com\\\/#organization\"},\"image\":{\"@id\":\"https:\\\/\\\/filmvilnius.com\\\/lt\\\/lietuvoje-filmuojamame-amerikieciu-rezisieriaus-filme-vaikyste-ukrainoje\\\/#primaryimage\"},\"thumbnailUrl\":\"https:\\\/\\\/filmvilnius.com\\\/wp-content\\\/uploads\\\/2023\\\/04\\\/Rezisierius-Gleb-Osatinski-ir-operatorius-Vytautas-Katkus-scaled.jpg\",\"articleSection\":[\"Filmavimai Vilniuje\",\"Naujienos\"],\"inLanguage\":\"lt-LT\"},{\"@type\":\"WebPage\",\"@id\":\"https:\\\/\\\/filmvilnius.com\\\/lt\\\/lietuvoje-filmuojamame-amerikieciu-rezisieriaus-filme-vaikyste-ukrainoje\\\/\",\"url\":\"https:\\\/\\\/filmvilnius.com\\\/lt\\\/lietuvoje-filmuojamame-amerikieciu-rezisieriaus-filme-vaikyste-ukrainoje\\\/\",\"name\":\"Lietuvoje filmuojamame amerikie\u010di\u0173 re\u017eisieriaus filme \u2013 vaikyst\u0117 Ukrainoje - Vilnius film office\",\"isPartOf\":{\"@id\":\"https:\\\/\\\/filmvilnius.com\\\/#website\"},\"primaryImageOfPage\":{\"@id\":\"https:\\\/\\\/filmvilnius.com\\\/lt\\\/lietuvoje-filmuojamame-amerikieciu-rezisieriaus-filme-vaikyste-ukrainoje\\\/#primaryimage\"},\"image\":{\"@id\":\"https:\\\/\\\/filmvilnius.com\\\/lt\\\/lietuvoje-filmuojamame-amerikieciu-rezisieriaus-filme-vaikyste-ukrainoje\\\/#primaryimage\"},\"thumbnailUrl\":\"https:\\\/\\\/filmvilnius.com\\\/wp-content\\\/uploads\\\/2023\\\/04\\\/Rezisierius-Gleb-Osatinski-ir-operatorius-Vytautas-Katkus-scaled.jpg\",\"datePublished\":\"2023-04-14T14:14:46+00:00\",\"dateModified\":\"2026-04-28T07:35:34+00:00\",\"description\":\"Ukrainie\u010di\u0173 kilm\u0117s amerikie\u010di\u0173 re\u017eisierius Glebas Osatinski baland\u017eio 13\u201319 dienomis Vilniuje ir Elektr\u0117nuose filmuoja nauj\u0105 trumpo metro film\u0105 \u201eResentment\u201c\",\"breadcrumb\":{\"@id\":\"https:\\\/\\\/filmvilnius.com\\\/lt\\\/lietuvoje-filmuojamame-amerikieciu-rezisieriaus-filme-vaikyste-ukrainoje\\\/#breadcrumb\"},\"inLanguage\":\"lt-LT\",\"potentialAction\":[{\"@type\":\"ReadAction\",\"target\":[\"https:\\\/\\\/filmvilnius.com\\\/lt\\\/lietuvoje-filmuojamame-amerikieciu-rezisieriaus-filme-vaikyste-ukrainoje\\\/\"]}]},{\"@type\":\"ImageObject\",\"inLanguage\":\"lt-LT\",\"@id\":\"https:\\\/\\\/filmvilnius.com\\\/lt\\\/lietuvoje-filmuojamame-amerikieciu-rezisieriaus-filme-vaikyste-ukrainoje\\\/#primaryimage\",\"url\":\"https:\\\/\\\/filmvilnius.com\\\/wp-content\\\/uploads\\\/2023\\\/04\\\/Rezisierius-Gleb-Osatinski-ir-operatorius-Vytautas-Katkus-scaled.jpg\",\"contentUrl\":\"https:\\\/\\\/filmvilnius.com\\\/wp-content\\\/uploads\\\/2023\\\/04\\\/Rezisierius-Gleb-Osatinski-ir-operatorius-Vytautas-Katkus-scaled.jpg\",\"width\":2560,\"height\":1920},{\"@type\":\"BreadcrumbList\",\"@id\":\"https:\\\/\\\/filmvilnius.com\\\/lt\\\/lietuvoje-filmuojamame-amerikieciu-rezisieriaus-filme-vaikyste-ukrainoje\\\/#breadcrumb\",\"itemListElement\":[{\"@type\":\"ListItem\",\"position\":1,\"name\":\"Home\",\"item\":\"https:\\\/\\\/filmvilnius.com\\\/lt\\\/\"},{\"@type\":\"ListItem\",\"position\":2,\"name\":\"Lietuvoje filmuojamame amerikie\u010di\u0173 re\u017eisieriaus filme \u2013 vaikyst\u0117 Ukrainoje\"}]},{\"@type\":\"WebSite\",\"@id\":\"https:\\\/\\\/filmvilnius.com\\\/#website\",\"url\":\"https:\\\/\\\/filmvilnius.com\\\/\",\"name\":\"Vilnius film office\",\"description\":\"\",\"publisher\":{\"@id\":\"https:\\\/\\\/filmvilnius.com\\\/#organization\"},\"potentialAction\":[{\"@type\":\"SearchAction\",\"target\":{\"@type\":\"EntryPoint\",\"urlTemplate\":\"https:\\\/\\\/filmvilnius.com\\\/?s={search_term_string}\"},\"query-input\":{\"@type\":\"PropertyValueSpecification\",\"valueRequired\":true,\"valueName\":\"search_term_string\"}}],\"inLanguage\":\"lt-LT\"},{\"@type\":\"Organization\",\"@id\":\"https:\\\/\\\/filmvilnius.com\\\/#organization\",\"name\":\"Vilniaus kino biuras\",\"url\":\"https:\\\/\\\/filmvilnius.com\\\/\",\"logo\":{\"@type\":\"ImageObject\",\"inLanguage\":\"lt-LT\",\"@id\":\"https:\\\/\\\/filmvilnius.com\\\/#\\\/schema\\\/logo\\\/image\\\/\",\"url\":\"https:\\\/\\\/filmvilnius.com\\\/wp-content\\\/uploads\\\/2022\\\/12\\\/VKB-Logo-2022-EN-2-V.jpg\",\"contentUrl\":\"https:\\\/\\\/filmvilnius.com\\\/wp-content\\\/uploads\\\/2022\\\/12\\\/VKB-Logo-2022-EN-2-V.jpg\",\"width\":1419,\"height\":1418,\"caption\":\"Vilniaus kino biuras\"},\"image\":{\"@id\":\"https:\\\/\\\/filmvilnius.com\\\/#\\\/schema\\\/logo\\\/image\\\/\"},\"sameAs\":[\"https:\\\/\\\/www.facebook.com\\\/filmvilnius\",\"https:\\\/\\\/x.com\\\/FilmVilnius\",\"https:\\\/\\\/www.instagram.com\\\/filmvilnius\\\/\"]},{\"@type\":\"Person\",\"@id\":\"https:\\\/\\\/filmvilnius.com\\\/#\\\/schema\\\/person\\\/8572c7f289890809bfa364d48f8dded5\",\"name\":\"Vilnius Film Office\",\"image\":{\"@type\":\"ImageObject\",\"inLanguage\":\"lt-LT\",\"@id\":\"https:\\\/\\\/secure.gravatar.com\\\/avatar\\\/2f93c625b891dbd84735ed1bd75819d698625d4c37369c60acab5f321b22fbb2?s=96&d=mm&r=g\",\"url\":\"https:\\\/\\\/secure.gravatar.com\\\/avatar\\\/2f93c625b891dbd84735ed1bd75819d698625d4c37369c60acab5f321b22fbb2?s=96&d=mm&r=g\",\"contentUrl\":\"https:\\\/\\\/secure.gravatar.com\\\/avatar\\\/2f93c625b891dbd84735ed1bd75819d698625d4c37369c60acab5f321b22fbb2?s=96&d=mm&r=g\",\"caption\":\"Vilnius Film Office\"},\"url\":\"https:\\\/\\\/filmvilnius.com\\\/lt\\\/author\\\/ce5c1052f3e77e32\\\/\"}]}<\/script>\n<!-- \/ Yoast SEO plugin. -->","yoast_head_json":{"title":"Lietuvoje filmuojamame amerikie\u010di\u0173 re\u017eisieriaus filme \u2013 vaikyst\u0117 Ukrainoje - Vilnius film office","description":"Ukrainie\u010di\u0173 kilm\u0117s amerikie\u010di\u0173 re\u017eisierius Glebas Osatinski baland\u017eio 13\u201319 dienomis Vilniuje ir Elektr\u0117nuose filmuoja nauj\u0105 trumpo metro film\u0105 \u201eResentment\u201c","robots":{"index":"index","follow":"follow","max-snippet":"max-snippet:-1","max-image-preview":"max-image-preview:large","max-video-preview":"max-video-preview:-1"},"canonical":"https:\/\/filmvilnius.com\/lt\/lietuvoje-filmuojamame-amerikieciu-rezisieriaus-filme-vaikyste-ukrainoje\/","og_locale":"lt_LT","og_type":"article","og_title":"Lietuvoje filmuojamame amerikie\u010di\u0173 re\u017eisieriaus filme \u2013 vaikyst\u0117 Ukrainoje - Vilnius film office","og_description":"Ukrainie\u010di\u0173 kilm\u0117s amerikie\u010di\u0173 re\u017eisierius Glebas Osatinski baland\u017eio 13\u201319 dienomis Vilniuje ir Elektr\u0117nuose filmuoja nauj\u0105 trumpo metro film\u0105 \u201eResentment\u201c","og_url":"https:\/\/filmvilnius.com\/lt\/lietuvoje-filmuojamame-amerikieciu-rezisieriaus-filme-vaikyste-ukrainoje\/","og_site_name":"Vilnius film office","article_publisher":"https:\/\/www.facebook.com\/filmvilnius","article_published_time":"2023-04-14T14:14:46+00:00","article_modified_time":"2026-04-28T07:35:34+00:00","og_image":[{"width":2560,"height":1920,"url":"https:\/\/filmvilnius.com\/wp-content\/uploads\/2023\/04\/Rezisierius-Gleb-Osatinski-ir-operatorius-Vytautas-Katkus-scaled.jpg","type":"image\/jpeg"}],"author":"Vilnius Film Office","twitter_card":"summary_large_image","twitter_creator":"@FilmVilnius","twitter_site":"@FilmVilnius","twitter_misc":{"Written by":"Vilnius Film Office","Est. reading time":"3 minut\u0117s"},"schema":{"@context":"https:\/\/schema.org","@graph":[{"@type":"Article","@id":"https:\/\/filmvilnius.com\/lt\/lietuvoje-filmuojamame-amerikieciu-rezisieriaus-filme-vaikyste-ukrainoje\/#article","isPartOf":{"@id":"https:\/\/filmvilnius.com\/lt\/lietuvoje-filmuojamame-amerikieciu-rezisieriaus-filme-vaikyste-ukrainoje\/"},"author":{"name":"Vilnius Film Office","@id":"https:\/\/filmvilnius.com\/#\/schema\/person\/8572c7f289890809bfa364d48f8dded5"},"headline":"Lietuvoje filmuojamame amerikie\u010di\u0173 re\u017eisieriaus filme \u2013 vaikyst\u0117 Ukrainoje","datePublished":"2023-04-14T14:14:46+00:00","dateModified":"2026-04-28T07:35:34+00:00","mainEntityOfPage":{"@id":"https:\/\/filmvilnius.com\/lt\/lietuvoje-filmuojamame-amerikieciu-rezisieriaus-filme-vaikyste-ukrainoje\/"},"wordCount":574,"publisher":{"@id":"https:\/\/filmvilnius.com\/#organization"},"image":{"@id":"https:\/\/filmvilnius.com\/lt\/lietuvoje-filmuojamame-amerikieciu-rezisieriaus-filme-vaikyste-ukrainoje\/#primaryimage"},"thumbnailUrl":"https:\/\/filmvilnius.com\/wp-content\/uploads\/2023\/04\/Rezisierius-Gleb-Osatinski-ir-operatorius-Vytautas-Katkus-scaled.jpg","articleSection":["Filmavimai Vilniuje","Naujienos"],"inLanguage":"lt-LT"},{"@type":"WebPage","@id":"https:\/\/filmvilnius.com\/lt\/lietuvoje-filmuojamame-amerikieciu-rezisieriaus-filme-vaikyste-ukrainoje\/","url":"https:\/\/filmvilnius.com\/lt\/lietuvoje-filmuojamame-amerikieciu-rezisieriaus-filme-vaikyste-ukrainoje\/","name":"Lietuvoje filmuojamame amerikie\u010di\u0173 re\u017eisieriaus filme \u2013 vaikyst\u0117 Ukrainoje - Vilnius film office","isPartOf":{"@id":"https:\/\/filmvilnius.com\/#website"},"primaryImageOfPage":{"@id":"https:\/\/filmvilnius.com\/lt\/lietuvoje-filmuojamame-amerikieciu-rezisieriaus-filme-vaikyste-ukrainoje\/#primaryimage"},"image":{"@id":"https:\/\/filmvilnius.com\/lt\/lietuvoje-filmuojamame-amerikieciu-rezisieriaus-filme-vaikyste-ukrainoje\/#primaryimage"},"thumbnailUrl":"https:\/\/filmvilnius.com\/wp-content\/uploads\/2023\/04\/Rezisierius-Gleb-Osatinski-ir-operatorius-Vytautas-Katkus-scaled.jpg","datePublished":"2023-04-14T14:14:46+00:00","dateModified":"2026-04-28T07:35:34+00:00","description":"Ukrainie\u010di\u0173 kilm\u0117s amerikie\u010di\u0173 re\u017eisierius Glebas Osatinski baland\u017eio 13\u201319 dienomis Vilniuje ir Elektr\u0117nuose filmuoja nauj\u0105 trumpo metro film\u0105 \u201eResentment\u201c","breadcrumb":{"@id":"https:\/\/filmvilnius.com\/lt\/lietuvoje-filmuojamame-amerikieciu-rezisieriaus-filme-vaikyste-ukrainoje\/#breadcrumb"},"inLanguage":"lt-LT","potentialAction":[{"@type":"ReadAction","target":["https:\/\/filmvilnius.com\/lt\/lietuvoje-filmuojamame-amerikieciu-rezisieriaus-filme-vaikyste-ukrainoje\/"]}]},{"@type":"ImageObject","inLanguage":"lt-LT","@id":"https:\/\/filmvilnius.com\/lt\/lietuvoje-filmuojamame-amerikieciu-rezisieriaus-filme-vaikyste-ukrainoje\/#primaryimage","url":"https:\/\/filmvilnius.com\/wp-content\/uploads\/2023\/04\/Rezisierius-Gleb-Osatinski-ir-operatorius-Vytautas-Katkus-scaled.jpg","contentUrl":"https:\/\/filmvilnius.com\/wp-content\/uploads\/2023\/04\/Rezisierius-Gleb-Osatinski-ir-operatorius-Vytautas-Katkus-scaled.jpg","width":2560,"height":1920},{"@type":"BreadcrumbList","@id":"https:\/\/filmvilnius.com\/lt\/lietuvoje-filmuojamame-amerikieciu-rezisieriaus-filme-vaikyste-ukrainoje\/#breadcrumb","itemListElement":[{"@type":"ListItem","position":1,"name":"Home","item":"https:\/\/filmvilnius.com\/lt\/"},{"@type":"ListItem","position":2,"name":"Lietuvoje filmuojamame amerikie\u010di\u0173 re\u017eisieriaus filme \u2013 vaikyst\u0117 Ukrainoje"}]},{"@type":"WebSite","@id":"https:\/\/filmvilnius.com\/#website","url":"https:\/\/filmvilnius.com\/","name":"Vilnius film office","description":"","publisher":{"@id":"https:\/\/filmvilnius.com\/#organization"},"potentialAction":[{"@type":"SearchAction","target":{"@type":"EntryPoint","urlTemplate":"https:\/\/filmvilnius.com\/?s={search_term_string}"},"query-input":{"@type":"PropertyValueSpecification","valueRequired":true,"valueName":"search_term_string"}}],"inLanguage":"lt-LT"},{"@type":"Organization","@id":"https:\/\/filmvilnius.com\/#organization","name":"Vilniaus kino biuras","url":"https:\/\/filmvilnius.com\/","logo":{"@type":"ImageObject","inLanguage":"lt-LT","@id":"https:\/\/filmvilnius.com\/#\/schema\/logo\/image\/","url":"https:\/\/filmvilnius.com\/wp-content\/uploads\/2022\/12\/VKB-Logo-2022-EN-2-V.jpg","contentUrl":"https:\/\/filmvilnius.com\/wp-content\/uploads\/2022\/12\/VKB-Logo-2022-EN-2-V.jpg","width":1419,"height":1418,"caption":"Vilniaus kino biuras"},"image":{"@id":"https:\/\/filmvilnius.com\/#\/schema\/logo\/image\/"},"sameAs":["https:\/\/www.facebook.com\/filmvilnius","https:\/\/x.com\/FilmVilnius","https:\/\/www.instagram.com\/filmvilnius\/"]},{"@type":"Person","@id":"https:\/\/filmvilnius.com\/#\/schema\/person\/8572c7f289890809bfa364d48f8dded5","name":"Vilnius Film Office","image":{"@type":"ImageObject","inLanguage":"lt-LT","@id":"https:\/\/secure.gravatar.com\/avatar\/2f93c625b891dbd84735ed1bd75819d698625d4c37369c60acab5f321b22fbb2?s=96&d=mm&r=g","url":"https:\/\/secure.gravatar.com\/avatar\/2f93c625b891dbd84735ed1bd75819d698625d4c37369c60acab5f321b22fbb2?s=96&d=mm&r=g","contentUrl":"https:\/\/secure.gravatar.com\/avatar\/2f93c625b891dbd84735ed1bd75819d698625d4c37369c60acab5f321b22fbb2?s=96&d=mm&r=g","caption":"Vilnius Film Office"},"url":"https:\/\/filmvilnius.com\/lt\/author\/ce5c1052f3e77e32\/"}]}},"_links":{"self":[{"href":"https:\/\/filmvilnius.com\/lt\/wp-json\/wp\/v2\/posts\/17092","targetHints":{"allow":["GET"]}}],"collection":[{"href":"https:\/\/filmvilnius.com\/lt\/wp-json\/wp\/v2\/posts"}],"about":[{"href":"https:\/\/filmvilnius.com\/lt\/wp-json\/wp\/v2\/types\/post"}],"author":[{"embeddable":true,"href":"https:\/\/filmvilnius.com\/lt\/wp-json\/wp\/v2\/users\/6"}],"replies":[{"embeddable":true,"href":"https:\/\/filmvilnius.com\/lt\/wp-json\/wp\/v2\/comments?post=17092"}],"version-history":[{"count":1,"href":"https:\/\/filmvilnius.com\/lt\/wp-json\/wp\/v2\/posts\/17092\/revisions"}],"predecessor-version":[{"id":17099,"href":"https:\/\/filmvilnius.com\/lt\/wp-json\/wp\/v2\/posts\/17092\/revisions\/17099"}],"wp:featuredmedia":[{"embeddable":true,"href":"https:\/\/filmvilnius.com\/lt\/wp-json\/wp\/v2\/media\/17093"}],"wp:attachment":[{"href":"https:\/\/filmvilnius.com\/lt\/wp-json\/wp\/v2\/media?parent=17092"}],"wp:term":[{"taxonomy":"category","embeddable":true,"href":"https:\/\/filmvilnius.com\/lt\/wp-json\/wp\/v2\/categories?post=17092"},{"taxonomy":"post_tag","embeddable":true,"href":"https:\/\/filmvilnius.com\/lt\/wp-json\/wp\/v2\/tags?post=17092"}],"curies":[{"name":"wp","href":"https:\/\/api.w.org\/{rel}","templated":true}]}}