{"id":17179,"date":"2023-05-08T08:52:04","date_gmt":"2023-05-08T08:52:04","guid":{"rendered":"https:\/\/filmvilnius.com\/?p=17179"},"modified":"2026-04-28T09:34:36","modified_gmt":"2026-04-28T07:34:36","slug":"sidabrinei-gervei-nominuota-drama-eisiu-kiek-reikes-atkeliauja-i-kino-teatrus","status":"publish","type":"post","link":"https:\/\/filmvilnius.com\/lt\/sidabrinei-gervei-nominuota-drama-eisiu-kiek-reikes-atkeliauja-i-kino-teatrus\/","title":{"rendered":"\u201eSidabrinei gervei\u201c nominuota drama \u201eEisiu, kiek reik\u0117s\u201c atkeliauja \u012f kino teatrus"},"content":{"rendered":"<p><strong>Pra\u0117jusi\u0105 savait\u0119 paskelbta, kas tapo Lietuvos nacionalini\u0173 kino apdovanojim\u0173 \u201eSidabrin\u0117 gerv\u0117\u201c nominantais. Tarp j\u0173 \u2013 Serbijos, Lietuvos, Liuksemburgo, Pranc\u016bzijos ir Bulgarijos bendros gamybos filmas \u201eEisiu, kiek reik\u0117s\u201c. \u0160is filmas pretenduoja tapti geriausiu ma\u017eumos bendros gamybos filmu. Filmo kompozitorius \u2013 Martynas Bialob\u017eeskis. Filmo spalv\u0173 dailinink\u0117 \u2013 Julija Steponavi\u010di\u016bt\u0117.<\/strong><\/p>\n<p>\u201eOskarui\u201c nominuotas Serbijos re\u017eisieriaus Stefano Arsenijevi\u0107iaus filmas \u201eEisiu, kiek reik\u0117s\u201c pasakoja abejing\u0173 nepaliekan\u010di\u0105 pab\u0117g\u0117li\u0173 poros, ie\u0161kan\u010dios savo vietos Europoje, istorij\u0105. Strahinja su \u017emona Ababuo pab\u0117ga \u012f Europ\u0105 i\u0161 Ganos. Strahinja kaip i\u0161manydamas stengiasi prad\u0117ti nauj\u0105 gyvenim\u0105, o Ababuo jau\u010diasi vis nelaimingesn\u0117. Vien\u0105 nakt\u012f ji dingsta&#8230;<\/p>\n<p>Pasak filmo prodiuserio Lietuvoje K\u0119stu\u010dio Drazdausko, \u201eEisiu, kiek reik\u0117s\u201c \u2013 ne tik aktualus ir paveikus filmas, padedantis geriau suprasti pab\u0117g\u0117li\u0173 pad\u0117ties Europoje daugiasluoksni\u0161kum\u0105, bet ir puikus Europos \u0161ali\u0173 bendradarbiavimo pavyzdys.<\/p>\n<p>\u201eFilm\u0105 \u201eEisiu, kiek reik\u0117s\u201c k\u016br\u0117me per penkias \u0161alis. Ir nors filmo gamybos eig\u0105, kai prie jos prisideda tiek daug kino k\u016br\u0117j\u0173 i\u0161 skirting\u0173 \u0161ali\u0173, suvaldyti kiek sunkiau, tikiu, kad kartu tai filmui suteikia daugiau naudos \u2013 bendradarbiaujant prieinama prie stipresni\u0173 k\u016brybos sprendim\u0173. Tai, manau, yra ir viena i\u0161 prie\u017eas\u010di\u0173, kod\u0117l \u0161is filmas yra laim\u0117j\u0119s jau 30 apdovanojim\u0173 ir yra aktualus ne tik Serbijoje, bet ir visame pasaulyje. Vien presti\u017einiame tarptautiniame kino festivalyje \u201eKarlovy Vary\u201c \u010cekijoje, kur ir \u012fvyko \u0161io filmo premjera, jis laim\u0117jo penkis apdovanojimus, i\u0161 j\u0173 \u2013 Grand Prix ir geriausio aktoriaus apdovanojim\u0105\u201c, \u2013 teigia K. Drazdauskas.<\/p>\n<p>Filmas \u201eEisiu, kiek reik\u0117s\u201c kino teatrus pasieks gegu\u017e\u0117s 12 dien\u0105, o bir\u017eelio 4 dien\u0105 Kaune vyksian\u010dioje ceremonijoje paai\u0161k\u0117s \u201eSidabrin\u0117s gerv\u0117s\u201c laim\u0117tojai.<\/p>\n<p>Filmo gamintojas Lietuvoje \u2013 kino gamybos \u012fmon\u0117 UAB \u201eArtbox\u201c. Filmo r\u0117m\u0117jas \u2013 Lietuvos kino centras.<\/p>\n","protected":false},"excerpt":{"rendered":"<p>Pra\u0117jusi\u0105 savait\u0119 paskelbta, kas tapo Lietuvos nacionalini\u0173 kino apdovanojim\u0173 \u201eSidabrin\u0117 gerv\u0117\u201c nominantais. Tarp j\u0173 \u2013 Serbijos, Lietuvos, Liuksemburgo, Pranc\u016bzijos ir Bulgarijos bendros gamybos filmas \u201eEisiu, kiek reik\u0117s\u201c. \u0160is filmas pretenduoja tapti geriausiu ma\u017eumos bendros gamybos filmu. Filmo kompozitorius \u2013 Martynas Bialob\u017eeskis. Filmo spalv\u0173 dailinink\u0117 \u2013 Julija Steponavi\u010di\u016bt\u0117. \u201eOskarui\u201c nominuotas Serbijos re\u017eisieriaus Stefano Arsenijevi\u0107iaus filmas \u201eEisiu, [&hellip;]<\/p>\n","protected":false},"author":6,"featured_media":17180,"comment_status":"closed","ping_status":"open","sticky":false,"template":"","format":"standard","meta":{"_acf_changed":false,"_monsterinsights_skip_tracking":false,"_monsterinsights_sitenote_active":false,"_monsterinsights_sitenote_note":"","_monsterinsights_sitenote_category":0,"footnotes":""},"categories":[155,58],"tags":[],"class_list":["post-17179","post","type-post","status-publish","format-standard","has-post-thumbnail","hentry","category-industrija-ir-renginiai","category-news"],"acf":[],"yoast_head":"<!-- This site is optimized with the Yoast SEO plugin v27.4 - https:\/\/yoast.com\/product\/yoast-seo-wordpress\/ -->\n<title>\u201eSidabrinei gervei\u201c nominuota drama \u201eEisiu, kiek reik\u0117s\u201c atkeliauja \u012f kino teatrus - Vilnius film office<\/title>\n<meta name=\"description\" content=\"Filmas \u201eEisiu, kiek reik\u0117s\u201c kino teatrus pasieks gegu\u017e\u0117s 12 dien\u0105,\" \/>\n<meta name=\"robots\" content=\"index, follow, max-snippet:-1, max-image-preview:large, max-video-preview:-1\" \/>\n<link rel=\"canonical\" href=\"https:\/\/filmvilnius.com\/lt\/sidabrinei-gervei-nominuota-drama-eisiu-kiek-reikes-atkeliauja-i-kino-teatrus\/\" \/>\n<meta property=\"og:locale\" content=\"lt_LT\" \/>\n<meta property=\"og:type\" content=\"article\" \/>\n<meta property=\"og:title\" content=\"\u201eSidabrinei gervei\u201c nominuota drama \u201eEisiu, kiek reik\u0117s\u201c atkeliauja \u012f kino teatrus - Vilnius film office\" \/>\n<meta property=\"og:description\" content=\"Filmas \u201eEisiu, kiek reik\u0117s\u201c kino teatrus pasieks gegu\u017e\u0117s 12 dien\u0105.\" \/>\n<meta property=\"og:url\" content=\"https:\/\/filmvilnius.com\/lt\/sidabrinei-gervei-nominuota-drama-eisiu-kiek-reikes-atkeliauja-i-kino-teatrus\/\" \/>\n<meta property=\"og:site_name\" content=\"Vilnius film office\" \/>\n<meta property=\"article:publisher\" content=\"https:\/\/www.facebook.com\/filmvilnius\" \/>\n<meta property=\"article:published_time\" content=\"2023-05-08T08:52:04+00:00\" \/>\n<meta property=\"article:modified_time\" content=\"2026-04-28T07:34:36+00:00\" \/>\n<meta property=\"og:image\" content=\"https:\/\/filmvilnius.com\/wp-content\/uploads\/2023\/05\/As-Far-As-I-Can-Walk-Strahinya-in-the-bus-scaled.jpg\" \/>\n\t<meta property=\"og:image:width\" content=\"2560\" \/>\n\t<meta property=\"og:image:height\" content=\"1385\" \/>\n\t<meta property=\"og:image:type\" content=\"image\/jpeg\" \/>\n<meta name=\"author\" content=\"Vilnius Film Office\" \/>\n<meta name=\"twitter:card\" content=\"summary_large_image\" \/>\n<meta name=\"twitter:creator\" content=\"@FilmVilnius\" \/>\n<meta name=\"twitter:site\" content=\"@FilmVilnius\" \/>\n<meta name=\"twitter:label1\" content=\"Written by\" \/>\n\t<meta name=\"twitter:data1\" content=\"Vilnius Film Office\" \/>\n\t<meta name=\"twitter:label2\" content=\"Est. reading time\" \/>\n\t<meta name=\"twitter:data2\" content=\"2 minut\u0117s\" \/>\n<script type=\"application\/ld+json\" class=\"yoast-schema-graph\">{\"@context\":\"https:\\\/\\\/schema.org\",\"@graph\":[{\"@type\":\"Article\",\"@id\":\"https:\\\/\\\/filmvilnius.com\\\/lt\\\/sidabrinei-gervei-nominuota-drama-eisiu-kiek-reikes-atkeliauja-i-kino-teatrus\\\/#article\",\"isPartOf\":{\"@id\":\"https:\\\/\\\/filmvilnius.com\\\/lt\\\/sidabrinei-gervei-nominuota-drama-eisiu-kiek-reikes-atkeliauja-i-kino-teatrus\\\/\"},\"author\":{\"name\":\"Vilnius Film Office\",\"@id\":\"https:\\\/\\\/filmvilnius.com\\\/#\\\/schema\\\/person\\\/8572c7f289890809bfa364d48f8dded5\"},\"headline\":\"\u201eSidabrinei gervei\u201c nominuota drama \u201eEisiu, kiek reik\u0117s\u201c atkeliauja \u012f kino teatrus\",\"datePublished\":\"2023-05-08T08:52:04+00:00\",\"dateModified\":\"2026-04-28T07:34:36+00:00\",\"mainEntityOfPage\":{\"@id\":\"https:\\\/\\\/filmvilnius.com\\\/lt\\\/sidabrinei-gervei-nominuota-drama-eisiu-kiek-reikes-atkeliauja-i-kino-teatrus\\\/\"},\"wordCount\":304,\"publisher\":{\"@id\":\"https:\\\/\\\/filmvilnius.com\\\/#organization\"},\"image\":{\"@id\":\"https:\\\/\\\/filmvilnius.com\\\/lt\\\/sidabrinei-gervei-nominuota-drama-eisiu-kiek-reikes-atkeliauja-i-kino-teatrus\\\/#primaryimage\"},\"thumbnailUrl\":\"https:\\\/\\\/filmvilnius.com\\\/wp-content\\\/uploads\\\/2023\\\/05\\\/As-Far-As-I-Can-Walk-Strahinya-in-the-bus-scaled.jpg\",\"articleSection\":[\"Industrija ir renginiai\",\"Naujienos\"],\"inLanguage\":\"lt-LT\"},{\"@type\":\"WebPage\",\"@id\":\"https:\\\/\\\/filmvilnius.com\\\/lt\\\/sidabrinei-gervei-nominuota-drama-eisiu-kiek-reikes-atkeliauja-i-kino-teatrus\\\/\",\"url\":\"https:\\\/\\\/filmvilnius.com\\\/lt\\\/sidabrinei-gervei-nominuota-drama-eisiu-kiek-reikes-atkeliauja-i-kino-teatrus\\\/\",\"name\":\"\u201eSidabrinei gervei\u201c nominuota drama \u201eEisiu, kiek reik\u0117s\u201c atkeliauja \u012f kino teatrus - Vilnius film office\",\"isPartOf\":{\"@id\":\"https:\\\/\\\/filmvilnius.com\\\/#website\"},\"primaryImageOfPage\":{\"@id\":\"https:\\\/\\\/filmvilnius.com\\\/lt\\\/sidabrinei-gervei-nominuota-drama-eisiu-kiek-reikes-atkeliauja-i-kino-teatrus\\\/#primaryimage\"},\"image\":{\"@id\":\"https:\\\/\\\/filmvilnius.com\\\/lt\\\/sidabrinei-gervei-nominuota-drama-eisiu-kiek-reikes-atkeliauja-i-kino-teatrus\\\/#primaryimage\"},\"thumbnailUrl\":\"https:\\\/\\\/filmvilnius.com\\\/wp-content\\\/uploads\\\/2023\\\/05\\\/As-Far-As-I-Can-Walk-Strahinya-in-the-bus-scaled.jpg\",\"datePublished\":\"2023-05-08T08:52:04+00:00\",\"dateModified\":\"2026-04-28T07:34:36+00:00\",\"description\":\"Filmas \u201eEisiu, kiek reik\u0117s\u201c kino teatrus pasieks gegu\u017e\u0117s 12 dien\u0105,\",\"breadcrumb\":{\"@id\":\"https:\\\/\\\/filmvilnius.com\\\/lt\\\/sidabrinei-gervei-nominuota-drama-eisiu-kiek-reikes-atkeliauja-i-kino-teatrus\\\/#breadcrumb\"},\"inLanguage\":\"lt-LT\",\"potentialAction\":[{\"@type\":\"ReadAction\",\"target\":[\"https:\\\/\\\/filmvilnius.com\\\/lt\\\/sidabrinei-gervei-nominuota-drama-eisiu-kiek-reikes-atkeliauja-i-kino-teatrus\\\/\"]}]},{\"@type\":\"ImageObject\",\"inLanguage\":\"lt-LT\",\"@id\":\"https:\\\/\\\/filmvilnius.com\\\/lt\\\/sidabrinei-gervei-nominuota-drama-eisiu-kiek-reikes-atkeliauja-i-kino-teatrus\\\/#primaryimage\",\"url\":\"https:\\\/\\\/filmvilnius.com\\\/wp-content\\\/uploads\\\/2023\\\/05\\\/As-Far-As-I-Can-Walk-Strahinya-in-the-bus-scaled.jpg\",\"contentUrl\":\"https:\\\/\\\/filmvilnius.com\\\/wp-content\\\/uploads\\\/2023\\\/05\\\/As-Far-As-I-Can-Walk-Strahinya-in-the-bus-scaled.jpg\",\"width\":2560,\"height\":1385},{\"@type\":\"BreadcrumbList\",\"@id\":\"https:\\\/\\\/filmvilnius.com\\\/lt\\\/sidabrinei-gervei-nominuota-drama-eisiu-kiek-reikes-atkeliauja-i-kino-teatrus\\\/#breadcrumb\",\"itemListElement\":[{\"@type\":\"ListItem\",\"position\":1,\"name\":\"Home\",\"item\":\"https:\\\/\\\/filmvilnius.com\\\/lt\\\/\"},{\"@type\":\"ListItem\",\"position\":2,\"name\":\"\u201eSidabrinei gervei\u201c nominuota drama \u201eEisiu, kiek reik\u0117s\u201c atkeliauja \u012f kino teatrus\"}]},{\"@type\":\"WebSite\",\"@id\":\"https:\\\/\\\/filmvilnius.com\\\/#website\",\"url\":\"https:\\\/\\\/filmvilnius.com\\\/\",\"name\":\"Vilnius film office\",\"description\":\"\",\"publisher\":{\"@id\":\"https:\\\/\\\/filmvilnius.com\\\/#organization\"},\"potentialAction\":[{\"@type\":\"SearchAction\",\"target\":{\"@type\":\"EntryPoint\",\"urlTemplate\":\"https:\\\/\\\/filmvilnius.com\\\/?s={search_term_string}\"},\"query-input\":{\"@type\":\"PropertyValueSpecification\",\"valueRequired\":true,\"valueName\":\"search_term_string\"}}],\"inLanguage\":\"lt-LT\"},{\"@type\":\"Organization\",\"@id\":\"https:\\\/\\\/filmvilnius.com\\\/#organization\",\"name\":\"Vilniaus kino biuras\",\"url\":\"https:\\\/\\\/filmvilnius.com\\\/\",\"logo\":{\"@type\":\"ImageObject\",\"inLanguage\":\"lt-LT\",\"@id\":\"https:\\\/\\\/filmvilnius.com\\\/#\\\/schema\\\/logo\\\/image\\\/\",\"url\":\"https:\\\/\\\/filmvilnius.com\\\/wp-content\\\/uploads\\\/2022\\\/12\\\/VKB-Logo-2022-EN-2-V.jpg\",\"contentUrl\":\"https:\\\/\\\/filmvilnius.com\\\/wp-content\\\/uploads\\\/2022\\\/12\\\/VKB-Logo-2022-EN-2-V.jpg\",\"width\":1419,\"height\":1418,\"caption\":\"Vilniaus kino biuras\"},\"image\":{\"@id\":\"https:\\\/\\\/filmvilnius.com\\\/#\\\/schema\\\/logo\\\/image\\\/\"},\"sameAs\":[\"https:\\\/\\\/www.facebook.com\\\/filmvilnius\",\"https:\\\/\\\/x.com\\\/FilmVilnius\",\"https:\\\/\\\/www.instagram.com\\\/filmvilnius\\\/\"]},{\"@type\":\"Person\",\"@id\":\"https:\\\/\\\/filmvilnius.com\\\/#\\\/schema\\\/person\\\/8572c7f289890809bfa364d48f8dded5\",\"name\":\"Vilnius Film Office\",\"image\":{\"@type\":\"ImageObject\",\"inLanguage\":\"lt-LT\",\"@id\":\"https:\\\/\\\/secure.gravatar.com\\\/avatar\\\/2f93c625b891dbd84735ed1bd75819d698625d4c37369c60acab5f321b22fbb2?s=96&d=mm&r=g\",\"url\":\"https:\\\/\\\/secure.gravatar.com\\\/avatar\\\/2f93c625b891dbd84735ed1bd75819d698625d4c37369c60acab5f321b22fbb2?s=96&d=mm&r=g\",\"contentUrl\":\"https:\\\/\\\/secure.gravatar.com\\\/avatar\\\/2f93c625b891dbd84735ed1bd75819d698625d4c37369c60acab5f321b22fbb2?s=96&d=mm&r=g\",\"caption\":\"Vilnius Film Office\"},\"url\":\"https:\\\/\\\/filmvilnius.com\\\/lt\\\/author\\\/ce5c1052f3e77e32\\\/\"}]}<\/script>\n<!-- \/ Yoast SEO plugin. -->","yoast_head_json":{"title":"\u201eSidabrinei gervei\u201c nominuota drama \u201eEisiu, kiek reik\u0117s\u201c atkeliauja \u012f kino teatrus - Vilnius film office","description":"Filmas \u201eEisiu, kiek reik\u0117s\u201c kino teatrus pasieks gegu\u017e\u0117s 12 dien\u0105,","robots":{"index":"index","follow":"follow","max-snippet":"max-snippet:-1","max-image-preview":"max-image-preview:large","max-video-preview":"max-video-preview:-1"},"canonical":"https:\/\/filmvilnius.com\/lt\/sidabrinei-gervei-nominuota-drama-eisiu-kiek-reikes-atkeliauja-i-kino-teatrus\/","og_locale":"lt_LT","og_type":"article","og_title":"\u201eSidabrinei gervei\u201c nominuota drama \u201eEisiu, kiek reik\u0117s\u201c atkeliauja \u012f kino teatrus - Vilnius film office","og_description":"Filmas \u201eEisiu, kiek reik\u0117s\u201c kino teatrus pasieks gegu\u017e\u0117s 12 dien\u0105.","og_url":"https:\/\/filmvilnius.com\/lt\/sidabrinei-gervei-nominuota-drama-eisiu-kiek-reikes-atkeliauja-i-kino-teatrus\/","og_site_name":"Vilnius film office","article_publisher":"https:\/\/www.facebook.com\/filmvilnius","article_published_time":"2023-05-08T08:52:04+00:00","article_modified_time":"2026-04-28T07:34:36+00:00","og_image":[{"width":2560,"height":1385,"url":"https:\/\/filmvilnius.com\/wp-content\/uploads\/2023\/05\/As-Far-As-I-Can-Walk-Strahinya-in-the-bus-scaled.jpg","type":"image\/jpeg"}],"author":"Vilnius Film Office","twitter_card":"summary_large_image","twitter_creator":"@FilmVilnius","twitter_site":"@FilmVilnius","twitter_misc":{"Written by":"Vilnius Film Office","Est. reading time":"2 minut\u0117s"},"schema":{"@context":"https:\/\/schema.org","@graph":[{"@type":"Article","@id":"https:\/\/filmvilnius.com\/lt\/sidabrinei-gervei-nominuota-drama-eisiu-kiek-reikes-atkeliauja-i-kino-teatrus\/#article","isPartOf":{"@id":"https:\/\/filmvilnius.com\/lt\/sidabrinei-gervei-nominuota-drama-eisiu-kiek-reikes-atkeliauja-i-kino-teatrus\/"},"author":{"name":"Vilnius Film Office","@id":"https:\/\/filmvilnius.com\/#\/schema\/person\/8572c7f289890809bfa364d48f8dded5"},"headline":"\u201eSidabrinei gervei\u201c nominuota drama \u201eEisiu, kiek reik\u0117s\u201c atkeliauja \u012f kino teatrus","datePublished":"2023-05-08T08:52:04+00:00","dateModified":"2026-04-28T07:34:36+00:00","mainEntityOfPage":{"@id":"https:\/\/filmvilnius.com\/lt\/sidabrinei-gervei-nominuota-drama-eisiu-kiek-reikes-atkeliauja-i-kino-teatrus\/"},"wordCount":304,"publisher":{"@id":"https:\/\/filmvilnius.com\/#organization"},"image":{"@id":"https:\/\/filmvilnius.com\/lt\/sidabrinei-gervei-nominuota-drama-eisiu-kiek-reikes-atkeliauja-i-kino-teatrus\/#primaryimage"},"thumbnailUrl":"https:\/\/filmvilnius.com\/wp-content\/uploads\/2023\/05\/As-Far-As-I-Can-Walk-Strahinya-in-the-bus-scaled.jpg","articleSection":["Industrija ir renginiai","Naujienos"],"inLanguage":"lt-LT"},{"@type":"WebPage","@id":"https:\/\/filmvilnius.com\/lt\/sidabrinei-gervei-nominuota-drama-eisiu-kiek-reikes-atkeliauja-i-kino-teatrus\/","url":"https:\/\/filmvilnius.com\/lt\/sidabrinei-gervei-nominuota-drama-eisiu-kiek-reikes-atkeliauja-i-kino-teatrus\/","name":"\u201eSidabrinei gervei\u201c nominuota drama \u201eEisiu, kiek reik\u0117s\u201c atkeliauja \u012f kino teatrus - Vilnius film office","isPartOf":{"@id":"https:\/\/filmvilnius.com\/#website"},"primaryImageOfPage":{"@id":"https:\/\/filmvilnius.com\/lt\/sidabrinei-gervei-nominuota-drama-eisiu-kiek-reikes-atkeliauja-i-kino-teatrus\/#primaryimage"},"image":{"@id":"https:\/\/filmvilnius.com\/lt\/sidabrinei-gervei-nominuota-drama-eisiu-kiek-reikes-atkeliauja-i-kino-teatrus\/#primaryimage"},"thumbnailUrl":"https:\/\/filmvilnius.com\/wp-content\/uploads\/2023\/05\/As-Far-As-I-Can-Walk-Strahinya-in-the-bus-scaled.jpg","datePublished":"2023-05-08T08:52:04+00:00","dateModified":"2026-04-28T07:34:36+00:00","description":"Filmas \u201eEisiu, kiek reik\u0117s\u201c kino teatrus pasieks gegu\u017e\u0117s 12 dien\u0105,","breadcrumb":{"@id":"https:\/\/filmvilnius.com\/lt\/sidabrinei-gervei-nominuota-drama-eisiu-kiek-reikes-atkeliauja-i-kino-teatrus\/#breadcrumb"},"inLanguage":"lt-LT","potentialAction":[{"@type":"ReadAction","target":["https:\/\/filmvilnius.com\/lt\/sidabrinei-gervei-nominuota-drama-eisiu-kiek-reikes-atkeliauja-i-kino-teatrus\/"]}]},{"@type":"ImageObject","inLanguage":"lt-LT","@id":"https:\/\/filmvilnius.com\/lt\/sidabrinei-gervei-nominuota-drama-eisiu-kiek-reikes-atkeliauja-i-kino-teatrus\/#primaryimage","url":"https:\/\/filmvilnius.com\/wp-content\/uploads\/2023\/05\/As-Far-As-I-Can-Walk-Strahinya-in-the-bus-scaled.jpg","contentUrl":"https:\/\/filmvilnius.com\/wp-content\/uploads\/2023\/05\/As-Far-As-I-Can-Walk-Strahinya-in-the-bus-scaled.jpg","width":2560,"height":1385},{"@type":"BreadcrumbList","@id":"https:\/\/filmvilnius.com\/lt\/sidabrinei-gervei-nominuota-drama-eisiu-kiek-reikes-atkeliauja-i-kino-teatrus\/#breadcrumb","itemListElement":[{"@type":"ListItem","position":1,"name":"Home","item":"https:\/\/filmvilnius.com\/lt\/"},{"@type":"ListItem","position":2,"name":"\u201eSidabrinei gervei\u201c nominuota drama \u201eEisiu, kiek reik\u0117s\u201c atkeliauja \u012f kino teatrus"}]},{"@type":"WebSite","@id":"https:\/\/filmvilnius.com\/#website","url":"https:\/\/filmvilnius.com\/","name":"Vilnius film office","description":"","publisher":{"@id":"https:\/\/filmvilnius.com\/#organization"},"potentialAction":[{"@type":"SearchAction","target":{"@type":"EntryPoint","urlTemplate":"https:\/\/filmvilnius.com\/?s={search_term_string}"},"query-input":{"@type":"PropertyValueSpecification","valueRequired":true,"valueName":"search_term_string"}}],"inLanguage":"lt-LT"},{"@type":"Organization","@id":"https:\/\/filmvilnius.com\/#organization","name":"Vilniaus kino biuras","url":"https:\/\/filmvilnius.com\/","logo":{"@type":"ImageObject","inLanguage":"lt-LT","@id":"https:\/\/filmvilnius.com\/#\/schema\/logo\/image\/","url":"https:\/\/filmvilnius.com\/wp-content\/uploads\/2022\/12\/VKB-Logo-2022-EN-2-V.jpg","contentUrl":"https:\/\/filmvilnius.com\/wp-content\/uploads\/2022\/12\/VKB-Logo-2022-EN-2-V.jpg","width":1419,"height":1418,"caption":"Vilniaus kino biuras"},"image":{"@id":"https:\/\/filmvilnius.com\/#\/schema\/logo\/image\/"},"sameAs":["https:\/\/www.facebook.com\/filmvilnius","https:\/\/x.com\/FilmVilnius","https:\/\/www.instagram.com\/filmvilnius\/"]},{"@type":"Person","@id":"https:\/\/filmvilnius.com\/#\/schema\/person\/8572c7f289890809bfa364d48f8dded5","name":"Vilnius Film Office","image":{"@type":"ImageObject","inLanguage":"lt-LT","@id":"https:\/\/secure.gravatar.com\/avatar\/2f93c625b891dbd84735ed1bd75819d698625d4c37369c60acab5f321b22fbb2?s=96&d=mm&r=g","url":"https:\/\/secure.gravatar.com\/avatar\/2f93c625b891dbd84735ed1bd75819d698625d4c37369c60acab5f321b22fbb2?s=96&d=mm&r=g","contentUrl":"https:\/\/secure.gravatar.com\/avatar\/2f93c625b891dbd84735ed1bd75819d698625d4c37369c60acab5f321b22fbb2?s=96&d=mm&r=g","caption":"Vilnius Film Office"},"url":"https:\/\/filmvilnius.com\/lt\/author\/ce5c1052f3e77e32\/"}]}},"_links":{"self":[{"href":"https:\/\/filmvilnius.com\/lt\/wp-json\/wp\/v2\/posts\/17179","targetHints":{"allow":["GET"]}}],"collection":[{"href":"https:\/\/filmvilnius.com\/lt\/wp-json\/wp\/v2\/posts"}],"about":[{"href":"https:\/\/filmvilnius.com\/lt\/wp-json\/wp\/v2\/types\/post"}],"author":[{"embeddable":true,"href":"https:\/\/filmvilnius.com\/lt\/wp-json\/wp\/v2\/users\/6"}],"replies":[{"embeddable":true,"href":"https:\/\/filmvilnius.com\/lt\/wp-json\/wp\/v2\/comments?post=17179"}],"version-history":[{"count":1,"href":"https:\/\/filmvilnius.com\/lt\/wp-json\/wp\/v2\/posts\/17179\/revisions"}],"predecessor-version":[{"id":17182,"href":"https:\/\/filmvilnius.com\/lt\/wp-json\/wp\/v2\/posts\/17179\/revisions\/17182"}],"wp:featuredmedia":[{"embeddable":true,"href":"https:\/\/filmvilnius.com\/lt\/wp-json\/wp\/v2\/media\/17180"}],"wp:attachment":[{"href":"https:\/\/filmvilnius.com\/lt\/wp-json\/wp\/v2\/media?parent=17179"}],"wp:term":[{"taxonomy":"category","embeddable":true,"href":"https:\/\/filmvilnius.com\/lt\/wp-json\/wp\/v2\/categories?post=17179"},{"taxonomy":"post_tag","embeddable":true,"href":"https:\/\/filmvilnius.com\/lt\/wp-json\/wp\/v2\/tags?post=17179"}],"curies":[{"name":"wp","href":"https:\/\/api.w.org\/{rel}","templated":true}]}}