{"id":17510,"date":"2023-06-29T12:59:19","date_gmt":"2023-06-29T12:59:19","guid":{"rendered":"https:\/\/filmvilnius.com\/?p=17510"},"modified":"2026-04-28T09:32:02","modified_gmt":"2026-04-28T07:32:02","slug":"zaliuojantys-vilniaus-parkai-vilioja-ne-tik-poilsiautojus-bet-ir-kino-kurejus","status":"publish","type":"post","link":"https:\/\/filmvilnius.com\/lt\/zaliuojantys-vilniaus-parkai-vilioja-ne-tik-poilsiautojus-bet-ir-kino-kurejus\/","title":{"rendered":"\u017daliuojantys Vilniaus parkai vilioja ne tik poilsiautojus, bet ir kino k\u016br\u0117jus"},"content":{"rendered":"<p><strong>Vilnius \u2013 vienas \u017ealiausi\u0173 Europos miest\u0173. Tuo nesunku \u012fsitikinti u\u017esukus \u012f bent vien\u0105 i\u0161 sostin\u0117s park\u0173. Poilsiautoj\u0173, sportinink\u0173 ir romantik\u0173 pamiltos \u017ealiosios miesto erdv\u0117s traukia ne tik pa\u010dius vilnie\u010dius, bet ir film\u0173 bei serial\u0173 k\u016br\u0117jus i\u0161 viso pasaulio. Nuo Kvala Lump\u016bro d\u017eiungli\u0173 iki i\u0161puosel\u0117t\u0173 XIX a. Europos sod\u0173 \u2013 kinematografi\u0161kuosius Vilniaus parkus jau i\u0161vydo t\u016bkstan\u010diai \u017ei\u016brov\u0173 visame pasaulyje. Vilniaus kino biuras kvie\u010dia m\u0117gautis Vilniaus gamta ir su\u017einoti, kokie kino projektai \u010dia buvo nufilmuoti.<\/strong><\/p>\n<p><span style=\"font-weight: 400;\">Anot 21 teritorij\u0105 visame Vilniaus mieste pri\u017ei\u016brin\u010dios V\u0161\u012e \u201eVilniaus miesto parkai\u201c direktoriaus Laimono \u010ciako, parkuose vykstantiems filmavimams tenka pasiruo\u0161ti: kartais prisireikia keisti suoliuk\u0173 ar \u0161iuk\u0161liad\u0117\u017ei\u0173 vietas, kartais \u2013 \u012f parkus \u012fsileisti \u017eirgus, i\u0161kasti duobes. \u201eD\u017eiugu, kad filmavimo komandos dirba labai profesionaliai ir parkus tausoja \u2013 problem\u0173 nekyla. Na, o pa\u010dius lankytojus \u012f parkus labiausiai traukia poilsio zonos, tai rodo pilnos vaik\u0173 \u017eaidim\u0173 aik\u0161tel\u0117s ir pledais nuklotos pievel\u0117s. Taip pat \u012fvairiausi renginiai:\u00a0 Vingio parke vyksta \u012fvair\u016bs koncertai, daug \u017emoni\u0173 pritraukia vakarai, kai i\u0161 did\u017eiosios pievos kyla oro balionai, K\u016bdr\u0173 parke jau kelerius metus savaitgaliais vyksta muzikiniai piknikai \u201eO\u2018pieva\u201c, Bernardin\u0173 sode kasmet vyksta \u201eSkamba skamba kankliai\u201c festivalis, nemokami Kristupo festivalio koncertai, Ozo parke galima pamatyti kriketo var\u017eybas, Pasak\u0173 parke veikia \u0161vies\u0173 projekcijos \u2013 sutemus \u010dia atgimsta 10 \u0161vie\u010dian\u010di\u0173 Vilniaus legend\u0173.\u00a0<\/span><\/p>\n<p><span style=\"font-weight: 400;\">Tikiuosi, kad film\u0173 k\u016br\u0117jai ir lankytojai atras ne tik populiariausius Vilniaus parkus, bet ir atokiau esan\u010dias nuostabias gamtines Vilniaus teritorijas\u201c, \u2013 kvie\u010dia L. \u010ciakas.\u00a0<\/span><\/p>\n<h4><b>Trak\u0173 Vok\u0117s dvaro sodybos parkas<\/b><\/h4>\n<p><span style=\"font-weight: 400;\">Trak\u0173 Vok\u0117s dvaro sodybos ansamblis \u2013 unikalus architekt\u016bros paminklas, menantis graf\u0173 Ti\u0161kevi\u010di\u0173 laikus. I\u0161 prad\u017ei\u0173 tai buvo \u0161ios kilmingos gimin\u0117s vasaros rezidencija, o v\u0117liau \u2013 nuolatin\u0117 gyvenamoji vieta. Ti\u0161kevi\u010di\u0173 gimin\u0117 Vok\u0119 vald\u0117 beveik 100 met\u0173.<\/span><\/p>\n<p><span style=\"font-weight: 400;\">Trak\u0173 Vok\u0117s dvaro sodyba pastar\u0105j\u012f de\u0161imtmet\u012f vis da\u017eniau traukia ne tik lankytojus, bet ir film\u0173 k\u016br\u0117jus \u2013 \u0161i vieta yra suvaidinusi Stokholm\u0105, Sankt Peterburg\u0105, Jungtin\u0117s Karalyst\u0117s miestus. Visgi labiausiai r\u016bmai pana\u0161\u016bs \u012f XVIII a. pab. \u2013 XIX a. Ryt\u0173 Europos dvarus. Viduje filmuojama, kai reikia dvari\u0161kos atmosferos arba erdvi\u0173 but\u0173, visuomenini\u0173 erdvi\u0173. Trak\u0173 Vok\u0117s dvare\u2013sodyboje filmuoti tokie filmai ir serialai kaip \u201eKaras ir taika\u201c, \u201eAna Karenina\u201c, \u201eJekaterina Did\u017eioji\u201c, \u201eKraujas sniege\u201c, \u201eHilma\u201c, \u201eKarali\u0161koji minia\u201c ir daugyb\u0117 kit\u0173.<\/span><\/p>\n<p><span style=\"font-weight: 400;\">\u0160iandien dvare vyksta edukaciniai renginiai, koncertai, parodos, o visi norintys gali pasivaik\u0161\u010dioti viename gra\u017eiausi\u0173 Lietuvoje peiza\u017einio stiliaus park\u0173. J\u012f suprojektavo kra\u0161tovaizd\u017eio architektas i\u0161 Pranc\u016bzijos \u2013 Eduardas Fransua Andre.<\/span><\/p>\n<figure id=\"attachment_17523\" aria-describedby=\"caption-attachment-17523\" style=\"width: 2300px\" class=\"wp-caption aligncenter\"><img fetchpriority=\"high\" decoding=\"async\" class=\"wp-image-17523\" src=\"https:\/\/filmvilnius.com\/wp-content\/uploads\/2023\/06\/Traku-Voke-1-1024x767.jpg\" alt=\"\" width=\"2300\" height=\"1723\" srcset=\"https:\/\/filmvilnius.com\/wp-content\/uploads\/2023\/06\/Traku-Voke-1-1024x767.jpg 1024w, https:\/\/filmvilnius.com\/wp-content\/uploads\/2023\/06\/Traku-Voke-1-300x225.jpg 300w, https:\/\/filmvilnius.com\/wp-content\/uploads\/2023\/06\/Traku-Voke-1-768x575.jpg 768w, https:\/\/filmvilnius.com\/wp-content\/uploads\/2023\/06\/Traku-Voke-1-1536x1151.jpg 1536w, https:\/\/filmvilnius.com\/wp-content\/uploads\/2023\/06\/Traku-Voke-1.jpg 2048w\" sizes=\"(max-width: 2300px) 100vw, 2300px\" \/><figcaption id=\"caption-attachment-17523\" class=\"wp-caption-text\">Sauliaus \u017di\u016bros nuotr.<\/figcaption><\/figure>\n<h4><b>Vingio parkas<\/b><\/h4>\n<p><span style=\"font-weight: 400;\">Med\u017eiokl\u0117s plotai, poilsio vieta, j\u0117zuit\u0173 vienuoli\u0173 sodai, o \u0161iandien \u2013 did\u017eiausias sostin\u0117s mi\u0161ko parkas, i\u0161 trij\u0173 pusi\u0173 plaunamas Neries up\u0117s srov\u0117s \u2013 taip trumpai b\u016bt\u0173 galima pristatyti Vingio parko istorij\u0105.\u00a0<\/span><\/p>\n<p><span style=\"font-weight: 400;\">\u0160iandien Vingio parkas \u2013 m\u0117gstama vilnie\u010di\u0173 pasivaik\u0161\u010diojim\u0173, sporto ir masini\u0173 rengini\u0173 vieta. Kas ketverius metus \u010dia skamba Dain\u0173 \u0161vent\u0117s, 1988 m. parke vyko Lietuvos Persitvarkymo s\u0105j\u016bd\u017eio surengtas mitingas, o 1997 metais roko grup\u0117 \u201eFoje\u201c \u010dia sureng\u0117 did\u017eiausi\u0105 \u0161alies istorijoje koncert\u0105, kuriame susirinko net 60 000 \u017ei\u016brov\u0173!<\/span><\/p>\n<p><span style=\"font-weight: 400;\">Did\u017eiausias Vilniaus parkas traukia ne tik miesto gyventojus, bet ir film\u0173 bei TV serial\u0173 k\u016br\u0117jus. Did\u017eiausia pu\u0161\u0173 sengir\u0117 Lietuvoje filmavimo metu yra tapusi Kvalo Lump\u016bro mi\u0161kais, o stadionas \u2013 \u0161iuolaikinio Stokholmo kov\u0173 arenos prieigomis. \u010cia filmuoti tokie TV serialai ir filmai kaip \u201eLea\u201c, BBC2 kanalo atkuriamosios dokumentikos serialas \u201eNaci\u0173 i\u0161kilimas\u201c, VU Botanikos sode \u2013 serialas \u201eJaunasis Valanderis\u201c ir netrukus pasirodysiantis distopinis filmas \u201eRojus\u201c.<\/span><\/p>\n<figure id=\"attachment_17525\" aria-describedby=\"caption-attachment-17525\" style=\"width: 2300px\" class=\"wp-caption aligncenter\"><img decoding=\"async\" class=\"wp-image-17525\" src=\"https:\/\/filmvilnius.com\/wp-content\/uploads\/2023\/06\/Monika-Krilaviciene-2019-09-Vingio-parkas-is-virsaus-oro-balionas-balionai-9-1-1-1024x683.jpg\" alt=\"\" width=\"2300\" height=\"1535\" srcset=\"https:\/\/filmvilnius.com\/wp-content\/uploads\/2023\/06\/Monika-Krilaviciene-2019-09-Vingio-parkas-is-virsaus-oro-balionas-balionai-9-1-1-1024x683.jpg 1024w, https:\/\/filmvilnius.com\/wp-content\/uploads\/2023\/06\/Monika-Krilaviciene-2019-09-Vingio-parkas-is-virsaus-oro-balionas-balionai-9-1-1-300x200.jpg 300w, https:\/\/filmvilnius.com\/wp-content\/uploads\/2023\/06\/Monika-Krilaviciene-2019-09-Vingio-parkas-is-virsaus-oro-balionas-balionai-9-1-1-768x512.jpg 768w, https:\/\/filmvilnius.com\/wp-content\/uploads\/2023\/06\/Monika-Krilaviciene-2019-09-Vingio-parkas-is-virsaus-oro-balionas-balionai-9-1-1-1536x1025.jpg 1536w, https:\/\/filmvilnius.com\/wp-content\/uploads\/2023\/06\/Monika-Krilaviciene-2019-09-Vingio-parkas-is-virsaus-oro-balionas-balionai-9-1-1-2048x1367.jpg 2048w\" sizes=\"(max-width: 2300px) 100vw, 2300px\" \/><figcaption id=\"caption-attachment-17525\" class=\"wp-caption-text\">Monikos Krilavi\u010dien\u0117s nuotr.<\/figcaption><\/figure>\n<h4><b>Bernardin\u0173 sodas<\/b><\/h4>\n<p><span style=\"font-weight: 400;\">\u201eBernardin\u0173 sodui, tokiam, kok\u012f matome dabar \u2013 10 met\u0173, ta\u010diau yra \u017einoma, jog 1469 metais bernardin\u0173 vienuoliai \u0161ioje teritorijoje \u012freng\u0117 dar\u017e\u0105, sod\u0105, o 1799 m. profesorius Stanislovas Bonifacijus Jundzilas prad\u0117jo kurti botanikos sod\u0105 su tvenkiniais\u201c,\u00a0 \u2013 apie Bernardin\u0173 sodo istorij\u0105 pasakoja V\u0161\u012e \u201eVilniaus miesto parkai\u201c direktorius Laimonas \u010ciakas.\u00a0<\/span><\/p>\n<p><span style=\"font-weight: 400;\">Bernardin\u0173 parkui b\u016bdingos atviros ir u\u017edaros erdv\u0117s, ro\u017eynai, alpinariumai, tvenkiniai ir fontanai \u2013 galb\u016bt tod\u0117l parkas naudojamas ne tik kaip rekreacijos erdv\u0117, bet ir \u012fvairi\u0173 iniciatyv\u0173, rengini\u0173 ir net santuok\u0173 ceremonij\u0173 vieta. Vien 2022 m. parke \u012fregistruotos 106 civilin\u0117s santuokos, \u012fvyko keliolika humanistini\u0173 ceremonij\u0173.<\/span><\/p>\n<p><span style=\"font-weight: 400;\">Ekranuose Bernardin\u0173 park\u0105 gal\u0117jo i\u0161vysti BBC2 kanalo atkuriamosios dokumentikos serialo \u201eNaci\u0173 i\u0161kilimas\u201c, did\u017eiulio populiarumo sulaukusios kostiumin\u0117s dramos \u201eSisi\u201c, serialo\u00a0 \u201eKarali\u0161koji minia\u201c, \u012ftempto siu\u017eeto detektyvo \u201eJaunasis Valanderis\u201c ir dramos \u201eProfesionalas: D\u017eemo Bel\u010derio gyvenimas\u201c \u017ei\u016brovai.\u00a0<\/span><\/p>\n<p><span style=\"font-weight: 400;\">Velso kino k\u016br\u0117jai Bernardin\u0173 sode atrado XIX a. London\u0105, \u0161ved\u0173 re\u017eisier\u0117 Charlotte Brandstrom (geriausiai \u017einoma i\u0161 serialo \u201eGrey anatomija\u201c) sod\u0105 pavert\u0117 tarptautin\u0117s politikos \u017eaidim\u0173 aik\u0161tele, o serialas \u201eSisi\u201c \u012f \u0161i\u0105 Vilniaus erdv\u0119 \u012fne\u0161\u0117 XIX a. Europos karali\u0161kojo gyvenimo atmosferos.<\/span><\/p>\n<figure id=\"attachment_17513\" aria-describedby=\"caption-attachment-17513\" style=\"width: 2300px\" class=\"wp-caption aligncenter\"><img decoding=\"async\" class=\"wp-image-17513\" src=\"https:\/\/filmvilnius.com\/wp-content\/uploads\/2023\/06\/1-Bernardinu-sodas-1024x683.jpg\" alt=\"\" width=\"2300\" height=\"1534\" srcset=\"https:\/\/filmvilnius.com\/wp-content\/uploads\/2023\/06\/1-Bernardinu-sodas-1024x683.jpg 1024w, https:\/\/filmvilnius.com\/wp-content\/uploads\/2023\/06\/1-Bernardinu-sodas-300x200.jpg 300w, https:\/\/filmvilnius.com\/wp-content\/uploads\/2023\/06\/1-Bernardinu-sodas-768x512.jpg 768w, https:\/\/filmvilnius.com\/wp-content\/uploads\/2023\/06\/1-Bernardinu-sodas-1536x1024.jpg 1536w, https:\/\/filmvilnius.com\/wp-content\/uploads\/2023\/06\/1-Bernardinu-sodas-2048x1366.jpg 2048w\" sizes=\"(max-width: 2300px) 100vw, 2300px\" \/><figcaption id=\"caption-attachment-17513\" class=\"wp-caption-text\">Sauliaus \u017di\u016bros nuotr.<\/figcaption><\/figure>\n<h4><b>Misionieri\u0173 sodai ir K\u016bdr\u0173 parkas<\/b><\/h4>\n<p><span style=\"font-weight: 400;\">Pa\u010dioje U\u017eupio pa\u0161on\u0117je \u012fsik\u016br\u0119 Misionieri\u0173 sodai pasi\u017eymi ypatinga ramybe ir gamti\u0161kumu. Manoma, kad teritorija paveld\u0117jo misionieri\u0173 vard\u0105 po to, kai XVII a. \u010dia stov\u0117jus\u012f r\u016bm\u0173 kompleks\u0105 su parku \u0117m\u0117 valdyti misionieri\u0173 ordino vienuoliai.\u00a0<\/span><\/p>\n<p><span style=\"font-weight: 400;\">K\u016bdr\u0173 parke vyksta \u012fvair\u016bs koncertai, park\u0105 pam\u0117go ir sportininkai bei menininkai. \u010cia filmuotas filmas \u201eHilma\u201c, pasakojantis apie vien\u0105 pirm\u0173j\u0173 Vakar\u0173 pasaulio abstraktaus meno k\u016br\u0117j\u0173 Hilma af Klint, \u012f 6\u2013jo de\u0161imtme\u010dio pabaig\u0105 nukeliantis serialas \u201eBlogis\u201c, liep\u0105\u00a0 \u201eNetflix\u201c platformoje pasirodysiantis filmas \u201eRojus\u201c.<\/span><\/p>\n<figure id=\"attachment_17527\" aria-describedby=\"caption-attachment-17527\" style=\"width: 2300px\" class=\"wp-caption aligncenter\"><img loading=\"lazy\" decoding=\"async\" class=\"wp-image-17527\" src=\"https:\/\/filmvilnius.com\/wp-content\/uploads\/2023\/06\/Kudru-parkas-1-1-1024x683.jpg\" alt=\"\" width=\"2300\" height=\"1534\" srcset=\"https:\/\/filmvilnius.com\/wp-content\/uploads\/2023\/06\/Kudru-parkas-1-1-1024x683.jpg 1024w, https:\/\/filmvilnius.com\/wp-content\/uploads\/2023\/06\/Kudru-parkas-1-1-300x200.jpg 300w, https:\/\/filmvilnius.com\/wp-content\/uploads\/2023\/06\/Kudru-parkas-1-1-768x512.jpg 768w, https:\/\/filmvilnius.com\/wp-content\/uploads\/2023\/06\/Kudru-parkas-1-1-1536x1024.jpg 1536w, https:\/\/filmvilnius.com\/wp-content\/uploads\/2023\/06\/Kudru-parkas-1-1-2048x1366.jpg 2048w\" sizes=\"(max-width: 2300px) 100vw, 2300px\" \/><figcaption id=\"caption-attachment-17527\" class=\"wp-caption-text\">Sauliaus \u017di\u016bros nuotr.<\/figcaption><\/figure>\n<h4><b>Sapieg\u0173 parkas<\/b><\/h4>\n<p><span style=\"font-weight: 400;\">Sapieg\u0173 parkas \u012fsik\u016br\u0119s Antakalnio rajone. Tai \u2013 vienas seniausi\u0173 Vilniaus park\u0173, \u012fkurtas \u0161alia did\u017eiojo etmono Kazimiero Jono Sapiegos XVII a. statyt\u0173 baroko stiliaus r\u016bm\u0173. Anuomet kompleks\u0105 sudar\u0117 ir vienuolynas su ba\u017eny\u010dia, oficinos ir \u016bkiniai pastatai, o parke buvo galima pasigro\u017e\u0117ti fontanais, skulpt\u016bromis ir tvenkiniais. 1809 m. Sapieg\u0173 r\u016bmuose, Trinitori\u0173 vienuolyne ir Sapieg\u0173 parko statiniuose buvo atidaryta Karo ligonin\u0117.<\/span><\/p>\n<p><span style=\"font-weight: 400;\">\u0160iandien parke \u012fsik\u016br\u0119s \u201eVilnius Tech Park\u201c, \u0161iltuoju metu veikia vasaros skaityklos, \u017ealiuoja seniausias miesto medis, u\u017esukti kvie\u010dia jaukios kavin\u0117s.<\/span><\/p>\n<p><span style=\"font-weight: 400;\">\u0160\u012f Vilniaus park\u0105 tikrai atpa\u017eino detektyvinio serialo \u201eJaunasis Valanderis\u201c k\u016br\u0117jai. \u010cia buvo filmuota svarbi serialo scena \u2013 Sapieg\u0173 parke stov\u0117jo policijos automobiliai ir i\u0161minuotoj\u0173 paj\u0117gos, o veik\u0117jai band\u0117 i\u0161vengti galimai u\u017eminuotos bombos sprogimo. Parko erdv\u0117se ir \u010dia esan\u010diuose pastatuose pat filmuotos \u201eConspiracy of Silence\u201c scenos, o \u010dia \u012fsik\u016brusiame restorane \u2013 serialas \u201eGrojara\u0161tis\u201c.<\/span><\/p>\n<figure id=\"attachment_17521\" aria-describedby=\"caption-attachment-17521\" style=\"width: 2300px\" class=\"wp-caption aligncenter\"><img loading=\"lazy\" decoding=\"async\" class=\"wp-image-17521\" src=\"https:\/\/filmvilnius.com\/wp-content\/uploads\/2023\/06\/Sapiegu-parkas-1-1024x682.jpg\" alt=\"\" width=\"2300\" height=\"1532\" srcset=\"https:\/\/filmvilnius.com\/wp-content\/uploads\/2023\/06\/Sapiegu-parkas-1-1024x682.jpg 1024w, https:\/\/filmvilnius.com\/wp-content\/uploads\/2023\/06\/Sapiegu-parkas-1-300x200.jpg 300w, https:\/\/filmvilnius.com\/wp-content\/uploads\/2023\/06\/Sapiegu-parkas-1-768x512.jpg 768w, https:\/\/filmvilnius.com\/wp-content\/uploads\/2023\/06\/Sapiegu-parkas-1-1536x1023.jpg 1536w, https:\/\/filmvilnius.com\/wp-content\/uploads\/2023\/06\/Sapiegu-parkas-1-2048x1364.jpg 2048w\" sizes=\"(max-width: 2300px) 100vw, 2300px\" \/><figcaption id=\"caption-attachment-17521\" class=\"wp-caption-text\">Sauliaus \u017di\u016bros nuotr.<\/figcaption><\/figure>\n","protected":false},"excerpt":{"rendered":"<p>Vilnius \u2013 vienas \u017ealiausi\u0173 Europos miest\u0173. Tuo nesunku \u012fsitikinti u\u017esukus \u012f bent vien\u0105 i\u0161 sostin\u0117s park\u0173. Poilsiautoj\u0173, sportinink\u0173 ir romantik\u0173 pamiltos \u017ealiosios miesto erdv\u0117s traukia ne tik pa\u010dius vilnie\u010dius, bet ir film\u0173 bei serial\u0173 k\u016br\u0117jus i\u0161 viso pasaulio. Nuo Kvala Lump\u016bro d\u017eiungli\u0173 iki i\u0161puosel\u0117t\u0173 XIX a. Europos sod\u0173 \u2013 kinematografi\u0161kuosius Vilniaus parkus jau i\u0161vydo t\u016bkstan\u010diai [&hellip;]<\/p>\n","protected":false},"author":6,"featured_media":17511,"comment_status":"closed","ping_status":"open","sticky":false,"template":"","format":"standard","meta":{"_acf_changed":false,"_monsterinsights_skip_tracking":false,"_monsterinsights_sitenote_active":false,"_monsterinsights_sitenote_note":"","_monsterinsights_sitenote_category":0,"footnotes":""},"categories":[160,58],"tags":[],"class_list":["post-17510","post","type-post","status-publish","format-standard","has-post-thumbnail","hentry","category-filmavimai-vilniuje","category-news"],"acf":[],"yoast_head":"<!-- This site is optimized with the Yoast SEO plugin v27.4 - https:\/\/yoast.com\/product\/yoast-seo-wordpress\/ -->\n<title>\u017daliuojantys Vilniaus parkai vilioja ne tik poilsiautojus, bet ir kino k\u016br\u0117jus - Vilnius film office<\/title>\n<meta name=\"robots\" content=\"index, follow, max-snippet:-1, max-image-preview:large, max-video-preview:-1\" \/>\n<link rel=\"canonical\" href=\"https:\/\/filmvilnius.com\/lt\/zaliuojantys-vilniaus-parkai-vilioja-ne-tik-poilsiautojus-bet-ir-kino-kurejus\/\" \/>\n<meta property=\"og:locale\" content=\"lt_LT\" \/>\n<meta property=\"og:type\" content=\"article\" \/>\n<meta property=\"og:title\" content=\"\u017daliuojantys Vilniaus parkai vilioja ne tik poilsiautojus, bet ir kino k\u016br\u0117jus - Vilnius film office\" \/>\n<meta property=\"og:description\" content=\"Vilnius \u2013 vienas \u017ealiausi\u0173 Europos miest\u0173. Tuo nesunku \u012fsitikinti u\u017esukus \u012f bent vien\u0105 i\u0161 sostin\u0117s park\u0173. Poilsiautoj\u0173, sportinink\u0173 ir romantik\u0173 pamiltos \u017ealiosios miesto erdv\u0117s traukia ne tik pa\u010dius vilnie\u010dius, bet ir film\u0173 bei serial\u0173 k\u016br\u0117jus i\u0161 viso pasaulio. Nuo Kvala Lump\u016bro d\u017eiungli\u0173 iki i\u0161puosel\u0117t\u0173 XIX a. Europos sod\u0173 \u2013 kinematografi\u0161kuosius Vilniaus parkus jau i\u0161vydo t\u016bkstan\u010diai [&hellip;]\" \/>\n<meta property=\"og:url\" content=\"https:\/\/filmvilnius.com\/lt\/zaliuojantys-vilniaus-parkai-vilioja-ne-tik-poilsiautojus-bet-ir-kino-kurejus\/\" \/>\n<meta property=\"og:site_name\" content=\"Vilnius film office\" \/>\n<meta property=\"article:publisher\" content=\"https:\/\/www.facebook.com\/filmvilnius\" \/>\n<meta property=\"article:published_time\" content=\"2023-06-29T12:59:19+00:00\" \/>\n<meta property=\"article:modified_time\" content=\"2026-04-28T07:32:02+00:00\" \/>\n<meta property=\"og:image\" content=\"https:\/\/filmvilnius.com\/wp-content\/uploads\/2023\/06\/Kudru-parkas-4.jpg\" \/>\n\t<meta property=\"og:image:width\" content=\"2500\" \/>\n\t<meta property=\"og:image:height\" content=\"1667\" \/>\n\t<meta property=\"og:image:type\" content=\"image\/jpeg\" \/>\n<meta name=\"author\" content=\"Vilnius Film Office\" \/>\n<meta name=\"twitter:card\" content=\"summary_large_image\" \/>\n<meta name=\"twitter:creator\" content=\"@FilmVilnius\" \/>\n<meta name=\"twitter:site\" content=\"@FilmVilnius\" \/>\n<meta name=\"twitter:label1\" content=\"Written by\" \/>\n\t<meta name=\"twitter:data1\" content=\"Vilnius Film Office\" \/>\n\t<meta name=\"twitter:label2\" content=\"Est. reading time\" \/>\n\t<meta name=\"twitter:data2\" content=\"5 minut\u0117s\" \/>\n<script type=\"application\/ld+json\" class=\"yoast-schema-graph\">{\"@context\":\"https:\\\/\\\/schema.org\",\"@graph\":[{\"@type\":\"Article\",\"@id\":\"https:\\\/\\\/filmvilnius.com\\\/lt\\\/zaliuojantys-vilniaus-parkai-vilioja-ne-tik-poilsiautojus-bet-ir-kino-kurejus\\\/#article\",\"isPartOf\":{\"@id\":\"https:\\\/\\\/filmvilnius.com\\\/lt\\\/zaliuojantys-vilniaus-parkai-vilioja-ne-tik-poilsiautojus-bet-ir-kino-kurejus\\\/\"},\"author\":{\"name\":\"Vilnius Film Office\",\"@id\":\"https:\\\/\\\/filmvilnius.com\\\/#\\\/schema\\\/person\\\/8572c7f289890809bfa364d48f8dded5\"},\"headline\":\"\u017daliuojantys Vilniaus parkai vilioja ne tik poilsiautojus, bet ir kino k\u016br\u0117jus\",\"datePublished\":\"2023-06-29T12:59:19+00:00\",\"dateModified\":\"2026-04-28T07:32:02+00:00\",\"mainEntityOfPage\":{\"@id\":\"https:\\\/\\\/filmvilnius.com\\\/lt\\\/zaliuojantys-vilniaus-parkai-vilioja-ne-tik-poilsiautojus-bet-ir-kino-kurejus\\\/\"},\"wordCount\":1081,\"publisher\":{\"@id\":\"https:\\\/\\\/filmvilnius.com\\\/#organization\"},\"image\":{\"@id\":\"https:\\\/\\\/filmvilnius.com\\\/lt\\\/zaliuojantys-vilniaus-parkai-vilioja-ne-tik-poilsiautojus-bet-ir-kino-kurejus\\\/#primaryimage\"},\"thumbnailUrl\":\"https:\\\/\\\/filmvilnius.com\\\/wp-content\\\/uploads\\\/2023\\\/06\\\/Kudru-parkas-4.jpg\",\"articleSection\":[\"Filmavimai Vilniuje\",\"Naujienos\"],\"inLanguage\":\"lt-LT\"},{\"@type\":\"WebPage\",\"@id\":\"https:\\\/\\\/filmvilnius.com\\\/lt\\\/zaliuojantys-vilniaus-parkai-vilioja-ne-tik-poilsiautojus-bet-ir-kino-kurejus\\\/\",\"url\":\"https:\\\/\\\/filmvilnius.com\\\/lt\\\/zaliuojantys-vilniaus-parkai-vilioja-ne-tik-poilsiautojus-bet-ir-kino-kurejus\\\/\",\"name\":\"\u017daliuojantys Vilniaus parkai vilioja ne tik poilsiautojus, bet ir kino k\u016br\u0117jus - Vilnius film office\",\"isPartOf\":{\"@id\":\"https:\\\/\\\/filmvilnius.com\\\/#website\"},\"primaryImageOfPage\":{\"@id\":\"https:\\\/\\\/filmvilnius.com\\\/lt\\\/zaliuojantys-vilniaus-parkai-vilioja-ne-tik-poilsiautojus-bet-ir-kino-kurejus\\\/#primaryimage\"},\"image\":{\"@id\":\"https:\\\/\\\/filmvilnius.com\\\/lt\\\/zaliuojantys-vilniaus-parkai-vilioja-ne-tik-poilsiautojus-bet-ir-kino-kurejus\\\/#primaryimage\"},\"thumbnailUrl\":\"https:\\\/\\\/filmvilnius.com\\\/wp-content\\\/uploads\\\/2023\\\/06\\\/Kudru-parkas-4.jpg\",\"datePublished\":\"2023-06-29T12:59:19+00:00\",\"dateModified\":\"2026-04-28T07:32:02+00:00\",\"breadcrumb\":{\"@id\":\"https:\\\/\\\/filmvilnius.com\\\/lt\\\/zaliuojantys-vilniaus-parkai-vilioja-ne-tik-poilsiautojus-bet-ir-kino-kurejus\\\/#breadcrumb\"},\"inLanguage\":\"lt-LT\",\"potentialAction\":[{\"@type\":\"ReadAction\",\"target\":[\"https:\\\/\\\/filmvilnius.com\\\/lt\\\/zaliuojantys-vilniaus-parkai-vilioja-ne-tik-poilsiautojus-bet-ir-kino-kurejus\\\/\"]}]},{\"@type\":\"ImageObject\",\"inLanguage\":\"lt-LT\",\"@id\":\"https:\\\/\\\/filmvilnius.com\\\/lt\\\/zaliuojantys-vilniaus-parkai-vilioja-ne-tik-poilsiautojus-bet-ir-kino-kurejus\\\/#primaryimage\",\"url\":\"https:\\\/\\\/filmvilnius.com\\\/wp-content\\\/uploads\\\/2023\\\/06\\\/Kudru-parkas-4.jpg\",\"contentUrl\":\"https:\\\/\\\/filmvilnius.com\\\/wp-content\\\/uploads\\\/2023\\\/06\\\/Kudru-parkas-4.jpg\",\"width\":2500,\"height\":1667},{\"@type\":\"BreadcrumbList\",\"@id\":\"https:\\\/\\\/filmvilnius.com\\\/lt\\\/zaliuojantys-vilniaus-parkai-vilioja-ne-tik-poilsiautojus-bet-ir-kino-kurejus\\\/#breadcrumb\",\"itemListElement\":[{\"@type\":\"ListItem\",\"position\":1,\"name\":\"Home\",\"item\":\"https:\\\/\\\/filmvilnius.com\\\/lt\\\/\"},{\"@type\":\"ListItem\",\"position\":2,\"name\":\"\u017daliuojantys Vilniaus parkai vilioja ne tik poilsiautojus, bet ir kino k\u016br\u0117jus\"}]},{\"@type\":\"WebSite\",\"@id\":\"https:\\\/\\\/filmvilnius.com\\\/#website\",\"url\":\"https:\\\/\\\/filmvilnius.com\\\/\",\"name\":\"Vilnius film office\",\"description\":\"\",\"publisher\":{\"@id\":\"https:\\\/\\\/filmvilnius.com\\\/#organization\"},\"potentialAction\":[{\"@type\":\"SearchAction\",\"target\":{\"@type\":\"EntryPoint\",\"urlTemplate\":\"https:\\\/\\\/filmvilnius.com\\\/?s={search_term_string}\"},\"query-input\":{\"@type\":\"PropertyValueSpecification\",\"valueRequired\":true,\"valueName\":\"search_term_string\"}}],\"inLanguage\":\"lt-LT\"},{\"@type\":\"Organization\",\"@id\":\"https:\\\/\\\/filmvilnius.com\\\/#organization\",\"name\":\"Vilniaus kino biuras\",\"url\":\"https:\\\/\\\/filmvilnius.com\\\/\",\"logo\":{\"@type\":\"ImageObject\",\"inLanguage\":\"lt-LT\",\"@id\":\"https:\\\/\\\/filmvilnius.com\\\/#\\\/schema\\\/logo\\\/image\\\/\",\"url\":\"https:\\\/\\\/filmvilnius.com\\\/wp-content\\\/uploads\\\/2022\\\/12\\\/VKB-Logo-2022-EN-2-V.jpg\",\"contentUrl\":\"https:\\\/\\\/filmvilnius.com\\\/wp-content\\\/uploads\\\/2022\\\/12\\\/VKB-Logo-2022-EN-2-V.jpg\",\"width\":1419,\"height\":1418,\"caption\":\"Vilniaus kino biuras\"},\"image\":{\"@id\":\"https:\\\/\\\/filmvilnius.com\\\/#\\\/schema\\\/logo\\\/image\\\/\"},\"sameAs\":[\"https:\\\/\\\/www.facebook.com\\\/filmvilnius\",\"https:\\\/\\\/x.com\\\/FilmVilnius\",\"https:\\\/\\\/www.instagram.com\\\/filmvilnius\\\/\"]},{\"@type\":\"Person\",\"@id\":\"https:\\\/\\\/filmvilnius.com\\\/#\\\/schema\\\/person\\\/8572c7f289890809bfa364d48f8dded5\",\"name\":\"Vilnius Film Office\",\"image\":{\"@type\":\"ImageObject\",\"inLanguage\":\"lt-LT\",\"@id\":\"https:\\\/\\\/secure.gravatar.com\\\/avatar\\\/2f93c625b891dbd84735ed1bd75819d698625d4c37369c60acab5f321b22fbb2?s=96&d=mm&r=g\",\"url\":\"https:\\\/\\\/secure.gravatar.com\\\/avatar\\\/2f93c625b891dbd84735ed1bd75819d698625d4c37369c60acab5f321b22fbb2?s=96&d=mm&r=g\",\"contentUrl\":\"https:\\\/\\\/secure.gravatar.com\\\/avatar\\\/2f93c625b891dbd84735ed1bd75819d698625d4c37369c60acab5f321b22fbb2?s=96&d=mm&r=g\",\"caption\":\"Vilnius Film Office\"},\"url\":\"https:\\\/\\\/filmvilnius.com\\\/lt\\\/author\\\/ce5c1052f3e77e32\\\/\"}]}<\/script>\n<!-- \/ Yoast SEO plugin. -->","yoast_head_json":{"title":"\u017daliuojantys Vilniaus parkai vilioja ne tik poilsiautojus, bet ir kino k\u016br\u0117jus - Vilnius film office","robots":{"index":"index","follow":"follow","max-snippet":"max-snippet:-1","max-image-preview":"max-image-preview:large","max-video-preview":"max-video-preview:-1"},"canonical":"https:\/\/filmvilnius.com\/lt\/zaliuojantys-vilniaus-parkai-vilioja-ne-tik-poilsiautojus-bet-ir-kino-kurejus\/","og_locale":"lt_LT","og_type":"article","og_title":"\u017daliuojantys Vilniaus parkai vilioja ne tik poilsiautojus, bet ir kino k\u016br\u0117jus - Vilnius film office","og_description":"Vilnius \u2013 vienas \u017ealiausi\u0173 Europos miest\u0173. Tuo nesunku \u012fsitikinti u\u017esukus \u012f bent vien\u0105 i\u0161 sostin\u0117s park\u0173. Poilsiautoj\u0173, sportinink\u0173 ir romantik\u0173 pamiltos \u017ealiosios miesto erdv\u0117s traukia ne tik pa\u010dius vilnie\u010dius, bet ir film\u0173 bei serial\u0173 k\u016br\u0117jus i\u0161 viso pasaulio. Nuo Kvala Lump\u016bro d\u017eiungli\u0173 iki i\u0161puosel\u0117t\u0173 XIX a. Europos sod\u0173 \u2013 kinematografi\u0161kuosius Vilniaus parkus jau i\u0161vydo t\u016bkstan\u010diai [&hellip;]","og_url":"https:\/\/filmvilnius.com\/lt\/zaliuojantys-vilniaus-parkai-vilioja-ne-tik-poilsiautojus-bet-ir-kino-kurejus\/","og_site_name":"Vilnius film office","article_publisher":"https:\/\/www.facebook.com\/filmvilnius","article_published_time":"2023-06-29T12:59:19+00:00","article_modified_time":"2026-04-28T07:32:02+00:00","og_image":[{"width":2500,"height":1667,"url":"https:\/\/filmvilnius.com\/wp-content\/uploads\/2023\/06\/Kudru-parkas-4.jpg","type":"image\/jpeg"}],"author":"Vilnius Film Office","twitter_card":"summary_large_image","twitter_creator":"@FilmVilnius","twitter_site":"@FilmVilnius","twitter_misc":{"Written by":"Vilnius Film Office","Est. reading time":"5 minut\u0117s"},"schema":{"@context":"https:\/\/schema.org","@graph":[{"@type":"Article","@id":"https:\/\/filmvilnius.com\/lt\/zaliuojantys-vilniaus-parkai-vilioja-ne-tik-poilsiautojus-bet-ir-kino-kurejus\/#article","isPartOf":{"@id":"https:\/\/filmvilnius.com\/lt\/zaliuojantys-vilniaus-parkai-vilioja-ne-tik-poilsiautojus-bet-ir-kino-kurejus\/"},"author":{"name":"Vilnius Film Office","@id":"https:\/\/filmvilnius.com\/#\/schema\/person\/8572c7f289890809bfa364d48f8dded5"},"headline":"\u017daliuojantys Vilniaus parkai vilioja ne tik poilsiautojus, bet ir kino k\u016br\u0117jus","datePublished":"2023-06-29T12:59:19+00:00","dateModified":"2026-04-28T07:32:02+00:00","mainEntityOfPage":{"@id":"https:\/\/filmvilnius.com\/lt\/zaliuojantys-vilniaus-parkai-vilioja-ne-tik-poilsiautojus-bet-ir-kino-kurejus\/"},"wordCount":1081,"publisher":{"@id":"https:\/\/filmvilnius.com\/#organization"},"image":{"@id":"https:\/\/filmvilnius.com\/lt\/zaliuojantys-vilniaus-parkai-vilioja-ne-tik-poilsiautojus-bet-ir-kino-kurejus\/#primaryimage"},"thumbnailUrl":"https:\/\/filmvilnius.com\/wp-content\/uploads\/2023\/06\/Kudru-parkas-4.jpg","articleSection":["Filmavimai Vilniuje","Naujienos"],"inLanguage":"lt-LT"},{"@type":"WebPage","@id":"https:\/\/filmvilnius.com\/lt\/zaliuojantys-vilniaus-parkai-vilioja-ne-tik-poilsiautojus-bet-ir-kino-kurejus\/","url":"https:\/\/filmvilnius.com\/lt\/zaliuojantys-vilniaus-parkai-vilioja-ne-tik-poilsiautojus-bet-ir-kino-kurejus\/","name":"\u017daliuojantys Vilniaus parkai vilioja ne tik poilsiautojus, bet ir kino k\u016br\u0117jus - Vilnius film office","isPartOf":{"@id":"https:\/\/filmvilnius.com\/#website"},"primaryImageOfPage":{"@id":"https:\/\/filmvilnius.com\/lt\/zaliuojantys-vilniaus-parkai-vilioja-ne-tik-poilsiautojus-bet-ir-kino-kurejus\/#primaryimage"},"image":{"@id":"https:\/\/filmvilnius.com\/lt\/zaliuojantys-vilniaus-parkai-vilioja-ne-tik-poilsiautojus-bet-ir-kino-kurejus\/#primaryimage"},"thumbnailUrl":"https:\/\/filmvilnius.com\/wp-content\/uploads\/2023\/06\/Kudru-parkas-4.jpg","datePublished":"2023-06-29T12:59:19+00:00","dateModified":"2026-04-28T07:32:02+00:00","breadcrumb":{"@id":"https:\/\/filmvilnius.com\/lt\/zaliuojantys-vilniaus-parkai-vilioja-ne-tik-poilsiautojus-bet-ir-kino-kurejus\/#breadcrumb"},"inLanguage":"lt-LT","potentialAction":[{"@type":"ReadAction","target":["https:\/\/filmvilnius.com\/lt\/zaliuojantys-vilniaus-parkai-vilioja-ne-tik-poilsiautojus-bet-ir-kino-kurejus\/"]}]},{"@type":"ImageObject","inLanguage":"lt-LT","@id":"https:\/\/filmvilnius.com\/lt\/zaliuojantys-vilniaus-parkai-vilioja-ne-tik-poilsiautojus-bet-ir-kino-kurejus\/#primaryimage","url":"https:\/\/filmvilnius.com\/wp-content\/uploads\/2023\/06\/Kudru-parkas-4.jpg","contentUrl":"https:\/\/filmvilnius.com\/wp-content\/uploads\/2023\/06\/Kudru-parkas-4.jpg","width":2500,"height":1667},{"@type":"BreadcrumbList","@id":"https:\/\/filmvilnius.com\/lt\/zaliuojantys-vilniaus-parkai-vilioja-ne-tik-poilsiautojus-bet-ir-kino-kurejus\/#breadcrumb","itemListElement":[{"@type":"ListItem","position":1,"name":"Home","item":"https:\/\/filmvilnius.com\/lt\/"},{"@type":"ListItem","position":2,"name":"\u017daliuojantys Vilniaus parkai vilioja ne tik poilsiautojus, bet ir kino k\u016br\u0117jus"}]},{"@type":"WebSite","@id":"https:\/\/filmvilnius.com\/#website","url":"https:\/\/filmvilnius.com\/","name":"Vilnius film office","description":"","publisher":{"@id":"https:\/\/filmvilnius.com\/#organization"},"potentialAction":[{"@type":"SearchAction","target":{"@type":"EntryPoint","urlTemplate":"https:\/\/filmvilnius.com\/?s={search_term_string}"},"query-input":{"@type":"PropertyValueSpecification","valueRequired":true,"valueName":"search_term_string"}}],"inLanguage":"lt-LT"},{"@type":"Organization","@id":"https:\/\/filmvilnius.com\/#organization","name":"Vilniaus kino biuras","url":"https:\/\/filmvilnius.com\/","logo":{"@type":"ImageObject","inLanguage":"lt-LT","@id":"https:\/\/filmvilnius.com\/#\/schema\/logo\/image\/","url":"https:\/\/filmvilnius.com\/wp-content\/uploads\/2022\/12\/VKB-Logo-2022-EN-2-V.jpg","contentUrl":"https:\/\/filmvilnius.com\/wp-content\/uploads\/2022\/12\/VKB-Logo-2022-EN-2-V.jpg","width":1419,"height":1418,"caption":"Vilniaus kino biuras"},"image":{"@id":"https:\/\/filmvilnius.com\/#\/schema\/logo\/image\/"},"sameAs":["https:\/\/www.facebook.com\/filmvilnius","https:\/\/x.com\/FilmVilnius","https:\/\/www.instagram.com\/filmvilnius\/"]},{"@type":"Person","@id":"https:\/\/filmvilnius.com\/#\/schema\/person\/8572c7f289890809bfa364d48f8dded5","name":"Vilnius Film Office","image":{"@type":"ImageObject","inLanguage":"lt-LT","@id":"https:\/\/secure.gravatar.com\/avatar\/2f93c625b891dbd84735ed1bd75819d698625d4c37369c60acab5f321b22fbb2?s=96&d=mm&r=g","url":"https:\/\/secure.gravatar.com\/avatar\/2f93c625b891dbd84735ed1bd75819d698625d4c37369c60acab5f321b22fbb2?s=96&d=mm&r=g","contentUrl":"https:\/\/secure.gravatar.com\/avatar\/2f93c625b891dbd84735ed1bd75819d698625d4c37369c60acab5f321b22fbb2?s=96&d=mm&r=g","caption":"Vilnius Film Office"},"url":"https:\/\/filmvilnius.com\/lt\/author\/ce5c1052f3e77e32\/"}]}},"_links":{"self":[{"href":"https:\/\/filmvilnius.com\/lt\/wp-json\/wp\/v2\/posts\/17510","targetHints":{"allow":["GET"]}}],"collection":[{"href":"https:\/\/filmvilnius.com\/lt\/wp-json\/wp\/v2\/posts"}],"about":[{"href":"https:\/\/filmvilnius.com\/lt\/wp-json\/wp\/v2\/types\/post"}],"author":[{"embeddable":true,"href":"https:\/\/filmvilnius.com\/lt\/wp-json\/wp\/v2\/users\/6"}],"replies":[{"embeddable":true,"href":"https:\/\/filmvilnius.com\/lt\/wp-json\/wp\/v2\/comments?post=17510"}],"version-history":[{"count":1,"href":"https:\/\/filmvilnius.com\/lt\/wp-json\/wp\/v2\/posts\/17510\/revisions"}],"predecessor-version":[{"id":17529,"href":"https:\/\/filmvilnius.com\/lt\/wp-json\/wp\/v2\/posts\/17510\/revisions\/17529"}],"wp:featuredmedia":[{"embeddable":true,"href":"https:\/\/filmvilnius.com\/lt\/wp-json\/wp\/v2\/media\/17511"}],"wp:attachment":[{"href":"https:\/\/filmvilnius.com\/lt\/wp-json\/wp\/v2\/media?parent=17510"}],"wp:term":[{"taxonomy":"category","embeddable":true,"href":"https:\/\/filmvilnius.com\/lt\/wp-json\/wp\/v2\/categories?post=17510"},{"taxonomy":"post_tag","embeddable":true,"href":"https:\/\/filmvilnius.com\/lt\/wp-json\/wp\/v2\/tags?post=17510"}],"curies":[{"name":"wp","href":"https:\/\/api.w.org\/{rel}","templated":true}]}}