{"id":17533,"date":"2023-07-05T07:54:41","date_gmt":"2023-07-05T07:54:41","guid":{"rendered":"https:\/\/filmvilnius.com\/?p=17533"},"modified":"2026-04-28T09:31:57","modified_gmt":"2026-04-28T07:31:57","slug":"artejant-nato-virsuniu-susitikimui-vilniuje-keisis-eismo-organizavimas-senamiestyje","status":"publish","type":"post","link":"https:\/\/filmvilnius.com\/lt\/artejant-nato-virsuniu-susitikimui-vilniuje-keisis-eismo-organizavimas-senamiestyje\/","title":{"rendered":"Art\u0117jant NATO vir\u0161\u016bni\u0173 susitikimui Vilniuje, keisis eismo organizavimas Senamiestyje"},"content":{"rendered":"<p>JUDU (S\u012e Susisiekimo paslaugos) informuoja, kad jau nuo liepos 7 d. Senamiestyje ir miesto centre \u012fsigalioja NATO vir\u0161\u016bni\u0173 susitikimo metu galiosian\u010di\u0173 eismo ribojim\u0173<a href=\"https:\/\/nato.vilnius.lt\/eismo-ribojimai\/\" target=\"_blank\" rel=\"noopener\"> schema.<\/a><\/p>\n<p><strong>Draud\u017eiamas automobili\u0173 stov\u0117jimas gatv\u0117se<\/strong><strong>\u202f<\/strong><\/p>\n<p>Nuo liepos 7 d. Senamiestyje \u2013 eismo ribojimo zonoje esan\u010diose gatv\u0117se \u2013 bus \u012frengti automobili\u0173 stov\u0117jim\u0105 draud\u017eiantys kelio \u017eenklai, kurie galios Senamies\u010dio gyventojams ir sve\u010diams. Tod\u0117l gyventojai raginami automobilius patraukti i\u0161 parkavimo viet\u0173 iki \u012fsigaliojant eismo pakeitimams, o turintiems galimyb\u0119 \u2013 automobil\u012f statyti vidiniuose kiemuose.<\/p>\n<p><strong>Automobili\u0173 statymas su gyventoj\u0173 leidimais<\/strong><\/p>\n<p>Senamies\u010dio gyventojai, turintys gyventojo parkavimo leidim\u0105 mokamoje zonoje, nuo liepos 5 d. automobilius gal\u0117s nemokamai statyti kitose Vilniaus miesto teritorijose bei rinkliavos zonose, kur nebus \u012fvesti eismo ribojimai.\u202fTaip pat gyventoj\u0173 patogumui papildomai bus \u012frengtos specialios automobili\u0173 stov\u0117jimo vietos:<\/p>\n<ul>\n<li>A. Stulginskio g. 8, \u0161alia Pramog\u0173 banko esan\u010dioje stov\u0117jimo aik\u0161tel\u0117je;<\/li>\n<li>\u0160alia Oland\u0173 g. \u2013 Kirkuto al. sankry\u017eos esan\u010dioje stov\u0117jimo aik\u0161tel\u0117je;<\/li>\n<li>Maironio \u2013 O. \u0160imait\u0117s gatvi\u0173 sankry\u017eoje, \u0161alia Tymo turgaus esan\u010dioje aik\u0161tel\u0117je.<\/li>\n<\/ul>\n<p>\u0160ios aik\u0161tel\u0117s bus i\u0161skirtos kelio \u017eenklu \u201eP rezervuota\u201c su papildoma informacine lentele \u201eTik su gyventojo leidimais\u201c.<\/p>\n<p>Atkreipiamas d\u0117mesys, kad nepatraukus automobili\u0173 iki liepos 7 d. arba juos pasta\u010dius pa\u017eeid\u017eiant stov\u0117jim\u0105 draud\u017eian\u010dius \u017eenklus \u2013 automobiliai bus priverstinai nutempti.\u202f Apie j\u0173 saugojim\u0105 ir atsi\u0117mimo s\u0105lygas bus galima pasiteirauti telefonu 112.<\/p>\n<p><strong>Automobili\u0173 parkavimas mokamose stov\u0117jimo aik\u0161tel\u0117se<\/strong><strong>\u202f<\/strong><\/p>\n<p>D\u0117l numatom\u0173 eismo ribojim\u0173 liepos 10-13 dienomis taip pat nebus galimyb\u0117s patekti \u012f Gedimino pr. 9A, Tilto g. 14, Baravyko g. 3 ir 10 bei T. Kosciu\u0161kos g. 1A stov\u0117jimo aik\u0161teles, o \u012f kitas \u2013 gali b\u016bti apsunkintas ar ribotas \u012fva\u017eiavimas.\u202fTad gyventojai, turintys parkavimo leidimus aik\u0161tel\u0117se, automobilius nemokamai gal\u0117s statyti kitose Vilniaus miesto teritorijose bei rinkliavos zonose, kur nebus \u012fvesti eismo ribojimai.<\/p>\n<p><strong>Eismo ribojimai Senamiestyje<\/strong><\/p>\n<p>Liepos 10-13 dienomis Senamiestyje numatomi trumpalaikiai eismo ribojimai \u2013 Vilniaus g. (nuo \u017daliojo tilto iki Gedimino pr.), Gedimino pr. (nuo Vilniaus iki Jogailos g.), Jogailos, Pylimo, Bazilijon\u0173, M. Dauk\u0161os, Au\u0161ros Vart\u0173, Suba\u010diaus, Maironio, \u017dvej\u0173, Kalvarij\u0173 (nuo Konstitucijos pr. iki \u017daliojo tilto), G. Baravyko, V. Nasvy\u010dio, A. Nasvy\u010dio, Up\u0117s (nuo A. Nasvy\u010dio g. iki Gele\u017einio Vilko tilto) gatv\u0117se.<\/p>\n<p>\u0160iomis dienomis eismas (automobili\u0173, paspirtuk\u0173, dviratinink\u0173 ir kt.) bus draud\u017eiamas ir Gedimino pr., A. Smetonos, A. Jak\u0161to, Vasario 16-osios (nuo \u0160ermuk\u0161ni\u0173 iki Pam\u0117nkalnio g.), A. Rotundo, Kra\u017ei\u0173, Gyn\u0117j\u0173, A. Tum\u0117no, A. Go\u0161tauto (nuo A. Tum\u0117no g. iki Liubarto tilto), Up\u0117s (nuo \u017daliojo tilto iki A. Nasvy\u010dio g.), A. Juozapavi\u010diaus, Slucko, Rinktin\u0117s (nuo Mindaugo tilto iki \u0160eimyni\u0161ki\u0173 g.) gatv\u0117mis.<\/p>\n<p>O liepos 11 dien\u0105 \u012fsigalios draud\u017eiamo eismo zona (automobili\u0173 transporto, p\u0117s\u010di\u0173j\u0173, paspirtuk\u0173, dviratinink\u0173 ir kt.) \u2013 Universiteto, Dominikon\u0173 (nuo Universiteto iki \u0160v. Ignoto g.), \u0160v. Ignoto (nuo Dominikon\u0173 iki Totori\u0173 g.), Totori\u0173 (nuo \u0160v. Ignoto iki Liejyklos g.), Liejyklos, L. S. Gucevi\u010diaus gatv\u0117se. Transporto priemoni\u0173 eismas taip pat bus draud\u017eiamas ir \u017dygimant\u0173, Arsenalo bei T. Kosciu\u0161kos gatv\u0117mis.<\/p>\n<p>Eismo ribojim\u0173 schem\u0105, atsakymus \u012f da\u017eniausiai u\u017eduodamus klausimus ir kit\u0105 svarbiausi\u0105 informacij\u0105 galima rasti\u00a0<u>\u00a0<\/u><a href=\"http:\/\/www.vilnius.lt\/nato\">www.vilnius.lt\/nato.<\/a><\/p>\n<p><strong>Kur kreiptis?<\/strong><strong>\u202f<\/strong><\/p>\n<p>Kilus klausim\u0173 pra\u0161ome kreiptis \u012f JUDU (S\u012e Susisiekimo paslaugos) klient\u0173 aptarnavimo centrus telefonu +370 5 2107050 arba el. pa\u0161tu\u202f\u00a0<u>info@judu.lt<\/u>.<\/p>\n","protected":false},"excerpt":{"rendered":"<p>JUDU (S\u012e Susisiekimo paslaugos) informuoja, kad jau nuo liepos 7 d. Senamiestyje ir miesto centre \u012fsigalioja NATO vir\u0161\u016bni\u0173 susitikimo metu galiosian\u010di\u0173 eismo ribojim\u0173 schema. Draud\u017eiamas automobili\u0173 stov\u0117jimas gatv\u0117se\u202f Nuo liepos 7 d. Senamiestyje \u2013 eismo ribojimo zonoje esan\u010diose gatv\u0117se \u2013 bus \u012frengti automobili\u0173 stov\u0117jim\u0105 draud\u017eiantys kelio \u017eenklai, kurie galios Senamies\u010dio gyventojams ir sve\u010diams. Tod\u0117l gyventojai [&hellip;]<\/p>\n","protected":false},"author":6,"featured_media":17534,"comment_status":"closed","ping_status":"open","sticky":false,"template":"","format":"standard","meta":{"_acf_changed":false,"_monsterinsights_skip_tracking":false,"_monsterinsights_sitenote_active":false,"_monsterinsights_sitenote_note":"","_monsterinsights_sitenote_category":0,"footnotes":""},"categories":[58,192],"tags":[],"class_list":["post-17533","post","type-post","status-publish","format-standard","has-post-thumbnail","hentry","category-news","category-pranesimai-ziniasklaidai"],"acf":[],"yoast_head":"<!-- This site is optimized with the Yoast SEO plugin v27.4 - https:\/\/yoast.com\/product\/yoast-seo-wordpress\/ -->\n<title>Art\u0117jant NATO vir\u0161\u016bni\u0173 susitikimui Vilniuje, keisis eismo organizavimas Senamiestyje - Vilnius film office<\/title>\n<meta name=\"description\" content=\"Jau nuo liepos 7 d. Senamiestyje ir miesto centre \u012fsigalioja NATO vir\u0161\u016bni\u0173 susitikimo metu galiosian\u010di\u0173 eismo ribojim\u0173 schema.\" \/>\n<meta name=\"robots\" content=\"index, follow, max-snippet:-1, max-image-preview:large, max-video-preview:-1\" \/>\n<link rel=\"canonical\" href=\"https:\/\/filmvilnius.com\/lt\/artejant-nato-virsuniu-susitikimui-vilniuje-keisis-eismo-organizavimas-senamiestyje\/\" \/>\n<meta property=\"og:locale\" content=\"lt_LT\" \/>\n<meta property=\"og:type\" content=\"article\" \/>\n<meta property=\"og:title\" content=\"Art\u0117jant NATO vir\u0161\u016bni\u0173 susitikimui Vilniuje, keisis eismo organizavimas Senamiestyje - Vilnius film office\" \/>\n<meta property=\"og:description\" content=\"Jau nuo liepos 7 d. Senamiestyje ir miesto centre \u012fsigalioja NATO vir\u0161\u016bni\u0173 susitikimo metu galiosian\u010di\u0173 eismo ribojim\u0173 schema.\" \/>\n<meta property=\"og:url\" content=\"https:\/\/filmvilnius.com\/lt\/artejant-nato-virsuniu-susitikimui-vilniuje-keisis-eismo-organizavimas-senamiestyje\/\" \/>\n<meta property=\"og:site_name\" content=\"Vilnius film office\" \/>\n<meta property=\"article:publisher\" content=\"https:\/\/www.facebook.com\/filmvilnius\" \/>\n<meta property=\"article:published_time\" content=\"2023-07-05T07:54:41+00:00\" \/>\n<meta property=\"article:modified_time\" content=\"2026-04-28T07:31:57+00:00\" \/>\n<meta property=\"og:image\" content=\"https:\/\/filmvilnius.com\/wp-content\/uploads\/2023\/07\/Senamiestis-21-1536x1115-1.jpg\" \/>\n\t<meta property=\"og:image:width\" content=\"1536\" \/>\n\t<meta property=\"og:image:height\" content=\"1115\" \/>\n\t<meta property=\"og:image:type\" content=\"image\/jpeg\" \/>\n<meta name=\"author\" content=\"Vilnius Film Office\" \/>\n<meta name=\"twitter:card\" content=\"summary_large_image\" \/>\n<meta name=\"twitter:creator\" content=\"@FilmVilnius\" \/>\n<meta name=\"twitter:site\" content=\"@FilmVilnius\" \/>\n<meta name=\"twitter:label1\" content=\"Written by\" \/>\n\t<meta name=\"twitter:data1\" content=\"Vilnius Film Office\" \/>\n\t<meta name=\"twitter:label2\" content=\"Est. reading time\" \/>\n\t<meta name=\"twitter:data2\" content=\"3 minut\u0117s\" \/>\n<script type=\"application\/ld+json\" class=\"yoast-schema-graph\">{\"@context\":\"https:\\\/\\\/schema.org\",\"@graph\":[{\"@type\":\"Article\",\"@id\":\"https:\\\/\\\/filmvilnius.com\\\/lt\\\/artejant-nato-virsuniu-susitikimui-vilniuje-keisis-eismo-organizavimas-senamiestyje\\\/#article\",\"isPartOf\":{\"@id\":\"https:\\\/\\\/filmvilnius.com\\\/lt\\\/artejant-nato-virsuniu-susitikimui-vilniuje-keisis-eismo-organizavimas-senamiestyje\\\/\"},\"author\":{\"name\":\"Vilnius Film Office\",\"@id\":\"https:\\\/\\\/filmvilnius.com\\\/#\\\/schema\\\/person\\\/8572c7f289890809bfa364d48f8dded5\"},\"headline\":\"Art\u0117jant NATO vir\u0161\u016bni\u0173 susitikimui Vilniuje, keisis eismo organizavimas Senamiestyje\",\"datePublished\":\"2023-07-05T07:54:41+00:00\",\"dateModified\":\"2026-04-28T07:31:57+00:00\",\"mainEntityOfPage\":{\"@id\":\"https:\\\/\\\/filmvilnius.com\\\/lt\\\/artejant-nato-virsuniu-susitikimui-vilniuje-keisis-eismo-organizavimas-senamiestyje\\\/\"},\"wordCount\":557,\"publisher\":{\"@id\":\"https:\\\/\\\/filmvilnius.com\\\/#organization\"},\"image\":{\"@id\":\"https:\\\/\\\/filmvilnius.com\\\/lt\\\/artejant-nato-virsuniu-susitikimui-vilniuje-keisis-eismo-organizavimas-senamiestyje\\\/#primaryimage\"},\"thumbnailUrl\":\"https:\\\/\\\/filmvilnius.com\\\/wp-content\\\/uploads\\\/2023\\\/07\\\/Senamiestis-21-1536x1115-1.jpg\",\"articleSection\":[\"Naujienos\",\"Prane\u0161imai \u017einiasklaidai\"],\"inLanguage\":\"lt-LT\"},{\"@type\":\"WebPage\",\"@id\":\"https:\\\/\\\/filmvilnius.com\\\/lt\\\/artejant-nato-virsuniu-susitikimui-vilniuje-keisis-eismo-organizavimas-senamiestyje\\\/\",\"url\":\"https:\\\/\\\/filmvilnius.com\\\/lt\\\/artejant-nato-virsuniu-susitikimui-vilniuje-keisis-eismo-organizavimas-senamiestyje\\\/\",\"name\":\"Art\u0117jant NATO vir\u0161\u016bni\u0173 susitikimui Vilniuje, keisis eismo organizavimas Senamiestyje - Vilnius film office\",\"isPartOf\":{\"@id\":\"https:\\\/\\\/filmvilnius.com\\\/#website\"},\"primaryImageOfPage\":{\"@id\":\"https:\\\/\\\/filmvilnius.com\\\/lt\\\/artejant-nato-virsuniu-susitikimui-vilniuje-keisis-eismo-organizavimas-senamiestyje\\\/#primaryimage\"},\"image\":{\"@id\":\"https:\\\/\\\/filmvilnius.com\\\/lt\\\/artejant-nato-virsuniu-susitikimui-vilniuje-keisis-eismo-organizavimas-senamiestyje\\\/#primaryimage\"},\"thumbnailUrl\":\"https:\\\/\\\/filmvilnius.com\\\/wp-content\\\/uploads\\\/2023\\\/07\\\/Senamiestis-21-1536x1115-1.jpg\",\"datePublished\":\"2023-07-05T07:54:41+00:00\",\"dateModified\":\"2026-04-28T07:31:57+00:00\",\"description\":\"Jau nuo liepos 7 d. Senamiestyje ir miesto centre \u012fsigalioja NATO vir\u0161\u016bni\u0173 susitikimo metu galiosian\u010di\u0173 eismo ribojim\u0173 schema.\",\"breadcrumb\":{\"@id\":\"https:\\\/\\\/filmvilnius.com\\\/lt\\\/artejant-nato-virsuniu-susitikimui-vilniuje-keisis-eismo-organizavimas-senamiestyje\\\/#breadcrumb\"},\"inLanguage\":\"lt-LT\",\"potentialAction\":[{\"@type\":\"ReadAction\",\"target\":[\"https:\\\/\\\/filmvilnius.com\\\/lt\\\/artejant-nato-virsuniu-susitikimui-vilniuje-keisis-eismo-organizavimas-senamiestyje\\\/\"]}]},{\"@type\":\"ImageObject\",\"inLanguage\":\"lt-LT\",\"@id\":\"https:\\\/\\\/filmvilnius.com\\\/lt\\\/artejant-nato-virsuniu-susitikimui-vilniuje-keisis-eismo-organizavimas-senamiestyje\\\/#primaryimage\",\"url\":\"https:\\\/\\\/filmvilnius.com\\\/wp-content\\\/uploads\\\/2023\\\/07\\\/Senamiestis-21-1536x1115-1.jpg\",\"contentUrl\":\"https:\\\/\\\/filmvilnius.com\\\/wp-content\\\/uploads\\\/2023\\\/07\\\/Senamiestis-21-1536x1115-1.jpg\",\"width\":1536,\"height\":1115},{\"@type\":\"BreadcrumbList\",\"@id\":\"https:\\\/\\\/filmvilnius.com\\\/lt\\\/artejant-nato-virsuniu-susitikimui-vilniuje-keisis-eismo-organizavimas-senamiestyje\\\/#breadcrumb\",\"itemListElement\":[{\"@type\":\"ListItem\",\"position\":1,\"name\":\"Home\",\"item\":\"https:\\\/\\\/filmvilnius.com\\\/lt\\\/\"},{\"@type\":\"ListItem\",\"position\":2,\"name\":\"Art\u0117jant NATO vir\u0161\u016bni\u0173 susitikimui Vilniuje, keisis eismo organizavimas Senamiestyje\"}]},{\"@type\":\"WebSite\",\"@id\":\"https:\\\/\\\/filmvilnius.com\\\/#website\",\"url\":\"https:\\\/\\\/filmvilnius.com\\\/\",\"name\":\"Vilnius film office\",\"description\":\"\",\"publisher\":{\"@id\":\"https:\\\/\\\/filmvilnius.com\\\/#organization\"},\"potentialAction\":[{\"@type\":\"SearchAction\",\"target\":{\"@type\":\"EntryPoint\",\"urlTemplate\":\"https:\\\/\\\/filmvilnius.com\\\/?s={search_term_string}\"},\"query-input\":{\"@type\":\"PropertyValueSpecification\",\"valueRequired\":true,\"valueName\":\"search_term_string\"}}],\"inLanguage\":\"lt-LT\"},{\"@type\":\"Organization\",\"@id\":\"https:\\\/\\\/filmvilnius.com\\\/#organization\",\"name\":\"Vilniaus kino biuras\",\"url\":\"https:\\\/\\\/filmvilnius.com\\\/\",\"logo\":{\"@type\":\"ImageObject\",\"inLanguage\":\"lt-LT\",\"@id\":\"https:\\\/\\\/filmvilnius.com\\\/#\\\/schema\\\/logo\\\/image\\\/\",\"url\":\"https:\\\/\\\/filmvilnius.com\\\/wp-content\\\/uploads\\\/2022\\\/12\\\/VKB-Logo-2022-EN-2-V.jpg\",\"contentUrl\":\"https:\\\/\\\/filmvilnius.com\\\/wp-content\\\/uploads\\\/2022\\\/12\\\/VKB-Logo-2022-EN-2-V.jpg\",\"width\":1419,\"height\":1418,\"caption\":\"Vilniaus kino biuras\"},\"image\":{\"@id\":\"https:\\\/\\\/filmvilnius.com\\\/#\\\/schema\\\/logo\\\/image\\\/\"},\"sameAs\":[\"https:\\\/\\\/www.facebook.com\\\/filmvilnius\",\"https:\\\/\\\/x.com\\\/FilmVilnius\",\"https:\\\/\\\/www.instagram.com\\\/filmvilnius\\\/\"]},{\"@type\":\"Person\",\"@id\":\"https:\\\/\\\/filmvilnius.com\\\/#\\\/schema\\\/person\\\/8572c7f289890809bfa364d48f8dded5\",\"name\":\"Vilnius Film Office\",\"image\":{\"@type\":\"ImageObject\",\"inLanguage\":\"lt-LT\",\"@id\":\"https:\\\/\\\/secure.gravatar.com\\\/avatar\\\/2f93c625b891dbd84735ed1bd75819d698625d4c37369c60acab5f321b22fbb2?s=96&d=mm&r=g\",\"url\":\"https:\\\/\\\/secure.gravatar.com\\\/avatar\\\/2f93c625b891dbd84735ed1bd75819d698625d4c37369c60acab5f321b22fbb2?s=96&d=mm&r=g\",\"contentUrl\":\"https:\\\/\\\/secure.gravatar.com\\\/avatar\\\/2f93c625b891dbd84735ed1bd75819d698625d4c37369c60acab5f321b22fbb2?s=96&d=mm&r=g\",\"caption\":\"Vilnius Film Office\"},\"url\":\"https:\\\/\\\/filmvilnius.com\\\/lt\\\/author\\\/ce5c1052f3e77e32\\\/\"}]}<\/script>\n<!-- \/ Yoast SEO plugin. -->","yoast_head_json":{"title":"Art\u0117jant NATO vir\u0161\u016bni\u0173 susitikimui Vilniuje, keisis eismo organizavimas Senamiestyje - Vilnius film office","description":"Jau nuo liepos 7 d. Senamiestyje ir miesto centre \u012fsigalioja NATO vir\u0161\u016bni\u0173 susitikimo metu galiosian\u010di\u0173 eismo ribojim\u0173 schema.","robots":{"index":"index","follow":"follow","max-snippet":"max-snippet:-1","max-image-preview":"max-image-preview:large","max-video-preview":"max-video-preview:-1"},"canonical":"https:\/\/filmvilnius.com\/lt\/artejant-nato-virsuniu-susitikimui-vilniuje-keisis-eismo-organizavimas-senamiestyje\/","og_locale":"lt_LT","og_type":"article","og_title":"Art\u0117jant NATO vir\u0161\u016bni\u0173 susitikimui Vilniuje, keisis eismo organizavimas Senamiestyje - Vilnius film office","og_description":"Jau nuo liepos 7 d. Senamiestyje ir miesto centre \u012fsigalioja NATO vir\u0161\u016bni\u0173 susitikimo metu galiosian\u010di\u0173 eismo ribojim\u0173 schema.","og_url":"https:\/\/filmvilnius.com\/lt\/artejant-nato-virsuniu-susitikimui-vilniuje-keisis-eismo-organizavimas-senamiestyje\/","og_site_name":"Vilnius film office","article_publisher":"https:\/\/www.facebook.com\/filmvilnius","article_published_time":"2023-07-05T07:54:41+00:00","article_modified_time":"2026-04-28T07:31:57+00:00","og_image":[{"width":1536,"height":1115,"url":"https:\/\/filmvilnius.com\/wp-content\/uploads\/2023\/07\/Senamiestis-21-1536x1115-1.jpg","type":"image\/jpeg"}],"author":"Vilnius Film Office","twitter_card":"summary_large_image","twitter_creator":"@FilmVilnius","twitter_site":"@FilmVilnius","twitter_misc":{"Written by":"Vilnius Film Office","Est. reading time":"3 minut\u0117s"},"schema":{"@context":"https:\/\/schema.org","@graph":[{"@type":"Article","@id":"https:\/\/filmvilnius.com\/lt\/artejant-nato-virsuniu-susitikimui-vilniuje-keisis-eismo-organizavimas-senamiestyje\/#article","isPartOf":{"@id":"https:\/\/filmvilnius.com\/lt\/artejant-nato-virsuniu-susitikimui-vilniuje-keisis-eismo-organizavimas-senamiestyje\/"},"author":{"name":"Vilnius Film Office","@id":"https:\/\/filmvilnius.com\/#\/schema\/person\/8572c7f289890809bfa364d48f8dded5"},"headline":"Art\u0117jant NATO vir\u0161\u016bni\u0173 susitikimui Vilniuje, keisis eismo organizavimas Senamiestyje","datePublished":"2023-07-05T07:54:41+00:00","dateModified":"2026-04-28T07:31:57+00:00","mainEntityOfPage":{"@id":"https:\/\/filmvilnius.com\/lt\/artejant-nato-virsuniu-susitikimui-vilniuje-keisis-eismo-organizavimas-senamiestyje\/"},"wordCount":557,"publisher":{"@id":"https:\/\/filmvilnius.com\/#organization"},"image":{"@id":"https:\/\/filmvilnius.com\/lt\/artejant-nato-virsuniu-susitikimui-vilniuje-keisis-eismo-organizavimas-senamiestyje\/#primaryimage"},"thumbnailUrl":"https:\/\/filmvilnius.com\/wp-content\/uploads\/2023\/07\/Senamiestis-21-1536x1115-1.jpg","articleSection":["Naujienos","Prane\u0161imai \u017einiasklaidai"],"inLanguage":"lt-LT"},{"@type":"WebPage","@id":"https:\/\/filmvilnius.com\/lt\/artejant-nato-virsuniu-susitikimui-vilniuje-keisis-eismo-organizavimas-senamiestyje\/","url":"https:\/\/filmvilnius.com\/lt\/artejant-nato-virsuniu-susitikimui-vilniuje-keisis-eismo-organizavimas-senamiestyje\/","name":"Art\u0117jant NATO vir\u0161\u016bni\u0173 susitikimui Vilniuje, keisis eismo organizavimas Senamiestyje - Vilnius film office","isPartOf":{"@id":"https:\/\/filmvilnius.com\/#website"},"primaryImageOfPage":{"@id":"https:\/\/filmvilnius.com\/lt\/artejant-nato-virsuniu-susitikimui-vilniuje-keisis-eismo-organizavimas-senamiestyje\/#primaryimage"},"image":{"@id":"https:\/\/filmvilnius.com\/lt\/artejant-nato-virsuniu-susitikimui-vilniuje-keisis-eismo-organizavimas-senamiestyje\/#primaryimage"},"thumbnailUrl":"https:\/\/filmvilnius.com\/wp-content\/uploads\/2023\/07\/Senamiestis-21-1536x1115-1.jpg","datePublished":"2023-07-05T07:54:41+00:00","dateModified":"2026-04-28T07:31:57+00:00","description":"Jau nuo liepos 7 d. Senamiestyje ir miesto centre \u012fsigalioja NATO vir\u0161\u016bni\u0173 susitikimo metu galiosian\u010di\u0173 eismo ribojim\u0173 schema.","breadcrumb":{"@id":"https:\/\/filmvilnius.com\/lt\/artejant-nato-virsuniu-susitikimui-vilniuje-keisis-eismo-organizavimas-senamiestyje\/#breadcrumb"},"inLanguage":"lt-LT","potentialAction":[{"@type":"ReadAction","target":["https:\/\/filmvilnius.com\/lt\/artejant-nato-virsuniu-susitikimui-vilniuje-keisis-eismo-organizavimas-senamiestyje\/"]}]},{"@type":"ImageObject","inLanguage":"lt-LT","@id":"https:\/\/filmvilnius.com\/lt\/artejant-nato-virsuniu-susitikimui-vilniuje-keisis-eismo-organizavimas-senamiestyje\/#primaryimage","url":"https:\/\/filmvilnius.com\/wp-content\/uploads\/2023\/07\/Senamiestis-21-1536x1115-1.jpg","contentUrl":"https:\/\/filmvilnius.com\/wp-content\/uploads\/2023\/07\/Senamiestis-21-1536x1115-1.jpg","width":1536,"height":1115},{"@type":"BreadcrumbList","@id":"https:\/\/filmvilnius.com\/lt\/artejant-nato-virsuniu-susitikimui-vilniuje-keisis-eismo-organizavimas-senamiestyje\/#breadcrumb","itemListElement":[{"@type":"ListItem","position":1,"name":"Home","item":"https:\/\/filmvilnius.com\/lt\/"},{"@type":"ListItem","position":2,"name":"Art\u0117jant NATO vir\u0161\u016bni\u0173 susitikimui Vilniuje, keisis eismo organizavimas Senamiestyje"}]},{"@type":"WebSite","@id":"https:\/\/filmvilnius.com\/#website","url":"https:\/\/filmvilnius.com\/","name":"Vilnius film office","description":"","publisher":{"@id":"https:\/\/filmvilnius.com\/#organization"},"potentialAction":[{"@type":"SearchAction","target":{"@type":"EntryPoint","urlTemplate":"https:\/\/filmvilnius.com\/?s={search_term_string}"},"query-input":{"@type":"PropertyValueSpecification","valueRequired":true,"valueName":"search_term_string"}}],"inLanguage":"lt-LT"},{"@type":"Organization","@id":"https:\/\/filmvilnius.com\/#organization","name":"Vilniaus kino biuras","url":"https:\/\/filmvilnius.com\/","logo":{"@type":"ImageObject","inLanguage":"lt-LT","@id":"https:\/\/filmvilnius.com\/#\/schema\/logo\/image\/","url":"https:\/\/filmvilnius.com\/wp-content\/uploads\/2022\/12\/VKB-Logo-2022-EN-2-V.jpg","contentUrl":"https:\/\/filmvilnius.com\/wp-content\/uploads\/2022\/12\/VKB-Logo-2022-EN-2-V.jpg","width":1419,"height":1418,"caption":"Vilniaus kino biuras"},"image":{"@id":"https:\/\/filmvilnius.com\/#\/schema\/logo\/image\/"},"sameAs":["https:\/\/www.facebook.com\/filmvilnius","https:\/\/x.com\/FilmVilnius","https:\/\/www.instagram.com\/filmvilnius\/"]},{"@type":"Person","@id":"https:\/\/filmvilnius.com\/#\/schema\/person\/8572c7f289890809bfa364d48f8dded5","name":"Vilnius Film Office","image":{"@type":"ImageObject","inLanguage":"lt-LT","@id":"https:\/\/secure.gravatar.com\/avatar\/2f93c625b891dbd84735ed1bd75819d698625d4c37369c60acab5f321b22fbb2?s=96&d=mm&r=g","url":"https:\/\/secure.gravatar.com\/avatar\/2f93c625b891dbd84735ed1bd75819d698625d4c37369c60acab5f321b22fbb2?s=96&d=mm&r=g","contentUrl":"https:\/\/secure.gravatar.com\/avatar\/2f93c625b891dbd84735ed1bd75819d698625d4c37369c60acab5f321b22fbb2?s=96&d=mm&r=g","caption":"Vilnius Film Office"},"url":"https:\/\/filmvilnius.com\/lt\/author\/ce5c1052f3e77e32\/"}]}},"_links":{"self":[{"href":"https:\/\/filmvilnius.com\/lt\/wp-json\/wp\/v2\/posts\/17533","targetHints":{"allow":["GET"]}}],"collection":[{"href":"https:\/\/filmvilnius.com\/lt\/wp-json\/wp\/v2\/posts"}],"about":[{"href":"https:\/\/filmvilnius.com\/lt\/wp-json\/wp\/v2\/types\/post"}],"author":[{"embeddable":true,"href":"https:\/\/filmvilnius.com\/lt\/wp-json\/wp\/v2\/users\/6"}],"replies":[{"embeddable":true,"href":"https:\/\/filmvilnius.com\/lt\/wp-json\/wp\/v2\/comments?post=17533"}],"version-history":[{"count":1,"href":"https:\/\/filmvilnius.com\/lt\/wp-json\/wp\/v2\/posts\/17533\/revisions"}],"predecessor-version":[{"id":17536,"href":"https:\/\/filmvilnius.com\/lt\/wp-json\/wp\/v2\/posts\/17533\/revisions\/17536"}],"wp:featuredmedia":[{"embeddable":true,"href":"https:\/\/filmvilnius.com\/lt\/wp-json\/wp\/v2\/media\/17534"}],"wp:attachment":[{"href":"https:\/\/filmvilnius.com\/lt\/wp-json\/wp\/v2\/media?parent=17533"}],"wp:term":[{"taxonomy":"category","embeddable":true,"href":"https:\/\/filmvilnius.com\/lt\/wp-json\/wp\/v2\/categories?post=17533"},{"taxonomy":"post_tag","embeddable":true,"href":"https:\/\/filmvilnius.com\/lt\/wp-json\/wp\/v2\/tags?post=17533"}],"curies":[{"name":"wp","href":"https:\/\/api.w.org\/{rel}","templated":true}]}}