{"id":17856,"date":"2023-09-19T07:52:35","date_gmt":"2023-09-19T07:52:35","guid":{"rendered":"https:\/\/filmvilnius.com\/?p=17856"},"modified":"2023-09-19T07:55:10","modified_gmt":"2023-09-19T07:55:10","slug":"kurybinis-duetas-rezisiere-m-kavtaradze-ir-prodiusere-m-razgute-apie-darba-kartu-ismoktas-pamokas-ir-artejancia-premjera-2","status":"publish","type":"post","link":"https:\/\/filmvilnius.com\/lt\/kurybinis-duetas-rezisiere-m-kavtaradze-ir-prodiusere-m-razgute-apie-darba-kartu-ismoktas-pamokas-ir-artejancia-premjera-2\/","title":{"rendered":"K\u016brybinis duetas \u2013 re\u017eisier\u0117 M. Kavtaradze ir prodiuser\u0117 M. Razgut\u0117: apie darb\u0105 kartu, i\u0161moktas pamokas ir art\u0117jan\u010di\u0105 premjer\u0105"},"content":{"rendered":"<p><i><span style=\"font-weight: 400;\">Daugyb\u0119 pasaulio festivali\u0173 apkeliav\u0119s romantinis filmas \u201eTu man nieko neprimeni\u201c jau rugs\u0117jo 22\u00a0 d. sugr\u012f\u017eta namo <\/span><\/i><i><span style=\"font-weight: 400;\">\u2013<\/span><\/i><i><span style=\"font-weight: 400;\"> j\u012f kino teatruose gal\u0117s i\u0161vysti ir Lietuvos \u017ei\u016brovai. Filmo istorijos centre <\/span><\/i><i><span style=\"font-weight: 400;\">\u2013<\/span><\/i><i><span style=\"font-weight: 400;\"> \u0161iuolaikinio \u0161okio \u0161ok\u0117jos ir gest\u0173 kalbos vert\u0117jo santykiai, kuriuos pakei\u010dia pagrindinio veik\u0117jo prisipa\u017einimas apie aseksualum\u0105. Premjerai art\u0117jant <\/span><\/i><i><span style=\"font-weight: 400;\">\u2013<\/span><\/i><i><span style=\"font-weight: 400;\"> Vilniaus kino biuro inicijuotas pokalbis su filmo re\u017eisiere Marija Kavtaradze ir prodiusere Marija Razgute.\u00a0<\/span><\/i><\/p>\n<p><b>\u2013 <\/b><b>Jau visai netrukus, aplank\u0119s tarptautinius festivalius, filmas \u201eTu man nieko neprimeni\u201c sugr\u012f\u017eta namo. Koks jausmas? Ar pasvajojate apie tai, kaip film\u0105 sutiks Lietuvos \u017ei\u016brovai?\u00a0<\/b><\/p>\n<p><span style=\"font-weight: 400;\">\u2013 <\/span><b>M. Razgut\u0117:<\/b><span style=\"font-weight: 400;\"> Premjera jau greitai, bet norisi, kad ji ateit\u0173 dar grei\u010diau, nes jaudulys ir stresas ima vir\u0161\u0173. Tikriausiai, labiausiai nor\u0117\u010diau, kad filmas nepalikt\u0173 abejing\u0173. Ne tiek svarbu, kad \u017ei\u016brovui patikt\u0173 visos detal\u0117s, kiek tai, kad po filmo b\u016bt\u0173 apie k\u0105 pasikalb\u0117ti, apie k\u0105 pagalvoti, kuo pasidalinti.<\/span><\/p>\n<p><span style=\"font-weight: 400;\">\u2013 <\/span><b>M. <\/b><b>Kavtaradze:<\/b><span style=\"font-weight: 400;\"> Vienas maloniausi\u0173 re\u017eisieriui dalyk\u0173 <\/span><span style=\"font-weight: 400;\">\u2013<\/span><span style=\"font-weight: 400;\"> kad \u017emon\u0117s \u012f film\u0105 eit\u0173, kad jis paliest\u0173, kad nor\u0117t\u0173si apie j\u012f kalb\u0117ti. Tai b\u016bt\u0173 did\u017eiausias i\u0161sipildymas.<\/span><\/p>\n<p><span style=\"font-weight: 400;\">\u2013 <\/span><b>Apie k\u0105 kiekvienai i\u0161 j\u016bs\u0173 yra \u0161is filmas? Kas \u012fkv\u0117p\u0117 vien\u0105 Marij\u0105 sukurti film\u0105 apie ne\u012fprast\u0105 meil\u0117s istorij\u0105, o kitai Marij\u0105 <\/b><span style=\"font-weight: 400;\">\u2013<\/span><b> \u0161\u012f film\u0105 prodiusuoti?\u00a0\u00a0<\/b><\/p>\n<p><span style=\"font-weight: 400;\">\u2013 <\/span><b>M. <\/b><b>Kavtaradze:<\/b><span style=\"font-weight: 400;\">\u00a0 Man \u0161is filmas, papras\u010diausiai tariant, yra apie meil\u0119, apie tai, kaip i\u0161 pa\u017ei\u016bros nesuderinami \u017emon\u0117s geba sukurti ry\u0161\u012f. Apie \u017emogaus atsparum\u0105 <\/span><span style=\"font-weight: 400;\">net ir sud\u0117tingose situacijose<\/span><span style=\"font-weight: 400;\"> bandyti, ie\u0161koti santykio, u\u017e j\u012f kovoti ir sirgti. Apie toki\u0173 santyki\u0173 prasm\u0119.\u00a0<\/span><\/p>\n<p><span style=\"font-weight: 400;\">\u2013 <\/span><b>M. Razgut\u0117:<\/b><span style=\"font-weight: 400;\"> Mes su Marija dirbame ne pirm\u0105 kart\u0105. Patirtis dirbant su filmu \u201eI\u0161gyventi vasar\u0105\u201c man labai patiko, viskas vyko skland\u017eiai, atrasdavome b\u016bd\u0173 susikalb\u0117ti, film\u0105 suk\u016br\u0117me su nedideliu biud\u017eetu, bet \u017einodamos, k\u0105 ir kod\u0117l darome. Rezultatas buvo geras, patirtis buvo \u012fdomi, atne\u0161usi daug atradim\u0173. Filmas \u201eTu man nieko neprimeni\u201c atrodo kaip savoti\u0161kas m\u016bs\u0173 bendro darbo t\u0119stinumas.\u00a0<\/span><\/p>\n<p><span style=\"font-weight: 400;\">Tuo pa\u010diu, mane labai nustebino pati filmo id\u0117ja, ji pasirod\u0117 nauja, netik\u0117ta. Kaip ir filmo veik\u0117ja, internete ie\u0161kojau kas yra aseksualumas, koks tai jausmas, k\u0105 \u017emogus i\u0161gyvena. \u012edomu tai, kad veik\u0117j\u0173 patiriama situacija atpa\u017e\u012fstama santyki\u0173 ir romantine prasme, bet s\u0105lygos ir aplinkyb\u0117s, kuriose jie veikia yra labai i\u0161skirtin\u0117s.\u00a0<\/span><\/p>\n<p><b>\u2013 <\/b><b>\u201eTu man nieko neprimeni\u201c yra intymus filmas apie santykius, seksualum\u0105 ir aseksualum\u0105. Ar nebuvo nedr\u0105su apie tai kalb\u0117ti?<\/b><\/p>\n<p><span style=\"font-weight: 400;\">\u2013 <\/span><b>M. <\/b><b>Kavtaradze:<\/b><span style=\"font-weight: 400;\"> Tikrai, ne tik aseksualumo, bet ir seksualumo tema m\u016bs\u0173 visuomen\u0117je ma\u017eai kalbama. Baimi\u0173 buvo \u012fvairi\u0173. Pavyzd\u017eiui, bijojau reprezentuoti \u017emoni\u0173 grup\u0119, kuriai nepriklausau. Band\u017eiau b\u016bti kiek \u012fmanoma pagarbesn\u0117, tyrin\u0117jau \u0161i\u0105 tem\u0105, bet vis tiek kilo klausimai, ar a\u0161 galiu apie tai kurti film\u0105, ar tai eti\u0161ka?<\/span><\/p>\n<p><span style=\"font-weight: 400;\">Tuo pa\u010diu, tai <\/span><span style=\"font-weight: 400;\">\u2013<\/span><span style=\"font-weight: 400;\"> romantinis filmas ir mes to visai neslepiame. Buvo baisu, kad kaip re\u017eisier\u0117 galiu pasirodyti nerimta, per jautri. Kuriant vaidmenis aktoriai privalo atsiverti, atiduoti save, b\u016bti pa\u017eeid\u017eiami. B\u016btent tai, kuriant film\u0105, i\u0161gyvena ir re\u017eisierius. Jei bandysi pasisl\u0117pti, filmas nesuveiks. Atsiverti visuomet baisu, bet tai geras indikatorius, kad film\u0105 kurti verta.\u00a0<\/span><\/p>\n<figure id=\"attachment_17840\" aria-describedby=\"caption-attachment-17840\" style=\"width: 2300px\" class=\"wp-caption aligncenter\"><img fetchpriority=\"high\" decoding=\"async\" class=\"wp-image-17840\" src=\"https:\/\/filmvilnius.com\/wp-content\/uploads\/2023\/09\/Filmavimai-4_foto-autorius-Andrius-Aleksandravicius-1024x683.jpg\" alt=\"\" width=\"2300\" height=\"1533\" srcset=\"https:\/\/filmvilnius.com\/wp-content\/uploads\/2023\/09\/Filmavimai-4_foto-autorius-Andrius-Aleksandravicius-1024x683.jpg 1024w, https:\/\/filmvilnius.com\/wp-content\/uploads\/2023\/09\/Filmavimai-4_foto-autorius-Andrius-Aleksandravicius-300x200.jpg 300w, https:\/\/filmvilnius.com\/wp-content\/uploads\/2023\/09\/Filmavimai-4_foto-autorius-Andrius-Aleksandravicius-768x512.jpg 768w, https:\/\/filmvilnius.com\/wp-content\/uploads\/2023\/09\/Filmavimai-4_foto-autorius-Andrius-Aleksandravicius.jpg 1500w\" sizes=\"(max-width: 2300px) 100vw, 2300px\" \/><figcaption id=\"caption-attachment-17840\" class=\"wp-caption-text\">Andriaus Aleksandravi\u010diaus nuotr.<\/figcaption><\/figure>\n<figure id=\"attachment_17842\" aria-describedby=\"caption-attachment-17842\" style=\"width: 2300px\" class=\"wp-caption aligncenter\"><img decoding=\"async\" class=\"wp-image-17842\" src=\"https:\/\/filmvilnius.com\/wp-content\/uploads\/2023\/09\/7-1024x683.jpg\" alt=\"\" width=\"2300\" height=\"1533\" srcset=\"https:\/\/filmvilnius.com\/wp-content\/uploads\/2023\/09\/7-1024x683.jpg 1024w, https:\/\/filmvilnius.com\/wp-content\/uploads\/2023\/09\/7-300x200.jpg 300w, https:\/\/filmvilnius.com\/wp-content\/uploads\/2023\/09\/7-768x512.jpg 768w, https:\/\/filmvilnius.com\/wp-content\/uploads\/2023\/09\/7.jpg 1500w\" sizes=\"(max-width: 2300px) 100vw, 2300px\" \/><figcaption id=\"caption-attachment-17842\" class=\"wp-caption-text\">Andriaus Aleksandravi\u010diaus nuotr.<\/figcaption><\/figure>\n<p><span style=\"font-weight: 400;\">\u2013 <\/span><b>\u201eTu man nieko neprimeni\u201c <\/b><b>\u2013<\/b><b> jau ne pirmas j\u016bs\u0173 bendras projektas. Kaip judvi susipa\u017einote, kas l\u0117m\u0117, kad nusprend\u0117te dirbti kartu?\u00a0<\/b><\/p>\n<p><span style=\"font-weight: 400;\">\u2013 <\/span><b>M. <\/b><b>Kavtaradze:<\/b><span style=\"font-weight: 400;\"> M\u016bs\u0173 pirmoji pa\u017eintis \u012fvyko gerokai prie\u0161 film\u0105 \u201eI\u0161gyventi vasar\u0105\u201c, dirbant prie juostos \u201e\u0160ventasis\u201c. Man tai buvo filmas, kuriame labai daug i\u0161mokau.<\/span><\/p>\n<p><span style=\"font-weight: 400;\">Darbas kartu su Marija paskui t\u0119s\u0117si nat\u016braliai. Re\u017eisierius ir prodiuseris yra tie \u017emon\u0117s, kurie nuo filmo k\u016brimo prad\u017eios iki pabaigos yra drauge. Kai kreipiausi \u012f Marij\u0105 d\u0117l \u201eTu man nieko neprimeni\u201c dar netur\u0117jau filmo scenarijaus, siun\u010diau tik apra\u0161ym\u0105, kuriame buvo vos keli pam\u0105stymai, scenos. Nat\u016bralu, kad jei m\u016bs\u0173 nuomon\u0117, po\u017ei\u016bris kardinaliai skirt\u0173si, tr\u016bkt\u0173 pasitik\u0117jimo, dirbti kartu b\u016bt\u0173 sud\u0117tinga.\u00a0<\/span><\/p>\n<p><span style=\"font-weight: 400;\">\u2013 <\/span><b>M. Razgut\u0117:<\/b><span style=\"font-weight: 400;\"> Pritar\u010diau, kad pasitik\u0117jimas labai svarbus. Nors kuriame t\u0105 pat\u012f film\u0105, m\u016bs\u0173 atsakomyb\u0117s labai skirtingos. Tod\u0117l nuolatos turi vykti komunikacija, glaudus kalb\u0117jimasis apie tai, kas \u012fvyko, kas pasikeit\u0117. Dalindamosis visa informacija, galime jausti viena kitos puls\u0105, suprasti viena kitos sprendimus, bendr\u0105 proces\u0105.\u00a0<\/span><\/p>\n<p><span style=\"font-weight: 400;\">\u2013 <\/span><b>Kuo jums \u0161is projektas yra i\u0161skirtinis? Kuo jis praturtino ir ar atne\u0161\u0117 daug pirm\u0173 kart\u0173?<\/b><\/p>\n<p><span style=\"font-weight: 400;\">\u2013 <\/span><b>M. <\/b><b>Kavtaradze:<\/b><span style=\"font-weight: 400;\"> Turiu kelis praktinius atsakymus. Praturtino pats tyrimas, ra\u0161ant reik\u0117jo daug k\u0105 i\u0161siai\u0161kinti apie aseksualum\u0105, gest\u0173 kalb\u0105, \u0161okio pasaul\u012f. Pirm\u0105 kart\u0105 dirbau su choreografe, intymumo koordinatore, pirm\u0105 kart\u0105 filmavome ant juostos.\u00a0<\/span><\/p>\n<p><span style=\"font-weight: 400;\">Filmas daug dav\u0117 ir \u017emogi\u0161k\u0105ja prasme. \u017dmoni\u0173 reakcijos, pokalbiai ir susitikimai su \u017ei\u016brovais labai praturtino. Jau\u010diau daug tikro gr\u012f\u017etamojo ry\u0161io, nesuvaidint\u0173 jausm\u0173, o tai negali nepaveikti.\u00a0<\/span><\/p>\n<p><span style=\"font-weight: 400;\">\u2013 <\/span><b>M. Razgut\u0117: <\/b><span style=\"font-weight: 400;\">Dirbdamas su tokia tema nei\u0161vengiamai daug k\u0105 perm\u0105stai. Tai <\/span><span style=\"font-weight: 400;\">\u2013<\/span><span style=\"font-weight: 400;\"> emocin\u0117 dalis, kuria pats save apdovanoji.\u00a0<\/span><\/p>\n<p><span style=\"font-weight: 400;\">Kita vertus, tai pirmas mano prodiusuotas filmas, kuris buvo Sandanso kino festivalyje, pirmas lietuvi\u0161kas \u0161iame festivalyje \u012fvertintas filmas, pirmas lietuvi\u0161kas filmas Tarptautinio Berlyno kino festivalio \u201eCo-Production Market\u201c programoje, Lietuvos kandidatas siekti \u201eOskaro\u201c&#8230; Dirbame ne d\u0117l apdovanojim\u0173, bet tai, kad darbas yra pastebimas, o pastangos \u012fvertinamos <\/span><span style=\"font-weight: 400;\">\u2013<\/span><span style=\"font-weight: 400;\"> labai malonu.<\/span><\/p>\n<p><b>\u2013<\/b> <b>Tai \u2013 ir aktori\u0173 K\u0119stu\u010dio Cic\u0117no bei Gretos Grinevi\u010di\u016bt\u0117s debiutas pagrindiniuose vaidmenyse kine. Kaip atradote \u0161iuos aktorius?<\/b><\/p>\n<p><b>\u2013 M. Razgut\u0117:<\/b><span style=\"font-weight: 400;\"> kai Marija pirm\u0105 kart\u0105 papasakojo apie filmo tem\u0105, vienas pirm\u0173j\u0173 mano klausim\u0173 buvo apie tai, kas gal\u0117t\u0173 filme vaidinti. Marija man i\u0161kart papasakojo apie G. Grinevi\u010di\u016bt\u0119 \u2013 jos spektaklius ir \u0161okio pasirodymus. Vaidmeniui pasirinkti pagrinde \u0161okio, judesio patirties turint\u012f \u017emog\u0173 buvo dr\u0105sus sprendimas. K\u0119stutis dar ankstyvoje filmo k\u016brimo stadijoje \u012ftikino, \u012fsiliejo \u012f Gretos pasaul\u012f. Manau, kad tai labai geras ir \u012fdomus derinys.\u00a0<\/span><\/p>\n<p><b>\u2013 M. Kavtaradze:<\/b><span style=\"font-weight: 400;\"> Prisimenu, kai padariau kasting\u0105 su K\u0119stu\u010diu ir nusiun\u010diau \u012fra\u0161\u0105 Marijai, fone gird\u0117josi kaip u\u017e kadro nuolat juokiuosi \u2013 jau pirmas susitikimas su K\u0119stu\u010diu buvo labai smagus ir linksmas.<\/span><\/p>\n<p><b>\u2013 M. Razgut\u0117:<\/b><span style=\"font-weight: 400;\"> Marija sak\u0117, kad tam, kad istorija patik\u0117tum, turi matyti du \u017emones \u2013 vyr\u0105 ir moter\u012f, o ne du \u017einomus aktorius. Manau, kad nauj\u0173 veid\u0173, talent\u0173 pamatymas filmui dav\u0117 labai daug.\u00a0<\/span><\/p>\n<figure id=\"attachment_17844\" aria-describedby=\"caption-attachment-17844\" style=\"width: 2300px\" class=\"wp-caption aligncenter\"><img decoding=\"async\" class=\"wp-image-17844\" src=\"https:\/\/filmvilnius.com\/wp-content\/uploads\/2023\/09\/6-1024x683.jpg\" alt=\"\" width=\"2300\" height=\"1533\" srcset=\"https:\/\/filmvilnius.com\/wp-content\/uploads\/2023\/09\/6-1024x683.jpg 1024w, https:\/\/filmvilnius.com\/wp-content\/uploads\/2023\/09\/6-300x200.jpg 300w, https:\/\/filmvilnius.com\/wp-content\/uploads\/2023\/09\/6-768x512.jpg 768w, https:\/\/filmvilnius.com\/wp-content\/uploads\/2023\/09\/6.jpg 1500w\" sizes=\"(max-width: 2300px) 100vw, 2300px\" \/><figcaption id=\"caption-attachment-17844\" class=\"wp-caption-text\">Andriaus Aleksandravi\u010diaus nuotr.<\/figcaption><\/figure>\n<p><b>\u2013 Kaip atrod\u0117 pats k\u016brybinis procesas? Kas k\u0117l\u0117 daugiausiai i\u0161\u0161\u016bki\u0173?<\/b><\/p>\n<p><b>\u2013<\/b> <b>M. <\/b><b>Kavtaradze:<\/b><span style=\"font-weight: 400;\"> K\u016bryboje visada yra i\u0161\u0161\u016bki\u0173, nuolat galvojame, kaip priimti vien\u0105 ar kit\u0105 sprendim\u0105, bet, man regis, \u0161\u012f kart\u0105 procesu labai tik\u0117jome.\u00a0 Ir viskas \u012fvyko skland\u017eiai.<\/span><\/p>\n<p><span style=\"font-weight: 400;\">\u2013 <\/span><b>M. Razgut\u0117:<\/b><span style=\"font-weight: 400;\"> Kai dirbi su \u017emon\u0117mis kitose \u0161alyse, net ir geriausiu atveju gali nesutapti asmeniniai biolaukai. Tod\u0117l sakome, kad visame procese \u012fvyko \u0161iek tiek magijos <\/span><span style=\"font-weight: 400;\">\u2013<\/span><span style=\"font-weight: 400;\"> su visais radome bendr\u0105 kalb\u0105, pavyko tinkamais \u017eod\u017eiais pristatyti m\u016bs\u0173 id\u0117j\u0105 ir sumanym\u0105, k\u0105 \u0161iuo filmu norime pasakyti. Darbas, \u012fd\u0117ta energija, kiekvienas atliktas \u017eingsnis nenu\u0117jo veltui. Viskas vyko palankiai <\/span><span style=\"font-weight: 400;\">\u2013<\/span><span style=\"font-weight: 400;\"> ir dalykai, kuriuos i\u0161 anksto sud\u0117liojome pa\u010dios ir tos aplinkyb\u0117s, kuri\u0173 kontroliuoti negal\u0117jome.<\/span><\/p>\n<p><span style=\"font-weight: 400;\">\u2013 <\/span><b>Kaip filmas buvo sutiktas u\u017esienyje?<\/b><\/p>\n<p><b>\u2013<\/b> <b>M. <\/b><b>Kavtaradze:<\/b><span style=\"font-weight: 400;\"> Film\u0105 itin \u0161iltai sutiko \u017ei\u016brovai Lenkijoje, \u010cekijoje, JAV. Kartais pasibaigus interviu, \u017eurnalistai prad\u0117davo pasakoti apie savo santykius, dalindavosi asmeniniais i\u0161gyvenimais. Labai skyr\u0117si mums u\u017eduodami klausimai <\/span><span style=\"font-weight: 400;\">\u2013<\/span><span style=\"font-weight: 400;\"> vieniems buvo \u012fdomi aseksualumo tema, kitiems <\/span><span style=\"font-weight: 400;\">\u2013<\/span><span style=\"font-weight: 400;\"> kaip filmas nufilmuotas. Smagu, nes tai rei\u0161kia, kad po filmo per\u017ei\u016bros yra apie k\u0105 pasikalb\u0117ti.<\/span><\/p>\n<figure id=\"attachment_17846\" aria-describedby=\"caption-attachment-17846\" style=\"width: 2300px\" class=\"wp-caption aligncenter\"><img loading=\"lazy\" decoding=\"async\" class=\"wp-image-17846\" src=\"https:\/\/filmvilnius.com\/wp-content\/uploads\/2023\/09\/5-1024x683.jpg\" alt=\"\" width=\"2300\" height=\"1533\" srcset=\"https:\/\/filmvilnius.com\/wp-content\/uploads\/2023\/09\/5-1024x683.jpg 1024w, https:\/\/filmvilnius.com\/wp-content\/uploads\/2023\/09\/5-300x200.jpg 300w, https:\/\/filmvilnius.com\/wp-content\/uploads\/2023\/09\/5-768x512.jpg 768w, https:\/\/filmvilnius.com\/wp-content\/uploads\/2023\/09\/5.jpg 1500w\" sizes=\"(max-width: 2300px) 100vw, 2300px\" \/><figcaption id=\"caption-attachment-17846\" class=\"wp-caption-text\">Marijos Mireckait\u0117s nuotr.<\/figcaption><\/figure>\n<p><span style=\"font-weight: 400;\">\u2013 <\/span><b>Galb\u016bt nor\u0117tum\u0117te k\u0105 nors palink\u0117ti b\u016bsimiems filmo \u017ei\u016brovams?<\/b><\/p>\n<p><b>\u2013<\/b> <b>M. <\/b><b>Kavtaradze: <\/b><span style=\"font-weight: 400;\">Syk\u012f jau esu juokavusi, kad \u012f \u0161\u012f film\u0105 nerekomenduoju eiti per pirm\u0105j\u012f pasimatym\u0105 (juokiasi). \u017dinoma, did\u017eiausia k\u016br\u0117jo svajon\u0117 <\/span><span style=\"font-weight: 400;\">\u2013<\/span><span style=\"font-weight: 400;\"> kad \u017emon\u0117s b\u016bt\u0173 atviri. Nuo nusiteikimo, su kuriuo ateini \u012f film\u0105, labai daug priklauso.<\/span><\/p>\n<p><b>\u2013<\/b> <b>M. Razgut\u0117:<\/b><span style=\"font-weight: 400;\"> A\u0161 palink\u0117siu to atvirumo, kur\u012f si\u016blo filmas, nepabijoti su pa\u010diu savimi. I\u0161\u0117jus i\u0161 filmo, \u017ei\u016brovams palink\u0117\u010diau sau patiems u\u017eduoti ir atsakyti \u012f klausimus meil\u0117s, intymumo, santyki\u0173 temomis.<\/span><\/p>\n<p><b>\u2013 <\/b><b>D\u0117koju u\u017e pokalb\u012f.<\/b><\/p>\n","protected":false},"excerpt":{"rendered":"<p>Daugyb\u0119 pasaulio festivali\u0173 apkeliav\u0119s romantinis filmas \u201eTu man nieko neprimeni\u201c jau rugs\u0117jo 22\u00a0 d. sugr\u012f\u017eta namo \u2013 j\u012f kino teatruose gal\u0117s i\u0161vysti ir Lietuvos \u017ei\u016brovai. Filmo istorijos centre \u2013 \u0161iuolaikinio \u0161okio \u0161ok\u0117jos ir gest\u0173 kalbos vert\u0117jo santykiai, kuriuos pakei\u010dia pagrindinio veik\u0117jo prisipa\u017einimas apie aseksualum\u0105. Premjerai art\u0117jant \u2013 Vilniaus kino biuro inicijuotas pokalbis su filmo re\u017eisiere [&hellip;]<\/p>\n","protected":false},"author":6,"featured_media":17838,"comment_status":"closed","ping_status":"open","sticky":false,"template":"","format":"standard","meta":{"_acf_changed":false,"_monsterinsights_skip_tracking":false,"_monsterinsights_sitenote_active":false,"_monsterinsights_sitenote_note":"","_monsterinsights_sitenote_category":0,"footnotes":""},"categories":[58],"tags":[],"class_list":["post-17856","post","type-post","status-publish","format-standard","has-post-thumbnail","hentry","category-news"],"acf":[],"yoast_head":"<!-- This site is optimized with the Yoast SEO plugin v27.4 - https:\/\/yoast.com\/product\/yoast-seo-wordpress\/ -->\n<title>K\u016brybinis duetas \u2013 re\u017eisier\u0117 M. Kavtaradze ir prodiuser\u0117 M. Razgut\u0117: apie darb\u0105 kartu, i\u0161moktas pamokas ir art\u0117jan\u010di\u0105 premjer\u0105 - Vilnius film office<\/title>\n<meta name=\"description\" content=\"Premjerai Tu man nieko neprimeni art\u0117jant \u2013 Vilniaus kino biuro inicijuotas pokalbis su filmo re\u017eisiere Marija Kavtaradze ir prodiusere Marija Razgute.\u00a0\" \/>\n<meta name=\"robots\" content=\"index, follow, max-snippet:-1, max-image-preview:large, max-video-preview:-1\" \/>\n<link rel=\"canonical\" href=\"https:\/\/filmvilnius.com\/lt\/kurybinis-duetas-rezisiere-m-kavtaradze-ir-prodiusere-m-razgute-apie-darba-kartu-ismoktas-pamokas-ir-artejancia-premjera-2\/\" \/>\n<meta property=\"og:locale\" content=\"lt_LT\" \/>\n<meta property=\"og:type\" content=\"article\" \/>\n<meta property=\"og:title\" content=\"K\u016brybinis duetas \u2013 re\u017eisier\u0117 M. Kavtaradze ir prodiuser\u0117 M. Razgut\u0117: apie darb\u0105 kartu, i\u0161moktas pamokas ir art\u0117jan\u010di\u0105 premjer\u0105 - Vilnius film office\" \/>\n<meta property=\"og:description\" content=\"Premjerai Tu man nieko neprimeni art\u0117jant \u2013 Vilniaus kino biuro inicijuotas pokalbis su filmo re\u017eisiere Marija Kavtaradze ir prodiusere Marija Razgute.\u00a0\" \/>\n<meta property=\"og:url\" content=\"https:\/\/filmvilnius.com\/lt\/kurybinis-duetas-rezisiere-m-kavtaradze-ir-prodiusere-m-razgute-apie-darba-kartu-ismoktas-pamokas-ir-artejancia-premjera-2\/\" \/>\n<meta property=\"og:site_name\" content=\"Vilnius film office\" \/>\n<meta property=\"article:publisher\" content=\"https:\/\/www.facebook.com\/filmvilnius\" \/>\n<meta property=\"article:published_time\" content=\"2023-09-19T07:52:35+00:00\" \/>\n<meta property=\"article:modified_time\" content=\"2023-09-19T07:55:10+00:00\" \/>\n<meta property=\"og:image\" content=\"https:\/\/filmvilnius.com\/wp-content\/uploads\/2023\/09\/bendras-2-1.jpg\" \/>\n\t<meta property=\"og:image:width\" content=\"1679\" \/>\n\t<meta property=\"og:image:height\" content=\"1044\" \/>\n\t<meta property=\"og:image:type\" content=\"image\/jpeg\" \/>\n<meta name=\"author\" content=\"Vilnius Film Office\" \/>\n<meta name=\"twitter:card\" content=\"summary_large_image\" \/>\n<meta name=\"twitter:creator\" content=\"@FilmVilnius\" \/>\n<meta name=\"twitter:site\" content=\"@FilmVilnius\" \/>\n<meta name=\"twitter:label1\" content=\"Written by\" \/>\n\t<meta name=\"twitter:data1\" content=\"Vilnius Film Office\" \/>\n\t<meta name=\"twitter:label2\" content=\"Est. reading time\" \/>\n\t<meta name=\"twitter:data2\" content=\"6 minut\u0117s\" \/>\n<script type=\"application\/ld+json\" class=\"yoast-schema-graph\">{\"@context\":\"https:\\\/\\\/schema.org\",\"@graph\":[{\"@type\":\"Article\",\"@id\":\"https:\\\/\\\/filmvilnius.com\\\/lt\\\/kurybinis-duetas-rezisiere-m-kavtaradze-ir-prodiusere-m-razgute-apie-darba-kartu-ismoktas-pamokas-ir-artejancia-premjera-2\\\/#article\",\"isPartOf\":{\"@id\":\"https:\\\/\\\/filmvilnius.com\\\/lt\\\/kurybinis-duetas-rezisiere-m-kavtaradze-ir-prodiusere-m-razgute-apie-darba-kartu-ismoktas-pamokas-ir-artejancia-premjera-2\\\/\"},\"author\":{\"name\":\"Vilnius Film Office\",\"@id\":\"https:\\\/\\\/filmvilnius.com\\\/#\\\/schema\\\/person\\\/8572c7f289890809bfa364d48f8dded5\"},\"headline\":\"K\u016brybinis duetas \u2013 re\u017eisier\u0117 M. Kavtaradze ir prodiuser\u0117 M. Razgut\u0117: apie darb\u0105 kartu, i\u0161moktas pamokas ir art\u0117jan\u010di\u0105 premjer\u0105\",\"datePublished\":\"2023-09-19T07:52:35+00:00\",\"dateModified\":\"2023-09-19T07:55:10+00:00\",\"mainEntityOfPage\":{\"@id\":\"https:\\\/\\\/filmvilnius.com\\\/lt\\\/kurybinis-duetas-rezisiere-m-kavtaradze-ir-prodiusere-m-razgute-apie-darba-kartu-ismoktas-pamokas-ir-artejancia-premjera-2\\\/\"},\"wordCount\":1344,\"publisher\":{\"@id\":\"https:\\\/\\\/filmvilnius.com\\\/#organization\"},\"image\":{\"@id\":\"https:\\\/\\\/filmvilnius.com\\\/lt\\\/kurybinis-duetas-rezisiere-m-kavtaradze-ir-prodiusere-m-razgute-apie-darba-kartu-ismoktas-pamokas-ir-artejancia-premjera-2\\\/#primaryimage\"},\"thumbnailUrl\":\"https:\\\/\\\/filmvilnius.com\\\/wp-content\\\/uploads\\\/2023\\\/09\\\/bendras-2.jpg\",\"articleSection\":[\"Naujienos\"],\"inLanguage\":\"lt-LT\"},{\"@type\":\"WebPage\",\"@id\":\"https:\\\/\\\/filmvilnius.com\\\/lt\\\/kurybinis-duetas-rezisiere-m-kavtaradze-ir-prodiusere-m-razgute-apie-darba-kartu-ismoktas-pamokas-ir-artejancia-premjera-2\\\/\",\"url\":\"https:\\\/\\\/filmvilnius.com\\\/lt\\\/kurybinis-duetas-rezisiere-m-kavtaradze-ir-prodiusere-m-razgute-apie-darba-kartu-ismoktas-pamokas-ir-artejancia-premjera-2\\\/\",\"name\":\"K\u016brybinis duetas \u2013 re\u017eisier\u0117 M. Kavtaradze ir prodiuser\u0117 M. Razgut\u0117: apie darb\u0105 kartu, i\u0161moktas pamokas ir art\u0117jan\u010di\u0105 premjer\u0105 - Vilnius film office\",\"isPartOf\":{\"@id\":\"https:\\\/\\\/filmvilnius.com\\\/#website\"},\"primaryImageOfPage\":{\"@id\":\"https:\\\/\\\/filmvilnius.com\\\/lt\\\/kurybinis-duetas-rezisiere-m-kavtaradze-ir-prodiusere-m-razgute-apie-darba-kartu-ismoktas-pamokas-ir-artejancia-premjera-2\\\/#primaryimage\"},\"image\":{\"@id\":\"https:\\\/\\\/filmvilnius.com\\\/lt\\\/kurybinis-duetas-rezisiere-m-kavtaradze-ir-prodiusere-m-razgute-apie-darba-kartu-ismoktas-pamokas-ir-artejancia-premjera-2\\\/#primaryimage\"},\"thumbnailUrl\":\"https:\\\/\\\/filmvilnius.com\\\/wp-content\\\/uploads\\\/2023\\\/09\\\/bendras-2.jpg\",\"datePublished\":\"2023-09-19T07:52:35+00:00\",\"dateModified\":\"2023-09-19T07:55:10+00:00\",\"description\":\"Premjerai Tu man nieko neprimeni art\u0117jant \u2013 Vilniaus kino biuro inicijuotas pokalbis su filmo re\u017eisiere Marija Kavtaradze ir prodiusere Marija Razgute.\u00a0\",\"breadcrumb\":{\"@id\":\"https:\\\/\\\/filmvilnius.com\\\/lt\\\/kurybinis-duetas-rezisiere-m-kavtaradze-ir-prodiusere-m-razgute-apie-darba-kartu-ismoktas-pamokas-ir-artejancia-premjera-2\\\/#breadcrumb\"},\"inLanguage\":\"lt-LT\",\"potentialAction\":[{\"@type\":\"ReadAction\",\"target\":[\"https:\\\/\\\/filmvilnius.com\\\/lt\\\/kurybinis-duetas-rezisiere-m-kavtaradze-ir-prodiusere-m-razgute-apie-darba-kartu-ismoktas-pamokas-ir-artejancia-premjera-2\\\/\"]}]},{\"@type\":\"ImageObject\",\"inLanguage\":\"lt-LT\",\"@id\":\"https:\\\/\\\/filmvilnius.com\\\/lt\\\/kurybinis-duetas-rezisiere-m-kavtaradze-ir-prodiusere-m-razgute-apie-darba-kartu-ismoktas-pamokas-ir-artejancia-premjera-2\\\/#primaryimage\",\"url\":\"https:\\\/\\\/filmvilnius.com\\\/wp-content\\\/uploads\\\/2023\\\/09\\\/bendras-2.jpg\",\"contentUrl\":\"https:\\\/\\\/filmvilnius.com\\\/wp-content\\\/uploads\\\/2023\\\/09\\\/bendras-2.jpg\",\"width\":1679,\"height\":1044},{\"@type\":\"BreadcrumbList\",\"@id\":\"https:\\\/\\\/filmvilnius.com\\\/lt\\\/kurybinis-duetas-rezisiere-m-kavtaradze-ir-prodiusere-m-razgute-apie-darba-kartu-ismoktas-pamokas-ir-artejancia-premjera-2\\\/#breadcrumb\",\"itemListElement\":[{\"@type\":\"ListItem\",\"position\":1,\"name\":\"Home\",\"item\":\"https:\\\/\\\/filmvilnius.com\\\/lt\\\/\"},{\"@type\":\"ListItem\",\"position\":2,\"name\":\"K\u016brybinis duetas \u2013 re\u017eisier\u0117 M. Kavtaradze ir prodiuser\u0117 M. Razgut\u0117: apie darb\u0105 kartu, i\u0161moktas pamokas ir art\u0117jan\u010di\u0105 premjer\u0105\"}]},{\"@type\":\"WebSite\",\"@id\":\"https:\\\/\\\/filmvilnius.com\\\/#website\",\"url\":\"https:\\\/\\\/filmvilnius.com\\\/\",\"name\":\"Vilnius film office\",\"description\":\"\",\"publisher\":{\"@id\":\"https:\\\/\\\/filmvilnius.com\\\/#organization\"},\"potentialAction\":[{\"@type\":\"SearchAction\",\"target\":{\"@type\":\"EntryPoint\",\"urlTemplate\":\"https:\\\/\\\/filmvilnius.com\\\/?s={search_term_string}\"},\"query-input\":{\"@type\":\"PropertyValueSpecification\",\"valueRequired\":true,\"valueName\":\"search_term_string\"}}],\"inLanguage\":\"lt-LT\"},{\"@type\":\"Organization\",\"@id\":\"https:\\\/\\\/filmvilnius.com\\\/#organization\",\"name\":\"Vilniaus kino biuras\",\"url\":\"https:\\\/\\\/filmvilnius.com\\\/\",\"logo\":{\"@type\":\"ImageObject\",\"inLanguage\":\"lt-LT\",\"@id\":\"https:\\\/\\\/filmvilnius.com\\\/#\\\/schema\\\/logo\\\/image\\\/\",\"url\":\"https:\\\/\\\/filmvilnius.com\\\/wp-content\\\/uploads\\\/2022\\\/12\\\/VKB-Logo-2022-EN-2-V.jpg\",\"contentUrl\":\"https:\\\/\\\/filmvilnius.com\\\/wp-content\\\/uploads\\\/2022\\\/12\\\/VKB-Logo-2022-EN-2-V.jpg\",\"width\":1419,\"height\":1418,\"caption\":\"Vilniaus kino biuras\"},\"image\":{\"@id\":\"https:\\\/\\\/filmvilnius.com\\\/#\\\/schema\\\/logo\\\/image\\\/\"},\"sameAs\":[\"https:\\\/\\\/www.facebook.com\\\/filmvilnius\",\"https:\\\/\\\/x.com\\\/FilmVilnius\",\"https:\\\/\\\/www.instagram.com\\\/filmvilnius\\\/\"]},{\"@type\":\"Person\",\"@id\":\"https:\\\/\\\/filmvilnius.com\\\/#\\\/schema\\\/person\\\/8572c7f289890809bfa364d48f8dded5\",\"name\":\"Vilnius Film Office\",\"image\":{\"@type\":\"ImageObject\",\"inLanguage\":\"lt-LT\",\"@id\":\"https:\\\/\\\/secure.gravatar.com\\\/avatar\\\/2f93c625b891dbd84735ed1bd75819d698625d4c37369c60acab5f321b22fbb2?s=96&d=mm&r=g\",\"url\":\"https:\\\/\\\/secure.gravatar.com\\\/avatar\\\/2f93c625b891dbd84735ed1bd75819d698625d4c37369c60acab5f321b22fbb2?s=96&d=mm&r=g\",\"contentUrl\":\"https:\\\/\\\/secure.gravatar.com\\\/avatar\\\/2f93c625b891dbd84735ed1bd75819d698625d4c37369c60acab5f321b22fbb2?s=96&d=mm&r=g\",\"caption\":\"Vilnius Film Office\"},\"url\":\"https:\\\/\\\/filmvilnius.com\\\/lt\\\/author\\\/ce5c1052f3e77e32\\\/\"}]}<\/script>\n<!-- \/ Yoast SEO plugin. -->","yoast_head_json":{"title":"K\u016brybinis duetas \u2013 re\u017eisier\u0117 M. Kavtaradze ir prodiuser\u0117 M. Razgut\u0117: apie darb\u0105 kartu, i\u0161moktas pamokas ir art\u0117jan\u010di\u0105 premjer\u0105 - Vilnius film office","description":"Premjerai Tu man nieko neprimeni art\u0117jant \u2013 Vilniaus kino biuro inicijuotas pokalbis su filmo re\u017eisiere Marija Kavtaradze ir prodiusere Marija Razgute.\u00a0","robots":{"index":"index","follow":"follow","max-snippet":"max-snippet:-1","max-image-preview":"max-image-preview:large","max-video-preview":"max-video-preview:-1"},"canonical":"https:\/\/filmvilnius.com\/lt\/kurybinis-duetas-rezisiere-m-kavtaradze-ir-prodiusere-m-razgute-apie-darba-kartu-ismoktas-pamokas-ir-artejancia-premjera-2\/","og_locale":"lt_LT","og_type":"article","og_title":"K\u016brybinis duetas \u2013 re\u017eisier\u0117 M. Kavtaradze ir prodiuser\u0117 M. Razgut\u0117: apie darb\u0105 kartu, i\u0161moktas pamokas ir art\u0117jan\u010di\u0105 premjer\u0105 - Vilnius film office","og_description":"Premjerai Tu man nieko neprimeni art\u0117jant \u2013 Vilniaus kino biuro inicijuotas pokalbis su filmo re\u017eisiere Marija Kavtaradze ir prodiusere Marija Razgute.\u00a0","og_url":"https:\/\/filmvilnius.com\/lt\/kurybinis-duetas-rezisiere-m-kavtaradze-ir-prodiusere-m-razgute-apie-darba-kartu-ismoktas-pamokas-ir-artejancia-premjera-2\/","og_site_name":"Vilnius film office","article_publisher":"https:\/\/www.facebook.com\/filmvilnius","article_published_time":"2023-09-19T07:52:35+00:00","article_modified_time":"2023-09-19T07:55:10+00:00","og_image":[{"width":1679,"height":1044,"url":"https:\/\/filmvilnius.com\/wp-content\/uploads\/2023\/09\/bendras-2-1.jpg","type":"image\/jpeg"}],"author":"Vilnius Film Office","twitter_card":"summary_large_image","twitter_creator":"@FilmVilnius","twitter_site":"@FilmVilnius","twitter_misc":{"Written by":"Vilnius Film Office","Est. reading time":"6 minut\u0117s"},"schema":{"@context":"https:\/\/schema.org","@graph":[{"@type":"Article","@id":"https:\/\/filmvilnius.com\/lt\/kurybinis-duetas-rezisiere-m-kavtaradze-ir-prodiusere-m-razgute-apie-darba-kartu-ismoktas-pamokas-ir-artejancia-premjera-2\/#article","isPartOf":{"@id":"https:\/\/filmvilnius.com\/lt\/kurybinis-duetas-rezisiere-m-kavtaradze-ir-prodiusere-m-razgute-apie-darba-kartu-ismoktas-pamokas-ir-artejancia-premjera-2\/"},"author":{"name":"Vilnius Film Office","@id":"https:\/\/filmvilnius.com\/#\/schema\/person\/8572c7f289890809bfa364d48f8dded5"},"headline":"K\u016brybinis duetas \u2013 re\u017eisier\u0117 M. Kavtaradze ir prodiuser\u0117 M. Razgut\u0117: apie darb\u0105 kartu, i\u0161moktas pamokas ir art\u0117jan\u010di\u0105 premjer\u0105","datePublished":"2023-09-19T07:52:35+00:00","dateModified":"2023-09-19T07:55:10+00:00","mainEntityOfPage":{"@id":"https:\/\/filmvilnius.com\/lt\/kurybinis-duetas-rezisiere-m-kavtaradze-ir-prodiusere-m-razgute-apie-darba-kartu-ismoktas-pamokas-ir-artejancia-premjera-2\/"},"wordCount":1344,"publisher":{"@id":"https:\/\/filmvilnius.com\/#organization"},"image":{"@id":"https:\/\/filmvilnius.com\/lt\/kurybinis-duetas-rezisiere-m-kavtaradze-ir-prodiusere-m-razgute-apie-darba-kartu-ismoktas-pamokas-ir-artejancia-premjera-2\/#primaryimage"},"thumbnailUrl":"https:\/\/filmvilnius.com\/wp-content\/uploads\/2023\/09\/bendras-2.jpg","articleSection":["Naujienos"],"inLanguage":"lt-LT"},{"@type":"WebPage","@id":"https:\/\/filmvilnius.com\/lt\/kurybinis-duetas-rezisiere-m-kavtaradze-ir-prodiusere-m-razgute-apie-darba-kartu-ismoktas-pamokas-ir-artejancia-premjera-2\/","url":"https:\/\/filmvilnius.com\/lt\/kurybinis-duetas-rezisiere-m-kavtaradze-ir-prodiusere-m-razgute-apie-darba-kartu-ismoktas-pamokas-ir-artejancia-premjera-2\/","name":"K\u016brybinis duetas \u2013 re\u017eisier\u0117 M. Kavtaradze ir prodiuser\u0117 M. Razgut\u0117: apie darb\u0105 kartu, i\u0161moktas pamokas ir art\u0117jan\u010di\u0105 premjer\u0105 - Vilnius film office","isPartOf":{"@id":"https:\/\/filmvilnius.com\/#website"},"primaryImageOfPage":{"@id":"https:\/\/filmvilnius.com\/lt\/kurybinis-duetas-rezisiere-m-kavtaradze-ir-prodiusere-m-razgute-apie-darba-kartu-ismoktas-pamokas-ir-artejancia-premjera-2\/#primaryimage"},"image":{"@id":"https:\/\/filmvilnius.com\/lt\/kurybinis-duetas-rezisiere-m-kavtaradze-ir-prodiusere-m-razgute-apie-darba-kartu-ismoktas-pamokas-ir-artejancia-premjera-2\/#primaryimage"},"thumbnailUrl":"https:\/\/filmvilnius.com\/wp-content\/uploads\/2023\/09\/bendras-2.jpg","datePublished":"2023-09-19T07:52:35+00:00","dateModified":"2023-09-19T07:55:10+00:00","description":"Premjerai Tu man nieko neprimeni art\u0117jant \u2013 Vilniaus kino biuro inicijuotas pokalbis su filmo re\u017eisiere Marija Kavtaradze ir prodiusere Marija Razgute.\u00a0","breadcrumb":{"@id":"https:\/\/filmvilnius.com\/lt\/kurybinis-duetas-rezisiere-m-kavtaradze-ir-prodiusere-m-razgute-apie-darba-kartu-ismoktas-pamokas-ir-artejancia-premjera-2\/#breadcrumb"},"inLanguage":"lt-LT","potentialAction":[{"@type":"ReadAction","target":["https:\/\/filmvilnius.com\/lt\/kurybinis-duetas-rezisiere-m-kavtaradze-ir-prodiusere-m-razgute-apie-darba-kartu-ismoktas-pamokas-ir-artejancia-premjera-2\/"]}]},{"@type":"ImageObject","inLanguage":"lt-LT","@id":"https:\/\/filmvilnius.com\/lt\/kurybinis-duetas-rezisiere-m-kavtaradze-ir-prodiusere-m-razgute-apie-darba-kartu-ismoktas-pamokas-ir-artejancia-premjera-2\/#primaryimage","url":"https:\/\/filmvilnius.com\/wp-content\/uploads\/2023\/09\/bendras-2.jpg","contentUrl":"https:\/\/filmvilnius.com\/wp-content\/uploads\/2023\/09\/bendras-2.jpg","width":1679,"height":1044},{"@type":"BreadcrumbList","@id":"https:\/\/filmvilnius.com\/lt\/kurybinis-duetas-rezisiere-m-kavtaradze-ir-prodiusere-m-razgute-apie-darba-kartu-ismoktas-pamokas-ir-artejancia-premjera-2\/#breadcrumb","itemListElement":[{"@type":"ListItem","position":1,"name":"Home","item":"https:\/\/filmvilnius.com\/lt\/"},{"@type":"ListItem","position":2,"name":"K\u016brybinis duetas \u2013 re\u017eisier\u0117 M. Kavtaradze ir prodiuser\u0117 M. Razgut\u0117: apie darb\u0105 kartu, i\u0161moktas pamokas ir art\u0117jan\u010di\u0105 premjer\u0105"}]},{"@type":"WebSite","@id":"https:\/\/filmvilnius.com\/#website","url":"https:\/\/filmvilnius.com\/","name":"Vilnius film office","description":"","publisher":{"@id":"https:\/\/filmvilnius.com\/#organization"},"potentialAction":[{"@type":"SearchAction","target":{"@type":"EntryPoint","urlTemplate":"https:\/\/filmvilnius.com\/?s={search_term_string}"},"query-input":{"@type":"PropertyValueSpecification","valueRequired":true,"valueName":"search_term_string"}}],"inLanguage":"lt-LT"},{"@type":"Organization","@id":"https:\/\/filmvilnius.com\/#organization","name":"Vilniaus kino biuras","url":"https:\/\/filmvilnius.com\/","logo":{"@type":"ImageObject","inLanguage":"lt-LT","@id":"https:\/\/filmvilnius.com\/#\/schema\/logo\/image\/","url":"https:\/\/filmvilnius.com\/wp-content\/uploads\/2022\/12\/VKB-Logo-2022-EN-2-V.jpg","contentUrl":"https:\/\/filmvilnius.com\/wp-content\/uploads\/2022\/12\/VKB-Logo-2022-EN-2-V.jpg","width":1419,"height":1418,"caption":"Vilniaus kino biuras"},"image":{"@id":"https:\/\/filmvilnius.com\/#\/schema\/logo\/image\/"},"sameAs":["https:\/\/www.facebook.com\/filmvilnius","https:\/\/x.com\/FilmVilnius","https:\/\/www.instagram.com\/filmvilnius\/"]},{"@type":"Person","@id":"https:\/\/filmvilnius.com\/#\/schema\/person\/8572c7f289890809bfa364d48f8dded5","name":"Vilnius Film Office","image":{"@type":"ImageObject","inLanguage":"lt-LT","@id":"https:\/\/secure.gravatar.com\/avatar\/2f93c625b891dbd84735ed1bd75819d698625d4c37369c60acab5f321b22fbb2?s=96&d=mm&r=g","url":"https:\/\/secure.gravatar.com\/avatar\/2f93c625b891dbd84735ed1bd75819d698625d4c37369c60acab5f321b22fbb2?s=96&d=mm&r=g","contentUrl":"https:\/\/secure.gravatar.com\/avatar\/2f93c625b891dbd84735ed1bd75819d698625d4c37369c60acab5f321b22fbb2?s=96&d=mm&r=g","caption":"Vilnius Film Office"},"url":"https:\/\/filmvilnius.com\/lt\/author\/ce5c1052f3e77e32\/"}]}},"_links":{"self":[{"href":"https:\/\/filmvilnius.com\/lt\/wp-json\/wp\/v2\/posts\/17856","targetHints":{"allow":["GET"]}}],"collection":[{"href":"https:\/\/filmvilnius.com\/lt\/wp-json\/wp\/v2\/posts"}],"about":[{"href":"https:\/\/filmvilnius.com\/lt\/wp-json\/wp\/v2\/types\/post"}],"author":[{"embeddable":true,"href":"https:\/\/filmvilnius.com\/lt\/wp-json\/wp\/v2\/users\/6"}],"replies":[{"embeddable":true,"href":"https:\/\/filmvilnius.com\/lt\/wp-json\/wp\/v2\/comments?post=17856"}],"version-history":[{"count":1,"href":"https:\/\/filmvilnius.com\/lt\/wp-json\/wp\/v2\/posts\/17856\/revisions"}],"predecessor-version":[{"id":17857,"href":"https:\/\/filmvilnius.com\/lt\/wp-json\/wp\/v2\/posts\/17856\/revisions\/17857"}],"wp:featuredmedia":[{"embeddable":true,"href":"https:\/\/filmvilnius.com\/lt\/wp-json\/wp\/v2\/media\/17838"}],"wp:attachment":[{"href":"https:\/\/filmvilnius.com\/lt\/wp-json\/wp\/v2\/media?parent=17856"}],"wp:term":[{"taxonomy":"category","embeddable":true,"href":"https:\/\/filmvilnius.com\/lt\/wp-json\/wp\/v2\/categories?post=17856"},{"taxonomy":"post_tag","embeddable":true,"href":"https:\/\/filmvilnius.com\/lt\/wp-json\/wp\/v2\/tags?post=17856"}],"curies":[{"name":"wp","href":"https:\/\/api.w.org\/{rel}","templated":true}]}}