{"id":17920,"date":"2023-10-03T12:56:44","date_gmt":"2023-10-03T12:56:44","guid":{"rendered":"https:\/\/filmvilnius.com\/?p=17920"},"modified":"2026-04-28T09:28:23","modified_gmt":"2026-04-28T07:28:23","slug":"tris-spalio-treciadienius-vilniuje-vyks-nemokamos-knygakinas-rudens-vakaru-perziuros-ir-susitikimai-su-kino-kurejais","status":"publish","type":"post","link":"https:\/\/filmvilnius.com\/lt\/tris-spalio-treciadienius-vilniuje-vyks-nemokamos-knygakinas-rudens-vakaru-perziuros-ir-susitikimai-su-kino-kurejais\/","title":{"rendered":"Tris rudens vakarus Vilniuje vyks nemokamos \u201eKnyga+kinas\u201c film\u0173 per\u017ei\u016bros ir susitikimai su kino k\u016br\u0117jais"},"content":{"rendered":"<p><strong>Tris spalio tre\u010diadienius kino teatre \u201eForum Cinemas\u201c vyks nemokamos film\u0173 per\u017ei\u016bros bei susitikimai su kino k\u016br\u0117jais. Repertuare gal\u0117sime i\u0161vysti \u0161iuos filmus: re\u017eisieriaus Jurgio Matulevi\u010diaus \u201eIzaokas\u201c, Agn\u0117s Marcinkevi\u010di\u016bt\u0117s \u201eVardas tamsoje\u201c, Algimanto Puipos \u201eNuod\u0117m\u0117s u\u017ekalb\u0117jimas\u201c. Po kino seans\u0173 sve\u010dius kalbins kino kritik\u0117 Neringa Ka\u017eukauskait\u0117.<\/strong><\/p>\n<p>Kino vakar\u0173 seansai \u2013 tai lydimasis \u201eKnyga+Kinas\u201c renginys, vykstantis prie\u0161 Vilniaus Knyg\u0173 mug\u0119. Renginio iniciator\u0117 prodiuser\u0117 \u017divil\u0117 Gallego sako: \u201eVasario m\u0117nes\u012f vyks jubiliejinis penktasis literat\u016bros ra\u0161ytojus ir kino k\u016br\u0117jus vienijantis renginys \u201eKnyga+Kinas\u201c. \u0160iuo rudens kino seans\u0173 ciklu siekiame atkreipti \u017ei\u016brov\u0173 d\u0117mes\u012f \u012f pagal knygas sukurtus filmus, o vasar\u012f vyksian\u010diu renginiu siekiame paskatinti kino k\u016br\u0117jus ie\u0161koti \u012fkv\u0117pimo literat\u016broje, taip pat u\u017emegzti glausdesnius ry\u0161ius tarp kino ir literat\u016bros bendruomeni\u0173\u201c.<\/p>\n<p>Pirmame kino seanse, spalio 11-\u0105 dien\u0105, nuo 18 valandos bus rodomas re\u017eisieriaus Jurgio Matulevi\u010diaus filmas \u201eIzaokas\u201c, sukurtas ir \u012fkv\u0117ptas Antano \u0160k\u0117mos k\u016brini\u0173. Filmas jau peln\u0119s tarptautin\u012f bei nacionalin\u012f pripa\u017einim\u0105. Nacionaliniuose kino apdovanojimuose \u201eSidabrin\u0117 gerv\u0117 2020 m.\u201c peln\u0117 apdovanojimus Met\u0173 geriausio kompozitoriaus (Domas Strupinskas, Agn\u0117 Matulevi\u010di\u016bt\u0117), Met\u0173 geriausio operatoriaus (Narvydas Naujalis) kategorijose. Filmas pasakoja apie tris draugus &#8211; Andri\u0173, Gedimin\u0105 ir Elen\u0105 &#8211; kurie susitinka po 20 met\u0173. Kadaise juos i\u0161skyr\u0117 istorin\u0117s aplinkyb\u0117s \u23af karas ir emigracija. Per kar\u0105 Andrius padar\u0117 siaubing\u0105 nusikaltim\u0105. Gr\u012f\u017e\u0119s \u012f Lietuv\u0105, jo draugas Gediminas ruo\u0161iasi kurti film\u0105 apie \u201eLiet\u016bkio&#8221; gara\u017eo \u017eudynes. Andrius supranta, kad norint prad\u0117ti gyvenim\u0105 i\u0161 naujo teks sumok\u0117ti u\u017e tamsi\u0105 praeit\u012f. Pagrindinius vaidmenis atlieka Aleksas Kazanavi\u010dius, Dainius Gavenonis, Severija Janu\u0161auskait\u0117, Martynas Nedzinskas. Po filmo per\u017ei\u016bros, diskusijoje dalyvaus filmo prodiuseris Stasys Baltakis ir ko-scenaristas Nerijus Milerius.<\/p>\n<p>Antrame seanse, spalio 18 dien\u0105, nuo 18 val. bus rodomas re\u017eisier\u0117s Agn\u0117s Marcinkevi\u010di\u016bt\u0117s detektyvinio \u017eanro filmas \u201eVardas tamsoje\u201c, sukurtas pagal to paties pavadinimo ra\u0161ytojos Renatos \u0160erelyt\u0117s roman\u0105. Filmas \u017ei\u016brovus nukels \u012f ma\u017e\u0105 Lietuvos miestel\u012f bei 1995 metus, kur pagrindinis filmo veiksmas vyksta policijos nuovadoje. Miestelio tardytojos gyvenimo rutin\u0105 sukre\u010dia paslaptinga nepilnamet\u0117s nevietin\u0117s merginos mirtis. Tiriant \u0161i\u0105 byl\u0105 tardytoja stoja \u012f akistat\u0105 su praeitim, nes pagrindinis \u012ftariamasis yra buv\u0119s jos mylimasis muzikos mokytojas. Pagrindinius vaidmenis atlieka aktoriai Neringa Varnelyt\u0117 ir Gedimininas Storpir\u0161tis. Po filmo per\u017ei\u016bros filmo pristatyti atvyks re\u017eisier\u0117 Agn\u0117 Marcinkevi\u010di\u016bt\u0117 bei knygos \u201eVardas tamsoje\u201c autor\u0117 Renata \u0160erelyt\u0117.<\/p>\n<p>Tre\u010diajame seanse, spalio 25 dien\u0105, bus pristatomas re\u017eisieriaus Algimanto Puipos filmas \u201eNuod\u0117m\u0117s u\u017ekalb\u0117jimas\u201c, sukurtas ra\u0161ytos Jurgos Ivanauskait\u0117s roman\u0173 \u201eRagana ir lietus\u201c, \u201ePlacebas\u201c, \u201eSapn\u0173 nublok\u0161ti\u201c motyvais. Filmas Nacionaliniuose kino apdovanojimuose \u201eSidabrin\u0117 gerv\u0117 2008 m\u201c peln\u0117 apdovanojimus Met\u0173 geriausios aktor\u0117s (Rasa Samuolyt\u0117 ir Nel\u0117 Savi\u010denko), Met\u0173 geriausio antraplanio aktoriaus (a.a.Remigijus Sabulis) ir Met\u0173 geriausio dailininko (Galius Kli\u010dius) kategorijose.<\/p>\n<p>Filme pasakojama apie jaun\u0105 \u017eurnalist\u0119 Vik\u0105, kuri lankosi pas psichoanalitik\u0119 Rit\u0105. Vik\u0105 kankina meil\u0117 ir aistra kunigui Pauliui. Skausminga jaunos moters aistra kunigui ir gyvenimo vidurio sulaukusios psichoterapeut\u0117s intymus dienora\u0161tis, kur\u012f leista perskaityti visiems. Filme pagrindinius vaidmenis kuria Rasa Samuolyt\u0117, Kostas Smoriginas, Aleksas Kazanavi\u010dius, Nel\u0117 Savi\u010denko. Diskusijoje dalyvaus re\u017eisierius Algimantas Puipa ir aktor\u0117 Rasa Samuolyt\u0117.<\/p>\n<figure id=\"attachment_17921\" aria-describedby=\"caption-attachment-17921\" style=\"width: 2300px\" class=\"wp-caption aligncenter\"><img fetchpriority=\"high\" decoding=\"async\" class=\"wp-image-17921\" src=\"https:\/\/filmvilnius.com\/wp-content\/uploads\/2023\/10\/Knyga-kinas-1024x682.jpg\" alt=\"\" width=\"2300\" height=\"1533\" srcset=\"https:\/\/filmvilnius.com\/wp-content\/uploads\/2023\/10\/Knyga-kinas-1024x682.jpg 1024w, https:\/\/filmvilnius.com\/wp-content\/uploads\/2023\/10\/Knyga-kinas-300x200.jpg 300w, https:\/\/filmvilnius.com\/wp-content\/uploads\/2023\/10\/Knyga-kinas-768x512.jpg 768w, https:\/\/filmvilnius.com\/wp-content\/uploads\/2023\/10\/Knyga-kinas.jpg 1280w\" sizes=\"(max-width: 2300px) 100vw, 2300px\" \/><figcaption id=\"caption-attachment-17921\" class=\"wp-caption-text\">\u201eKnyga+Kinas\u201c nuotr.<\/figcaption><\/figure>\n<p>Bilietus \u012f nemokamus kino seansus galima atsiimti \u201eForum Cinemas\u201c kasose likus vienai dienai iki seanso. \u201eKnyga+kinas\u201c rudens kino vakarus organizuoja \u201eFralita Films\u201c, projekt\u0105 i\u0161 dalies finansuoja Lietuvos kino centras.<\/p>\n<p>Organizatoriai atkreipia d\u0117mes\u012f, kad leidyklos iki lapkri\u010dio 1 d. jau gali teikti kinematografi\u0161kas knygas vasario m\u0117nes\u012f, Knyg\u0173 mug\u0117s metu, vyksian\u010diam renginiui Knyga+Kinas. Priimamos kinematografi\u0161kos knygos, galin\u010dios tapti kino scenarijumi, i\u0161leistos nuo 2022 spalio 1 d. iki 2023 spalio 1 dienos. Parai\u0161kos form\u0105 <a href=\"https:\/\/forms.gle\/xqb4TA5vQj5FboYq8\" target=\"_blank\" rel=\"noopener\">rasite \u010dia<\/a>. Pla\u010diau apie rengin\u012f \u201eKnyga+Kinas\u201c bei nemokamus vakaro kino seansus: https:\/\/www.facebook.com\/knygakinui.<\/p>\n<p>\u201eKnyga+kinas\u201c organizatoriai: Audiovizualini\u0173 k\u016brini\u0173 autori\u0173 teisi\u0173 asociacija AVAKA, \u201eFralita Films\u201c, Lietuvos leid\u0117j\u0173 asociacija, \u201eVilniaus kino biuras\u201c, K\u016brybi\u0161kos Europos biuras Lietuvoje.<\/p>\n","protected":false},"excerpt":{"rendered":"<p>Tris spalio tre\u010diadienius kino teatre \u201eForum Cinemas\u201c vyks nemokamos film\u0173 per\u017ei\u016bros bei susitikimai su kino k\u016br\u0117jais. Repertuare gal\u0117sime i\u0161vysti \u0161iuos filmus: re\u017eisieriaus Jurgio Matulevi\u010diaus \u201eIzaokas\u201c, Agn\u0117s Marcinkevi\u010di\u016bt\u0117s \u201eVardas tamsoje\u201c, Algimanto Puipos \u201eNuod\u0117m\u0117s u\u017ekalb\u0117jimas\u201c. Po kino seans\u0173 sve\u010dius kalbins kino kritik\u0117 Neringa Ka\u017eukauskait\u0117. Kino vakar\u0173 seansai \u2013 tai lydimasis \u201eKnyga+Kinas\u201c renginys, vykstantis prie\u0161 Vilniaus Knyg\u0173 mug\u0119. [&hellip;]<\/p>\n","protected":false},"author":6,"featured_media":17923,"comment_status":"closed","ping_status":"open","sticky":false,"template":"","format":"standard","meta":{"_acf_changed":false,"_monsterinsights_skip_tracking":false,"_monsterinsights_sitenote_active":false,"_monsterinsights_sitenote_note":"","_monsterinsights_sitenote_category":0,"footnotes":""},"categories":[155,58],"tags":[],"class_list":["post-17920","post","type-post","status-publish","format-standard","has-post-thumbnail","hentry","category-industrija-ir-renginiai","category-news"],"acf":[],"yoast_head":"<!-- This site is optimized with the Yoast SEO plugin v27.4 - https:\/\/yoast.com\/product\/yoast-seo-wordpress\/ -->\n<title>Tris rudens vakarus Vilniuje vyks nemokamos \u201eKnyga+kinas\u201c film\u0173 per\u017ei\u016bros ir susitikimai su kino k\u016br\u0117jais - Vilnius film office<\/title>\n<meta name=\"description\" content=\"Tris spalio tre\u010diadienius kino teatre \u201eForum Cinemas\u201c vyks nemokamos film\u0173 per\u017ei\u016bros bei susitikimai su kino k\u016br\u0117jais.\" \/>\n<meta name=\"robots\" content=\"index, follow, max-snippet:-1, max-image-preview:large, max-video-preview:-1\" \/>\n<link rel=\"canonical\" href=\"https:\/\/filmvilnius.com\/lt\/tris-spalio-treciadienius-vilniuje-vyks-nemokamos-knygakinas-rudens-vakaru-perziuros-ir-susitikimai-su-kino-kurejais\/\" \/>\n<meta property=\"og:locale\" content=\"lt_LT\" \/>\n<meta property=\"og:type\" content=\"article\" \/>\n<meta property=\"og:title\" content=\"Tris rudens vakarus Vilniuje vyks nemokamos \u201eKnyga+kinas\u201c film\u0173 per\u017ei\u016bros ir susitikimai su kino k\u016br\u0117jais - Vilnius film office\" \/>\n<meta property=\"og:description\" content=\"Tris spalio tre\u010diadienius kino teatre \u201eForum Cinemas\u201c vyks nemokamos film\u0173 per\u017ei\u016bros bei susitikimai su kino k\u016br\u0117jais.\" \/>\n<meta property=\"og:url\" content=\"https:\/\/filmvilnius.com\/lt\/tris-spalio-treciadienius-vilniuje-vyks-nemokamos-knygakinas-rudens-vakaru-perziuros-ir-susitikimai-su-kino-kurejais\/\" \/>\n<meta property=\"og:site_name\" content=\"Vilnius film office\" \/>\n<meta property=\"article:publisher\" content=\"https:\/\/www.facebook.com\/filmvilnius\" \/>\n<meta property=\"article:published_time\" content=\"2023-10-03T12:56:44+00:00\" \/>\n<meta property=\"article:modified_time\" content=\"2026-04-28T07:28:23+00:00\" \/>\n<meta property=\"og:image\" content=\"https:\/\/filmvilnius.com\/wp-content\/uploads\/2023\/10\/Knygakinas-2.jpg\" \/>\n\t<meta property=\"og:image:width\" content=\"1280\" \/>\n\t<meta property=\"og:image:height\" content=\"853\" \/>\n\t<meta property=\"og:image:type\" content=\"image\/jpeg\" \/>\n<meta name=\"author\" content=\"Vilnius Film Office\" \/>\n<meta name=\"twitter:card\" content=\"summary_large_image\" \/>\n<meta name=\"twitter:creator\" content=\"@FilmVilnius\" \/>\n<meta name=\"twitter:site\" content=\"@FilmVilnius\" \/>\n<meta name=\"twitter:label1\" content=\"Written by\" \/>\n\t<meta name=\"twitter:data1\" content=\"Vilnius Film Office\" \/>\n\t<meta name=\"twitter:label2\" content=\"Est. reading time\" \/>\n\t<meta name=\"twitter:data2\" content=\"3 minut\u0117s\" \/>\n<script type=\"application\/ld+json\" class=\"yoast-schema-graph\">{\"@context\":\"https:\\\/\\\/schema.org\",\"@graph\":[{\"@type\":\"Article\",\"@id\":\"https:\\\/\\\/filmvilnius.com\\\/lt\\\/tris-spalio-treciadienius-vilniuje-vyks-nemokamos-knygakinas-rudens-vakaru-perziuros-ir-susitikimai-su-kino-kurejais\\\/#article\",\"isPartOf\":{\"@id\":\"https:\\\/\\\/filmvilnius.com\\\/lt\\\/tris-spalio-treciadienius-vilniuje-vyks-nemokamos-knygakinas-rudens-vakaru-perziuros-ir-susitikimai-su-kino-kurejais\\\/\"},\"author\":{\"name\":\"Vilnius Film Office\",\"@id\":\"https:\\\/\\\/filmvilnius.com\\\/#\\\/schema\\\/person\\\/8572c7f289890809bfa364d48f8dded5\"},\"headline\":\"Tris rudens vakarus Vilniuje vyks nemokamos \u201eKnyga+kinas\u201c film\u0173 per\u017ei\u016bros ir susitikimai su kino k\u016br\u0117jais\",\"datePublished\":\"2023-10-03T12:56:44+00:00\",\"dateModified\":\"2026-04-28T07:28:23+00:00\",\"mainEntityOfPage\":{\"@id\":\"https:\\\/\\\/filmvilnius.com\\\/lt\\\/tris-spalio-treciadienius-vilniuje-vyks-nemokamos-knygakinas-rudens-vakaru-perziuros-ir-susitikimai-su-kino-kurejais\\\/\"},\"wordCount\":681,\"publisher\":{\"@id\":\"https:\\\/\\\/filmvilnius.com\\\/#organization\"},\"image\":{\"@id\":\"https:\\\/\\\/filmvilnius.com\\\/lt\\\/tris-spalio-treciadienius-vilniuje-vyks-nemokamos-knygakinas-rudens-vakaru-perziuros-ir-susitikimai-su-kino-kurejais\\\/#primaryimage\"},\"thumbnailUrl\":\"https:\\\/\\\/filmvilnius.com\\\/wp-content\\\/uploads\\\/2023\\\/10\\\/Knygakinas-2.jpg\",\"articleSection\":[\"Industrija ir renginiai\",\"Naujienos\"],\"inLanguage\":\"lt-LT\"},{\"@type\":\"WebPage\",\"@id\":\"https:\\\/\\\/filmvilnius.com\\\/lt\\\/tris-spalio-treciadienius-vilniuje-vyks-nemokamos-knygakinas-rudens-vakaru-perziuros-ir-susitikimai-su-kino-kurejais\\\/\",\"url\":\"https:\\\/\\\/filmvilnius.com\\\/lt\\\/tris-spalio-treciadienius-vilniuje-vyks-nemokamos-knygakinas-rudens-vakaru-perziuros-ir-susitikimai-su-kino-kurejais\\\/\",\"name\":\"Tris rudens vakarus Vilniuje vyks nemokamos \u201eKnyga+kinas\u201c film\u0173 per\u017ei\u016bros ir susitikimai su kino k\u016br\u0117jais - Vilnius film office\",\"isPartOf\":{\"@id\":\"https:\\\/\\\/filmvilnius.com\\\/#website\"},\"primaryImageOfPage\":{\"@id\":\"https:\\\/\\\/filmvilnius.com\\\/lt\\\/tris-spalio-treciadienius-vilniuje-vyks-nemokamos-knygakinas-rudens-vakaru-perziuros-ir-susitikimai-su-kino-kurejais\\\/#primaryimage\"},\"image\":{\"@id\":\"https:\\\/\\\/filmvilnius.com\\\/lt\\\/tris-spalio-treciadienius-vilniuje-vyks-nemokamos-knygakinas-rudens-vakaru-perziuros-ir-susitikimai-su-kino-kurejais\\\/#primaryimage\"},\"thumbnailUrl\":\"https:\\\/\\\/filmvilnius.com\\\/wp-content\\\/uploads\\\/2023\\\/10\\\/Knygakinas-2.jpg\",\"datePublished\":\"2023-10-03T12:56:44+00:00\",\"dateModified\":\"2026-04-28T07:28:23+00:00\",\"description\":\"Tris spalio tre\u010diadienius kino teatre \u201eForum Cinemas\u201c vyks nemokamos film\u0173 per\u017ei\u016bros bei susitikimai su kino k\u016br\u0117jais.\",\"breadcrumb\":{\"@id\":\"https:\\\/\\\/filmvilnius.com\\\/lt\\\/tris-spalio-treciadienius-vilniuje-vyks-nemokamos-knygakinas-rudens-vakaru-perziuros-ir-susitikimai-su-kino-kurejais\\\/#breadcrumb\"},\"inLanguage\":\"lt-LT\",\"potentialAction\":[{\"@type\":\"ReadAction\",\"target\":[\"https:\\\/\\\/filmvilnius.com\\\/lt\\\/tris-spalio-treciadienius-vilniuje-vyks-nemokamos-knygakinas-rudens-vakaru-perziuros-ir-susitikimai-su-kino-kurejais\\\/\"]}]},{\"@type\":\"ImageObject\",\"inLanguage\":\"lt-LT\",\"@id\":\"https:\\\/\\\/filmvilnius.com\\\/lt\\\/tris-spalio-treciadienius-vilniuje-vyks-nemokamos-knygakinas-rudens-vakaru-perziuros-ir-susitikimai-su-kino-kurejais\\\/#primaryimage\",\"url\":\"https:\\\/\\\/filmvilnius.com\\\/wp-content\\\/uploads\\\/2023\\\/10\\\/Knygakinas-2.jpg\",\"contentUrl\":\"https:\\\/\\\/filmvilnius.com\\\/wp-content\\\/uploads\\\/2023\\\/10\\\/Knygakinas-2.jpg\",\"width\":1280,\"height\":853},{\"@type\":\"BreadcrumbList\",\"@id\":\"https:\\\/\\\/filmvilnius.com\\\/lt\\\/tris-spalio-treciadienius-vilniuje-vyks-nemokamos-knygakinas-rudens-vakaru-perziuros-ir-susitikimai-su-kino-kurejais\\\/#breadcrumb\",\"itemListElement\":[{\"@type\":\"ListItem\",\"position\":1,\"name\":\"Home\",\"item\":\"https:\\\/\\\/filmvilnius.com\\\/lt\\\/\"},{\"@type\":\"ListItem\",\"position\":2,\"name\":\"Tris rudens vakarus Vilniuje vyks nemokamos \u201eKnyga+kinas\u201c film\u0173 per\u017ei\u016bros ir susitikimai su kino k\u016br\u0117jais\"}]},{\"@type\":\"WebSite\",\"@id\":\"https:\\\/\\\/filmvilnius.com\\\/#website\",\"url\":\"https:\\\/\\\/filmvilnius.com\\\/\",\"name\":\"Vilnius film office\",\"description\":\"\",\"publisher\":{\"@id\":\"https:\\\/\\\/filmvilnius.com\\\/#organization\"},\"potentialAction\":[{\"@type\":\"SearchAction\",\"target\":{\"@type\":\"EntryPoint\",\"urlTemplate\":\"https:\\\/\\\/filmvilnius.com\\\/?s={search_term_string}\"},\"query-input\":{\"@type\":\"PropertyValueSpecification\",\"valueRequired\":true,\"valueName\":\"search_term_string\"}}],\"inLanguage\":\"lt-LT\"},{\"@type\":\"Organization\",\"@id\":\"https:\\\/\\\/filmvilnius.com\\\/#organization\",\"name\":\"Vilniaus kino biuras\",\"url\":\"https:\\\/\\\/filmvilnius.com\\\/\",\"logo\":{\"@type\":\"ImageObject\",\"inLanguage\":\"lt-LT\",\"@id\":\"https:\\\/\\\/filmvilnius.com\\\/#\\\/schema\\\/logo\\\/image\\\/\",\"url\":\"https:\\\/\\\/filmvilnius.com\\\/wp-content\\\/uploads\\\/2022\\\/12\\\/VKB-Logo-2022-EN-2-V.jpg\",\"contentUrl\":\"https:\\\/\\\/filmvilnius.com\\\/wp-content\\\/uploads\\\/2022\\\/12\\\/VKB-Logo-2022-EN-2-V.jpg\",\"width\":1419,\"height\":1418,\"caption\":\"Vilniaus kino biuras\"},\"image\":{\"@id\":\"https:\\\/\\\/filmvilnius.com\\\/#\\\/schema\\\/logo\\\/image\\\/\"},\"sameAs\":[\"https:\\\/\\\/www.facebook.com\\\/filmvilnius\",\"https:\\\/\\\/x.com\\\/FilmVilnius\",\"https:\\\/\\\/www.instagram.com\\\/filmvilnius\\\/\"]},{\"@type\":\"Person\",\"@id\":\"https:\\\/\\\/filmvilnius.com\\\/#\\\/schema\\\/person\\\/8572c7f289890809bfa364d48f8dded5\",\"name\":\"Vilnius Film Office\",\"image\":{\"@type\":\"ImageObject\",\"inLanguage\":\"lt-LT\",\"@id\":\"https:\\\/\\\/secure.gravatar.com\\\/avatar\\\/2f93c625b891dbd84735ed1bd75819d698625d4c37369c60acab5f321b22fbb2?s=96&d=mm&r=g\",\"url\":\"https:\\\/\\\/secure.gravatar.com\\\/avatar\\\/2f93c625b891dbd84735ed1bd75819d698625d4c37369c60acab5f321b22fbb2?s=96&d=mm&r=g\",\"contentUrl\":\"https:\\\/\\\/secure.gravatar.com\\\/avatar\\\/2f93c625b891dbd84735ed1bd75819d698625d4c37369c60acab5f321b22fbb2?s=96&d=mm&r=g\",\"caption\":\"Vilnius Film Office\"},\"url\":\"https:\\\/\\\/filmvilnius.com\\\/lt\\\/author\\\/ce5c1052f3e77e32\\\/\"}]}<\/script>\n<!-- \/ Yoast SEO plugin. -->","yoast_head_json":{"title":"Tris rudens vakarus Vilniuje vyks nemokamos \u201eKnyga+kinas\u201c film\u0173 per\u017ei\u016bros ir susitikimai su kino k\u016br\u0117jais - Vilnius film office","description":"Tris spalio tre\u010diadienius kino teatre \u201eForum Cinemas\u201c vyks nemokamos film\u0173 per\u017ei\u016bros bei susitikimai su kino k\u016br\u0117jais.","robots":{"index":"index","follow":"follow","max-snippet":"max-snippet:-1","max-image-preview":"max-image-preview:large","max-video-preview":"max-video-preview:-1"},"canonical":"https:\/\/filmvilnius.com\/lt\/tris-spalio-treciadienius-vilniuje-vyks-nemokamos-knygakinas-rudens-vakaru-perziuros-ir-susitikimai-su-kino-kurejais\/","og_locale":"lt_LT","og_type":"article","og_title":"Tris rudens vakarus Vilniuje vyks nemokamos \u201eKnyga+kinas\u201c film\u0173 per\u017ei\u016bros ir susitikimai su kino k\u016br\u0117jais - Vilnius film office","og_description":"Tris spalio tre\u010diadienius kino teatre \u201eForum Cinemas\u201c vyks nemokamos film\u0173 per\u017ei\u016bros bei susitikimai su kino k\u016br\u0117jais.","og_url":"https:\/\/filmvilnius.com\/lt\/tris-spalio-treciadienius-vilniuje-vyks-nemokamos-knygakinas-rudens-vakaru-perziuros-ir-susitikimai-su-kino-kurejais\/","og_site_name":"Vilnius film office","article_publisher":"https:\/\/www.facebook.com\/filmvilnius","article_published_time":"2023-10-03T12:56:44+00:00","article_modified_time":"2026-04-28T07:28:23+00:00","og_image":[{"width":1280,"height":853,"url":"https:\/\/filmvilnius.com\/wp-content\/uploads\/2023\/10\/Knygakinas-2.jpg","type":"image\/jpeg"}],"author":"Vilnius Film Office","twitter_card":"summary_large_image","twitter_creator":"@FilmVilnius","twitter_site":"@FilmVilnius","twitter_misc":{"Written by":"Vilnius Film Office","Est. reading time":"3 minut\u0117s"},"schema":{"@context":"https:\/\/schema.org","@graph":[{"@type":"Article","@id":"https:\/\/filmvilnius.com\/lt\/tris-spalio-treciadienius-vilniuje-vyks-nemokamos-knygakinas-rudens-vakaru-perziuros-ir-susitikimai-su-kino-kurejais\/#article","isPartOf":{"@id":"https:\/\/filmvilnius.com\/lt\/tris-spalio-treciadienius-vilniuje-vyks-nemokamos-knygakinas-rudens-vakaru-perziuros-ir-susitikimai-su-kino-kurejais\/"},"author":{"name":"Vilnius Film Office","@id":"https:\/\/filmvilnius.com\/#\/schema\/person\/8572c7f289890809bfa364d48f8dded5"},"headline":"Tris rudens vakarus Vilniuje vyks nemokamos \u201eKnyga+kinas\u201c film\u0173 per\u017ei\u016bros ir susitikimai su kino k\u016br\u0117jais","datePublished":"2023-10-03T12:56:44+00:00","dateModified":"2026-04-28T07:28:23+00:00","mainEntityOfPage":{"@id":"https:\/\/filmvilnius.com\/lt\/tris-spalio-treciadienius-vilniuje-vyks-nemokamos-knygakinas-rudens-vakaru-perziuros-ir-susitikimai-su-kino-kurejais\/"},"wordCount":681,"publisher":{"@id":"https:\/\/filmvilnius.com\/#organization"},"image":{"@id":"https:\/\/filmvilnius.com\/lt\/tris-spalio-treciadienius-vilniuje-vyks-nemokamos-knygakinas-rudens-vakaru-perziuros-ir-susitikimai-su-kino-kurejais\/#primaryimage"},"thumbnailUrl":"https:\/\/filmvilnius.com\/wp-content\/uploads\/2023\/10\/Knygakinas-2.jpg","articleSection":["Industrija ir renginiai","Naujienos"],"inLanguage":"lt-LT"},{"@type":"WebPage","@id":"https:\/\/filmvilnius.com\/lt\/tris-spalio-treciadienius-vilniuje-vyks-nemokamos-knygakinas-rudens-vakaru-perziuros-ir-susitikimai-su-kino-kurejais\/","url":"https:\/\/filmvilnius.com\/lt\/tris-spalio-treciadienius-vilniuje-vyks-nemokamos-knygakinas-rudens-vakaru-perziuros-ir-susitikimai-su-kino-kurejais\/","name":"Tris rudens vakarus Vilniuje vyks nemokamos \u201eKnyga+kinas\u201c film\u0173 per\u017ei\u016bros ir susitikimai su kino k\u016br\u0117jais - Vilnius film office","isPartOf":{"@id":"https:\/\/filmvilnius.com\/#website"},"primaryImageOfPage":{"@id":"https:\/\/filmvilnius.com\/lt\/tris-spalio-treciadienius-vilniuje-vyks-nemokamos-knygakinas-rudens-vakaru-perziuros-ir-susitikimai-su-kino-kurejais\/#primaryimage"},"image":{"@id":"https:\/\/filmvilnius.com\/lt\/tris-spalio-treciadienius-vilniuje-vyks-nemokamos-knygakinas-rudens-vakaru-perziuros-ir-susitikimai-su-kino-kurejais\/#primaryimage"},"thumbnailUrl":"https:\/\/filmvilnius.com\/wp-content\/uploads\/2023\/10\/Knygakinas-2.jpg","datePublished":"2023-10-03T12:56:44+00:00","dateModified":"2026-04-28T07:28:23+00:00","description":"Tris spalio tre\u010diadienius kino teatre \u201eForum Cinemas\u201c vyks nemokamos film\u0173 per\u017ei\u016bros bei susitikimai su kino k\u016br\u0117jais.","breadcrumb":{"@id":"https:\/\/filmvilnius.com\/lt\/tris-spalio-treciadienius-vilniuje-vyks-nemokamos-knygakinas-rudens-vakaru-perziuros-ir-susitikimai-su-kino-kurejais\/#breadcrumb"},"inLanguage":"lt-LT","potentialAction":[{"@type":"ReadAction","target":["https:\/\/filmvilnius.com\/lt\/tris-spalio-treciadienius-vilniuje-vyks-nemokamos-knygakinas-rudens-vakaru-perziuros-ir-susitikimai-su-kino-kurejais\/"]}]},{"@type":"ImageObject","inLanguage":"lt-LT","@id":"https:\/\/filmvilnius.com\/lt\/tris-spalio-treciadienius-vilniuje-vyks-nemokamos-knygakinas-rudens-vakaru-perziuros-ir-susitikimai-su-kino-kurejais\/#primaryimage","url":"https:\/\/filmvilnius.com\/wp-content\/uploads\/2023\/10\/Knygakinas-2.jpg","contentUrl":"https:\/\/filmvilnius.com\/wp-content\/uploads\/2023\/10\/Knygakinas-2.jpg","width":1280,"height":853},{"@type":"BreadcrumbList","@id":"https:\/\/filmvilnius.com\/lt\/tris-spalio-treciadienius-vilniuje-vyks-nemokamos-knygakinas-rudens-vakaru-perziuros-ir-susitikimai-su-kino-kurejais\/#breadcrumb","itemListElement":[{"@type":"ListItem","position":1,"name":"Home","item":"https:\/\/filmvilnius.com\/lt\/"},{"@type":"ListItem","position":2,"name":"Tris rudens vakarus Vilniuje vyks nemokamos \u201eKnyga+kinas\u201c film\u0173 per\u017ei\u016bros ir susitikimai su kino k\u016br\u0117jais"}]},{"@type":"WebSite","@id":"https:\/\/filmvilnius.com\/#website","url":"https:\/\/filmvilnius.com\/","name":"Vilnius film office","description":"","publisher":{"@id":"https:\/\/filmvilnius.com\/#organization"},"potentialAction":[{"@type":"SearchAction","target":{"@type":"EntryPoint","urlTemplate":"https:\/\/filmvilnius.com\/?s={search_term_string}"},"query-input":{"@type":"PropertyValueSpecification","valueRequired":true,"valueName":"search_term_string"}}],"inLanguage":"lt-LT"},{"@type":"Organization","@id":"https:\/\/filmvilnius.com\/#organization","name":"Vilniaus kino biuras","url":"https:\/\/filmvilnius.com\/","logo":{"@type":"ImageObject","inLanguage":"lt-LT","@id":"https:\/\/filmvilnius.com\/#\/schema\/logo\/image\/","url":"https:\/\/filmvilnius.com\/wp-content\/uploads\/2022\/12\/VKB-Logo-2022-EN-2-V.jpg","contentUrl":"https:\/\/filmvilnius.com\/wp-content\/uploads\/2022\/12\/VKB-Logo-2022-EN-2-V.jpg","width":1419,"height":1418,"caption":"Vilniaus kino biuras"},"image":{"@id":"https:\/\/filmvilnius.com\/#\/schema\/logo\/image\/"},"sameAs":["https:\/\/www.facebook.com\/filmvilnius","https:\/\/x.com\/FilmVilnius","https:\/\/www.instagram.com\/filmvilnius\/"]},{"@type":"Person","@id":"https:\/\/filmvilnius.com\/#\/schema\/person\/8572c7f289890809bfa364d48f8dded5","name":"Vilnius Film Office","image":{"@type":"ImageObject","inLanguage":"lt-LT","@id":"https:\/\/secure.gravatar.com\/avatar\/2f93c625b891dbd84735ed1bd75819d698625d4c37369c60acab5f321b22fbb2?s=96&d=mm&r=g","url":"https:\/\/secure.gravatar.com\/avatar\/2f93c625b891dbd84735ed1bd75819d698625d4c37369c60acab5f321b22fbb2?s=96&d=mm&r=g","contentUrl":"https:\/\/secure.gravatar.com\/avatar\/2f93c625b891dbd84735ed1bd75819d698625d4c37369c60acab5f321b22fbb2?s=96&d=mm&r=g","caption":"Vilnius Film Office"},"url":"https:\/\/filmvilnius.com\/lt\/author\/ce5c1052f3e77e32\/"}]}},"_links":{"self":[{"href":"https:\/\/filmvilnius.com\/lt\/wp-json\/wp\/v2\/posts\/17920","targetHints":{"allow":["GET"]}}],"collection":[{"href":"https:\/\/filmvilnius.com\/lt\/wp-json\/wp\/v2\/posts"}],"about":[{"href":"https:\/\/filmvilnius.com\/lt\/wp-json\/wp\/v2\/types\/post"}],"author":[{"embeddable":true,"href":"https:\/\/filmvilnius.com\/lt\/wp-json\/wp\/v2\/users\/6"}],"replies":[{"embeddable":true,"href":"https:\/\/filmvilnius.com\/lt\/wp-json\/wp\/v2\/comments?post=17920"}],"version-history":[{"count":8,"href":"https:\/\/filmvilnius.com\/lt\/wp-json\/wp\/v2\/posts\/17920\/revisions"}],"predecessor-version":[{"id":17933,"href":"https:\/\/filmvilnius.com\/lt\/wp-json\/wp\/v2\/posts\/17920\/revisions\/17933"}],"wp:featuredmedia":[{"embeddable":true,"href":"https:\/\/filmvilnius.com\/lt\/wp-json\/wp\/v2\/media\/17923"}],"wp:attachment":[{"href":"https:\/\/filmvilnius.com\/lt\/wp-json\/wp\/v2\/media?parent=17920"}],"wp:term":[{"taxonomy":"category","embeddable":true,"href":"https:\/\/filmvilnius.com\/lt\/wp-json\/wp\/v2\/categories?post=17920"},{"taxonomy":"post_tag","embeddable":true,"href":"https:\/\/filmvilnius.com\/lt\/wp-json\/wp\/v2\/tags?post=17920"}],"curies":[{"name":"wp","href":"https:\/\/api.w.org\/{rel}","templated":true}]}}