{"id":21323,"date":"2023-11-10T09:09:55","date_gmt":"2023-11-10T09:09:55","guid":{"rendered":"https:\/\/filmvilnius.com\/?p=21323"},"modified":"2026-04-28T09:27:44","modified_gmt":"2026-04-28T07:27:44","slug":"i-vilniu-penktajam-sezonui-sugrizta-norvegu-kriminalinio-detektyvo-kurejai","status":"publish","type":"post","link":"https:\/\/filmvilnius.com\/lt\/i-vilniu-penktajam-sezonui-sugrizta-norvegu-kriminalinio-detektyvo-kurejai\/","title":{"rendered":"\u012e Vilni\u0173 penktajam sezonui sugr\u012f\u017eta norveg\u0173 kriminalinio detektyvo k\u016br\u0117jai"},"content":{"rendered":"\n<p>\u012e Vilni\u0173 penktajam sezonui sugr\u012f\u017eta kriminalinio detektyvo \u201eWisting\u201c filmavimo komanda. Vieno brangiausi\u0173 norveg\u0173 TV serialo pirmoji serija pristatyta 2019 m., paskui jis rodytas ir kitose \u0161alyse, taip pat per BBC 4 televizij\u0105. Pagrindinis filmo veik\u0117jas \u2013 policijos detektyvas Williamas Wistingas, kur\u012f vaidina norveg\u0173 aktorius Sven Nordin. Pirmieji serialo sezonai r\u0117m\u0117si ra\u0161ytojo J\u00f8rn Lier Horst bestseleriais tapusiomis knygomis. 2021 m. antrasis serialo \u201eVistingas\u201c sezonas jau buvo filmuotas Vilniuje.<\/p>\n\n\n\n<p>Naujausiame, taip pat sostin\u0117je filmuojamame sezone, bandydamas i\u0161siai\u0161kinti teis\u0117saugos padaryt\u0105 klaid\u0105, Vistingas atvyks \u012f Vilni\u0173 \u2013 b\u016btent \u010dia atves netik\u0117tai atrasti bylos \u012fkal\u010diai.&nbsp; Seriale \u017ei\u016brovai i\u0161vys daugyb\u0119 gerai \u017einom\u0173 sostin\u0117s viet\u0173 \u2013 filmuojama bus vie\u0161butyje \u201eNarutis\u201c, restorane \u201eSaint Germain\u201c ir Luki\u0161ki\u0173 kal\u0117jime, \u012f kur\u012f tyr\u0117jai atvyks kalb\u0117tis su nuteistuoju.<\/p>\n\n\n\n<p>Vilniuje vyksta ir daugiau filmavim\u0173. Sostin\u0117je kuria Lietuvos re\u017eisieriai Emilis V\u0117lyvis bei&nbsp; Jurgis Matulevi\u010dius, t\u0119siasi Vokietijos k\u016br\u0117j\u0173 TV serialo \u201eSmilla\u201c ir TV filmo \u201eAm\u017einoje draugyst\u0117je\u201c darbai.<\/p>\n\n\n\n<p><strong>Vilniaus kino biuras informuoja apie filmavimo darbus mieste bei trumpalaikius eismo ribojimus:<\/strong><\/p>\n\n\n\n<ul class=\"wp-block-list\">\n<li>Nuo spalio 13 d. 19 val. iki spalio 19 d. 3 val. filmavimai vyks A. Mickevi\u010diaus g. 29 (Lietuvos kompozitori\u0173 s\u0105jungoje). Filmavimo reikm\u0117ms, techninis filmavimo transportas (7 automobiliai) bus statomi Birut\u0117s gatv\u0117s draud\u017eiamoje zonoje;<\/li>\n\n\n\n<li>Nuo spalio 16 d. 6 val. iki spalio 18 d. 23 val. rezervuojama 30 automobili\u0173 stov\u0117jimo viet\u0173&nbsp; A. Tum\u0117no gatv\u0117je esan\u010dioje aik\u0161tel\u0117je;<\/li>\n\n\n\n<li>Spalio 18 d. 6\u201312.30 val. filmavimai vyks Parod\u0173 gatv\u0117je. Filmavimo reikm\u0117ms bus rezervuojamos 9 vietos Parod\u0173 gatv\u0117je ir 31 vieta K. Jelskio gatv\u0117je;<\/li>\n\n\n\n<li>Spalio 18 d. 18\u201321 val. filmavimai vyks A. Smetonos gatv\u0117je, filmavimo metu nukreipiant p\u0117s\u010di\u0173j\u0173 eism\u0105, o 19\u201321 val. trumpam (iki 3 min.) ribojant transporto priemoni\u0173 eism\u0105 A. Smetonos gatv\u0117s dalyje nuo K. Griniaus iki Jogailos gatv\u0117s. Nuo spalio 17 d. 17 val. iki spalio 18 d. 21 val. filmavimo reikm\u0117ms bus rezervuojama 19 automobili\u0173 stov\u0117jimo viet\u0173 A. Smetonos gatv\u0117je, 6 vietos K. Griniaus gatv\u0117je ir 17 viet\u0173 A. Stulginskio gatv\u0117je;<\/li>\n\n\n\n<li>Spalio 19 d. 7\u201321 val. filmavimai vyks \u0160e\u0161kin\u0117s gatv\u0117je. Nuo spalio 18 d. 16 val. iki spalio 19 d. 21 val. bus rezervuojamos 23 automobili\u0173 stov\u0117jimo vietos \u0160e\u0161kin\u0117s gatv\u0117je;<\/li>\n\n\n\n<li>Spalio 20 d. 7\u201321 val. filmavimo reikm\u0117ms bus rezervuojama 18 automobili\u0173 stov\u0117jimo viet\u0173 Birut\u0117s gatv\u0117je;<\/li>\n\n\n\n<li>Spalio 20 d. 9\u201314 val. filmavimai vyks S. Moniu\u0161kos gatv\u0117s dalyje nuo Vytenio iki K\u0119stu\u010dio gatv\u0117s, trumpam (iki 3 min) draud\u017eiant transporto priemoni\u0173 eism\u0105 min\u0117toje S. Moniu\u0161kos gatv\u0117s dalyje. Nuo spalio 19 d. 18 val. iki spalio 20 d. 21 val. bus rezervuojamos 22 automobili\u0173 stov\u0117jimo vietos S. Moniu\u0161kos gatv\u0117je;<\/li>\n\n\n\n<li>Nuo spalio 22 d. 16 val. iki spalio 24 d. 20 val. filmavimai vyks Did\u017eiojoje g. 31 (Vilniaus Rotu\u0161\u0117je). Filmavimo reikm\u0117ms bus rezervuojama 16 automobili\u0173 stov\u0117jimo viet\u0173 Pakaln\u0117s gatv\u0117je, o techninis transportas bus statomas draud\u017eiamosiose zonose;<\/li>\n\n\n\n<li>Spalio 25 d. 7\u201319 val. filmavimai vyks \u0161alia Rotu\u0161\u0117s aik\u0161t\u0117s, draud\u017eiant transporto priemoni\u0173 eism\u0105 kelyje tarp Vilniaus rotu\u0161\u0117s pastato ir Rotu\u0161\u0117s aik\u0161t\u0117s, ant Rotu\u0161\u0117s aik\u0161t\u0117s pastatant keltuv\u0105, o technin\u012f transport\u0105 min\u0117tame kelyje;<\/li>\n\n\n\n<li>Spalio 25 d. 7\u201314 val. filmavimai vyks \u0161alia pastato Literat\u0173 g. 9, nuo spalio 24 d. 17 val. iki spalio 25 d. 14 val. filmavimo reikm\u0117ms bus rezervuojama 15 automobili\u0173 stov\u0117jimo viet\u0173 A. Volano gatv\u0117je;<\/li>\n\n\n\n<li>Spalio 26 ir 27 d. 8\u201317 val. filmavimai vyks Ber\u017eyno gatv\u0117je.&nbsp; 9\u201315 val. filmavimo metu, bus draud\u017eiamas transporto priemoni\u0173 eismas Ber\u017eyno gatv\u0117je. 10\u201315 val. filmuojant K. Donelai\u010dio gatv\u0117je, bus trumpam (iki 3 min.) draud\u017eiamas transporto priemoni\u0173 eismas bei trumpam (iki 3 min) ribojamas p\u0117s\u010di\u0173j\u0173 eismas min\u0117tose gatv\u0117se. Nuo spalio 25 d. 16 val. iki spalio 27 d. 18 val. rezervuojamos 7 automobili\u0173 stov\u0117jimo vietos K. Donelai\u010dio gatv\u0117je;<\/li>\n\n\n\n<li>Spalio 27\u201330 d. 18\u20136 val. filmavimai vyks Paneri\u0173 gatv\u0117s dalyje nuo Vytenio iki \u0160vitrigailos gatv\u0117s, filmavimo metu bus naudojamos pirotechnikos priemon\u0117s. Nuo spalio 26 d. 8 val. iki spalio 30 d. 8 val. filmavimo reikm\u0117ms bus rezervuojama 20 automobili\u0173 stov\u0117jimo viet\u0173 Paneri\u0173 gatv\u0117je;<\/li>\n\n\n\n<li>Spalio 30 d. 9\u201312 val. filmavimai vyks Manufakt\u016br\u0173 gatv\u0117s dalyje nuo Kaukysos iki Drujos gatv\u0117s draud\u017eiant transporto priemoni\u0173 (i\u0161skyrus vie\u0161\u0105j\u012f, gyventoj\u0173 ir aptarnaujant\u012f transport\u0105) ir trumpam (iki 3 min) stabdant p\u0117s\u010di\u0173j\u0173 eism\u0105 nurodytoje gatv\u0117s dalyje. Nuo spalio 27 d. Manufakt\u016br\u0173 gatv\u0117je bus \u012frengiama filmavimui skirta dekoracin\u0117 autobus\u0173 stotel\u0117. Nuo spalio 29 d. 10 val. iki spalio 30 d. 12 val. bus rezervuojamos 23 automobili\u0173 stov\u0117jimo vietos Manufakt\u016br\u0173 gatv\u0117je;<\/li>\n\n\n\n<li>Nuo spalio 24 d. 7 val. iki spalio 25 d. 21 val. filmavimai vyks prie pastat\u0173 Pilies g. 24 ir Pilies g. 32. Filmavim\u0173 metu, Pilies gatv\u0117je bus statomas keltuvas. Nuo spalio 23 d. 7 val. iki spalio 25 d. 21 val.filmavimo reikm\u0117ms bus rezervuojamos 26 automobili\u0173 stov\u0117jimo vietos \u0160v. Jono gatv\u0117je;<\/li>\n\n\n\n<li>Spalio 30 d. 9\u201314 val. filmavimai vyks Luki\u0161ki\u0173 skersgatvyje, draud\u017eiant transporto priemoni\u0173 eism\u0105 ir trumpam (iki 3 min) ribojant p\u0117s\u010di\u0173j\u0173 eism\u0105. Nuo spalio 29 d. 18 val. iki spalio 30 d. 14 val. bus rezervuojama 10 automobili\u0173 stov\u0117jimo viet\u0173 Luki\u0161ki\u0173 skersgatvyje.<\/li>\n<\/ul>\n\n\n\n<p><strong>Atsipra\u0161ome gyventoj\u0173 ir miesto sve\u010di\u0173 u\u017e laikinus nepatogumus. D\u0117kojame u\u017e supratingum\u0105.<\/strong><\/p>\n","protected":false},"excerpt":{"rendered":"<p>\u012e Vilni\u0173 penktajam sezonui sugr\u012f\u017eta kriminalinio detektyvo \u201eWisting\u201c filmavimo komanda. Vieno brangiausi\u0173 norveg\u0173 TV serialo pirmoji serija pristatyta 2019 m., paskui jis rodytas ir kitose \u0161alyse, taip pat per BBC 4 televizij\u0105. Pagrindinis filmo veik\u0117jas \u2013 policijos detektyvas Williamas Wistingas, kur\u012f vaidina norveg\u0173 aktorius Sven Nordin. Pirmieji serialo sezonai r\u0117m\u0117si ra\u0161ytojo J\u00f8rn Lier Horst bestseleriais tapusiomis knygomis. 2021 m. antrasis serialo \u201eVistingas\u201c sezonas jau buvo filmuotas Vilniuje.<\/p>\n","protected":false},"author":7,"featured_media":21324,"comment_status":"closed","ping_status":"open","sticky":false,"template":"","format":"standard","meta":{"_acf_changed":false,"_monsterinsights_skip_tracking":false,"_monsterinsights_sitenote_active":false,"_monsterinsights_sitenote_note":"","_monsterinsights_sitenote_category":0,"footnotes":""},"categories":[160,58,100],"tags":[],"class_list":["post-21323","post","type-post","status-publish","format-standard","has-post-thumbnail","hentry","category-filmavimai-vilniuje","category-news","category-su-veidais"],"acf":[],"yoast_head":"<!-- This site is optimized with the Yoast SEO plugin v27.4 - https:\/\/yoast.com\/product\/yoast-seo-wordpress\/ -->\n<title>\u012e Vilni\u0173 penktajam sezonui sugr\u012f\u017eta norveg\u0173 kriminalinio detektyvo k\u016br\u0117jai - Vilnius film office<\/title>\n<meta name=\"robots\" content=\"index, follow, max-snippet:-1, max-image-preview:large, max-video-preview:-1\" \/>\n<link rel=\"canonical\" href=\"https:\/\/filmvilnius.com\/lt\/i-vilniu-penktajam-sezonui-sugrizta-norvegu-kriminalinio-detektyvo-kurejai\/\" \/>\n<meta property=\"og:locale\" content=\"lt_LT\" \/>\n<meta property=\"og:type\" content=\"article\" \/>\n<meta property=\"og:title\" content=\"\u012e Vilni\u0173 penktajam sezonui sugr\u012f\u017eta norveg\u0173 kriminalinio detektyvo k\u016br\u0117jai - Vilnius film office\" \/>\n<meta property=\"og:description\" content=\"\u012e Vilni\u0173 penktajam sezonui sugr\u012f\u017eta kriminalinio detektyvo \u201eWisting\u201c filmavimo komanda. Vieno brangiausi\u0173 norveg\u0173 TV serialo pirmoji serija pristatyta 2019 m., paskui jis rodytas ir kitose \u0161alyse, taip pat per BBC 4 televizij\u0105. Pagrindinis filmo veik\u0117jas \u2013 policijos detektyvas Williamas Wistingas, kur\u012f vaidina norveg\u0173 aktorius Sven Nordin. Pirmieji serialo sezonai r\u0117m\u0117si ra\u0161ytojo J\u00f8rn Lier Horst bestseleriais tapusiomis knygomis. 2021 m. antrasis serialo \u201eVistingas\u201c sezonas jau buvo filmuotas Vilniuje.\" \/>\n<meta property=\"og:url\" content=\"https:\/\/filmvilnius.com\/lt\/i-vilniu-penktajam-sezonui-sugrizta-norvegu-kriminalinio-detektyvo-kurejai\/\" \/>\n<meta property=\"og:site_name\" content=\"Vilnius film office\" \/>\n<meta property=\"article:publisher\" content=\"https:\/\/www.facebook.com\/filmvilnius\" \/>\n<meta property=\"article:published_time\" content=\"2023-11-10T09:09:55+00:00\" \/>\n<meta property=\"article:modified_time\" content=\"2026-04-28T07:27:44+00:00\" \/>\n<meta property=\"og:image\" content=\"https:\/\/filmvilnius.com\/wp-content\/uploads\/2023\/11\/Luko-Salnos-nuotr.-scaled-1.jpg\" \/>\n\t<meta property=\"og:image:width\" content=\"2560\" \/>\n\t<meta property=\"og:image:height\" content=\"1703\" \/>\n\t<meta property=\"og:image:type\" content=\"image\/jpeg\" \/>\n<meta name=\"author\" content=\"ITMA ITMA\" \/>\n<meta name=\"twitter:card\" content=\"summary_large_image\" \/>\n<meta name=\"twitter:creator\" content=\"@FilmVilnius\" \/>\n<meta name=\"twitter:site\" content=\"@FilmVilnius\" \/>\n<meta name=\"twitter:label1\" content=\"Written by\" \/>\n\t<meta name=\"twitter:data1\" content=\"ITMA ITMA\" \/>\n\t<meta name=\"twitter:label2\" content=\"Est. reading time\" \/>\n\t<meta name=\"twitter:data2\" content=\"4 minut\u0117s\" \/>\n<script type=\"application\/ld+json\" class=\"yoast-schema-graph\">{\"@context\":\"https:\\\/\\\/schema.org\",\"@graph\":[{\"@type\":\"Article\",\"@id\":\"https:\\\/\\\/filmvilnius.com\\\/lt\\\/i-vilniu-penktajam-sezonui-sugrizta-norvegu-kriminalinio-detektyvo-kurejai\\\/#article\",\"isPartOf\":{\"@id\":\"https:\\\/\\\/filmvilnius.com\\\/lt\\\/i-vilniu-penktajam-sezonui-sugrizta-norvegu-kriminalinio-detektyvo-kurejai\\\/\"},\"author\":{\"name\":\"ITMA ITMA\",\"@id\":\"https:\\\/\\\/filmvilnius.com\\\/#\\\/schema\\\/person\\\/e4ecfb47c7367033181003ea01fc3980\"},\"headline\":\"\u012e Vilni\u0173 penktajam sezonui sugr\u012f\u017eta norveg\u0173 kriminalinio detektyvo k\u016br\u0117jai\",\"datePublished\":\"2023-11-10T09:09:55+00:00\",\"dateModified\":\"2026-04-28T07:27:44+00:00\",\"mainEntityOfPage\":{\"@id\":\"https:\\\/\\\/filmvilnius.com\\\/lt\\\/i-vilniu-penktajam-sezonui-sugrizta-norvegu-kriminalinio-detektyvo-kurejai\\\/\"},\"wordCount\":835,\"publisher\":{\"@id\":\"https:\\\/\\\/filmvilnius.com\\\/#organization\"},\"image\":{\"@id\":\"https:\\\/\\\/filmvilnius.com\\\/lt\\\/i-vilniu-penktajam-sezonui-sugrizta-norvegu-kriminalinio-detektyvo-kurejai\\\/#primaryimage\"},\"thumbnailUrl\":\"https:\\\/\\\/filmvilnius.com\\\/wp-content\\\/uploads\\\/2023\\\/11\\\/Luko-Salnos-nuotr.-scaled-1.jpg\",\"articleSection\":[\"Filmavimai Vilniuje\",\"Naujienos\",\"Su veidais\"],\"inLanguage\":\"lt-LT\"},{\"@type\":\"WebPage\",\"@id\":\"https:\\\/\\\/filmvilnius.com\\\/lt\\\/i-vilniu-penktajam-sezonui-sugrizta-norvegu-kriminalinio-detektyvo-kurejai\\\/\",\"url\":\"https:\\\/\\\/filmvilnius.com\\\/lt\\\/i-vilniu-penktajam-sezonui-sugrizta-norvegu-kriminalinio-detektyvo-kurejai\\\/\",\"name\":\"\u012e Vilni\u0173 penktajam sezonui sugr\u012f\u017eta norveg\u0173 kriminalinio detektyvo k\u016br\u0117jai - Vilnius film office\",\"isPartOf\":{\"@id\":\"https:\\\/\\\/filmvilnius.com\\\/#website\"},\"primaryImageOfPage\":{\"@id\":\"https:\\\/\\\/filmvilnius.com\\\/lt\\\/i-vilniu-penktajam-sezonui-sugrizta-norvegu-kriminalinio-detektyvo-kurejai\\\/#primaryimage\"},\"image\":{\"@id\":\"https:\\\/\\\/filmvilnius.com\\\/lt\\\/i-vilniu-penktajam-sezonui-sugrizta-norvegu-kriminalinio-detektyvo-kurejai\\\/#primaryimage\"},\"thumbnailUrl\":\"https:\\\/\\\/filmvilnius.com\\\/wp-content\\\/uploads\\\/2023\\\/11\\\/Luko-Salnos-nuotr.-scaled-1.jpg\",\"datePublished\":\"2023-11-10T09:09:55+00:00\",\"dateModified\":\"2026-04-28T07:27:44+00:00\",\"breadcrumb\":{\"@id\":\"https:\\\/\\\/filmvilnius.com\\\/lt\\\/i-vilniu-penktajam-sezonui-sugrizta-norvegu-kriminalinio-detektyvo-kurejai\\\/#breadcrumb\"},\"inLanguage\":\"lt-LT\",\"potentialAction\":[{\"@type\":\"ReadAction\",\"target\":[\"https:\\\/\\\/filmvilnius.com\\\/lt\\\/i-vilniu-penktajam-sezonui-sugrizta-norvegu-kriminalinio-detektyvo-kurejai\\\/\"]}]},{\"@type\":\"ImageObject\",\"inLanguage\":\"lt-LT\",\"@id\":\"https:\\\/\\\/filmvilnius.com\\\/lt\\\/i-vilniu-penktajam-sezonui-sugrizta-norvegu-kriminalinio-detektyvo-kurejai\\\/#primaryimage\",\"url\":\"https:\\\/\\\/filmvilnius.com\\\/wp-content\\\/uploads\\\/2023\\\/11\\\/Luko-Salnos-nuotr.-scaled-1.jpg\",\"contentUrl\":\"https:\\\/\\\/filmvilnius.com\\\/wp-content\\\/uploads\\\/2023\\\/11\\\/Luko-Salnos-nuotr.-scaled-1.jpg\",\"width\":2560,\"height\":1703},{\"@type\":\"BreadcrumbList\",\"@id\":\"https:\\\/\\\/filmvilnius.com\\\/lt\\\/i-vilniu-penktajam-sezonui-sugrizta-norvegu-kriminalinio-detektyvo-kurejai\\\/#breadcrumb\",\"itemListElement\":[{\"@type\":\"ListItem\",\"position\":1,\"name\":\"Home\",\"item\":\"https:\\\/\\\/filmvilnius.com\\\/lt\\\/\"},{\"@type\":\"ListItem\",\"position\":2,\"name\":\"\u012e Vilni\u0173 penktajam sezonui sugr\u012f\u017eta norveg\u0173 kriminalinio detektyvo k\u016br\u0117jai\"}]},{\"@type\":\"WebSite\",\"@id\":\"https:\\\/\\\/filmvilnius.com\\\/#website\",\"url\":\"https:\\\/\\\/filmvilnius.com\\\/\",\"name\":\"Vilnius film office\",\"description\":\"\",\"publisher\":{\"@id\":\"https:\\\/\\\/filmvilnius.com\\\/#organization\"},\"potentialAction\":[{\"@type\":\"SearchAction\",\"target\":{\"@type\":\"EntryPoint\",\"urlTemplate\":\"https:\\\/\\\/filmvilnius.com\\\/?s={search_term_string}\"},\"query-input\":{\"@type\":\"PropertyValueSpecification\",\"valueRequired\":true,\"valueName\":\"search_term_string\"}}],\"inLanguage\":\"lt-LT\"},{\"@type\":\"Organization\",\"@id\":\"https:\\\/\\\/filmvilnius.com\\\/#organization\",\"name\":\"Vilniaus kino biuras\",\"url\":\"https:\\\/\\\/filmvilnius.com\\\/\",\"logo\":{\"@type\":\"ImageObject\",\"inLanguage\":\"lt-LT\",\"@id\":\"https:\\\/\\\/filmvilnius.com\\\/#\\\/schema\\\/logo\\\/image\\\/\",\"url\":\"https:\\\/\\\/filmvilnius.com\\\/wp-content\\\/uploads\\\/2022\\\/12\\\/VKB-Logo-2022-EN-2-V.jpg\",\"contentUrl\":\"https:\\\/\\\/filmvilnius.com\\\/wp-content\\\/uploads\\\/2022\\\/12\\\/VKB-Logo-2022-EN-2-V.jpg\",\"width\":1419,\"height\":1418,\"caption\":\"Vilniaus kino biuras\"},\"image\":{\"@id\":\"https:\\\/\\\/filmvilnius.com\\\/#\\\/schema\\\/logo\\\/image\\\/\"},\"sameAs\":[\"https:\\\/\\\/www.facebook.com\\\/filmvilnius\",\"https:\\\/\\\/x.com\\\/FilmVilnius\",\"https:\\\/\\\/www.instagram.com\\\/filmvilnius\\\/\"]},{\"@type\":\"Person\",\"@id\":\"https:\\\/\\\/filmvilnius.com\\\/#\\\/schema\\\/person\\\/e4ecfb47c7367033181003ea01fc3980\",\"name\":\"ITMA ITMA\",\"image\":{\"@type\":\"ImageObject\",\"inLanguage\":\"lt-LT\",\"@id\":\"https:\\\/\\\/secure.gravatar.com\\\/avatar\\\/ee1213d282b4dfd22bdab01eb282938e5f101930fdfeff9088a406e8f95873d0?s=96&d=mm&r=g\",\"url\":\"https:\\\/\\\/secure.gravatar.com\\\/avatar\\\/ee1213d282b4dfd22bdab01eb282938e5f101930fdfeff9088a406e8f95873d0?s=96&d=mm&r=g\",\"contentUrl\":\"https:\\\/\\\/secure.gravatar.com\\\/avatar\\\/ee1213d282b4dfd22bdab01eb282938e5f101930fdfeff9088a406e8f95873d0?s=96&d=mm&r=g\",\"caption\":\"ITMA ITMA\"},\"url\":\"https:\\\/\\\/filmvilnius.com\\\/lt\\\/author\\\/226feaf0f9f5be79\\\/\"}]}<\/script>\n<!-- \/ Yoast SEO plugin. -->","yoast_head_json":{"title":"\u012e Vilni\u0173 penktajam sezonui sugr\u012f\u017eta norveg\u0173 kriminalinio detektyvo k\u016br\u0117jai - Vilnius film office","robots":{"index":"index","follow":"follow","max-snippet":"max-snippet:-1","max-image-preview":"max-image-preview:large","max-video-preview":"max-video-preview:-1"},"canonical":"https:\/\/filmvilnius.com\/lt\/i-vilniu-penktajam-sezonui-sugrizta-norvegu-kriminalinio-detektyvo-kurejai\/","og_locale":"lt_LT","og_type":"article","og_title":"\u012e Vilni\u0173 penktajam sezonui sugr\u012f\u017eta norveg\u0173 kriminalinio detektyvo k\u016br\u0117jai - Vilnius film office","og_description":"\u012e Vilni\u0173 penktajam sezonui sugr\u012f\u017eta kriminalinio detektyvo \u201eWisting\u201c filmavimo komanda. Vieno brangiausi\u0173 norveg\u0173 TV serialo pirmoji serija pristatyta 2019 m., paskui jis rodytas ir kitose \u0161alyse, taip pat per BBC 4 televizij\u0105. Pagrindinis filmo veik\u0117jas \u2013 policijos detektyvas Williamas Wistingas, kur\u012f vaidina norveg\u0173 aktorius Sven Nordin. Pirmieji serialo sezonai r\u0117m\u0117si ra\u0161ytojo J\u00f8rn Lier Horst bestseleriais tapusiomis knygomis. 2021 m. antrasis serialo \u201eVistingas\u201c sezonas jau buvo filmuotas Vilniuje.","og_url":"https:\/\/filmvilnius.com\/lt\/i-vilniu-penktajam-sezonui-sugrizta-norvegu-kriminalinio-detektyvo-kurejai\/","og_site_name":"Vilnius film office","article_publisher":"https:\/\/www.facebook.com\/filmvilnius","article_published_time":"2023-11-10T09:09:55+00:00","article_modified_time":"2026-04-28T07:27:44+00:00","og_image":[{"width":2560,"height":1703,"url":"https:\/\/filmvilnius.com\/wp-content\/uploads\/2023\/11\/Luko-Salnos-nuotr.-scaled-1.jpg","type":"image\/jpeg"}],"author":"ITMA ITMA","twitter_card":"summary_large_image","twitter_creator":"@FilmVilnius","twitter_site":"@FilmVilnius","twitter_misc":{"Written by":"ITMA ITMA","Est. reading time":"4 minut\u0117s"},"schema":{"@context":"https:\/\/schema.org","@graph":[{"@type":"Article","@id":"https:\/\/filmvilnius.com\/lt\/i-vilniu-penktajam-sezonui-sugrizta-norvegu-kriminalinio-detektyvo-kurejai\/#article","isPartOf":{"@id":"https:\/\/filmvilnius.com\/lt\/i-vilniu-penktajam-sezonui-sugrizta-norvegu-kriminalinio-detektyvo-kurejai\/"},"author":{"name":"ITMA ITMA","@id":"https:\/\/filmvilnius.com\/#\/schema\/person\/e4ecfb47c7367033181003ea01fc3980"},"headline":"\u012e Vilni\u0173 penktajam sezonui sugr\u012f\u017eta norveg\u0173 kriminalinio detektyvo k\u016br\u0117jai","datePublished":"2023-11-10T09:09:55+00:00","dateModified":"2026-04-28T07:27:44+00:00","mainEntityOfPage":{"@id":"https:\/\/filmvilnius.com\/lt\/i-vilniu-penktajam-sezonui-sugrizta-norvegu-kriminalinio-detektyvo-kurejai\/"},"wordCount":835,"publisher":{"@id":"https:\/\/filmvilnius.com\/#organization"},"image":{"@id":"https:\/\/filmvilnius.com\/lt\/i-vilniu-penktajam-sezonui-sugrizta-norvegu-kriminalinio-detektyvo-kurejai\/#primaryimage"},"thumbnailUrl":"https:\/\/filmvilnius.com\/wp-content\/uploads\/2023\/11\/Luko-Salnos-nuotr.-scaled-1.jpg","articleSection":["Filmavimai Vilniuje","Naujienos","Su veidais"],"inLanguage":"lt-LT"},{"@type":"WebPage","@id":"https:\/\/filmvilnius.com\/lt\/i-vilniu-penktajam-sezonui-sugrizta-norvegu-kriminalinio-detektyvo-kurejai\/","url":"https:\/\/filmvilnius.com\/lt\/i-vilniu-penktajam-sezonui-sugrizta-norvegu-kriminalinio-detektyvo-kurejai\/","name":"\u012e Vilni\u0173 penktajam sezonui sugr\u012f\u017eta norveg\u0173 kriminalinio detektyvo k\u016br\u0117jai - Vilnius film office","isPartOf":{"@id":"https:\/\/filmvilnius.com\/#website"},"primaryImageOfPage":{"@id":"https:\/\/filmvilnius.com\/lt\/i-vilniu-penktajam-sezonui-sugrizta-norvegu-kriminalinio-detektyvo-kurejai\/#primaryimage"},"image":{"@id":"https:\/\/filmvilnius.com\/lt\/i-vilniu-penktajam-sezonui-sugrizta-norvegu-kriminalinio-detektyvo-kurejai\/#primaryimage"},"thumbnailUrl":"https:\/\/filmvilnius.com\/wp-content\/uploads\/2023\/11\/Luko-Salnos-nuotr.-scaled-1.jpg","datePublished":"2023-11-10T09:09:55+00:00","dateModified":"2026-04-28T07:27:44+00:00","breadcrumb":{"@id":"https:\/\/filmvilnius.com\/lt\/i-vilniu-penktajam-sezonui-sugrizta-norvegu-kriminalinio-detektyvo-kurejai\/#breadcrumb"},"inLanguage":"lt-LT","potentialAction":[{"@type":"ReadAction","target":["https:\/\/filmvilnius.com\/lt\/i-vilniu-penktajam-sezonui-sugrizta-norvegu-kriminalinio-detektyvo-kurejai\/"]}]},{"@type":"ImageObject","inLanguage":"lt-LT","@id":"https:\/\/filmvilnius.com\/lt\/i-vilniu-penktajam-sezonui-sugrizta-norvegu-kriminalinio-detektyvo-kurejai\/#primaryimage","url":"https:\/\/filmvilnius.com\/wp-content\/uploads\/2023\/11\/Luko-Salnos-nuotr.-scaled-1.jpg","contentUrl":"https:\/\/filmvilnius.com\/wp-content\/uploads\/2023\/11\/Luko-Salnos-nuotr.-scaled-1.jpg","width":2560,"height":1703},{"@type":"BreadcrumbList","@id":"https:\/\/filmvilnius.com\/lt\/i-vilniu-penktajam-sezonui-sugrizta-norvegu-kriminalinio-detektyvo-kurejai\/#breadcrumb","itemListElement":[{"@type":"ListItem","position":1,"name":"Home","item":"https:\/\/filmvilnius.com\/lt\/"},{"@type":"ListItem","position":2,"name":"\u012e Vilni\u0173 penktajam sezonui sugr\u012f\u017eta norveg\u0173 kriminalinio detektyvo k\u016br\u0117jai"}]},{"@type":"WebSite","@id":"https:\/\/filmvilnius.com\/#website","url":"https:\/\/filmvilnius.com\/","name":"Vilnius film office","description":"","publisher":{"@id":"https:\/\/filmvilnius.com\/#organization"},"potentialAction":[{"@type":"SearchAction","target":{"@type":"EntryPoint","urlTemplate":"https:\/\/filmvilnius.com\/?s={search_term_string}"},"query-input":{"@type":"PropertyValueSpecification","valueRequired":true,"valueName":"search_term_string"}}],"inLanguage":"lt-LT"},{"@type":"Organization","@id":"https:\/\/filmvilnius.com\/#organization","name":"Vilniaus kino biuras","url":"https:\/\/filmvilnius.com\/","logo":{"@type":"ImageObject","inLanguage":"lt-LT","@id":"https:\/\/filmvilnius.com\/#\/schema\/logo\/image\/","url":"https:\/\/filmvilnius.com\/wp-content\/uploads\/2022\/12\/VKB-Logo-2022-EN-2-V.jpg","contentUrl":"https:\/\/filmvilnius.com\/wp-content\/uploads\/2022\/12\/VKB-Logo-2022-EN-2-V.jpg","width":1419,"height":1418,"caption":"Vilniaus kino biuras"},"image":{"@id":"https:\/\/filmvilnius.com\/#\/schema\/logo\/image\/"},"sameAs":["https:\/\/www.facebook.com\/filmvilnius","https:\/\/x.com\/FilmVilnius","https:\/\/www.instagram.com\/filmvilnius\/"]},{"@type":"Person","@id":"https:\/\/filmvilnius.com\/#\/schema\/person\/e4ecfb47c7367033181003ea01fc3980","name":"ITMA ITMA","image":{"@type":"ImageObject","inLanguage":"lt-LT","@id":"https:\/\/secure.gravatar.com\/avatar\/ee1213d282b4dfd22bdab01eb282938e5f101930fdfeff9088a406e8f95873d0?s=96&d=mm&r=g","url":"https:\/\/secure.gravatar.com\/avatar\/ee1213d282b4dfd22bdab01eb282938e5f101930fdfeff9088a406e8f95873d0?s=96&d=mm&r=g","contentUrl":"https:\/\/secure.gravatar.com\/avatar\/ee1213d282b4dfd22bdab01eb282938e5f101930fdfeff9088a406e8f95873d0?s=96&d=mm&r=g","caption":"ITMA ITMA"},"url":"https:\/\/filmvilnius.com\/lt\/author\/226feaf0f9f5be79\/"}]}},"_links":{"self":[{"href":"https:\/\/filmvilnius.com\/lt\/wp-json\/wp\/v2\/posts\/21323","targetHints":{"allow":["GET"]}}],"collection":[{"href":"https:\/\/filmvilnius.com\/lt\/wp-json\/wp\/v2\/posts"}],"about":[{"href":"https:\/\/filmvilnius.com\/lt\/wp-json\/wp\/v2\/types\/post"}],"author":[{"embeddable":true,"href":"https:\/\/filmvilnius.com\/lt\/wp-json\/wp\/v2\/users\/7"}],"replies":[{"embeddable":true,"href":"https:\/\/filmvilnius.com\/lt\/wp-json\/wp\/v2\/comments?post=21323"}],"version-history":[{"count":2,"href":"https:\/\/filmvilnius.com\/lt\/wp-json\/wp\/v2\/posts\/21323\/revisions"}],"predecessor-version":[{"id":21327,"href":"https:\/\/filmvilnius.com\/lt\/wp-json\/wp\/v2\/posts\/21323\/revisions\/21327"}],"wp:featuredmedia":[{"embeddable":true,"href":"https:\/\/filmvilnius.com\/lt\/wp-json\/wp\/v2\/media\/21324"}],"wp:attachment":[{"href":"https:\/\/filmvilnius.com\/lt\/wp-json\/wp\/v2\/media?parent=21323"}],"wp:term":[{"taxonomy":"category","embeddable":true,"href":"https:\/\/filmvilnius.com\/lt\/wp-json\/wp\/v2\/categories?post=21323"},{"taxonomy":"post_tag","embeddable":true,"href":"https:\/\/filmvilnius.com\/lt\/wp-json\/wp\/v2\/tags?post=21323"}],"curies":[{"name":"wp","href":"https:\/\/api.w.org\/{rel}","templated":true}]}}