{"id":21333,"date":"2023-11-10T09:18:50","date_gmt":"2023-11-10T09:18:50","guid":{"rendered":"https:\/\/filmvilnius.com\/?p=21333"},"modified":"2026-04-28T09:27:30","modified_gmt":"2026-04-28T07:27:30","slug":"romano-vardas-tamsoje-autore-renata-serelyte-mendeikiene-tai-istorija-apie-vidinius-demonus","status":"publish","type":"post","link":"https:\/\/filmvilnius.com\/lt\/romano-vardas-tamsoje-autore-renata-serelyte-mendeikiene-tai-istorija-apie-vidinius-demonus\/","title":{"rendered":"Romano \u201eVardas tamsoje\u201c autor\u0117 Renata \u0160erelyt\u0117-Mendeikien\u0117: \u201eTai istorija apie vidinius demonus\u201c"},"content":{"rendered":"\n<p><strong>Spalio 18 d., tre\u010diadien\u012f, 18 val. kino teatre \u201eForum Cinemas Vingis\u201c, 9 sal\u0117je vyks nemokama re\u017eisier\u0117s Agn\u0117s Marcinkevi\u010di\u016bt\u0117s filmo \u201eVardas tamsoje\u201c per\u017ei\u016bra. Tai jau antrasis projekto \u201eKnyga+Kinas\u201c rudens kino vakaras. Filmas sukurtas ra\u0161ytojos Renatos \u0160erelyt\u0117s-Mendeikien\u0117s detektyvinio romano \u201eVardas tamsoje\u201c motyvais. Po filmo seanso \u017ei\u016brovai tur\u0117s galimyb\u0119 susitikti su re\u017eisiere bei ra\u0161ytoja kino kritik\u0117s Neringos Ka\u017eukauskait\u0117s vedamoje diskusijoje.&nbsp;<\/strong><\/p>\n\n\n\n<p>Tiek re\u017eisier\u0117 Agn\u0117 Marcinkevi\u010di\u016bt\u0117, tiek ra\u0161ytoja Renata \u0160erelyt\u0117-Mendeikien\u0117 yra dalyvavusios projekte \u201eKnyga + Kinas\u201c kaip komisijos nar\u0117s ir tur\u0117jusios galimyb\u0119 atrinkti scenarijaus vertas knygas, kurios kino industrijai pristatomos per Vilniaus knyg\u0173 mug\u0119 vasario m\u0117nes\u012f.<\/p>\n\n\n\n<h4 class=\"wp-block-heading\"><strong><em>Renata \u0160erelyt\u0117-Mendeikien\u0117: \u201etai istorija apie vidinius demonus, kankinan\u010dius jaun\u0105 tardytoj\u0105, apie praeities \u0161m\u0117klas ir to laikotarpio \u017eaves\u012f ir skurd\u0105\u201c<\/em><\/strong><\/h4>\n\n\n\n<figure class=\"wp-block-image wp-image-18025\"><img decoding=\"async\" src=\"https:\/\/filmvilnius.com\/wp-content\/uploads\/2023\/10\/download-1-1-682x1024.jpg\" alt=\"\" class=\"wp-image-18025\"\/><figcaption class=\"wp-element-caption\"><span style=\"font-style: normal; font-variant-caps: normal; font-weight: 400; letter-spacing: normal; orphans: auto; text-align: start; text-indent: 0px; text-transform: none; white-space: normal; widows: auto; word-spacing: 0px; -webkit-text-stroke-width: 0px; text-decoration: none; caret-color: rgb(0, 0, 0); color: rgb(0, 0, 0); font-size: medium; float: none; display: inline !important;\"><span class=\"Apple-converted-space\">&nbsp;<\/span>Renata \u0160erelyt\u0117-Mendeikien\u0117<\/span><\/figcaption><\/figure>\n\n\n\n<p>Detektyviniame romane \u201eVardas tamsoje\u201c pagrindin\u012f vaidmen\u012f atlieka policijos tardytoja, o akcentu tampa tiriamas nusikaltimas ir tyr\u0117jos prisiminimai. Kaip teigia pati autor\u0117: \u201eTradiciniu detektyvu \u0161\u012f roman\u0105 b\u016bt\u0173 sunku vadinti, jame daug detektyvini\u0173 linij\u0173, kurios&nbsp; paslaptingai&nbsp; nutr\u016bksta. I\u0161 esm\u0117s tai istorija apie vidinius demonus, kankinan\u010dius jaun\u0105 tardytoj\u0105, apie praeities \u0161m\u0117klas ir to laikotarpio \u017eaves\u012f ir skurd\u0105\u201c.<\/p>\n\n\n\n<p>\u0160iuo metu ra\u0161anti&nbsp; apie literat\u016br\u0105 bei kin\u0105 R. \u0160erelyt\u0117-Mendeikien\u0117 atkreipia d\u0117mes\u012f, kad pagal roman\u0105 sukurtas filmas atsispindi pagrindin\u0119 pasakojimo linij\u0105, ta\u010diau daugelio veik\u0117j\u0173 teko atsisakyti d\u0117l pasakojimo vientisumo.<\/p>\n\n\n\n<h4 class=\"wp-block-heading\"><strong><em>Agn\u0117 Marcinkevi\u010di\u016bt\u0117: \u201eA\u0161 galiu \u201eVard\u0105 tamsoje\u201c vadinti m\u016bs\u0173 filmu\u201c<\/em>\u2013 Kaip gim\u0117 id\u0117ja kurti film\u0105 remiantis A. \u0160erelyt\u0117s romanu \u201eVardas tamsoje\u201c?<\/strong><\/h4>\n\n\n\n<p>\u2013 Renatos romanas pateko \u012f mano&nbsp; rankas 2006 metais, atsimenu, kad kaip tik dairiausi, k\u0105 gal\u0117\u010diau nuveikti savo k\u016bryboje. O tai, kas pasakojama romane ir, svarbiausia, kaip pasakojama \u2013 ekspresyviai, su lengva ironija ir kartu paslaptingai, na, viskas buvo labai man artima. A\u0161 tiesiog susi\u017eav\u0117jau k\u016briniu, o v\u0117liau ir pa\u010dia autore. Po met\u0173 darbo radosi dokumentin\u0117 apybrai\u017ea apie Renat\u0105 ir \u0161tai \u0161is kino scenarijus, kuris apie penkerius metus stal\u010diuje dar palauk\u0117 dienos \u0161viesos, kol atsirado prodiuser\u0117 \u017divil\u0117 Gallego ir viskas i\u0161sirutuliojo.<\/p>\n\n\n\n<p>\u2013<strong>&nbsp;Bendradarbiavimas su autoriumi kuriant film\u0105 \u2013 kiek svarbu autorius dalyvavimas filmo k\u016brimo procese? Kiek jis \u012ftraukiamas \u012f bendr\u0105 proces\u0105?<\/strong><\/p>\n\n\n\n<p>\u2013 Man bendradarbiavimas su Renata yra vienas i\u0161 pa\u010di\u0173 ry\u0161kiausi\u0173 ry\u0161i\u0173 gyvenime, tai yra likimo dovana. Renata puikus \u017emogus,&nbsp; ji niekada neper\u017eengia rib\u0173, Renata visada man patardavo, bet niekada nieko primygtinai nereikalavo, nes ekranizacija jau yra kitas k\u016brinys, arba kito k\u016br\u0117jo interpretacija. A\u0161 i\u0161 Renatos jau\u010diau labai didel\u012f palaikym\u0105 ir ji netgi sutiko atlikti vien\u0105 epizodin\u012f vaidmen\u012f. Manau, kad \u201eVard\u0105 tamsoje\u201c a\u0161 galiu vadinti m\u016bs\u0173 filmu.<\/p>\n\n\n\n<figure class=\"wp-block-image wp-image-18022\"><img decoding=\"async\" src=\"https:\/\/filmvilnius.com\/wp-content\/uploads\/2023\/10\/download.jpg\" alt=\"\" class=\"wp-image-18022\"\/><figcaption class=\"wp-element-caption\"><span style=\"font-style: normal; font-variant-caps: normal; font-weight: 400; letter-spacing: normal; orphans: auto; text-align: start; text-indent: 0px; text-transform: none; white-space: normal; widows: auto; word-spacing: 0px; -webkit-text-stroke-width: 0px; text-decoration: none; caret-color: rgb(0, 0, 0); color: rgb(0, 0, 0); font-size: medium; float: none; display: inline !important;\"><span class=\"Apple-converted-space\">&nbsp;<\/span>Agn\u0117 Marcinkevi\u010di\u016bt\u0117<\/span><\/figcaption><\/figure>\n\n\n\n<p>\u2013<strong>&nbsp;Su kokiais i\u0161\u0161\u016bkiais susid\u016br\u0117te kuriant \u0161i\u0105 ekranizacij\u0105?<\/strong><\/p>\n\n\n\n<p>\u2013 I\u0161\u0161\u016bki\u0173 buvo daug, bet dabar galiu prisiminti vien tik s\u0117km\u0119. Komandos ry\u017et\u0105, i\u0161radingum\u0105, kaip apeiti kli\u016btis, kad filmavimas vis d\u0117l to vykt\u0173. Mes nusi\u0161lav\u0117me vis\u0105 Marku\u010di\u0173 park\u0105, kad nelikt\u0173 sniego, nes jo nebuvo prie\u0161 tai nufilmuotoje scenoje. Filmavome policijos komisariato scenas, kuomet komisariatas u\u017e plonos sienos buvo perpildytas padauginusi\u0173 pilie\u010di\u0173 ir jie garsiai triuk\u0161mavo, o mes kantriai, dublis po dublio, band\u0117me \u012fsiterpti \u012f tyl\u0105\u2026 Gal\u0117\u010diau ilgas valandas pasakoti kuriozines situacijas, bet ver\u010diau pad\u0117kosiu operatoriui Feliksui Abrukauskui, dailininkui Albertui Vid\u017ei\u016bnui, Neringai Ker\u0161ulytei ir, \u017einoma, \u017divilei, akivaizdu \u2013 nuostabiems aktoriams, kad mums vis d\u0117lto pavyko, nors finansin\u0117s s\u0105lygos buvo minimalios. Tai buvo didel\u0117 rizika.<\/p>\n\n\n\n<p>\u2013<strong>&nbsp;Kuo gyvenate \u0161iandien? Kokie k\u016brybiniai procesai jus supa?<\/strong><\/p>\n\n\n\n<p>\u2013 O \u0161iandien a\u0161 tebedirbu labai intensyviai ir tuo labai d\u017eiaugiuosi. Netrukus su \u017divile Gallego pakviesime visus pamatyti labai ypating\u0105 dokumentin\u012f film\u0105. Tai didelis mudviej\u0173 su operatoriumi Ry\u010diu Kurkuliu darbas apie pasaulinio garso pianist\u0119 M\u016bz\u0105 Rubackyt\u0119.<\/p>\n\n\n\n<p><em>\u201eKnyga+kinas\u201c rudens kino vakarus organizuoja \u201eFralita Films\u201c.&nbsp;<\/em><em>Pla\u010diau apie projekto \u201eKnyga+Kinas\u201c nemokamus kino seansus&nbsp;<a href=\"https:\/\/bit.ly\/45nnDXZ\" target=\"_blank\" rel=\"noreferrer noopener\">skaitykite \u010dia.<\/a><\/em><\/p>\n","protected":false},"excerpt":{"rendered":"<p>palio 18 d., tre\u010diadien\u012f, 18 val. kino teatre \u201eForum Cinemas Vingis\u201c, 9 sal\u0117je vyks nemokama re\u017eisier\u0117s Agn\u0117s Marcinkevi\u010di\u016bt\u0117s filmo \u201eVardas tamsoje\u201c per\u017ei\u016bra. Tai jau antrasis projekto \u201eKnyga+Kinas\u201c rudens kino vakaras. Filmas sukurtas ra\u0161ytojos Renatos \u0160erelyt\u0117s-Mendeikien\u0117s detektyvinio romano \u201eVardas tamsoje\u201c motyvais. Po filmo seanso \u017ei\u016brovai tur\u0117s galimyb\u0119 susitikti su re\u017eisiere bei ra\u0161ytoja kino kritik\u0117s Neringos Ka\u017eukauskait\u0117s vedamoje diskusijoje.\u00a0<\/p>\n","protected":false},"author":7,"featured_media":21334,"comment_status":"closed","ping_status":"open","sticky":false,"template":"","format":"standard","meta":{"_acf_changed":false,"_monsterinsights_skip_tracking":false,"_monsterinsights_sitenote_active":false,"_monsterinsights_sitenote_note":"","_monsterinsights_sitenote_category":0,"footnotes":""},"categories":[161,58],"tags":[],"class_list":["post-21333","post","type-post","status-publish","format-standard","has-post-thumbnail","hentry","category-interviu","category-news"],"acf":[],"yoast_head":"<!-- This site is optimized with the Yoast SEO plugin v27.4 - https:\/\/yoast.com\/product\/yoast-seo-wordpress\/ -->\n<title>Romano \u201eVardas tamsoje\u201c autor\u0117 Renata \u0160erelyt\u0117-Mendeikien\u0117: \u201eTai istorija apie vidinius demonus\u201c - Vilnius film office<\/title>\n<meta name=\"robots\" content=\"index, follow, max-snippet:-1, max-image-preview:large, max-video-preview:-1\" \/>\n<link rel=\"canonical\" href=\"https:\/\/filmvilnius.com\/lt\/romano-vardas-tamsoje-autore-renata-serelyte-mendeikiene-tai-istorija-apie-vidinius-demonus\/\" \/>\n<meta property=\"og:locale\" content=\"lt_LT\" \/>\n<meta property=\"og:type\" content=\"article\" \/>\n<meta property=\"og:title\" content=\"Romano \u201eVardas tamsoje\u201c autor\u0117 Renata \u0160erelyt\u0117-Mendeikien\u0117: \u201eTai istorija apie vidinius demonus\u201c - Vilnius film office\" \/>\n<meta property=\"og:description\" content=\"palio 18 d., tre\u010diadien\u012f, 18 val. kino teatre \u201eForum Cinemas Vingis\u201c, 9 sal\u0117je vyks nemokama re\u017eisier\u0117s Agn\u0117s Marcinkevi\u010di\u016bt\u0117s filmo \u201eVardas tamsoje\u201c per\u017ei\u016bra. Tai jau antrasis projekto \u201eKnyga+Kinas\u201c rudens kino vakaras. Filmas sukurtas ra\u0161ytojos Renatos \u0160erelyt\u0117s-Mendeikien\u0117s detektyvinio romano \u201eVardas tamsoje\u201c motyvais. Po filmo seanso \u017ei\u016brovai tur\u0117s galimyb\u0119 susitikti su re\u017eisiere bei ra\u0161ytoja kino kritik\u0117s Neringos Ka\u017eukauskait\u0117s vedamoje diskusijoje.\u00a0\" \/>\n<meta property=\"og:url\" content=\"https:\/\/filmvilnius.com\/lt\/romano-vardas-tamsoje-autore-renata-serelyte-mendeikiene-tai-istorija-apie-vidinius-demonus\/\" \/>\n<meta property=\"og:site_name\" content=\"Vilnius film office\" \/>\n<meta property=\"article:publisher\" content=\"https:\/\/www.facebook.com\/filmvilnius\" \/>\n<meta property=\"article:published_time\" content=\"2023-11-10T09:18:50+00:00\" \/>\n<meta property=\"article:modified_time\" content=\"2026-04-28T07:27:30+00:00\" \/>\n<meta property=\"og:image\" content=\"https:\/\/filmvilnius.com\/wp-content\/uploads\/2023\/11\/Vardas-Tamsoje.jpg\" \/>\n\t<meta property=\"og:image:width\" content=\"1280\" \/>\n\t<meta property=\"og:image:height\" content=\"853\" \/>\n\t<meta property=\"og:image:type\" content=\"image\/jpeg\" \/>\n<meta name=\"author\" content=\"ITMA ITMA\" \/>\n<meta name=\"twitter:card\" content=\"summary_large_image\" \/>\n<meta name=\"twitter:creator\" content=\"@FilmVilnius\" \/>\n<meta name=\"twitter:site\" content=\"@FilmVilnius\" \/>\n<meta name=\"twitter:label1\" content=\"Written by\" \/>\n\t<meta name=\"twitter:data1\" content=\"ITMA ITMA\" \/>\n\t<meta name=\"twitter:label2\" content=\"Est. reading time\" \/>\n\t<meta name=\"twitter:data2\" content=\"3 minut\u0117s\" \/>\n<script type=\"application\/ld+json\" class=\"yoast-schema-graph\">{\"@context\":\"https:\\\/\\\/schema.org\",\"@graph\":[{\"@type\":\"Article\",\"@id\":\"https:\\\/\\\/filmvilnius.com\\\/lt\\\/romano-vardas-tamsoje-autore-renata-serelyte-mendeikiene-tai-istorija-apie-vidinius-demonus\\\/#article\",\"isPartOf\":{\"@id\":\"https:\\\/\\\/filmvilnius.com\\\/lt\\\/romano-vardas-tamsoje-autore-renata-serelyte-mendeikiene-tai-istorija-apie-vidinius-demonus\\\/\"},\"author\":{\"name\":\"ITMA ITMA\",\"@id\":\"https:\\\/\\\/filmvilnius.com\\\/#\\\/schema\\\/person\\\/e4ecfb47c7367033181003ea01fc3980\"},\"headline\":\"Romano \u201eVardas tamsoje\u201c autor\u0117 Renata \u0160erelyt\u0117-Mendeikien\u0117: \u201eTai istorija apie vidinius demonus\u201c\",\"datePublished\":\"2023-11-10T09:18:50+00:00\",\"dateModified\":\"2026-04-28T07:27:30+00:00\",\"mainEntityOfPage\":{\"@id\":\"https:\\\/\\\/filmvilnius.com\\\/lt\\\/romano-vardas-tamsoje-autore-renata-serelyte-mendeikiene-tai-istorija-apie-vidinius-demonus\\\/\"},\"wordCount\":665,\"publisher\":{\"@id\":\"https:\\\/\\\/filmvilnius.com\\\/#organization\"},\"image\":{\"@id\":\"https:\\\/\\\/filmvilnius.com\\\/lt\\\/romano-vardas-tamsoje-autore-renata-serelyte-mendeikiene-tai-istorija-apie-vidinius-demonus\\\/#primaryimage\"},\"thumbnailUrl\":\"https:\\\/\\\/filmvilnius.com\\\/wp-content\\\/uploads\\\/2023\\\/11\\\/Vardas-Tamsoje.jpg\",\"articleSection\":[\"Interviu\",\"Naujienos\"],\"inLanguage\":\"lt-LT\"},{\"@type\":\"WebPage\",\"@id\":\"https:\\\/\\\/filmvilnius.com\\\/lt\\\/romano-vardas-tamsoje-autore-renata-serelyte-mendeikiene-tai-istorija-apie-vidinius-demonus\\\/\",\"url\":\"https:\\\/\\\/filmvilnius.com\\\/lt\\\/romano-vardas-tamsoje-autore-renata-serelyte-mendeikiene-tai-istorija-apie-vidinius-demonus\\\/\",\"name\":\"Romano \u201eVardas tamsoje\u201c autor\u0117 Renata \u0160erelyt\u0117-Mendeikien\u0117: \u201eTai istorija apie vidinius demonus\u201c - Vilnius film office\",\"isPartOf\":{\"@id\":\"https:\\\/\\\/filmvilnius.com\\\/#website\"},\"primaryImageOfPage\":{\"@id\":\"https:\\\/\\\/filmvilnius.com\\\/lt\\\/romano-vardas-tamsoje-autore-renata-serelyte-mendeikiene-tai-istorija-apie-vidinius-demonus\\\/#primaryimage\"},\"image\":{\"@id\":\"https:\\\/\\\/filmvilnius.com\\\/lt\\\/romano-vardas-tamsoje-autore-renata-serelyte-mendeikiene-tai-istorija-apie-vidinius-demonus\\\/#primaryimage\"},\"thumbnailUrl\":\"https:\\\/\\\/filmvilnius.com\\\/wp-content\\\/uploads\\\/2023\\\/11\\\/Vardas-Tamsoje.jpg\",\"datePublished\":\"2023-11-10T09:18:50+00:00\",\"dateModified\":\"2026-04-28T07:27:30+00:00\",\"breadcrumb\":{\"@id\":\"https:\\\/\\\/filmvilnius.com\\\/lt\\\/romano-vardas-tamsoje-autore-renata-serelyte-mendeikiene-tai-istorija-apie-vidinius-demonus\\\/#breadcrumb\"},\"inLanguage\":\"lt-LT\",\"potentialAction\":[{\"@type\":\"ReadAction\",\"target\":[\"https:\\\/\\\/filmvilnius.com\\\/lt\\\/romano-vardas-tamsoje-autore-renata-serelyte-mendeikiene-tai-istorija-apie-vidinius-demonus\\\/\"]}]},{\"@type\":\"ImageObject\",\"inLanguage\":\"lt-LT\",\"@id\":\"https:\\\/\\\/filmvilnius.com\\\/lt\\\/romano-vardas-tamsoje-autore-renata-serelyte-mendeikiene-tai-istorija-apie-vidinius-demonus\\\/#primaryimage\",\"url\":\"https:\\\/\\\/filmvilnius.com\\\/wp-content\\\/uploads\\\/2023\\\/11\\\/Vardas-Tamsoje.jpg\",\"contentUrl\":\"https:\\\/\\\/filmvilnius.com\\\/wp-content\\\/uploads\\\/2023\\\/11\\\/Vardas-Tamsoje.jpg\",\"width\":1280,\"height\":853},{\"@type\":\"BreadcrumbList\",\"@id\":\"https:\\\/\\\/filmvilnius.com\\\/lt\\\/romano-vardas-tamsoje-autore-renata-serelyte-mendeikiene-tai-istorija-apie-vidinius-demonus\\\/#breadcrumb\",\"itemListElement\":[{\"@type\":\"ListItem\",\"position\":1,\"name\":\"Home\",\"item\":\"https:\\\/\\\/filmvilnius.com\\\/lt\\\/\"},{\"@type\":\"ListItem\",\"position\":2,\"name\":\"Romano \u201eVardas tamsoje\u201c autor\u0117 Renata \u0160erelyt\u0117-Mendeikien\u0117: \u201eTai istorija apie vidinius demonus\u201c\"}]},{\"@type\":\"WebSite\",\"@id\":\"https:\\\/\\\/filmvilnius.com\\\/#website\",\"url\":\"https:\\\/\\\/filmvilnius.com\\\/\",\"name\":\"Vilnius film office\",\"description\":\"\",\"publisher\":{\"@id\":\"https:\\\/\\\/filmvilnius.com\\\/#organization\"},\"potentialAction\":[{\"@type\":\"SearchAction\",\"target\":{\"@type\":\"EntryPoint\",\"urlTemplate\":\"https:\\\/\\\/filmvilnius.com\\\/?s={search_term_string}\"},\"query-input\":{\"@type\":\"PropertyValueSpecification\",\"valueRequired\":true,\"valueName\":\"search_term_string\"}}],\"inLanguage\":\"lt-LT\"},{\"@type\":\"Organization\",\"@id\":\"https:\\\/\\\/filmvilnius.com\\\/#organization\",\"name\":\"Vilniaus kino biuras\",\"url\":\"https:\\\/\\\/filmvilnius.com\\\/\",\"logo\":{\"@type\":\"ImageObject\",\"inLanguage\":\"lt-LT\",\"@id\":\"https:\\\/\\\/filmvilnius.com\\\/#\\\/schema\\\/logo\\\/image\\\/\",\"url\":\"https:\\\/\\\/filmvilnius.com\\\/wp-content\\\/uploads\\\/2022\\\/12\\\/VKB-Logo-2022-EN-2-V.jpg\",\"contentUrl\":\"https:\\\/\\\/filmvilnius.com\\\/wp-content\\\/uploads\\\/2022\\\/12\\\/VKB-Logo-2022-EN-2-V.jpg\",\"width\":1419,\"height\":1418,\"caption\":\"Vilniaus kino biuras\"},\"image\":{\"@id\":\"https:\\\/\\\/filmvilnius.com\\\/#\\\/schema\\\/logo\\\/image\\\/\"},\"sameAs\":[\"https:\\\/\\\/www.facebook.com\\\/filmvilnius\",\"https:\\\/\\\/x.com\\\/FilmVilnius\",\"https:\\\/\\\/www.instagram.com\\\/filmvilnius\\\/\"]},{\"@type\":\"Person\",\"@id\":\"https:\\\/\\\/filmvilnius.com\\\/#\\\/schema\\\/person\\\/e4ecfb47c7367033181003ea01fc3980\",\"name\":\"ITMA ITMA\",\"image\":{\"@type\":\"ImageObject\",\"inLanguage\":\"lt-LT\",\"@id\":\"https:\\\/\\\/secure.gravatar.com\\\/avatar\\\/ee1213d282b4dfd22bdab01eb282938e5f101930fdfeff9088a406e8f95873d0?s=96&d=mm&r=g\",\"url\":\"https:\\\/\\\/secure.gravatar.com\\\/avatar\\\/ee1213d282b4dfd22bdab01eb282938e5f101930fdfeff9088a406e8f95873d0?s=96&d=mm&r=g\",\"contentUrl\":\"https:\\\/\\\/secure.gravatar.com\\\/avatar\\\/ee1213d282b4dfd22bdab01eb282938e5f101930fdfeff9088a406e8f95873d0?s=96&d=mm&r=g\",\"caption\":\"ITMA ITMA\"},\"url\":\"https:\\\/\\\/filmvilnius.com\\\/lt\\\/author\\\/226feaf0f9f5be79\\\/\"}]}<\/script>\n<!-- \/ Yoast SEO plugin. -->","yoast_head_json":{"title":"Romano \u201eVardas tamsoje\u201c autor\u0117 Renata \u0160erelyt\u0117-Mendeikien\u0117: \u201eTai istorija apie vidinius demonus\u201c - Vilnius film office","robots":{"index":"index","follow":"follow","max-snippet":"max-snippet:-1","max-image-preview":"max-image-preview:large","max-video-preview":"max-video-preview:-1"},"canonical":"https:\/\/filmvilnius.com\/lt\/romano-vardas-tamsoje-autore-renata-serelyte-mendeikiene-tai-istorija-apie-vidinius-demonus\/","og_locale":"lt_LT","og_type":"article","og_title":"Romano \u201eVardas tamsoje\u201c autor\u0117 Renata \u0160erelyt\u0117-Mendeikien\u0117: \u201eTai istorija apie vidinius demonus\u201c - Vilnius film office","og_description":"palio 18 d., tre\u010diadien\u012f, 18 val. kino teatre \u201eForum Cinemas Vingis\u201c, 9 sal\u0117je vyks nemokama re\u017eisier\u0117s Agn\u0117s Marcinkevi\u010di\u016bt\u0117s filmo \u201eVardas tamsoje\u201c per\u017ei\u016bra. Tai jau antrasis projekto \u201eKnyga+Kinas\u201c rudens kino vakaras. Filmas sukurtas ra\u0161ytojos Renatos \u0160erelyt\u0117s-Mendeikien\u0117s detektyvinio romano \u201eVardas tamsoje\u201c motyvais. Po filmo seanso \u017ei\u016brovai tur\u0117s galimyb\u0119 susitikti su re\u017eisiere bei ra\u0161ytoja kino kritik\u0117s Neringos Ka\u017eukauskait\u0117s vedamoje diskusijoje.\u00a0","og_url":"https:\/\/filmvilnius.com\/lt\/romano-vardas-tamsoje-autore-renata-serelyte-mendeikiene-tai-istorija-apie-vidinius-demonus\/","og_site_name":"Vilnius film office","article_publisher":"https:\/\/www.facebook.com\/filmvilnius","article_published_time":"2023-11-10T09:18:50+00:00","article_modified_time":"2026-04-28T07:27:30+00:00","og_image":[{"width":1280,"height":853,"url":"https:\/\/filmvilnius.com\/wp-content\/uploads\/2023\/11\/Vardas-Tamsoje.jpg","type":"image\/jpeg"}],"author":"ITMA ITMA","twitter_card":"summary_large_image","twitter_creator":"@FilmVilnius","twitter_site":"@FilmVilnius","twitter_misc":{"Written by":"ITMA ITMA","Est. reading time":"3 minut\u0117s"},"schema":{"@context":"https:\/\/schema.org","@graph":[{"@type":"Article","@id":"https:\/\/filmvilnius.com\/lt\/romano-vardas-tamsoje-autore-renata-serelyte-mendeikiene-tai-istorija-apie-vidinius-demonus\/#article","isPartOf":{"@id":"https:\/\/filmvilnius.com\/lt\/romano-vardas-tamsoje-autore-renata-serelyte-mendeikiene-tai-istorija-apie-vidinius-demonus\/"},"author":{"name":"ITMA ITMA","@id":"https:\/\/filmvilnius.com\/#\/schema\/person\/e4ecfb47c7367033181003ea01fc3980"},"headline":"Romano \u201eVardas tamsoje\u201c autor\u0117 Renata \u0160erelyt\u0117-Mendeikien\u0117: \u201eTai istorija apie vidinius demonus\u201c","datePublished":"2023-11-10T09:18:50+00:00","dateModified":"2026-04-28T07:27:30+00:00","mainEntityOfPage":{"@id":"https:\/\/filmvilnius.com\/lt\/romano-vardas-tamsoje-autore-renata-serelyte-mendeikiene-tai-istorija-apie-vidinius-demonus\/"},"wordCount":665,"publisher":{"@id":"https:\/\/filmvilnius.com\/#organization"},"image":{"@id":"https:\/\/filmvilnius.com\/lt\/romano-vardas-tamsoje-autore-renata-serelyte-mendeikiene-tai-istorija-apie-vidinius-demonus\/#primaryimage"},"thumbnailUrl":"https:\/\/filmvilnius.com\/wp-content\/uploads\/2023\/11\/Vardas-Tamsoje.jpg","articleSection":["Interviu","Naujienos"],"inLanguage":"lt-LT"},{"@type":"WebPage","@id":"https:\/\/filmvilnius.com\/lt\/romano-vardas-tamsoje-autore-renata-serelyte-mendeikiene-tai-istorija-apie-vidinius-demonus\/","url":"https:\/\/filmvilnius.com\/lt\/romano-vardas-tamsoje-autore-renata-serelyte-mendeikiene-tai-istorija-apie-vidinius-demonus\/","name":"Romano \u201eVardas tamsoje\u201c autor\u0117 Renata \u0160erelyt\u0117-Mendeikien\u0117: \u201eTai istorija apie vidinius demonus\u201c - Vilnius film office","isPartOf":{"@id":"https:\/\/filmvilnius.com\/#website"},"primaryImageOfPage":{"@id":"https:\/\/filmvilnius.com\/lt\/romano-vardas-tamsoje-autore-renata-serelyte-mendeikiene-tai-istorija-apie-vidinius-demonus\/#primaryimage"},"image":{"@id":"https:\/\/filmvilnius.com\/lt\/romano-vardas-tamsoje-autore-renata-serelyte-mendeikiene-tai-istorija-apie-vidinius-demonus\/#primaryimage"},"thumbnailUrl":"https:\/\/filmvilnius.com\/wp-content\/uploads\/2023\/11\/Vardas-Tamsoje.jpg","datePublished":"2023-11-10T09:18:50+00:00","dateModified":"2026-04-28T07:27:30+00:00","breadcrumb":{"@id":"https:\/\/filmvilnius.com\/lt\/romano-vardas-tamsoje-autore-renata-serelyte-mendeikiene-tai-istorija-apie-vidinius-demonus\/#breadcrumb"},"inLanguage":"lt-LT","potentialAction":[{"@type":"ReadAction","target":["https:\/\/filmvilnius.com\/lt\/romano-vardas-tamsoje-autore-renata-serelyte-mendeikiene-tai-istorija-apie-vidinius-demonus\/"]}]},{"@type":"ImageObject","inLanguage":"lt-LT","@id":"https:\/\/filmvilnius.com\/lt\/romano-vardas-tamsoje-autore-renata-serelyte-mendeikiene-tai-istorija-apie-vidinius-demonus\/#primaryimage","url":"https:\/\/filmvilnius.com\/wp-content\/uploads\/2023\/11\/Vardas-Tamsoje.jpg","contentUrl":"https:\/\/filmvilnius.com\/wp-content\/uploads\/2023\/11\/Vardas-Tamsoje.jpg","width":1280,"height":853},{"@type":"BreadcrumbList","@id":"https:\/\/filmvilnius.com\/lt\/romano-vardas-tamsoje-autore-renata-serelyte-mendeikiene-tai-istorija-apie-vidinius-demonus\/#breadcrumb","itemListElement":[{"@type":"ListItem","position":1,"name":"Home","item":"https:\/\/filmvilnius.com\/lt\/"},{"@type":"ListItem","position":2,"name":"Romano \u201eVardas tamsoje\u201c autor\u0117 Renata \u0160erelyt\u0117-Mendeikien\u0117: \u201eTai istorija apie vidinius demonus\u201c"}]},{"@type":"WebSite","@id":"https:\/\/filmvilnius.com\/#website","url":"https:\/\/filmvilnius.com\/","name":"Vilnius film office","description":"","publisher":{"@id":"https:\/\/filmvilnius.com\/#organization"},"potentialAction":[{"@type":"SearchAction","target":{"@type":"EntryPoint","urlTemplate":"https:\/\/filmvilnius.com\/?s={search_term_string}"},"query-input":{"@type":"PropertyValueSpecification","valueRequired":true,"valueName":"search_term_string"}}],"inLanguage":"lt-LT"},{"@type":"Organization","@id":"https:\/\/filmvilnius.com\/#organization","name":"Vilniaus kino biuras","url":"https:\/\/filmvilnius.com\/","logo":{"@type":"ImageObject","inLanguage":"lt-LT","@id":"https:\/\/filmvilnius.com\/#\/schema\/logo\/image\/","url":"https:\/\/filmvilnius.com\/wp-content\/uploads\/2022\/12\/VKB-Logo-2022-EN-2-V.jpg","contentUrl":"https:\/\/filmvilnius.com\/wp-content\/uploads\/2022\/12\/VKB-Logo-2022-EN-2-V.jpg","width":1419,"height":1418,"caption":"Vilniaus kino biuras"},"image":{"@id":"https:\/\/filmvilnius.com\/#\/schema\/logo\/image\/"},"sameAs":["https:\/\/www.facebook.com\/filmvilnius","https:\/\/x.com\/FilmVilnius","https:\/\/www.instagram.com\/filmvilnius\/"]},{"@type":"Person","@id":"https:\/\/filmvilnius.com\/#\/schema\/person\/e4ecfb47c7367033181003ea01fc3980","name":"ITMA ITMA","image":{"@type":"ImageObject","inLanguage":"lt-LT","@id":"https:\/\/secure.gravatar.com\/avatar\/ee1213d282b4dfd22bdab01eb282938e5f101930fdfeff9088a406e8f95873d0?s=96&d=mm&r=g","url":"https:\/\/secure.gravatar.com\/avatar\/ee1213d282b4dfd22bdab01eb282938e5f101930fdfeff9088a406e8f95873d0?s=96&d=mm&r=g","contentUrl":"https:\/\/secure.gravatar.com\/avatar\/ee1213d282b4dfd22bdab01eb282938e5f101930fdfeff9088a406e8f95873d0?s=96&d=mm&r=g","caption":"ITMA ITMA"},"url":"https:\/\/filmvilnius.com\/lt\/author\/226feaf0f9f5be79\/"}]}},"_links":{"self":[{"href":"https:\/\/filmvilnius.com\/lt\/wp-json\/wp\/v2\/posts\/21333","targetHints":{"allow":["GET"]}}],"collection":[{"href":"https:\/\/filmvilnius.com\/lt\/wp-json\/wp\/v2\/posts"}],"about":[{"href":"https:\/\/filmvilnius.com\/lt\/wp-json\/wp\/v2\/types\/post"}],"author":[{"embeddable":true,"href":"https:\/\/filmvilnius.com\/lt\/wp-json\/wp\/v2\/users\/7"}],"replies":[{"embeddable":true,"href":"https:\/\/filmvilnius.com\/lt\/wp-json\/wp\/v2\/comments?post=21333"}],"version-history":[{"count":1,"href":"https:\/\/filmvilnius.com\/lt\/wp-json\/wp\/v2\/posts\/21333\/revisions"}],"predecessor-version":[{"id":21336,"href":"https:\/\/filmvilnius.com\/lt\/wp-json\/wp\/v2\/posts\/21333\/revisions\/21336"}],"wp:featuredmedia":[{"embeddable":true,"href":"https:\/\/filmvilnius.com\/lt\/wp-json\/wp\/v2\/media\/21334"}],"wp:attachment":[{"href":"https:\/\/filmvilnius.com\/lt\/wp-json\/wp\/v2\/media?parent=21333"}],"wp:term":[{"taxonomy":"category","embeddable":true,"href":"https:\/\/filmvilnius.com\/lt\/wp-json\/wp\/v2\/categories?post=21333"},{"taxonomy":"post_tag","embeddable":true,"href":"https:\/\/filmvilnius.com\/lt\/wp-json\/wp\/v2\/tags?post=21333"}],"curies":[{"name":"wp","href":"https:\/\/api.w.org\/{rel}","templated":true}]}}