{"id":21346,"date":"2023-11-10T09:27:27","date_gmt":"2023-11-10T09:27:27","guid":{"rendered":"https:\/\/filmvilnius.com\/?p=21346"},"modified":"2026-04-28T09:27:12","modified_gmt":"2026-04-28T07:27:12","slug":"prasideda-talino-kino-festivalis-juodosios-naktys-pokalbis-su-programos-kureju-edvinu-puksta","status":"publish","type":"post","link":"https:\/\/filmvilnius.com\/lt\/prasideda-talino-kino-festivalis-juodosios-naktys-pokalbis-su-programos-kureju-edvinu-puksta\/","title":{"rendered":"Prasideda Talino kino festivalis \u201eJuodosios naktys\u201c: pokalbis su programos k\u016br\u0117ju Edvinu Puk\u0161ta"},"content":{"rendered":"\n<p><strong><em>Lapkri\u010dio 3 d. prasideda svarbiausias kino renginys \u0160iaur\u0117s Europoje \u2013 Talino kino festivalis \u201eJuodosios naktys\u201c. Per kiek daugiau nei dvi savaites, Estijoje \u012fvyks daugyb\u0117 reik\u0161ming\u0173 film\u0173 premjer\u0173, \u010dia susitiks kino industrijos profesionalai ir film\u0173 k\u016brybin\u0117s komandos i\u0161 viso pasaulio. Prie vienintelio A klas\u0117s festivalio \u0160iaur\u0117s Europoje programos sudarymo prisid\u0117jo ir Lietuvos kino kritikas, kino skautas Edvinas Puk\u0161ta. Prasidedant \u201eJuodosioms naktims\u201c, jis sutiko papasakoti apie tarptautini\u0173 festivali\u0173 u\u017ekulisius, Baltijos \u0161ali\u0173 kin\u0105 ir tai, kas filmams atne\u0161a s\u0117km\u0119.&nbsp;<\/em><\/strong><\/p>\n\n\n\n<p><strong>\u2013&nbsp;<\/strong><strong>Prasideda Talino kino festivalis \u201eJuodosios naktys\u201c. Tai yra vienintelis Baltijos \u0161alyse vykstantis A klas\u0117s kino festivalis. K\u0105 tai rei\u0161kia?&nbsp;<\/strong><\/p>\n\n\n\n<p>\u2013 Tarptautin\u0117 prodiuseri\u0173 organizacija FIAPF (Tarptautin\u0117 kino prodiuseri\u0173 asociacij\u0173 federacija) i\u0161skiria pa\u010dius svarbiausius festivalius pasaulyje. Tam, kad festivalis gaut\u0173 A klas\u0117s akreditacij\u0105, turi pritarti visi, \u0161i\u0105 klas\u0119 jau turin\u010di\u0173 festivali\u0173 vadovai. Eliminavus Maskv\u0105, \u0161iandien turime 14 toki\u0173 festivali\u0173. Pats svarbiausias A klas\u0117s festivalio skirtumas \u2013 konkursin\u0117s programos, \u012f kurias patenka niekur kitur dar nerodyti filmai. Pavyzd\u017eiui, jeigu Vilniaus kino festivaliai renkasi bet kuriuos filmus, kurie jiems patiko, pasirod\u0117 aktual\u016bs, tai Talinas renkasi tik tuos filmus, kurie dar nebuvo pristatyti Berlyne, Venecijoje, Kanuose ar kituose festivaliuose.<\/p>\n\n\n\n<p>Film\u0173 programos sudarytojui ir film\u0173 skautui, pasaulin\u0117 ar Europin\u0117 premjera yra didel\u0117 atsakomyb\u0117 ir rizika, nes turi \u012ftikinti ne tik festivalio organizatorius, bet ir prodiuserius bei agentus, kad Talinas yra tinkama vieta \u017ei\u016brovams pirm\u0105 kart\u0105 pristatyti film\u0105.<\/p>\n\n\n\n<p><strong>\u2013 Tai, kad A klas\u0117s festivalis vyksta Estijoje, yra didelis \u0161alies pasiekimas.&nbsp;<\/strong><\/p>\n\n\n\n<p>\u2013 Jei teigiame, kad Lenkija yra centrin\u0117s Europos dalis, tuomet Talino \u201eJuodosios naktys\u201c yra vienintelis A klas\u0117s festivalis \u0160iaur\u0117s Europoje. Beje, festivalio sumanytoja Tiina Lokk \u2013 vienintel\u0117 moteris, \u012fk\u016brusi ir vadovaujanti A klas\u0117s festivaliui. Daug nul\u0117m\u0117 Tinos \u012fdirbis \u012ftikinant Estijos vyriausyb\u0119 ir miesto vald\u017ei\u0105, kad \u012f tai verta investuoti. Ji pati asmeni\u0161kai susitiko ir su kit\u0173 A klas\u0117s festivali\u0173 vadovais. Tai jau \u0161e\u0161tas festivalis, kuriame aktyviai dalyvauju ir jau\u010diu, kad Talinas stipriai ple\u010diasi, auga, did\u0117ja jo autoritetas.<\/p>\n\n\n\n<p>\u2013&nbsp;<strong>Kasmet pasaulyje sukuriama t\u016bkstan\u010diai film\u0173. Kaip, turint tiek daug pasirinkimo galimybi\u0173, filmai atrenkami \u012f festivalius? \u017dvelgiama \u012f tais metais pasirinkt\u0105 tem\u0105? Pasaulio aktualijas?&nbsp;<\/strong><\/p>\n\n\n\n<p>\u2013 Netikiu atranka pagal tem\u0105 \u2013 tai artimiausias kelias \u012f savo paties pasp\u0119stus sp\u0105stus. Kaip programos sudarytojai, esame priklausomi nuo daugyb\u0117s dalyk\u0173, pavyzd\u017eiui, nuo to, kada filmas pasirod\u0117 ir \u012f kokius kitus festivalius jo komanda svajoja patekti. Svarbi ir programos sudarytoj\u0173 intuicija, rizika, kuri\u0105 gali prisiimti. A\u0161 jau\u010diu atsakomyb\u0119 prie\u0161 prodiuserius, kuriuos atvilioju \u012f Talin\u0105, bet lygiai taip pat jie turi teisingai \u012fvertinti ir savo galimybes. Jei \u012f Kan\u0173 kino festival\u012f nuva\u017eiuosi su nedideliu filmu, gali b\u016bti, kad tai bus vienintelis ir paskutinis jo seansas, nes filmas pasimes tarp didesni\u0173 ir svarbesni\u0173 projekt\u0173.<\/p>\n\n\n\n<p>\u017dinoma, nereikia pamir\u0161ti, kad kiekvieno festivalio tikslas yra ir parduoti biliet\u0173, tod\u0117l reikia i\u0161 dalies atsi\u017evelgti \u012f tai, k\u0105 renkasi \u017ei\u016brovai. Talino atrankos tikslas padaryti kuo platesn\u0119 program\u0105, pristatyti kuo daugiau film\u0173 i\u0161 Azijos, Piet\u0173 Amerikos,Vidurio Ryt\u0173 \u0161ali\u0173, Afrikos.<\/p>\n\n\n\n<p>\u2013&nbsp;<strong>Ar filmo pasirodymas \u0161ios klas\u0117s festivalyje garantuoja tolimesn\u0119 filmo s\u0117km\u0119?<\/strong><\/p>\n\n\n\n<p>\u2013 Filmo premjera festivalyje gali neduoti nieko. Saky\u010diau, kad tre\u010ddalis&nbsp; s\u0117km\u0117s formul\u0117s priklauso nuo festivalio, tre\u010ddalis \u2013 nuo pa\u010dios komandos ir to, kaip jie bus matomi, kitas tre\u010ddalis \u2013 kaip filmas bus priimtas, kaip \u012f j\u012f sureaguos \u017ei\u016brovai ir kritikai. Lik\u0119 procentai \u2013&nbsp; laimingai susid\u0117liojusi\u0173 aplinkybi\u0173 seka.<\/p>\n\n\n\n<p>Mums labai svarbu, kad visi filmai tur\u0117t\u0173 lygias s\u0105lygas, tod\u0117l kiekvienai premjerai skiriamas patogus laikas, o pirmas seansas visuomet vyksta toje pa\u010dioje sal\u0117je. Kiekvienam filmui reikia surasti tinkam\u0105 program\u0105 tam, kad jis su\u017eyd\u0117t\u0173 ir atsiskleist\u0173. Juk ne visi rodomi filmai gaus recenzijas. Ar filmas nepasimes, ar jis bus pasteb\u0117tas, ar jis keliaus po kitus festivalius \u2013 tai ir yra tikroji festivalio programos k\u016br\u0117jo s\u0117km\u0117. Galime \u012fvardinti daug atvej\u0173, kai Kanai pra\u017eud\u0117 re\u017eisierius ir jie niekuomet nebestat\u0117 film\u0173.<\/p>\n\n\n\n<p>Kitas pavyzdys \u2013 gali laim\u0117ti apdovanojim\u0105, bet jis nenulems tolimesn\u0117s filmo sklaidos. Kartais vertingiau u\u017esitikrinti daug filmo recenzij\u0173, d\u0117l kuri\u0173 b\u016bsi pasteb\u0117tas. Man, kaip programos sudarytojui, nebeu\u017etenka pasiekimo, kad filmas b\u016bt\u0173 rodomas Taline \u2013 manau, tai b\u016bt\u0173 nes\u0117kmingas juostos pristatymas. Mano tikslas, kad filmas \u201eu\u017ekabint\u0173\u201c ir kitus program\u0173 sudarytojus, kad test\u0173 kelion\u0119 per festivalius.<\/p>\n\n\n\n<p>\u2013&nbsp;<strong>Kuo, lyginant su kitais Europos festivaliais, i\u0161skirtin\u0117s Talino \u201eJuodosios naktys\u201c?<\/strong><\/p>\n\n\n\n<p>\u2013 Festivalio veid\u0105 formuoja tai, kiek kasmet gauname film\u0173 ir kokie re\u017eisieriai juo patiki. \u0160iais metais pristatysime k\u016br\u0117jos Emmos Dante film\u0105 \u2013 paskutiniai du re\u017eisier\u0117s darbai buvo pristatyti Venecijos kino festivalio pagrindin\u0117je programoje. Taip pat bus galima i\u0161vysti Calino Peterio Netzerio, kiek anks\u010diau laim\u0117jusio Auksin\u012f lok\u012f, film\u0105 \u201eFamiliar\u201c.<\/p>\n\n\n\n<p>Mums pasisek\u0117, kad nei vienas Talino festivalis nebuvo at\u0161auktas d\u0117l pandemijos. Prisimindamas 2020-sius ir dabar savo akyse matau daug taisykli\u0173 ir nurodym\u0173, persp\u0117jim\u0173 \u017ei\u016brovams \u2013 tai neabejotinai padar\u0117 didel\u0119 \u012ftak\u0105 lankomumui. Bet b\u016btent 2020 metais visai atsitiktinai prad\u0117jome tradicij\u0105 \u0161okti \u012f \u0161alt\u0105 Baltijos j\u016bros vanden\u012f. Viskas prasid\u0117jo nuo 4\u20135 entuziast\u0173 ir dabar i\u0161augo \u012f unikal\u0173 nuotyk\u012f, kurio negali pasi\u016blyti joks kitas festivalis. Kad tilpt\u0173 visi norintys i\u0161simaudyt Baltijos j\u016bros bangose, jau reikia didelio autobuso.<\/p>\n\n\n\n<figure class=\"wp-block-image size-full\"><img fetchpriority=\"high\" decoding=\"async\" width=\"1024\" height=\"647\" src=\"https:\/\/filmvilnius.com\/wp-content\/uploads\/2023\/11\/Aron-Urb-nuotr.-1024x647-1.png\" alt=\"\" class=\"wp-image-21318\" srcset=\"https:\/\/filmvilnius.com\/wp-content\/uploads\/2023\/11\/Aron-Urb-nuotr.-1024x647-1.png 1024w, https:\/\/filmvilnius.com\/wp-content\/uploads\/2023\/11\/Aron-Urb-nuotr.-1024x647-1-300x190.png 300w, https:\/\/filmvilnius.com\/wp-content\/uploads\/2023\/11\/Aron-Urb-nuotr.-1024x647-1-768x485.png 768w\" sizes=\"(max-width: 1024px) 100vw, 1024px\" \/><figcaption class=\"wp-element-caption\">Aron Urb nuotr.<\/figcaption><\/figure>\n\n\n\n<p>\u2013&nbsp;<strong>Kokios festivalio programas laikytum\u0117te i\u0161skirtin\u0117mis?<\/strong><\/p>\n\n\n\n<p>\u2013 Daug festivalio s\u0117km\u0117s pastatyta ant programos \u201eRebels with a cause\u201c (liet. k. Mai\u0161tininkai, turintys tiksl\u0105), \u012f kuri\u0105 patenka filmai, kurie gal\u0117t\u0173 b\u016bti pagrindiniame konkurse, ta\u010diau yra dr\u0105sesni, skirting\u0173 form\u0173 ir kalb\u0173, jiems reikia specifini\u0173 \u017ei\u016brov\u0173. Saky\u010diau, \u010dia susirenka i\u0161radingiausi re\u017eisieriai, kurie nebijo prisiimti rizik\u0173, gauti prastesnes recenzijas, bet j\u0173 filmai neretai keliauja po festivalius dar kelerius metus.<\/p>\n\n\n\n<p>Kita svarbi programa skirta jaunimui \u2013 tai filmai \u0161eimai ir paaugliams. Seansai vyksta dienos metu ir \u012f juos ateina jauna auditorija, kuri dar n\u0117ra i\u0161paikinta. Kartais \u010dia net susirenka didesnis \u017ei\u016brov\u0173 skai\u010dius. Yra buv\u0119 atvej\u0173, kai \u0161ios programos filmas gaudavo auditorijos filmo apdovanojim\u0105.<\/p>\n\n\n\n<p>Pirm\u0105 kart\u0105 toks ne\u012ftik\u0117tinai platus bus ir Baltijos konkursas \u2013 nuo eksperimentinio kino iki labai gerai matom\u0173 film\u0173.<\/p>\n\n\n\n<p>\u2013&nbsp;<strong>Kalbant apie Baltijos \u0161ali\u0173 program\u0105&nbsp;<\/strong>\u2013<strong>&nbsp;kaip vertinate Lietuvos, Latvijos, Estijos kino lauk\u0105?<\/strong><\/p>\n\n\n\n<p>\u2013 Pasigendu didesnio d\u0117mesio Baltijos filmams i\u0161 program\u0173 sudarytoj\u0173 kituose festivaliuose. Baltijos filmai jau seniai pasivijo, pavyzd\u017eiui, Rumunijos filmus. Manau, kad Rumunijos nauj\u0105j\u0105 kino bang\u0105 suformavo keli, vienas po kito sek\u0119 pakvietimai \u012f Kanus. O tik\u0117jimo Baltijos filmais dar n\u0117ra tiek daug.<\/p>\n\n\n\n<p>Kiekvieni metai Baltijos kine labai \u012fvair\u016bs, matau, kad lietuvi\u0173, latvi\u0173 ir est\u0173 k\u016br\u0117jai pasuk\u0119 \u012f labai skirtingas puses.<\/p>\n\n\n\n<p>Saky\u010diau, kad estai labiau orientuojasi \u012f komercinius filmus, kurie greitai atne\u0161a naud\u0105 ir ma\u017eiau kreipia d\u0117mes\u012f \u012f tai, ar filmas keliaus ir bus patrauklus u\u017esieniui. Jie taip pat daug dirba prie dokumentini\u0173 film\u0173. \u010cia reik\u0117t\u0173 pamin\u0117ti film\u0105&nbsp; \u201ePirties seserys\u201c, kuris jau keliauja po \u012fvairius festivalius ir net pretenduoja b\u016bti nominuotas Oskarui.<\/p>\n\n\n\n<p>Latviai lyderiauja animacijoje, mano nuomone, jie stovi ant auk\u0161tesn\u0117s pakopos nei Lietuva, kuri animacijoje \u012f priek\u012f \u017eengti prad\u0117jo dar neseniai. Visgi manau, kad stipriausia debiut\u0173 kalv\u0117 yra Lietuva. Daug kas dabar stovi ant toki\u0173 re\u017eisieri\u0173 kaip Marija Kavtaradze, Laurynas Barei\u0161a, Saulius Baradinskas, Vytautas Katkus, Saul\u0117 Bliuvait\u0117, Jurgis Matulevi\u010dius pe\u010di\u0173 \u2013 \u0161ie re\u017eisieriai nusipeln\u0117 b\u016bti pasteb\u0117ti \u2013 turime daug vil\u010di\u0173 ir perspektyv\u0173. Taip pat laukiu pirmo ilgametra\u017eio filmo, kuriame lyderiaut\u0173 Lietuva.<\/p>\n\n\n\n<p>\u2013&nbsp;<strong>Kur, j\u016bs\u0173 manymu, Lietuvos kino k\u016br\u0117jai dar gal\u0117t\u0173 pasitempti?<\/strong><\/p>\n\n\n\n<p>\u2013 Visiems Lietuvos prodiuseriams nor\u0117\u010diau palink\u0117ti, kad jie prad\u0117t\u0173 galvoti apie tai, kaip filmus parduoti ne tik Lietuvos \u017ei\u016brovams, bet sudominti ir tarptautin\u0119 auditorij\u0105. Juk filmus kuriame ne tik sau. Manau, kad filmo finansavimo modeliuose tur\u0117t\u0173 b\u016bti svarbus tarptauti\u0161kumo aspektas.<\/p>\n\n\n\n<p>Labai svarbu, kad k\u016br\u0117j\u0105 pasteb\u0117t\u0173 u\u017esienio festivaliai. Tikrai turime ger\u0173 pavyzd\u017ei\u0173 &#8211; Emilio V\u0117lyvio \u201ePikt\u0173j\u0173 kartai\u201c pavyko nukeliauti net \u012f Piet\u0173 Kor\u0117jos festival\u012f, o pernai pristatytas pirmas lietuvi\u0161kas siaubo filmas \u201eR\u016bpintoj\u0117lis\u201c (re\u017eisierius \u2013 Jonas Trukanas) iki dabar pristatomas&nbsp; u\u017esienyje ir jau aplank\u0117 bent 15 reik\u0161ming\u0173 festivali\u0173, buvo parduotas ir \u012f televizij\u0105, tad tikrai yra matomas. Beje, jo premjera \u012fvyko \u010dia, Taline, Baltijos \u0161ali\u0173 konkurse. Titas Laucius u\u017edav\u0117 ger\u0105 ton\u0105 su \u201eParadu\u201c. Kita vertus, u\u017esienyje dar nelabai tiki, kad lietuviai turi ger\u0105 humoro jausm\u0105, gali prajuokinti.<\/p>\n\n\n\n<p>Kiti metai Lietuvai bus itin produktyv\u016bs. Jei \u0161iais metais lyderis buvo Marijos Kavtaradzes filmas \u201eTu man nieko neprimeni\u201c, tai kitais metais tur\u0117sime daugiau premjer\u0173. Nekantrauju pamatyti, kaip \u0161iems filmams pasiseks tarptautiniuose festivaliuose.<\/p>\n\n\n\n<p>\u2013&nbsp;<strong>D\u0117koju u\u017e pokalb\u012f.<\/strong><\/p>\n","protected":false},"excerpt":{"rendered":"<p>Lapkri\u010dio 3 d. prasideda svarbiausias kino renginys \u0160iaur\u0117s Europoje \u2013 Talino kino festivalis \u201eJuodosios naktys\u201c. Per kiek daugiau nei dvi savaites, Estijoje \u012fvyks daugyb\u0117 reik\u0161ming\u0173 film\u0173 premjer\u0173, \u010dia susitiks kino industrijos profesionalai ir film\u0173 k\u016brybin\u0117s komandos i\u0161 viso pasaulio. Prie vienintelio A klas\u0117s festivalio \u0160iaur\u0117s Europoje programos sudarymo prisid\u0117jo ir Lietuvos kino kritikas, kino skautas Edvinas Puk\u0161ta. Prasidedant \u201eJuodosioms naktims\u201c, jis sutiko papasakoti apie tarptautini\u0173 festivali\u0173 u\u017ekulisius, Baltijos \u0161ali\u0173 kin\u0105 ir tai, kas filmams atne\u0161a s\u0117km\u0119.\u00a0<\/p>\n","protected":false},"author":7,"featured_media":21320,"comment_status":"closed","ping_status":"open","sticky":false,"template":"","format":"standard","meta":{"_acf_changed":false,"_monsterinsights_skip_tracking":false,"_monsterinsights_sitenote_active":false,"_monsterinsights_sitenote_note":"","_monsterinsights_sitenote_category":0,"footnotes":""},"categories":[161,58],"tags":[],"class_list":["post-21346","post","type-post","status-publish","format-standard","has-post-thumbnail","hentry","category-interviu","category-news"],"acf":[],"yoast_head":"<!-- This site is optimized with the Yoast SEO plugin v27.4 - https:\/\/yoast.com\/product\/yoast-seo-wordpress\/ -->\n<title>Prasideda Talino kino festivalis \u201eJuodosios naktys\u201c: pokalbis su programos k\u016br\u0117ju Edvinu Puk\u0161ta - Vilnius film office<\/title>\n<meta name=\"robots\" content=\"index, follow, max-snippet:-1, max-image-preview:large, max-video-preview:-1\" \/>\n<link rel=\"canonical\" href=\"https:\/\/filmvilnius.com\/lt\/prasideda-talino-kino-festivalis-juodosios-naktys-pokalbis-su-programos-kureju-edvinu-puksta\/\" \/>\n<meta property=\"og:locale\" content=\"lt_LT\" \/>\n<meta property=\"og:type\" content=\"article\" \/>\n<meta property=\"og:title\" content=\"Prasideda Talino kino festivalis \u201eJuodosios naktys\u201c: pokalbis su programos k\u016br\u0117ju Edvinu Puk\u0161ta - Vilnius film office\" \/>\n<meta property=\"og:description\" content=\"Lapkri\u010dio 3 d. prasideda svarbiausias kino renginys \u0160iaur\u0117s Europoje \u2013 Talino kino festivalis \u201eJuodosios naktys\u201c. Per kiek daugiau nei dvi savaites, Estijoje \u012fvyks daugyb\u0117 reik\u0161ming\u0173 film\u0173 premjer\u0173, \u010dia susitiks kino industrijos profesionalai ir film\u0173 k\u016brybin\u0117s komandos i\u0161 viso pasaulio. Prie vienintelio A klas\u0117s festivalio \u0160iaur\u0117s Europoje programos sudarymo prisid\u0117jo ir Lietuvos kino kritikas, kino skautas Edvinas Puk\u0161ta. Prasidedant \u201eJuodosioms naktims\u201c, jis sutiko papasakoti apie tarptautini\u0173 festivali\u0173 u\u017ekulisius, Baltijos \u0161ali\u0173 kin\u0105 ir tai, kas filmams atne\u0161a s\u0117km\u0119.\u00a0\" \/>\n<meta property=\"og:url\" content=\"https:\/\/filmvilnius.com\/lt\/prasideda-talino-kino-festivalis-juodosios-naktys-pokalbis-su-programos-kureju-edvinu-puksta\/\" \/>\n<meta property=\"og:site_name\" content=\"Vilnius film office\" \/>\n<meta property=\"article:publisher\" content=\"https:\/\/www.facebook.com\/filmvilnius\" \/>\n<meta property=\"article:published_time\" content=\"2023-11-10T09:27:27+00:00\" \/>\n<meta property=\"article:modified_time\" content=\"2026-04-28T07:27:12+00:00\" \/>\n<meta property=\"og:image\" content=\"https:\/\/filmvilnius.com\/wp-content\/uploads\/2023\/11\/Tallinn-Black-Nights-festivalio-organizatoriu-nuotr.-2.jpg\" \/>\n\t<meta property=\"og:image:width\" content=\"1444\" \/>\n\t<meta property=\"og:image:height\" content=\"804\" \/>\n\t<meta property=\"og:image:type\" content=\"image\/jpeg\" \/>\n<meta name=\"author\" content=\"ITMA ITMA\" \/>\n<meta name=\"twitter:card\" content=\"summary_large_image\" \/>\n<meta name=\"twitter:creator\" content=\"@FilmVilnius\" \/>\n<meta name=\"twitter:site\" content=\"@FilmVilnius\" \/>\n<meta name=\"twitter:label1\" content=\"Written by\" \/>\n\t<meta name=\"twitter:data1\" content=\"ITMA ITMA\" \/>\n\t<meta name=\"twitter:label2\" content=\"Est. reading time\" \/>\n\t<meta name=\"twitter:data2\" content=\"6 minut\u0117s\" \/>\n<script type=\"application\/ld+json\" class=\"yoast-schema-graph\">{\"@context\":\"https:\\\/\\\/schema.org\",\"@graph\":[{\"@type\":\"Article\",\"@id\":\"https:\\\/\\\/filmvilnius.com\\\/lt\\\/prasideda-talino-kino-festivalis-juodosios-naktys-pokalbis-su-programos-kureju-edvinu-puksta\\\/#article\",\"isPartOf\":{\"@id\":\"https:\\\/\\\/filmvilnius.com\\\/lt\\\/prasideda-talino-kino-festivalis-juodosios-naktys-pokalbis-su-programos-kureju-edvinu-puksta\\\/\"},\"author\":{\"name\":\"ITMA ITMA\",\"@id\":\"https:\\\/\\\/filmvilnius.com\\\/#\\\/schema\\\/person\\\/e4ecfb47c7367033181003ea01fc3980\"},\"headline\":\"Prasideda Talino kino festivalis \u201eJuodosios naktys\u201c: pokalbis su programos k\u016br\u0117ju Edvinu Puk\u0161ta\",\"datePublished\":\"2023-11-10T09:27:27+00:00\",\"dateModified\":\"2026-04-28T07:27:12+00:00\",\"mainEntityOfPage\":{\"@id\":\"https:\\\/\\\/filmvilnius.com\\\/lt\\\/prasideda-talino-kino-festivalis-juodosios-naktys-pokalbis-su-programos-kureju-edvinu-puksta\\\/\"},\"wordCount\":1439,\"publisher\":{\"@id\":\"https:\\\/\\\/filmvilnius.com\\\/#organization\"},\"image\":{\"@id\":\"https:\\\/\\\/filmvilnius.com\\\/lt\\\/prasideda-talino-kino-festivalis-juodosios-naktys-pokalbis-su-programos-kureju-edvinu-puksta\\\/#primaryimage\"},\"thumbnailUrl\":\"https:\\\/\\\/filmvilnius.com\\\/wp-content\\\/uploads\\\/2023\\\/11\\\/Tallinn-Black-Nights-festivalio-organizatoriu-nuotr.-2.jpg\",\"articleSection\":[\"Interviu\",\"Naujienos\"],\"inLanguage\":\"lt-LT\"},{\"@type\":\"WebPage\",\"@id\":\"https:\\\/\\\/filmvilnius.com\\\/lt\\\/prasideda-talino-kino-festivalis-juodosios-naktys-pokalbis-su-programos-kureju-edvinu-puksta\\\/\",\"url\":\"https:\\\/\\\/filmvilnius.com\\\/lt\\\/prasideda-talino-kino-festivalis-juodosios-naktys-pokalbis-su-programos-kureju-edvinu-puksta\\\/\",\"name\":\"Prasideda Talino kino festivalis \u201eJuodosios naktys\u201c: pokalbis su programos k\u016br\u0117ju Edvinu Puk\u0161ta - Vilnius film office\",\"isPartOf\":{\"@id\":\"https:\\\/\\\/filmvilnius.com\\\/#website\"},\"primaryImageOfPage\":{\"@id\":\"https:\\\/\\\/filmvilnius.com\\\/lt\\\/prasideda-talino-kino-festivalis-juodosios-naktys-pokalbis-su-programos-kureju-edvinu-puksta\\\/#primaryimage\"},\"image\":{\"@id\":\"https:\\\/\\\/filmvilnius.com\\\/lt\\\/prasideda-talino-kino-festivalis-juodosios-naktys-pokalbis-su-programos-kureju-edvinu-puksta\\\/#primaryimage\"},\"thumbnailUrl\":\"https:\\\/\\\/filmvilnius.com\\\/wp-content\\\/uploads\\\/2023\\\/11\\\/Tallinn-Black-Nights-festivalio-organizatoriu-nuotr.-2.jpg\",\"datePublished\":\"2023-11-10T09:27:27+00:00\",\"dateModified\":\"2026-04-28T07:27:12+00:00\",\"breadcrumb\":{\"@id\":\"https:\\\/\\\/filmvilnius.com\\\/lt\\\/prasideda-talino-kino-festivalis-juodosios-naktys-pokalbis-su-programos-kureju-edvinu-puksta\\\/#breadcrumb\"},\"inLanguage\":\"lt-LT\",\"potentialAction\":[{\"@type\":\"ReadAction\",\"target\":[\"https:\\\/\\\/filmvilnius.com\\\/lt\\\/prasideda-talino-kino-festivalis-juodosios-naktys-pokalbis-su-programos-kureju-edvinu-puksta\\\/\"]}]},{\"@type\":\"ImageObject\",\"inLanguage\":\"lt-LT\",\"@id\":\"https:\\\/\\\/filmvilnius.com\\\/lt\\\/prasideda-talino-kino-festivalis-juodosios-naktys-pokalbis-su-programos-kureju-edvinu-puksta\\\/#primaryimage\",\"url\":\"https:\\\/\\\/filmvilnius.com\\\/wp-content\\\/uploads\\\/2023\\\/11\\\/Tallinn-Black-Nights-festivalio-organizatoriu-nuotr.-2.jpg\",\"contentUrl\":\"https:\\\/\\\/filmvilnius.com\\\/wp-content\\\/uploads\\\/2023\\\/11\\\/Tallinn-Black-Nights-festivalio-organizatoriu-nuotr.-2.jpg\",\"width\":1444,\"height\":804},{\"@type\":\"BreadcrumbList\",\"@id\":\"https:\\\/\\\/filmvilnius.com\\\/lt\\\/prasideda-talino-kino-festivalis-juodosios-naktys-pokalbis-su-programos-kureju-edvinu-puksta\\\/#breadcrumb\",\"itemListElement\":[{\"@type\":\"ListItem\",\"position\":1,\"name\":\"Home\",\"item\":\"https:\\\/\\\/filmvilnius.com\\\/lt\\\/\"},{\"@type\":\"ListItem\",\"position\":2,\"name\":\"Prasideda Talino kino festivalis \u201eJuodosios naktys\u201c: pokalbis su programos k\u016br\u0117ju Edvinu Puk\u0161ta\"}]},{\"@type\":\"WebSite\",\"@id\":\"https:\\\/\\\/filmvilnius.com\\\/#website\",\"url\":\"https:\\\/\\\/filmvilnius.com\\\/\",\"name\":\"Vilnius film office\",\"description\":\"\",\"publisher\":{\"@id\":\"https:\\\/\\\/filmvilnius.com\\\/#organization\"},\"potentialAction\":[{\"@type\":\"SearchAction\",\"target\":{\"@type\":\"EntryPoint\",\"urlTemplate\":\"https:\\\/\\\/filmvilnius.com\\\/?s={search_term_string}\"},\"query-input\":{\"@type\":\"PropertyValueSpecification\",\"valueRequired\":true,\"valueName\":\"search_term_string\"}}],\"inLanguage\":\"lt-LT\"},{\"@type\":\"Organization\",\"@id\":\"https:\\\/\\\/filmvilnius.com\\\/#organization\",\"name\":\"Vilniaus kino biuras\",\"url\":\"https:\\\/\\\/filmvilnius.com\\\/\",\"logo\":{\"@type\":\"ImageObject\",\"inLanguage\":\"lt-LT\",\"@id\":\"https:\\\/\\\/filmvilnius.com\\\/#\\\/schema\\\/logo\\\/image\\\/\",\"url\":\"https:\\\/\\\/filmvilnius.com\\\/wp-content\\\/uploads\\\/2022\\\/12\\\/VKB-Logo-2022-EN-2-V.jpg\",\"contentUrl\":\"https:\\\/\\\/filmvilnius.com\\\/wp-content\\\/uploads\\\/2022\\\/12\\\/VKB-Logo-2022-EN-2-V.jpg\",\"width\":1419,\"height\":1418,\"caption\":\"Vilniaus kino biuras\"},\"image\":{\"@id\":\"https:\\\/\\\/filmvilnius.com\\\/#\\\/schema\\\/logo\\\/image\\\/\"},\"sameAs\":[\"https:\\\/\\\/www.facebook.com\\\/filmvilnius\",\"https:\\\/\\\/x.com\\\/FilmVilnius\",\"https:\\\/\\\/www.instagram.com\\\/filmvilnius\\\/\"]},{\"@type\":\"Person\",\"@id\":\"https:\\\/\\\/filmvilnius.com\\\/#\\\/schema\\\/person\\\/e4ecfb47c7367033181003ea01fc3980\",\"name\":\"ITMA ITMA\",\"image\":{\"@type\":\"ImageObject\",\"inLanguage\":\"lt-LT\",\"@id\":\"https:\\\/\\\/secure.gravatar.com\\\/avatar\\\/ee1213d282b4dfd22bdab01eb282938e5f101930fdfeff9088a406e8f95873d0?s=96&d=mm&r=g\",\"url\":\"https:\\\/\\\/secure.gravatar.com\\\/avatar\\\/ee1213d282b4dfd22bdab01eb282938e5f101930fdfeff9088a406e8f95873d0?s=96&d=mm&r=g\",\"contentUrl\":\"https:\\\/\\\/secure.gravatar.com\\\/avatar\\\/ee1213d282b4dfd22bdab01eb282938e5f101930fdfeff9088a406e8f95873d0?s=96&d=mm&r=g\",\"caption\":\"ITMA ITMA\"},\"url\":\"https:\\\/\\\/filmvilnius.com\\\/lt\\\/author\\\/226feaf0f9f5be79\\\/\"}]}<\/script>\n<!-- \/ Yoast SEO plugin. -->","yoast_head_json":{"title":"Prasideda Talino kino festivalis \u201eJuodosios naktys\u201c: pokalbis su programos k\u016br\u0117ju Edvinu Puk\u0161ta - Vilnius film office","robots":{"index":"index","follow":"follow","max-snippet":"max-snippet:-1","max-image-preview":"max-image-preview:large","max-video-preview":"max-video-preview:-1"},"canonical":"https:\/\/filmvilnius.com\/lt\/prasideda-talino-kino-festivalis-juodosios-naktys-pokalbis-su-programos-kureju-edvinu-puksta\/","og_locale":"lt_LT","og_type":"article","og_title":"Prasideda Talino kino festivalis \u201eJuodosios naktys\u201c: pokalbis su programos k\u016br\u0117ju Edvinu Puk\u0161ta - Vilnius film office","og_description":"Lapkri\u010dio 3 d. prasideda svarbiausias kino renginys \u0160iaur\u0117s Europoje \u2013 Talino kino festivalis \u201eJuodosios naktys\u201c. Per kiek daugiau nei dvi savaites, Estijoje \u012fvyks daugyb\u0117 reik\u0161ming\u0173 film\u0173 premjer\u0173, \u010dia susitiks kino industrijos profesionalai ir film\u0173 k\u016brybin\u0117s komandos i\u0161 viso pasaulio. Prie vienintelio A klas\u0117s festivalio \u0160iaur\u0117s Europoje programos sudarymo prisid\u0117jo ir Lietuvos kino kritikas, kino skautas Edvinas Puk\u0161ta. Prasidedant \u201eJuodosioms naktims\u201c, jis sutiko papasakoti apie tarptautini\u0173 festivali\u0173 u\u017ekulisius, Baltijos \u0161ali\u0173 kin\u0105 ir tai, kas filmams atne\u0161a s\u0117km\u0119.\u00a0","og_url":"https:\/\/filmvilnius.com\/lt\/prasideda-talino-kino-festivalis-juodosios-naktys-pokalbis-su-programos-kureju-edvinu-puksta\/","og_site_name":"Vilnius film office","article_publisher":"https:\/\/www.facebook.com\/filmvilnius","article_published_time":"2023-11-10T09:27:27+00:00","article_modified_time":"2026-04-28T07:27:12+00:00","og_image":[{"width":1444,"height":804,"url":"https:\/\/filmvilnius.com\/wp-content\/uploads\/2023\/11\/Tallinn-Black-Nights-festivalio-organizatoriu-nuotr.-2.jpg","type":"image\/jpeg"}],"author":"ITMA ITMA","twitter_card":"summary_large_image","twitter_creator":"@FilmVilnius","twitter_site":"@FilmVilnius","twitter_misc":{"Written by":"ITMA ITMA","Est. reading time":"6 minut\u0117s"},"schema":{"@context":"https:\/\/schema.org","@graph":[{"@type":"Article","@id":"https:\/\/filmvilnius.com\/lt\/prasideda-talino-kino-festivalis-juodosios-naktys-pokalbis-su-programos-kureju-edvinu-puksta\/#article","isPartOf":{"@id":"https:\/\/filmvilnius.com\/lt\/prasideda-talino-kino-festivalis-juodosios-naktys-pokalbis-su-programos-kureju-edvinu-puksta\/"},"author":{"name":"ITMA ITMA","@id":"https:\/\/filmvilnius.com\/#\/schema\/person\/e4ecfb47c7367033181003ea01fc3980"},"headline":"Prasideda Talino kino festivalis \u201eJuodosios naktys\u201c: pokalbis su programos k\u016br\u0117ju Edvinu Puk\u0161ta","datePublished":"2023-11-10T09:27:27+00:00","dateModified":"2026-04-28T07:27:12+00:00","mainEntityOfPage":{"@id":"https:\/\/filmvilnius.com\/lt\/prasideda-talino-kino-festivalis-juodosios-naktys-pokalbis-su-programos-kureju-edvinu-puksta\/"},"wordCount":1439,"publisher":{"@id":"https:\/\/filmvilnius.com\/#organization"},"image":{"@id":"https:\/\/filmvilnius.com\/lt\/prasideda-talino-kino-festivalis-juodosios-naktys-pokalbis-su-programos-kureju-edvinu-puksta\/#primaryimage"},"thumbnailUrl":"https:\/\/filmvilnius.com\/wp-content\/uploads\/2023\/11\/Tallinn-Black-Nights-festivalio-organizatoriu-nuotr.-2.jpg","articleSection":["Interviu","Naujienos"],"inLanguage":"lt-LT"},{"@type":"WebPage","@id":"https:\/\/filmvilnius.com\/lt\/prasideda-talino-kino-festivalis-juodosios-naktys-pokalbis-su-programos-kureju-edvinu-puksta\/","url":"https:\/\/filmvilnius.com\/lt\/prasideda-talino-kino-festivalis-juodosios-naktys-pokalbis-su-programos-kureju-edvinu-puksta\/","name":"Prasideda Talino kino festivalis \u201eJuodosios naktys\u201c: pokalbis su programos k\u016br\u0117ju Edvinu Puk\u0161ta - Vilnius film office","isPartOf":{"@id":"https:\/\/filmvilnius.com\/#website"},"primaryImageOfPage":{"@id":"https:\/\/filmvilnius.com\/lt\/prasideda-talino-kino-festivalis-juodosios-naktys-pokalbis-su-programos-kureju-edvinu-puksta\/#primaryimage"},"image":{"@id":"https:\/\/filmvilnius.com\/lt\/prasideda-talino-kino-festivalis-juodosios-naktys-pokalbis-su-programos-kureju-edvinu-puksta\/#primaryimage"},"thumbnailUrl":"https:\/\/filmvilnius.com\/wp-content\/uploads\/2023\/11\/Tallinn-Black-Nights-festivalio-organizatoriu-nuotr.-2.jpg","datePublished":"2023-11-10T09:27:27+00:00","dateModified":"2026-04-28T07:27:12+00:00","breadcrumb":{"@id":"https:\/\/filmvilnius.com\/lt\/prasideda-talino-kino-festivalis-juodosios-naktys-pokalbis-su-programos-kureju-edvinu-puksta\/#breadcrumb"},"inLanguage":"lt-LT","potentialAction":[{"@type":"ReadAction","target":["https:\/\/filmvilnius.com\/lt\/prasideda-talino-kino-festivalis-juodosios-naktys-pokalbis-su-programos-kureju-edvinu-puksta\/"]}]},{"@type":"ImageObject","inLanguage":"lt-LT","@id":"https:\/\/filmvilnius.com\/lt\/prasideda-talino-kino-festivalis-juodosios-naktys-pokalbis-su-programos-kureju-edvinu-puksta\/#primaryimage","url":"https:\/\/filmvilnius.com\/wp-content\/uploads\/2023\/11\/Tallinn-Black-Nights-festivalio-organizatoriu-nuotr.-2.jpg","contentUrl":"https:\/\/filmvilnius.com\/wp-content\/uploads\/2023\/11\/Tallinn-Black-Nights-festivalio-organizatoriu-nuotr.-2.jpg","width":1444,"height":804},{"@type":"BreadcrumbList","@id":"https:\/\/filmvilnius.com\/lt\/prasideda-talino-kino-festivalis-juodosios-naktys-pokalbis-su-programos-kureju-edvinu-puksta\/#breadcrumb","itemListElement":[{"@type":"ListItem","position":1,"name":"Home","item":"https:\/\/filmvilnius.com\/lt\/"},{"@type":"ListItem","position":2,"name":"Prasideda Talino kino festivalis \u201eJuodosios naktys\u201c: pokalbis su programos k\u016br\u0117ju Edvinu Puk\u0161ta"}]},{"@type":"WebSite","@id":"https:\/\/filmvilnius.com\/#website","url":"https:\/\/filmvilnius.com\/","name":"Vilnius film office","description":"","publisher":{"@id":"https:\/\/filmvilnius.com\/#organization"},"potentialAction":[{"@type":"SearchAction","target":{"@type":"EntryPoint","urlTemplate":"https:\/\/filmvilnius.com\/?s={search_term_string}"},"query-input":{"@type":"PropertyValueSpecification","valueRequired":true,"valueName":"search_term_string"}}],"inLanguage":"lt-LT"},{"@type":"Organization","@id":"https:\/\/filmvilnius.com\/#organization","name":"Vilniaus kino biuras","url":"https:\/\/filmvilnius.com\/","logo":{"@type":"ImageObject","inLanguage":"lt-LT","@id":"https:\/\/filmvilnius.com\/#\/schema\/logo\/image\/","url":"https:\/\/filmvilnius.com\/wp-content\/uploads\/2022\/12\/VKB-Logo-2022-EN-2-V.jpg","contentUrl":"https:\/\/filmvilnius.com\/wp-content\/uploads\/2022\/12\/VKB-Logo-2022-EN-2-V.jpg","width":1419,"height":1418,"caption":"Vilniaus kino biuras"},"image":{"@id":"https:\/\/filmvilnius.com\/#\/schema\/logo\/image\/"},"sameAs":["https:\/\/www.facebook.com\/filmvilnius","https:\/\/x.com\/FilmVilnius","https:\/\/www.instagram.com\/filmvilnius\/"]},{"@type":"Person","@id":"https:\/\/filmvilnius.com\/#\/schema\/person\/e4ecfb47c7367033181003ea01fc3980","name":"ITMA ITMA","image":{"@type":"ImageObject","inLanguage":"lt-LT","@id":"https:\/\/secure.gravatar.com\/avatar\/ee1213d282b4dfd22bdab01eb282938e5f101930fdfeff9088a406e8f95873d0?s=96&d=mm&r=g","url":"https:\/\/secure.gravatar.com\/avatar\/ee1213d282b4dfd22bdab01eb282938e5f101930fdfeff9088a406e8f95873d0?s=96&d=mm&r=g","contentUrl":"https:\/\/secure.gravatar.com\/avatar\/ee1213d282b4dfd22bdab01eb282938e5f101930fdfeff9088a406e8f95873d0?s=96&d=mm&r=g","caption":"ITMA ITMA"},"url":"https:\/\/filmvilnius.com\/lt\/author\/226feaf0f9f5be79\/"}]}},"_links":{"self":[{"href":"https:\/\/filmvilnius.com\/lt\/wp-json\/wp\/v2\/posts\/21346","targetHints":{"allow":["GET"]}}],"collection":[{"href":"https:\/\/filmvilnius.com\/lt\/wp-json\/wp\/v2\/posts"}],"about":[{"href":"https:\/\/filmvilnius.com\/lt\/wp-json\/wp\/v2\/types\/post"}],"author":[{"embeddable":true,"href":"https:\/\/filmvilnius.com\/lt\/wp-json\/wp\/v2\/users\/7"}],"replies":[{"embeddable":true,"href":"https:\/\/filmvilnius.com\/lt\/wp-json\/wp\/v2\/comments?post=21346"}],"version-history":[{"count":3,"href":"https:\/\/filmvilnius.com\/lt\/wp-json\/wp\/v2\/posts\/21346\/revisions"}],"predecessor-version":[{"id":21953,"href":"https:\/\/filmvilnius.com\/lt\/wp-json\/wp\/v2\/posts\/21346\/revisions\/21953"}],"wp:featuredmedia":[{"embeddable":true,"href":"https:\/\/filmvilnius.com\/lt\/wp-json\/wp\/v2\/media\/21320"}],"wp:attachment":[{"href":"https:\/\/filmvilnius.com\/lt\/wp-json\/wp\/v2\/media?parent=21346"}],"wp:term":[{"taxonomy":"category","embeddable":true,"href":"https:\/\/filmvilnius.com\/lt\/wp-json\/wp\/v2\/categories?post=21346"},{"taxonomy":"post_tag","embeddable":true,"href":"https:\/\/filmvilnius.com\/lt\/wp-json\/wp\/v2\/tags?post=21346"}],"curies":[{"name":"wp","href":"https:\/\/api.w.org\/{rel}","templated":true}]}}