{"id":22249,"date":"2023-12-11T07:22:57","date_gmt":"2023-12-11T07:22:57","guid":{"rendered":"https:\/\/filmvilnius.com\/?p=22249"},"modified":"2026-04-28T09:25:46","modified_gmt":"2026-04-28T07:25:46","slug":"kino-kurejai-vilniu-renkasi-del-panasumo-i-skandinavijos-saliu-miestus-sostine-tampa-oslu-stokholmu-ir-kopenhaga","status":"publish","type":"post","link":"https:\/\/filmvilnius.com\/lt\/kino-kurejai-vilniu-renkasi-del-panasumo-i-skandinavijos-saliu-miestus-sostine-tampa-oslu-stokholmu-ir-kopenhaga\/","title":{"rendered":"Kino k\u016br\u0117jai Vilni\u0173 renkasi d\u0117l pana\u0161umo \u012f Skandinavijos \u0161ali\u0173 miestus: sostin\u0117 tampa Oslu, Stokholmu ir Kopenhaga"},"content":{"rendered":"\n<p><strong>Vilnius kino ekranuose vis da\u017eniau virsta Skandinavijos \u0161ali\u0173 miestais. \u0160\u012f ruden\u012f sostin\u0117 jau suvaidino Osl\u0105 ir Stokholm\u0105, o netrukus \u012fk\u016bnys ir ateities Kopenhag\u0105. \u012edomu tai, kad Vilniuje filmuojamos labai \u012fvairios produkcijos \u2013 magi\u0161kojo realizmo, futuristin\u0117s istorijos, vaidybiniai serialai, tikr\u0173 \u012fvyki\u0173 inspiruotos dramos, kriminaliniai detektyvai ir muzikiniai klipai.<\/strong><\/p>\n\n\n\n<p>Ne i\u0161imtis ir pirmasis \u017eiemos m\u0117nuo \u2013 gerai \u017einomose Vilniaus vietose filmuojamas Vokietijos k\u016br\u0117j\u0173 TV serialas, paremtas Danijos ra\u0161ytojo Peter H\u00f6eg bestseleriu tapusiu romanu \u201ePanel\u0117s Smilos sniego jausmas\u201c. Pagrindin\u0117 serialo veik\u0117ja bandys i\u0161siai\u0161kinti tikr\u0105sias inuit\u0173 imigrant\u0173 vaiko \u017e\u016bties prie\u017eastis, pama\u017eu \u012fsipainiodama \u012f daug platesn\u0119, antgamti\u0161k\u0105 istorij\u0105. Scenos serialui bus filmuojamos Auk\u0161tai\u010di\u0173, Vilniaus, Birut\u0117s gatv\u0117se, Vinco Kudirkos aik\u0161t\u0117je, o Pasa\u017eo skersgatvis virs ateities Kopenhaga.<\/p>\n\n\n\n<p>Neseniai darbus Vilniuje baig\u0117 ir jungtin\u0117 Lietuvos bei Norvegijos komanda, ne vien\u0105 m\u0117nes\u012f sostin\u0117je filmavusi juost\u0105 \u201eAgentas numeris 24\u201c.&nbsp;<\/p>\n\n\n\n<p>\u201eKurdami filmus, kuri\u0173 veiksmas vyksta Norvegijoje, ne visuomet juos \u010dia ir filmuojame. Kartais ie\u0161kome pana\u0161iai atrodan\u010di\u0173 lokacij\u0173 u\u017e jos rib\u0173 \u2013 taip buvo ir \u0161iuo atveju. Dalis Lietuvos savo kra\u0161tovaizd\u017eiu, o miestai savo architekt\u016bra turi nema\u017eai pana\u0161um\u0173 su Norvegija bei Oslu, \u010dia \u012fmanoma atrasti ir \u012fsp\u016bding\u0173 viet\u0173, galin\u010di\u0173 vaizduoti XIX a. prad\u017ei\u0105 ar net viduram\u017eius. Be to, Lietuva turi ir itin palanki\u0105 mokes\u010di\u0173 lengvatos sistem\u0105, o ne ma\u017eiau svarbu &#8211; auk\u0161to lygio sektoriaus profesionalus. Darbas su jais visuomet b\u016bna ne tik sklandus, bet ir smagus, o tai retas derinys, kur\u012f mes, \u201cMotion Blur\u201c, labai vertiname. Tokia patirtimi Lietuvoje&nbsp; m\u0117gaujam\u0117s dirbdami su \u201eArtbox\u201c, &#8211; mintimis apie filmavim\u0105 Lietuvoje dalijosi filmo \u201eAgentas numeris 24\u201c prodiuseris Espen Horn.&nbsp;<\/p>\n\n\n\n<figure class=\"wp-block-image size-large\"><img fetchpriority=\"high\" decoding=\"async\" width=\"1024\" height=\"682\" src=\"https:\/\/filmvilnius.com\/wp-content\/uploads\/2023\/12\/1-Lukas_Salna-1-1024x682.jpg\" alt=\"Luko \u0160alnos nuotr.\" class=\"wp-image-22254\" srcset=\"https:\/\/filmvilnius.com\/wp-content\/uploads\/2023\/12\/1-Lukas_Salna-1-1024x682.jpg 1024w, https:\/\/filmvilnius.com\/wp-content\/uploads\/2023\/12\/1-Lukas_Salna-1-300x200.jpg 300w, https:\/\/filmvilnius.com\/wp-content\/uploads\/2023\/12\/1-Lukas_Salna-1-768x512.jpg 768w, https:\/\/filmvilnius.com\/wp-content\/uploads\/2023\/12\/1-Lukas_Salna-1.jpg 1280w\" sizes=\"(max-width: 1024px) 100vw, 1024px\" \/><figcaption class=\"wp-element-caption\">Luko \u0160alnos nuotr.<\/figcaption><\/figure>\n\n\n\n<p>Su\u017eav\u0117tas miesto lokacij\u0173 \u012fvairov\u0117s ir kontrast\u0173 \u012f Vilni\u0173 atvyksta ir populiarus amerikie\u010di\u0173 reperis. B\u016bsimo muzikinio klipo re\u017eisierius \u2013 Philip R Lopez, jau k\u016br\u0117 tokiems garsiems atlik\u0117jams kaip Selena Gomez, Red Hot Chilli Peppers, Charlie Puth, Avicii ft. Rita Ora, Kygo ir kt.<\/p>\n\n\n\n<p><strong>Pranc\u016bz\u0173 komanda Vilniuje filmuos serial\u0105 apie Ukrain\u0105<\/strong><\/p>\n\n\n\n<p>UAB \u201eBaltijos film\u0173 paslaugos\u201c kartu su pranc\u016bz\u0173 kompanija \u201eTetra Media Fiction\u201c gruod\u012f pradeda filmuoti TV serialo \u201eSargybiniai\u201c antrojo sezono scenas. Nema\u017eo populiarumo Pranc\u016bzijoje sulaukusio serialo antrasis sezonas \u017ei\u016brovus nukels \u012f Ryt\u0173 Ukrain\u0105. Filmo veiksmas prasideda 2022 met\u0173 vasario 23 dien\u0105. Pranc\u016bz\u0173 leitenant\u0117 Anaisa Kol\u0117 Ukrainos miesto Bachmuto ligonin\u0117je laukia, kol surogatin\u0117 motina pagimdys jos k\u016bdik\u012f. Ji tokia ne viena \u2013 laukiamajame renkasi vis daugiau pranc\u016bz\u0173 tautyb\u0117s \u017emoni\u0173, u\u017esisakiusi\u0173 t\u0105 pa\u010di\u0105 paslaug\u0105. Tuo metu leitenant\u0117s kolega Donecko rajone atlieka slapt\u0105 \u017evalgybin\u0119 misij\u0105. Veik\u0117j\u0173 likimai pasikei\u010dia, paai\u0161k\u0117jus, kad Rusija u\u017epuol\u0117 Ukrain\u0105 ir jiems reikia kuo grei\u010diau palikti \u0161al\u012f. Leitenant\u0117 Anaisa ir karininkas Raval\u0117 susitaria suvienij\u0119 j\u0117gas pasistengti saugiai i\u0161gabenti ligonin\u0117je susirinkusius civilius, k\u016bdikius ir n\u0117\u0161\u010di\u0105sias \u2013 j\u0173 laukia pavojinga, i\u0161bandym\u0173 kupina kelion\u0117 per karin\u0119 atak\u0105 i\u0161gyvenan\u010di\u0105 \u0161al\u012f.<\/p>\n\n\n\n<p>Serialo antr\u0105j\u012f sezon\u0105 re\u017eisuos \u017einomas Pranc\u016bzijos re\u017eisierius Jean-Philippe Amar.<\/p>\n\n\n\n<p><strong>Vilniaus kino biuras informuoja apie filmavimo darbus mieste bei trumpalaikius eismo ribojimus:<\/strong><\/p>\n\n\n\n<p>Gruod\u017eio 12 d. 19\u201322 val. filmavimai vyks Birut\u0117s gatv\u0117je, Birut\u0117s ir Vykinto gatvi\u0173&nbsp; sankry\u017eoje, Birut\u0117s ir Liubarto gatvi\u0173 sankry\u017eoje bei j\u0173 prieigose trumpam (iki 3 min.) ribojant&nbsp; transporto priemoni\u0173 ir p\u0117s\u010di\u0173j\u0173 eism\u0105. Gruod\u017eio 12 d. 6\u201320 val. filmavimo reikm\u0117ms bus rezervuojamos 5 automobili\u0173 stov\u0117jimo vietos Birut\u0117s gatv\u0117je ir 3 vietos Liubarto gatv\u0117je. Pasiruo\u0161imo darbai vyks gruod\u017eio 12 d. 9\u201323 val.;<\/p>\n\n\n\n<p>Gruod\u017eio 13, 14 ir 16 d. 9\u201321 val. filmavimai vyks \u0161alia pastato Sod\u0173 g. 6, nuo gruod\u017eio&nbsp;12 d. 15 val. iki gruod\u017eio 16 d. 22 val. rezervuojant 10 automobili\u0173 stov\u0117jimo viet\u0173 Sod\u0173 gatv\u0117je;<\/p>\n\n\n\n<p>Gruod\u017eio 15 d. 9\u201315 val. filmavimai vyks Pasa\u017eo skersgatvyje, draud\u017eiant transporto&nbsp;priemoni\u0173 eism\u0105 ir trumpam (iki 3 min.) ribojant p\u0117s\u010di\u0173j\u0173 eism\u0105. Nuo gruod\u017eio 14 d. 15 val. iki&nbsp; gruod\u017eio 15 d. 15 val. filmavimo reikm\u0117ms bus rezervuojama 16 automobili\u0173 stov\u0117jimo viet\u0173 Arkli\u0173 gatv\u0117je ir 10 viet\u0173 Pasa\u017eo skersgatvyje;<\/p>\n\n\n\n<p>Nuo gruod\u017eio 15 d. 14 val. iki gruod\u017eio 16 d. 2 val. ir gruod\u017eio 18 d. 10\u201322 val. filmavimai vyks Senojo Gardino plento dalyje nuo Metropolio gatv\u0117s iki tilto per Vok\u0117s up\u0119 ir nuo tilto per Vok\u0117s up\u0119 iki Naujasod\u017eio gatv\u0117s;<\/p>\n\n\n\n<p>Gruod\u017eio 15 d. 14\u201317 val. filmavimai vyks \u0161alia pastato Vilniaus g. 33, trumpam (iki 3 min.) ribojant p\u0117s\u010di\u0173j\u0173 eism\u0105. Filmavimo reikm\u0117ms bus rezervuojamos gruod\u017eio 15 d. 6\u201317 val. bus rezervuojamos 7 automobili\u0173 stov\u0117jimo vietos Liejyklos gatv\u0117je;<\/p>\n\n\n\n<p>Gruod\u017eio 22 arba gruod\u017eio 23 d. 0\u20135 val. filmavimai vyks Lvivo g. Filmavimo reikm\u0117ms, vien\u0105 arba kit\u0105 nurodyt\u0105 dien\u0105 bus vykdomas atkarpos Lvivo g. u\u017edarymas, formuojant apylankas (praleid\u017eiant gyventojus ir aptarnaujant\u012f transport\u0105) ir trumpam (iki 3 min) stabdant p\u0117s\u010di\u0173j\u0173 eism\u0105. Gruod\u017eio 21 arba 22 d. 17\u201305 val. bus rezervuojama 18 automobili\u0173 stov\u0117jimo viet\u0173 Lvivo g.&nbsp;<\/p>\n\n\n\n<p><strong>Atsipra\u0161ome gyventoj\u0173 ir miesto sve\u010di\u0173 u\u017e laikinus nepatogumus. D\u0117kojame u\u017e supratingum\u0105.<\/strong><\/p>\n","protected":false},"excerpt":{"rendered":"<p>Vilnius kino ekranuose vis da\u017eniau virsta Skandinavijos \u0161ali\u0173 miestais. \u0160\u012f ruden\u012f sostin\u0117 jau suvaidino Osl\u0105 ir Stokholm\u0105, o netrukus \u012fk\u016bnys ir ateities Kopenhag\u0105. \u012edomu tai, kad Vilniuje filmuojamos labai \u012fvairios produkcijos \u2013 magi\u0161kojo realizmo, futuristin\u0117s istorijos, vaidybiniai serialai, tikr\u0173 \u012fvyki\u0173 inspiruotos dramos, kriminaliniai detektyvai ir muzikiniai klipai. Ne i\u0161imtis ir pirmasis \u017eiemos m\u0117nuo \u2013 gerai [&hellip;]<\/p>\n","protected":false},"author":6,"featured_media":22250,"comment_status":"closed","ping_status":"open","sticky":false,"template":"","format":"standard","meta":{"_acf_changed":false,"_monsterinsights_skip_tracking":false,"_monsterinsights_sitenote_active":false,"_monsterinsights_sitenote_note":"","_monsterinsights_sitenote_category":0,"footnotes":""},"categories":[160,58],"tags":[],"class_list":["post-22249","post","type-post","status-publish","format-standard","has-post-thumbnail","hentry","category-filmavimai-vilniuje","category-news"],"acf":[],"yoast_head":"<!-- This site is optimized with the Yoast SEO plugin v27.4 - https:\/\/yoast.com\/product\/yoast-seo-wordpress\/ -->\n<title>Kino k\u016br\u0117jai Vilni\u0173 renkasi d\u0117l pana\u0161umo \u012f Skandinavijos \u0161ali\u0173 miestus: sostin\u0117 tampa Oslu, Stokholmu ir Kopenhaga - Vilnius film office<\/title>\n<meta name=\"robots\" content=\"index, follow, max-snippet:-1, max-image-preview:large, max-video-preview:-1\" \/>\n<link rel=\"canonical\" href=\"https:\/\/filmvilnius.com\/lt\/kino-kurejai-vilniu-renkasi-del-panasumo-i-skandinavijos-saliu-miestus-sostine-tampa-oslu-stokholmu-ir-kopenhaga\/\" \/>\n<meta property=\"og:locale\" content=\"lt_LT\" \/>\n<meta property=\"og:type\" content=\"article\" \/>\n<meta property=\"og:title\" content=\"Kino k\u016br\u0117jai Vilni\u0173 renkasi d\u0117l pana\u0161umo \u012f Skandinavijos \u0161ali\u0173 miestus: sostin\u0117 tampa Oslu, Stokholmu ir Kopenhaga - Vilnius film office\" \/>\n<meta property=\"og:description\" content=\"Vilnius kino ekranuose vis da\u017eniau virsta Skandinavijos \u0161ali\u0173 miestais. \u0160\u012f ruden\u012f sostin\u0117 jau suvaidino Osl\u0105 ir Stokholm\u0105, o netrukus \u012fk\u016bnys ir ateities Kopenhag\u0105. \u012edomu tai, kad Vilniuje filmuojamos labai \u012fvairios produkcijos \u2013 magi\u0161kojo realizmo, futuristin\u0117s istorijos, vaidybiniai serialai, tikr\u0173 \u012fvyki\u0173 inspiruotos dramos, kriminaliniai detektyvai ir muzikiniai klipai. Ne i\u0161imtis ir pirmasis \u017eiemos m\u0117nuo \u2013 gerai [&hellip;]\" \/>\n<meta property=\"og:url\" content=\"https:\/\/filmvilnius.com\/lt\/kino-kurejai-vilniu-renkasi-del-panasumo-i-skandinavijos-saliu-miestus-sostine-tampa-oslu-stokholmu-ir-kopenhaga\/\" \/>\n<meta property=\"og:site_name\" content=\"Vilnius film office\" \/>\n<meta property=\"article:publisher\" content=\"https:\/\/www.facebook.com\/filmvilnius\" \/>\n<meta property=\"article:published_time\" content=\"2023-12-11T07:22:57+00:00\" \/>\n<meta property=\"article:modified_time\" content=\"2026-04-28T07:25:46+00:00\" \/>\n<meta property=\"og:image\" content=\"https:\/\/filmvilnius.com\/wp-content\/uploads\/2023\/12\/Lukas_Salna.jpg\" \/>\n\t<meta property=\"og:image:width\" content=\"1280\" \/>\n\t<meta property=\"og:image:height\" content=\"853\" \/>\n\t<meta property=\"og:image:type\" content=\"image\/jpeg\" \/>\n<meta name=\"author\" content=\"Vilnius Film Office\" \/>\n<meta name=\"twitter:card\" content=\"summary_large_image\" \/>\n<meta name=\"twitter:creator\" content=\"@FilmVilnius\" \/>\n<meta name=\"twitter:site\" content=\"@FilmVilnius\" \/>\n<meta name=\"twitter:label1\" content=\"Written by\" \/>\n\t<meta name=\"twitter:data1\" content=\"Vilnius Film Office\" \/>\n\t<meta name=\"twitter:label2\" content=\"Est. reading time\" \/>\n\t<meta name=\"twitter:data2\" content=\"4 minut\u0117s\" \/>\n<script type=\"application\/ld+json\" class=\"yoast-schema-graph\">{\"@context\":\"https:\\\/\\\/schema.org\",\"@graph\":[{\"@type\":\"Article\",\"@id\":\"https:\\\/\\\/filmvilnius.com\\\/lt\\\/kino-kurejai-vilniu-renkasi-del-panasumo-i-skandinavijos-saliu-miestus-sostine-tampa-oslu-stokholmu-ir-kopenhaga\\\/#article\",\"isPartOf\":{\"@id\":\"https:\\\/\\\/filmvilnius.com\\\/lt\\\/kino-kurejai-vilniu-renkasi-del-panasumo-i-skandinavijos-saliu-miestus-sostine-tampa-oslu-stokholmu-ir-kopenhaga\\\/\"},\"author\":{\"name\":\"Vilnius Film Office\",\"@id\":\"https:\\\/\\\/filmvilnius.com\\\/#\\\/schema\\\/person\\\/8572c7f289890809bfa364d48f8dded5\"},\"headline\":\"Kino k\u016br\u0117jai Vilni\u0173 renkasi d\u0117l pana\u0161umo \u012f Skandinavijos \u0161ali\u0173 miestus: sostin\u0117 tampa Oslu, Stokholmu ir Kopenhaga\",\"datePublished\":\"2023-12-11T07:22:57+00:00\",\"dateModified\":\"2026-04-28T07:25:46+00:00\",\"mainEntityOfPage\":{\"@id\":\"https:\\\/\\\/filmvilnius.com\\\/lt\\\/kino-kurejai-vilniu-renkasi-del-panasumo-i-skandinavijos-saliu-miestus-sostine-tampa-oslu-stokholmu-ir-kopenhaga\\\/\"},\"wordCount\":841,\"publisher\":{\"@id\":\"https:\\\/\\\/filmvilnius.com\\\/#organization\"},\"image\":{\"@id\":\"https:\\\/\\\/filmvilnius.com\\\/lt\\\/kino-kurejai-vilniu-renkasi-del-panasumo-i-skandinavijos-saliu-miestus-sostine-tampa-oslu-stokholmu-ir-kopenhaga\\\/#primaryimage\"},\"thumbnailUrl\":\"https:\\\/\\\/filmvilnius.com\\\/wp-content\\\/uploads\\\/2023\\\/12\\\/Lukas_Salna.jpg\",\"articleSection\":[\"Filmavimai Vilniuje\",\"Naujienos\"],\"inLanguage\":\"lt-LT\"},{\"@type\":\"WebPage\",\"@id\":\"https:\\\/\\\/filmvilnius.com\\\/lt\\\/kino-kurejai-vilniu-renkasi-del-panasumo-i-skandinavijos-saliu-miestus-sostine-tampa-oslu-stokholmu-ir-kopenhaga\\\/\",\"url\":\"https:\\\/\\\/filmvilnius.com\\\/lt\\\/kino-kurejai-vilniu-renkasi-del-panasumo-i-skandinavijos-saliu-miestus-sostine-tampa-oslu-stokholmu-ir-kopenhaga\\\/\",\"name\":\"Kino k\u016br\u0117jai Vilni\u0173 renkasi d\u0117l pana\u0161umo \u012f Skandinavijos \u0161ali\u0173 miestus: sostin\u0117 tampa Oslu, Stokholmu ir Kopenhaga - Vilnius film office\",\"isPartOf\":{\"@id\":\"https:\\\/\\\/filmvilnius.com\\\/#website\"},\"primaryImageOfPage\":{\"@id\":\"https:\\\/\\\/filmvilnius.com\\\/lt\\\/kino-kurejai-vilniu-renkasi-del-panasumo-i-skandinavijos-saliu-miestus-sostine-tampa-oslu-stokholmu-ir-kopenhaga\\\/#primaryimage\"},\"image\":{\"@id\":\"https:\\\/\\\/filmvilnius.com\\\/lt\\\/kino-kurejai-vilniu-renkasi-del-panasumo-i-skandinavijos-saliu-miestus-sostine-tampa-oslu-stokholmu-ir-kopenhaga\\\/#primaryimage\"},\"thumbnailUrl\":\"https:\\\/\\\/filmvilnius.com\\\/wp-content\\\/uploads\\\/2023\\\/12\\\/Lukas_Salna.jpg\",\"datePublished\":\"2023-12-11T07:22:57+00:00\",\"dateModified\":\"2026-04-28T07:25:46+00:00\",\"breadcrumb\":{\"@id\":\"https:\\\/\\\/filmvilnius.com\\\/lt\\\/kino-kurejai-vilniu-renkasi-del-panasumo-i-skandinavijos-saliu-miestus-sostine-tampa-oslu-stokholmu-ir-kopenhaga\\\/#breadcrumb\"},\"inLanguage\":\"lt-LT\",\"potentialAction\":[{\"@type\":\"ReadAction\",\"target\":[\"https:\\\/\\\/filmvilnius.com\\\/lt\\\/kino-kurejai-vilniu-renkasi-del-panasumo-i-skandinavijos-saliu-miestus-sostine-tampa-oslu-stokholmu-ir-kopenhaga\\\/\"]}]},{\"@type\":\"ImageObject\",\"inLanguage\":\"lt-LT\",\"@id\":\"https:\\\/\\\/filmvilnius.com\\\/lt\\\/kino-kurejai-vilniu-renkasi-del-panasumo-i-skandinavijos-saliu-miestus-sostine-tampa-oslu-stokholmu-ir-kopenhaga\\\/#primaryimage\",\"url\":\"https:\\\/\\\/filmvilnius.com\\\/wp-content\\\/uploads\\\/2023\\\/12\\\/Lukas_Salna.jpg\",\"contentUrl\":\"https:\\\/\\\/filmvilnius.com\\\/wp-content\\\/uploads\\\/2023\\\/12\\\/Lukas_Salna.jpg\",\"width\":1280,\"height\":853},{\"@type\":\"BreadcrumbList\",\"@id\":\"https:\\\/\\\/filmvilnius.com\\\/lt\\\/kino-kurejai-vilniu-renkasi-del-panasumo-i-skandinavijos-saliu-miestus-sostine-tampa-oslu-stokholmu-ir-kopenhaga\\\/#breadcrumb\",\"itemListElement\":[{\"@type\":\"ListItem\",\"position\":1,\"name\":\"Home\",\"item\":\"https:\\\/\\\/filmvilnius.com\\\/lt\\\/\"},{\"@type\":\"ListItem\",\"position\":2,\"name\":\"Kino k\u016br\u0117jai Vilni\u0173 renkasi d\u0117l pana\u0161umo \u012f Skandinavijos \u0161ali\u0173 miestus: sostin\u0117 tampa Oslu, Stokholmu ir Kopenhaga\"}]},{\"@type\":\"WebSite\",\"@id\":\"https:\\\/\\\/filmvilnius.com\\\/#website\",\"url\":\"https:\\\/\\\/filmvilnius.com\\\/\",\"name\":\"Vilnius film office\",\"description\":\"\",\"publisher\":{\"@id\":\"https:\\\/\\\/filmvilnius.com\\\/#organization\"},\"potentialAction\":[{\"@type\":\"SearchAction\",\"target\":{\"@type\":\"EntryPoint\",\"urlTemplate\":\"https:\\\/\\\/filmvilnius.com\\\/?s={search_term_string}\"},\"query-input\":{\"@type\":\"PropertyValueSpecification\",\"valueRequired\":true,\"valueName\":\"search_term_string\"}}],\"inLanguage\":\"lt-LT\"},{\"@type\":\"Organization\",\"@id\":\"https:\\\/\\\/filmvilnius.com\\\/#organization\",\"name\":\"Vilniaus kino biuras\",\"url\":\"https:\\\/\\\/filmvilnius.com\\\/\",\"logo\":{\"@type\":\"ImageObject\",\"inLanguage\":\"lt-LT\",\"@id\":\"https:\\\/\\\/filmvilnius.com\\\/#\\\/schema\\\/logo\\\/image\\\/\",\"url\":\"https:\\\/\\\/filmvilnius.com\\\/wp-content\\\/uploads\\\/2022\\\/12\\\/VKB-Logo-2022-EN-2-V.jpg\",\"contentUrl\":\"https:\\\/\\\/filmvilnius.com\\\/wp-content\\\/uploads\\\/2022\\\/12\\\/VKB-Logo-2022-EN-2-V.jpg\",\"width\":1419,\"height\":1418,\"caption\":\"Vilniaus kino biuras\"},\"image\":{\"@id\":\"https:\\\/\\\/filmvilnius.com\\\/#\\\/schema\\\/logo\\\/image\\\/\"},\"sameAs\":[\"https:\\\/\\\/www.facebook.com\\\/filmvilnius\",\"https:\\\/\\\/x.com\\\/FilmVilnius\",\"https:\\\/\\\/www.instagram.com\\\/filmvilnius\\\/\"]},{\"@type\":\"Person\",\"@id\":\"https:\\\/\\\/filmvilnius.com\\\/#\\\/schema\\\/person\\\/8572c7f289890809bfa364d48f8dded5\",\"name\":\"Vilnius Film Office\",\"image\":{\"@type\":\"ImageObject\",\"inLanguage\":\"lt-LT\",\"@id\":\"https:\\\/\\\/secure.gravatar.com\\\/avatar\\\/2f93c625b891dbd84735ed1bd75819d698625d4c37369c60acab5f321b22fbb2?s=96&d=mm&r=g\",\"url\":\"https:\\\/\\\/secure.gravatar.com\\\/avatar\\\/2f93c625b891dbd84735ed1bd75819d698625d4c37369c60acab5f321b22fbb2?s=96&d=mm&r=g\",\"contentUrl\":\"https:\\\/\\\/secure.gravatar.com\\\/avatar\\\/2f93c625b891dbd84735ed1bd75819d698625d4c37369c60acab5f321b22fbb2?s=96&d=mm&r=g\",\"caption\":\"Vilnius Film Office\"},\"url\":\"https:\\\/\\\/filmvilnius.com\\\/lt\\\/author\\\/ce5c1052f3e77e32\\\/\"}]}<\/script>\n<!-- \/ Yoast SEO plugin. -->","yoast_head_json":{"title":"Kino k\u016br\u0117jai Vilni\u0173 renkasi d\u0117l pana\u0161umo \u012f Skandinavijos \u0161ali\u0173 miestus: sostin\u0117 tampa Oslu, Stokholmu ir Kopenhaga - Vilnius film office","robots":{"index":"index","follow":"follow","max-snippet":"max-snippet:-1","max-image-preview":"max-image-preview:large","max-video-preview":"max-video-preview:-1"},"canonical":"https:\/\/filmvilnius.com\/lt\/kino-kurejai-vilniu-renkasi-del-panasumo-i-skandinavijos-saliu-miestus-sostine-tampa-oslu-stokholmu-ir-kopenhaga\/","og_locale":"lt_LT","og_type":"article","og_title":"Kino k\u016br\u0117jai Vilni\u0173 renkasi d\u0117l pana\u0161umo \u012f Skandinavijos \u0161ali\u0173 miestus: sostin\u0117 tampa Oslu, Stokholmu ir Kopenhaga - Vilnius film office","og_description":"Vilnius kino ekranuose vis da\u017eniau virsta Skandinavijos \u0161ali\u0173 miestais. \u0160\u012f ruden\u012f sostin\u0117 jau suvaidino Osl\u0105 ir Stokholm\u0105, o netrukus \u012fk\u016bnys ir ateities Kopenhag\u0105. \u012edomu tai, kad Vilniuje filmuojamos labai \u012fvairios produkcijos \u2013 magi\u0161kojo realizmo, futuristin\u0117s istorijos, vaidybiniai serialai, tikr\u0173 \u012fvyki\u0173 inspiruotos dramos, kriminaliniai detektyvai ir muzikiniai klipai. Ne i\u0161imtis ir pirmasis \u017eiemos m\u0117nuo \u2013 gerai [&hellip;]","og_url":"https:\/\/filmvilnius.com\/lt\/kino-kurejai-vilniu-renkasi-del-panasumo-i-skandinavijos-saliu-miestus-sostine-tampa-oslu-stokholmu-ir-kopenhaga\/","og_site_name":"Vilnius film office","article_publisher":"https:\/\/www.facebook.com\/filmvilnius","article_published_time":"2023-12-11T07:22:57+00:00","article_modified_time":"2026-04-28T07:25:46+00:00","og_image":[{"width":1280,"height":853,"url":"https:\/\/filmvilnius.com\/wp-content\/uploads\/2023\/12\/Lukas_Salna.jpg","type":"image\/jpeg"}],"author":"Vilnius Film Office","twitter_card":"summary_large_image","twitter_creator":"@FilmVilnius","twitter_site":"@FilmVilnius","twitter_misc":{"Written by":"Vilnius Film Office","Est. reading time":"4 minut\u0117s"},"schema":{"@context":"https:\/\/schema.org","@graph":[{"@type":"Article","@id":"https:\/\/filmvilnius.com\/lt\/kino-kurejai-vilniu-renkasi-del-panasumo-i-skandinavijos-saliu-miestus-sostine-tampa-oslu-stokholmu-ir-kopenhaga\/#article","isPartOf":{"@id":"https:\/\/filmvilnius.com\/lt\/kino-kurejai-vilniu-renkasi-del-panasumo-i-skandinavijos-saliu-miestus-sostine-tampa-oslu-stokholmu-ir-kopenhaga\/"},"author":{"name":"Vilnius Film Office","@id":"https:\/\/filmvilnius.com\/#\/schema\/person\/8572c7f289890809bfa364d48f8dded5"},"headline":"Kino k\u016br\u0117jai Vilni\u0173 renkasi d\u0117l pana\u0161umo \u012f Skandinavijos \u0161ali\u0173 miestus: sostin\u0117 tampa Oslu, Stokholmu ir Kopenhaga","datePublished":"2023-12-11T07:22:57+00:00","dateModified":"2026-04-28T07:25:46+00:00","mainEntityOfPage":{"@id":"https:\/\/filmvilnius.com\/lt\/kino-kurejai-vilniu-renkasi-del-panasumo-i-skandinavijos-saliu-miestus-sostine-tampa-oslu-stokholmu-ir-kopenhaga\/"},"wordCount":841,"publisher":{"@id":"https:\/\/filmvilnius.com\/#organization"},"image":{"@id":"https:\/\/filmvilnius.com\/lt\/kino-kurejai-vilniu-renkasi-del-panasumo-i-skandinavijos-saliu-miestus-sostine-tampa-oslu-stokholmu-ir-kopenhaga\/#primaryimage"},"thumbnailUrl":"https:\/\/filmvilnius.com\/wp-content\/uploads\/2023\/12\/Lukas_Salna.jpg","articleSection":["Filmavimai Vilniuje","Naujienos"],"inLanguage":"lt-LT"},{"@type":"WebPage","@id":"https:\/\/filmvilnius.com\/lt\/kino-kurejai-vilniu-renkasi-del-panasumo-i-skandinavijos-saliu-miestus-sostine-tampa-oslu-stokholmu-ir-kopenhaga\/","url":"https:\/\/filmvilnius.com\/lt\/kino-kurejai-vilniu-renkasi-del-panasumo-i-skandinavijos-saliu-miestus-sostine-tampa-oslu-stokholmu-ir-kopenhaga\/","name":"Kino k\u016br\u0117jai Vilni\u0173 renkasi d\u0117l pana\u0161umo \u012f Skandinavijos \u0161ali\u0173 miestus: sostin\u0117 tampa Oslu, Stokholmu ir Kopenhaga - Vilnius film office","isPartOf":{"@id":"https:\/\/filmvilnius.com\/#website"},"primaryImageOfPage":{"@id":"https:\/\/filmvilnius.com\/lt\/kino-kurejai-vilniu-renkasi-del-panasumo-i-skandinavijos-saliu-miestus-sostine-tampa-oslu-stokholmu-ir-kopenhaga\/#primaryimage"},"image":{"@id":"https:\/\/filmvilnius.com\/lt\/kino-kurejai-vilniu-renkasi-del-panasumo-i-skandinavijos-saliu-miestus-sostine-tampa-oslu-stokholmu-ir-kopenhaga\/#primaryimage"},"thumbnailUrl":"https:\/\/filmvilnius.com\/wp-content\/uploads\/2023\/12\/Lukas_Salna.jpg","datePublished":"2023-12-11T07:22:57+00:00","dateModified":"2026-04-28T07:25:46+00:00","breadcrumb":{"@id":"https:\/\/filmvilnius.com\/lt\/kino-kurejai-vilniu-renkasi-del-panasumo-i-skandinavijos-saliu-miestus-sostine-tampa-oslu-stokholmu-ir-kopenhaga\/#breadcrumb"},"inLanguage":"lt-LT","potentialAction":[{"@type":"ReadAction","target":["https:\/\/filmvilnius.com\/lt\/kino-kurejai-vilniu-renkasi-del-panasumo-i-skandinavijos-saliu-miestus-sostine-tampa-oslu-stokholmu-ir-kopenhaga\/"]}]},{"@type":"ImageObject","inLanguage":"lt-LT","@id":"https:\/\/filmvilnius.com\/lt\/kino-kurejai-vilniu-renkasi-del-panasumo-i-skandinavijos-saliu-miestus-sostine-tampa-oslu-stokholmu-ir-kopenhaga\/#primaryimage","url":"https:\/\/filmvilnius.com\/wp-content\/uploads\/2023\/12\/Lukas_Salna.jpg","contentUrl":"https:\/\/filmvilnius.com\/wp-content\/uploads\/2023\/12\/Lukas_Salna.jpg","width":1280,"height":853},{"@type":"BreadcrumbList","@id":"https:\/\/filmvilnius.com\/lt\/kino-kurejai-vilniu-renkasi-del-panasumo-i-skandinavijos-saliu-miestus-sostine-tampa-oslu-stokholmu-ir-kopenhaga\/#breadcrumb","itemListElement":[{"@type":"ListItem","position":1,"name":"Home","item":"https:\/\/filmvilnius.com\/lt\/"},{"@type":"ListItem","position":2,"name":"Kino k\u016br\u0117jai Vilni\u0173 renkasi d\u0117l pana\u0161umo \u012f Skandinavijos \u0161ali\u0173 miestus: sostin\u0117 tampa Oslu, Stokholmu ir Kopenhaga"}]},{"@type":"WebSite","@id":"https:\/\/filmvilnius.com\/#website","url":"https:\/\/filmvilnius.com\/","name":"Vilnius film office","description":"","publisher":{"@id":"https:\/\/filmvilnius.com\/#organization"},"potentialAction":[{"@type":"SearchAction","target":{"@type":"EntryPoint","urlTemplate":"https:\/\/filmvilnius.com\/?s={search_term_string}"},"query-input":{"@type":"PropertyValueSpecification","valueRequired":true,"valueName":"search_term_string"}}],"inLanguage":"lt-LT"},{"@type":"Organization","@id":"https:\/\/filmvilnius.com\/#organization","name":"Vilniaus kino biuras","url":"https:\/\/filmvilnius.com\/","logo":{"@type":"ImageObject","inLanguage":"lt-LT","@id":"https:\/\/filmvilnius.com\/#\/schema\/logo\/image\/","url":"https:\/\/filmvilnius.com\/wp-content\/uploads\/2022\/12\/VKB-Logo-2022-EN-2-V.jpg","contentUrl":"https:\/\/filmvilnius.com\/wp-content\/uploads\/2022\/12\/VKB-Logo-2022-EN-2-V.jpg","width":1419,"height":1418,"caption":"Vilniaus kino biuras"},"image":{"@id":"https:\/\/filmvilnius.com\/#\/schema\/logo\/image\/"},"sameAs":["https:\/\/www.facebook.com\/filmvilnius","https:\/\/x.com\/FilmVilnius","https:\/\/www.instagram.com\/filmvilnius\/"]},{"@type":"Person","@id":"https:\/\/filmvilnius.com\/#\/schema\/person\/8572c7f289890809bfa364d48f8dded5","name":"Vilnius Film Office","image":{"@type":"ImageObject","inLanguage":"lt-LT","@id":"https:\/\/secure.gravatar.com\/avatar\/2f93c625b891dbd84735ed1bd75819d698625d4c37369c60acab5f321b22fbb2?s=96&d=mm&r=g","url":"https:\/\/secure.gravatar.com\/avatar\/2f93c625b891dbd84735ed1bd75819d698625d4c37369c60acab5f321b22fbb2?s=96&d=mm&r=g","contentUrl":"https:\/\/secure.gravatar.com\/avatar\/2f93c625b891dbd84735ed1bd75819d698625d4c37369c60acab5f321b22fbb2?s=96&d=mm&r=g","caption":"Vilnius Film Office"},"url":"https:\/\/filmvilnius.com\/lt\/author\/ce5c1052f3e77e32\/"}]}},"_links":{"self":[{"href":"https:\/\/filmvilnius.com\/lt\/wp-json\/wp\/v2\/posts\/22249","targetHints":{"allow":["GET"]}}],"collection":[{"href":"https:\/\/filmvilnius.com\/lt\/wp-json\/wp\/v2\/posts"}],"about":[{"href":"https:\/\/filmvilnius.com\/lt\/wp-json\/wp\/v2\/types\/post"}],"author":[{"embeddable":true,"href":"https:\/\/filmvilnius.com\/lt\/wp-json\/wp\/v2\/users\/6"}],"replies":[{"embeddable":true,"href":"https:\/\/filmvilnius.com\/lt\/wp-json\/wp\/v2\/comments?post=22249"}],"version-history":[{"count":4,"href":"https:\/\/filmvilnius.com\/lt\/wp-json\/wp\/v2\/posts\/22249\/revisions"}],"predecessor-version":[{"id":22260,"href":"https:\/\/filmvilnius.com\/lt\/wp-json\/wp\/v2\/posts\/22249\/revisions\/22260"}],"wp:featuredmedia":[{"embeddable":true,"href":"https:\/\/filmvilnius.com\/lt\/wp-json\/wp\/v2\/media\/22250"}],"wp:attachment":[{"href":"https:\/\/filmvilnius.com\/lt\/wp-json\/wp\/v2\/media?parent=22249"}],"wp:term":[{"taxonomy":"category","embeddable":true,"href":"https:\/\/filmvilnius.com\/lt\/wp-json\/wp\/v2\/categories?post=22249"},{"taxonomy":"post_tag","embeddable":true,"href":"https:\/\/filmvilnius.com\/lt\/wp-json\/wp\/v2\/tags?post=22249"}],"curies":[{"name":"wp","href":"https:\/\/api.w.org\/{rel}","templated":true}]}}