{"id":22278,"date":"2023-12-15T08:30:23","date_gmt":"2023-12-15T08:30:23","guid":{"rendered":"https:\/\/filmvilnius.com\/?p=22278"},"modified":"2026-04-28T09:25:38","modified_gmt":"2026-04-28T07:25:38","slug":"dokumentinio-animacinio-filmo-prodiusere-juste-michailinaite-didziuojuosi-rezultatu-kuri-pasieke-lietuvos-animacijos-kurejai","status":"publish","type":"post","link":"https:\/\/filmvilnius.com\/lt\/dokumentinio-animacinio-filmo-prodiusere-juste-michailinaite-didziuojuosi-rezultatu-kuri-pasieke-lietuvos-animacijos-kurejai\/","title":{"rendered":"Dokumentinio-animacinio filmo prodiuser\u0117 Just\u0117 Michailinait\u0117: \u201eDid\u017eiuojuosi rezultatu, kur\u012f pasiek\u0117 Lietuvos animacijos k\u016br\u0117jai\u201c"},"content":{"rendered":"\n<p><em>Neseniai kino teatruose pasirod\u0117 dokumentinis-animacinis filmas \u201eSiel\u0173 aukcionas. Ne\u012ftik\u0117tina Auroros Mardiganian istorija\u201c, pasakojantis apie genocid\u0105 i\u0161gyvenusi\u0105 jaun\u0105 arm\u0117n\u0119 ir ne\u012ftik\u0117tin\u0105 jos kelion\u0119 \u012f Holivud\u0105. Viena \u0161io jautrus ir \u0161okiruojan\u010dio filmo prodiuseri\u0173 \u2013 re\u017eisier\u0117, Lietuvos animacijos asociacijos prezident\u0117 Just\u0117 Michailinait\u0117.&nbsp;Autenti\u0161ko filmo kelion\u0119 \u0161iandien prilyginanti Odis\u0117jai, prodiuser\u0117 neabejoja nei filmo prasmingumu ar svarba, nei mil\u017eini\u0161ku Lietuvos animacijos k\u016br\u0117j\u0173 ind\u0117liu. Apie darb\u0105 kine, susitikimus su \u017ei\u016brovais, projekt\u0105, kuris a\u0161aroti priver\u010dia ir \u0161iandien bei tai, kur link juda m\u016bs\u0173 \u0161alies animacija \u2013 pilname pokalbyje.<\/em><\/p>\n\n\n\n<p><strong>\u2013 <\/strong><strong>Kino teatruose neseniai pasirod\u0117 filmas \u201eSiel\u0173 aukcionas. Ne\u012ftik\u0117tina Auroros Mardiganian istorija\u201c. Koks jausmas filmui apkeliavus pasaul\u012f j\u012f parodyti Lietuvos \u017ei\u016brovams?&nbsp;<\/strong><\/p>\n\n\n\n<p>Tai yra viena gra\u017eiausi\u0173&nbsp; mano darbo dali\u0173 \u2013&nbsp; gali ir v\u0117l susitikti su komanda, matyti \u017emoni\u0173 reakcijas, \u017einoti, ar filmas juos paliet\u0117. Tai pa\u017eymi nueito kelio pabaig\u0105 ir \u012fkvepia naujiems projektams.<\/p>\n\n\n\n<p>\u0160is filmas Lietuvoje jau tur\u0117jo festivalin\u0119 premjer\u0105, ta\u010diau kiekvien\u0105 kart\u0105 pristatant film\u0105 \u017ei\u016brovams, apima jaudulys. Did\u017eiuojuosi rezultatu, kur\u012f pasiek\u0117 Lietuvos animacijos k\u016br\u0117jai. I\u0161 90 minu\u010di\u0173 filmo, 60 minu\u010di\u0173 sudaro animacija, kuri\u0105 beveik vis\u0105 suk\u016br\u0117 m\u016bs\u0173 \u0161alies menininkai. Kiekvien\u0105 kart\u0105 \u017ei\u016br\u0117dama film\u0105 suvokiu, kok\u012f did\u017eiul\u012f darb\u0105, nepaisant \u012fvairi\u0173 i\u0161\u0161\u016bki\u0173, mes, kartu su Arm\u0117nijos ir Vokietijos k\u016br\u0117jais, padar\u0117me.&nbsp;<\/p>\n\n\n\n<figure class=\"wp-block-image size-large is-style-default\"><img fetchpriority=\"high\" decoding=\"async\" width=\"1024\" height=\"576\" src=\"https:\/\/filmvilnius.com\/wp-content\/uploads\/2023\/12\/Sielu-aukcionas.-Neitiketina-Auroros-Mardiganian-istorija-filmo-kadras-1-1024x576.webp\" alt=\"\" class=\"wp-image-22279\" style=\"object-fit:cover\" srcset=\"https:\/\/filmvilnius.com\/wp-content\/uploads\/2023\/12\/Sielu-aukcionas.-Neitiketina-Auroros-Mardiganian-istorija-filmo-kadras-1-1024x576.webp 1024w, https:\/\/filmvilnius.com\/wp-content\/uploads\/2023\/12\/Sielu-aukcionas.-Neitiketina-Auroros-Mardiganian-istorija-filmo-kadras-1-300x169.webp 300w, https:\/\/filmvilnius.com\/wp-content\/uploads\/2023\/12\/Sielu-aukcionas.-Neitiketina-Auroros-Mardiganian-istorija-filmo-kadras-1-768x432.webp 768w, https:\/\/filmvilnius.com\/wp-content\/uploads\/2023\/12\/Sielu-aukcionas.-Neitiketina-Auroros-Mardiganian-istorija-filmo-kadras-1.webp 1280w\" sizes=\"(max-width: 1024px) 100vw, 1024px\" \/><figcaption class=\"wp-element-caption\">Kadras i\u0161 filmo \u201eSiel\u0173 aukcionas. Ne\u012ftik\u0117tina Auroros Mardiganian istorija\u201c<\/figcaption><\/figure>\n\n\n\n<figure class=\"wp-block-image size-large\"><img decoding=\"async\" width=\"1024\" height=\"540\" src=\"https:\/\/filmvilnius.com\/wp-content\/uploads\/2023\/12\/Sielu-aukcionas.-Neitiketina-Auroros-Mardiganian-istorija-filmo-kadras-1024x540.png\" alt=\"\" class=\"wp-image-22281\" srcset=\"https:\/\/filmvilnius.com\/wp-content\/uploads\/2023\/12\/Sielu-aukcionas.-Neitiketina-Auroros-Mardiganian-istorija-filmo-kadras-1024x540.png 1024w, https:\/\/filmvilnius.com\/wp-content\/uploads\/2023\/12\/Sielu-aukcionas.-Neitiketina-Auroros-Mardiganian-istorija-filmo-kadras-300x158.png 300w, https:\/\/filmvilnius.com\/wp-content\/uploads\/2023\/12\/Sielu-aukcionas.-Neitiketina-Auroros-Mardiganian-istorija-filmo-kadras-768x405.png 768w, https:\/\/filmvilnius.com\/wp-content\/uploads\/2023\/12\/Sielu-aukcionas.-Neitiketina-Auroros-Mardiganian-istorija-filmo-kadras-1536x810.png 1536w, https:\/\/filmvilnius.com\/wp-content\/uploads\/2023\/12\/Sielu-aukcionas.-Neitiketina-Auroros-Mardiganian-istorija-filmo-kadras.png 1920w\" sizes=\"(max-width: 1024px) 100vw, 1024px\" \/><figcaption class=\"wp-element-caption\">Kadras i\u0161 filmo \u201eSiel\u0173 aukcionas. Ne\u012ftik\u0117tina Auroros Mardiganian istorija\u201c<\/figcaption><\/figure>\n\n\n\n<p><strong>\u2013 <\/strong><strong>O kaip tave paliet\u0117 \u0161io animacinio<\/strong>\u2013<strong>dokumentinio filmo kelion\u0117 <\/strong>\u2013<strong> pats k\u016brybinis procesas, festivaliai, Azijos ir Ramiojo vandenyno regiono kino akademijos apdovanojimuose pelnytas \u012fvertinimas?<\/strong><\/p>\n\n\n\n<p>\u2013 \u0160is filmas mano kelyje atsirado kaip dokumentinis, ne kaip animacinis projektas. Tod\u0117l, vis\u0173 pirma, supratau, kad animacija yra visai kitokia kino r\u016b\u0161is, reikalaujanti specifini\u0173 \u017eini\u0173. Niekada nebuvau ypa\u010d didel\u0117 europin\u0117s animacijos gerb\u0117ja ar steb\u0117toja. Visiems sakau, kad animacija mane tiesiog \u201ei\u0161tiko\u201c, o jei b\u016b\u010diau \u017einojusi, kiek pastang\u0173, laiko ir finans\u0173 ji kainuoja, prie\u0161 imdamasi \u0161io filmo b\u016b\u010diau pagalvojusi du kartus. Tai buvo did\u017eiul\u0117 Odis\u0117ja.&nbsp;<\/p>\n\n\n\n<p>Filme vienas i\u0161 kontekst\u0173 \u2013 arm\u0117n\u0173 genocido istorija, tod\u0117l teko daug dom\u0117tis apie \u0161iuos tragi\u0161kus \u012fvykius. Visa komanda tarsi ugtel\u0117jo bendra\u017emogi\u0161kame kontekste, ne tik su\u017einojo apie sud\u0117ting\u0105 istorij\u0105, bet j\u0105 perpasakojo kitiems. Nesl\u0117psiu, kad kuriant film\u0105 nema\u017eai pykom\u0117s d\u0117l k\u016brybini\u0173 sprendim\u0173, bet visi \u017einojome, kad stengiam\u0117s d\u0117l didesnio tikslo ir geresnio rezultato. Galiausiai, kuriant film\u0105, susitapatini ne tik su pagrindine veik\u0117ja, bet ir tauta, su kuria kartu dirbi. Tod\u0117l Arm\u0117nija tapo itin artima&nbsp; \u0161alimi \u2013 jautriai reaguojame \u012f visus \u012fvykius, vykstan\u010dius toje \u0161alyje. Taip pat vystome naujus projektus kartu.&nbsp;<\/p>\n\n\n\n<p><strong>\u2013 \u0160\u012f ir daugyb\u0119 kit\u0173 projekt\u0173 esate \u012fgyvendin\u0119 kartu su prodiuseriu K\u0119stu\u010diu Drazdausku. Kaip susipa\u017einote ir kiek met\u0173 kartu dirbate?<\/strong><\/p>\n\n\n\n<p>\u2013 Galb\u016bt skamb\u0117s keistai, bet su K\u0119stu\u010diu susipa\u017einome per muzik\u0105. Prie\u0161 daugyb\u0119 met\u0173 buvau Aist\u0117s Smilgevi\u010di\u016bt\u0117s ir grup\u0117s \u201eSkyl\u0117\u201c vadybinink\u0117, kurios narys yra K\u0119stutis. \u0160iandien sunku suskai\u010diuoti, kiek kartu dirbame \u2013 kine bent jau a\u0161tuonerius metus, o skai\u010diuojant kitus projektus, tikriausiai, i\u0161eit\u0173 de\u0161imtmetis. Jis yra vienas i\u0161 t\u0173 \u017emoni\u0173, kuriuo pasitikiu \u0161imtu procent\u0173. Kartu pra\u0117jome daug skirting\u0173 etap\u0173, komandoje dirbome daugiau nei de\u0161imt met\u0173 ir vis dar norime kartu daryti projektus \u2013 did\u017eiul\u0117 s\u0117km\u0117 pa\u017einti tok\u012f \u017emog\u0173 ir tur\u0117ti tok\u012f koleg\u0105.<\/p>\n\n\n\n<figure class=\"wp-block-image size-large\"><img decoding=\"async\" width=\"1024\" height=\"683\" src=\"https:\/\/filmvilnius.com\/wp-content\/uploads\/2023\/12\/Juste-Michailinaite-ir-Kestutis-Drazdauskas_nuotr.-Jacqueline-Bawtree-1024x683.jpeg\" alt=\"\" class=\"wp-image-22283\" srcset=\"https:\/\/filmvilnius.com\/wp-content\/uploads\/2023\/12\/Juste-Michailinaite-ir-Kestutis-Drazdauskas_nuotr.-Jacqueline-Bawtree-1024x683.jpeg 1024w, https:\/\/filmvilnius.com\/wp-content\/uploads\/2023\/12\/Juste-Michailinaite-ir-Kestutis-Drazdauskas_nuotr.-Jacqueline-Bawtree-300x200.jpeg 300w, https:\/\/filmvilnius.com\/wp-content\/uploads\/2023\/12\/Juste-Michailinaite-ir-Kestutis-Drazdauskas_nuotr.-Jacqueline-Bawtree-768x512.jpeg 768w, https:\/\/filmvilnius.com\/wp-content\/uploads\/2023\/12\/Juste-Michailinaite-ir-Kestutis-Drazdauskas_nuotr.-Jacqueline-Bawtree-1536x1024.jpeg 1536w, https:\/\/filmvilnius.com\/wp-content\/uploads\/2023\/12\/Juste-Michailinaite-ir-Kestutis-Drazdauskas_nuotr.-Jacqueline-Bawtree-2048x1365.jpeg 2048w\" sizes=\"(max-width: 1024px) 100vw, 1024px\" \/><figcaption class=\"wp-element-caption\">Just\u0117 Michailinait\u0117 ir K\u0119stutis Drazdauskas | Jacqueline Bawtree nuotr.<\/figcaption><\/figure>\n\n\n\n<p><strong>\u2013 <\/strong><strong>A\u0161tuoneri metai kine <\/strong>\u2013<strong> ar prisimeni pirm\u0105j\u012f savo prodiusuot\u0105 film\u0105?<\/strong><\/p>\n\n\n\n<p>\u2013 Tai buvo nuostabus dokumentinis filmas, pavadinimu \u201e100 met\u0173 kartu\u201c. Lietuvos nepriklausomyb\u0117s atk\u016brimo \u0161imtme\u010diui kuriamam filmui kalbinome \u017emones, sulaukusius \u0161imto ar daugiau met\u0173. Jie visi gyveno labai sud\u0117tingais laikais, bet savyje i\u0161laik\u0117 daug pozityvumo ir \u0161viesos. Tai labai \u017ei\u016brovi\u0161kas filmas. Net ir \u0161iandien kalb\u0117dama apie j\u012f jau\u010diu, kaip u\u017esidega akys \u2013 \u0161viesi, \u012fkvepianti patirtis. \u017di\u016br\u0117dama \u0161\u012f film\u0105 visada a\u0161aroju, labiausiai tuomet, kai prab\u0117ga titrai su m\u016bs\u0173 veik\u0117j\u0173 pavard\u0117mis.&nbsp;<\/p>\n\n\n\n<p><strong>\u2013 <\/strong><strong>\u0160iandien ne tik re\u017eisuoji ir prodiusuoji filmus, bet esi Lietuvos animacijos asociacijos prezident\u0117. Kokias tendencijas matai Lietuvos animacijos lauke?<\/strong><\/p>\n\n\n\n<p>\u2013 Lietuvoje dar neturime labai stiprios animacijos k\u016brimo ar animacini\u0173 film\u0173 \u017ei\u016br\u0117jimo tradicijos. Matome, kad da\u017enai \u0161ios juostos sulaukia nedaug \u017ei\u016brov\u0173. Galb\u016bt Lietuvoje esame priprat\u0119 prie <em>holivudin\u0117s<\/em>, greitos, ry\u0161kios 3D animacijos. Tod\u0117l norisi, bendradarbiaujant su Europos k\u016br\u0117jais ir platintojais, \u012f Lietuv\u0105 atne\u0161ti daugiau europin\u0117s, \u201eindie\u201c animacijos. Tikiu, kad jei tokius filmus rodysime vaikams nuo ma\u017eum\u0117s, u\u017eaug\u0119 jie taip pat da\u017eniau rinksis kitok\u012f, \u201eindie\u201c kin\u0105.&nbsp;<\/p>\n\n\n\n<p>O kalbant apie animacij\u0105 suaugusiems, yra tikrai nuostabi\u0173, suaugusiems skirt\u0173 animacini\u0173 film\u0173 pavyzd\u017ei\u0173 \u2013 \u201eOskarui\u201c nominuota dokumentin\u0117 animacija \u201eFlee\u201c, taip pat labai gra\u017eus filmas \u201eJoseph\u201c. Jie sugeba taip perkelti \u012f pasakojam\u0105 istorij\u0105, viet\u0105, aplinkybes, kad net nebesupranti, jog filmas yra pie\u0161tinis.<\/p>\n\n\n\n<p>Lietuva turi puiki\u0173 animacijos k\u016br\u0117j\u0173. Jie animacijoje palie\u010dia svarbias asmenines ir socialines temas, bet mums dar tr\u016bksta didesn\u0117s apimties projekt\u0173 ir finansini\u0173 galimybi\u0173, kad gal\u0117tume spar\u010diau auginti animacijos k\u016br\u0117jus, industrij\u0105.<\/p>\n\n\n\n<p><strong>\u2013 <\/strong><strong>Esi ir prodiuser\u0117, ir Lietuvos animacijos asociacijos prezident\u0117, ir re\u017eisier\u0117 <\/strong>\u2013<strong> i\u0161 kur atsirado susi\u017eav\u0117jimas kinu, k\u0105 tau pa\u010diai \u0161is darbas dovanoja?<\/strong><\/p>\n\n\n\n<p>\u2013 Nesu&nbsp; gyvenime tur\u0117jusi tik vieno darbo, nes man visada atrod\u0117, kad noriu daug k\u0105 pabandyti. Ir dabar ne tik prodiusuoju \u2013 esu \u012fsitikinusi, kad tai augina mane kaip \u017emog\u0173, praple\u010dia horizontus, i\u0161moko dirbti su skirtingais \u017emon\u0117mis, skirting\u0173 tiksl\u0173 turin\u010diomis komandomis.&nbsp;<\/p>\n\n\n\n<p>Tam, kad dirbtum kine, reikia geb\u0117ti valdyti stresines situacijas. Esu veiklus \u017emogus, man sunkiausia yra nieko neveikti, \u017einau, kad kuo daugiau plan\u0173 turiu, tuo daugiau padarau. Kiekvienas projektas rei\u0161kia nauj\u0105 re\u017eisieri\u0173, o naujas re\u017eisierius rei\u0161kia nauj\u0105 gamybos model\u012f. Prodiuserio ir re\u017eisieriaus ry\u0161ys labai glaudus, daug laiko praleidi kartu, tod\u0117l kiekvien\u0105 kart\u0105 i\u0161moksti bendrauti su vis kitais \u017emon\u0117mis, asmenyb\u0117mis, turin\u010diomis stipri\u0105 k\u016brybin\u0119 vizij\u0105. \u0160ie \u017emon\u0117s, tam tikram laikui, tampa tavo artimiausiais \u017emon\u0117mis.<\/p>\n\n\n\n<p><strong>\u2013 D\u0117koju u\u017e pokalb\u012f.<\/strong><\/p>\n","protected":false},"excerpt":{"rendered":"<p>Neseniai kino teatruose pasirod\u0117 dokumentinis-animacinis filmas \u201eSiel\u0173 aukcionas. Ne\u012ftik\u0117tina Auroros Mardiganian istorija\u201c, pasakojantis apie genocid\u0105 i\u0161gyvenusi\u0105 jaun\u0105 arm\u0117n\u0119 ir ne\u012ftik\u0117tin\u0105 jos kelion\u0119 \u012f Holivud\u0105. Viena \u0161io jautrus ir \u0161okiruojan\u010dio filmo prodiuseri\u0173 \u2013 re\u017eisier\u0117, Lietuvos animacijos asociacijos prezident\u0117 Just\u0117 Michailinait\u0117.&nbsp;Autenti\u0161ko filmo kelion\u0119 \u0161iandien prilyginanti Odis\u0117jai, prodiuser\u0117 neabejoja nei filmo prasmingumu ar svarba, nei mil\u017eini\u0161ku Lietuvos animacijos [&hellip;]<\/p>\n","protected":false},"author":6,"featured_media":22285,"comment_status":"closed","ping_status":"open","sticky":false,"template":"","format":"standard","meta":{"_acf_changed":false,"_monsterinsights_skip_tracking":false,"_monsterinsights_sitenote_active":false,"_monsterinsights_sitenote_note":"","_monsterinsights_sitenote_category":0,"footnotes":""},"categories":[161,58],"tags":[],"class_list":["post-22278","post","type-post","status-publish","format-standard","has-post-thumbnail","hentry","category-interviu","category-news"],"acf":[],"yoast_head":"<!-- This site is optimized with the Yoast SEO plugin v27.4 - https:\/\/yoast.com\/product\/yoast-seo-wordpress\/ -->\n<title>Dokumentinio-animacinio filmo prodiuser\u0117 Just\u0117 Michailinait\u0117: \u201eDid\u017eiuojuosi rezultatu, kur\u012f pasiek\u0117 Lietuvos animacijos k\u016br\u0117jai\u201c - Vilnius film office<\/title>\n<meta name=\"description\" content=\"Apie darb\u0105 kine, susitikimus su \u017ei\u016brovais, bei tai, kur link juda m\u016bs\u0173 \u0161alies animacija pasakoja Just\u0117 Michailinait\u0117\" \/>\n<meta name=\"robots\" content=\"index, follow, max-snippet:-1, max-image-preview:large, max-video-preview:-1\" \/>\n<link rel=\"canonical\" href=\"https:\/\/filmvilnius.com\/lt\/dokumentinio-animacinio-filmo-prodiusere-juste-michailinaite-didziuojuosi-rezultatu-kuri-pasieke-lietuvos-animacijos-kurejai\/\" \/>\n<meta property=\"og:locale\" content=\"lt_LT\" \/>\n<meta property=\"og:type\" content=\"article\" \/>\n<meta property=\"og:title\" content=\"Dokumentinio-animacinio filmo prodiuser\u0117 Just\u0117 Michailinait\u0117: \u201eDid\u017eiuojuosi rezultatu, kur\u012f pasiek\u0117 Lietuvos animacijos k\u016br\u0117jai\u201c - Vilnius film office\" \/>\n<meta property=\"og:description\" content=\"Apie darb\u0105 kine, susitikimus su \u017ei\u016brovais, bei tai, kur link juda m\u016bs\u0173 \u0161alies animacija pasakoja Just\u0117 Michailinait\u0117\" \/>\n<meta property=\"og:url\" content=\"https:\/\/filmvilnius.com\/lt\/dokumentinio-animacinio-filmo-prodiusere-juste-michailinaite-didziuojuosi-rezultatu-kuri-pasieke-lietuvos-animacijos-kurejai\/\" \/>\n<meta property=\"og:site_name\" content=\"Vilnius film office\" \/>\n<meta property=\"article:publisher\" content=\"https:\/\/www.facebook.com\/filmvilnius\" \/>\n<meta property=\"article:published_time\" content=\"2023-12-15T08:30:23+00:00\" \/>\n<meta property=\"article:modified_time\" content=\"2026-04-28T07:25:38+00:00\" \/>\n<meta property=\"og:image\" content=\"https:\/\/filmvilnius.com\/wp-content\/uploads\/2023\/12\/J.Michailinaite-asmeninio-archyvo-nuotr-scaled.jpeg\" \/>\n\t<meta property=\"og:image:width\" content=\"2560\" \/>\n\t<meta property=\"og:image:height\" content=\"1707\" \/>\n\t<meta property=\"og:image:type\" content=\"image\/jpeg\" \/>\n<meta name=\"author\" content=\"Vilnius Film Office\" \/>\n<meta name=\"twitter:card\" content=\"summary_large_image\" \/>\n<meta name=\"twitter:creator\" content=\"@FilmVilnius\" \/>\n<meta name=\"twitter:site\" content=\"@FilmVilnius\" \/>\n<meta name=\"twitter:label1\" content=\"Written by\" \/>\n\t<meta name=\"twitter:data1\" content=\"Vilnius Film Office\" \/>\n\t<meta name=\"twitter:label2\" content=\"Est. reading time\" \/>\n\t<meta name=\"twitter:data2\" content=\"5 minut\u0117s\" \/>\n<script type=\"application\/ld+json\" class=\"yoast-schema-graph\">{\"@context\":\"https:\\\/\\\/schema.org\",\"@graph\":[{\"@type\":\"Article\",\"@id\":\"https:\\\/\\\/filmvilnius.com\\\/lt\\\/dokumentinio-animacinio-filmo-prodiusere-juste-michailinaite-didziuojuosi-rezultatu-kuri-pasieke-lietuvos-animacijos-kurejai\\\/#article\",\"isPartOf\":{\"@id\":\"https:\\\/\\\/filmvilnius.com\\\/lt\\\/dokumentinio-animacinio-filmo-prodiusere-juste-michailinaite-didziuojuosi-rezultatu-kuri-pasieke-lietuvos-animacijos-kurejai\\\/\"},\"author\":{\"name\":\"Vilnius Film Office\",\"@id\":\"https:\\\/\\\/filmvilnius.com\\\/#\\\/schema\\\/person\\\/8572c7f289890809bfa364d48f8dded5\"},\"headline\":\"Dokumentinio-animacinio filmo prodiuser\u0117 Just\u0117 Michailinait\u0117: \u201eDid\u017eiuojuosi rezultatu, kur\u012f pasiek\u0117 Lietuvos animacijos k\u016br\u0117jai\u201c\",\"datePublished\":\"2023-12-15T08:30:23+00:00\",\"dateModified\":\"2026-04-28T07:25:38+00:00\",\"mainEntityOfPage\":{\"@id\":\"https:\\\/\\\/filmvilnius.com\\\/lt\\\/dokumentinio-animacinio-filmo-prodiusere-juste-michailinaite-didziuojuosi-rezultatu-kuri-pasieke-lietuvos-animacijos-kurejai\\\/\"},\"wordCount\":1039,\"publisher\":{\"@id\":\"https:\\\/\\\/filmvilnius.com\\\/#organization\"},\"image\":{\"@id\":\"https:\\\/\\\/filmvilnius.com\\\/lt\\\/dokumentinio-animacinio-filmo-prodiusere-juste-michailinaite-didziuojuosi-rezultatu-kuri-pasieke-lietuvos-animacijos-kurejai\\\/#primaryimage\"},\"thumbnailUrl\":\"https:\\\/\\\/filmvilnius.com\\\/wp-content\\\/uploads\\\/2023\\\/12\\\/J.Michailinaite-asmeninio-archyvo-nuotr-scaled.jpeg\",\"articleSection\":[\"Interviu\",\"Naujienos\"],\"inLanguage\":\"lt-LT\"},{\"@type\":\"WebPage\",\"@id\":\"https:\\\/\\\/filmvilnius.com\\\/lt\\\/dokumentinio-animacinio-filmo-prodiusere-juste-michailinaite-didziuojuosi-rezultatu-kuri-pasieke-lietuvos-animacijos-kurejai\\\/\",\"url\":\"https:\\\/\\\/filmvilnius.com\\\/lt\\\/dokumentinio-animacinio-filmo-prodiusere-juste-michailinaite-didziuojuosi-rezultatu-kuri-pasieke-lietuvos-animacijos-kurejai\\\/\",\"name\":\"Dokumentinio-animacinio filmo prodiuser\u0117 Just\u0117 Michailinait\u0117: \u201eDid\u017eiuojuosi rezultatu, kur\u012f pasiek\u0117 Lietuvos animacijos k\u016br\u0117jai\u201c - Vilnius film office\",\"isPartOf\":{\"@id\":\"https:\\\/\\\/filmvilnius.com\\\/#website\"},\"primaryImageOfPage\":{\"@id\":\"https:\\\/\\\/filmvilnius.com\\\/lt\\\/dokumentinio-animacinio-filmo-prodiusere-juste-michailinaite-didziuojuosi-rezultatu-kuri-pasieke-lietuvos-animacijos-kurejai\\\/#primaryimage\"},\"image\":{\"@id\":\"https:\\\/\\\/filmvilnius.com\\\/lt\\\/dokumentinio-animacinio-filmo-prodiusere-juste-michailinaite-didziuojuosi-rezultatu-kuri-pasieke-lietuvos-animacijos-kurejai\\\/#primaryimage\"},\"thumbnailUrl\":\"https:\\\/\\\/filmvilnius.com\\\/wp-content\\\/uploads\\\/2023\\\/12\\\/J.Michailinaite-asmeninio-archyvo-nuotr-scaled.jpeg\",\"datePublished\":\"2023-12-15T08:30:23+00:00\",\"dateModified\":\"2026-04-28T07:25:38+00:00\",\"description\":\"Apie darb\u0105 kine, susitikimus su \u017ei\u016brovais, bei tai, kur link juda m\u016bs\u0173 \u0161alies animacija pasakoja Just\u0117 Michailinait\u0117\",\"breadcrumb\":{\"@id\":\"https:\\\/\\\/filmvilnius.com\\\/lt\\\/dokumentinio-animacinio-filmo-prodiusere-juste-michailinaite-didziuojuosi-rezultatu-kuri-pasieke-lietuvos-animacijos-kurejai\\\/#breadcrumb\"},\"inLanguage\":\"lt-LT\",\"potentialAction\":[{\"@type\":\"ReadAction\",\"target\":[\"https:\\\/\\\/filmvilnius.com\\\/lt\\\/dokumentinio-animacinio-filmo-prodiusere-juste-michailinaite-didziuojuosi-rezultatu-kuri-pasieke-lietuvos-animacijos-kurejai\\\/\"]}]},{\"@type\":\"ImageObject\",\"inLanguage\":\"lt-LT\",\"@id\":\"https:\\\/\\\/filmvilnius.com\\\/lt\\\/dokumentinio-animacinio-filmo-prodiusere-juste-michailinaite-didziuojuosi-rezultatu-kuri-pasieke-lietuvos-animacijos-kurejai\\\/#primaryimage\",\"url\":\"https:\\\/\\\/filmvilnius.com\\\/wp-content\\\/uploads\\\/2023\\\/12\\\/J.Michailinaite-asmeninio-archyvo-nuotr-scaled.jpeg\",\"contentUrl\":\"https:\\\/\\\/filmvilnius.com\\\/wp-content\\\/uploads\\\/2023\\\/12\\\/J.Michailinaite-asmeninio-archyvo-nuotr-scaled.jpeg\",\"width\":2560,\"height\":1707},{\"@type\":\"BreadcrumbList\",\"@id\":\"https:\\\/\\\/filmvilnius.com\\\/lt\\\/dokumentinio-animacinio-filmo-prodiusere-juste-michailinaite-didziuojuosi-rezultatu-kuri-pasieke-lietuvos-animacijos-kurejai\\\/#breadcrumb\",\"itemListElement\":[{\"@type\":\"ListItem\",\"position\":1,\"name\":\"Home\",\"item\":\"https:\\\/\\\/filmvilnius.com\\\/lt\\\/\"},{\"@type\":\"ListItem\",\"position\":2,\"name\":\"Dokumentinio-animacinio filmo prodiuser\u0117 Just\u0117 Michailinait\u0117: \u201eDid\u017eiuojuosi rezultatu, kur\u012f pasiek\u0117 Lietuvos animacijos k\u016br\u0117jai\u201c\"}]},{\"@type\":\"WebSite\",\"@id\":\"https:\\\/\\\/filmvilnius.com\\\/#website\",\"url\":\"https:\\\/\\\/filmvilnius.com\\\/\",\"name\":\"Vilnius film office\",\"description\":\"\",\"publisher\":{\"@id\":\"https:\\\/\\\/filmvilnius.com\\\/#organization\"},\"potentialAction\":[{\"@type\":\"SearchAction\",\"target\":{\"@type\":\"EntryPoint\",\"urlTemplate\":\"https:\\\/\\\/filmvilnius.com\\\/?s={search_term_string}\"},\"query-input\":{\"@type\":\"PropertyValueSpecification\",\"valueRequired\":true,\"valueName\":\"search_term_string\"}}],\"inLanguage\":\"lt-LT\"},{\"@type\":\"Organization\",\"@id\":\"https:\\\/\\\/filmvilnius.com\\\/#organization\",\"name\":\"Vilniaus kino biuras\",\"url\":\"https:\\\/\\\/filmvilnius.com\\\/\",\"logo\":{\"@type\":\"ImageObject\",\"inLanguage\":\"lt-LT\",\"@id\":\"https:\\\/\\\/filmvilnius.com\\\/#\\\/schema\\\/logo\\\/image\\\/\",\"url\":\"https:\\\/\\\/filmvilnius.com\\\/wp-content\\\/uploads\\\/2022\\\/12\\\/VKB-Logo-2022-EN-2-V.jpg\",\"contentUrl\":\"https:\\\/\\\/filmvilnius.com\\\/wp-content\\\/uploads\\\/2022\\\/12\\\/VKB-Logo-2022-EN-2-V.jpg\",\"width\":1419,\"height\":1418,\"caption\":\"Vilniaus kino biuras\"},\"image\":{\"@id\":\"https:\\\/\\\/filmvilnius.com\\\/#\\\/schema\\\/logo\\\/image\\\/\"},\"sameAs\":[\"https:\\\/\\\/www.facebook.com\\\/filmvilnius\",\"https:\\\/\\\/x.com\\\/FilmVilnius\",\"https:\\\/\\\/www.instagram.com\\\/filmvilnius\\\/\"]},{\"@type\":\"Person\",\"@id\":\"https:\\\/\\\/filmvilnius.com\\\/#\\\/schema\\\/person\\\/8572c7f289890809bfa364d48f8dded5\",\"name\":\"Vilnius Film Office\",\"image\":{\"@type\":\"ImageObject\",\"inLanguage\":\"lt-LT\",\"@id\":\"https:\\\/\\\/secure.gravatar.com\\\/avatar\\\/2f93c625b891dbd84735ed1bd75819d698625d4c37369c60acab5f321b22fbb2?s=96&d=mm&r=g\",\"url\":\"https:\\\/\\\/secure.gravatar.com\\\/avatar\\\/2f93c625b891dbd84735ed1bd75819d698625d4c37369c60acab5f321b22fbb2?s=96&d=mm&r=g\",\"contentUrl\":\"https:\\\/\\\/secure.gravatar.com\\\/avatar\\\/2f93c625b891dbd84735ed1bd75819d698625d4c37369c60acab5f321b22fbb2?s=96&d=mm&r=g\",\"caption\":\"Vilnius Film Office\"},\"url\":\"https:\\\/\\\/filmvilnius.com\\\/lt\\\/author\\\/ce5c1052f3e77e32\\\/\"}]}<\/script>\n<!-- \/ Yoast SEO plugin. -->","yoast_head_json":{"title":"Dokumentinio-animacinio filmo prodiuser\u0117 Just\u0117 Michailinait\u0117: \u201eDid\u017eiuojuosi rezultatu, kur\u012f pasiek\u0117 Lietuvos animacijos k\u016br\u0117jai\u201c - Vilnius film office","description":"Apie darb\u0105 kine, susitikimus su \u017ei\u016brovais, bei tai, kur link juda m\u016bs\u0173 \u0161alies animacija pasakoja Just\u0117 Michailinait\u0117","robots":{"index":"index","follow":"follow","max-snippet":"max-snippet:-1","max-image-preview":"max-image-preview:large","max-video-preview":"max-video-preview:-1"},"canonical":"https:\/\/filmvilnius.com\/lt\/dokumentinio-animacinio-filmo-prodiusere-juste-michailinaite-didziuojuosi-rezultatu-kuri-pasieke-lietuvos-animacijos-kurejai\/","og_locale":"lt_LT","og_type":"article","og_title":"Dokumentinio-animacinio filmo prodiuser\u0117 Just\u0117 Michailinait\u0117: \u201eDid\u017eiuojuosi rezultatu, kur\u012f pasiek\u0117 Lietuvos animacijos k\u016br\u0117jai\u201c - Vilnius film office","og_description":"Apie darb\u0105 kine, susitikimus su \u017ei\u016brovais, bei tai, kur link juda m\u016bs\u0173 \u0161alies animacija pasakoja Just\u0117 Michailinait\u0117","og_url":"https:\/\/filmvilnius.com\/lt\/dokumentinio-animacinio-filmo-prodiusere-juste-michailinaite-didziuojuosi-rezultatu-kuri-pasieke-lietuvos-animacijos-kurejai\/","og_site_name":"Vilnius film office","article_publisher":"https:\/\/www.facebook.com\/filmvilnius","article_published_time":"2023-12-15T08:30:23+00:00","article_modified_time":"2026-04-28T07:25:38+00:00","og_image":[{"width":2560,"height":1707,"url":"https:\/\/filmvilnius.com\/wp-content\/uploads\/2023\/12\/J.Michailinaite-asmeninio-archyvo-nuotr-scaled.jpeg","type":"image\/jpeg"}],"author":"Vilnius Film Office","twitter_card":"summary_large_image","twitter_creator":"@FilmVilnius","twitter_site":"@FilmVilnius","twitter_misc":{"Written by":"Vilnius Film Office","Est. reading time":"5 minut\u0117s"},"schema":{"@context":"https:\/\/schema.org","@graph":[{"@type":"Article","@id":"https:\/\/filmvilnius.com\/lt\/dokumentinio-animacinio-filmo-prodiusere-juste-michailinaite-didziuojuosi-rezultatu-kuri-pasieke-lietuvos-animacijos-kurejai\/#article","isPartOf":{"@id":"https:\/\/filmvilnius.com\/lt\/dokumentinio-animacinio-filmo-prodiusere-juste-michailinaite-didziuojuosi-rezultatu-kuri-pasieke-lietuvos-animacijos-kurejai\/"},"author":{"name":"Vilnius Film Office","@id":"https:\/\/filmvilnius.com\/#\/schema\/person\/8572c7f289890809bfa364d48f8dded5"},"headline":"Dokumentinio-animacinio filmo prodiuser\u0117 Just\u0117 Michailinait\u0117: \u201eDid\u017eiuojuosi rezultatu, kur\u012f pasiek\u0117 Lietuvos animacijos k\u016br\u0117jai\u201c","datePublished":"2023-12-15T08:30:23+00:00","dateModified":"2026-04-28T07:25:38+00:00","mainEntityOfPage":{"@id":"https:\/\/filmvilnius.com\/lt\/dokumentinio-animacinio-filmo-prodiusere-juste-michailinaite-didziuojuosi-rezultatu-kuri-pasieke-lietuvos-animacijos-kurejai\/"},"wordCount":1039,"publisher":{"@id":"https:\/\/filmvilnius.com\/#organization"},"image":{"@id":"https:\/\/filmvilnius.com\/lt\/dokumentinio-animacinio-filmo-prodiusere-juste-michailinaite-didziuojuosi-rezultatu-kuri-pasieke-lietuvos-animacijos-kurejai\/#primaryimage"},"thumbnailUrl":"https:\/\/filmvilnius.com\/wp-content\/uploads\/2023\/12\/J.Michailinaite-asmeninio-archyvo-nuotr-scaled.jpeg","articleSection":["Interviu","Naujienos"],"inLanguage":"lt-LT"},{"@type":"WebPage","@id":"https:\/\/filmvilnius.com\/lt\/dokumentinio-animacinio-filmo-prodiusere-juste-michailinaite-didziuojuosi-rezultatu-kuri-pasieke-lietuvos-animacijos-kurejai\/","url":"https:\/\/filmvilnius.com\/lt\/dokumentinio-animacinio-filmo-prodiusere-juste-michailinaite-didziuojuosi-rezultatu-kuri-pasieke-lietuvos-animacijos-kurejai\/","name":"Dokumentinio-animacinio filmo prodiuser\u0117 Just\u0117 Michailinait\u0117: \u201eDid\u017eiuojuosi rezultatu, kur\u012f pasiek\u0117 Lietuvos animacijos k\u016br\u0117jai\u201c - Vilnius film office","isPartOf":{"@id":"https:\/\/filmvilnius.com\/#website"},"primaryImageOfPage":{"@id":"https:\/\/filmvilnius.com\/lt\/dokumentinio-animacinio-filmo-prodiusere-juste-michailinaite-didziuojuosi-rezultatu-kuri-pasieke-lietuvos-animacijos-kurejai\/#primaryimage"},"image":{"@id":"https:\/\/filmvilnius.com\/lt\/dokumentinio-animacinio-filmo-prodiusere-juste-michailinaite-didziuojuosi-rezultatu-kuri-pasieke-lietuvos-animacijos-kurejai\/#primaryimage"},"thumbnailUrl":"https:\/\/filmvilnius.com\/wp-content\/uploads\/2023\/12\/J.Michailinaite-asmeninio-archyvo-nuotr-scaled.jpeg","datePublished":"2023-12-15T08:30:23+00:00","dateModified":"2026-04-28T07:25:38+00:00","description":"Apie darb\u0105 kine, susitikimus su \u017ei\u016brovais, bei tai, kur link juda m\u016bs\u0173 \u0161alies animacija pasakoja Just\u0117 Michailinait\u0117","breadcrumb":{"@id":"https:\/\/filmvilnius.com\/lt\/dokumentinio-animacinio-filmo-prodiusere-juste-michailinaite-didziuojuosi-rezultatu-kuri-pasieke-lietuvos-animacijos-kurejai\/#breadcrumb"},"inLanguage":"lt-LT","potentialAction":[{"@type":"ReadAction","target":["https:\/\/filmvilnius.com\/lt\/dokumentinio-animacinio-filmo-prodiusere-juste-michailinaite-didziuojuosi-rezultatu-kuri-pasieke-lietuvos-animacijos-kurejai\/"]}]},{"@type":"ImageObject","inLanguage":"lt-LT","@id":"https:\/\/filmvilnius.com\/lt\/dokumentinio-animacinio-filmo-prodiusere-juste-michailinaite-didziuojuosi-rezultatu-kuri-pasieke-lietuvos-animacijos-kurejai\/#primaryimage","url":"https:\/\/filmvilnius.com\/wp-content\/uploads\/2023\/12\/J.Michailinaite-asmeninio-archyvo-nuotr-scaled.jpeg","contentUrl":"https:\/\/filmvilnius.com\/wp-content\/uploads\/2023\/12\/J.Michailinaite-asmeninio-archyvo-nuotr-scaled.jpeg","width":2560,"height":1707},{"@type":"BreadcrumbList","@id":"https:\/\/filmvilnius.com\/lt\/dokumentinio-animacinio-filmo-prodiusere-juste-michailinaite-didziuojuosi-rezultatu-kuri-pasieke-lietuvos-animacijos-kurejai\/#breadcrumb","itemListElement":[{"@type":"ListItem","position":1,"name":"Home","item":"https:\/\/filmvilnius.com\/lt\/"},{"@type":"ListItem","position":2,"name":"Dokumentinio-animacinio filmo prodiuser\u0117 Just\u0117 Michailinait\u0117: \u201eDid\u017eiuojuosi rezultatu, kur\u012f pasiek\u0117 Lietuvos animacijos k\u016br\u0117jai\u201c"}]},{"@type":"WebSite","@id":"https:\/\/filmvilnius.com\/#website","url":"https:\/\/filmvilnius.com\/","name":"Vilnius film office","description":"","publisher":{"@id":"https:\/\/filmvilnius.com\/#organization"},"potentialAction":[{"@type":"SearchAction","target":{"@type":"EntryPoint","urlTemplate":"https:\/\/filmvilnius.com\/?s={search_term_string}"},"query-input":{"@type":"PropertyValueSpecification","valueRequired":true,"valueName":"search_term_string"}}],"inLanguage":"lt-LT"},{"@type":"Organization","@id":"https:\/\/filmvilnius.com\/#organization","name":"Vilniaus kino biuras","url":"https:\/\/filmvilnius.com\/","logo":{"@type":"ImageObject","inLanguage":"lt-LT","@id":"https:\/\/filmvilnius.com\/#\/schema\/logo\/image\/","url":"https:\/\/filmvilnius.com\/wp-content\/uploads\/2022\/12\/VKB-Logo-2022-EN-2-V.jpg","contentUrl":"https:\/\/filmvilnius.com\/wp-content\/uploads\/2022\/12\/VKB-Logo-2022-EN-2-V.jpg","width":1419,"height":1418,"caption":"Vilniaus kino biuras"},"image":{"@id":"https:\/\/filmvilnius.com\/#\/schema\/logo\/image\/"},"sameAs":["https:\/\/www.facebook.com\/filmvilnius","https:\/\/x.com\/FilmVilnius","https:\/\/www.instagram.com\/filmvilnius\/"]},{"@type":"Person","@id":"https:\/\/filmvilnius.com\/#\/schema\/person\/8572c7f289890809bfa364d48f8dded5","name":"Vilnius Film Office","image":{"@type":"ImageObject","inLanguage":"lt-LT","@id":"https:\/\/secure.gravatar.com\/avatar\/2f93c625b891dbd84735ed1bd75819d698625d4c37369c60acab5f321b22fbb2?s=96&d=mm&r=g","url":"https:\/\/secure.gravatar.com\/avatar\/2f93c625b891dbd84735ed1bd75819d698625d4c37369c60acab5f321b22fbb2?s=96&d=mm&r=g","contentUrl":"https:\/\/secure.gravatar.com\/avatar\/2f93c625b891dbd84735ed1bd75819d698625d4c37369c60acab5f321b22fbb2?s=96&d=mm&r=g","caption":"Vilnius Film Office"},"url":"https:\/\/filmvilnius.com\/lt\/author\/ce5c1052f3e77e32\/"}]}},"_links":{"self":[{"href":"https:\/\/filmvilnius.com\/lt\/wp-json\/wp\/v2\/posts\/22278","targetHints":{"allow":["GET"]}}],"collection":[{"href":"https:\/\/filmvilnius.com\/lt\/wp-json\/wp\/v2\/posts"}],"about":[{"href":"https:\/\/filmvilnius.com\/lt\/wp-json\/wp\/v2\/types\/post"}],"author":[{"embeddable":true,"href":"https:\/\/filmvilnius.com\/lt\/wp-json\/wp\/v2\/users\/6"}],"replies":[{"embeddable":true,"href":"https:\/\/filmvilnius.com\/lt\/wp-json\/wp\/v2\/comments?post=22278"}],"version-history":[{"count":5,"href":"https:\/\/filmvilnius.com\/lt\/wp-json\/wp\/v2\/posts\/22278\/revisions"}],"predecessor-version":[{"id":22291,"href":"https:\/\/filmvilnius.com\/lt\/wp-json\/wp\/v2\/posts\/22278\/revisions\/22291"}],"wp:featuredmedia":[{"embeddable":true,"href":"https:\/\/filmvilnius.com\/lt\/wp-json\/wp\/v2\/media\/22285"}],"wp:attachment":[{"href":"https:\/\/filmvilnius.com\/lt\/wp-json\/wp\/v2\/media?parent=22278"}],"wp:term":[{"taxonomy":"category","embeddable":true,"href":"https:\/\/filmvilnius.com\/lt\/wp-json\/wp\/v2\/categories?post=22278"},{"taxonomy":"post_tag","embeddable":true,"href":"https:\/\/filmvilnius.com\/lt\/wp-json\/wp\/v2\/tags?post=22278"}],"curies":[{"name":"wp","href":"https:\/\/api.w.org\/{rel}","templated":true}]}}