{"id":24107,"date":"2024-02-27T12:20:29","date_gmt":"2024-02-27T12:20:29","guid":{"rendered":"https:\/\/filmvilnius.com\/?p=24107"},"modified":"2026-04-28T09:23:11","modified_gmt":"2026-04-28T07:23:11","slug":"geras-kinas-tik-i-gera-kino-pavasaris-pristato-siu-metu-naujienas","status":"publish","type":"post","link":"https:\/\/filmvilnius.com\/lt\/geras-kinas-tik-i-gera-kino-pavasaris-pristato-siu-metu-naujienas\/","title":{"rendered":"Geras kinas tik \u012f gera: \u201eKino pavasaris\u201c pristato \u0161i\u0173 met\u0173 naujienas"},"content":{"rendered":"\n<p><strong>29\u2013\u0105j\u012f kart\u0105 \u012f kino sales kvie\u010diantis Vilniaus miesto kino festivalis \u201eKino pavasaris\u201c \u0161iuos metus dedikuoja kino poveikiui. \u201eTas pavasaris, kai po filmo nebevaidini\u201c, \u201eTas pavasaris, kai po seanso \u2013 kaip po seanso\u201c, \u201eTas pavasaris, kai jausmuose \u2013 v\u0117l kaip namuose\u201c \u2013 tokiomis fraz\u0117mis kviesdami asmenin\u0117ms ma\u017eoms (o gal ir didel\u0117ms) transformacijoms, festivalio organizatoriai skelbia naujienas ir ragina nieko kito neplanuoti kovo 14\u201327 d. <\/strong><strong><em><\/em><\/strong><\/p>\n\n\n\n<p>\u201eKino pavasario\u201c vykdomasis direktorius Konradas Kazlauskas apibendrina 29\u2013ojo festivalio siun\u010diamas \u017einutes \u2013 geri filmai mus padaro geresniais. \u201e\u0160i\u0173 met\u0173 programa \u017ei\u016brov\u0105 kvie\u010dia ne tik m\u0117gautis kinu, bet ir pasteb\u0117ti, kaip vienas ar kitas filmas veikia mus ir m\u016bs\u0173 vid\u0173, \u2013 pasakoja jis. \u2013 Tod\u0117l kelet\u0105 ver\u010di\u0173 \u2013 jautrumo, empatijos, tikrumo \u2013 \u012fspaud\u0117me ir \u201eKino pavasario\u201c plakatuose. Ir jei ten pamatysite nors truput\u012f sav\u0119s, vadinasi, judame gera linkme.\u201c<\/p>\n\n\n\n<p>Tuo, kad kinas yra m\u0105stym\u0105 kei\u010dianti ir praturtinanti patirtis, neabejoja ir festivalio programos ir pirkim\u0173 vadov\u0117 Dovil\u0117 Grigali\u016bnait\u0117. Pasak jos, tikriausiai kiekvienas \u017emogus gal\u0117t\u0173 \u012fvardyti bent vien\u0105 jam asmeni\u0161kai \u012ftakos tur\u0117jus\u012f film\u0105 \u2013 tok\u012f, kuris ka\u017ek\u0105 pakeit\u0117. \u201eKinas vertingas tuo, kad jis daro l\u0117tus, bet svarbius poky\u010dius visuomen\u0117je: kei\u010dia \u017emoni\u0173 po\u017ei\u016br\u012f \u012f kitus, aplink\u0105, kelia klausimus, dirgina s\u0105mon\u0119 ir pa\u017eadina.\u201c<\/p>\n\n\n\n<p>Toks yra ir festival\u012f atidarysiantis Kanuose Did\u017eiuoju prizu apdovanotas ir 5 \u201eOskarams\u201c nominuotas brit\u0173 re\u017eisieriaus Jonathano Glazerio filmas <strong>\u201eInteres\u0173 zona\u201c <\/strong>(<em>The Zone of Interest<\/em>). \u201eKino pavasariui\u201c tai gan ne\u012fprastas sprendimas \u2013 prad\u0117ti festival\u012f nuo dramos apie Holokaust\u0105, nes da\u017eniausiai atidarymui pasirenkami lengvesni filmai, \u2013 prisipa\u017e\u012fsta D. Grigali\u016bnait\u0117. \u2013 Bet \u0161is filmas yra toks stiprus ir aktualus, kad negal\u0117jome atidaryti festivalio jokiu kitu filmu. J\u012f svarbu pa\u017ei\u016br\u0117ti b\u016btent dabar \u2013 kad netaptume tiesiog \u0161alia esan\u010dio blogio steb\u0117tojais, nepamir\u0161tume, atjaustume.\u201c<\/p>\n\n\n\n<p><strong>\u017di\u016brov\u0173 ir profesional\u0173 \u012fvertinti filmai<\/strong><\/p>\n\n\n\n<p>\u0160iemet festivalio, kur\u012f palaiko didieji partneriai \u201eERGO\u201c ir \u201eTelia Play\u201c, programoje \u2013 daugiau nei 100 film\u0173, i\u0161siskirian\u010di\u0173 savo meistri\u0161kumu, tem\u0173 \u012fvairove, j\u0173 svarba, originaliomis rai\u0161kos formomis ir gyliu. Itin daug j\u0173 \u2013 \u012fvertinti Kan\u0173, Venecijos ir kituose tarptautiniuose kino festivaliuose, apdovanoti \u201eAuksiniais gaubliais\u201c, \u201eBAFTA\u201c bei nominuoti \u201eOskarams\u201c.<\/p>\n\n\n\n<p>Vienas tituluo\u010diausi\u0173 festivalio film\u0173 \u2013 Kan\u0173 \u201eAuksine palm\u0117s \u0161akele\u201c \u012fvertinta, 2 \u201eAuksinius gaublius\u201c pelniusi ir 5 \u201eOskarams\u201c nominuota \u2013 re\u017eisier\u0117s Justine Triet drama <strong>\u201eKry\u010dio anatomija\u201c <\/strong>(<em>Anatomy of a Fall<\/em>) iki pat filmo pabaigos i\u0161laiko intrig\u0105: ar \u0161iemet geriausia Europos aktore pripa\u017eintos Sandros H\u00fcller vaidinama vokiet\u0117 ra\u0161ytoja Sandra yra kalta d\u0117l savo vyro mirties, ar ne.<\/p>\n\n\n\n<p>\u201eBrit\u0173 kino gerb\u0117jai turi pagrindo \u0161v\u0119sti: gim\u0117 dvi naujos \u017evaig\u017ed\u0117s\u201c, \u2013 taip apie Kanuose \u201eYpatingojo \u017evilgsnio\u201c apdovanojim\u0105 pelnius\u012f debiutin\u012f re\u017eisier\u0117s Molly Manning Walker film\u0105 <strong>\u201eHow to Have Sex\u201c<\/strong> ra\u0161\u0117 brit\u0173 dienra\u0161tis \u201eThe Guardian\u201c. Tos dvi \u017evaig\u017ed\u0117s \u2013 jau min\u0117ta re\u017eisier\u0117 ir pagrindin\u012f vaidmen\u012f atlikusi, k\u0105 tik BAFTA apdovanojimuose \u012fvertinta aktor\u0117 Mia McKenna-Bruce, suk\u016brusios film\u0105 apie paaugl\u0117s seksualin\u0119 patirt\u012f.<\/p>\n\n\n\n<p>\u201eOskarui\u201c nominuota, Venecijos kino festivalyje \u201eSidabriniu li\u016btu\u201c apdovanota ital\u0173 kino meistro Matteo Garrone drama <strong>\u201eA\u0161 \u010dia kapitonas\u201c <\/strong>(<em>Io Capitano<\/em>) pasakoja dviej\u0173 Senegalo paaugli\u0173 homeri\u0161k\u0105 odis\u0117j\u0105 i\u0161 Dakaro \u012f Italij\u0105. O tikromis istorijomis paremtas, mil\u017eini\u0161k\u0105 a\u017eiota\u017e\u0105 Lenkijoje suk\u0117l\u0119s kino meistr\u0117s Agnieszkos Holland filmas <strong>\u201e\u017dalia siena\u201c<\/strong> (<em>Green Border<\/em>) kelia \u017emogi\u0161kumo klausim\u0105 taip vadinamoje \u201e\u017ealioje sienoje\u201c, skirian\u010dioje Baltarusij\u0105 ir Lenkij\u0105, kur pab\u0117g\u0117liai i\u0161 Artim\u0173j\u0173 Ryt\u0173 ir Afrikos patenka \u012f geopolitinius pan\u010dius.<\/p>\n\n\n\n<p>U\u017e film\u0105 \u201eDrive My Car\u201c \u201eOskaru\u201c \u012fvertintas japon\u0173 re\u017eisierius Ry\u00fbsuke Hamaguchi savo naujoje dramoje <strong>\u201eBlogis (ne)egzistuoja\u201c<\/strong> (<em>Evil Does Not Exist<\/em>) kartu su kompozitore Eiko Ishibashi ne tik u\u017efiksavo \u017emoni\u0173 s\u0105veik\u0105 gamtoje, bet ir suk\u016br\u0117 audiovizualin\u012f k\u016brin\u012f, kuriame muzika \u2013 nepaprastai svarbi. O 2 \u201eAuksinius gaublius\u201c pelniusi ir5 \u201eOskarams\u201c nominuota amerikie\u010di\u0173 re\u017eisieriaus Alexanderio Payne nuotyki\u0173 komedija <strong>\u201eSvajoni\u0173 atostogos\u201c<\/strong> (<em>The Holdovers<\/em>) visus nukels \u012f \u017emogi\u0161ko ry\u0161io ir \u0161ilumos kupinus nuotykius.<\/p>\n\n\n\n<p><strong>Specialiose programose \u2013 naktiniai klyksmai ir kostium\u0173 transformacijos<\/strong><\/p>\n\n\n\n<p>\u0160iais metais \u201eKino pavasaris\u201c be tradicini\u0173 program\u0173 pristato ir kelias speciali\u0105sias. Programa \u201eDreskodas\u201c pakvies ne tik sekti kino kostium\u0173 k\u016br\u0117j\u0173 u\u017ekoduotas ir siun\u010diamas \u017einutes, bet ir susipa\u017einti su ry\u0161kiausiais autoriais: Edith Head, k\u016brusia Audrey Hepburn kostiumus filme <strong>\u201eSabrina\u201c<\/strong> (1954), Jacques\u2019u Fonteray, be kurio futuristini\u0173 kostium\u0173 ne\u012fsivaizduojamas mokslin\u0117s fantastikos filmas <strong>\u201eBarbarela\u201c<\/strong> (1968), Sandy Powell, muzikiniame filme <strong>\u201eAuksin\u0117 praraja\u201c<\/strong> (1998) derinusia <em>glam<\/em> ir panki\u0161kas \u012ftakas, ir Milena Canonero, kurios kurti drabu\u017eiai peln\u0117 tre\u010di\u0105j\u012f \u201eOskar\u0105\u201c kostiuminei dramai <strong>\u201eMarija Antuanet\u0117\u201c<\/strong> (2006).<\/p>\n\n\n\n<p>Tuo tarpu \u201eVidurnak\u010dio klyksm\u0173\u201c programoje persipins stingdantis siaubas ir erotika, vyno ir kraujo skonis. Siaubo meistras Davidas Cronenbergas supa\u017eindins su subkult\u016bra, kurios nariai jau\u010dia seksualin\u012f pasitenkinim\u0105 steb\u0117dami avarijas ir patys tapdami j\u0173 aukomis. Japonijos naujosios bangos vedlys Nagisa \u014cshima atvers boso ir tarnait\u0117s seksualini\u0173 \u017eaidim\u0173 kambario duris. Taip pat kine sutiksime meil\u0117s i\u0161tro\u0161kusi\u0105 ragan\u0105, kurios eliksyras ne tik priver\u010dia pamilti, bet ir pra\u017eudo. O paties Andy Warholo numyl\u0117tas re\u017eisierius Paulas Morrissey pakvies \u012f savit\u0105 Franken\u0161teino istorijos interpretacij\u0105 3D formatu. Paskutin\u012f kraujo la\u0161\u0105 i\u0161sunkti k\u0117sinsis grafait\u0117 El\u017ebieta Batory, pagrindin\u0117 filmo <strong>\u201eTamsos dukterys\u201c<\/strong> veik\u0117ja.<em><\/em><\/p>\n\n\n\n<p><strong>\u012evairus ir daugiasluoksnis lietuvi\u0173 kinas<\/strong><\/p>\n\n\n\n<p>Vienas i\u0161 \u201eKino pavasario\u201c tiksl\u0173 \u2013 atkreipti d\u0117mes\u012f \u012f lietuvi\u0173 kin\u0105 ir palaikyti jo k\u016br\u0117jus, tod\u0117l ir \u0161iemet lietuvi\u0161k\u0173 film\u0173 programa u\u017eima ypating\u0105 viet\u0105 festivalyje. \u0160iais metais daug d\u0117mesio&nbsp; bus skiriama ne tik Lietuvos re\u017eisieriams, bet ir kitiems k\u016br\u0117jams bei prodiuseriams, kurie \u017ei\u016brovams paruo\u0161\u0117 did\u017eiausiuose pasaulio festivaliuose pristatytus bendros produkcijos su Lietuva filmus.<\/p>\n\n\n\n<p>I\u0161 viso programoje \u012fvyks 5 ilgo metro ir 7 trumpo metro premjeros: re\u017eisieri\u0173 DK Welchman ir Hugh Welchman <strong>\u201eKaimie\u010diai\u201c <\/strong>(<em>The Peasants<\/em>), Art\u016bro Jevdokimovo <strong>\u201eKal\u0117d\u0173 eglut\u0117s gyvenimas ir mirtis\u201c <\/strong>(<em>Life and Death of a Christmas Tree<\/em>), Eimanto Belicko <strong>\u201eKarta.EU\u201c <\/strong>(<em>Generation.EU<\/em>), Ilze Kunga <strong>\u201eMano laisv\u0117\u201c <\/strong>(<em>My Freedom<\/em>), D\u0101vis S\u012bmanis <strong>\u201eMarijos tyla\u201c <\/strong>(Maria&#8217;s Silence), Igno Meil\u016bno <strong>\u201eKanopos ir pa\u010di\u016b\u017eos\u201c, <\/strong>Luko Kacinausko<strong> \u201eLaiming\u0173 kit\u0173!\u201c,<\/strong> Ievos \u0160akalyt\u0117s<strong> \u201eSPA\u201c, <\/strong>Martyno Norvai\u0161o<strong> \u201eA\u0161 pirkau\u201c, <\/strong>Birut\u0117s Kapustinskait\u0117s <strong>\u201eNominantai\u201c<\/strong>, Mato Vild\u017eiaus<strong> \u201e4\u00b0C\u201c<\/strong> ir Egl\u0117s Davidavi\u010d\u0117s <strong>\u201eTa, kuri \u017eino\u201c<\/strong>.<em><\/em><\/p>\n\n\n\n<p>\u201eKino pavasario\u201c bilietus ma\u017eiausia kaina bus galima \u012fsigyti \u0161\u012f savaitgal\u012f, vasario 29 \u2013 kovo 1 d. kino teatr\u0173 kasose ir internetu. Daugiau informacijos: <a href=\"http:\/\/www.kinopavasaris.lt\">www.kinopavasaris.lt<\/a>. 29\u2013asis Vilniaus miesto kino festivalis \u201eKino pavasaris\u201c vyks kovo 14\u201327 d. Festival\u012f i\u0161 dalies finansuoja Lietuvos kino centras, Vilniaus miesto savivaldyb\u0117, \u201eK\u016brybi\u0161ka Europa\u201c MEDIA.<\/p>\n","protected":false},"excerpt":{"rendered":"<p>29\u2013\u0105j\u012f kart\u0105 \u012f kino sales kvie\u010diantis Vilniaus miesto kino festivalis \u201eKino pavasaris\u201c \u0161iuos metus dedikuoja kino poveikiui. \u201eTas pavasaris, kai po filmo nebevaidini\u201c, \u201eTas pavasaris, kai po seanso \u2013 kaip po seanso\u201c, \u201eTas pavasaris, kai jausmuose \u2013 v\u0117l kaip namuose\u201c \u2013 tokiomis fraz\u0117mis kviesdami asmenin\u0117ms ma\u017eoms (o gal ir didel\u0117ms) transformacijoms, festivalio organizatoriai skelbia naujienas [&hellip;]<\/p>\n","protected":false},"author":6,"featured_media":24111,"comment_status":"closed","ping_status":"open","sticky":false,"template":"","format":"standard","meta":{"_acf_changed":false,"_monsterinsights_skip_tracking":false,"_monsterinsights_sitenote_active":false,"_monsterinsights_sitenote_note":"","_monsterinsights_sitenote_category":0,"footnotes":""},"categories":[155,58],"tags":[],"class_list":["post-24107","post","type-post","status-publish","format-standard","has-post-thumbnail","hentry","category-industrija-ir-renginiai","category-news"],"acf":[],"yoast_head":"<!-- This site is optimized with the Yoast SEO plugin v27.4 - https:\/\/yoast.com\/product\/yoast-seo-wordpress\/ -->\n<title>Geras kinas tik \u012f gera: \u201eKino pavasaris\u201c pristato \u0161i\u0173 met\u0173 naujienas - Vilnius film office<\/title>\n<meta name=\"description\" content=\"29\u2013\u0105j\u012f kart\u0105 \u012f kino sales kvie\u010diantis Vilniaus miesto kino festivalis \u201eKino pavasaris\u201c \u0161iuos metus dedikuoja kino poveikiui.\" \/>\n<meta name=\"robots\" content=\"index, follow, max-snippet:-1, max-image-preview:large, max-video-preview:-1\" \/>\n<link rel=\"canonical\" href=\"https:\/\/filmvilnius.com\/lt\/geras-kinas-tik-i-gera-kino-pavasaris-pristato-siu-metu-naujienas\/\" \/>\n<meta property=\"og:locale\" content=\"lt_LT\" \/>\n<meta property=\"og:type\" content=\"article\" \/>\n<meta property=\"og:title\" content=\"Geras kinas tik \u012f gera: \u201eKino pavasaris\u201c pristato \u0161i\u0173 met\u0173 naujienas - Vilnius film office\" \/>\n<meta property=\"og:description\" content=\"29\u2013\u0105j\u012f kart\u0105 \u012f kino sales kvie\u010diantis Vilniaus miesto kino festivalis \u201eKino pavasaris\u201c \u0161iuos metus dedikuoja kino poveikiui.\" \/>\n<meta property=\"og:url\" content=\"https:\/\/filmvilnius.com\/lt\/geras-kinas-tik-i-gera-kino-pavasaris-pristato-siu-metu-naujienas\/\" \/>\n<meta property=\"og:site_name\" content=\"Vilnius film office\" \/>\n<meta property=\"article:publisher\" content=\"https:\/\/www.facebook.com\/filmvilnius\" \/>\n<meta property=\"article:published_time\" content=\"2024-02-27T12:20:29+00:00\" \/>\n<meta property=\"article:modified_time\" content=\"2026-04-28T07:23:11+00:00\" \/>\n<meta property=\"og:image\" content=\"https:\/\/filmvilnius.com\/wp-content\/uploads\/2024\/02\/20240205_KP29_KV_Post_1.1.jpg\" \/>\n\t<meta property=\"og:image:width\" content=\"1080\" \/>\n\t<meta property=\"og:image:height\" content=\"1080\" \/>\n\t<meta property=\"og:image:type\" content=\"image\/jpeg\" \/>\n<meta name=\"author\" content=\"Vilnius Film Office\" \/>\n<meta name=\"twitter:card\" content=\"summary_large_image\" \/>\n<meta name=\"twitter:creator\" content=\"@FilmVilnius\" \/>\n<meta name=\"twitter:site\" content=\"@FilmVilnius\" \/>\n<meta name=\"twitter:label1\" content=\"Written by\" \/>\n\t<meta name=\"twitter:data1\" content=\"Vilnius Film Office\" \/>\n\t<meta name=\"twitter:label2\" content=\"Est. reading time\" \/>\n\t<meta name=\"twitter:data2\" content=\"5 minut\u0117s\" \/>\n<script type=\"application\/ld+json\" class=\"yoast-schema-graph\">{\"@context\":\"https:\\\/\\\/schema.org\",\"@graph\":[{\"@type\":\"Article\",\"@id\":\"https:\\\/\\\/filmvilnius.com\\\/lt\\\/geras-kinas-tik-i-gera-kino-pavasaris-pristato-siu-metu-naujienas\\\/#article\",\"isPartOf\":{\"@id\":\"https:\\\/\\\/filmvilnius.com\\\/lt\\\/geras-kinas-tik-i-gera-kino-pavasaris-pristato-siu-metu-naujienas\\\/\"},\"author\":{\"name\":\"Vilnius Film Office\",\"@id\":\"https:\\\/\\\/filmvilnius.com\\\/#\\\/schema\\\/person\\\/8572c7f289890809bfa364d48f8dded5\"},\"headline\":\"Geras kinas tik \u012f gera: \u201eKino pavasaris\u201c pristato \u0161i\u0173 met\u0173 naujienas\",\"datePublished\":\"2024-02-27T12:20:29+00:00\",\"dateModified\":\"2026-04-28T07:23:11+00:00\",\"mainEntityOfPage\":{\"@id\":\"https:\\\/\\\/filmvilnius.com\\\/lt\\\/geras-kinas-tik-i-gera-kino-pavasaris-pristato-siu-metu-naujienas\\\/\"},\"wordCount\":1066,\"publisher\":{\"@id\":\"https:\\\/\\\/filmvilnius.com\\\/#organization\"},\"image\":{\"@id\":\"https:\\\/\\\/filmvilnius.com\\\/lt\\\/geras-kinas-tik-i-gera-kino-pavasaris-pristato-siu-metu-naujienas\\\/#primaryimage\"},\"thumbnailUrl\":\"https:\\\/\\\/filmvilnius.com\\\/wp-content\\\/uploads\\\/2024\\\/02\\\/20240205_KP29_KV_Post_1.1.jpg\",\"articleSection\":[\"Industrija ir renginiai\",\"Naujienos\"],\"inLanguage\":\"lt-LT\"},{\"@type\":\"WebPage\",\"@id\":\"https:\\\/\\\/filmvilnius.com\\\/lt\\\/geras-kinas-tik-i-gera-kino-pavasaris-pristato-siu-metu-naujienas\\\/\",\"url\":\"https:\\\/\\\/filmvilnius.com\\\/lt\\\/geras-kinas-tik-i-gera-kino-pavasaris-pristato-siu-metu-naujienas\\\/\",\"name\":\"Geras kinas tik \u012f gera: \u201eKino pavasaris\u201c pristato \u0161i\u0173 met\u0173 naujienas - Vilnius film office\",\"isPartOf\":{\"@id\":\"https:\\\/\\\/filmvilnius.com\\\/#website\"},\"primaryImageOfPage\":{\"@id\":\"https:\\\/\\\/filmvilnius.com\\\/lt\\\/geras-kinas-tik-i-gera-kino-pavasaris-pristato-siu-metu-naujienas\\\/#primaryimage\"},\"image\":{\"@id\":\"https:\\\/\\\/filmvilnius.com\\\/lt\\\/geras-kinas-tik-i-gera-kino-pavasaris-pristato-siu-metu-naujienas\\\/#primaryimage\"},\"thumbnailUrl\":\"https:\\\/\\\/filmvilnius.com\\\/wp-content\\\/uploads\\\/2024\\\/02\\\/20240205_KP29_KV_Post_1.1.jpg\",\"datePublished\":\"2024-02-27T12:20:29+00:00\",\"dateModified\":\"2026-04-28T07:23:11+00:00\",\"description\":\"29\u2013\u0105j\u012f kart\u0105 \u012f kino sales kvie\u010diantis Vilniaus miesto kino festivalis \u201eKino pavasaris\u201c \u0161iuos metus dedikuoja kino poveikiui.\",\"breadcrumb\":{\"@id\":\"https:\\\/\\\/filmvilnius.com\\\/lt\\\/geras-kinas-tik-i-gera-kino-pavasaris-pristato-siu-metu-naujienas\\\/#breadcrumb\"},\"inLanguage\":\"lt-LT\",\"potentialAction\":[{\"@type\":\"ReadAction\",\"target\":[\"https:\\\/\\\/filmvilnius.com\\\/lt\\\/geras-kinas-tik-i-gera-kino-pavasaris-pristato-siu-metu-naujienas\\\/\"]}]},{\"@type\":\"ImageObject\",\"inLanguage\":\"lt-LT\",\"@id\":\"https:\\\/\\\/filmvilnius.com\\\/lt\\\/geras-kinas-tik-i-gera-kino-pavasaris-pristato-siu-metu-naujienas\\\/#primaryimage\",\"url\":\"https:\\\/\\\/filmvilnius.com\\\/wp-content\\\/uploads\\\/2024\\\/02\\\/20240205_KP29_KV_Post_1.1.jpg\",\"contentUrl\":\"https:\\\/\\\/filmvilnius.com\\\/wp-content\\\/uploads\\\/2024\\\/02\\\/20240205_KP29_KV_Post_1.1.jpg\",\"width\":1080,\"height\":1080},{\"@type\":\"BreadcrumbList\",\"@id\":\"https:\\\/\\\/filmvilnius.com\\\/lt\\\/geras-kinas-tik-i-gera-kino-pavasaris-pristato-siu-metu-naujienas\\\/#breadcrumb\",\"itemListElement\":[{\"@type\":\"ListItem\",\"position\":1,\"name\":\"Home\",\"item\":\"https:\\\/\\\/filmvilnius.com\\\/lt\\\/\"},{\"@type\":\"ListItem\",\"position\":2,\"name\":\"Geras kinas tik \u012f gera: \u201eKino pavasaris\u201c pristato \u0161i\u0173 met\u0173 naujienas\"}]},{\"@type\":\"WebSite\",\"@id\":\"https:\\\/\\\/filmvilnius.com\\\/#website\",\"url\":\"https:\\\/\\\/filmvilnius.com\\\/\",\"name\":\"Vilnius film office\",\"description\":\"\",\"publisher\":{\"@id\":\"https:\\\/\\\/filmvilnius.com\\\/#organization\"},\"potentialAction\":[{\"@type\":\"SearchAction\",\"target\":{\"@type\":\"EntryPoint\",\"urlTemplate\":\"https:\\\/\\\/filmvilnius.com\\\/?s={search_term_string}\"},\"query-input\":{\"@type\":\"PropertyValueSpecification\",\"valueRequired\":true,\"valueName\":\"search_term_string\"}}],\"inLanguage\":\"lt-LT\"},{\"@type\":\"Organization\",\"@id\":\"https:\\\/\\\/filmvilnius.com\\\/#organization\",\"name\":\"Vilniaus kino biuras\",\"url\":\"https:\\\/\\\/filmvilnius.com\\\/\",\"logo\":{\"@type\":\"ImageObject\",\"inLanguage\":\"lt-LT\",\"@id\":\"https:\\\/\\\/filmvilnius.com\\\/#\\\/schema\\\/logo\\\/image\\\/\",\"url\":\"https:\\\/\\\/filmvilnius.com\\\/wp-content\\\/uploads\\\/2022\\\/12\\\/VKB-Logo-2022-EN-2-V.jpg\",\"contentUrl\":\"https:\\\/\\\/filmvilnius.com\\\/wp-content\\\/uploads\\\/2022\\\/12\\\/VKB-Logo-2022-EN-2-V.jpg\",\"width\":1419,\"height\":1418,\"caption\":\"Vilniaus kino biuras\"},\"image\":{\"@id\":\"https:\\\/\\\/filmvilnius.com\\\/#\\\/schema\\\/logo\\\/image\\\/\"},\"sameAs\":[\"https:\\\/\\\/www.facebook.com\\\/filmvilnius\",\"https:\\\/\\\/x.com\\\/FilmVilnius\",\"https:\\\/\\\/www.instagram.com\\\/filmvilnius\\\/\"]},{\"@type\":\"Person\",\"@id\":\"https:\\\/\\\/filmvilnius.com\\\/#\\\/schema\\\/person\\\/8572c7f289890809bfa364d48f8dded5\",\"name\":\"Vilnius Film Office\",\"image\":{\"@type\":\"ImageObject\",\"inLanguage\":\"lt-LT\",\"@id\":\"https:\\\/\\\/secure.gravatar.com\\\/avatar\\\/2f93c625b891dbd84735ed1bd75819d698625d4c37369c60acab5f321b22fbb2?s=96&d=mm&r=g\",\"url\":\"https:\\\/\\\/secure.gravatar.com\\\/avatar\\\/2f93c625b891dbd84735ed1bd75819d698625d4c37369c60acab5f321b22fbb2?s=96&d=mm&r=g\",\"contentUrl\":\"https:\\\/\\\/secure.gravatar.com\\\/avatar\\\/2f93c625b891dbd84735ed1bd75819d698625d4c37369c60acab5f321b22fbb2?s=96&d=mm&r=g\",\"caption\":\"Vilnius Film Office\"},\"url\":\"https:\\\/\\\/filmvilnius.com\\\/lt\\\/author\\\/ce5c1052f3e77e32\\\/\"}]}<\/script>\n<!-- \/ Yoast SEO plugin. -->","yoast_head_json":{"title":"Geras kinas tik \u012f gera: \u201eKino pavasaris\u201c pristato \u0161i\u0173 met\u0173 naujienas - Vilnius film office","description":"29\u2013\u0105j\u012f kart\u0105 \u012f kino sales kvie\u010diantis Vilniaus miesto kino festivalis \u201eKino pavasaris\u201c \u0161iuos metus dedikuoja kino poveikiui.","robots":{"index":"index","follow":"follow","max-snippet":"max-snippet:-1","max-image-preview":"max-image-preview:large","max-video-preview":"max-video-preview:-1"},"canonical":"https:\/\/filmvilnius.com\/lt\/geras-kinas-tik-i-gera-kino-pavasaris-pristato-siu-metu-naujienas\/","og_locale":"lt_LT","og_type":"article","og_title":"Geras kinas tik \u012f gera: \u201eKino pavasaris\u201c pristato \u0161i\u0173 met\u0173 naujienas - Vilnius film office","og_description":"29\u2013\u0105j\u012f kart\u0105 \u012f kino sales kvie\u010diantis Vilniaus miesto kino festivalis \u201eKino pavasaris\u201c \u0161iuos metus dedikuoja kino poveikiui.","og_url":"https:\/\/filmvilnius.com\/lt\/geras-kinas-tik-i-gera-kino-pavasaris-pristato-siu-metu-naujienas\/","og_site_name":"Vilnius film office","article_publisher":"https:\/\/www.facebook.com\/filmvilnius","article_published_time":"2024-02-27T12:20:29+00:00","article_modified_time":"2026-04-28T07:23:11+00:00","og_image":[{"width":1080,"height":1080,"url":"https:\/\/filmvilnius.com\/wp-content\/uploads\/2024\/02\/20240205_KP29_KV_Post_1.1.jpg","type":"image\/jpeg"}],"author":"Vilnius Film Office","twitter_card":"summary_large_image","twitter_creator":"@FilmVilnius","twitter_site":"@FilmVilnius","twitter_misc":{"Written by":"Vilnius Film Office","Est. reading time":"5 minut\u0117s"},"schema":{"@context":"https:\/\/schema.org","@graph":[{"@type":"Article","@id":"https:\/\/filmvilnius.com\/lt\/geras-kinas-tik-i-gera-kino-pavasaris-pristato-siu-metu-naujienas\/#article","isPartOf":{"@id":"https:\/\/filmvilnius.com\/lt\/geras-kinas-tik-i-gera-kino-pavasaris-pristato-siu-metu-naujienas\/"},"author":{"name":"Vilnius Film Office","@id":"https:\/\/filmvilnius.com\/#\/schema\/person\/8572c7f289890809bfa364d48f8dded5"},"headline":"Geras kinas tik \u012f gera: \u201eKino pavasaris\u201c pristato \u0161i\u0173 met\u0173 naujienas","datePublished":"2024-02-27T12:20:29+00:00","dateModified":"2026-04-28T07:23:11+00:00","mainEntityOfPage":{"@id":"https:\/\/filmvilnius.com\/lt\/geras-kinas-tik-i-gera-kino-pavasaris-pristato-siu-metu-naujienas\/"},"wordCount":1066,"publisher":{"@id":"https:\/\/filmvilnius.com\/#organization"},"image":{"@id":"https:\/\/filmvilnius.com\/lt\/geras-kinas-tik-i-gera-kino-pavasaris-pristato-siu-metu-naujienas\/#primaryimage"},"thumbnailUrl":"https:\/\/filmvilnius.com\/wp-content\/uploads\/2024\/02\/20240205_KP29_KV_Post_1.1.jpg","articleSection":["Industrija ir renginiai","Naujienos"],"inLanguage":"lt-LT"},{"@type":"WebPage","@id":"https:\/\/filmvilnius.com\/lt\/geras-kinas-tik-i-gera-kino-pavasaris-pristato-siu-metu-naujienas\/","url":"https:\/\/filmvilnius.com\/lt\/geras-kinas-tik-i-gera-kino-pavasaris-pristato-siu-metu-naujienas\/","name":"Geras kinas tik \u012f gera: \u201eKino pavasaris\u201c pristato \u0161i\u0173 met\u0173 naujienas - Vilnius film office","isPartOf":{"@id":"https:\/\/filmvilnius.com\/#website"},"primaryImageOfPage":{"@id":"https:\/\/filmvilnius.com\/lt\/geras-kinas-tik-i-gera-kino-pavasaris-pristato-siu-metu-naujienas\/#primaryimage"},"image":{"@id":"https:\/\/filmvilnius.com\/lt\/geras-kinas-tik-i-gera-kino-pavasaris-pristato-siu-metu-naujienas\/#primaryimage"},"thumbnailUrl":"https:\/\/filmvilnius.com\/wp-content\/uploads\/2024\/02\/20240205_KP29_KV_Post_1.1.jpg","datePublished":"2024-02-27T12:20:29+00:00","dateModified":"2026-04-28T07:23:11+00:00","description":"29\u2013\u0105j\u012f kart\u0105 \u012f kino sales kvie\u010diantis Vilniaus miesto kino festivalis \u201eKino pavasaris\u201c \u0161iuos metus dedikuoja kino poveikiui.","breadcrumb":{"@id":"https:\/\/filmvilnius.com\/lt\/geras-kinas-tik-i-gera-kino-pavasaris-pristato-siu-metu-naujienas\/#breadcrumb"},"inLanguage":"lt-LT","potentialAction":[{"@type":"ReadAction","target":["https:\/\/filmvilnius.com\/lt\/geras-kinas-tik-i-gera-kino-pavasaris-pristato-siu-metu-naujienas\/"]}]},{"@type":"ImageObject","inLanguage":"lt-LT","@id":"https:\/\/filmvilnius.com\/lt\/geras-kinas-tik-i-gera-kino-pavasaris-pristato-siu-metu-naujienas\/#primaryimage","url":"https:\/\/filmvilnius.com\/wp-content\/uploads\/2024\/02\/20240205_KP29_KV_Post_1.1.jpg","contentUrl":"https:\/\/filmvilnius.com\/wp-content\/uploads\/2024\/02\/20240205_KP29_KV_Post_1.1.jpg","width":1080,"height":1080},{"@type":"BreadcrumbList","@id":"https:\/\/filmvilnius.com\/lt\/geras-kinas-tik-i-gera-kino-pavasaris-pristato-siu-metu-naujienas\/#breadcrumb","itemListElement":[{"@type":"ListItem","position":1,"name":"Home","item":"https:\/\/filmvilnius.com\/lt\/"},{"@type":"ListItem","position":2,"name":"Geras kinas tik \u012f gera: \u201eKino pavasaris\u201c pristato \u0161i\u0173 met\u0173 naujienas"}]},{"@type":"WebSite","@id":"https:\/\/filmvilnius.com\/#website","url":"https:\/\/filmvilnius.com\/","name":"Vilnius film office","description":"","publisher":{"@id":"https:\/\/filmvilnius.com\/#organization"},"potentialAction":[{"@type":"SearchAction","target":{"@type":"EntryPoint","urlTemplate":"https:\/\/filmvilnius.com\/?s={search_term_string}"},"query-input":{"@type":"PropertyValueSpecification","valueRequired":true,"valueName":"search_term_string"}}],"inLanguage":"lt-LT"},{"@type":"Organization","@id":"https:\/\/filmvilnius.com\/#organization","name":"Vilniaus kino biuras","url":"https:\/\/filmvilnius.com\/","logo":{"@type":"ImageObject","inLanguage":"lt-LT","@id":"https:\/\/filmvilnius.com\/#\/schema\/logo\/image\/","url":"https:\/\/filmvilnius.com\/wp-content\/uploads\/2022\/12\/VKB-Logo-2022-EN-2-V.jpg","contentUrl":"https:\/\/filmvilnius.com\/wp-content\/uploads\/2022\/12\/VKB-Logo-2022-EN-2-V.jpg","width":1419,"height":1418,"caption":"Vilniaus kino biuras"},"image":{"@id":"https:\/\/filmvilnius.com\/#\/schema\/logo\/image\/"},"sameAs":["https:\/\/www.facebook.com\/filmvilnius","https:\/\/x.com\/FilmVilnius","https:\/\/www.instagram.com\/filmvilnius\/"]},{"@type":"Person","@id":"https:\/\/filmvilnius.com\/#\/schema\/person\/8572c7f289890809bfa364d48f8dded5","name":"Vilnius Film Office","image":{"@type":"ImageObject","inLanguage":"lt-LT","@id":"https:\/\/secure.gravatar.com\/avatar\/2f93c625b891dbd84735ed1bd75819d698625d4c37369c60acab5f321b22fbb2?s=96&d=mm&r=g","url":"https:\/\/secure.gravatar.com\/avatar\/2f93c625b891dbd84735ed1bd75819d698625d4c37369c60acab5f321b22fbb2?s=96&d=mm&r=g","contentUrl":"https:\/\/secure.gravatar.com\/avatar\/2f93c625b891dbd84735ed1bd75819d698625d4c37369c60acab5f321b22fbb2?s=96&d=mm&r=g","caption":"Vilnius Film Office"},"url":"https:\/\/filmvilnius.com\/lt\/author\/ce5c1052f3e77e32\/"}]}},"_links":{"self":[{"href":"https:\/\/filmvilnius.com\/lt\/wp-json\/wp\/v2\/posts\/24107","targetHints":{"allow":["GET"]}}],"collection":[{"href":"https:\/\/filmvilnius.com\/lt\/wp-json\/wp\/v2\/posts"}],"about":[{"href":"https:\/\/filmvilnius.com\/lt\/wp-json\/wp\/v2\/types\/post"}],"author":[{"embeddable":true,"href":"https:\/\/filmvilnius.com\/lt\/wp-json\/wp\/v2\/users\/6"}],"replies":[{"embeddable":true,"href":"https:\/\/filmvilnius.com\/lt\/wp-json\/wp\/v2\/comments?post=24107"}],"version-history":[{"count":1,"href":"https:\/\/filmvilnius.com\/lt\/wp-json\/wp\/v2\/posts\/24107\/revisions"}],"predecessor-version":[{"id":24110,"href":"https:\/\/filmvilnius.com\/lt\/wp-json\/wp\/v2\/posts\/24107\/revisions\/24110"}],"wp:featuredmedia":[{"embeddable":true,"href":"https:\/\/filmvilnius.com\/lt\/wp-json\/wp\/v2\/media\/24111"}],"wp:attachment":[{"href":"https:\/\/filmvilnius.com\/lt\/wp-json\/wp\/v2\/media?parent=24107"}],"wp:term":[{"taxonomy":"category","embeddable":true,"href":"https:\/\/filmvilnius.com\/lt\/wp-json\/wp\/v2\/categories?post=24107"},{"taxonomy":"post_tag","embeddable":true,"href":"https:\/\/filmvilnius.com\/lt\/wp-json\/wp\/v2\/tags?post=24107"}],"curies":[{"name":"wp","href":"https:\/\/api.w.org\/{rel}","templated":true}]}}