{"id":25194,"date":"2024-05-09T18:30:19","date_gmt":"2024-05-09T18:30:19","guid":{"rendered":"https:\/\/filmvilnius.com\/?p=25194"},"modified":"2026-04-28T09:17:56","modified_gmt":"2026-04-28T07:17:56","slug":"kino-svente-prasideda-paskelbti-nacionaliniu-kino-apdovanojimu-sidabrine-gerve-2024-nominantai","status":"publish","type":"post","link":"https:\/\/filmvilnius.com\/lt\/kino-svente-prasideda-paskelbti-nacionaliniu-kino-apdovanojimu-sidabrine-gerve-2024-nominantai\/","title":{"rendered":"Kino \u0161vent\u0117 prasideda: paskelbti Nacionalini\u0173 kino apdovanojim\u0173 \u201eSidabrin\u0117 gerv\u0117 2024\u201c nominantai"},"content":{"rendered":"\n<p>Ketvirtadienio vakar\u0105 vykusioje spaudos konferencijoje paskelbti reik\u0161mingiausi\u0173 \u0161alyje kino apdovanojim\u0173 \u201eSidabrin\u0117 gerv\u0117\u201c nominantai. Met\u0173 geriausieji paai\u0161k\u0117s jau bir\u017eelio 9 d., Lietuvos valstybinio simfoninio orkestro koncert\u0173 sal\u0117je vyksian\u010dioje ceremonijoje, kur kino k\u016br\u0117jams bus \u012fteikta 19 \u201eSidabrin\u0117s gerv\u0117s\u201c<strong> <\/strong>statul\u0117li\u0173 ir 3 specialieji apdovanojimai. Tarp da\u017eniausiai pamin\u0117t\u0173 pretendent\u0173 skirtingose kategorijose \u2013 re\u017eisier\u0117s Marijos Kavtaradze filmas \u201eTu man nieko neprimeni\u201c, Deimanto Narkevi\u010diaus filmas \u201e\u010ciulbanti siela\u201c ir Tomo Vengrio \u201e5 \u00bd meil\u0117s istorijos viename Vilniaus bute\u201c.&nbsp;&nbsp;<\/p>\n\n\n\n<p>Nuo 2008 met\u0173 lietuvi\u0161ko kino bendruomen\u0119 telkiantis ir vir\u0161 100 k\u016br\u0117j\u0173 jau pagerb\u0119s renginys, \u0161iais metais sugr\u012f\u0161 jubiliejin\u012f, 15-\u0105j\u012f kart\u0105. Nacionalinius kino apdovanojimus \u201eSidabrin\u0117 gerv\u0117\u201c tre\u010dius metus i\u0161 eil\u0117s organizuoja asociacija AVAKA kartu su Lietuvos kino centru.<\/p>\n\n\n\n<p>\u0160iais metais specialiai suburta komisija vertino 66 film\u0173 parai\u0161kas. Atrankos komisij\u0105 sudar\u0117 11 kino industrijos profesional\u0173: komisijos pirminink\u0117, kino kritik\u0117, kino program\u0173 sudarytoja Ieva \u0160ukyt\u0117, operator\u0117 Laura Aliukonyt\u0117, prodiuseris, re\u017eisierius Saulius Ber\u017einis, aktor\u0117 Au\u0161ra Giedraityt\u0117, re\u017eisierius, operatorius Ram\u016bnas Grei\u010dius, kino kritik\u0117 Santa Lingevi\u010di\u016bt\u0117, prodiuser\u0117 Emilija Slu\u0161konyt\u0117, prodiuseris Ar\u016bnas Sto\u0161kus, re\u017eisierius Gediminas \u0160iaulys, kinotyrinink\u0117 (Vilniaus universiteto docent\u0117; Lietuvos kult\u016bros tyrim\u0173 instituto mokslinink\u0117) Renata \u0160ukaityt\u0117-Coenen bei re\u017eisierius Romas Zabarauskas.&nbsp;<\/p>\n\n\n\n<p>\u201e\u0160iais metais komisija per m\u0117nes\u012f su puse per\u017ei\u016br\u0117jo net 66 filmus. D\u017eiugu, kad komisij\u0105 sudar\u0117 skirting\u0173 profesij\u0173 atstovai, kuri\u0173 \u012f\u017evalgos ir nuomon\u0117s papild\u0117 viena kit\u0105. Nors d\u0117l nominacij\u0173 tam tikrose kategorijose ir vyko ar\u0161esn\u0117s diskusijos, darbas vyko skland\u017eiai, o mes d\u017eiaugiam\u0117s bendrai priimtu sprendimu\u201c, \u2013 teigia komisijos pirminink\u0117, kino kritik\u0117, kino program\u0173 sudarytoja I. \u0160ukyt\u0117.<\/p>\n\n\n\n<p>Atsi\u017evelgus \u012f kino industrijos pasi\u016blymus, dalyvauti atrankos komisijos ir balsuotoj\u0173 darbe gal\u0117jo ne tik kino asociacij\u0173 nariai, ta\u010diau ir laisvai savo kandidat\u016bras pateik\u0119 kino industrijos atstovai. Nuo \u0161iandien, kas taps nugal\u0117tojais, spr\u0119s balsuotojai: kino industrijos asociacij\u0173 pasi\u016blyti bei savo kandidat\u016bras pateik\u0119 kino industrijos atstovai ir 2008-2023 m.\u00a0 \u201eSidabrin\u0117s gerv\u0117s\u201c laureatai. Balsavim\u0105 ir komisij\u0173 darb\u0105 stebi audito kompanija \u201eGrant Thornton Baltic\u201c.<\/p>\n\n\n\n<p>\u201eLietuvos kino industrija pra\u0117jusiais metais stulbino savo pasiekimais, sud\u0117tingomis temomis ir ry\u0161kiomis spalvomis. Apdovanojim\u0173 gausa tiesiog glumino. \u201eSundance\u201c kino festivalis \u012fvertino M. Kavtaradz\u0119 u\u017e \u201eTu man nieko neprimeni\u201c re\u017eis\u016br\u0105. Talino kino festivalis apdovanojo T. Vengrio \u201e5 1\/2 meil\u0117s istorijas viename Vilniaus bute\u201c. Deimanto Narkevi\u010diaus \u201e\u010ciulbanti siela\u201c pristatyta Roterdamo kino festivalyje, Elenos Kairyt\u0117s \u201eRoberta\u201c \u2013 Toronto \u201eHot Docs\u201c, Irmos Pu\u017eauskait\u0117s \u201eDevint\u0105 \u017eingsn\u012f\u201c \u012fsigijo centrin\u0117s Europos \u201eHBO\u201c. Prodiuserei Uljanai Kim skirtas presti\u017einis \u201eEurimages\u201c ir Europos kino akademijos koprodukcijos apdovanojimas.\u00a0<\/p>\n\n\n\n<p>I\u0161 ties\u0173, Lietuvos kinas tapo ne\u012ftik\u0117tinai konkurencingu, traukian\u010diu viso pasaulio sinefilus, ir svarbiausia \u2013 jaudinan\u010diu \u017ei\u016brov\u0173 \u0161irdis. Tikiuosi, kad \u201eGerv\u0117s\u201c primins skristi \u012f sales ir ie\u0161koti sav\u0173 nugal\u0117toj\u0173\u201c, \u2013 teigia komisijos narys, re\u017eisierius Romas Zabarauskas.<\/p>\n\n\n\n<p>Jubiliejiniame renginyje pirm\u0105 kart\u0105 pristatoma nauja nominacija u\u017e kino kult\u016bros sklaid\u0105,&nbsp; skiriama u\u017e kino sklaidos kino festivali\u0173, edukacini\u0173 projekt\u0173, straipsni\u0173, leidini\u0173, tyrim\u0173 ir kit\u0173 veikl\u0173 srityse puosel\u0117jim\u0105.&nbsp;<\/p>\n\n\n\n<p>Ceremonijos metu taip pat bus paskelbtas ir \u017di\u016brovi\u0161kiausias filmas, sulauk\u0119s daugiausiai \u017ei\u016brov\u0173 kino teatruose. Tradici\u0161kai, vieno k\u016br\u0117jo gyvenimo nuopelnai bus \u012fvertinti \u201eAuksine gerve\u201c. Met\u0173 geriausio studento darbas pelnys \u201eSidabrin\u0117s gerv\u0117s kiau\u0161inio\u201c statul\u0117l\u0119 bei lietuvi\u0161k\u0105 kin\u0105 palaikan\u010di\u0173 \u201eTelia Play\u201c \u012fsteigt\u0105 pinigin\u012f priz\u0105.\u00a0<\/p>\n\n\n\n<p>Jau tradicija tapus\u012f \u201eSidabrin\u0117s gerv\u0117s\u201c apdovanojimus \u012fprasminant\u012f k\u016brin\u012f \u0161iais metais suk\u016br\u0117 menininkas Stasys Eidrigevi\u010dius. Per 40 tarptautini\u0173 apdovanojim\u0173 peln\u0119s \u0161iuolaikinio meno k\u016br\u0117jas apdovanojimams nutap\u0117 paveiksl\u0105, kurio vizualiniai sprendimai lyd\u0117s ir vis\u0173 apdovanojim\u0173 metu.\u00a0<\/p>\n\n\n\n<figure class=\"wp-block-image size-large\"><img fetchpriority=\"high\" decoding=\"async\" width=\"773\" height=\"1024\" src=\"https:\/\/filmvilnius.com\/wp-content\/uploads\/2024\/05\/Menininko-S.-Eidrigeviciaus-sukurtas-paveikslas-1-773x1024.jpg\" alt=\"\" class=\"wp-image-25197\" srcset=\"https:\/\/filmvilnius.com\/wp-content\/uploads\/2024\/05\/Menininko-S.-Eidrigeviciaus-sukurtas-paveikslas-1-773x1024.jpg 773w, https:\/\/filmvilnius.com\/wp-content\/uploads\/2024\/05\/Menininko-S.-Eidrigeviciaus-sukurtas-paveikslas-1-227x300.jpg 227w, https:\/\/filmvilnius.com\/wp-content\/uploads\/2024\/05\/Menininko-S.-Eidrigeviciaus-sukurtas-paveikslas-1-768x1017.jpg 768w, https:\/\/filmvilnius.com\/wp-content\/uploads\/2024\/05\/Menininko-S.-Eidrigeviciaus-sukurtas-paveikslas-1.jpg 1000w\" sizes=\"(max-width: 773px) 100vw, 773px\" \/><\/figure>\n\n\n\n<p>\u201eMano k\u016bryboje pauk\u0161tis pasirodo gana da\u017enai \u2013 jis svarbus tiek tapyboje, tiek pie\u0161iniuose,&nbsp; tiek grafikos darbuose. \u0160iame paveiksle matomos gerv\u0117s, j\u0173 \u017evilgsnis, kalba apie vienyb\u0119. Pauk\u0161tis \u2013 tai skryd\u017eio, laisv\u0117s ir&nbsp; gro\u017eio simbolis\u201c, \u2013 teigia Stasys Eidrigevi\u010dius.&nbsp;<\/p>\n\n\n\n<p>Apdovanojim\u0173 ceremonija vyks bir\u017eelio 9 d., Lietuvos valstybinio simfoninio orkestro koncert\u0173 sal\u0117je. Steb\u0117ti tiesiogin\u0119 raudonojo kilimo transliacij\u0105 \u017ei\u016brovai kvie\u010diami nuo 19 val. portale LRT.lt bei LRT PLIUS kanale. Renginio transliacija prasid\u0117s 20 val. per LRT PLIUS ir LRT.lt, o nuo 21 val. prisijungs ir LRT eteris. Lietuvi\u0161k\u0105 kin\u0105 palaiko \u201eTelia Play\u201c.&nbsp;<\/p>\n\n\n\n<p>Nominant\u0173 s\u0105ra\u0161as:<\/p>\n\n\n\n<p><strong>MET\u0172 GERIAUSIAS STUDENTO DARBAS<\/strong><\/p>\n\n\n\n<p>-15 (re\u017e. Rinaldas Toma\u0161evi\u010dius, prod. Lineta Lasiauskait\u0117, LMTA)<\/p>\n\n\n\n<p>Artumo jausmas (re\u017e. August\u0117 Gerikait\u0117, prod. Lineta Lasiauskait\u0117, Greta Garbo Films,&nbsp;LMTA)<\/p>\n\n\n\n<p>Hablo d\u0117snis (re\u017e. Arnas Bal\u010di\u016bnas, prod. Morta Verbickait\u0117, LMTA)<\/p>\n\n\n\n<p>Ja tibia ubju (re\u017e. Silvija Kuodyt\u0117, prod. Marija Kazlauskait\u0117, R\u016bta Pa\u0161ukonyt\u0117, August\u0117 Puteikyt\u0117, LMTA)<\/p>\n\n\n\n<p>Numeris vienas (re\u017e. Milda Augustaityt\u0117, prod. Milda Augustaityt\u0117, Ingrida Danilovait\u0117, LMTA)<\/p>\n\n\n\n<p><strong>MET\u0172 GERIAUSIAIS GRIMO DAILININKO DARBAS<\/strong><\/p>\n\n\n\n<p>Egl\u0117 Mikalauskait\u0117 Gricien\u0117 (\u010ciulbanti siela)<\/p>\n\n\n\n<p>Jurgita Globyt\u0117 (5 \u00bd meil\u0117s istorijos viename Vilniaus bute)<\/p>\n\n\n\n<p>Lina Jankevi\u010dien\u0117 (Laikinai J\u016bs\u0173)<\/p>\n\n\n\n<p>Vaida Venckut\u0117 (Devintas \u017eingsnis)<\/p>\n\n\n\n<p><strong>MET\u0172 GERIAUSIAS KOSTIUM\u0172 DAILININKO DARBAS<\/strong><\/p>\n\n\n\n<p>Agn\u0117 Rimkut\u0117 (\u010ciulbanti siela)<\/p>\n\n\n\n<p>Fausta Naujal\u0117 (Tu man nieko neprimeni)<\/p>\n\n\n\n<p>Liene Dobraja (5 \u00bd meil\u0117s istorijos viename Vilniaus bute)<\/p>\n\n\n\n<p>Neringa Ker\u0161ulyt\u0117 (Laikinai J\u016bs\u0173)<\/p>\n\n\n\n<p><strong>MET\u0172 GERIAUSIAS KINO DAILININKO DARBAS<\/strong><\/p>\n\n\n\n<p>Algirdas Garba\u010diauskas (\u010ciulbanti siela)<\/p>\n\n\n\n<p>Neringa Baciu\u0161kait\u0117 (Laikinai J\u016bs\u0173)<\/p>\n\n\n\n<p>Ram\u016bnas Rastauskas (Devintas \u017eingsnis)<\/p>\n\n\n\n<p>Sigita \u0160imk\u016bnait\u0117 (Tu man nieko neprimeni)<\/p>\n\n\n\n<p><strong>MET\u0172 GERIAUSIAS GARSO RE\u017dISIERIAUS DARBAS<\/strong><\/p>\n\n\n\n<p>Diego Staub (Tu man nieko neprimeni)<\/p>\n\n\n\n<p>Jonas Jocys (M\u016bza)<\/p>\n\n\n\n<p>Jonas Maksvytis (P\u0117dsakai)<\/p>\n\n\n\n<p>Julius Grigelionis (5 \u00bd meil\u0117s istorijos viename Vilniaus bute)<\/p>\n\n\n\n<p>Saulius Urbanavi\u010dius (\u010ciulbanti siela)<\/p>\n\n\n\n<p><strong>MET\u0172 GERIAUSIAS MONTA\u017dO RE\u017dISIERIAUS DARBAS<\/strong><\/p>\n\n\n\n<p>Audinga Ku\u010dinskait\u0117 (Mamut\u0173 med\u017eiokl\u0117)<\/p>\n\n\n\n<p>Dalius Kalinauskas (Bilietas)<\/p>\n\n\n\n<p>Ieva Veiveryt\u0117 (Marijos tyla)<\/p>\n\n\n\n<p>Silvija Vilkait\u0117 (Tu man nieko neprimeni)<\/p>\n\n\n\n<p>Tomas Vengris (5 \u00bd meil\u0117s istorijos viename Vilniaus bute)<\/p>\n\n\n\n<p><strong>MET\u0172 GERIAUSIAS KOMPOZITORIAUS DARBAS<\/strong><\/p>\n\n\n\n<p>Irya Gmeyner, Martin Hederos, Vincent Barri\u00e8re (Tu man nieko neprimeni)<\/p>\n\n\n\n<p>Jonas Jurk\u016bnas (P\u0117dsakai)<\/p>\n\n\n\n<p>Martynas Bialob\u017eeskis (Amor)<\/p>\n\n\n\n<p>Mi\u0161a Skalskis (\u010ciulbanti siela)<\/p>\n\n\n\n<p>Paulius Kilbauskas, Justinas \u0160taras (Marijos tyla)<\/p>\n\n\n\n<p><strong>MET\u0172 GERIAUSIAIS OPERATORIAUS DARBAS<\/strong><\/p>\n\n\n\n<p>Eitvydas Do\u0161kus (\u010ciulbanti siela)<\/p>\n\n\n\n<p>Jacek Podgorski (Devintas \u017eingsnis)<\/p>\n\n\n\n<p>Jurgis Kmins (5 \u00bd meil\u0117s istorijos viename Vilniaus bute)<\/p>\n\n\n\n<p>Kristina Sereikait\u0117 (Mamut\u0173 med\u017eiokl\u0117)<\/p>\n\n\n\n<p>Laurynas Barei\u0161a (Tu man nieko neprimeni)<\/p>\n\n\n\n<p><strong>MET\u0172 GERIAUSIAS ANTRAPLANIS AKTOR\u0116S VAIDMUO<\/strong><\/p>\n\n\n\n<p>Dovil\u0117 \u0160ilkaityt\u0117 (Mano laisv\u0117)&nbsp;<\/p>\n\n\n\n<p>Hadar Ratzon Rotem (5 \u00bd meil\u0117s istorijos viename Vilniaus bute)&nbsp;<\/p>\n\n\n\n<p>Ieva Andrejevait\u0117 (5 \u00bd meil\u0117s istorijos viename Vilniaus bute)<\/p>\n\n\n\n<p>Laima Akstinait\u0117 (Tu man nieko neprimeni)<\/p>\n\n\n\n<p>Ugn\u0117 \u0160iau\u010di\u016bnait\u0117 (Tu man nieko neprimeni)<\/p>\n\n\n\n<p><strong>MET\u0172 GERIAUSIAS ANTRAPLANIS AKTORIAUS VAIDMUO<\/strong><\/p>\n\n\n\n<p>Darius Me\u0161kauskas (Mano laisv\u0117)&nbsp;&nbsp;<\/p>\n\n\n\n<p>Yiftach Klein (5 \u00bd meil\u0117s istorijos viename Vilniaus bute)<\/p>\n\n\n\n<p>Marijus Ma\u017e\u016bnas&nbsp; (5 \u00bd meil\u0117s istorijos viename Vilniaus bute)<\/p>\n\n\n\n<p>Marius Rep\u0161ys (Devintas \u017eingsnis)&nbsp;&nbsp;<\/p>\n\n\n\n<p>Vidas Petkevi\u010dius (5 \u00bd meil\u0117s istorijos viename Vilniaus bute)<\/p>\n\n\n\n<p><strong>MET\u0172 GERIAUSIAS AKTOR\u0116S VAIDMUO<\/strong><\/p>\n\n\n\n<p>Angelina Daukait\u0117 (Devintas \u017eingsnis)&nbsp;<\/p>\n\n\n\n<p>Gerda \u010ciurait\u0117 (Devintas \u017eingsnis)<\/p>\n\n\n\n<p>Greta Grinevi\u010di\u016bt\u0117 (Tu man nieko neprimeni)<\/p>\n\n\n\n<p>Laima Akstinait\u0117 (\u010ciulbanti siela)<\/p>\n\n\n\n<p>Velta \u017dygur\u0117-Anu\u017eien\u0117 (5 \u00bd meil\u0117s istorijos viename Vilniaus bute)<\/p>\n\n\n\n<p><strong>MET\u0172 GERIAUSIAS AKTORIAUS VAIDMUO<\/strong><\/p>\n\n\n\n<p>Aleksas Kazanavi\u010dius (\u010ciulbanti siela)&nbsp;&nbsp;<\/p>\n\n\n\n<p>Giedrius Savickas (Milijonieriaus palikimas)&nbsp;<\/p>\n\n\n\n<p>K\u0119stutis Cic\u0117nas (Tu man nieko neprimeni)<\/p>\n\n\n\n<p>Valentinas Krulikovskis (\u010ciulbanti siela)&nbsp;&nbsp;<\/p>\n\n\n\n<p>Valentinas Novopolskis (Devintas \u017eingsnis)&nbsp;<\/p>\n\n\n\n<p><strong>MET\u0172 GERIAUSIAS TRUMPAMETRA\u017dIS KINO FILMAS<\/strong><\/p>\n\n\n\n<p>Dear Dad (re\u017e. Aust\u0117 Urbanavi\u010di\u016bt\u0117, prod. Aust\u0117 Urbanavi\u010di\u016bt\u0117)<\/p>\n\n\n\n<p>Laiming\u0173 kit\u0173! (re\u017e. Lukas Kacinauskas, prod. Brigita Beniu\u0161yt\u0117, Marija Razgut\u0117, M-Films)<\/p>\n\n\n\n<p>L\u016bkes\u010diai ir kitos prek\u0117s (re\u017e. Dali Rust, prod. Jurga Kaye, Studija Kinema)<\/p>\n\n\n\n<p>Nominantai (re\u017e. Birut\u0117 Kapustinskait\u0117, prod. Dagn\u0117 Vild\u017ei\u016bnait\u0117, R\u016bta Petronyt\u0117,&nbsp; Just A Moment,&nbsp; Smart Casual)<\/p>\n\n\n\n<p>Tu\u0161inukas (re\u017e. Adas Burk\u0161aitis, prod. Kotryna Ramanauskait\u0117, Greta Akcijonait\u0117, Greta Garbo Films)<\/p>\n\n\n\n<p><strong>MET\u0172 GERIAUSIAS ANIMACINIS FILMAS<\/strong><\/p>\n\n\n\n<p>Kak\u0117 Mak\u0117: mano filmas (re\u017e. Meinardas Valkevi\u010dius,&nbsp; prod. Simona Krasauskien\u0117, Meinardas Valkevi\u010dius, Meinart, NJ world)<\/p>\n\n\n\n<p>Kanopos ir pa\u010di\u016b\u017eos (re\u017e. Ignas Meil\u016bnas, prod. Just\u0117 Beniu\u0161yt\u0117, Ignas Meil\u016bnas)<\/p>\n\n\n\n<p>Ta, kuri \u017eino (re\u017e. Egl\u0117 Davidavi\u010d\u0117, prod. Agn\u0117 Adom\u0117n\u0117, Art Shot)<\/p>\n\n\n\n<p>\u017daisti gyvenim\u0105 (re\u017e. Vilius Petrauskas, Donatas Ulvydas, Mantas Pronckus, \u017dilvinas Naujokas, prod. \u017dilvinas Naujokas)<\/p>\n\n\n\n<p><strong>MET\u0172 GERIAUSIAS MA\u017dUMOS BENDROS GAMYBOS FILMAS<\/strong><\/p>\n\n\n\n<p>Amor (re\u017e. Virginia Serpieri Eleuteri, prod. Rasa Mi\u0161kinyt\u0117, Era film, Stefilm, Edoardo Fracchia)<\/p>\n\n\n\n<p>Kaimie\u010diai (re\u017e. DK Welchman, Hugh Welchman, prod. Art Shot, Breakthru Films, Digitalkraft)<\/p>\n\n\n\n<p>Mano laisv\u0117 (re\u017e. Ilze Kunga Melgaile, prod. Aija B\u0113rzi\u0146a, Tasse Films, Marija Razgut\u0117, M-Films);<\/p>\n\n\n\n<p>Marijos tyla (re\u017e. Davis Simanis, prod. Just\u0117 Michailinait\u0117, K\u0119stutis Drazdauskas, Gints Grube, Inese Boka Grube)<\/p>\n\n\n\n<p>P\u0117dsakai (re\u017e. Dubravka Turi\u0107, prod. Tremora, Kinorama, Corona)<\/p>\n\n\n\n<p><strong>MET\u0172 GERIAUSIAS SCENARIJAUS AUTORIUS<\/strong><\/p>\n\n\n\n<p>Agn\u0117 Marcinkevi\u010di\u016bt\u0117 (M\u016bza)<\/p>\n\n\n\n<p>Audrius Juz\u0117nas&nbsp; (Vakar)&nbsp;<\/p>\n\n\n\n<p>Marija Kavtaradze (Tu man nieko neprimeni)<\/p>\n\n\n\n<p>Tomas Vengris, Tatia Rosenthal (5 \u00bd meil\u0117s istorijos viename Vilniaus bute)<\/p>\n\n\n\n<p><strong>MET\u0172 GERIAUSIAS RE\u017dISIERIAUS DARBAS<\/strong><\/p>\n\n\n\n<p>Aist\u0117 Stonyt\u0117 (Mamut\u0173 med\u017eiokl\u0117)<\/p>\n\n\n\n<p>Deimantas Narkevi\u010dius (\u010ciulbanti siela)<\/p>\n\n\n\n<p>Elena Kairyt\u0117 (Roberta)<\/p>\n\n\n\n<p>Marija Kavtaradze (Tu man nieko neprimeni)<\/p>\n\n\n\n<p>Tomas Vengris (5 \u00bd meil\u0117s istorijos viename Vilniaus bute)<\/p>\n\n\n\n<p><strong>MET\u0172 GERIAUSIAS ILGAMETRA\u017dIS DOKUMENTINIS KINO FILMAS<\/strong><\/p>\n\n\n\n<p>Bilietas (re\u017e. Vytautas Dambrauskas, prod. Edmundas Jakilaitis)<\/p>\n\n\n\n<p>Irklais per Atlant\u0105 (re\u017e. Aurimas Valujavi\u010dius, prod. Aurimas Valujavi\u010dius)<\/p>\n\n\n\n<p>Mamut\u0173 med\u017eiokl\u0117 (re\u017e. Aist\u0117 Stonyt\u0117, prod. Studio Nominum, Ar\u016bnas Matelis, Algimant\u0117 Matelien\u0117)<\/p>\n\n\n\n<p>M\u016bza (re\u017e. Agn\u0117 Marcinkevi\u010di\u016bt\u0117, prod. \u017divil\u0117 Gallego)<\/p>\n\n\n\n<p>Roberta (re\u017e. Elena Kairyt\u0117, prod. R\u016bta Jekentait\u0117, Baltic Productions)&nbsp;<\/p>\n\n\n\n<p><strong>MET\u0172 GERIAUSIAS VAIDYBINIS ILGAMETRA\u017dIS KINO FILMAS<\/strong><\/p>\n\n\n\n<p>5 \u00bd&nbsp; meil\u0117s istorijos viename Vilniaus bute (re\u017e. Tomas Vengris, prod. Uljana Kim, Alicia N\u00ed Ghr\u00e1inne, Roberts Vinovskis, Studio Uljana Kim, Tiger Darling Productions, Studio Locomotive)<\/p>\n\n\n\n<p>\u010ciulbanti siela (re\u017e. Deimantas Narkevi\u010dius, prod. Dagn\u0117 Vild\u017ei\u016bnait\u0117)<\/p>\n\n\n\n<p>Devintas \u017eingsnis (re\u017e. Irma Pu\u017eauskait\u0117, prod. Lukas Trimonis, In Script)&nbsp;<\/p>\n\n\n\n<p>Tu man nieko neprimeni (re\u017e. Marija Kavtaradze, prod. Marija Razgut\u0117, M-Films, Luisa Romeo, Frida Films, Anna Maria Kantarius, Garagefilm)<\/p>\n\n\n\n<p><\/p>\n","protected":false},"excerpt":{"rendered":"<p>Ketvirtadienio vakar\u0105 vykusioje spaudos konferencijoje paskelbti reik\u0161mingiausi\u0173 \u0161alyje kino apdovanojim\u0173 \u201eSidabrin\u0117 gerv\u0117\u201c nominantai. Met\u0173 geriausieji paai\u0161k\u0117s jau bir\u017eelio 9 d., Lietuvos valstybinio simfoninio orkestro koncert\u0173 sal\u0117je vyksian\u010dioje ceremonijoje, kur kino k\u016br\u0117jams bus \u012fteikta 19 \u201eSidabrin\u0117s gerv\u0117s\u201c statul\u0117li\u0173 ir 3 specialieji apdovanojimai. Tarp da\u017eniausiai pamin\u0117t\u0173 pretendent\u0173 skirtingose kategorijose \u2013 re\u017eisier\u0117s Marijos Kavtaradze filmas \u201eTu man nieko [&hellip;]<\/p>\n","protected":false},"author":6,"featured_media":25199,"comment_status":"closed","ping_status":"open","sticky":false,"template":"","format":"standard","meta":{"_acf_changed":false,"_monsterinsights_skip_tracking":false,"_monsterinsights_sitenote_active":false,"_monsterinsights_sitenote_note":"","_monsterinsights_sitenote_category":0,"footnotes":""},"categories":[155,58],"tags":[],"class_list":["post-25194","post","type-post","status-publish","format-standard","has-post-thumbnail","hentry","category-industrija-ir-renginiai","category-news"],"acf":[],"yoast_head":"<!-- This site is optimized with the Yoast SEO plugin v27.4 - https:\/\/yoast.com\/product\/yoast-seo-wordpress\/ -->\n<title>Kino \u0161vent\u0117 prasideda: paskelbti Nacionalini\u0173 kino apdovanojim\u0173 \u201eSidabrin\u0117 gerv\u0117 2024\u201c nominantai - Vilnius film office<\/title>\n<meta name=\"description\" content=\"Ketvirtadienio vakar\u0105 vykusioje spaudos konferencijoje paskelbti reik\u0161mingiausi\u0173 \u0161alyje kino apdovanojim\u0173 \u201eSidabrin\u0117 gerv\u0117\u201c nominantai\" \/>\n<meta name=\"robots\" content=\"index, follow, max-snippet:-1, max-image-preview:large, max-video-preview:-1\" \/>\n<link rel=\"canonical\" href=\"https:\/\/filmvilnius.com\/lt\/kino-svente-prasideda-paskelbti-nacionaliniu-kino-apdovanojimu-sidabrine-gerve-2024-nominantai\/\" \/>\n<meta property=\"og:locale\" content=\"lt_LT\" \/>\n<meta property=\"og:type\" content=\"article\" \/>\n<meta property=\"og:title\" content=\"Kino \u0161vent\u0117 prasideda: paskelbti Nacionalini\u0173 kino apdovanojim\u0173 \u201eSidabrin\u0117 gerv\u0117 2024\u201c nominantai - Vilnius film office\" \/>\n<meta property=\"og:description\" content=\"Ketvirtadienio vakar\u0105 vykusioje spaudos konferencijoje paskelbti reik\u0161mingiausi\u0173 \u0161alyje kino apdovanojim\u0173 \u201eSidabrin\u0117 gerv\u0117\u201c nominantai\" \/>\n<meta property=\"og:url\" content=\"https:\/\/filmvilnius.com\/lt\/kino-svente-prasideda-paskelbti-nacionaliniu-kino-apdovanojimu-sidabrine-gerve-2024-nominantai\/\" \/>\n<meta property=\"og:site_name\" content=\"Vilnius film office\" \/>\n<meta property=\"article:publisher\" content=\"https:\/\/www.facebook.com\/filmvilnius\" \/>\n<meta property=\"article:published_time\" content=\"2024-05-09T18:30:19+00:00\" \/>\n<meta property=\"article:modified_time\" content=\"2026-04-28T07:17:56+00:00\" \/>\n<meta property=\"og:image\" content=\"https:\/\/filmvilnius.com\/wp-content\/uploads\/2024\/05\/Sidabrines-gerves-Ahoy-nuotr.-2.jpg\" \/>\n\t<meta property=\"og:image:width\" content=\"2048\" \/>\n\t<meta property=\"og:image:height\" content=\"1365\" \/>\n\t<meta property=\"og:image:type\" content=\"image\/jpeg\" \/>\n<meta name=\"author\" content=\"Vilnius Film Office\" \/>\n<meta name=\"twitter:card\" content=\"summary_large_image\" \/>\n<meta name=\"twitter:creator\" content=\"@FilmVilnius\" \/>\n<meta name=\"twitter:site\" content=\"@FilmVilnius\" \/>\n<meta name=\"twitter:label1\" content=\"Written by\" \/>\n\t<meta name=\"twitter:data1\" content=\"Vilnius Film Office\" \/>\n\t<meta name=\"twitter:label2\" content=\"Est. reading time\" \/>\n\t<meta name=\"twitter:data2\" content=\"7 minut\u0117s\" \/>\n<script type=\"application\/ld+json\" class=\"yoast-schema-graph\">{\"@context\":\"https:\\\/\\\/schema.org\",\"@graph\":[{\"@type\":\"Article\",\"@id\":\"https:\\\/\\\/filmvilnius.com\\\/lt\\\/kino-svente-prasideda-paskelbti-nacionaliniu-kino-apdovanojimu-sidabrine-gerve-2024-nominantai\\\/#article\",\"isPartOf\":{\"@id\":\"https:\\\/\\\/filmvilnius.com\\\/lt\\\/kino-svente-prasideda-paskelbti-nacionaliniu-kino-apdovanojimu-sidabrine-gerve-2024-nominantai\\\/\"},\"author\":{\"name\":\"Vilnius Film Office\",\"@id\":\"https:\\\/\\\/filmvilnius.com\\\/#\\\/schema\\\/person\\\/8572c7f289890809bfa364d48f8dded5\"},\"headline\":\"Kino \u0161vent\u0117 prasideda: paskelbti Nacionalini\u0173 kino apdovanojim\u0173 \u201eSidabrin\u0117 gerv\u0117 2024\u201c nominantai\",\"datePublished\":\"2024-05-09T18:30:19+00:00\",\"dateModified\":\"2026-04-28T07:17:56+00:00\",\"mainEntityOfPage\":{\"@id\":\"https:\\\/\\\/filmvilnius.com\\\/lt\\\/kino-svente-prasideda-paskelbti-nacionaliniu-kino-apdovanojimu-sidabrine-gerve-2024-nominantai\\\/\"},\"wordCount\":1577,\"publisher\":{\"@id\":\"https:\\\/\\\/filmvilnius.com\\\/#organization\"},\"image\":{\"@id\":\"https:\\\/\\\/filmvilnius.com\\\/lt\\\/kino-svente-prasideda-paskelbti-nacionaliniu-kino-apdovanojimu-sidabrine-gerve-2024-nominantai\\\/#primaryimage\"},\"thumbnailUrl\":\"https:\\\/\\\/filmvilnius.com\\\/wp-content\\\/uploads\\\/2024\\\/05\\\/Sidabrines-gerves-Ahoy-nuotr.-2.jpg\",\"articleSection\":[\"Industrija ir renginiai\",\"Naujienos\"],\"inLanguage\":\"lt-LT\"},{\"@type\":\"WebPage\",\"@id\":\"https:\\\/\\\/filmvilnius.com\\\/lt\\\/kino-svente-prasideda-paskelbti-nacionaliniu-kino-apdovanojimu-sidabrine-gerve-2024-nominantai\\\/\",\"url\":\"https:\\\/\\\/filmvilnius.com\\\/lt\\\/kino-svente-prasideda-paskelbti-nacionaliniu-kino-apdovanojimu-sidabrine-gerve-2024-nominantai\\\/\",\"name\":\"Kino \u0161vent\u0117 prasideda: paskelbti Nacionalini\u0173 kino apdovanojim\u0173 \u201eSidabrin\u0117 gerv\u0117 2024\u201c nominantai - Vilnius film office\",\"isPartOf\":{\"@id\":\"https:\\\/\\\/filmvilnius.com\\\/#website\"},\"primaryImageOfPage\":{\"@id\":\"https:\\\/\\\/filmvilnius.com\\\/lt\\\/kino-svente-prasideda-paskelbti-nacionaliniu-kino-apdovanojimu-sidabrine-gerve-2024-nominantai\\\/#primaryimage\"},\"image\":{\"@id\":\"https:\\\/\\\/filmvilnius.com\\\/lt\\\/kino-svente-prasideda-paskelbti-nacionaliniu-kino-apdovanojimu-sidabrine-gerve-2024-nominantai\\\/#primaryimage\"},\"thumbnailUrl\":\"https:\\\/\\\/filmvilnius.com\\\/wp-content\\\/uploads\\\/2024\\\/05\\\/Sidabrines-gerves-Ahoy-nuotr.-2.jpg\",\"datePublished\":\"2024-05-09T18:30:19+00:00\",\"dateModified\":\"2026-04-28T07:17:56+00:00\",\"description\":\"Ketvirtadienio vakar\u0105 vykusioje spaudos konferencijoje paskelbti reik\u0161mingiausi\u0173 \u0161alyje kino apdovanojim\u0173 \u201eSidabrin\u0117 gerv\u0117\u201c nominantai\",\"breadcrumb\":{\"@id\":\"https:\\\/\\\/filmvilnius.com\\\/lt\\\/kino-svente-prasideda-paskelbti-nacionaliniu-kino-apdovanojimu-sidabrine-gerve-2024-nominantai\\\/#breadcrumb\"},\"inLanguage\":\"lt-LT\",\"potentialAction\":[{\"@type\":\"ReadAction\",\"target\":[\"https:\\\/\\\/filmvilnius.com\\\/lt\\\/kino-svente-prasideda-paskelbti-nacionaliniu-kino-apdovanojimu-sidabrine-gerve-2024-nominantai\\\/\"]}]},{\"@type\":\"ImageObject\",\"inLanguage\":\"lt-LT\",\"@id\":\"https:\\\/\\\/filmvilnius.com\\\/lt\\\/kino-svente-prasideda-paskelbti-nacionaliniu-kino-apdovanojimu-sidabrine-gerve-2024-nominantai\\\/#primaryimage\",\"url\":\"https:\\\/\\\/filmvilnius.com\\\/wp-content\\\/uploads\\\/2024\\\/05\\\/Sidabrines-gerves-Ahoy-nuotr.-2.jpg\",\"contentUrl\":\"https:\\\/\\\/filmvilnius.com\\\/wp-content\\\/uploads\\\/2024\\\/05\\\/Sidabrines-gerves-Ahoy-nuotr.-2.jpg\",\"width\":2048,\"height\":1365},{\"@type\":\"BreadcrumbList\",\"@id\":\"https:\\\/\\\/filmvilnius.com\\\/lt\\\/kino-svente-prasideda-paskelbti-nacionaliniu-kino-apdovanojimu-sidabrine-gerve-2024-nominantai\\\/#breadcrumb\",\"itemListElement\":[{\"@type\":\"ListItem\",\"position\":1,\"name\":\"Home\",\"item\":\"https:\\\/\\\/filmvilnius.com\\\/lt\\\/\"},{\"@type\":\"ListItem\",\"position\":2,\"name\":\"Kino \u0161vent\u0117 prasideda: paskelbti Nacionalini\u0173 kino apdovanojim\u0173 \u201eSidabrin\u0117 gerv\u0117 2024\u201c nominantai\"}]},{\"@type\":\"WebSite\",\"@id\":\"https:\\\/\\\/filmvilnius.com\\\/#website\",\"url\":\"https:\\\/\\\/filmvilnius.com\\\/\",\"name\":\"Vilnius film office\",\"description\":\"\",\"publisher\":{\"@id\":\"https:\\\/\\\/filmvilnius.com\\\/#organization\"},\"potentialAction\":[{\"@type\":\"SearchAction\",\"target\":{\"@type\":\"EntryPoint\",\"urlTemplate\":\"https:\\\/\\\/filmvilnius.com\\\/?s={search_term_string}\"},\"query-input\":{\"@type\":\"PropertyValueSpecification\",\"valueRequired\":true,\"valueName\":\"search_term_string\"}}],\"inLanguage\":\"lt-LT\"},{\"@type\":\"Organization\",\"@id\":\"https:\\\/\\\/filmvilnius.com\\\/#organization\",\"name\":\"Vilniaus kino biuras\",\"url\":\"https:\\\/\\\/filmvilnius.com\\\/\",\"logo\":{\"@type\":\"ImageObject\",\"inLanguage\":\"lt-LT\",\"@id\":\"https:\\\/\\\/filmvilnius.com\\\/#\\\/schema\\\/logo\\\/image\\\/\",\"url\":\"https:\\\/\\\/filmvilnius.com\\\/wp-content\\\/uploads\\\/2022\\\/12\\\/VKB-Logo-2022-EN-2-V.jpg\",\"contentUrl\":\"https:\\\/\\\/filmvilnius.com\\\/wp-content\\\/uploads\\\/2022\\\/12\\\/VKB-Logo-2022-EN-2-V.jpg\",\"width\":1419,\"height\":1418,\"caption\":\"Vilniaus kino biuras\"},\"image\":{\"@id\":\"https:\\\/\\\/filmvilnius.com\\\/#\\\/schema\\\/logo\\\/image\\\/\"},\"sameAs\":[\"https:\\\/\\\/www.facebook.com\\\/filmvilnius\",\"https:\\\/\\\/x.com\\\/FilmVilnius\",\"https:\\\/\\\/www.instagram.com\\\/filmvilnius\\\/\"]},{\"@type\":\"Person\",\"@id\":\"https:\\\/\\\/filmvilnius.com\\\/#\\\/schema\\\/person\\\/8572c7f289890809bfa364d48f8dded5\",\"name\":\"Vilnius Film Office\",\"image\":{\"@type\":\"ImageObject\",\"inLanguage\":\"lt-LT\",\"@id\":\"https:\\\/\\\/secure.gravatar.com\\\/avatar\\\/2f93c625b891dbd84735ed1bd75819d698625d4c37369c60acab5f321b22fbb2?s=96&d=mm&r=g\",\"url\":\"https:\\\/\\\/secure.gravatar.com\\\/avatar\\\/2f93c625b891dbd84735ed1bd75819d698625d4c37369c60acab5f321b22fbb2?s=96&d=mm&r=g\",\"contentUrl\":\"https:\\\/\\\/secure.gravatar.com\\\/avatar\\\/2f93c625b891dbd84735ed1bd75819d698625d4c37369c60acab5f321b22fbb2?s=96&d=mm&r=g\",\"caption\":\"Vilnius Film Office\"},\"url\":\"https:\\\/\\\/filmvilnius.com\\\/lt\\\/author\\\/ce5c1052f3e77e32\\\/\"}]}<\/script>\n<!-- \/ Yoast SEO plugin. -->","yoast_head_json":{"title":"Kino \u0161vent\u0117 prasideda: paskelbti Nacionalini\u0173 kino apdovanojim\u0173 \u201eSidabrin\u0117 gerv\u0117 2024\u201c nominantai - Vilnius film office","description":"Ketvirtadienio vakar\u0105 vykusioje spaudos konferencijoje paskelbti reik\u0161mingiausi\u0173 \u0161alyje kino apdovanojim\u0173 \u201eSidabrin\u0117 gerv\u0117\u201c nominantai","robots":{"index":"index","follow":"follow","max-snippet":"max-snippet:-1","max-image-preview":"max-image-preview:large","max-video-preview":"max-video-preview:-1"},"canonical":"https:\/\/filmvilnius.com\/lt\/kino-svente-prasideda-paskelbti-nacionaliniu-kino-apdovanojimu-sidabrine-gerve-2024-nominantai\/","og_locale":"lt_LT","og_type":"article","og_title":"Kino \u0161vent\u0117 prasideda: paskelbti Nacionalini\u0173 kino apdovanojim\u0173 \u201eSidabrin\u0117 gerv\u0117 2024\u201c nominantai - Vilnius film office","og_description":"Ketvirtadienio vakar\u0105 vykusioje spaudos konferencijoje paskelbti reik\u0161mingiausi\u0173 \u0161alyje kino apdovanojim\u0173 \u201eSidabrin\u0117 gerv\u0117\u201c nominantai","og_url":"https:\/\/filmvilnius.com\/lt\/kino-svente-prasideda-paskelbti-nacionaliniu-kino-apdovanojimu-sidabrine-gerve-2024-nominantai\/","og_site_name":"Vilnius film office","article_publisher":"https:\/\/www.facebook.com\/filmvilnius","article_published_time":"2024-05-09T18:30:19+00:00","article_modified_time":"2026-04-28T07:17:56+00:00","og_image":[{"width":2048,"height":1365,"url":"https:\/\/filmvilnius.com\/wp-content\/uploads\/2024\/05\/Sidabrines-gerves-Ahoy-nuotr.-2.jpg","type":"image\/jpeg"}],"author":"Vilnius Film Office","twitter_card":"summary_large_image","twitter_creator":"@FilmVilnius","twitter_site":"@FilmVilnius","twitter_misc":{"Written by":"Vilnius Film Office","Est. reading time":"7 minut\u0117s"},"schema":{"@context":"https:\/\/schema.org","@graph":[{"@type":"Article","@id":"https:\/\/filmvilnius.com\/lt\/kino-svente-prasideda-paskelbti-nacionaliniu-kino-apdovanojimu-sidabrine-gerve-2024-nominantai\/#article","isPartOf":{"@id":"https:\/\/filmvilnius.com\/lt\/kino-svente-prasideda-paskelbti-nacionaliniu-kino-apdovanojimu-sidabrine-gerve-2024-nominantai\/"},"author":{"name":"Vilnius Film Office","@id":"https:\/\/filmvilnius.com\/#\/schema\/person\/8572c7f289890809bfa364d48f8dded5"},"headline":"Kino \u0161vent\u0117 prasideda: paskelbti Nacionalini\u0173 kino apdovanojim\u0173 \u201eSidabrin\u0117 gerv\u0117 2024\u201c nominantai","datePublished":"2024-05-09T18:30:19+00:00","dateModified":"2026-04-28T07:17:56+00:00","mainEntityOfPage":{"@id":"https:\/\/filmvilnius.com\/lt\/kino-svente-prasideda-paskelbti-nacionaliniu-kino-apdovanojimu-sidabrine-gerve-2024-nominantai\/"},"wordCount":1577,"publisher":{"@id":"https:\/\/filmvilnius.com\/#organization"},"image":{"@id":"https:\/\/filmvilnius.com\/lt\/kino-svente-prasideda-paskelbti-nacionaliniu-kino-apdovanojimu-sidabrine-gerve-2024-nominantai\/#primaryimage"},"thumbnailUrl":"https:\/\/filmvilnius.com\/wp-content\/uploads\/2024\/05\/Sidabrines-gerves-Ahoy-nuotr.-2.jpg","articleSection":["Industrija ir renginiai","Naujienos"],"inLanguage":"lt-LT"},{"@type":"WebPage","@id":"https:\/\/filmvilnius.com\/lt\/kino-svente-prasideda-paskelbti-nacionaliniu-kino-apdovanojimu-sidabrine-gerve-2024-nominantai\/","url":"https:\/\/filmvilnius.com\/lt\/kino-svente-prasideda-paskelbti-nacionaliniu-kino-apdovanojimu-sidabrine-gerve-2024-nominantai\/","name":"Kino \u0161vent\u0117 prasideda: paskelbti Nacionalini\u0173 kino apdovanojim\u0173 \u201eSidabrin\u0117 gerv\u0117 2024\u201c nominantai - Vilnius film office","isPartOf":{"@id":"https:\/\/filmvilnius.com\/#website"},"primaryImageOfPage":{"@id":"https:\/\/filmvilnius.com\/lt\/kino-svente-prasideda-paskelbti-nacionaliniu-kino-apdovanojimu-sidabrine-gerve-2024-nominantai\/#primaryimage"},"image":{"@id":"https:\/\/filmvilnius.com\/lt\/kino-svente-prasideda-paskelbti-nacionaliniu-kino-apdovanojimu-sidabrine-gerve-2024-nominantai\/#primaryimage"},"thumbnailUrl":"https:\/\/filmvilnius.com\/wp-content\/uploads\/2024\/05\/Sidabrines-gerves-Ahoy-nuotr.-2.jpg","datePublished":"2024-05-09T18:30:19+00:00","dateModified":"2026-04-28T07:17:56+00:00","description":"Ketvirtadienio vakar\u0105 vykusioje spaudos konferencijoje paskelbti reik\u0161mingiausi\u0173 \u0161alyje kino apdovanojim\u0173 \u201eSidabrin\u0117 gerv\u0117\u201c nominantai","breadcrumb":{"@id":"https:\/\/filmvilnius.com\/lt\/kino-svente-prasideda-paskelbti-nacionaliniu-kino-apdovanojimu-sidabrine-gerve-2024-nominantai\/#breadcrumb"},"inLanguage":"lt-LT","potentialAction":[{"@type":"ReadAction","target":["https:\/\/filmvilnius.com\/lt\/kino-svente-prasideda-paskelbti-nacionaliniu-kino-apdovanojimu-sidabrine-gerve-2024-nominantai\/"]}]},{"@type":"ImageObject","inLanguage":"lt-LT","@id":"https:\/\/filmvilnius.com\/lt\/kino-svente-prasideda-paskelbti-nacionaliniu-kino-apdovanojimu-sidabrine-gerve-2024-nominantai\/#primaryimage","url":"https:\/\/filmvilnius.com\/wp-content\/uploads\/2024\/05\/Sidabrines-gerves-Ahoy-nuotr.-2.jpg","contentUrl":"https:\/\/filmvilnius.com\/wp-content\/uploads\/2024\/05\/Sidabrines-gerves-Ahoy-nuotr.-2.jpg","width":2048,"height":1365},{"@type":"BreadcrumbList","@id":"https:\/\/filmvilnius.com\/lt\/kino-svente-prasideda-paskelbti-nacionaliniu-kino-apdovanojimu-sidabrine-gerve-2024-nominantai\/#breadcrumb","itemListElement":[{"@type":"ListItem","position":1,"name":"Home","item":"https:\/\/filmvilnius.com\/lt\/"},{"@type":"ListItem","position":2,"name":"Kino \u0161vent\u0117 prasideda: paskelbti Nacionalini\u0173 kino apdovanojim\u0173 \u201eSidabrin\u0117 gerv\u0117 2024\u201c nominantai"}]},{"@type":"WebSite","@id":"https:\/\/filmvilnius.com\/#website","url":"https:\/\/filmvilnius.com\/","name":"Vilnius film office","description":"","publisher":{"@id":"https:\/\/filmvilnius.com\/#organization"},"potentialAction":[{"@type":"SearchAction","target":{"@type":"EntryPoint","urlTemplate":"https:\/\/filmvilnius.com\/?s={search_term_string}"},"query-input":{"@type":"PropertyValueSpecification","valueRequired":true,"valueName":"search_term_string"}}],"inLanguage":"lt-LT"},{"@type":"Organization","@id":"https:\/\/filmvilnius.com\/#organization","name":"Vilniaus kino biuras","url":"https:\/\/filmvilnius.com\/","logo":{"@type":"ImageObject","inLanguage":"lt-LT","@id":"https:\/\/filmvilnius.com\/#\/schema\/logo\/image\/","url":"https:\/\/filmvilnius.com\/wp-content\/uploads\/2022\/12\/VKB-Logo-2022-EN-2-V.jpg","contentUrl":"https:\/\/filmvilnius.com\/wp-content\/uploads\/2022\/12\/VKB-Logo-2022-EN-2-V.jpg","width":1419,"height":1418,"caption":"Vilniaus kino biuras"},"image":{"@id":"https:\/\/filmvilnius.com\/#\/schema\/logo\/image\/"},"sameAs":["https:\/\/www.facebook.com\/filmvilnius","https:\/\/x.com\/FilmVilnius","https:\/\/www.instagram.com\/filmvilnius\/"]},{"@type":"Person","@id":"https:\/\/filmvilnius.com\/#\/schema\/person\/8572c7f289890809bfa364d48f8dded5","name":"Vilnius Film Office","image":{"@type":"ImageObject","inLanguage":"lt-LT","@id":"https:\/\/secure.gravatar.com\/avatar\/2f93c625b891dbd84735ed1bd75819d698625d4c37369c60acab5f321b22fbb2?s=96&d=mm&r=g","url":"https:\/\/secure.gravatar.com\/avatar\/2f93c625b891dbd84735ed1bd75819d698625d4c37369c60acab5f321b22fbb2?s=96&d=mm&r=g","contentUrl":"https:\/\/secure.gravatar.com\/avatar\/2f93c625b891dbd84735ed1bd75819d698625d4c37369c60acab5f321b22fbb2?s=96&d=mm&r=g","caption":"Vilnius Film Office"},"url":"https:\/\/filmvilnius.com\/lt\/author\/ce5c1052f3e77e32\/"}]}},"_links":{"self":[{"href":"https:\/\/filmvilnius.com\/lt\/wp-json\/wp\/v2\/posts\/25194","targetHints":{"allow":["GET"]}}],"collection":[{"href":"https:\/\/filmvilnius.com\/lt\/wp-json\/wp\/v2\/posts"}],"about":[{"href":"https:\/\/filmvilnius.com\/lt\/wp-json\/wp\/v2\/types\/post"}],"author":[{"embeddable":true,"href":"https:\/\/filmvilnius.com\/lt\/wp-json\/wp\/v2\/users\/6"}],"replies":[{"embeddable":true,"href":"https:\/\/filmvilnius.com\/lt\/wp-json\/wp\/v2\/comments?post=25194"}],"version-history":[{"count":1,"href":"https:\/\/filmvilnius.com\/lt\/wp-json\/wp\/v2\/posts\/25194\/revisions"}],"predecessor-version":[{"id":25201,"href":"https:\/\/filmvilnius.com\/lt\/wp-json\/wp\/v2\/posts\/25194\/revisions\/25201"}],"wp:featuredmedia":[{"embeddable":true,"href":"https:\/\/filmvilnius.com\/lt\/wp-json\/wp\/v2\/media\/25199"}],"wp:attachment":[{"href":"https:\/\/filmvilnius.com\/lt\/wp-json\/wp\/v2\/media?parent=25194"}],"wp:term":[{"taxonomy":"category","embeddable":true,"href":"https:\/\/filmvilnius.com\/lt\/wp-json\/wp\/v2\/categories?post=25194"},{"taxonomy":"post_tag","embeddable":true,"href":"https:\/\/filmvilnius.com\/lt\/wp-json\/wp\/v2\/tags?post=25194"}],"curies":[{"name":"wp","href":"https:\/\/api.w.org\/{rel}","templated":true}]}}