{"id":25206,"date":"2024-05-13T11:02:27","date_gmt":"2024-05-13T11:02:27","guid":{"rendered":"https:\/\/filmvilnius.com\/?p=25206"},"modified":"2026-04-28T09:17:50","modified_gmt":"2026-04-28T07:17:50","slug":"i-kanu-kino-festivali-keliaujancio-filmo-ootide-komanda-tarptautiniu-lygmeniu-isitvirtinti-sunku-bet-imanoma","status":"publish","type":"post","link":"https:\/\/filmvilnius.com\/lt\/i-kanu-kino-festivali-keliaujancio-filmo-ootide-komanda-tarptautiniu-lygmeniu-isitvirtinti-sunku-bet-imanoma\/","title":{"rendered":"\u012e Kan\u0173 kino festival\u012f keliaujan\u010dio filmo \u201eOotid\u0117\u201c komanda: \u201eTarptautiniu lygmeniu \u012fsitvirtinti sunku, bet \u012fmanoma\u201c"},"content":{"rendered":"\n<p><strong>Netrukus prasid\u0117sian\u010diame Kan\u0173 kino festivalyje <\/strong><strong>\u2013<\/strong><strong> svarb\u016bs lietuvi\u0173 k\u016br\u0117j\u0173 pasiekimai.&nbsp;<\/strong> <strong>Jaunosios kartos re\u017eisier\u0117s Egl\u0117s Razumait\u0117s filmas \u201eOotid\u0117\u201c (prodiuser\u0117 <\/strong><strong>\u2013<\/strong><strong> Lineta Lasiauskait\u0117) atrinktas \u012f 77<\/strong><strong>\u2013<\/strong><strong>ojo Kan\u0173 kino festivalio pagrindin\u0119 konkursin\u0119 trumpametra\u017ei\u0173 film\u0173 program\u0105. I\u0161 daugiau nei 4 t\u016bkstan\u010di\u0173 film\u0173 atrinkta juosta var\u017eysis d\u0117l presti\u017einio \u201eShort Film Palme d\u2019Or\u201c prizo. Pasaulinei premjerai art\u0117jant <\/strong><strong>\u2013<\/strong><strong> filmo re\u017eisier\u0117 ir prodiuser\u0117 pasakoja apie tarptautin\u0119 komisij\u0105 su\u017eav\u0117jusi\u0105 filmo id\u0117j\u0105, apdovanojimus ir jaun\u0105j\u0105 kino kart\u0105.<\/strong><\/p>\n\n\n\n<p><strong>\u2013 Art\u0117ja <\/strong><strong>\u201eOotid\u0117s\u201c premjera Kan\u0173 kino festivalyje. <\/strong><strong>&nbsp;<\/strong><strong>Kaip jau\u010diat\u0117s, kuo gyvenate \u0161iuo metu?<\/strong><\/p>\n\n\n\n<p><strong>Egl\u0117:<\/strong> Festivalis mums buvo didelis siurprizas. Staigiai reik\u0117jo atrasti ir daug finans\u0173 ir, \u017einoma, pasiruo\u0161ti juostos i\u0161vykimui \u012f festival\u012f. Beje, tiek Lineta, tiek a\u0161, \u0161iemet baigin\u0117jame studijas, reikia ruo\u0161tis egzaminams, tod\u0117l laikas tikrai labai \u012ftemptas.<\/p>\n\n\n\n<p><strong>Lineta:<\/strong> Visas d\u0117mesys sutelktas kuo geresnei filmo \u201eOOtid\u0117\u201c reprezentacijai Kan\u0173 kino festivalyje. Organizatoriai kone kiekvien\u0105 dien\u0105 siun\u010dia lai\u0161kus pra\u0161ydami tam tikros informacijos, kuri\u0105 reikia pateikti per kelias dienas. Taip pat prisideda plakatai, subtitravimas, sklaida. Ko gero, jau para\u0161iau visiems \u017eydrojoje pakrant\u0117je gyvenantiems lietuviams, nes pats did\u017eiausias stresas \u2013 filmo pristatymui reikalingas biud\u017eetas.&nbsp;<\/p>\n\n\n\n<p><strong>\u2013 Ar tai <\/strong><strong>\u2013<\/strong><strong> pirmas j\u016bs\u0173 bendras projektas? Koks judviej\u0173 tarpusavio ry\u0161ys?<\/strong><\/p>\n\n\n\n<p><strong>Lineta:<\/strong> \u201eOOtid\u0117\u201c buvo pirmasis m\u016bs\u0173 bendras darbas ir puikus startas tolimesniems projektams, kuri\u0173 jau sek\u0117 ne vienas.<\/p>\n\n\n\n<p>Saky\u010diau, kad sutampa m\u016bs\u0173 skonis ir darbo etika. Egl\u0117 nedalina patarim\u0173 apie i\u0161kylan\u010dias technines prodiusavimo problemas, o a\u0161 nesiki\u0161u \u012f k\u016brybin\u012f proces\u0105. \u017dinoma, kartais tenka parodyti filmo s\u0105mat\u0105, ie\u0161koti pigesnio varianto, bet tai, ko gero, nei\u0161vengiama. Man patinka re\u017eisieriai, turintys savo nuomon\u0119, o Egl\u0117 ne tik toki\u0105 turi, bet ir gali j\u0105 puikiai apginti.&nbsp;<\/p>\n\n\n\n<p><strong>Egl\u0117:<\/strong> Lineta sugeba \u012fsiklausyti, darbas vyksta petys petin, jei yra dalykas, kur\u012f nor\u0117\u010diau \u012fgyvendinti, Lineta bando sukurti visas galimybes, kad tai \u012fvykt\u0173. Kaip prodiuser\u0117, ji galvoja ne tik apie tai, kad reikia sutilpti \u012f biud\u017eet\u0105, bet ir kaip j\u012f padidinti, jei vienas ar kitas elementas gal\u0117t\u0173 film\u0105 pagerinti. Manau, kad su prodiuseriu svarbus ne tik darbinis ry\u0161ys, bet ir tik\u0117jimas filmais, sutampantis po\u017ei\u016bris ir energetika.&nbsp;<\/p>\n\n\n\n<p><strong>\u2013 <\/strong><strong>Ar galite papasakoti apie \u201eOOtid\u0117\u201c<\/strong> <strong>id\u0117j\u0105? Egle, kaip ji kilo? Lineta, kuo id\u0117ja su\u017eav\u0117jo, patrauk\u0117?<\/strong><\/p>\n\n\n\n<p><strong>Egl\u0117: <\/strong>Su praeitais savo filmais gilinausi \u012f smurto r\u016b\u0161is. Kadangi esu baigusi filosofij\u0105, u\u017esikabinau u\u017e S. \u017di\u017eeko knygos pavadinimu \u201eSmurtas\u201c. Knyga tyrin\u0117ja tris smurto r\u016b\u0161is \u2013 objektyvi\u0105, subjektyvi\u0105 ir simbolin\u0119. M\u016bs\u0173 patiriamoje tikrov\u0117je egzistuoja ne tik ai\u0161kiai matomos, bet ir sunkiai \u012fvardinamos smurto formos, kurios pasi\u017eymi savo strukt\u016bri\u0161kumu. Man buvo labai \u012fdom\u016bs b\u016btent \u0161ie pavyzd\u017eiai, neleid\u017eiantys ai\u0161kiai suprasti, kas d\u0117l j\u0173 kaltas. Taip atsirado ankstesnis mano filmas \u201eKrytis\u201c. Kai pavargau nuo to sunkumo, nor\u0117jau tem\u0105 pl\u0117toti kitu kampu. Prad\u0117jau gilintis \u012f \u017emogaus prigimties biologin\u012f ir biochemin\u012f determinizm\u0105 ir supratau, kad m\u016bs\u0173 egzistencija i\u0161 principo yra smurtin\u0117. Biocheminio proceso, vykstan\u010dio mumyse, mes negalime pakeisti, prie\u0161 j\u012f negalime pakovoti, tam tikra prasme, jis visada veikia prie\u0161 m\u016bs\u0173 vali\u0105.<\/p>\n\n\n\n<p>Man k\u016bryboje apskritai svarbu dekonstruoti tam tikras stigmas ir \u0161aukti pokyt\u012f \u017ei\u016brovuose, tam kad jie suprast\u0173, jog ne viskas yra taip, kaip mes esame \u012fprat\u0119 matyti, o \u017emon\u0117s gali pasirodyti esantys kitokie, nei mes juos laikome. B\u016btent tod\u0117l, mano filmuose ry\u0161kus ne persona\u017eo, bet pasaulio aplink j\u012f keitimasis.&nbsp;<\/p>\n\n\n\n<p><strong>Lineta:<\/strong> Mane patrauk\u0117 \u0161io filmo i\u0161skirtinumas, tematika, kuri vis dar yra savoti\u0161kas \u201etabu\u201c. Man taip pat patinka, kad filme vaidino tik merginos, kuri\u0173 pokalbiai primena paauglyst\u0119, stovyklavimo met\u0105, lengv\u0105 nostalgij\u0105. Beje, Kan\u0173 programai teikiami ne ilgesni nei 15 minu\u010di\u0173 filmai, tad ir jo trukm\u0117 \u2013 puiki.\u00a0<\/p>\n\n\n\n<figure class=\"wp-block-image size-large\"><img fetchpriority=\"high\" decoding=\"async\" width=\"1024\" height=\"1016\" src=\"https:\/\/filmvilnius.com\/wp-content\/uploads\/2024\/05\/Nuotraukos-is-filmavimu-2-1-1024x1016.jpg\" alt=\"\" class=\"wp-image-25215\" srcset=\"https:\/\/filmvilnius.com\/wp-content\/uploads\/2024\/05\/Nuotraukos-is-filmavimu-2-1-1024x1016.jpg 1024w, https:\/\/filmvilnius.com\/wp-content\/uploads\/2024\/05\/Nuotraukos-is-filmavimu-2-1-300x298.jpg 300w, https:\/\/filmvilnius.com\/wp-content\/uploads\/2024\/05\/Nuotraukos-is-filmavimu-2-1-150x150.jpg 150w, https:\/\/filmvilnius.com\/wp-content\/uploads\/2024\/05\/Nuotraukos-is-filmavimu-2-1-768x762.jpg 768w, https:\/\/filmvilnius.com\/wp-content\/uploads\/2024\/05\/Nuotraukos-is-filmavimu-2-1-1536x1524.jpg 1536w, https:\/\/filmvilnius.com\/wp-content\/uploads\/2024\/05\/Nuotraukos-is-filmavimu-2-1.jpg 1920w\" sizes=\"(max-width: 1024px) 100vw, 1024px\" \/><figcaption class=\"wp-element-caption\"><strong>\u201eOOtid\u0117s\u201c filmavimai<\/strong><\/figcaption><\/figure>\n\n\n\n<p><strong>\u2013 <\/strong><strong>Kuo \u0161is filmas, j\u016bs\u0173 pa\u010di\u0173 nuomone, yra universalus, patrauklus tarptautinei publikai?&nbsp;<\/strong><\/p>\n\n\n\n<p><strong>Lineta:<\/strong> Mano nuomone, \u012fdomi tema, bandanti kitaip pa\u017evelgti \u012f moter\u012f ir jos k\u016bn\u0105, vykstan\u010dius poky\u010dius. Yra tam tikri standartai, kaip k\u016br\u0117jai priima \u0161ias temas, bet Egl\u0117 apie jas kalba i\u0161skirtinai kitaip.&nbsp;<\/p>\n\n\n\n<p><strong>Egl\u0117:<\/strong> Filmas lie\u010dia moteris, moteri\u0161kumo tem\u0105, kalba apie nuolatin\u012f bandym\u0105 atitikti tam tikrus standartus, susvetim\u0117jim\u0105 m\u016bs\u0173 pa\u010di\u0173 b\u016breliuose, kartu ir to opozicij\u0105 \u2013 solidarum\u0105, kuris staiga mobilizuoja. M\u016bs\u0173 fiziologija apibr\u0117\u017eta genetikos d\u0117sni\u0173, o mes j\u0105 nuolat bandome \u012fsprausti \u012f ka\u017ekokius sociume, medijoje priimtinus r\u0117mus. Feministinio diskurso klausimai pasaulin\u0117je kino bendruomen\u0117je yra svarb\u016bs, apie tai \u0161iandien kalbama vis da\u017eniau.&nbsp;<\/p>\n\n\n\n<p>Filme atsiskleid\u017eia ir lietuvi\u0161kas kra\u0161tovaizdis, yra ir tautinio identiteto, tautosakini\u0173 element\u0173, besisiejan\u010di\u0173 su mitologija, stebuklini\u0173 pasak\u0173 naratyvais. Ne\u017einau, kiek platesnei publikai tai bus atpa\u017e\u012fstama ir suprantama \u2013 pamatysime. Lietuvi\u0173 santykis su gamta labai svarbus, nor\u0117jau j\u012f parodyti. Manau, filmas \u012fgijo reikiam\u0105 balans\u0105 tarp globalios problematikos ir autenti\u0161ko po\u017ei\u016brio \u012f jos atskleidim\u0105 kino ekrane.<\/p>\n\n\n\n<p><strong>\u2013 <\/strong><strong>J\u016bs\u0173 komandoje <\/strong><strong>\u2013<\/strong><strong> jaunosios kartos profesionalai, jau sp\u0117j\u0119 pelnyti pripa\u017einim\u0105 ir ne vien\u0105 apdovanojim\u0105. J\u016bs\u0173 nuomone, ar j\u016bs\u0173 karta kitaip \u017evelgia \u012f k\u016bryb\u0105, filmavimo aik\u0161tel\u0117je vykstan\u010dius procesus?<\/strong><\/p>\n\n\n\n<p><strong>Egl\u0117:<\/strong> Vyresnioji karta vis d\u0117lto yra kito istorinio laikme\u010dio atstovai. Jie kalba apie tuos dalykus, kurie yra svarb\u016bs jiems \u2013 vykusius perversmus, sukr\u0117timus. Kalbant apie vyresni\u0105j\u0105 kart\u0105 ta tikr\u0105j\u0105 \u017eod\u017eio prasme, turb\u016bt. Man tai nebepalie\u010diama, esu nepriklausomyb\u0117s vaikas. Orientuojuosi \u012f pasaulin\u0119, europieti\u0161k\u0105 problematik\u0105, ten matau klausimus, kurie mane jaudina. Europos modelis \u2013 besienis, rib\u0173 neturintis susivienijimas kelia savus i\u0161\u0161\u016bkius.&nbsp;<\/p>\n\n\n\n<p>K\u016br\u0117jai \u0161iandien turi daugiau dr\u0105sos. Kino industrija yra be galo konkurencinga, visi nori kurti filmus, tod\u0117l tenka nuolat ver\u017etis \u012f priek\u012f, mok\u0117ti \u012frodyti, kad b\u016btent \u0161is projektas turi b\u016bti realizuotas, mok\u0117ti save pristatyti reikiamu metu. Nor\u0117damas i\u0161sikovoti viet\u0105 po saule, turi stipriai stengtis, nemanyti, jog pakaks talento, kad esi i\u0161skirtinis k\u016br\u0117jas, vien\u0105 dien\u0105 pagaliau gausiantis \u012fvertinim\u0105. To neb\u016bna, pasaulyje daugyb\u0117 be galo talenting\u0173 \u017emoni\u0173, klausimas, kaip tau pavyks nustelbti kitus ir parodyti save \u2013 tokia yra n\u016bdienos realyb\u0117.&nbsp;&nbsp;<\/p>\n\n\n\n<p><strong>Lineta:<\/strong> Egl\u0117 ir operatorius Nojus Dr\u0105sutis stengiasi maksimaliai i\u0161pildyti vizij\u0105, j\u0173 komandoje vyrauja perfekcionizmas. A\u0161 manau, kad jie labai dr\u0105s\u016bs, nebijo kalb\u0117ti, eiti \u012f priek\u012f, sakyti, tai, k\u0105 nori. Apskritai m\u016bs\u0173 komandai b\u016bdingas didelis susikaupimas bei atsidavimas savo darbui. Ne\u017einau, ar tai yra b\u016bdinga visai jaunajai kartai. Man tenka bendrauti ir su vyresn\u0117s kartos atstovais, bet jaunimas, ger\u0105ja prasme yra \u201enaglesni\u201c, dr\u0105siai siekia savo tikslo. Pavyzd\u017eiui, vyresn\u0117s kartos atstovai da\u017enai mano, kad reikia pasiekti tam tikr\u0105 pripa\u017einimo lyg\u012f tam, kad patektum \u012f auk\u0161to lygio festivalius. M\u016bs\u0173 pavyzdys \u012frod\u0117, kad festivaliams reikia tiesiog gero filmo.\u00a0<\/p>\n\n\n\n<figure class=\"wp-block-image size-large\"><img decoding=\"async\" width=\"1024\" height=\"689\" src=\"https:\/\/filmvilnius.com\/wp-content\/uploads\/2024\/05\/Nuotraukos-is-filmavimu-1-1024x689.jpg\" alt=\"\" class=\"wp-image-25213\" srcset=\"https:\/\/filmvilnius.com\/wp-content\/uploads\/2024\/05\/Nuotraukos-is-filmavimu-1-1024x689.jpg 1024w, https:\/\/filmvilnius.com\/wp-content\/uploads\/2024\/05\/Nuotraukos-is-filmavimu-1-300x202.jpg 300w, https:\/\/filmvilnius.com\/wp-content\/uploads\/2024\/05\/Nuotraukos-is-filmavimu-1-768x516.jpg 768w, https:\/\/filmvilnius.com\/wp-content\/uploads\/2024\/05\/Nuotraukos-is-filmavimu-1-1536x1033.jpg 1536w, https:\/\/filmvilnius.com\/wp-content\/uploads\/2024\/05\/Nuotraukos-is-filmavimu-1.jpg 1682w\" sizes=\"(max-width: 1024px) 100vw, 1024px\" \/><figcaption class=\"wp-element-caption\"><strong>\u201eOOtid\u0117s\u201c filmavimai<\/strong><\/figcaption><\/figure>\n\n\n\n<p><strong>\u2013 <\/strong><strong>Ko darbas kino industrijoje jus i\u0161mok\u0117? Galb\u016bt i\u0161ugd\u0117 tam tikrus charakterio bruo\u017eus, vertybes, po\u017ei\u016br\u012f ne tik \u012f k\u016bryb\u0105, bet ir \u012f gyvenim\u0105?<\/strong><\/p>\n\n\n\n<p><strong>Lineta:<\/strong> Kinas mane i\u0161ugd\u0117 kaip tvirtesn\u0119 asmenyb\u0119, geban\u010di\u0105 pasakyti \u201ene\u201c. Be galo prad\u0117jau vertinti motyvacij\u0105 ir s\u0105\u017einingum\u0105. Pasteb\u0117jau, kad pradeda erzinti jauni \u017emon\u0117s, kurie nieko neveikia (juokiasi).<\/p>\n\n\n\n<p><strong>Egl\u0117: <\/strong>Pritariu Linetai, kad \u0161iandien galima save gra\u017eiai i\u0161pildyti \u012fvairiausiose srityse, tereikia pabandyti, pasistengti. Kine, ta\u010diau ir kitose srityse, yra begal\u0117 galimybi\u0173, leid\u017eian\u010di\u0173&nbsp; save realizuoti, tad b\u016bna gaila, kai \u017emon\u0117s neatranda savo vietos. \u0160iuo metu galima veikti tiek \u012fdomi\u0173 dalyk\u0173!&nbsp;<\/p>\n\n\n\n<p>Taip pat prad\u0117jau vertinti kit\u0173 laik\u0105, nes dirbdama aik\u0161tel\u0117je, suprantu, koks jis brangus. Mano patirtis \u012fgyta filmuose, kuriuose \u017emon\u0117s dirba nemokamai, vardan id\u0117jos, tad jiems jauti labai didel\u0119 pagarb\u0105 \u2013 juk jie patiki tavimi, procese atiduoda vis\u0105 savo talento arsenal\u0105. Tai priver\u010dia labai ai\u0161kiai \u012fsivertinti tavo tikslus tiek gyvenime, tiek k\u016bryboje.&nbsp;<\/p>\n\n\n\n<p><strong>\u2013 <\/strong><strong>K\u0105 jaunam k\u016br\u0117jui reik\u0161t\u0173 \u201eShort Film Palme d\u2019Or\u201c apdovanojimas?<\/strong><\/p>\n\n\n\n<p><strong>Lineta:<\/strong> \u0160is prizas b\u016bt\u0173 nuoseklaus ir kruop\u0161taus darbo \u012fvertinimas, o jaunam k\u016br\u0117jui \u2013 did\u017eiausia paskata ir motyvacija siekti savo tiksl\u0173. Svarbiausia, nesusireik\u0161minti ir siekti tobul\u0117jimo. O tokie festivaliai nutiesia keli\u0105 \u012f tarptautin\u0119 rink\u0105, kurioje \u012fsitvirtinti sunku, bet tikrai \u012fmanoma.<\/p>\n\n\n\n<p><strong>\u2013 <\/strong><strong>D\u0117koju u\u017e pokalb\u012f.<\/strong><\/p>\n","protected":false},"excerpt":{"rendered":"<p>Netrukus prasid\u0117sian\u010diame Kan\u0173 kino festivalyje \u2013 svarb\u016bs lietuvi\u0173 k\u016br\u0117j\u0173 pasiekimai.&nbsp; Jaunosios kartos re\u017eisier\u0117s Egl\u0117s Razumait\u0117s filmas \u201eOotid\u0117\u201c (prodiuser\u0117 \u2013 Lineta Lasiauskait\u0117) atrinktas \u012f 77\u2013ojo Kan\u0173 kino festivalio pagrindin\u0119 konkursin\u0119 trumpametra\u017ei\u0173 film\u0173 program\u0105. I\u0161 daugiau nei 4 t\u016bkstan\u010di\u0173 film\u0173 atrinkta juosta var\u017eysis d\u0117l presti\u017einio \u201eShort Film Palme d\u2019Or\u201c prizo. Pasaulinei premjerai art\u0117jant \u2013 filmo re\u017eisier\u0117 ir [&hellip;]<\/p>\n","protected":false},"author":6,"featured_media":25211,"comment_status":"closed","ping_status":"open","sticky":false,"template":"","format":"standard","meta":{"_acf_changed":false,"_monsterinsights_skip_tracking":false,"_monsterinsights_sitenote_active":false,"_monsterinsights_sitenote_note":"","_monsterinsights_sitenote_category":0,"footnotes":""},"categories":[161,58,100],"tags":[],"class_list":["post-25206","post","type-post","status-publish","format-standard","has-post-thumbnail","hentry","category-interviu","category-news","category-su-veidais"],"acf":[],"yoast_head":"<!-- This site is optimized with the Yoast SEO plugin v27.4 - https:\/\/yoast.com\/product\/yoast-seo-wordpress\/ -->\n<title>\u012e Kan\u0173 kino festival\u012f keliaujan\u010dio filmo \u201eOotid\u0117\u201c komanda: \u201eTarptautiniu lygmeniu \u012fsitvirtinti sunku, bet \u012fmanoma\u201c - Vilnius film office<\/title>\n<meta name=\"description\" content=\"\u012e Kan\u0173 kino festival\u012f keliaujan\u010dio filmo \u201eOotid\u0117\u201c komanda: \u201eTarptautiniu lygmeniu \u012fsitvirtinti sunku, bet \u012fmanoma\u201c\" \/>\n<meta name=\"robots\" content=\"index, follow, max-snippet:-1, max-image-preview:large, max-video-preview:-1\" \/>\n<link rel=\"canonical\" href=\"https:\/\/filmvilnius.com\/lt\/i-kanu-kino-festivali-keliaujancio-filmo-ootide-komanda-tarptautiniu-lygmeniu-isitvirtinti-sunku-bet-imanoma\/\" \/>\n<meta property=\"og:locale\" content=\"lt_LT\" \/>\n<meta property=\"og:type\" content=\"article\" \/>\n<meta property=\"og:title\" content=\"\u012e Kan\u0173 kino festival\u012f keliaujan\u010dio filmo \u201eOotid\u0117\u201c komanda: \u201eTarptautiniu lygmeniu \u012fsitvirtinti sunku, bet \u012fmanoma\u201c - Vilnius film office\" \/>\n<meta property=\"og:description\" content=\"\u012e Kan\u0173 kino festival\u012f keliaujan\u010dio filmo \u201eOotid\u0117\u201c komanda: \u201eTarptautiniu lygmeniu \u012fsitvirtinti sunku, bet \u012fmanoma\u201c\" \/>\n<meta property=\"og:url\" content=\"https:\/\/filmvilnius.com\/lt\/i-kanu-kino-festivali-keliaujancio-filmo-ootide-komanda-tarptautiniu-lygmeniu-isitvirtinti-sunku-bet-imanoma\/\" \/>\n<meta property=\"og:site_name\" content=\"Vilnius film office\" \/>\n<meta property=\"article:publisher\" content=\"https:\/\/www.facebook.com\/filmvilnius\" \/>\n<meta property=\"article:published_time\" content=\"2024-05-13T11:02:27+00:00\" \/>\n<meta property=\"article:modified_time\" content=\"2026-04-28T07:17:50+00:00\" \/>\n<meta property=\"og:image\" content=\"https:\/\/filmvilnius.com\/wp-content\/uploads\/2024\/05\/PS.jpg\" \/>\n\t<meta property=\"og:image:width\" content=\"1238\" \/>\n\t<meta property=\"og:image:height\" content=\"884\" \/>\n\t<meta property=\"og:image:type\" content=\"image\/jpeg\" \/>\n<meta name=\"author\" content=\"Vilnius Film Office\" \/>\n<meta name=\"twitter:card\" content=\"summary_large_image\" \/>\n<meta name=\"twitter:creator\" content=\"@FilmVilnius\" \/>\n<meta name=\"twitter:site\" content=\"@FilmVilnius\" \/>\n<meta name=\"twitter:label1\" content=\"Written by\" \/>\n\t<meta name=\"twitter:data1\" content=\"Vilnius Film Office\" \/>\n\t<meta name=\"twitter:label2\" content=\"Est. reading time\" \/>\n\t<meta name=\"twitter:data2\" content=\"6 minut\u0117s\" \/>\n<script type=\"application\/ld+json\" class=\"yoast-schema-graph\">{\"@context\":\"https:\\\/\\\/schema.org\",\"@graph\":[{\"@type\":\"Article\",\"@id\":\"https:\\\/\\\/filmvilnius.com\\\/lt\\\/i-kanu-kino-festivali-keliaujancio-filmo-ootide-komanda-tarptautiniu-lygmeniu-isitvirtinti-sunku-bet-imanoma\\\/#article\",\"isPartOf\":{\"@id\":\"https:\\\/\\\/filmvilnius.com\\\/lt\\\/i-kanu-kino-festivali-keliaujancio-filmo-ootide-komanda-tarptautiniu-lygmeniu-isitvirtinti-sunku-bet-imanoma\\\/\"},\"author\":{\"name\":\"Vilnius Film Office\",\"@id\":\"https:\\\/\\\/filmvilnius.com\\\/#\\\/schema\\\/person\\\/8572c7f289890809bfa364d48f8dded5\"},\"headline\":\"\u012e Kan\u0173 kino festival\u012f keliaujan\u010dio filmo \u201eOotid\u0117\u201c komanda: \u201eTarptautiniu lygmeniu \u012fsitvirtinti sunku, bet \u012fmanoma\u201c\",\"datePublished\":\"2024-05-13T11:02:27+00:00\",\"dateModified\":\"2026-04-28T07:17:50+00:00\",\"mainEntityOfPage\":{\"@id\":\"https:\\\/\\\/filmvilnius.com\\\/lt\\\/i-kanu-kino-festivali-keliaujancio-filmo-ootide-komanda-tarptautiniu-lygmeniu-isitvirtinti-sunku-bet-imanoma\\\/\"},\"wordCount\":1368,\"publisher\":{\"@id\":\"https:\\\/\\\/filmvilnius.com\\\/#organization\"},\"image\":{\"@id\":\"https:\\\/\\\/filmvilnius.com\\\/lt\\\/i-kanu-kino-festivali-keliaujancio-filmo-ootide-komanda-tarptautiniu-lygmeniu-isitvirtinti-sunku-bet-imanoma\\\/#primaryimage\"},\"thumbnailUrl\":\"https:\\\/\\\/filmvilnius.com\\\/wp-content\\\/uploads\\\/2024\\\/05\\\/PS.jpg\",\"articleSection\":[\"Interviu\",\"Naujienos\",\"Su veidais\"],\"inLanguage\":\"lt-LT\"},{\"@type\":\"WebPage\",\"@id\":\"https:\\\/\\\/filmvilnius.com\\\/lt\\\/i-kanu-kino-festivali-keliaujancio-filmo-ootide-komanda-tarptautiniu-lygmeniu-isitvirtinti-sunku-bet-imanoma\\\/\",\"url\":\"https:\\\/\\\/filmvilnius.com\\\/lt\\\/i-kanu-kino-festivali-keliaujancio-filmo-ootide-komanda-tarptautiniu-lygmeniu-isitvirtinti-sunku-bet-imanoma\\\/\",\"name\":\"\u012e Kan\u0173 kino festival\u012f keliaujan\u010dio filmo \u201eOotid\u0117\u201c komanda: \u201eTarptautiniu lygmeniu \u012fsitvirtinti sunku, bet \u012fmanoma\u201c - Vilnius film office\",\"isPartOf\":{\"@id\":\"https:\\\/\\\/filmvilnius.com\\\/#website\"},\"primaryImageOfPage\":{\"@id\":\"https:\\\/\\\/filmvilnius.com\\\/lt\\\/i-kanu-kino-festivali-keliaujancio-filmo-ootide-komanda-tarptautiniu-lygmeniu-isitvirtinti-sunku-bet-imanoma\\\/#primaryimage\"},\"image\":{\"@id\":\"https:\\\/\\\/filmvilnius.com\\\/lt\\\/i-kanu-kino-festivali-keliaujancio-filmo-ootide-komanda-tarptautiniu-lygmeniu-isitvirtinti-sunku-bet-imanoma\\\/#primaryimage\"},\"thumbnailUrl\":\"https:\\\/\\\/filmvilnius.com\\\/wp-content\\\/uploads\\\/2024\\\/05\\\/PS.jpg\",\"datePublished\":\"2024-05-13T11:02:27+00:00\",\"dateModified\":\"2026-04-28T07:17:50+00:00\",\"description\":\"\u012e Kan\u0173 kino festival\u012f keliaujan\u010dio filmo \u201eOotid\u0117\u201c komanda: \u201eTarptautiniu lygmeniu \u012fsitvirtinti sunku, bet \u012fmanoma\u201c\",\"breadcrumb\":{\"@id\":\"https:\\\/\\\/filmvilnius.com\\\/lt\\\/i-kanu-kino-festivali-keliaujancio-filmo-ootide-komanda-tarptautiniu-lygmeniu-isitvirtinti-sunku-bet-imanoma\\\/#breadcrumb\"},\"inLanguage\":\"lt-LT\",\"potentialAction\":[{\"@type\":\"ReadAction\",\"target\":[\"https:\\\/\\\/filmvilnius.com\\\/lt\\\/i-kanu-kino-festivali-keliaujancio-filmo-ootide-komanda-tarptautiniu-lygmeniu-isitvirtinti-sunku-bet-imanoma\\\/\"]}]},{\"@type\":\"ImageObject\",\"inLanguage\":\"lt-LT\",\"@id\":\"https:\\\/\\\/filmvilnius.com\\\/lt\\\/i-kanu-kino-festivali-keliaujancio-filmo-ootide-komanda-tarptautiniu-lygmeniu-isitvirtinti-sunku-bet-imanoma\\\/#primaryimage\",\"url\":\"https:\\\/\\\/filmvilnius.com\\\/wp-content\\\/uploads\\\/2024\\\/05\\\/PS.jpg\",\"contentUrl\":\"https:\\\/\\\/filmvilnius.com\\\/wp-content\\\/uploads\\\/2024\\\/05\\\/PS.jpg\",\"width\":1238,\"height\":884},{\"@type\":\"BreadcrumbList\",\"@id\":\"https:\\\/\\\/filmvilnius.com\\\/lt\\\/i-kanu-kino-festivali-keliaujancio-filmo-ootide-komanda-tarptautiniu-lygmeniu-isitvirtinti-sunku-bet-imanoma\\\/#breadcrumb\",\"itemListElement\":[{\"@type\":\"ListItem\",\"position\":1,\"name\":\"Home\",\"item\":\"https:\\\/\\\/filmvilnius.com\\\/lt\\\/\"},{\"@type\":\"ListItem\",\"position\":2,\"name\":\"\u012e Kan\u0173 kino festival\u012f keliaujan\u010dio filmo \u201eOotid\u0117\u201c komanda: \u201eTarptautiniu lygmeniu \u012fsitvirtinti sunku, bet \u012fmanoma\u201c\"}]},{\"@type\":\"WebSite\",\"@id\":\"https:\\\/\\\/filmvilnius.com\\\/#website\",\"url\":\"https:\\\/\\\/filmvilnius.com\\\/\",\"name\":\"Vilnius film office\",\"description\":\"\",\"publisher\":{\"@id\":\"https:\\\/\\\/filmvilnius.com\\\/#organization\"},\"potentialAction\":[{\"@type\":\"SearchAction\",\"target\":{\"@type\":\"EntryPoint\",\"urlTemplate\":\"https:\\\/\\\/filmvilnius.com\\\/?s={search_term_string}\"},\"query-input\":{\"@type\":\"PropertyValueSpecification\",\"valueRequired\":true,\"valueName\":\"search_term_string\"}}],\"inLanguage\":\"lt-LT\"},{\"@type\":\"Organization\",\"@id\":\"https:\\\/\\\/filmvilnius.com\\\/#organization\",\"name\":\"Vilniaus kino biuras\",\"url\":\"https:\\\/\\\/filmvilnius.com\\\/\",\"logo\":{\"@type\":\"ImageObject\",\"inLanguage\":\"lt-LT\",\"@id\":\"https:\\\/\\\/filmvilnius.com\\\/#\\\/schema\\\/logo\\\/image\\\/\",\"url\":\"https:\\\/\\\/filmvilnius.com\\\/wp-content\\\/uploads\\\/2022\\\/12\\\/VKB-Logo-2022-EN-2-V.jpg\",\"contentUrl\":\"https:\\\/\\\/filmvilnius.com\\\/wp-content\\\/uploads\\\/2022\\\/12\\\/VKB-Logo-2022-EN-2-V.jpg\",\"width\":1419,\"height\":1418,\"caption\":\"Vilniaus kino biuras\"},\"image\":{\"@id\":\"https:\\\/\\\/filmvilnius.com\\\/#\\\/schema\\\/logo\\\/image\\\/\"},\"sameAs\":[\"https:\\\/\\\/www.facebook.com\\\/filmvilnius\",\"https:\\\/\\\/x.com\\\/FilmVilnius\",\"https:\\\/\\\/www.instagram.com\\\/filmvilnius\\\/\"]},{\"@type\":\"Person\",\"@id\":\"https:\\\/\\\/filmvilnius.com\\\/#\\\/schema\\\/person\\\/8572c7f289890809bfa364d48f8dded5\",\"name\":\"Vilnius Film Office\",\"image\":{\"@type\":\"ImageObject\",\"inLanguage\":\"lt-LT\",\"@id\":\"https:\\\/\\\/secure.gravatar.com\\\/avatar\\\/2f93c625b891dbd84735ed1bd75819d698625d4c37369c60acab5f321b22fbb2?s=96&d=mm&r=g\",\"url\":\"https:\\\/\\\/secure.gravatar.com\\\/avatar\\\/2f93c625b891dbd84735ed1bd75819d698625d4c37369c60acab5f321b22fbb2?s=96&d=mm&r=g\",\"contentUrl\":\"https:\\\/\\\/secure.gravatar.com\\\/avatar\\\/2f93c625b891dbd84735ed1bd75819d698625d4c37369c60acab5f321b22fbb2?s=96&d=mm&r=g\",\"caption\":\"Vilnius Film Office\"},\"url\":\"https:\\\/\\\/filmvilnius.com\\\/lt\\\/author\\\/ce5c1052f3e77e32\\\/\"}]}<\/script>\n<!-- \/ Yoast SEO plugin. -->","yoast_head_json":{"title":"\u012e Kan\u0173 kino festival\u012f keliaujan\u010dio filmo \u201eOotid\u0117\u201c komanda: \u201eTarptautiniu lygmeniu \u012fsitvirtinti sunku, bet \u012fmanoma\u201c - Vilnius film office","description":"\u012e Kan\u0173 kino festival\u012f keliaujan\u010dio filmo \u201eOotid\u0117\u201c komanda: \u201eTarptautiniu lygmeniu \u012fsitvirtinti sunku, bet \u012fmanoma\u201c","robots":{"index":"index","follow":"follow","max-snippet":"max-snippet:-1","max-image-preview":"max-image-preview:large","max-video-preview":"max-video-preview:-1"},"canonical":"https:\/\/filmvilnius.com\/lt\/i-kanu-kino-festivali-keliaujancio-filmo-ootide-komanda-tarptautiniu-lygmeniu-isitvirtinti-sunku-bet-imanoma\/","og_locale":"lt_LT","og_type":"article","og_title":"\u012e Kan\u0173 kino festival\u012f keliaujan\u010dio filmo \u201eOotid\u0117\u201c komanda: \u201eTarptautiniu lygmeniu \u012fsitvirtinti sunku, bet \u012fmanoma\u201c - Vilnius film office","og_description":"\u012e Kan\u0173 kino festival\u012f keliaujan\u010dio filmo \u201eOotid\u0117\u201c komanda: \u201eTarptautiniu lygmeniu \u012fsitvirtinti sunku, bet \u012fmanoma\u201c","og_url":"https:\/\/filmvilnius.com\/lt\/i-kanu-kino-festivali-keliaujancio-filmo-ootide-komanda-tarptautiniu-lygmeniu-isitvirtinti-sunku-bet-imanoma\/","og_site_name":"Vilnius film office","article_publisher":"https:\/\/www.facebook.com\/filmvilnius","article_published_time":"2024-05-13T11:02:27+00:00","article_modified_time":"2026-04-28T07:17:50+00:00","og_image":[{"width":1238,"height":884,"url":"https:\/\/filmvilnius.com\/wp-content\/uploads\/2024\/05\/PS.jpg","type":"image\/jpeg"}],"author":"Vilnius Film Office","twitter_card":"summary_large_image","twitter_creator":"@FilmVilnius","twitter_site":"@FilmVilnius","twitter_misc":{"Written by":"Vilnius Film Office","Est. reading time":"6 minut\u0117s"},"schema":{"@context":"https:\/\/schema.org","@graph":[{"@type":"Article","@id":"https:\/\/filmvilnius.com\/lt\/i-kanu-kino-festivali-keliaujancio-filmo-ootide-komanda-tarptautiniu-lygmeniu-isitvirtinti-sunku-bet-imanoma\/#article","isPartOf":{"@id":"https:\/\/filmvilnius.com\/lt\/i-kanu-kino-festivali-keliaujancio-filmo-ootide-komanda-tarptautiniu-lygmeniu-isitvirtinti-sunku-bet-imanoma\/"},"author":{"name":"Vilnius Film Office","@id":"https:\/\/filmvilnius.com\/#\/schema\/person\/8572c7f289890809bfa364d48f8dded5"},"headline":"\u012e Kan\u0173 kino festival\u012f keliaujan\u010dio filmo \u201eOotid\u0117\u201c komanda: \u201eTarptautiniu lygmeniu \u012fsitvirtinti sunku, bet \u012fmanoma\u201c","datePublished":"2024-05-13T11:02:27+00:00","dateModified":"2026-04-28T07:17:50+00:00","mainEntityOfPage":{"@id":"https:\/\/filmvilnius.com\/lt\/i-kanu-kino-festivali-keliaujancio-filmo-ootide-komanda-tarptautiniu-lygmeniu-isitvirtinti-sunku-bet-imanoma\/"},"wordCount":1368,"publisher":{"@id":"https:\/\/filmvilnius.com\/#organization"},"image":{"@id":"https:\/\/filmvilnius.com\/lt\/i-kanu-kino-festivali-keliaujancio-filmo-ootide-komanda-tarptautiniu-lygmeniu-isitvirtinti-sunku-bet-imanoma\/#primaryimage"},"thumbnailUrl":"https:\/\/filmvilnius.com\/wp-content\/uploads\/2024\/05\/PS.jpg","articleSection":["Interviu","Naujienos","Su veidais"],"inLanguage":"lt-LT"},{"@type":"WebPage","@id":"https:\/\/filmvilnius.com\/lt\/i-kanu-kino-festivali-keliaujancio-filmo-ootide-komanda-tarptautiniu-lygmeniu-isitvirtinti-sunku-bet-imanoma\/","url":"https:\/\/filmvilnius.com\/lt\/i-kanu-kino-festivali-keliaujancio-filmo-ootide-komanda-tarptautiniu-lygmeniu-isitvirtinti-sunku-bet-imanoma\/","name":"\u012e Kan\u0173 kino festival\u012f keliaujan\u010dio filmo \u201eOotid\u0117\u201c komanda: \u201eTarptautiniu lygmeniu \u012fsitvirtinti sunku, bet \u012fmanoma\u201c - Vilnius film office","isPartOf":{"@id":"https:\/\/filmvilnius.com\/#website"},"primaryImageOfPage":{"@id":"https:\/\/filmvilnius.com\/lt\/i-kanu-kino-festivali-keliaujancio-filmo-ootide-komanda-tarptautiniu-lygmeniu-isitvirtinti-sunku-bet-imanoma\/#primaryimage"},"image":{"@id":"https:\/\/filmvilnius.com\/lt\/i-kanu-kino-festivali-keliaujancio-filmo-ootide-komanda-tarptautiniu-lygmeniu-isitvirtinti-sunku-bet-imanoma\/#primaryimage"},"thumbnailUrl":"https:\/\/filmvilnius.com\/wp-content\/uploads\/2024\/05\/PS.jpg","datePublished":"2024-05-13T11:02:27+00:00","dateModified":"2026-04-28T07:17:50+00:00","description":"\u012e Kan\u0173 kino festival\u012f keliaujan\u010dio filmo \u201eOotid\u0117\u201c komanda: \u201eTarptautiniu lygmeniu \u012fsitvirtinti sunku, bet \u012fmanoma\u201c","breadcrumb":{"@id":"https:\/\/filmvilnius.com\/lt\/i-kanu-kino-festivali-keliaujancio-filmo-ootide-komanda-tarptautiniu-lygmeniu-isitvirtinti-sunku-bet-imanoma\/#breadcrumb"},"inLanguage":"lt-LT","potentialAction":[{"@type":"ReadAction","target":["https:\/\/filmvilnius.com\/lt\/i-kanu-kino-festivali-keliaujancio-filmo-ootide-komanda-tarptautiniu-lygmeniu-isitvirtinti-sunku-bet-imanoma\/"]}]},{"@type":"ImageObject","inLanguage":"lt-LT","@id":"https:\/\/filmvilnius.com\/lt\/i-kanu-kino-festivali-keliaujancio-filmo-ootide-komanda-tarptautiniu-lygmeniu-isitvirtinti-sunku-bet-imanoma\/#primaryimage","url":"https:\/\/filmvilnius.com\/wp-content\/uploads\/2024\/05\/PS.jpg","contentUrl":"https:\/\/filmvilnius.com\/wp-content\/uploads\/2024\/05\/PS.jpg","width":1238,"height":884},{"@type":"BreadcrumbList","@id":"https:\/\/filmvilnius.com\/lt\/i-kanu-kino-festivali-keliaujancio-filmo-ootide-komanda-tarptautiniu-lygmeniu-isitvirtinti-sunku-bet-imanoma\/#breadcrumb","itemListElement":[{"@type":"ListItem","position":1,"name":"Home","item":"https:\/\/filmvilnius.com\/lt\/"},{"@type":"ListItem","position":2,"name":"\u012e Kan\u0173 kino festival\u012f keliaujan\u010dio filmo \u201eOotid\u0117\u201c komanda: \u201eTarptautiniu lygmeniu \u012fsitvirtinti sunku, bet \u012fmanoma\u201c"}]},{"@type":"WebSite","@id":"https:\/\/filmvilnius.com\/#website","url":"https:\/\/filmvilnius.com\/","name":"Vilnius film office","description":"","publisher":{"@id":"https:\/\/filmvilnius.com\/#organization"},"potentialAction":[{"@type":"SearchAction","target":{"@type":"EntryPoint","urlTemplate":"https:\/\/filmvilnius.com\/?s={search_term_string}"},"query-input":{"@type":"PropertyValueSpecification","valueRequired":true,"valueName":"search_term_string"}}],"inLanguage":"lt-LT"},{"@type":"Organization","@id":"https:\/\/filmvilnius.com\/#organization","name":"Vilniaus kino biuras","url":"https:\/\/filmvilnius.com\/","logo":{"@type":"ImageObject","inLanguage":"lt-LT","@id":"https:\/\/filmvilnius.com\/#\/schema\/logo\/image\/","url":"https:\/\/filmvilnius.com\/wp-content\/uploads\/2022\/12\/VKB-Logo-2022-EN-2-V.jpg","contentUrl":"https:\/\/filmvilnius.com\/wp-content\/uploads\/2022\/12\/VKB-Logo-2022-EN-2-V.jpg","width":1419,"height":1418,"caption":"Vilniaus kino biuras"},"image":{"@id":"https:\/\/filmvilnius.com\/#\/schema\/logo\/image\/"},"sameAs":["https:\/\/www.facebook.com\/filmvilnius","https:\/\/x.com\/FilmVilnius","https:\/\/www.instagram.com\/filmvilnius\/"]},{"@type":"Person","@id":"https:\/\/filmvilnius.com\/#\/schema\/person\/8572c7f289890809bfa364d48f8dded5","name":"Vilnius Film Office","image":{"@type":"ImageObject","inLanguage":"lt-LT","@id":"https:\/\/secure.gravatar.com\/avatar\/2f93c625b891dbd84735ed1bd75819d698625d4c37369c60acab5f321b22fbb2?s=96&d=mm&r=g","url":"https:\/\/secure.gravatar.com\/avatar\/2f93c625b891dbd84735ed1bd75819d698625d4c37369c60acab5f321b22fbb2?s=96&d=mm&r=g","contentUrl":"https:\/\/secure.gravatar.com\/avatar\/2f93c625b891dbd84735ed1bd75819d698625d4c37369c60acab5f321b22fbb2?s=96&d=mm&r=g","caption":"Vilnius Film Office"},"url":"https:\/\/filmvilnius.com\/lt\/author\/ce5c1052f3e77e32\/"}]}},"_links":{"self":[{"href":"https:\/\/filmvilnius.com\/lt\/wp-json\/wp\/v2\/posts\/25206","targetHints":{"allow":["GET"]}}],"collection":[{"href":"https:\/\/filmvilnius.com\/lt\/wp-json\/wp\/v2\/posts"}],"about":[{"href":"https:\/\/filmvilnius.com\/lt\/wp-json\/wp\/v2\/types\/post"}],"author":[{"embeddable":true,"href":"https:\/\/filmvilnius.com\/lt\/wp-json\/wp\/v2\/users\/6"}],"replies":[{"embeddable":true,"href":"https:\/\/filmvilnius.com\/lt\/wp-json\/wp\/v2\/comments?post=25206"}],"version-history":[{"count":1,"href":"https:\/\/filmvilnius.com\/lt\/wp-json\/wp\/v2\/posts\/25206\/revisions"}],"predecessor-version":[{"id":25217,"href":"https:\/\/filmvilnius.com\/lt\/wp-json\/wp\/v2\/posts\/25206\/revisions\/25217"}],"wp:featuredmedia":[{"embeddable":true,"href":"https:\/\/filmvilnius.com\/lt\/wp-json\/wp\/v2\/media\/25211"}],"wp:attachment":[{"href":"https:\/\/filmvilnius.com\/lt\/wp-json\/wp\/v2\/media?parent=25206"}],"wp:term":[{"taxonomy":"category","embeddable":true,"href":"https:\/\/filmvilnius.com\/lt\/wp-json\/wp\/v2\/categories?post=25206"},{"taxonomy":"post_tag","embeddable":true,"href":"https:\/\/filmvilnius.com\/lt\/wp-json\/wp\/v2\/tags?post=25206"}],"curies":[{"name":"wp","href":"https:\/\/api.w.org\/{rel}","templated":true}]}}