{"id":25246,"date":"2024-05-21T11:06:14","date_gmt":"2024-05-21T11:06:14","guid":{"rendered":"https:\/\/filmvilnius.com\/?p=25246"},"modified":"2026-04-28T09:17:28","modified_gmt":"2026-04-28T07:17:28","slug":"vaikai-kvieciami-igarsinti-animacinio-filmo-bff-personazus-kurmius-melyna-ir-reda","status":"publish","type":"post","link":"https:\/\/filmvilnius.com\/lt\/vaikai-kvieciami-igarsinti-animacinio-filmo-bff-personazus-kurmius-melyna-ir-reda\/","title":{"rendered":"Vaikai kvie\u010diami \u012fgarsinti animacinio filmo \u201eBFF\u201c persona\u017eus \u2013 kurmius M\u0117lyn\u0105 ir Red\u0105"},"content":{"rendered":"\n<p><strong>\u201eMama, t\u0117ti, \u017ei\u016br\u0117k, a\u0161 \u2013 filmo titruose!\u201c \u2013 neu\u017eilgo kino teatre gal\u0117s su\u0161ukti du vaikai, atrinkti \u012fgarsinti lietuvi\u0173 re\u017eisier\u0117s Urt\u0117s Oettinger animacin\u012f film\u0105 \u201eBFF\u201c. K\u016br\u0117jai skelbia retai pasitaikan\u010di\u0105 galimyb\u0119 \u012fsitraukti \u012f filmo k\u016brimo proces\u0105 ir dalyvauti persona\u017e\u0173 bals\u0173 atrankoje. Konkurse dalyvauti labai paprasta \u2013 jo dalyviams reik\u0117s \u012fgarsinti kelias persona\u017e\u0173 emocijas ir dvi frazes: \u201ePuikiai padirb\u0117jom\u201c ir \u201eNe\u0161am kuda\u0161i\u0173! Opa!\u201c.<\/strong><\/p>\n\n\n\n<p>\u201eTai bus bene pirmasis tokios auk\u0161tos tarptautin\u0117s kokyb\u0117s lietuvi\u0161kas animacinis filmas \u2013 \u0161\u012f projekt\u0105 pastaraisiais metais esame s\u0117kmingai pristat\u0119 \u012fvairiuose tarptautiniuose forumuose, mug\u0117se ir, ties\u0105 sakant, \u201eBFF\u201c jau yra laukiamas ne vien Lietuvoje. Animacini\u0173 lietuvi\u0161k\u0173 film\u0173 vaikams pas mus i\u0161ties yra tiek nedaug, kad naujas filmas \u0161alyje \u2013 didel\u0117 \u0161vent\u0117, tod\u0117l dar k\u016brimo procese \u012f j\u0105 panorome \u012ftraukti b\u016bsimus jo \u017ei\u016brovus\u201c, \u2013 pasakoja filmo prodiuser\u0117 Agn\u0117 Adom\u0117n\u0117 (\u201eArt Shot\u201c).<\/p>\n\n\n\n<p>Atrankoje galima dalyvauti dviem b\u016bdais: nufilmavus ir atsiuntus k\u016br\u0117j\u0173 duot\u0105 u\u017eduot\u012f arba gyvai \u012fgarsinant pasirinkt\u0105 persona\u017e\u0105 gegu\u017e\u0117s 25-26 d. \u201eLitexpo\u201c vyksian\u010diame \u201eComic Con Baltics 2024\u201c renginyje, \u201eBFF\u201c filmo stende kasdien nuo 11:00 iki 16:00. Atranka baigsis bir\u017eelio pabaigoje, laim\u0117tojai i\u0161ai\u0161k\u0117s rugpj\u016bt\u012f, jie bus pakviesti savo persona\u017eus \u012fgarsinti \u012f profesionali\u0105 \u012fra\u0161\u0173 studij\u0105, o pavasar\u012f filmas pasirodys Lietuvos kino teatruose. Daugiau informacijos apie atrank\u0105 ir registracija <a href=\"https:\/\/docs.google.com\/forms\/d\/e\/1FAIpQLSf7vNeIz7TM3uvE8x91NdKryr-tv0xZnVrtS4mJUVob5TuuAg\/viewform\">\u010cIA<\/a>.<\/p>\n\n\n\n<p>Vaikai kvie\u010diami \u012fgarsinti dvynius(es) kurmius \u2013 pasiutusius neklau\u017eadas M\u0117lyn\u0105 ir Red\u0105. Mokykloje jie s\u0117di galiniame suole ir yra tikras mokytoj\u0173 siaubas. \u0160ie kurmiai visada \u0161alia \u2013 stebi situacijas, nors da\u017eniausiai jose ir nedalyvauja. O kai tenka sudalyvauti, juos kartais aplanko nes\u0117km\u0117: sul\u016b\u017eusi skraidykl\u0117 ar triu\u0161kinantis pralaim\u0117jimas Letenbolo var\u017eybose. Bet jie tikrai d\u0117l to nesisieloja.<\/p>\n\n\n\n<p>Atrankos laim\u0117toj\u0173 kolegomis filme \u201eBFF\u201c taps gars\u016bs aktoriai: nuo\u0161ird\u0173 ir draugi\u0161k\u0105 me\u0161kin\u0105 Ben\u0105 \u012fgarsins Gelmin\u0117 Glem\u017eait\u0117, jo mam\u0105 \u2013 Oneida Kunsunga, \u0161maik\u0161taus ir \u201ekieto\u201c katino Fred\u017eio mo\u010diute taps Nel\u0117 Savi\u010denko, visus draug\u0173 nuotykius inicijuojanti vover\u0117 Frida prabils Marijos Chlebopa\u0161evait\u0117s-Vaidil\u0117s, o jos t\u0117tis \u2013 Vytauto Ra\u0161imo balsu. Filmo k\u016br\u0117jai v\u0117liau \u017eada atskleisti dar daugiau filmo k\u016brimo u\u017ekulisi\u0173, o \u0161i neeilin\u0117 galimyb\u0117 dalyvauti \u012fgarsinime \u2013 tik pirmasis \u017eingsnis.<\/p>\n\n\n\n<p>Film\u0105 \u201eBFF\u201c kuria itin stipri komanda ir Lietuvos kino industrijoje \u017einomi vardai: re\u017eisier\u0117 Urt\u0117 Oettinger, scenarijaus autoriai Marija Kavtaradze ir Titas Laucius, dailininkas Gediminas Skyrius, prodiuser\u0117 Agn\u0117 Adom\u0117n\u0117 (\u201eArt Shot\u201c). Ilgai ir kruop\u0161\u010diai vystyt\u0105 film\u0105 \u201eBFF\u201c \u012fkv\u0117p\u0117 ma\u017eiesiems Lietuvos \u017ei\u016brovams jau pa\u017e\u012fstamas re\u017eisier\u0117s Urt\u0117s Oettinger 2020-aisiais sukurtas trumpasis animacinis filmas \u201ePieno baras\u201c. Jo premjera \u012fvyko festivalyje \u201eKino pavasaris\u201c, filmas taip pat apkeliavo daugyb\u0119 tarptautini\u0173 animacijos festivali\u0173.<\/p>\n\n\n\n<p>\u201eBFF\u201c animacinis filmas vaikams apie skirtingo plauko \u017ev\u0117ri\u0173 ir geriausi\u0173 draug\u0173 nuotykius Lietuvos kino teatruose pasirodys 2025 m. baland\u012f. Film\u0105 i\u0161 dalies finansuoja \u201eCreative Europe Media\u201c, Lietuvos kino centras ir LRT, prodiusuoja \u201eArt Shot\u201c.<\/p>\n\n\n\n<p><strong>Apie \u201eArt Shot\u201c<\/strong><\/p>\n\n\n\n<p>2012 metais \u012fkurta animacijos gamybos kompanija \u201eArt Shot\u201c prodiusuoja animacinius filmus vaikams ir suaugusiems. Jie s\u0117kmingai pristatomi tarptautiniuose kino festivaliuose, yra peln\u0119 apdovanojim\u0173 u\u017esienyje ir Lietuvoje.<\/p>\n","protected":false},"excerpt":{"rendered":"<p>\u201eMama, t\u0117ti, \u017ei\u016br\u0117k, a\u0161 \u2013 filmo titruose!\u201c \u2013 neu\u017eilgo kino teatre gal\u0117s su\u0161ukti du vaikai, atrinkti \u012fgarsinti lietuvi\u0173 re\u017eisier\u0117s Urt\u0117s Oettinger animacin\u012f film\u0105 \u201eBFF\u201c. K\u016br\u0117jai skelbia retai pasitaikan\u010di\u0105 galimyb\u0119 \u012fsitraukti \u012f filmo k\u016brimo proces\u0105 ir dalyvauti persona\u017e\u0173 bals\u0173 atrankoje. Konkurse dalyvauti labai paprasta \u2013 jo dalyviams reik\u0117s \u012fgarsinti kelias persona\u017e\u0173 emocijas ir dvi frazes: \u201ePuikiai [&hellip;]<\/p>\n","protected":false},"author":6,"featured_media":25247,"comment_status":"closed","ping_status":"open","sticky":false,"template":"","format":"standard","meta":{"_acf_changed":false,"_monsterinsights_skip_tracking":false,"_monsterinsights_sitenote_active":false,"_monsterinsights_sitenote_note":"","_monsterinsights_sitenote_category":0,"footnotes":""},"categories":[193,58],"tags":[],"class_list":["post-25246","post","type-post","status-publish","format-standard","has-post-thumbnail","hentry","category-kino-industrijos-naujienos","category-news"],"acf":[],"yoast_head":"<!-- This site is optimized with the Yoast SEO plugin v27.4 - https:\/\/yoast.com\/product\/yoast-seo-wordpress\/ -->\n<title>Vaikai kvie\u010diami \u012fgarsinti animacinio filmo \u201eBFF\u201c persona\u017eus \u2013 kurmius M\u0117lyn\u0105 ir Red\u0105 - Vilnius film office<\/title>\n<meta name=\"description\" content=\"Vaikai kvie\u010diami \u012fgarsinti animacinio filmo \u201eBFF\u201c persona\u017eus \u2013 kurmius M\u0117lyn\u0105 ir Red\u0105.\" \/>\n<meta name=\"robots\" content=\"index, follow, max-snippet:-1, max-image-preview:large, max-video-preview:-1\" \/>\n<link rel=\"canonical\" href=\"https:\/\/filmvilnius.com\/lt\/vaikai-kvieciami-igarsinti-animacinio-filmo-bff-personazus-kurmius-melyna-ir-reda\/\" \/>\n<meta property=\"og:locale\" content=\"lt_LT\" \/>\n<meta property=\"og:type\" content=\"article\" \/>\n<meta property=\"og:title\" content=\"Vaikai kvie\u010diami \u012fgarsinti animacinio filmo \u201eBFF\u201c persona\u017eus \u2013 kurmius M\u0117lyn\u0105 ir Red\u0105 - Vilnius film office\" \/>\n<meta property=\"og:description\" content=\"Vaikai kvie\u010diami \u012fgarsinti animacinio filmo \u201eBFF\u201c persona\u017eus \u2013 kurmius M\u0117lyn\u0105 ir Red\u0105.\" \/>\n<meta property=\"og:url\" content=\"https:\/\/filmvilnius.com\/lt\/vaikai-kvieciami-igarsinti-animacinio-filmo-bff-personazus-kurmius-melyna-ir-reda\/\" \/>\n<meta property=\"og:site_name\" content=\"Vilnius film office\" \/>\n<meta property=\"article:publisher\" content=\"https:\/\/www.facebook.com\/filmvilnius\" \/>\n<meta property=\"article:published_time\" content=\"2024-05-21T11:06:14+00:00\" \/>\n<meta property=\"article:modified_time\" content=\"2026-04-28T07:17:28+00:00\" \/>\n<meta property=\"og:image\" content=\"https:\/\/filmvilnius.com\/wp-content\/uploads\/2024\/05\/BFF-kurmiai.png\" \/>\n\t<meta property=\"og:image:width\" content=\"1920\" \/>\n\t<meta property=\"og:image:height\" content=\"1080\" \/>\n\t<meta property=\"og:image:type\" content=\"image\/png\" \/>\n<meta name=\"author\" content=\"Vilnius Film Office\" \/>\n<meta name=\"twitter:card\" content=\"summary_large_image\" \/>\n<meta name=\"twitter:creator\" content=\"@FilmVilnius\" \/>\n<meta name=\"twitter:site\" content=\"@FilmVilnius\" \/>\n<meta name=\"twitter:label1\" content=\"Written by\" \/>\n\t<meta name=\"twitter:data1\" content=\"Vilnius Film Office\" \/>\n\t<meta name=\"twitter:label2\" content=\"Est. reading time\" \/>\n\t<meta name=\"twitter:data2\" content=\"3 minut\u0117s\" \/>\n<script type=\"application\/ld+json\" class=\"yoast-schema-graph\">{\"@context\":\"https:\\\/\\\/schema.org\",\"@graph\":[{\"@type\":\"Article\",\"@id\":\"https:\\\/\\\/filmvilnius.com\\\/lt\\\/vaikai-kvieciami-igarsinti-animacinio-filmo-bff-personazus-kurmius-melyna-ir-reda\\\/#article\",\"isPartOf\":{\"@id\":\"https:\\\/\\\/filmvilnius.com\\\/lt\\\/vaikai-kvieciami-igarsinti-animacinio-filmo-bff-personazus-kurmius-melyna-ir-reda\\\/\"},\"author\":{\"name\":\"Vilnius Film Office\",\"@id\":\"https:\\\/\\\/filmvilnius.com\\\/#\\\/schema\\\/person\\\/8572c7f289890809bfa364d48f8dded5\"},\"headline\":\"Vaikai kvie\u010diami \u012fgarsinti animacinio filmo \u201eBFF\u201c persona\u017eus \u2013 kurmius M\u0117lyn\u0105 ir Red\u0105\",\"datePublished\":\"2024-05-21T11:06:14+00:00\",\"dateModified\":\"2026-04-28T07:17:28+00:00\",\"mainEntityOfPage\":{\"@id\":\"https:\\\/\\\/filmvilnius.com\\\/lt\\\/vaikai-kvieciami-igarsinti-animacinio-filmo-bff-personazus-kurmius-melyna-ir-reda\\\/\"},\"wordCount\":525,\"publisher\":{\"@id\":\"https:\\\/\\\/filmvilnius.com\\\/#organization\"},\"image\":{\"@id\":\"https:\\\/\\\/filmvilnius.com\\\/lt\\\/vaikai-kvieciami-igarsinti-animacinio-filmo-bff-personazus-kurmius-melyna-ir-reda\\\/#primaryimage\"},\"thumbnailUrl\":\"https:\\\/\\\/filmvilnius.com\\\/wp-content\\\/uploads\\\/2024\\\/05\\\/BFF-kurmiai.png\",\"articleSection\":[\"Kino industrijos naujienos\",\"Naujienos\"],\"inLanguage\":\"lt-LT\"},{\"@type\":\"WebPage\",\"@id\":\"https:\\\/\\\/filmvilnius.com\\\/lt\\\/vaikai-kvieciami-igarsinti-animacinio-filmo-bff-personazus-kurmius-melyna-ir-reda\\\/\",\"url\":\"https:\\\/\\\/filmvilnius.com\\\/lt\\\/vaikai-kvieciami-igarsinti-animacinio-filmo-bff-personazus-kurmius-melyna-ir-reda\\\/\",\"name\":\"Vaikai kvie\u010diami \u012fgarsinti animacinio filmo \u201eBFF\u201c persona\u017eus \u2013 kurmius M\u0117lyn\u0105 ir Red\u0105 - Vilnius film office\",\"isPartOf\":{\"@id\":\"https:\\\/\\\/filmvilnius.com\\\/#website\"},\"primaryImageOfPage\":{\"@id\":\"https:\\\/\\\/filmvilnius.com\\\/lt\\\/vaikai-kvieciami-igarsinti-animacinio-filmo-bff-personazus-kurmius-melyna-ir-reda\\\/#primaryimage\"},\"image\":{\"@id\":\"https:\\\/\\\/filmvilnius.com\\\/lt\\\/vaikai-kvieciami-igarsinti-animacinio-filmo-bff-personazus-kurmius-melyna-ir-reda\\\/#primaryimage\"},\"thumbnailUrl\":\"https:\\\/\\\/filmvilnius.com\\\/wp-content\\\/uploads\\\/2024\\\/05\\\/BFF-kurmiai.png\",\"datePublished\":\"2024-05-21T11:06:14+00:00\",\"dateModified\":\"2026-04-28T07:17:28+00:00\",\"description\":\"Vaikai kvie\u010diami \u012fgarsinti animacinio filmo \u201eBFF\u201c persona\u017eus \u2013 kurmius M\u0117lyn\u0105 ir Red\u0105.\",\"breadcrumb\":{\"@id\":\"https:\\\/\\\/filmvilnius.com\\\/lt\\\/vaikai-kvieciami-igarsinti-animacinio-filmo-bff-personazus-kurmius-melyna-ir-reda\\\/#breadcrumb\"},\"inLanguage\":\"lt-LT\",\"potentialAction\":[{\"@type\":\"ReadAction\",\"target\":[\"https:\\\/\\\/filmvilnius.com\\\/lt\\\/vaikai-kvieciami-igarsinti-animacinio-filmo-bff-personazus-kurmius-melyna-ir-reda\\\/\"]}]},{\"@type\":\"ImageObject\",\"inLanguage\":\"lt-LT\",\"@id\":\"https:\\\/\\\/filmvilnius.com\\\/lt\\\/vaikai-kvieciami-igarsinti-animacinio-filmo-bff-personazus-kurmius-melyna-ir-reda\\\/#primaryimage\",\"url\":\"https:\\\/\\\/filmvilnius.com\\\/wp-content\\\/uploads\\\/2024\\\/05\\\/BFF-kurmiai.png\",\"contentUrl\":\"https:\\\/\\\/filmvilnius.com\\\/wp-content\\\/uploads\\\/2024\\\/05\\\/BFF-kurmiai.png\",\"width\":1920,\"height\":1080},{\"@type\":\"BreadcrumbList\",\"@id\":\"https:\\\/\\\/filmvilnius.com\\\/lt\\\/vaikai-kvieciami-igarsinti-animacinio-filmo-bff-personazus-kurmius-melyna-ir-reda\\\/#breadcrumb\",\"itemListElement\":[{\"@type\":\"ListItem\",\"position\":1,\"name\":\"Home\",\"item\":\"https:\\\/\\\/filmvilnius.com\\\/lt\\\/\"},{\"@type\":\"ListItem\",\"position\":2,\"name\":\"Vaikai kvie\u010diami \u012fgarsinti animacinio filmo \u201eBFF\u201c persona\u017eus \u2013 kurmius M\u0117lyn\u0105 ir Red\u0105\"}]},{\"@type\":\"WebSite\",\"@id\":\"https:\\\/\\\/filmvilnius.com\\\/#website\",\"url\":\"https:\\\/\\\/filmvilnius.com\\\/\",\"name\":\"Vilnius film office\",\"description\":\"\",\"publisher\":{\"@id\":\"https:\\\/\\\/filmvilnius.com\\\/#organization\"},\"potentialAction\":[{\"@type\":\"SearchAction\",\"target\":{\"@type\":\"EntryPoint\",\"urlTemplate\":\"https:\\\/\\\/filmvilnius.com\\\/?s={search_term_string}\"},\"query-input\":{\"@type\":\"PropertyValueSpecification\",\"valueRequired\":true,\"valueName\":\"search_term_string\"}}],\"inLanguage\":\"lt-LT\"},{\"@type\":\"Organization\",\"@id\":\"https:\\\/\\\/filmvilnius.com\\\/#organization\",\"name\":\"Vilniaus kino biuras\",\"url\":\"https:\\\/\\\/filmvilnius.com\\\/\",\"logo\":{\"@type\":\"ImageObject\",\"inLanguage\":\"lt-LT\",\"@id\":\"https:\\\/\\\/filmvilnius.com\\\/#\\\/schema\\\/logo\\\/image\\\/\",\"url\":\"https:\\\/\\\/filmvilnius.com\\\/wp-content\\\/uploads\\\/2022\\\/12\\\/VKB-Logo-2022-EN-2-V.jpg\",\"contentUrl\":\"https:\\\/\\\/filmvilnius.com\\\/wp-content\\\/uploads\\\/2022\\\/12\\\/VKB-Logo-2022-EN-2-V.jpg\",\"width\":1419,\"height\":1418,\"caption\":\"Vilniaus kino biuras\"},\"image\":{\"@id\":\"https:\\\/\\\/filmvilnius.com\\\/#\\\/schema\\\/logo\\\/image\\\/\"},\"sameAs\":[\"https:\\\/\\\/www.facebook.com\\\/filmvilnius\",\"https:\\\/\\\/x.com\\\/FilmVilnius\",\"https:\\\/\\\/www.instagram.com\\\/filmvilnius\\\/\"]},{\"@type\":\"Person\",\"@id\":\"https:\\\/\\\/filmvilnius.com\\\/#\\\/schema\\\/person\\\/8572c7f289890809bfa364d48f8dded5\",\"name\":\"Vilnius Film Office\",\"image\":{\"@type\":\"ImageObject\",\"inLanguage\":\"lt-LT\",\"@id\":\"https:\\\/\\\/secure.gravatar.com\\\/avatar\\\/2f93c625b891dbd84735ed1bd75819d698625d4c37369c60acab5f321b22fbb2?s=96&d=mm&r=g\",\"url\":\"https:\\\/\\\/secure.gravatar.com\\\/avatar\\\/2f93c625b891dbd84735ed1bd75819d698625d4c37369c60acab5f321b22fbb2?s=96&d=mm&r=g\",\"contentUrl\":\"https:\\\/\\\/secure.gravatar.com\\\/avatar\\\/2f93c625b891dbd84735ed1bd75819d698625d4c37369c60acab5f321b22fbb2?s=96&d=mm&r=g\",\"caption\":\"Vilnius Film Office\"},\"url\":\"https:\\\/\\\/filmvilnius.com\\\/lt\\\/author\\\/ce5c1052f3e77e32\\\/\"}]}<\/script>\n<!-- \/ Yoast SEO plugin. -->","yoast_head_json":{"title":"Vaikai kvie\u010diami \u012fgarsinti animacinio filmo \u201eBFF\u201c persona\u017eus \u2013 kurmius M\u0117lyn\u0105 ir Red\u0105 - Vilnius film office","description":"Vaikai kvie\u010diami \u012fgarsinti animacinio filmo \u201eBFF\u201c persona\u017eus \u2013 kurmius M\u0117lyn\u0105 ir Red\u0105.","robots":{"index":"index","follow":"follow","max-snippet":"max-snippet:-1","max-image-preview":"max-image-preview:large","max-video-preview":"max-video-preview:-1"},"canonical":"https:\/\/filmvilnius.com\/lt\/vaikai-kvieciami-igarsinti-animacinio-filmo-bff-personazus-kurmius-melyna-ir-reda\/","og_locale":"lt_LT","og_type":"article","og_title":"Vaikai kvie\u010diami \u012fgarsinti animacinio filmo \u201eBFF\u201c persona\u017eus \u2013 kurmius M\u0117lyn\u0105 ir Red\u0105 - Vilnius film office","og_description":"Vaikai kvie\u010diami \u012fgarsinti animacinio filmo \u201eBFF\u201c persona\u017eus \u2013 kurmius M\u0117lyn\u0105 ir Red\u0105.","og_url":"https:\/\/filmvilnius.com\/lt\/vaikai-kvieciami-igarsinti-animacinio-filmo-bff-personazus-kurmius-melyna-ir-reda\/","og_site_name":"Vilnius film office","article_publisher":"https:\/\/www.facebook.com\/filmvilnius","article_published_time":"2024-05-21T11:06:14+00:00","article_modified_time":"2026-04-28T07:17:28+00:00","og_image":[{"width":1920,"height":1080,"url":"https:\/\/filmvilnius.com\/wp-content\/uploads\/2024\/05\/BFF-kurmiai.png","type":"image\/png"}],"author":"Vilnius Film Office","twitter_card":"summary_large_image","twitter_creator":"@FilmVilnius","twitter_site":"@FilmVilnius","twitter_misc":{"Written by":"Vilnius Film Office","Est. reading time":"3 minut\u0117s"},"schema":{"@context":"https:\/\/schema.org","@graph":[{"@type":"Article","@id":"https:\/\/filmvilnius.com\/lt\/vaikai-kvieciami-igarsinti-animacinio-filmo-bff-personazus-kurmius-melyna-ir-reda\/#article","isPartOf":{"@id":"https:\/\/filmvilnius.com\/lt\/vaikai-kvieciami-igarsinti-animacinio-filmo-bff-personazus-kurmius-melyna-ir-reda\/"},"author":{"name":"Vilnius Film Office","@id":"https:\/\/filmvilnius.com\/#\/schema\/person\/8572c7f289890809bfa364d48f8dded5"},"headline":"Vaikai kvie\u010diami \u012fgarsinti animacinio filmo \u201eBFF\u201c persona\u017eus \u2013 kurmius M\u0117lyn\u0105 ir Red\u0105","datePublished":"2024-05-21T11:06:14+00:00","dateModified":"2026-04-28T07:17:28+00:00","mainEntityOfPage":{"@id":"https:\/\/filmvilnius.com\/lt\/vaikai-kvieciami-igarsinti-animacinio-filmo-bff-personazus-kurmius-melyna-ir-reda\/"},"wordCount":525,"publisher":{"@id":"https:\/\/filmvilnius.com\/#organization"},"image":{"@id":"https:\/\/filmvilnius.com\/lt\/vaikai-kvieciami-igarsinti-animacinio-filmo-bff-personazus-kurmius-melyna-ir-reda\/#primaryimage"},"thumbnailUrl":"https:\/\/filmvilnius.com\/wp-content\/uploads\/2024\/05\/BFF-kurmiai.png","articleSection":["Kino industrijos naujienos","Naujienos"],"inLanguage":"lt-LT"},{"@type":"WebPage","@id":"https:\/\/filmvilnius.com\/lt\/vaikai-kvieciami-igarsinti-animacinio-filmo-bff-personazus-kurmius-melyna-ir-reda\/","url":"https:\/\/filmvilnius.com\/lt\/vaikai-kvieciami-igarsinti-animacinio-filmo-bff-personazus-kurmius-melyna-ir-reda\/","name":"Vaikai kvie\u010diami \u012fgarsinti animacinio filmo \u201eBFF\u201c persona\u017eus \u2013 kurmius M\u0117lyn\u0105 ir Red\u0105 - Vilnius film office","isPartOf":{"@id":"https:\/\/filmvilnius.com\/#website"},"primaryImageOfPage":{"@id":"https:\/\/filmvilnius.com\/lt\/vaikai-kvieciami-igarsinti-animacinio-filmo-bff-personazus-kurmius-melyna-ir-reda\/#primaryimage"},"image":{"@id":"https:\/\/filmvilnius.com\/lt\/vaikai-kvieciami-igarsinti-animacinio-filmo-bff-personazus-kurmius-melyna-ir-reda\/#primaryimage"},"thumbnailUrl":"https:\/\/filmvilnius.com\/wp-content\/uploads\/2024\/05\/BFF-kurmiai.png","datePublished":"2024-05-21T11:06:14+00:00","dateModified":"2026-04-28T07:17:28+00:00","description":"Vaikai kvie\u010diami \u012fgarsinti animacinio filmo \u201eBFF\u201c persona\u017eus \u2013 kurmius M\u0117lyn\u0105 ir Red\u0105.","breadcrumb":{"@id":"https:\/\/filmvilnius.com\/lt\/vaikai-kvieciami-igarsinti-animacinio-filmo-bff-personazus-kurmius-melyna-ir-reda\/#breadcrumb"},"inLanguage":"lt-LT","potentialAction":[{"@type":"ReadAction","target":["https:\/\/filmvilnius.com\/lt\/vaikai-kvieciami-igarsinti-animacinio-filmo-bff-personazus-kurmius-melyna-ir-reda\/"]}]},{"@type":"ImageObject","inLanguage":"lt-LT","@id":"https:\/\/filmvilnius.com\/lt\/vaikai-kvieciami-igarsinti-animacinio-filmo-bff-personazus-kurmius-melyna-ir-reda\/#primaryimage","url":"https:\/\/filmvilnius.com\/wp-content\/uploads\/2024\/05\/BFF-kurmiai.png","contentUrl":"https:\/\/filmvilnius.com\/wp-content\/uploads\/2024\/05\/BFF-kurmiai.png","width":1920,"height":1080},{"@type":"BreadcrumbList","@id":"https:\/\/filmvilnius.com\/lt\/vaikai-kvieciami-igarsinti-animacinio-filmo-bff-personazus-kurmius-melyna-ir-reda\/#breadcrumb","itemListElement":[{"@type":"ListItem","position":1,"name":"Home","item":"https:\/\/filmvilnius.com\/lt\/"},{"@type":"ListItem","position":2,"name":"Vaikai kvie\u010diami \u012fgarsinti animacinio filmo \u201eBFF\u201c persona\u017eus \u2013 kurmius M\u0117lyn\u0105 ir Red\u0105"}]},{"@type":"WebSite","@id":"https:\/\/filmvilnius.com\/#website","url":"https:\/\/filmvilnius.com\/","name":"Vilnius film office","description":"","publisher":{"@id":"https:\/\/filmvilnius.com\/#organization"},"potentialAction":[{"@type":"SearchAction","target":{"@type":"EntryPoint","urlTemplate":"https:\/\/filmvilnius.com\/?s={search_term_string}"},"query-input":{"@type":"PropertyValueSpecification","valueRequired":true,"valueName":"search_term_string"}}],"inLanguage":"lt-LT"},{"@type":"Organization","@id":"https:\/\/filmvilnius.com\/#organization","name":"Vilniaus kino biuras","url":"https:\/\/filmvilnius.com\/","logo":{"@type":"ImageObject","inLanguage":"lt-LT","@id":"https:\/\/filmvilnius.com\/#\/schema\/logo\/image\/","url":"https:\/\/filmvilnius.com\/wp-content\/uploads\/2022\/12\/VKB-Logo-2022-EN-2-V.jpg","contentUrl":"https:\/\/filmvilnius.com\/wp-content\/uploads\/2022\/12\/VKB-Logo-2022-EN-2-V.jpg","width":1419,"height":1418,"caption":"Vilniaus kino biuras"},"image":{"@id":"https:\/\/filmvilnius.com\/#\/schema\/logo\/image\/"},"sameAs":["https:\/\/www.facebook.com\/filmvilnius","https:\/\/x.com\/FilmVilnius","https:\/\/www.instagram.com\/filmvilnius\/"]},{"@type":"Person","@id":"https:\/\/filmvilnius.com\/#\/schema\/person\/8572c7f289890809bfa364d48f8dded5","name":"Vilnius Film Office","image":{"@type":"ImageObject","inLanguage":"lt-LT","@id":"https:\/\/secure.gravatar.com\/avatar\/2f93c625b891dbd84735ed1bd75819d698625d4c37369c60acab5f321b22fbb2?s=96&d=mm&r=g","url":"https:\/\/secure.gravatar.com\/avatar\/2f93c625b891dbd84735ed1bd75819d698625d4c37369c60acab5f321b22fbb2?s=96&d=mm&r=g","contentUrl":"https:\/\/secure.gravatar.com\/avatar\/2f93c625b891dbd84735ed1bd75819d698625d4c37369c60acab5f321b22fbb2?s=96&d=mm&r=g","caption":"Vilnius Film Office"},"url":"https:\/\/filmvilnius.com\/lt\/author\/ce5c1052f3e77e32\/"}]}},"_links":{"self":[{"href":"https:\/\/filmvilnius.com\/lt\/wp-json\/wp\/v2\/posts\/25246","targetHints":{"allow":["GET"]}}],"collection":[{"href":"https:\/\/filmvilnius.com\/lt\/wp-json\/wp\/v2\/posts"}],"about":[{"href":"https:\/\/filmvilnius.com\/lt\/wp-json\/wp\/v2\/types\/post"}],"author":[{"embeddable":true,"href":"https:\/\/filmvilnius.com\/lt\/wp-json\/wp\/v2\/users\/6"}],"replies":[{"embeddable":true,"href":"https:\/\/filmvilnius.com\/lt\/wp-json\/wp\/v2\/comments?post=25246"}],"version-history":[{"count":1,"href":"https:\/\/filmvilnius.com\/lt\/wp-json\/wp\/v2\/posts\/25246\/revisions"}],"predecessor-version":[{"id":25249,"href":"https:\/\/filmvilnius.com\/lt\/wp-json\/wp\/v2\/posts\/25246\/revisions\/25249"}],"wp:featuredmedia":[{"embeddable":true,"href":"https:\/\/filmvilnius.com\/lt\/wp-json\/wp\/v2\/media\/25247"}],"wp:attachment":[{"href":"https:\/\/filmvilnius.com\/lt\/wp-json\/wp\/v2\/media?parent=25246"}],"wp:term":[{"taxonomy":"category","embeddable":true,"href":"https:\/\/filmvilnius.com\/lt\/wp-json\/wp\/v2\/categories?post=25246"},{"taxonomy":"post_tag","embeddable":true,"href":"https:\/\/filmvilnius.com\/lt\/wp-json\/wp\/v2\/tags?post=25246"}],"curies":[{"name":"wp","href":"https:\/\/api.w.org\/{rel}","templated":true}]}}