{"id":2544,"date":"2017-01-09T12:55:55","date_gmt":"2017-01-09T09:55:55","guid":{"rendered":"https:\/\/filmvilnius.com\/?p=2544"},"modified":"2026-04-28T12:02:39","modified_gmt":"2026-04-28T10:02:39","slug":"lietuviu-nacionaline-filmo-amzinai-kartu-premjera","status":"publish","type":"post","link":"https:\/\/filmvilnius.com\/lt\/lietuviu-nacionaline-filmo-amzinai-kartu-premjera\/","title":{"rendered":"Nacionalin\u0117 filmo ,,Am\u017einai kartu\u201d premjera"},"content":{"rendered":"<p><!--:lt-->\u0160iandien, sausio 9 d., kino teatre Forum Cinemas Vingis \u012fvyks re\u017eisier\u0117s Linos Lu\u017eyt\u0117s vaidybinio filmo ,,Am\u017einai kartu\u201d nacionalin\u0117 premjera. O jau nuo sausio 13 dienos \u0161\u012f film\u0105, apkeliavus\u012f Indijos, Liuksemburgo, \u010cekijos, JAV ir Italijos tarptautinius festivalius ir sulaukus\u012f daugyb\u0117s aplodisment\u0173 ne tik u\u017e puik\u0173 scenarij\u0173, bet ir u\u017e nepriekai\u0161ting\u0105 Lietuvos aktori\u0173 vaidyb\u0105, bus galima pamatyti ir Lietuvos kino sal\u0117se.<br \/>\nFilmas \u201eAm\u017einai kartu\u201c pasakoja vienos \u0161eimos istorij\u0105. \u017dmona (akt. Gabija Jaraminait\u0117) \u2013 tobul\u0105 \u0161eim\u0105 kurianti moteris. Vyras (akt. Dainius Gavenonis) \u2013 nepriklausomas kaskadininkas, \u017emonos nenorui vis sugr\u012f\u017etantis \u012f mylim\u0105 filmavimo aik\u0161tel\u0119. Ir j\u0173 dukra (akt. Eila Grybinait\u0117), neapsikentusi gra\u017ei\u0173 vakarieni\u0173 ir am\u017eino nesusikalb\u0117jimo, vien\u0105 dien\u0105 pab\u0117ga ir prane\u0161a policijai, kad ji neturi t\u0117v\u0173. Bet moteris nepasiduoda \u2013 jos scenarijuje nelaiming\u0173 \u017emoni\u0173 negali b\u016bti.<br \/>\n\u201eAm\u017einai kartu\u201c yra bendros Lietuvos ir Rumunijos gamybos filmas, kur\u012f k\u016br\u0117 Lietuvos kino studija \u201eJust a Moment\u201c ir Rumunijos kino studija \u201eAlien Film\u201c. Filmo gamyb\u0105 i\u0161 dalies finansavo Lietuvos kino centras.<br \/>\n<!--:--><\/p>\n","protected":false},"excerpt":{"rendered":"<p>\u0160iandien, sausio 9 d., kino teatre Forum Cinemas Vingis \u012fvyks re\u017eisier\u0117s Linos Lu\u017eyt\u0117s vaidybinio filmo ,,Am\u017einai kartu\u201d nacionalin\u0117 premjera. O jau nuo sausio 13 dienos \u0161\u012f film\u0105, apkeliavus\u012f Indijos, Liuksemburgo, \u010cekijos, JAV ir Italijos tarptautinius festivalius ir sulaukus\u012f daugyb\u0117s aplodisment\u0173 ne tik u\u017e puik\u0173 scenarij\u0173, bet ir u\u017e nepriekai\u0161ting\u0105 Lietuvos aktori\u0173 vaidyb\u0105, bus galima pamatyti [&hellip;]<\/p>\n","protected":false},"author":3,"featured_media":7489,"comment_status":"closed","ping_status":"open","sticky":false,"template":"","format":"standard","meta":{"_acf_changed":false,"_monsterinsights_skip_tracking":false,"_monsterinsights_sitenote_active":false,"_monsterinsights_sitenote_note":"","_monsterinsights_sitenote_category":0,"footnotes":""},"categories":[155,58],"tags":[],"class_list":["post-2544","post","type-post","status-publish","format-standard","has-post-thumbnail","hentry","category-industrija-ir-renginiai","category-news"],"acf":[],"yoast_head":"<!-- This site is optimized with the Yoast SEO plugin v27.4 - https:\/\/yoast.com\/product\/yoast-seo-wordpress\/ -->\n<title>Nacionalin\u0117 filmo ,,Am\u017einai kartu\u201d premjera - Vilnius film office<\/title>\n<meta name=\"robots\" content=\"index, follow, max-snippet:-1, max-image-preview:large, max-video-preview:-1\" \/>\n<link rel=\"canonical\" href=\"https:\/\/filmvilnius.com\/lt\/lietuviu-nacionaline-filmo-amzinai-kartu-premjera\/\" \/>\n<meta property=\"og:locale\" content=\"lt_LT\" \/>\n<meta property=\"og:type\" content=\"article\" \/>\n<meta property=\"og:title\" content=\"Nacionalin\u0117 filmo ,,Am\u017einai kartu\u201d premjera - Vilnius film office\" \/>\n<meta property=\"og:description\" content=\"\u0160iandien, sausio 9 d., kino teatre Forum Cinemas Vingis \u012fvyks re\u017eisier\u0117s Linos Lu\u017eyt\u0117s vaidybinio filmo ,,Am\u017einai kartu\u201d nacionalin\u0117 premjera. O jau nuo sausio 13 dienos \u0161\u012f film\u0105, apkeliavus\u012f Indijos, Liuksemburgo, \u010cekijos, JAV ir Italijos tarptautinius festivalius ir sulaukus\u012f daugyb\u0117s aplodisment\u0173 ne tik u\u017e puik\u0173 scenarij\u0173, bet ir u\u017e nepriekai\u0161ting\u0105 Lietuvos aktori\u0173 vaidyb\u0105, bus galima pamatyti [&hellip;]\" \/>\n<meta property=\"og:url\" content=\"https:\/\/filmvilnius.com\/lt\/lietuviu-nacionaline-filmo-amzinai-kartu-premjera\/\" \/>\n<meta property=\"og:site_name\" content=\"Vilnius film office\" \/>\n<meta property=\"article:publisher\" content=\"https:\/\/www.facebook.com\/filmvilnius\" \/>\n<meta property=\"article:published_time\" content=\"2017-01-09T09:55:55+00:00\" \/>\n<meta property=\"article:modified_time\" content=\"2026-04-28T10:02:39+00:00\" \/>\n<meta property=\"og:image\" content=\"https:\/\/filmvilnius.com\/wp-content\/uploads\/2017\/01\/12_Reduced.jpg\" \/>\n\t<meta property=\"og:image:width\" content=\"722\" \/>\n\t<meta property=\"og:image:height\" content=\"960\" \/>\n\t<meta property=\"og:image:type\" content=\"image\/jpeg\" \/>\n<meta name=\"author\" content=\"Vilniaus kino biuras\" \/>\n<meta name=\"twitter:card\" content=\"summary_large_image\" \/>\n<meta name=\"twitter:creator\" content=\"@FilmVilnius\" \/>\n<meta name=\"twitter:site\" content=\"@FilmVilnius\" \/>\n<meta name=\"twitter:label1\" content=\"Written by\" \/>\n\t<meta name=\"twitter:data1\" content=\"Vilniaus kino biuras\" \/>\n\t<meta name=\"twitter:label2\" content=\"Est. reading time\" \/>\n\t<meta name=\"twitter:data2\" content=\"1 minut\u0117\" \/>\n<script type=\"application\/ld+json\" class=\"yoast-schema-graph\">{\"@context\":\"https:\\\/\\\/schema.org\",\"@graph\":[{\"@type\":\"Article\",\"@id\":\"https:\\\/\\\/filmvilnius.com\\\/lt\\\/lietuviu-nacionaline-filmo-amzinai-kartu-premjera\\\/#article\",\"isPartOf\":{\"@id\":\"https:\\\/\\\/filmvilnius.com\\\/lt\\\/lietuviu-nacionaline-filmo-amzinai-kartu-premjera\\\/\"},\"author\":{\"name\":\"Vilniaus kino biuras\",\"@id\":\"https:\\\/\\\/filmvilnius.com\\\/#\\\/schema\\\/person\\\/8b5cdb3983bdc74eeb47d664a07e8a7c\"},\"headline\":\"Nacionalin\u0117 filmo ,,Am\u017einai kartu\u201d premjera\",\"datePublished\":\"2017-01-09T09:55:55+00:00\",\"dateModified\":\"2026-04-28T10:02:39+00:00\",\"mainEntityOfPage\":{\"@id\":\"https:\\\/\\\/filmvilnius.com\\\/lt\\\/lietuviu-nacionaline-filmo-amzinai-kartu-premjera\\\/\"},\"wordCount\":172,\"publisher\":{\"@id\":\"https:\\\/\\\/filmvilnius.com\\\/#organization\"},\"image\":{\"@id\":\"https:\\\/\\\/filmvilnius.com\\\/lt\\\/lietuviu-nacionaline-filmo-amzinai-kartu-premjera\\\/#primaryimage\"},\"thumbnailUrl\":\"https:\\\/\\\/filmvilnius.com\\\/wp-content\\\/uploads\\\/2017\\\/01\\\/12_Reduced.jpg\",\"articleSection\":[\"Industrija ir renginiai\",\"Naujienos\"],\"inLanguage\":\"lt-LT\"},{\"@type\":\"WebPage\",\"@id\":\"https:\\\/\\\/filmvilnius.com\\\/lt\\\/lietuviu-nacionaline-filmo-amzinai-kartu-premjera\\\/\",\"url\":\"https:\\\/\\\/filmvilnius.com\\\/lt\\\/lietuviu-nacionaline-filmo-amzinai-kartu-premjera\\\/\",\"name\":\"Nacionalin\u0117 filmo ,,Am\u017einai kartu\u201d premjera - Vilnius film office\",\"isPartOf\":{\"@id\":\"https:\\\/\\\/filmvilnius.com\\\/#website\"},\"primaryImageOfPage\":{\"@id\":\"https:\\\/\\\/filmvilnius.com\\\/lt\\\/lietuviu-nacionaline-filmo-amzinai-kartu-premjera\\\/#primaryimage\"},\"image\":{\"@id\":\"https:\\\/\\\/filmvilnius.com\\\/lt\\\/lietuviu-nacionaline-filmo-amzinai-kartu-premjera\\\/#primaryimage\"},\"thumbnailUrl\":\"https:\\\/\\\/filmvilnius.com\\\/wp-content\\\/uploads\\\/2017\\\/01\\\/12_Reduced.jpg\",\"datePublished\":\"2017-01-09T09:55:55+00:00\",\"dateModified\":\"2026-04-28T10:02:39+00:00\",\"breadcrumb\":{\"@id\":\"https:\\\/\\\/filmvilnius.com\\\/lt\\\/lietuviu-nacionaline-filmo-amzinai-kartu-premjera\\\/#breadcrumb\"},\"inLanguage\":\"lt-LT\",\"potentialAction\":[{\"@type\":\"ReadAction\",\"target\":[\"https:\\\/\\\/filmvilnius.com\\\/lt\\\/lietuviu-nacionaline-filmo-amzinai-kartu-premjera\\\/\"]}]},{\"@type\":\"ImageObject\",\"inLanguage\":\"lt-LT\",\"@id\":\"https:\\\/\\\/filmvilnius.com\\\/lt\\\/lietuviu-nacionaline-filmo-amzinai-kartu-premjera\\\/#primaryimage\",\"url\":\"https:\\\/\\\/filmvilnius.com\\\/wp-content\\\/uploads\\\/2017\\\/01\\\/12_Reduced.jpg\",\"contentUrl\":\"https:\\\/\\\/filmvilnius.com\\\/wp-content\\\/uploads\\\/2017\\\/01\\\/12_Reduced.jpg\",\"width\":722,\"height\":960},{\"@type\":\"BreadcrumbList\",\"@id\":\"https:\\\/\\\/filmvilnius.com\\\/lt\\\/lietuviu-nacionaline-filmo-amzinai-kartu-premjera\\\/#breadcrumb\",\"itemListElement\":[{\"@type\":\"ListItem\",\"position\":1,\"name\":\"Home\",\"item\":\"https:\\\/\\\/filmvilnius.com\\\/lt\\\/\"},{\"@type\":\"ListItem\",\"position\":2,\"name\":\"Nacionalin\u0117 filmo ,,Am\u017einai kartu\u201d premjera\"}]},{\"@type\":\"WebSite\",\"@id\":\"https:\\\/\\\/filmvilnius.com\\\/#website\",\"url\":\"https:\\\/\\\/filmvilnius.com\\\/\",\"name\":\"Vilnius film office\",\"description\":\"\",\"publisher\":{\"@id\":\"https:\\\/\\\/filmvilnius.com\\\/#organization\"},\"potentialAction\":[{\"@type\":\"SearchAction\",\"target\":{\"@type\":\"EntryPoint\",\"urlTemplate\":\"https:\\\/\\\/filmvilnius.com\\\/?s={search_term_string}\"},\"query-input\":{\"@type\":\"PropertyValueSpecification\",\"valueRequired\":true,\"valueName\":\"search_term_string\"}}],\"inLanguage\":\"lt-LT\"},{\"@type\":\"Organization\",\"@id\":\"https:\\\/\\\/filmvilnius.com\\\/#organization\",\"name\":\"Vilniaus kino biuras\",\"url\":\"https:\\\/\\\/filmvilnius.com\\\/\",\"logo\":{\"@type\":\"ImageObject\",\"inLanguage\":\"lt-LT\",\"@id\":\"https:\\\/\\\/filmvilnius.com\\\/#\\\/schema\\\/logo\\\/image\\\/\",\"url\":\"https:\\\/\\\/filmvilnius.com\\\/wp-content\\\/uploads\\\/2022\\\/12\\\/VKB-Logo-2022-EN-2-V.jpg\",\"contentUrl\":\"https:\\\/\\\/filmvilnius.com\\\/wp-content\\\/uploads\\\/2022\\\/12\\\/VKB-Logo-2022-EN-2-V.jpg\",\"width\":1419,\"height\":1418,\"caption\":\"Vilniaus kino biuras\"},\"image\":{\"@id\":\"https:\\\/\\\/filmvilnius.com\\\/#\\\/schema\\\/logo\\\/image\\\/\"},\"sameAs\":[\"https:\\\/\\\/www.facebook.com\\\/filmvilnius\",\"https:\\\/\\\/x.com\\\/FilmVilnius\",\"https:\\\/\\\/www.instagram.com\\\/filmvilnius\\\/\"]},{\"@type\":\"Person\",\"@id\":\"https:\\\/\\\/filmvilnius.com\\\/#\\\/schema\\\/person\\\/8b5cdb3983bdc74eeb47d664a07e8a7c\",\"name\":\"Vilniaus kino biuras\",\"image\":{\"@type\":\"ImageObject\",\"inLanguage\":\"lt-LT\",\"@id\":\"https:\\\/\\\/secure.gravatar.com\\\/avatar\\\/644725169c69ad57061a7da5874c1d84a0c902f0dc424faee665d0c37cb52e24?s=96&d=mm&r=g\",\"url\":\"https:\\\/\\\/secure.gravatar.com\\\/avatar\\\/644725169c69ad57061a7da5874c1d84a0c902f0dc424faee665d0c37cb52e24?s=96&d=mm&r=g\",\"contentUrl\":\"https:\\\/\\\/secure.gravatar.com\\\/avatar\\\/644725169c69ad57061a7da5874c1d84a0c902f0dc424faee665d0c37cb52e24?s=96&d=mm&r=g\",\"caption\":\"Vilniaus kino biuras\"},\"url\":\"https:\\\/\\\/filmvilnius.com\\\/lt\\\/author\\\/4b35ef9e4d264bd9\\\/\"}]}<\/script>\n<!-- \/ Yoast SEO plugin. -->","yoast_head_json":{"title":"Nacionalin\u0117 filmo ,,Am\u017einai kartu\u201d premjera - Vilnius film office","robots":{"index":"index","follow":"follow","max-snippet":"max-snippet:-1","max-image-preview":"max-image-preview:large","max-video-preview":"max-video-preview:-1"},"canonical":"https:\/\/filmvilnius.com\/lt\/lietuviu-nacionaline-filmo-amzinai-kartu-premjera\/","og_locale":"lt_LT","og_type":"article","og_title":"Nacionalin\u0117 filmo ,,Am\u017einai kartu\u201d premjera - Vilnius film office","og_description":"\u0160iandien, sausio 9 d., kino teatre Forum Cinemas Vingis \u012fvyks re\u017eisier\u0117s Linos Lu\u017eyt\u0117s vaidybinio filmo ,,Am\u017einai kartu\u201d nacionalin\u0117 premjera. O jau nuo sausio 13 dienos \u0161\u012f film\u0105, apkeliavus\u012f Indijos, Liuksemburgo, \u010cekijos, JAV ir Italijos tarptautinius festivalius ir sulaukus\u012f daugyb\u0117s aplodisment\u0173 ne tik u\u017e puik\u0173 scenarij\u0173, bet ir u\u017e nepriekai\u0161ting\u0105 Lietuvos aktori\u0173 vaidyb\u0105, bus galima pamatyti [&hellip;]","og_url":"https:\/\/filmvilnius.com\/lt\/lietuviu-nacionaline-filmo-amzinai-kartu-premjera\/","og_site_name":"Vilnius film office","article_publisher":"https:\/\/www.facebook.com\/filmvilnius","article_published_time":"2017-01-09T09:55:55+00:00","article_modified_time":"2026-04-28T10:02:39+00:00","og_image":[{"width":722,"height":960,"url":"https:\/\/filmvilnius.com\/wp-content\/uploads\/2017\/01\/12_Reduced.jpg","type":"image\/jpeg"}],"author":"Vilniaus kino biuras","twitter_card":"summary_large_image","twitter_creator":"@FilmVilnius","twitter_site":"@FilmVilnius","twitter_misc":{"Written by":"Vilniaus kino biuras","Est. reading time":"1 minut\u0117"},"schema":{"@context":"https:\/\/schema.org","@graph":[{"@type":"Article","@id":"https:\/\/filmvilnius.com\/lt\/lietuviu-nacionaline-filmo-amzinai-kartu-premjera\/#article","isPartOf":{"@id":"https:\/\/filmvilnius.com\/lt\/lietuviu-nacionaline-filmo-amzinai-kartu-premjera\/"},"author":{"name":"Vilniaus kino biuras","@id":"https:\/\/filmvilnius.com\/#\/schema\/person\/8b5cdb3983bdc74eeb47d664a07e8a7c"},"headline":"Nacionalin\u0117 filmo ,,Am\u017einai kartu\u201d premjera","datePublished":"2017-01-09T09:55:55+00:00","dateModified":"2026-04-28T10:02:39+00:00","mainEntityOfPage":{"@id":"https:\/\/filmvilnius.com\/lt\/lietuviu-nacionaline-filmo-amzinai-kartu-premjera\/"},"wordCount":172,"publisher":{"@id":"https:\/\/filmvilnius.com\/#organization"},"image":{"@id":"https:\/\/filmvilnius.com\/lt\/lietuviu-nacionaline-filmo-amzinai-kartu-premjera\/#primaryimage"},"thumbnailUrl":"https:\/\/filmvilnius.com\/wp-content\/uploads\/2017\/01\/12_Reduced.jpg","articleSection":["Industrija ir renginiai","Naujienos"],"inLanguage":"lt-LT"},{"@type":"WebPage","@id":"https:\/\/filmvilnius.com\/lt\/lietuviu-nacionaline-filmo-amzinai-kartu-premjera\/","url":"https:\/\/filmvilnius.com\/lt\/lietuviu-nacionaline-filmo-amzinai-kartu-premjera\/","name":"Nacionalin\u0117 filmo ,,Am\u017einai kartu\u201d premjera - Vilnius film office","isPartOf":{"@id":"https:\/\/filmvilnius.com\/#website"},"primaryImageOfPage":{"@id":"https:\/\/filmvilnius.com\/lt\/lietuviu-nacionaline-filmo-amzinai-kartu-premjera\/#primaryimage"},"image":{"@id":"https:\/\/filmvilnius.com\/lt\/lietuviu-nacionaline-filmo-amzinai-kartu-premjera\/#primaryimage"},"thumbnailUrl":"https:\/\/filmvilnius.com\/wp-content\/uploads\/2017\/01\/12_Reduced.jpg","datePublished":"2017-01-09T09:55:55+00:00","dateModified":"2026-04-28T10:02:39+00:00","breadcrumb":{"@id":"https:\/\/filmvilnius.com\/lt\/lietuviu-nacionaline-filmo-amzinai-kartu-premjera\/#breadcrumb"},"inLanguage":"lt-LT","potentialAction":[{"@type":"ReadAction","target":["https:\/\/filmvilnius.com\/lt\/lietuviu-nacionaline-filmo-amzinai-kartu-premjera\/"]}]},{"@type":"ImageObject","inLanguage":"lt-LT","@id":"https:\/\/filmvilnius.com\/lt\/lietuviu-nacionaline-filmo-amzinai-kartu-premjera\/#primaryimage","url":"https:\/\/filmvilnius.com\/wp-content\/uploads\/2017\/01\/12_Reduced.jpg","contentUrl":"https:\/\/filmvilnius.com\/wp-content\/uploads\/2017\/01\/12_Reduced.jpg","width":722,"height":960},{"@type":"BreadcrumbList","@id":"https:\/\/filmvilnius.com\/lt\/lietuviu-nacionaline-filmo-amzinai-kartu-premjera\/#breadcrumb","itemListElement":[{"@type":"ListItem","position":1,"name":"Home","item":"https:\/\/filmvilnius.com\/lt\/"},{"@type":"ListItem","position":2,"name":"Nacionalin\u0117 filmo ,,Am\u017einai kartu\u201d premjera"}]},{"@type":"WebSite","@id":"https:\/\/filmvilnius.com\/#website","url":"https:\/\/filmvilnius.com\/","name":"Vilnius film office","description":"","publisher":{"@id":"https:\/\/filmvilnius.com\/#organization"},"potentialAction":[{"@type":"SearchAction","target":{"@type":"EntryPoint","urlTemplate":"https:\/\/filmvilnius.com\/?s={search_term_string}"},"query-input":{"@type":"PropertyValueSpecification","valueRequired":true,"valueName":"search_term_string"}}],"inLanguage":"lt-LT"},{"@type":"Organization","@id":"https:\/\/filmvilnius.com\/#organization","name":"Vilniaus kino biuras","url":"https:\/\/filmvilnius.com\/","logo":{"@type":"ImageObject","inLanguage":"lt-LT","@id":"https:\/\/filmvilnius.com\/#\/schema\/logo\/image\/","url":"https:\/\/filmvilnius.com\/wp-content\/uploads\/2022\/12\/VKB-Logo-2022-EN-2-V.jpg","contentUrl":"https:\/\/filmvilnius.com\/wp-content\/uploads\/2022\/12\/VKB-Logo-2022-EN-2-V.jpg","width":1419,"height":1418,"caption":"Vilniaus kino biuras"},"image":{"@id":"https:\/\/filmvilnius.com\/#\/schema\/logo\/image\/"},"sameAs":["https:\/\/www.facebook.com\/filmvilnius","https:\/\/x.com\/FilmVilnius","https:\/\/www.instagram.com\/filmvilnius\/"]},{"@type":"Person","@id":"https:\/\/filmvilnius.com\/#\/schema\/person\/8b5cdb3983bdc74eeb47d664a07e8a7c","name":"Vilniaus kino biuras","image":{"@type":"ImageObject","inLanguage":"lt-LT","@id":"https:\/\/secure.gravatar.com\/avatar\/644725169c69ad57061a7da5874c1d84a0c902f0dc424faee665d0c37cb52e24?s=96&d=mm&r=g","url":"https:\/\/secure.gravatar.com\/avatar\/644725169c69ad57061a7da5874c1d84a0c902f0dc424faee665d0c37cb52e24?s=96&d=mm&r=g","contentUrl":"https:\/\/secure.gravatar.com\/avatar\/644725169c69ad57061a7da5874c1d84a0c902f0dc424faee665d0c37cb52e24?s=96&d=mm&r=g","caption":"Vilniaus kino biuras"},"url":"https:\/\/filmvilnius.com\/lt\/author\/4b35ef9e4d264bd9\/"}]}},"_links":{"self":[{"href":"https:\/\/filmvilnius.com\/lt\/wp-json\/wp\/v2\/posts\/2544","targetHints":{"allow":["GET"]}}],"collection":[{"href":"https:\/\/filmvilnius.com\/lt\/wp-json\/wp\/v2\/posts"}],"about":[{"href":"https:\/\/filmvilnius.com\/lt\/wp-json\/wp\/v2\/types\/post"}],"author":[{"embeddable":true,"href":"https:\/\/filmvilnius.com\/lt\/wp-json\/wp\/v2\/users\/3"}],"replies":[{"embeddable":true,"href":"https:\/\/filmvilnius.com\/lt\/wp-json\/wp\/v2\/comments?post=2544"}],"version-history":[{"count":2,"href":"https:\/\/filmvilnius.com\/lt\/wp-json\/wp\/v2\/posts\/2544\/revisions"}],"predecessor-version":[{"id":7490,"href":"https:\/\/filmvilnius.com\/lt\/wp-json\/wp\/v2\/posts\/2544\/revisions\/7490"}],"wp:featuredmedia":[{"embeddable":true,"href":"https:\/\/filmvilnius.com\/lt\/wp-json\/wp\/v2\/media\/7489"}],"wp:attachment":[{"href":"https:\/\/filmvilnius.com\/lt\/wp-json\/wp\/v2\/media?parent=2544"}],"wp:term":[{"taxonomy":"category","embeddable":true,"href":"https:\/\/filmvilnius.com\/lt\/wp-json\/wp\/v2\/categories?post=2544"},{"taxonomy":"post_tag","embeddable":true,"href":"https:\/\/filmvilnius.com\/lt\/wp-json\/wp\/v2\/tags?post=2544"}],"curies":[{"name":"wp","href":"https:\/\/api.w.org\/{rel}","templated":true}]}}