{"id":26097,"date":"2024-10-11T07:10:00","date_gmt":"2024-10-11T07:10:00","guid":{"rendered":"https:\/\/filmvilnius.com\/?p=26097"},"modified":"2026-04-28T09:03:02","modified_gmt":"2026-04-28T07:03:02","slug":"prodiusere-zivile-gallego-siandien-renkuosi-ne-tik-filmo-istorija-bet-ir-rezisieriu","status":"publish","type":"post","link":"https:\/\/filmvilnius.com\/lt\/prodiusere-zivile-gallego-siandien-renkuosi-ne-tik-filmo-istorija-bet-ir-rezisieriu\/","title":{"rendered":"Prodiuser\u0117 \u017divil\u0117 Gallego: \u201e\u0160iandien renkuosi ne tik filmo istorij\u0105, bet ir re\u017eisieri\u0173\u201c"},"content":{"rendered":"\n<p><em>\u201eMan svarbu, ko ie\u0161ko mano prodiusuojamo filmo herojai, ta\u010diau \u0161iandien renkuosi ne tik istorij\u0105, bet ir re\u017eisieri\u0173. Sunku nusp\u0117ti, koks bus galutinis rezultatas, bet a\u0161 noriu d\u017eiaugtis procesu\u201c, \u2013 teigia kino gamybos kompanijos \u201eFralita Films\u201c vadov\u0117 \u017divil\u0117 Gallego. Jos prodiusuot\u0173 film\u0173 s\u0105ra\u0161e \u2013\u00a0 gerai \u017einomos, gausiai apdovanotos juostos\u00a0 \u201eSangail\u0117s vasara\u201c, \u201eEmilija i\u0161 Laisv\u0117s al\u0117jos\u201c, \u201ePer arti\u201c, \u201eDrugelio \u0161irdis\u201d, \u201eM\u016bza\u201c. Rudens prad\u017eioje baigtas filmuoti ir dar vienas filmas \u2013 re\u017eisieriaus Manto Verbiejaus juosta \u201eSm\u0117lis tavo plaukuose\u201c.\u00a0<\/em><\/p>\n\n\n\n<p><em>\u201ePasirinkusi profesij\u0105 dar ne\u017einojau, kokia ji sud\u0117tinga\u201c, \u2013 prisipa\u017e\u012fsta daugiau nei 20 met\u0173 kino industrijoje dirbanti prodiuser\u0117. Apie pirmuosius \u017eingsnius kine, \u012fspaud\u0105 palikusius filmus ir paskutinius projektus \u2013 Vilniaus kino biuro inicijuotame pokalbyje.<\/em><\/p>\n\n\n\n<p><strong>\u2013 \u017divile, neseniai baig\u0117si filmo \u201eSm\u0117lis tavo plaukuose\u201c (re\u017e. Mantas Verbiejus), filmavimo darbai. Kokiomis emocijomis gyveni?<\/strong><\/p>\n\n\n\n<p>\u2013 D\u017eiaugiuosi suteikta galimybe dirbti su vyresn\u0117s kartos legendiniais aktoriais J\u016brate Onaityte, Juozu Budrai\u010diu, Liubomiru Laucevi\u010diumi, mane su\u017eav\u0117jo j\u0173 stipryb\u0117. Sud\u0117tingi vaidmenys, daug pamain\u0173, ilgos darbo valandos\u2026 Aktoriai i\u0161sidav\u0117, kad svarbiausia tur\u0117ti i\u0161ugdyt\u0105 vali\u0105, supratim\u0105, kad aik\u0161tel\u0117je privalu b\u016bti auk\u0161tumoje.&nbsp;<\/p>\n\n\n\n<figure class=\"wp-block-image size-large\"><img fetchpriority=\"high\" decoding=\"async\" width=\"1024\" height=\"683\" src=\"https:\/\/filmvilnius.com\/wp-content\/uploads\/2024\/10\/Smelis-tavo-plaukuose-filmas_Audriaus-Solomino-nuotr-1024x683.jpg\" alt=\"\" class=\"wp-image-26098\" srcset=\"https:\/\/filmvilnius.com\/wp-content\/uploads\/2024\/10\/Smelis-tavo-plaukuose-filmas_Audriaus-Solomino-nuotr-1024x683.jpg 1024w, https:\/\/filmvilnius.com\/wp-content\/uploads\/2024\/10\/Smelis-tavo-plaukuose-filmas_Audriaus-Solomino-nuotr-300x200.jpg 300w, https:\/\/filmvilnius.com\/wp-content\/uploads\/2024\/10\/Smelis-tavo-plaukuose-filmas_Audriaus-Solomino-nuotr-768x512.jpg 768w, https:\/\/filmvilnius.com\/wp-content\/uploads\/2024\/10\/Smelis-tavo-plaukuose-filmas_Audriaus-Solomino-nuotr-1536x1024.jpg 1536w, https:\/\/filmvilnius.com\/wp-content\/uploads\/2024\/10\/Smelis-tavo-plaukuose-filmas_Audriaus-Solomino-nuotr.jpg 2048w\" sizes=\"(max-width: 1024px) 100vw, 1024px\" \/><figcaption class=\"wp-element-caption\">Audriaus Solomino nuotr.<\/figcaption><\/figure>\n\n\n\n<figure class=\"wp-block-image size-large\"><img decoding=\"async\" width=\"1024\" height=\"683\" src=\"https:\/\/filmvilnius.com\/wp-content\/uploads\/2024\/10\/Smelis-tavo-plaukuose_Audriaus-Solomino-nuotr-1024x683.jpg\" alt=\"\" class=\"wp-image-26102\" srcset=\"https:\/\/filmvilnius.com\/wp-content\/uploads\/2024\/10\/Smelis-tavo-plaukuose_Audriaus-Solomino-nuotr-1024x683.jpg 1024w, https:\/\/filmvilnius.com\/wp-content\/uploads\/2024\/10\/Smelis-tavo-plaukuose_Audriaus-Solomino-nuotr-300x200.jpg 300w, https:\/\/filmvilnius.com\/wp-content\/uploads\/2024\/10\/Smelis-tavo-plaukuose_Audriaus-Solomino-nuotr-768x512.jpg 768w, https:\/\/filmvilnius.com\/wp-content\/uploads\/2024\/10\/Smelis-tavo-plaukuose_Audriaus-Solomino-nuotr-1536x1024.jpg 1536w, https:\/\/filmvilnius.com\/wp-content\/uploads\/2024\/10\/Smelis-tavo-plaukuose_Audriaus-Solomino-nuotr.jpg 2048w\" sizes=\"(max-width: 1024px) 100vw, 1024px\" \/><figcaption class=\"wp-element-caption\">Audriaus Solomino nuotr.<\/figcaption><\/figure>\n\n\n\n<figure class=\"wp-block-image size-large\"><img decoding=\"async\" width=\"1024\" height=\"683\" src=\"https:\/\/filmvilnius.com\/wp-content\/uploads\/2024\/10\/Smelis-tavo-plaukuose-1_Audriaus-Solomino-nuotr-1024x683.jpg\" alt=\"\" class=\"wp-image-26100\" srcset=\"https:\/\/filmvilnius.com\/wp-content\/uploads\/2024\/10\/Smelis-tavo-plaukuose-1_Audriaus-Solomino-nuotr-1024x683.jpg 1024w, https:\/\/filmvilnius.com\/wp-content\/uploads\/2024\/10\/Smelis-tavo-plaukuose-1_Audriaus-Solomino-nuotr-300x200.jpg 300w, https:\/\/filmvilnius.com\/wp-content\/uploads\/2024\/10\/Smelis-tavo-plaukuose-1_Audriaus-Solomino-nuotr-768x512.jpg 768w, https:\/\/filmvilnius.com\/wp-content\/uploads\/2024\/10\/Smelis-tavo-plaukuose-1_Audriaus-Solomino-nuotr-1536x1024.jpg 1536w, https:\/\/filmvilnius.com\/wp-content\/uploads\/2024\/10\/Smelis-tavo-plaukuose-1_Audriaus-Solomino-nuotr.jpg 2048w\" sizes=\"(max-width: 1024px) 100vw, 1024px\" \/><figcaption class=\"wp-element-caption\">Audriaus Solomino nuotr.<\/figcaption><\/figure>\n\n\n\n<p>Filmavome labai gra\u017eiose lokacijose \u2013 Kur\u0161i\u0173 nerija, draustinis \u0161alia Smiltyn\u0117s, Baltijos j\u016bros pakrant\u0117 Latvijoje, Visa tai suk\u016br\u0117 siurrealistin\u0119 atmosfer\u0105, komanda filmuodavo, o per pietus dar i\u0161\u0161okdavo nusimaudyti. Filmuojant mums reik\u0117jo saul\u0117s ir gero oro, bijojome, kad u\u017estrigsime, ta\u010diau s\u0117km\u0117 buvo su mumis net ir permainingoje rugs\u0117jo prad\u017eioje. Filmavimuose patyriau labai daug d\u017eiaugsmo \u2013 gal\u0117jau nuva\u017eiuoti \u012f aik\u0161tel\u0119 ir joje pab\u016bti be streso, gaisr\u0173 gesinimo. Tikiu, kad filmavimo metu vyravusi nuotaika persiduoda ir pa\u010diame filme.&nbsp;<\/p>\n\n\n\n<p>Visgi man nufilmuotas filmas \u2013 tik kelio vidurys, nes kaip prodiuser\u0117, dar pora met\u0173 gyvensiu su projektu. Galvoju apie tai, kada filmas bus pabaigtas, i\u0161leistas, kok\u012f rezultat\u0105 pasieksime, kiek \u017emoni\u0173 j\u012f pamatys. Lietuvi\u0161ko kino daug\u0117ja, o jam su\u017eib\u0117ti duodamas labai trumpas laiko tarpas, kartais vos kelios savait\u0117s.&nbsp;<\/p>\n\n\n\n<p><strong>\u2013 Neseniai pristatei dokumentin\u012f film\u0105 \u201eM\u016bza\u201c, prie\u0161 dvejus metus \u2013 vaidybin\u012f film\u0105 \u201ePer Arti\u201c. Kaip renkiesi projektus, su kuriais nori dirbti, kas tokio filme, re\u017eisieriuje ir komandoje turi b\u016bti, kad jais patik\u0117tum?<\/strong><\/p>\n\n\n\n<p>\u2013 Galb\u016bt tai su metais kei\u010diasi, ta\u010diau \u0161iandien renkuosi ne tik istorij\u0105, bet ir re\u017eisieri\u0173 \u2013 man labai svarbu, kaip mes kartu eisime per t\u0105 ilg\u0105 keli\u0105, ar turime pana\u0161ias gyvenimo vertybes, ar lygiai taip pat matome dalykus. Niekada neb\u016bna taip, kad papras\u010diausiai pasiimu scenarij\u0173 ir ie\u0161kau finansavimo \u2013 a\u0161 dalyvauju jo vystyme, k\u016brybi\u0161kai jau\u010diuosi atsakinga u\u017e istorij\u0105, ties kuria padedu para\u0161\u0105. Sunku nusp\u0117ti, koks bus galutinis rezultatas, bet a\u0161 noriu d\u017eiaugtis procesu. Tod\u0117l tvirtai jau\u010diu, koki\u0173 santyki\u0173 su k\u016br\u0117jais nenoriu ir man tai svarbu.<\/p>\n\n\n\n<p>\u017dinoma, vertinu ir tai, apie k\u0105 \u0161neka filmas, ko ie\u0161ko mano herojai. Filmo \u201eSm\u0117lis tavo plaukuose\u201c tema \u2013 vyresni\u0173 \u017emoni\u0173 gyvenimas, savirai\u0161ka, galimyb\u0117 myl\u0117ti ir b\u016bti laimingais. Ko gero, tai bus vienas pirm\u0173j\u0173 lietuvi\u0161k\u0173 film\u0173 pradedan\u010di\u0173 kalb\u0117ti \u0161iais klausimais. Senjor\u0173 gyvenimas Lietuvoje dar n\u0117ra toks, koks gal\u0117t\u0173 b\u016bti, tod\u0117l tikiu, kad juosta prisid\u0117s prie laisvumo, kitokio po\u017ei\u016brio \u012f vyresnius \u017emones.<\/p>\n\n\n\n<figure class=\"wp-block-image size-large\"><img loading=\"lazy\" decoding=\"async\" width=\"1024\" height=\"683\" src=\"https:\/\/filmvilnius.com\/wp-content\/uploads\/2024\/10\/Su-rezisieriumi-Mantu-Verbiejumi-Smelis-tavo-plaukuose-filmavimo-aiksteleje_foto-Egle-Marija-Zelvyte-1024x683.jpg\" alt=\"\" class=\"wp-image-26104\" srcset=\"https:\/\/filmvilnius.com\/wp-content\/uploads\/2024\/10\/Su-rezisieriumi-Mantu-Verbiejumi-Smelis-tavo-plaukuose-filmavimo-aiksteleje_foto-Egle-Marija-Zelvyte-1024x683.jpg 1024w, https:\/\/filmvilnius.com\/wp-content\/uploads\/2024\/10\/Su-rezisieriumi-Mantu-Verbiejumi-Smelis-tavo-plaukuose-filmavimo-aiksteleje_foto-Egle-Marija-Zelvyte-300x200.jpg 300w, https:\/\/filmvilnius.com\/wp-content\/uploads\/2024\/10\/Su-rezisieriumi-Mantu-Verbiejumi-Smelis-tavo-plaukuose-filmavimo-aiksteleje_foto-Egle-Marija-Zelvyte-768x512.jpg 768w, https:\/\/filmvilnius.com\/wp-content\/uploads\/2024\/10\/Su-rezisieriumi-Mantu-Verbiejumi-Smelis-tavo-plaukuose-filmavimo-aiksteleje_foto-Egle-Marija-Zelvyte-1536x1024.jpg 1536w, https:\/\/filmvilnius.com\/wp-content\/uploads\/2024\/10\/Su-rezisieriumi-Mantu-Verbiejumi-Smelis-tavo-plaukuose-filmavimo-aiksteleje_foto-Egle-Marija-Zelvyte-2048x1365.jpg 2048w\" sizes=\"(max-width: 1024px) 100vw, 1024px\" \/><figcaption class=\"wp-element-caption\">Su re\u017eisieriumi Mantu Verbiejumi | Egl\u0117s Marijos \u017delvyt\u0117s nuotr.<\/figcaption><\/figure>\n\n\n\n<figure class=\"wp-block-image size-large\"><img loading=\"lazy\" decoding=\"async\" width=\"1024\" height=\"683\" src=\"https:\/\/filmvilnius.com\/wp-content\/uploads\/2024\/10\/Smelis-tavo-plaukuose-kurybine-komanda-su-aktoriais_Audriaus-Solomino-foto-1024x683.jpg\" alt=\"\" class=\"wp-image-26108\" srcset=\"https:\/\/filmvilnius.com\/wp-content\/uploads\/2024\/10\/Smelis-tavo-plaukuose-kurybine-komanda-su-aktoriais_Audriaus-Solomino-foto-1024x683.jpg 1024w, https:\/\/filmvilnius.com\/wp-content\/uploads\/2024\/10\/Smelis-tavo-plaukuose-kurybine-komanda-su-aktoriais_Audriaus-Solomino-foto-300x200.jpg 300w, https:\/\/filmvilnius.com\/wp-content\/uploads\/2024\/10\/Smelis-tavo-plaukuose-kurybine-komanda-su-aktoriais_Audriaus-Solomino-foto-768x512.jpg 768w, https:\/\/filmvilnius.com\/wp-content\/uploads\/2024\/10\/Smelis-tavo-plaukuose-kurybine-komanda-su-aktoriais_Audriaus-Solomino-foto-1536x1024.jpg 1536w, https:\/\/filmvilnius.com\/wp-content\/uploads\/2024\/10\/Smelis-tavo-plaukuose-kurybine-komanda-su-aktoriais_Audriaus-Solomino-foto-2048x1365.jpg 2048w\" sizes=\"(max-width: 1024px) 100vw, 1024px\" \/><figcaption class=\"wp-element-caption\">Filmo \u201eSm\u0117lis tavo plaukuose\u201c k\u016brybin\u0117 komanda bei aktoriai | Audriaus Solomino nuotr.<\/figcaption><\/figure>\n\n\n\n<p><strong>\u2013 \u012edomu, kaip tapai prodiusere? Ar niekada nekilo dvejoni\u0173 d\u0117l tokio pasirinkimo?<\/strong><\/p>\n\n\n\n<p>\u2013 Kai baigin\u0117jau studijas Pary\u017eiuje ir atlikin\u0117jau praktik\u0105 \u201eCanal+\u201c televizijoje, jau \u017einojau, kad noriu dirbti audiovizualin\u0117je srityje. Patirtis \u201eViasat Broadcasting\u201c Londone dar labiau \u012fsuko \u012f televizijos gyvenim\u0105, bet man reik\u0117jo gylio, kur\u012f, jau\u010diau, gali duoti tik kinas. Da\u017enai vaik\u0161\u010diojau \u012f kino teatrus, steb\u0117jau premjeras, supratau, kad labai nor\u0117\u010diau prisid\u0117ti prie film\u0173 k\u016brimo kaip prodiuser\u0117. Po studij\u0173 Los And\u017eele Niujorko kino akademijoje pirm\u0105 kart\u0105 nuva\u017eiavusi \u012f Kan\u0173 kino festival\u012f pasigaminau prodiuser\u0117s vizitin\u0119 kortel\u0119, nors nei vieno filmo dar nebuvau prodiusavusi (juokiasi).&nbsp;<\/p>\n\n\n\n<p>\u0160is darbas smagus, kai viskas einasi gerai, bet gyvenime juk sekasi ne visada \u2013 kartais nepavyksta santykiai su kitais k\u016br\u0117jais, kartais negauni reikiamo finansavimo, patiri \u012fvairias auk\u0161tumas ir \u017eemumas, tod\u0117l yra moment\u0173, kai keliu klausimus. Prodiusavimas man yra \u012fdomus ir tai pagrindinis mano kelias, bet atsiranda nauj\u0173 viet\u0173, kuriose norisi save i\u0161bandyti. Jau\u010diu, kad pama\u017eu auga noras prisid\u0117ti prie k\u016brybin\u0117s, re\u017eis\u016brin\u0117s pus\u0117s.<\/p>\n\n\n\n<p><strong>\u2013 Kas prodiuser\u0117s darbe tau atrodo sud\u0117tingiausia? Kokias savybes reikia tur\u0117ti, kad gal\u0117tum dirbti kino industrijoje?<\/strong><\/p>\n\n\n\n<p>\u2013 Pasirinkusi profesij\u0105 ne\u017einojau, kokia ji sud\u0117tinga, man atrod\u0117, kad viskas daug papras\u010diau. Prodiuseriui labai svarbi kantryb\u0117 \u2013 niekada nepriimti kad ka\u017ekas nesigavo, bandyti prie situacijos prieiti i\u0161 kitos pus\u0117s, nes projekto vystymas yra labai ilgas procesas. Niekada ne\u017einai, kiek laiko ir energijos tam prireiks. Reikia tik\u0117ti projektu ir pasitik\u0117ti \u017emon\u0117mis, su kuriais dirbi. Prodiuseris yra ir geras vadybininkas, ir geras psichologas \u2013 juk dirbame industrijoje, kurioje daug k\u016brybing\u0173 asmenybi\u0173, turin\u010di\u0173 savus l\u016bkes\u010dius. Laviruojame tarp stipri\u0173 \u017emoni\u0173 ir dideli\u0173 ego, kuriuos turime apjungti bendram darbui, kad komanda pasiekt\u0173 galutin\u012f rezultat\u0105.&nbsp;<\/p>\n\n\n\n<p><strong>\u2013 Ar prisimeni pirm\u0105j\u012f savo prodiusuot\u0105 film\u0105?&nbsp;<\/strong><\/p>\n\n\n\n<p>\u2013 Pary\u017eiuje, kaip asistent\u0117, gavusi praktik\u0105, prisid\u0117jau prie romantinio trumpametra\u017eio filmo \u201eTrumpas angelo gyvenimas\u201c k\u016brimo. Tuo metu dar nedaug supratome apie kin\u0105, nieko netur\u0117jome, bet filmavome nuostabiose Montmartro vietose ir visi svajojome apie ateit\u012f kine.<\/p>\n\n\n\n<p>Pirmasis filmas prie kurio prisid\u0117jau kaip ko-prodiuser\u0117 buvo Algimanto Puipos \u201eNuod\u0117m\u0117s u\u017ekalb\u0117jimas\u201c, o pirmasis savaranki\u0161kai prodiusuotas filmas \u2013 \u201e\u0160okis dykumoje\u201c, pasakojantis apie ra\u0161ytoj\u0105 Jurg\u0105 Ivanauskait\u0119. Ko gero, tai buvo sud\u0117tingiausia istorija, nuo kurios gal\u0117jau prad\u0117ti. Jurgos i\u0161\u0117jimas, visos \u0161eimos ir draug\u0173 li\u016bdesys, daugyb\u0117 emocij\u0173\u2026&nbsp; Po to buvo dar labai daug film\u0173 ir visi jie mane po truput\u012f augino. Filmai yra kaip vaikai.<\/p>\n\n\n\n<figure class=\"wp-block-image size-large\"><img loading=\"lazy\" decoding=\"async\" width=\"1024\" height=\"683\" src=\"https:\/\/filmvilnius.com\/wp-content\/uploads\/2024\/10\/Zivile-Gallego_-Mikos-Saviciutes-nuotr-1024x683.jpg\" alt=\"\" class=\"wp-image-26106\" srcset=\"https:\/\/filmvilnius.com\/wp-content\/uploads\/2024\/10\/Zivile-Gallego_-Mikos-Saviciutes-nuotr-1024x683.jpg 1024w, https:\/\/filmvilnius.com\/wp-content\/uploads\/2024\/10\/Zivile-Gallego_-Mikos-Saviciutes-nuotr-300x200.jpg 300w, https:\/\/filmvilnius.com\/wp-content\/uploads\/2024\/10\/Zivile-Gallego_-Mikos-Saviciutes-nuotr-768x512.jpg 768w, https:\/\/filmvilnius.com\/wp-content\/uploads\/2024\/10\/Zivile-Gallego_-Mikos-Saviciutes-nuotr-1536x1024.jpg 1536w, https:\/\/filmvilnius.com\/wp-content\/uploads\/2024\/10\/Zivile-Gallego_-Mikos-Saviciutes-nuotr-2048x1365.jpg 2048w\" sizes=\"(max-width: 1024px) 100vw, 1024px\" \/><figcaption class=\"wp-element-caption\">Mikos Savi\u010di\u016bt\u0117s nuotr.<\/figcaption><\/figure>\n\n\n\n<p><strong>\u2013 \u012edomu, kurie j\u0173 tavyje paliko did\u017eiausias emocijas, pamokas?<\/strong><\/p>\n\n\n\n<p>\u2013 Buvo gera dirbti prie \u201eEmilijos i\u0161 Laisv\u0117s al\u0117jos\u201c, \u201eDrugelio \u0161irdis\u201c \u2013 \u0161ird\u017eiai mielas projektas, kuriame pirm\u0105 kart\u0105 dirbau su vaikais. \u201eM\u016bza\u201d man atv\u0117r\u0117 muzikos pasaul\u012f, \u201eSangail\u0117s vasara\u201c \u2013 aviacijos, \u201ePer arti\u201c teko dirbti su nuostabiais pranc\u016bz\u0173 ir lietuvi\u0173 aktoriais.&nbsp; Mane visuomet itin augina dokumentika \u2013 nors ji negauna tiek daug finansavimo, neretai pa\u017eeria sud\u0117ting\u0173 i\u0161\u0161\u016bki\u0173, ta\u010diau daug duoda mano sielai. I\u0161 dokumentikos pasiimu tai, ko negaunu kasdieniame gyvenime, dokumentika atveria akis, augina pa\u010diose ne\u012fpras\u010diausiose temose.<\/p>\n\n\n\n<p><strong>\u2013 Kaip, tavo nuomone, per \u0161iuos metus pasikeit\u0117 Lietuvos kino industrija? Kuo galime did\u017eiuotis, o kur, atvirk\u0161\u010diai, reik\u0117t\u0173 pasitempti?<\/strong><\/p>\n\n\n\n<p>\u2013 Lietuvoje viskas vykdoma labai profesionaliai, nebesiskiriame nuo kit\u0173 Europos \u0161ali\u0173.&nbsp; Prastesn\u0117je situacijoje esame tik biud\u017eeto klausimu, bet pergal\u0117s ir pasirodymas A klas\u0117s film\u0173 festivaliuose \u012frodo, kad m\u016bs\u0173 kino industrija stipriai stovi ant koj\u0173. Anks\u010diau u\u017esienyje tekdavo ai\u0161kinti, kur ta Lietuva yra, dabar m\u016bs\u0173 jau klausia, kas naujo lietuvi\u0161kame kine, kokius filmus gaminame. Pastaruoju metu m\u016bs\u0173 re\u017eisieri\u0173 kuriami filmai \u012fsilieja \u012f europinio kino kontekst\u0105, gyvename visam pasauliui aktualiomis temomis.&nbsp;<\/p>\n\n\n\n<p>Visuomet esu ne u\u017e form\u0105, bet u\u017e istorij\u0105, naratyvas man svarbiausias, tod\u0117l pasakysiu, kad scenarij\u0173 at\u017evilgiu dar turime kur augti.&nbsp;<\/p>\n\n\n\n<p><strong>\u2013 O kaip, tavo nuomone, auga Lietuvos \u017ei\u016brovai, kaip kei\u010diasi j\u0173 skonis?<\/strong><\/p>\n\n\n\n<p>\u2013 Manau, kad \u017emon\u0117s \u012f kin\u0105 vis dar da\u017eniau eina pails\u0117ti, tod\u0117l komedijos \u017eanro filmai pirmauja.&nbsp; Neabejojame, kad ir \u017ei\u016br\u0117damas rimtesn\u0117s temos film\u0105, \u017ei\u016brovas laik\u0105 praleis gerai, bet kaip j\u012f pritraukti? Tai \u2013 sud\u0117tinga, dirba daug rinkodaros ir komunikacijos specialist\u0173, \u010dia veikia aktoriai, re\u017eisieriaus \u017einomumas. Manau, kad \u017emon\u0117s \u0161iandien ie\u0161ko stipresni\u0173 poj\u016b\u010di\u0173, emocij\u0173. Tikiu, kad juos kine vis da\u017eniau ir suranda.<\/p>\n\n\n\n<p><strong>\u2013 D\u0117koju u\u017e pokalb\u012f.<\/strong><\/p>\n","protected":false},"excerpt":{"rendered":"<p>\u201eMan svarbu, ko ie\u0161ko mano prodiusuojamo filmo herojai, ta\u010diau \u0161iandien renkuosi ne tik istorij\u0105, bet ir re\u017eisieri\u0173. Sunku nusp\u0117ti, koks bus galutinis rezultatas, bet a\u0161 noriu d\u017eiaugtis procesu\u201c, \u2013 teigia kino gamybos kompanijos \u201eFralita Films\u201c vadov\u0117 \u017divil\u0117 Gallego. Jos prodiusuot\u0173 film\u0173 s\u0105ra\u0161e \u2013\u00a0 gerai \u017einomos, gausiai apdovanotos juostos\u00a0 \u201eSangail\u0117s vasara\u201c, \u201eEmilija i\u0161 Laisv\u0117s al\u0117jos\u201c, \u201ePer [&hellip;]<\/p>\n","protected":false},"author":6,"featured_media":26110,"comment_status":"closed","ping_status":"open","sticky":false,"template":"","format":"standard","meta":{"_acf_changed":false,"_monsterinsights_skip_tracking":false,"_monsterinsights_sitenote_active":false,"_monsterinsights_sitenote_note":"","_monsterinsights_sitenote_category":0,"footnotes":""},"categories":[161,58,100],"tags":[],"class_list":["post-26097","post","type-post","status-publish","format-standard","has-post-thumbnail","hentry","category-interviu","category-news","category-su-veidais"],"acf":[],"yoast_head":"<!-- This site is optimized with the Yoast SEO plugin v27.4 - https:\/\/yoast.com\/product\/yoast-seo-wordpress\/ -->\n<title>Prodiuser\u0117 \u017divil\u0117 Gallego: \u201e\u0160iandien renkuosi ne tik filmo istorij\u0105, bet ir re\u017eisieri\u0173\u201c - Vilnius film office<\/title>\n<meta name=\"description\" content=\"Prodiuser\u0117 \u017divil\u0117 Gallego: \u201e\u0160iandien renkuosi ne tik filmo istorij\u0105, bet ir re\u017eisieri\u0173\u201c\" \/>\n<meta name=\"robots\" content=\"index, follow, max-snippet:-1, max-image-preview:large, max-video-preview:-1\" \/>\n<link rel=\"canonical\" href=\"https:\/\/filmvilnius.com\/lt\/prodiusere-zivile-gallego-siandien-renkuosi-ne-tik-filmo-istorija-bet-ir-rezisieriu\/\" \/>\n<meta property=\"og:locale\" content=\"lt_LT\" \/>\n<meta property=\"og:type\" content=\"article\" \/>\n<meta property=\"og:title\" content=\"Prodiuser\u0117 \u017divil\u0117 Gallego: \u201e\u0160iandien renkuosi ne tik filmo istorij\u0105, bet ir re\u017eisieri\u0173\u201c - Vilnius film office\" \/>\n<meta property=\"og:description\" content=\"Prodiuser\u0117 \u017divil\u0117 Gallego: \u201e\u0160iandien renkuosi ne tik filmo istorij\u0105, bet ir re\u017eisieri\u0173\u201c\" \/>\n<meta property=\"og:url\" content=\"https:\/\/filmvilnius.com\/lt\/prodiusere-zivile-gallego-siandien-renkuosi-ne-tik-filmo-istorija-bet-ir-rezisieriu\/\" \/>\n<meta property=\"og:site_name\" content=\"Vilnius film office\" \/>\n<meta property=\"article:publisher\" content=\"https:\/\/www.facebook.com\/filmvilnius\" \/>\n<meta property=\"article:published_time\" content=\"2024-10-11T07:10:00+00:00\" \/>\n<meta property=\"article:modified_time\" content=\"2026-04-28T07:03:02+00:00\" \/>\n<meta property=\"og:image\" content=\"https:\/\/filmvilnius.com\/wp-content\/uploads\/2024\/10\/Zivile-Gallego_Donato-Alisausko-nuotr-scaled.jpg\" \/>\n\t<meta property=\"og:image:width\" content=\"2560\" \/>\n\t<meta property=\"og:image:height\" content=\"1703\" \/>\n\t<meta property=\"og:image:type\" content=\"image\/jpeg\" \/>\n<meta name=\"author\" content=\"Vilnius Film Office\" \/>\n<meta name=\"twitter:card\" content=\"summary_large_image\" \/>\n<meta name=\"twitter:creator\" content=\"@FilmVilnius\" \/>\n<meta name=\"twitter:site\" content=\"@FilmVilnius\" \/>\n<meta name=\"twitter:label1\" content=\"Written by\" \/>\n\t<meta name=\"twitter:data1\" content=\"Vilnius Film Office\" \/>\n\t<meta name=\"twitter:label2\" content=\"Est. reading time\" \/>\n\t<meta name=\"twitter:data2\" content=\"7 minut\u0117s\" \/>\n<script type=\"application\/ld+json\" class=\"yoast-schema-graph\">{\"@context\":\"https:\\\/\\\/schema.org\",\"@graph\":[{\"@type\":\"Article\",\"@id\":\"https:\\\/\\\/filmvilnius.com\\\/lt\\\/prodiusere-zivile-gallego-siandien-renkuosi-ne-tik-filmo-istorija-bet-ir-rezisieriu\\\/#article\",\"isPartOf\":{\"@id\":\"https:\\\/\\\/filmvilnius.com\\\/lt\\\/prodiusere-zivile-gallego-siandien-renkuosi-ne-tik-filmo-istorija-bet-ir-rezisieriu\\\/\"},\"author\":{\"name\":\"Vilnius Film Office\",\"@id\":\"https:\\\/\\\/filmvilnius.com\\\/#\\\/schema\\\/person\\\/8572c7f289890809bfa364d48f8dded5\"},\"headline\":\"Prodiuser\u0117 \u017divil\u0117 Gallego: \u201e\u0160iandien renkuosi ne tik filmo istorij\u0105, bet ir re\u017eisieri\u0173\u201c\",\"datePublished\":\"2024-10-11T07:10:00+00:00\",\"dateModified\":\"2026-04-28T07:03:02+00:00\",\"mainEntityOfPage\":{\"@id\":\"https:\\\/\\\/filmvilnius.com\\\/lt\\\/prodiusere-zivile-gallego-siandien-renkuosi-ne-tik-filmo-istorija-bet-ir-rezisieriu\\\/\"},\"wordCount\":1325,\"publisher\":{\"@id\":\"https:\\\/\\\/filmvilnius.com\\\/#organization\"},\"image\":{\"@id\":\"https:\\\/\\\/filmvilnius.com\\\/lt\\\/prodiusere-zivile-gallego-siandien-renkuosi-ne-tik-filmo-istorija-bet-ir-rezisieriu\\\/#primaryimage\"},\"thumbnailUrl\":\"https:\\\/\\\/filmvilnius.com\\\/wp-content\\\/uploads\\\/2024\\\/10\\\/Zivile-Gallego_Donato-Alisausko-nuotr-scaled.jpg\",\"articleSection\":[\"Interviu\",\"Naujienos\",\"Su veidais\"],\"inLanguage\":\"lt-LT\"},{\"@type\":\"WebPage\",\"@id\":\"https:\\\/\\\/filmvilnius.com\\\/lt\\\/prodiusere-zivile-gallego-siandien-renkuosi-ne-tik-filmo-istorija-bet-ir-rezisieriu\\\/\",\"url\":\"https:\\\/\\\/filmvilnius.com\\\/lt\\\/prodiusere-zivile-gallego-siandien-renkuosi-ne-tik-filmo-istorija-bet-ir-rezisieriu\\\/\",\"name\":\"Prodiuser\u0117 \u017divil\u0117 Gallego: \u201e\u0160iandien renkuosi ne tik filmo istorij\u0105, bet ir re\u017eisieri\u0173\u201c - Vilnius film office\",\"isPartOf\":{\"@id\":\"https:\\\/\\\/filmvilnius.com\\\/#website\"},\"primaryImageOfPage\":{\"@id\":\"https:\\\/\\\/filmvilnius.com\\\/lt\\\/prodiusere-zivile-gallego-siandien-renkuosi-ne-tik-filmo-istorija-bet-ir-rezisieriu\\\/#primaryimage\"},\"image\":{\"@id\":\"https:\\\/\\\/filmvilnius.com\\\/lt\\\/prodiusere-zivile-gallego-siandien-renkuosi-ne-tik-filmo-istorija-bet-ir-rezisieriu\\\/#primaryimage\"},\"thumbnailUrl\":\"https:\\\/\\\/filmvilnius.com\\\/wp-content\\\/uploads\\\/2024\\\/10\\\/Zivile-Gallego_Donato-Alisausko-nuotr-scaled.jpg\",\"datePublished\":\"2024-10-11T07:10:00+00:00\",\"dateModified\":\"2026-04-28T07:03:02+00:00\",\"description\":\"Prodiuser\u0117 \u017divil\u0117 Gallego: \u201e\u0160iandien renkuosi ne tik filmo istorij\u0105, bet ir re\u017eisieri\u0173\u201c\",\"breadcrumb\":{\"@id\":\"https:\\\/\\\/filmvilnius.com\\\/lt\\\/prodiusere-zivile-gallego-siandien-renkuosi-ne-tik-filmo-istorija-bet-ir-rezisieriu\\\/#breadcrumb\"},\"inLanguage\":\"lt-LT\",\"potentialAction\":[{\"@type\":\"ReadAction\",\"target\":[\"https:\\\/\\\/filmvilnius.com\\\/lt\\\/prodiusere-zivile-gallego-siandien-renkuosi-ne-tik-filmo-istorija-bet-ir-rezisieriu\\\/\"]}]},{\"@type\":\"ImageObject\",\"inLanguage\":\"lt-LT\",\"@id\":\"https:\\\/\\\/filmvilnius.com\\\/lt\\\/prodiusere-zivile-gallego-siandien-renkuosi-ne-tik-filmo-istorija-bet-ir-rezisieriu\\\/#primaryimage\",\"url\":\"https:\\\/\\\/filmvilnius.com\\\/wp-content\\\/uploads\\\/2024\\\/10\\\/Zivile-Gallego_Donato-Alisausko-nuotr-scaled.jpg\",\"contentUrl\":\"https:\\\/\\\/filmvilnius.com\\\/wp-content\\\/uploads\\\/2024\\\/10\\\/Zivile-Gallego_Donato-Alisausko-nuotr-scaled.jpg\",\"width\":2560,\"height\":1703},{\"@type\":\"BreadcrumbList\",\"@id\":\"https:\\\/\\\/filmvilnius.com\\\/lt\\\/prodiusere-zivile-gallego-siandien-renkuosi-ne-tik-filmo-istorija-bet-ir-rezisieriu\\\/#breadcrumb\",\"itemListElement\":[{\"@type\":\"ListItem\",\"position\":1,\"name\":\"Home\",\"item\":\"https:\\\/\\\/filmvilnius.com\\\/lt\\\/\"},{\"@type\":\"ListItem\",\"position\":2,\"name\":\"Prodiuser\u0117 \u017divil\u0117 Gallego: \u201e\u0160iandien renkuosi ne tik filmo istorij\u0105, bet ir re\u017eisieri\u0173\u201c\"}]},{\"@type\":\"WebSite\",\"@id\":\"https:\\\/\\\/filmvilnius.com\\\/#website\",\"url\":\"https:\\\/\\\/filmvilnius.com\\\/\",\"name\":\"Vilnius film office\",\"description\":\"\",\"publisher\":{\"@id\":\"https:\\\/\\\/filmvilnius.com\\\/#organization\"},\"potentialAction\":[{\"@type\":\"SearchAction\",\"target\":{\"@type\":\"EntryPoint\",\"urlTemplate\":\"https:\\\/\\\/filmvilnius.com\\\/?s={search_term_string}\"},\"query-input\":{\"@type\":\"PropertyValueSpecification\",\"valueRequired\":true,\"valueName\":\"search_term_string\"}}],\"inLanguage\":\"lt-LT\"},{\"@type\":\"Organization\",\"@id\":\"https:\\\/\\\/filmvilnius.com\\\/#organization\",\"name\":\"Vilniaus kino biuras\",\"url\":\"https:\\\/\\\/filmvilnius.com\\\/\",\"logo\":{\"@type\":\"ImageObject\",\"inLanguage\":\"lt-LT\",\"@id\":\"https:\\\/\\\/filmvilnius.com\\\/#\\\/schema\\\/logo\\\/image\\\/\",\"url\":\"https:\\\/\\\/filmvilnius.com\\\/wp-content\\\/uploads\\\/2022\\\/12\\\/VKB-Logo-2022-EN-2-V.jpg\",\"contentUrl\":\"https:\\\/\\\/filmvilnius.com\\\/wp-content\\\/uploads\\\/2022\\\/12\\\/VKB-Logo-2022-EN-2-V.jpg\",\"width\":1419,\"height\":1418,\"caption\":\"Vilniaus kino biuras\"},\"image\":{\"@id\":\"https:\\\/\\\/filmvilnius.com\\\/#\\\/schema\\\/logo\\\/image\\\/\"},\"sameAs\":[\"https:\\\/\\\/www.facebook.com\\\/filmvilnius\",\"https:\\\/\\\/x.com\\\/FilmVilnius\",\"https:\\\/\\\/www.instagram.com\\\/filmvilnius\\\/\"]},{\"@type\":\"Person\",\"@id\":\"https:\\\/\\\/filmvilnius.com\\\/#\\\/schema\\\/person\\\/8572c7f289890809bfa364d48f8dded5\",\"name\":\"Vilnius Film Office\",\"image\":{\"@type\":\"ImageObject\",\"inLanguage\":\"lt-LT\",\"@id\":\"https:\\\/\\\/secure.gravatar.com\\\/avatar\\\/2f93c625b891dbd84735ed1bd75819d698625d4c37369c60acab5f321b22fbb2?s=96&d=mm&r=g\",\"url\":\"https:\\\/\\\/secure.gravatar.com\\\/avatar\\\/2f93c625b891dbd84735ed1bd75819d698625d4c37369c60acab5f321b22fbb2?s=96&d=mm&r=g\",\"contentUrl\":\"https:\\\/\\\/secure.gravatar.com\\\/avatar\\\/2f93c625b891dbd84735ed1bd75819d698625d4c37369c60acab5f321b22fbb2?s=96&d=mm&r=g\",\"caption\":\"Vilnius Film Office\"},\"url\":\"https:\\\/\\\/filmvilnius.com\\\/lt\\\/author\\\/ce5c1052f3e77e32\\\/\"}]}<\/script>\n<!-- \/ Yoast SEO plugin. -->","yoast_head_json":{"title":"Prodiuser\u0117 \u017divil\u0117 Gallego: \u201e\u0160iandien renkuosi ne tik filmo istorij\u0105, bet ir re\u017eisieri\u0173\u201c - Vilnius film office","description":"Prodiuser\u0117 \u017divil\u0117 Gallego: \u201e\u0160iandien renkuosi ne tik filmo istorij\u0105, bet ir re\u017eisieri\u0173\u201c","robots":{"index":"index","follow":"follow","max-snippet":"max-snippet:-1","max-image-preview":"max-image-preview:large","max-video-preview":"max-video-preview:-1"},"canonical":"https:\/\/filmvilnius.com\/lt\/prodiusere-zivile-gallego-siandien-renkuosi-ne-tik-filmo-istorija-bet-ir-rezisieriu\/","og_locale":"lt_LT","og_type":"article","og_title":"Prodiuser\u0117 \u017divil\u0117 Gallego: \u201e\u0160iandien renkuosi ne tik filmo istorij\u0105, bet ir re\u017eisieri\u0173\u201c - Vilnius film office","og_description":"Prodiuser\u0117 \u017divil\u0117 Gallego: \u201e\u0160iandien renkuosi ne tik filmo istorij\u0105, bet ir re\u017eisieri\u0173\u201c","og_url":"https:\/\/filmvilnius.com\/lt\/prodiusere-zivile-gallego-siandien-renkuosi-ne-tik-filmo-istorija-bet-ir-rezisieriu\/","og_site_name":"Vilnius film office","article_publisher":"https:\/\/www.facebook.com\/filmvilnius","article_published_time":"2024-10-11T07:10:00+00:00","article_modified_time":"2026-04-28T07:03:02+00:00","og_image":[{"width":2560,"height":1703,"url":"https:\/\/filmvilnius.com\/wp-content\/uploads\/2024\/10\/Zivile-Gallego_Donato-Alisausko-nuotr-scaled.jpg","type":"image\/jpeg"}],"author":"Vilnius Film Office","twitter_card":"summary_large_image","twitter_creator":"@FilmVilnius","twitter_site":"@FilmVilnius","twitter_misc":{"Written by":"Vilnius Film Office","Est. reading time":"7 minut\u0117s"},"schema":{"@context":"https:\/\/schema.org","@graph":[{"@type":"Article","@id":"https:\/\/filmvilnius.com\/lt\/prodiusere-zivile-gallego-siandien-renkuosi-ne-tik-filmo-istorija-bet-ir-rezisieriu\/#article","isPartOf":{"@id":"https:\/\/filmvilnius.com\/lt\/prodiusere-zivile-gallego-siandien-renkuosi-ne-tik-filmo-istorija-bet-ir-rezisieriu\/"},"author":{"name":"Vilnius Film Office","@id":"https:\/\/filmvilnius.com\/#\/schema\/person\/8572c7f289890809bfa364d48f8dded5"},"headline":"Prodiuser\u0117 \u017divil\u0117 Gallego: \u201e\u0160iandien renkuosi ne tik filmo istorij\u0105, bet ir re\u017eisieri\u0173\u201c","datePublished":"2024-10-11T07:10:00+00:00","dateModified":"2026-04-28T07:03:02+00:00","mainEntityOfPage":{"@id":"https:\/\/filmvilnius.com\/lt\/prodiusere-zivile-gallego-siandien-renkuosi-ne-tik-filmo-istorija-bet-ir-rezisieriu\/"},"wordCount":1325,"publisher":{"@id":"https:\/\/filmvilnius.com\/#organization"},"image":{"@id":"https:\/\/filmvilnius.com\/lt\/prodiusere-zivile-gallego-siandien-renkuosi-ne-tik-filmo-istorija-bet-ir-rezisieriu\/#primaryimage"},"thumbnailUrl":"https:\/\/filmvilnius.com\/wp-content\/uploads\/2024\/10\/Zivile-Gallego_Donato-Alisausko-nuotr-scaled.jpg","articleSection":["Interviu","Naujienos","Su veidais"],"inLanguage":"lt-LT"},{"@type":"WebPage","@id":"https:\/\/filmvilnius.com\/lt\/prodiusere-zivile-gallego-siandien-renkuosi-ne-tik-filmo-istorija-bet-ir-rezisieriu\/","url":"https:\/\/filmvilnius.com\/lt\/prodiusere-zivile-gallego-siandien-renkuosi-ne-tik-filmo-istorija-bet-ir-rezisieriu\/","name":"Prodiuser\u0117 \u017divil\u0117 Gallego: \u201e\u0160iandien renkuosi ne tik filmo istorij\u0105, bet ir re\u017eisieri\u0173\u201c - Vilnius film office","isPartOf":{"@id":"https:\/\/filmvilnius.com\/#website"},"primaryImageOfPage":{"@id":"https:\/\/filmvilnius.com\/lt\/prodiusere-zivile-gallego-siandien-renkuosi-ne-tik-filmo-istorija-bet-ir-rezisieriu\/#primaryimage"},"image":{"@id":"https:\/\/filmvilnius.com\/lt\/prodiusere-zivile-gallego-siandien-renkuosi-ne-tik-filmo-istorija-bet-ir-rezisieriu\/#primaryimage"},"thumbnailUrl":"https:\/\/filmvilnius.com\/wp-content\/uploads\/2024\/10\/Zivile-Gallego_Donato-Alisausko-nuotr-scaled.jpg","datePublished":"2024-10-11T07:10:00+00:00","dateModified":"2026-04-28T07:03:02+00:00","description":"Prodiuser\u0117 \u017divil\u0117 Gallego: \u201e\u0160iandien renkuosi ne tik filmo istorij\u0105, bet ir re\u017eisieri\u0173\u201c","breadcrumb":{"@id":"https:\/\/filmvilnius.com\/lt\/prodiusere-zivile-gallego-siandien-renkuosi-ne-tik-filmo-istorija-bet-ir-rezisieriu\/#breadcrumb"},"inLanguage":"lt-LT","potentialAction":[{"@type":"ReadAction","target":["https:\/\/filmvilnius.com\/lt\/prodiusere-zivile-gallego-siandien-renkuosi-ne-tik-filmo-istorija-bet-ir-rezisieriu\/"]}]},{"@type":"ImageObject","inLanguage":"lt-LT","@id":"https:\/\/filmvilnius.com\/lt\/prodiusere-zivile-gallego-siandien-renkuosi-ne-tik-filmo-istorija-bet-ir-rezisieriu\/#primaryimage","url":"https:\/\/filmvilnius.com\/wp-content\/uploads\/2024\/10\/Zivile-Gallego_Donato-Alisausko-nuotr-scaled.jpg","contentUrl":"https:\/\/filmvilnius.com\/wp-content\/uploads\/2024\/10\/Zivile-Gallego_Donato-Alisausko-nuotr-scaled.jpg","width":2560,"height":1703},{"@type":"BreadcrumbList","@id":"https:\/\/filmvilnius.com\/lt\/prodiusere-zivile-gallego-siandien-renkuosi-ne-tik-filmo-istorija-bet-ir-rezisieriu\/#breadcrumb","itemListElement":[{"@type":"ListItem","position":1,"name":"Home","item":"https:\/\/filmvilnius.com\/lt\/"},{"@type":"ListItem","position":2,"name":"Prodiuser\u0117 \u017divil\u0117 Gallego: \u201e\u0160iandien renkuosi ne tik filmo istorij\u0105, bet ir re\u017eisieri\u0173\u201c"}]},{"@type":"WebSite","@id":"https:\/\/filmvilnius.com\/#website","url":"https:\/\/filmvilnius.com\/","name":"Vilnius film office","description":"","publisher":{"@id":"https:\/\/filmvilnius.com\/#organization"},"potentialAction":[{"@type":"SearchAction","target":{"@type":"EntryPoint","urlTemplate":"https:\/\/filmvilnius.com\/?s={search_term_string}"},"query-input":{"@type":"PropertyValueSpecification","valueRequired":true,"valueName":"search_term_string"}}],"inLanguage":"lt-LT"},{"@type":"Organization","@id":"https:\/\/filmvilnius.com\/#organization","name":"Vilniaus kino biuras","url":"https:\/\/filmvilnius.com\/","logo":{"@type":"ImageObject","inLanguage":"lt-LT","@id":"https:\/\/filmvilnius.com\/#\/schema\/logo\/image\/","url":"https:\/\/filmvilnius.com\/wp-content\/uploads\/2022\/12\/VKB-Logo-2022-EN-2-V.jpg","contentUrl":"https:\/\/filmvilnius.com\/wp-content\/uploads\/2022\/12\/VKB-Logo-2022-EN-2-V.jpg","width":1419,"height":1418,"caption":"Vilniaus kino biuras"},"image":{"@id":"https:\/\/filmvilnius.com\/#\/schema\/logo\/image\/"},"sameAs":["https:\/\/www.facebook.com\/filmvilnius","https:\/\/x.com\/FilmVilnius","https:\/\/www.instagram.com\/filmvilnius\/"]},{"@type":"Person","@id":"https:\/\/filmvilnius.com\/#\/schema\/person\/8572c7f289890809bfa364d48f8dded5","name":"Vilnius Film Office","image":{"@type":"ImageObject","inLanguage":"lt-LT","@id":"https:\/\/secure.gravatar.com\/avatar\/2f93c625b891dbd84735ed1bd75819d698625d4c37369c60acab5f321b22fbb2?s=96&d=mm&r=g","url":"https:\/\/secure.gravatar.com\/avatar\/2f93c625b891dbd84735ed1bd75819d698625d4c37369c60acab5f321b22fbb2?s=96&d=mm&r=g","contentUrl":"https:\/\/secure.gravatar.com\/avatar\/2f93c625b891dbd84735ed1bd75819d698625d4c37369c60acab5f321b22fbb2?s=96&d=mm&r=g","caption":"Vilnius Film Office"},"url":"https:\/\/filmvilnius.com\/lt\/author\/ce5c1052f3e77e32\/"}]}},"_links":{"self":[{"href":"https:\/\/filmvilnius.com\/lt\/wp-json\/wp\/v2\/posts\/26097","targetHints":{"allow":["GET"]}}],"collection":[{"href":"https:\/\/filmvilnius.com\/lt\/wp-json\/wp\/v2\/posts"}],"about":[{"href":"https:\/\/filmvilnius.com\/lt\/wp-json\/wp\/v2\/types\/post"}],"author":[{"embeddable":true,"href":"https:\/\/filmvilnius.com\/lt\/wp-json\/wp\/v2\/users\/6"}],"replies":[{"embeddable":true,"href":"https:\/\/filmvilnius.com\/lt\/wp-json\/wp\/v2\/comments?post=26097"}],"version-history":[{"count":2,"href":"https:\/\/filmvilnius.com\/lt\/wp-json\/wp\/v2\/posts\/26097\/revisions"}],"predecessor-version":[{"id":26117,"href":"https:\/\/filmvilnius.com\/lt\/wp-json\/wp\/v2\/posts\/26097\/revisions\/26117"}],"wp:featuredmedia":[{"embeddable":true,"href":"https:\/\/filmvilnius.com\/lt\/wp-json\/wp\/v2\/media\/26110"}],"wp:attachment":[{"href":"https:\/\/filmvilnius.com\/lt\/wp-json\/wp\/v2\/media?parent=26097"}],"wp:term":[{"taxonomy":"category","embeddable":true,"href":"https:\/\/filmvilnius.com\/lt\/wp-json\/wp\/v2\/categories?post=26097"},{"taxonomy":"post_tag","embeddable":true,"href":"https:\/\/filmvilnius.com\/lt\/wp-json\/wp\/v2\/tags?post=26097"}],"curies":[{"name":"wp","href":"https:\/\/api.w.org\/{rel}","templated":true}]}}