{"id":26344,"date":"2024-11-28T08:06:21","date_gmt":"2024-11-28T08:06:21","guid":{"rendered":"https:\/\/filmvilnius.com\/?p=26344"},"modified":"2026-04-28T09:01:13","modified_gmt":"2026-04-28T07:01:13","slug":"vilniuje-filmuojamas-vokietijos-kureju-filmas-tai-istorija-apie-tikra-kaledu-nakties-stebukla","status":"publish","type":"post","link":"https:\/\/filmvilnius.com\/lt\/vilniuje-filmuojamas-vokietijos-kureju-filmas-tai-istorija-apie-tikra-kaledu-nakties-stebukla\/","title":{"rendered":"Vilniuje filmuojamas Vokietijos k\u016br\u0117j\u0173 filmas: \u201eTai \u2013 istorija apie tikr\u0105 Kal\u0117d\u0173 nakties stebukl\u0105\u201c"},"content":{"rendered":"\n<p>Nors iki Kal\u0117d\u0173 \u2013 dar m\u0117nesis, \u012fvairios Vilniaus lokacijos jau skendi \u0161ventin\u0117je atmosferoje. Sostin\u0117je filmuojamas Vokietijos visuomeniniam transliuotojui ZDF kuriamas filmas \u201eWeihnachten im Olymp\u201c, b\u016bsimus \u017ei\u016brovus nukelsiantis \u012f kal\u0117din\u012f laikotarp\u012f.&nbsp;<\/p>\n\n\n\n<p>\u201e\u0160is filmas \u2013 apie tikr\u0105 Kal\u0117d\u0173 nakties stebukl\u0105\u201c , \u2013 apie filmo scenarij\u0173 pasakoja k\u016brybin\u0117 komanda.<\/p>\n\n\n\n<p>Kal\u0117d\u0173 nakt\u012f prabangiame prekybos centre \u201eOlymp\u201c po darbo valand\u0173 nak\u010diai lieka 9 \u017emon\u0117s, turintys sav\u0173 prie\u017eas\u010di\u0173 Kal\u0117d\u0173 nakt\u012f negr\u012f\u017eti namo. Visus juos vienija vieni\u0161umo ir nepritapimo visuomen\u0117je ar savo paties \u0161eimoje jausmas. Nesuprasti, nusivyl\u0119, nepritap\u0119 savo aplinkoje ir visuomen\u0117je, i\u0161siilg\u0119 artumo ir pripa\u017einimo \u2013 visi \u0161ie \u017emon\u0117s visi\u0161kai netik\u0117tai randa \u0161ventin\u0119 nuotaik\u0105, palaikym\u0105 ir meil\u0119 vienas kito draugijoje Kal\u0117d\u0173 nakt\u012f. Pagrindinius vaidmenis filme kurs vokie\u010di\u0173 aktoriai Mariele Millowitsch ir Joachim Kr\u00f2l.&nbsp;<\/p>\n\n\n\n<p>Anot projekto vadovo Lietuvoje, Algimanto Visocko, filmavimo darbai vyksta skland\u017eiai ir pagal grafik\u0105, o sostin\u0117s lokacijos prisideda kuriant filmo atmosfer\u0105.&nbsp;<\/p>\n\n\n\n<p>\u201eLokacijose k\u016br\u0117me \u0161ilt\u0105 ir jauk\u0173 interjer\u0105, kuris puikiai atspindi Kal\u0117d\u0173 nuotaik\u0105 bei padeda pabr\u0117\u017eti pagrindini\u0173 persona\u017e\u0173 istorijas. Filmuosime kelet\u0105 scen\u0173 su kal\u0117diniu traukinuku. \u0160i scena ne tik papildo filmo \u0161ventin\u0119 atmosfer\u0105, bet ir tampa simboliniu veik\u0117j\u0173 kelion\u0117s elementu \u2013 traukiniu, jungian\u010diu vieni\u0161us \u017emones ir per Kal\u0117das sukurian\u010diu \u0161ilumos bei bendryst\u0117s jausm\u0105. M\u016bs\u0173 filmavimai ne tik vyksta efektyviai, bet ir atskleid\u017eia ypating\u0105 \u0161ventin\u0119 dvasi\u0105, kuri\u0105 norime perteikti \u017ei\u016brovams,\u201c \u2013 pasakoja A. Visockas.&nbsp;<\/p>\n\n\n\n<p>Serialas \u0161\u012f ruden\u012f filmuojamas \u012fvairiuose interjeruose ir vie\u0161ose miesto erdv\u0117se, pavyzd\u017eiui, \u0161alia Lietuvos nacionalin\u0117s filharmonijos, Up\u0117s, Vilniaus, Trak\u0173 gatv\u0117se ir kt.<\/p>\n\n\n\n<p><strong>Vilniaus kino biuras informuoja apie filmavimo darbus mieste bei trumpalaikius eismo ribojimus:<\/strong><\/p>\n\n\n\n<p>Nuo gruod\u017eio 1 d. 16 val. iki gruod\u017eio 2 d. 12 val. filmavimo reikm\u0117ms bus rezervuojamos 22 automobili\u0173 stov\u0117jimo vietos aik\u0161tel\u0117je \u0161alia Oland\u0173 g. ir Kirkuto al. sankirtos;<\/p>\n\n\n\n<p>Gruod\u017eio 2 d. 8-18 val. filmavimai vyks&nbsp; adresu \u0160v. Stepono g. 1. Nuo gruod\u017eio 1 d. 16 val. iki gruod\u017eio 2 d. 18 val. filmavimo reikm\u0117ms bus rezervuojama 18 automobili\u0173 stov\u0117jimo viet\u0173 \u0161alia namo nr. 33;<\/p>\n\n\n\n<p>Gruod\u017eio 2\u20134 d. 7\u201320 val. filmavimai vyks \u0161alia pastato Trak\u0173 g. 2, nuo gruod\u017eio 1 d. 17 val. iki gruod\u017eio 4 d. 20 val. rezervuojant 3 automobili\u0173 stov\u0117jimo vietas \u0161alia pastato Trak\u0173 g. 2, o gruod\u017eio 2 d. 6.30\u20137 val. ir gruod\u017eio 4 d. 19.30\u201320 val. techniniam transportui leid\u017eiant sustoti i\u0161sikrauti ir pasikrauti \u012frangos Trak\u0173 gatv\u0117je draud\u017eiamoje eismo zonoje;<\/p>\n\n\n\n<p>Nuo gruod\u017eio 4 d. 12 val. iki gruod\u017eio 5 d. 21 val. filmavimo reikm\u0117ms bus rezervuojama 10 automobili\u0173 stov\u0117jimo viet\u0173 Pasa\u017eo skersgatvyje ir 5 vietos Did\u017eiojoje gatv\u0117je, gruod\u017eio 5 d. 12\u201321 val. filmavimo metu ant \u0161aligatvio \u0161alia pastato Au\u0161ros Vart\u0173 g. 7 bus statomas elektros generatorius ir gaisrin\u0117s automobilis;<\/p>\n\n\n\n<p>Gruod\u017eio 5 d. 12.30\u201316 val. filmavimai vyks \u0161alia pastato Au\u0161ros Vart\u0173 g. 5, filmavimo metu Au\u0161ros Vart\u0173 gatve bus leid\u017eiama va\u017eiuoti vaidybiniam kal\u0117diniam traukinukui trumpam (iki 10 min.) ribojant p\u0117s\u010di\u0173j\u0173 ir transporto priemoni\u0173 eism\u0105 filmavimo teritorijoje. Vaidybiniam kal\u0117diniam traukinukui (su saugos tarnybos palyda) bus leid\u017eiama \u012fva\u017eiuoti (i\u0161va\u017eiuoti) \u012f (i\u0161) filmavimo teritorij\u0105 Vis\u0173 \u0160vent\u0173j\u0173, Etmon\u0173, Au\u0161ros Vart\u0173 gatv\u0117se. Filmavimo metu traukinukas gali apsisukti suderintoje schemoje nurodytose ir laikinai aptvertose tvorel\u0117mis ir kitomis priemon\u0117mis teritorijose (prireikus u\u017eva\u017eiuoti ant dalies p\u0117s\u010di\u0173j\u0173 zonos);<\/p>\n\n\n\n<p>Gruod\u017eio 5 d. 19\u201321 val. filmavimai vyks \u0161alia pastato Au\u0161ros Vart\u0173 g. 5 trumpam (iki 5 min.) ribojant p\u0117s\u010di\u0173j\u0173 ir transporto priemoni\u0173 eism\u0105 filmavimo teritorijoje.<\/p>\n\n\n\n<p><strong>Atsipra\u0161ome gyventoj\u0173 ir miesto sve\u010di\u0173 u\u017e laikinus nepatogumus. D\u0117kojame u\u017e supratingum\u0105!<\/strong><\/p>\n","protected":false},"excerpt":{"rendered":"<p>Nors iki Kal\u0117d\u0173 \u2013 dar m\u0117nesis, \u012fvairios Vilniaus lokacijos jau skendi \u0161ventin\u0117je atmosferoje. Sostin\u0117je filmuojamas Vokietijos visuomeniniam transliuotojui ZDF kuriamas filmas \u201eWeihnachten im Olymp\u201c, b\u016bsimus \u017ei\u016brovus nukelsiantis \u012f kal\u0117din\u012f laikotarp\u012f.&nbsp; \u201e\u0160is filmas \u2013 apie tikr\u0105 Kal\u0117d\u0173 nakties stebukl\u0105\u201c , \u2013 apie filmo scenarij\u0173 pasakoja k\u016brybin\u0117 komanda. Kal\u0117d\u0173 nakt\u012f prabangiame prekybos centre \u201eOlymp\u201c po darbo valand\u0173 [&hellip;]<\/p>\n","protected":false},"author":6,"featured_media":26345,"comment_status":"closed","ping_status":"open","sticky":false,"template":"","format":"standard","meta":{"_acf_changed":false,"_monsterinsights_skip_tracking":false,"_monsterinsights_sitenote_active":false,"_monsterinsights_sitenote_note":"","_monsterinsights_sitenote_category":0,"footnotes":""},"categories":[160,58],"tags":[],"class_list":["post-26344","post","type-post","status-publish","format-standard","has-post-thumbnail","hentry","category-filmavimai-vilniuje","category-news"],"acf":[],"yoast_head":"<!-- This site is optimized with the Yoast SEO plugin v27.4 - https:\/\/yoast.com\/product\/yoast-seo-wordpress\/ -->\n<title>Vilniuje filmuojamas Vokietijos k\u016br\u0117j\u0173 filmas: \u201eTai \u2013 istorija apie tikr\u0105 Kal\u0117d\u0173 nakties stebukl\u0105\u201c - Vilnius film office<\/title>\n<meta name=\"robots\" content=\"index, follow, max-snippet:-1, max-image-preview:large, max-video-preview:-1\" \/>\n<link rel=\"canonical\" href=\"https:\/\/filmvilnius.com\/lt\/vilniuje-filmuojamas-vokietijos-kureju-filmas-tai-istorija-apie-tikra-kaledu-nakties-stebukla\/\" \/>\n<meta property=\"og:locale\" content=\"lt_LT\" \/>\n<meta property=\"og:type\" content=\"article\" \/>\n<meta property=\"og:title\" content=\"Vilniuje filmuojamas Vokietijos k\u016br\u0117j\u0173 filmas: \u201eTai \u2013 istorija apie tikr\u0105 Kal\u0117d\u0173 nakties stebukl\u0105\u201c - Vilnius film office\" \/>\n<meta property=\"og:description\" content=\"Nors iki Kal\u0117d\u0173 \u2013 dar m\u0117nesis, \u012fvairios Vilniaus lokacijos jau skendi \u0161ventin\u0117je atmosferoje. Sostin\u0117je filmuojamas Vokietijos visuomeniniam transliuotojui ZDF kuriamas filmas \u201eWeihnachten im Olymp\u201c, b\u016bsimus \u017ei\u016brovus nukelsiantis \u012f kal\u0117din\u012f laikotarp\u012f.&nbsp; \u201e\u0160is filmas \u2013 apie tikr\u0105 Kal\u0117d\u0173 nakties stebukl\u0105\u201c , \u2013 apie filmo scenarij\u0173 pasakoja k\u016brybin\u0117 komanda. Kal\u0117d\u0173 nakt\u012f prabangiame prekybos centre \u201eOlymp\u201c po darbo valand\u0173 [&hellip;]\" \/>\n<meta property=\"og:url\" content=\"https:\/\/filmvilnius.com\/lt\/vilniuje-filmuojamas-vokietijos-kureju-filmas-tai-istorija-apie-tikra-kaledu-nakties-stebukla\/\" \/>\n<meta property=\"og:site_name\" content=\"Vilnius film office\" \/>\n<meta property=\"article:publisher\" content=\"https:\/\/www.facebook.com\/filmvilnius\" \/>\n<meta property=\"article:published_time\" content=\"2024-11-28T08:06:21+00:00\" \/>\n<meta property=\"article:modified_time\" content=\"2026-04-28T07:01:13+00:00\" \/>\n<meta property=\"og:image\" content=\"https:\/\/filmvilnius.com\/wp-content\/uploads\/2024\/11\/JevoW-b-.jpeg\" \/>\n\t<meta property=\"og:image:width\" content=\"2500\" \/>\n\t<meta property=\"og:image:height\" content=\"1665\" \/>\n\t<meta property=\"og:image:type\" content=\"image\/jpeg\" \/>\n<meta name=\"author\" content=\"Vilnius Film Office\" \/>\n<meta name=\"twitter:card\" content=\"summary_large_image\" \/>\n<meta name=\"twitter:creator\" content=\"@FilmVilnius\" \/>\n<meta name=\"twitter:site\" content=\"@FilmVilnius\" \/>\n<meta name=\"twitter:label1\" content=\"Written by\" \/>\n\t<meta name=\"twitter:data1\" content=\"Vilnius Film Office\" \/>\n\t<meta name=\"twitter:label2\" content=\"Est. reading time\" \/>\n\t<meta name=\"twitter:data2\" content=\"3 minut\u0117s\" \/>\n<script type=\"application\/ld+json\" class=\"yoast-schema-graph\">{\"@context\":\"https:\\\/\\\/schema.org\",\"@graph\":[{\"@type\":\"Article\",\"@id\":\"https:\\\/\\\/filmvilnius.com\\\/lt\\\/vilniuje-filmuojamas-vokietijos-kureju-filmas-tai-istorija-apie-tikra-kaledu-nakties-stebukla\\\/#article\",\"isPartOf\":{\"@id\":\"https:\\\/\\\/filmvilnius.com\\\/lt\\\/vilniuje-filmuojamas-vokietijos-kureju-filmas-tai-istorija-apie-tikra-kaledu-nakties-stebukla\\\/\"},\"author\":{\"name\":\"Vilnius Film Office\",\"@id\":\"https:\\\/\\\/filmvilnius.com\\\/#\\\/schema\\\/person\\\/8572c7f289890809bfa364d48f8dded5\"},\"headline\":\"Vilniuje filmuojamas Vokietijos k\u016br\u0117j\u0173 filmas: \u201eTai \u2013 istorija apie tikr\u0105 Kal\u0117d\u0173 nakties stebukl\u0105\u201c\",\"datePublished\":\"2024-11-28T08:06:21+00:00\",\"dateModified\":\"2026-04-28T07:01:13+00:00\",\"mainEntityOfPage\":{\"@id\":\"https:\\\/\\\/filmvilnius.com\\\/lt\\\/vilniuje-filmuojamas-vokietijos-kureju-filmas-tai-istorija-apie-tikra-kaledu-nakties-stebukla\\\/\"},\"wordCount\":607,\"publisher\":{\"@id\":\"https:\\\/\\\/filmvilnius.com\\\/#organization\"},\"image\":{\"@id\":\"https:\\\/\\\/filmvilnius.com\\\/lt\\\/vilniuje-filmuojamas-vokietijos-kureju-filmas-tai-istorija-apie-tikra-kaledu-nakties-stebukla\\\/#primaryimage\"},\"thumbnailUrl\":\"https:\\\/\\\/filmvilnius.com\\\/wp-content\\\/uploads\\\/2024\\\/11\\\/JevoW-b-.jpeg\",\"articleSection\":[\"Filmavimai Vilniuje\",\"Naujienos\"],\"inLanguage\":\"lt-LT\"},{\"@type\":\"WebPage\",\"@id\":\"https:\\\/\\\/filmvilnius.com\\\/lt\\\/vilniuje-filmuojamas-vokietijos-kureju-filmas-tai-istorija-apie-tikra-kaledu-nakties-stebukla\\\/\",\"url\":\"https:\\\/\\\/filmvilnius.com\\\/lt\\\/vilniuje-filmuojamas-vokietijos-kureju-filmas-tai-istorija-apie-tikra-kaledu-nakties-stebukla\\\/\",\"name\":\"Vilniuje filmuojamas Vokietijos k\u016br\u0117j\u0173 filmas: \u201eTai \u2013 istorija apie tikr\u0105 Kal\u0117d\u0173 nakties stebukl\u0105\u201c - Vilnius film office\",\"isPartOf\":{\"@id\":\"https:\\\/\\\/filmvilnius.com\\\/#website\"},\"primaryImageOfPage\":{\"@id\":\"https:\\\/\\\/filmvilnius.com\\\/lt\\\/vilniuje-filmuojamas-vokietijos-kureju-filmas-tai-istorija-apie-tikra-kaledu-nakties-stebukla\\\/#primaryimage\"},\"image\":{\"@id\":\"https:\\\/\\\/filmvilnius.com\\\/lt\\\/vilniuje-filmuojamas-vokietijos-kureju-filmas-tai-istorija-apie-tikra-kaledu-nakties-stebukla\\\/#primaryimage\"},\"thumbnailUrl\":\"https:\\\/\\\/filmvilnius.com\\\/wp-content\\\/uploads\\\/2024\\\/11\\\/JevoW-b-.jpeg\",\"datePublished\":\"2024-11-28T08:06:21+00:00\",\"dateModified\":\"2026-04-28T07:01:13+00:00\",\"breadcrumb\":{\"@id\":\"https:\\\/\\\/filmvilnius.com\\\/lt\\\/vilniuje-filmuojamas-vokietijos-kureju-filmas-tai-istorija-apie-tikra-kaledu-nakties-stebukla\\\/#breadcrumb\"},\"inLanguage\":\"lt-LT\",\"potentialAction\":[{\"@type\":\"ReadAction\",\"target\":[\"https:\\\/\\\/filmvilnius.com\\\/lt\\\/vilniuje-filmuojamas-vokietijos-kureju-filmas-tai-istorija-apie-tikra-kaledu-nakties-stebukla\\\/\"]}]},{\"@type\":\"ImageObject\",\"inLanguage\":\"lt-LT\",\"@id\":\"https:\\\/\\\/filmvilnius.com\\\/lt\\\/vilniuje-filmuojamas-vokietijos-kureju-filmas-tai-istorija-apie-tikra-kaledu-nakties-stebukla\\\/#primaryimage\",\"url\":\"https:\\\/\\\/filmvilnius.com\\\/wp-content\\\/uploads\\\/2024\\\/11\\\/JevoW-b-.jpeg\",\"contentUrl\":\"https:\\\/\\\/filmvilnius.com\\\/wp-content\\\/uploads\\\/2024\\\/11\\\/JevoW-b-.jpeg\",\"width\":2500,\"height\":1665},{\"@type\":\"BreadcrumbList\",\"@id\":\"https:\\\/\\\/filmvilnius.com\\\/lt\\\/vilniuje-filmuojamas-vokietijos-kureju-filmas-tai-istorija-apie-tikra-kaledu-nakties-stebukla\\\/#breadcrumb\",\"itemListElement\":[{\"@type\":\"ListItem\",\"position\":1,\"name\":\"Home\",\"item\":\"https:\\\/\\\/filmvilnius.com\\\/lt\\\/\"},{\"@type\":\"ListItem\",\"position\":2,\"name\":\"Vilniuje filmuojamas Vokietijos k\u016br\u0117j\u0173 filmas: \u201eTai \u2013 istorija apie tikr\u0105 Kal\u0117d\u0173 nakties stebukl\u0105\u201c\"}]},{\"@type\":\"WebSite\",\"@id\":\"https:\\\/\\\/filmvilnius.com\\\/#website\",\"url\":\"https:\\\/\\\/filmvilnius.com\\\/\",\"name\":\"Vilnius film office\",\"description\":\"\",\"publisher\":{\"@id\":\"https:\\\/\\\/filmvilnius.com\\\/#organization\"},\"potentialAction\":[{\"@type\":\"SearchAction\",\"target\":{\"@type\":\"EntryPoint\",\"urlTemplate\":\"https:\\\/\\\/filmvilnius.com\\\/?s={search_term_string}\"},\"query-input\":{\"@type\":\"PropertyValueSpecification\",\"valueRequired\":true,\"valueName\":\"search_term_string\"}}],\"inLanguage\":\"lt-LT\"},{\"@type\":\"Organization\",\"@id\":\"https:\\\/\\\/filmvilnius.com\\\/#organization\",\"name\":\"Vilniaus kino biuras\",\"url\":\"https:\\\/\\\/filmvilnius.com\\\/\",\"logo\":{\"@type\":\"ImageObject\",\"inLanguage\":\"lt-LT\",\"@id\":\"https:\\\/\\\/filmvilnius.com\\\/#\\\/schema\\\/logo\\\/image\\\/\",\"url\":\"https:\\\/\\\/filmvilnius.com\\\/wp-content\\\/uploads\\\/2022\\\/12\\\/VKB-Logo-2022-EN-2-V.jpg\",\"contentUrl\":\"https:\\\/\\\/filmvilnius.com\\\/wp-content\\\/uploads\\\/2022\\\/12\\\/VKB-Logo-2022-EN-2-V.jpg\",\"width\":1419,\"height\":1418,\"caption\":\"Vilniaus kino biuras\"},\"image\":{\"@id\":\"https:\\\/\\\/filmvilnius.com\\\/#\\\/schema\\\/logo\\\/image\\\/\"},\"sameAs\":[\"https:\\\/\\\/www.facebook.com\\\/filmvilnius\",\"https:\\\/\\\/x.com\\\/FilmVilnius\",\"https:\\\/\\\/www.instagram.com\\\/filmvilnius\\\/\"]},{\"@type\":\"Person\",\"@id\":\"https:\\\/\\\/filmvilnius.com\\\/#\\\/schema\\\/person\\\/8572c7f289890809bfa364d48f8dded5\",\"name\":\"Vilnius Film Office\",\"image\":{\"@type\":\"ImageObject\",\"inLanguage\":\"lt-LT\",\"@id\":\"https:\\\/\\\/secure.gravatar.com\\\/avatar\\\/2f93c625b891dbd84735ed1bd75819d698625d4c37369c60acab5f321b22fbb2?s=96&d=mm&r=g\",\"url\":\"https:\\\/\\\/secure.gravatar.com\\\/avatar\\\/2f93c625b891dbd84735ed1bd75819d698625d4c37369c60acab5f321b22fbb2?s=96&d=mm&r=g\",\"contentUrl\":\"https:\\\/\\\/secure.gravatar.com\\\/avatar\\\/2f93c625b891dbd84735ed1bd75819d698625d4c37369c60acab5f321b22fbb2?s=96&d=mm&r=g\",\"caption\":\"Vilnius Film Office\"},\"url\":\"https:\\\/\\\/filmvilnius.com\\\/lt\\\/author\\\/ce5c1052f3e77e32\\\/\"}]}<\/script>\n<!-- \/ Yoast SEO plugin. -->","yoast_head_json":{"title":"Vilniuje filmuojamas Vokietijos k\u016br\u0117j\u0173 filmas: \u201eTai \u2013 istorija apie tikr\u0105 Kal\u0117d\u0173 nakties stebukl\u0105\u201c - Vilnius film office","robots":{"index":"index","follow":"follow","max-snippet":"max-snippet:-1","max-image-preview":"max-image-preview:large","max-video-preview":"max-video-preview:-1"},"canonical":"https:\/\/filmvilnius.com\/lt\/vilniuje-filmuojamas-vokietijos-kureju-filmas-tai-istorija-apie-tikra-kaledu-nakties-stebukla\/","og_locale":"lt_LT","og_type":"article","og_title":"Vilniuje filmuojamas Vokietijos k\u016br\u0117j\u0173 filmas: \u201eTai \u2013 istorija apie tikr\u0105 Kal\u0117d\u0173 nakties stebukl\u0105\u201c - Vilnius film office","og_description":"Nors iki Kal\u0117d\u0173 \u2013 dar m\u0117nesis, \u012fvairios Vilniaus lokacijos jau skendi \u0161ventin\u0117je atmosferoje. Sostin\u0117je filmuojamas Vokietijos visuomeniniam transliuotojui ZDF kuriamas filmas \u201eWeihnachten im Olymp\u201c, b\u016bsimus \u017ei\u016brovus nukelsiantis \u012f kal\u0117din\u012f laikotarp\u012f.&nbsp; \u201e\u0160is filmas \u2013 apie tikr\u0105 Kal\u0117d\u0173 nakties stebukl\u0105\u201c , \u2013 apie filmo scenarij\u0173 pasakoja k\u016brybin\u0117 komanda. Kal\u0117d\u0173 nakt\u012f prabangiame prekybos centre \u201eOlymp\u201c po darbo valand\u0173 [&hellip;]","og_url":"https:\/\/filmvilnius.com\/lt\/vilniuje-filmuojamas-vokietijos-kureju-filmas-tai-istorija-apie-tikra-kaledu-nakties-stebukla\/","og_site_name":"Vilnius film office","article_publisher":"https:\/\/www.facebook.com\/filmvilnius","article_published_time":"2024-11-28T08:06:21+00:00","article_modified_time":"2026-04-28T07:01:13+00:00","og_image":[{"width":2500,"height":1665,"url":"https:\/\/filmvilnius.com\/wp-content\/uploads\/2024\/11\/JevoW-b-.jpeg","type":"image\/jpeg"}],"author":"Vilnius Film Office","twitter_card":"summary_large_image","twitter_creator":"@FilmVilnius","twitter_site":"@FilmVilnius","twitter_misc":{"Written by":"Vilnius Film Office","Est. reading time":"3 minut\u0117s"},"schema":{"@context":"https:\/\/schema.org","@graph":[{"@type":"Article","@id":"https:\/\/filmvilnius.com\/lt\/vilniuje-filmuojamas-vokietijos-kureju-filmas-tai-istorija-apie-tikra-kaledu-nakties-stebukla\/#article","isPartOf":{"@id":"https:\/\/filmvilnius.com\/lt\/vilniuje-filmuojamas-vokietijos-kureju-filmas-tai-istorija-apie-tikra-kaledu-nakties-stebukla\/"},"author":{"name":"Vilnius Film Office","@id":"https:\/\/filmvilnius.com\/#\/schema\/person\/8572c7f289890809bfa364d48f8dded5"},"headline":"Vilniuje filmuojamas Vokietijos k\u016br\u0117j\u0173 filmas: \u201eTai \u2013 istorija apie tikr\u0105 Kal\u0117d\u0173 nakties stebukl\u0105\u201c","datePublished":"2024-11-28T08:06:21+00:00","dateModified":"2026-04-28T07:01:13+00:00","mainEntityOfPage":{"@id":"https:\/\/filmvilnius.com\/lt\/vilniuje-filmuojamas-vokietijos-kureju-filmas-tai-istorija-apie-tikra-kaledu-nakties-stebukla\/"},"wordCount":607,"publisher":{"@id":"https:\/\/filmvilnius.com\/#organization"},"image":{"@id":"https:\/\/filmvilnius.com\/lt\/vilniuje-filmuojamas-vokietijos-kureju-filmas-tai-istorija-apie-tikra-kaledu-nakties-stebukla\/#primaryimage"},"thumbnailUrl":"https:\/\/filmvilnius.com\/wp-content\/uploads\/2024\/11\/JevoW-b-.jpeg","articleSection":["Filmavimai Vilniuje","Naujienos"],"inLanguage":"lt-LT"},{"@type":"WebPage","@id":"https:\/\/filmvilnius.com\/lt\/vilniuje-filmuojamas-vokietijos-kureju-filmas-tai-istorija-apie-tikra-kaledu-nakties-stebukla\/","url":"https:\/\/filmvilnius.com\/lt\/vilniuje-filmuojamas-vokietijos-kureju-filmas-tai-istorija-apie-tikra-kaledu-nakties-stebukla\/","name":"Vilniuje filmuojamas Vokietijos k\u016br\u0117j\u0173 filmas: \u201eTai \u2013 istorija apie tikr\u0105 Kal\u0117d\u0173 nakties stebukl\u0105\u201c - Vilnius film office","isPartOf":{"@id":"https:\/\/filmvilnius.com\/#website"},"primaryImageOfPage":{"@id":"https:\/\/filmvilnius.com\/lt\/vilniuje-filmuojamas-vokietijos-kureju-filmas-tai-istorija-apie-tikra-kaledu-nakties-stebukla\/#primaryimage"},"image":{"@id":"https:\/\/filmvilnius.com\/lt\/vilniuje-filmuojamas-vokietijos-kureju-filmas-tai-istorija-apie-tikra-kaledu-nakties-stebukla\/#primaryimage"},"thumbnailUrl":"https:\/\/filmvilnius.com\/wp-content\/uploads\/2024\/11\/JevoW-b-.jpeg","datePublished":"2024-11-28T08:06:21+00:00","dateModified":"2026-04-28T07:01:13+00:00","breadcrumb":{"@id":"https:\/\/filmvilnius.com\/lt\/vilniuje-filmuojamas-vokietijos-kureju-filmas-tai-istorija-apie-tikra-kaledu-nakties-stebukla\/#breadcrumb"},"inLanguage":"lt-LT","potentialAction":[{"@type":"ReadAction","target":["https:\/\/filmvilnius.com\/lt\/vilniuje-filmuojamas-vokietijos-kureju-filmas-tai-istorija-apie-tikra-kaledu-nakties-stebukla\/"]}]},{"@type":"ImageObject","inLanguage":"lt-LT","@id":"https:\/\/filmvilnius.com\/lt\/vilniuje-filmuojamas-vokietijos-kureju-filmas-tai-istorija-apie-tikra-kaledu-nakties-stebukla\/#primaryimage","url":"https:\/\/filmvilnius.com\/wp-content\/uploads\/2024\/11\/JevoW-b-.jpeg","contentUrl":"https:\/\/filmvilnius.com\/wp-content\/uploads\/2024\/11\/JevoW-b-.jpeg","width":2500,"height":1665},{"@type":"BreadcrumbList","@id":"https:\/\/filmvilnius.com\/lt\/vilniuje-filmuojamas-vokietijos-kureju-filmas-tai-istorija-apie-tikra-kaledu-nakties-stebukla\/#breadcrumb","itemListElement":[{"@type":"ListItem","position":1,"name":"Home","item":"https:\/\/filmvilnius.com\/lt\/"},{"@type":"ListItem","position":2,"name":"Vilniuje filmuojamas Vokietijos k\u016br\u0117j\u0173 filmas: \u201eTai \u2013 istorija apie tikr\u0105 Kal\u0117d\u0173 nakties stebukl\u0105\u201c"}]},{"@type":"WebSite","@id":"https:\/\/filmvilnius.com\/#website","url":"https:\/\/filmvilnius.com\/","name":"Vilnius film office","description":"","publisher":{"@id":"https:\/\/filmvilnius.com\/#organization"},"potentialAction":[{"@type":"SearchAction","target":{"@type":"EntryPoint","urlTemplate":"https:\/\/filmvilnius.com\/?s={search_term_string}"},"query-input":{"@type":"PropertyValueSpecification","valueRequired":true,"valueName":"search_term_string"}}],"inLanguage":"lt-LT"},{"@type":"Organization","@id":"https:\/\/filmvilnius.com\/#organization","name":"Vilniaus kino biuras","url":"https:\/\/filmvilnius.com\/","logo":{"@type":"ImageObject","inLanguage":"lt-LT","@id":"https:\/\/filmvilnius.com\/#\/schema\/logo\/image\/","url":"https:\/\/filmvilnius.com\/wp-content\/uploads\/2022\/12\/VKB-Logo-2022-EN-2-V.jpg","contentUrl":"https:\/\/filmvilnius.com\/wp-content\/uploads\/2022\/12\/VKB-Logo-2022-EN-2-V.jpg","width":1419,"height":1418,"caption":"Vilniaus kino biuras"},"image":{"@id":"https:\/\/filmvilnius.com\/#\/schema\/logo\/image\/"},"sameAs":["https:\/\/www.facebook.com\/filmvilnius","https:\/\/x.com\/FilmVilnius","https:\/\/www.instagram.com\/filmvilnius\/"]},{"@type":"Person","@id":"https:\/\/filmvilnius.com\/#\/schema\/person\/8572c7f289890809bfa364d48f8dded5","name":"Vilnius Film Office","image":{"@type":"ImageObject","inLanguage":"lt-LT","@id":"https:\/\/secure.gravatar.com\/avatar\/2f93c625b891dbd84735ed1bd75819d698625d4c37369c60acab5f321b22fbb2?s=96&d=mm&r=g","url":"https:\/\/secure.gravatar.com\/avatar\/2f93c625b891dbd84735ed1bd75819d698625d4c37369c60acab5f321b22fbb2?s=96&d=mm&r=g","contentUrl":"https:\/\/secure.gravatar.com\/avatar\/2f93c625b891dbd84735ed1bd75819d698625d4c37369c60acab5f321b22fbb2?s=96&d=mm&r=g","caption":"Vilnius Film Office"},"url":"https:\/\/filmvilnius.com\/lt\/author\/ce5c1052f3e77e32\/"}]}},"_links":{"self":[{"href":"https:\/\/filmvilnius.com\/lt\/wp-json\/wp\/v2\/posts\/26344","targetHints":{"allow":["GET"]}}],"collection":[{"href":"https:\/\/filmvilnius.com\/lt\/wp-json\/wp\/v2\/posts"}],"about":[{"href":"https:\/\/filmvilnius.com\/lt\/wp-json\/wp\/v2\/types\/post"}],"author":[{"embeddable":true,"href":"https:\/\/filmvilnius.com\/lt\/wp-json\/wp\/v2\/users\/6"}],"replies":[{"embeddable":true,"href":"https:\/\/filmvilnius.com\/lt\/wp-json\/wp\/v2\/comments?post=26344"}],"version-history":[{"count":3,"href":"https:\/\/filmvilnius.com\/lt\/wp-json\/wp\/v2\/posts\/26344\/revisions"}],"predecessor-version":[{"id":26350,"href":"https:\/\/filmvilnius.com\/lt\/wp-json\/wp\/v2\/posts\/26344\/revisions\/26350"}],"wp:featuredmedia":[{"embeddable":true,"href":"https:\/\/filmvilnius.com\/lt\/wp-json\/wp\/v2\/media\/26345"}],"wp:attachment":[{"href":"https:\/\/filmvilnius.com\/lt\/wp-json\/wp\/v2\/media?parent=26344"}],"wp:term":[{"taxonomy":"category","embeddable":true,"href":"https:\/\/filmvilnius.com\/lt\/wp-json\/wp\/v2\/categories?post=26344"},{"taxonomy":"post_tag","embeddable":true,"href":"https:\/\/filmvilnius.com\/lt\/wp-json\/wp\/v2\/tags?post=26344"}],"curies":[{"name":"wp","href":"https:\/\/api.w.org\/{rel}","templated":true}]}}