{"id":26742,"date":"2025-01-09T12:03:40","date_gmt":"2025-01-09T12:03:40","guid":{"rendered":"https:\/\/filmvilnius.com\/?p=26742"},"modified":"2026-04-28T08:58:54","modified_gmt":"2026-04-28T06:58:54","slug":"vilniuje-prasideda-pirmieji-metu-filmavimai-kuriama-pasaulinio-prekes-zenklo-reklama","status":"publish","type":"post","link":"https:\/\/filmvilnius.com\/lt\/vilniuje-prasideda-pirmieji-metu-filmavimai-kuriama-pasaulinio-prekes-zenklo-reklama\/","title":{"rendered":"Vilniuje prasideda pirmieji met\u0173 filmavimai: kuriama pasaulinio prek\u0117s \u017eenklo reklama"},"content":{"rendered":"\n<p>Sostin\u0117s vie\u0161osiose erdv\u0117se prasideda pirmieji 2025-\u0173j\u0173 met\u0173 filmavimai. Mieste dirba reklamos k\u016br\u0117jai, filmuojantys pasaulinio prek\u0117s \u017eenklo klip\u0105. \u0160\u012fkart filmavimas vyks kino ir reklam\u0173 k\u016br\u0117j\u0173 pam\u0117gtoje vietoje \u2013 \u0160v. Dvasios gatv\u0117je.\u00a0<\/p>\n\n\n\n<p>Vilniaus kino biuras primena, kad pra\u0117jusiais metais Vilniaus vie\u0161osiose erdv\u0117se nufilmuota per 70 reklam\u0173, \u012fskaitant ir tokius \u017einomus prek\u0117s \u017eenklus kaip KFC, La Maaf, Meridian ir kt. Anot \u010dia dirban\u010di\u0173 reklam\u0173 k\u016br\u0117j\u0173, Vilnius traukia tiek d\u0117l lokacij\u0173, tiek d\u0117l \u010dia dirban\u010di\u0173 profesional\u0173 ir gyventoj\u0173 geranori\u0161kumo.<\/p>\n\n\n\n<p><strong>Vilniaus kino biuras informuoja apie filmavimo darbus mieste bei trumpalaikius eismo ribojimus:<\/strong><\/p>\n\n\n\n<p>Sausio 10 d. 8\u201320 val. filmavimai vyks \u0160v. Dvasios gatv\u0117je, 9\u201320 val. draud\u017eiant transporto priemoni\u0173 eism\u0105 nuo pastato A. Strazdelio g. 1 iki M. Dauk\u0161os gatv\u0117s. Nuo sausio 9 d. 19 val. iki sausio 10 d. 20 val. filmavimo reikm\u0117ms bus rezervuojamos 24 automobili\u0173 stov\u0117jimo vietos \u0160v. Dvasios gatv\u0117je.&nbsp;<\/p>\n\n\n\n<p><strong>Atsipra\u0161ome gyventoj\u0173 ir miesto sve\u010di\u0173 u\u017e laikinus nepatogumus. D\u0117kojame u\u017e supratingum\u0105!<\/strong><\/p>\n","protected":false},"excerpt":{"rendered":"<p>Sostin\u0117s vie\u0161osiose erdv\u0117se prasideda pirmieji 2025-\u0173j\u0173 met\u0173 filmavimai. Mieste dirba reklamos k\u016br\u0117jai, filmuojantys pasaulinio prek\u0117s \u017eenklo klip\u0105. \u0160\u012fkart filmavimas vyks kino ir reklam\u0173 k\u016br\u0117j\u0173 pam\u0117gtoje vietoje \u2013 \u0160v. Dvasios gatv\u0117je.\u00a0 Vilniaus kino biuras primena, kad pra\u0117jusiais metais Vilniaus vie\u0161osiose erdv\u0117se nufilmuota per 70 reklam\u0173, \u012fskaitant ir tokius \u017einomus prek\u0117s \u017eenklus kaip KFC, La Maaf, Meridian [&hellip;]<\/p>\n","protected":false},"author":6,"featured_media":26045,"comment_status":"closed","ping_status":"open","sticky":false,"template":"","format":"standard","meta":{"_acf_changed":false,"_monsterinsights_skip_tracking":false,"_monsterinsights_sitenote_active":false,"_monsterinsights_sitenote_note":"","_monsterinsights_sitenote_category":0,"footnotes":""},"categories":[160,58],"tags":[],"class_list":["post-26742","post","type-post","status-publish","format-standard","has-post-thumbnail","hentry","category-filmavimai-vilniuje","category-news"],"acf":[],"yoast_head":"<!-- This site is optimized with the Yoast SEO plugin v27.4 - https:\/\/yoast.com\/product\/yoast-seo-wordpress\/ -->\n<title>Vilniuje prasideda pirmieji met\u0173 filmavimai: kuriama pasaulinio prek\u0117s \u017eenklo reklama - Vilnius film office<\/title>\n<meta name=\"robots\" content=\"index, follow, max-snippet:-1, max-image-preview:large, max-video-preview:-1\" \/>\n<link rel=\"canonical\" href=\"https:\/\/filmvilnius.com\/lt\/vilniuje-prasideda-pirmieji-metu-filmavimai-kuriama-pasaulinio-prekes-zenklo-reklama\/\" \/>\n<meta property=\"og:locale\" content=\"lt_LT\" \/>\n<meta property=\"og:type\" content=\"article\" \/>\n<meta property=\"og:title\" content=\"Vilniuje prasideda pirmieji met\u0173 filmavimai: kuriama pasaulinio prek\u0117s \u017eenklo reklama - Vilnius film office\" \/>\n<meta property=\"og:description\" content=\"Sostin\u0117s vie\u0161osiose erdv\u0117se prasideda pirmieji 2025-\u0173j\u0173 met\u0173 filmavimai. Mieste dirba reklamos k\u016br\u0117jai, filmuojantys pasaulinio prek\u0117s \u017eenklo klip\u0105. \u0160\u012fkart filmavimas vyks kino ir reklam\u0173 k\u016br\u0117j\u0173 pam\u0117gtoje vietoje \u2013 \u0160v. Dvasios gatv\u0117je.\u00a0 Vilniaus kino biuras primena, kad pra\u0117jusiais metais Vilniaus vie\u0161osiose erdv\u0117se nufilmuota per 70 reklam\u0173, \u012fskaitant ir tokius \u017einomus prek\u0117s \u017eenklus kaip KFC, La Maaf, Meridian [&hellip;]\" \/>\n<meta property=\"og:url\" content=\"https:\/\/filmvilnius.com\/lt\/vilniuje-prasideda-pirmieji-metu-filmavimai-kuriama-pasaulinio-prekes-zenklo-reklama\/\" \/>\n<meta property=\"og:site_name\" content=\"Vilnius film office\" \/>\n<meta property=\"article:publisher\" content=\"https:\/\/www.facebook.com\/filmvilnius\" \/>\n<meta property=\"article:published_time\" content=\"2025-01-09T12:03:40+00:00\" \/>\n<meta property=\"article:modified_time\" content=\"2026-04-28T06:58:54+00:00\" \/>\n<meta property=\"og:image\" content=\"https:\/\/filmvilnius.com\/wp-content\/uploads\/2024\/09\/Sauliaus-Ziuros-nuotr-scaled.jpg\" \/>\n\t<meta property=\"og:image:width\" content=\"2560\" \/>\n\t<meta property=\"og:image:height\" content=\"1760\" \/>\n\t<meta property=\"og:image:type\" content=\"image\/jpeg\" \/>\n<meta name=\"author\" content=\"Vilnius Film Office\" \/>\n<meta name=\"twitter:card\" content=\"summary_large_image\" \/>\n<meta name=\"twitter:creator\" content=\"@FilmVilnius\" \/>\n<meta name=\"twitter:site\" content=\"@FilmVilnius\" \/>\n<meta name=\"twitter:label1\" content=\"Written by\" \/>\n\t<meta name=\"twitter:data1\" content=\"Vilnius Film Office\" \/>\n\t<meta name=\"twitter:label2\" content=\"Est. reading time\" \/>\n\t<meta name=\"twitter:data2\" content=\"1 minut\u0117\" \/>\n<script type=\"application\/ld+json\" class=\"yoast-schema-graph\">{\"@context\":\"https:\\\/\\\/schema.org\",\"@graph\":[{\"@type\":\"Article\",\"@id\":\"https:\\\/\\\/filmvilnius.com\\\/lt\\\/vilniuje-prasideda-pirmieji-metu-filmavimai-kuriama-pasaulinio-prekes-zenklo-reklama\\\/#article\",\"isPartOf\":{\"@id\":\"https:\\\/\\\/filmvilnius.com\\\/lt\\\/vilniuje-prasideda-pirmieji-metu-filmavimai-kuriama-pasaulinio-prekes-zenklo-reklama\\\/\"},\"author\":{\"name\":\"Vilnius Film Office\",\"@id\":\"https:\\\/\\\/filmvilnius.com\\\/#\\\/schema\\\/person\\\/8572c7f289890809bfa364d48f8dded5\"},\"headline\":\"Vilniuje prasideda pirmieji met\u0173 filmavimai: kuriama pasaulinio prek\u0117s \u017eenklo reklama\",\"datePublished\":\"2025-01-09T12:03:40+00:00\",\"dateModified\":\"2026-04-28T06:58:54+00:00\",\"mainEntityOfPage\":{\"@id\":\"https:\\\/\\\/filmvilnius.com\\\/lt\\\/vilniuje-prasideda-pirmieji-metu-filmavimai-kuriama-pasaulinio-prekes-zenklo-reklama\\\/\"},\"wordCount\":180,\"publisher\":{\"@id\":\"https:\\\/\\\/filmvilnius.com\\\/#organization\"},\"image\":{\"@id\":\"https:\\\/\\\/filmvilnius.com\\\/lt\\\/vilniuje-prasideda-pirmieji-metu-filmavimai-kuriama-pasaulinio-prekes-zenklo-reklama\\\/#primaryimage\"},\"thumbnailUrl\":\"https:\\\/\\\/filmvilnius.com\\\/wp-content\\\/uploads\\\/2024\\\/09\\\/Sauliaus-Ziuros-nuotr-scaled.jpg\",\"articleSection\":[\"Filmavimai Vilniuje\",\"Naujienos\"],\"inLanguage\":\"lt-LT\"},{\"@type\":\"WebPage\",\"@id\":\"https:\\\/\\\/filmvilnius.com\\\/lt\\\/vilniuje-prasideda-pirmieji-metu-filmavimai-kuriama-pasaulinio-prekes-zenklo-reklama\\\/\",\"url\":\"https:\\\/\\\/filmvilnius.com\\\/lt\\\/vilniuje-prasideda-pirmieji-metu-filmavimai-kuriama-pasaulinio-prekes-zenklo-reklama\\\/\",\"name\":\"Vilniuje prasideda pirmieji met\u0173 filmavimai: kuriama pasaulinio prek\u0117s \u017eenklo reklama - Vilnius film office\",\"isPartOf\":{\"@id\":\"https:\\\/\\\/filmvilnius.com\\\/#website\"},\"primaryImageOfPage\":{\"@id\":\"https:\\\/\\\/filmvilnius.com\\\/lt\\\/vilniuje-prasideda-pirmieji-metu-filmavimai-kuriama-pasaulinio-prekes-zenklo-reklama\\\/#primaryimage\"},\"image\":{\"@id\":\"https:\\\/\\\/filmvilnius.com\\\/lt\\\/vilniuje-prasideda-pirmieji-metu-filmavimai-kuriama-pasaulinio-prekes-zenklo-reklama\\\/#primaryimage\"},\"thumbnailUrl\":\"https:\\\/\\\/filmvilnius.com\\\/wp-content\\\/uploads\\\/2024\\\/09\\\/Sauliaus-Ziuros-nuotr-scaled.jpg\",\"datePublished\":\"2025-01-09T12:03:40+00:00\",\"dateModified\":\"2026-04-28T06:58:54+00:00\",\"breadcrumb\":{\"@id\":\"https:\\\/\\\/filmvilnius.com\\\/lt\\\/vilniuje-prasideda-pirmieji-metu-filmavimai-kuriama-pasaulinio-prekes-zenklo-reklama\\\/#breadcrumb\"},\"inLanguage\":\"lt-LT\",\"potentialAction\":[{\"@type\":\"ReadAction\",\"target\":[\"https:\\\/\\\/filmvilnius.com\\\/lt\\\/vilniuje-prasideda-pirmieji-metu-filmavimai-kuriama-pasaulinio-prekes-zenklo-reklama\\\/\"]}]},{\"@type\":\"ImageObject\",\"inLanguage\":\"lt-LT\",\"@id\":\"https:\\\/\\\/filmvilnius.com\\\/lt\\\/vilniuje-prasideda-pirmieji-metu-filmavimai-kuriama-pasaulinio-prekes-zenklo-reklama\\\/#primaryimage\",\"url\":\"https:\\\/\\\/filmvilnius.com\\\/wp-content\\\/uploads\\\/2024\\\/09\\\/Sauliaus-Ziuros-nuotr-scaled.jpg\",\"contentUrl\":\"https:\\\/\\\/filmvilnius.com\\\/wp-content\\\/uploads\\\/2024\\\/09\\\/Sauliaus-Ziuros-nuotr-scaled.jpg\",\"width\":2560,\"height\":1760},{\"@type\":\"BreadcrumbList\",\"@id\":\"https:\\\/\\\/filmvilnius.com\\\/lt\\\/vilniuje-prasideda-pirmieji-metu-filmavimai-kuriama-pasaulinio-prekes-zenklo-reklama\\\/#breadcrumb\",\"itemListElement\":[{\"@type\":\"ListItem\",\"position\":1,\"name\":\"Home\",\"item\":\"https:\\\/\\\/filmvilnius.com\\\/lt\\\/\"},{\"@type\":\"ListItem\",\"position\":2,\"name\":\"Vilniuje prasideda pirmieji met\u0173 filmavimai: kuriama pasaulinio prek\u0117s \u017eenklo reklama\"}]},{\"@type\":\"WebSite\",\"@id\":\"https:\\\/\\\/filmvilnius.com\\\/#website\",\"url\":\"https:\\\/\\\/filmvilnius.com\\\/\",\"name\":\"Vilnius film office\",\"description\":\"\",\"publisher\":{\"@id\":\"https:\\\/\\\/filmvilnius.com\\\/#organization\"},\"potentialAction\":[{\"@type\":\"SearchAction\",\"target\":{\"@type\":\"EntryPoint\",\"urlTemplate\":\"https:\\\/\\\/filmvilnius.com\\\/?s={search_term_string}\"},\"query-input\":{\"@type\":\"PropertyValueSpecification\",\"valueRequired\":true,\"valueName\":\"search_term_string\"}}],\"inLanguage\":\"lt-LT\"},{\"@type\":\"Organization\",\"@id\":\"https:\\\/\\\/filmvilnius.com\\\/#organization\",\"name\":\"Vilniaus kino biuras\",\"url\":\"https:\\\/\\\/filmvilnius.com\\\/\",\"logo\":{\"@type\":\"ImageObject\",\"inLanguage\":\"lt-LT\",\"@id\":\"https:\\\/\\\/filmvilnius.com\\\/#\\\/schema\\\/logo\\\/image\\\/\",\"url\":\"https:\\\/\\\/filmvilnius.com\\\/wp-content\\\/uploads\\\/2022\\\/12\\\/VKB-Logo-2022-EN-2-V.jpg\",\"contentUrl\":\"https:\\\/\\\/filmvilnius.com\\\/wp-content\\\/uploads\\\/2022\\\/12\\\/VKB-Logo-2022-EN-2-V.jpg\",\"width\":1419,\"height\":1418,\"caption\":\"Vilniaus kino biuras\"},\"image\":{\"@id\":\"https:\\\/\\\/filmvilnius.com\\\/#\\\/schema\\\/logo\\\/image\\\/\"},\"sameAs\":[\"https:\\\/\\\/www.facebook.com\\\/filmvilnius\",\"https:\\\/\\\/x.com\\\/FilmVilnius\",\"https:\\\/\\\/www.instagram.com\\\/filmvilnius\\\/\"]},{\"@type\":\"Person\",\"@id\":\"https:\\\/\\\/filmvilnius.com\\\/#\\\/schema\\\/person\\\/8572c7f289890809bfa364d48f8dded5\",\"name\":\"Vilnius Film Office\",\"image\":{\"@type\":\"ImageObject\",\"inLanguage\":\"lt-LT\",\"@id\":\"https:\\\/\\\/secure.gravatar.com\\\/avatar\\\/2f93c625b891dbd84735ed1bd75819d698625d4c37369c60acab5f321b22fbb2?s=96&d=mm&r=g\",\"url\":\"https:\\\/\\\/secure.gravatar.com\\\/avatar\\\/2f93c625b891dbd84735ed1bd75819d698625d4c37369c60acab5f321b22fbb2?s=96&d=mm&r=g\",\"contentUrl\":\"https:\\\/\\\/secure.gravatar.com\\\/avatar\\\/2f93c625b891dbd84735ed1bd75819d698625d4c37369c60acab5f321b22fbb2?s=96&d=mm&r=g\",\"caption\":\"Vilnius Film Office\"},\"url\":\"https:\\\/\\\/filmvilnius.com\\\/lt\\\/author\\\/ce5c1052f3e77e32\\\/\"}]}<\/script>\n<!-- \/ Yoast SEO plugin. -->","yoast_head_json":{"title":"Vilniuje prasideda pirmieji met\u0173 filmavimai: kuriama pasaulinio prek\u0117s \u017eenklo reklama - Vilnius film office","robots":{"index":"index","follow":"follow","max-snippet":"max-snippet:-1","max-image-preview":"max-image-preview:large","max-video-preview":"max-video-preview:-1"},"canonical":"https:\/\/filmvilnius.com\/lt\/vilniuje-prasideda-pirmieji-metu-filmavimai-kuriama-pasaulinio-prekes-zenklo-reklama\/","og_locale":"lt_LT","og_type":"article","og_title":"Vilniuje prasideda pirmieji met\u0173 filmavimai: kuriama pasaulinio prek\u0117s \u017eenklo reklama - Vilnius film office","og_description":"Sostin\u0117s vie\u0161osiose erdv\u0117se prasideda pirmieji 2025-\u0173j\u0173 met\u0173 filmavimai. Mieste dirba reklamos k\u016br\u0117jai, filmuojantys pasaulinio prek\u0117s \u017eenklo klip\u0105. \u0160\u012fkart filmavimas vyks kino ir reklam\u0173 k\u016br\u0117j\u0173 pam\u0117gtoje vietoje \u2013 \u0160v. Dvasios gatv\u0117je.\u00a0 Vilniaus kino biuras primena, kad pra\u0117jusiais metais Vilniaus vie\u0161osiose erdv\u0117se nufilmuota per 70 reklam\u0173, \u012fskaitant ir tokius \u017einomus prek\u0117s \u017eenklus kaip KFC, La Maaf, Meridian [&hellip;]","og_url":"https:\/\/filmvilnius.com\/lt\/vilniuje-prasideda-pirmieji-metu-filmavimai-kuriama-pasaulinio-prekes-zenklo-reklama\/","og_site_name":"Vilnius film office","article_publisher":"https:\/\/www.facebook.com\/filmvilnius","article_published_time":"2025-01-09T12:03:40+00:00","article_modified_time":"2026-04-28T06:58:54+00:00","og_image":[{"width":2560,"height":1760,"url":"https:\/\/filmvilnius.com\/wp-content\/uploads\/2024\/09\/Sauliaus-Ziuros-nuotr-scaled.jpg","type":"image\/jpeg"}],"author":"Vilnius Film Office","twitter_card":"summary_large_image","twitter_creator":"@FilmVilnius","twitter_site":"@FilmVilnius","twitter_misc":{"Written by":"Vilnius Film Office","Est. reading time":"1 minut\u0117"},"schema":{"@context":"https:\/\/schema.org","@graph":[{"@type":"Article","@id":"https:\/\/filmvilnius.com\/lt\/vilniuje-prasideda-pirmieji-metu-filmavimai-kuriama-pasaulinio-prekes-zenklo-reklama\/#article","isPartOf":{"@id":"https:\/\/filmvilnius.com\/lt\/vilniuje-prasideda-pirmieji-metu-filmavimai-kuriama-pasaulinio-prekes-zenklo-reklama\/"},"author":{"name":"Vilnius Film Office","@id":"https:\/\/filmvilnius.com\/#\/schema\/person\/8572c7f289890809bfa364d48f8dded5"},"headline":"Vilniuje prasideda pirmieji met\u0173 filmavimai: kuriama pasaulinio prek\u0117s \u017eenklo reklama","datePublished":"2025-01-09T12:03:40+00:00","dateModified":"2026-04-28T06:58:54+00:00","mainEntityOfPage":{"@id":"https:\/\/filmvilnius.com\/lt\/vilniuje-prasideda-pirmieji-metu-filmavimai-kuriama-pasaulinio-prekes-zenklo-reklama\/"},"wordCount":180,"publisher":{"@id":"https:\/\/filmvilnius.com\/#organization"},"image":{"@id":"https:\/\/filmvilnius.com\/lt\/vilniuje-prasideda-pirmieji-metu-filmavimai-kuriama-pasaulinio-prekes-zenklo-reklama\/#primaryimage"},"thumbnailUrl":"https:\/\/filmvilnius.com\/wp-content\/uploads\/2024\/09\/Sauliaus-Ziuros-nuotr-scaled.jpg","articleSection":["Filmavimai Vilniuje","Naujienos"],"inLanguage":"lt-LT"},{"@type":"WebPage","@id":"https:\/\/filmvilnius.com\/lt\/vilniuje-prasideda-pirmieji-metu-filmavimai-kuriama-pasaulinio-prekes-zenklo-reklama\/","url":"https:\/\/filmvilnius.com\/lt\/vilniuje-prasideda-pirmieji-metu-filmavimai-kuriama-pasaulinio-prekes-zenklo-reklama\/","name":"Vilniuje prasideda pirmieji met\u0173 filmavimai: kuriama pasaulinio prek\u0117s \u017eenklo reklama - Vilnius film office","isPartOf":{"@id":"https:\/\/filmvilnius.com\/#website"},"primaryImageOfPage":{"@id":"https:\/\/filmvilnius.com\/lt\/vilniuje-prasideda-pirmieji-metu-filmavimai-kuriama-pasaulinio-prekes-zenklo-reklama\/#primaryimage"},"image":{"@id":"https:\/\/filmvilnius.com\/lt\/vilniuje-prasideda-pirmieji-metu-filmavimai-kuriama-pasaulinio-prekes-zenklo-reklama\/#primaryimage"},"thumbnailUrl":"https:\/\/filmvilnius.com\/wp-content\/uploads\/2024\/09\/Sauliaus-Ziuros-nuotr-scaled.jpg","datePublished":"2025-01-09T12:03:40+00:00","dateModified":"2026-04-28T06:58:54+00:00","breadcrumb":{"@id":"https:\/\/filmvilnius.com\/lt\/vilniuje-prasideda-pirmieji-metu-filmavimai-kuriama-pasaulinio-prekes-zenklo-reklama\/#breadcrumb"},"inLanguage":"lt-LT","potentialAction":[{"@type":"ReadAction","target":["https:\/\/filmvilnius.com\/lt\/vilniuje-prasideda-pirmieji-metu-filmavimai-kuriama-pasaulinio-prekes-zenklo-reklama\/"]}]},{"@type":"ImageObject","inLanguage":"lt-LT","@id":"https:\/\/filmvilnius.com\/lt\/vilniuje-prasideda-pirmieji-metu-filmavimai-kuriama-pasaulinio-prekes-zenklo-reklama\/#primaryimage","url":"https:\/\/filmvilnius.com\/wp-content\/uploads\/2024\/09\/Sauliaus-Ziuros-nuotr-scaled.jpg","contentUrl":"https:\/\/filmvilnius.com\/wp-content\/uploads\/2024\/09\/Sauliaus-Ziuros-nuotr-scaled.jpg","width":2560,"height":1760},{"@type":"BreadcrumbList","@id":"https:\/\/filmvilnius.com\/lt\/vilniuje-prasideda-pirmieji-metu-filmavimai-kuriama-pasaulinio-prekes-zenklo-reklama\/#breadcrumb","itemListElement":[{"@type":"ListItem","position":1,"name":"Home","item":"https:\/\/filmvilnius.com\/lt\/"},{"@type":"ListItem","position":2,"name":"Vilniuje prasideda pirmieji met\u0173 filmavimai: kuriama pasaulinio prek\u0117s \u017eenklo reklama"}]},{"@type":"WebSite","@id":"https:\/\/filmvilnius.com\/#website","url":"https:\/\/filmvilnius.com\/","name":"Vilnius film office","description":"","publisher":{"@id":"https:\/\/filmvilnius.com\/#organization"},"potentialAction":[{"@type":"SearchAction","target":{"@type":"EntryPoint","urlTemplate":"https:\/\/filmvilnius.com\/?s={search_term_string}"},"query-input":{"@type":"PropertyValueSpecification","valueRequired":true,"valueName":"search_term_string"}}],"inLanguage":"lt-LT"},{"@type":"Organization","@id":"https:\/\/filmvilnius.com\/#organization","name":"Vilniaus kino biuras","url":"https:\/\/filmvilnius.com\/","logo":{"@type":"ImageObject","inLanguage":"lt-LT","@id":"https:\/\/filmvilnius.com\/#\/schema\/logo\/image\/","url":"https:\/\/filmvilnius.com\/wp-content\/uploads\/2022\/12\/VKB-Logo-2022-EN-2-V.jpg","contentUrl":"https:\/\/filmvilnius.com\/wp-content\/uploads\/2022\/12\/VKB-Logo-2022-EN-2-V.jpg","width":1419,"height":1418,"caption":"Vilniaus kino biuras"},"image":{"@id":"https:\/\/filmvilnius.com\/#\/schema\/logo\/image\/"},"sameAs":["https:\/\/www.facebook.com\/filmvilnius","https:\/\/x.com\/FilmVilnius","https:\/\/www.instagram.com\/filmvilnius\/"]},{"@type":"Person","@id":"https:\/\/filmvilnius.com\/#\/schema\/person\/8572c7f289890809bfa364d48f8dded5","name":"Vilnius Film Office","image":{"@type":"ImageObject","inLanguage":"lt-LT","@id":"https:\/\/secure.gravatar.com\/avatar\/2f93c625b891dbd84735ed1bd75819d698625d4c37369c60acab5f321b22fbb2?s=96&d=mm&r=g","url":"https:\/\/secure.gravatar.com\/avatar\/2f93c625b891dbd84735ed1bd75819d698625d4c37369c60acab5f321b22fbb2?s=96&d=mm&r=g","contentUrl":"https:\/\/secure.gravatar.com\/avatar\/2f93c625b891dbd84735ed1bd75819d698625d4c37369c60acab5f321b22fbb2?s=96&d=mm&r=g","caption":"Vilnius Film Office"},"url":"https:\/\/filmvilnius.com\/lt\/author\/ce5c1052f3e77e32\/"}]}},"_links":{"self":[{"href":"https:\/\/filmvilnius.com\/lt\/wp-json\/wp\/v2\/posts\/26742","targetHints":{"allow":["GET"]}}],"collection":[{"href":"https:\/\/filmvilnius.com\/lt\/wp-json\/wp\/v2\/posts"}],"about":[{"href":"https:\/\/filmvilnius.com\/lt\/wp-json\/wp\/v2\/types\/post"}],"author":[{"embeddable":true,"href":"https:\/\/filmvilnius.com\/lt\/wp-json\/wp\/v2\/users\/6"}],"replies":[{"embeddable":true,"href":"https:\/\/filmvilnius.com\/lt\/wp-json\/wp\/v2\/comments?post=26742"}],"version-history":[{"count":2,"href":"https:\/\/filmvilnius.com\/lt\/wp-json\/wp\/v2\/posts\/26742\/revisions"}],"predecessor-version":[{"id":26744,"href":"https:\/\/filmvilnius.com\/lt\/wp-json\/wp\/v2\/posts\/26742\/revisions\/26744"}],"wp:featuredmedia":[{"embeddable":true,"href":"https:\/\/filmvilnius.com\/lt\/wp-json\/wp\/v2\/media\/26045"}],"wp:attachment":[{"href":"https:\/\/filmvilnius.com\/lt\/wp-json\/wp\/v2\/media?parent=26742"}],"wp:term":[{"taxonomy":"category","embeddable":true,"href":"https:\/\/filmvilnius.com\/lt\/wp-json\/wp\/v2\/categories?post=26742"},{"taxonomy":"post_tag","embeddable":true,"href":"https:\/\/filmvilnius.com\/lt\/wp-json\/wp\/v2\/tags?post=26742"}],"curies":[{"name":"wp","href":"https:\/\/api.w.org\/{rel}","templated":true}]}}