{"id":26763,"date":"2025-01-14T11:22:01","date_gmt":"2025-01-14T11:22:01","guid":{"rendered":"https:\/\/filmvilnius.com\/?p=26763"},"modified":"2026-04-28T08:58:41","modified_gmt":"2026-04-28T06:58:41","slug":"30-asis-kino-pavasaris-atskleidzia-pirmaji-programos-filma","status":"publish","type":"post","link":"https:\/\/filmvilnius.com\/lt\/30-asis-kino-pavasaris-atskleidzia-pirmaji-programos-filma\/","title":{"rendered":"30-asis \u201eKino pavasaris\u201c atskleid\u017eia pirm\u0105j\u012f programos film\u0105"},"content":{"rendered":"\n<p><strong>Kovo 7-23 d. 30-\u0105j\u012f jubiliej\u0173 \u0161v\u0119siantis \u201eKino pavasaris\u201c \u0161iek tiek praskleid\u017eia \u0161iemetin\u0117s programos paslapties \u0161yd\u0105 ir skelbia pirm\u0105j\u012f film\u0105 \u2013 festivalyje \u012fvyks Lietuvoje itin laukiamo Saul\u0117s Bliuvait\u0117s filmo \u201eAkipl\u0117\u0161a\u201c nacionalin\u0117 premjera. \u0160is filmas d\u0117l pagrindinio prizo rungsis \u201eKino pavasario\u201c konkursin\u0117je programoje. \u012esp\u016bdingu pagrindiniu apdovanojimu presti\u017einiame Lokarno kino festivalyje i\u0161kart startav\u0119s ir Europos kino apdovanojimams nominuotas lietuv\u0117s re\u017eisier\u0117s debiutinis filmas pakeliui iki Lietuvos ekran\u0173 toliau skina tarptautinius prizus.<\/strong><\/p>\n\n\n\n<p>\u201eSaul\u0117s Bliuvait\u0117s prisistatymas pasauliui i\u0161kart su 4 apdovanojimais Lokarne, tarp j\u0173 \u2013 ir pagrindiniu \u201eAuksiniu leopardu\u201c \u2013 tapo istoriniu 2024-\u0173j\u0173 Lietuvos kino \u012fvykiu. I\u0161duosiu, kad m\u016bs\u0173 komanda \u201eAkipl\u0117\u0161a\u201c labai tik\u0117jo dar kai n\u0117 nebuvo paties filmo \u2013 vos perskai\u010diusi scenarij\u0173. O \u0161iandien, filmui t\u0119siant \u012fsp\u016bdingas keliones per pasaul\u012f, mes dar d\u017eiugiau patvirtiname tarp kino myl\u0117toj\u0173 sklandan\u010dius gandus \u2013 \u201eKino pavasario\u201c \u017ei\u016brovai pirmieji Lietuvoje i\u0161vys \u201eAkipl\u0117\u0161\u0105\u201c, \u2013 atskleid\u017eia festivalio vykdomasis direktorius Konradas Kazlauskas ir kvie\u010dia rezervuotis vietas pirmajame paskelbtame 30-ojo festivalio seanse.<\/p>\n\n\n\n<p>Nacionalin\u0117 \u201eAkipl\u0117\u0161os\u201c premjera \u201eKino pavasaryje\u201c \u012fvyks kovo 19 d., o \u0161ios \u017einios paskelbimo proga festivalis kartu su filmo k\u016br\u0117jais did\u017eiausiems kino myl\u0117tojams atskleid\u017eia dar dvi naujienas: akipl\u0117\u0161i\u0161k\u0105 <a href=\"https:\/\/www.youtube.com\/watch?v=rge4rnSxvts\" target=\"_blank\" rel=\"noreferrer noopener\">anons\u0105<\/a> ir galimyb\u0119 \u012fsigyti <a href=\"https:\/\/forumcinemas.lt\/event\/310653\/kp25_akipl%C4%97%C5%A1a\" target=\"_blank\" rel=\"noreferrer noopener\">pirmuosius bilietus<\/a> \u012f vien\u0105 laukiamiausi\u0173 \u0161i\u0173 met\u0173 lietuvi\u0173 film\u0173. Festivalio metu \u201eAkipl\u0117\u0161os\u201c seans\u0173 kiekis bus itin ribotas, o i\u0161kart po \u201eKino pavasario\u201c filmas t\u0119s kelion\u0119 per Lietuvos kino teatrus.<\/p>\n\n\n\n<p>\u201eLabai laukiu tos dienos, kai \u201eAkipl\u0117\u0161a\u201c pagaliau susitiks su Lietuvos \u017ei\u016brovais \u2013 \u0161is filmas juk vis\u0173 pirma buvo kurtas jiems. Labai nekantru sulaukti pirm\u0173j\u0173 \u012fsp\u016bd\u017ei\u0173 ir viliuosi, jog publika \u012fvertins savo forma ir turiniu ne visai \u201epatog\u0173\u201c film\u0105. D\u017eiaugiuosi, kad premjera \u012fvyks \u201eKino pavasaryje\u201c \u2013 festivalyje, kuriame kadaise prista\u010diau pat\u012f pirm\u0105j\u012f savo trumpametra\u017e\u012f film\u0105 ir per daugel\u012f met\u0173 atradau \u012fvairiausi\u0173 re\u017eisieri\u0173, kuri\u0173 k\u016bryb\u0105 seku iki \u0161iol\u201c, \u2013 sako re\u017eisier\u0117 Saul\u0117 Bliuvait\u0117.<\/p>\n\n\n\n<p>Filmas \u201eAkipl\u0117\u0161a\u201c pasakoja apie dvi \u012f paauglyst\u0119 \u017eengian\u010dias merginas, kurios svajoja i\u0161tr\u016bkti i\u0161 nykaus industrinio rajono. Kristina, i\u0161gyvenanti santyki\u0173 kriz\u0119 su t\u0117vu, nori tapti garsia manekene ir kuo grei\u010diau palikti namus. Marija, pritapti siekianti miestelio naujok\u0117, seka Kristinos p\u0117domis. Merginos dar ne\u017eino, k\u0105 joms pa\u010dioms rei\u0161kia gro\u017eis ir meil\u0117, tad vadovaujasi kiemo draug\u0173 suvokimais ir atkartoja tai, kas priimtina j\u0173 aplinkoje. O \u010dia \u2013 konkurencija, pavydas, pavojinga draugija ir geresnio gyvenimo pa\u017eadas, ver\u010diantis vis ekstremaliau \u017ealoti savo k\u016bn\u0105.<\/p>\n\n\n\n<p>\u201eAkipl\u0117\u0161a\u201c \u2013 debiutinis ilgametra\u017eis Saul\u0117s Bliuvait\u0117s filmas. Jos anks\u010diau sukurto trumpametra\u017eio dokumentinio filmo \u201eLimuzinas\u201c premjera \u012fvyko Niujorko Moderniojo meno muziejaus (MoMA) organizuojamame JAV kino festivalyje \u201eNew Directors \/ New Films\u201c, \u0161is filmas Var\u0161uvos kino festivalyje peln\u0117 geriausio trumpametra\u017eio dokumentinio filmo apdovanojim\u0105. Saul\u0117 Bliuvait\u0117 taip pat yra Europos kino apdovanojimuose nominuoto filmo \u201eIzaokas\u201c (re\u017e. Jurgis Matulevi\u010dius) scenarijaus bendraautor\u0117 ir viena i\u0161 monta\u017eo re\u017eisieri\u0173.<\/p>\n\n\n\n<p>Filme \u201eAkipl\u0117\u0161a\u201c pagrindinius vaidmenis suk\u016br\u0117 debiutuojan\u010dios aktor\u0117s Vesta Matulyt\u0117 ir Ieva Rupeikait\u0117, taip pat vaidino Giedrius Savickas, Egl\u0117 Gabr\u0117nait\u0117, Vilma Raubait\u0117. Operatorius: Vytautas Katkus, dailininkas: Paulius Ani\u010das, kompozitorius: Gediminas Jakubka, prodiuser\u0117: Giedr\u0117 Burokait\u0117, vykdan\u010dioji prodiuser\u0117: Just\u0117 Michailinait\u0117. Film\u0105 i\u0161 dalies finansavo Lietuvos kino centras. 30-asis Vilniaus miesto kino festivalis \u201eKino pavasaris\u201c vyks kovo 7-23 d. Festival\u012f i\u0161 dalies finansuoja Lietuvos kino centras, Vilniaus miesto savivaldyb\u0117, \u201eK\u016brybi\u0161ka Europa\u201c MEDIA. <\/p>\n","protected":false},"excerpt":{"rendered":"<p>Kovo 7-23 d. 30-\u0105j\u012f jubiliej\u0173 \u0161v\u0119siantis \u201eKino pavasaris\u201c \u0161iek tiek praskleid\u017eia \u0161iemetin\u0117s programos paslapties \u0161yd\u0105 ir skelbia pirm\u0105j\u012f film\u0105 \u2013 festivalyje \u012fvyks Lietuvoje itin laukiamo Saul\u0117s Bliuvait\u0117s filmo \u201eAkipl\u0117\u0161a\u201c nacionalin\u0117 premjera. \u0160is filmas d\u0117l pagrindinio prizo rungsis \u201eKino pavasario\u201c konkursin\u0117je programoje. \u012esp\u016bdingu pagrindiniu apdovanojimu presti\u017einiame Lokarno kino festivalyje i\u0161kart startav\u0119s ir Europos kino apdovanojimams nominuotas [&hellip;]<\/p>\n","protected":false},"author":6,"featured_media":26764,"comment_status":"closed","ping_status":"open","sticky":false,"template":"","format":"standard","meta":{"_acf_changed":false,"_monsterinsights_skip_tracking":false,"_monsterinsights_sitenote_active":false,"_monsterinsights_sitenote_note":"","_monsterinsights_sitenote_category":0,"footnotes":""},"categories":[155,58],"tags":[],"class_list":["post-26763","post","type-post","status-publish","format-standard","has-post-thumbnail","hentry","category-industrija-ir-renginiai","category-news"],"acf":[],"yoast_head":"<!-- This site is optimized with the Yoast SEO plugin v27.4 - https:\/\/yoast.com\/product\/yoast-seo-wordpress\/ -->\n<title>30-asis \u201eKino pavasaris\u201c atskleid\u017eia pirm\u0105j\u012f programos film\u0105 - Vilnius film office<\/title>\n<meta name=\"description\" content=\"Kovo 7-23 d. 30-\u0105j\u012f jubiliej\u0173 \u0161v\u0119siantis \u201eKino pavasaris\u201c \u0161iek tiek praskleid\u017eia \u0161iemetin\u0117s programos paslapties \u0161yd\u0105 ir skelbia pirm\u0105j\u012f film\u0105\" \/>\n<meta name=\"robots\" content=\"index, follow, max-snippet:-1, max-image-preview:large, max-video-preview:-1\" \/>\n<link rel=\"canonical\" href=\"https:\/\/filmvilnius.com\/lt\/30-asis-kino-pavasaris-atskleidzia-pirmaji-programos-filma\/\" \/>\n<meta property=\"og:locale\" content=\"lt_LT\" \/>\n<meta property=\"og:type\" content=\"article\" \/>\n<meta property=\"og:title\" content=\"30-asis \u201eKino pavasaris\u201c atskleid\u017eia pirm\u0105j\u012f programos film\u0105 - Vilnius film office\" \/>\n<meta property=\"og:description\" content=\"Kovo 7-23 d. 30-\u0105j\u012f jubiliej\u0173 \u0161v\u0119siantis \u201eKino pavasaris\u201c \u0161iek tiek praskleid\u017eia \u0161iemetin\u0117s programos paslapties \u0161yd\u0105 ir skelbia pirm\u0105j\u012f film\u0105\" \/>\n<meta property=\"og:url\" content=\"https:\/\/filmvilnius.com\/lt\/30-asis-kino-pavasaris-atskleidzia-pirmaji-programos-filma\/\" \/>\n<meta property=\"og:site_name\" content=\"Vilnius film office\" \/>\n<meta property=\"article:publisher\" content=\"https:\/\/www.facebook.com\/filmvilnius\" \/>\n<meta property=\"article:published_time\" content=\"2025-01-14T11:22:01+00:00\" \/>\n<meta property=\"article:modified_time\" content=\"2026-04-28T06:58:41+00:00\" \/>\n<meta property=\"og:image\" content=\"https:\/\/filmvilnius.com\/wp-content\/uploads\/2025\/01\/Gal3.jpg\" \/>\n\t<meta property=\"og:image:width\" content=\"1620\" \/>\n\t<meta property=\"og:image:height\" content=\"1080\" \/>\n\t<meta property=\"og:image:type\" content=\"image\/jpeg\" \/>\n<meta name=\"author\" content=\"Vilnius Film Office\" \/>\n<meta name=\"twitter:card\" content=\"summary_large_image\" \/>\n<meta name=\"twitter:creator\" content=\"@FilmVilnius\" \/>\n<meta name=\"twitter:site\" content=\"@FilmVilnius\" \/>\n<meta name=\"twitter:label1\" content=\"Written by\" \/>\n\t<meta name=\"twitter:data1\" content=\"Vilnius Film Office\" \/>\n\t<meta name=\"twitter:label2\" content=\"Est. reading time\" \/>\n\t<meta name=\"twitter:data2\" content=\"3 minut\u0117s\" \/>\n<script type=\"application\/ld+json\" class=\"yoast-schema-graph\">{\"@context\":\"https:\\\/\\\/schema.org\",\"@graph\":[{\"@type\":\"Article\",\"@id\":\"https:\\\/\\\/filmvilnius.com\\\/lt\\\/30-asis-kino-pavasaris-atskleidzia-pirmaji-programos-filma\\\/#article\",\"isPartOf\":{\"@id\":\"https:\\\/\\\/filmvilnius.com\\\/lt\\\/30-asis-kino-pavasaris-atskleidzia-pirmaji-programos-filma\\\/\"},\"author\":{\"name\":\"Vilnius Film Office\",\"@id\":\"https:\\\/\\\/filmvilnius.com\\\/#\\\/schema\\\/person\\\/8572c7f289890809bfa364d48f8dded5\"},\"headline\":\"30-asis \u201eKino pavasaris\u201c atskleid\u017eia pirm\u0105j\u012f programos film\u0105\",\"datePublished\":\"2025-01-14T11:22:01+00:00\",\"dateModified\":\"2026-04-28T06:58:41+00:00\",\"mainEntityOfPage\":{\"@id\":\"https:\\\/\\\/filmvilnius.com\\\/lt\\\/30-asis-kino-pavasaris-atskleidzia-pirmaji-programos-filma\\\/\"},\"wordCount\":572,\"publisher\":{\"@id\":\"https:\\\/\\\/filmvilnius.com\\\/#organization\"},\"image\":{\"@id\":\"https:\\\/\\\/filmvilnius.com\\\/lt\\\/30-asis-kino-pavasaris-atskleidzia-pirmaji-programos-filma\\\/#primaryimage\"},\"thumbnailUrl\":\"https:\\\/\\\/filmvilnius.com\\\/wp-content\\\/uploads\\\/2025\\\/01\\\/Gal3.jpg\",\"articleSection\":[\"Industrija ir renginiai\",\"Naujienos\"],\"inLanguage\":\"lt-LT\"},{\"@type\":\"WebPage\",\"@id\":\"https:\\\/\\\/filmvilnius.com\\\/lt\\\/30-asis-kino-pavasaris-atskleidzia-pirmaji-programos-filma\\\/\",\"url\":\"https:\\\/\\\/filmvilnius.com\\\/lt\\\/30-asis-kino-pavasaris-atskleidzia-pirmaji-programos-filma\\\/\",\"name\":\"30-asis \u201eKino pavasaris\u201c atskleid\u017eia pirm\u0105j\u012f programos film\u0105 - Vilnius film office\",\"isPartOf\":{\"@id\":\"https:\\\/\\\/filmvilnius.com\\\/#website\"},\"primaryImageOfPage\":{\"@id\":\"https:\\\/\\\/filmvilnius.com\\\/lt\\\/30-asis-kino-pavasaris-atskleidzia-pirmaji-programos-filma\\\/#primaryimage\"},\"image\":{\"@id\":\"https:\\\/\\\/filmvilnius.com\\\/lt\\\/30-asis-kino-pavasaris-atskleidzia-pirmaji-programos-filma\\\/#primaryimage\"},\"thumbnailUrl\":\"https:\\\/\\\/filmvilnius.com\\\/wp-content\\\/uploads\\\/2025\\\/01\\\/Gal3.jpg\",\"datePublished\":\"2025-01-14T11:22:01+00:00\",\"dateModified\":\"2026-04-28T06:58:41+00:00\",\"description\":\"Kovo 7-23 d. 30-\u0105j\u012f jubiliej\u0173 \u0161v\u0119siantis \u201eKino pavasaris\u201c \u0161iek tiek praskleid\u017eia \u0161iemetin\u0117s programos paslapties \u0161yd\u0105 ir skelbia pirm\u0105j\u012f film\u0105\",\"breadcrumb\":{\"@id\":\"https:\\\/\\\/filmvilnius.com\\\/lt\\\/30-asis-kino-pavasaris-atskleidzia-pirmaji-programos-filma\\\/#breadcrumb\"},\"inLanguage\":\"lt-LT\",\"potentialAction\":[{\"@type\":\"ReadAction\",\"target\":[\"https:\\\/\\\/filmvilnius.com\\\/lt\\\/30-asis-kino-pavasaris-atskleidzia-pirmaji-programos-filma\\\/\"]}]},{\"@type\":\"ImageObject\",\"inLanguage\":\"lt-LT\",\"@id\":\"https:\\\/\\\/filmvilnius.com\\\/lt\\\/30-asis-kino-pavasaris-atskleidzia-pirmaji-programos-filma\\\/#primaryimage\",\"url\":\"https:\\\/\\\/filmvilnius.com\\\/wp-content\\\/uploads\\\/2025\\\/01\\\/Gal3.jpg\",\"contentUrl\":\"https:\\\/\\\/filmvilnius.com\\\/wp-content\\\/uploads\\\/2025\\\/01\\\/Gal3.jpg\",\"width\":1620,\"height\":1080},{\"@type\":\"BreadcrumbList\",\"@id\":\"https:\\\/\\\/filmvilnius.com\\\/lt\\\/30-asis-kino-pavasaris-atskleidzia-pirmaji-programos-filma\\\/#breadcrumb\",\"itemListElement\":[{\"@type\":\"ListItem\",\"position\":1,\"name\":\"Home\",\"item\":\"https:\\\/\\\/filmvilnius.com\\\/lt\\\/\"},{\"@type\":\"ListItem\",\"position\":2,\"name\":\"30-asis \u201eKino pavasaris\u201c atskleid\u017eia pirm\u0105j\u012f programos film\u0105\"}]},{\"@type\":\"WebSite\",\"@id\":\"https:\\\/\\\/filmvilnius.com\\\/#website\",\"url\":\"https:\\\/\\\/filmvilnius.com\\\/\",\"name\":\"Vilnius film office\",\"description\":\"\",\"publisher\":{\"@id\":\"https:\\\/\\\/filmvilnius.com\\\/#organization\"},\"potentialAction\":[{\"@type\":\"SearchAction\",\"target\":{\"@type\":\"EntryPoint\",\"urlTemplate\":\"https:\\\/\\\/filmvilnius.com\\\/?s={search_term_string}\"},\"query-input\":{\"@type\":\"PropertyValueSpecification\",\"valueRequired\":true,\"valueName\":\"search_term_string\"}}],\"inLanguage\":\"lt-LT\"},{\"@type\":\"Organization\",\"@id\":\"https:\\\/\\\/filmvilnius.com\\\/#organization\",\"name\":\"Vilniaus kino biuras\",\"url\":\"https:\\\/\\\/filmvilnius.com\\\/\",\"logo\":{\"@type\":\"ImageObject\",\"inLanguage\":\"lt-LT\",\"@id\":\"https:\\\/\\\/filmvilnius.com\\\/#\\\/schema\\\/logo\\\/image\\\/\",\"url\":\"https:\\\/\\\/filmvilnius.com\\\/wp-content\\\/uploads\\\/2022\\\/12\\\/VKB-Logo-2022-EN-2-V.jpg\",\"contentUrl\":\"https:\\\/\\\/filmvilnius.com\\\/wp-content\\\/uploads\\\/2022\\\/12\\\/VKB-Logo-2022-EN-2-V.jpg\",\"width\":1419,\"height\":1418,\"caption\":\"Vilniaus kino biuras\"},\"image\":{\"@id\":\"https:\\\/\\\/filmvilnius.com\\\/#\\\/schema\\\/logo\\\/image\\\/\"},\"sameAs\":[\"https:\\\/\\\/www.facebook.com\\\/filmvilnius\",\"https:\\\/\\\/x.com\\\/FilmVilnius\",\"https:\\\/\\\/www.instagram.com\\\/filmvilnius\\\/\"]},{\"@type\":\"Person\",\"@id\":\"https:\\\/\\\/filmvilnius.com\\\/#\\\/schema\\\/person\\\/8572c7f289890809bfa364d48f8dded5\",\"name\":\"Vilnius Film Office\",\"image\":{\"@type\":\"ImageObject\",\"inLanguage\":\"lt-LT\",\"@id\":\"https:\\\/\\\/secure.gravatar.com\\\/avatar\\\/2f93c625b891dbd84735ed1bd75819d698625d4c37369c60acab5f321b22fbb2?s=96&d=mm&r=g\",\"url\":\"https:\\\/\\\/secure.gravatar.com\\\/avatar\\\/2f93c625b891dbd84735ed1bd75819d698625d4c37369c60acab5f321b22fbb2?s=96&d=mm&r=g\",\"contentUrl\":\"https:\\\/\\\/secure.gravatar.com\\\/avatar\\\/2f93c625b891dbd84735ed1bd75819d698625d4c37369c60acab5f321b22fbb2?s=96&d=mm&r=g\",\"caption\":\"Vilnius Film Office\"},\"url\":\"https:\\\/\\\/filmvilnius.com\\\/lt\\\/author\\\/ce5c1052f3e77e32\\\/\"}]}<\/script>\n<!-- \/ Yoast SEO plugin. -->","yoast_head_json":{"title":"30-asis \u201eKino pavasaris\u201c atskleid\u017eia pirm\u0105j\u012f programos film\u0105 - Vilnius film office","description":"Kovo 7-23 d. 30-\u0105j\u012f jubiliej\u0173 \u0161v\u0119siantis \u201eKino pavasaris\u201c \u0161iek tiek praskleid\u017eia \u0161iemetin\u0117s programos paslapties \u0161yd\u0105 ir skelbia pirm\u0105j\u012f film\u0105","robots":{"index":"index","follow":"follow","max-snippet":"max-snippet:-1","max-image-preview":"max-image-preview:large","max-video-preview":"max-video-preview:-1"},"canonical":"https:\/\/filmvilnius.com\/lt\/30-asis-kino-pavasaris-atskleidzia-pirmaji-programos-filma\/","og_locale":"lt_LT","og_type":"article","og_title":"30-asis \u201eKino pavasaris\u201c atskleid\u017eia pirm\u0105j\u012f programos film\u0105 - Vilnius film office","og_description":"Kovo 7-23 d. 30-\u0105j\u012f jubiliej\u0173 \u0161v\u0119siantis \u201eKino pavasaris\u201c \u0161iek tiek praskleid\u017eia \u0161iemetin\u0117s programos paslapties \u0161yd\u0105 ir skelbia pirm\u0105j\u012f film\u0105","og_url":"https:\/\/filmvilnius.com\/lt\/30-asis-kino-pavasaris-atskleidzia-pirmaji-programos-filma\/","og_site_name":"Vilnius film office","article_publisher":"https:\/\/www.facebook.com\/filmvilnius","article_published_time":"2025-01-14T11:22:01+00:00","article_modified_time":"2026-04-28T06:58:41+00:00","og_image":[{"width":1620,"height":1080,"url":"https:\/\/filmvilnius.com\/wp-content\/uploads\/2025\/01\/Gal3.jpg","type":"image\/jpeg"}],"author":"Vilnius Film Office","twitter_card":"summary_large_image","twitter_creator":"@FilmVilnius","twitter_site":"@FilmVilnius","twitter_misc":{"Written by":"Vilnius Film Office","Est. reading time":"3 minut\u0117s"},"schema":{"@context":"https:\/\/schema.org","@graph":[{"@type":"Article","@id":"https:\/\/filmvilnius.com\/lt\/30-asis-kino-pavasaris-atskleidzia-pirmaji-programos-filma\/#article","isPartOf":{"@id":"https:\/\/filmvilnius.com\/lt\/30-asis-kino-pavasaris-atskleidzia-pirmaji-programos-filma\/"},"author":{"name":"Vilnius Film Office","@id":"https:\/\/filmvilnius.com\/#\/schema\/person\/8572c7f289890809bfa364d48f8dded5"},"headline":"30-asis \u201eKino pavasaris\u201c atskleid\u017eia pirm\u0105j\u012f programos film\u0105","datePublished":"2025-01-14T11:22:01+00:00","dateModified":"2026-04-28T06:58:41+00:00","mainEntityOfPage":{"@id":"https:\/\/filmvilnius.com\/lt\/30-asis-kino-pavasaris-atskleidzia-pirmaji-programos-filma\/"},"wordCount":572,"publisher":{"@id":"https:\/\/filmvilnius.com\/#organization"},"image":{"@id":"https:\/\/filmvilnius.com\/lt\/30-asis-kino-pavasaris-atskleidzia-pirmaji-programos-filma\/#primaryimage"},"thumbnailUrl":"https:\/\/filmvilnius.com\/wp-content\/uploads\/2025\/01\/Gal3.jpg","articleSection":["Industrija ir renginiai","Naujienos"],"inLanguage":"lt-LT"},{"@type":"WebPage","@id":"https:\/\/filmvilnius.com\/lt\/30-asis-kino-pavasaris-atskleidzia-pirmaji-programos-filma\/","url":"https:\/\/filmvilnius.com\/lt\/30-asis-kino-pavasaris-atskleidzia-pirmaji-programos-filma\/","name":"30-asis \u201eKino pavasaris\u201c atskleid\u017eia pirm\u0105j\u012f programos film\u0105 - Vilnius film office","isPartOf":{"@id":"https:\/\/filmvilnius.com\/#website"},"primaryImageOfPage":{"@id":"https:\/\/filmvilnius.com\/lt\/30-asis-kino-pavasaris-atskleidzia-pirmaji-programos-filma\/#primaryimage"},"image":{"@id":"https:\/\/filmvilnius.com\/lt\/30-asis-kino-pavasaris-atskleidzia-pirmaji-programos-filma\/#primaryimage"},"thumbnailUrl":"https:\/\/filmvilnius.com\/wp-content\/uploads\/2025\/01\/Gal3.jpg","datePublished":"2025-01-14T11:22:01+00:00","dateModified":"2026-04-28T06:58:41+00:00","description":"Kovo 7-23 d. 30-\u0105j\u012f jubiliej\u0173 \u0161v\u0119siantis \u201eKino pavasaris\u201c \u0161iek tiek praskleid\u017eia \u0161iemetin\u0117s programos paslapties \u0161yd\u0105 ir skelbia pirm\u0105j\u012f film\u0105","breadcrumb":{"@id":"https:\/\/filmvilnius.com\/lt\/30-asis-kino-pavasaris-atskleidzia-pirmaji-programos-filma\/#breadcrumb"},"inLanguage":"lt-LT","potentialAction":[{"@type":"ReadAction","target":["https:\/\/filmvilnius.com\/lt\/30-asis-kino-pavasaris-atskleidzia-pirmaji-programos-filma\/"]}]},{"@type":"ImageObject","inLanguage":"lt-LT","@id":"https:\/\/filmvilnius.com\/lt\/30-asis-kino-pavasaris-atskleidzia-pirmaji-programos-filma\/#primaryimage","url":"https:\/\/filmvilnius.com\/wp-content\/uploads\/2025\/01\/Gal3.jpg","contentUrl":"https:\/\/filmvilnius.com\/wp-content\/uploads\/2025\/01\/Gal3.jpg","width":1620,"height":1080},{"@type":"BreadcrumbList","@id":"https:\/\/filmvilnius.com\/lt\/30-asis-kino-pavasaris-atskleidzia-pirmaji-programos-filma\/#breadcrumb","itemListElement":[{"@type":"ListItem","position":1,"name":"Home","item":"https:\/\/filmvilnius.com\/lt\/"},{"@type":"ListItem","position":2,"name":"30-asis \u201eKino pavasaris\u201c atskleid\u017eia pirm\u0105j\u012f programos film\u0105"}]},{"@type":"WebSite","@id":"https:\/\/filmvilnius.com\/#website","url":"https:\/\/filmvilnius.com\/","name":"Vilnius film office","description":"","publisher":{"@id":"https:\/\/filmvilnius.com\/#organization"},"potentialAction":[{"@type":"SearchAction","target":{"@type":"EntryPoint","urlTemplate":"https:\/\/filmvilnius.com\/?s={search_term_string}"},"query-input":{"@type":"PropertyValueSpecification","valueRequired":true,"valueName":"search_term_string"}}],"inLanguage":"lt-LT"},{"@type":"Organization","@id":"https:\/\/filmvilnius.com\/#organization","name":"Vilniaus kino biuras","url":"https:\/\/filmvilnius.com\/","logo":{"@type":"ImageObject","inLanguage":"lt-LT","@id":"https:\/\/filmvilnius.com\/#\/schema\/logo\/image\/","url":"https:\/\/filmvilnius.com\/wp-content\/uploads\/2022\/12\/VKB-Logo-2022-EN-2-V.jpg","contentUrl":"https:\/\/filmvilnius.com\/wp-content\/uploads\/2022\/12\/VKB-Logo-2022-EN-2-V.jpg","width":1419,"height":1418,"caption":"Vilniaus kino biuras"},"image":{"@id":"https:\/\/filmvilnius.com\/#\/schema\/logo\/image\/"},"sameAs":["https:\/\/www.facebook.com\/filmvilnius","https:\/\/x.com\/FilmVilnius","https:\/\/www.instagram.com\/filmvilnius\/"]},{"@type":"Person","@id":"https:\/\/filmvilnius.com\/#\/schema\/person\/8572c7f289890809bfa364d48f8dded5","name":"Vilnius Film Office","image":{"@type":"ImageObject","inLanguage":"lt-LT","@id":"https:\/\/secure.gravatar.com\/avatar\/2f93c625b891dbd84735ed1bd75819d698625d4c37369c60acab5f321b22fbb2?s=96&d=mm&r=g","url":"https:\/\/secure.gravatar.com\/avatar\/2f93c625b891dbd84735ed1bd75819d698625d4c37369c60acab5f321b22fbb2?s=96&d=mm&r=g","contentUrl":"https:\/\/secure.gravatar.com\/avatar\/2f93c625b891dbd84735ed1bd75819d698625d4c37369c60acab5f321b22fbb2?s=96&d=mm&r=g","caption":"Vilnius Film Office"},"url":"https:\/\/filmvilnius.com\/lt\/author\/ce5c1052f3e77e32\/"}]}},"_links":{"self":[{"href":"https:\/\/filmvilnius.com\/lt\/wp-json\/wp\/v2\/posts\/26763","targetHints":{"allow":["GET"]}}],"collection":[{"href":"https:\/\/filmvilnius.com\/lt\/wp-json\/wp\/v2\/posts"}],"about":[{"href":"https:\/\/filmvilnius.com\/lt\/wp-json\/wp\/v2\/types\/post"}],"author":[{"embeddable":true,"href":"https:\/\/filmvilnius.com\/lt\/wp-json\/wp\/v2\/users\/6"}],"replies":[{"embeddable":true,"href":"https:\/\/filmvilnius.com\/lt\/wp-json\/wp\/v2\/comments?post=26763"}],"version-history":[{"count":2,"href":"https:\/\/filmvilnius.com\/lt\/wp-json\/wp\/v2\/posts\/26763\/revisions"}],"predecessor-version":[{"id":26767,"href":"https:\/\/filmvilnius.com\/lt\/wp-json\/wp\/v2\/posts\/26763\/revisions\/26767"}],"wp:featuredmedia":[{"embeddable":true,"href":"https:\/\/filmvilnius.com\/lt\/wp-json\/wp\/v2\/media\/26764"}],"wp:attachment":[{"href":"https:\/\/filmvilnius.com\/lt\/wp-json\/wp\/v2\/media?parent=26763"}],"wp:term":[{"taxonomy":"category","embeddable":true,"href":"https:\/\/filmvilnius.com\/lt\/wp-json\/wp\/v2\/categories?post=26763"},{"taxonomy":"post_tag","embeddable":true,"href":"https:\/\/filmvilnius.com\/lt\/wp-json\/wp\/v2\/tags?post=26763"}],"curies":[{"name":"wp","href":"https:\/\/api.w.org\/{rel}","templated":true}]}}