{"id":26776,"date":"2025-01-16T10:39:46","date_gmt":"2025-01-16T10:39:46","guid":{"rendered":"https:\/\/filmvilnius.com\/?p=26776"},"modified":"2026-04-28T08:58:35","modified_gmt":"2026-04-28T06:58:35","slug":"vilniuje-filmuojamas-svedijos-bei-belgijos-bendros-gamybos-filmas-sudetingos-scenos-ir-vilniuje-nusileide-ateiviai","status":"publish","type":"post","link":"https:\/\/filmvilnius.com\/lt\/vilniuje-filmuojamas-svedijos-bei-belgijos-bendros-gamybos-filmas-sudetingos-scenos-ir-vilniuje-nusileide-ateiviai\/","title":{"rendered":"Vilniuje filmuojamas \u0160vedijos bei Belgijos bendros gamybos filmas: sud\u0117tingos scenos ir Vilniuje nusileid\u0119 ateiviai"},"content":{"rendered":"\n<p>Vilniuje t\u0119siasi ir gruod\u012f sostin\u0117je filmuoti prad\u0117tas \u0160vedijos bei Belgijos bendros gamybos TV serialas \u201eWe Come in Peace\u201c. Vilnius ekrane virsta chaoti\u0161ku Stokholmu, kuriame pasirodo paslaptingas NSO. Kol vyriausyb\u0117 bando suvaldyti kilusi\u0105 kriz\u0119 ir panik\u0105, visoje \u0161alyje pama\u017eu br\u0119sta s\u0105mokslo teorijos ir s\u0105my\u0161is, o ateivi\u0173 daug\u0117ja.&nbsp;<\/p>\n\n\n\n<p>Atkreipiame d\u0117mes\u012f, kad Giruli\u0173 mi\u0161ke bus filmuojamos smurto scenos, kuri\u0173 metu fillmo aktoriai \u2013 \u012fnir\u0161\u0119 gyventojai \u2013 \u017eygiuos per mi\u0161k\u0105, pasiry\u017e\u0119 i\u0161varyti jame \u012fsik\u016brusius ateivius. J\u0173 susir\u0117mimas su ateiviais prasid\u0117s netik\u0117ta ir intensyvia ataka, kurios metu \u012fsiplieks chaosas, prireiks paramedik\u0173 \u012fsiki\u0161imo. Filmavimo metu bus girdimi \u0161\u016bviai, i\u0161 viso dalyvaus 10 ateiviais perrengt\u0173 masuot\u0117s aktori\u0173, 30 masuot\u0117s aktori\u0173 vaidinan\u010di\u0173 kovotojus bei 6 pagrindiniai aktoriai.<\/p>\n\n\n\n<p>TV serial\u0105 Lietuvoje filmuoja beveik 200 kino profesional\u0173 komanda, daugiau nei pus\u0119 jos sudaro lietuviai. \u012edomu tai, kad b\u016btent Vilniuje filmuojamos scenos, kuriose pirm\u0105 kart\u0105 pastebimi ateiviai.\u00a0<\/p>\n\n\n\n<p><strong>Vilniaus kino biuras informuoja apie filmavimo darbus mieste bei trumpalaikius eismo ribojimus<\/strong><\/p>\n\n\n\n<p>Nuo sausio 19 d. 13 val. iki sausio 20 d. 19 val. Terminalo gatv\u0117s dalyje nuo&nbsp; Logistikos gatv\u0117s iki aklakelio draud\u017eiamas transporto priemoni\u0173 eismas;<\/p>\n\n\n\n<p>Nuo sausio 20 d. 10 val. iki sausio 21 d. 23.30 val. filmavimai vyks Giruli\u0173 mi\u0161ke, Baltyn\u0117s ir Taurup\u0117s gatvi\u0173 sankry\u017eoje, \u0161alia esan\u010diose \u017evyruotose aik\u0161tel\u0117se ir \u0161i\u0173 gatvi\u0173 \u0161alikel\u0117se bus statomas vaidybinis techninis transportas netrukdant transporto priemoni\u0173 eismo;<\/p>\n\n\n\n<p>Sausio 21 d. 10\u201323.30 val. filmavimai vyks draud\u017eiant Rojaus gatv\u0117s dalyje nuo Baltyn\u0117s&nbsp; gatv\u0117s, filmavimo metu bus draud\u017eiamas transporto priemoni\u0173 eism\u0105 (i\u0161skyrus gyventoj\u0173 transport\u0105).<\/p>\n\n\n\n<p><strong>Atsipra\u0161ome gyventoj\u0173 ir miesto sve\u010di\u0173 u\u017e laikinus nepatogumus. D\u0117kojame u\u017e supratingum\u0105!<\/strong><\/p>\n","protected":false},"excerpt":{"rendered":"<p>Vilniuje t\u0119siasi ir gruod\u012f sostin\u0117je filmuoti prad\u0117tas \u0160vedijos bei Belgijos bendros gamybos TV serialas \u201eWe Come in Peace\u201c. Vilnius ekrane virsta chaoti\u0161ku Stokholmu, kuriame pasirodo paslaptingas NSO. Kol vyriausyb\u0117 bando suvaldyti kilusi\u0105 kriz\u0119 ir panik\u0105, visoje \u0161alyje pama\u017eu br\u0119sta s\u0105mokslo teorijos ir s\u0105my\u0161is, o ateivi\u0173 daug\u0117ja.&nbsp; Atkreipiame d\u0117mes\u012f, kad Giruli\u0173 mi\u0161ke bus filmuojamos smurto scenos, [&hellip;]<\/p>\n","protected":false},"author":3,"featured_media":26777,"comment_status":"closed","ping_status":"open","sticky":false,"template":"","format":"standard","meta":{"_acf_changed":false,"_monsterinsights_skip_tracking":false,"_monsterinsights_sitenote_active":false,"_monsterinsights_sitenote_note":"","_monsterinsights_sitenote_category":0,"footnotes":""},"categories":[160,58],"tags":[],"class_list":["post-26776","post","type-post","status-publish","format-standard","has-post-thumbnail","hentry","category-filmavimai-vilniuje","category-news"],"acf":[],"yoast_head":"<!-- This site is optimized with the Yoast SEO plugin v27.4 - https:\/\/yoast.com\/product\/yoast-seo-wordpress\/ -->\n<title>Vilniuje filmuojamas \u0160vedijos bei Belgijos bendros gamybos filmas: sud\u0117tingos scenos ir Vilniuje nusileid\u0119 ateiviai - Vilnius film office<\/title>\n<meta name=\"robots\" content=\"index, follow, max-snippet:-1, max-image-preview:large, max-video-preview:-1\" \/>\n<link rel=\"canonical\" href=\"https:\/\/filmvilnius.com\/lt\/vilniuje-filmuojamas-svedijos-bei-belgijos-bendros-gamybos-filmas-sudetingos-scenos-ir-vilniuje-nusileide-ateiviai\/\" \/>\n<meta property=\"og:locale\" content=\"lt_LT\" \/>\n<meta property=\"og:type\" content=\"article\" \/>\n<meta property=\"og:title\" content=\"Vilniuje filmuojamas \u0160vedijos bei Belgijos bendros gamybos filmas: sud\u0117tingos scenos ir Vilniuje nusileid\u0119 ateiviai - Vilnius film office\" \/>\n<meta property=\"og:description\" content=\"Vilniuje t\u0119siasi ir gruod\u012f sostin\u0117je filmuoti prad\u0117tas \u0160vedijos bei Belgijos bendros gamybos TV serialas \u201eWe Come in Peace\u201c. Vilnius ekrane virsta chaoti\u0161ku Stokholmu, kuriame pasirodo paslaptingas NSO. Kol vyriausyb\u0117 bando suvaldyti kilusi\u0105 kriz\u0119 ir panik\u0105, visoje \u0161alyje pama\u017eu br\u0119sta s\u0105mokslo teorijos ir s\u0105my\u0161is, o ateivi\u0173 daug\u0117ja.&nbsp; Atkreipiame d\u0117mes\u012f, kad Giruli\u0173 mi\u0161ke bus filmuojamos smurto scenos, [&hellip;]\" \/>\n<meta property=\"og:url\" content=\"https:\/\/filmvilnius.com\/lt\/vilniuje-filmuojamas-svedijos-bei-belgijos-bendros-gamybos-filmas-sudetingos-scenos-ir-vilniuje-nusileide-ateiviai\/\" \/>\n<meta property=\"og:site_name\" content=\"Vilnius film office\" \/>\n<meta property=\"article:publisher\" content=\"https:\/\/www.facebook.com\/filmvilnius\" \/>\n<meta property=\"article:published_time\" content=\"2025-01-16T10:39:46+00:00\" \/>\n<meta property=\"article:modified_time\" content=\"2026-04-28T06:58:35+00:00\" \/>\n<meta property=\"og:image\" content=\"https:\/\/filmvilnius.com\/wp-content\/uploads\/2025\/01\/zalieji-ezerai-ziema-3.jpg\" \/>\n\t<meta property=\"og:image:width\" content=\"1200\" \/>\n\t<meta property=\"og:image:height\" content=\"800\" \/>\n\t<meta property=\"og:image:type\" content=\"image\/jpeg\" \/>\n<meta name=\"author\" content=\"Vilniaus kino biuras\" \/>\n<meta name=\"twitter:card\" content=\"summary_large_image\" \/>\n<meta name=\"twitter:creator\" content=\"@FilmVilnius\" \/>\n<meta name=\"twitter:site\" content=\"@FilmVilnius\" \/>\n<meta name=\"twitter:label1\" content=\"Written by\" \/>\n\t<meta name=\"twitter:data1\" content=\"Vilniaus kino biuras\" \/>\n\t<meta name=\"twitter:label2\" content=\"Est. reading time\" \/>\n\t<meta name=\"twitter:data2\" content=\"2 minut\u0117s\" \/>\n<script type=\"application\/ld+json\" class=\"yoast-schema-graph\">{\"@context\":\"https:\\\/\\\/schema.org\",\"@graph\":[{\"@type\":\"Article\",\"@id\":\"https:\\\/\\\/filmvilnius.com\\\/lt\\\/vilniuje-filmuojamas-svedijos-bei-belgijos-bendros-gamybos-filmas-sudetingos-scenos-ir-vilniuje-nusileide-ateiviai\\\/#article\",\"isPartOf\":{\"@id\":\"https:\\\/\\\/filmvilnius.com\\\/lt\\\/vilniuje-filmuojamas-svedijos-bei-belgijos-bendros-gamybos-filmas-sudetingos-scenos-ir-vilniuje-nusileide-ateiviai\\\/\"},\"author\":{\"name\":\"Vilniaus kino biuras\",\"@id\":\"https:\\\/\\\/filmvilnius.com\\\/#\\\/schema\\\/person\\\/8b5cdb3983bdc74eeb47d664a07e8a7c\"},\"headline\":\"Vilniuje filmuojamas \u0160vedijos bei Belgijos bendros gamybos filmas: sud\u0117tingos scenos ir Vilniuje nusileid\u0119 ateiviai\",\"datePublished\":\"2025-01-16T10:39:46+00:00\",\"dateModified\":\"2026-04-28T06:58:35+00:00\",\"mainEntityOfPage\":{\"@id\":\"https:\\\/\\\/filmvilnius.com\\\/lt\\\/vilniuje-filmuojamas-svedijos-bei-belgijos-bendros-gamybos-filmas-sudetingos-scenos-ir-vilniuje-nusileide-ateiviai\\\/\"},\"wordCount\":290,\"publisher\":{\"@id\":\"https:\\\/\\\/filmvilnius.com\\\/#organization\"},\"image\":{\"@id\":\"https:\\\/\\\/filmvilnius.com\\\/lt\\\/vilniuje-filmuojamas-svedijos-bei-belgijos-bendros-gamybos-filmas-sudetingos-scenos-ir-vilniuje-nusileide-ateiviai\\\/#primaryimage\"},\"thumbnailUrl\":\"https:\\\/\\\/filmvilnius.com\\\/wp-content\\\/uploads\\\/2025\\\/01\\\/zalieji-ezerai-ziema-3.jpg\",\"articleSection\":[\"Filmavimai Vilniuje\",\"Naujienos\"],\"inLanguage\":\"lt-LT\"},{\"@type\":\"WebPage\",\"@id\":\"https:\\\/\\\/filmvilnius.com\\\/lt\\\/vilniuje-filmuojamas-svedijos-bei-belgijos-bendros-gamybos-filmas-sudetingos-scenos-ir-vilniuje-nusileide-ateiviai\\\/\",\"url\":\"https:\\\/\\\/filmvilnius.com\\\/lt\\\/vilniuje-filmuojamas-svedijos-bei-belgijos-bendros-gamybos-filmas-sudetingos-scenos-ir-vilniuje-nusileide-ateiviai\\\/\",\"name\":\"Vilniuje filmuojamas \u0160vedijos bei Belgijos bendros gamybos filmas: sud\u0117tingos scenos ir Vilniuje nusileid\u0119 ateiviai - Vilnius film office\",\"isPartOf\":{\"@id\":\"https:\\\/\\\/filmvilnius.com\\\/#website\"},\"primaryImageOfPage\":{\"@id\":\"https:\\\/\\\/filmvilnius.com\\\/lt\\\/vilniuje-filmuojamas-svedijos-bei-belgijos-bendros-gamybos-filmas-sudetingos-scenos-ir-vilniuje-nusileide-ateiviai\\\/#primaryimage\"},\"image\":{\"@id\":\"https:\\\/\\\/filmvilnius.com\\\/lt\\\/vilniuje-filmuojamas-svedijos-bei-belgijos-bendros-gamybos-filmas-sudetingos-scenos-ir-vilniuje-nusileide-ateiviai\\\/#primaryimage\"},\"thumbnailUrl\":\"https:\\\/\\\/filmvilnius.com\\\/wp-content\\\/uploads\\\/2025\\\/01\\\/zalieji-ezerai-ziema-3.jpg\",\"datePublished\":\"2025-01-16T10:39:46+00:00\",\"dateModified\":\"2026-04-28T06:58:35+00:00\",\"breadcrumb\":{\"@id\":\"https:\\\/\\\/filmvilnius.com\\\/lt\\\/vilniuje-filmuojamas-svedijos-bei-belgijos-bendros-gamybos-filmas-sudetingos-scenos-ir-vilniuje-nusileide-ateiviai\\\/#breadcrumb\"},\"inLanguage\":\"lt-LT\",\"potentialAction\":[{\"@type\":\"ReadAction\",\"target\":[\"https:\\\/\\\/filmvilnius.com\\\/lt\\\/vilniuje-filmuojamas-svedijos-bei-belgijos-bendros-gamybos-filmas-sudetingos-scenos-ir-vilniuje-nusileide-ateiviai\\\/\"]}]},{\"@type\":\"ImageObject\",\"inLanguage\":\"lt-LT\",\"@id\":\"https:\\\/\\\/filmvilnius.com\\\/lt\\\/vilniuje-filmuojamas-svedijos-bei-belgijos-bendros-gamybos-filmas-sudetingos-scenos-ir-vilniuje-nusileide-ateiviai\\\/#primaryimage\",\"url\":\"https:\\\/\\\/filmvilnius.com\\\/wp-content\\\/uploads\\\/2025\\\/01\\\/zalieji-ezerai-ziema-3.jpg\",\"contentUrl\":\"https:\\\/\\\/filmvilnius.com\\\/wp-content\\\/uploads\\\/2025\\\/01\\\/zalieji-ezerai-ziema-3.jpg\",\"width\":1200,\"height\":800},{\"@type\":\"BreadcrumbList\",\"@id\":\"https:\\\/\\\/filmvilnius.com\\\/lt\\\/vilniuje-filmuojamas-svedijos-bei-belgijos-bendros-gamybos-filmas-sudetingos-scenos-ir-vilniuje-nusileide-ateiviai\\\/#breadcrumb\",\"itemListElement\":[{\"@type\":\"ListItem\",\"position\":1,\"name\":\"Home\",\"item\":\"https:\\\/\\\/filmvilnius.com\\\/lt\\\/\"},{\"@type\":\"ListItem\",\"position\":2,\"name\":\"Vilniuje filmuojamas \u0160vedijos bei Belgijos bendros gamybos filmas: sud\u0117tingos scenos ir Vilniuje nusileid\u0119 ateiviai\"}]},{\"@type\":\"WebSite\",\"@id\":\"https:\\\/\\\/filmvilnius.com\\\/#website\",\"url\":\"https:\\\/\\\/filmvilnius.com\\\/\",\"name\":\"Vilnius film office\",\"description\":\"\",\"publisher\":{\"@id\":\"https:\\\/\\\/filmvilnius.com\\\/#organization\"},\"potentialAction\":[{\"@type\":\"SearchAction\",\"target\":{\"@type\":\"EntryPoint\",\"urlTemplate\":\"https:\\\/\\\/filmvilnius.com\\\/?s={search_term_string}\"},\"query-input\":{\"@type\":\"PropertyValueSpecification\",\"valueRequired\":true,\"valueName\":\"search_term_string\"}}],\"inLanguage\":\"lt-LT\"},{\"@type\":\"Organization\",\"@id\":\"https:\\\/\\\/filmvilnius.com\\\/#organization\",\"name\":\"Vilniaus kino biuras\",\"url\":\"https:\\\/\\\/filmvilnius.com\\\/\",\"logo\":{\"@type\":\"ImageObject\",\"inLanguage\":\"lt-LT\",\"@id\":\"https:\\\/\\\/filmvilnius.com\\\/#\\\/schema\\\/logo\\\/image\\\/\",\"url\":\"https:\\\/\\\/filmvilnius.com\\\/wp-content\\\/uploads\\\/2022\\\/12\\\/VKB-Logo-2022-EN-2-V.jpg\",\"contentUrl\":\"https:\\\/\\\/filmvilnius.com\\\/wp-content\\\/uploads\\\/2022\\\/12\\\/VKB-Logo-2022-EN-2-V.jpg\",\"width\":1419,\"height\":1418,\"caption\":\"Vilniaus kino biuras\"},\"image\":{\"@id\":\"https:\\\/\\\/filmvilnius.com\\\/#\\\/schema\\\/logo\\\/image\\\/\"},\"sameAs\":[\"https:\\\/\\\/www.facebook.com\\\/filmvilnius\",\"https:\\\/\\\/x.com\\\/FilmVilnius\",\"https:\\\/\\\/www.instagram.com\\\/filmvilnius\\\/\"]},{\"@type\":\"Person\",\"@id\":\"https:\\\/\\\/filmvilnius.com\\\/#\\\/schema\\\/person\\\/8b5cdb3983bdc74eeb47d664a07e8a7c\",\"name\":\"Vilniaus kino biuras\",\"image\":{\"@type\":\"ImageObject\",\"inLanguage\":\"lt-LT\",\"@id\":\"https:\\\/\\\/secure.gravatar.com\\\/avatar\\\/644725169c69ad57061a7da5874c1d84a0c902f0dc424faee665d0c37cb52e24?s=96&d=mm&r=g\",\"url\":\"https:\\\/\\\/secure.gravatar.com\\\/avatar\\\/644725169c69ad57061a7da5874c1d84a0c902f0dc424faee665d0c37cb52e24?s=96&d=mm&r=g\",\"contentUrl\":\"https:\\\/\\\/secure.gravatar.com\\\/avatar\\\/644725169c69ad57061a7da5874c1d84a0c902f0dc424faee665d0c37cb52e24?s=96&d=mm&r=g\",\"caption\":\"Vilniaus kino biuras\"},\"url\":\"https:\\\/\\\/filmvilnius.com\\\/lt\\\/author\\\/4b35ef9e4d264bd9\\\/\"}]}<\/script>\n<!-- \/ Yoast SEO plugin. -->","yoast_head_json":{"title":"Vilniuje filmuojamas \u0160vedijos bei Belgijos bendros gamybos filmas: sud\u0117tingos scenos ir Vilniuje nusileid\u0119 ateiviai - Vilnius film office","robots":{"index":"index","follow":"follow","max-snippet":"max-snippet:-1","max-image-preview":"max-image-preview:large","max-video-preview":"max-video-preview:-1"},"canonical":"https:\/\/filmvilnius.com\/lt\/vilniuje-filmuojamas-svedijos-bei-belgijos-bendros-gamybos-filmas-sudetingos-scenos-ir-vilniuje-nusileide-ateiviai\/","og_locale":"lt_LT","og_type":"article","og_title":"Vilniuje filmuojamas \u0160vedijos bei Belgijos bendros gamybos filmas: sud\u0117tingos scenos ir Vilniuje nusileid\u0119 ateiviai - Vilnius film office","og_description":"Vilniuje t\u0119siasi ir gruod\u012f sostin\u0117je filmuoti prad\u0117tas \u0160vedijos bei Belgijos bendros gamybos TV serialas \u201eWe Come in Peace\u201c. Vilnius ekrane virsta chaoti\u0161ku Stokholmu, kuriame pasirodo paslaptingas NSO. Kol vyriausyb\u0117 bando suvaldyti kilusi\u0105 kriz\u0119 ir panik\u0105, visoje \u0161alyje pama\u017eu br\u0119sta s\u0105mokslo teorijos ir s\u0105my\u0161is, o ateivi\u0173 daug\u0117ja.&nbsp; Atkreipiame d\u0117mes\u012f, kad Giruli\u0173 mi\u0161ke bus filmuojamos smurto scenos, [&hellip;]","og_url":"https:\/\/filmvilnius.com\/lt\/vilniuje-filmuojamas-svedijos-bei-belgijos-bendros-gamybos-filmas-sudetingos-scenos-ir-vilniuje-nusileide-ateiviai\/","og_site_name":"Vilnius film office","article_publisher":"https:\/\/www.facebook.com\/filmvilnius","article_published_time":"2025-01-16T10:39:46+00:00","article_modified_time":"2026-04-28T06:58:35+00:00","og_image":[{"width":1200,"height":800,"url":"https:\/\/filmvilnius.com\/wp-content\/uploads\/2025\/01\/zalieji-ezerai-ziema-3.jpg","type":"image\/jpeg"}],"author":"Vilniaus kino biuras","twitter_card":"summary_large_image","twitter_creator":"@FilmVilnius","twitter_site":"@FilmVilnius","twitter_misc":{"Written by":"Vilniaus kino biuras","Est. reading time":"2 minut\u0117s"},"schema":{"@context":"https:\/\/schema.org","@graph":[{"@type":"Article","@id":"https:\/\/filmvilnius.com\/lt\/vilniuje-filmuojamas-svedijos-bei-belgijos-bendros-gamybos-filmas-sudetingos-scenos-ir-vilniuje-nusileide-ateiviai\/#article","isPartOf":{"@id":"https:\/\/filmvilnius.com\/lt\/vilniuje-filmuojamas-svedijos-bei-belgijos-bendros-gamybos-filmas-sudetingos-scenos-ir-vilniuje-nusileide-ateiviai\/"},"author":{"name":"Vilniaus kino biuras","@id":"https:\/\/filmvilnius.com\/#\/schema\/person\/8b5cdb3983bdc74eeb47d664a07e8a7c"},"headline":"Vilniuje filmuojamas \u0160vedijos bei Belgijos bendros gamybos filmas: sud\u0117tingos scenos ir Vilniuje nusileid\u0119 ateiviai","datePublished":"2025-01-16T10:39:46+00:00","dateModified":"2026-04-28T06:58:35+00:00","mainEntityOfPage":{"@id":"https:\/\/filmvilnius.com\/lt\/vilniuje-filmuojamas-svedijos-bei-belgijos-bendros-gamybos-filmas-sudetingos-scenos-ir-vilniuje-nusileide-ateiviai\/"},"wordCount":290,"publisher":{"@id":"https:\/\/filmvilnius.com\/#organization"},"image":{"@id":"https:\/\/filmvilnius.com\/lt\/vilniuje-filmuojamas-svedijos-bei-belgijos-bendros-gamybos-filmas-sudetingos-scenos-ir-vilniuje-nusileide-ateiviai\/#primaryimage"},"thumbnailUrl":"https:\/\/filmvilnius.com\/wp-content\/uploads\/2025\/01\/zalieji-ezerai-ziema-3.jpg","articleSection":["Filmavimai Vilniuje","Naujienos"],"inLanguage":"lt-LT"},{"@type":"WebPage","@id":"https:\/\/filmvilnius.com\/lt\/vilniuje-filmuojamas-svedijos-bei-belgijos-bendros-gamybos-filmas-sudetingos-scenos-ir-vilniuje-nusileide-ateiviai\/","url":"https:\/\/filmvilnius.com\/lt\/vilniuje-filmuojamas-svedijos-bei-belgijos-bendros-gamybos-filmas-sudetingos-scenos-ir-vilniuje-nusileide-ateiviai\/","name":"Vilniuje filmuojamas \u0160vedijos bei Belgijos bendros gamybos filmas: sud\u0117tingos scenos ir Vilniuje nusileid\u0119 ateiviai - Vilnius film office","isPartOf":{"@id":"https:\/\/filmvilnius.com\/#website"},"primaryImageOfPage":{"@id":"https:\/\/filmvilnius.com\/lt\/vilniuje-filmuojamas-svedijos-bei-belgijos-bendros-gamybos-filmas-sudetingos-scenos-ir-vilniuje-nusileide-ateiviai\/#primaryimage"},"image":{"@id":"https:\/\/filmvilnius.com\/lt\/vilniuje-filmuojamas-svedijos-bei-belgijos-bendros-gamybos-filmas-sudetingos-scenos-ir-vilniuje-nusileide-ateiviai\/#primaryimage"},"thumbnailUrl":"https:\/\/filmvilnius.com\/wp-content\/uploads\/2025\/01\/zalieji-ezerai-ziema-3.jpg","datePublished":"2025-01-16T10:39:46+00:00","dateModified":"2026-04-28T06:58:35+00:00","breadcrumb":{"@id":"https:\/\/filmvilnius.com\/lt\/vilniuje-filmuojamas-svedijos-bei-belgijos-bendros-gamybos-filmas-sudetingos-scenos-ir-vilniuje-nusileide-ateiviai\/#breadcrumb"},"inLanguage":"lt-LT","potentialAction":[{"@type":"ReadAction","target":["https:\/\/filmvilnius.com\/lt\/vilniuje-filmuojamas-svedijos-bei-belgijos-bendros-gamybos-filmas-sudetingos-scenos-ir-vilniuje-nusileide-ateiviai\/"]}]},{"@type":"ImageObject","inLanguage":"lt-LT","@id":"https:\/\/filmvilnius.com\/lt\/vilniuje-filmuojamas-svedijos-bei-belgijos-bendros-gamybos-filmas-sudetingos-scenos-ir-vilniuje-nusileide-ateiviai\/#primaryimage","url":"https:\/\/filmvilnius.com\/wp-content\/uploads\/2025\/01\/zalieji-ezerai-ziema-3.jpg","contentUrl":"https:\/\/filmvilnius.com\/wp-content\/uploads\/2025\/01\/zalieji-ezerai-ziema-3.jpg","width":1200,"height":800},{"@type":"BreadcrumbList","@id":"https:\/\/filmvilnius.com\/lt\/vilniuje-filmuojamas-svedijos-bei-belgijos-bendros-gamybos-filmas-sudetingos-scenos-ir-vilniuje-nusileide-ateiviai\/#breadcrumb","itemListElement":[{"@type":"ListItem","position":1,"name":"Home","item":"https:\/\/filmvilnius.com\/lt\/"},{"@type":"ListItem","position":2,"name":"Vilniuje filmuojamas \u0160vedijos bei Belgijos bendros gamybos filmas: sud\u0117tingos scenos ir Vilniuje nusileid\u0119 ateiviai"}]},{"@type":"WebSite","@id":"https:\/\/filmvilnius.com\/#website","url":"https:\/\/filmvilnius.com\/","name":"Vilnius film office","description":"","publisher":{"@id":"https:\/\/filmvilnius.com\/#organization"},"potentialAction":[{"@type":"SearchAction","target":{"@type":"EntryPoint","urlTemplate":"https:\/\/filmvilnius.com\/?s={search_term_string}"},"query-input":{"@type":"PropertyValueSpecification","valueRequired":true,"valueName":"search_term_string"}}],"inLanguage":"lt-LT"},{"@type":"Organization","@id":"https:\/\/filmvilnius.com\/#organization","name":"Vilniaus kino biuras","url":"https:\/\/filmvilnius.com\/","logo":{"@type":"ImageObject","inLanguage":"lt-LT","@id":"https:\/\/filmvilnius.com\/#\/schema\/logo\/image\/","url":"https:\/\/filmvilnius.com\/wp-content\/uploads\/2022\/12\/VKB-Logo-2022-EN-2-V.jpg","contentUrl":"https:\/\/filmvilnius.com\/wp-content\/uploads\/2022\/12\/VKB-Logo-2022-EN-2-V.jpg","width":1419,"height":1418,"caption":"Vilniaus kino biuras"},"image":{"@id":"https:\/\/filmvilnius.com\/#\/schema\/logo\/image\/"},"sameAs":["https:\/\/www.facebook.com\/filmvilnius","https:\/\/x.com\/FilmVilnius","https:\/\/www.instagram.com\/filmvilnius\/"]},{"@type":"Person","@id":"https:\/\/filmvilnius.com\/#\/schema\/person\/8b5cdb3983bdc74eeb47d664a07e8a7c","name":"Vilniaus kino biuras","image":{"@type":"ImageObject","inLanguage":"lt-LT","@id":"https:\/\/secure.gravatar.com\/avatar\/644725169c69ad57061a7da5874c1d84a0c902f0dc424faee665d0c37cb52e24?s=96&d=mm&r=g","url":"https:\/\/secure.gravatar.com\/avatar\/644725169c69ad57061a7da5874c1d84a0c902f0dc424faee665d0c37cb52e24?s=96&d=mm&r=g","contentUrl":"https:\/\/secure.gravatar.com\/avatar\/644725169c69ad57061a7da5874c1d84a0c902f0dc424faee665d0c37cb52e24?s=96&d=mm&r=g","caption":"Vilniaus kino biuras"},"url":"https:\/\/filmvilnius.com\/lt\/author\/4b35ef9e4d264bd9\/"}]}},"_links":{"self":[{"href":"https:\/\/filmvilnius.com\/lt\/wp-json\/wp\/v2\/posts\/26776","targetHints":{"allow":["GET"]}}],"collection":[{"href":"https:\/\/filmvilnius.com\/lt\/wp-json\/wp\/v2\/posts"}],"about":[{"href":"https:\/\/filmvilnius.com\/lt\/wp-json\/wp\/v2\/types\/post"}],"author":[{"embeddable":true,"href":"https:\/\/filmvilnius.com\/lt\/wp-json\/wp\/v2\/users\/3"}],"replies":[{"embeddable":true,"href":"https:\/\/filmvilnius.com\/lt\/wp-json\/wp\/v2\/comments?post=26776"}],"version-history":[{"count":2,"href":"https:\/\/filmvilnius.com\/lt\/wp-json\/wp\/v2\/posts\/26776\/revisions"}],"predecessor-version":[{"id":26780,"href":"https:\/\/filmvilnius.com\/lt\/wp-json\/wp\/v2\/posts\/26776\/revisions\/26780"}],"wp:featuredmedia":[{"embeddable":true,"href":"https:\/\/filmvilnius.com\/lt\/wp-json\/wp\/v2\/media\/26777"}],"wp:attachment":[{"href":"https:\/\/filmvilnius.com\/lt\/wp-json\/wp\/v2\/media?parent=26776"}],"wp:term":[{"taxonomy":"category","embeddable":true,"href":"https:\/\/filmvilnius.com\/lt\/wp-json\/wp\/v2\/categories?post=26776"},{"taxonomy":"post_tag","embeddable":true,"href":"https:\/\/filmvilnius.com\/lt\/wp-json\/wp\/v2\/tags?post=26776"}],"curies":[{"name":"wp","href":"https:\/\/api.w.org\/{rel}","templated":true}]}}