{"id":26876,"date":"2025-02-04T08:44:13","date_gmt":"2025-02-04T08:44:13","guid":{"rendered":"https:\/\/filmvilnius.com\/?p=26876"},"modified":"2026-04-28T08:57:40","modified_gmt":"2026-04-28T06:57:40","slug":"30-ojo-kino-pavasario-atidarymas-lndt-ko-nepraleisti","status":"publish","type":"post","link":"https:\/\/filmvilnius.com\/lt\/30-ojo-kino-pavasario-atidarymas-lndt-ko-nepraleisti\/","title":{"rendered":"30-ojo \u201eKino pavasario\u201c atidarymas LNDT: ko nepraleisti?"},"content":{"rendered":"\n<p><strong>Ne vienerius metus savo jubiliejui ruo\u0161\u0119sis atsinaujin\u0119s festivalis \u201eKino pavasaris\u201c \u0161iemet atidarym\u0105 kvie\u010dia \u0161v\u0119sti ne vien\u0105 vakar\u0105, bet vis\u0105 savaitgal\u012f. Atidarymo renginys vaikams, paties pirmojo \u201eKino pavasario\u201c filmo seansas, gyvo \u012fgarsinimo lydimi nebyliojo kino k\u016briniai, tarptautiniuose festivaliuose \u012fvertinti filmai \u2013 kovo 7\u20139 d. Lietuvos nacionaliniame dramos teatre (LNDT) k\u0105 veikti ras vis\u0173 skoni\u0173 kino ir muzikos gerb\u0117jai. Koki\u0173 \u0161ventini\u0173 seans\u0173 reik\u0117t\u0173 nepraleisti?<\/strong><\/p>\n\n\n\n<p><strong>Skambantys nebyliojo kino \u0161edevrai<\/strong><\/p>\n\n\n\n<p>Jau tampa tradicija, kad festivalyje rodomi nebyliojo kino filmai, lydimi gyvo \u012fgarsinimo. \u0160iemet toki\u0173 seans\u0173 bus trys: Jean\u2019o Epstein\u2019o \u201eA\u0161erio nam\u0173 gri\u016btis\u201c, kuriam specialiai sukurt\u0105 garso takel\u012f atliks Jimo Jarmusho filmo \u201eI\u0161gyvena tik mylintys\u201c kompozitorius Jozefas van Wissemas, Kan\u0173 kino festivalyje apdovanotas \u201eAuksine palm\u0117s \u0161akele\u201c, Roberto Wiene\u2019o \u201eDaktaro Kaligario kabinetas\u201c bei Teinosuke Kinugasa \u201eBeprotyb\u0117s puslapis\u201c.<\/p>\n\n\n\n<p>Pastar\u0105j\u012f \u012fgarsins prodiuseris, \u201eRadio Vilnius\u201c vienas i\u0161 \u012fk\u016br\u0117j\u0173 Manfredas Bajelis ir kompozitorius Marijus Aleksa su bendru projektu \u201eSantaka\u201c. Pasak M. Bajelio, prie j\u0173 prisijungs fleitistas, garso menininkas ir manipuliatorius Kristupas Gikas, o u\u017euot vien tik \u012fgarsin\u0119 film\u0105, k\u016br\u0117jai papasakos ir savo istorij\u0105.<\/p>\n\n\n\n<p>\u201eFilm\u0105 \u012fgarsinimui rinkom\u0117s tiesiog klausydami savo muzikos. Pirmosios \u201eBeprotyb\u0117s puslapio\u201c minut\u0117s atrodo kaip m\u016bs\u0173 svajoni\u0173 video klipas. Paskui jau sek\u0117 kiti niuansai \u2013 esame dideli klasikinio japon\u0173 kino m\u0117g\u0117jai, ne kart\u0105 esame vie\u0161ai sak\u0119, kad japon\u0173 tradicin\u0117 Gagaku muzika \u201eSantakai\u201c yra padariusi labai didel\u0119 \u012ftak\u0105. Na, ir galiausiai ka\u017ekada teko gird\u0117ti, kad \u201eBeprotyb\u0117s puslapis\u201c \u2013 vienas m\u0117gstamiausi\u0173 Bjork film\u0173\u201c, \u2013 pasakoja M. Bajelis.<\/p>\n\n\n\n<p>Vokie\u010di\u0173 re\u017eisieriaus Roberto Wiene\u2019o filmui \u201eDaktaro Kaligario kabinetas\u201c muzikin\u012f fon\u0105 kursian\u010dios psichodelinio roko grup\u0117s \u201eGarbanotas\u201c vokalistas \u0160ar\u016bnas Joneikis sako, kad filmas pirmiausia patraukia savo vizualumu: \u201eFilmo \u0161viesa, dail\u0117 yra ne\u012ftik\u0117tinai gra\u017ei. Ir nors \u0161ie dalykai su\u017eavi pirmiausia, ne ma\u017eiau svarbi ir filmo \u201eDaktaro Kaligario kabinetas\u201c tema, kuri, tikriausiai, aktuali \u012fvairiems laikotarpiams \u2013 apie laisvos valios klausim\u0105, viduje t\u016bnan\u010di\u0105 j\u0117g\u0105, kuri ver\u010dia daryti tam tikrus dalykus.\u201c<\/p>\n\n\n\n<figure class=\"wp-block-image size-large\"><img fetchpriority=\"high\" decoding=\"async\" width=\"1024\" height=\"510\" src=\"https:\/\/filmvilnius.com\/wp-content\/uploads\/2025\/02\/Daktaro-Kaligario-kabinetas-1024x510.jpg\" alt=\"\" class=\"wp-image-26877\" srcset=\"https:\/\/filmvilnius.com\/wp-content\/uploads\/2025\/02\/Daktaro-Kaligario-kabinetas-1024x510.jpg 1024w, https:\/\/filmvilnius.com\/wp-content\/uploads\/2025\/02\/Daktaro-Kaligario-kabinetas-300x149.jpg 300w, https:\/\/filmvilnius.com\/wp-content\/uploads\/2025\/02\/Daktaro-Kaligario-kabinetas-768x382.jpg 768w, https:\/\/filmvilnius.com\/wp-content\/uploads\/2025\/02\/Daktaro-Kaligario-kabinetas-1536x764.jpg 1536w, https:\/\/filmvilnius.com\/wp-content\/uploads\/2025\/02\/Daktaro-Kaligario-kabinetas.jpg 1728w\" sizes=\"(max-width: 1024px) 100vw, 1024px\" \/><figcaption class=\"wp-element-caption\"> \u201eDaktaro Kaligario kabinetas\u201c<\/figcaption><\/figure>\n\n\n\n<p>Pasak \u0160. Joneikio, kol kas kiekvienas grup\u0117s narys film\u0105 \u017ei\u016bri ir ruo\u0161iasi atskirai, dalijasi mintimis, bando \u012fsivaizduoti tam tikrus fragmentus. \u201eNorime pad\u0117ti sustiprinti film\u0105, leisti suskamb\u0117ti jo vizualumui, o garsais \u2013 prid\u0117ti nuotaik\u0173\u201c, \u2013 pasakoja jis.<\/p>\n\n\n\n<p><strong>Ir vaikams, ir suaugusiems skirtas atidarymo filmas bei apdovanojimais \u012fvertinti k\u016briniai<\/strong><\/p>\n\n\n\n<p>\u0160iemet \u201eKino pavasar\u012f\u201c atidarys pirmuoju Baltijos \u0161alyse \u201eAuksiniu gaubliu\u201c u\u017e geriausi\u0105 animacij\u0105 apdovanota ir dviems \u201eOskarams\u201c nominuota latvi\u0173 re\u017eisieriaus Ginto Zilbalod\u017eio drama \u201ePotvynis\u201c. Pasak festivalio programos sudarytoj\u0173, \u0161is filmas unikalus tuo, jog tinka \u012fvairaus am\u017eiaus \u017ei\u016brovui, tad pirm\u0105 kart\u0105 \u201eKino pavasario\u201c atidarymo filmas ir vaikams, ir suaugusiems bus tas pats.<\/p>\n\n\n\n<p>Tod\u0117l jau kovo 8 d. t\u0117v\u0173 ir ma\u017e\u0173j\u0173 festivalio \u017ei\u016brov\u0173 lauks \u201eKino pavasario\u201c atidarymo \u0161vent\u0117 vaikams, kurioje \u2013 smagus \u0161urmulys, \u017eaidimai, vai\u0161\u0117s ir du animaciniai filmai \u2013 \u201ePotvynis\u201c bei re\u017eisier\u0117s Urt\u0117s Oettinger lietuvi\u0161ko animacinio serialo apie draugyst\u0119 \u201eBFF. Turbo lokys\u201c serija, re\u017eisuota kartu su Ignu Meil\u016bnu.<\/p>\n\n\n\n<p>\u017di\u016brovai i\u0161skirtin\u0117se teatro erdv\u0117se pirmieji gal\u0117s pamatyti ir trileri\u0161k\u0105 pranc\u016bz\u0173 dram\u0105 \u201eSuleimano istorija\u201c (re\u017e. Boris Lojkine), kurioje kurjeriu Pary\u017eiuje dirbant\u012f nelegal\u0173 imigrant\u0105 \u012fk\u016bnij\u0119s aktorius i\u0161 Gvin\u0117jos Abou Sangare savo debiutu akimirksniu su\u017eav\u0117jo \u017ei\u016brovus ir kritikus. Iki \u0161io filmo mechaniku dirb\u0119s Abou Sangare i\u0161kart po pasaulin\u0117s premjeros peln\u0117 geriausio aktoriaus apdovanojim\u0105 Kan\u0173 kino festivalio \u201eYpatingo \u017evilgsnio\u201c programoje ir Europos kino apdovanojimuose.<\/p>\n\n\n\n<figure class=\"wp-block-image size-large\"><img decoding=\"async\" width=\"1024\" height=\"510\" src=\"https:\/\/filmvilnius.com\/wp-content\/uploads\/2025\/02\/Suleimano-istorija-1024x510.jpeg\" alt=\"\" class=\"wp-image-26879\" srcset=\"https:\/\/filmvilnius.com\/wp-content\/uploads\/2025\/02\/Suleimano-istorija-1024x510.jpeg 1024w, https:\/\/filmvilnius.com\/wp-content\/uploads\/2025\/02\/Suleimano-istorija-300x149.jpeg 300w, https:\/\/filmvilnius.com\/wp-content\/uploads\/2025\/02\/Suleimano-istorija-768x382.jpeg 768w, https:\/\/filmvilnius.com\/wp-content\/uploads\/2025\/02\/Suleimano-istorija-1536x764.jpeg 1536w, https:\/\/filmvilnius.com\/wp-content\/uploads\/2025\/02\/Suleimano-istorija.jpeg 1728w\" sizes=\"(max-width: 1024px) 100vw, 1024px\" \/><figcaption class=\"wp-element-caption\">\u201eSuleimano istorija\u201c<\/figcaption><\/figure>\n\n\n\n<p>\u0160ventinio savaitgalio repertuare \u017ei\u016brovai taip pat atras pat\u012f pirm\u0105j\u012f pirmojo \u201eKino pavasario\u201c film\u0105 Leos\u2019o Carax\u2019o \u201ePont Neuf meilu\u017eiai\u201c, did\u012fj\u012f \u017eiuri priz\u0105 Venecijos kino festivalyje laim\u0117jusi\u0105 kino k\u016br\u0117jos Mauros Delpero dram\u0105 \u201eVermiljas\u201c, tamsiai komi\u0161k\u0105 re\u017eisieriaus Bernardo Wengerio pasakojim\u0105 \u201ePovas\u201c, norveg\u0173 k\u016br\u0117jo Halfdano Ullmanno T\u00f8ndelio \u2013 kino legend\u0173 Ingmaro Bergmano ir Liv Ullmann an\u016bko \u2013 Kanuose presti\u017einiu \u201eAuksin\u0117s kameros\u201c apdovanojimu \u012fvertint\u0105 debiut\u0105 \u201eArmandas\u201c.<\/p>\n\n\n\n<p><strong>Filmo apie M. Kalas seanse \u2013 operos solist\u0117s Aist\u0117s Pilibavi\u010di\u016bt\u0117s pasirodymas<\/strong><strong><\/strong><\/p>\n\n\n\n<p>Dar vienas i\u0161skirtinis seansas \u2013 \u010cil\u0117s re\u017eisieriaus Pablo Larra\u00edn filmo \u201eMarija Kalas\u201c nacionalin\u0117 premjera. Operos \u017evaig\u017ed\u0117s Marijos Kalas, kuri\u0105 \u012fk\u016bnija aktor\u0117 Angelina Jolie, istorij\u0105 pasakojantis filmas festivalyje bus rodomas tik vien\u0105 kart\u0105. O j\u012f pary\u0161kins operos solist\u0117s Aist\u0117s Pilibavi\u010di\u016bt\u0117s atliekamas klasikinio Marijos Kalas repertuaro k\u016brinys \u201eUn bel di vedremo\u201c i\u0161 Giacomo Puccini operos \u201eMadam Baterflai\u201c. Solistei akompanuos koncertmeister\u0117 Nijol\u0117 Baranauskait\u0117-Matukonien\u0117.<\/p>\n\n\n\n<figure class=\"wp-block-image aligncenter size-full\"><img decoding=\"async\" width=\"716\" height=\"536\" src=\"https:\/\/filmvilnius.com\/wp-content\/uploads\/2025\/02\/Marija-Kalas.jpeg\" alt=\"\" class=\"wp-image-26881\" srcset=\"https:\/\/filmvilnius.com\/wp-content\/uploads\/2025\/02\/Marija-Kalas.jpeg 716w, https:\/\/filmvilnius.com\/wp-content\/uploads\/2025\/02\/Marija-Kalas-300x225.jpeg 300w\" sizes=\"(max-width: 716px) 100vw, 716px\" \/><figcaption class=\"wp-element-caption\">\u201eMarija Kalas\u201c<\/figcaption><\/figure>\n\n\n\n<p>\u201eApie Marij\u0105 Kalas pirm\u0105 kart\u0105 su\u017einojau b\u016bdama LMTA studente\u201c, \u2013 prisimena&nbsp; A. Pilibavi\u010di\u016bt\u0117. \u2013 Pirmieji klausyti jos balso \u012fra\u0161ai buvo ne\u012ftik\u0117tinai paveik\u016bs. Galb\u016bt tas \u012fsp\u016bdis buvo stiprus d\u0117l to, kad buvau susipa\u017einusi su jos gyvenimo istorija. Labai gerai daininink\u0119 apib\u016bdina fraz\u0117 i\u0161 spektaklio: \u201eJau geriau metus dainuoti taip, kaip Kalas, nei 10 met\u0173 kaip bet kas kitas.\u201c<\/p>\n\n\n\n<p><em>Visa festivalio programa bus skelbiama vasario 13 d. 30-asis Vilniaus miesto kino festivalis \u201eKino pavasaris\u201c vyks kovo 7-23 d. Festival\u012f palaiko didieji partneriai \u201eERGO\u201c ir \u201eTelia Play\u201c, i\u0161 dalies finansuoja Lietuvos kino centras, Vilniaus miesto savivaldyb\u0117, \u201eK\u016brybi\u0161ka Europa\u201c MEDIA.<\/em><\/p>\n","protected":false},"excerpt":{"rendered":"<p>Ne vienerius metus savo jubiliejui ruo\u0161\u0119sis atsinaujin\u0119s festivalis \u201eKino pavasaris\u201c \u0161iemet atidarym\u0105 kvie\u010dia \u0161v\u0119sti ne vien\u0105 vakar\u0105, bet vis\u0105 savaitgal\u012f. Atidarymo renginys vaikams, paties pirmojo \u201eKino pavasario\u201c filmo seansas, gyvo \u012fgarsinimo lydimi nebyliojo kino k\u016briniai, tarptautiniuose festivaliuose \u012fvertinti filmai \u2013 kovo 7\u20139 d. Lietuvos nacionaliniame dramos teatre (LNDT) k\u0105 veikti ras vis\u0173 skoni\u0173 kino ir [&hellip;]<\/p>\n","protected":false},"author":6,"featured_media":26883,"comment_status":"closed","ping_status":"open","sticky":false,"template":"","format":"standard","meta":{"_acf_changed":false,"_monsterinsights_skip_tracking":false,"_monsterinsights_sitenote_active":false,"_monsterinsights_sitenote_note":"","_monsterinsights_sitenote_category":0,"footnotes":""},"categories":[155,58],"tags":[],"class_list":["post-26876","post","type-post","status-publish","format-standard","has-post-thumbnail","hentry","category-industrija-ir-renginiai","category-news"],"acf":[],"yoast_head":"<!-- This site is optimized with the Yoast SEO plugin v27.4 - https:\/\/yoast.com\/product\/yoast-seo-wordpress\/ -->\n<title>30-ojo \u201eKino pavasario\u201c atidarymas LNDT: ko nepraleisti? - Vilnius film office<\/title>\n<meta name=\"description\" content=\"Ne vienerius metus savo jubiliejui ruo\u0161\u0119sis atsinaujin\u0119s festivalis \u201eKino pavasaris\u201c \u0161iemet atidarym\u0105 kvie\u010dia \u0161v\u0119sti ne vien\u0105 vakar\u0105, bet vis\u0105 savaitgal\u012f.\" \/>\n<meta name=\"robots\" content=\"index, follow, max-snippet:-1, max-image-preview:large, max-video-preview:-1\" \/>\n<link rel=\"canonical\" href=\"https:\/\/filmvilnius.com\/lt\/30-ojo-kino-pavasario-atidarymas-lndt-ko-nepraleisti\/\" \/>\n<meta property=\"og:locale\" content=\"lt_LT\" \/>\n<meta property=\"og:type\" content=\"article\" \/>\n<meta property=\"og:title\" content=\"30-ojo \u201eKino pavasario\u201c atidarymas LNDT: ko nepraleisti? - Vilnius film office\" \/>\n<meta property=\"og:description\" content=\"Ne vienerius metus savo jubiliejui ruo\u0161\u0119sis atsinaujin\u0119s festivalis \u201eKino pavasaris\u201c \u0161iemet atidarym\u0105 kvie\u010dia \u0161v\u0119sti ne vien\u0105 vakar\u0105, bet vis\u0105 savaitgal\u012f.\" \/>\n<meta property=\"og:url\" content=\"https:\/\/filmvilnius.com\/lt\/30-ojo-kino-pavasario-atidarymas-lndt-ko-nepraleisti\/\" \/>\n<meta property=\"og:site_name\" content=\"Vilnius film office\" \/>\n<meta property=\"article:publisher\" content=\"https:\/\/www.facebook.com\/filmvilnius\" \/>\n<meta property=\"article:published_time\" content=\"2025-02-04T08:44:13+00:00\" \/>\n<meta property=\"article:modified_time\" content=\"2026-04-28T06:57:40+00:00\" \/>\n<meta property=\"og:image\" content=\"https:\/\/filmvilnius.com\/wp-content\/uploads\/2025\/02\/Paukstis-scaled.jpeg\" \/>\n\t<meta property=\"og:image:width\" content=\"2560\" \/>\n\t<meta property=\"og:image:height\" content=\"1712\" \/>\n\t<meta property=\"og:image:type\" content=\"image\/jpeg\" \/>\n<meta name=\"author\" content=\"Vilnius Film Office\" \/>\n<meta name=\"twitter:card\" content=\"summary_large_image\" \/>\n<meta name=\"twitter:creator\" content=\"@FilmVilnius\" \/>\n<meta name=\"twitter:site\" content=\"@FilmVilnius\" \/>\n<meta name=\"twitter:label1\" content=\"Written by\" \/>\n\t<meta name=\"twitter:data1\" content=\"Vilnius Film Office\" \/>\n\t<meta name=\"twitter:label2\" content=\"Est. reading time\" \/>\n\t<meta name=\"twitter:data2\" content=\"4 minut\u0117s\" \/>\n<script type=\"application\/ld+json\" class=\"yoast-schema-graph\">{\"@context\":\"https:\\\/\\\/schema.org\",\"@graph\":[{\"@type\":\"Article\",\"@id\":\"https:\\\/\\\/filmvilnius.com\\\/lt\\\/30-ojo-kino-pavasario-atidarymas-lndt-ko-nepraleisti\\\/#article\",\"isPartOf\":{\"@id\":\"https:\\\/\\\/filmvilnius.com\\\/lt\\\/30-ojo-kino-pavasario-atidarymas-lndt-ko-nepraleisti\\\/\"},\"author\":{\"name\":\"Vilnius Film Office\",\"@id\":\"https:\\\/\\\/filmvilnius.com\\\/#\\\/schema\\\/person\\\/8572c7f289890809bfa364d48f8dded5\"},\"headline\":\"30-ojo \u201eKino pavasario\u201c atidarymas LNDT: ko nepraleisti?\",\"datePublished\":\"2025-02-04T08:44:13+00:00\",\"dateModified\":\"2026-04-28T06:57:40+00:00\",\"mainEntityOfPage\":{\"@id\":\"https:\\\/\\\/filmvilnius.com\\\/lt\\\/30-ojo-kino-pavasario-atidarymas-lndt-ko-nepraleisti\\\/\"},\"wordCount\":855,\"publisher\":{\"@id\":\"https:\\\/\\\/filmvilnius.com\\\/#organization\"},\"image\":{\"@id\":\"https:\\\/\\\/filmvilnius.com\\\/lt\\\/30-ojo-kino-pavasario-atidarymas-lndt-ko-nepraleisti\\\/#primaryimage\"},\"thumbnailUrl\":\"https:\\\/\\\/filmvilnius.com\\\/wp-content\\\/uploads\\\/2025\\\/02\\\/Paukstis-scaled.jpeg\",\"articleSection\":[\"Industrija ir renginiai\",\"Naujienos\"],\"inLanguage\":\"lt-LT\"},{\"@type\":\"WebPage\",\"@id\":\"https:\\\/\\\/filmvilnius.com\\\/lt\\\/30-ojo-kino-pavasario-atidarymas-lndt-ko-nepraleisti\\\/\",\"url\":\"https:\\\/\\\/filmvilnius.com\\\/lt\\\/30-ojo-kino-pavasario-atidarymas-lndt-ko-nepraleisti\\\/\",\"name\":\"30-ojo \u201eKino pavasario\u201c atidarymas LNDT: ko nepraleisti? - Vilnius film office\",\"isPartOf\":{\"@id\":\"https:\\\/\\\/filmvilnius.com\\\/#website\"},\"primaryImageOfPage\":{\"@id\":\"https:\\\/\\\/filmvilnius.com\\\/lt\\\/30-ojo-kino-pavasario-atidarymas-lndt-ko-nepraleisti\\\/#primaryimage\"},\"image\":{\"@id\":\"https:\\\/\\\/filmvilnius.com\\\/lt\\\/30-ojo-kino-pavasario-atidarymas-lndt-ko-nepraleisti\\\/#primaryimage\"},\"thumbnailUrl\":\"https:\\\/\\\/filmvilnius.com\\\/wp-content\\\/uploads\\\/2025\\\/02\\\/Paukstis-scaled.jpeg\",\"datePublished\":\"2025-02-04T08:44:13+00:00\",\"dateModified\":\"2026-04-28T06:57:40+00:00\",\"description\":\"Ne vienerius metus savo jubiliejui ruo\u0161\u0119sis atsinaujin\u0119s festivalis \u201eKino pavasaris\u201c \u0161iemet atidarym\u0105 kvie\u010dia \u0161v\u0119sti ne vien\u0105 vakar\u0105, bet vis\u0105 savaitgal\u012f.\",\"breadcrumb\":{\"@id\":\"https:\\\/\\\/filmvilnius.com\\\/lt\\\/30-ojo-kino-pavasario-atidarymas-lndt-ko-nepraleisti\\\/#breadcrumb\"},\"inLanguage\":\"lt-LT\",\"potentialAction\":[{\"@type\":\"ReadAction\",\"target\":[\"https:\\\/\\\/filmvilnius.com\\\/lt\\\/30-ojo-kino-pavasario-atidarymas-lndt-ko-nepraleisti\\\/\"]}]},{\"@type\":\"ImageObject\",\"inLanguage\":\"lt-LT\",\"@id\":\"https:\\\/\\\/filmvilnius.com\\\/lt\\\/30-ojo-kino-pavasario-atidarymas-lndt-ko-nepraleisti\\\/#primaryimage\",\"url\":\"https:\\\/\\\/filmvilnius.com\\\/wp-content\\\/uploads\\\/2025\\\/02\\\/Paukstis-scaled.jpeg\",\"contentUrl\":\"https:\\\/\\\/filmvilnius.com\\\/wp-content\\\/uploads\\\/2025\\\/02\\\/Paukstis-scaled.jpeg\",\"width\":2560,\"height\":1712},{\"@type\":\"BreadcrumbList\",\"@id\":\"https:\\\/\\\/filmvilnius.com\\\/lt\\\/30-ojo-kino-pavasario-atidarymas-lndt-ko-nepraleisti\\\/#breadcrumb\",\"itemListElement\":[{\"@type\":\"ListItem\",\"position\":1,\"name\":\"Home\",\"item\":\"https:\\\/\\\/filmvilnius.com\\\/lt\\\/\"},{\"@type\":\"ListItem\",\"position\":2,\"name\":\"30-ojo \u201eKino pavasario\u201c atidarymas LNDT: ko nepraleisti?\"}]},{\"@type\":\"WebSite\",\"@id\":\"https:\\\/\\\/filmvilnius.com\\\/#website\",\"url\":\"https:\\\/\\\/filmvilnius.com\\\/\",\"name\":\"Vilnius film office\",\"description\":\"\",\"publisher\":{\"@id\":\"https:\\\/\\\/filmvilnius.com\\\/#organization\"},\"potentialAction\":[{\"@type\":\"SearchAction\",\"target\":{\"@type\":\"EntryPoint\",\"urlTemplate\":\"https:\\\/\\\/filmvilnius.com\\\/?s={search_term_string}\"},\"query-input\":{\"@type\":\"PropertyValueSpecification\",\"valueRequired\":true,\"valueName\":\"search_term_string\"}}],\"inLanguage\":\"lt-LT\"},{\"@type\":\"Organization\",\"@id\":\"https:\\\/\\\/filmvilnius.com\\\/#organization\",\"name\":\"Vilniaus kino biuras\",\"url\":\"https:\\\/\\\/filmvilnius.com\\\/\",\"logo\":{\"@type\":\"ImageObject\",\"inLanguage\":\"lt-LT\",\"@id\":\"https:\\\/\\\/filmvilnius.com\\\/#\\\/schema\\\/logo\\\/image\\\/\",\"url\":\"https:\\\/\\\/filmvilnius.com\\\/wp-content\\\/uploads\\\/2022\\\/12\\\/VKB-Logo-2022-EN-2-V.jpg\",\"contentUrl\":\"https:\\\/\\\/filmvilnius.com\\\/wp-content\\\/uploads\\\/2022\\\/12\\\/VKB-Logo-2022-EN-2-V.jpg\",\"width\":1419,\"height\":1418,\"caption\":\"Vilniaus kino biuras\"},\"image\":{\"@id\":\"https:\\\/\\\/filmvilnius.com\\\/#\\\/schema\\\/logo\\\/image\\\/\"},\"sameAs\":[\"https:\\\/\\\/www.facebook.com\\\/filmvilnius\",\"https:\\\/\\\/x.com\\\/FilmVilnius\",\"https:\\\/\\\/www.instagram.com\\\/filmvilnius\\\/\"]},{\"@type\":\"Person\",\"@id\":\"https:\\\/\\\/filmvilnius.com\\\/#\\\/schema\\\/person\\\/8572c7f289890809bfa364d48f8dded5\",\"name\":\"Vilnius Film Office\",\"image\":{\"@type\":\"ImageObject\",\"inLanguage\":\"lt-LT\",\"@id\":\"https:\\\/\\\/secure.gravatar.com\\\/avatar\\\/2f93c625b891dbd84735ed1bd75819d698625d4c37369c60acab5f321b22fbb2?s=96&d=mm&r=g\",\"url\":\"https:\\\/\\\/secure.gravatar.com\\\/avatar\\\/2f93c625b891dbd84735ed1bd75819d698625d4c37369c60acab5f321b22fbb2?s=96&d=mm&r=g\",\"contentUrl\":\"https:\\\/\\\/secure.gravatar.com\\\/avatar\\\/2f93c625b891dbd84735ed1bd75819d698625d4c37369c60acab5f321b22fbb2?s=96&d=mm&r=g\",\"caption\":\"Vilnius Film Office\"},\"url\":\"https:\\\/\\\/filmvilnius.com\\\/lt\\\/author\\\/ce5c1052f3e77e32\\\/\"}]}<\/script>\n<!-- \/ Yoast SEO plugin. -->","yoast_head_json":{"title":"30-ojo \u201eKino pavasario\u201c atidarymas LNDT: ko nepraleisti? - Vilnius film office","description":"Ne vienerius metus savo jubiliejui ruo\u0161\u0119sis atsinaujin\u0119s festivalis \u201eKino pavasaris\u201c \u0161iemet atidarym\u0105 kvie\u010dia \u0161v\u0119sti ne vien\u0105 vakar\u0105, bet vis\u0105 savaitgal\u012f.","robots":{"index":"index","follow":"follow","max-snippet":"max-snippet:-1","max-image-preview":"max-image-preview:large","max-video-preview":"max-video-preview:-1"},"canonical":"https:\/\/filmvilnius.com\/lt\/30-ojo-kino-pavasario-atidarymas-lndt-ko-nepraleisti\/","og_locale":"lt_LT","og_type":"article","og_title":"30-ojo \u201eKino pavasario\u201c atidarymas LNDT: ko nepraleisti? - Vilnius film office","og_description":"Ne vienerius metus savo jubiliejui ruo\u0161\u0119sis atsinaujin\u0119s festivalis \u201eKino pavasaris\u201c \u0161iemet atidarym\u0105 kvie\u010dia \u0161v\u0119sti ne vien\u0105 vakar\u0105, bet vis\u0105 savaitgal\u012f.","og_url":"https:\/\/filmvilnius.com\/lt\/30-ojo-kino-pavasario-atidarymas-lndt-ko-nepraleisti\/","og_site_name":"Vilnius film office","article_publisher":"https:\/\/www.facebook.com\/filmvilnius","article_published_time":"2025-02-04T08:44:13+00:00","article_modified_time":"2026-04-28T06:57:40+00:00","og_image":[{"width":2560,"height":1712,"url":"https:\/\/filmvilnius.com\/wp-content\/uploads\/2025\/02\/Paukstis-scaled.jpeg","type":"image\/jpeg"}],"author":"Vilnius Film Office","twitter_card":"summary_large_image","twitter_creator":"@FilmVilnius","twitter_site":"@FilmVilnius","twitter_misc":{"Written by":"Vilnius Film Office","Est. reading time":"4 minut\u0117s"},"schema":{"@context":"https:\/\/schema.org","@graph":[{"@type":"Article","@id":"https:\/\/filmvilnius.com\/lt\/30-ojo-kino-pavasario-atidarymas-lndt-ko-nepraleisti\/#article","isPartOf":{"@id":"https:\/\/filmvilnius.com\/lt\/30-ojo-kino-pavasario-atidarymas-lndt-ko-nepraleisti\/"},"author":{"name":"Vilnius Film Office","@id":"https:\/\/filmvilnius.com\/#\/schema\/person\/8572c7f289890809bfa364d48f8dded5"},"headline":"30-ojo \u201eKino pavasario\u201c atidarymas LNDT: ko nepraleisti?","datePublished":"2025-02-04T08:44:13+00:00","dateModified":"2026-04-28T06:57:40+00:00","mainEntityOfPage":{"@id":"https:\/\/filmvilnius.com\/lt\/30-ojo-kino-pavasario-atidarymas-lndt-ko-nepraleisti\/"},"wordCount":855,"publisher":{"@id":"https:\/\/filmvilnius.com\/#organization"},"image":{"@id":"https:\/\/filmvilnius.com\/lt\/30-ojo-kino-pavasario-atidarymas-lndt-ko-nepraleisti\/#primaryimage"},"thumbnailUrl":"https:\/\/filmvilnius.com\/wp-content\/uploads\/2025\/02\/Paukstis-scaled.jpeg","articleSection":["Industrija ir renginiai","Naujienos"],"inLanguage":"lt-LT"},{"@type":"WebPage","@id":"https:\/\/filmvilnius.com\/lt\/30-ojo-kino-pavasario-atidarymas-lndt-ko-nepraleisti\/","url":"https:\/\/filmvilnius.com\/lt\/30-ojo-kino-pavasario-atidarymas-lndt-ko-nepraleisti\/","name":"30-ojo \u201eKino pavasario\u201c atidarymas LNDT: ko nepraleisti? - Vilnius film office","isPartOf":{"@id":"https:\/\/filmvilnius.com\/#website"},"primaryImageOfPage":{"@id":"https:\/\/filmvilnius.com\/lt\/30-ojo-kino-pavasario-atidarymas-lndt-ko-nepraleisti\/#primaryimage"},"image":{"@id":"https:\/\/filmvilnius.com\/lt\/30-ojo-kino-pavasario-atidarymas-lndt-ko-nepraleisti\/#primaryimage"},"thumbnailUrl":"https:\/\/filmvilnius.com\/wp-content\/uploads\/2025\/02\/Paukstis-scaled.jpeg","datePublished":"2025-02-04T08:44:13+00:00","dateModified":"2026-04-28T06:57:40+00:00","description":"Ne vienerius metus savo jubiliejui ruo\u0161\u0119sis atsinaujin\u0119s festivalis \u201eKino pavasaris\u201c \u0161iemet atidarym\u0105 kvie\u010dia \u0161v\u0119sti ne vien\u0105 vakar\u0105, bet vis\u0105 savaitgal\u012f.","breadcrumb":{"@id":"https:\/\/filmvilnius.com\/lt\/30-ojo-kino-pavasario-atidarymas-lndt-ko-nepraleisti\/#breadcrumb"},"inLanguage":"lt-LT","potentialAction":[{"@type":"ReadAction","target":["https:\/\/filmvilnius.com\/lt\/30-ojo-kino-pavasario-atidarymas-lndt-ko-nepraleisti\/"]}]},{"@type":"ImageObject","inLanguage":"lt-LT","@id":"https:\/\/filmvilnius.com\/lt\/30-ojo-kino-pavasario-atidarymas-lndt-ko-nepraleisti\/#primaryimage","url":"https:\/\/filmvilnius.com\/wp-content\/uploads\/2025\/02\/Paukstis-scaled.jpeg","contentUrl":"https:\/\/filmvilnius.com\/wp-content\/uploads\/2025\/02\/Paukstis-scaled.jpeg","width":2560,"height":1712},{"@type":"BreadcrumbList","@id":"https:\/\/filmvilnius.com\/lt\/30-ojo-kino-pavasario-atidarymas-lndt-ko-nepraleisti\/#breadcrumb","itemListElement":[{"@type":"ListItem","position":1,"name":"Home","item":"https:\/\/filmvilnius.com\/lt\/"},{"@type":"ListItem","position":2,"name":"30-ojo \u201eKino pavasario\u201c atidarymas LNDT: ko nepraleisti?"}]},{"@type":"WebSite","@id":"https:\/\/filmvilnius.com\/#website","url":"https:\/\/filmvilnius.com\/","name":"Vilnius film office","description":"","publisher":{"@id":"https:\/\/filmvilnius.com\/#organization"},"potentialAction":[{"@type":"SearchAction","target":{"@type":"EntryPoint","urlTemplate":"https:\/\/filmvilnius.com\/?s={search_term_string}"},"query-input":{"@type":"PropertyValueSpecification","valueRequired":true,"valueName":"search_term_string"}}],"inLanguage":"lt-LT"},{"@type":"Organization","@id":"https:\/\/filmvilnius.com\/#organization","name":"Vilniaus kino biuras","url":"https:\/\/filmvilnius.com\/","logo":{"@type":"ImageObject","inLanguage":"lt-LT","@id":"https:\/\/filmvilnius.com\/#\/schema\/logo\/image\/","url":"https:\/\/filmvilnius.com\/wp-content\/uploads\/2022\/12\/VKB-Logo-2022-EN-2-V.jpg","contentUrl":"https:\/\/filmvilnius.com\/wp-content\/uploads\/2022\/12\/VKB-Logo-2022-EN-2-V.jpg","width":1419,"height":1418,"caption":"Vilniaus kino biuras"},"image":{"@id":"https:\/\/filmvilnius.com\/#\/schema\/logo\/image\/"},"sameAs":["https:\/\/www.facebook.com\/filmvilnius","https:\/\/x.com\/FilmVilnius","https:\/\/www.instagram.com\/filmvilnius\/"]},{"@type":"Person","@id":"https:\/\/filmvilnius.com\/#\/schema\/person\/8572c7f289890809bfa364d48f8dded5","name":"Vilnius Film Office","image":{"@type":"ImageObject","inLanguage":"lt-LT","@id":"https:\/\/secure.gravatar.com\/avatar\/2f93c625b891dbd84735ed1bd75819d698625d4c37369c60acab5f321b22fbb2?s=96&d=mm&r=g","url":"https:\/\/secure.gravatar.com\/avatar\/2f93c625b891dbd84735ed1bd75819d698625d4c37369c60acab5f321b22fbb2?s=96&d=mm&r=g","contentUrl":"https:\/\/secure.gravatar.com\/avatar\/2f93c625b891dbd84735ed1bd75819d698625d4c37369c60acab5f321b22fbb2?s=96&d=mm&r=g","caption":"Vilnius Film Office"},"url":"https:\/\/filmvilnius.com\/lt\/author\/ce5c1052f3e77e32\/"}]}},"_links":{"self":[{"href":"https:\/\/filmvilnius.com\/lt\/wp-json\/wp\/v2\/posts\/26876","targetHints":{"allow":["GET"]}}],"collection":[{"href":"https:\/\/filmvilnius.com\/lt\/wp-json\/wp\/v2\/posts"}],"about":[{"href":"https:\/\/filmvilnius.com\/lt\/wp-json\/wp\/v2\/types\/post"}],"author":[{"embeddable":true,"href":"https:\/\/filmvilnius.com\/lt\/wp-json\/wp\/v2\/users\/6"}],"replies":[{"embeddable":true,"href":"https:\/\/filmvilnius.com\/lt\/wp-json\/wp\/v2\/comments?post=26876"}],"version-history":[{"count":2,"href":"https:\/\/filmvilnius.com\/lt\/wp-json\/wp\/v2\/posts\/26876\/revisions"}],"predecessor-version":[{"id":26886,"href":"https:\/\/filmvilnius.com\/lt\/wp-json\/wp\/v2\/posts\/26876\/revisions\/26886"}],"wp:featuredmedia":[{"embeddable":true,"href":"https:\/\/filmvilnius.com\/lt\/wp-json\/wp\/v2\/media\/26883"}],"wp:attachment":[{"href":"https:\/\/filmvilnius.com\/lt\/wp-json\/wp\/v2\/media?parent=26876"}],"wp:term":[{"taxonomy":"category","embeddable":true,"href":"https:\/\/filmvilnius.com\/lt\/wp-json\/wp\/v2\/categories?post=26876"},{"taxonomy":"post_tag","embeddable":true,"href":"https:\/\/filmvilnius.com\/lt\/wp-json\/wp\/v2\/tags?post=26876"}],"curies":[{"name":"wp","href":"https:\/\/api.w.org\/{rel}","templated":true}]}}