{"id":26999,"date":"2025-03-07T12:46:01","date_gmt":"2025-03-07T12:46:01","guid":{"rendered":"https:\/\/filmvilnius.com\/?p=26999"},"modified":"2026-04-28T08:56:37","modified_gmt":"2026-04-28T06:56:37","slug":"jubiliejinis-kino-pavasaris-atidarytas-oskaro-laimetoju","status":"publish","type":"post","link":"https:\/\/filmvilnius.com\/lt\/jubiliejinis-kino-pavasaris-atidarytas-oskaro-laimetoju\/","title":{"rendered":"Jubiliejinis \u201eKino pavasaris\u201c atidarytas \u201eOskaro\u201c laim\u0117toju"},"content":{"rendered":"\n<p>Trisde\u0161imt\u0105j\u012f pavasar\u012f skai\u010diuojantis festivalis \u201eKino pavasaris\u201c prasid\u0117jo: kiek daugiau nei dvi savaites, iki kovo 23-osios, jis ir v\u0117l kvie\u010dia \u017ei\u016brovus apsigyventi kino sal\u0117se. Jubiliejiniam festivaliui start\u0105 dav\u0117 \u201eOskar\u0105\u201c ir \u201eAuksin\u012f gaubl\u012f\u201c kaip geriausias animacinis filmas \u0161iemet pelniusi kaimyn\u0173 latvi\u0173 sukurta animacija \u2013 re\u017eisieriaus Gintso Zilbalod\u017eio drama \u201ePotvynis\u201c.<\/p>\n\n\n\n<p>Lietuvos nacionaliniame dramos teatre (LNDT) prasid\u0117j\u0119s \u201eKino pavasaris\u201c \u017ei\u016brovus pasitinka atsinaujin\u0119s. Pasak festivalio organizatori\u0173, toks pokytis at\u0117jo nat\u016braliai \u2013 30-ties met\u0173 sukaktis \u017eymi savoti\u0161k\u0105 brand\u0105, kuri\u0105 nor\u0117josi atspind\u0117ti ir nauju festivalio \u201er\u016bbu\u201c \u2013 vizualiniu identitetu. O \u0161iemetinis \u0161\u016bkis \u201e30 gyvenimo kine met\u0173\u201c apibendrina tai, kuo festivalis tapo per tris de\u0161imtme\u010dius: kino atradimo platforma ir rei\u0161kiniu, burian\u010diu kino myl\u0117toj\u0173 bendruomen\u0119.<\/p>\n\n\n\n<p>Tad ir i\u0161kilmingo atidarymo vakaro metu renkantis sve\u010diams skamb\u0117jo tikri, atviri ir asmeni\u0161ki kinu gyvenan\u010dios festivalio komandos pasidalijimai \u2013 30 met\u0173 \u0161ven\u010diant kin\u0105 buvo atrasti nauji draugai ir bendramin\u010diai, k\u016br\u0117si santykiai, keit\u0117si \u012fpro\u010diai, pom\u0117giai ar skoniai \u2013 vyko gyvenimai. \u201eKino pavasario\u201c direktorius Algirdas Rama\u0161ka nuo scenos d\u0117kojo visiems \u2013 tiems, kurie bent kart\u0105 yra buv\u0119 festivalyje ir tiems, kurie ima atostog\u0173, kad gal\u0117t\u0173 pamatyti kuo daugiau film\u0173.<\/p>\n\n\n\n<p>\u201eLaikais kaip \u0161ie, labiausiai norisi kalb\u0117ti apie bendryst\u0119. Vardan taikos, vardan tiesos, vardan gro\u017eio ir meno. Ma\u017eos id\u0117jos tampa didel\u0117mis, o didel\u0117s klesti tik d\u0117l to, kad jas palaiko vertybi\u0161kai aktyvi bendruomen\u0117. Toks yra ir \u201eKino pavasaris\u201c. Nors sakoma, kad skai\u010dius nesvarbu, bet vis tik trys de\u0161imtys gyvavimo met\u0173 yra reik\u0161mingi, nes j\u0173 neb\u016bt\u0173, jei neb\u016bt\u0173 poreikio \u2013 kokybi\u0161kam kinui, kokybi\u0161kam susib\u016brimui kartu\u201c, \u2013 sak\u0117 jis.<\/p>\n\n\n\n<figure class=\"wp-block-image size-large\"><img fetchpriority=\"high\" decoding=\"async\" width=\"1024\" height=\"683\" src=\"https:\/\/filmvilnius.com\/wp-content\/uploads\/2025\/03\/37-1024x683.jpg\" alt=\"\" class=\"wp-image-27000\" srcset=\"https:\/\/filmvilnius.com\/wp-content\/uploads\/2025\/03\/37-1024x683.jpg 1024w, https:\/\/filmvilnius.com\/wp-content\/uploads\/2025\/03\/37-300x200.jpg 300w, https:\/\/filmvilnius.com\/wp-content\/uploads\/2025\/03\/37-768x512.jpg 768w, https:\/\/filmvilnius.com\/wp-content\/uploads\/2025\/03\/37-1536x1024.jpg 1536w, https:\/\/filmvilnius.com\/wp-content\/uploads\/2025\/03\/37.jpg 2048w\" sizes=\"(max-width: 1024px) 100vw, 1024px\" \/><\/figure>\n\n\n\n<p>Festival\u012f su jubiliejiniu atidarymu sveikino LR kult\u016bros ministras \u0160ar\u016bnas Birutis ir Vilniaus miesto meras Valdas Benkunskas. Atidarymo vakar\u0105 \u017ei\u016brovai, kino industrijos atstovai, ilgame\u010diai didieji \u201eKino pavasario\u201c partneriai \u201eERGO\u201c ir \u201eTelia Play\u201c, kuri\u0173 platformoje galima pamatyti dal\u012f \u0161iemetini\u0173 film\u0173, bei daugyb\u0117 kit\u0173 festivalio partneri\u0173 ir draug\u0173 buvo pakviesti \u017ei\u016br\u0117ti bendryst\u0117s tem\u0105 gvildenant\u012f film\u0105 \u2013 \u201eOskar\u0105\u201c ir \u201eAuksin\u012f gaubl\u012f\u201c pelniusi\u0105 latvi\u0173 re\u017eisieriaus Gintso Zilbalod\u017eio dram\u0105 \u201ePotvynis\u201c.<\/p>\n\n\n\n<p>Jaudinanti ir \u012ftraukianti istorija \u201ePotvynyje\u201c pasakojama be \u017eod\u017ei\u0173 \u2013 tik gyv\u016bn\u0173 kalba, garsais ir muzika. \u201eKuriant \u0161\u012f film\u0105 nebuvo klausimo, ar gyv\u016bnai kalb\u0117s \u2013 nor\u0117josi tikrumo. Be \u017eod\u017ei\u0173 filmas tampa universalus, nes \u010dia kalbama visiems suprantama \u2013 jausm\u0173 \u2013 kalba\u201c, \u2013 viename interviu teig\u0117 re\u017eisierius Gints Zilbalodis. Pasak jo, \u017emon\u0117s yra pavarg\u0119 nuo blog\u0173 naujien\u0173 ir galb\u016bt \u0161is filmas suteikia optimizmo ir vilties.<\/p>\n\n\n\n<p>\u201eKino pavasario\u201c vykdomasis direktorius Konradas Kazlauskas sako, kad \u201ePotvynis\u201c unikalus tuo, jog yra tinkamas \u012fvairaus am\u017eiaus \u017ei\u016brovui, tod\u0117l pirm\u0105 kart\u0105 \u201eKino pavasario\u201c istorijoje tiek vaik\u0173, tiek suaugusi\u0173j\u0173 festivalio atidarymui buvo pasirinktas tas pats filmas.<\/p>\n\n\n\n<p>\u201eTikrai reta, kad filmas taip pla\u010diai rezonuot\u0173, burt\u0173 toki\u0105 pla\u010di\u0105 auditorij\u0105 ir atskleist\u0173 temas, kurios aktualios kiekvienam \u017ei\u016brovui nepaisant am\u017eiaus. D\u017eiaugiam\u0117s ir istorine kaimyn\u0173 latvi\u0173 pergale \u201eOskaruose\u201c, ir tuo, kad film\u0105 jau galima pamatyti Lietuvoje\u201c, \u2013 teig\u0117 K. Kazlauskas.<\/p>\n\n\n\n<p>Visus \u201eKino pavasario\u201c seansus galima rasti \u010dia: https:\/\/kinopavasaris.lt\/programa\/. 30-asis Vilniaus miesto festivalis \u201eKino pavasaris\u201c vyksta kovo 7\u201323 d. Festival\u012f palaiko didieji partneriai \u201eERGO\u201c ir \u201eTelia Play\u201c, i\u0161 dalies finansuoja Lietuvos kino centras, Vilniaus miesto savivaldyb\u0117, \u201eK\u016brybi\u0161ka Europa\u201c MEDIA, remia Kauno, \u0160iauli\u0173 ir Panev\u0117\u017eio miest\u0173 savivaldyb\u0117s.<\/p>\n\n\n\n<p>Nuotr. A. Solominas, T. Stukas<\/p>\n","protected":false},"excerpt":{"rendered":"<p>Trisde\u0161imt\u0105j\u012f pavasar\u012f skai\u010diuojantis festivalis \u201eKino pavasaris\u201c prasid\u0117jo: kiek daugiau nei dvi savaites, iki kovo 23-osios, jis ir v\u0117l kvie\u010dia \u017ei\u016brovus apsigyventi kino sal\u0117se. Jubiliejiniam festivaliui start\u0105 dav\u0117 \u201eOskar\u0105\u201c ir \u201eAuksin\u012f gaubl\u012f\u201c kaip geriausias animacinis filmas \u0161iemet pelniusi kaimyn\u0173 latvi\u0173 sukurta animacija \u2013 re\u017eisieriaus Gintso Zilbalod\u017eio drama \u201ePotvynis\u201c. Lietuvos nacionaliniame dramos teatre (LNDT) prasid\u0117j\u0119s \u201eKino pavasaris\u201c [&hellip;]<\/p>\n","protected":false},"author":3,"featured_media":27002,"comment_status":"closed","ping_status":"open","sticky":false,"template":"","format":"standard","meta":{"_acf_changed":false,"_monsterinsights_skip_tracking":false,"_monsterinsights_sitenote_active":false,"_monsterinsights_sitenote_note":"","_monsterinsights_sitenote_category":0,"footnotes":""},"categories":[155],"tags":[],"class_list":["post-26999","post","type-post","status-publish","format-standard","has-post-thumbnail","hentry","category-industrija-ir-renginiai"],"acf":[],"yoast_head":"<!-- This site is optimized with the Yoast SEO plugin v27.4 - https:\/\/yoast.com\/product\/yoast-seo-wordpress\/ -->\n<title>Jubiliejinis \u201eKino pavasaris\u201c atidarytas \u201eOskaro\u201c laim\u0117toju - Vilnius film office<\/title>\n<meta name=\"robots\" content=\"index, follow, max-snippet:-1, max-image-preview:large, max-video-preview:-1\" \/>\n<link rel=\"canonical\" href=\"https:\/\/filmvilnius.com\/lt\/jubiliejinis-kino-pavasaris-atidarytas-oskaro-laimetoju\/\" \/>\n<meta property=\"og:locale\" content=\"lt_LT\" \/>\n<meta property=\"og:type\" content=\"article\" \/>\n<meta property=\"og:title\" content=\"Jubiliejinis \u201eKino pavasaris\u201c atidarytas \u201eOskaro\u201c laim\u0117toju - Vilnius film office\" \/>\n<meta property=\"og:description\" content=\"Trisde\u0161imt\u0105j\u012f pavasar\u012f skai\u010diuojantis festivalis \u201eKino pavasaris\u201c prasid\u0117jo: kiek daugiau nei dvi savaites, iki kovo 23-osios, jis ir v\u0117l kvie\u010dia \u017ei\u016brovus apsigyventi kino sal\u0117se. Jubiliejiniam festivaliui start\u0105 dav\u0117 \u201eOskar\u0105\u201c ir \u201eAuksin\u012f gaubl\u012f\u201c kaip geriausias animacinis filmas \u0161iemet pelniusi kaimyn\u0173 latvi\u0173 sukurta animacija \u2013 re\u017eisieriaus Gintso Zilbalod\u017eio drama \u201ePotvynis\u201c. Lietuvos nacionaliniame dramos teatre (LNDT) prasid\u0117j\u0119s \u201eKino pavasaris\u201c [&hellip;]\" \/>\n<meta property=\"og:url\" content=\"https:\/\/filmvilnius.com\/lt\/jubiliejinis-kino-pavasaris-atidarytas-oskaro-laimetoju\/\" \/>\n<meta property=\"og:site_name\" content=\"Vilnius film office\" \/>\n<meta property=\"article:publisher\" content=\"https:\/\/www.facebook.com\/filmvilnius\" \/>\n<meta property=\"article:published_time\" content=\"2025-03-07T12:46:01+00:00\" \/>\n<meta property=\"article:modified_time\" content=\"2026-04-28T06:56:37+00:00\" \/>\n<meta property=\"og:image\" content=\"https:\/\/filmvilnius.com\/wp-content\/uploads\/2025\/03\/17.jpg\" \/>\n\t<meta property=\"og:image:width\" content=\"2048\" \/>\n\t<meta property=\"og:image:height\" content=\"1365\" \/>\n\t<meta property=\"og:image:type\" content=\"image\/jpeg\" \/>\n<meta name=\"author\" content=\"Vilniaus kino biuras\" \/>\n<meta name=\"twitter:card\" content=\"summary_large_image\" \/>\n<meta name=\"twitter:creator\" content=\"@FilmVilnius\" \/>\n<meta name=\"twitter:site\" content=\"@FilmVilnius\" \/>\n<meta name=\"twitter:label1\" content=\"Written by\" \/>\n\t<meta name=\"twitter:data1\" content=\"Vilniaus kino biuras\" \/>\n\t<meta name=\"twitter:label2\" content=\"Est. reading time\" \/>\n\t<meta name=\"twitter:data2\" content=\"3 minut\u0117s\" \/>\n<script type=\"application\/ld+json\" class=\"yoast-schema-graph\">{\"@context\":\"https:\\\/\\\/schema.org\",\"@graph\":[{\"@type\":\"Article\",\"@id\":\"https:\\\/\\\/filmvilnius.com\\\/lt\\\/jubiliejinis-kino-pavasaris-atidarytas-oskaro-laimetoju\\\/#article\",\"isPartOf\":{\"@id\":\"https:\\\/\\\/filmvilnius.com\\\/lt\\\/jubiliejinis-kino-pavasaris-atidarytas-oskaro-laimetoju\\\/\"},\"author\":{\"name\":\"Vilniaus kino biuras\",\"@id\":\"https:\\\/\\\/filmvilnius.com\\\/#\\\/schema\\\/person\\\/8b5cdb3983bdc74eeb47d664a07e8a7c\"},\"headline\":\"Jubiliejinis \u201eKino pavasaris\u201c atidarytas \u201eOskaro\u201c laim\u0117toju\",\"datePublished\":\"2025-03-07T12:46:01+00:00\",\"dateModified\":\"2026-04-28T06:56:37+00:00\",\"mainEntityOfPage\":{\"@id\":\"https:\\\/\\\/filmvilnius.com\\\/lt\\\/jubiliejinis-kino-pavasaris-atidarytas-oskaro-laimetoju\\\/\"},\"wordCount\":568,\"publisher\":{\"@id\":\"https:\\\/\\\/filmvilnius.com\\\/#organization\"},\"image\":{\"@id\":\"https:\\\/\\\/filmvilnius.com\\\/lt\\\/jubiliejinis-kino-pavasaris-atidarytas-oskaro-laimetoju\\\/#primaryimage\"},\"thumbnailUrl\":\"https:\\\/\\\/filmvilnius.com\\\/wp-content\\\/uploads\\\/2025\\\/03\\\/17.jpg\",\"articleSection\":[\"Industrija ir renginiai\"],\"inLanguage\":\"lt-LT\"},{\"@type\":\"WebPage\",\"@id\":\"https:\\\/\\\/filmvilnius.com\\\/lt\\\/jubiliejinis-kino-pavasaris-atidarytas-oskaro-laimetoju\\\/\",\"url\":\"https:\\\/\\\/filmvilnius.com\\\/lt\\\/jubiliejinis-kino-pavasaris-atidarytas-oskaro-laimetoju\\\/\",\"name\":\"Jubiliejinis \u201eKino pavasaris\u201c atidarytas \u201eOskaro\u201c laim\u0117toju - Vilnius film office\",\"isPartOf\":{\"@id\":\"https:\\\/\\\/filmvilnius.com\\\/#website\"},\"primaryImageOfPage\":{\"@id\":\"https:\\\/\\\/filmvilnius.com\\\/lt\\\/jubiliejinis-kino-pavasaris-atidarytas-oskaro-laimetoju\\\/#primaryimage\"},\"image\":{\"@id\":\"https:\\\/\\\/filmvilnius.com\\\/lt\\\/jubiliejinis-kino-pavasaris-atidarytas-oskaro-laimetoju\\\/#primaryimage\"},\"thumbnailUrl\":\"https:\\\/\\\/filmvilnius.com\\\/wp-content\\\/uploads\\\/2025\\\/03\\\/17.jpg\",\"datePublished\":\"2025-03-07T12:46:01+00:00\",\"dateModified\":\"2026-04-28T06:56:37+00:00\",\"breadcrumb\":{\"@id\":\"https:\\\/\\\/filmvilnius.com\\\/lt\\\/jubiliejinis-kino-pavasaris-atidarytas-oskaro-laimetoju\\\/#breadcrumb\"},\"inLanguage\":\"lt-LT\",\"potentialAction\":[{\"@type\":\"ReadAction\",\"target\":[\"https:\\\/\\\/filmvilnius.com\\\/lt\\\/jubiliejinis-kino-pavasaris-atidarytas-oskaro-laimetoju\\\/\"]}]},{\"@type\":\"ImageObject\",\"inLanguage\":\"lt-LT\",\"@id\":\"https:\\\/\\\/filmvilnius.com\\\/lt\\\/jubiliejinis-kino-pavasaris-atidarytas-oskaro-laimetoju\\\/#primaryimage\",\"url\":\"https:\\\/\\\/filmvilnius.com\\\/wp-content\\\/uploads\\\/2025\\\/03\\\/17.jpg\",\"contentUrl\":\"https:\\\/\\\/filmvilnius.com\\\/wp-content\\\/uploads\\\/2025\\\/03\\\/17.jpg\",\"width\":2048,\"height\":1365},{\"@type\":\"BreadcrumbList\",\"@id\":\"https:\\\/\\\/filmvilnius.com\\\/lt\\\/jubiliejinis-kino-pavasaris-atidarytas-oskaro-laimetoju\\\/#breadcrumb\",\"itemListElement\":[{\"@type\":\"ListItem\",\"position\":1,\"name\":\"Home\",\"item\":\"https:\\\/\\\/filmvilnius.com\\\/lt\\\/\"},{\"@type\":\"ListItem\",\"position\":2,\"name\":\"Jubiliejinis \u201eKino pavasaris\u201c atidarytas \u201eOskaro\u201c laim\u0117toju\"}]},{\"@type\":\"WebSite\",\"@id\":\"https:\\\/\\\/filmvilnius.com\\\/#website\",\"url\":\"https:\\\/\\\/filmvilnius.com\\\/\",\"name\":\"Vilnius film office\",\"description\":\"\",\"publisher\":{\"@id\":\"https:\\\/\\\/filmvilnius.com\\\/#organization\"},\"potentialAction\":[{\"@type\":\"SearchAction\",\"target\":{\"@type\":\"EntryPoint\",\"urlTemplate\":\"https:\\\/\\\/filmvilnius.com\\\/?s={search_term_string}\"},\"query-input\":{\"@type\":\"PropertyValueSpecification\",\"valueRequired\":true,\"valueName\":\"search_term_string\"}}],\"inLanguage\":\"lt-LT\"},{\"@type\":\"Organization\",\"@id\":\"https:\\\/\\\/filmvilnius.com\\\/#organization\",\"name\":\"Vilniaus kino biuras\",\"url\":\"https:\\\/\\\/filmvilnius.com\\\/\",\"logo\":{\"@type\":\"ImageObject\",\"inLanguage\":\"lt-LT\",\"@id\":\"https:\\\/\\\/filmvilnius.com\\\/#\\\/schema\\\/logo\\\/image\\\/\",\"url\":\"https:\\\/\\\/filmvilnius.com\\\/wp-content\\\/uploads\\\/2022\\\/12\\\/VKB-Logo-2022-EN-2-V.jpg\",\"contentUrl\":\"https:\\\/\\\/filmvilnius.com\\\/wp-content\\\/uploads\\\/2022\\\/12\\\/VKB-Logo-2022-EN-2-V.jpg\",\"width\":1419,\"height\":1418,\"caption\":\"Vilniaus kino biuras\"},\"image\":{\"@id\":\"https:\\\/\\\/filmvilnius.com\\\/#\\\/schema\\\/logo\\\/image\\\/\"},\"sameAs\":[\"https:\\\/\\\/www.facebook.com\\\/filmvilnius\",\"https:\\\/\\\/x.com\\\/FilmVilnius\",\"https:\\\/\\\/www.instagram.com\\\/filmvilnius\\\/\"]},{\"@type\":\"Person\",\"@id\":\"https:\\\/\\\/filmvilnius.com\\\/#\\\/schema\\\/person\\\/8b5cdb3983bdc74eeb47d664a07e8a7c\",\"name\":\"Vilniaus kino biuras\",\"image\":{\"@type\":\"ImageObject\",\"inLanguage\":\"lt-LT\",\"@id\":\"https:\\\/\\\/secure.gravatar.com\\\/avatar\\\/644725169c69ad57061a7da5874c1d84a0c902f0dc424faee665d0c37cb52e24?s=96&d=mm&r=g\",\"url\":\"https:\\\/\\\/secure.gravatar.com\\\/avatar\\\/644725169c69ad57061a7da5874c1d84a0c902f0dc424faee665d0c37cb52e24?s=96&d=mm&r=g\",\"contentUrl\":\"https:\\\/\\\/secure.gravatar.com\\\/avatar\\\/644725169c69ad57061a7da5874c1d84a0c902f0dc424faee665d0c37cb52e24?s=96&d=mm&r=g\",\"caption\":\"Vilniaus kino biuras\"},\"url\":\"https:\\\/\\\/filmvilnius.com\\\/lt\\\/author\\\/4b35ef9e4d264bd9\\\/\"}]}<\/script>\n<!-- \/ Yoast SEO plugin. -->","yoast_head_json":{"title":"Jubiliejinis \u201eKino pavasaris\u201c atidarytas \u201eOskaro\u201c laim\u0117toju - Vilnius film office","robots":{"index":"index","follow":"follow","max-snippet":"max-snippet:-1","max-image-preview":"max-image-preview:large","max-video-preview":"max-video-preview:-1"},"canonical":"https:\/\/filmvilnius.com\/lt\/jubiliejinis-kino-pavasaris-atidarytas-oskaro-laimetoju\/","og_locale":"lt_LT","og_type":"article","og_title":"Jubiliejinis \u201eKino pavasaris\u201c atidarytas \u201eOskaro\u201c laim\u0117toju - Vilnius film office","og_description":"Trisde\u0161imt\u0105j\u012f pavasar\u012f skai\u010diuojantis festivalis \u201eKino pavasaris\u201c prasid\u0117jo: kiek daugiau nei dvi savaites, iki kovo 23-osios, jis ir v\u0117l kvie\u010dia \u017ei\u016brovus apsigyventi kino sal\u0117se. Jubiliejiniam festivaliui start\u0105 dav\u0117 \u201eOskar\u0105\u201c ir \u201eAuksin\u012f gaubl\u012f\u201c kaip geriausias animacinis filmas \u0161iemet pelniusi kaimyn\u0173 latvi\u0173 sukurta animacija \u2013 re\u017eisieriaus Gintso Zilbalod\u017eio drama \u201ePotvynis\u201c. Lietuvos nacionaliniame dramos teatre (LNDT) prasid\u0117j\u0119s \u201eKino pavasaris\u201c [&hellip;]","og_url":"https:\/\/filmvilnius.com\/lt\/jubiliejinis-kino-pavasaris-atidarytas-oskaro-laimetoju\/","og_site_name":"Vilnius film office","article_publisher":"https:\/\/www.facebook.com\/filmvilnius","article_published_time":"2025-03-07T12:46:01+00:00","article_modified_time":"2026-04-28T06:56:37+00:00","og_image":[{"width":2048,"height":1365,"url":"https:\/\/filmvilnius.com\/wp-content\/uploads\/2025\/03\/17.jpg","type":"image\/jpeg"}],"author":"Vilniaus kino biuras","twitter_card":"summary_large_image","twitter_creator":"@FilmVilnius","twitter_site":"@FilmVilnius","twitter_misc":{"Written by":"Vilniaus kino biuras","Est. reading time":"3 minut\u0117s"},"schema":{"@context":"https:\/\/schema.org","@graph":[{"@type":"Article","@id":"https:\/\/filmvilnius.com\/lt\/jubiliejinis-kino-pavasaris-atidarytas-oskaro-laimetoju\/#article","isPartOf":{"@id":"https:\/\/filmvilnius.com\/lt\/jubiliejinis-kino-pavasaris-atidarytas-oskaro-laimetoju\/"},"author":{"name":"Vilniaus kino biuras","@id":"https:\/\/filmvilnius.com\/#\/schema\/person\/8b5cdb3983bdc74eeb47d664a07e8a7c"},"headline":"Jubiliejinis \u201eKino pavasaris\u201c atidarytas \u201eOskaro\u201c laim\u0117toju","datePublished":"2025-03-07T12:46:01+00:00","dateModified":"2026-04-28T06:56:37+00:00","mainEntityOfPage":{"@id":"https:\/\/filmvilnius.com\/lt\/jubiliejinis-kino-pavasaris-atidarytas-oskaro-laimetoju\/"},"wordCount":568,"publisher":{"@id":"https:\/\/filmvilnius.com\/#organization"},"image":{"@id":"https:\/\/filmvilnius.com\/lt\/jubiliejinis-kino-pavasaris-atidarytas-oskaro-laimetoju\/#primaryimage"},"thumbnailUrl":"https:\/\/filmvilnius.com\/wp-content\/uploads\/2025\/03\/17.jpg","articleSection":["Industrija ir renginiai"],"inLanguage":"lt-LT"},{"@type":"WebPage","@id":"https:\/\/filmvilnius.com\/lt\/jubiliejinis-kino-pavasaris-atidarytas-oskaro-laimetoju\/","url":"https:\/\/filmvilnius.com\/lt\/jubiliejinis-kino-pavasaris-atidarytas-oskaro-laimetoju\/","name":"Jubiliejinis \u201eKino pavasaris\u201c atidarytas \u201eOskaro\u201c laim\u0117toju - Vilnius film office","isPartOf":{"@id":"https:\/\/filmvilnius.com\/#website"},"primaryImageOfPage":{"@id":"https:\/\/filmvilnius.com\/lt\/jubiliejinis-kino-pavasaris-atidarytas-oskaro-laimetoju\/#primaryimage"},"image":{"@id":"https:\/\/filmvilnius.com\/lt\/jubiliejinis-kino-pavasaris-atidarytas-oskaro-laimetoju\/#primaryimage"},"thumbnailUrl":"https:\/\/filmvilnius.com\/wp-content\/uploads\/2025\/03\/17.jpg","datePublished":"2025-03-07T12:46:01+00:00","dateModified":"2026-04-28T06:56:37+00:00","breadcrumb":{"@id":"https:\/\/filmvilnius.com\/lt\/jubiliejinis-kino-pavasaris-atidarytas-oskaro-laimetoju\/#breadcrumb"},"inLanguage":"lt-LT","potentialAction":[{"@type":"ReadAction","target":["https:\/\/filmvilnius.com\/lt\/jubiliejinis-kino-pavasaris-atidarytas-oskaro-laimetoju\/"]}]},{"@type":"ImageObject","inLanguage":"lt-LT","@id":"https:\/\/filmvilnius.com\/lt\/jubiliejinis-kino-pavasaris-atidarytas-oskaro-laimetoju\/#primaryimage","url":"https:\/\/filmvilnius.com\/wp-content\/uploads\/2025\/03\/17.jpg","contentUrl":"https:\/\/filmvilnius.com\/wp-content\/uploads\/2025\/03\/17.jpg","width":2048,"height":1365},{"@type":"BreadcrumbList","@id":"https:\/\/filmvilnius.com\/lt\/jubiliejinis-kino-pavasaris-atidarytas-oskaro-laimetoju\/#breadcrumb","itemListElement":[{"@type":"ListItem","position":1,"name":"Home","item":"https:\/\/filmvilnius.com\/lt\/"},{"@type":"ListItem","position":2,"name":"Jubiliejinis \u201eKino pavasaris\u201c atidarytas \u201eOskaro\u201c laim\u0117toju"}]},{"@type":"WebSite","@id":"https:\/\/filmvilnius.com\/#website","url":"https:\/\/filmvilnius.com\/","name":"Vilnius film office","description":"","publisher":{"@id":"https:\/\/filmvilnius.com\/#organization"},"potentialAction":[{"@type":"SearchAction","target":{"@type":"EntryPoint","urlTemplate":"https:\/\/filmvilnius.com\/?s={search_term_string}"},"query-input":{"@type":"PropertyValueSpecification","valueRequired":true,"valueName":"search_term_string"}}],"inLanguage":"lt-LT"},{"@type":"Organization","@id":"https:\/\/filmvilnius.com\/#organization","name":"Vilniaus kino biuras","url":"https:\/\/filmvilnius.com\/","logo":{"@type":"ImageObject","inLanguage":"lt-LT","@id":"https:\/\/filmvilnius.com\/#\/schema\/logo\/image\/","url":"https:\/\/filmvilnius.com\/wp-content\/uploads\/2022\/12\/VKB-Logo-2022-EN-2-V.jpg","contentUrl":"https:\/\/filmvilnius.com\/wp-content\/uploads\/2022\/12\/VKB-Logo-2022-EN-2-V.jpg","width":1419,"height":1418,"caption":"Vilniaus kino biuras"},"image":{"@id":"https:\/\/filmvilnius.com\/#\/schema\/logo\/image\/"},"sameAs":["https:\/\/www.facebook.com\/filmvilnius","https:\/\/x.com\/FilmVilnius","https:\/\/www.instagram.com\/filmvilnius\/"]},{"@type":"Person","@id":"https:\/\/filmvilnius.com\/#\/schema\/person\/8b5cdb3983bdc74eeb47d664a07e8a7c","name":"Vilniaus kino biuras","image":{"@type":"ImageObject","inLanguage":"lt-LT","@id":"https:\/\/secure.gravatar.com\/avatar\/644725169c69ad57061a7da5874c1d84a0c902f0dc424faee665d0c37cb52e24?s=96&d=mm&r=g","url":"https:\/\/secure.gravatar.com\/avatar\/644725169c69ad57061a7da5874c1d84a0c902f0dc424faee665d0c37cb52e24?s=96&d=mm&r=g","contentUrl":"https:\/\/secure.gravatar.com\/avatar\/644725169c69ad57061a7da5874c1d84a0c902f0dc424faee665d0c37cb52e24?s=96&d=mm&r=g","caption":"Vilniaus kino biuras"},"url":"https:\/\/filmvilnius.com\/lt\/author\/4b35ef9e4d264bd9\/"}]}},"_links":{"self":[{"href":"https:\/\/filmvilnius.com\/lt\/wp-json\/wp\/v2\/posts\/26999","targetHints":{"allow":["GET"]}}],"collection":[{"href":"https:\/\/filmvilnius.com\/lt\/wp-json\/wp\/v2\/posts"}],"about":[{"href":"https:\/\/filmvilnius.com\/lt\/wp-json\/wp\/v2\/types\/post"}],"author":[{"embeddable":true,"href":"https:\/\/filmvilnius.com\/lt\/wp-json\/wp\/v2\/users\/3"}],"replies":[{"embeddable":true,"href":"https:\/\/filmvilnius.com\/lt\/wp-json\/wp\/v2\/comments?post=26999"}],"version-history":[{"count":1,"href":"https:\/\/filmvilnius.com\/lt\/wp-json\/wp\/v2\/posts\/26999\/revisions"}],"predecessor-version":[{"id":27004,"href":"https:\/\/filmvilnius.com\/lt\/wp-json\/wp\/v2\/posts\/26999\/revisions\/27004"}],"wp:featuredmedia":[{"embeddable":true,"href":"https:\/\/filmvilnius.com\/lt\/wp-json\/wp\/v2\/media\/27002"}],"wp:attachment":[{"href":"https:\/\/filmvilnius.com\/lt\/wp-json\/wp\/v2\/media?parent=26999"}],"wp:term":[{"taxonomy":"category","embeddable":true,"href":"https:\/\/filmvilnius.com\/lt\/wp-json\/wp\/v2\/categories?post=26999"},{"taxonomy":"post_tag","embeddable":true,"href":"https:\/\/filmvilnius.com\/lt\/wp-json\/wp\/v2\/tags?post=26999"}],"curies":[{"name":"wp","href":"https:\/\/api.w.org\/{rel}","templated":true}]}}