{"id":27092,"date":"2025-04-02T05:30:55","date_gmt":"2025-04-02T05:30:55","guid":{"rendered":"https:\/\/filmvilnius.com\/?p=27092"},"modified":"2026-04-28T08:55:18","modified_gmt":"2026-04-28T06:55:18","slug":"vilniuje-susirinks-europos-kino-lyderiai-sostineje-vyks-europos-kino-akademijos-tarybos-susitikimas","status":"publish","type":"post","link":"https:\/\/filmvilnius.com\/lt\/vilniuje-susirinks-europos-kino-lyderiai-sostineje-vyks-europos-kino-akademijos-tarybos-susitikimas\/","title":{"rendered":"Vilniuje susirinks Europos kino lyderiai \u2013 sostin\u0117je vyks Europos kino akademijos Tarybos susitikimas"},"content":{"rendered":"\n<p>Jau visai netrukus Vilnius taps Europos kino \u017eem\u0117lapio centru \u2013 baland\u017eio 4-6 dienomis \u010dia vyks Europos kino akademijos (<em>Akademija<\/em>) Tarybos susitikimas, pirm\u0105 kart\u0105 rengiamas Lietuvoje. Tai i\u0161skirtin\u0117 proga ne tik sostinei, bet ir visai Lietuvos kino bendruomenei \u2013 garb\u0117 priimti vien\u0105 svarbiausi\u0173 Europos kino institucij\u0173 b\u016btent \u010dia rodo vis did\u0117jant\u012f m\u016bs\u0173 regiono matomum\u0105 ir reik\u0161m\u0119 tarptautin\u0117je kino industrijoje.<\/p>\n\n\n\n<p>\u012e Vilni\u0173 atvyks 18 Akademijos Tarybos nari\u0173, atstovaujan\u010di\u0173 15 skirting\u0173 Europos region\u0173, Akademijos generalinis direktorius Matthijs Wouter Knol, Akademijos vykdomasis direktorius J\u00fcrgen Biesinger, taip pat Europos kino apdovanojim\u0173 atrankos komiteto nariai, jau prad\u0117j\u0119 2025 met\u0173 atrankos proceso pirm\u0105j\u012f etap\u0105. Tarybos pos\u0117d\u017eio metu bus sprend\u017eiami aktual\u016bs organizacijos klausimai, tarp j\u0173 \u2013 film\u0173 atranka presti\u017einiams Europos kino apdovanojimams bei art\u0117jan\u010dio apdovanojim\u0173 renginio planavimas.<\/p>\n\n\n\n<p><strong>Europos kino akademijos vadovas Matthijs Wouter Knol pa\u017eymi:<\/strong><strong> <\/strong>\u201ePasirinkti Vilni\u0173 kaip miest\u0105, kuriame susitiks Akademijos Taryba, buvo nesud\u0117tinga. Pastaraisiais metais Lietuvos reik\u0161m\u0117 Europos kino \u017eem\u0117lapyje itin i\u0161augo: toki\u0173 film\u0173 kaip Saul\u0117s Bliuvait\u0117s <em>AKIPL\u0116\u0160A<\/em>, nominuoto Europos kino apdovanojimui 2024 m., d\u0117ka, taip pat d\u0117l \u010dia gyvenan\u010di\u0173 ir kurian\u010di\u0173 talent\u0173 gausos bei patraukli\u0173 filmavimo lokacij\u0173. Matome, kad parama kinui Lietuvoje duoda vaisi\u0173. Po apsilankymo Vilniuje pra\u0117jusi\u0173 met\u0173 lapkrit\u012f per Europos kino festival\u012f <em>Scanorama<\/em>, gr\u012f\u017eti \u010dia taip greitai \u2013 tikras malonumas. Nekantraujame u\u017emegzti naujus ry\u0161ius.\u201c<\/p>\n\n\n\n<p>Tarp Vilniuje susirinksian\u010di\u0173 Europos kino akademijos Tarybos nari\u0173 \u2013 svarbiausios Europos kino industrijos fig\u016bros: Airijos prodiuseris Mike Downey, einantis Akademijos Tarybos pirmininko pareigas, Ada Solomon \u2013 viena \u017eymiausi\u0173 Rumunijos prodiuseri\u0173, kurios darbai (VAIKO POZICIJA, NES\u0116KM\u0116 DULKINANTIS ARBA \u0160ELMI\u0160KAS PORNO) dukart peln\u0117 apdovanojimus Berlyno kino festivalyje, bei Giorgos Karnavas \u2013 vienas aktyviausi\u0173 Graikijos kino prodiuseri\u0173 (LI\u016aDESIO TRIKAMPIS, MARIA), vadovaujantis \u012fmonei \u201eHeretic\u201c. Taip pat dalyvaus \u201eHBO Europe\u201c dokumentikos skyriaus vadov\u0117 Hanka Kastelicov\u00e1, dan\u0173 kino industrijos atstov\u0117 Tine Klint Jensen, viena i\u0161 presti\u017ein\u0117s film\u0173 pardavimo agent\u016bros \u201eLevelK\u201c \u012fk\u016br\u0117j\u0173, Pranc\u016bz\u0173 aktor\u0117 Guslagie Malanda, i\u0161gars\u0117jusi tarptautiniame kine d\u0117l savo vaidmens Alice Diop Venecijoje apdovanotame filme <em>SENT OMERAS<\/em>; bei vienos i\u0161 aktyviausi\u0173 Nyderland\u0173 kino gamybos \u012fmon\u0117s \u201eLemming Film\u201c prodiuser\u0117 Leontine Petit. Taip pat Vilniuje vie\u0161\u0117s ir tarptautiniu mastu pripa\u017einta vokie\u010di\u0173 aktor\u0117 bei re\u017eisier\u0117 Maria Schrader, pelniusi \u201eEmmy\u201c u\u017e serial\u0105 \u201eUNORTHODOX ir re\u017eisavusi film\u0105 I\u2019M YOUR MAN, tapus\u012f Vokietijos kandidatu \u012f \u201eOskar\u0105\u201c.<\/p>\n\n\n\n<p>Svarbu pamin\u0117ti, jog nuo 2024 m. Europos kino akademijos Taryba pirm\u0105 kart\u0105 turi ir Baltijos \u0161ali\u0173 atstov\u0105 \u2013 prodiuser\u0117 Marija Razgut\u0117 (TU MAN NIEKO NEPRIMENI), kino kompanijos M-Films \u012fk\u016br\u0117ja, kurios prodiusuojami filmai pristatomi svarbiausiuose tarptautiniuose festivaliuose, buvo i\u0161rinkta 2024-2025 m. kadencijai.<\/p>\n\n\n\n<p>\u0160io vizito metu vyks ir specialus tinklaveikos renginys, subursiantis Europos kino akademijos Taryb\u0105 ir Lietuvos kino industrijos atstovus bei sprendim\u0173 pri\u0117m\u0117jus. Tai bus puiki proga u\u017emegzti naujus ry\u0161ius, pasidalyti patirtimi bei pristatyti Lietuvos kino industrijos potencial\u0105 platesniame tarptautiniame kontekste. \u0160is susitikimas \u2013 tai dar vienas \u017eingsnis stiprinant Lietuvos, kaip aktyvios ir ambicingos Europos kino \u0161alies, pozicijas.<\/p>\n\n\n\n<p><em>Europos kino akademijos Tarybos susitikimas Vilniuje organizuojamas bendradarbiaujant su AVAKA, Go Vilnius, Lietuvos kino centru, Vilniaus kino biuru ir kino gamybos kompanija M-Films.<\/em><\/p>\n","protected":false},"excerpt":{"rendered":"<p>Jau visai netrukus Vilnius taps Europos kino \u017eem\u0117lapio centru \u2013 baland\u017eio 4-6 dienomis \u010dia vyks Europos kino akademijos (Akademija) Tarybos susitikimas, pirm\u0105 kart\u0105 rengiamas Lietuvoje. Tai i\u0161skirtin\u0117 proga ne tik sostinei, bet ir visai Lietuvos kino bendruomenei \u2013 garb\u0117 priimti vien\u0105 svarbiausi\u0173 Europos kino institucij\u0173 b\u016btent \u010dia rodo vis did\u0117jant\u012f m\u016bs\u0173 regiono matomum\u0105 ir reik\u0161m\u0119 [&hellip;]<\/p>\n","protected":false},"author":6,"featured_media":27095,"comment_status":"closed","ping_status":"open","sticky":false,"template":"","format":"standard","meta":{"_acf_changed":false,"_monsterinsights_skip_tracking":false,"_monsterinsights_sitenote_active":false,"_monsterinsights_sitenote_note":"","_monsterinsights_sitenote_category":0,"footnotes":""},"categories":[193,58,100],"tags":[],"class_list":["post-27092","post","type-post","status-publish","format-standard","has-post-thumbnail","hentry","category-kino-industrijos-naujienos","category-news","category-su-veidais"],"acf":[],"yoast_head":"<!-- This site is optimized with the Yoast SEO plugin v27.4 - https:\/\/yoast.com\/product\/yoast-seo-wordpress\/ -->\n<title>Vilniuje susirinks Europos kino lyderiai \u2013 sostin\u0117je vyks Europos kino akademijos Tarybos susitikimas - Vilnius film office<\/title>\n<meta name=\"description\" content=\"Jau visai netrukus Vilnius taps Europos kino \u017eem\u0117lapio centru \u2013 baland\u017eio 4-6 dienomis \u010dia vyks Europos kino akademijos (Akademija) Tarybos susitikimas\" \/>\n<meta name=\"robots\" content=\"index, follow, max-snippet:-1, max-image-preview:large, max-video-preview:-1\" \/>\n<link rel=\"canonical\" href=\"https:\/\/filmvilnius.com\/lt\/vilniuje-susirinks-europos-kino-lyderiai-sostineje-vyks-europos-kino-akademijos-tarybos-susitikimas\/\" \/>\n<meta property=\"og:locale\" content=\"lt_LT\" \/>\n<meta property=\"og:type\" content=\"article\" \/>\n<meta property=\"og:title\" content=\"Vilniuje susirinks Europos kino lyderiai \u2013 sostin\u0117je vyks Europos kino akademijos Tarybos susitikimas - Vilnius film office\" \/>\n<meta property=\"og:description\" content=\"Jau visai netrukus Vilnius taps Europos kino \u017eem\u0117lapio centru \u2013 baland\u017eio 4-6 dienomis \u010dia vyks Europos kino akademijos (Akademija) Tarybos susitikimas\" \/>\n<meta property=\"og:url\" content=\"https:\/\/filmvilnius.com\/lt\/vilniuje-susirinks-europos-kino-lyderiai-sostineje-vyks-europos-kino-akademijos-tarybos-susitikimas\/\" \/>\n<meta property=\"og:site_name\" content=\"Vilnius film office\" \/>\n<meta property=\"article:publisher\" content=\"https:\/\/www.facebook.com\/filmvilnius\" \/>\n<meta property=\"article:published_time\" content=\"2025-04-02T05:30:55+00:00\" \/>\n<meta property=\"article:modified_time\" content=\"2026-04-28T06:55:18+00:00\" \/>\n<meta property=\"og:image\" content=\"https:\/\/filmvilnius.com\/wp-content\/uploads\/2025\/04\/EFABoard2025_cEuropean-Film-Academy.png\" \/>\n\t<meta property=\"og:image:width\" content=\"1484\" \/>\n\t<meta property=\"og:image:height\" content=\"755\" \/>\n\t<meta property=\"og:image:type\" content=\"image\/png\" \/>\n<meta name=\"author\" content=\"Vilnius Film Office\" \/>\n<meta name=\"twitter:card\" content=\"summary_large_image\" \/>\n<meta name=\"twitter:creator\" content=\"@FilmVilnius\" \/>\n<meta name=\"twitter:site\" content=\"@FilmVilnius\" \/>\n<meta name=\"twitter:label1\" content=\"Written by\" \/>\n\t<meta name=\"twitter:data1\" content=\"Vilnius Film Office\" \/>\n\t<meta name=\"twitter:label2\" content=\"Est. reading time\" \/>\n\t<meta name=\"twitter:data2\" content=\"3 minut\u0117s\" \/>\n<script type=\"application\/ld+json\" class=\"yoast-schema-graph\">{\"@context\":\"https:\\\/\\\/schema.org\",\"@graph\":[{\"@type\":\"Article\",\"@id\":\"https:\\\/\\\/filmvilnius.com\\\/lt\\\/vilniuje-susirinks-europos-kino-lyderiai-sostineje-vyks-europos-kino-akademijos-tarybos-susitikimas\\\/#article\",\"isPartOf\":{\"@id\":\"https:\\\/\\\/filmvilnius.com\\\/lt\\\/vilniuje-susirinks-europos-kino-lyderiai-sostineje-vyks-europos-kino-akademijos-tarybos-susitikimas\\\/\"},\"author\":{\"name\":\"Vilnius Film Office\",\"@id\":\"https:\\\/\\\/filmvilnius.com\\\/#\\\/schema\\\/person\\\/8572c7f289890809bfa364d48f8dded5\"},\"headline\":\"Vilniuje susirinks Europos kino lyderiai \u2013 sostin\u0117je vyks Europos kino akademijos Tarybos susitikimas\",\"datePublished\":\"2025-04-02T05:30:55+00:00\",\"dateModified\":\"2026-04-28T06:55:18+00:00\",\"mainEntityOfPage\":{\"@id\":\"https:\\\/\\\/filmvilnius.com\\\/lt\\\/vilniuje-susirinks-europos-kino-lyderiai-sostineje-vyks-europos-kino-akademijos-tarybos-susitikimas\\\/\"},\"wordCount\":527,\"publisher\":{\"@id\":\"https:\\\/\\\/filmvilnius.com\\\/#organization\"},\"image\":{\"@id\":\"https:\\\/\\\/filmvilnius.com\\\/lt\\\/vilniuje-susirinks-europos-kino-lyderiai-sostineje-vyks-europos-kino-akademijos-tarybos-susitikimas\\\/#primaryimage\"},\"thumbnailUrl\":\"https:\\\/\\\/filmvilnius.com\\\/wp-content\\\/uploads\\\/2025\\\/04\\\/EFABoard2025_cEuropean-Film-Academy-1.png\",\"articleSection\":[\"Kino industrijos naujienos\",\"Naujienos\",\"Su veidais\"],\"inLanguage\":\"lt-LT\"},{\"@type\":\"WebPage\",\"@id\":\"https:\\\/\\\/filmvilnius.com\\\/lt\\\/vilniuje-susirinks-europos-kino-lyderiai-sostineje-vyks-europos-kino-akademijos-tarybos-susitikimas\\\/\",\"url\":\"https:\\\/\\\/filmvilnius.com\\\/lt\\\/vilniuje-susirinks-europos-kino-lyderiai-sostineje-vyks-europos-kino-akademijos-tarybos-susitikimas\\\/\",\"name\":\"Vilniuje susirinks Europos kino lyderiai \u2013 sostin\u0117je vyks Europos kino akademijos Tarybos susitikimas - Vilnius film office\",\"isPartOf\":{\"@id\":\"https:\\\/\\\/filmvilnius.com\\\/#website\"},\"primaryImageOfPage\":{\"@id\":\"https:\\\/\\\/filmvilnius.com\\\/lt\\\/vilniuje-susirinks-europos-kino-lyderiai-sostineje-vyks-europos-kino-akademijos-tarybos-susitikimas\\\/#primaryimage\"},\"image\":{\"@id\":\"https:\\\/\\\/filmvilnius.com\\\/lt\\\/vilniuje-susirinks-europos-kino-lyderiai-sostineje-vyks-europos-kino-akademijos-tarybos-susitikimas\\\/#primaryimage\"},\"thumbnailUrl\":\"https:\\\/\\\/filmvilnius.com\\\/wp-content\\\/uploads\\\/2025\\\/04\\\/EFABoard2025_cEuropean-Film-Academy-1.png\",\"datePublished\":\"2025-04-02T05:30:55+00:00\",\"dateModified\":\"2026-04-28T06:55:18+00:00\",\"description\":\"Jau visai netrukus Vilnius taps Europos kino \u017eem\u0117lapio centru \u2013 baland\u017eio 4-6 dienomis \u010dia vyks Europos kino akademijos (Akademija) Tarybos susitikimas\",\"breadcrumb\":{\"@id\":\"https:\\\/\\\/filmvilnius.com\\\/lt\\\/vilniuje-susirinks-europos-kino-lyderiai-sostineje-vyks-europos-kino-akademijos-tarybos-susitikimas\\\/#breadcrumb\"},\"inLanguage\":\"lt-LT\",\"potentialAction\":[{\"@type\":\"ReadAction\",\"target\":[\"https:\\\/\\\/filmvilnius.com\\\/lt\\\/vilniuje-susirinks-europos-kino-lyderiai-sostineje-vyks-europos-kino-akademijos-tarybos-susitikimas\\\/\"]}]},{\"@type\":\"ImageObject\",\"inLanguage\":\"lt-LT\",\"@id\":\"https:\\\/\\\/filmvilnius.com\\\/lt\\\/vilniuje-susirinks-europos-kino-lyderiai-sostineje-vyks-europos-kino-akademijos-tarybos-susitikimas\\\/#primaryimage\",\"url\":\"https:\\\/\\\/filmvilnius.com\\\/wp-content\\\/uploads\\\/2025\\\/04\\\/EFABoard2025_cEuropean-Film-Academy-1.png\",\"contentUrl\":\"https:\\\/\\\/filmvilnius.com\\\/wp-content\\\/uploads\\\/2025\\\/04\\\/EFABoard2025_cEuropean-Film-Academy-1.png\",\"width\":1484,\"height\":755},{\"@type\":\"BreadcrumbList\",\"@id\":\"https:\\\/\\\/filmvilnius.com\\\/lt\\\/vilniuje-susirinks-europos-kino-lyderiai-sostineje-vyks-europos-kino-akademijos-tarybos-susitikimas\\\/#breadcrumb\",\"itemListElement\":[{\"@type\":\"ListItem\",\"position\":1,\"name\":\"Home\",\"item\":\"https:\\\/\\\/filmvilnius.com\\\/lt\\\/\"},{\"@type\":\"ListItem\",\"position\":2,\"name\":\"Vilniuje susirinks Europos kino lyderiai \u2013 sostin\u0117je vyks Europos kino akademijos Tarybos susitikimas\"}]},{\"@type\":\"WebSite\",\"@id\":\"https:\\\/\\\/filmvilnius.com\\\/#website\",\"url\":\"https:\\\/\\\/filmvilnius.com\\\/\",\"name\":\"Vilnius film office\",\"description\":\"\",\"publisher\":{\"@id\":\"https:\\\/\\\/filmvilnius.com\\\/#organization\"},\"potentialAction\":[{\"@type\":\"SearchAction\",\"target\":{\"@type\":\"EntryPoint\",\"urlTemplate\":\"https:\\\/\\\/filmvilnius.com\\\/?s={search_term_string}\"},\"query-input\":{\"@type\":\"PropertyValueSpecification\",\"valueRequired\":true,\"valueName\":\"search_term_string\"}}],\"inLanguage\":\"lt-LT\"},{\"@type\":\"Organization\",\"@id\":\"https:\\\/\\\/filmvilnius.com\\\/#organization\",\"name\":\"Vilniaus kino biuras\",\"url\":\"https:\\\/\\\/filmvilnius.com\\\/\",\"logo\":{\"@type\":\"ImageObject\",\"inLanguage\":\"lt-LT\",\"@id\":\"https:\\\/\\\/filmvilnius.com\\\/#\\\/schema\\\/logo\\\/image\\\/\",\"url\":\"https:\\\/\\\/filmvilnius.com\\\/wp-content\\\/uploads\\\/2022\\\/12\\\/VKB-Logo-2022-EN-2-V.jpg\",\"contentUrl\":\"https:\\\/\\\/filmvilnius.com\\\/wp-content\\\/uploads\\\/2022\\\/12\\\/VKB-Logo-2022-EN-2-V.jpg\",\"width\":1419,\"height\":1418,\"caption\":\"Vilniaus kino biuras\"},\"image\":{\"@id\":\"https:\\\/\\\/filmvilnius.com\\\/#\\\/schema\\\/logo\\\/image\\\/\"},\"sameAs\":[\"https:\\\/\\\/www.facebook.com\\\/filmvilnius\",\"https:\\\/\\\/x.com\\\/FilmVilnius\",\"https:\\\/\\\/www.instagram.com\\\/filmvilnius\\\/\"]},{\"@type\":\"Person\",\"@id\":\"https:\\\/\\\/filmvilnius.com\\\/#\\\/schema\\\/person\\\/8572c7f289890809bfa364d48f8dded5\",\"name\":\"Vilnius Film Office\",\"image\":{\"@type\":\"ImageObject\",\"inLanguage\":\"lt-LT\",\"@id\":\"https:\\\/\\\/secure.gravatar.com\\\/avatar\\\/2f93c625b891dbd84735ed1bd75819d698625d4c37369c60acab5f321b22fbb2?s=96&d=mm&r=g\",\"url\":\"https:\\\/\\\/secure.gravatar.com\\\/avatar\\\/2f93c625b891dbd84735ed1bd75819d698625d4c37369c60acab5f321b22fbb2?s=96&d=mm&r=g\",\"contentUrl\":\"https:\\\/\\\/secure.gravatar.com\\\/avatar\\\/2f93c625b891dbd84735ed1bd75819d698625d4c37369c60acab5f321b22fbb2?s=96&d=mm&r=g\",\"caption\":\"Vilnius Film Office\"},\"url\":\"https:\\\/\\\/filmvilnius.com\\\/lt\\\/author\\\/ce5c1052f3e77e32\\\/\"}]}<\/script>\n<!-- \/ Yoast SEO plugin. -->","yoast_head_json":{"title":"Vilniuje susirinks Europos kino lyderiai \u2013 sostin\u0117je vyks Europos kino akademijos Tarybos susitikimas - Vilnius film office","description":"Jau visai netrukus Vilnius taps Europos kino \u017eem\u0117lapio centru \u2013 baland\u017eio 4-6 dienomis \u010dia vyks Europos kino akademijos (Akademija) Tarybos susitikimas","robots":{"index":"index","follow":"follow","max-snippet":"max-snippet:-1","max-image-preview":"max-image-preview:large","max-video-preview":"max-video-preview:-1"},"canonical":"https:\/\/filmvilnius.com\/lt\/vilniuje-susirinks-europos-kino-lyderiai-sostineje-vyks-europos-kino-akademijos-tarybos-susitikimas\/","og_locale":"lt_LT","og_type":"article","og_title":"Vilniuje susirinks Europos kino lyderiai \u2013 sostin\u0117je vyks Europos kino akademijos Tarybos susitikimas - Vilnius film office","og_description":"Jau visai netrukus Vilnius taps Europos kino \u017eem\u0117lapio centru \u2013 baland\u017eio 4-6 dienomis \u010dia vyks Europos kino akademijos (Akademija) Tarybos susitikimas","og_url":"https:\/\/filmvilnius.com\/lt\/vilniuje-susirinks-europos-kino-lyderiai-sostineje-vyks-europos-kino-akademijos-tarybos-susitikimas\/","og_site_name":"Vilnius film office","article_publisher":"https:\/\/www.facebook.com\/filmvilnius","article_published_time":"2025-04-02T05:30:55+00:00","article_modified_time":"2026-04-28T06:55:18+00:00","og_image":[{"width":1484,"height":755,"url":"https:\/\/filmvilnius.com\/wp-content\/uploads\/2025\/04\/EFABoard2025_cEuropean-Film-Academy.png","type":"image\/png"}],"author":"Vilnius Film Office","twitter_card":"summary_large_image","twitter_creator":"@FilmVilnius","twitter_site":"@FilmVilnius","twitter_misc":{"Written by":"Vilnius Film Office","Est. reading time":"3 minut\u0117s"},"schema":{"@context":"https:\/\/schema.org","@graph":[{"@type":"Article","@id":"https:\/\/filmvilnius.com\/lt\/vilniuje-susirinks-europos-kino-lyderiai-sostineje-vyks-europos-kino-akademijos-tarybos-susitikimas\/#article","isPartOf":{"@id":"https:\/\/filmvilnius.com\/lt\/vilniuje-susirinks-europos-kino-lyderiai-sostineje-vyks-europos-kino-akademijos-tarybos-susitikimas\/"},"author":{"name":"Vilnius Film Office","@id":"https:\/\/filmvilnius.com\/#\/schema\/person\/8572c7f289890809bfa364d48f8dded5"},"headline":"Vilniuje susirinks Europos kino lyderiai \u2013 sostin\u0117je vyks Europos kino akademijos Tarybos susitikimas","datePublished":"2025-04-02T05:30:55+00:00","dateModified":"2026-04-28T06:55:18+00:00","mainEntityOfPage":{"@id":"https:\/\/filmvilnius.com\/lt\/vilniuje-susirinks-europos-kino-lyderiai-sostineje-vyks-europos-kino-akademijos-tarybos-susitikimas\/"},"wordCount":527,"publisher":{"@id":"https:\/\/filmvilnius.com\/#organization"},"image":{"@id":"https:\/\/filmvilnius.com\/lt\/vilniuje-susirinks-europos-kino-lyderiai-sostineje-vyks-europos-kino-akademijos-tarybos-susitikimas\/#primaryimage"},"thumbnailUrl":"https:\/\/filmvilnius.com\/wp-content\/uploads\/2025\/04\/EFABoard2025_cEuropean-Film-Academy-1.png","articleSection":["Kino industrijos naujienos","Naujienos","Su veidais"],"inLanguage":"lt-LT"},{"@type":"WebPage","@id":"https:\/\/filmvilnius.com\/lt\/vilniuje-susirinks-europos-kino-lyderiai-sostineje-vyks-europos-kino-akademijos-tarybos-susitikimas\/","url":"https:\/\/filmvilnius.com\/lt\/vilniuje-susirinks-europos-kino-lyderiai-sostineje-vyks-europos-kino-akademijos-tarybos-susitikimas\/","name":"Vilniuje susirinks Europos kino lyderiai \u2013 sostin\u0117je vyks Europos kino akademijos Tarybos susitikimas - Vilnius film office","isPartOf":{"@id":"https:\/\/filmvilnius.com\/#website"},"primaryImageOfPage":{"@id":"https:\/\/filmvilnius.com\/lt\/vilniuje-susirinks-europos-kino-lyderiai-sostineje-vyks-europos-kino-akademijos-tarybos-susitikimas\/#primaryimage"},"image":{"@id":"https:\/\/filmvilnius.com\/lt\/vilniuje-susirinks-europos-kino-lyderiai-sostineje-vyks-europos-kino-akademijos-tarybos-susitikimas\/#primaryimage"},"thumbnailUrl":"https:\/\/filmvilnius.com\/wp-content\/uploads\/2025\/04\/EFABoard2025_cEuropean-Film-Academy-1.png","datePublished":"2025-04-02T05:30:55+00:00","dateModified":"2026-04-28T06:55:18+00:00","description":"Jau visai netrukus Vilnius taps Europos kino \u017eem\u0117lapio centru \u2013 baland\u017eio 4-6 dienomis \u010dia vyks Europos kino akademijos (Akademija) Tarybos susitikimas","breadcrumb":{"@id":"https:\/\/filmvilnius.com\/lt\/vilniuje-susirinks-europos-kino-lyderiai-sostineje-vyks-europos-kino-akademijos-tarybos-susitikimas\/#breadcrumb"},"inLanguage":"lt-LT","potentialAction":[{"@type":"ReadAction","target":["https:\/\/filmvilnius.com\/lt\/vilniuje-susirinks-europos-kino-lyderiai-sostineje-vyks-europos-kino-akademijos-tarybos-susitikimas\/"]}]},{"@type":"ImageObject","inLanguage":"lt-LT","@id":"https:\/\/filmvilnius.com\/lt\/vilniuje-susirinks-europos-kino-lyderiai-sostineje-vyks-europos-kino-akademijos-tarybos-susitikimas\/#primaryimage","url":"https:\/\/filmvilnius.com\/wp-content\/uploads\/2025\/04\/EFABoard2025_cEuropean-Film-Academy-1.png","contentUrl":"https:\/\/filmvilnius.com\/wp-content\/uploads\/2025\/04\/EFABoard2025_cEuropean-Film-Academy-1.png","width":1484,"height":755},{"@type":"BreadcrumbList","@id":"https:\/\/filmvilnius.com\/lt\/vilniuje-susirinks-europos-kino-lyderiai-sostineje-vyks-europos-kino-akademijos-tarybos-susitikimas\/#breadcrumb","itemListElement":[{"@type":"ListItem","position":1,"name":"Home","item":"https:\/\/filmvilnius.com\/lt\/"},{"@type":"ListItem","position":2,"name":"Vilniuje susirinks Europos kino lyderiai \u2013 sostin\u0117je vyks Europos kino akademijos Tarybos susitikimas"}]},{"@type":"WebSite","@id":"https:\/\/filmvilnius.com\/#website","url":"https:\/\/filmvilnius.com\/","name":"Vilnius film office","description":"","publisher":{"@id":"https:\/\/filmvilnius.com\/#organization"},"potentialAction":[{"@type":"SearchAction","target":{"@type":"EntryPoint","urlTemplate":"https:\/\/filmvilnius.com\/?s={search_term_string}"},"query-input":{"@type":"PropertyValueSpecification","valueRequired":true,"valueName":"search_term_string"}}],"inLanguage":"lt-LT"},{"@type":"Organization","@id":"https:\/\/filmvilnius.com\/#organization","name":"Vilniaus kino biuras","url":"https:\/\/filmvilnius.com\/","logo":{"@type":"ImageObject","inLanguage":"lt-LT","@id":"https:\/\/filmvilnius.com\/#\/schema\/logo\/image\/","url":"https:\/\/filmvilnius.com\/wp-content\/uploads\/2022\/12\/VKB-Logo-2022-EN-2-V.jpg","contentUrl":"https:\/\/filmvilnius.com\/wp-content\/uploads\/2022\/12\/VKB-Logo-2022-EN-2-V.jpg","width":1419,"height":1418,"caption":"Vilniaus kino biuras"},"image":{"@id":"https:\/\/filmvilnius.com\/#\/schema\/logo\/image\/"},"sameAs":["https:\/\/www.facebook.com\/filmvilnius","https:\/\/x.com\/FilmVilnius","https:\/\/www.instagram.com\/filmvilnius\/"]},{"@type":"Person","@id":"https:\/\/filmvilnius.com\/#\/schema\/person\/8572c7f289890809bfa364d48f8dded5","name":"Vilnius Film Office","image":{"@type":"ImageObject","inLanguage":"lt-LT","@id":"https:\/\/secure.gravatar.com\/avatar\/2f93c625b891dbd84735ed1bd75819d698625d4c37369c60acab5f321b22fbb2?s=96&d=mm&r=g","url":"https:\/\/secure.gravatar.com\/avatar\/2f93c625b891dbd84735ed1bd75819d698625d4c37369c60acab5f321b22fbb2?s=96&d=mm&r=g","contentUrl":"https:\/\/secure.gravatar.com\/avatar\/2f93c625b891dbd84735ed1bd75819d698625d4c37369c60acab5f321b22fbb2?s=96&d=mm&r=g","caption":"Vilnius Film Office"},"url":"https:\/\/filmvilnius.com\/lt\/author\/ce5c1052f3e77e32\/"}]}},"_links":{"self":[{"href":"https:\/\/filmvilnius.com\/lt\/wp-json\/wp\/v2\/posts\/27092","targetHints":{"allow":["GET"]}}],"collection":[{"href":"https:\/\/filmvilnius.com\/lt\/wp-json\/wp\/v2\/posts"}],"about":[{"href":"https:\/\/filmvilnius.com\/lt\/wp-json\/wp\/v2\/types\/post"}],"author":[{"embeddable":true,"href":"https:\/\/filmvilnius.com\/lt\/wp-json\/wp\/v2\/users\/6"}],"replies":[{"embeddable":true,"href":"https:\/\/filmvilnius.com\/lt\/wp-json\/wp\/v2\/comments?post=27092"}],"version-history":[{"count":4,"href":"https:\/\/filmvilnius.com\/lt\/wp-json\/wp\/v2\/posts\/27092\/revisions"}],"predecessor-version":[{"id":27222,"href":"https:\/\/filmvilnius.com\/lt\/wp-json\/wp\/v2\/posts\/27092\/revisions\/27222"}],"wp:featuredmedia":[{"embeddable":true,"href":"https:\/\/filmvilnius.com\/lt\/wp-json\/wp\/v2\/media\/27095"}],"wp:attachment":[{"href":"https:\/\/filmvilnius.com\/lt\/wp-json\/wp\/v2\/media?parent=27092"}],"wp:term":[{"taxonomy":"category","embeddable":true,"href":"https:\/\/filmvilnius.com\/lt\/wp-json\/wp\/v2\/categories?post=27092"},{"taxonomy":"post_tag","embeddable":true,"href":"https:\/\/filmvilnius.com\/lt\/wp-json\/wp\/v2\/tags?post=27092"}],"curies":[{"name":"wp","href":"https:\/\/api.w.org\/{rel}","templated":true}]}}