{"id":27549,"date":"2025-07-18T14:45:31","date_gmt":"2025-07-18T14:45:31","guid":{"rendered":"https:\/\/filmvilnius.com\/?p=27549"},"modified":"2026-04-28T08:47:13","modified_gmt":"2026-04-28T06:47:13","slug":"vilniuje-filmuojamos-uzsienio-reklamos-ekrane-gedimino-prospektas-ir-traku-vokes-dvaras","status":"publish","type":"post","link":"https:\/\/filmvilnius.com\/lt\/vilniuje-filmuojamos-uzsienio-reklamos-ekrane-gedimino-prospektas-ir-traku-vokes-dvaras\/","title":{"rendered":"Vilniuje filmuojamos u\u017esienio reklamos: ekrane \u2013 Gedimino prospektas ir Trak\u0173 Vok\u0117s dvaras"},"content":{"rendered":"\n<p>Vilniuje liep\u0105 filmuojamos net kelios reklamos. Tarptautin\u0117ms rinkoms skirtuose reklaminiuose klipuose \u2013 gerai \u017einomos vietos: Trak\u0173 Vok\u0117s dvaras, Gedimino prospektas, \u012fvair\u016bs interjerai.<\/p>\n\n\n\n<p>U\u017esienio k\u016br\u0117jai Vilniuje filmuos \u201eDepop\u201c prek\u0117s \u017eenklo reklam\u0105 \u2013 klipas kuriamas kaip vizualin\u0117 metafora, parodanti, kaip \u201eDepop\u201c yra platforma, jungianti \u017emones, turin\u010dius skon\u012f. Anot k\u016br\u0117j\u0173, tai \u2013 vienas t\u0173 klip\u0173, kurie primena, kod\u0117l verta filmuoti Lietuvoje.<\/p>\n\n\n\n<p>Vilniaus kino biuras primena, kad pra\u0117jusiais metais vie\u0161ose miesto vietose nufilmuota per 70 reklam\u0173. Vilni\u0173 filmavimams jau pasirinko tokie preki\u0173 \u017eenklai kaip \u201eKinder\u201c, \u201eHonda\u201c, \u201eKFC\u201c, \u201eTesco\u201c, \u201eIKEA\u201c, \u201eVolvo\u201c ir daugyb\u0117 kit\u0173.<\/p>\n\n\n\n<p><strong>Vilniaus kino biuras informuoja apie filmavimo darbus mieste bei trumpalaikius eismo ribojimus:<\/strong><\/p>\n\n\n\n<p>Liepos 19 d. 7-21 val. filmavimai vyks adresu A. Strazdelio g. 1. Nuo liepos 18 d. 18 val. iki liepos 19 d. 21 val. bus rezervuojama 17 parkingo viet\u0173 \u0160v. Dvasios g.;<\/p>\n\n\n\n<p>Liepos 19 d. ir 20 d. 7\u201313 val. filmavimai vyks Gedimino prospekto ir A. Stulginskio gatvi\u0173 sankry\u017eoje draud\u017eiant transporto priemoni\u0173 eism\u0105 ir trumpam (iki 2 min.) ribojant p\u0117s\u010di\u0173j\u0173 ir dvira\u010di\u0173 eism\u0105 filmavimo teritorijoje. Nuo liepos 18 arba 19 d. 19 val. iki liepos 19 arba 20 d. 13 val. bus rezervuojama 13 parkingo viet\u0173 A. Stulginskio g. ir 2 parkingo vietos A. Smetonos g.;<\/p>\n\n\n\n<p>Liepos 20 d. 7-15 val. filmavimai vyks Savanori\u0173 pr. 180. Nuo liepos 19 d. 17 val. iki liepos 20 d. 15 val. bus rezervuojama 18 parkingo viet\u0173 Savanori\u0173 pr. 180;<\/p>\n\n\n\n<p>Liepos 21 d., arba liepos 22 d., arba liepos 23 d., arba liepos 24 d. 23\u20132 val. (vien\u0105 i\u0161 nurodyt\u0173 dat\u0173, priklausomai nuo oro s\u0105lyg\u0173) bus filmuojama po\u017eemin\u0117je p\u0117s\u010di\u0173j\u0173 per\u0117joje, esan\u010dioje Pilait\u0117s prospekte;<\/p>\n\n\n\n<p>Liepos 21 d. ir 23 d. 7\u201313 val. filmavimai vyks \u0161alia Trak\u0173 Vok\u0117s dvaro trumpam (iki 2 min.) ribojant p\u0117s\u010di\u0173j\u0173 ir dvira\u010di\u0173 eism\u0105 filmavimo teritorijoje, technin\u012f filmavimo transport\u0105 statant draud\u017eiamojoje zonoje.&nbsp;<\/p>\n\n\n\n<p><strong>Atsipra\u0161ome gyventoj\u0173 ir miesto sve\u010di\u0173 u\u017e laikinus nepatogumus. D\u0117kojame u\u017e supratingum\u0105!<\/strong><\/p>\n","protected":false},"excerpt":{"rendered":"<p>Vilniuje liep\u0105 filmuojamos net kelios reklamos. Tarptautin\u0117ms rinkoms skirtuose reklaminiuose klipuose \u2013 gerai \u017einomos vietos: Trak\u0173 Vok\u0117s dvaras, Gedimino prospektas, \u012fvair\u016bs interjerai. U\u017esienio k\u016br\u0117jai Vilniuje filmuos \u201eDepop\u201c prek\u0117s \u017eenklo reklam\u0105 \u2013 klipas kuriamas kaip vizualin\u0117 metafora, parodanti, kaip \u201eDepop\u201c yra platforma, jungianti \u017emones, turin\u010dius skon\u012f. Anot k\u016br\u0117j\u0173, tai \u2013 vienas t\u0173 klip\u0173, kurie primena, kod\u0117l [&hellip;]<\/p>\n","protected":false},"author":6,"featured_media":27550,"comment_status":"closed","ping_status":"open","sticky":false,"template":"","format":"standard","meta":{"_acf_changed":false,"_monsterinsights_skip_tracking":false,"_monsterinsights_sitenote_active":false,"_monsterinsights_sitenote_note":"","_monsterinsights_sitenote_category":0,"footnotes":""},"categories":[160,58],"tags":[],"class_list":["post-27549","post","type-post","status-publish","format-standard","has-post-thumbnail","hentry","category-filmavimai-vilniuje","category-news"],"acf":[],"yoast_head":"<!-- This site is optimized with the Yoast SEO plugin v27.4 - https:\/\/yoast.com\/product\/yoast-seo-wordpress\/ -->\n<title>Vilniuje filmuojamos u\u017esienio reklamos: ekrane \u2013 Gedimino prospektas ir Trak\u0173 Vok\u0117s dvaras - Vilnius film office<\/title>\n<meta name=\"description\" content=\"Vilniuje filmuojamos u\u017esienio reklamos: ekrane \u2013 Gedimino prospektas ir Trak\u0173 Vok\u0117s dvaras\" \/>\n<meta name=\"robots\" content=\"index, follow, max-snippet:-1, max-image-preview:large, max-video-preview:-1\" \/>\n<link rel=\"canonical\" href=\"https:\/\/filmvilnius.com\/lt\/vilniuje-filmuojamos-uzsienio-reklamos-ekrane-gedimino-prospektas-ir-traku-vokes-dvaras\/\" \/>\n<meta property=\"og:locale\" content=\"lt_LT\" \/>\n<meta property=\"og:type\" content=\"article\" \/>\n<meta property=\"og:title\" content=\"Vilniuje filmuojamos u\u017esienio reklamos: ekrane \u2013 Gedimino prospektas ir Trak\u0173 Vok\u0117s dvaras - Vilnius film office\" \/>\n<meta property=\"og:description\" content=\"Vilniuje filmuojamos u\u017esienio reklamos: ekrane \u2013 Gedimino prospektas ir Trak\u0173 Vok\u0117s dvaras\" \/>\n<meta property=\"og:url\" content=\"https:\/\/filmvilnius.com\/lt\/vilniuje-filmuojamos-uzsienio-reklamos-ekrane-gedimino-prospektas-ir-traku-vokes-dvaras\/\" \/>\n<meta property=\"og:site_name\" content=\"Vilnius film office\" \/>\n<meta property=\"article:publisher\" content=\"https:\/\/www.facebook.com\/filmvilnius\" \/>\n<meta property=\"article:published_time\" content=\"2025-07-18T14:45:31+00:00\" \/>\n<meta property=\"article:modified_time\" content=\"2026-04-28T06:47:13+00:00\" \/>\n<meta property=\"og:image\" content=\"https:\/\/filmvilnius.com\/wp-content\/uploads\/2025\/07\/1-Sauliaus-Ziuros-nuotr.-1536x911-1.jpg\" \/>\n\t<meta property=\"og:image:width\" content=\"1536\" \/>\n\t<meta property=\"og:image:height\" content=\"911\" \/>\n\t<meta property=\"og:image:type\" content=\"image\/jpeg\" \/>\n<meta name=\"author\" content=\"Vilnius Film Office\" \/>\n<meta name=\"twitter:card\" content=\"summary_large_image\" \/>\n<meta name=\"twitter:creator\" content=\"@FilmVilnius\" \/>\n<meta name=\"twitter:site\" content=\"@FilmVilnius\" \/>\n<meta name=\"twitter:label1\" content=\"Written by\" \/>\n\t<meta name=\"twitter:data1\" content=\"Vilnius Film Office\" \/>\n\t<meta name=\"twitter:label2\" content=\"Est. reading time\" \/>\n\t<meta name=\"twitter:data2\" content=\"2 minut\u0117s\" \/>\n<script type=\"application\/ld+json\" class=\"yoast-schema-graph\">{\"@context\":\"https:\\\/\\\/schema.org\",\"@graph\":[{\"@type\":\"Article\",\"@id\":\"https:\\\/\\\/filmvilnius.com\\\/lt\\\/vilniuje-filmuojamos-uzsienio-reklamos-ekrane-gedimino-prospektas-ir-traku-vokes-dvaras\\\/#article\",\"isPartOf\":{\"@id\":\"https:\\\/\\\/filmvilnius.com\\\/lt\\\/vilniuje-filmuojamos-uzsienio-reklamos-ekrane-gedimino-prospektas-ir-traku-vokes-dvaras\\\/\"},\"author\":{\"name\":\"Vilnius Film Office\",\"@id\":\"https:\\\/\\\/filmvilnius.com\\\/#\\\/schema\\\/person\\\/8572c7f289890809bfa364d48f8dded5\"},\"headline\":\"Vilniuje filmuojamos u\u017esienio reklamos: ekrane \u2013 Gedimino prospektas ir Trak\u0173 Vok\u0117s dvaras\",\"datePublished\":\"2025-07-18T14:45:31+00:00\",\"dateModified\":\"2026-04-28T06:47:13+00:00\",\"mainEntityOfPage\":{\"@id\":\"https:\\\/\\\/filmvilnius.com\\\/lt\\\/vilniuje-filmuojamos-uzsienio-reklamos-ekrane-gedimino-prospektas-ir-traku-vokes-dvaras\\\/\"},\"wordCount\":313,\"publisher\":{\"@id\":\"https:\\\/\\\/filmvilnius.com\\\/#organization\"},\"image\":{\"@id\":\"https:\\\/\\\/filmvilnius.com\\\/lt\\\/vilniuje-filmuojamos-uzsienio-reklamos-ekrane-gedimino-prospektas-ir-traku-vokes-dvaras\\\/#primaryimage\"},\"thumbnailUrl\":\"https:\\\/\\\/filmvilnius.com\\\/wp-content\\\/uploads\\\/2025\\\/07\\\/1-Sauliaus-Ziuros-nuotr.-1536x911-1.jpg\",\"articleSection\":[\"Filmavimai Vilniuje\",\"Naujienos\"],\"inLanguage\":\"lt-LT\"},{\"@type\":\"WebPage\",\"@id\":\"https:\\\/\\\/filmvilnius.com\\\/lt\\\/vilniuje-filmuojamos-uzsienio-reklamos-ekrane-gedimino-prospektas-ir-traku-vokes-dvaras\\\/\",\"url\":\"https:\\\/\\\/filmvilnius.com\\\/lt\\\/vilniuje-filmuojamos-uzsienio-reklamos-ekrane-gedimino-prospektas-ir-traku-vokes-dvaras\\\/\",\"name\":\"Vilniuje filmuojamos u\u017esienio reklamos: ekrane \u2013 Gedimino prospektas ir Trak\u0173 Vok\u0117s dvaras - Vilnius film office\",\"isPartOf\":{\"@id\":\"https:\\\/\\\/filmvilnius.com\\\/#website\"},\"primaryImageOfPage\":{\"@id\":\"https:\\\/\\\/filmvilnius.com\\\/lt\\\/vilniuje-filmuojamos-uzsienio-reklamos-ekrane-gedimino-prospektas-ir-traku-vokes-dvaras\\\/#primaryimage\"},\"image\":{\"@id\":\"https:\\\/\\\/filmvilnius.com\\\/lt\\\/vilniuje-filmuojamos-uzsienio-reklamos-ekrane-gedimino-prospektas-ir-traku-vokes-dvaras\\\/#primaryimage\"},\"thumbnailUrl\":\"https:\\\/\\\/filmvilnius.com\\\/wp-content\\\/uploads\\\/2025\\\/07\\\/1-Sauliaus-Ziuros-nuotr.-1536x911-1.jpg\",\"datePublished\":\"2025-07-18T14:45:31+00:00\",\"dateModified\":\"2026-04-28T06:47:13+00:00\",\"description\":\"Vilniuje filmuojamos u\u017esienio reklamos: ekrane \u2013 Gedimino prospektas ir Trak\u0173 Vok\u0117s dvaras\",\"breadcrumb\":{\"@id\":\"https:\\\/\\\/filmvilnius.com\\\/lt\\\/vilniuje-filmuojamos-uzsienio-reklamos-ekrane-gedimino-prospektas-ir-traku-vokes-dvaras\\\/#breadcrumb\"},\"inLanguage\":\"lt-LT\",\"potentialAction\":[{\"@type\":\"ReadAction\",\"target\":[\"https:\\\/\\\/filmvilnius.com\\\/lt\\\/vilniuje-filmuojamos-uzsienio-reklamos-ekrane-gedimino-prospektas-ir-traku-vokes-dvaras\\\/\"]}]},{\"@type\":\"ImageObject\",\"inLanguage\":\"lt-LT\",\"@id\":\"https:\\\/\\\/filmvilnius.com\\\/lt\\\/vilniuje-filmuojamos-uzsienio-reklamos-ekrane-gedimino-prospektas-ir-traku-vokes-dvaras\\\/#primaryimage\",\"url\":\"https:\\\/\\\/filmvilnius.com\\\/wp-content\\\/uploads\\\/2025\\\/07\\\/1-Sauliaus-Ziuros-nuotr.-1536x911-1.jpg\",\"contentUrl\":\"https:\\\/\\\/filmvilnius.com\\\/wp-content\\\/uploads\\\/2025\\\/07\\\/1-Sauliaus-Ziuros-nuotr.-1536x911-1.jpg\",\"width\":1536,\"height\":911},{\"@type\":\"BreadcrumbList\",\"@id\":\"https:\\\/\\\/filmvilnius.com\\\/lt\\\/vilniuje-filmuojamos-uzsienio-reklamos-ekrane-gedimino-prospektas-ir-traku-vokes-dvaras\\\/#breadcrumb\",\"itemListElement\":[{\"@type\":\"ListItem\",\"position\":1,\"name\":\"Home\",\"item\":\"https:\\\/\\\/filmvilnius.com\\\/lt\\\/\"},{\"@type\":\"ListItem\",\"position\":2,\"name\":\"Vilniuje filmuojamos u\u017esienio reklamos: ekrane \u2013 Gedimino prospektas ir Trak\u0173 Vok\u0117s dvaras\"}]},{\"@type\":\"WebSite\",\"@id\":\"https:\\\/\\\/filmvilnius.com\\\/#website\",\"url\":\"https:\\\/\\\/filmvilnius.com\\\/\",\"name\":\"Vilnius film office\",\"description\":\"\",\"publisher\":{\"@id\":\"https:\\\/\\\/filmvilnius.com\\\/#organization\"},\"potentialAction\":[{\"@type\":\"SearchAction\",\"target\":{\"@type\":\"EntryPoint\",\"urlTemplate\":\"https:\\\/\\\/filmvilnius.com\\\/?s={search_term_string}\"},\"query-input\":{\"@type\":\"PropertyValueSpecification\",\"valueRequired\":true,\"valueName\":\"search_term_string\"}}],\"inLanguage\":\"lt-LT\"},{\"@type\":\"Organization\",\"@id\":\"https:\\\/\\\/filmvilnius.com\\\/#organization\",\"name\":\"Vilniaus kino biuras\",\"url\":\"https:\\\/\\\/filmvilnius.com\\\/\",\"logo\":{\"@type\":\"ImageObject\",\"inLanguage\":\"lt-LT\",\"@id\":\"https:\\\/\\\/filmvilnius.com\\\/#\\\/schema\\\/logo\\\/image\\\/\",\"url\":\"https:\\\/\\\/filmvilnius.com\\\/wp-content\\\/uploads\\\/2022\\\/12\\\/VKB-Logo-2022-EN-2-V.jpg\",\"contentUrl\":\"https:\\\/\\\/filmvilnius.com\\\/wp-content\\\/uploads\\\/2022\\\/12\\\/VKB-Logo-2022-EN-2-V.jpg\",\"width\":1419,\"height\":1418,\"caption\":\"Vilniaus kino biuras\"},\"image\":{\"@id\":\"https:\\\/\\\/filmvilnius.com\\\/#\\\/schema\\\/logo\\\/image\\\/\"},\"sameAs\":[\"https:\\\/\\\/www.facebook.com\\\/filmvilnius\",\"https:\\\/\\\/x.com\\\/FilmVilnius\",\"https:\\\/\\\/www.instagram.com\\\/filmvilnius\\\/\"]},{\"@type\":\"Person\",\"@id\":\"https:\\\/\\\/filmvilnius.com\\\/#\\\/schema\\\/person\\\/8572c7f289890809bfa364d48f8dded5\",\"name\":\"Vilnius Film Office\",\"image\":{\"@type\":\"ImageObject\",\"inLanguage\":\"lt-LT\",\"@id\":\"https:\\\/\\\/secure.gravatar.com\\\/avatar\\\/2f93c625b891dbd84735ed1bd75819d698625d4c37369c60acab5f321b22fbb2?s=96&d=mm&r=g\",\"url\":\"https:\\\/\\\/secure.gravatar.com\\\/avatar\\\/2f93c625b891dbd84735ed1bd75819d698625d4c37369c60acab5f321b22fbb2?s=96&d=mm&r=g\",\"contentUrl\":\"https:\\\/\\\/secure.gravatar.com\\\/avatar\\\/2f93c625b891dbd84735ed1bd75819d698625d4c37369c60acab5f321b22fbb2?s=96&d=mm&r=g\",\"caption\":\"Vilnius Film Office\"},\"url\":\"https:\\\/\\\/filmvilnius.com\\\/lt\\\/author\\\/ce5c1052f3e77e32\\\/\"}]}<\/script>\n<!-- \/ Yoast SEO plugin. -->","yoast_head_json":{"title":"Vilniuje filmuojamos u\u017esienio reklamos: ekrane \u2013 Gedimino prospektas ir Trak\u0173 Vok\u0117s dvaras - Vilnius film office","description":"Vilniuje filmuojamos u\u017esienio reklamos: ekrane \u2013 Gedimino prospektas ir Trak\u0173 Vok\u0117s dvaras","robots":{"index":"index","follow":"follow","max-snippet":"max-snippet:-1","max-image-preview":"max-image-preview:large","max-video-preview":"max-video-preview:-1"},"canonical":"https:\/\/filmvilnius.com\/lt\/vilniuje-filmuojamos-uzsienio-reklamos-ekrane-gedimino-prospektas-ir-traku-vokes-dvaras\/","og_locale":"lt_LT","og_type":"article","og_title":"Vilniuje filmuojamos u\u017esienio reklamos: ekrane \u2013 Gedimino prospektas ir Trak\u0173 Vok\u0117s dvaras - Vilnius film office","og_description":"Vilniuje filmuojamos u\u017esienio reklamos: ekrane \u2013 Gedimino prospektas ir Trak\u0173 Vok\u0117s dvaras","og_url":"https:\/\/filmvilnius.com\/lt\/vilniuje-filmuojamos-uzsienio-reklamos-ekrane-gedimino-prospektas-ir-traku-vokes-dvaras\/","og_site_name":"Vilnius film office","article_publisher":"https:\/\/www.facebook.com\/filmvilnius","article_published_time":"2025-07-18T14:45:31+00:00","article_modified_time":"2026-04-28T06:47:13+00:00","og_image":[{"width":1536,"height":911,"url":"https:\/\/filmvilnius.com\/wp-content\/uploads\/2025\/07\/1-Sauliaus-Ziuros-nuotr.-1536x911-1.jpg","type":"image\/jpeg"}],"author":"Vilnius Film Office","twitter_card":"summary_large_image","twitter_creator":"@FilmVilnius","twitter_site":"@FilmVilnius","twitter_misc":{"Written by":"Vilnius Film Office","Est. reading time":"2 minut\u0117s"},"schema":{"@context":"https:\/\/schema.org","@graph":[{"@type":"Article","@id":"https:\/\/filmvilnius.com\/lt\/vilniuje-filmuojamos-uzsienio-reklamos-ekrane-gedimino-prospektas-ir-traku-vokes-dvaras\/#article","isPartOf":{"@id":"https:\/\/filmvilnius.com\/lt\/vilniuje-filmuojamos-uzsienio-reklamos-ekrane-gedimino-prospektas-ir-traku-vokes-dvaras\/"},"author":{"name":"Vilnius Film Office","@id":"https:\/\/filmvilnius.com\/#\/schema\/person\/8572c7f289890809bfa364d48f8dded5"},"headline":"Vilniuje filmuojamos u\u017esienio reklamos: ekrane \u2013 Gedimino prospektas ir Trak\u0173 Vok\u0117s dvaras","datePublished":"2025-07-18T14:45:31+00:00","dateModified":"2026-04-28T06:47:13+00:00","mainEntityOfPage":{"@id":"https:\/\/filmvilnius.com\/lt\/vilniuje-filmuojamos-uzsienio-reklamos-ekrane-gedimino-prospektas-ir-traku-vokes-dvaras\/"},"wordCount":313,"publisher":{"@id":"https:\/\/filmvilnius.com\/#organization"},"image":{"@id":"https:\/\/filmvilnius.com\/lt\/vilniuje-filmuojamos-uzsienio-reklamos-ekrane-gedimino-prospektas-ir-traku-vokes-dvaras\/#primaryimage"},"thumbnailUrl":"https:\/\/filmvilnius.com\/wp-content\/uploads\/2025\/07\/1-Sauliaus-Ziuros-nuotr.-1536x911-1.jpg","articleSection":["Filmavimai Vilniuje","Naujienos"],"inLanguage":"lt-LT"},{"@type":"WebPage","@id":"https:\/\/filmvilnius.com\/lt\/vilniuje-filmuojamos-uzsienio-reklamos-ekrane-gedimino-prospektas-ir-traku-vokes-dvaras\/","url":"https:\/\/filmvilnius.com\/lt\/vilniuje-filmuojamos-uzsienio-reklamos-ekrane-gedimino-prospektas-ir-traku-vokes-dvaras\/","name":"Vilniuje filmuojamos u\u017esienio reklamos: ekrane \u2013 Gedimino prospektas ir Trak\u0173 Vok\u0117s dvaras - Vilnius film office","isPartOf":{"@id":"https:\/\/filmvilnius.com\/#website"},"primaryImageOfPage":{"@id":"https:\/\/filmvilnius.com\/lt\/vilniuje-filmuojamos-uzsienio-reklamos-ekrane-gedimino-prospektas-ir-traku-vokes-dvaras\/#primaryimage"},"image":{"@id":"https:\/\/filmvilnius.com\/lt\/vilniuje-filmuojamos-uzsienio-reklamos-ekrane-gedimino-prospektas-ir-traku-vokes-dvaras\/#primaryimage"},"thumbnailUrl":"https:\/\/filmvilnius.com\/wp-content\/uploads\/2025\/07\/1-Sauliaus-Ziuros-nuotr.-1536x911-1.jpg","datePublished":"2025-07-18T14:45:31+00:00","dateModified":"2026-04-28T06:47:13+00:00","description":"Vilniuje filmuojamos u\u017esienio reklamos: ekrane \u2013 Gedimino prospektas ir Trak\u0173 Vok\u0117s dvaras","breadcrumb":{"@id":"https:\/\/filmvilnius.com\/lt\/vilniuje-filmuojamos-uzsienio-reklamos-ekrane-gedimino-prospektas-ir-traku-vokes-dvaras\/#breadcrumb"},"inLanguage":"lt-LT","potentialAction":[{"@type":"ReadAction","target":["https:\/\/filmvilnius.com\/lt\/vilniuje-filmuojamos-uzsienio-reklamos-ekrane-gedimino-prospektas-ir-traku-vokes-dvaras\/"]}]},{"@type":"ImageObject","inLanguage":"lt-LT","@id":"https:\/\/filmvilnius.com\/lt\/vilniuje-filmuojamos-uzsienio-reklamos-ekrane-gedimino-prospektas-ir-traku-vokes-dvaras\/#primaryimage","url":"https:\/\/filmvilnius.com\/wp-content\/uploads\/2025\/07\/1-Sauliaus-Ziuros-nuotr.-1536x911-1.jpg","contentUrl":"https:\/\/filmvilnius.com\/wp-content\/uploads\/2025\/07\/1-Sauliaus-Ziuros-nuotr.-1536x911-1.jpg","width":1536,"height":911},{"@type":"BreadcrumbList","@id":"https:\/\/filmvilnius.com\/lt\/vilniuje-filmuojamos-uzsienio-reklamos-ekrane-gedimino-prospektas-ir-traku-vokes-dvaras\/#breadcrumb","itemListElement":[{"@type":"ListItem","position":1,"name":"Home","item":"https:\/\/filmvilnius.com\/lt\/"},{"@type":"ListItem","position":2,"name":"Vilniuje filmuojamos u\u017esienio reklamos: ekrane \u2013 Gedimino prospektas ir Trak\u0173 Vok\u0117s dvaras"}]},{"@type":"WebSite","@id":"https:\/\/filmvilnius.com\/#website","url":"https:\/\/filmvilnius.com\/","name":"Vilnius film office","description":"","publisher":{"@id":"https:\/\/filmvilnius.com\/#organization"},"potentialAction":[{"@type":"SearchAction","target":{"@type":"EntryPoint","urlTemplate":"https:\/\/filmvilnius.com\/?s={search_term_string}"},"query-input":{"@type":"PropertyValueSpecification","valueRequired":true,"valueName":"search_term_string"}}],"inLanguage":"lt-LT"},{"@type":"Organization","@id":"https:\/\/filmvilnius.com\/#organization","name":"Vilniaus kino biuras","url":"https:\/\/filmvilnius.com\/","logo":{"@type":"ImageObject","inLanguage":"lt-LT","@id":"https:\/\/filmvilnius.com\/#\/schema\/logo\/image\/","url":"https:\/\/filmvilnius.com\/wp-content\/uploads\/2022\/12\/VKB-Logo-2022-EN-2-V.jpg","contentUrl":"https:\/\/filmvilnius.com\/wp-content\/uploads\/2022\/12\/VKB-Logo-2022-EN-2-V.jpg","width":1419,"height":1418,"caption":"Vilniaus kino biuras"},"image":{"@id":"https:\/\/filmvilnius.com\/#\/schema\/logo\/image\/"},"sameAs":["https:\/\/www.facebook.com\/filmvilnius","https:\/\/x.com\/FilmVilnius","https:\/\/www.instagram.com\/filmvilnius\/"]},{"@type":"Person","@id":"https:\/\/filmvilnius.com\/#\/schema\/person\/8572c7f289890809bfa364d48f8dded5","name":"Vilnius Film Office","image":{"@type":"ImageObject","inLanguage":"lt-LT","@id":"https:\/\/secure.gravatar.com\/avatar\/2f93c625b891dbd84735ed1bd75819d698625d4c37369c60acab5f321b22fbb2?s=96&d=mm&r=g","url":"https:\/\/secure.gravatar.com\/avatar\/2f93c625b891dbd84735ed1bd75819d698625d4c37369c60acab5f321b22fbb2?s=96&d=mm&r=g","contentUrl":"https:\/\/secure.gravatar.com\/avatar\/2f93c625b891dbd84735ed1bd75819d698625d4c37369c60acab5f321b22fbb2?s=96&d=mm&r=g","caption":"Vilnius Film Office"},"url":"https:\/\/filmvilnius.com\/lt\/author\/ce5c1052f3e77e32\/"}]}},"_links":{"self":[{"href":"https:\/\/filmvilnius.com\/lt\/wp-json\/wp\/v2\/posts\/27549","targetHints":{"allow":["GET"]}}],"collection":[{"href":"https:\/\/filmvilnius.com\/lt\/wp-json\/wp\/v2\/posts"}],"about":[{"href":"https:\/\/filmvilnius.com\/lt\/wp-json\/wp\/v2\/types\/post"}],"author":[{"embeddable":true,"href":"https:\/\/filmvilnius.com\/lt\/wp-json\/wp\/v2\/users\/6"}],"replies":[{"embeddable":true,"href":"https:\/\/filmvilnius.com\/lt\/wp-json\/wp\/v2\/comments?post=27549"}],"version-history":[{"count":3,"href":"https:\/\/filmvilnius.com\/lt\/wp-json\/wp\/v2\/posts\/27549\/revisions"}],"predecessor-version":[{"id":27555,"href":"https:\/\/filmvilnius.com\/lt\/wp-json\/wp\/v2\/posts\/27549\/revisions\/27555"}],"wp:featuredmedia":[{"embeddable":true,"href":"https:\/\/filmvilnius.com\/lt\/wp-json\/wp\/v2\/media\/27550"}],"wp:attachment":[{"href":"https:\/\/filmvilnius.com\/lt\/wp-json\/wp\/v2\/media?parent=27549"}],"wp:term":[{"taxonomy":"category","embeddable":true,"href":"https:\/\/filmvilnius.com\/lt\/wp-json\/wp\/v2\/categories?post=27549"},{"taxonomy":"post_tag","embeddable":true,"href":"https:\/\/filmvilnius.com\/lt\/wp-json\/wp\/v2\/tags?post=27549"}],"curies":[{"name":"wp","href":"https:\/\/api.w.org\/{rel}","templated":true}]}}