{"id":27586,"date":"2025-07-30T09:53:34","date_gmt":"2025-07-30T09:53:34","guid":{"rendered":"https:\/\/filmvilnius.com\/?p=27586"},"modified":"2026-04-28T08:46:35","modified_gmt":"2026-04-28T06:46:35","slug":"a-stonio-neregiu-zeme-tyli-revoliucija-lietuvai-pelniusi-europos-kino-akademijos-pripazinima","status":"publish","type":"post","link":"https:\/\/filmvilnius.com\/lt\/a-stonio-neregiu-zeme-tyli-revoliucija-lietuvai-pelniusi-europos-kino-akademijos-pripazinima\/","title":{"rendered":"A. Stonio \u201eNeregi\u0173 \u017eem\u0117\u201c \u2013 tyli revoliucija, Lietuvai pelniusi Europos kino akademijos pripa\u017einim\u0105"},"content":{"rendered":"\n<p>Re\u017eisieriaus Audriaus Stonio trumpametra\u017eis dokumentinis filmas \u201eNeregi\u0173 \u017eem\u0117\u201c (1992 m.) gim\u0117 pa\u010dioje jo k\u016brybinio kelio prad\u017eioje. Juosta, u\u017efiksavusi Lietuvos kaimuose gyvenan\u010di\u0173 neregi\u0173 kasdienyb\u0119, nepriklausomyb\u0119 k\u0105 tik atgavusiai Lietuvai peln\u0117 vien\u0105 presti\u017ei\u0161kiausi\u0173 tarptautini\u0173 apdovanojim\u0173 \u2013 Europos kino akademijos priz\u0105 \u201eFelix\u201c.<\/p>\n\n\n\n<p>\u201eMan, visi\u0161kai jaunam, tik \u012f kin\u0105 at\u0117jusiam autoriui, buvo ne\u012fdomu daryti tai, k\u0105 b\u016bt\u0173 galima nufilmuoti paprastai. Nor\u0117josi \u012fam\u017einti tai, kas nematoma, negirdima, neap\u010diuopiama, nenufilmuojama \u2013 per\u017eengti ne\u012fmanomumo ribas\u201c, \u2013 prisimena re\u017eisierius A. Stonys.<\/p>\n\n\n\n<p>\u201eNeregi\u0173 \u017eem\u0117s\u201c pasaulio erdv\u0117, garsai ir \u017emon\u0117s kvie\u010dia stabtel\u0117ti, \u012fsiklausyti, savaip \u012fvertinti \u017emog\u0173 ir jo b\u016bt\u012f susvetim\u0117jusio pasaulio nuojautoje. \u0160is filmas \u2013 reik\u0161mingas \u017eingsnis Lietuvos dokumentinio kino raidoje, atne\u0161\u0119s pirmuosius svarbius tarptautinius \u012fvertinimus ir i\u0161garsin\u0119s Lietuvos vard\u0105 kino pasaulyje. Kartu \u2013 tai ir vieno svarbiausi\u0173 \u0161alies re\u017eisieri\u0173, Audriaus Stonio, k\u016brybinio kelio prad\u017eia.<\/p>\n\n\n\n<p>Kod\u0117l ir kaip atsirado \u0161is filmas, kaip gamybos proces\u0105 prisimena re\u017eisierius ir operatorius bei k\u0105 anuomet rei\u0161k\u0117 svarus apdovanojimas \u2013 Vilniaus kino biuro reporta\u017e\u0173 cikle \u201eFilmai, pakeit\u0119 Lietuvos kino istorij\u0105\u201c.<\/p>\n\n\n\n<figure class=\"wp-block-embed alignfull is-type-video is-provider-youtube wp-block-embed-youtube wp-embed-aspect-16-9 wp-has-aspect-ratio\"><div class=\"wp-block-embed__wrapper\">\n<iframe title=\"Filmai, pakeit\u0119 Lietuvos kino istorij\u0105: \u201eNeregi\u0173 \u017eem\u0117\u201c\" width=\"800\" height=\"450\" src=\"https:\/\/www.youtube.com\/embed\/w8GNHRxkGuM?feature=oembed\" frameborder=\"0\" allow=\"accelerometer; autoplay; clipboard-write; encrypted-media; gyroscope; picture-in-picture; web-share\" referrerpolicy=\"strict-origin-when-cross-origin\" allowfullscreen><\/iframe>\n<\/div><\/figure>\n\n\n\n<p><strong>Nufilmuoti tai, kas nematoma<\/strong><\/p>\n\n\n\n<p>Anot re\u017eisieriaus A. Stonio, filmas atsirado pa\u010dioje jo k\u016brybinio kelio prad\u017eioje: \u201eNor\u0117jau kino priemon\u0117mis, be \u017eod\u017ei\u0173, papasakoti apie nematom\u0105 neregi\u0173 pasaul\u012f, perduoti t\u0105 jausm\u0105.<\/p>\n\n\n\n<p>Regin\u010di\u0173j\u0173 pasaulyje vaizdai, vizualin\u0117 kult\u016bra yra dalis realyb\u0117s. Mes matome, \u017ei\u016brime, esame apsupti vaizd\u0173. \u017dinome, kaip save projektuoti vaizde, kaip pateikti savo \u012fvaizd\u012f i\u0161oriniam pasauliui. Neregiai, kaip mano filmo heroj\u0117 senut\u0117, nebuvo mat\u0119 nei kino, nei televizijos \u2013 jie ne\u017eino, k\u0105 tai rei\u0161kia, i\u0161 kurios pus\u0117s geriau atrodo, kaip tur\u0117t\u0173 m\u0105sliai \u017ei\u016br\u0117ti, kad \u012fgaut\u0173 i\u0161mintingo veido i\u0161rai\u0161k\u0105. Jie neturi triuk\u0173 \u2013 yra tokie, kokie yra. Ir tai \u2013 did\u017eiausia filmo vertyb\u0117. Paradoksalu, bet ta tiesa yra vienas sunkiausiai pasiekiam\u0173 dalyk\u0173 dokumentiniame kine\u201c, \u2013 pasakoja re\u017eisierius.<\/p>\n\n\n\n<p>Filmo k\u016br\u0117jai prisimena, kad daug kas buvo daroma intuityviai \u2013 pasitelkiant to laikme\u010dio technik\u0105, nespalvot\u0105 kamer\u0105, montuojant rankomis: monta\u017eo metu atkerpant, priklijuojant juostel\u0119, ie\u0161kant atskir\u0173 jos gabaliuk\u0173.<\/p>\n\n\n\n<p>\u201eMes mok\u0117m\u0117s filmuoti \u2013 nei Audrius, nei a\u0161 to nemok\u0117jome. I\u0161 vienos pus\u0117s tai buvo tr\u016bkumas, bet i\u0161 kitos \u2013 didelis privalumas, kuris suteik\u0117 nepaprast\u0105 atsakomyb\u0117s jausm\u0105 ir laisv\u0119, nesuvar\u017eyt\u0105 kanon\u0173.<\/p>\n\n\n\n<p>Jeigu pasteb\u0117davau man \u012fdom\u0173 kadr\u0105 \u2013 nufilmuodavome; kai k\u0105 suorganizuodavome specialiai. Tai ne komercinis kinas \u2013 jis buvo pakankamai laisvas, buvo tik gair\u0117s, kuri\u0173 band\u0117me laikytis\u201c, \u2013 prisimena filmo operatorius Rimvydas Leipus.<\/p>\n\n\n\n<p><strong>Filmui \u2013 pirmasis presti\u017einis kino apdovanojimas Lietuvos istorijoje<\/strong><\/p>\n\n\n\n<p>\u201eNeregi\u0173 \u017eem\u0117\u201c \u2013 tai pirmas ir vienintelis lietuvi\u0173 dokumentinis filmas, 1992 m. pripa\u017eintas geriausiuoju dokumentiniu kino k\u016briniu Europoje ir peln\u0119s Europos kino akademijos apdovanojim\u0105 \u201eFelix\u201c.<\/p>\n\n\n\n<p>\u201eVisi\u0161kai apoliti\u0161kas filmas tuo metu atrod\u0117 keistas pasirinkimas, ta\u010diau nesinor\u0117jo kalb\u0117ti apie tai, apie k\u0105 kalba visi. Atsisukimas \u012f \u017emog\u0173 \u2013 nereik\u0161ming\u0105 \u017emog\u0173, ne politikos veik\u0117j\u0105, ne lyder\u012f, ne \u012f demonstracijas, akcijas, o ka\u017ekur kaime gyvenan\u010di\u0105, niekam ne\u017einom\u0105 senut\u0119, senuk\u0105 \u2013 atrod\u0117 revoliucinga\u201c, \u2013 prisimena A. Stonys.<\/p>\n\n\n\n<p>\u201eEpoch\u0173 l\u016b\u017eio metu film\u0105 galima buvo suprasti kaip metafor\u0105 t\u0173 neregi\u0173, kurie buvo regintys, bet nemat\u0117, kas vyksta aplinkui. Tai suskamb\u0117jo pasaulyje. \u017dmon\u0117s, kurie nieko ne\u017einojo apie ma\u017e\u0105 valstyb\u0117l\u0119 ar tur\u0117jo i\u0161kreipt\u0105, pasenusi\u0105 informacij\u0105, pamat\u0117, kad ten irgi gyvena jau\u010diantys \u017emon\u0117s\u201c, \u2013 teigia R. Leipus.<\/p>\n\n\n\n<p>Visgi, anot A. Stonio, tuomet svarbiausia buvo ne \u012fvertinimas, bet galimyb\u0117 kurti toliau.<\/p>\n\n\n\n<p>\u201eEuropos kino akademijos pagrindinis apdovanojimas man nerei\u0161k\u0117 labai daug. \u017dinoma, tai buvo did\u017eiulio d\u017eiaugsmo, euforijos momentas, ta\u010diau pati mintis, kad gal\u0117siu toliau kurti filmus, man buvo \u017eymiai reik\u0161mingesn\u0117 u\u017e bet kokius apdovanojimus.<\/p>\n\n\n\n<p>\u201eNeregi\u0173 \u017eem\u0117je\u201c susiformavo pagrindiniai mano k\u016brybos principai \u2013 ilgi kadrai, be\u017eodis kinas, d\u0117mesys vaizdui, d\u0117mesys nereik\u0161mingiems dalykams, dalykams, kurie lieka para\u0161t\u0117je. Tai buvo atspirties ta\u0161kas, tad man \u0161is filmas pa\u010diam yra labai brangus\u201c, \u2013 priduria re\u017eisierius.<\/p>\n\n\n\n<p><strong>Filmai, pakeit\u0119 Lietuvos kino industrij\u0105<\/strong><\/p>\n\n\n\n<p>Vilniaus kino biuras pristato reporta\u017e\u0173 cikl\u0105 \u201eFilmai, pakeit\u0119 Lietuvos kino istorij\u0105\u201c. Per pokalbius su re\u017eisieriais, aktoriais ir am\u017eininkais atsiskleid\u017eia ne tik praeities \u012fvykiai, bet ir vidin\u0117 industrijos branda \u2013 kiek pasist\u016bm\u0117jome per 35 nepriklausomyb\u0117s metus, kokie filmai tapo l\u016b\u017eiu, o kokie \u2013 tiltu \u012f pasaul\u012f. Svarbiausi apdovanojimai, pirmieji tarptautiniai projektai Lietuvoje, dr\u0105sios temos, istorijos vingiai ir ry\u017etas prabilti kitokia kino kalba \u2013 tai pasakojimas apie kin\u0105, kuris augo kartu su Lietuva.<\/p>\n\n\n\n<p>Daugiau informacijos: <a href=\"http:\/\/www.filmvilnius.lt\">www.filmvilnius.lt<\/a>&nbsp;<\/p>\n","protected":false},"excerpt":{"rendered":"<p>Re\u017eisieriaus Audriaus Stonio trumpametra\u017eis dokumentinis filmas \u201eNeregi\u0173 \u017eem\u0117\u201c (1992 m.) gim\u0117 pa\u010dioje jo k\u016brybinio kelio prad\u017eioje. Juosta, u\u017efiksavusi Lietuvos kaimuose gyvenan\u010di\u0173 neregi\u0173 kasdienyb\u0119, nepriklausomyb\u0119 k\u0105 tik atgavusiai Lietuvai peln\u0117 vien\u0105 presti\u017ei\u0161kiausi\u0173 tarptautini\u0173 apdovanojim\u0173 \u2013 Europos kino akademijos priz\u0105 \u201eFelix\u201c. \u201eMan, visi\u0161kai jaunam, tik \u012f kin\u0105 at\u0117jusiam autoriui, buvo ne\u012fdomu daryti tai, k\u0105 b\u016bt\u0173 galima nufilmuoti [&hellip;]<\/p>\n","protected":false},"author":6,"featured_media":27587,"comment_status":"closed","ping_status":"open","sticky":false,"template":"","format":"standard","meta":{"_acf_changed":false,"_monsterinsights_skip_tracking":false,"_monsterinsights_sitenote_active":false,"_monsterinsights_sitenote_note":"","_monsterinsights_sitenote_category":0,"footnotes":""},"categories":[191,58,100],"tags":[],"class_list":["post-27586","post","type-post","status-publish","format-standard","has-post-thumbnail","hentry","category-filmai-pakeite-lietuvos-istorija","category-news","category-su-veidais"],"acf":[],"yoast_head":"<!-- This site is optimized with the Yoast SEO plugin v27.4 - https:\/\/yoast.com\/product\/yoast-seo-wordpress\/ -->\n<title>A. Stonio \u201eNeregi\u0173 \u017eem\u0117\u201c \u2013 tyli revoliucija, Lietuvai pelniusi Europos kino akademijos pripa\u017einim\u0105 - Vilnius film office<\/title>\n<meta name=\"description\" content=\"Re\u017eisieriaus Audriaus Stonio trumpametra\u017eis dokumentinis filmas \u201eNeregi\u0173 \u017eem\u0117\u201c (1992 m.) gim\u0117 pa\u010dioje jo k\u016brybinio kelio prad\u017eioje.\" \/>\n<meta name=\"robots\" content=\"index, follow, max-snippet:-1, max-image-preview:large, max-video-preview:-1\" \/>\n<link rel=\"canonical\" href=\"https:\/\/filmvilnius.com\/lt\/a-stonio-neregiu-zeme-tyli-revoliucija-lietuvai-pelniusi-europos-kino-akademijos-pripazinima\/\" \/>\n<meta property=\"og:locale\" content=\"lt_LT\" \/>\n<meta property=\"og:type\" content=\"article\" \/>\n<meta property=\"og:title\" content=\"A. Stonio \u201eNeregi\u0173 \u017eem\u0117\u201c \u2013 tyli revoliucija, Lietuvai pelniusi Europos kino akademijos pripa\u017einim\u0105 - Vilnius film office\" \/>\n<meta property=\"og:description\" content=\"Re\u017eisieriaus Audriaus Stonio trumpametra\u017eis dokumentinis filmas \u201eNeregi\u0173 \u017eem\u0117\u201c (1992 m.) gim\u0117 pa\u010dioje jo k\u016brybinio kelio prad\u017eioje.\" \/>\n<meta property=\"og:url\" content=\"https:\/\/filmvilnius.com\/lt\/a-stonio-neregiu-zeme-tyli-revoliucija-lietuvai-pelniusi-europos-kino-akademijos-pripazinima\/\" \/>\n<meta property=\"og:site_name\" content=\"Vilnius film office\" \/>\n<meta property=\"article:publisher\" content=\"https:\/\/www.facebook.com\/filmvilnius\" \/>\n<meta property=\"article:published_time\" content=\"2025-07-30T09:53:34+00:00\" \/>\n<meta property=\"article:modified_time\" content=\"2026-04-28T06:46:35+00:00\" \/>\n<meta property=\"og:image\" content=\"https:\/\/filmvilnius.com\/wp-content\/uploads\/2025\/07\/Audrius-Stonys.jpg\" \/>\n\t<meta property=\"og:image:width\" content=\"2092\" \/>\n\t<meta property=\"og:image:height\" content=\"1086\" \/>\n\t<meta property=\"og:image:type\" content=\"image\/jpeg\" \/>\n<meta name=\"author\" content=\"Vilnius Film Office\" \/>\n<meta name=\"twitter:card\" content=\"summary_large_image\" \/>\n<meta name=\"twitter:creator\" content=\"@FilmVilnius\" \/>\n<meta name=\"twitter:site\" content=\"@FilmVilnius\" \/>\n<meta name=\"twitter:label1\" content=\"Written by\" \/>\n\t<meta name=\"twitter:data1\" content=\"Vilnius Film Office\" \/>\n\t<meta name=\"twitter:label2\" content=\"Est. reading time\" \/>\n\t<meta name=\"twitter:data2\" content=\"4 minut\u0117s\" \/>\n<script type=\"application\/ld+json\" class=\"yoast-schema-graph\">{\"@context\":\"https:\\\/\\\/schema.org\",\"@graph\":[{\"@type\":\"Article\",\"@id\":\"https:\\\/\\\/filmvilnius.com\\\/lt\\\/a-stonio-neregiu-zeme-tyli-revoliucija-lietuvai-pelniusi-europos-kino-akademijos-pripazinima\\\/#article\",\"isPartOf\":{\"@id\":\"https:\\\/\\\/filmvilnius.com\\\/lt\\\/a-stonio-neregiu-zeme-tyli-revoliucija-lietuvai-pelniusi-europos-kino-akademijos-pripazinima\\\/\"},\"author\":{\"name\":\"Vilnius Film Office\",\"@id\":\"https:\\\/\\\/filmvilnius.com\\\/#\\\/schema\\\/person\\\/8572c7f289890809bfa364d48f8dded5\"},\"headline\":\"A. Stonio \u201eNeregi\u0173 \u017eem\u0117\u201c \u2013 tyli revoliucija, Lietuvai pelniusi Europos kino akademijos pripa\u017einim\u0105\",\"datePublished\":\"2025-07-30T09:53:34+00:00\",\"dateModified\":\"2026-04-28T06:46:35+00:00\",\"mainEntityOfPage\":{\"@id\":\"https:\\\/\\\/filmvilnius.com\\\/lt\\\/a-stonio-neregiu-zeme-tyli-revoliucija-lietuvai-pelniusi-europos-kino-akademijos-pripazinima\\\/\"},\"wordCount\":757,\"publisher\":{\"@id\":\"https:\\\/\\\/filmvilnius.com\\\/#organization\"},\"image\":{\"@id\":\"https:\\\/\\\/filmvilnius.com\\\/lt\\\/a-stonio-neregiu-zeme-tyli-revoliucija-lietuvai-pelniusi-europos-kino-akademijos-pripazinima\\\/#primaryimage\"},\"thumbnailUrl\":\"https:\\\/\\\/filmvilnius.com\\\/wp-content\\\/uploads\\\/2025\\\/07\\\/Audrius-Stonys.jpg\",\"articleSection\":[\"Filmai, pakeit\u0119 Lietuvos istorij\u0105\",\"Naujienos\",\"Su veidais\"],\"inLanguage\":\"lt-LT\"},{\"@type\":\"WebPage\",\"@id\":\"https:\\\/\\\/filmvilnius.com\\\/lt\\\/a-stonio-neregiu-zeme-tyli-revoliucija-lietuvai-pelniusi-europos-kino-akademijos-pripazinima\\\/\",\"url\":\"https:\\\/\\\/filmvilnius.com\\\/lt\\\/a-stonio-neregiu-zeme-tyli-revoliucija-lietuvai-pelniusi-europos-kino-akademijos-pripazinima\\\/\",\"name\":\"A. Stonio \u201eNeregi\u0173 \u017eem\u0117\u201c \u2013 tyli revoliucija, Lietuvai pelniusi Europos kino akademijos pripa\u017einim\u0105 - Vilnius film office\",\"isPartOf\":{\"@id\":\"https:\\\/\\\/filmvilnius.com\\\/#website\"},\"primaryImageOfPage\":{\"@id\":\"https:\\\/\\\/filmvilnius.com\\\/lt\\\/a-stonio-neregiu-zeme-tyli-revoliucija-lietuvai-pelniusi-europos-kino-akademijos-pripazinima\\\/#primaryimage\"},\"image\":{\"@id\":\"https:\\\/\\\/filmvilnius.com\\\/lt\\\/a-stonio-neregiu-zeme-tyli-revoliucija-lietuvai-pelniusi-europos-kino-akademijos-pripazinima\\\/#primaryimage\"},\"thumbnailUrl\":\"https:\\\/\\\/filmvilnius.com\\\/wp-content\\\/uploads\\\/2025\\\/07\\\/Audrius-Stonys.jpg\",\"datePublished\":\"2025-07-30T09:53:34+00:00\",\"dateModified\":\"2026-04-28T06:46:35+00:00\",\"description\":\"Re\u017eisieriaus Audriaus Stonio trumpametra\u017eis dokumentinis filmas \u201eNeregi\u0173 \u017eem\u0117\u201c (1992 m.) gim\u0117 pa\u010dioje jo k\u016brybinio kelio prad\u017eioje.\",\"breadcrumb\":{\"@id\":\"https:\\\/\\\/filmvilnius.com\\\/lt\\\/a-stonio-neregiu-zeme-tyli-revoliucija-lietuvai-pelniusi-europos-kino-akademijos-pripazinima\\\/#breadcrumb\"},\"inLanguage\":\"lt-LT\",\"potentialAction\":[{\"@type\":\"ReadAction\",\"target\":[\"https:\\\/\\\/filmvilnius.com\\\/lt\\\/a-stonio-neregiu-zeme-tyli-revoliucija-lietuvai-pelniusi-europos-kino-akademijos-pripazinima\\\/\"]}]},{\"@type\":\"ImageObject\",\"inLanguage\":\"lt-LT\",\"@id\":\"https:\\\/\\\/filmvilnius.com\\\/lt\\\/a-stonio-neregiu-zeme-tyli-revoliucija-lietuvai-pelniusi-europos-kino-akademijos-pripazinima\\\/#primaryimage\",\"url\":\"https:\\\/\\\/filmvilnius.com\\\/wp-content\\\/uploads\\\/2025\\\/07\\\/Audrius-Stonys.jpg\",\"contentUrl\":\"https:\\\/\\\/filmvilnius.com\\\/wp-content\\\/uploads\\\/2025\\\/07\\\/Audrius-Stonys.jpg\",\"width\":2092,\"height\":1086},{\"@type\":\"BreadcrumbList\",\"@id\":\"https:\\\/\\\/filmvilnius.com\\\/lt\\\/a-stonio-neregiu-zeme-tyli-revoliucija-lietuvai-pelniusi-europos-kino-akademijos-pripazinima\\\/#breadcrumb\",\"itemListElement\":[{\"@type\":\"ListItem\",\"position\":1,\"name\":\"Home\",\"item\":\"https:\\\/\\\/filmvilnius.com\\\/lt\\\/\"},{\"@type\":\"ListItem\",\"position\":2,\"name\":\"A. Stonio \u201eNeregi\u0173 \u017eem\u0117\u201c \u2013 tyli revoliucija, Lietuvai pelniusi Europos kino akademijos pripa\u017einim\u0105\"}]},{\"@type\":\"WebSite\",\"@id\":\"https:\\\/\\\/filmvilnius.com\\\/#website\",\"url\":\"https:\\\/\\\/filmvilnius.com\\\/\",\"name\":\"Vilnius film office\",\"description\":\"\",\"publisher\":{\"@id\":\"https:\\\/\\\/filmvilnius.com\\\/#organization\"},\"potentialAction\":[{\"@type\":\"SearchAction\",\"target\":{\"@type\":\"EntryPoint\",\"urlTemplate\":\"https:\\\/\\\/filmvilnius.com\\\/?s={search_term_string}\"},\"query-input\":{\"@type\":\"PropertyValueSpecification\",\"valueRequired\":true,\"valueName\":\"search_term_string\"}}],\"inLanguage\":\"lt-LT\"},{\"@type\":\"Organization\",\"@id\":\"https:\\\/\\\/filmvilnius.com\\\/#organization\",\"name\":\"Vilniaus kino biuras\",\"url\":\"https:\\\/\\\/filmvilnius.com\\\/\",\"logo\":{\"@type\":\"ImageObject\",\"inLanguage\":\"lt-LT\",\"@id\":\"https:\\\/\\\/filmvilnius.com\\\/#\\\/schema\\\/logo\\\/image\\\/\",\"url\":\"https:\\\/\\\/filmvilnius.com\\\/wp-content\\\/uploads\\\/2022\\\/12\\\/VKB-Logo-2022-EN-2-V.jpg\",\"contentUrl\":\"https:\\\/\\\/filmvilnius.com\\\/wp-content\\\/uploads\\\/2022\\\/12\\\/VKB-Logo-2022-EN-2-V.jpg\",\"width\":1419,\"height\":1418,\"caption\":\"Vilniaus kino biuras\"},\"image\":{\"@id\":\"https:\\\/\\\/filmvilnius.com\\\/#\\\/schema\\\/logo\\\/image\\\/\"},\"sameAs\":[\"https:\\\/\\\/www.facebook.com\\\/filmvilnius\",\"https:\\\/\\\/x.com\\\/FilmVilnius\",\"https:\\\/\\\/www.instagram.com\\\/filmvilnius\\\/\"]},{\"@type\":\"Person\",\"@id\":\"https:\\\/\\\/filmvilnius.com\\\/#\\\/schema\\\/person\\\/8572c7f289890809bfa364d48f8dded5\",\"name\":\"Vilnius Film Office\",\"image\":{\"@type\":\"ImageObject\",\"inLanguage\":\"lt-LT\",\"@id\":\"https:\\\/\\\/secure.gravatar.com\\\/avatar\\\/2f93c625b891dbd84735ed1bd75819d698625d4c37369c60acab5f321b22fbb2?s=96&d=mm&r=g\",\"url\":\"https:\\\/\\\/secure.gravatar.com\\\/avatar\\\/2f93c625b891dbd84735ed1bd75819d698625d4c37369c60acab5f321b22fbb2?s=96&d=mm&r=g\",\"contentUrl\":\"https:\\\/\\\/secure.gravatar.com\\\/avatar\\\/2f93c625b891dbd84735ed1bd75819d698625d4c37369c60acab5f321b22fbb2?s=96&d=mm&r=g\",\"caption\":\"Vilnius Film Office\"},\"url\":\"https:\\\/\\\/filmvilnius.com\\\/lt\\\/author\\\/ce5c1052f3e77e32\\\/\"}]}<\/script>\n<!-- \/ Yoast SEO plugin. -->","yoast_head_json":{"title":"A. Stonio \u201eNeregi\u0173 \u017eem\u0117\u201c \u2013 tyli revoliucija, Lietuvai pelniusi Europos kino akademijos pripa\u017einim\u0105 - Vilnius film office","description":"Re\u017eisieriaus Audriaus Stonio trumpametra\u017eis dokumentinis filmas \u201eNeregi\u0173 \u017eem\u0117\u201c (1992 m.) gim\u0117 pa\u010dioje jo k\u016brybinio kelio prad\u017eioje.","robots":{"index":"index","follow":"follow","max-snippet":"max-snippet:-1","max-image-preview":"max-image-preview:large","max-video-preview":"max-video-preview:-1"},"canonical":"https:\/\/filmvilnius.com\/lt\/a-stonio-neregiu-zeme-tyli-revoliucija-lietuvai-pelniusi-europos-kino-akademijos-pripazinima\/","og_locale":"lt_LT","og_type":"article","og_title":"A. Stonio \u201eNeregi\u0173 \u017eem\u0117\u201c \u2013 tyli revoliucija, Lietuvai pelniusi Europos kino akademijos pripa\u017einim\u0105 - Vilnius film office","og_description":"Re\u017eisieriaus Audriaus Stonio trumpametra\u017eis dokumentinis filmas \u201eNeregi\u0173 \u017eem\u0117\u201c (1992 m.) gim\u0117 pa\u010dioje jo k\u016brybinio kelio prad\u017eioje.","og_url":"https:\/\/filmvilnius.com\/lt\/a-stonio-neregiu-zeme-tyli-revoliucija-lietuvai-pelniusi-europos-kino-akademijos-pripazinima\/","og_site_name":"Vilnius film office","article_publisher":"https:\/\/www.facebook.com\/filmvilnius","article_published_time":"2025-07-30T09:53:34+00:00","article_modified_time":"2026-04-28T06:46:35+00:00","og_image":[{"width":2092,"height":1086,"url":"https:\/\/filmvilnius.com\/wp-content\/uploads\/2025\/07\/Audrius-Stonys.jpg","type":"image\/jpeg"}],"author":"Vilnius Film Office","twitter_card":"summary_large_image","twitter_creator":"@FilmVilnius","twitter_site":"@FilmVilnius","twitter_misc":{"Written by":"Vilnius Film Office","Est. reading time":"4 minut\u0117s"},"schema":{"@context":"https:\/\/schema.org","@graph":[{"@type":"Article","@id":"https:\/\/filmvilnius.com\/lt\/a-stonio-neregiu-zeme-tyli-revoliucija-lietuvai-pelniusi-europos-kino-akademijos-pripazinima\/#article","isPartOf":{"@id":"https:\/\/filmvilnius.com\/lt\/a-stonio-neregiu-zeme-tyli-revoliucija-lietuvai-pelniusi-europos-kino-akademijos-pripazinima\/"},"author":{"name":"Vilnius Film Office","@id":"https:\/\/filmvilnius.com\/#\/schema\/person\/8572c7f289890809bfa364d48f8dded5"},"headline":"A. Stonio \u201eNeregi\u0173 \u017eem\u0117\u201c \u2013 tyli revoliucija, Lietuvai pelniusi Europos kino akademijos pripa\u017einim\u0105","datePublished":"2025-07-30T09:53:34+00:00","dateModified":"2026-04-28T06:46:35+00:00","mainEntityOfPage":{"@id":"https:\/\/filmvilnius.com\/lt\/a-stonio-neregiu-zeme-tyli-revoliucija-lietuvai-pelniusi-europos-kino-akademijos-pripazinima\/"},"wordCount":757,"publisher":{"@id":"https:\/\/filmvilnius.com\/#organization"},"image":{"@id":"https:\/\/filmvilnius.com\/lt\/a-stonio-neregiu-zeme-tyli-revoliucija-lietuvai-pelniusi-europos-kino-akademijos-pripazinima\/#primaryimage"},"thumbnailUrl":"https:\/\/filmvilnius.com\/wp-content\/uploads\/2025\/07\/Audrius-Stonys.jpg","articleSection":["Filmai, pakeit\u0119 Lietuvos istorij\u0105","Naujienos","Su veidais"],"inLanguage":"lt-LT"},{"@type":"WebPage","@id":"https:\/\/filmvilnius.com\/lt\/a-stonio-neregiu-zeme-tyli-revoliucija-lietuvai-pelniusi-europos-kino-akademijos-pripazinima\/","url":"https:\/\/filmvilnius.com\/lt\/a-stonio-neregiu-zeme-tyli-revoliucija-lietuvai-pelniusi-europos-kino-akademijos-pripazinima\/","name":"A. Stonio \u201eNeregi\u0173 \u017eem\u0117\u201c \u2013 tyli revoliucija, Lietuvai pelniusi Europos kino akademijos pripa\u017einim\u0105 - Vilnius film office","isPartOf":{"@id":"https:\/\/filmvilnius.com\/#website"},"primaryImageOfPage":{"@id":"https:\/\/filmvilnius.com\/lt\/a-stonio-neregiu-zeme-tyli-revoliucija-lietuvai-pelniusi-europos-kino-akademijos-pripazinima\/#primaryimage"},"image":{"@id":"https:\/\/filmvilnius.com\/lt\/a-stonio-neregiu-zeme-tyli-revoliucija-lietuvai-pelniusi-europos-kino-akademijos-pripazinima\/#primaryimage"},"thumbnailUrl":"https:\/\/filmvilnius.com\/wp-content\/uploads\/2025\/07\/Audrius-Stonys.jpg","datePublished":"2025-07-30T09:53:34+00:00","dateModified":"2026-04-28T06:46:35+00:00","description":"Re\u017eisieriaus Audriaus Stonio trumpametra\u017eis dokumentinis filmas \u201eNeregi\u0173 \u017eem\u0117\u201c (1992 m.) gim\u0117 pa\u010dioje jo k\u016brybinio kelio prad\u017eioje.","breadcrumb":{"@id":"https:\/\/filmvilnius.com\/lt\/a-stonio-neregiu-zeme-tyli-revoliucija-lietuvai-pelniusi-europos-kino-akademijos-pripazinima\/#breadcrumb"},"inLanguage":"lt-LT","potentialAction":[{"@type":"ReadAction","target":["https:\/\/filmvilnius.com\/lt\/a-stonio-neregiu-zeme-tyli-revoliucija-lietuvai-pelniusi-europos-kino-akademijos-pripazinima\/"]}]},{"@type":"ImageObject","inLanguage":"lt-LT","@id":"https:\/\/filmvilnius.com\/lt\/a-stonio-neregiu-zeme-tyli-revoliucija-lietuvai-pelniusi-europos-kino-akademijos-pripazinima\/#primaryimage","url":"https:\/\/filmvilnius.com\/wp-content\/uploads\/2025\/07\/Audrius-Stonys.jpg","contentUrl":"https:\/\/filmvilnius.com\/wp-content\/uploads\/2025\/07\/Audrius-Stonys.jpg","width":2092,"height":1086},{"@type":"BreadcrumbList","@id":"https:\/\/filmvilnius.com\/lt\/a-stonio-neregiu-zeme-tyli-revoliucija-lietuvai-pelniusi-europos-kino-akademijos-pripazinima\/#breadcrumb","itemListElement":[{"@type":"ListItem","position":1,"name":"Home","item":"https:\/\/filmvilnius.com\/lt\/"},{"@type":"ListItem","position":2,"name":"A. Stonio \u201eNeregi\u0173 \u017eem\u0117\u201c \u2013 tyli revoliucija, Lietuvai pelniusi Europos kino akademijos pripa\u017einim\u0105"}]},{"@type":"WebSite","@id":"https:\/\/filmvilnius.com\/#website","url":"https:\/\/filmvilnius.com\/","name":"Vilnius film office","description":"","publisher":{"@id":"https:\/\/filmvilnius.com\/#organization"},"potentialAction":[{"@type":"SearchAction","target":{"@type":"EntryPoint","urlTemplate":"https:\/\/filmvilnius.com\/?s={search_term_string}"},"query-input":{"@type":"PropertyValueSpecification","valueRequired":true,"valueName":"search_term_string"}}],"inLanguage":"lt-LT"},{"@type":"Organization","@id":"https:\/\/filmvilnius.com\/#organization","name":"Vilniaus kino biuras","url":"https:\/\/filmvilnius.com\/","logo":{"@type":"ImageObject","inLanguage":"lt-LT","@id":"https:\/\/filmvilnius.com\/#\/schema\/logo\/image\/","url":"https:\/\/filmvilnius.com\/wp-content\/uploads\/2022\/12\/VKB-Logo-2022-EN-2-V.jpg","contentUrl":"https:\/\/filmvilnius.com\/wp-content\/uploads\/2022\/12\/VKB-Logo-2022-EN-2-V.jpg","width":1419,"height":1418,"caption":"Vilniaus kino biuras"},"image":{"@id":"https:\/\/filmvilnius.com\/#\/schema\/logo\/image\/"},"sameAs":["https:\/\/www.facebook.com\/filmvilnius","https:\/\/x.com\/FilmVilnius","https:\/\/www.instagram.com\/filmvilnius\/"]},{"@type":"Person","@id":"https:\/\/filmvilnius.com\/#\/schema\/person\/8572c7f289890809bfa364d48f8dded5","name":"Vilnius Film Office","image":{"@type":"ImageObject","inLanguage":"lt-LT","@id":"https:\/\/secure.gravatar.com\/avatar\/2f93c625b891dbd84735ed1bd75819d698625d4c37369c60acab5f321b22fbb2?s=96&d=mm&r=g","url":"https:\/\/secure.gravatar.com\/avatar\/2f93c625b891dbd84735ed1bd75819d698625d4c37369c60acab5f321b22fbb2?s=96&d=mm&r=g","contentUrl":"https:\/\/secure.gravatar.com\/avatar\/2f93c625b891dbd84735ed1bd75819d698625d4c37369c60acab5f321b22fbb2?s=96&d=mm&r=g","caption":"Vilnius Film Office"},"url":"https:\/\/filmvilnius.com\/lt\/author\/ce5c1052f3e77e32\/"}]}},"_links":{"self":[{"href":"https:\/\/filmvilnius.com\/lt\/wp-json\/wp\/v2\/posts\/27586","targetHints":{"allow":["GET"]}}],"collection":[{"href":"https:\/\/filmvilnius.com\/lt\/wp-json\/wp\/v2\/posts"}],"about":[{"href":"https:\/\/filmvilnius.com\/lt\/wp-json\/wp\/v2\/types\/post"}],"author":[{"embeddable":true,"href":"https:\/\/filmvilnius.com\/lt\/wp-json\/wp\/v2\/users\/6"}],"replies":[{"embeddable":true,"href":"https:\/\/filmvilnius.com\/lt\/wp-json\/wp\/v2\/comments?post=27586"}],"version-history":[{"count":5,"href":"https:\/\/filmvilnius.com\/lt\/wp-json\/wp\/v2\/posts\/27586\/revisions"}],"predecessor-version":[{"id":27594,"href":"https:\/\/filmvilnius.com\/lt\/wp-json\/wp\/v2\/posts\/27586\/revisions\/27594"}],"wp:featuredmedia":[{"embeddable":true,"href":"https:\/\/filmvilnius.com\/lt\/wp-json\/wp\/v2\/media\/27587"}],"wp:attachment":[{"href":"https:\/\/filmvilnius.com\/lt\/wp-json\/wp\/v2\/media?parent=27586"}],"wp:term":[{"taxonomy":"category","embeddable":true,"href":"https:\/\/filmvilnius.com\/lt\/wp-json\/wp\/v2\/categories?post=27586"},{"taxonomy":"post_tag","embeddable":true,"href":"https:\/\/filmvilnius.com\/lt\/wp-json\/wp\/v2\/tags?post=27586"}],"curies":[{"name":"wp","href":"https:\/\/api.w.org\/{rel}","templated":true}]}}