{"id":27620,"date":"2025-08-13T12:57:53","date_gmt":"2025-08-13T12:57:53","guid":{"rendered":"https:\/\/filmvilnius.com\/?p=27620"},"modified":"2026-04-28T08:46:17","modified_gmt":"2026-04-28T06:46:17","slug":"v-katkus-apie-filma-svecias-nustembame-kai-mums-kadaise-brangios-vietos-toliau-puikiai-gyvena-ir-be-musu","status":"publish","type":"post","link":"https:\/\/filmvilnius.com\/lt\/v-katkus-apie-filma-svecias-nustembame-kai-mums-kadaise-brangios-vietos-toliau-puikiai-gyvena-ir-be-musu\/","title":{"rendered":"V. Katkus apie film\u0105 \u201eSve\u010dias\u201c: \u201eNustembame, kai mums kadaise brangios vietos toliau puikiai gyvena ir be m\u016bs\u0173\u201c"},"content":{"rendered":"\n<p><strong>Rugs\u0117jo 26 d. \u0161alies kino teatruose pasirodys geriausio re\u017eisieriaus apdovanojim\u0105 presti\u017einiame Karlovi Var\u0173 kino festivalyje peln\u0119s Vytauto Katkaus filmas \u201eSve\u010dias\u201c. Lietuvos paj\u016brio kurorte nufilmuotas ir i\u0161kart po pasaulin\u0117s premjeros \u012fvertintas filmas \u017ei\u016brovus simboli\u0161kai palyd\u0117s \u012f ruden\u012f ir primins apie vietas, kuriose augome. Re\u017eisierius V. Katkus pasakoja apie filmo id\u0117j\u0105, vasaros pabaigos virsm\u0105, filmavimus \u0160ventojoje ir mini emigracij\u0105 persikeliant i\u0161 vaikyst\u0117s vietos.<\/strong><\/p>\n\n\n\n<p>Filmas \u201eSve\u010dias\u201c nukelia \u012f vasaros pabaig\u0105 \u2013 Norvegijoje gyvenantis trisde\u0161imtmetis Danielius sugr\u012f\u017eta \u012f gimt\u0105j\u012f miest\u0105, \u0160vent\u0105j\u0105. Jis \u010dia atvyksta su reikalais \u2013 Danielius turi parduoti savo vaikyst\u0117s namus. Kurortiniame miestelyje jis pasijunta lyg laikiname prieglobstyje, nors per daugiau nei de\u0161imtmet\u012f \u010dia daug kas pasikeit\u0119. Danielius paskutin\u012f kart\u0105 pasineria \u012f miestel\u012f prie\u0161 j\u012f paleisdamas.<\/p>\n\n\n\n<p>Re\u017eisierius Vytautas Katkus sako, kad filme nugul\u0117 ir jo paties, ir scenarijaus bendraautor\u0117s Marijos Kavtaradze, ir daugyb\u0117s pa\u017e\u012fstam\u0173 pasakojimai ir patirtys. \u201eJau nuo mano pirm\u0173j\u0173 trumpametra\u017ei\u0173 film\u0173 mane domino \u017emoni\u0173 santykio, o tiksliau, jo nebuvimo tema. Tad ir \u0161is filmas \u2013 refleksija apie santykius, kuri\u0173 n\u0117ra. Pagrindinio herojaus Danieliaus t\u0117tis mir\u0119s, o tr\u016bkstam\u0105 ry\u0161\u012f jis m\u0117gina sukurti arba atrasti kituose \u017emon\u0117se \u2013 tarsi nor\u0117damas ataid\u0117ti nebesant\u012f santyk\u012f su t\u0117vu. Tai \u2013 tarsi (ne)buvusi\u0173 santyki\u0173 pasekm\u0117s.\u201c<\/p>\n\n\n\n<p><strong>Apie vietas, kuriose u\u017eaugome<\/strong><\/p>\n\n\n\n<p>Pasak re\u017eisieriaus, ne ma\u017eiau nei \u017emoni\u0173 tarpusavio santykiai, jam \u012fdomus ir \u017emogaus ry\u0161ys su vieta. \u201eErdv\u0117 \u010dia veikia kaip persona\u017eas. Juk kiekvienas \u017emogus turi santyk\u012f su savo miestu, su erdv\u0117mis, kuriose jis u\u017eaugo. Tiksliau, tam tikru laikotarpiu tas santykis b\u016bna labai stiprus, o v\u0117liau, persik\u0117lus \u012f kit\u0105 miest\u0105 ar viet\u0105, jis kei\u010diasi. Ar gr\u012f\u017eus \u012f vaikyst\u0117s erdves visk\u0105 jauti taip pat? Ar \u012fmanoma, padarius pauz\u0119, \u012f tas vietas gr\u012f\u017eti lyg niekur nieko ir viskas bus taip pat?\u201c<\/p>\n\n\n\n<p>\u201ePasirodo, mums kadaise brangios vietos toliau puikiai gyvena bei kei\u010diasi ir be m\u016bs\u0173. Mums belieka priimti, kad ka\u017ekas baig\u0117si ir prasideda ka\u017ekas naujo. Ko gero, apskritai gyvenime tur\u0117tum\u0117me labiau sureik\u0161minti naujus prasidedan\u010dius dalykus, o ne m\u0117ginti ai\u0161kintis ir nepaleisti sen\u0173j\u0173\u201c, \u2013 pastebi V. Katkus.<\/p>\n\n\n\n<p>Paklaustas apie jo paties santyk\u012f su vaikyst\u0117s vieta, viename Vilniaus mikrorajon\u0173 u\u017eaug\u0119s re\u017eisierius \u0161ypsosi. \u201eMan atrodo, net jei b\u016b\u010diau lik\u0119s gyventi toje pa\u010dioje laiptin\u0117je, tik persikraust\u0119s \u012f kit\u0105 but\u0105, vis tiek b\u016bt\u0173 \u012fvyk\u0119s ka\u017ekoks atsiskyrimas, mini emigracijos jausmas. Kur\u012f laik\u0105 dar atva\u017eiuodavau ten susitikti su senais draugais, pa\u017eaisti krep\u0161in\u012f, bet ilgainiui veikl\u0173 ten ma\u017e\u0117jo ir dabar gr\u012f\u017etu tik aplankyti t\u0117v\u0173. Keista ir \u012fdomu, kai vieta lyg ir atrodo ta pati, bet tau pa\u010diam ji jau nebe ta, kokia buvo.\u201c<\/p>\n\n\n\n<figure class=\"wp-block-image size-large\"><img fetchpriority=\"high\" decoding=\"async\" width=\"1024\" height=\"683\" src=\"https:\/\/filmvilnius.com\/wp-content\/uploads\/2025\/08\/O5A8320_\u00a9AUDRIUS-SOLOMINAS-1024x683.jpg\" alt=\"\" class=\"wp-image-27629\" srcset=\"https:\/\/filmvilnius.com\/wp-content\/uploads\/2025\/08\/O5A8320_\u00a9AUDRIUS-SOLOMINAS-1024x683.jpg 1024w, https:\/\/filmvilnius.com\/wp-content\/uploads\/2025\/08\/O5A8320_\u00a9AUDRIUS-SOLOMINAS-300x200.jpg 300w, https:\/\/filmvilnius.com\/wp-content\/uploads\/2025\/08\/O5A8320_\u00a9AUDRIUS-SOLOMINAS-768x512.jpg 768w, https:\/\/filmvilnius.com\/wp-content\/uploads\/2025\/08\/O5A8320_\u00a9AUDRIUS-SOLOMINAS-1536x1024.jpg 1536w, https:\/\/filmvilnius.com\/wp-content\/uploads\/2025\/08\/O5A8320_\u00a9AUDRIUS-SOLOMINAS-2048x1365.jpg 2048w\" sizes=\"(max-width: 1024px) 100vw, 1024px\" \/><figcaption class=\"wp-element-caption\">Audriaus Solomino nuotr.<\/figcaption><\/figure>\n\n\n\n<p><strong>Apie besibaigian\u010dios vasaros virsm\u0105<\/strong><\/p>\n\n\n\n<p>V. Katkus \u201eSve\u010di\u0105\u201c vadina v\u0117lyvos brandos (angl. <em>coming of age<\/em>) filmu. \u201eDanielius bijo ir neturi dr\u0105sos prad\u0117ti nauj\u0173 dalyk\u0173, kurie i\u0161 ties\u0173 jo gyvenime jau vyksta. Vasar\u0105 atvyk\u0119s \u012f savo vaikyst\u0117s miest\u0105, jis nori ir pails\u0117ti \u2013 per paprast\u0105 pabuvim\u0105 ir nieko neveikim\u0105 da\u017enai gimsta atsakymai. Kartais, kad atsakytum sau \u012f labai nekonkre\u010dius klausimus, reikia tiesiog i\u0161b\u016bti. Nors tas nieko neveikimas da\u017enai atrodo kaip didel\u0117 prabanga.\u201c<\/p>\n\n\n\n<p>Filmavimams re\u017eisierius pasirinko \u0160ventosios kurort\u0105. \u201eFilmui buvo svarbu, kad mieste jaust\u0173si didelis pokytis, didelis skirtumas tarp sezono ir ne sezono. Nenor\u0117jome to poky\u010dio sukurti dirbtinai, prie\u0161ingai \u2013\u00a0 nor\u0117jome filmuoti pokytyje. \u0160ventoji yra vienas i\u0161 nedaugelio miest\u0173, kuriame su pirmosiomis rugs\u0117jo dienomis viskas staigiai nurimsta. Iki tol vis\u0105 vasar\u0105 triuk\u0161mo ir \u017emoni\u0173 buv\u0119s pilnas miestas staiga pasikei\u010dia \u2013 \u0161tai tada jis tampa tikras. Baigiasi sune\u0161tinis balius ir miestas lieka tiems, kas jame gyvena \u2013 su savo mokyklomis ir parduotuv\u0117mis.\u201c<\/p>\n\n\n\n<figure class=\"wp-block-image size-large\"><img decoding=\"async\" width=\"1024\" height=\"683\" src=\"https:\/\/filmvilnius.com\/wp-content\/uploads\/2025\/08\/Svecias_20241008hr_martynasnorvaisas-052-1024x683.jpg\" alt=\"\" class=\"wp-image-27623\" srcset=\"https:\/\/filmvilnius.com\/wp-content\/uploads\/2025\/08\/Svecias_20241008hr_martynasnorvaisas-052-1024x683.jpg 1024w, https:\/\/filmvilnius.com\/wp-content\/uploads\/2025\/08\/Svecias_20241008hr_martynasnorvaisas-052-300x200.jpg 300w, https:\/\/filmvilnius.com\/wp-content\/uploads\/2025\/08\/Svecias_20241008hr_martynasnorvaisas-052-768x512.jpg 768w, https:\/\/filmvilnius.com\/wp-content\/uploads\/2025\/08\/Svecias_20241008hr_martynasnorvaisas-052-1536x1024.jpg 1536w, https:\/\/filmvilnius.com\/wp-content\/uploads\/2025\/08\/Svecias_20241008hr_martynasnorvaisas-052-2048x1365.jpg 2048w\" sizes=\"(max-width: 1024px) 100vw, 1024px\" \/><figcaption class=\"wp-element-caption\">Martyno Norvai\u0161os nuotr.<\/figcaption><\/figure>\n\n\n\n<p><strong>Apie pos\u016bk\u012f nuo operatoriaus link re\u017eisieriaus<\/strong><\/p>\n\n\n\n<p>V. Katkus \u2013 vienas geid\u017eiamiausi\u0173 Lietuvos operatori\u0173, dirb\u0119s su daugybe \u017einom\u0173 film\u0173: Saul\u0117s Bliuvait\u0117s \u201eAkipl\u0117\u0161a\u201c, Marijos Kavtaradze \u201eI\u0161gyventi vasar\u0105\u201c, Sauliaus Baradinsko \u201eTechno, mama\u201c ir kt. Ta\u010diau ilgainiui jam \u0117m\u0117 gimti id\u0117jos ir istorijos, kurias nutar\u0117 pasakoti ir re\u017eisuoti pats. Ir tai pavyko itin s\u0117kmingai: jo trump\u0173j\u0173 film\u0173 premjeros vyko presti\u017einiuose festivaliuose, o \u201eUogos\u201c tapo pirmuoju&nbsp; lietuvi\u0161ku filmu, rodytu pagrindin\u0117je Kan\u0173 kino festivalio trumpametra\u017ei\u0173 film\u0173 programoje.<\/p>\n\n\n\n<p>V. Katkus \u0161ypsosi, kad re\u017eis\u016bros \u0117m\u0117si ne tod\u0117l, kad \u201etiesiog <em>faina <\/em>ka\u017ek\u0105 dirbti kino aik\u0161tel\u0117je\u201c. \u201eMan aik\u0161tel\u0117je <em>faina <\/em>b\u016bti operatoriumi, labai. A\u0161 jau\u010diu didel\u0119 motyvacij\u0105 ir malonum\u0105 su kiekvienu projektu, tad b\u016bti operatoriumi man daugiau nei u\u017etenka. Bet kartais ir i\u0161 kokio laisvalaikiu padaryto kadro ar pamatyto filmo gimsta emocija, ka\u017ekokios id\u0117j\u0173 nuotrupos, istorijos u\u017euomazgos ir neju\u010dia jas sau galvoje pl\u0117toju.\u201c<\/p>\n\n\n\n<p>\u201eTaip buvo ir su \u201eSve\u010diu\u201c \u2013 kai Marijai Kavtaradze \u0117miau pasakoti ka\u017ekokias savo mintis, pats sau supratau, kad jau pasakoju scenarijaus id\u0117j\u0105. Man patinka filmai, kuriuose yra itin svarbi atmosfera, kai j\u0105 sunku apra\u0161yti, kai labiau reikia pajusti. Tokiuose filmuose dingsta laiko ir erdv\u0117s suvokimas, tad ir man pa\u010diam buvo \u012fdomu labiau vaizdais, ne \u017eod\u017eiais, perteikti ka\u017ekoki\u0105 emocij\u0105. Matyt, tod\u0117l ir \u0117miau re\u017eisuoti \u2013 suviliojo galimyb\u0117 i\u0161 toki\u0173 pasteb\u0117jim\u0173 sud\u0117lioti istorij\u0105.\u201c<\/p>\n\n\n\n<p><strong>Filmas \u201eSve\u010dias\u201c Lietuvos kino teatruose pasirodys rugs\u0117jo 26 d.<\/strong><\/p>\n","protected":false},"excerpt":{"rendered":"<p>Rugs\u0117jo 26 d. \u0161alies kino teatruose pasirodys geriausio re\u017eisieriaus apdovanojim\u0105 presti\u017einiame Karlovi Var\u0173 kino festivalyje peln\u0119s Vytauto Katkaus filmas \u201eSve\u010dias\u201c. Lietuvos paj\u016brio kurorte nufilmuotas ir i\u0161kart po pasaulin\u0117s premjeros \u012fvertintas filmas \u017ei\u016brovus simboli\u0161kai palyd\u0117s \u012f ruden\u012f ir primins apie vietas, kuriose augome. Re\u017eisierius V. Katkus pasakoja apie filmo id\u0117j\u0105, vasaros pabaigos virsm\u0105, filmavimus \u0160ventojoje ir [&hellip;]<\/p>\n","protected":false},"author":6,"featured_media":27633,"comment_status":"closed","ping_status":"open","sticky":false,"template":"","format":"standard","meta":{"_acf_changed":false,"_monsterinsights_skip_tracking":false,"_monsterinsights_sitenote_active":false,"_monsterinsights_sitenote_note":"","_monsterinsights_sitenote_category":0,"footnotes":""},"categories":[161,58,100],"tags":[],"class_list":["post-27620","post","type-post","status-publish","format-standard","has-post-thumbnail","hentry","category-interviu","category-news","category-su-veidais"],"acf":[],"yoast_head":"<!-- This site is optimized with the Yoast SEO plugin v27.4 - https:\/\/yoast.com\/product\/yoast-seo-wordpress\/ -->\n<title>V. Katkus apie film\u0105 \u201eSve\u010dias\u201c: \u201eNustembame, kai mums kadaise brangios vietos toliau puikiai gyvena ir be m\u016bs\u0173\u201c - Vilnius film office<\/title>\n<meta name=\"description\" content=\"Netrukus \u0161alies kino teatruose pasirodys Karlovi Var\u0173 kino festivalyje apdovanojim\u0105 peln\u0119s Vytauto Katkaus filmas \u201eSve\u010dias\u201c\" \/>\n<meta name=\"robots\" content=\"index, follow, max-snippet:-1, max-image-preview:large, max-video-preview:-1\" \/>\n<link rel=\"canonical\" href=\"https:\/\/filmvilnius.com\/lt\/v-katkus-apie-filma-svecias-nustembame-kai-mums-kadaise-brangios-vietos-toliau-puikiai-gyvena-ir-be-musu\/\" \/>\n<meta property=\"og:locale\" content=\"lt_LT\" \/>\n<meta property=\"og:type\" content=\"article\" \/>\n<meta property=\"og:title\" content=\"V. Katkus apie film\u0105 \u201eSve\u010dias\u201c: \u201eNustembame, kai mums kadaise brangios vietos toliau puikiai gyvena ir be m\u016bs\u0173\u201c - Vilnius film office\" \/>\n<meta property=\"og:description\" content=\"Netrukus \u0161alies kino teatruose pasirodys Karlovi Var\u0173 kino festivalyje apdovanojim\u0105 peln\u0119s Vytauto Katkaus filmas \u201eSve\u010dias\u201c\" \/>\n<meta property=\"og:url\" content=\"https:\/\/filmvilnius.com\/lt\/v-katkus-apie-filma-svecias-nustembame-kai-mums-kadaise-brangios-vietos-toliau-puikiai-gyvena-ir-be-musu\/\" \/>\n<meta property=\"og:site_name\" content=\"Vilnius film office\" \/>\n<meta property=\"article:publisher\" content=\"https:\/\/www.facebook.com\/filmvilnius\" \/>\n<meta property=\"article:published_time\" content=\"2025-08-13T12:57:53+00:00\" \/>\n<meta property=\"article:modified_time\" content=\"2026-04-28T06:46:17+00:00\" \/>\n<meta property=\"og:image\" content=\"https:\/\/filmvilnius.com\/wp-content\/uploads\/2025\/08\/Svecias_20241008hr_martynasnorvaisas-048-scaled.jpg\" \/>\n\t<meta property=\"og:image:width\" content=\"2560\" \/>\n\t<meta property=\"og:image:height\" content=\"1707\" \/>\n\t<meta property=\"og:image:type\" content=\"image\/jpeg\" \/>\n<meta name=\"author\" content=\"Vilnius Film Office\" \/>\n<meta name=\"twitter:card\" content=\"summary_large_image\" \/>\n<meta name=\"twitter:creator\" content=\"@FilmVilnius\" \/>\n<meta name=\"twitter:site\" content=\"@FilmVilnius\" \/>\n<meta name=\"twitter:label1\" content=\"Written by\" \/>\n\t<meta name=\"twitter:data1\" content=\"Vilnius Film Office\" \/>\n\t<meta name=\"twitter:label2\" content=\"Est. reading time\" \/>\n\t<meta name=\"twitter:data2\" content=\"4 minut\u0117s\" \/>\n<script type=\"application\/ld+json\" class=\"yoast-schema-graph\">{\"@context\":\"https:\\\/\\\/schema.org\",\"@graph\":[{\"@type\":\"Article\",\"@id\":\"https:\\\/\\\/filmvilnius.com\\\/lt\\\/v-katkus-apie-filma-svecias-nustembame-kai-mums-kadaise-brangios-vietos-toliau-puikiai-gyvena-ir-be-musu\\\/#article\",\"isPartOf\":{\"@id\":\"https:\\\/\\\/filmvilnius.com\\\/lt\\\/v-katkus-apie-filma-svecias-nustembame-kai-mums-kadaise-brangios-vietos-toliau-puikiai-gyvena-ir-be-musu\\\/\"},\"author\":{\"name\":\"Vilnius Film Office\",\"@id\":\"https:\\\/\\\/filmvilnius.com\\\/#\\\/schema\\\/person\\\/8572c7f289890809bfa364d48f8dded5\"},\"headline\":\"V. Katkus apie film\u0105 \u201eSve\u010dias\u201c: \u201eNustembame, kai mums kadaise brangios vietos toliau puikiai gyvena ir be m\u016bs\u0173\u201c\",\"datePublished\":\"2025-08-13T12:57:53+00:00\",\"dateModified\":\"2026-04-28T06:46:17+00:00\",\"mainEntityOfPage\":{\"@id\":\"https:\\\/\\\/filmvilnius.com\\\/lt\\\/v-katkus-apie-filma-svecias-nustembame-kai-mums-kadaise-brangios-vietos-toliau-puikiai-gyvena-ir-be-musu\\\/\"},\"wordCount\":912,\"publisher\":{\"@id\":\"https:\\\/\\\/filmvilnius.com\\\/#organization\"},\"image\":{\"@id\":\"https:\\\/\\\/filmvilnius.com\\\/lt\\\/v-katkus-apie-filma-svecias-nustembame-kai-mums-kadaise-brangios-vietos-toliau-puikiai-gyvena-ir-be-musu\\\/#primaryimage\"},\"thumbnailUrl\":\"https:\\\/\\\/filmvilnius.com\\\/wp-content\\\/uploads\\\/2025\\\/08\\\/Svecias_20241008hr_martynasnorvaisas-048-scaled.jpg\",\"articleSection\":[\"Interviu\",\"Naujienos\",\"Su veidais\"],\"inLanguage\":\"lt-LT\"},{\"@type\":\"WebPage\",\"@id\":\"https:\\\/\\\/filmvilnius.com\\\/lt\\\/v-katkus-apie-filma-svecias-nustembame-kai-mums-kadaise-brangios-vietos-toliau-puikiai-gyvena-ir-be-musu\\\/\",\"url\":\"https:\\\/\\\/filmvilnius.com\\\/lt\\\/v-katkus-apie-filma-svecias-nustembame-kai-mums-kadaise-brangios-vietos-toliau-puikiai-gyvena-ir-be-musu\\\/\",\"name\":\"V. Katkus apie film\u0105 \u201eSve\u010dias\u201c: \u201eNustembame, kai mums kadaise brangios vietos toliau puikiai gyvena ir be m\u016bs\u0173\u201c - Vilnius film office\",\"isPartOf\":{\"@id\":\"https:\\\/\\\/filmvilnius.com\\\/#website\"},\"primaryImageOfPage\":{\"@id\":\"https:\\\/\\\/filmvilnius.com\\\/lt\\\/v-katkus-apie-filma-svecias-nustembame-kai-mums-kadaise-brangios-vietos-toliau-puikiai-gyvena-ir-be-musu\\\/#primaryimage\"},\"image\":{\"@id\":\"https:\\\/\\\/filmvilnius.com\\\/lt\\\/v-katkus-apie-filma-svecias-nustembame-kai-mums-kadaise-brangios-vietos-toliau-puikiai-gyvena-ir-be-musu\\\/#primaryimage\"},\"thumbnailUrl\":\"https:\\\/\\\/filmvilnius.com\\\/wp-content\\\/uploads\\\/2025\\\/08\\\/Svecias_20241008hr_martynasnorvaisas-048-scaled.jpg\",\"datePublished\":\"2025-08-13T12:57:53+00:00\",\"dateModified\":\"2026-04-28T06:46:17+00:00\",\"description\":\"Netrukus \u0161alies kino teatruose pasirodys Karlovi Var\u0173 kino festivalyje apdovanojim\u0105 peln\u0119s Vytauto Katkaus filmas \u201eSve\u010dias\u201c\",\"breadcrumb\":{\"@id\":\"https:\\\/\\\/filmvilnius.com\\\/lt\\\/v-katkus-apie-filma-svecias-nustembame-kai-mums-kadaise-brangios-vietos-toliau-puikiai-gyvena-ir-be-musu\\\/#breadcrumb\"},\"inLanguage\":\"lt-LT\",\"potentialAction\":[{\"@type\":\"ReadAction\",\"target\":[\"https:\\\/\\\/filmvilnius.com\\\/lt\\\/v-katkus-apie-filma-svecias-nustembame-kai-mums-kadaise-brangios-vietos-toliau-puikiai-gyvena-ir-be-musu\\\/\"]}]},{\"@type\":\"ImageObject\",\"inLanguage\":\"lt-LT\",\"@id\":\"https:\\\/\\\/filmvilnius.com\\\/lt\\\/v-katkus-apie-filma-svecias-nustembame-kai-mums-kadaise-brangios-vietos-toliau-puikiai-gyvena-ir-be-musu\\\/#primaryimage\",\"url\":\"https:\\\/\\\/filmvilnius.com\\\/wp-content\\\/uploads\\\/2025\\\/08\\\/Svecias_20241008hr_martynasnorvaisas-048-scaled.jpg\",\"contentUrl\":\"https:\\\/\\\/filmvilnius.com\\\/wp-content\\\/uploads\\\/2025\\\/08\\\/Svecias_20241008hr_martynasnorvaisas-048-scaled.jpg\",\"width\":2560,\"height\":1707},{\"@type\":\"BreadcrumbList\",\"@id\":\"https:\\\/\\\/filmvilnius.com\\\/lt\\\/v-katkus-apie-filma-svecias-nustembame-kai-mums-kadaise-brangios-vietos-toliau-puikiai-gyvena-ir-be-musu\\\/#breadcrumb\",\"itemListElement\":[{\"@type\":\"ListItem\",\"position\":1,\"name\":\"Home\",\"item\":\"https:\\\/\\\/filmvilnius.com\\\/lt\\\/\"},{\"@type\":\"ListItem\",\"position\":2,\"name\":\"V. Katkus apie film\u0105 \u201eSve\u010dias\u201c: \u201eNustembame, kai mums kadaise brangios vietos toliau puikiai gyvena ir be m\u016bs\u0173\u201c\"}]},{\"@type\":\"WebSite\",\"@id\":\"https:\\\/\\\/filmvilnius.com\\\/#website\",\"url\":\"https:\\\/\\\/filmvilnius.com\\\/\",\"name\":\"Vilnius film office\",\"description\":\"\",\"publisher\":{\"@id\":\"https:\\\/\\\/filmvilnius.com\\\/#organization\"},\"potentialAction\":[{\"@type\":\"SearchAction\",\"target\":{\"@type\":\"EntryPoint\",\"urlTemplate\":\"https:\\\/\\\/filmvilnius.com\\\/?s={search_term_string}\"},\"query-input\":{\"@type\":\"PropertyValueSpecification\",\"valueRequired\":true,\"valueName\":\"search_term_string\"}}],\"inLanguage\":\"lt-LT\"},{\"@type\":\"Organization\",\"@id\":\"https:\\\/\\\/filmvilnius.com\\\/#organization\",\"name\":\"Vilniaus kino biuras\",\"url\":\"https:\\\/\\\/filmvilnius.com\\\/\",\"logo\":{\"@type\":\"ImageObject\",\"inLanguage\":\"lt-LT\",\"@id\":\"https:\\\/\\\/filmvilnius.com\\\/#\\\/schema\\\/logo\\\/image\\\/\",\"url\":\"https:\\\/\\\/filmvilnius.com\\\/wp-content\\\/uploads\\\/2022\\\/12\\\/VKB-Logo-2022-EN-2-V.jpg\",\"contentUrl\":\"https:\\\/\\\/filmvilnius.com\\\/wp-content\\\/uploads\\\/2022\\\/12\\\/VKB-Logo-2022-EN-2-V.jpg\",\"width\":1419,\"height\":1418,\"caption\":\"Vilniaus kino biuras\"},\"image\":{\"@id\":\"https:\\\/\\\/filmvilnius.com\\\/#\\\/schema\\\/logo\\\/image\\\/\"},\"sameAs\":[\"https:\\\/\\\/www.facebook.com\\\/filmvilnius\",\"https:\\\/\\\/x.com\\\/FilmVilnius\",\"https:\\\/\\\/www.instagram.com\\\/filmvilnius\\\/\"]},{\"@type\":\"Person\",\"@id\":\"https:\\\/\\\/filmvilnius.com\\\/#\\\/schema\\\/person\\\/8572c7f289890809bfa364d48f8dded5\",\"name\":\"Vilnius Film Office\",\"image\":{\"@type\":\"ImageObject\",\"inLanguage\":\"lt-LT\",\"@id\":\"https:\\\/\\\/secure.gravatar.com\\\/avatar\\\/2f93c625b891dbd84735ed1bd75819d698625d4c37369c60acab5f321b22fbb2?s=96&d=mm&r=g\",\"url\":\"https:\\\/\\\/secure.gravatar.com\\\/avatar\\\/2f93c625b891dbd84735ed1bd75819d698625d4c37369c60acab5f321b22fbb2?s=96&d=mm&r=g\",\"contentUrl\":\"https:\\\/\\\/secure.gravatar.com\\\/avatar\\\/2f93c625b891dbd84735ed1bd75819d698625d4c37369c60acab5f321b22fbb2?s=96&d=mm&r=g\",\"caption\":\"Vilnius Film Office\"},\"url\":\"https:\\\/\\\/filmvilnius.com\\\/lt\\\/author\\\/ce5c1052f3e77e32\\\/\"}]}<\/script>\n<!-- \/ Yoast SEO plugin. -->","yoast_head_json":{"title":"V. Katkus apie film\u0105 \u201eSve\u010dias\u201c: \u201eNustembame, kai mums kadaise brangios vietos toliau puikiai gyvena ir be m\u016bs\u0173\u201c - Vilnius film office","description":"Netrukus \u0161alies kino teatruose pasirodys Karlovi Var\u0173 kino festivalyje apdovanojim\u0105 peln\u0119s Vytauto Katkaus filmas \u201eSve\u010dias\u201c","robots":{"index":"index","follow":"follow","max-snippet":"max-snippet:-1","max-image-preview":"max-image-preview:large","max-video-preview":"max-video-preview:-1"},"canonical":"https:\/\/filmvilnius.com\/lt\/v-katkus-apie-filma-svecias-nustembame-kai-mums-kadaise-brangios-vietos-toliau-puikiai-gyvena-ir-be-musu\/","og_locale":"lt_LT","og_type":"article","og_title":"V. Katkus apie film\u0105 \u201eSve\u010dias\u201c: \u201eNustembame, kai mums kadaise brangios vietos toliau puikiai gyvena ir be m\u016bs\u0173\u201c - Vilnius film office","og_description":"Netrukus \u0161alies kino teatruose pasirodys Karlovi Var\u0173 kino festivalyje apdovanojim\u0105 peln\u0119s Vytauto Katkaus filmas \u201eSve\u010dias\u201c","og_url":"https:\/\/filmvilnius.com\/lt\/v-katkus-apie-filma-svecias-nustembame-kai-mums-kadaise-brangios-vietos-toliau-puikiai-gyvena-ir-be-musu\/","og_site_name":"Vilnius film office","article_publisher":"https:\/\/www.facebook.com\/filmvilnius","article_published_time":"2025-08-13T12:57:53+00:00","article_modified_time":"2026-04-28T06:46:17+00:00","og_image":[{"width":2560,"height":1707,"url":"https:\/\/filmvilnius.com\/wp-content\/uploads\/2025\/08\/Svecias_20241008hr_martynasnorvaisas-048-scaled.jpg","type":"image\/jpeg"}],"author":"Vilnius Film Office","twitter_card":"summary_large_image","twitter_creator":"@FilmVilnius","twitter_site":"@FilmVilnius","twitter_misc":{"Written by":"Vilnius Film Office","Est. reading time":"4 minut\u0117s"},"schema":{"@context":"https:\/\/schema.org","@graph":[{"@type":"Article","@id":"https:\/\/filmvilnius.com\/lt\/v-katkus-apie-filma-svecias-nustembame-kai-mums-kadaise-brangios-vietos-toliau-puikiai-gyvena-ir-be-musu\/#article","isPartOf":{"@id":"https:\/\/filmvilnius.com\/lt\/v-katkus-apie-filma-svecias-nustembame-kai-mums-kadaise-brangios-vietos-toliau-puikiai-gyvena-ir-be-musu\/"},"author":{"name":"Vilnius Film Office","@id":"https:\/\/filmvilnius.com\/#\/schema\/person\/8572c7f289890809bfa364d48f8dded5"},"headline":"V. Katkus apie film\u0105 \u201eSve\u010dias\u201c: \u201eNustembame, kai mums kadaise brangios vietos toliau puikiai gyvena ir be m\u016bs\u0173\u201c","datePublished":"2025-08-13T12:57:53+00:00","dateModified":"2026-04-28T06:46:17+00:00","mainEntityOfPage":{"@id":"https:\/\/filmvilnius.com\/lt\/v-katkus-apie-filma-svecias-nustembame-kai-mums-kadaise-brangios-vietos-toliau-puikiai-gyvena-ir-be-musu\/"},"wordCount":912,"publisher":{"@id":"https:\/\/filmvilnius.com\/#organization"},"image":{"@id":"https:\/\/filmvilnius.com\/lt\/v-katkus-apie-filma-svecias-nustembame-kai-mums-kadaise-brangios-vietos-toliau-puikiai-gyvena-ir-be-musu\/#primaryimage"},"thumbnailUrl":"https:\/\/filmvilnius.com\/wp-content\/uploads\/2025\/08\/Svecias_20241008hr_martynasnorvaisas-048-scaled.jpg","articleSection":["Interviu","Naujienos","Su veidais"],"inLanguage":"lt-LT"},{"@type":"WebPage","@id":"https:\/\/filmvilnius.com\/lt\/v-katkus-apie-filma-svecias-nustembame-kai-mums-kadaise-brangios-vietos-toliau-puikiai-gyvena-ir-be-musu\/","url":"https:\/\/filmvilnius.com\/lt\/v-katkus-apie-filma-svecias-nustembame-kai-mums-kadaise-brangios-vietos-toliau-puikiai-gyvena-ir-be-musu\/","name":"V. Katkus apie film\u0105 \u201eSve\u010dias\u201c: \u201eNustembame, kai mums kadaise brangios vietos toliau puikiai gyvena ir be m\u016bs\u0173\u201c - Vilnius film office","isPartOf":{"@id":"https:\/\/filmvilnius.com\/#website"},"primaryImageOfPage":{"@id":"https:\/\/filmvilnius.com\/lt\/v-katkus-apie-filma-svecias-nustembame-kai-mums-kadaise-brangios-vietos-toliau-puikiai-gyvena-ir-be-musu\/#primaryimage"},"image":{"@id":"https:\/\/filmvilnius.com\/lt\/v-katkus-apie-filma-svecias-nustembame-kai-mums-kadaise-brangios-vietos-toliau-puikiai-gyvena-ir-be-musu\/#primaryimage"},"thumbnailUrl":"https:\/\/filmvilnius.com\/wp-content\/uploads\/2025\/08\/Svecias_20241008hr_martynasnorvaisas-048-scaled.jpg","datePublished":"2025-08-13T12:57:53+00:00","dateModified":"2026-04-28T06:46:17+00:00","description":"Netrukus \u0161alies kino teatruose pasirodys Karlovi Var\u0173 kino festivalyje apdovanojim\u0105 peln\u0119s Vytauto Katkaus filmas \u201eSve\u010dias\u201c","breadcrumb":{"@id":"https:\/\/filmvilnius.com\/lt\/v-katkus-apie-filma-svecias-nustembame-kai-mums-kadaise-brangios-vietos-toliau-puikiai-gyvena-ir-be-musu\/#breadcrumb"},"inLanguage":"lt-LT","potentialAction":[{"@type":"ReadAction","target":["https:\/\/filmvilnius.com\/lt\/v-katkus-apie-filma-svecias-nustembame-kai-mums-kadaise-brangios-vietos-toliau-puikiai-gyvena-ir-be-musu\/"]}]},{"@type":"ImageObject","inLanguage":"lt-LT","@id":"https:\/\/filmvilnius.com\/lt\/v-katkus-apie-filma-svecias-nustembame-kai-mums-kadaise-brangios-vietos-toliau-puikiai-gyvena-ir-be-musu\/#primaryimage","url":"https:\/\/filmvilnius.com\/wp-content\/uploads\/2025\/08\/Svecias_20241008hr_martynasnorvaisas-048-scaled.jpg","contentUrl":"https:\/\/filmvilnius.com\/wp-content\/uploads\/2025\/08\/Svecias_20241008hr_martynasnorvaisas-048-scaled.jpg","width":2560,"height":1707},{"@type":"BreadcrumbList","@id":"https:\/\/filmvilnius.com\/lt\/v-katkus-apie-filma-svecias-nustembame-kai-mums-kadaise-brangios-vietos-toliau-puikiai-gyvena-ir-be-musu\/#breadcrumb","itemListElement":[{"@type":"ListItem","position":1,"name":"Home","item":"https:\/\/filmvilnius.com\/lt\/"},{"@type":"ListItem","position":2,"name":"V. Katkus apie film\u0105 \u201eSve\u010dias\u201c: \u201eNustembame, kai mums kadaise brangios vietos toliau puikiai gyvena ir be m\u016bs\u0173\u201c"}]},{"@type":"WebSite","@id":"https:\/\/filmvilnius.com\/#website","url":"https:\/\/filmvilnius.com\/","name":"Vilnius film office","description":"","publisher":{"@id":"https:\/\/filmvilnius.com\/#organization"},"potentialAction":[{"@type":"SearchAction","target":{"@type":"EntryPoint","urlTemplate":"https:\/\/filmvilnius.com\/?s={search_term_string}"},"query-input":{"@type":"PropertyValueSpecification","valueRequired":true,"valueName":"search_term_string"}}],"inLanguage":"lt-LT"},{"@type":"Organization","@id":"https:\/\/filmvilnius.com\/#organization","name":"Vilniaus kino biuras","url":"https:\/\/filmvilnius.com\/","logo":{"@type":"ImageObject","inLanguage":"lt-LT","@id":"https:\/\/filmvilnius.com\/#\/schema\/logo\/image\/","url":"https:\/\/filmvilnius.com\/wp-content\/uploads\/2022\/12\/VKB-Logo-2022-EN-2-V.jpg","contentUrl":"https:\/\/filmvilnius.com\/wp-content\/uploads\/2022\/12\/VKB-Logo-2022-EN-2-V.jpg","width":1419,"height":1418,"caption":"Vilniaus kino biuras"},"image":{"@id":"https:\/\/filmvilnius.com\/#\/schema\/logo\/image\/"},"sameAs":["https:\/\/www.facebook.com\/filmvilnius","https:\/\/x.com\/FilmVilnius","https:\/\/www.instagram.com\/filmvilnius\/"]},{"@type":"Person","@id":"https:\/\/filmvilnius.com\/#\/schema\/person\/8572c7f289890809bfa364d48f8dded5","name":"Vilnius Film Office","image":{"@type":"ImageObject","inLanguage":"lt-LT","@id":"https:\/\/secure.gravatar.com\/avatar\/2f93c625b891dbd84735ed1bd75819d698625d4c37369c60acab5f321b22fbb2?s=96&d=mm&r=g","url":"https:\/\/secure.gravatar.com\/avatar\/2f93c625b891dbd84735ed1bd75819d698625d4c37369c60acab5f321b22fbb2?s=96&d=mm&r=g","contentUrl":"https:\/\/secure.gravatar.com\/avatar\/2f93c625b891dbd84735ed1bd75819d698625d4c37369c60acab5f321b22fbb2?s=96&d=mm&r=g","caption":"Vilnius Film Office"},"url":"https:\/\/filmvilnius.com\/lt\/author\/ce5c1052f3e77e32\/"}]}},"_links":{"self":[{"href":"https:\/\/filmvilnius.com\/lt\/wp-json\/wp\/v2\/posts\/27620","targetHints":{"allow":["GET"]}}],"collection":[{"href":"https:\/\/filmvilnius.com\/lt\/wp-json\/wp\/v2\/posts"}],"about":[{"href":"https:\/\/filmvilnius.com\/lt\/wp-json\/wp\/v2\/types\/post"}],"author":[{"embeddable":true,"href":"https:\/\/filmvilnius.com\/lt\/wp-json\/wp\/v2\/users\/6"}],"replies":[{"embeddable":true,"href":"https:\/\/filmvilnius.com\/lt\/wp-json\/wp\/v2\/comments?post=27620"}],"version-history":[{"count":2,"href":"https:\/\/filmvilnius.com\/lt\/wp-json\/wp\/v2\/posts\/27620\/revisions"}],"predecessor-version":[{"id":27638,"href":"https:\/\/filmvilnius.com\/lt\/wp-json\/wp\/v2\/posts\/27620\/revisions\/27638"}],"wp:featuredmedia":[{"embeddable":true,"href":"https:\/\/filmvilnius.com\/lt\/wp-json\/wp\/v2\/media\/27633"}],"wp:attachment":[{"href":"https:\/\/filmvilnius.com\/lt\/wp-json\/wp\/v2\/media?parent=27620"}],"wp:term":[{"taxonomy":"category","embeddable":true,"href":"https:\/\/filmvilnius.com\/lt\/wp-json\/wp\/v2\/categories?post=27620"},{"taxonomy":"post_tag","embeddable":true,"href":"https:\/\/filmvilnius.com\/lt\/wp-json\/wp\/v2\/tags?post=27620"}],"curies":[{"name":"wp","href":"https:\/\/api.w.org\/{rel}","templated":true}]}}