{"id":27910,"date":"2025-09-24T11:40:42","date_gmt":"2025-09-24T11:40:42","guid":{"rendered":"https:\/\/filmvilnius.com\/?p=27910"},"modified":"2026-04-28T08:42:00","modified_gmt":"2026-04-28T06:42:00","slug":"vilniuje-isteigtas-pirmasis-lietuvoje-miesto-kino-fondas-dauges-tarptautiniu-projektu","status":"publish","type":"post","link":"https:\/\/filmvilnius.com\/lt\/vilniuje-isteigtas-pirmasis-lietuvoje-miesto-kino-fondas-dauges-tarptautiniu-projektu\/","title":{"rendered":"Vilniuje \u012fsteigtas pirmasis Lietuvoje miesto kino fondas: daug\u0117s tarptautini\u0173 projekt\u0173"},"content":{"rendered":"<p><strong>Tre\u010diadienio popiet\u0119 Vilniaus miesto savivaldyb\u0117s Taryba pritar\u0117 Vilniaus kino fondo steigimui. Pirmasis Lietuvoje miesto fondas sieks remti kino k\u016br\u0117jus, kurie savo darbais didina Vilniaus \u017einomum\u0105. Sostin\u0117je \u0161iuo metu \u012fsik\u016br\u0119 daugiau nei 90 proc. \u0161alies kino industrijos, auga ir Vilniuje filmuojam\u0173 u\u017esienio projekt\u0173 skai\u010dius.\u00a0<\/strong><\/p>\n<p><span style=\"font-weight: 400;\">\u0160iuo fondu bus siekiama prisid\u0117ti prie miesto ekonominio augimo ir tarptautinio konkurencingumo, formuoti Vilniaus kaip patrauklios filmavimo vietos ir filmavimams draugi\u0161ko miesto, \u012fvaizd\u012f. Finansuojant projektus, bus atsi\u017evelgiama \u012f miestui ne\u0161am\u0105 ekonomin\u0119 naud\u0105, tarptauti\u0161kum\u0105, vietini\u0173 kino profesional\u0173 \u012ftraukim\u0105.<\/span><\/p>\n<p><span style=\"font-weight: 400;\">\u201eD\u017eiaugiam\u0117s gal\u0117dami \u017eengti dar vien\u0105 svarb\u0173 \u017eingsn\u012f stiprinant Vilniaus kaip k\u016brybi\u0161ko, atviro ir draugi\u0161ko kinui miesto \u012fvaizd\u012f. Sostin\u0117 jau kur\u012f laik\u0105 remia kino edukacijas, kino akademijos veikl\u0105, svarbiausius kino festivalius ar projektus. Vilniaus kino fondas puikiai papildo esam\u0105 kino srities finansavimo model\u012f ir tampa\u00a0 platforma pritraukti naujas id\u0117jas bei stiprinti miesto kult\u016brin\u012f identitet\u0105 per film\u0173 gamybos projektus\u201c, <\/span><span style=\"font-weight: 400;\">\u2013 teigia Vilniaus miesto savivaldyb\u0117s vicemer\u0117 Simona Bieli\u016bn\u0117.<\/span><\/p>\n<p><span style=\"font-weight: 400;\">Vilniaus kino biuras atliko tyrim\u0105, kurio metu analizuoti kiti regioniniai fondai Europoje ir pasaulyje. Remiantis gerosiomis praktikomis, dalis fond\u0173 veikimo princip\u0173 perkelti ir \u012f Lietuv\u0105. Anot Vilniaus kino biuro vadov\u0117s J\u016brat\u0117s Pazikait\u0117s, regioniniai kino fondai yra da\u017ena tarptautin\u0117 praktika. Tokius fondus turi dauguma Europos \u0161ali\u0173 \u2013 Vokietija, Pranc\u016bzija, Jungtin\u0117 Karalyst\u0117, Skandinavijos \u0161alys, taip pat kaimynin\u0117s Lenkija, Latvija ir Estija. Tai \u2013 galimyb\u0117 remti vietos k\u016br\u0117jus, skatinti tarptautin\u012f bendradarbiavim\u0105 bei didinti miesto \u017einomum\u0105 kino srityje, kartu pritraukiant nauj\u0173 projekt\u0173 bei l\u0117\u0161\u0173.\u00a0<\/span><\/p>\n<p><span style=\"font-weight: 400;\">Vilniaus kino fondas finansuos bendros gamybos \u2013 Lietuvos ir u\u017esienio k\u016br\u0117j\u0173 \u2013 dokumentini\u0173, animacini\u0173 ir vaidybini\u0173 ilgametra\u017ei\u0173 film\u0173 gamybos darbus. Taip sudaroma galimyb\u0117 megzti ry\u0161ius tarp Lietuvos ir u\u017esienio kino k\u016br\u0117j\u0173, o Vilniui \u2013 tapti regiono kooprodukcij\u0173 centru.\u00a0<\/span><\/p>\n<p><span style=\"font-weight: 400;\">\u201e<\/span><span style=\"font-weight: 400;\">\u0160ia parama Vilniaus miestas skatins kino industrijos pl\u0117tr\u0105, prisid\u0117s prie kino profesional\u0173 patirties main\u0173, skatins auk\u0161tos kokyb\u0117s produkcij\u0105. Tikim\u0117s, kad Vilniaus vardas dar garsiau skamb\u0117s tarptautiniuose kino festivaliuose, o lietuvi\u0173 filmai ir toliau pelnys \u012fvertinimus visame pasaulyje<\/span><span style=\"font-weight: 400;\">\u201c<\/span><span style=\"font-weight: 400;\">, \u2013 teigia J. Pazikait\u0117.<\/span><\/p>\n<p><span style=\"font-weight: 400;\">Bendras Vilniaus kino fondo biud\u017eetas \u2013 100 t\u016bkst. eur, maksimali suma vienam projektui \u2013 30 t\u016bkst. eur. Pirmieji kino projektai bus finansuojami dar \u0161iais metais.\u00a0\u00a0<\/span><\/p>\n","protected":false},"excerpt":{"rendered":"<p>Tre\u010diadienio popiet\u0119 Vilniaus miesto savivaldyb\u0117s Taryba pritar\u0117 Vilniaus kino fondo steigimui. Pirmasis Lietuvoje miesto fondas sieks remti kino k\u016br\u0117jus, kurie savo darbais didina Vilniaus \u017einomum\u0105. Sostin\u0117je \u0161iuo metu \u012fsik\u016br\u0119 daugiau nei 90 proc. \u0161alies kino industrijos, auga ir Vilniuje filmuojam\u0173 u\u017esienio projekt\u0173 skai\u010dius.\u00a0 \u0160iuo fondu bus siekiama prisid\u0117ti prie miesto ekonominio augimo ir tarptautinio konkurencingumo, [&hellip;]<\/p>\n","protected":false},"author":6,"featured_media":27952,"comment_status":"closed","ping_status":"open","sticky":false,"template":"","format":"standard","meta":{"_acf_changed":false,"_monsterinsights_skip_tracking":false,"_monsterinsights_sitenote_active":false,"_monsterinsights_sitenote_note":"","_monsterinsights_sitenote_category":0,"footnotes":""},"categories":[58,192],"tags":[],"class_list":["post-27910","post","type-post","status-publish","format-standard","has-post-thumbnail","hentry","category-news","category-pranesimai-ziniasklaidai"],"acf":[],"yoast_head":"<!-- This site is optimized with the Yoast SEO plugin v27.4 - https:\/\/yoast.com\/product\/yoast-seo-wordpress\/ -->\n<title>Vilniuje \u012fsteigtas pirmasis Lietuvoje miesto kino fondas: daug\u0117s tarptautini\u0173 projekt\u0173 - Vilnius film office<\/title>\n<meta name=\"description\" content=\"Vilniaus miesto savivaldyb\u0117s Taryba pritar\u0117 Vilniaus kino fondo steigimui. Pirmasis Lietuvoje miesto fondas rem kino k\u016br\u0117jus\" \/>\n<meta name=\"robots\" content=\"index, follow, max-snippet:-1, max-image-preview:large, max-video-preview:-1\" \/>\n<link rel=\"canonical\" href=\"https:\/\/filmvilnius.com\/lt\/vilniuje-isteigtas-pirmasis-lietuvoje-miesto-kino-fondas-dauges-tarptautiniu-projektu\/\" \/>\n<meta property=\"og:locale\" content=\"lt_LT\" \/>\n<meta property=\"og:type\" content=\"article\" \/>\n<meta property=\"og:title\" content=\"Vilniuje \u012fsteigtas pirmasis Lietuvoje miesto kino fondas: daug\u0117s tarptautini\u0173 projekt\u0173 - Vilnius film office\" \/>\n<meta property=\"og:description\" content=\"Vilniaus miesto savivaldyb\u0117s Taryba pritar\u0117 Vilniaus kino fondo steigimui. Pirmasis Lietuvoje miesto fondas rem kino k\u016br\u0117jus\" \/>\n<meta property=\"og:url\" content=\"https:\/\/filmvilnius.com\/lt\/vilniuje-isteigtas-pirmasis-lietuvoje-miesto-kino-fondas-dauges-tarptautiniu-projektu\/\" \/>\n<meta property=\"og:site_name\" content=\"Vilnius film office\" \/>\n<meta property=\"article:publisher\" content=\"https:\/\/www.facebook.com\/filmvilnius\" \/>\n<meta property=\"article:published_time\" content=\"2025-09-24T11:40:42+00:00\" \/>\n<meta property=\"article:modified_time\" content=\"2026-04-28T06:42:00+00:00\" \/>\n<meta property=\"og:image\" content=\"https:\/\/filmvilnius.com\/wp-content\/uploads\/2025\/09\/SISI_Vilnius-65.jpg\" \/>\n\t<meta property=\"og:image:width\" content=\"1920\" \/>\n\t<meta property=\"og:image:height\" content=\"1280\" \/>\n\t<meta property=\"og:image:type\" content=\"image\/jpeg\" \/>\n<meta name=\"author\" content=\"Vilnius Film Office\" \/>\n<meta name=\"twitter:card\" content=\"summary_large_image\" \/>\n<meta name=\"twitter:creator\" content=\"@FilmVilnius\" \/>\n<meta name=\"twitter:site\" content=\"@FilmVilnius\" \/>\n<meta name=\"twitter:label1\" content=\"Written by\" \/>\n\t<meta name=\"twitter:data1\" content=\"Vilnius Film Office\" \/>\n\t<meta name=\"twitter:label2\" content=\"Est. reading time\" \/>\n\t<meta name=\"twitter:data2\" content=\"2 minut\u0117s\" \/>\n<script type=\"application\/ld+json\" class=\"yoast-schema-graph\">{\"@context\":\"https:\\\/\\\/schema.org\",\"@graph\":[{\"@type\":\"Article\",\"@id\":\"https:\\\/\\\/filmvilnius.com\\\/lt\\\/vilniuje-isteigtas-pirmasis-lietuvoje-miesto-kino-fondas-dauges-tarptautiniu-projektu\\\/#article\",\"isPartOf\":{\"@id\":\"https:\\\/\\\/filmvilnius.com\\\/lt\\\/vilniuje-isteigtas-pirmasis-lietuvoje-miesto-kino-fondas-dauges-tarptautiniu-projektu\\\/\"},\"author\":{\"name\":\"Vilnius Film Office\",\"@id\":\"https:\\\/\\\/filmvilnius.com\\\/#\\\/schema\\\/person\\\/8572c7f289890809bfa364d48f8dded5\"},\"headline\":\"Vilniuje \u012fsteigtas pirmasis Lietuvoje miesto kino fondas: daug\u0117s tarptautini\u0173 projekt\u0173\",\"datePublished\":\"2025-09-24T11:40:42+00:00\",\"dateModified\":\"2026-04-28T06:42:00+00:00\",\"mainEntityOfPage\":{\"@id\":\"https:\\\/\\\/filmvilnius.com\\\/lt\\\/vilniuje-isteigtas-pirmasis-lietuvoje-miesto-kino-fondas-dauges-tarptautiniu-projektu\\\/\"},\"wordCount\":375,\"publisher\":{\"@id\":\"https:\\\/\\\/filmvilnius.com\\\/#organization\"},\"image\":{\"@id\":\"https:\\\/\\\/filmvilnius.com\\\/lt\\\/vilniuje-isteigtas-pirmasis-lietuvoje-miesto-kino-fondas-dauges-tarptautiniu-projektu\\\/#primaryimage\"},\"thumbnailUrl\":\"https:\\\/\\\/filmvilnius.com\\\/wp-content\\\/uploads\\\/2025\\\/09\\\/SISI_Vilnius-65.webp\",\"articleSection\":[\"Naujienos\",\"Prane\u0161imai \u017einiasklaidai\"],\"inLanguage\":\"lt-LT\"},{\"@type\":\"WebPage\",\"@id\":\"https:\\\/\\\/filmvilnius.com\\\/lt\\\/vilniuje-isteigtas-pirmasis-lietuvoje-miesto-kino-fondas-dauges-tarptautiniu-projektu\\\/\",\"url\":\"https:\\\/\\\/filmvilnius.com\\\/lt\\\/vilniuje-isteigtas-pirmasis-lietuvoje-miesto-kino-fondas-dauges-tarptautiniu-projektu\\\/\",\"name\":\"Vilniuje \u012fsteigtas pirmasis Lietuvoje miesto kino fondas: daug\u0117s tarptautini\u0173 projekt\u0173 - Vilnius film office\",\"isPartOf\":{\"@id\":\"https:\\\/\\\/filmvilnius.com\\\/#website\"},\"primaryImageOfPage\":{\"@id\":\"https:\\\/\\\/filmvilnius.com\\\/lt\\\/vilniuje-isteigtas-pirmasis-lietuvoje-miesto-kino-fondas-dauges-tarptautiniu-projektu\\\/#primaryimage\"},\"image\":{\"@id\":\"https:\\\/\\\/filmvilnius.com\\\/lt\\\/vilniuje-isteigtas-pirmasis-lietuvoje-miesto-kino-fondas-dauges-tarptautiniu-projektu\\\/#primaryimage\"},\"thumbnailUrl\":\"https:\\\/\\\/filmvilnius.com\\\/wp-content\\\/uploads\\\/2025\\\/09\\\/SISI_Vilnius-65.webp\",\"datePublished\":\"2025-09-24T11:40:42+00:00\",\"dateModified\":\"2026-04-28T06:42:00+00:00\",\"description\":\"Vilniaus miesto savivaldyb\u0117s Taryba pritar\u0117 Vilniaus kino fondo steigimui. Pirmasis Lietuvoje miesto fondas rem kino k\u016br\u0117jus\",\"breadcrumb\":{\"@id\":\"https:\\\/\\\/filmvilnius.com\\\/lt\\\/vilniuje-isteigtas-pirmasis-lietuvoje-miesto-kino-fondas-dauges-tarptautiniu-projektu\\\/#breadcrumb\"},\"inLanguage\":\"lt-LT\",\"potentialAction\":[{\"@type\":\"ReadAction\",\"target\":[\"https:\\\/\\\/filmvilnius.com\\\/lt\\\/vilniuje-isteigtas-pirmasis-lietuvoje-miesto-kino-fondas-dauges-tarptautiniu-projektu\\\/\"]}]},{\"@type\":\"ImageObject\",\"inLanguage\":\"lt-LT\",\"@id\":\"https:\\\/\\\/filmvilnius.com\\\/lt\\\/vilniuje-isteigtas-pirmasis-lietuvoje-miesto-kino-fondas-dauges-tarptautiniu-projektu\\\/#primaryimage\",\"url\":\"https:\\\/\\\/filmvilnius.com\\\/wp-content\\\/uploads\\\/2025\\\/09\\\/SISI_Vilnius-65.webp\",\"contentUrl\":\"https:\\\/\\\/filmvilnius.com\\\/wp-content\\\/uploads\\\/2025\\\/09\\\/SISI_Vilnius-65.webp\",\"width\":1000,\"height\":667},{\"@type\":\"BreadcrumbList\",\"@id\":\"https:\\\/\\\/filmvilnius.com\\\/lt\\\/vilniuje-isteigtas-pirmasis-lietuvoje-miesto-kino-fondas-dauges-tarptautiniu-projektu\\\/#breadcrumb\",\"itemListElement\":[{\"@type\":\"ListItem\",\"position\":1,\"name\":\"Home\",\"item\":\"https:\\\/\\\/filmvilnius.com\\\/lt\\\/\"},{\"@type\":\"ListItem\",\"position\":2,\"name\":\"Vilniuje \u012fsteigtas pirmasis Lietuvoje miesto kino fondas: daug\u0117s tarptautini\u0173 projekt\u0173\"}]},{\"@type\":\"WebSite\",\"@id\":\"https:\\\/\\\/filmvilnius.com\\\/#website\",\"url\":\"https:\\\/\\\/filmvilnius.com\\\/\",\"name\":\"Vilnius film office\",\"description\":\"\",\"publisher\":{\"@id\":\"https:\\\/\\\/filmvilnius.com\\\/#organization\"},\"potentialAction\":[{\"@type\":\"SearchAction\",\"target\":{\"@type\":\"EntryPoint\",\"urlTemplate\":\"https:\\\/\\\/filmvilnius.com\\\/?s={search_term_string}\"},\"query-input\":{\"@type\":\"PropertyValueSpecification\",\"valueRequired\":true,\"valueName\":\"search_term_string\"}}],\"inLanguage\":\"lt-LT\"},{\"@type\":\"Organization\",\"@id\":\"https:\\\/\\\/filmvilnius.com\\\/#organization\",\"name\":\"Vilniaus kino biuras\",\"url\":\"https:\\\/\\\/filmvilnius.com\\\/\",\"logo\":{\"@type\":\"ImageObject\",\"inLanguage\":\"lt-LT\",\"@id\":\"https:\\\/\\\/filmvilnius.com\\\/#\\\/schema\\\/logo\\\/image\\\/\",\"url\":\"https:\\\/\\\/filmvilnius.com\\\/wp-content\\\/uploads\\\/2022\\\/12\\\/VKB-Logo-2022-EN-2-V.jpg\",\"contentUrl\":\"https:\\\/\\\/filmvilnius.com\\\/wp-content\\\/uploads\\\/2022\\\/12\\\/VKB-Logo-2022-EN-2-V.jpg\",\"width\":1419,\"height\":1418,\"caption\":\"Vilniaus kino biuras\"},\"image\":{\"@id\":\"https:\\\/\\\/filmvilnius.com\\\/#\\\/schema\\\/logo\\\/image\\\/\"},\"sameAs\":[\"https:\\\/\\\/www.facebook.com\\\/filmvilnius\",\"https:\\\/\\\/x.com\\\/FilmVilnius\",\"https:\\\/\\\/www.instagram.com\\\/filmvilnius\\\/\"]},{\"@type\":\"Person\",\"@id\":\"https:\\\/\\\/filmvilnius.com\\\/#\\\/schema\\\/person\\\/8572c7f289890809bfa364d48f8dded5\",\"name\":\"Vilnius Film Office\",\"image\":{\"@type\":\"ImageObject\",\"inLanguage\":\"lt-LT\",\"@id\":\"https:\\\/\\\/secure.gravatar.com\\\/avatar\\\/2f93c625b891dbd84735ed1bd75819d698625d4c37369c60acab5f321b22fbb2?s=96&d=mm&r=g\",\"url\":\"https:\\\/\\\/secure.gravatar.com\\\/avatar\\\/2f93c625b891dbd84735ed1bd75819d698625d4c37369c60acab5f321b22fbb2?s=96&d=mm&r=g\",\"contentUrl\":\"https:\\\/\\\/secure.gravatar.com\\\/avatar\\\/2f93c625b891dbd84735ed1bd75819d698625d4c37369c60acab5f321b22fbb2?s=96&d=mm&r=g\",\"caption\":\"Vilnius Film Office\"},\"url\":\"https:\\\/\\\/filmvilnius.com\\\/lt\\\/author\\\/ce5c1052f3e77e32\\\/\"}]}<\/script>\n<!-- \/ Yoast SEO plugin. -->","yoast_head_json":{"title":"Vilniuje \u012fsteigtas pirmasis Lietuvoje miesto kino fondas: daug\u0117s tarptautini\u0173 projekt\u0173 - Vilnius film office","description":"Vilniaus miesto savivaldyb\u0117s Taryba pritar\u0117 Vilniaus kino fondo steigimui. Pirmasis Lietuvoje miesto fondas rem kino k\u016br\u0117jus","robots":{"index":"index","follow":"follow","max-snippet":"max-snippet:-1","max-image-preview":"max-image-preview:large","max-video-preview":"max-video-preview:-1"},"canonical":"https:\/\/filmvilnius.com\/lt\/vilniuje-isteigtas-pirmasis-lietuvoje-miesto-kino-fondas-dauges-tarptautiniu-projektu\/","og_locale":"lt_LT","og_type":"article","og_title":"Vilniuje \u012fsteigtas pirmasis Lietuvoje miesto kino fondas: daug\u0117s tarptautini\u0173 projekt\u0173 - Vilnius film office","og_description":"Vilniaus miesto savivaldyb\u0117s Taryba pritar\u0117 Vilniaus kino fondo steigimui. Pirmasis Lietuvoje miesto fondas rem kino k\u016br\u0117jus","og_url":"https:\/\/filmvilnius.com\/lt\/vilniuje-isteigtas-pirmasis-lietuvoje-miesto-kino-fondas-dauges-tarptautiniu-projektu\/","og_site_name":"Vilnius film office","article_publisher":"https:\/\/www.facebook.com\/filmvilnius","article_published_time":"2025-09-24T11:40:42+00:00","article_modified_time":"2026-04-28T06:42:00+00:00","og_image":[{"width":1920,"height":1280,"url":"https:\/\/filmvilnius.com\/wp-content\/uploads\/2025\/09\/SISI_Vilnius-65.jpg","type":"image\/jpeg"}],"author":"Vilnius Film Office","twitter_card":"summary_large_image","twitter_creator":"@FilmVilnius","twitter_site":"@FilmVilnius","twitter_misc":{"Written by":"Vilnius Film Office","Est. reading time":"2 minut\u0117s"},"schema":{"@context":"https:\/\/schema.org","@graph":[{"@type":"Article","@id":"https:\/\/filmvilnius.com\/lt\/vilniuje-isteigtas-pirmasis-lietuvoje-miesto-kino-fondas-dauges-tarptautiniu-projektu\/#article","isPartOf":{"@id":"https:\/\/filmvilnius.com\/lt\/vilniuje-isteigtas-pirmasis-lietuvoje-miesto-kino-fondas-dauges-tarptautiniu-projektu\/"},"author":{"name":"Vilnius Film Office","@id":"https:\/\/filmvilnius.com\/#\/schema\/person\/8572c7f289890809bfa364d48f8dded5"},"headline":"Vilniuje \u012fsteigtas pirmasis Lietuvoje miesto kino fondas: daug\u0117s tarptautini\u0173 projekt\u0173","datePublished":"2025-09-24T11:40:42+00:00","dateModified":"2026-04-28T06:42:00+00:00","mainEntityOfPage":{"@id":"https:\/\/filmvilnius.com\/lt\/vilniuje-isteigtas-pirmasis-lietuvoje-miesto-kino-fondas-dauges-tarptautiniu-projektu\/"},"wordCount":375,"publisher":{"@id":"https:\/\/filmvilnius.com\/#organization"},"image":{"@id":"https:\/\/filmvilnius.com\/lt\/vilniuje-isteigtas-pirmasis-lietuvoje-miesto-kino-fondas-dauges-tarptautiniu-projektu\/#primaryimage"},"thumbnailUrl":"https:\/\/filmvilnius.com\/wp-content\/uploads\/2025\/09\/SISI_Vilnius-65.webp","articleSection":["Naujienos","Prane\u0161imai \u017einiasklaidai"],"inLanguage":"lt-LT"},{"@type":"WebPage","@id":"https:\/\/filmvilnius.com\/lt\/vilniuje-isteigtas-pirmasis-lietuvoje-miesto-kino-fondas-dauges-tarptautiniu-projektu\/","url":"https:\/\/filmvilnius.com\/lt\/vilniuje-isteigtas-pirmasis-lietuvoje-miesto-kino-fondas-dauges-tarptautiniu-projektu\/","name":"Vilniuje \u012fsteigtas pirmasis Lietuvoje miesto kino fondas: daug\u0117s tarptautini\u0173 projekt\u0173 - Vilnius film office","isPartOf":{"@id":"https:\/\/filmvilnius.com\/#website"},"primaryImageOfPage":{"@id":"https:\/\/filmvilnius.com\/lt\/vilniuje-isteigtas-pirmasis-lietuvoje-miesto-kino-fondas-dauges-tarptautiniu-projektu\/#primaryimage"},"image":{"@id":"https:\/\/filmvilnius.com\/lt\/vilniuje-isteigtas-pirmasis-lietuvoje-miesto-kino-fondas-dauges-tarptautiniu-projektu\/#primaryimage"},"thumbnailUrl":"https:\/\/filmvilnius.com\/wp-content\/uploads\/2025\/09\/SISI_Vilnius-65.webp","datePublished":"2025-09-24T11:40:42+00:00","dateModified":"2026-04-28T06:42:00+00:00","description":"Vilniaus miesto savivaldyb\u0117s Taryba pritar\u0117 Vilniaus kino fondo steigimui. Pirmasis Lietuvoje miesto fondas rem kino k\u016br\u0117jus","breadcrumb":{"@id":"https:\/\/filmvilnius.com\/lt\/vilniuje-isteigtas-pirmasis-lietuvoje-miesto-kino-fondas-dauges-tarptautiniu-projektu\/#breadcrumb"},"inLanguage":"lt-LT","potentialAction":[{"@type":"ReadAction","target":["https:\/\/filmvilnius.com\/lt\/vilniuje-isteigtas-pirmasis-lietuvoje-miesto-kino-fondas-dauges-tarptautiniu-projektu\/"]}]},{"@type":"ImageObject","inLanguage":"lt-LT","@id":"https:\/\/filmvilnius.com\/lt\/vilniuje-isteigtas-pirmasis-lietuvoje-miesto-kino-fondas-dauges-tarptautiniu-projektu\/#primaryimage","url":"https:\/\/filmvilnius.com\/wp-content\/uploads\/2025\/09\/SISI_Vilnius-65.webp","contentUrl":"https:\/\/filmvilnius.com\/wp-content\/uploads\/2025\/09\/SISI_Vilnius-65.webp","width":1000,"height":667},{"@type":"BreadcrumbList","@id":"https:\/\/filmvilnius.com\/lt\/vilniuje-isteigtas-pirmasis-lietuvoje-miesto-kino-fondas-dauges-tarptautiniu-projektu\/#breadcrumb","itemListElement":[{"@type":"ListItem","position":1,"name":"Home","item":"https:\/\/filmvilnius.com\/lt\/"},{"@type":"ListItem","position":2,"name":"Vilniuje \u012fsteigtas pirmasis Lietuvoje miesto kino fondas: daug\u0117s tarptautini\u0173 projekt\u0173"}]},{"@type":"WebSite","@id":"https:\/\/filmvilnius.com\/#website","url":"https:\/\/filmvilnius.com\/","name":"Vilnius film office","description":"","publisher":{"@id":"https:\/\/filmvilnius.com\/#organization"},"potentialAction":[{"@type":"SearchAction","target":{"@type":"EntryPoint","urlTemplate":"https:\/\/filmvilnius.com\/?s={search_term_string}"},"query-input":{"@type":"PropertyValueSpecification","valueRequired":true,"valueName":"search_term_string"}}],"inLanguage":"lt-LT"},{"@type":"Organization","@id":"https:\/\/filmvilnius.com\/#organization","name":"Vilniaus kino biuras","url":"https:\/\/filmvilnius.com\/","logo":{"@type":"ImageObject","inLanguage":"lt-LT","@id":"https:\/\/filmvilnius.com\/#\/schema\/logo\/image\/","url":"https:\/\/filmvilnius.com\/wp-content\/uploads\/2022\/12\/VKB-Logo-2022-EN-2-V.jpg","contentUrl":"https:\/\/filmvilnius.com\/wp-content\/uploads\/2022\/12\/VKB-Logo-2022-EN-2-V.jpg","width":1419,"height":1418,"caption":"Vilniaus kino biuras"},"image":{"@id":"https:\/\/filmvilnius.com\/#\/schema\/logo\/image\/"},"sameAs":["https:\/\/www.facebook.com\/filmvilnius","https:\/\/x.com\/FilmVilnius","https:\/\/www.instagram.com\/filmvilnius\/"]},{"@type":"Person","@id":"https:\/\/filmvilnius.com\/#\/schema\/person\/8572c7f289890809bfa364d48f8dded5","name":"Vilnius Film Office","image":{"@type":"ImageObject","inLanguage":"lt-LT","@id":"https:\/\/secure.gravatar.com\/avatar\/2f93c625b891dbd84735ed1bd75819d698625d4c37369c60acab5f321b22fbb2?s=96&d=mm&r=g","url":"https:\/\/secure.gravatar.com\/avatar\/2f93c625b891dbd84735ed1bd75819d698625d4c37369c60acab5f321b22fbb2?s=96&d=mm&r=g","contentUrl":"https:\/\/secure.gravatar.com\/avatar\/2f93c625b891dbd84735ed1bd75819d698625d4c37369c60acab5f321b22fbb2?s=96&d=mm&r=g","caption":"Vilnius Film Office"},"url":"https:\/\/filmvilnius.com\/lt\/author\/ce5c1052f3e77e32\/"}]}},"_links":{"self":[{"href":"https:\/\/filmvilnius.com\/lt\/wp-json\/wp\/v2\/posts\/27910","targetHints":{"allow":["GET"]}}],"collection":[{"href":"https:\/\/filmvilnius.com\/lt\/wp-json\/wp\/v2\/posts"}],"about":[{"href":"https:\/\/filmvilnius.com\/lt\/wp-json\/wp\/v2\/types\/post"}],"author":[{"embeddable":true,"href":"https:\/\/filmvilnius.com\/lt\/wp-json\/wp\/v2\/users\/6"}],"replies":[{"embeddable":true,"href":"https:\/\/filmvilnius.com\/lt\/wp-json\/wp\/v2\/comments?post=27910"}],"version-history":[{"count":1,"href":"https:\/\/filmvilnius.com\/lt\/wp-json\/wp\/v2\/posts\/27910\/revisions"}],"predecessor-version":[{"id":27913,"href":"https:\/\/filmvilnius.com\/lt\/wp-json\/wp\/v2\/posts\/27910\/revisions\/27913"}],"wp:featuredmedia":[{"embeddable":true,"href":"https:\/\/filmvilnius.com\/lt\/wp-json\/wp\/v2\/media\/27952"}],"wp:attachment":[{"href":"https:\/\/filmvilnius.com\/lt\/wp-json\/wp\/v2\/media?parent=27910"}],"wp:term":[{"taxonomy":"category","embeddable":true,"href":"https:\/\/filmvilnius.com\/lt\/wp-json\/wp\/v2\/categories?post=27910"},{"taxonomy":"post_tag","embeddable":true,"href":"https:\/\/filmvilnius.com\/lt\/wp-json\/wp\/v2\/tags?post=27910"}],"curies":[{"name":"wp","href":"https:\/\/api.w.org\/{rel}","templated":true}]}}