{"id":28770,"date":"2025-11-21T09:19:39","date_gmt":"2025-11-21T09:19:39","guid":{"rendered":"https:\/\/filmvilnius.com\/?p=28770"},"modified":"2026-04-28T08:37:25","modified_gmt":"2026-04-28T06:37:25","slug":"vilniuje-filmuojamas-prime-video-kriminalinis-serialas-pagrindini-vaidmeni-atliks-danu-muzikantas-michael-falch","status":"publish","type":"post","link":"https:\/\/filmvilnius.com\/lt\/vilniuje-filmuojamas-prime-video-kriminalinis-serialas-pagrindini-vaidmeni-atliks-danu-muzikantas-michael-falch\/","title":{"rendered":"Vilniuje filmuojamas \u201ePrime Video\u201c kriminalinis serialas: pagrindin\u012f vaidmen\u012f atliks dan\u0173 muzikantas Michael Falch"},"content":{"rendered":"<p><span style=\"font-weight: 400;\">Lapkri\u010dio m\u0117nes\u012f Vilnius i\u0161lydi su filmavimais Vilniaus senamiestyje, Naujininkuose ir Antakalnyje. Sostin\u0117je didelius filmavimo darbus atlieka \u201ePrime Video\u201c keturi\u0173 serij\u0173 dan\u0173 kriminalinio serialo \u201e\u017dmog\u017eudyst\u0117 tamsoje\u201c komanda. K\u016brinys paremtas pla\u010diai pripa\u017eintos dan\u0173 literat\u016bros ikonos ir provokatoriaus Dano Tur\u00e8llo to paties pavadinimo knyg\u0173 serija, o pagrindin\u012f vaidmen\u012f atliks gerai \u017einomas dainininkas ir gitaristas Michael Falch.<\/span><\/p>\n<p><span style=\"font-weight: 400;\">\u201e\u017dmog\u017eudyst\u0117 tamsoje\u201c pasakoja apie pensinink\u0105, bet vis dar u\u017ekiet\u0117jus\u012f \u201eBevard\u012f \u017eurnalist\u0105\u201c (Michael Falch) ir jo dukter\u012f Sophie, ambicing\u0105 policijos detektyv\u0119, kurie yra priversti dirbti kartu, kad i\u0161ai\u0161kint\u0173 paslapting\u0173 \u017emog\u017eudys\u010di\u0173 serij\u0105. Tai \u012ftraukiantis, greito tempo kriminalinis serialas su \u017eiupsneliu juodojo humoro, kupinas ekscentri\u0161k\u0173 persona\u017e\u0173, apiman\u010di\u0173 visas kartas ir socialines klases.<\/span><\/p>\n<p><span style=\"font-weight: 400;\">Filmavimo darbus Vilniuje atlieka gamybos kompanija \u201eSAM Productions\u201c, kuri\u0105 \u012fsteig\u0117 apdovanojimus peln\u0119s scenaristas Adam Price ir generalin\u0117 direktor\u0117 bei vykdan\u010dioji prodiuser\u0117 Meta Louise Foldager S\u00f8rensen, taip pat STUDIOCANAL. Tarp labiausiai \u017ei\u016brovams \u017einom\u0173 SAM k\u016brini\u0173 \u2013 \u201eRagnarok\u201c (Netflix), \u201eThe Chestnut Man\u201c (Netflix), auk\u0161tai \u012fvertintas \u201eThe Nurse\u201c (Netflix).<\/span><\/p>\n<p><span style=\"font-weight: 400;\">Filmavimas \u0161iuo metu vyksta Vilniuje, Lietuvoje, pramoniniuose, gyvenamuosiuose ir istoriniuose miesto ir jo apylinki\u0173 rajonuose.\u00a0<\/span><\/p>\n<p><span style=\"font-weight: 400;\">Vilniuje filmavimus t\u0119sia ir Lenkijos kino gamybos kompanija \u201eTelemark\u201c, filmuojanti serial\u0105 apie XX a. pabaigoje Lenkijoje vykusius \u012fvykius. Prie projekto \u012fgyvendinimo Vilniuje prisideda 180 \u017emoni\u0173 k\u016brybin\u0117 komanda. Sostin\u0117je taip pat kuriama reklama.<\/span><\/p>\n<p><b>Vilniaus kino biuras informuoja apie filmavimo darbus mieste bei trumpalaikius eismo ribojimus:<\/b><\/p>\n<p><span style=\"font-weight: 400;\">Nuo lapkri\u010dio 22 d. 11 val. iki lapkri\u010dio 23 d. 19 val. filmavimo metu bus rezervuojama 18 automobili\u0173 stov\u0117jimo viet\u0173 \u0161alia Nemen\u010din\u0117s pl. 4 ir 4D pastat\u0173 ir 6 automobili\u0173 stov\u0117jimo vietos \u0161alia V. \u017dalakevi\u010diaus g. 25 pastato;\u00a0<\/span><\/p>\n<p><span style=\"font-weight: 400;\">Nuo lapkri\u010dio 23 d. 15 val. iki lapkri\u010dio 24 d. 22 val. filmavimo metu bus rezervuojamos 25 automobili\u0173 stov\u0117jimo vietos Liepkalnio gatv\u0117je;<\/span><\/p>\n<p><span style=\"font-weight: 400;\">Nuo lapkri\u010dio 23 d. 18 val. iki lapkri\u010dio 24 d. 22 val. filmavimo metu bus rezervuojama 14 automobili\u0173 stov\u0117jimo viet\u0173 Arkli\u0173 gatv\u0117je;<\/span><\/p>\n<p><span style=\"font-weight: 400;\">Lapkri\u010dio 24 d. 10\u201321 val., lapkri\u010dio 25\u201326 d. 8\u201320 val. filmavimai vyks \u0161alia pastato Gedimino pr. 28. Nuo lapkri\u010dio 23 d. 17 val. iki lapkri\u010dio 26 d. 20 val. bus rezervuojama 13 automobili\u0173 stov\u0117jimo viet\u0173 A. Stulginskio gatv\u0117je, 7 vietos A. Smetonos gatv\u0117je ir 22 vietos automobili\u0173 stov\u0117jimo aik\u0161tel\u0117je Pam\u0117nkalnio gatv\u0117je;<\/span><\/p>\n<p><span style=\"font-weight: 400;\">Lapkri\u010dio 24 d. 12.30\u201321.30 val. filmavimai vyks \u0161alia pastato Bazilijon\u0173 g. 6B, p\u0117s\u010di\u0173j\u0173 zonoje pastatant du filmavimui reikalingus keltuvus;<\/span><\/p>\n<p><span style=\"font-weight: 400;\">Nuo lapkri\u010dio 24 d. 16 val. iki lapkri\u010dio 25 d. 21 val. filmavimo metu bus rezervuojama 12 automobili\u0173 stov\u0117jimo viet\u0173 \u0160ev\u010denkos gatv\u0117je;<\/span><\/p>\n<p><span style=\"font-weight: 400;\">Nuo lapkri\u010dio 25 d. 21 val. iki lapkri\u010dio 26 d. 1.30 val. filmavimai vyks Dariaus ir Gir\u0117no gatv\u0117s dalyje nuo pastato 93 iki 187 trumpam (iki 4 min.) ribojant transporto priemoni\u0173 eism\u0105;<\/span><\/p>\n<p><span style=\"font-weight: 400;\">Nuo lapkri\u010dio 29 d. 15 val. iki lapkri\u010dio 30 d. 11 val. filmavimo metu bus rezervuojama 12 automobili\u0173 stov\u0117jimo viet\u0173 Kedr\u0173 gatv\u0117je.<\/span><\/p>\n<p><b>Atsipra\u0161ome gyventoj\u0173 ir miesto sve\u010di\u0173 u\u017e laikinus nepatogumus. D\u0117kojame u\u017e supratingum\u0105!<\/b><\/p>\n","protected":false},"excerpt":{"rendered":"<p>Lapkri\u010dio m\u0117nes\u012f Vilnius i\u0161lydi su filmavimais Vilniaus senamiestyje, Naujininkuose ir Antakalnyje. Sostin\u0117je didelius filmavimo darbus atlieka \u201ePrime Video\u201c keturi\u0173 serij\u0173 dan\u0173 kriminalinio serialo \u201e\u017dmog\u017eudyst\u0117 tamsoje\u201c komanda. K\u016brinys paremtas pla\u010diai pripa\u017eintos dan\u0173 literat\u016bros ikonos ir provokatoriaus Dano Tur\u00e8llo to paties pavadinimo knyg\u0173 serija, o pagrindin\u012f vaidmen\u012f atliks gerai \u017einomas dainininkas ir gitaristas Michael Falch. \u201e\u017dmog\u017eudyst\u0117 tamsoje\u201c [&hellip;]<\/p>\n","protected":false},"author":6,"featured_media":28771,"comment_status":"closed","ping_status":"open","sticky":false,"template":"","format":"standard","meta":{"_acf_changed":false,"_monsterinsights_skip_tracking":false,"_monsterinsights_sitenote_active":false,"_monsterinsights_sitenote_note":"","_monsterinsights_sitenote_category":0,"footnotes":""},"categories":[160,58],"tags":[],"class_list":["post-28770","post","type-post","status-publish","format-standard","has-post-thumbnail","hentry","category-filmavimai-vilniuje","category-news"],"acf":[],"yoast_head":"<!-- This site is optimized with the Yoast SEO plugin v27.4 - https:\/\/yoast.com\/product\/yoast-seo-wordpress\/ -->\n<title>Vilniuje filmuojamas \u201ePrime Video\u201c kriminalinis serialas: pagrindin\u012f vaidmen\u012f atliks dan\u0173 muzikantas Michael Falch - Vilnius film office<\/title>\n<meta name=\"description\" content=\"Vilniuje filmuojamas \u201ePrime Video\u201c kriminalinis serialas: pagrindin\u012f vaidmen\u012f atliks dan\u0173 muzikantas Michael Falch\" \/>\n<meta name=\"robots\" content=\"index, follow, max-snippet:-1, max-image-preview:large, max-video-preview:-1\" \/>\n<link rel=\"canonical\" href=\"https:\/\/filmvilnius.com\/lt\/vilniuje-filmuojamas-prime-video-kriminalinis-serialas-pagrindini-vaidmeni-atliks-danu-muzikantas-michael-falch\/\" \/>\n<meta property=\"og:locale\" content=\"lt_LT\" \/>\n<meta property=\"og:type\" content=\"article\" \/>\n<meta property=\"og:title\" content=\"Vilniuje filmuojamas \u201ePrime Video\u201c kriminalinis serialas: pagrindin\u012f vaidmen\u012f atliks dan\u0173 muzikantas Michael Falch - Vilnius film office\" \/>\n<meta property=\"og:description\" content=\"Vilniuje filmuojamas \u201ePrime Video\u201c kriminalinis serialas: pagrindin\u012f vaidmen\u012f atliks dan\u0173 muzikantas Michael Falch\" \/>\n<meta property=\"og:url\" content=\"https:\/\/filmvilnius.com\/lt\/vilniuje-filmuojamas-prime-video-kriminalinis-serialas-pagrindini-vaidmeni-atliks-danu-muzikantas-michael-falch\/\" \/>\n<meta property=\"og:site_name\" content=\"Vilnius film office\" \/>\n<meta property=\"article:publisher\" content=\"https:\/\/www.facebook.com\/filmvilnius\" \/>\n<meta property=\"article:published_time\" content=\"2025-11-21T09:19:39+00:00\" \/>\n<meta property=\"article:modified_time\" content=\"2026-04-28T06:37:25+00:00\" \/>\n<meta property=\"og:image\" content=\"https:\/\/filmvilnius.com\/wp-content\/uploads\/2025\/11\/BTP_1753.jpg\" \/>\n\t<meta property=\"og:image:width\" content=\"1920\" \/>\n\t<meta property=\"og:image:height\" content=\"1282\" \/>\n\t<meta property=\"og:image:type\" content=\"image\/jpeg\" \/>\n<meta name=\"author\" content=\"Vilnius Film Office\" \/>\n<meta name=\"twitter:card\" content=\"summary_large_image\" \/>\n<meta name=\"twitter:creator\" content=\"@FilmVilnius\" \/>\n<meta name=\"twitter:site\" content=\"@FilmVilnius\" \/>\n<meta name=\"twitter:label1\" content=\"Written by\" \/>\n\t<meta name=\"twitter:data1\" content=\"Vilnius Film Office\" \/>\n\t<meta name=\"twitter:label2\" content=\"Est. reading time\" \/>\n\t<meta name=\"twitter:data2\" content=\"3 minut\u0117s\" \/>\n<script type=\"application\/ld+json\" class=\"yoast-schema-graph\">{\"@context\":\"https:\\\/\\\/schema.org\",\"@graph\":[{\"@type\":\"Article\",\"@id\":\"https:\\\/\\\/filmvilnius.com\\\/lt\\\/vilniuje-filmuojamas-prime-video-kriminalinis-serialas-pagrindini-vaidmeni-atliks-danu-muzikantas-michael-falch\\\/#article\",\"isPartOf\":{\"@id\":\"https:\\\/\\\/filmvilnius.com\\\/lt\\\/vilniuje-filmuojamas-prime-video-kriminalinis-serialas-pagrindini-vaidmeni-atliks-danu-muzikantas-michael-falch\\\/\"},\"author\":{\"name\":\"Vilnius Film Office\",\"@id\":\"https:\\\/\\\/filmvilnius.com\\\/#\\\/schema\\\/person\\\/8572c7f289890809bfa364d48f8dded5\"},\"headline\":\"Vilniuje filmuojamas \u201ePrime Video\u201c kriminalinis serialas: pagrindin\u012f vaidmen\u012f atliks dan\u0173 muzikantas Michael Falch\",\"datePublished\":\"2025-11-21T09:19:39+00:00\",\"dateModified\":\"2026-04-28T06:37:25+00:00\",\"mainEntityOfPage\":{\"@id\":\"https:\\\/\\\/filmvilnius.com\\\/lt\\\/vilniuje-filmuojamas-prime-video-kriminalinis-serialas-pagrindini-vaidmeni-atliks-danu-muzikantas-michael-falch\\\/\"},\"wordCount\":483,\"publisher\":{\"@id\":\"https:\\\/\\\/filmvilnius.com\\\/#organization\"},\"image\":{\"@id\":\"https:\\\/\\\/filmvilnius.com\\\/lt\\\/vilniuje-filmuojamas-prime-video-kriminalinis-serialas-pagrindini-vaidmeni-atliks-danu-muzikantas-michael-falch\\\/#primaryimage\"},\"thumbnailUrl\":\"https:\\\/\\\/filmvilnius.com\\\/wp-content\\\/uploads\\\/2025\\\/11\\\/BTP_1753.jpg\",\"articleSection\":[\"Filmavimai Vilniuje\",\"Naujienos\"],\"inLanguage\":\"lt-LT\"},{\"@type\":\"WebPage\",\"@id\":\"https:\\\/\\\/filmvilnius.com\\\/lt\\\/vilniuje-filmuojamas-prime-video-kriminalinis-serialas-pagrindini-vaidmeni-atliks-danu-muzikantas-michael-falch\\\/\",\"url\":\"https:\\\/\\\/filmvilnius.com\\\/lt\\\/vilniuje-filmuojamas-prime-video-kriminalinis-serialas-pagrindini-vaidmeni-atliks-danu-muzikantas-michael-falch\\\/\",\"name\":\"Vilniuje filmuojamas \u201ePrime Video\u201c kriminalinis serialas: pagrindin\u012f vaidmen\u012f atliks dan\u0173 muzikantas Michael Falch - Vilnius film office\",\"isPartOf\":{\"@id\":\"https:\\\/\\\/filmvilnius.com\\\/#website\"},\"primaryImageOfPage\":{\"@id\":\"https:\\\/\\\/filmvilnius.com\\\/lt\\\/vilniuje-filmuojamas-prime-video-kriminalinis-serialas-pagrindini-vaidmeni-atliks-danu-muzikantas-michael-falch\\\/#primaryimage\"},\"image\":{\"@id\":\"https:\\\/\\\/filmvilnius.com\\\/lt\\\/vilniuje-filmuojamas-prime-video-kriminalinis-serialas-pagrindini-vaidmeni-atliks-danu-muzikantas-michael-falch\\\/#primaryimage\"},\"thumbnailUrl\":\"https:\\\/\\\/filmvilnius.com\\\/wp-content\\\/uploads\\\/2025\\\/11\\\/BTP_1753.jpg\",\"datePublished\":\"2025-11-21T09:19:39+00:00\",\"dateModified\":\"2026-04-28T06:37:25+00:00\",\"description\":\"Vilniuje filmuojamas \u201ePrime Video\u201c kriminalinis serialas: pagrindin\u012f vaidmen\u012f atliks dan\u0173 muzikantas Michael Falch\",\"breadcrumb\":{\"@id\":\"https:\\\/\\\/filmvilnius.com\\\/lt\\\/vilniuje-filmuojamas-prime-video-kriminalinis-serialas-pagrindini-vaidmeni-atliks-danu-muzikantas-michael-falch\\\/#breadcrumb\"},\"inLanguage\":\"lt-LT\",\"potentialAction\":[{\"@type\":\"ReadAction\",\"target\":[\"https:\\\/\\\/filmvilnius.com\\\/lt\\\/vilniuje-filmuojamas-prime-video-kriminalinis-serialas-pagrindini-vaidmeni-atliks-danu-muzikantas-michael-falch\\\/\"]}]},{\"@type\":\"ImageObject\",\"inLanguage\":\"lt-LT\",\"@id\":\"https:\\\/\\\/filmvilnius.com\\\/lt\\\/vilniuje-filmuojamas-prime-video-kriminalinis-serialas-pagrindini-vaidmeni-atliks-danu-muzikantas-michael-falch\\\/#primaryimage\",\"url\":\"https:\\\/\\\/filmvilnius.com\\\/wp-content\\\/uploads\\\/2025\\\/11\\\/BTP_1753.jpg\",\"contentUrl\":\"https:\\\/\\\/filmvilnius.com\\\/wp-content\\\/uploads\\\/2025\\\/11\\\/BTP_1753.jpg\",\"width\":1920,\"height\":1282,\"caption\":\"BT-d750\"},{\"@type\":\"BreadcrumbList\",\"@id\":\"https:\\\/\\\/filmvilnius.com\\\/lt\\\/vilniuje-filmuojamas-prime-video-kriminalinis-serialas-pagrindini-vaidmeni-atliks-danu-muzikantas-michael-falch\\\/#breadcrumb\",\"itemListElement\":[{\"@type\":\"ListItem\",\"position\":1,\"name\":\"Home\",\"item\":\"https:\\\/\\\/filmvilnius.com\\\/lt\\\/\"},{\"@type\":\"ListItem\",\"position\":2,\"name\":\"Vilniuje filmuojamas \u201ePrime Video\u201c kriminalinis serialas: pagrindin\u012f vaidmen\u012f atliks dan\u0173 muzikantas Michael Falch\"}]},{\"@type\":\"WebSite\",\"@id\":\"https:\\\/\\\/filmvilnius.com\\\/#website\",\"url\":\"https:\\\/\\\/filmvilnius.com\\\/\",\"name\":\"Vilnius film office\",\"description\":\"\",\"publisher\":{\"@id\":\"https:\\\/\\\/filmvilnius.com\\\/#organization\"},\"potentialAction\":[{\"@type\":\"SearchAction\",\"target\":{\"@type\":\"EntryPoint\",\"urlTemplate\":\"https:\\\/\\\/filmvilnius.com\\\/?s={search_term_string}\"},\"query-input\":{\"@type\":\"PropertyValueSpecification\",\"valueRequired\":true,\"valueName\":\"search_term_string\"}}],\"inLanguage\":\"lt-LT\"},{\"@type\":\"Organization\",\"@id\":\"https:\\\/\\\/filmvilnius.com\\\/#organization\",\"name\":\"Vilniaus kino biuras\",\"url\":\"https:\\\/\\\/filmvilnius.com\\\/\",\"logo\":{\"@type\":\"ImageObject\",\"inLanguage\":\"lt-LT\",\"@id\":\"https:\\\/\\\/filmvilnius.com\\\/#\\\/schema\\\/logo\\\/image\\\/\",\"url\":\"https:\\\/\\\/filmvilnius.com\\\/wp-content\\\/uploads\\\/2022\\\/12\\\/VKB-Logo-2022-EN-2-V.jpg\",\"contentUrl\":\"https:\\\/\\\/filmvilnius.com\\\/wp-content\\\/uploads\\\/2022\\\/12\\\/VKB-Logo-2022-EN-2-V.jpg\",\"width\":1419,\"height\":1418,\"caption\":\"Vilniaus kino biuras\"},\"image\":{\"@id\":\"https:\\\/\\\/filmvilnius.com\\\/#\\\/schema\\\/logo\\\/image\\\/\"},\"sameAs\":[\"https:\\\/\\\/www.facebook.com\\\/filmvilnius\",\"https:\\\/\\\/x.com\\\/FilmVilnius\",\"https:\\\/\\\/www.instagram.com\\\/filmvilnius\\\/\"]},{\"@type\":\"Person\",\"@id\":\"https:\\\/\\\/filmvilnius.com\\\/#\\\/schema\\\/person\\\/8572c7f289890809bfa364d48f8dded5\",\"name\":\"Vilnius Film Office\",\"image\":{\"@type\":\"ImageObject\",\"inLanguage\":\"lt-LT\",\"@id\":\"https:\\\/\\\/secure.gravatar.com\\\/avatar\\\/2f93c625b891dbd84735ed1bd75819d698625d4c37369c60acab5f321b22fbb2?s=96&d=mm&r=g\",\"url\":\"https:\\\/\\\/secure.gravatar.com\\\/avatar\\\/2f93c625b891dbd84735ed1bd75819d698625d4c37369c60acab5f321b22fbb2?s=96&d=mm&r=g\",\"contentUrl\":\"https:\\\/\\\/secure.gravatar.com\\\/avatar\\\/2f93c625b891dbd84735ed1bd75819d698625d4c37369c60acab5f321b22fbb2?s=96&d=mm&r=g\",\"caption\":\"Vilnius Film Office\"},\"url\":\"https:\\\/\\\/filmvilnius.com\\\/lt\\\/author\\\/ce5c1052f3e77e32\\\/\"}]}<\/script>\n<!-- \/ Yoast SEO plugin. -->","yoast_head_json":{"title":"Vilniuje filmuojamas \u201ePrime Video\u201c kriminalinis serialas: pagrindin\u012f vaidmen\u012f atliks dan\u0173 muzikantas Michael Falch - Vilnius film office","description":"Vilniuje filmuojamas \u201ePrime Video\u201c kriminalinis serialas: pagrindin\u012f vaidmen\u012f atliks dan\u0173 muzikantas Michael Falch","robots":{"index":"index","follow":"follow","max-snippet":"max-snippet:-1","max-image-preview":"max-image-preview:large","max-video-preview":"max-video-preview:-1"},"canonical":"https:\/\/filmvilnius.com\/lt\/vilniuje-filmuojamas-prime-video-kriminalinis-serialas-pagrindini-vaidmeni-atliks-danu-muzikantas-michael-falch\/","og_locale":"lt_LT","og_type":"article","og_title":"Vilniuje filmuojamas \u201ePrime Video\u201c kriminalinis serialas: pagrindin\u012f vaidmen\u012f atliks dan\u0173 muzikantas Michael Falch - Vilnius film office","og_description":"Vilniuje filmuojamas \u201ePrime Video\u201c kriminalinis serialas: pagrindin\u012f vaidmen\u012f atliks dan\u0173 muzikantas Michael Falch","og_url":"https:\/\/filmvilnius.com\/lt\/vilniuje-filmuojamas-prime-video-kriminalinis-serialas-pagrindini-vaidmeni-atliks-danu-muzikantas-michael-falch\/","og_site_name":"Vilnius film office","article_publisher":"https:\/\/www.facebook.com\/filmvilnius","article_published_time":"2025-11-21T09:19:39+00:00","article_modified_time":"2026-04-28T06:37:25+00:00","og_image":[{"width":1920,"height":1282,"url":"https:\/\/filmvilnius.com\/wp-content\/uploads\/2025\/11\/BTP_1753.jpg","type":"image\/jpeg"}],"author":"Vilnius Film Office","twitter_card":"summary_large_image","twitter_creator":"@FilmVilnius","twitter_site":"@FilmVilnius","twitter_misc":{"Written by":"Vilnius Film Office","Est. reading time":"3 minut\u0117s"},"schema":{"@context":"https:\/\/schema.org","@graph":[{"@type":"Article","@id":"https:\/\/filmvilnius.com\/lt\/vilniuje-filmuojamas-prime-video-kriminalinis-serialas-pagrindini-vaidmeni-atliks-danu-muzikantas-michael-falch\/#article","isPartOf":{"@id":"https:\/\/filmvilnius.com\/lt\/vilniuje-filmuojamas-prime-video-kriminalinis-serialas-pagrindini-vaidmeni-atliks-danu-muzikantas-michael-falch\/"},"author":{"name":"Vilnius Film Office","@id":"https:\/\/filmvilnius.com\/#\/schema\/person\/8572c7f289890809bfa364d48f8dded5"},"headline":"Vilniuje filmuojamas \u201ePrime Video\u201c kriminalinis serialas: pagrindin\u012f vaidmen\u012f atliks dan\u0173 muzikantas Michael Falch","datePublished":"2025-11-21T09:19:39+00:00","dateModified":"2026-04-28T06:37:25+00:00","mainEntityOfPage":{"@id":"https:\/\/filmvilnius.com\/lt\/vilniuje-filmuojamas-prime-video-kriminalinis-serialas-pagrindini-vaidmeni-atliks-danu-muzikantas-michael-falch\/"},"wordCount":483,"publisher":{"@id":"https:\/\/filmvilnius.com\/#organization"},"image":{"@id":"https:\/\/filmvilnius.com\/lt\/vilniuje-filmuojamas-prime-video-kriminalinis-serialas-pagrindini-vaidmeni-atliks-danu-muzikantas-michael-falch\/#primaryimage"},"thumbnailUrl":"https:\/\/filmvilnius.com\/wp-content\/uploads\/2025\/11\/BTP_1753.jpg","articleSection":["Filmavimai Vilniuje","Naujienos"],"inLanguage":"lt-LT"},{"@type":"WebPage","@id":"https:\/\/filmvilnius.com\/lt\/vilniuje-filmuojamas-prime-video-kriminalinis-serialas-pagrindini-vaidmeni-atliks-danu-muzikantas-michael-falch\/","url":"https:\/\/filmvilnius.com\/lt\/vilniuje-filmuojamas-prime-video-kriminalinis-serialas-pagrindini-vaidmeni-atliks-danu-muzikantas-michael-falch\/","name":"Vilniuje filmuojamas \u201ePrime Video\u201c kriminalinis serialas: pagrindin\u012f vaidmen\u012f atliks dan\u0173 muzikantas Michael Falch - Vilnius film office","isPartOf":{"@id":"https:\/\/filmvilnius.com\/#website"},"primaryImageOfPage":{"@id":"https:\/\/filmvilnius.com\/lt\/vilniuje-filmuojamas-prime-video-kriminalinis-serialas-pagrindini-vaidmeni-atliks-danu-muzikantas-michael-falch\/#primaryimage"},"image":{"@id":"https:\/\/filmvilnius.com\/lt\/vilniuje-filmuojamas-prime-video-kriminalinis-serialas-pagrindini-vaidmeni-atliks-danu-muzikantas-michael-falch\/#primaryimage"},"thumbnailUrl":"https:\/\/filmvilnius.com\/wp-content\/uploads\/2025\/11\/BTP_1753.jpg","datePublished":"2025-11-21T09:19:39+00:00","dateModified":"2026-04-28T06:37:25+00:00","description":"Vilniuje filmuojamas \u201ePrime Video\u201c kriminalinis serialas: pagrindin\u012f vaidmen\u012f atliks dan\u0173 muzikantas Michael Falch","breadcrumb":{"@id":"https:\/\/filmvilnius.com\/lt\/vilniuje-filmuojamas-prime-video-kriminalinis-serialas-pagrindini-vaidmeni-atliks-danu-muzikantas-michael-falch\/#breadcrumb"},"inLanguage":"lt-LT","potentialAction":[{"@type":"ReadAction","target":["https:\/\/filmvilnius.com\/lt\/vilniuje-filmuojamas-prime-video-kriminalinis-serialas-pagrindini-vaidmeni-atliks-danu-muzikantas-michael-falch\/"]}]},{"@type":"ImageObject","inLanguage":"lt-LT","@id":"https:\/\/filmvilnius.com\/lt\/vilniuje-filmuojamas-prime-video-kriminalinis-serialas-pagrindini-vaidmeni-atliks-danu-muzikantas-michael-falch\/#primaryimage","url":"https:\/\/filmvilnius.com\/wp-content\/uploads\/2025\/11\/BTP_1753.jpg","contentUrl":"https:\/\/filmvilnius.com\/wp-content\/uploads\/2025\/11\/BTP_1753.jpg","width":1920,"height":1282,"caption":"BT-d750"},{"@type":"BreadcrumbList","@id":"https:\/\/filmvilnius.com\/lt\/vilniuje-filmuojamas-prime-video-kriminalinis-serialas-pagrindini-vaidmeni-atliks-danu-muzikantas-michael-falch\/#breadcrumb","itemListElement":[{"@type":"ListItem","position":1,"name":"Home","item":"https:\/\/filmvilnius.com\/lt\/"},{"@type":"ListItem","position":2,"name":"Vilniuje filmuojamas \u201ePrime Video\u201c kriminalinis serialas: pagrindin\u012f vaidmen\u012f atliks dan\u0173 muzikantas Michael Falch"}]},{"@type":"WebSite","@id":"https:\/\/filmvilnius.com\/#website","url":"https:\/\/filmvilnius.com\/","name":"Vilnius film office","description":"","publisher":{"@id":"https:\/\/filmvilnius.com\/#organization"},"potentialAction":[{"@type":"SearchAction","target":{"@type":"EntryPoint","urlTemplate":"https:\/\/filmvilnius.com\/?s={search_term_string}"},"query-input":{"@type":"PropertyValueSpecification","valueRequired":true,"valueName":"search_term_string"}}],"inLanguage":"lt-LT"},{"@type":"Organization","@id":"https:\/\/filmvilnius.com\/#organization","name":"Vilniaus kino biuras","url":"https:\/\/filmvilnius.com\/","logo":{"@type":"ImageObject","inLanguage":"lt-LT","@id":"https:\/\/filmvilnius.com\/#\/schema\/logo\/image\/","url":"https:\/\/filmvilnius.com\/wp-content\/uploads\/2022\/12\/VKB-Logo-2022-EN-2-V.jpg","contentUrl":"https:\/\/filmvilnius.com\/wp-content\/uploads\/2022\/12\/VKB-Logo-2022-EN-2-V.jpg","width":1419,"height":1418,"caption":"Vilniaus kino biuras"},"image":{"@id":"https:\/\/filmvilnius.com\/#\/schema\/logo\/image\/"},"sameAs":["https:\/\/www.facebook.com\/filmvilnius","https:\/\/x.com\/FilmVilnius","https:\/\/www.instagram.com\/filmvilnius\/"]},{"@type":"Person","@id":"https:\/\/filmvilnius.com\/#\/schema\/person\/8572c7f289890809bfa364d48f8dded5","name":"Vilnius Film Office","image":{"@type":"ImageObject","inLanguage":"lt-LT","@id":"https:\/\/secure.gravatar.com\/avatar\/2f93c625b891dbd84735ed1bd75819d698625d4c37369c60acab5f321b22fbb2?s=96&d=mm&r=g","url":"https:\/\/secure.gravatar.com\/avatar\/2f93c625b891dbd84735ed1bd75819d698625d4c37369c60acab5f321b22fbb2?s=96&d=mm&r=g","contentUrl":"https:\/\/secure.gravatar.com\/avatar\/2f93c625b891dbd84735ed1bd75819d698625d4c37369c60acab5f321b22fbb2?s=96&d=mm&r=g","caption":"Vilnius Film Office"},"url":"https:\/\/filmvilnius.com\/lt\/author\/ce5c1052f3e77e32\/"}]}},"_links":{"self":[{"href":"https:\/\/filmvilnius.com\/lt\/wp-json\/wp\/v2\/posts\/28770","targetHints":{"allow":["GET"]}}],"collection":[{"href":"https:\/\/filmvilnius.com\/lt\/wp-json\/wp\/v2\/posts"}],"about":[{"href":"https:\/\/filmvilnius.com\/lt\/wp-json\/wp\/v2\/types\/post"}],"author":[{"embeddable":true,"href":"https:\/\/filmvilnius.com\/lt\/wp-json\/wp\/v2\/users\/6"}],"replies":[{"embeddable":true,"href":"https:\/\/filmvilnius.com\/lt\/wp-json\/wp\/v2\/comments?post=28770"}],"version-history":[{"count":1,"href":"https:\/\/filmvilnius.com\/lt\/wp-json\/wp\/v2\/posts\/28770\/revisions"}],"predecessor-version":[{"id":28773,"href":"https:\/\/filmvilnius.com\/lt\/wp-json\/wp\/v2\/posts\/28770\/revisions\/28773"}],"wp:featuredmedia":[{"embeddable":true,"href":"https:\/\/filmvilnius.com\/lt\/wp-json\/wp\/v2\/media\/28771"}],"wp:attachment":[{"href":"https:\/\/filmvilnius.com\/lt\/wp-json\/wp\/v2\/media?parent=28770"}],"wp:term":[{"taxonomy":"category","embeddable":true,"href":"https:\/\/filmvilnius.com\/lt\/wp-json\/wp\/v2\/categories?post=28770"},{"taxonomy":"post_tag","embeddable":true,"href":"https:\/\/filmvilnius.com\/lt\/wp-json\/wp\/v2\/tags?post=28770"}],"curies":[{"name":"wp","href":"https:\/\/api.w.org\/{rel}","templated":true}]}}