{"id":29070,"date":"2025-12-10T20:30:39","date_gmt":"2025-12-10T18:30:39","guid":{"rendered":"https:\/\/filmvilnius.com\/?p=29070"},"modified":"2026-04-28T08:36:08","modified_gmt":"2026-04-28T06:36:08","slug":"i-sundance-festivali-atrinktam-a-blazeviciaus-filmui-vilniaus-kino-fondo-parama","status":"publish","type":"post","link":"https:\/\/filmvilnius.com\/lt\/i-sundance-festivali-atrinktam-a-blazeviciaus-filmui-vilniaus-kino-fondo-parama\/","title":{"rendered":"\u012e \u201eSundance\u201c festival\u012f atrinktam A. Bla\u017eevi\u010diaus filmui \u2013 Vilniaus kino fondo parama"},"content":{"rendered":"<p><span style=\"font-weight: 400;\">Paai\u0161k\u0117jo, kad \u012f vieno reik\u0161mingiausi\u0173 kino rengini\u0173 pasaulyje \u2013 \u201eSundance\u201c kino festivalio program\u0105 \u2013 atrinktas re\u017eisieriaus Andriaus Bla\u017eevi\u010diaus filmas \u201eSkyrybos karo metu\u201c. Tai \u2013 koprodukcija, kuriama kartu su Lietuvos, Liuksemburgo, Airijos ir \u010cekijos komandomis. \u0160io filmo gamyb\u0105 dalinai par\u0117m\u0117 Vilniaus kino fondas.<\/span><\/p>\n<p><span style=\"font-weight: 400;\">Sausio pabaigoje naujausias A. Bla\u017eevi\u010diaus filmas kartu su 10 kit\u0173 juost\u0173 i\u0161 viso pasaulio var\u017eysis \u201eSundance\u201c festivalio pilnametra\u017ei\u0173 vaidybini\u0173 film\u0173 konkursin\u0117je programoje \u201eWorld Cinema Dramatic Competition\u201c.<\/span><\/p>\n<p><span style=\"font-weight: 400;\">\u201eSkyrybos karo metu\u201c nukelia \u012f 2022-\u0173j\u0173 Vilni\u0173. Auk\u0161tas pareigas u\u017eimanti ambicinga vadov\u0117 Marija atviram pokalbiui apie skyrybas su vyru pasirenka blogiausi\u0105 \u012fmanom\u0105 laik\u0105 \u2013 dien\u0105 prie\u0161 Rusijos plataus masto invazij\u0105 \u012f Ukrain\u0105. Tad dabar skyryb\u0173 procesus jiems tenka i\u0161gyventi laviruojant tarp dviej\u0173 \u2013 pab\u0117g\u0117li\u0173 ir vidurio am\u017eiaus \u2013 krizi\u0173.<\/span><\/p>\n<p><b>Koprodukcijai \u2013 Vilniaus miesto parama<\/b><\/p>\n<p><span style=\"font-weight: 400;\">Film\u0105 Lietuvoje finansavo Lietuvos kino centras, LRT, o gruod\u017eio prad\u017eioje paai\u0161k\u0117jo, kad filmas gavo ir Vilniaus kino fondo param\u0105.\u00a0<\/span><\/p>\n<p><span style=\"font-weight: 400;\">Ruden\u012f \u012fsteigtas Vilniaus kino fondas koprodukcijas remia neatsitiktinai \u2013 siekiama <\/span><span style=\"font-weight: 400;\">stiprinti miesto kult\u016brin\u012f identitet\u0105 per film\u0173 gamyb\u0105 ir prisid\u0117ti prie Vilniaus tarptautinio \u017einomumo ir miesto ekonominio augimo. <\/span><span style=\"font-weight: 400;\">Fondas finansuoja tik bendros gamybos filmus \u2013 Lietuvos ir u\u017esienio k\u016br\u0117j\u0173 dokumentini\u0173, animacini\u0173 ir vaidybini\u0173 ilgametra\u017ei\u0173 film\u0173 gamybos darbus. Ekspertinio vertinimo metu taip pat atsi\u017evelgiama \u012f vietini\u0173 kino profesional\u0173 \u012ftraukim\u0105, Vilniaus vaidmen\u012f scenarijuje bei tvarius aplinkosaugos sprendimus.\u00a0<\/span><\/p>\n<p><span style=\"font-weight: 400;\">\u201eSostin\u0117je kuriami filmai ir j\u0173 s\u0117kminga kelion\u0117 tarptautiniame kontekste dar kart\u0105 \u012frodo, kad Vilnius yra pasireng\u0119s priimti auk\u0161to lygio produkcijas. Tikim\u0117s, kad Vilniaus kino fondo parama ir toliau prisid\u0117s prie miesto garsinimo, o sostin\u0117 pelnytai taps regiono koprodukcij\u0173 centru\u201c, \u2013 teigia Vilniaus vicemer\u0117 Simona Bieli\u016bn\u0117.<\/span><\/p>\n<p><b>Bendros gamybos filmuose svarb\u016bs talent\u0173 mainai<\/b><\/p>\n<p><span style=\"font-weight: 400;\">Filmo \u201eSkyrybos karo metu\u201c atveju dalis filmavim\u0173 vyko Liuksemburge, \u010dia vaidino ir \u0161ios \u0161alies aktor\u0117, vykdyta garso postprodukcija. Prie filmo taip pat prisid\u0117jo 4 aktoriai i\u0161 Airijos, \u0161ioje \u0161alyje atlikta vaizdo postprodukcija. Film\u0105 k\u016br\u0117 ir talentai i\u0161 \u010cekijos \u2013 kompozitorius, filmo monta\u017eo re\u017eisier\u0117, kostium\u0173 dailinink\u0117 ir grimo dailinink\u0117.<\/span><\/p>\n<p><span style=\"font-weight: 400;\">\u201eNors koprodukcijos neretai kelia stres\u0105 d\u0117l b\u016bsimos komandos, kurios gerai nepa\u017e\u012fsti, jau\u010diu, kad man pasisek\u0117: visi buvo auk\u0161\u010diausio lygio profesionalai\u201c, \u2013 teigia re\u017eisierius A. Bla\u017eevi\u010dius.<\/span><\/p>\n<p><span style=\"font-weight: 400;\">Anot filmo prodiuser\u0117s Marijos Razgut\u0117s (\u201eM\u2013Films\u201c), galimyb\u0117 kartu su kitomis Europos \u0161alimis kurti bendros gamybos film\u0105 \u2013 svarbi patirtis.<\/span><\/p>\n<p><span style=\"font-weight: 400;\">\u201eJie yra m\u016bs\u0173 partneriai, kurie prisideda prie scenarijaus, talent\u0173 atrankos. Kit\u0173 \u0161ali\u0173 k\u016br\u0117jai atsine\u0161a savit\u0105 kult\u016brin\u012f, politin\u012f, menin\u012f kontekst\u0105, yra pirmoji globali tavo filmo auditorija, padedanti pasimatuoti filmo aktualum\u0105. \u017dinoma, tarptautin\u0117 komanda padeda pasiekti didesn\u012f \u017ei\u016brov\u0173 skai\u010di\u0173, \u012f tok\u012f film\u0105 dr\u0105siau \u017ei\u016bri tarptautiniai pardavim\u0173 agentai \u2013 jie \u017eino, kad jei filmas yra koprodukcija, jis veikia u\u017e prodiuserio ir re\u017eisieriaus \u0161ali\u0173 rib\u0173. Juk ka\u017ekas investavo savo talentus, pinigus, laik\u0105 \u2013 vadinasi, filmas yra aktualus\u201c, \u2013 pasakoja M. Razgut\u0117.<\/span><\/p>\n<p><b>Filme \u2013 Vilniaus vaizdai<\/b><\/p>\n<p><span style=\"font-weight: 400;\">Ne ma\u017eiau svarb\u0173 vaidmen\u012f filme atliko ir Vilnius, kuriame ir vyksta istorija. Re\u017eisierius pasakoja, kad did\u017eioji dalis filmavim\u0173 vyko senamiestyje, taip pat Antaviliuose.<\/span><\/p>\n<p><span style=\"font-weight: 400;\">\u201eVilniaus filme bus daug ir jis svarbus. \u0160is filmas apie vilnie\u010di\u0173 por\u0105 ir tam tikr\u0105 miesto gyventoj\u0173 socialin\u012f sluoksn\u012f\u201c, \u2013 pasakoja A. Bla\u017eevi\u010dius.<\/span><\/p>\n<p><span style=\"font-weight: 400;\">Lietuvos \u017ei\u016brovai film\u0105 \u201eSkyrybos karo metu\u201c gal\u0117s i\u0161vysti jau kitais metais.<\/span><\/p>\n","protected":false},"excerpt":{"rendered":"<p>Paai\u0161k\u0117jo, kad \u012f vieno reik\u0161mingiausi\u0173 kino rengini\u0173 pasaulyje \u2013 \u201eSundance\u201c kino festivalio program\u0105 \u2013 atrinktas re\u017eisieriaus Andriaus Bla\u017eevi\u010diaus filmas \u201eSkyrybos karo metu\u201c. Tai \u2013 koprodukcija, kuriama kartu su Lietuvos, Liuksemburgo, Airijos ir \u010cekijos komandomis. \u0160io filmo gamyb\u0105 dalinai par\u0117m\u0117 Vilniaus kino fondas. Sausio pabaigoje naujausias A. Bla\u017eevi\u010diaus filmas kartu su 10 kit\u0173 juost\u0173 i\u0161 viso [&hellip;]<\/p>\n","protected":false},"author":6,"featured_media":29073,"comment_status":"closed","ping_status":"open","sticky":false,"template":"","format":"standard","meta":{"_acf_changed":false,"_monsterinsights_skip_tracking":false,"_monsterinsights_sitenote_active":false,"_monsterinsights_sitenote_note":"","_monsterinsights_sitenote_category":0,"footnotes":""},"categories":[58,192,100],"tags":[],"class_list":["post-29070","post","type-post","status-publish","format-standard","has-post-thumbnail","hentry","category-news","category-pranesimai-ziniasklaidai","category-su-veidais"],"acf":[],"yoast_head":"<!-- This site is optimized with the Yoast SEO plugin v27.4 - https:\/\/yoast.com\/product\/yoast-seo-wordpress\/ -->\n<title>\u012e \u201eSundance\u201c festival\u012f atrinktam A. Bla\u017eevi\u010diaus filmui \u2013 Vilniaus kino fondo parama - Vilnius film office<\/title>\n<meta name=\"description\" content=\"\u012e\u201eSundance\u201c kino festivalio program\u0105 atrinktas re\u017eisieriaus Andriaus Bla\u017eevi\u010diaus filmas \u201eSkyrybos karo metu\u201c. \u0160io filmo gamyb\u0105 dalinai par\u0117m\u0117 Vilniaus kino fondas\" \/>\n<meta name=\"robots\" content=\"index, follow, max-snippet:-1, max-image-preview:large, max-video-preview:-1\" \/>\n<link rel=\"canonical\" href=\"https:\/\/filmvilnius.com\/lt\/i-sundance-festivali-atrinktam-a-blazeviciaus-filmui-vilniaus-kino-fondo-parama\/\" \/>\n<meta property=\"og:locale\" content=\"lt_LT\" \/>\n<meta property=\"og:type\" content=\"article\" \/>\n<meta property=\"og:title\" content=\"\u012e \u201eSundance\u201c festival\u012f atrinktam A. Bla\u017eevi\u010diaus filmui \u2013 Vilniaus kino fondo parama - Vilnius film office\" \/>\n<meta property=\"og:description\" content=\"\u012e\u201eSundance\u201c kino festivalio program\u0105 atrinktas re\u017eisieriaus Andriaus Bla\u017eevi\u010diaus filmas \u201eSkyrybos karo metu\u201c. \u0160io filmo gamyb\u0105 dalinai par\u0117m\u0117 Vilniaus kino fondas\" \/>\n<meta property=\"og:url\" content=\"https:\/\/filmvilnius.com\/lt\/i-sundance-festivali-atrinktam-a-blazeviciaus-filmui-vilniaus-kino-fondo-parama\/\" \/>\n<meta property=\"og:site_name\" content=\"Vilnius film office\" \/>\n<meta property=\"article:publisher\" content=\"https:\/\/www.facebook.com\/filmvilnius\" \/>\n<meta property=\"article:published_time\" content=\"2025-12-10T18:30:39+00:00\" \/>\n<meta property=\"article:modified_time\" content=\"2026-04-28T06:36:08+00:00\" \/>\n<meta property=\"og:image\" content=\"https:\/\/filmvilnius.com\/wp-content\/uploads\/2025\/12\/DDtW_key-still-1-1.jpg\" \/>\n\t<meta property=\"og:image:width\" content=\"1920\" \/>\n\t<meta property=\"og:image:height\" content=\"1036\" \/>\n\t<meta property=\"og:image:type\" content=\"image\/jpeg\" \/>\n<meta name=\"author\" content=\"Vilnius Film Office\" \/>\n<meta name=\"twitter:card\" content=\"summary_large_image\" \/>\n<meta name=\"twitter:creator\" content=\"@FilmVilnius\" \/>\n<meta name=\"twitter:site\" content=\"@FilmVilnius\" \/>\n<meta name=\"twitter:label1\" content=\"Written by\" \/>\n\t<meta name=\"twitter:data1\" content=\"Vilnius Film Office\" \/>\n\t<meta name=\"twitter:label2\" content=\"Est. reading time\" \/>\n\t<meta name=\"twitter:data2\" content=\"3 minut\u0117s\" \/>\n<script type=\"application\/ld+json\" class=\"yoast-schema-graph\">{\"@context\":\"https:\\\/\\\/schema.org\",\"@graph\":[{\"@type\":\"Article\",\"@id\":\"https:\\\/\\\/filmvilnius.com\\\/lt\\\/i-sundance-festivali-atrinktam-a-blazeviciaus-filmui-vilniaus-kino-fondo-parama\\\/#article\",\"isPartOf\":{\"@id\":\"https:\\\/\\\/filmvilnius.com\\\/lt\\\/i-sundance-festivali-atrinktam-a-blazeviciaus-filmui-vilniaus-kino-fondo-parama\\\/\"},\"author\":{\"name\":\"Vilnius Film Office\",\"@id\":\"https:\\\/\\\/filmvilnius.com\\\/#\\\/schema\\\/person\\\/8572c7f289890809bfa364d48f8dded5\"},\"headline\":\"\u012e \u201eSundance\u201c festival\u012f atrinktam A. Bla\u017eevi\u010diaus filmui \u2013 Vilniaus kino fondo parama\",\"datePublished\":\"2025-12-10T18:30:39+00:00\",\"dateModified\":\"2026-04-28T06:36:08+00:00\",\"mainEntityOfPage\":{\"@id\":\"https:\\\/\\\/filmvilnius.com\\\/lt\\\/i-sundance-festivali-atrinktam-a-blazeviciaus-filmui-vilniaus-kino-fondo-parama\\\/\"},\"wordCount\":546,\"publisher\":{\"@id\":\"https:\\\/\\\/filmvilnius.com\\\/#organization\"},\"image\":{\"@id\":\"https:\\\/\\\/filmvilnius.com\\\/lt\\\/i-sundance-festivali-atrinktam-a-blazeviciaus-filmui-vilniaus-kino-fondo-parama\\\/#primaryimage\"},\"thumbnailUrl\":\"https:\\\/\\\/filmvilnius.com\\\/wp-content\\\/uploads\\\/2025\\\/12\\\/DDtW_key-still-1-1.jpg\",\"articleSection\":[\"Naujienos\",\"Prane\u0161imai \u017einiasklaidai\",\"Su veidais\"],\"inLanguage\":\"lt-LT\"},{\"@type\":\"WebPage\",\"@id\":\"https:\\\/\\\/filmvilnius.com\\\/lt\\\/i-sundance-festivali-atrinktam-a-blazeviciaus-filmui-vilniaus-kino-fondo-parama\\\/\",\"url\":\"https:\\\/\\\/filmvilnius.com\\\/lt\\\/i-sundance-festivali-atrinktam-a-blazeviciaus-filmui-vilniaus-kino-fondo-parama\\\/\",\"name\":\"\u012e \u201eSundance\u201c festival\u012f atrinktam A. Bla\u017eevi\u010diaus filmui \u2013 Vilniaus kino fondo parama - Vilnius film office\",\"isPartOf\":{\"@id\":\"https:\\\/\\\/filmvilnius.com\\\/#website\"},\"primaryImageOfPage\":{\"@id\":\"https:\\\/\\\/filmvilnius.com\\\/lt\\\/i-sundance-festivali-atrinktam-a-blazeviciaus-filmui-vilniaus-kino-fondo-parama\\\/#primaryimage\"},\"image\":{\"@id\":\"https:\\\/\\\/filmvilnius.com\\\/lt\\\/i-sundance-festivali-atrinktam-a-blazeviciaus-filmui-vilniaus-kino-fondo-parama\\\/#primaryimage\"},\"thumbnailUrl\":\"https:\\\/\\\/filmvilnius.com\\\/wp-content\\\/uploads\\\/2025\\\/12\\\/DDtW_key-still-1-1.jpg\",\"datePublished\":\"2025-12-10T18:30:39+00:00\",\"dateModified\":\"2026-04-28T06:36:08+00:00\",\"description\":\"\u012e\u201eSundance\u201c kino festivalio program\u0105 atrinktas re\u017eisieriaus Andriaus Bla\u017eevi\u010diaus filmas \u201eSkyrybos karo metu\u201c. \u0160io filmo gamyb\u0105 dalinai par\u0117m\u0117 Vilniaus kino fondas\",\"breadcrumb\":{\"@id\":\"https:\\\/\\\/filmvilnius.com\\\/lt\\\/i-sundance-festivali-atrinktam-a-blazeviciaus-filmui-vilniaus-kino-fondo-parama\\\/#breadcrumb\"},\"inLanguage\":\"lt-LT\",\"potentialAction\":[{\"@type\":\"ReadAction\",\"target\":[\"https:\\\/\\\/filmvilnius.com\\\/lt\\\/i-sundance-festivali-atrinktam-a-blazeviciaus-filmui-vilniaus-kino-fondo-parama\\\/\"]}]},{\"@type\":\"ImageObject\",\"inLanguage\":\"lt-LT\",\"@id\":\"https:\\\/\\\/filmvilnius.com\\\/lt\\\/i-sundance-festivali-atrinktam-a-blazeviciaus-filmui-vilniaus-kino-fondo-parama\\\/#primaryimage\",\"url\":\"https:\\\/\\\/filmvilnius.com\\\/wp-content\\\/uploads\\\/2025\\\/12\\\/DDtW_key-still-1-1.jpg\",\"contentUrl\":\"https:\\\/\\\/filmvilnius.com\\\/wp-content\\\/uploads\\\/2025\\\/12\\\/DDtW_key-still-1-1.jpg\",\"width\":1920,\"height\":1036},{\"@type\":\"BreadcrumbList\",\"@id\":\"https:\\\/\\\/filmvilnius.com\\\/lt\\\/i-sundance-festivali-atrinktam-a-blazeviciaus-filmui-vilniaus-kino-fondo-parama\\\/#breadcrumb\",\"itemListElement\":[{\"@type\":\"ListItem\",\"position\":1,\"name\":\"Home\",\"item\":\"https:\\\/\\\/filmvilnius.com\\\/lt\\\/\"},{\"@type\":\"ListItem\",\"position\":2,\"name\":\"\u012e \u201eSundance\u201c festival\u012f atrinktam A. Bla\u017eevi\u010diaus filmui \u2013 Vilniaus kino fondo parama\"}]},{\"@type\":\"WebSite\",\"@id\":\"https:\\\/\\\/filmvilnius.com\\\/#website\",\"url\":\"https:\\\/\\\/filmvilnius.com\\\/\",\"name\":\"Vilnius film office\",\"description\":\"\",\"publisher\":{\"@id\":\"https:\\\/\\\/filmvilnius.com\\\/#organization\"},\"potentialAction\":[{\"@type\":\"SearchAction\",\"target\":{\"@type\":\"EntryPoint\",\"urlTemplate\":\"https:\\\/\\\/filmvilnius.com\\\/?s={search_term_string}\"},\"query-input\":{\"@type\":\"PropertyValueSpecification\",\"valueRequired\":true,\"valueName\":\"search_term_string\"}}],\"inLanguage\":\"lt-LT\"},{\"@type\":\"Organization\",\"@id\":\"https:\\\/\\\/filmvilnius.com\\\/#organization\",\"name\":\"Vilniaus kino biuras\",\"url\":\"https:\\\/\\\/filmvilnius.com\\\/\",\"logo\":{\"@type\":\"ImageObject\",\"inLanguage\":\"lt-LT\",\"@id\":\"https:\\\/\\\/filmvilnius.com\\\/#\\\/schema\\\/logo\\\/image\\\/\",\"url\":\"https:\\\/\\\/filmvilnius.com\\\/wp-content\\\/uploads\\\/2022\\\/12\\\/VKB-Logo-2022-EN-2-V.jpg\",\"contentUrl\":\"https:\\\/\\\/filmvilnius.com\\\/wp-content\\\/uploads\\\/2022\\\/12\\\/VKB-Logo-2022-EN-2-V.jpg\",\"width\":1419,\"height\":1418,\"caption\":\"Vilniaus kino biuras\"},\"image\":{\"@id\":\"https:\\\/\\\/filmvilnius.com\\\/#\\\/schema\\\/logo\\\/image\\\/\"},\"sameAs\":[\"https:\\\/\\\/www.facebook.com\\\/filmvilnius\",\"https:\\\/\\\/x.com\\\/FilmVilnius\",\"https:\\\/\\\/www.instagram.com\\\/filmvilnius\\\/\"]},{\"@type\":\"Person\",\"@id\":\"https:\\\/\\\/filmvilnius.com\\\/#\\\/schema\\\/person\\\/8572c7f289890809bfa364d48f8dded5\",\"name\":\"Vilnius Film Office\",\"image\":{\"@type\":\"ImageObject\",\"inLanguage\":\"lt-LT\",\"@id\":\"https:\\\/\\\/secure.gravatar.com\\\/avatar\\\/2f93c625b891dbd84735ed1bd75819d698625d4c37369c60acab5f321b22fbb2?s=96&d=mm&r=g\",\"url\":\"https:\\\/\\\/secure.gravatar.com\\\/avatar\\\/2f93c625b891dbd84735ed1bd75819d698625d4c37369c60acab5f321b22fbb2?s=96&d=mm&r=g\",\"contentUrl\":\"https:\\\/\\\/secure.gravatar.com\\\/avatar\\\/2f93c625b891dbd84735ed1bd75819d698625d4c37369c60acab5f321b22fbb2?s=96&d=mm&r=g\",\"caption\":\"Vilnius Film Office\"},\"url\":\"https:\\\/\\\/filmvilnius.com\\\/lt\\\/author\\\/ce5c1052f3e77e32\\\/\"}]}<\/script>\n<!-- \/ Yoast SEO plugin. -->","yoast_head_json":{"title":"\u012e \u201eSundance\u201c festival\u012f atrinktam A. Bla\u017eevi\u010diaus filmui \u2013 Vilniaus kino fondo parama - Vilnius film office","description":"\u012e\u201eSundance\u201c kino festivalio program\u0105 atrinktas re\u017eisieriaus Andriaus Bla\u017eevi\u010diaus filmas \u201eSkyrybos karo metu\u201c. \u0160io filmo gamyb\u0105 dalinai par\u0117m\u0117 Vilniaus kino fondas","robots":{"index":"index","follow":"follow","max-snippet":"max-snippet:-1","max-image-preview":"max-image-preview:large","max-video-preview":"max-video-preview:-1"},"canonical":"https:\/\/filmvilnius.com\/lt\/i-sundance-festivali-atrinktam-a-blazeviciaus-filmui-vilniaus-kino-fondo-parama\/","og_locale":"lt_LT","og_type":"article","og_title":"\u012e \u201eSundance\u201c festival\u012f atrinktam A. Bla\u017eevi\u010diaus filmui \u2013 Vilniaus kino fondo parama - Vilnius film office","og_description":"\u012e\u201eSundance\u201c kino festivalio program\u0105 atrinktas re\u017eisieriaus Andriaus Bla\u017eevi\u010diaus filmas \u201eSkyrybos karo metu\u201c. \u0160io filmo gamyb\u0105 dalinai par\u0117m\u0117 Vilniaus kino fondas","og_url":"https:\/\/filmvilnius.com\/lt\/i-sundance-festivali-atrinktam-a-blazeviciaus-filmui-vilniaus-kino-fondo-parama\/","og_site_name":"Vilnius film office","article_publisher":"https:\/\/www.facebook.com\/filmvilnius","article_published_time":"2025-12-10T18:30:39+00:00","article_modified_time":"2026-04-28T06:36:08+00:00","og_image":[{"width":1920,"height":1036,"url":"https:\/\/filmvilnius.com\/wp-content\/uploads\/2025\/12\/DDtW_key-still-1-1.jpg","type":"image\/jpeg"}],"author":"Vilnius Film Office","twitter_card":"summary_large_image","twitter_creator":"@FilmVilnius","twitter_site":"@FilmVilnius","twitter_misc":{"Written by":"Vilnius Film Office","Est. reading time":"3 minut\u0117s"},"schema":{"@context":"https:\/\/schema.org","@graph":[{"@type":"Article","@id":"https:\/\/filmvilnius.com\/lt\/i-sundance-festivali-atrinktam-a-blazeviciaus-filmui-vilniaus-kino-fondo-parama\/#article","isPartOf":{"@id":"https:\/\/filmvilnius.com\/lt\/i-sundance-festivali-atrinktam-a-blazeviciaus-filmui-vilniaus-kino-fondo-parama\/"},"author":{"name":"Vilnius Film Office","@id":"https:\/\/filmvilnius.com\/#\/schema\/person\/8572c7f289890809bfa364d48f8dded5"},"headline":"\u012e \u201eSundance\u201c festival\u012f atrinktam A. Bla\u017eevi\u010diaus filmui \u2013 Vilniaus kino fondo parama","datePublished":"2025-12-10T18:30:39+00:00","dateModified":"2026-04-28T06:36:08+00:00","mainEntityOfPage":{"@id":"https:\/\/filmvilnius.com\/lt\/i-sundance-festivali-atrinktam-a-blazeviciaus-filmui-vilniaus-kino-fondo-parama\/"},"wordCount":546,"publisher":{"@id":"https:\/\/filmvilnius.com\/#organization"},"image":{"@id":"https:\/\/filmvilnius.com\/lt\/i-sundance-festivali-atrinktam-a-blazeviciaus-filmui-vilniaus-kino-fondo-parama\/#primaryimage"},"thumbnailUrl":"https:\/\/filmvilnius.com\/wp-content\/uploads\/2025\/12\/DDtW_key-still-1-1.jpg","articleSection":["Naujienos","Prane\u0161imai \u017einiasklaidai","Su veidais"],"inLanguage":"lt-LT"},{"@type":"WebPage","@id":"https:\/\/filmvilnius.com\/lt\/i-sundance-festivali-atrinktam-a-blazeviciaus-filmui-vilniaus-kino-fondo-parama\/","url":"https:\/\/filmvilnius.com\/lt\/i-sundance-festivali-atrinktam-a-blazeviciaus-filmui-vilniaus-kino-fondo-parama\/","name":"\u012e \u201eSundance\u201c festival\u012f atrinktam A. Bla\u017eevi\u010diaus filmui \u2013 Vilniaus kino fondo parama - Vilnius film office","isPartOf":{"@id":"https:\/\/filmvilnius.com\/#website"},"primaryImageOfPage":{"@id":"https:\/\/filmvilnius.com\/lt\/i-sundance-festivali-atrinktam-a-blazeviciaus-filmui-vilniaus-kino-fondo-parama\/#primaryimage"},"image":{"@id":"https:\/\/filmvilnius.com\/lt\/i-sundance-festivali-atrinktam-a-blazeviciaus-filmui-vilniaus-kino-fondo-parama\/#primaryimage"},"thumbnailUrl":"https:\/\/filmvilnius.com\/wp-content\/uploads\/2025\/12\/DDtW_key-still-1-1.jpg","datePublished":"2025-12-10T18:30:39+00:00","dateModified":"2026-04-28T06:36:08+00:00","description":"\u012e\u201eSundance\u201c kino festivalio program\u0105 atrinktas re\u017eisieriaus Andriaus Bla\u017eevi\u010diaus filmas \u201eSkyrybos karo metu\u201c. \u0160io filmo gamyb\u0105 dalinai par\u0117m\u0117 Vilniaus kino fondas","breadcrumb":{"@id":"https:\/\/filmvilnius.com\/lt\/i-sundance-festivali-atrinktam-a-blazeviciaus-filmui-vilniaus-kino-fondo-parama\/#breadcrumb"},"inLanguage":"lt-LT","potentialAction":[{"@type":"ReadAction","target":["https:\/\/filmvilnius.com\/lt\/i-sundance-festivali-atrinktam-a-blazeviciaus-filmui-vilniaus-kino-fondo-parama\/"]}]},{"@type":"ImageObject","inLanguage":"lt-LT","@id":"https:\/\/filmvilnius.com\/lt\/i-sundance-festivali-atrinktam-a-blazeviciaus-filmui-vilniaus-kino-fondo-parama\/#primaryimage","url":"https:\/\/filmvilnius.com\/wp-content\/uploads\/2025\/12\/DDtW_key-still-1-1.jpg","contentUrl":"https:\/\/filmvilnius.com\/wp-content\/uploads\/2025\/12\/DDtW_key-still-1-1.jpg","width":1920,"height":1036},{"@type":"BreadcrumbList","@id":"https:\/\/filmvilnius.com\/lt\/i-sundance-festivali-atrinktam-a-blazeviciaus-filmui-vilniaus-kino-fondo-parama\/#breadcrumb","itemListElement":[{"@type":"ListItem","position":1,"name":"Home","item":"https:\/\/filmvilnius.com\/lt\/"},{"@type":"ListItem","position":2,"name":"\u012e \u201eSundance\u201c festival\u012f atrinktam A. Bla\u017eevi\u010diaus filmui \u2013 Vilniaus kino fondo parama"}]},{"@type":"WebSite","@id":"https:\/\/filmvilnius.com\/#website","url":"https:\/\/filmvilnius.com\/","name":"Vilnius film office","description":"","publisher":{"@id":"https:\/\/filmvilnius.com\/#organization"},"potentialAction":[{"@type":"SearchAction","target":{"@type":"EntryPoint","urlTemplate":"https:\/\/filmvilnius.com\/?s={search_term_string}"},"query-input":{"@type":"PropertyValueSpecification","valueRequired":true,"valueName":"search_term_string"}}],"inLanguage":"lt-LT"},{"@type":"Organization","@id":"https:\/\/filmvilnius.com\/#organization","name":"Vilniaus kino biuras","url":"https:\/\/filmvilnius.com\/","logo":{"@type":"ImageObject","inLanguage":"lt-LT","@id":"https:\/\/filmvilnius.com\/#\/schema\/logo\/image\/","url":"https:\/\/filmvilnius.com\/wp-content\/uploads\/2022\/12\/VKB-Logo-2022-EN-2-V.jpg","contentUrl":"https:\/\/filmvilnius.com\/wp-content\/uploads\/2022\/12\/VKB-Logo-2022-EN-2-V.jpg","width":1419,"height":1418,"caption":"Vilniaus kino biuras"},"image":{"@id":"https:\/\/filmvilnius.com\/#\/schema\/logo\/image\/"},"sameAs":["https:\/\/www.facebook.com\/filmvilnius","https:\/\/x.com\/FilmVilnius","https:\/\/www.instagram.com\/filmvilnius\/"]},{"@type":"Person","@id":"https:\/\/filmvilnius.com\/#\/schema\/person\/8572c7f289890809bfa364d48f8dded5","name":"Vilnius Film Office","image":{"@type":"ImageObject","inLanguage":"lt-LT","@id":"https:\/\/secure.gravatar.com\/avatar\/2f93c625b891dbd84735ed1bd75819d698625d4c37369c60acab5f321b22fbb2?s=96&d=mm&r=g","url":"https:\/\/secure.gravatar.com\/avatar\/2f93c625b891dbd84735ed1bd75819d698625d4c37369c60acab5f321b22fbb2?s=96&d=mm&r=g","contentUrl":"https:\/\/secure.gravatar.com\/avatar\/2f93c625b891dbd84735ed1bd75819d698625d4c37369c60acab5f321b22fbb2?s=96&d=mm&r=g","caption":"Vilnius Film Office"},"url":"https:\/\/filmvilnius.com\/lt\/author\/ce5c1052f3e77e32\/"}]}},"_links":{"self":[{"href":"https:\/\/filmvilnius.com\/lt\/wp-json\/wp\/v2\/posts\/29070","targetHints":{"allow":["GET"]}}],"collection":[{"href":"https:\/\/filmvilnius.com\/lt\/wp-json\/wp\/v2\/posts"}],"about":[{"href":"https:\/\/filmvilnius.com\/lt\/wp-json\/wp\/v2\/types\/post"}],"author":[{"embeddable":true,"href":"https:\/\/filmvilnius.com\/lt\/wp-json\/wp\/v2\/users\/6"}],"replies":[{"embeddable":true,"href":"https:\/\/filmvilnius.com\/lt\/wp-json\/wp\/v2\/comments?post=29070"}],"version-history":[{"count":1,"href":"https:\/\/filmvilnius.com\/lt\/wp-json\/wp\/v2\/posts\/29070\/revisions"}],"predecessor-version":[{"id":29077,"href":"https:\/\/filmvilnius.com\/lt\/wp-json\/wp\/v2\/posts\/29070\/revisions\/29077"}],"wp:featuredmedia":[{"embeddable":true,"href":"https:\/\/filmvilnius.com\/lt\/wp-json\/wp\/v2\/media\/29073"}],"wp:attachment":[{"href":"https:\/\/filmvilnius.com\/lt\/wp-json\/wp\/v2\/media?parent=29070"}],"wp:term":[{"taxonomy":"category","embeddable":true,"href":"https:\/\/filmvilnius.com\/lt\/wp-json\/wp\/v2\/categories?post=29070"},{"taxonomy":"post_tag","embeddable":true,"href":"https:\/\/filmvilnius.com\/lt\/wp-json\/wp\/v2\/tags?post=29070"}],"curies":[{"name":"wp","href":"https:\/\/api.w.org\/{rel}","templated":true}]}}