{"id":29497,"date":"2026-03-09T09:59:40","date_gmt":"2026-03-09T07:59:40","guid":{"rendered":"https:\/\/filmvilnius.com\/?p=29497"},"modified":"2026-04-24T14:20:55","modified_gmt":"2026-04-24T12:20:55","slug":"31-asis-kino-pavasaris-prasideda-iseikime-is-kino-sales-sviesesni","status":"publish","type":"post","link":"https:\/\/filmvilnius.com\/lt\/31-asis-kino-pavasaris-prasideda-iseikime-is-kino-sales-sviesesni\/","title":{"rendered":"31-asis \u201eKino pavasaris\u201c prasideda: \u201eI\u0161eikime i\u0161 kino sal\u0117s \u0161viesesni\u201c"},"content":{"rendered":"<p><strong>\u0160\u012fvakar prasid\u0117j\u0119s Vilniaus miesto festivalis \u201eKino pavasaris\u201c kovo 9\u201322 dienomis kvie\u010dia dviem savait\u0117ms \u012f kino sales sugr\u012f\u017eti pasiilgto jausmo. Atidarymo vakar\u0105 Lietuvos nacionaliniame operos ir baleto teatre ne kart\u0105 skamb\u0117jo link\u0117jimai nepasiduoti apatijai ir pasitelkti kin\u0105 kaip \u012frank\u012f dialogui, o festivalio organizatoriai ir sve\u010diai vieningai sutar\u0117 \u2013 net ir tamsiausiomis pasaulio akimirkomis geras kinas padeda i\u0161 sal\u0117s i\u0161eiti truput\u012f geresniems.<\/strong><\/p>\n<p><strong>\u00a0<\/strong><\/p>\n<p>\u201eSveiki sugr\u012f\u017e\u0119 ten, kur po \u017eiemos gr\u012f\u017etame jausmo \u2013 \u012f \u201eKino pavasar\u012f\u201c, \u2013 atidarymo metu \u017ei\u016brovus sveikino festivalio direktorius Algirdas Rama\u0161ka. \u2013 \u0160iandienos geopolitiniame bei nacionaliniame kontekste kult\u016bra tampa m\u016bs\u0173 bendru protestu, pozicija ir palaikymu \u2013 tai erdv\u0117, kurioje mes visi privalome rodyti lyderyst\u0119. Tod\u0117l matydamas tiek \u017emoni\u0173, mylin\u010di\u0173 kin\u0105 ir palaikan\u010di\u0173 kult\u016br\u0105, neabejoju m\u016bs\u0173 bendra galia nepasiduoti ir b\u016bti tais, kurie kuria pokyt\u012f. O tam tikrai gali \u012fkv\u0117pti geras kinas, kur\u012f \u017ei\u016br\u0117ti kvie\u010diame jau trisde\u0161imt pirm\u0105j\u012f kart\u0105\u201c, \u2013 sak\u0117 jis, skambant Agn\u0117s Matulevi\u010di\u016bt\u0117s, Martos Finkel\u0161tein bei Vilniaus kamerinio orkestro atliekamam k\u016briniui kviesdamas prisiminti, kaip vienas ar kitas filmas paveik\u0117 m\u016bs\u0173 mintis ar gyvenimus.<\/p>\n<p>Link\u0117jimus visiems susirinkusiems perdav\u0117 ir Kult\u016bros asambl\u0117ja. \u201eSveikinu su atidarymu \u201eKino pavasar\u012f\u201c. Ir sveikinu mus visus, kelioms savait\u0117ms u\u017esidarysian\u010dius kino sali\u0173 tamsoje, kad i\u0161 jos i\u0161eitume truput\u012f \u0161viesesni. Kult\u016bra gali verti naujas perspektyvas, b\u016bti nepatogi, kartais supykdyti ar i\u0161g\u0105sdinti. Bet kartu ji neretai tampa \u0161vyturiu, kuris ne tik rodo keli\u0105 audringomis s\u0105lygomis, ta\u010diau ir sujungia netik\u0117\u010diausius bendrakeleivius, \u2013 atidarymo metu kalb\u0117jo Kult\u016bros asambl\u0117jos iniciatyvin\u0117s grup\u0117s nar\u0117, kino kritik\u0117 ir kult\u016bros \u017eurnalist\u0117 Monika Gimbutait\u0117.<\/p>\n<p>\u2013 Kult\u016bros asambl\u0117ja tapo reik\u0161mingu to \u012frodymu: kult\u016bra turi gali\u0105 jungti ir keisti. Ji gali tapti atsvara melui ir kir\u0161inimui, tiesti tiltus ir i\u0161auginti nauj\u0105 savigarbos daig\u0105. Deja, demokratija yra labai trapi vertyb\u0117, o mes gyvename pasaulyje, kuris kone kasdien apie tai primena. Su nerimu stebime, kaip pla\u010diai plinta demokratijos erozija, \u2013 t\u0119s\u0117 ji.<\/p>\n<p>\u2013 M\u016bs\u0173 budrumas negali b\u016bti u\u017eli\u016bliuotas. Neturime tam prabangos. Geriausias prie\u0161nuodis \u2013 patiems imtis veiksmo. Tod\u0117l kiekvieno m\u016bs\u0173 atsakomyb\u0117 yra nepasiduoti nuovargiui. B\u016bti aktyviais pilie\u010diais. Remti demokratij\u0105 ir kult\u016br\u0105. Kaimyn\u0105, su kuriuo, atrodo, neturi nieko bendro, \u0161\u012f pavasar\u012f pakviesti \u012f kin\u0105. Po keli\u0173 valand\u0173 kino sal\u0117s tamsoje, patik\u0117kit, gali pasidaryti \u0161viesiau\u201c, \u2013 skambant gausiems plojimams tikino M. Gimbutait\u0117.<\/p>\n<p>Kult\u016bros asambl\u0117jos iniciatyvin\u0117s grup\u0117s nar\u0117, prodiuser\u0117 Dagn\u0117 Vild\u017ei\u016bnait\u0117 d\u0117kojo \u201eKino pavasariui\u201c u\u017e tai, kad kasmet sukuria \u017ei\u016brovams erdv\u0119 ir laik\u0105 geriau pa\u017einti save ir kitus. \u201ePo gero filmo sal\u0119 da\u017eniausiai paliekame su nauju klausimu ar nauja \u012f\u017evalga apie pasaul\u012f ar save \u2013 kartais net nemalonia, bet b\u016btent tod\u0117l auginan\u010dia. \u0160iandien norisi pasid\u017eiaugti tuo, kaip mes visi paaugome. Kaip i\u0161mokome svarbiomis akimirkomis atid\u0117ti savo interesus \u012f \u0161al\u012f ir susiburti vardan to, kad i\u0161reik\u0161tume r\u016bpest\u012f vieni kitais bei savo valstybe, \u2013 sak\u0117 ji.<\/p>\n<p>\u2013 Ta\u010diau kuo toliau, tuo darosi ai\u0161kiau, kad tos akimirk\u0173 vienyb\u0117s nebepakaks. U\u017eaugome tam, kad tur\u0117tume pakankamai vidini\u0173 j\u0117g\u0173 toliau ugdyti ne momentin\u012f, o gilumin\u012f solidarumo jausm\u0105. T\u0105, kuris pasirei\u0161kia per kasdienius darbus ir ma\u017eus sprendimus. Kai prie\u0161 pagalvodamas apie tai, kas geriausia man, pirmiausia pagalvoju: o kas geriausia esan\u010diam \u0161alia? Taik\u0105, laisv\u0119 ir vis ger\u0117jant\u012f gyvenim\u0105 turime ne tik susikurti, bet ir saugoti. Tod\u0117l mums reikia nauj\u0173 \u012fpro\u010di\u0173 \u2013 vis\u0173 pirma t\u0173, kurie pad\u0117t\u0173 burtis ir i\u0161likti drauge, \u2013 t\u0119s\u0117 prodiuser\u0117.<\/p>\n<p>\u2013 R\u016bpestis kitu n\u0117ra \u012fgimta savyb\u0117 \u2013 tai ugdomas \u012fprotis. Jei vien\u0105 dien\u0105 tapsime ne tik brand\u017eia, bet ir gilios empatijos tauta, m\u016bs\u0173 niekas nei\u0161g\u0105sdins ir niekas nepavergs. Nes kiekvienas giliai \u0161irdyje \u017einosime: kad ir kas nutikt\u0173, esu apsuptas dr\u0105si\u0173 \u017emoni\u0173, kurie man\u0119s nepaliks\u201c, \u2013 kalb\u0117jo D. Vild\u017ei\u016bnait\u0117, kviesdama prie\u0161 pasineriant \u012f istorijas, kurias dovanos \u201eKino pavasario\u201c filmai, kuo labiau atsiverti pa\u017einimui ir galimai jung\u010diai su kitu \u2013 gal net labai kitokiu, nei esame patys.<\/p>\n<p>Atidarymo vakar\u0105 \u017ei\u016brovai, kino industrijos atstovai, pagrindinis \u201eKino pavasario\u201c partneris \u201eGo3\u201c, didieji partneriai ERGO ir \u201eSimbiocity\u201c bei daugyb\u0117 kit\u0173 i\u0161tikim\u0173 festivalio draug\u0173 buvo pakviesti \u017ei\u016br\u0117ti Kan\u0173 kino festivalyje Did\u017eiuoju prizu apdovanot\u0105 bei devyniems \u201eOskarams\u201c nominuot\u0105 norveg\u0173 re\u017eisieriaus Joachimo Triero dram\u0105\u00a0 \u201eSentimentali vert\u0117\u201c.<\/p>\n<p>\u201eMenas \u017emon\u0117ms yra tiesiog b\u016btinas. Tai pamatinis poreikis, o ne prabanga. M\u016bs\u0173 visuomen\u0117je viskas velni\u0161kai poliarizuota \u2013 visi apie visk\u0105 turi savo nuomon\u0119. O a\u0161 bandau pasakyti: pasiklausykime, pasi\u017ei\u016br\u0117kime, u\u017emegzkime ry\u0161\u012f. Manau, kad kinas suteikia galimyb\u0119 i\u0161vysti kit\u0105 \u017emog\u0173 arba pajusti s\u0105lyt\u012f. B\u016btent su tuo mes ir \u017eaid\u017eiame \u0161iame filme\u201c, \u2013 viename interviu kalb\u0117damas apie \u201eSentimentali\u0105 vert\u0119\u201c sak\u0117 re\u017eisierius J. Trieras.<\/p>\n<p>Festivalio organizatoriai primena, kad dvi savaites \u201eKino pavasario\u201c \u017ei\u016brovai gali ne tik \u017ei\u016br\u0117ti filmus, bet ir rinkti savo favorit\u0105 \u2013 kaip ir kasmet, geriausiai festivalio metu \u012fvertintam kino pasakojimui bus \u012fteiktas \u017di\u016brovi\u0161kiausio filmo apdovanojimas, o balsavusi\u0173j\u0173 laukia pagrindinis ir dar daugiau nei 50 papildom\u0173 priz\u0173. Neturintys galimyb\u0117s atvykti \u012f kino teatr\u0105 arba nesp\u0117j\u0119 gauti bilieto \u012f norim\u0105 seans\u0105, 11 film\u0173 \u2013 tarp j\u0173 ir atidarymo dram\u0105 \u201eSentimentali vert\u0117\u201c, Kan\u0173 \u201eAuksin\u0119 palm\u0117s \u0161akel\u0119\u201c pelniusio Irano re\u017eisieriaus Jafaro Panahi triler\u012f \u201eTiesiog atsitikimas\u201c ar antr\u0105 kart\u0105 \u201eOskarui\u201c nominuotos kino meistr\u0117s Kaouther Ben Hania dram\u0105 \u201eHind Rad\u017eab balsas\u201c \u2013 viso festivalio metu gali i\u0161sinuomoti ir \u017ei\u016br\u0117ti \u201eGo3\u201c televizijoje.<\/p>\n<p>\u0160iemet festivalis \u201eKino pavasaris\u201c vyks kovo 9\u201322 dienomis, daugiau informacijos apie program\u0105 ir renginius: <a href=\"https:\/\/kinopavasaris.lt\">https:\/\/kinopavasaris.lt<\/a>. Festival\u012f palaiko pagrindinis partneris \u201eGo3\u201c, didieji partneriai ERGO ir \u201eSimbiocity\u201c, i\u0161 dalies finansuoja Lietuvos kino centras, Vilniaus, Klaip\u0117dos, Kauno ir \u0160iauli\u0173 miest\u0173 savivaldyb\u0117s.<\/p>\n<p>Nuotr. Tautvydas Stukas.<\/p>\n","protected":false},"excerpt":{"rendered":"<p>\u0160\u012fvakar prasid\u0117j\u0119s Vilniaus miesto festivalis \u201eKino pavasaris\u201c kovo 9\u201322 dienomis kvie\u010dia dviem savait\u0117ms \u012f kino sales sugr\u012f\u017eti pasiilgto jausmo. Atidarymo vakar\u0105 Lietuvos nacionaliniame operos ir baleto teatre ne kart\u0105 skamb\u0117jo link\u0117jimai nepasiduoti apatijai ir pasitelkti kin\u0105 kaip \u012frank\u012f dialogui, o festivalio organizatoriai ir sve\u010diai vieningai sutar\u0117 \u2013 net ir tamsiausiomis pasaulio akimirkomis geras kinas padeda [&hellip;]<\/p>\n","protected":false},"author":3,"featured_media":29498,"comment_status":"closed","ping_status":"open","sticky":false,"template":"","format":"standard","meta":{"_acf_changed":false,"_monsterinsights_skip_tracking":false,"_monsterinsights_sitenote_active":false,"_monsterinsights_sitenote_note":"","_monsterinsights_sitenote_category":0,"footnotes":""},"categories":[193,58],"tags":[],"class_list":["post-29497","post","type-post","status-publish","format-standard","has-post-thumbnail","hentry","category-kino-industrijos-naujienos","category-news"],"acf":[],"yoast_head":"<!-- This site is optimized with the Yoast SEO plugin v27.4 - https:\/\/yoast.com\/product\/yoast-seo-wordpress\/ -->\n<title>31-asis \u201eKino pavasaris\u201c prasideda: \u201eI\u0161eikime i\u0161 kino sal\u0117s \u0161viesesni\u201c - Vilnius film office<\/title>\n<meta name=\"robots\" content=\"index, follow, max-snippet:-1, max-image-preview:large, max-video-preview:-1\" \/>\n<link rel=\"canonical\" href=\"https:\/\/filmvilnius.com\/lt\/31-asis-kino-pavasaris-prasideda-iseikime-is-kino-sales-sviesesni\/\" \/>\n<meta property=\"og:locale\" content=\"lt_LT\" \/>\n<meta property=\"og:type\" content=\"article\" \/>\n<meta property=\"og:title\" content=\"31-asis \u201eKino pavasaris\u201c prasideda: \u201eI\u0161eikime i\u0161 kino sal\u0117s \u0161viesesni\u201c - Vilnius film office\" \/>\n<meta property=\"og:description\" content=\"\u0160\u012fvakar prasid\u0117j\u0119s Vilniaus miesto festivalis \u201eKino pavasaris\u201c kovo 9\u201322 dienomis kvie\u010dia dviem savait\u0117ms \u012f kino sales sugr\u012f\u017eti pasiilgto jausmo. Atidarymo vakar\u0105 Lietuvos nacionaliniame operos ir baleto teatre ne kart\u0105 skamb\u0117jo link\u0117jimai nepasiduoti apatijai ir pasitelkti kin\u0105 kaip \u012frank\u012f dialogui, o festivalio organizatoriai ir sve\u010diai vieningai sutar\u0117 \u2013 net ir tamsiausiomis pasaulio akimirkomis geras kinas padeda [&hellip;]\" \/>\n<meta property=\"og:url\" content=\"https:\/\/filmvilnius.com\/lt\/31-asis-kino-pavasaris-prasideda-iseikime-is-kino-sales-sviesesni\/\" \/>\n<meta property=\"og:site_name\" content=\"Vilnius film office\" \/>\n<meta property=\"article:publisher\" content=\"https:\/\/www.facebook.com\/filmvilnius\" \/>\n<meta property=\"article:published_time\" content=\"2026-03-09T07:59:40+00:00\" \/>\n<meta property=\"article:modified_time\" content=\"2026-04-24T12:20:55+00:00\" \/>\n<meta property=\"og:image\" content=\"https:\/\/filmvilnius.com\/wp-content\/uploads\/2026\/03\/154.jpg\" \/>\n\t<meta property=\"og:image:width\" content=\"1920\" \/>\n\t<meta property=\"og:image:height\" content=\"1280\" \/>\n\t<meta property=\"og:image:type\" content=\"image\/jpeg\" \/>\n<meta name=\"author\" content=\"Vilniaus kino biuras\" \/>\n<meta name=\"twitter:card\" content=\"summary_large_image\" \/>\n<meta name=\"twitter:creator\" content=\"@FilmVilnius\" \/>\n<meta name=\"twitter:site\" content=\"@FilmVilnius\" \/>\n<meta name=\"twitter:label1\" content=\"Written by\" \/>\n\t<meta name=\"twitter:data1\" content=\"Vilniaus kino biuras\" \/>\n\t<meta name=\"twitter:label2\" content=\"Est. reading time\" \/>\n\t<meta name=\"twitter:data2\" content=\"4 minut\u0117s\" \/>\n<script type=\"application\/ld+json\" class=\"yoast-schema-graph\">{\"@context\":\"https:\\\/\\\/schema.org\",\"@graph\":[{\"@type\":\"Article\",\"@id\":\"https:\\\/\\\/filmvilnius.com\\\/lt\\\/31-asis-kino-pavasaris-prasideda-iseikime-is-kino-sales-sviesesni\\\/#article\",\"isPartOf\":{\"@id\":\"https:\\\/\\\/filmvilnius.com\\\/lt\\\/31-asis-kino-pavasaris-prasideda-iseikime-is-kino-sales-sviesesni\\\/\"},\"author\":{\"name\":\"Vilniaus kino biuras\",\"@id\":\"https:\\\/\\\/filmvilnius.com\\\/#\\\/schema\\\/person\\\/8b5cdb3983bdc74eeb47d664a07e8a7c\"},\"headline\":\"31-asis \u201eKino pavasaris\u201c prasideda: \u201eI\u0161eikime i\u0161 kino sal\u0117s \u0161viesesni\u201c\",\"datePublished\":\"2026-03-09T07:59:40+00:00\",\"dateModified\":\"2026-04-24T12:20:55+00:00\",\"mainEntityOfPage\":{\"@id\":\"https:\\\/\\\/filmvilnius.com\\\/lt\\\/31-asis-kino-pavasaris-prasideda-iseikime-is-kino-sales-sviesesni\\\/\"},\"wordCount\":969,\"publisher\":{\"@id\":\"https:\\\/\\\/filmvilnius.com\\\/#organization\"},\"image\":{\"@id\":\"https:\\\/\\\/filmvilnius.com\\\/lt\\\/31-asis-kino-pavasaris-prasideda-iseikime-is-kino-sales-sviesesni\\\/#primaryimage\"},\"thumbnailUrl\":\"https:\\\/\\\/filmvilnius.com\\\/wp-content\\\/uploads\\\/2026\\\/03\\\/154.jpg\",\"articleSection\":[\"Kino industrijos naujienos\",\"Naujienos\"],\"inLanguage\":\"lt-LT\"},{\"@type\":\"WebPage\",\"@id\":\"https:\\\/\\\/filmvilnius.com\\\/lt\\\/31-asis-kino-pavasaris-prasideda-iseikime-is-kino-sales-sviesesni\\\/\",\"url\":\"https:\\\/\\\/filmvilnius.com\\\/lt\\\/31-asis-kino-pavasaris-prasideda-iseikime-is-kino-sales-sviesesni\\\/\",\"name\":\"31-asis \u201eKino pavasaris\u201c prasideda: \u201eI\u0161eikime i\u0161 kino sal\u0117s \u0161viesesni\u201c - Vilnius film office\",\"isPartOf\":{\"@id\":\"https:\\\/\\\/filmvilnius.com\\\/#website\"},\"primaryImageOfPage\":{\"@id\":\"https:\\\/\\\/filmvilnius.com\\\/lt\\\/31-asis-kino-pavasaris-prasideda-iseikime-is-kino-sales-sviesesni\\\/#primaryimage\"},\"image\":{\"@id\":\"https:\\\/\\\/filmvilnius.com\\\/lt\\\/31-asis-kino-pavasaris-prasideda-iseikime-is-kino-sales-sviesesni\\\/#primaryimage\"},\"thumbnailUrl\":\"https:\\\/\\\/filmvilnius.com\\\/wp-content\\\/uploads\\\/2026\\\/03\\\/154.jpg\",\"datePublished\":\"2026-03-09T07:59:40+00:00\",\"dateModified\":\"2026-04-24T12:20:55+00:00\",\"breadcrumb\":{\"@id\":\"https:\\\/\\\/filmvilnius.com\\\/lt\\\/31-asis-kino-pavasaris-prasideda-iseikime-is-kino-sales-sviesesni\\\/#breadcrumb\"},\"inLanguage\":\"lt-LT\",\"potentialAction\":[{\"@type\":\"ReadAction\",\"target\":[\"https:\\\/\\\/filmvilnius.com\\\/lt\\\/31-asis-kino-pavasaris-prasideda-iseikime-is-kino-sales-sviesesni\\\/\"]}]},{\"@type\":\"ImageObject\",\"inLanguage\":\"lt-LT\",\"@id\":\"https:\\\/\\\/filmvilnius.com\\\/lt\\\/31-asis-kino-pavasaris-prasideda-iseikime-is-kino-sales-sviesesni\\\/#primaryimage\",\"url\":\"https:\\\/\\\/filmvilnius.com\\\/wp-content\\\/uploads\\\/2026\\\/03\\\/154.jpg\",\"contentUrl\":\"https:\\\/\\\/filmvilnius.com\\\/wp-content\\\/uploads\\\/2026\\\/03\\\/154.jpg\",\"width\":1920,\"height\":1280},{\"@type\":\"BreadcrumbList\",\"@id\":\"https:\\\/\\\/filmvilnius.com\\\/lt\\\/31-asis-kino-pavasaris-prasideda-iseikime-is-kino-sales-sviesesni\\\/#breadcrumb\",\"itemListElement\":[{\"@type\":\"ListItem\",\"position\":1,\"name\":\"Home\",\"item\":\"https:\\\/\\\/filmvilnius.com\\\/lt\\\/\"},{\"@type\":\"ListItem\",\"position\":2,\"name\":\"31-asis \u201eKino pavasaris\u201c prasideda: \u201eI\u0161eikime i\u0161 kino sal\u0117s \u0161viesesni\u201c\"}]},{\"@type\":\"WebSite\",\"@id\":\"https:\\\/\\\/filmvilnius.com\\\/#website\",\"url\":\"https:\\\/\\\/filmvilnius.com\\\/\",\"name\":\"Vilnius film office\",\"description\":\"\",\"publisher\":{\"@id\":\"https:\\\/\\\/filmvilnius.com\\\/#organization\"},\"potentialAction\":[{\"@type\":\"SearchAction\",\"target\":{\"@type\":\"EntryPoint\",\"urlTemplate\":\"https:\\\/\\\/filmvilnius.com\\\/?s={search_term_string}\"},\"query-input\":{\"@type\":\"PropertyValueSpecification\",\"valueRequired\":true,\"valueName\":\"search_term_string\"}}],\"inLanguage\":\"lt-LT\"},{\"@type\":\"Organization\",\"@id\":\"https:\\\/\\\/filmvilnius.com\\\/#organization\",\"name\":\"Vilniaus kino biuras\",\"url\":\"https:\\\/\\\/filmvilnius.com\\\/\",\"logo\":{\"@type\":\"ImageObject\",\"inLanguage\":\"lt-LT\",\"@id\":\"https:\\\/\\\/filmvilnius.com\\\/#\\\/schema\\\/logo\\\/image\\\/\",\"url\":\"https:\\\/\\\/filmvilnius.com\\\/wp-content\\\/uploads\\\/2022\\\/12\\\/VKB-Logo-2022-EN-2-V.jpg\",\"contentUrl\":\"https:\\\/\\\/filmvilnius.com\\\/wp-content\\\/uploads\\\/2022\\\/12\\\/VKB-Logo-2022-EN-2-V.jpg\",\"width\":1419,\"height\":1418,\"caption\":\"Vilniaus kino biuras\"},\"image\":{\"@id\":\"https:\\\/\\\/filmvilnius.com\\\/#\\\/schema\\\/logo\\\/image\\\/\"},\"sameAs\":[\"https:\\\/\\\/www.facebook.com\\\/filmvilnius\",\"https:\\\/\\\/x.com\\\/FilmVilnius\",\"https:\\\/\\\/www.instagram.com\\\/filmvilnius\\\/\"]},{\"@type\":\"Person\",\"@id\":\"https:\\\/\\\/filmvilnius.com\\\/#\\\/schema\\\/person\\\/8b5cdb3983bdc74eeb47d664a07e8a7c\",\"name\":\"Vilniaus kino biuras\",\"image\":{\"@type\":\"ImageObject\",\"inLanguage\":\"lt-LT\",\"@id\":\"https:\\\/\\\/secure.gravatar.com\\\/avatar\\\/644725169c69ad57061a7da5874c1d84a0c902f0dc424faee665d0c37cb52e24?s=96&d=mm&r=g\",\"url\":\"https:\\\/\\\/secure.gravatar.com\\\/avatar\\\/644725169c69ad57061a7da5874c1d84a0c902f0dc424faee665d0c37cb52e24?s=96&d=mm&r=g\",\"contentUrl\":\"https:\\\/\\\/secure.gravatar.com\\\/avatar\\\/644725169c69ad57061a7da5874c1d84a0c902f0dc424faee665d0c37cb52e24?s=96&d=mm&r=g\",\"caption\":\"Vilniaus kino biuras\"},\"url\":\"https:\\\/\\\/filmvilnius.com\\\/lt\\\/author\\\/4b35ef9e4d264bd9\\\/\"}]}<\/script>\n<!-- \/ Yoast SEO plugin. -->","yoast_head_json":{"title":"31-asis \u201eKino pavasaris\u201c prasideda: \u201eI\u0161eikime i\u0161 kino sal\u0117s \u0161viesesni\u201c - Vilnius film office","robots":{"index":"index","follow":"follow","max-snippet":"max-snippet:-1","max-image-preview":"max-image-preview:large","max-video-preview":"max-video-preview:-1"},"canonical":"https:\/\/filmvilnius.com\/lt\/31-asis-kino-pavasaris-prasideda-iseikime-is-kino-sales-sviesesni\/","og_locale":"lt_LT","og_type":"article","og_title":"31-asis \u201eKino pavasaris\u201c prasideda: \u201eI\u0161eikime i\u0161 kino sal\u0117s \u0161viesesni\u201c - Vilnius film office","og_description":"\u0160\u012fvakar prasid\u0117j\u0119s Vilniaus miesto festivalis \u201eKino pavasaris\u201c kovo 9\u201322 dienomis kvie\u010dia dviem savait\u0117ms \u012f kino sales sugr\u012f\u017eti pasiilgto jausmo. Atidarymo vakar\u0105 Lietuvos nacionaliniame operos ir baleto teatre ne kart\u0105 skamb\u0117jo link\u0117jimai nepasiduoti apatijai ir pasitelkti kin\u0105 kaip \u012frank\u012f dialogui, o festivalio organizatoriai ir sve\u010diai vieningai sutar\u0117 \u2013 net ir tamsiausiomis pasaulio akimirkomis geras kinas padeda [&hellip;]","og_url":"https:\/\/filmvilnius.com\/lt\/31-asis-kino-pavasaris-prasideda-iseikime-is-kino-sales-sviesesni\/","og_site_name":"Vilnius film office","article_publisher":"https:\/\/www.facebook.com\/filmvilnius","article_published_time":"2026-03-09T07:59:40+00:00","article_modified_time":"2026-04-24T12:20:55+00:00","og_image":[{"width":1920,"height":1280,"url":"https:\/\/filmvilnius.com\/wp-content\/uploads\/2026\/03\/154.jpg","type":"image\/jpeg"}],"author":"Vilniaus kino biuras","twitter_card":"summary_large_image","twitter_creator":"@FilmVilnius","twitter_site":"@FilmVilnius","twitter_misc":{"Written by":"Vilniaus kino biuras","Est. reading time":"4 minut\u0117s"},"schema":{"@context":"https:\/\/schema.org","@graph":[{"@type":"Article","@id":"https:\/\/filmvilnius.com\/lt\/31-asis-kino-pavasaris-prasideda-iseikime-is-kino-sales-sviesesni\/#article","isPartOf":{"@id":"https:\/\/filmvilnius.com\/lt\/31-asis-kino-pavasaris-prasideda-iseikime-is-kino-sales-sviesesni\/"},"author":{"name":"Vilniaus kino biuras","@id":"https:\/\/filmvilnius.com\/#\/schema\/person\/8b5cdb3983bdc74eeb47d664a07e8a7c"},"headline":"31-asis \u201eKino pavasaris\u201c prasideda: \u201eI\u0161eikime i\u0161 kino sal\u0117s \u0161viesesni\u201c","datePublished":"2026-03-09T07:59:40+00:00","dateModified":"2026-04-24T12:20:55+00:00","mainEntityOfPage":{"@id":"https:\/\/filmvilnius.com\/lt\/31-asis-kino-pavasaris-prasideda-iseikime-is-kino-sales-sviesesni\/"},"wordCount":969,"publisher":{"@id":"https:\/\/filmvilnius.com\/#organization"},"image":{"@id":"https:\/\/filmvilnius.com\/lt\/31-asis-kino-pavasaris-prasideda-iseikime-is-kino-sales-sviesesni\/#primaryimage"},"thumbnailUrl":"https:\/\/filmvilnius.com\/wp-content\/uploads\/2026\/03\/154.jpg","articleSection":["Kino industrijos naujienos","Naujienos"],"inLanguage":"lt-LT"},{"@type":"WebPage","@id":"https:\/\/filmvilnius.com\/lt\/31-asis-kino-pavasaris-prasideda-iseikime-is-kino-sales-sviesesni\/","url":"https:\/\/filmvilnius.com\/lt\/31-asis-kino-pavasaris-prasideda-iseikime-is-kino-sales-sviesesni\/","name":"31-asis \u201eKino pavasaris\u201c prasideda: \u201eI\u0161eikime i\u0161 kino sal\u0117s \u0161viesesni\u201c - Vilnius film office","isPartOf":{"@id":"https:\/\/filmvilnius.com\/#website"},"primaryImageOfPage":{"@id":"https:\/\/filmvilnius.com\/lt\/31-asis-kino-pavasaris-prasideda-iseikime-is-kino-sales-sviesesni\/#primaryimage"},"image":{"@id":"https:\/\/filmvilnius.com\/lt\/31-asis-kino-pavasaris-prasideda-iseikime-is-kino-sales-sviesesni\/#primaryimage"},"thumbnailUrl":"https:\/\/filmvilnius.com\/wp-content\/uploads\/2026\/03\/154.jpg","datePublished":"2026-03-09T07:59:40+00:00","dateModified":"2026-04-24T12:20:55+00:00","breadcrumb":{"@id":"https:\/\/filmvilnius.com\/lt\/31-asis-kino-pavasaris-prasideda-iseikime-is-kino-sales-sviesesni\/#breadcrumb"},"inLanguage":"lt-LT","potentialAction":[{"@type":"ReadAction","target":["https:\/\/filmvilnius.com\/lt\/31-asis-kino-pavasaris-prasideda-iseikime-is-kino-sales-sviesesni\/"]}]},{"@type":"ImageObject","inLanguage":"lt-LT","@id":"https:\/\/filmvilnius.com\/lt\/31-asis-kino-pavasaris-prasideda-iseikime-is-kino-sales-sviesesni\/#primaryimage","url":"https:\/\/filmvilnius.com\/wp-content\/uploads\/2026\/03\/154.jpg","contentUrl":"https:\/\/filmvilnius.com\/wp-content\/uploads\/2026\/03\/154.jpg","width":1920,"height":1280},{"@type":"BreadcrumbList","@id":"https:\/\/filmvilnius.com\/lt\/31-asis-kino-pavasaris-prasideda-iseikime-is-kino-sales-sviesesni\/#breadcrumb","itemListElement":[{"@type":"ListItem","position":1,"name":"Home","item":"https:\/\/filmvilnius.com\/lt\/"},{"@type":"ListItem","position":2,"name":"31-asis \u201eKino pavasaris\u201c prasideda: \u201eI\u0161eikime i\u0161 kino sal\u0117s \u0161viesesni\u201c"}]},{"@type":"WebSite","@id":"https:\/\/filmvilnius.com\/#website","url":"https:\/\/filmvilnius.com\/","name":"Vilnius film office","description":"","publisher":{"@id":"https:\/\/filmvilnius.com\/#organization"},"potentialAction":[{"@type":"SearchAction","target":{"@type":"EntryPoint","urlTemplate":"https:\/\/filmvilnius.com\/?s={search_term_string}"},"query-input":{"@type":"PropertyValueSpecification","valueRequired":true,"valueName":"search_term_string"}}],"inLanguage":"lt-LT"},{"@type":"Organization","@id":"https:\/\/filmvilnius.com\/#organization","name":"Vilniaus kino biuras","url":"https:\/\/filmvilnius.com\/","logo":{"@type":"ImageObject","inLanguage":"lt-LT","@id":"https:\/\/filmvilnius.com\/#\/schema\/logo\/image\/","url":"https:\/\/filmvilnius.com\/wp-content\/uploads\/2022\/12\/VKB-Logo-2022-EN-2-V.jpg","contentUrl":"https:\/\/filmvilnius.com\/wp-content\/uploads\/2022\/12\/VKB-Logo-2022-EN-2-V.jpg","width":1419,"height":1418,"caption":"Vilniaus kino biuras"},"image":{"@id":"https:\/\/filmvilnius.com\/#\/schema\/logo\/image\/"},"sameAs":["https:\/\/www.facebook.com\/filmvilnius","https:\/\/x.com\/FilmVilnius","https:\/\/www.instagram.com\/filmvilnius\/"]},{"@type":"Person","@id":"https:\/\/filmvilnius.com\/#\/schema\/person\/8b5cdb3983bdc74eeb47d664a07e8a7c","name":"Vilniaus kino biuras","image":{"@type":"ImageObject","inLanguage":"lt-LT","@id":"https:\/\/secure.gravatar.com\/avatar\/644725169c69ad57061a7da5874c1d84a0c902f0dc424faee665d0c37cb52e24?s=96&d=mm&r=g","url":"https:\/\/secure.gravatar.com\/avatar\/644725169c69ad57061a7da5874c1d84a0c902f0dc424faee665d0c37cb52e24?s=96&d=mm&r=g","contentUrl":"https:\/\/secure.gravatar.com\/avatar\/644725169c69ad57061a7da5874c1d84a0c902f0dc424faee665d0c37cb52e24?s=96&d=mm&r=g","caption":"Vilniaus kino biuras"},"url":"https:\/\/filmvilnius.com\/lt\/author\/4b35ef9e4d264bd9\/"}]}},"_links":{"self":[{"href":"https:\/\/filmvilnius.com\/lt\/wp-json\/wp\/v2\/posts\/29497","targetHints":{"allow":["GET"]}}],"collection":[{"href":"https:\/\/filmvilnius.com\/lt\/wp-json\/wp\/v2\/posts"}],"about":[{"href":"https:\/\/filmvilnius.com\/lt\/wp-json\/wp\/v2\/types\/post"}],"author":[{"embeddable":true,"href":"https:\/\/filmvilnius.com\/lt\/wp-json\/wp\/v2\/users\/3"}],"replies":[{"embeddable":true,"href":"https:\/\/filmvilnius.com\/lt\/wp-json\/wp\/v2\/comments?post=29497"}],"version-history":[{"count":1,"href":"https:\/\/filmvilnius.com\/lt\/wp-json\/wp\/v2\/posts\/29497\/revisions"}],"predecessor-version":[{"id":29500,"href":"https:\/\/filmvilnius.com\/lt\/wp-json\/wp\/v2\/posts\/29497\/revisions\/29500"}],"wp:featuredmedia":[{"embeddable":true,"href":"https:\/\/filmvilnius.com\/lt\/wp-json\/wp\/v2\/media\/29498"}],"wp:attachment":[{"href":"https:\/\/filmvilnius.com\/lt\/wp-json\/wp\/v2\/media?parent=29497"}],"wp:term":[{"taxonomy":"category","embeddable":true,"href":"https:\/\/filmvilnius.com\/lt\/wp-json\/wp\/v2\/categories?post=29497"},{"taxonomy":"post_tag","embeddable":true,"href":"https:\/\/filmvilnius.com\/lt\/wp-json\/wp\/v2\/tags?post=29497"}],"curies":[{"name":"wp","href":"https:\/\/api.w.org\/{rel}","templated":true}]}}