{"id":29529,"date":"2026-03-16T15:56:05","date_gmt":"2026-03-16T13:56:05","guid":{"rendered":"https:\/\/filmvilnius.com\/?p=29529"},"modified":"2026-04-24T14:20:33","modified_gmt":"2026-04-24T12:20:33","slug":"prasidejo-paskutine-kino-pavasario-savaite","status":"publish","type":"post","link":"https:\/\/filmvilnius.com\/lt\/prasidejo-paskutine-kino-pavasario-savaite\/","title":{"rendered":"Prasid\u0117jo paskutin\u0117 \u201eKino pavasario\u201c savait\u0117: festival\u012f jau aplank\u0117 per 60 t\u016bkst. \u017ei\u016brov\u0173"},"content":{"rendered":"<p><strong>Nusidriekusios eil\u0117s prie kas\u0173, pilnos kino sal\u0117s ir vis ma\u017eiau liekan\u010di\u0173 seans\u0173 \u2013 \u017eengdami \u012f paskutin\u0119 Vilniaus miesto festivalio \u201eKino pavasaris\u201c savait\u0119 organizatoriai atskleid\u017eia, kad festival\u012f jau aplank\u0117 60 t\u016bkst. \u017ei\u016brov\u0173, o vienas da\u017eniausi\u0173 j\u0173 pasirinkim\u0173 \u2013 \u0161i\u0105nakt \u201eOskaru\u201c apdovanota norveg\u0173 re\u017eisieriaus Joachimo Triero drama \u201eSentimentali vert\u0117\u201c. <\/strong><\/p>\n<p>\u201eKino pavasario\u201c vykdomasis direktorius Konradas Kazlauskas d\u017eiaugiasi, kad \u017ei\u016brovai taip gausiai \u012f kino sales sugr\u012f\u017eo jausmo, o \u0161iemet atidarymu filmu tapusi \u201eSentimentali vert\u0117\u201c susilauk\u0117 tiek d\u0117mesio ir dar vieno svarbaus \u012fvertinimo.<\/p>\n<p>\u201eLabai smagu steb\u0117ti \u0161ios dramos s\u0117km\u0117s istorij\u0105 \u2013 tai pirmasis filmas, atsid\u016br\u0119s \u0161i\u0173 met\u0173 festivalio programoje. D\u017eiugina ir tai, kad lyg nujausdami, \u0161iemet nusprend\u0117me rodyti vis\u0105 re\u017eisieriaus J. Triero retrospektyv\u0105 \u2013 \u017ei\u016brovai gal\u0117s geriau pa\u017einti kino k\u016br\u0117j\u0105, kuriam \u0161i\u0105nakt plojo visas Holivudas. Labai linkiu nepraleisti progos pamatyti visus jo filmus \u2013 liko paskutin\u0117 festivalio savait\u0117\u201c, \u2013 pasakoja jis ir kvie\u010dia susp\u0117ti pamatyti daugiau festivalio film\u0173 \u2013 biliet\u0173 dar yra.<\/p>\n<p><strong>\u201eSentimentali vert\u0117\u201c \u2013 filmas, \u012fra\u0161ytas \u012f Norvegijos kino istorij\u0105 <\/strong><\/p>\n<p>\u0160i\u0105 nakt\u012f \u201eOskar\u0105\u201c u\u017e geriausi\u0105 tarptautin\u012f film\u0105 laim\u0117jusi J. Triero drama \u201eSentimentali vert\u0117\u201c tapo pirmuoju Norvegijos filmu, pelniusiu apdovanojim\u0105 \u0161ioje kategorijoje \u2013 iki \u0161iol joje buvo nominuoti septyni \u0161alies k\u016briniai.<\/p>\n<figure id=\"attachment_29532\" aria-describedby=\"caption-attachment-29532\" style=\"width: 800px\" class=\"wp-caption aligncenter\"><img fetchpriority=\"high\" decoding=\"async\" class=\"wp-image-29532 size-large\" src=\"https:\/\/filmvilnius.com\/wp-content\/uploads\/2026\/03\/00-MAIN-1024x554.jpg\" alt=\"\" width=\"800\" height=\"433\" srcset=\"https:\/\/filmvilnius.com\/wp-content\/uploads\/2026\/03\/00-MAIN-1024x554.jpg 1024w, https:\/\/filmvilnius.com\/wp-content\/uploads\/2026\/03\/00-MAIN-300x162.jpg 300w, https:\/\/filmvilnius.com\/wp-content\/uploads\/2026\/03\/00-MAIN-768x415.jpg 768w, https:\/\/filmvilnius.com\/wp-content\/uploads\/2026\/03\/00-MAIN-1536x830.jpg 1536w, https:\/\/filmvilnius.com\/wp-content\/uploads\/2026\/03\/00-MAIN.jpg 1920w\" sizes=\"(max-width: 800px) 100vw, 800px\" \/><figcaption id=\"caption-attachment-29532\" class=\"wp-caption-text\">Drama \u201eSentimentali vert\u0117\u201c | Organizatori\u0173 nuotr.<\/figcaption><\/figure>\n<p>Atsiimdamas apdovanojim\u0105, J. Trieras teig\u0117 jaut\u0117si es\u0105s \u012fpareigotas tapti tarptautin\u0117s kino bendruomen\u0117s balsu. Jis pabr\u0117\u017e\u0117, kad \u0161i\u0173 met\u0173 nominantai yra svarb\u016bs ir gra\u017e\u016bs k\u016briniai, atspindintys tiek \u0161iandienos, tiek praeities krizes. \u201eNoriu u\u017ebaigti perfrazuodamas nuostab\u0173 amerikie\u010di\u0173 ra\u0161ytoj\u0105 James\u0105 Baldwin\u0105, kuris mums primena, kad visi suaugusieji yra atsakingi u\u017e visus vaikus. Tad nebalsuokime u\u017e politikus, kurie \u012f tai ne\u017ei\u016bri rimtai ir \u012f tai neatsi\u017evelgia\u201c, \u2013 sak\u0117 jis.<\/p>\n<p>\u201eKino pavasario\u201c programos ir pirkim\u0173 vadov\u0117 Dovil\u0117 Grigali\u016bnait\u0117 sako, kad \u201eSentimentalios vert\u0117s\u201c s\u0117km\u0117, ko gero, slypi tame, kad jo temos yra artimos kiekvienam i\u0161 m\u016bs\u0173 \u2013 re\u017eisierius jautriai narplioja \u0161eimos santykius, atmint\u012f ir karjeros klystkelius. \u201eJis atveria \u017eaizd\u0105 ir kartu j\u0105 gydo \u2013 vienu metu ir graudina, ir suteikia vilties geriau suprasti vieniems kitus,\u201c \u2013 pasakoja ji.<\/p>\n<p>Filme pagrindinius vaidmenis suk\u016br\u0117 \u0161ved\u0173 kino \u017evaig\u017ed\u0117 Stellanas Skarsg\u00e5rdas, i\u0161 film\u0173 \u201eBlogiausias \u017emogus pasaulyje\u201c ir \u201eArmandas\u201c gerai pa\u017e\u012fstama norveg\u0173 aktor\u0117 Renate Reinsve ir amerikie\u010di\u0173 aktor\u0117 Elle Fanning.<\/p>\n<p>\u201eSentimentali vert\u0117\u201c triumfavo kategorijoje, kurioje taip pat var\u017e\u0117si Jafaro Panahi \u201eTiesiog atsitikimas\u201c bei Kaouther Ben Hanios \u201eHind Rad\u017eab balsas\u201c \u2013 \u0161iuos filmus taip pat galima pamatyti \u201eKino pavasario\u201c metu.<\/p>\n<p>Visus \u201eKino pavasaryje\u201c rodomus filmus galima rasti <a href=\"https:\/\/kinopavasaris.lt\/repertuaras\/\">\u010dia<\/a>. Vilniaus miesto festivalis \u201eKino pavasaris\u201c vyksta iki kovo 22 d., festival\u012f palaiko pagrindinis partneris \u201eGo3\u201c, didieji partneriai ERGO ir \u201eSimbiocity\u201c, i\u0161 dalies finansuoja Lietuvos kino centras, Vilniaus, Klaip\u0117dos, Kauno ir \u0160iauli\u0173 miest\u0173 savivaldyb\u0117s.<\/p>\n<p><em>\u201eKino pavasario\u201c festivalio nuotraukos autorius Audrius Solominas<\/em><\/p>\n","protected":false},"excerpt":{"rendered":"<p>Nusidriekusios eil\u0117s prie kas\u0173, pilnos kino sal\u0117s ir vis ma\u017eiau liekan\u010di\u0173 seans\u0173 \u2013 \u017eengdami \u012f paskutin\u0119 Vilniaus miesto festivalio \u201eKino pavasaris\u201c savait\u0119 organizatoriai atskleid\u017eia, kad festival\u012f jau aplank\u0117 60 t\u016bkst. \u017ei\u016brov\u0173, o vienas da\u017eniausi\u0173 j\u0173 pasirinkim\u0173 \u2013 \u0161i\u0105nakt \u201eOskaru\u201c apdovanota norveg\u0173 re\u017eisieriaus Joachimo Triero drama \u201eSentimentali vert\u0117\u201c. \u201eKino pavasario\u201c vykdomasis direktorius Konradas Kazlauskas d\u017eiaugiasi, kad [&hellip;]<\/p>\n","protected":false},"author":6,"featured_media":29530,"comment_status":"closed","ping_status":"open","sticky":false,"template":"","format":"standard","meta":{"_acf_changed":false,"_monsterinsights_skip_tracking":false,"_monsterinsights_sitenote_active":false,"_monsterinsights_sitenote_note":"","_monsterinsights_sitenote_category":0,"footnotes":""},"categories":[193,58],"tags":[],"class_list":["post-29529","post","type-post","status-publish","format-standard","has-post-thumbnail","hentry","category-kino-industrijos-naujienos","category-news"],"acf":[],"yoast_head":"<!-- This site is optimized with the Yoast SEO plugin v27.4 - https:\/\/yoast.com\/product\/yoast-seo-wordpress\/ -->\n<title>Prasid\u0117jo paskutin\u0117 \u201eKino pavasario\u201c savait\u0117: festival\u012f jau aplank\u0117 per 60 t\u016bkst. \u017ei\u016brov\u0173 - Vilnius film office<\/title>\n<meta name=\"description\" content=\"Vilniaus miesto festivalio \u201eKino pavasaris\u201c organizatoriai atskleid\u017eia, kad festival\u012f jau aplank\u0117 60 t\u016bkst. \u017ei\u016brov\u0173.\" \/>\n<meta name=\"robots\" content=\"index, follow, max-snippet:-1, max-image-preview:large, max-video-preview:-1\" \/>\n<link rel=\"canonical\" href=\"https:\/\/filmvilnius.com\/lt\/prasidejo-paskutine-kino-pavasario-savaite\/\" \/>\n<meta property=\"og:locale\" content=\"lt_LT\" \/>\n<meta property=\"og:type\" content=\"article\" \/>\n<meta property=\"og:title\" content=\"Prasid\u0117jo paskutin\u0117 \u201eKino pavasario\u201c savait\u0117: festival\u012f jau aplank\u0117 per 60 t\u016bkst. \u017ei\u016brov\u0173 - Vilnius film office\" \/>\n<meta property=\"og:description\" content=\"Vilniaus miesto festivalio \u201eKino pavasaris\u201c organizatoriai atskleid\u017eia, kad festival\u012f jau aplank\u0117 60 t\u016bkst. \u017ei\u016brov\u0173.\" \/>\n<meta property=\"og:url\" content=\"https:\/\/filmvilnius.com\/lt\/prasidejo-paskutine-kino-pavasario-savaite\/\" \/>\n<meta property=\"og:site_name\" content=\"Vilnius film office\" \/>\n<meta property=\"article:publisher\" content=\"https:\/\/www.facebook.com\/filmvilnius\" \/>\n<meta property=\"article:published_time\" content=\"2026-03-16T13:56:05+00:00\" \/>\n<meta property=\"article:modified_time\" content=\"2026-04-24T12:20:33+00:00\" \/>\n<meta property=\"og:image\" content=\"https:\/\/filmvilnius.com\/wp-content\/uploads\/2026\/03\/Kino-pavasaris_Audrius-Solominas.jpg\" \/>\n\t<meta property=\"og:image:width\" content=\"1920\" \/>\n\t<meta property=\"og:image:height\" content=\"1281\" \/>\n\t<meta property=\"og:image:type\" content=\"image\/jpeg\" \/>\n<meta name=\"author\" content=\"Vilnius Film Office\" \/>\n<meta name=\"twitter:card\" content=\"summary_large_image\" \/>\n<meta name=\"twitter:creator\" content=\"@FilmVilnius\" \/>\n<meta name=\"twitter:site\" content=\"@FilmVilnius\" \/>\n<meta name=\"twitter:label1\" content=\"Written by\" \/>\n\t<meta name=\"twitter:data1\" content=\"Vilnius Film Office\" \/>\n\t<meta name=\"twitter:label2\" content=\"Est. reading time\" \/>\n\t<meta name=\"twitter:data2\" content=\"3 minut\u0117s\" \/>\n<script type=\"application\/ld+json\" class=\"yoast-schema-graph\">{\"@context\":\"https:\\\/\\\/schema.org\",\"@graph\":[{\"@type\":\"Article\",\"@id\":\"https:\\\/\\\/filmvilnius.com\\\/lt\\\/prasidejo-paskutine-kino-pavasario-savaite\\\/#article\",\"isPartOf\":{\"@id\":\"https:\\\/\\\/filmvilnius.com\\\/lt\\\/prasidejo-paskutine-kino-pavasario-savaite\\\/\"},\"author\":{\"name\":\"Vilnius Film Office\",\"@id\":\"https:\\\/\\\/filmvilnius.com\\\/#\\\/schema\\\/person\\\/8572c7f289890809bfa364d48f8dded5\"},\"headline\":\"Prasid\u0117jo paskutin\u0117 \u201eKino pavasario\u201c savait\u0117: festival\u012f jau aplank\u0117 per 60 t\u016bkst. \u017ei\u016brov\u0173\",\"datePublished\":\"2026-03-16T13:56:05+00:00\",\"dateModified\":\"2026-04-24T12:20:33+00:00\",\"mainEntityOfPage\":{\"@id\":\"https:\\\/\\\/filmvilnius.com\\\/lt\\\/prasidejo-paskutine-kino-pavasario-savaite\\\/\"},\"wordCount\":477,\"publisher\":{\"@id\":\"https:\\\/\\\/filmvilnius.com\\\/#organization\"},\"image\":{\"@id\":\"https:\\\/\\\/filmvilnius.com\\\/lt\\\/prasidejo-paskutine-kino-pavasario-savaite\\\/#primaryimage\"},\"thumbnailUrl\":\"https:\\\/\\\/filmvilnius.com\\\/wp-content\\\/uploads\\\/2026\\\/03\\\/Kino-pavasaris_Audrius-Solominas.jpg\",\"articleSection\":[\"Kino industrijos naujienos\",\"Naujienos\"],\"inLanguage\":\"lt-LT\"},{\"@type\":\"WebPage\",\"@id\":\"https:\\\/\\\/filmvilnius.com\\\/lt\\\/prasidejo-paskutine-kino-pavasario-savaite\\\/\",\"url\":\"https:\\\/\\\/filmvilnius.com\\\/lt\\\/prasidejo-paskutine-kino-pavasario-savaite\\\/\",\"name\":\"Prasid\u0117jo paskutin\u0117 \u201eKino pavasario\u201c savait\u0117: festival\u012f jau aplank\u0117 per 60 t\u016bkst. \u017ei\u016brov\u0173 - Vilnius film office\",\"isPartOf\":{\"@id\":\"https:\\\/\\\/filmvilnius.com\\\/#website\"},\"primaryImageOfPage\":{\"@id\":\"https:\\\/\\\/filmvilnius.com\\\/lt\\\/prasidejo-paskutine-kino-pavasario-savaite\\\/#primaryimage\"},\"image\":{\"@id\":\"https:\\\/\\\/filmvilnius.com\\\/lt\\\/prasidejo-paskutine-kino-pavasario-savaite\\\/#primaryimage\"},\"thumbnailUrl\":\"https:\\\/\\\/filmvilnius.com\\\/wp-content\\\/uploads\\\/2026\\\/03\\\/Kino-pavasaris_Audrius-Solominas.jpg\",\"datePublished\":\"2026-03-16T13:56:05+00:00\",\"dateModified\":\"2026-04-24T12:20:33+00:00\",\"description\":\"Vilniaus miesto festivalio \u201eKino pavasaris\u201c organizatoriai atskleid\u017eia, kad festival\u012f jau aplank\u0117 60 t\u016bkst. \u017ei\u016brov\u0173.\",\"breadcrumb\":{\"@id\":\"https:\\\/\\\/filmvilnius.com\\\/lt\\\/prasidejo-paskutine-kino-pavasario-savaite\\\/#breadcrumb\"},\"inLanguage\":\"lt-LT\",\"potentialAction\":[{\"@type\":\"ReadAction\",\"target\":[\"https:\\\/\\\/filmvilnius.com\\\/lt\\\/prasidejo-paskutine-kino-pavasario-savaite\\\/\"]}]},{\"@type\":\"ImageObject\",\"inLanguage\":\"lt-LT\",\"@id\":\"https:\\\/\\\/filmvilnius.com\\\/lt\\\/prasidejo-paskutine-kino-pavasario-savaite\\\/#primaryimage\",\"url\":\"https:\\\/\\\/filmvilnius.com\\\/wp-content\\\/uploads\\\/2026\\\/03\\\/Kino-pavasaris_Audrius-Solominas.jpg\",\"contentUrl\":\"https:\\\/\\\/filmvilnius.com\\\/wp-content\\\/uploads\\\/2026\\\/03\\\/Kino-pavasaris_Audrius-Solominas.jpg\",\"width\":1920,\"height\":1281},{\"@type\":\"BreadcrumbList\",\"@id\":\"https:\\\/\\\/filmvilnius.com\\\/lt\\\/prasidejo-paskutine-kino-pavasario-savaite\\\/#breadcrumb\",\"itemListElement\":[{\"@type\":\"ListItem\",\"position\":1,\"name\":\"Home\",\"item\":\"https:\\\/\\\/filmvilnius.com\\\/lt\\\/\"},{\"@type\":\"ListItem\",\"position\":2,\"name\":\"Prasid\u0117jo paskutin\u0117 \u201eKino pavasario\u201c savait\u0117: festival\u012f jau aplank\u0117 per 60 t\u016bkst. \u017ei\u016brov\u0173\"}]},{\"@type\":\"WebSite\",\"@id\":\"https:\\\/\\\/filmvilnius.com\\\/#website\",\"url\":\"https:\\\/\\\/filmvilnius.com\\\/\",\"name\":\"Vilnius film office\",\"description\":\"\",\"publisher\":{\"@id\":\"https:\\\/\\\/filmvilnius.com\\\/#organization\"},\"potentialAction\":[{\"@type\":\"SearchAction\",\"target\":{\"@type\":\"EntryPoint\",\"urlTemplate\":\"https:\\\/\\\/filmvilnius.com\\\/?s={search_term_string}\"},\"query-input\":{\"@type\":\"PropertyValueSpecification\",\"valueRequired\":true,\"valueName\":\"search_term_string\"}}],\"inLanguage\":\"lt-LT\"},{\"@type\":\"Organization\",\"@id\":\"https:\\\/\\\/filmvilnius.com\\\/#organization\",\"name\":\"Vilniaus kino biuras\",\"url\":\"https:\\\/\\\/filmvilnius.com\\\/\",\"logo\":{\"@type\":\"ImageObject\",\"inLanguage\":\"lt-LT\",\"@id\":\"https:\\\/\\\/filmvilnius.com\\\/#\\\/schema\\\/logo\\\/image\\\/\",\"url\":\"https:\\\/\\\/filmvilnius.com\\\/wp-content\\\/uploads\\\/2022\\\/12\\\/VKB-Logo-2022-EN-2-V.jpg\",\"contentUrl\":\"https:\\\/\\\/filmvilnius.com\\\/wp-content\\\/uploads\\\/2022\\\/12\\\/VKB-Logo-2022-EN-2-V.jpg\",\"width\":1419,\"height\":1418,\"caption\":\"Vilniaus kino biuras\"},\"image\":{\"@id\":\"https:\\\/\\\/filmvilnius.com\\\/#\\\/schema\\\/logo\\\/image\\\/\"},\"sameAs\":[\"https:\\\/\\\/www.facebook.com\\\/filmvilnius\",\"https:\\\/\\\/x.com\\\/FilmVilnius\",\"https:\\\/\\\/www.instagram.com\\\/filmvilnius\\\/\"]},{\"@type\":\"Person\",\"@id\":\"https:\\\/\\\/filmvilnius.com\\\/#\\\/schema\\\/person\\\/8572c7f289890809bfa364d48f8dded5\",\"name\":\"Vilnius Film Office\",\"image\":{\"@type\":\"ImageObject\",\"inLanguage\":\"lt-LT\",\"@id\":\"https:\\\/\\\/secure.gravatar.com\\\/avatar\\\/2f93c625b891dbd84735ed1bd75819d698625d4c37369c60acab5f321b22fbb2?s=96&d=mm&r=g\",\"url\":\"https:\\\/\\\/secure.gravatar.com\\\/avatar\\\/2f93c625b891dbd84735ed1bd75819d698625d4c37369c60acab5f321b22fbb2?s=96&d=mm&r=g\",\"contentUrl\":\"https:\\\/\\\/secure.gravatar.com\\\/avatar\\\/2f93c625b891dbd84735ed1bd75819d698625d4c37369c60acab5f321b22fbb2?s=96&d=mm&r=g\",\"caption\":\"Vilnius Film Office\"},\"url\":\"https:\\\/\\\/filmvilnius.com\\\/lt\\\/author\\\/ce5c1052f3e77e32\\\/\"}]}<\/script>\n<!-- \/ Yoast SEO plugin. -->","yoast_head_json":{"title":"Prasid\u0117jo paskutin\u0117 \u201eKino pavasario\u201c savait\u0117: festival\u012f jau aplank\u0117 per 60 t\u016bkst. \u017ei\u016brov\u0173 - Vilnius film office","description":"Vilniaus miesto festivalio \u201eKino pavasaris\u201c organizatoriai atskleid\u017eia, kad festival\u012f jau aplank\u0117 60 t\u016bkst. \u017ei\u016brov\u0173.","robots":{"index":"index","follow":"follow","max-snippet":"max-snippet:-1","max-image-preview":"max-image-preview:large","max-video-preview":"max-video-preview:-1"},"canonical":"https:\/\/filmvilnius.com\/lt\/prasidejo-paskutine-kino-pavasario-savaite\/","og_locale":"lt_LT","og_type":"article","og_title":"Prasid\u0117jo paskutin\u0117 \u201eKino pavasario\u201c savait\u0117: festival\u012f jau aplank\u0117 per 60 t\u016bkst. \u017ei\u016brov\u0173 - Vilnius film office","og_description":"Vilniaus miesto festivalio \u201eKino pavasaris\u201c organizatoriai atskleid\u017eia, kad festival\u012f jau aplank\u0117 60 t\u016bkst. \u017ei\u016brov\u0173.","og_url":"https:\/\/filmvilnius.com\/lt\/prasidejo-paskutine-kino-pavasario-savaite\/","og_site_name":"Vilnius film office","article_publisher":"https:\/\/www.facebook.com\/filmvilnius","article_published_time":"2026-03-16T13:56:05+00:00","article_modified_time":"2026-04-24T12:20:33+00:00","og_image":[{"width":1920,"height":1281,"url":"https:\/\/filmvilnius.com\/wp-content\/uploads\/2026\/03\/Kino-pavasaris_Audrius-Solominas.jpg","type":"image\/jpeg"}],"author":"Vilnius Film Office","twitter_card":"summary_large_image","twitter_creator":"@FilmVilnius","twitter_site":"@FilmVilnius","twitter_misc":{"Written by":"Vilnius Film Office","Est. reading time":"3 minut\u0117s"},"schema":{"@context":"https:\/\/schema.org","@graph":[{"@type":"Article","@id":"https:\/\/filmvilnius.com\/lt\/prasidejo-paskutine-kino-pavasario-savaite\/#article","isPartOf":{"@id":"https:\/\/filmvilnius.com\/lt\/prasidejo-paskutine-kino-pavasario-savaite\/"},"author":{"name":"Vilnius Film Office","@id":"https:\/\/filmvilnius.com\/#\/schema\/person\/8572c7f289890809bfa364d48f8dded5"},"headline":"Prasid\u0117jo paskutin\u0117 \u201eKino pavasario\u201c savait\u0117: festival\u012f jau aplank\u0117 per 60 t\u016bkst. \u017ei\u016brov\u0173","datePublished":"2026-03-16T13:56:05+00:00","dateModified":"2026-04-24T12:20:33+00:00","mainEntityOfPage":{"@id":"https:\/\/filmvilnius.com\/lt\/prasidejo-paskutine-kino-pavasario-savaite\/"},"wordCount":477,"publisher":{"@id":"https:\/\/filmvilnius.com\/#organization"},"image":{"@id":"https:\/\/filmvilnius.com\/lt\/prasidejo-paskutine-kino-pavasario-savaite\/#primaryimage"},"thumbnailUrl":"https:\/\/filmvilnius.com\/wp-content\/uploads\/2026\/03\/Kino-pavasaris_Audrius-Solominas.jpg","articleSection":["Kino industrijos naujienos","Naujienos"],"inLanguage":"lt-LT"},{"@type":"WebPage","@id":"https:\/\/filmvilnius.com\/lt\/prasidejo-paskutine-kino-pavasario-savaite\/","url":"https:\/\/filmvilnius.com\/lt\/prasidejo-paskutine-kino-pavasario-savaite\/","name":"Prasid\u0117jo paskutin\u0117 \u201eKino pavasario\u201c savait\u0117: festival\u012f jau aplank\u0117 per 60 t\u016bkst. \u017ei\u016brov\u0173 - Vilnius film office","isPartOf":{"@id":"https:\/\/filmvilnius.com\/#website"},"primaryImageOfPage":{"@id":"https:\/\/filmvilnius.com\/lt\/prasidejo-paskutine-kino-pavasario-savaite\/#primaryimage"},"image":{"@id":"https:\/\/filmvilnius.com\/lt\/prasidejo-paskutine-kino-pavasario-savaite\/#primaryimage"},"thumbnailUrl":"https:\/\/filmvilnius.com\/wp-content\/uploads\/2026\/03\/Kino-pavasaris_Audrius-Solominas.jpg","datePublished":"2026-03-16T13:56:05+00:00","dateModified":"2026-04-24T12:20:33+00:00","description":"Vilniaus miesto festivalio \u201eKino pavasaris\u201c organizatoriai atskleid\u017eia, kad festival\u012f jau aplank\u0117 60 t\u016bkst. \u017ei\u016brov\u0173.","breadcrumb":{"@id":"https:\/\/filmvilnius.com\/lt\/prasidejo-paskutine-kino-pavasario-savaite\/#breadcrumb"},"inLanguage":"lt-LT","potentialAction":[{"@type":"ReadAction","target":["https:\/\/filmvilnius.com\/lt\/prasidejo-paskutine-kino-pavasario-savaite\/"]}]},{"@type":"ImageObject","inLanguage":"lt-LT","@id":"https:\/\/filmvilnius.com\/lt\/prasidejo-paskutine-kino-pavasario-savaite\/#primaryimage","url":"https:\/\/filmvilnius.com\/wp-content\/uploads\/2026\/03\/Kino-pavasaris_Audrius-Solominas.jpg","contentUrl":"https:\/\/filmvilnius.com\/wp-content\/uploads\/2026\/03\/Kino-pavasaris_Audrius-Solominas.jpg","width":1920,"height":1281},{"@type":"BreadcrumbList","@id":"https:\/\/filmvilnius.com\/lt\/prasidejo-paskutine-kino-pavasario-savaite\/#breadcrumb","itemListElement":[{"@type":"ListItem","position":1,"name":"Home","item":"https:\/\/filmvilnius.com\/lt\/"},{"@type":"ListItem","position":2,"name":"Prasid\u0117jo paskutin\u0117 \u201eKino pavasario\u201c savait\u0117: festival\u012f jau aplank\u0117 per 60 t\u016bkst. \u017ei\u016brov\u0173"}]},{"@type":"WebSite","@id":"https:\/\/filmvilnius.com\/#website","url":"https:\/\/filmvilnius.com\/","name":"Vilnius film office","description":"","publisher":{"@id":"https:\/\/filmvilnius.com\/#organization"},"potentialAction":[{"@type":"SearchAction","target":{"@type":"EntryPoint","urlTemplate":"https:\/\/filmvilnius.com\/?s={search_term_string}"},"query-input":{"@type":"PropertyValueSpecification","valueRequired":true,"valueName":"search_term_string"}}],"inLanguage":"lt-LT"},{"@type":"Organization","@id":"https:\/\/filmvilnius.com\/#organization","name":"Vilniaus kino biuras","url":"https:\/\/filmvilnius.com\/","logo":{"@type":"ImageObject","inLanguage":"lt-LT","@id":"https:\/\/filmvilnius.com\/#\/schema\/logo\/image\/","url":"https:\/\/filmvilnius.com\/wp-content\/uploads\/2022\/12\/VKB-Logo-2022-EN-2-V.jpg","contentUrl":"https:\/\/filmvilnius.com\/wp-content\/uploads\/2022\/12\/VKB-Logo-2022-EN-2-V.jpg","width":1419,"height":1418,"caption":"Vilniaus kino biuras"},"image":{"@id":"https:\/\/filmvilnius.com\/#\/schema\/logo\/image\/"},"sameAs":["https:\/\/www.facebook.com\/filmvilnius","https:\/\/x.com\/FilmVilnius","https:\/\/www.instagram.com\/filmvilnius\/"]},{"@type":"Person","@id":"https:\/\/filmvilnius.com\/#\/schema\/person\/8572c7f289890809bfa364d48f8dded5","name":"Vilnius Film Office","image":{"@type":"ImageObject","inLanguage":"lt-LT","@id":"https:\/\/secure.gravatar.com\/avatar\/2f93c625b891dbd84735ed1bd75819d698625d4c37369c60acab5f321b22fbb2?s=96&d=mm&r=g","url":"https:\/\/secure.gravatar.com\/avatar\/2f93c625b891dbd84735ed1bd75819d698625d4c37369c60acab5f321b22fbb2?s=96&d=mm&r=g","contentUrl":"https:\/\/secure.gravatar.com\/avatar\/2f93c625b891dbd84735ed1bd75819d698625d4c37369c60acab5f321b22fbb2?s=96&d=mm&r=g","caption":"Vilnius Film Office"},"url":"https:\/\/filmvilnius.com\/lt\/author\/ce5c1052f3e77e32\/"}]}},"_links":{"self":[{"href":"https:\/\/filmvilnius.com\/lt\/wp-json\/wp\/v2\/posts\/29529","targetHints":{"allow":["GET"]}}],"collection":[{"href":"https:\/\/filmvilnius.com\/lt\/wp-json\/wp\/v2\/posts"}],"about":[{"href":"https:\/\/filmvilnius.com\/lt\/wp-json\/wp\/v2\/types\/post"}],"author":[{"embeddable":true,"href":"https:\/\/filmvilnius.com\/lt\/wp-json\/wp\/v2\/users\/6"}],"replies":[{"embeddable":true,"href":"https:\/\/filmvilnius.com\/lt\/wp-json\/wp\/v2\/comments?post=29529"}],"version-history":[{"count":1,"href":"https:\/\/filmvilnius.com\/lt\/wp-json\/wp\/v2\/posts\/29529\/revisions"}],"predecessor-version":[{"id":29534,"href":"https:\/\/filmvilnius.com\/lt\/wp-json\/wp\/v2\/posts\/29529\/revisions\/29534"}],"wp:featuredmedia":[{"embeddable":true,"href":"https:\/\/filmvilnius.com\/lt\/wp-json\/wp\/v2\/media\/29530"}],"wp:attachment":[{"href":"https:\/\/filmvilnius.com\/lt\/wp-json\/wp\/v2\/media?parent=29529"}],"wp:term":[{"taxonomy":"category","embeddable":true,"href":"https:\/\/filmvilnius.com\/lt\/wp-json\/wp\/v2\/categories?post=29529"},{"taxonomy":"post_tag","embeddable":true,"href":"https:\/\/filmvilnius.com\/lt\/wp-json\/wp\/v2\/tags?post=29529"}],"curies":[{"name":"wp","href":"https:\/\/api.w.org\/{rel}","templated":true}]}}