{"id":29904,"date":"2026-04-27T10:16:04","date_gmt":"2026-04-27T08:16:04","guid":{"rendered":"https:\/\/filmvilnius.com\/?p=29904"},"modified":"2026-04-27T10:22:22","modified_gmt":"2026-04-27T08:22:22","slug":"filmai-pakeite-lietuvos-kino-istorija-pries-parskrendant-i-zeme","status":"publish","type":"post","link":"https:\/\/filmvilnius.com\/lt\/filmai-pakeite-lietuvos-kino-istorija-pries-parskrendant-i-zeme\/","title":{"rendered":"Filmai, pakeit\u0119 Lietuvos kino istorij\u0105: Ar\u016bno Matelio \u201ePrie\u0161 parskrendant \u012f \u017dem\u0119\u201c"},"content":{"rendered":"<p><span data-contrast=\"auto\">Vilniaus kino biuras pristato reporta\u017e\u0173 cikl\u0105 \u201eFilmai, pakeit\u0119 Lietuvos kino istorij\u0105\u201c. Per pokalbius su re\u017eisieriais, aktoriais ir am\u017eininkais atsiskleid\u017eia ne tik praeities \u012fvykiai, bet ir vidin\u0117 industrijos branda \u2013 kiek pasist\u016bm\u0117jome per 35 nepriklausomyb\u0117s metus, kokie filmai tapo l\u016b\u017eiu, o kokie \u2013 tiltu \u012f pasaul\u012f. Svarbiausi apdovanojimai, pirmieji tarptautiniai projektai Lietuvoje, dr\u0105sios temos, istorijos vingiai ir ry\u017etas prabilti kitokia kino kalba \u2013 tai pasakojimas apie kin\u0105, kuris augo kartu su Lietuva.<\/span><span data-ccp-props=\"{}\">\u00a0<\/span><\/p>\n<p><span data-contrast=\"auto\">2005 m. re\u017eisieriaus Ar\u016bno\u00a0Matelio\u00a0dokumentinis filmas \u201ePrie\u0161 parskrendant \u012f \u017dem\u0119\u201c tapo vienu jautriausi\u0173 ir svarbiausi\u0173 Lietuvos dokumentikos k\u016brini\u0173. Filmas gim\u0117 i\u0161 asmenin\u0117s patirties \u2013 re\u017eisieriaus dukros ligos \u2013 ta\u010diau per\u017eeng\u0117 individualios istorijos ribas ir tapo universaliu pasakojimu apie gyvenim\u0105, trapum\u0105 ir vilt\u012f.<\/span><span data-ccp-props=\"{}\">\u00a0<\/span><\/p>\n<p><span data-contrast=\"auto\">Apie filmo k\u016brimo proces\u0105, jo prad\u017ei\u0105 ir sud\u0117tingus pasirinkimus pasakoja pats\u00a0filmo\u00a0re\u017eisierius\u00a0ir prodiuseris\u00a0Ar\u016bnas\u00a0Matelis\u00a0bei\u00a0\u0161io filmo\u00a0re\u017eisieriaus\u00a0asistent\u0117\u00a0Giedr\u0117\u00a0Beinori\u016bt\u0117.\u00a0Pasak j\u0173, prad\u017eioje svarbiausia buvo ne filmavimas, o buvimas \u2013 laiko leidimas su vaikais ir j\u0173 \u0161eimomis, bandymas tapti aplinkos dalimi. Tik u\u017esimezgus tikram pasitik\u0117jimui atsirado galimyb\u0117 kurti film\u0105.<\/span><span data-ccp-props=\"{}\">\u00a0<\/span><\/p>\n<p><iframe title=\"Filmai, pakeit\u0119 Lietuvos kino istorij\u0105: Prie\u0161 parskrendant \u012f \u017dem\u0119\" width=\"800\" height=\"450\" src=\"https:\/\/www.youtube.com\/embed\/_dpZ1qXgRa4?feature=oembed\" frameborder=\"0\" allow=\"accelerometer; autoplay; clipboard-write; encrypted-media; gyroscope; picture-in-picture; web-share\" referrerpolicy=\"strict-origin-when-cross-origin\" allowfullscreen><\/iframe><\/p>\n<p><span data-contrast=\"auto\">\u201eJeigu mes neatrasim ten vietos, mes nedarysim filmo\u201c, \u2013 prisimena A.\u00a0Matelis. L\u016b\u017eis \u012fvyko tuomet, kai filmavimo komanda buvo priimta ne kaip steb\u0117tojai, o kaip reikalingi \u017emon\u0117s \u2013 tie, kuriais galima pasitik\u0117ti kasdienyb\u0117je.<\/span><span data-ccp-props=\"{}\">\u00a0<\/span><\/p>\n<p><span data-contrast=\"auto\">Filmo k\u016brimo metu ypatingas d\u0117mesys skirtas etikai. K\u016br\u0117jai s\u0105moningai br\u0117\u017e\u0117 rib\u0105 tarp to, k\u0105 galima rodyti, ir to, kas turi likti u\u017e kadro.\u00a0Kaip pasakoja G.\u00a0Beinori\u016bt\u0117, kartais svarbiausias sprendimas b\u016bdavo ne filmuoti, o nusukti kamer\u0105. Tokie pasirinkimai tapo esmine filmo kalbos dalimi.<\/span><span data-ccp-props=\"{}\">\u00a0<\/span><\/p>\n<p><span data-contrast=\"auto\">Nors filmas kalba apie sunkias patirtis, jo centre \u2013 ne liga, o gyvyb\u0117. Kamera fiksuoja kasdienes akimirkas: vaik\u0173 pokalbius, \u017eaidimus, tylos pauzes, kurios \u012fgauna ypating\u0105 reik\u0161m\u0119. Pasak A.\u00a0Matelio, dokumentikoje svarbiausia i\u0161likti atviram gyvenimui \u2013 leisti jam diktuoti istorij\u0105, net jei ji nutolsta nuo pirminio sumanymo.<\/span><span data-ccp-props=\"{}\">\u00a0<\/span><\/p>\n<p><span data-contrast=\"auto\">Filmas taip pat tur\u0117jo ap\u010diuopiam\u0105 poveik\u012f visuomenei. Iki tol vaik\u0173 onkologin\u0117s ligos da\u017enai buvo lydimos baim\u0117s ir stigmos, ta\u010diau \u201ePrie\u0161 parskrendant \u012f \u017dem\u0119\u201c pad\u0117jo keisti po\u017ei\u016br\u012f, skatino empatij\u0105 ir supratim\u0105. Re\u017eisierius pabr\u0117\u017eia, kad did\u017eiausias filmo pasiekimas \u2013 ne apdovanojimai, o real\u016bs poky\u010diai \u017emoni\u0173 m\u0105styme ir jautrumas kitam.<\/span><span data-ccp-props=\"{}\">\u00a0<\/span><\/p>\n<figure id=\"attachment_29907\" aria-describedby=\"caption-attachment-29907\" style=\"width: 768px\" class=\"wp-caption alignnone\"><img fetchpriority=\"high\" decoding=\"async\" class=\"wp-image-29907 size-large\" src=\"https:\/\/filmvilnius.com\/wp-content\/uploads\/2026\/04\/Kosto-Kajeno-nuotrauka-768x1024.jpg\" alt=\"\" width=\"768\" height=\"1024\" srcset=\"https:\/\/filmvilnius.com\/wp-content\/uploads\/2026\/04\/Kosto-Kajeno-nuotrauka-768x1024.jpg 768w, https:\/\/filmvilnius.com\/wp-content\/uploads\/2026\/04\/Kosto-Kajeno-nuotrauka-225x300.jpg 225w, https:\/\/filmvilnius.com\/wp-content\/uploads\/2026\/04\/Kosto-Kajeno-nuotrauka-1152x1536.jpg 1152w, https:\/\/filmvilnius.com\/wp-content\/uploads\/2026\/04\/Kosto-Kajeno-nuotrauka.jpg 1440w\" sizes=\"(max-width: 768px) 100vw, 768px\" \/><figcaption id=\"caption-attachment-29907\" class=\"wp-caption-text\">Kosto Kaj\u0117no nuotrauka<\/figcaption><\/figure>\n<p><span data-contrast=\"auto\">Tai filmas apie ribines patirtis, kurios, paradoksaliai, leid\u017eia dar stipriau pajusti gyvenim\u0105. Apie buvim\u0105 \u0161alia, kai tai svarbiausia. Ir apie kin\u0105, kuris ne tik fiksuoja realyb\u0119, bet ir j\u0105 kei\u010dia.<\/span><span data-ccp-props=\"{}\">\u00a0<\/span><\/p>\n<p><span data-contrast=\"auto\">Filmas \u201ePrie\u0161 parskrendant \u012f \u017dem\u0119\u201c sulauk\u0117 plataus tarptautinio pripa\u017einimo ir buvo \u012fvertintas svarbiausiuose dokumentinio kino festivaliuose. 2005 m. Tarptautiniame Amsterdamo dokumentini\u0173 film\u0173 festivalyje (IDFA) re\u017eisieriui Ar\u016bnui\u00a0Mateliui\u00a0skirtas \u201eSidabrinio vilko\u201c apdovanojimas, tais pa\u010diais metais Leipcigo DOK festivalyje filmas peln\u0117 \u201eAuksin\u012f baland\u012f\u201c. 2006 m. jis buvo apdovanotas \u201eSpirit\u201c prizu Bruklino tarptautiniame kino festivalyje, gavo special\u0173 pamin\u0117jim\u0105 \u201eSilverdocs\u201c dokumentini\u0173 film\u0173 festivalyje bei \u201eDid\u012fj\u012f antspaud\u0105\u201c Zagrebo dokumentini\u0173 film\u0173 festivalyje. 2007 m. Ar\u016bnas\u00a0Matelis\u00a0peln\u0117 presti\u017ein\u012f Amerikos re\u017eisieri\u0173 gildijos (DGA) apdovanojim\u0105 u\u017e i\u0161skirtinius pasiekimus dokumentiniame kine, o filmas taip pat buvo nominuotas Europos kino apdovanojimuose.<\/span><span data-ccp-props=\"{}\">\u00a0<\/span><\/p>\n","protected":false},"excerpt":{"rendered":"<p>Vilniaus kino biuras pristato reporta\u017e\u0173 cikl\u0105 \u201eFilmai, pakeit\u0119 Lietuvos kino istorij\u0105\u201c. Per pokalbius su re\u017eisieriais, aktoriais ir am\u017eininkais atsiskleid\u017eia ne tik praeities \u012fvykiai, bet ir vidin\u0117 industrijos branda \u2013 kiek pasist\u016bm\u0117jome per 35 nepriklausomyb\u0117s metus, kokie filmai tapo l\u016b\u017eiu, o kokie \u2013 tiltu \u012f pasaul\u012f. Svarbiausi apdovanojimai, pirmieji tarptautiniai projektai Lietuvoje, dr\u0105sios temos, istorijos vingiai [&hellip;]<\/p>\n","protected":false},"author":6,"featured_media":29912,"comment_status":"closed","ping_status":"open","sticky":false,"template":"","format":"standard","meta":{"_acf_changed":false,"_monsterinsights_skip_tracking":false,"_monsterinsights_sitenote_active":false,"_monsterinsights_sitenote_note":"","_monsterinsights_sitenote_category":0,"footnotes":""},"categories":[191,58,100],"tags":[202,204,203],"class_list":["post-29904","post","type-post","status-publish","format-standard","has-post-thumbnail","hentry","category-filmai-pakeite-lietuvos-istorija","category-news","category-su-veidais","tag-filmai","tag-istorija","tag-matelis"],"acf":[],"yoast_head":"<!-- This site is optimized with the Yoast SEO plugin v27.4 - https:\/\/yoast.com\/product\/yoast-seo-wordpress\/ -->\n<title>Filmai, pakeit\u0119 Lietuvos kino istorij\u0105: Ar\u016bno Matelio \u201ePrie\u0161 parskrendant \u012f \u017dem\u0119\u201c - Vilnius film office<\/title>\n<meta name=\"description\" content=\"Vilniaus kino biuras pristato reporta\u017e\u0173 cikl\u0105 \u201eFilmai, pakeit\u0119 Lietuvos kino istorij\u0105\u201c. 2005 m. re\u017eisieriaus Ar\u016bno\u00a0Matelio\u00a0dokumentinis filmas \u201ePrie\u0161 parskrendant \u012f \u017dem\u0119\u201c tapo vienu jautriausi\u0173 ir svarbiausi\u0173 Lietuvos dokumentikos k\u016brini\u0173.\" \/>\n<meta name=\"robots\" content=\"index, follow, max-snippet:-1, max-image-preview:large, max-video-preview:-1\" \/>\n<link rel=\"canonical\" href=\"https:\/\/filmvilnius.com\/lt\/filmai-pakeite-lietuvos-kino-istorija-pries-parskrendant-i-zeme\/\" \/>\n<meta property=\"og:locale\" content=\"lt_LT\" \/>\n<meta property=\"og:type\" content=\"article\" \/>\n<meta property=\"og:title\" content=\"Filmai, pakeit\u0119 Lietuvos kino istorij\u0105: Ar\u016bno Matelio \u201ePrie\u0161 parskrendant \u012f \u017dem\u0119\u201c - Vilnius film office\" \/>\n<meta property=\"og:description\" content=\"Vilniaus kino biuras pristato reporta\u017e\u0173 cikl\u0105 \u201eFilmai, pakeit\u0119 Lietuvos kino istorij\u0105\u201c. 2005 m. re\u017eisieriaus Ar\u016bno\u00a0Matelio\u00a0dokumentinis filmas \u201ePrie\u0161 parskrendant \u012f \u017dem\u0119\u201c tapo vienu jautriausi\u0173 ir svarbiausi\u0173 Lietuvos dokumentikos k\u016brini\u0173.\" \/>\n<meta property=\"og:url\" content=\"https:\/\/filmvilnius.com\/lt\/filmai-pakeite-lietuvos-kino-istorija-pries-parskrendant-i-zeme\/\" \/>\n<meta property=\"og:site_name\" content=\"Vilnius film office\" \/>\n<meta property=\"article:publisher\" content=\"https:\/\/www.facebook.com\/filmvilnius\" \/>\n<meta property=\"article:published_time\" content=\"2026-04-27T08:16:04+00:00\" \/>\n<meta property=\"article:modified_time\" content=\"2026-04-27T08:22:22+00:00\" \/>\n<meta property=\"og:image\" content=\"https:\/\/filmvilnius.com\/wp-content\/uploads\/2026\/04\/Pries-parskrendant-i-zeme-2.jpg\" \/>\n\t<meta property=\"og:image:width\" content=\"1077\" \/>\n\t<meta property=\"og:image:height\" content=\"630\" \/>\n\t<meta property=\"og:image:type\" content=\"image\/jpeg\" \/>\n<meta name=\"author\" content=\"Vilnius Film Office\" \/>\n<meta name=\"twitter:card\" content=\"summary_large_image\" \/>\n<meta name=\"twitter:creator\" content=\"@FilmVilnius\" \/>\n<meta name=\"twitter:site\" content=\"@FilmVilnius\" \/>\n<meta name=\"twitter:label1\" content=\"Written by\" \/>\n\t<meta name=\"twitter:data1\" content=\"Vilnius Film Office\" \/>\n\t<meta name=\"twitter:label2\" content=\"Est. reading time\" \/>\n\t<meta name=\"twitter:data2\" content=\"3 minut\u0117s\" \/>\n<script type=\"application\/ld+json\" class=\"yoast-schema-graph\">{\"@context\":\"https:\\\/\\\/schema.org\",\"@graph\":[{\"@type\":\"Article\",\"@id\":\"https:\\\/\\\/filmvilnius.com\\\/lt\\\/filmai-pakeite-lietuvos-kino-istorija-pries-parskrendant-i-zeme\\\/#article\",\"isPartOf\":{\"@id\":\"https:\\\/\\\/filmvilnius.com\\\/lt\\\/filmai-pakeite-lietuvos-kino-istorija-pries-parskrendant-i-zeme\\\/\"},\"author\":{\"name\":\"Vilnius Film Office\",\"@id\":\"https:\\\/\\\/filmvilnius.com\\\/#\\\/schema\\\/person\\\/8572c7f289890809bfa364d48f8dded5\"},\"headline\":\"Filmai, pakeit\u0119 Lietuvos kino istorij\u0105: Ar\u016bno Matelio \u201ePrie\u0161 parskrendant \u012f \u017dem\u0119\u201c\",\"datePublished\":\"2026-04-27T08:16:04+00:00\",\"dateModified\":\"2026-04-27T08:22:22+00:00\",\"mainEntityOfPage\":{\"@id\":\"https:\\\/\\\/filmvilnius.com\\\/lt\\\/filmai-pakeite-lietuvos-kino-istorija-pries-parskrendant-i-zeme\\\/\"},\"wordCount\":533,\"publisher\":{\"@id\":\"https:\\\/\\\/filmvilnius.com\\\/#organization\"},\"image\":{\"@id\":\"https:\\\/\\\/filmvilnius.com\\\/lt\\\/filmai-pakeite-lietuvos-kino-istorija-pries-parskrendant-i-zeme\\\/#primaryimage\"},\"thumbnailUrl\":\"https:\\\/\\\/filmvilnius.com\\\/wp-content\\\/uploads\\\/2026\\\/04\\\/Pries-parskrendant-i-zeme-2.jpg\",\"keywords\":[\"filmai\",\"istorija\",\"Matelis\"],\"articleSection\":[\"Filmai, pakeit\u0119 Lietuvos istorij\u0105\",\"Naujienos\",\"Su veidais\"],\"inLanguage\":\"lt-LT\"},{\"@type\":\"WebPage\",\"@id\":\"https:\\\/\\\/filmvilnius.com\\\/lt\\\/filmai-pakeite-lietuvos-kino-istorija-pries-parskrendant-i-zeme\\\/\",\"url\":\"https:\\\/\\\/filmvilnius.com\\\/lt\\\/filmai-pakeite-lietuvos-kino-istorija-pries-parskrendant-i-zeme\\\/\",\"name\":\"Filmai, pakeit\u0119 Lietuvos kino istorij\u0105: Ar\u016bno Matelio \u201ePrie\u0161 parskrendant \u012f \u017dem\u0119\u201c - Vilnius film office\",\"isPartOf\":{\"@id\":\"https:\\\/\\\/filmvilnius.com\\\/#website\"},\"primaryImageOfPage\":{\"@id\":\"https:\\\/\\\/filmvilnius.com\\\/lt\\\/filmai-pakeite-lietuvos-kino-istorija-pries-parskrendant-i-zeme\\\/#primaryimage\"},\"image\":{\"@id\":\"https:\\\/\\\/filmvilnius.com\\\/lt\\\/filmai-pakeite-lietuvos-kino-istorija-pries-parskrendant-i-zeme\\\/#primaryimage\"},\"thumbnailUrl\":\"https:\\\/\\\/filmvilnius.com\\\/wp-content\\\/uploads\\\/2026\\\/04\\\/Pries-parskrendant-i-zeme-2.jpg\",\"datePublished\":\"2026-04-27T08:16:04+00:00\",\"dateModified\":\"2026-04-27T08:22:22+00:00\",\"description\":\"Vilniaus kino biuras pristato reporta\u017e\u0173 cikl\u0105 \u201eFilmai, pakeit\u0119 Lietuvos kino istorij\u0105\u201c. 2005 m. re\u017eisieriaus Ar\u016bno\u00a0Matelio\u00a0dokumentinis filmas \u201ePrie\u0161 parskrendant \u012f \u017dem\u0119\u201c tapo vienu jautriausi\u0173 ir svarbiausi\u0173 Lietuvos dokumentikos k\u016brini\u0173.\",\"breadcrumb\":{\"@id\":\"https:\\\/\\\/filmvilnius.com\\\/lt\\\/filmai-pakeite-lietuvos-kino-istorija-pries-parskrendant-i-zeme\\\/#breadcrumb\"},\"inLanguage\":\"lt-LT\",\"potentialAction\":[{\"@type\":\"ReadAction\",\"target\":[\"https:\\\/\\\/filmvilnius.com\\\/lt\\\/filmai-pakeite-lietuvos-kino-istorija-pries-parskrendant-i-zeme\\\/\"]}]},{\"@type\":\"ImageObject\",\"inLanguage\":\"lt-LT\",\"@id\":\"https:\\\/\\\/filmvilnius.com\\\/lt\\\/filmai-pakeite-lietuvos-kino-istorija-pries-parskrendant-i-zeme\\\/#primaryimage\",\"url\":\"https:\\\/\\\/filmvilnius.com\\\/wp-content\\\/uploads\\\/2026\\\/04\\\/Pries-parskrendant-i-zeme-2.jpg\",\"contentUrl\":\"https:\\\/\\\/filmvilnius.com\\\/wp-content\\\/uploads\\\/2026\\\/04\\\/Pries-parskrendant-i-zeme-2.jpg\",\"width\":1077,\"height\":630},{\"@type\":\"BreadcrumbList\",\"@id\":\"https:\\\/\\\/filmvilnius.com\\\/lt\\\/filmai-pakeite-lietuvos-kino-istorija-pries-parskrendant-i-zeme\\\/#breadcrumb\",\"itemListElement\":[{\"@type\":\"ListItem\",\"position\":1,\"name\":\"Home\",\"item\":\"https:\\\/\\\/filmvilnius.com\\\/lt\\\/\"},{\"@type\":\"ListItem\",\"position\":2,\"name\":\"Filmai, pakeit\u0119 Lietuvos kino istorij\u0105: Ar\u016bno Matelio \u201ePrie\u0161 parskrendant \u012f \u017dem\u0119\u201c\"}]},{\"@type\":\"WebSite\",\"@id\":\"https:\\\/\\\/filmvilnius.com\\\/#website\",\"url\":\"https:\\\/\\\/filmvilnius.com\\\/\",\"name\":\"Vilnius film office\",\"description\":\"\",\"publisher\":{\"@id\":\"https:\\\/\\\/filmvilnius.com\\\/#organization\"},\"potentialAction\":[{\"@type\":\"SearchAction\",\"target\":{\"@type\":\"EntryPoint\",\"urlTemplate\":\"https:\\\/\\\/filmvilnius.com\\\/?s={search_term_string}\"},\"query-input\":{\"@type\":\"PropertyValueSpecification\",\"valueRequired\":true,\"valueName\":\"search_term_string\"}}],\"inLanguage\":\"lt-LT\"},{\"@type\":\"Organization\",\"@id\":\"https:\\\/\\\/filmvilnius.com\\\/#organization\",\"name\":\"Vilniaus kino biuras\",\"url\":\"https:\\\/\\\/filmvilnius.com\\\/\",\"logo\":{\"@type\":\"ImageObject\",\"inLanguage\":\"lt-LT\",\"@id\":\"https:\\\/\\\/filmvilnius.com\\\/#\\\/schema\\\/logo\\\/image\\\/\",\"url\":\"https:\\\/\\\/filmvilnius.com\\\/wp-content\\\/uploads\\\/2022\\\/12\\\/VKB-Logo-2022-EN-2-V.jpg\",\"contentUrl\":\"https:\\\/\\\/filmvilnius.com\\\/wp-content\\\/uploads\\\/2022\\\/12\\\/VKB-Logo-2022-EN-2-V.jpg\",\"width\":1419,\"height\":1418,\"caption\":\"Vilniaus kino biuras\"},\"image\":{\"@id\":\"https:\\\/\\\/filmvilnius.com\\\/#\\\/schema\\\/logo\\\/image\\\/\"},\"sameAs\":[\"https:\\\/\\\/www.facebook.com\\\/filmvilnius\",\"https:\\\/\\\/x.com\\\/FilmVilnius\",\"https:\\\/\\\/www.instagram.com\\\/filmvilnius\\\/\"]},{\"@type\":\"Person\",\"@id\":\"https:\\\/\\\/filmvilnius.com\\\/#\\\/schema\\\/person\\\/8572c7f289890809bfa364d48f8dded5\",\"name\":\"Vilnius Film Office\",\"image\":{\"@type\":\"ImageObject\",\"inLanguage\":\"lt-LT\",\"@id\":\"https:\\\/\\\/secure.gravatar.com\\\/avatar\\\/2f93c625b891dbd84735ed1bd75819d698625d4c37369c60acab5f321b22fbb2?s=96&d=mm&r=g\",\"url\":\"https:\\\/\\\/secure.gravatar.com\\\/avatar\\\/2f93c625b891dbd84735ed1bd75819d698625d4c37369c60acab5f321b22fbb2?s=96&d=mm&r=g\",\"contentUrl\":\"https:\\\/\\\/secure.gravatar.com\\\/avatar\\\/2f93c625b891dbd84735ed1bd75819d698625d4c37369c60acab5f321b22fbb2?s=96&d=mm&r=g\",\"caption\":\"Vilnius Film Office\"},\"url\":\"https:\\\/\\\/filmvilnius.com\\\/lt\\\/author\\\/ce5c1052f3e77e32\\\/\"}]}<\/script>\n<!-- \/ Yoast SEO plugin. -->","yoast_head_json":{"title":"Filmai, pakeit\u0119 Lietuvos kino istorij\u0105: Ar\u016bno Matelio \u201ePrie\u0161 parskrendant \u012f \u017dem\u0119\u201c - Vilnius film office","description":"Vilniaus kino biuras pristato reporta\u017e\u0173 cikl\u0105 \u201eFilmai, pakeit\u0119 Lietuvos kino istorij\u0105\u201c. 2005 m. re\u017eisieriaus Ar\u016bno\u00a0Matelio\u00a0dokumentinis filmas \u201ePrie\u0161 parskrendant \u012f \u017dem\u0119\u201c tapo vienu jautriausi\u0173 ir svarbiausi\u0173 Lietuvos dokumentikos k\u016brini\u0173.","robots":{"index":"index","follow":"follow","max-snippet":"max-snippet:-1","max-image-preview":"max-image-preview:large","max-video-preview":"max-video-preview:-1"},"canonical":"https:\/\/filmvilnius.com\/lt\/filmai-pakeite-lietuvos-kino-istorija-pries-parskrendant-i-zeme\/","og_locale":"lt_LT","og_type":"article","og_title":"Filmai, pakeit\u0119 Lietuvos kino istorij\u0105: Ar\u016bno Matelio \u201ePrie\u0161 parskrendant \u012f \u017dem\u0119\u201c - Vilnius film office","og_description":"Vilniaus kino biuras pristato reporta\u017e\u0173 cikl\u0105 \u201eFilmai, pakeit\u0119 Lietuvos kino istorij\u0105\u201c. 2005 m. re\u017eisieriaus Ar\u016bno\u00a0Matelio\u00a0dokumentinis filmas \u201ePrie\u0161 parskrendant \u012f \u017dem\u0119\u201c tapo vienu jautriausi\u0173 ir svarbiausi\u0173 Lietuvos dokumentikos k\u016brini\u0173.","og_url":"https:\/\/filmvilnius.com\/lt\/filmai-pakeite-lietuvos-kino-istorija-pries-parskrendant-i-zeme\/","og_site_name":"Vilnius film office","article_publisher":"https:\/\/www.facebook.com\/filmvilnius","article_published_time":"2026-04-27T08:16:04+00:00","article_modified_time":"2026-04-27T08:22:22+00:00","og_image":[{"width":1077,"height":630,"url":"https:\/\/filmvilnius.com\/wp-content\/uploads\/2026\/04\/Pries-parskrendant-i-zeme-2.jpg","type":"image\/jpeg"}],"author":"Vilnius Film Office","twitter_card":"summary_large_image","twitter_creator":"@FilmVilnius","twitter_site":"@FilmVilnius","twitter_misc":{"Written by":"Vilnius Film Office","Est. reading time":"3 minut\u0117s"},"schema":{"@context":"https:\/\/schema.org","@graph":[{"@type":"Article","@id":"https:\/\/filmvilnius.com\/lt\/filmai-pakeite-lietuvos-kino-istorija-pries-parskrendant-i-zeme\/#article","isPartOf":{"@id":"https:\/\/filmvilnius.com\/lt\/filmai-pakeite-lietuvos-kino-istorija-pries-parskrendant-i-zeme\/"},"author":{"name":"Vilnius Film Office","@id":"https:\/\/filmvilnius.com\/#\/schema\/person\/8572c7f289890809bfa364d48f8dded5"},"headline":"Filmai, pakeit\u0119 Lietuvos kino istorij\u0105: Ar\u016bno Matelio \u201ePrie\u0161 parskrendant \u012f \u017dem\u0119\u201c","datePublished":"2026-04-27T08:16:04+00:00","dateModified":"2026-04-27T08:22:22+00:00","mainEntityOfPage":{"@id":"https:\/\/filmvilnius.com\/lt\/filmai-pakeite-lietuvos-kino-istorija-pries-parskrendant-i-zeme\/"},"wordCount":533,"publisher":{"@id":"https:\/\/filmvilnius.com\/#organization"},"image":{"@id":"https:\/\/filmvilnius.com\/lt\/filmai-pakeite-lietuvos-kino-istorija-pries-parskrendant-i-zeme\/#primaryimage"},"thumbnailUrl":"https:\/\/filmvilnius.com\/wp-content\/uploads\/2026\/04\/Pries-parskrendant-i-zeme-2.jpg","keywords":["filmai","istorija","Matelis"],"articleSection":["Filmai, pakeit\u0119 Lietuvos istorij\u0105","Naujienos","Su veidais"],"inLanguage":"lt-LT"},{"@type":"WebPage","@id":"https:\/\/filmvilnius.com\/lt\/filmai-pakeite-lietuvos-kino-istorija-pries-parskrendant-i-zeme\/","url":"https:\/\/filmvilnius.com\/lt\/filmai-pakeite-lietuvos-kino-istorija-pries-parskrendant-i-zeme\/","name":"Filmai, pakeit\u0119 Lietuvos kino istorij\u0105: Ar\u016bno Matelio \u201ePrie\u0161 parskrendant \u012f \u017dem\u0119\u201c - Vilnius film office","isPartOf":{"@id":"https:\/\/filmvilnius.com\/#website"},"primaryImageOfPage":{"@id":"https:\/\/filmvilnius.com\/lt\/filmai-pakeite-lietuvos-kino-istorija-pries-parskrendant-i-zeme\/#primaryimage"},"image":{"@id":"https:\/\/filmvilnius.com\/lt\/filmai-pakeite-lietuvos-kino-istorija-pries-parskrendant-i-zeme\/#primaryimage"},"thumbnailUrl":"https:\/\/filmvilnius.com\/wp-content\/uploads\/2026\/04\/Pries-parskrendant-i-zeme-2.jpg","datePublished":"2026-04-27T08:16:04+00:00","dateModified":"2026-04-27T08:22:22+00:00","description":"Vilniaus kino biuras pristato reporta\u017e\u0173 cikl\u0105 \u201eFilmai, pakeit\u0119 Lietuvos kino istorij\u0105\u201c. 2005 m. re\u017eisieriaus Ar\u016bno\u00a0Matelio\u00a0dokumentinis filmas \u201ePrie\u0161 parskrendant \u012f \u017dem\u0119\u201c tapo vienu jautriausi\u0173 ir svarbiausi\u0173 Lietuvos dokumentikos k\u016brini\u0173.","breadcrumb":{"@id":"https:\/\/filmvilnius.com\/lt\/filmai-pakeite-lietuvos-kino-istorija-pries-parskrendant-i-zeme\/#breadcrumb"},"inLanguage":"lt-LT","potentialAction":[{"@type":"ReadAction","target":["https:\/\/filmvilnius.com\/lt\/filmai-pakeite-lietuvos-kino-istorija-pries-parskrendant-i-zeme\/"]}]},{"@type":"ImageObject","inLanguage":"lt-LT","@id":"https:\/\/filmvilnius.com\/lt\/filmai-pakeite-lietuvos-kino-istorija-pries-parskrendant-i-zeme\/#primaryimage","url":"https:\/\/filmvilnius.com\/wp-content\/uploads\/2026\/04\/Pries-parskrendant-i-zeme-2.jpg","contentUrl":"https:\/\/filmvilnius.com\/wp-content\/uploads\/2026\/04\/Pries-parskrendant-i-zeme-2.jpg","width":1077,"height":630},{"@type":"BreadcrumbList","@id":"https:\/\/filmvilnius.com\/lt\/filmai-pakeite-lietuvos-kino-istorija-pries-parskrendant-i-zeme\/#breadcrumb","itemListElement":[{"@type":"ListItem","position":1,"name":"Home","item":"https:\/\/filmvilnius.com\/lt\/"},{"@type":"ListItem","position":2,"name":"Filmai, pakeit\u0119 Lietuvos kino istorij\u0105: Ar\u016bno Matelio \u201ePrie\u0161 parskrendant \u012f \u017dem\u0119\u201c"}]},{"@type":"WebSite","@id":"https:\/\/filmvilnius.com\/#website","url":"https:\/\/filmvilnius.com\/","name":"Vilnius film office","description":"","publisher":{"@id":"https:\/\/filmvilnius.com\/#organization"},"potentialAction":[{"@type":"SearchAction","target":{"@type":"EntryPoint","urlTemplate":"https:\/\/filmvilnius.com\/?s={search_term_string}"},"query-input":{"@type":"PropertyValueSpecification","valueRequired":true,"valueName":"search_term_string"}}],"inLanguage":"lt-LT"},{"@type":"Organization","@id":"https:\/\/filmvilnius.com\/#organization","name":"Vilniaus kino biuras","url":"https:\/\/filmvilnius.com\/","logo":{"@type":"ImageObject","inLanguage":"lt-LT","@id":"https:\/\/filmvilnius.com\/#\/schema\/logo\/image\/","url":"https:\/\/filmvilnius.com\/wp-content\/uploads\/2022\/12\/VKB-Logo-2022-EN-2-V.jpg","contentUrl":"https:\/\/filmvilnius.com\/wp-content\/uploads\/2022\/12\/VKB-Logo-2022-EN-2-V.jpg","width":1419,"height":1418,"caption":"Vilniaus kino biuras"},"image":{"@id":"https:\/\/filmvilnius.com\/#\/schema\/logo\/image\/"},"sameAs":["https:\/\/www.facebook.com\/filmvilnius","https:\/\/x.com\/FilmVilnius","https:\/\/www.instagram.com\/filmvilnius\/"]},{"@type":"Person","@id":"https:\/\/filmvilnius.com\/#\/schema\/person\/8572c7f289890809bfa364d48f8dded5","name":"Vilnius Film Office","image":{"@type":"ImageObject","inLanguage":"lt-LT","@id":"https:\/\/secure.gravatar.com\/avatar\/2f93c625b891dbd84735ed1bd75819d698625d4c37369c60acab5f321b22fbb2?s=96&d=mm&r=g","url":"https:\/\/secure.gravatar.com\/avatar\/2f93c625b891dbd84735ed1bd75819d698625d4c37369c60acab5f321b22fbb2?s=96&d=mm&r=g","contentUrl":"https:\/\/secure.gravatar.com\/avatar\/2f93c625b891dbd84735ed1bd75819d698625d4c37369c60acab5f321b22fbb2?s=96&d=mm&r=g","caption":"Vilnius Film Office"},"url":"https:\/\/filmvilnius.com\/lt\/author\/ce5c1052f3e77e32\/"}]}},"_links":{"self":[{"href":"https:\/\/filmvilnius.com\/lt\/wp-json\/wp\/v2\/posts\/29904","targetHints":{"allow":["GET"]}}],"collection":[{"href":"https:\/\/filmvilnius.com\/lt\/wp-json\/wp\/v2\/posts"}],"about":[{"href":"https:\/\/filmvilnius.com\/lt\/wp-json\/wp\/v2\/types\/post"}],"author":[{"embeddable":true,"href":"https:\/\/filmvilnius.com\/lt\/wp-json\/wp\/v2\/users\/6"}],"replies":[{"embeddable":true,"href":"https:\/\/filmvilnius.com\/lt\/wp-json\/wp\/v2\/comments?post=29904"}],"version-history":[{"count":1,"href":"https:\/\/filmvilnius.com\/lt\/wp-json\/wp\/v2\/posts\/29904\/revisions"}],"predecessor-version":[{"id":29909,"href":"https:\/\/filmvilnius.com\/lt\/wp-json\/wp\/v2\/posts\/29904\/revisions\/29909"}],"wp:featuredmedia":[{"embeddable":true,"href":"https:\/\/filmvilnius.com\/lt\/wp-json\/wp\/v2\/media\/29912"}],"wp:attachment":[{"href":"https:\/\/filmvilnius.com\/lt\/wp-json\/wp\/v2\/media?parent=29904"}],"wp:term":[{"taxonomy":"category","embeddable":true,"href":"https:\/\/filmvilnius.com\/lt\/wp-json\/wp\/v2\/categories?post=29904"},{"taxonomy":"post_tag","embeddable":true,"href":"https:\/\/filmvilnius.com\/lt\/wp-json\/wp\/v2\/tags?post=29904"}],"curies":[{"name":"wp","href":"https:\/\/api.w.org\/{rel}","templated":true}]}}