{"id":30816,"date":"2026-09-03T09:00:47","date_gmt":"2026-09-03T07:00:47","guid":{"rendered":"https:\/\/filmvilnius.com\/?p=30816"},"modified":"2026-09-03T11:03:56","modified_gmt":"2026-09-03T09:03:56","slug":"vilniuje-filmuojamas-emilio-velyvio-istorinis-filmas-sugauti-vanaga-bus-naudojami-specialieji-efektai-ir-imitaciniai-ginklai","status":"publish","type":"post","link":"https:\/\/filmvilnius.com\/lt\/vilniuje-filmuojamas-emilio-velyvio-istorinis-filmas-sugauti-vanaga-bus-naudojami-specialieji-efektai-ir-imitaciniai-ginklai\/","title":{"rendered":"Vilniuje filmuojamas Emilio V\u0117lyvio istorinis filmas \u201eSugauti Vanag\u0105\u201c \u2013 bus naudojami specialieji efektai ir imitaciniai ginklai"},"content":{"rendered":"<p>Vilniuje artimiausiu metu vyks re\u017eisieriaus Emilio V\u0117lyvio naujo istorinio filmo \u201eSugauti Vanag\u0105\u201c filmavimo darbai. Filmavimai vyks \u012fvairiose sostin\u0117s vietose, tod\u0117l kai kur numatomi laikini eismo ir p\u0117s\u010di\u0173j\u0173 jud\u0117jimo ribojimai.<\/p>\n<p>\u201eSugauti Vanag\u0105\u201c \u2013 tikros istorijos \u012fkv\u0117ptas herojinis istorinis epas apie Lietuvos partizanin\u012f pasiprie\u0161inim\u0105 ir \u017emones, pasirinkusius kov\u0105 u\u017e \u0161alies laisv\u0119. Filmo centre \u2013 vienas \u017eymiausi\u0173 Lietuvos partizan\u0173 vad\u0173 Adolfas Ramanauskas-Vanagas ir jo apsisprendimas nepaklusti okupacinei sistemai. K\u016br\u0117jai siekia parodyti ne tik istorin\u0117s kovos mast\u0105, bet ir asmeninius \u017emoni\u0173 pasirinkimus, santykius, vidines abejones bei idealizm\u0105, leidus\u012f nepasiduoti net tada, kai pergal\u0117 atrod\u0117 beveik ne\u012fmanoma.<\/p>\n<p>\u201eMi\u0161kas jiems vienu metu yra laisv\u0117s erdv\u0117, laikini namai, taip pat ir nuolatiniai sp\u0105stai. Greta heroizmo atsiranda baim\u0117, humoras, meil\u0117, pavydas, nuovargis, abejon\u0117s ir skirtingas atsakomyb\u0117s supratimas. Norime, kad \u017ei\u016brovas partizanus pamatyt\u0173 ne kaip vien\u0105 apibendrint\u0105 istorin\u012f prototip\u0105, o kaip labai skirtingus, gyvus \u017emones, kuriems teko priimti nepaprastai sunkius sprendimus\u201c, \u2013 sako filmo prodiuser\u0117 Daiva Varnait\u0117-Jovai\u0161ien\u0117.<\/p>\n<p>Pagrindin\u012f Adolfo Ramanausko-Vanago vaidmen\u012f filme kuria K\u0119stutis Cic\u0117nas. Kartu su juo vaidina Liubomiras Laucevi\u010dius, D\u017eiugas Grinys, Andrius \u017diurauskas, Giedrius Kiela, Vitalija Mockevi\u010di\u016bt\u0117, Ram\u016bnas Rudokas, Lukas Malinauskas, Darius Gumauskas, Egl\u0117 Mikulionyt\u0117, Ainis Storpir\u0161tis, Neringa Varnelyt\u0117, Aldona Vilutyt\u0117, Gabija Jaraminait\u0117, Barbora Bareikyt\u0117, Agn\u0117 Grudyt\u0117 ir kiti Lietuvos aktoriai.<\/p>\n<p>Film\u0105 kuria V\u0161\u012e \u201ePilietin\u0117 medija\u201c, re\u017eisierius \u2013 Emilis V\u0117lyvis. Kino prodiuseriai \u2013 Edmundas Jakilaitis, Mantvidas \u017dal\u0117nas, Daiva Varnait\u0117-Jovai\u0161ien\u0117 ir Asta Liukaityt\u0117, operatorius \u2013 Feliksas Abrukauskas (LAC), kino dailininkai \u2013 Ram\u016bnas Rastauskas ir Raimondas Di\u010dius, kostium\u0173 dailinink\u0117 \u2013 Daiva Petrulyt\u0117, grimo dailinink\u0117 \u2013 Jurgita Globyt\u0117.<\/p>\n<p>Vilniaus kino biuras informuoja apie filmavimo darbus mieste:<\/p>\n<ul>\n<li>rugs\u0117jo 8 ir 15 d. 7\u201321 val., nuo lapkri\u010dio 4 d. 19 val. iki lapkri\u010dio 5 d. 7 val., nuo lapkri\u010dio 5 d. 19 val. iki lapkri\u010dio 6 d. 7 val., nuo lapkri\u010dio 6 d. 19 val. iki lapkri\u010dio 7 d. 7 val., nuo lapkri\u010dio 10 d. 19 val. iki lapkri\u010dio 11 d. 7 val., nuo lapkri\u010dio 11 d. 19 val. iki lapkri\u010dio 12 d. 7 val. ir nuo lapkri\u010dio 12 d. 19 val. iki lapkri\u010dio 13 d. 7 val. filmuojama \u0161alia pastato Birut\u0117s g. 1, prireikus trumpam (iki 3 min.) ribojant p\u0117s\u010di\u0173j\u0173 ir dviratinink\u0173 eism\u0105;<\/li>\n<\/ul>\n<ul>\n<li>rugs\u0117jo 17 d. 6\u201322 val. filmuojama \u0161alia pastato Ka\u0161ton\u0173 g. 7, 9\u201312 val. trumpam (iki 3 min.) ribojant transporto, p\u0117s\u010di\u0173j\u0173 ir dviratinink\u0173 eism\u0105; nuo rugs\u0117jo 18 d. 15 val. iki rugs\u0117jo 19 d. 3 val. filmuojama \u0161alia min\u0117to pastato ir prireikus trumpam (iki 3 min.) ribojant p\u0117s\u010di\u0173j\u0173 ir dviratinink\u0173 eism\u0105. Nuo rugs\u0117jo 16 d. 6 val. iki rugs\u0117jo 19 d. 5 val. rezervuojama 32 automobili\u0173 stov\u0117jimo viet\u0173 Ka\u0161ton\u0173 gatv\u0117je filmavimo reikm\u0117ms;<\/li>\n<\/ul>\n<ul>\n<li>lapkri\u010dio 9 d. 7\u201318 val. filmuojama Buk\u010di\u0173 senosiose kapin\u0117se (Lietaus gatv\u0117je), prireikus trumpam (iki 3 min.) ribojant p\u0117s\u010di\u0173j\u0173 ir dviratinink\u0173 eism\u0105.<\/li>\n<\/ul>\n<p><strong>Filmavim\u0173 metu bus naudojami specialieji garsiniai ir vaizdiniai efektai bei imitaciniai ginklai. Apie filmavimo darbus ir j\u0173 metu naudojamas priemones atsakingos tarnybos yra informuotos, tod\u0117l papildomai \u012f jas kreiptis nereikia. Atsipra\u0161ome gyventoj\u0173 ir miesto sve\u010di\u0173 u\u017e laikinus nepatogumus bei d\u0117kojame u\u017e supratingum\u0105.<\/strong><\/p>\n<p><em>Luko \u0160alnos nuotraukos<\/em><\/p>\n","protected":false},"excerpt":{"rendered":"<p>Vilniuje artimiausiu metu vyks re\u017eisieriaus Emilio V\u0117lyvio naujo istorinio filmo \u201eSugauti Vanag\u0105\u201c filmavimo darbai. Filmavimai vyks \u012fvairiose sostin\u0117s vietose, tod\u0117l kai kur numatomi laikini eismo ir p\u0117s\u010di\u0173j\u0173 jud\u0117jimo ribojimai. \u201eSugauti Vanag\u0105\u201c \u2013 tikros istorijos \u012fkv\u0117ptas herojinis istorinis epas apie Lietuvos partizanin\u012f pasiprie\u0161inim\u0105 ir \u017emones, pasirinkusius kov\u0105 u\u017e \u0161alies laisv\u0119. Filmo centre \u2013 vienas \u017eymiausi\u0173 Lietuvos [&hellip;]<\/p>\n","protected":false},"author":6,"featured_media":30899,"comment_status":"closed","ping_status":"open","sticky":false,"template":"","format":"standard","meta":{"_acf_changed":false,"_monsterinsights_skip_tracking":false,"footnotes":""},"categories":[160,100],"tags":[168,336,273,335],"class_list":["post-30816","post","type-post","status-publish","format-standard","has-post-thumbnail","hentry","category-filmavimai-vilniuje","category-su-veidais","tag-eismo-ribojimai","tag-emilis-velyvis","tag-filmavimai-vilniuje","tag-sugauti-vanaga"],"acf":[],"yoast_head":"<!-- This site is optimized with the Yoast SEO plugin v28.3 - https:\/\/yoast.com\/product\/yoast-seo-wordpress\/ -->\n<title>Vilniuje filmuojamas Emilio V\u0117lyvio istorinis filmas \u201eSugauti Vanag\u0105\u201c \u2013 bus naudojami specialieji efektai ir imitaciniai ginklai - Vilnius film office<\/title>\n<meta name=\"description\" content=\"Vilniuje artimiausiu metu vyks re\u017eisieriaus Emilio V\u0117lyvio naujo istorinio filmo \u201eSugauti Vanag\u0105\u201c filmavimo darbai. Filmavimai vyks \u012fvairiose sostin\u0117s vietose, tod\u0117l kai kur numatomi laikini eismo ir p\u0117s\u010di\u0173j\u0173 jud\u0117jimo ribojimai.\u201eSugauti Vanag\u0105\u201c \u2013 tikros istorijos \u012fkv\u0117ptas herojinis istorinis epas apie Lietuvos partizanin\u012f pasiprie\u0161inim\u0105 ir \u017emones, pasirinkusius kov\u0105 u\u017e \u0161alies laisv\u0119. Filmo centre \u2013 vienas \u017eymiausi\u0173 Lietuvos partizan\u0173 vad\u0173 Adolfas Ramanauskas-Vanagas ir jo apsisprendimas nepaklusti okupacinei sistemai. K\u016br\u0117jai siekia parodyti ne tik istorin\u0117s kovos mast\u0105, bet ir asmeninius \u017emoni\u0173 pasirinkimus, santykius, vidines abejones bei idealizm\u0105, leidus\u012f nepasiduoti net tada, kai pergal\u0117 atrod\u0117 beveik ne\u012fmanoma.\" \/>\n<meta name=\"robots\" content=\"index, follow, max-snippet:-1, max-image-preview:large, max-video-preview:-1\" \/>\n<link rel=\"canonical\" href=\"https:\/\/filmvilnius.com\/lt\/vilniuje-filmuojamas-emilio-velyvio-istorinis-filmas-sugauti-vanaga-bus-naudojami-specialieji-efektai-ir-imitaciniai-ginklai\/\" \/>\n<meta property=\"og:locale\" content=\"lt_LT\" \/>\n<meta property=\"og:type\" content=\"article\" \/>\n<meta property=\"og:title\" content=\"Vilniuje filmuojamas Emilio V\u0117lyvio istorinis filmas \u201eSugauti Vanag\u0105\u201c \u2013 bus naudojami specialieji efektai ir imitaciniai ginklai - Vilnius film office\" \/>\n<meta property=\"og:description\" content=\"Vilniuje artimiausiu metu vyks re\u017eisieriaus Emilio V\u0117lyvio naujo istorinio filmo \u201eSugauti Vanag\u0105\u201c filmavimo darbai. Filmavimai vyks \u012fvairiose sostin\u0117s vietose, tod\u0117l kai kur numatomi laikini eismo ir p\u0117s\u010di\u0173j\u0173 jud\u0117jimo ribojimai.\u201eSugauti Vanag\u0105\u201c \u2013 tikros istorijos \u012fkv\u0117ptas herojinis istorinis epas apie Lietuvos partizanin\u012f pasiprie\u0161inim\u0105 ir \u017emones, pasirinkusius kov\u0105 u\u017e \u0161alies laisv\u0119. Filmo centre \u2013 vienas \u017eymiausi\u0173 Lietuvos partizan\u0173 vad\u0173 Adolfas Ramanauskas-Vanagas ir jo apsisprendimas nepaklusti okupacinei sistemai. K\u016br\u0117jai siekia parodyti ne tik istorin\u0117s kovos mast\u0105, bet ir asmeninius \u017emoni\u0173 pasirinkimus, santykius, vidines abejones bei idealizm\u0105, leidus\u012f nepasiduoti net tada, kai pergal\u0117 atrod\u0117 beveik ne\u012fmanoma.\" \/>\n<meta property=\"og:url\" content=\"https:\/\/filmvilnius.com\/lt\/vilniuje-filmuojamas-emilio-velyvio-istorinis-filmas-sugauti-vanaga-bus-naudojami-specialieji-efektai-ir-imitaciniai-ginklai\/\" \/>\n<meta property=\"og:site_name\" content=\"Vilnius film office\" \/>\n<meta property=\"article:publisher\" content=\"https:\/\/www.facebook.com\/filmvilnius\" \/>\n<meta property=\"article:published_time\" content=\"2026-09-03T07:00:47+00:00\" \/>\n<meta property=\"article:modified_time\" content=\"2026-09-03T09:03:56+00:00\" \/>\n<meta property=\"og:image\" content=\"https:\/\/filmvilnius.com\/wp-content\/uploads\/2026\/09\/SUGAUTI-VANAGA.jpg\" \/>\n\t<meta property=\"og:image:width\" content=\"1920\" \/>\n\t<meta property=\"og:image:height\" content=\"1080\" \/>\n\t<meta property=\"og:image:type\" content=\"image\/jpeg\" \/>\n<meta name=\"author\" content=\"Vilnius Film Office\" \/>\n<meta name=\"twitter:card\" content=\"summary_large_image\" \/>\n<meta name=\"twitter:creator\" content=\"@FilmVilnius\" \/>\n<meta name=\"twitter:site\" content=\"@FilmVilnius\" \/>\n<meta name=\"twitter:label1\" content=\"Written by\" \/>\n\t<meta name=\"twitter:data1\" content=\"Vilnius Film Office\" \/>\n\t<meta name=\"twitter:label2\" content=\"Est. reading time\" \/>\n\t<meta name=\"twitter:data2\" content=\"3 minut\u0117s\" \/>\n<script type=\"application\/ld+json\" class=\"yoast-schema-graph\">{\"@context\":\"https:\\\/\\\/schema.org\",\"@graph\":[{\"@type\":\"Article\",\"@id\":\"https:\\\/\\\/filmvilnius.com\\\/lt\\\/vilniuje-filmuojamas-emilio-velyvio-istorinis-filmas-sugauti-vanaga-bus-naudojami-specialieji-efektai-ir-imitaciniai-ginklai\\\/#article\",\"isPartOf\":{\"@id\":\"https:\\\/\\\/filmvilnius.com\\\/lt\\\/vilniuje-filmuojamas-emilio-velyvio-istorinis-filmas-sugauti-vanaga-bus-naudojami-specialieji-efektai-ir-imitaciniai-ginklai\\\/\"},\"author\":{\"name\":\"Vilnius Film Office\",\"@id\":\"https:\\\/\\\/filmvilnius.com\\\/#\\\/schema\\\/person\\\/8572c7f289890809bfa364d48f8dded5\"},\"headline\":\"Vilniuje filmuojamas Emilio V\u0117lyvio istorinis filmas \u201eSugauti Vanag\u0105\u201c \u2013 bus naudojami specialieji efektai ir imitaciniai ginklai\",\"datePublished\":\"2026-09-03T07:00:47+00:00\",\"dateModified\":\"2026-09-03T09:03:56+00:00\",\"mainEntityOfPage\":{\"@id\":\"https:\\\/\\\/filmvilnius.com\\\/lt\\\/vilniuje-filmuojamas-emilio-velyvio-istorinis-filmas-sugauti-vanaga-bus-naudojami-specialieji-efektai-ir-imitaciniai-ginklai\\\/\"},\"wordCount\":520,\"publisher\":{\"@id\":\"https:\\\/\\\/filmvilnius.com\\\/#organization\"},\"image\":{\"@id\":\"https:\\\/\\\/filmvilnius.com\\\/lt\\\/vilniuje-filmuojamas-emilio-velyvio-istorinis-filmas-sugauti-vanaga-bus-naudojami-specialieji-efektai-ir-imitaciniai-ginklai\\\/#primaryimage\"},\"thumbnailUrl\":\"https:\\\/\\\/filmvilnius.com\\\/wp-content\\\/uploads\\\/2026\\\/09\\\/SUGAUTI-VANAGA.jpg\",\"keywords\":[\"eismo ribojimai\",\"emilis velyvis\",\"filmavimai vilniuje\",\"sugauti vanaga\"],\"articleSection\":[\"Filmavimai Vilniuje\",\"Su veidais\"],\"inLanguage\":\"lt-LT\"},{\"@type\":\"WebPage\",\"@id\":\"https:\\\/\\\/filmvilnius.com\\\/lt\\\/vilniuje-filmuojamas-emilio-velyvio-istorinis-filmas-sugauti-vanaga-bus-naudojami-specialieji-efektai-ir-imitaciniai-ginklai\\\/\",\"url\":\"https:\\\/\\\/filmvilnius.com\\\/lt\\\/vilniuje-filmuojamas-emilio-velyvio-istorinis-filmas-sugauti-vanaga-bus-naudojami-specialieji-efektai-ir-imitaciniai-ginklai\\\/\",\"name\":\"Vilniuje filmuojamas Emilio V\u0117lyvio istorinis filmas \u201eSugauti Vanag\u0105\u201c \u2013 bus naudojami specialieji efektai ir imitaciniai ginklai - Vilnius film office\",\"isPartOf\":{\"@id\":\"https:\\\/\\\/filmvilnius.com\\\/#website\"},\"primaryImageOfPage\":{\"@id\":\"https:\\\/\\\/filmvilnius.com\\\/lt\\\/vilniuje-filmuojamas-emilio-velyvio-istorinis-filmas-sugauti-vanaga-bus-naudojami-specialieji-efektai-ir-imitaciniai-ginklai\\\/#primaryimage\"},\"image\":{\"@id\":\"https:\\\/\\\/filmvilnius.com\\\/lt\\\/vilniuje-filmuojamas-emilio-velyvio-istorinis-filmas-sugauti-vanaga-bus-naudojami-specialieji-efektai-ir-imitaciniai-ginklai\\\/#primaryimage\"},\"thumbnailUrl\":\"https:\\\/\\\/filmvilnius.com\\\/wp-content\\\/uploads\\\/2026\\\/09\\\/SUGAUTI-VANAGA.jpg\",\"datePublished\":\"2026-09-03T07:00:47+00:00\",\"dateModified\":\"2026-09-03T09:03:56+00:00\",\"description\":\"Vilniuje artimiausiu metu vyks re\u017eisieriaus Emilio V\u0117lyvio naujo istorinio filmo \u201eSugauti Vanag\u0105\u201c filmavimo darbai. Filmavimai vyks \u012fvairiose sostin\u0117s vietose, tod\u0117l kai kur numatomi laikini eismo ir p\u0117s\u010di\u0173j\u0173 jud\u0117jimo ribojimai.\u201eSugauti Vanag\u0105\u201c \u2013 tikros istorijos \u012fkv\u0117ptas herojinis istorinis epas apie Lietuvos partizanin\u012f pasiprie\u0161inim\u0105 ir \u017emones, pasirinkusius kov\u0105 u\u017e \u0161alies laisv\u0119. Filmo centre \u2013 vienas \u017eymiausi\u0173 Lietuvos partizan\u0173 vad\u0173 Adolfas Ramanauskas-Vanagas ir jo apsisprendimas nepaklusti okupacinei sistemai. K\u016br\u0117jai siekia parodyti ne tik istorin\u0117s kovos mast\u0105, bet ir asmeninius \u017emoni\u0173 pasirinkimus, santykius, vidines abejones bei idealizm\u0105, leidus\u012f nepasiduoti net tada, kai pergal\u0117 atrod\u0117 beveik ne\u012fmanoma.\",\"breadcrumb\":{\"@id\":\"https:\\\/\\\/filmvilnius.com\\\/lt\\\/vilniuje-filmuojamas-emilio-velyvio-istorinis-filmas-sugauti-vanaga-bus-naudojami-specialieji-efektai-ir-imitaciniai-ginklai\\\/#breadcrumb\"},\"inLanguage\":\"lt-LT\",\"potentialAction\":[{\"@type\":\"ReadAction\",\"target\":[\"https:\\\/\\\/filmvilnius.com\\\/lt\\\/vilniuje-filmuojamas-emilio-velyvio-istorinis-filmas-sugauti-vanaga-bus-naudojami-specialieji-efektai-ir-imitaciniai-ginklai\\\/\"]}]},{\"@type\":\"ImageObject\",\"inLanguage\":\"lt-LT\",\"@id\":\"https:\\\/\\\/filmvilnius.com\\\/lt\\\/vilniuje-filmuojamas-emilio-velyvio-istorinis-filmas-sugauti-vanaga-bus-naudojami-specialieji-efektai-ir-imitaciniai-ginklai\\\/#primaryimage\",\"url\":\"https:\\\/\\\/filmvilnius.com\\\/wp-content\\\/uploads\\\/2026\\\/09\\\/SUGAUTI-VANAGA.jpg\",\"contentUrl\":\"https:\\\/\\\/filmvilnius.com\\\/wp-content\\\/uploads\\\/2026\\\/09\\\/SUGAUTI-VANAGA.jpg\",\"width\":1920,\"height\":1080},{\"@type\":\"BreadcrumbList\",\"@id\":\"https:\\\/\\\/filmvilnius.com\\\/lt\\\/vilniuje-filmuojamas-emilio-velyvio-istorinis-filmas-sugauti-vanaga-bus-naudojami-specialieji-efektai-ir-imitaciniai-ginklai\\\/#breadcrumb\",\"itemListElement\":[{\"@type\":\"ListItem\",\"position\":1,\"name\":\"Home\",\"item\":\"https:\\\/\\\/filmvilnius.com\\\/\"},{\"@type\":\"ListItem\",\"position\":2,\"name\":\"Vilniuje filmuojamas Emilio V\u0117lyvio istorinis filmas \u201eSugauti Vanag\u0105\u201c \u2013 bus naudojami specialieji efektai ir imitaciniai ginklai\"}]},{\"@type\":\"WebSite\",\"@id\":\"https:\\\/\\\/filmvilnius.com\\\/#website\",\"url\":\"https:\\\/\\\/filmvilnius.com\\\/\",\"name\":\"Vilnius film office\",\"description\":\"\",\"publisher\":{\"@id\":\"https:\\\/\\\/filmvilnius.com\\\/#organization\"},\"potentialAction\":[{\"@type\":\"SearchAction\",\"target\":{\"@type\":\"EntryPoint\",\"urlTemplate\":\"https:\\\/\\\/filmvilnius.com\\\/?s={search_term_string}\"},\"query-input\":{\"@type\":\"PropertyValueSpecification\",\"valueRequired\":true,\"valueName\":\"search_term_string\"}}],\"inLanguage\":\"lt-LT\"},{\"@type\":\"Organization\",\"@id\":\"https:\\\/\\\/filmvilnius.com\\\/#organization\",\"name\":\"Vilniaus kino biuras\",\"url\":\"https:\\\/\\\/filmvilnius.com\\\/\",\"logo\":{\"@type\":\"ImageObject\",\"inLanguage\":\"lt-LT\",\"@id\":\"https:\\\/\\\/filmvilnius.com\\\/#\\\/schema\\\/logo\\\/image\\\/\",\"url\":\"https:\\\/\\\/filmvilnius.com\\\/wp-content\\\/uploads\\\/2022\\\/12\\\/VKB-Logo-2022-EN-2-V.jpg\",\"contentUrl\":\"https:\\\/\\\/filmvilnius.com\\\/wp-content\\\/uploads\\\/2022\\\/12\\\/VKB-Logo-2022-EN-2-V.jpg\",\"width\":1419,\"height\":1418,\"caption\":\"Vilniaus kino biuras\"},\"image\":{\"@id\":\"https:\\\/\\\/filmvilnius.com\\\/#\\\/schema\\\/logo\\\/image\\\/\"},\"sameAs\":[\"https:\\\/\\\/www.facebook.com\\\/filmvilnius\",\"https:\\\/\\\/x.com\\\/FilmVilnius\",\"https:\\\/\\\/www.instagram.com\\\/filmvilnius\\\/\"]},{\"@type\":\"Person\",\"@id\":\"https:\\\/\\\/filmvilnius.com\\\/#\\\/schema\\\/person\\\/8572c7f289890809bfa364d48f8dded5\",\"name\":\"Vilnius Film Office\",\"image\":{\"@type\":\"ImageObject\",\"inLanguage\":\"lt-LT\",\"@id\":\"https:\\\/\\\/secure.gravatar.com\\\/avatar\\\/2f93c625b891dbd84735ed1bd75819d698625d4c37369c60acab5f321b22fbb2?s=96&d=mm&r=g\",\"url\":\"https:\\\/\\\/secure.gravatar.com\\\/avatar\\\/2f93c625b891dbd84735ed1bd75819d698625d4c37369c60acab5f321b22fbb2?s=96&d=mm&r=g\",\"contentUrl\":\"https:\\\/\\\/secure.gravatar.com\\\/avatar\\\/2f93c625b891dbd84735ed1bd75819d698625d4c37369c60acab5f321b22fbb2?s=96&d=mm&r=g\",\"caption\":\"Vilnius Film Office\"},\"url\":\"https:\\\/\\\/filmvilnius.com\\\/lt\\\/author\\\/ce5c1052f3e77e32\\\/\"}]}<\/script>\n<!-- \/ Yoast SEO plugin. -->","yoast_head_json":{"title":"Vilniuje filmuojamas Emilio V\u0117lyvio istorinis filmas \u201eSugauti Vanag\u0105\u201c \u2013 bus naudojami specialieji efektai ir imitaciniai ginklai - Vilnius film office","description":"Vilniuje artimiausiu metu vyks re\u017eisieriaus Emilio V\u0117lyvio naujo istorinio filmo \u201eSugauti Vanag\u0105\u201c filmavimo darbai. Filmavimai vyks \u012fvairiose sostin\u0117s vietose, tod\u0117l kai kur numatomi laikini eismo ir p\u0117s\u010di\u0173j\u0173 jud\u0117jimo ribojimai.\u201eSugauti Vanag\u0105\u201c \u2013 tikros istorijos \u012fkv\u0117ptas herojinis istorinis epas apie Lietuvos partizanin\u012f pasiprie\u0161inim\u0105 ir \u017emones, pasirinkusius kov\u0105 u\u017e \u0161alies laisv\u0119. Filmo centre \u2013 vienas \u017eymiausi\u0173 Lietuvos partizan\u0173 vad\u0173 Adolfas Ramanauskas-Vanagas ir jo apsisprendimas nepaklusti okupacinei sistemai. K\u016br\u0117jai siekia parodyti ne tik istorin\u0117s kovos mast\u0105, bet ir asmeninius \u017emoni\u0173 pasirinkimus, santykius, vidines abejones bei idealizm\u0105, leidus\u012f nepasiduoti net tada, kai pergal\u0117 atrod\u0117 beveik ne\u012fmanoma.","robots":{"index":"index","follow":"follow","max-snippet":"max-snippet:-1","max-image-preview":"max-image-preview:large","max-video-preview":"max-video-preview:-1"},"canonical":"https:\/\/filmvilnius.com\/lt\/vilniuje-filmuojamas-emilio-velyvio-istorinis-filmas-sugauti-vanaga-bus-naudojami-specialieji-efektai-ir-imitaciniai-ginklai\/","og_locale":"lt_LT","og_type":"article","og_title":"Vilniuje filmuojamas Emilio V\u0117lyvio istorinis filmas \u201eSugauti Vanag\u0105\u201c \u2013 bus naudojami specialieji efektai ir imitaciniai ginklai - Vilnius film office","og_description":"Vilniuje artimiausiu metu vyks re\u017eisieriaus Emilio V\u0117lyvio naujo istorinio filmo \u201eSugauti Vanag\u0105\u201c filmavimo darbai. Filmavimai vyks \u012fvairiose sostin\u0117s vietose, tod\u0117l kai kur numatomi laikini eismo ir p\u0117s\u010di\u0173j\u0173 jud\u0117jimo ribojimai.\u201eSugauti Vanag\u0105\u201c \u2013 tikros istorijos \u012fkv\u0117ptas herojinis istorinis epas apie Lietuvos partizanin\u012f pasiprie\u0161inim\u0105 ir \u017emones, pasirinkusius kov\u0105 u\u017e \u0161alies laisv\u0119. Filmo centre \u2013 vienas \u017eymiausi\u0173 Lietuvos partizan\u0173 vad\u0173 Adolfas Ramanauskas-Vanagas ir jo apsisprendimas nepaklusti okupacinei sistemai. K\u016br\u0117jai siekia parodyti ne tik istorin\u0117s kovos mast\u0105, bet ir asmeninius \u017emoni\u0173 pasirinkimus, santykius, vidines abejones bei idealizm\u0105, leidus\u012f nepasiduoti net tada, kai pergal\u0117 atrod\u0117 beveik ne\u012fmanoma.","og_url":"https:\/\/filmvilnius.com\/lt\/vilniuje-filmuojamas-emilio-velyvio-istorinis-filmas-sugauti-vanaga-bus-naudojami-specialieji-efektai-ir-imitaciniai-ginklai\/","og_site_name":"Vilnius film office","article_publisher":"https:\/\/www.facebook.com\/filmvilnius","article_published_time":"2026-09-03T07:00:47+00:00","article_modified_time":"2026-09-03T09:03:56+00:00","og_image":[{"width":1920,"height":1080,"url":"https:\/\/filmvilnius.com\/wp-content\/uploads\/2026\/09\/SUGAUTI-VANAGA.jpg","type":"image\/jpeg"}],"author":"Vilnius Film Office","twitter_card":"summary_large_image","twitter_creator":"@FilmVilnius","twitter_site":"@FilmVilnius","twitter_misc":{"Written by":"Vilnius Film Office","Est. reading time":"3 minut\u0117s"},"schema":{"@context":"https:\/\/schema.org","@graph":[{"@type":"Article","@id":"https:\/\/filmvilnius.com\/lt\/vilniuje-filmuojamas-emilio-velyvio-istorinis-filmas-sugauti-vanaga-bus-naudojami-specialieji-efektai-ir-imitaciniai-ginklai\/#article","isPartOf":{"@id":"https:\/\/filmvilnius.com\/lt\/vilniuje-filmuojamas-emilio-velyvio-istorinis-filmas-sugauti-vanaga-bus-naudojami-specialieji-efektai-ir-imitaciniai-ginklai\/"},"author":{"name":"Vilnius Film Office","@id":"https:\/\/filmvilnius.com\/#\/schema\/person\/8572c7f289890809bfa364d48f8dded5"},"headline":"Vilniuje filmuojamas Emilio V\u0117lyvio istorinis filmas \u201eSugauti Vanag\u0105\u201c \u2013 bus naudojami specialieji efektai ir imitaciniai ginklai","datePublished":"2026-09-03T07:00:47+00:00","dateModified":"2026-09-03T09:03:56+00:00","mainEntityOfPage":{"@id":"https:\/\/filmvilnius.com\/lt\/vilniuje-filmuojamas-emilio-velyvio-istorinis-filmas-sugauti-vanaga-bus-naudojami-specialieji-efektai-ir-imitaciniai-ginklai\/"},"wordCount":520,"publisher":{"@id":"https:\/\/filmvilnius.com\/#organization"},"image":{"@id":"https:\/\/filmvilnius.com\/lt\/vilniuje-filmuojamas-emilio-velyvio-istorinis-filmas-sugauti-vanaga-bus-naudojami-specialieji-efektai-ir-imitaciniai-ginklai\/#primaryimage"},"thumbnailUrl":"https:\/\/filmvilnius.com\/wp-content\/uploads\/2026\/09\/SUGAUTI-VANAGA.jpg","keywords":["eismo ribojimai","emilis velyvis","filmavimai vilniuje","sugauti vanaga"],"articleSection":["Filmavimai Vilniuje","Su veidais"],"inLanguage":"lt-LT"},{"@type":"WebPage","@id":"https:\/\/filmvilnius.com\/lt\/vilniuje-filmuojamas-emilio-velyvio-istorinis-filmas-sugauti-vanaga-bus-naudojami-specialieji-efektai-ir-imitaciniai-ginklai\/","url":"https:\/\/filmvilnius.com\/lt\/vilniuje-filmuojamas-emilio-velyvio-istorinis-filmas-sugauti-vanaga-bus-naudojami-specialieji-efektai-ir-imitaciniai-ginklai\/","name":"Vilniuje filmuojamas Emilio V\u0117lyvio istorinis filmas \u201eSugauti Vanag\u0105\u201c \u2013 bus naudojami specialieji efektai ir imitaciniai ginklai - Vilnius film office","isPartOf":{"@id":"https:\/\/filmvilnius.com\/#website"},"primaryImageOfPage":{"@id":"https:\/\/filmvilnius.com\/lt\/vilniuje-filmuojamas-emilio-velyvio-istorinis-filmas-sugauti-vanaga-bus-naudojami-specialieji-efektai-ir-imitaciniai-ginklai\/#primaryimage"},"image":{"@id":"https:\/\/filmvilnius.com\/lt\/vilniuje-filmuojamas-emilio-velyvio-istorinis-filmas-sugauti-vanaga-bus-naudojami-specialieji-efektai-ir-imitaciniai-ginklai\/#primaryimage"},"thumbnailUrl":"https:\/\/filmvilnius.com\/wp-content\/uploads\/2026\/09\/SUGAUTI-VANAGA.jpg","datePublished":"2026-09-03T07:00:47+00:00","dateModified":"2026-09-03T09:03:56+00:00","description":"Vilniuje artimiausiu metu vyks re\u017eisieriaus Emilio V\u0117lyvio naujo istorinio filmo \u201eSugauti Vanag\u0105\u201c filmavimo darbai. Filmavimai vyks \u012fvairiose sostin\u0117s vietose, tod\u0117l kai kur numatomi laikini eismo ir p\u0117s\u010di\u0173j\u0173 jud\u0117jimo ribojimai.\u201eSugauti Vanag\u0105\u201c \u2013 tikros istorijos \u012fkv\u0117ptas herojinis istorinis epas apie Lietuvos partizanin\u012f pasiprie\u0161inim\u0105 ir \u017emones, pasirinkusius kov\u0105 u\u017e \u0161alies laisv\u0119. Filmo centre \u2013 vienas \u017eymiausi\u0173 Lietuvos partizan\u0173 vad\u0173 Adolfas Ramanauskas-Vanagas ir jo apsisprendimas nepaklusti okupacinei sistemai. K\u016br\u0117jai siekia parodyti ne tik istorin\u0117s kovos mast\u0105, bet ir asmeninius \u017emoni\u0173 pasirinkimus, santykius, vidines abejones bei idealizm\u0105, leidus\u012f nepasiduoti net tada, kai pergal\u0117 atrod\u0117 beveik ne\u012fmanoma.","breadcrumb":{"@id":"https:\/\/filmvilnius.com\/lt\/vilniuje-filmuojamas-emilio-velyvio-istorinis-filmas-sugauti-vanaga-bus-naudojami-specialieji-efektai-ir-imitaciniai-ginklai\/#breadcrumb"},"inLanguage":"lt-LT","potentialAction":[{"@type":"ReadAction","target":["https:\/\/filmvilnius.com\/lt\/vilniuje-filmuojamas-emilio-velyvio-istorinis-filmas-sugauti-vanaga-bus-naudojami-specialieji-efektai-ir-imitaciniai-ginklai\/"]}]},{"@type":"ImageObject","inLanguage":"lt-LT","@id":"https:\/\/filmvilnius.com\/lt\/vilniuje-filmuojamas-emilio-velyvio-istorinis-filmas-sugauti-vanaga-bus-naudojami-specialieji-efektai-ir-imitaciniai-ginklai\/#primaryimage","url":"https:\/\/filmvilnius.com\/wp-content\/uploads\/2026\/09\/SUGAUTI-VANAGA.jpg","contentUrl":"https:\/\/filmvilnius.com\/wp-content\/uploads\/2026\/09\/SUGAUTI-VANAGA.jpg","width":1920,"height":1080},{"@type":"BreadcrumbList","@id":"https:\/\/filmvilnius.com\/lt\/vilniuje-filmuojamas-emilio-velyvio-istorinis-filmas-sugauti-vanaga-bus-naudojami-specialieji-efektai-ir-imitaciniai-ginklai\/#breadcrumb","itemListElement":[{"@type":"ListItem","position":1,"name":"Home","item":"https:\/\/filmvilnius.com\/"},{"@type":"ListItem","position":2,"name":"Vilniuje filmuojamas Emilio V\u0117lyvio istorinis filmas \u201eSugauti Vanag\u0105\u201c \u2013 bus naudojami specialieji efektai ir imitaciniai ginklai"}]},{"@type":"WebSite","@id":"https:\/\/filmvilnius.com\/#website","url":"https:\/\/filmvilnius.com\/","name":"Vilnius film office","description":"","publisher":{"@id":"https:\/\/filmvilnius.com\/#organization"},"potentialAction":[{"@type":"SearchAction","target":{"@type":"EntryPoint","urlTemplate":"https:\/\/filmvilnius.com\/?s={search_term_string}"},"query-input":{"@type":"PropertyValueSpecification","valueRequired":true,"valueName":"search_term_string"}}],"inLanguage":"lt-LT"},{"@type":"Organization","@id":"https:\/\/filmvilnius.com\/#organization","name":"Vilniaus kino biuras","url":"https:\/\/filmvilnius.com\/","logo":{"@type":"ImageObject","inLanguage":"lt-LT","@id":"https:\/\/filmvilnius.com\/#\/schema\/logo\/image\/","url":"https:\/\/filmvilnius.com\/wp-content\/uploads\/2022\/12\/VKB-Logo-2022-EN-2-V.jpg","contentUrl":"https:\/\/filmvilnius.com\/wp-content\/uploads\/2022\/12\/VKB-Logo-2022-EN-2-V.jpg","width":1419,"height":1418,"caption":"Vilniaus kino biuras"},"image":{"@id":"https:\/\/filmvilnius.com\/#\/schema\/logo\/image\/"},"sameAs":["https:\/\/www.facebook.com\/filmvilnius","https:\/\/x.com\/FilmVilnius","https:\/\/www.instagram.com\/filmvilnius\/"]},{"@type":"Person","@id":"https:\/\/filmvilnius.com\/#\/schema\/person\/8572c7f289890809bfa364d48f8dded5","name":"Vilnius Film Office","image":{"@type":"ImageObject","inLanguage":"lt-LT","@id":"https:\/\/secure.gravatar.com\/avatar\/2f93c625b891dbd84735ed1bd75819d698625d4c37369c60acab5f321b22fbb2?s=96&d=mm&r=g","url":"https:\/\/secure.gravatar.com\/avatar\/2f93c625b891dbd84735ed1bd75819d698625d4c37369c60acab5f321b22fbb2?s=96&d=mm&r=g","contentUrl":"https:\/\/secure.gravatar.com\/avatar\/2f93c625b891dbd84735ed1bd75819d698625d4c37369c60acab5f321b22fbb2?s=96&d=mm&r=g","caption":"Vilnius Film Office"},"url":"https:\/\/filmvilnius.com\/lt\/author\/ce5c1052f3e77e32\/"}]}},"_links":{"self":[{"href":"https:\/\/filmvilnius.com\/lt\/wp-json\/wp\/v2\/posts\/30816","targetHints":{"allow":["GET"]}}],"collection":[{"href":"https:\/\/filmvilnius.com\/lt\/wp-json\/wp\/v2\/posts"}],"about":[{"href":"https:\/\/filmvilnius.com\/lt\/wp-json\/wp\/v2\/types\/post"}],"author":[{"embeddable":true,"href":"https:\/\/filmvilnius.com\/lt\/wp-json\/wp\/v2\/users\/6"}],"replies":[{"embeddable":true,"href":"https:\/\/filmvilnius.com\/lt\/wp-json\/wp\/v2\/comments?post=30816"}],"version-history":[{"count":5,"href":"https:\/\/filmvilnius.com\/lt\/wp-json\/wp\/v2\/posts\/30816\/revisions"}],"predecessor-version":[{"id":30901,"href":"https:\/\/filmvilnius.com\/lt\/wp-json\/wp\/v2\/posts\/30816\/revisions\/30901"}],"wp:featuredmedia":[{"embeddable":true,"href":"https:\/\/filmvilnius.com\/lt\/wp-json\/wp\/v2\/media\/30899"}],"wp:attachment":[{"href":"https:\/\/filmvilnius.com\/lt\/wp-json\/wp\/v2\/media?parent=30816"}],"wp:term":[{"taxonomy":"category","embeddable":true,"href":"https:\/\/filmvilnius.com\/lt\/wp-json\/wp\/v2\/categories?post=30816"},{"taxonomy":"post_tag","embeddable":true,"href":"https:\/\/filmvilnius.com\/lt\/wp-json\/wp\/v2\/tags?post=30816"}],"curies":[{"name":"wp","href":"https:\/\/api.w.org\/{rel}","templated":true}]}}