{"id":3112,"date":"2018-01-28T11:24:11","date_gmt":"2018-01-28T08:24:11","guid":{"rendered":"https:\/\/filmvilnius.com\/?p=3112"},"modified":"2026-04-28T11:51:19","modified_gmt":"2026-04-28T09:51:19","slug":"lietuviu-vilniuje-kanadieciai-filmuoja-dokumentini-filma-apie-holokausta","status":"publish","type":"post","link":"https:\/\/filmvilnius.com\/lt\/lietuviu-vilniuje-kanadieciai-filmuoja-dokumentini-filma-apie-holokausta\/","title":{"rendered":"Vilniuje kanadie\u010diai filmuoja dokumentin\u012f film\u0105 apie holokaust\u0105"},"content":{"rendered":"<p><!--:lt-->\u0160iuo metu mieste vie\u0161i kino k\u016br\u0117jai i\u0161 Kanados, filmuojantys TV dokumentik\u0105 \u017eyd\u0173 genocido tema.<br \/>\nFilmas pasakoja apie majoro Karlo Plag\u0117s (Karl Plagge) pastangas II-ojo pasaulinio karo metu gelb\u0117ti \u017eyd\u0173 tautyb\u0117s \u017emones nuo naci\u0173 vykdomo holokausto.<\/p>\n<p>Vilniaus kino biuras informuoja apie art\u0117jan\u010dius filmavimus ir eismo ribojimus:<br \/>\n1. sausio 28 d. 7\u201311 val. Dvaro gatv\u0117je \u0161alia pastato Dvaro g. 51, filmavimo metu trumpam (iki 5 min.) draud\u017eiamas transporto priemoni\u0173 eismas min\u0117toje gatv\u0117s dalyje;<br \/>\n2. sausio 28 d. 10\u201317 val. Grybautoj\u0173 gatv\u0117s dalyje tarp Turni\u0161ki\u0173 ir Late\u017eerio gatvi\u0173 trumpam (iki 5 min.) draud\u017eiamas transporto priemoni\u0173 eismas;<br \/>\n3. sausio 29 d. 7\u201315 val. \u0160v. Dvasios gatv\u0117je draud\u017eiamas transporto priemoni\u0173 eismas.<\/p>\n<p>Prie projekto dirba beveik 100 lietuvi\u0173 ir kanadie\u010di\u0173 filmavimo komanda.<br \/>\n<!--:--><\/p>\n","protected":false},"excerpt":{"rendered":"<p>\u0160iuo metu mieste vie\u0161i kino k\u016br\u0117jai i\u0161 Kanados, filmuojantys TV dokumentik\u0105 \u017eyd\u0173 genocido tema. Filmas pasakoja apie majoro Karlo Plag\u0117s (Karl Plagge) pastangas II-ojo pasaulinio karo metu gelb\u0117ti \u017eyd\u0173 tautyb\u0117s \u017emones nuo naci\u0173 vykdomo holokausto. Vilniaus kino biuras informuoja apie art\u0117jan\u010dius filmavimus ir eismo ribojimus: 1. sausio 28 d. 7\u201311 val. Dvaro gatv\u0117je \u0161alia pastato [&hellip;]<\/p>\n","protected":false},"author":3,"featured_media":7531,"comment_status":"closed","ping_status":"open","sticky":false,"template":"","format":"standard","meta":{"_acf_changed":false,"_monsterinsights_skip_tracking":false,"_monsterinsights_sitenote_active":false,"_monsterinsights_sitenote_note":"","_monsterinsights_sitenote_category":0,"footnotes":""},"categories":[160,58],"tags":[],"class_list":["post-3112","post","type-post","status-publish","format-standard","has-post-thumbnail","hentry","category-filmavimai-vilniuje","category-news"],"acf":[],"yoast_head":"<!-- This site is optimized with the Yoast SEO plugin v27.4 - https:\/\/yoast.com\/product\/yoast-seo-wordpress\/ -->\n<title>Vilniuje kanadie\u010diai filmuoja dokumentin\u012f film\u0105 apie holokaust\u0105 - Vilnius film office<\/title>\n<meta name=\"robots\" content=\"index, follow, max-snippet:-1, max-image-preview:large, max-video-preview:-1\" \/>\n<link rel=\"canonical\" href=\"https:\/\/filmvilnius.com\/lt\/lietuviu-vilniuje-kanadieciai-filmuoja-dokumentini-filma-apie-holokausta\/\" \/>\n<meta property=\"og:locale\" content=\"lt_LT\" \/>\n<meta property=\"og:type\" content=\"article\" \/>\n<meta property=\"og:title\" content=\"Vilniuje kanadie\u010diai filmuoja dokumentin\u012f film\u0105 apie holokaust\u0105 - Vilnius film office\" \/>\n<meta property=\"og:description\" content=\"\u0160iuo metu mieste vie\u0161i kino k\u016br\u0117jai i\u0161 Kanados, filmuojantys TV dokumentik\u0105 \u017eyd\u0173 genocido tema. Filmas pasakoja apie majoro Karlo Plag\u0117s (Karl Plagge) pastangas II-ojo pasaulinio karo metu gelb\u0117ti \u017eyd\u0173 tautyb\u0117s \u017emones nuo naci\u0173 vykdomo holokausto. Vilniaus kino biuras informuoja apie art\u0117jan\u010dius filmavimus ir eismo ribojimus: 1. sausio 28 d. 7\u201311 val. Dvaro gatv\u0117je \u0161alia pastato [&hellip;]\" \/>\n<meta property=\"og:url\" content=\"https:\/\/filmvilnius.com\/lt\/lietuviu-vilniuje-kanadieciai-filmuoja-dokumentini-filma-apie-holokausta\/\" \/>\n<meta property=\"og:site_name\" content=\"Vilnius film office\" \/>\n<meta property=\"article:publisher\" content=\"https:\/\/www.facebook.com\/filmvilnius\" \/>\n<meta property=\"article:published_time\" content=\"2018-01-28T08:24:11+00:00\" \/>\n<meta property=\"article:modified_time\" content=\"2026-04-28T09:51:19+00:00\" \/>\n<meta property=\"og:image\" content=\"https:\/\/filmvilnius.com\/wp-content\/uploads\/2018\/01\/31_Reduced.jpg\" \/>\n\t<meta property=\"og:image:width\" content=\"1024\" \/>\n\t<meta property=\"og:image:height\" content=\"683\" \/>\n\t<meta property=\"og:image:type\" content=\"image\/jpeg\" \/>\n<meta name=\"author\" content=\"Vilniaus kino biuras\" \/>\n<meta name=\"twitter:card\" content=\"summary_large_image\" \/>\n<meta name=\"twitter:creator\" content=\"@FilmVilnius\" \/>\n<meta name=\"twitter:site\" content=\"@FilmVilnius\" \/>\n<meta name=\"twitter:label1\" content=\"Written by\" \/>\n\t<meta name=\"twitter:data1\" content=\"Vilniaus kino biuras\" \/>\n\t<meta name=\"twitter:label2\" content=\"Est. reading time\" \/>\n\t<meta name=\"twitter:data2\" content=\"1 minut\u0117\" \/>\n<script type=\"application\/ld+json\" class=\"yoast-schema-graph\">{\"@context\":\"https:\\\/\\\/schema.org\",\"@graph\":[{\"@type\":\"Article\",\"@id\":\"https:\\\/\\\/filmvilnius.com\\\/lt\\\/lietuviu-vilniuje-kanadieciai-filmuoja-dokumentini-filma-apie-holokausta\\\/#article\",\"isPartOf\":{\"@id\":\"https:\\\/\\\/filmvilnius.com\\\/lt\\\/lietuviu-vilniuje-kanadieciai-filmuoja-dokumentini-filma-apie-holokausta\\\/\"},\"author\":{\"name\":\"Vilniaus kino biuras\",\"@id\":\"https:\\\/\\\/filmvilnius.com\\\/#\\\/schema\\\/person\\\/8b5cdb3983bdc74eeb47d664a07e8a7c\"},\"headline\":\"Vilniuje kanadie\u010diai filmuoja dokumentin\u012f film\u0105 apie holokaust\u0105\",\"datePublished\":\"2018-01-28T08:24:11+00:00\",\"dateModified\":\"2026-04-28T09:51:19+00:00\",\"mainEntityOfPage\":{\"@id\":\"https:\\\/\\\/filmvilnius.com\\\/lt\\\/lietuviu-vilniuje-kanadieciai-filmuoja-dokumentini-filma-apie-holokausta\\\/\"},\"wordCount\":130,\"publisher\":{\"@id\":\"https:\\\/\\\/filmvilnius.com\\\/#organization\"},\"image\":{\"@id\":\"https:\\\/\\\/filmvilnius.com\\\/lt\\\/lietuviu-vilniuje-kanadieciai-filmuoja-dokumentini-filma-apie-holokausta\\\/#primaryimage\"},\"thumbnailUrl\":\"https:\\\/\\\/filmvilnius.com\\\/wp-content\\\/uploads\\\/2018\\\/01\\\/31_Reduced.jpg\",\"articleSection\":[\"Filmavimai Vilniuje\",\"Naujienos\"],\"inLanguage\":\"lt-LT\"},{\"@type\":\"WebPage\",\"@id\":\"https:\\\/\\\/filmvilnius.com\\\/lt\\\/lietuviu-vilniuje-kanadieciai-filmuoja-dokumentini-filma-apie-holokausta\\\/\",\"url\":\"https:\\\/\\\/filmvilnius.com\\\/lt\\\/lietuviu-vilniuje-kanadieciai-filmuoja-dokumentini-filma-apie-holokausta\\\/\",\"name\":\"Vilniuje kanadie\u010diai filmuoja dokumentin\u012f film\u0105 apie holokaust\u0105 - Vilnius film office\",\"isPartOf\":{\"@id\":\"https:\\\/\\\/filmvilnius.com\\\/#website\"},\"primaryImageOfPage\":{\"@id\":\"https:\\\/\\\/filmvilnius.com\\\/lt\\\/lietuviu-vilniuje-kanadieciai-filmuoja-dokumentini-filma-apie-holokausta\\\/#primaryimage\"},\"image\":{\"@id\":\"https:\\\/\\\/filmvilnius.com\\\/lt\\\/lietuviu-vilniuje-kanadieciai-filmuoja-dokumentini-filma-apie-holokausta\\\/#primaryimage\"},\"thumbnailUrl\":\"https:\\\/\\\/filmvilnius.com\\\/wp-content\\\/uploads\\\/2018\\\/01\\\/31_Reduced.jpg\",\"datePublished\":\"2018-01-28T08:24:11+00:00\",\"dateModified\":\"2026-04-28T09:51:19+00:00\",\"breadcrumb\":{\"@id\":\"https:\\\/\\\/filmvilnius.com\\\/lt\\\/lietuviu-vilniuje-kanadieciai-filmuoja-dokumentini-filma-apie-holokausta\\\/#breadcrumb\"},\"inLanguage\":\"lt-LT\",\"potentialAction\":[{\"@type\":\"ReadAction\",\"target\":[\"https:\\\/\\\/filmvilnius.com\\\/lt\\\/lietuviu-vilniuje-kanadieciai-filmuoja-dokumentini-filma-apie-holokausta\\\/\"]}]},{\"@type\":\"ImageObject\",\"inLanguage\":\"lt-LT\",\"@id\":\"https:\\\/\\\/filmvilnius.com\\\/lt\\\/lietuviu-vilniuje-kanadieciai-filmuoja-dokumentini-filma-apie-holokausta\\\/#primaryimage\",\"url\":\"https:\\\/\\\/filmvilnius.com\\\/wp-content\\\/uploads\\\/2018\\\/01\\\/31_Reduced.jpg\",\"contentUrl\":\"https:\\\/\\\/filmvilnius.com\\\/wp-content\\\/uploads\\\/2018\\\/01\\\/31_Reduced.jpg\",\"width\":1024,\"height\":683},{\"@type\":\"BreadcrumbList\",\"@id\":\"https:\\\/\\\/filmvilnius.com\\\/lt\\\/lietuviu-vilniuje-kanadieciai-filmuoja-dokumentini-filma-apie-holokausta\\\/#breadcrumb\",\"itemListElement\":[{\"@type\":\"ListItem\",\"position\":1,\"name\":\"Home\",\"item\":\"https:\\\/\\\/filmvilnius.com\\\/lt\\\/\"},{\"@type\":\"ListItem\",\"position\":2,\"name\":\"Vilniuje kanadie\u010diai filmuoja dokumentin\u012f film\u0105 apie holokaust\u0105\"}]},{\"@type\":\"WebSite\",\"@id\":\"https:\\\/\\\/filmvilnius.com\\\/#website\",\"url\":\"https:\\\/\\\/filmvilnius.com\\\/\",\"name\":\"Vilnius film office\",\"description\":\"\",\"publisher\":{\"@id\":\"https:\\\/\\\/filmvilnius.com\\\/#organization\"},\"potentialAction\":[{\"@type\":\"SearchAction\",\"target\":{\"@type\":\"EntryPoint\",\"urlTemplate\":\"https:\\\/\\\/filmvilnius.com\\\/?s={search_term_string}\"},\"query-input\":{\"@type\":\"PropertyValueSpecification\",\"valueRequired\":true,\"valueName\":\"search_term_string\"}}],\"inLanguage\":\"lt-LT\"},{\"@type\":\"Organization\",\"@id\":\"https:\\\/\\\/filmvilnius.com\\\/#organization\",\"name\":\"Vilniaus kino biuras\",\"url\":\"https:\\\/\\\/filmvilnius.com\\\/\",\"logo\":{\"@type\":\"ImageObject\",\"inLanguage\":\"lt-LT\",\"@id\":\"https:\\\/\\\/filmvilnius.com\\\/#\\\/schema\\\/logo\\\/image\\\/\",\"url\":\"https:\\\/\\\/filmvilnius.com\\\/wp-content\\\/uploads\\\/2022\\\/12\\\/VKB-Logo-2022-EN-2-V.jpg\",\"contentUrl\":\"https:\\\/\\\/filmvilnius.com\\\/wp-content\\\/uploads\\\/2022\\\/12\\\/VKB-Logo-2022-EN-2-V.jpg\",\"width\":1419,\"height\":1418,\"caption\":\"Vilniaus kino biuras\"},\"image\":{\"@id\":\"https:\\\/\\\/filmvilnius.com\\\/#\\\/schema\\\/logo\\\/image\\\/\"},\"sameAs\":[\"https:\\\/\\\/www.facebook.com\\\/filmvilnius\",\"https:\\\/\\\/x.com\\\/FilmVilnius\",\"https:\\\/\\\/www.instagram.com\\\/filmvilnius\\\/\"]},{\"@type\":\"Person\",\"@id\":\"https:\\\/\\\/filmvilnius.com\\\/#\\\/schema\\\/person\\\/8b5cdb3983bdc74eeb47d664a07e8a7c\",\"name\":\"Vilniaus kino biuras\",\"image\":{\"@type\":\"ImageObject\",\"inLanguage\":\"lt-LT\",\"@id\":\"https:\\\/\\\/secure.gravatar.com\\\/avatar\\\/644725169c69ad57061a7da5874c1d84a0c902f0dc424faee665d0c37cb52e24?s=96&d=mm&r=g\",\"url\":\"https:\\\/\\\/secure.gravatar.com\\\/avatar\\\/644725169c69ad57061a7da5874c1d84a0c902f0dc424faee665d0c37cb52e24?s=96&d=mm&r=g\",\"contentUrl\":\"https:\\\/\\\/secure.gravatar.com\\\/avatar\\\/644725169c69ad57061a7da5874c1d84a0c902f0dc424faee665d0c37cb52e24?s=96&d=mm&r=g\",\"caption\":\"Vilniaus kino biuras\"},\"url\":\"https:\\\/\\\/filmvilnius.com\\\/lt\\\/author\\\/4b35ef9e4d264bd9\\\/\"}]}<\/script>\n<!-- \/ Yoast SEO plugin. -->","yoast_head_json":{"title":"Vilniuje kanadie\u010diai filmuoja dokumentin\u012f film\u0105 apie holokaust\u0105 - Vilnius film office","robots":{"index":"index","follow":"follow","max-snippet":"max-snippet:-1","max-image-preview":"max-image-preview:large","max-video-preview":"max-video-preview:-1"},"canonical":"https:\/\/filmvilnius.com\/lt\/lietuviu-vilniuje-kanadieciai-filmuoja-dokumentini-filma-apie-holokausta\/","og_locale":"lt_LT","og_type":"article","og_title":"Vilniuje kanadie\u010diai filmuoja dokumentin\u012f film\u0105 apie holokaust\u0105 - Vilnius film office","og_description":"\u0160iuo metu mieste vie\u0161i kino k\u016br\u0117jai i\u0161 Kanados, filmuojantys TV dokumentik\u0105 \u017eyd\u0173 genocido tema. Filmas pasakoja apie majoro Karlo Plag\u0117s (Karl Plagge) pastangas II-ojo pasaulinio karo metu gelb\u0117ti \u017eyd\u0173 tautyb\u0117s \u017emones nuo naci\u0173 vykdomo holokausto. Vilniaus kino biuras informuoja apie art\u0117jan\u010dius filmavimus ir eismo ribojimus: 1. sausio 28 d. 7\u201311 val. Dvaro gatv\u0117je \u0161alia pastato [&hellip;]","og_url":"https:\/\/filmvilnius.com\/lt\/lietuviu-vilniuje-kanadieciai-filmuoja-dokumentini-filma-apie-holokausta\/","og_site_name":"Vilnius film office","article_publisher":"https:\/\/www.facebook.com\/filmvilnius","article_published_time":"2018-01-28T08:24:11+00:00","article_modified_time":"2026-04-28T09:51:19+00:00","og_image":[{"width":1024,"height":683,"url":"https:\/\/filmvilnius.com\/wp-content\/uploads\/2018\/01\/31_Reduced.jpg","type":"image\/jpeg"}],"author":"Vilniaus kino biuras","twitter_card":"summary_large_image","twitter_creator":"@FilmVilnius","twitter_site":"@FilmVilnius","twitter_misc":{"Written by":"Vilniaus kino biuras","Est. reading time":"1 minut\u0117"},"schema":{"@context":"https:\/\/schema.org","@graph":[{"@type":"Article","@id":"https:\/\/filmvilnius.com\/lt\/lietuviu-vilniuje-kanadieciai-filmuoja-dokumentini-filma-apie-holokausta\/#article","isPartOf":{"@id":"https:\/\/filmvilnius.com\/lt\/lietuviu-vilniuje-kanadieciai-filmuoja-dokumentini-filma-apie-holokausta\/"},"author":{"name":"Vilniaus kino biuras","@id":"https:\/\/filmvilnius.com\/#\/schema\/person\/8b5cdb3983bdc74eeb47d664a07e8a7c"},"headline":"Vilniuje kanadie\u010diai filmuoja dokumentin\u012f film\u0105 apie holokaust\u0105","datePublished":"2018-01-28T08:24:11+00:00","dateModified":"2026-04-28T09:51:19+00:00","mainEntityOfPage":{"@id":"https:\/\/filmvilnius.com\/lt\/lietuviu-vilniuje-kanadieciai-filmuoja-dokumentini-filma-apie-holokausta\/"},"wordCount":130,"publisher":{"@id":"https:\/\/filmvilnius.com\/#organization"},"image":{"@id":"https:\/\/filmvilnius.com\/lt\/lietuviu-vilniuje-kanadieciai-filmuoja-dokumentini-filma-apie-holokausta\/#primaryimage"},"thumbnailUrl":"https:\/\/filmvilnius.com\/wp-content\/uploads\/2018\/01\/31_Reduced.jpg","articleSection":["Filmavimai Vilniuje","Naujienos"],"inLanguage":"lt-LT"},{"@type":"WebPage","@id":"https:\/\/filmvilnius.com\/lt\/lietuviu-vilniuje-kanadieciai-filmuoja-dokumentini-filma-apie-holokausta\/","url":"https:\/\/filmvilnius.com\/lt\/lietuviu-vilniuje-kanadieciai-filmuoja-dokumentini-filma-apie-holokausta\/","name":"Vilniuje kanadie\u010diai filmuoja dokumentin\u012f film\u0105 apie holokaust\u0105 - Vilnius film office","isPartOf":{"@id":"https:\/\/filmvilnius.com\/#website"},"primaryImageOfPage":{"@id":"https:\/\/filmvilnius.com\/lt\/lietuviu-vilniuje-kanadieciai-filmuoja-dokumentini-filma-apie-holokausta\/#primaryimage"},"image":{"@id":"https:\/\/filmvilnius.com\/lt\/lietuviu-vilniuje-kanadieciai-filmuoja-dokumentini-filma-apie-holokausta\/#primaryimage"},"thumbnailUrl":"https:\/\/filmvilnius.com\/wp-content\/uploads\/2018\/01\/31_Reduced.jpg","datePublished":"2018-01-28T08:24:11+00:00","dateModified":"2026-04-28T09:51:19+00:00","breadcrumb":{"@id":"https:\/\/filmvilnius.com\/lt\/lietuviu-vilniuje-kanadieciai-filmuoja-dokumentini-filma-apie-holokausta\/#breadcrumb"},"inLanguage":"lt-LT","potentialAction":[{"@type":"ReadAction","target":["https:\/\/filmvilnius.com\/lt\/lietuviu-vilniuje-kanadieciai-filmuoja-dokumentini-filma-apie-holokausta\/"]}]},{"@type":"ImageObject","inLanguage":"lt-LT","@id":"https:\/\/filmvilnius.com\/lt\/lietuviu-vilniuje-kanadieciai-filmuoja-dokumentini-filma-apie-holokausta\/#primaryimage","url":"https:\/\/filmvilnius.com\/wp-content\/uploads\/2018\/01\/31_Reduced.jpg","contentUrl":"https:\/\/filmvilnius.com\/wp-content\/uploads\/2018\/01\/31_Reduced.jpg","width":1024,"height":683},{"@type":"BreadcrumbList","@id":"https:\/\/filmvilnius.com\/lt\/lietuviu-vilniuje-kanadieciai-filmuoja-dokumentini-filma-apie-holokausta\/#breadcrumb","itemListElement":[{"@type":"ListItem","position":1,"name":"Home","item":"https:\/\/filmvilnius.com\/lt\/"},{"@type":"ListItem","position":2,"name":"Vilniuje kanadie\u010diai filmuoja dokumentin\u012f film\u0105 apie holokaust\u0105"}]},{"@type":"WebSite","@id":"https:\/\/filmvilnius.com\/#website","url":"https:\/\/filmvilnius.com\/","name":"Vilnius film office","description":"","publisher":{"@id":"https:\/\/filmvilnius.com\/#organization"},"potentialAction":[{"@type":"SearchAction","target":{"@type":"EntryPoint","urlTemplate":"https:\/\/filmvilnius.com\/?s={search_term_string}"},"query-input":{"@type":"PropertyValueSpecification","valueRequired":true,"valueName":"search_term_string"}}],"inLanguage":"lt-LT"},{"@type":"Organization","@id":"https:\/\/filmvilnius.com\/#organization","name":"Vilniaus kino biuras","url":"https:\/\/filmvilnius.com\/","logo":{"@type":"ImageObject","inLanguage":"lt-LT","@id":"https:\/\/filmvilnius.com\/#\/schema\/logo\/image\/","url":"https:\/\/filmvilnius.com\/wp-content\/uploads\/2022\/12\/VKB-Logo-2022-EN-2-V.jpg","contentUrl":"https:\/\/filmvilnius.com\/wp-content\/uploads\/2022\/12\/VKB-Logo-2022-EN-2-V.jpg","width":1419,"height":1418,"caption":"Vilniaus kino biuras"},"image":{"@id":"https:\/\/filmvilnius.com\/#\/schema\/logo\/image\/"},"sameAs":["https:\/\/www.facebook.com\/filmvilnius","https:\/\/x.com\/FilmVilnius","https:\/\/www.instagram.com\/filmvilnius\/"]},{"@type":"Person","@id":"https:\/\/filmvilnius.com\/#\/schema\/person\/8b5cdb3983bdc74eeb47d664a07e8a7c","name":"Vilniaus kino biuras","image":{"@type":"ImageObject","inLanguage":"lt-LT","@id":"https:\/\/secure.gravatar.com\/avatar\/644725169c69ad57061a7da5874c1d84a0c902f0dc424faee665d0c37cb52e24?s=96&d=mm&r=g","url":"https:\/\/secure.gravatar.com\/avatar\/644725169c69ad57061a7da5874c1d84a0c902f0dc424faee665d0c37cb52e24?s=96&d=mm&r=g","contentUrl":"https:\/\/secure.gravatar.com\/avatar\/644725169c69ad57061a7da5874c1d84a0c902f0dc424faee665d0c37cb52e24?s=96&d=mm&r=g","caption":"Vilniaus kino biuras"},"url":"https:\/\/filmvilnius.com\/lt\/author\/4b35ef9e4d264bd9\/"}]}},"_links":{"self":[{"href":"https:\/\/filmvilnius.com\/lt\/wp-json\/wp\/v2\/posts\/3112","targetHints":{"allow":["GET"]}}],"collection":[{"href":"https:\/\/filmvilnius.com\/lt\/wp-json\/wp\/v2\/posts"}],"about":[{"href":"https:\/\/filmvilnius.com\/lt\/wp-json\/wp\/v2\/types\/post"}],"author":[{"embeddable":true,"href":"https:\/\/filmvilnius.com\/lt\/wp-json\/wp\/v2\/users\/3"}],"replies":[{"embeddable":true,"href":"https:\/\/filmvilnius.com\/lt\/wp-json\/wp\/v2\/comments?post=3112"}],"version-history":[{"count":2,"href":"https:\/\/filmvilnius.com\/lt\/wp-json\/wp\/v2\/posts\/3112\/revisions"}],"predecessor-version":[{"id":7532,"href":"https:\/\/filmvilnius.com\/lt\/wp-json\/wp\/v2\/posts\/3112\/revisions\/7532"}],"wp:featuredmedia":[{"embeddable":true,"href":"https:\/\/filmvilnius.com\/lt\/wp-json\/wp\/v2\/media\/7531"}],"wp:attachment":[{"href":"https:\/\/filmvilnius.com\/lt\/wp-json\/wp\/v2\/media?parent=3112"}],"wp:term":[{"taxonomy":"category","embeddable":true,"href":"https:\/\/filmvilnius.com\/lt\/wp-json\/wp\/v2\/categories?post=3112"},{"taxonomy":"post_tag","embeddable":true,"href":"https:\/\/filmvilnius.com\/lt\/wp-json\/wp\/v2\/tags?post=3112"}],"curies":[{"name":"wp","href":"https:\/\/api.w.org\/{rel}","templated":true}]}}