{"id":3123,"date":"2018-02-16T14:01:24","date_gmt":"2018-02-16T11:01:24","guid":{"rendered":"https:\/\/filmvilnius.com\/?p=3123"},"modified":"2026-04-28T11:51:08","modified_gmt":"2026-04-28T09:51:08","slug":"lietuviu-lietuviai-berlyno-kino-festivalyje-originaliai-paminejo-vasario-16-aja","status":"publish","type":"post","link":"https:\/\/filmvilnius.com\/lt\/lietuviu-lietuviai-berlyno-kino-festivalyje-originaliai-paminejo-vasario-16-aja\/","title":{"rendered":"Lietuviai Berlyno kino festivalyje originaliai pamin\u0117jo Vasario 16-\u0105j\u0105"},"content":{"rendered":"<p><!--:lt-->Did\u017eiausio Lietuvoje kino festivalio \u201eKino pavasaris\u201c komanda kartu su Vilniaus kino biuro vadove ir Berlyne gyvenan\u010diais bei vie\u0161in\u010diais lietuviais min\u0117jo Vasario 16-\u0105j\u0105 \u2013 Vokietijos sostin\u0117s gatv\u0117mis \u201ei\u0161b\u0117go\u201c \u017eod\u012f \u201etalents\u201c (liet. \u2013 talentai). Taip buvo siekiama pakviesti \u0161iuo metu Berlyno kino festivalyje dalyvaujan\u010dius kino talentus susitikti ir kurti Vilniuje, kuris kov\u0105 taps tikra kino industrijos sostine.<\/p>\n<p>Kov\u0105 Vilnius \u2013 vienas kar\u0161\u010diausi\u0173 ta\u0161k\u0173 kino industrijos \u017eem\u0117lapyje<\/p>\n<p>Kovo m\u0117nes\u012f 23-i\u0105j\u012f kart\u0105 prasid\u0117siantis tarptautinis Vilniaus kino festivalis ne tik pristatys kruop\u0161\u010diai kino gerb\u0117jams parengt\u0105 film\u0173 program\u0105, bet ir sukvies \u012f kovo 27\u201329 d. vyksian\u010di\u0105 kino industrijos konferencij\u0105 \u201eMeeting Point \u2013 Vilnius\u201c. Jos metu bus diskutuojama aktualiomis industrijai temomis bei supa\u017eindinama su debiutuojan\u010di\u0173 Europos re\u017eisieri\u0173 k\u016bryba. Per tris konferencijos dienas planuojama sulaukti apie 300 tarptautini\u0173 sve\u010di\u0173.<\/p>\n<p>Kovo 20\u201325 d., taip pat \u201eKino pavasario\u201c metu, Vilniuje brit\u0173 kompanija \u201eIndependent Cinema Office\u201c rengia kino festivali\u0173 organizatoriams skirtus mokymus \u201eDeveloping Your Film Festival\u201c. \u012e \u0161\u012f rengin\u012f atvyks tokie \u017eym\u016bs lektoriai kaip Toronto kino festivalio r\u0117mim\u0173 vadov\u0117 Jennifer Frees, \u017eurnalo \u201eScreen International\u201c redaktor\u0117 Wendy Mitchell ir kiti.<\/p>\n<p>Taip pat vyks kylantiems talentams skirta mokym\u0173 programa \u201eMaia Workshop\u201c. Pirmoji j\u0173 dalis kovo 26\u201330 d. organizuojama Vilniuje.<\/p>\n<p>Lietuviai \u201eApricot Films\u201c taip pat organizuoja tarptautinius mokymus \u201eArt Department Masterclass\u201c, kurie skirti dail\u0117s departamente dirbantiems specialistams. Anks\u010diau vykusi\u0173 sesij\u0173 Islandijoje ir Lietuvoje lektori\u0173 s\u0105ra\u0161e \u2013 Paolo Sorentino filmo \u201eJaunyst\u0117\u201c (\u201eYouth\u201c) ir televizijos HBO kuriamo serialo \u201eJaunasis popie\u017eius\u201c (\u201eYoung Pope\u201c) kino dailinink\u0117 ir architekt\u0117, Christopherio Nolano filmo \u201eDiunkerkas\u201c (\u201eDunkirk\u201c) kino dailininkas ir kt. Galutin\u0117 renginio programa ir d\u0117stytoj\u0173 s\u0105ra\u0161as bus paskelbti vasario pabaigoje.<\/p>\n<p>Kino pasaul\u012f vienijantis sportas<\/p>\n<p>Pasak \u0161\u012f b\u0117gim\u0105 Berlyne su trispalve rankose, minint Lietuvos nepriklausomyb\u0117s atk\u016brimo dien\u0105, inicijavusio \u201eKino pavasario\u201c vykdan\u010diojo direktoriaus Algirdo Rama\u0161kos, Lietuvoje yra labai daug talenting\u0173 kino k\u016br\u0117j\u0173.<\/p>\n<p>\u201ePasaulyje kino industrija yra labai didel\u0117, joje vyksta ar\u0161i kova d\u0117l visko, ypa\u010d d\u0117l d\u0117mesio. Pasteb\u0117jau, kad solid\u016bs ir sprendimus priimantys kino industrijos lyderiai vis da\u017eniau renkasi sport\u0105, o ne vakar\u0117lius. Tod\u0117l paman\u0117me, kad nuotaikingas rytinis b\u0117gimas yra ne\u012fprastas b\u016bdas pakviesti autoritetingus kino industrijos atstovus \u012f Lietuv\u0105, \u012f kino industrijos rengin\u012f \u201eMeeting Point \u2013 Vilnius\u201c, susipa\u017einti su m\u016bs\u0173 \u0161alies k\u016br\u0117jais\u201c, \u2013 sak\u0117 laisvalaikiu aktyviai sportuojantis A. Rama\u0161ka.<\/p>\n<p>Vilniaus kino biuro direktor\u0117 J\u016brat\u0117 Pazikait\u0117 teig\u0117, kad kasmet Vilnius vis stipriau \u012fsitvirtina tarptautini\u0173 kino k\u016br\u0117j\u0173 \u017eem\u0117lapyje.<br \/>\n\u201eVis da\u017eniau sulaukiame dideli\u0173 kino kompanij\u0173, toki\u0173 kaip Netflix, BBC, ABC ar HBO, susidom\u0117jimo. Tai rodo, kad Lietuva, Vilnius ir kiti \u0161alies miestai yra patraukl\u016bs u\u017esienio kino k\u016br\u0117jams, esame konkurencingi Europos ir pasaulio kontekste. Prie to be galo daug prisideda rinkoje dirbantys profesionalai, k\u016brybi\u0161kai i\u0161sprend\u017eiantys bet kokias problemas, tinkamos filmavimo vietos, draugi\u0161ki \u017emon\u0117s ir, be abejo, mokestini\u0173 paskat\u0173 patrauklumas. Sudarytos galimyb\u0117s leid\u017eia augti ir tobul\u0117ti ir m\u016bs\u0173 lietuvi\u0173 talentams\u201c, \u2013 d\u017eiaug\u0117si direktor\u0117.<\/p>\n<p><!--:--><\/p>\n","protected":false},"excerpt":{"rendered":"<p>Did\u017eiausio Lietuvoje kino festivalio \u201eKino pavasaris\u201c komanda kartu su Vilniaus kino biuro vadove ir Berlyne gyvenan\u010diais bei vie\u0161in\u010diais lietuviais min\u0117jo Vasario 16-\u0105j\u0105 \u2013 Vokietijos sostin\u0117s gatv\u0117mis \u201ei\u0161b\u0117go\u201c \u017eod\u012f \u201etalents\u201c (liet. \u2013 talentai). Taip buvo siekiama pakviesti \u0161iuo metu Berlyno kino festivalyje dalyvaujan\u010dius kino talentus susitikti ir kurti Vilniuje, kuris kov\u0105 taps tikra kino industrijos sostine. [&hellip;]<\/p>\n","protected":false},"author":3,"featured_media":7535,"comment_status":"closed","ping_status":"open","sticky":false,"template":"","format":"standard","meta":{"_acf_changed":false,"_monsterinsights_skip_tracking":false,"_monsterinsights_sitenote_active":false,"_monsterinsights_sitenote_note":"","_monsterinsights_sitenote_category":0,"footnotes":""},"categories":[155,58],"tags":[],"class_list":["post-3123","post","type-post","status-publish","format-standard","has-post-thumbnail","hentry","category-industrija-ir-renginiai","category-news"],"acf":[],"yoast_head":"<!-- This site is optimized with the Yoast SEO plugin v27.4 - https:\/\/yoast.com\/product\/yoast-seo-wordpress\/ -->\n<title>Lietuviai Berlyno kino festivalyje originaliai pamin\u0117jo Vasario 16-\u0105j\u0105 - Vilnius film office<\/title>\n<meta name=\"robots\" content=\"index, follow, max-snippet:-1, max-image-preview:large, max-video-preview:-1\" \/>\n<link rel=\"canonical\" href=\"https:\/\/filmvilnius.com\/lt\/lietuviu-lietuviai-berlyno-kino-festivalyje-originaliai-paminejo-vasario-16-aja\/\" \/>\n<meta property=\"og:locale\" content=\"lt_LT\" \/>\n<meta property=\"og:type\" content=\"article\" \/>\n<meta property=\"og:title\" content=\"Lietuviai Berlyno kino festivalyje originaliai pamin\u0117jo Vasario 16-\u0105j\u0105 - Vilnius film office\" \/>\n<meta property=\"og:description\" content=\"Did\u017eiausio Lietuvoje kino festivalio \u201eKino pavasaris\u201c komanda kartu su Vilniaus kino biuro vadove ir Berlyne gyvenan\u010diais bei vie\u0161in\u010diais lietuviais min\u0117jo Vasario 16-\u0105j\u0105 \u2013 Vokietijos sostin\u0117s gatv\u0117mis \u201ei\u0161b\u0117go\u201c \u017eod\u012f \u201etalents\u201c (liet. \u2013 talentai). Taip buvo siekiama pakviesti \u0161iuo metu Berlyno kino festivalyje dalyvaujan\u010dius kino talentus susitikti ir kurti Vilniuje, kuris kov\u0105 taps tikra kino industrijos sostine. [&hellip;]\" \/>\n<meta property=\"og:url\" content=\"https:\/\/filmvilnius.com\/lt\/lietuviu-lietuviai-berlyno-kino-festivalyje-originaliai-paminejo-vasario-16-aja\/\" \/>\n<meta property=\"og:site_name\" content=\"Vilnius film office\" \/>\n<meta property=\"article:publisher\" content=\"https:\/\/www.facebook.com\/filmvilnius\" \/>\n<meta property=\"article:published_time\" content=\"2018-02-16T11:01:24+00:00\" \/>\n<meta property=\"article:modified_time\" content=\"2026-04-28T09:51:08+00:00\" \/>\n<meta property=\"og:image\" content=\"https:\/\/filmvilnius.com\/wp-content\/uploads\/2018\/02\/33_Reduced.jpg\" \/>\n\t<meta property=\"og:image:width\" content=\"1136\" \/>\n\t<meta property=\"og:image:height\" content=\"852\" \/>\n\t<meta property=\"og:image:type\" content=\"image\/jpeg\" \/>\n<meta name=\"author\" content=\"Vilniaus kino biuras\" \/>\n<meta name=\"twitter:card\" content=\"summary_large_image\" \/>\n<meta name=\"twitter:creator\" content=\"@FilmVilnius\" \/>\n<meta name=\"twitter:site\" content=\"@FilmVilnius\" \/>\n<meta name=\"twitter:label1\" content=\"Written by\" \/>\n\t<meta name=\"twitter:data1\" content=\"Vilniaus kino biuras\" \/>\n\t<meta name=\"twitter:label2\" content=\"Est. reading time\" \/>\n\t<meta name=\"twitter:data2\" content=\"2 minut\u0117s\" \/>\n<script type=\"application\/ld+json\" class=\"yoast-schema-graph\">{\"@context\":\"https:\\\/\\\/schema.org\",\"@graph\":[{\"@type\":\"Article\",\"@id\":\"https:\\\/\\\/filmvilnius.com\\\/lt\\\/lietuviu-lietuviai-berlyno-kino-festivalyje-originaliai-paminejo-vasario-16-aja\\\/#article\",\"isPartOf\":{\"@id\":\"https:\\\/\\\/filmvilnius.com\\\/lt\\\/lietuviu-lietuviai-berlyno-kino-festivalyje-originaliai-paminejo-vasario-16-aja\\\/\"},\"author\":{\"name\":\"Vilniaus kino biuras\",\"@id\":\"https:\\\/\\\/filmvilnius.com\\\/#\\\/schema\\\/person\\\/8b5cdb3983bdc74eeb47d664a07e8a7c\"},\"headline\":\"Lietuviai Berlyno kino festivalyje originaliai pamin\u0117jo Vasario 16-\u0105j\u0105\",\"datePublished\":\"2018-02-16T11:01:24+00:00\",\"dateModified\":\"2026-04-28T09:51:08+00:00\",\"mainEntityOfPage\":{\"@id\":\"https:\\\/\\\/filmvilnius.com\\\/lt\\\/lietuviu-lietuviai-berlyno-kino-festivalyje-originaliai-paminejo-vasario-16-aja\\\/\"},\"wordCount\":509,\"publisher\":{\"@id\":\"https:\\\/\\\/filmvilnius.com\\\/#organization\"},\"image\":{\"@id\":\"https:\\\/\\\/filmvilnius.com\\\/lt\\\/lietuviu-lietuviai-berlyno-kino-festivalyje-originaliai-paminejo-vasario-16-aja\\\/#primaryimage\"},\"thumbnailUrl\":\"https:\\\/\\\/filmvilnius.com\\\/wp-content\\\/uploads\\\/2018\\\/02\\\/33_Reduced.jpg\",\"articleSection\":[\"Industrija ir renginiai\",\"Naujienos\"],\"inLanguage\":\"lt-LT\"},{\"@type\":\"WebPage\",\"@id\":\"https:\\\/\\\/filmvilnius.com\\\/lt\\\/lietuviu-lietuviai-berlyno-kino-festivalyje-originaliai-paminejo-vasario-16-aja\\\/\",\"url\":\"https:\\\/\\\/filmvilnius.com\\\/lt\\\/lietuviu-lietuviai-berlyno-kino-festivalyje-originaliai-paminejo-vasario-16-aja\\\/\",\"name\":\"Lietuviai Berlyno kino festivalyje originaliai pamin\u0117jo Vasario 16-\u0105j\u0105 - Vilnius film office\",\"isPartOf\":{\"@id\":\"https:\\\/\\\/filmvilnius.com\\\/#website\"},\"primaryImageOfPage\":{\"@id\":\"https:\\\/\\\/filmvilnius.com\\\/lt\\\/lietuviu-lietuviai-berlyno-kino-festivalyje-originaliai-paminejo-vasario-16-aja\\\/#primaryimage\"},\"image\":{\"@id\":\"https:\\\/\\\/filmvilnius.com\\\/lt\\\/lietuviu-lietuviai-berlyno-kino-festivalyje-originaliai-paminejo-vasario-16-aja\\\/#primaryimage\"},\"thumbnailUrl\":\"https:\\\/\\\/filmvilnius.com\\\/wp-content\\\/uploads\\\/2018\\\/02\\\/33_Reduced.jpg\",\"datePublished\":\"2018-02-16T11:01:24+00:00\",\"dateModified\":\"2026-04-28T09:51:08+00:00\",\"breadcrumb\":{\"@id\":\"https:\\\/\\\/filmvilnius.com\\\/lt\\\/lietuviu-lietuviai-berlyno-kino-festivalyje-originaliai-paminejo-vasario-16-aja\\\/#breadcrumb\"},\"inLanguage\":\"lt-LT\",\"potentialAction\":[{\"@type\":\"ReadAction\",\"target\":[\"https:\\\/\\\/filmvilnius.com\\\/lt\\\/lietuviu-lietuviai-berlyno-kino-festivalyje-originaliai-paminejo-vasario-16-aja\\\/\"]}]},{\"@type\":\"ImageObject\",\"inLanguage\":\"lt-LT\",\"@id\":\"https:\\\/\\\/filmvilnius.com\\\/lt\\\/lietuviu-lietuviai-berlyno-kino-festivalyje-originaliai-paminejo-vasario-16-aja\\\/#primaryimage\",\"url\":\"https:\\\/\\\/filmvilnius.com\\\/wp-content\\\/uploads\\\/2018\\\/02\\\/33_Reduced.jpg\",\"contentUrl\":\"https:\\\/\\\/filmvilnius.com\\\/wp-content\\\/uploads\\\/2018\\\/02\\\/33_Reduced.jpg\",\"width\":1136,\"height\":852},{\"@type\":\"BreadcrumbList\",\"@id\":\"https:\\\/\\\/filmvilnius.com\\\/lt\\\/lietuviu-lietuviai-berlyno-kino-festivalyje-originaliai-paminejo-vasario-16-aja\\\/#breadcrumb\",\"itemListElement\":[{\"@type\":\"ListItem\",\"position\":1,\"name\":\"Home\",\"item\":\"https:\\\/\\\/filmvilnius.com\\\/lt\\\/\"},{\"@type\":\"ListItem\",\"position\":2,\"name\":\"Lietuviai Berlyno kino festivalyje originaliai pamin\u0117jo Vasario 16-\u0105j\u0105\"}]},{\"@type\":\"WebSite\",\"@id\":\"https:\\\/\\\/filmvilnius.com\\\/#website\",\"url\":\"https:\\\/\\\/filmvilnius.com\\\/\",\"name\":\"Vilnius film office\",\"description\":\"\",\"publisher\":{\"@id\":\"https:\\\/\\\/filmvilnius.com\\\/#organization\"},\"potentialAction\":[{\"@type\":\"SearchAction\",\"target\":{\"@type\":\"EntryPoint\",\"urlTemplate\":\"https:\\\/\\\/filmvilnius.com\\\/?s={search_term_string}\"},\"query-input\":{\"@type\":\"PropertyValueSpecification\",\"valueRequired\":true,\"valueName\":\"search_term_string\"}}],\"inLanguage\":\"lt-LT\"},{\"@type\":\"Organization\",\"@id\":\"https:\\\/\\\/filmvilnius.com\\\/#organization\",\"name\":\"Vilniaus kino biuras\",\"url\":\"https:\\\/\\\/filmvilnius.com\\\/\",\"logo\":{\"@type\":\"ImageObject\",\"inLanguage\":\"lt-LT\",\"@id\":\"https:\\\/\\\/filmvilnius.com\\\/#\\\/schema\\\/logo\\\/image\\\/\",\"url\":\"https:\\\/\\\/filmvilnius.com\\\/wp-content\\\/uploads\\\/2022\\\/12\\\/VKB-Logo-2022-EN-2-V.jpg\",\"contentUrl\":\"https:\\\/\\\/filmvilnius.com\\\/wp-content\\\/uploads\\\/2022\\\/12\\\/VKB-Logo-2022-EN-2-V.jpg\",\"width\":1419,\"height\":1418,\"caption\":\"Vilniaus kino biuras\"},\"image\":{\"@id\":\"https:\\\/\\\/filmvilnius.com\\\/#\\\/schema\\\/logo\\\/image\\\/\"},\"sameAs\":[\"https:\\\/\\\/www.facebook.com\\\/filmvilnius\",\"https:\\\/\\\/x.com\\\/FilmVilnius\",\"https:\\\/\\\/www.instagram.com\\\/filmvilnius\\\/\"]},{\"@type\":\"Person\",\"@id\":\"https:\\\/\\\/filmvilnius.com\\\/#\\\/schema\\\/person\\\/8b5cdb3983bdc74eeb47d664a07e8a7c\",\"name\":\"Vilniaus kino biuras\",\"image\":{\"@type\":\"ImageObject\",\"inLanguage\":\"lt-LT\",\"@id\":\"https:\\\/\\\/secure.gravatar.com\\\/avatar\\\/644725169c69ad57061a7da5874c1d84a0c902f0dc424faee665d0c37cb52e24?s=96&d=mm&r=g\",\"url\":\"https:\\\/\\\/secure.gravatar.com\\\/avatar\\\/644725169c69ad57061a7da5874c1d84a0c902f0dc424faee665d0c37cb52e24?s=96&d=mm&r=g\",\"contentUrl\":\"https:\\\/\\\/secure.gravatar.com\\\/avatar\\\/644725169c69ad57061a7da5874c1d84a0c902f0dc424faee665d0c37cb52e24?s=96&d=mm&r=g\",\"caption\":\"Vilniaus kino biuras\"},\"url\":\"https:\\\/\\\/filmvilnius.com\\\/lt\\\/author\\\/4b35ef9e4d264bd9\\\/\"}]}<\/script>\n<!-- \/ Yoast SEO plugin. -->","yoast_head_json":{"title":"Lietuviai Berlyno kino festivalyje originaliai pamin\u0117jo Vasario 16-\u0105j\u0105 - Vilnius film office","robots":{"index":"index","follow":"follow","max-snippet":"max-snippet:-1","max-image-preview":"max-image-preview:large","max-video-preview":"max-video-preview:-1"},"canonical":"https:\/\/filmvilnius.com\/lt\/lietuviu-lietuviai-berlyno-kino-festivalyje-originaliai-paminejo-vasario-16-aja\/","og_locale":"lt_LT","og_type":"article","og_title":"Lietuviai Berlyno kino festivalyje originaliai pamin\u0117jo Vasario 16-\u0105j\u0105 - Vilnius film office","og_description":"Did\u017eiausio Lietuvoje kino festivalio \u201eKino pavasaris\u201c komanda kartu su Vilniaus kino biuro vadove ir Berlyne gyvenan\u010diais bei vie\u0161in\u010diais lietuviais min\u0117jo Vasario 16-\u0105j\u0105 \u2013 Vokietijos sostin\u0117s gatv\u0117mis \u201ei\u0161b\u0117go\u201c \u017eod\u012f \u201etalents\u201c (liet. \u2013 talentai). Taip buvo siekiama pakviesti \u0161iuo metu Berlyno kino festivalyje dalyvaujan\u010dius kino talentus susitikti ir kurti Vilniuje, kuris kov\u0105 taps tikra kino industrijos sostine. [&hellip;]","og_url":"https:\/\/filmvilnius.com\/lt\/lietuviu-lietuviai-berlyno-kino-festivalyje-originaliai-paminejo-vasario-16-aja\/","og_site_name":"Vilnius film office","article_publisher":"https:\/\/www.facebook.com\/filmvilnius","article_published_time":"2018-02-16T11:01:24+00:00","article_modified_time":"2026-04-28T09:51:08+00:00","og_image":[{"width":1136,"height":852,"url":"https:\/\/filmvilnius.com\/wp-content\/uploads\/2018\/02\/33_Reduced.jpg","type":"image\/jpeg"}],"author":"Vilniaus kino biuras","twitter_card":"summary_large_image","twitter_creator":"@FilmVilnius","twitter_site":"@FilmVilnius","twitter_misc":{"Written by":"Vilniaus kino biuras","Est. reading time":"2 minut\u0117s"},"schema":{"@context":"https:\/\/schema.org","@graph":[{"@type":"Article","@id":"https:\/\/filmvilnius.com\/lt\/lietuviu-lietuviai-berlyno-kino-festivalyje-originaliai-paminejo-vasario-16-aja\/#article","isPartOf":{"@id":"https:\/\/filmvilnius.com\/lt\/lietuviu-lietuviai-berlyno-kino-festivalyje-originaliai-paminejo-vasario-16-aja\/"},"author":{"name":"Vilniaus kino biuras","@id":"https:\/\/filmvilnius.com\/#\/schema\/person\/8b5cdb3983bdc74eeb47d664a07e8a7c"},"headline":"Lietuviai Berlyno kino festivalyje originaliai pamin\u0117jo Vasario 16-\u0105j\u0105","datePublished":"2018-02-16T11:01:24+00:00","dateModified":"2026-04-28T09:51:08+00:00","mainEntityOfPage":{"@id":"https:\/\/filmvilnius.com\/lt\/lietuviu-lietuviai-berlyno-kino-festivalyje-originaliai-paminejo-vasario-16-aja\/"},"wordCount":509,"publisher":{"@id":"https:\/\/filmvilnius.com\/#organization"},"image":{"@id":"https:\/\/filmvilnius.com\/lt\/lietuviu-lietuviai-berlyno-kino-festivalyje-originaliai-paminejo-vasario-16-aja\/#primaryimage"},"thumbnailUrl":"https:\/\/filmvilnius.com\/wp-content\/uploads\/2018\/02\/33_Reduced.jpg","articleSection":["Industrija ir renginiai","Naujienos"],"inLanguage":"lt-LT"},{"@type":"WebPage","@id":"https:\/\/filmvilnius.com\/lt\/lietuviu-lietuviai-berlyno-kino-festivalyje-originaliai-paminejo-vasario-16-aja\/","url":"https:\/\/filmvilnius.com\/lt\/lietuviu-lietuviai-berlyno-kino-festivalyje-originaliai-paminejo-vasario-16-aja\/","name":"Lietuviai Berlyno kino festivalyje originaliai pamin\u0117jo Vasario 16-\u0105j\u0105 - Vilnius film office","isPartOf":{"@id":"https:\/\/filmvilnius.com\/#website"},"primaryImageOfPage":{"@id":"https:\/\/filmvilnius.com\/lt\/lietuviu-lietuviai-berlyno-kino-festivalyje-originaliai-paminejo-vasario-16-aja\/#primaryimage"},"image":{"@id":"https:\/\/filmvilnius.com\/lt\/lietuviu-lietuviai-berlyno-kino-festivalyje-originaliai-paminejo-vasario-16-aja\/#primaryimage"},"thumbnailUrl":"https:\/\/filmvilnius.com\/wp-content\/uploads\/2018\/02\/33_Reduced.jpg","datePublished":"2018-02-16T11:01:24+00:00","dateModified":"2026-04-28T09:51:08+00:00","breadcrumb":{"@id":"https:\/\/filmvilnius.com\/lt\/lietuviu-lietuviai-berlyno-kino-festivalyje-originaliai-paminejo-vasario-16-aja\/#breadcrumb"},"inLanguage":"lt-LT","potentialAction":[{"@type":"ReadAction","target":["https:\/\/filmvilnius.com\/lt\/lietuviu-lietuviai-berlyno-kino-festivalyje-originaliai-paminejo-vasario-16-aja\/"]}]},{"@type":"ImageObject","inLanguage":"lt-LT","@id":"https:\/\/filmvilnius.com\/lt\/lietuviu-lietuviai-berlyno-kino-festivalyje-originaliai-paminejo-vasario-16-aja\/#primaryimage","url":"https:\/\/filmvilnius.com\/wp-content\/uploads\/2018\/02\/33_Reduced.jpg","contentUrl":"https:\/\/filmvilnius.com\/wp-content\/uploads\/2018\/02\/33_Reduced.jpg","width":1136,"height":852},{"@type":"BreadcrumbList","@id":"https:\/\/filmvilnius.com\/lt\/lietuviu-lietuviai-berlyno-kino-festivalyje-originaliai-paminejo-vasario-16-aja\/#breadcrumb","itemListElement":[{"@type":"ListItem","position":1,"name":"Home","item":"https:\/\/filmvilnius.com\/lt\/"},{"@type":"ListItem","position":2,"name":"Lietuviai Berlyno kino festivalyje originaliai pamin\u0117jo Vasario 16-\u0105j\u0105"}]},{"@type":"WebSite","@id":"https:\/\/filmvilnius.com\/#website","url":"https:\/\/filmvilnius.com\/","name":"Vilnius film office","description":"","publisher":{"@id":"https:\/\/filmvilnius.com\/#organization"},"potentialAction":[{"@type":"SearchAction","target":{"@type":"EntryPoint","urlTemplate":"https:\/\/filmvilnius.com\/?s={search_term_string}"},"query-input":{"@type":"PropertyValueSpecification","valueRequired":true,"valueName":"search_term_string"}}],"inLanguage":"lt-LT"},{"@type":"Organization","@id":"https:\/\/filmvilnius.com\/#organization","name":"Vilniaus kino biuras","url":"https:\/\/filmvilnius.com\/","logo":{"@type":"ImageObject","inLanguage":"lt-LT","@id":"https:\/\/filmvilnius.com\/#\/schema\/logo\/image\/","url":"https:\/\/filmvilnius.com\/wp-content\/uploads\/2022\/12\/VKB-Logo-2022-EN-2-V.jpg","contentUrl":"https:\/\/filmvilnius.com\/wp-content\/uploads\/2022\/12\/VKB-Logo-2022-EN-2-V.jpg","width":1419,"height":1418,"caption":"Vilniaus kino biuras"},"image":{"@id":"https:\/\/filmvilnius.com\/#\/schema\/logo\/image\/"},"sameAs":["https:\/\/www.facebook.com\/filmvilnius","https:\/\/x.com\/FilmVilnius","https:\/\/www.instagram.com\/filmvilnius\/"]},{"@type":"Person","@id":"https:\/\/filmvilnius.com\/#\/schema\/person\/8b5cdb3983bdc74eeb47d664a07e8a7c","name":"Vilniaus kino biuras","image":{"@type":"ImageObject","inLanguage":"lt-LT","@id":"https:\/\/secure.gravatar.com\/avatar\/644725169c69ad57061a7da5874c1d84a0c902f0dc424faee665d0c37cb52e24?s=96&d=mm&r=g","url":"https:\/\/secure.gravatar.com\/avatar\/644725169c69ad57061a7da5874c1d84a0c902f0dc424faee665d0c37cb52e24?s=96&d=mm&r=g","contentUrl":"https:\/\/secure.gravatar.com\/avatar\/644725169c69ad57061a7da5874c1d84a0c902f0dc424faee665d0c37cb52e24?s=96&d=mm&r=g","caption":"Vilniaus kino biuras"},"url":"https:\/\/filmvilnius.com\/lt\/author\/4b35ef9e4d264bd9\/"}]}},"_links":{"self":[{"href":"https:\/\/filmvilnius.com\/lt\/wp-json\/wp\/v2\/posts\/3123","targetHints":{"allow":["GET"]}}],"collection":[{"href":"https:\/\/filmvilnius.com\/lt\/wp-json\/wp\/v2\/posts"}],"about":[{"href":"https:\/\/filmvilnius.com\/lt\/wp-json\/wp\/v2\/types\/post"}],"author":[{"embeddable":true,"href":"https:\/\/filmvilnius.com\/lt\/wp-json\/wp\/v2\/users\/3"}],"replies":[{"embeddable":true,"href":"https:\/\/filmvilnius.com\/lt\/wp-json\/wp\/v2\/comments?post=3123"}],"version-history":[{"count":2,"href":"https:\/\/filmvilnius.com\/lt\/wp-json\/wp\/v2\/posts\/3123\/revisions"}],"predecessor-version":[{"id":7536,"href":"https:\/\/filmvilnius.com\/lt\/wp-json\/wp\/v2\/posts\/3123\/revisions\/7536"}],"wp:featuredmedia":[{"embeddable":true,"href":"https:\/\/filmvilnius.com\/lt\/wp-json\/wp\/v2\/media\/7535"}],"wp:attachment":[{"href":"https:\/\/filmvilnius.com\/lt\/wp-json\/wp\/v2\/media?parent=3123"}],"wp:term":[{"taxonomy":"category","embeddable":true,"href":"https:\/\/filmvilnius.com\/lt\/wp-json\/wp\/v2\/categories?post=3123"},{"taxonomy":"post_tag","embeddable":true,"href":"https:\/\/filmvilnius.com\/lt\/wp-json\/wp\/v2\/tags?post=3123"}],"curies":[{"name":"wp","href":"https:\/\/api.w.org\/{rel}","templated":true}]}}