{"id":3197,"date":"2018-04-19T16:39:50","date_gmt":"2018-04-19T13:39:50","guid":{"rendered":"https:\/\/filmvilnius.com\/?p=3197"},"modified":"2023-01-12T06:22:52","modified_gmt":"2023-01-12T06:22:52","slug":"lietuviu-kino-teatruose-lietuvos-kino-kureju-premjeros","status":"publish","type":"post","link":"https:\/\/filmvilnius.com\/lt\/lietuviu-kino-teatruose-lietuvos-kino-kureju-premjeros\/","title":{"rendered":"Kino teatruose \u2013 Lietuvos kino k\u016br\u0117j\u0173 premjeros"},"content":{"rendered":"<p><!--:lt-->Nors daugelio kino ekspert\u0173 teigimu, pavasaris n\u0117ra palankiausias metams premjeroms, ta\u010diau kovo m\u0117nes\u012f savo veiklos 15 met\u0173 jubiliej\u0173 at\u0161ventusi kino gamybos \u012fmon\u0117 \u201eArtbox\u201c \u017ei\u016brovams dovanos net kelias film\u0173 premjeras.<\/p>\n<p>Svarbiausia j\u0173 \u2013 viena gra\u017eiausi\u0173 atkurtos Lietuvos \u0161imtme\u010diui skirt\u0173 dovan\u0173 \u2013 dokumentinis re\u017eisier\u0117s Editos Kabarait\u0117s filmas \u201e100 met\u0173 kartu\u201c. \u201e100 met\u0173 kartu\u201c \u2013 Lietuvos \u0161imtme\u010diui skirtas dokumentinis filmas, kuriame 15 Lietuvos \u0161imtame\u010di\u0173 pakeri optimizmu, o tikri ir nuo\u0161ird\u016bs j\u0173 pasakojimai ne tik \u012fkvepia, bet ir u\u017ekre\u010dia noru gyventi.<br \/>\nLietuvos kino \u017ei\u016brovai \u012fvertinti dokumentin\u0119 E. Kabarait\u0117s juost\u0105 \u201e100 met\u0173 kartu\u201c jau gal\u0117jo festivalyje \u201eKino pavasaris\u201c. \u010cia filmas peln\u0117 \u201e\u017ei\u016brovi\u0161kiausio\u201c lietuvi\u0161ko filmo apdovanojim\u0105, ne vien\u0105 dien\u0105 laik\u0117si geriausiai \u017ei\u016brov\u0173 \u012fvertint\u0173 film\u0173 vir\u0161\u016bn\u0117se, sulauk\u0117 teigiam\u0173 kritik\u0173 atsiliepim\u0173 bei \u017einom\u0173 visuomen\u0117s veik\u0117j\u0173 susi\u017eav\u0117jimo, juoko ir a\u0161ar\u0173.<br \/>\nJau nuo \u0161io penktadienio, baland\u017eio 20 d., visos Lietuvos kino teatruose filmo k\u016br\u0117jai \u017ei\u016brovams \u017eada 100 ger\u0173 emocij\u0173 per vien\u0105 valand\u0105, nes kai gyveni 100 met\u0173, viskas \u2013 100 kart\u0173 geriau!<\/p>\n<p>Nuo baland\u017eio 20 d. keliuose Vilniaus, Kauno, Var\u0117nos, Marijampol\u0117s, Klaip\u0117dos, o nuo gegu\u017e\u0117s 11 d. Panev\u0117\u017eio kino teatruose pasirodys ir dar vienas filmas \u2013 Arm\u0117nijos ir Lietuvos bendros gamybos drama \u201ePaskutinis gyventojas\u201c.<br \/>\nTai itin jautrus ir asmeni\u0161kas pasakojimas apie du vyrus, azer\u0105 Ibrahim\u0105 ir arm\u0117n\u0105 Abgar\u0105, kurie, \u012fsiliepsnojus etniniam konfliktui, savo gyvyb\u0117s kaina i\u0161saugo tikr\u0105sias vertybes, i\u0161tikimyb\u0119 ir tvirt\u0105 draugyst\u0119.<br \/>\nPagrindinius vaidmenis filme atliko \u017eym\u016bs aktoriai Aleksandr Khachatryan ir Homayoun Ershadi bei Lietuvos aktor\u0117 Sandra Dauk\u0161ait\u0117-Petrul\u0117n\u0117. Lietuvoje atliktiems monta\u017eo darbams vadovavo monta\u017eo re\u017eisierius Eimantas Belickas. Filmo muzikos autorius \u2013 garsios Amerikos roko grup\u0117s \u201eSystem of a Down\u201c vokalistas Serj Tankian. Arm\u0117ni\u0161k\u0173 \u0161akn\u0173 turintis kompozitorius filmo garso takel\u012f \u012fra\u0161\u0117 su nacionaliniu Arm\u0117nijos filharmonijos orkestru.<br \/>\n\u201ePaskutinio gyventojo\u201c tarptautin\u0117 premjera \u012fvyko 2017 m. \u0160anchajaus tarptautiniame kino festivalyje. Filmas rodytas Jungtin\u0117se Amerikos Valstijose, Libane, Irane, Olandijoje, Suomijoje, \u0160vedijoje ir kitose \u0161alyse. Pra\u0117jusiais metais tarptautiniame Skandinavijos kino festivalyje \u201ePaskutinis gyventojas\u201c buvo apdovanotas geriausio filmo ir geriausio aktoriaus kategorijose.<\/p>\n<p>Gegu\u017e\u0117s 4 d. \u201eArtbox\u201c keliuose Lietuvos kino teatruose pakvies pamatyti dar vien\u0105 \u2013 Lietuvos ir Latvijos bendros gamybos film\u0105 \u201eMama, a\u0161 tave myliu\u201c (re\u017eisierius Janis Nords), kuriuo simboli\u0161kai bus pamin\u0117ta Latvijos nepriklausomyb\u0117s atk\u016brimo diena bei motinos dienos savaitgalis.<br \/>\nFilmo herojus \u2013 paauglys Raimondsas, besimokantis muzikos mokykloje ir u\u017e netoleruotin\u0105 elges\u012f gaunantis grie\u017etus papeikimus, bet gudriai i\u0161jungiantis mamos telefon\u0105, kai tik mokytoja m\u0117gina jai prisiskambinti. Jo mamai gyvenimas klojasi nes\u0117kmingai. Moteris sutinka dirbti vir\u0161valand\u017eius klinikoje d\u0117l didesnio atlyginimo ir Raimondsas da\u017eniausiai yra priverstas vienas spr\u0119sti asmenines problemas. Mama nesugeba apsaugoti Raimondso nuo dalyvavimo kriminalin\u0117je veikloje. Vienas ne\u0161varus reikalas po kito, ir paauglys atsiduria bevilti\u0161koje situacijoje, i\u0161 kurios tur\u0117s surasti i\u0161eit\u012f.<br \/>\nNors filmo siu\u017eetas i\u0161ties paprastas, ta\u010diau re\u017eisieriaus meistri\u0161kai u\u017efiksuota jauno berniuko drama ir puiki jaunojo aktoriaus Kristoferio Konovalovso vaidyba peln\u0117 \u0161iam filmui tarptautin\u012f \u012fvertinim\u0105 ir begal\u0119 apdovanojim\u0173, o papasakota istorija ir dabar nepraranda aktualumo.<\/p>\n<p>Vasar\u0105 \u201eArtbox\u201c planuoja pristatyti ir dar vien\u0105 naujien\u0105 \u2013 Lietuvos, Lenkijos ir Vokietijos bendros gamybos atkuriamosios dokumentikos istorin\u012f film\u0105 \u201eAbitas ir \u0161arvai\u201c. Filme, kurio dalis nufilmuota \u012fvairiose Lietuvos istorin\u0117se vietose \u2013 Trakuose, Kernav\u0117je, Siesikuose, Stirniuose bei kt., epizodinius vaidmenis atliko istorin\u0117s rekonstrukcijos klub\u0173 nariai, filmui paskolin\u0119 ir \u012fsp\u016bdingus pagal XII\u2013XIV a. \u0161altinius rekonstruotus drabu\u017eius, o Kry\u017eiuo\u010di\u0173 Ordino istorij\u0105 pasakoja Amerikos kino ir televizijos aktorius, \u201eAuksinio gaublio\u201c laim\u0117tojas Stacy Keach. Planuojama, kad \u0161io filmo premjera \u012fvyks liepos m\u0117nes\u012f, minint \u017dalgirio m\u016b\u0161io metines.<br \/>\n<!--:--><\/p>\n","protected":false},"excerpt":{"rendered":"<p>Nors daugelio kino ekspert\u0173 teigimu, pavasaris n\u0117ra palankiausias metams premjeroms, ta\u010diau kovo m\u0117nes\u012f savo veiklos 15 met\u0173 jubiliej\u0173 at\u0161ventusi kino gamybos \u012fmon\u0117 \u201eArtbox\u201c \u017ei\u016brovams dovanos net kelias film\u0173 premjeras. Svarbiausia j\u0173 \u2013 viena gra\u017eiausi\u0173 atkurtos Lietuvos \u0161imtme\u010diui skirt\u0173 dovan\u0173 \u2013 dokumentinis re\u017eisier\u0117s Editos Kabarait\u0117s filmas \u201e100 met\u0173 kartu\u201c. \u201e100 met\u0173 kartu\u201c \u2013 Lietuvos \u0161imtme\u010diui skirtas [&hellip;]<\/p>\n","protected":false},"author":3,"featured_media":7547,"comment_status":"closed","ping_status":"open","sticky":false,"template":"","format":"standard","meta":{"_acf_changed":false,"_monsterinsights_skip_tracking":false,"_monsterinsights_sitenote_active":false,"_monsterinsights_sitenote_note":"","_monsterinsights_sitenote_category":0,"footnotes":""},"categories":[58],"tags":[],"class_list":["post-3197","post","type-post","status-publish","format-standard","has-post-thumbnail","hentry","category-news"],"acf":[],"yoast_head":"<!-- This site is optimized with the Yoast SEO plugin v27.4 - https:\/\/yoast.com\/product\/yoast-seo-wordpress\/ -->\n<title>Kino teatruose \u2013 Lietuvos kino k\u016br\u0117j\u0173 premjeros - Vilnius film office<\/title>\n<meta name=\"robots\" content=\"index, follow, max-snippet:-1, max-image-preview:large, max-video-preview:-1\" \/>\n<link rel=\"canonical\" href=\"https:\/\/filmvilnius.com\/lt\/lietuviu-kino-teatruose-lietuvos-kino-kureju-premjeros\/\" \/>\n<meta property=\"og:locale\" content=\"lt_LT\" \/>\n<meta property=\"og:type\" content=\"article\" \/>\n<meta property=\"og:title\" content=\"Kino teatruose \u2013 Lietuvos kino k\u016br\u0117j\u0173 premjeros - Vilnius film office\" \/>\n<meta property=\"og:description\" content=\"Nors daugelio kino ekspert\u0173 teigimu, pavasaris n\u0117ra palankiausias metams premjeroms, ta\u010diau kovo m\u0117nes\u012f savo veiklos 15 met\u0173 jubiliej\u0173 at\u0161ventusi kino gamybos \u012fmon\u0117 \u201eArtbox\u201c \u017ei\u016brovams dovanos net kelias film\u0173 premjeras. Svarbiausia j\u0173 \u2013 viena gra\u017eiausi\u0173 atkurtos Lietuvos \u0161imtme\u010diui skirt\u0173 dovan\u0173 \u2013 dokumentinis re\u017eisier\u0117s Editos Kabarait\u0117s filmas \u201e100 met\u0173 kartu\u201c. \u201e100 met\u0173 kartu\u201c \u2013 Lietuvos \u0161imtme\u010diui skirtas [&hellip;]\" \/>\n<meta property=\"og:url\" content=\"https:\/\/filmvilnius.com\/lt\/lietuviu-kino-teatruose-lietuvos-kino-kureju-premjeros\/\" \/>\n<meta property=\"og:site_name\" content=\"Vilnius film office\" \/>\n<meta property=\"article:publisher\" content=\"https:\/\/www.facebook.com\/filmvilnius\" \/>\n<meta property=\"article:published_time\" content=\"2018-04-19T13:39:50+00:00\" \/>\n<meta property=\"article:modified_time\" content=\"2023-01-12T06:22:52+00:00\" \/>\n<meta property=\"og:image\" content=\"https:\/\/filmvilnius.com\/wp-content\/uploads\/2018\/04\/38_Reduced-scaled.jpg\" \/>\n\t<meta property=\"og:image:width\" content=\"2560\" \/>\n\t<meta property=\"og:image:height\" content=\"1707\" \/>\n\t<meta property=\"og:image:type\" content=\"image\/jpeg\" \/>\n<meta name=\"author\" content=\"Vilniaus kino biuras\" \/>\n<meta name=\"twitter:card\" content=\"summary_large_image\" \/>\n<meta name=\"twitter:creator\" content=\"@FilmVilnius\" \/>\n<meta name=\"twitter:site\" content=\"@FilmVilnius\" \/>\n<meta name=\"twitter:label1\" content=\"Written by\" \/>\n\t<meta name=\"twitter:data1\" content=\"Vilniaus kino biuras\" \/>\n\t<meta name=\"twitter:label2\" content=\"Est. reading time\" \/>\n\t<meta name=\"twitter:data2\" content=\"3 minut\u0117s\" \/>\n<script type=\"application\/ld+json\" class=\"yoast-schema-graph\">{\"@context\":\"https:\\\/\\\/schema.org\",\"@graph\":[{\"@type\":\"Article\",\"@id\":\"https:\\\/\\\/filmvilnius.com\\\/lt\\\/lietuviu-kino-teatruose-lietuvos-kino-kureju-premjeros\\\/#article\",\"isPartOf\":{\"@id\":\"https:\\\/\\\/filmvilnius.com\\\/lt\\\/lietuviu-kino-teatruose-lietuvos-kino-kureju-premjeros\\\/\"},\"author\":{\"name\":\"Vilniaus kino biuras\",\"@id\":\"https:\\\/\\\/filmvilnius.com\\\/#\\\/schema\\\/person\\\/8b5cdb3983bdc74eeb47d664a07e8a7c\"},\"headline\":\"Kino teatruose \u2013 Lietuvos kino k\u016br\u0117j\u0173 premjeros\",\"datePublished\":\"2018-04-19T13:39:50+00:00\",\"dateModified\":\"2023-01-12T06:22:52+00:00\",\"mainEntityOfPage\":{\"@id\":\"https:\\\/\\\/filmvilnius.com\\\/lt\\\/lietuviu-kino-teatruose-lietuvos-kino-kureju-premjeros\\\/\"},\"wordCount\":612,\"publisher\":{\"@id\":\"https:\\\/\\\/filmvilnius.com\\\/#organization\"},\"image\":{\"@id\":\"https:\\\/\\\/filmvilnius.com\\\/lt\\\/lietuviu-kino-teatruose-lietuvos-kino-kureju-premjeros\\\/#primaryimage\"},\"thumbnailUrl\":\"https:\\\/\\\/filmvilnius.com\\\/wp-content\\\/uploads\\\/2018\\\/04\\\/38_Reduced-scaled.jpg\",\"articleSection\":[\"Naujienos\"],\"inLanguage\":\"lt-LT\"},{\"@type\":\"WebPage\",\"@id\":\"https:\\\/\\\/filmvilnius.com\\\/lt\\\/lietuviu-kino-teatruose-lietuvos-kino-kureju-premjeros\\\/\",\"url\":\"https:\\\/\\\/filmvilnius.com\\\/lt\\\/lietuviu-kino-teatruose-lietuvos-kino-kureju-premjeros\\\/\",\"name\":\"Kino teatruose \u2013 Lietuvos kino k\u016br\u0117j\u0173 premjeros - Vilnius film office\",\"isPartOf\":{\"@id\":\"https:\\\/\\\/filmvilnius.com\\\/#website\"},\"primaryImageOfPage\":{\"@id\":\"https:\\\/\\\/filmvilnius.com\\\/lt\\\/lietuviu-kino-teatruose-lietuvos-kino-kureju-premjeros\\\/#primaryimage\"},\"image\":{\"@id\":\"https:\\\/\\\/filmvilnius.com\\\/lt\\\/lietuviu-kino-teatruose-lietuvos-kino-kureju-premjeros\\\/#primaryimage\"},\"thumbnailUrl\":\"https:\\\/\\\/filmvilnius.com\\\/wp-content\\\/uploads\\\/2018\\\/04\\\/38_Reduced-scaled.jpg\",\"datePublished\":\"2018-04-19T13:39:50+00:00\",\"dateModified\":\"2023-01-12T06:22:52+00:00\",\"breadcrumb\":{\"@id\":\"https:\\\/\\\/filmvilnius.com\\\/lt\\\/lietuviu-kino-teatruose-lietuvos-kino-kureju-premjeros\\\/#breadcrumb\"},\"inLanguage\":\"lt-LT\",\"potentialAction\":[{\"@type\":\"ReadAction\",\"target\":[\"https:\\\/\\\/filmvilnius.com\\\/lt\\\/lietuviu-kino-teatruose-lietuvos-kino-kureju-premjeros\\\/\"]}]},{\"@type\":\"ImageObject\",\"inLanguage\":\"lt-LT\",\"@id\":\"https:\\\/\\\/filmvilnius.com\\\/lt\\\/lietuviu-kino-teatruose-lietuvos-kino-kureju-premjeros\\\/#primaryimage\",\"url\":\"https:\\\/\\\/filmvilnius.com\\\/wp-content\\\/uploads\\\/2018\\\/04\\\/38_Reduced-scaled.jpg\",\"contentUrl\":\"https:\\\/\\\/filmvilnius.com\\\/wp-content\\\/uploads\\\/2018\\\/04\\\/38_Reduced-scaled.jpg\",\"width\":2560,\"height\":1707},{\"@type\":\"BreadcrumbList\",\"@id\":\"https:\\\/\\\/filmvilnius.com\\\/lt\\\/lietuviu-kino-teatruose-lietuvos-kino-kureju-premjeros\\\/#breadcrumb\",\"itemListElement\":[{\"@type\":\"ListItem\",\"position\":1,\"name\":\"Home\",\"item\":\"https:\\\/\\\/filmvilnius.com\\\/lt\\\/\"},{\"@type\":\"ListItem\",\"position\":2,\"name\":\"Kino teatruose \u2013 Lietuvos kino k\u016br\u0117j\u0173 premjeros\"}]},{\"@type\":\"WebSite\",\"@id\":\"https:\\\/\\\/filmvilnius.com\\\/#website\",\"url\":\"https:\\\/\\\/filmvilnius.com\\\/\",\"name\":\"Vilnius film office\",\"description\":\"\",\"publisher\":{\"@id\":\"https:\\\/\\\/filmvilnius.com\\\/#organization\"},\"potentialAction\":[{\"@type\":\"SearchAction\",\"target\":{\"@type\":\"EntryPoint\",\"urlTemplate\":\"https:\\\/\\\/filmvilnius.com\\\/?s={search_term_string}\"},\"query-input\":{\"@type\":\"PropertyValueSpecification\",\"valueRequired\":true,\"valueName\":\"search_term_string\"}}],\"inLanguage\":\"lt-LT\"},{\"@type\":\"Organization\",\"@id\":\"https:\\\/\\\/filmvilnius.com\\\/#organization\",\"name\":\"Vilniaus kino biuras\",\"url\":\"https:\\\/\\\/filmvilnius.com\\\/\",\"logo\":{\"@type\":\"ImageObject\",\"inLanguage\":\"lt-LT\",\"@id\":\"https:\\\/\\\/filmvilnius.com\\\/#\\\/schema\\\/logo\\\/image\\\/\",\"url\":\"https:\\\/\\\/filmvilnius.com\\\/wp-content\\\/uploads\\\/2022\\\/12\\\/VKB-Logo-2022-EN-2-V.jpg\",\"contentUrl\":\"https:\\\/\\\/filmvilnius.com\\\/wp-content\\\/uploads\\\/2022\\\/12\\\/VKB-Logo-2022-EN-2-V.jpg\",\"width\":1419,\"height\":1418,\"caption\":\"Vilniaus kino biuras\"},\"image\":{\"@id\":\"https:\\\/\\\/filmvilnius.com\\\/#\\\/schema\\\/logo\\\/image\\\/\"},\"sameAs\":[\"https:\\\/\\\/www.facebook.com\\\/filmvilnius\",\"https:\\\/\\\/x.com\\\/FilmVilnius\",\"https:\\\/\\\/www.instagram.com\\\/filmvilnius\\\/\"]},{\"@type\":\"Person\",\"@id\":\"https:\\\/\\\/filmvilnius.com\\\/#\\\/schema\\\/person\\\/8b5cdb3983bdc74eeb47d664a07e8a7c\",\"name\":\"Vilniaus kino biuras\",\"image\":{\"@type\":\"ImageObject\",\"inLanguage\":\"lt-LT\",\"@id\":\"https:\\\/\\\/secure.gravatar.com\\\/avatar\\\/644725169c69ad57061a7da5874c1d84a0c902f0dc424faee665d0c37cb52e24?s=96&d=mm&r=g\",\"url\":\"https:\\\/\\\/secure.gravatar.com\\\/avatar\\\/644725169c69ad57061a7da5874c1d84a0c902f0dc424faee665d0c37cb52e24?s=96&d=mm&r=g\",\"contentUrl\":\"https:\\\/\\\/secure.gravatar.com\\\/avatar\\\/644725169c69ad57061a7da5874c1d84a0c902f0dc424faee665d0c37cb52e24?s=96&d=mm&r=g\",\"caption\":\"Vilniaus kino biuras\"},\"url\":\"https:\\\/\\\/filmvilnius.com\\\/lt\\\/author\\\/4b35ef9e4d264bd9\\\/\"}]}<\/script>\n<!-- \/ Yoast SEO plugin. -->","yoast_head_json":{"title":"Kino teatruose \u2013 Lietuvos kino k\u016br\u0117j\u0173 premjeros - Vilnius film office","robots":{"index":"index","follow":"follow","max-snippet":"max-snippet:-1","max-image-preview":"max-image-preview:large","max-video-preview":"max-video-preview:-1"},"canonical":"https:\/\/filmvilnius.com\/lt\/lietuviu-kino-teatruose-lietuvos-kino-kureju-premjeros\/","og_locale":"lt_LT","og_type":"article","og_title":"Kino teatruose \u2013 Lietuvos kino k\u016br\u0117j\u0173 premjeros - Vilnius film office","og_description":"Nors daugelio kino ekspert\u0173 teigimu, pavasaris n\u0117ra palankiausias metams premjeroms, ta\u010diau kovo m\u0117nes\u012f savo veiklos 15 met\u0173 jubiliej\u0173 at\u0161ventusi kino gamybos \u012fmon\u0117 \u201eArtbox\u201c \u017ei\u016brovams dovanos net kelias film\u0173 premjeras. Svarbiausia j\u0173 \u2013 viena gra\u017eiausi\u0173 atkurtos Lietuvos \u0161imtme\u010diui skirt\u0173 dovan\u0173 \u2013 dokumentinis re\u017eisier\u0117s Editos Kabarait\u0117s filmas \u201e100 met\u0173 kartu\u201c. \u201e100 met\u0173 kartu\u201c \u2013 Lietuvos \u0161imtme\u010diui skirtas [&hellip;]","og_url":"https:\/\/filmvilnius.com\/lt\/lietuviu-kino-teatruose-lietuvos-kino-kureju-premjeros\/","og_site_name":"Vilnius film office","article_publisher":"https:\/\/www.facebook.com\/filmvilnius","article_published_time":"2018-04-19T13:39:50+00:00","article_modified_time":"2023-01-12T06:22:52+00:00","og_image":[{"width":2560,"height":1707,"url":"https:\/\/filmvilnius.com\/wp-content\/uploads\/2018\/04\/38_Reduced-scaled.jpg","type":"image\/jpeg"}],"author":"Vilniaus kino biuras","twitter_card":"summary_large_image","twitter_creator":"@FilmVilnius","twitter_site":"@FilmVilnius","twitter_misc":{"Written by":"Vilniaus kino biuras","Est. reading time":"3 minut\u0117s"},"schema":{"@context":"https:\/\/schema.org","@graph":[{"@type":"Article","@id":"https:\/\/filmvilnius.com\/lt\/lietuviu-kino-teatruose-lietuvos-kino-kureju-premjeros\/#article","isPartOf":{"@id":"https:\/\/filmvilnius.com\/lt\/lietuviu-kino-teatruose-lietuvos-kino-kureju-premjeros\/"},"author":{"name":"Vilniaus kino biuras","@id":"https:\/\/filmvilnius.com\/#\/schema\/person\/8b5cdb3983bdc74eeb47d664a07e8a7c"},"headline":"Kino teatruose \u2013 Lietuvos kino k\u016br\u0117j\u0173 premjeros","datePublished":"2018-04-19T13:39:50+00:00","dateModified":"2023-01-12T06:22:52+00:00","mainEntityOfPage":{"@id":"https:\/\/filmvilnius.com\/lt\/lietuviu-kino-teatruose-lietuvos-kino-kureju-premjeros\/"},"wordCount":612,"publisher":{"@id":"https:\/\/filmvilnius.com\/#organization"},"image":{"@id":"https:\/\/filmvilnius.com\/lt\/lietuviu-kino-teatruose-lietuvos-kino-kureju-premjeros\/#primaryimage"},"thumbnailUrl":"https:\/\/filmvilnius.com\/wp-content\/uploads\/2018\/04\/38_Reduced-scaled.jpg","articleSection":["Naujienos"],"inLanguage":"lt-LT"},{"@type":"WebPage","@id":"https:\/\/filmvilnius.com\/lt\/lietuviu-kino-teatruose-lietuvos-kino-kureju-premjeros\/","url":"https:\/\/filmvilnius.com\/lt\/lietuviu-kino-teatruose-lietuvos-kino-kureju-premjeros\/","name":"Kino teatruose \u2013 Lietuvos kino k\u016br\u0117j\u0173 premjeros - Vilnius film office","isPartOf":{"@id":"https:\/\/filmvilnius.com\/#website"},"primaryImageOfPage":{"@id":"https:\/\/filmvilnius.com\/lt\/lietuviu-kino-teatruose-lietuvos-kino-kureju-premjeros\/#primaryimage"},"image":{"@id":"https:\/\/filmvilnius.com\/lt\/lietuviu-kino-teatruose-lietuvos-kino-kureju-premjeros\/#primaryimage"},"thumbnailUrl":"https:\/\/filmvilnius.com\/wp-content\/uploads\/2018\/04\/38_Reduced-scaled.jpg","datePublished":"2018-04-19T13:39:50+00:00","dateModified":"2023-01-12T06:22:52+00:00","breadcrumb":{"@id":"https:\/\/filmvilnius.com\/lt\/lietuviu-kino-teatruose-lietuvos-kino-kureju-premjeros\/#breadcrumb"},"inLanguage":"lt-LT","potentialAction":[{"@type":"ReadAction","target":["https:\/\/filmvilnius.com\/lt\/lietuviu-kino-teatruose-lietuvos-kino-kureju-premjeros\/"]}]},{"@type":"ImageObject","inLanguage":"lt-LT","@id":"https:\/\/filmvilnius.com\/lt\/lietuviu-kino-teatruose-lietuvos-kino-kureju-premjeros\/#primaryimage","url":"https:\/\/filmvilnius.com\/wp-content\/uploads\/2018\/04\/38_Reduced-scaled.jpg","contentUrl":"https:\/\/filmvilnius.com\/wp-content\/uploads\/2018\/04\/38_Reduced-scaled.jpg","width":2560,"height":1707},{"@type":"BreadcrumbList","@id":"https:\/\/filmvilnius.com\/lt\/lietuviu-kino-teatruose-lietuvos-kino-kureju-premjeros\/#breadcrumb","itemListElement":[{"@type":"ListItem","position":1,"name":"Home","item":"https:\/\/filmvilnius.com\/lt\/"},{"@type":"ListItem","position":2,"name":"Kino teatruose \u2013 Lietuvos kino k\u016br\u0117j\u0173 premjeros"}]},{"@type":"WebSite","@id":"https:\/\/filmvilnius.com\/#website","url":"https:\/\/filmvilnius.com\/","name":"Vilnius film office","description":"","publisher":{"@id":"https:\/\/filmvilnius.com\/#organization"},"potentialAction":[{"@type":"SearchAction","target":{"@type":"EntryPoint","urlTemplate":"https:\/\/filmvilnius.com\/?s={search_term_string}"},"query-input":{"@type":"PropertyValueSpecification","valueRequired":true,"valueName":"search_term_string"}}],"inLanguage":"lt-LT"},{"@type":"Organization","@id":"https:\/\/filmvilnius.com\/#organization","name":"Vilniaus kino biuras","url":"https:\/\/filmvilnius.com\/","logo":{"@type":"ImageObject","inLanguage":"lt-LT","@id":"https:\/\/filmvilnius.com\/#\/schema\/logo\/image\/","url":"https:\/\/filmvilnius.com\/wp-content\/uploads\/2022\/12\/VKB-Logo-2022-EN-2-V.jpg","contentUrl":"https:\/\/filmvilnius.com\/wp-content\/uploads\/2022\/12\/VKB-Logo-2022-EN-2-V.jpg","width":1419,"height":1418,"caption":"Vilniaus kino biuras"},"image":{"@id":"https:\/\/filmvilnius.com\/#\/schema\/logo\/image\/"},"sameAs":["https:\/\/www.facebook.com\/filmvilnius","https:\/\/x.com\/FilmVilnius","https:\/\/www.instagram.com\/filmvilnius\/"]},{"@type":"Person","@id":"https:\/\/filmvilnius.com\/#\/schema\/person\/8b5cdb3983bdc74eeb47d664a07e8a7c","name":"Vilniaus kino biuras","image":{"@type":"ImageObject","inLanguage":"lt-LT","@id":"https:\/\/secure.gravatar.com\/avatar\/644725169c69ad57061a7da5874c1d84a0c902f0dc424faee665d0c37cb52e24?s=96&d=mm&r=g","url":"https:\/\/secure.gravatar.com\/avatar\/644725169c69ad57061a7da5874c1d84a0c902f0dc424faee665d0c37cb52e24?s=96&d=mm&r=g","contentUrl":"https:\/\/secure.gravatar.com\/avatar\/644725169c69ad57061a7da5874c1d84a0c902f0dc424faee665d0c37cb52e24?s=96&d=mm&r=g","caption":"Vilniaus kino biuras"},"url":"https:\/\/filmvilnius.com\/lt\/author\/4b35ef9e4d264bd9\/"}]}},"_links":{"self":[{"href":"https:\/\/filmvilnius.com\/lt\/wp-json\/wp\/v2\/posts\/3197","targetHints":{"allow":["GET"]}}],"collection":[{"href":"https:\/\/filmvilnius.com\/lt\/wp-json\/wp\/v2\/posts"}],"about":[{"href":"https:\/\/filmvilnius.com\/lt\/wp-json\/wp\/v2\/types\/post"}],"author":[{"embeddable":true,"href":"https:\/\/filmvilnius.com\/lt\/wp-json\/wp\/v2\/users\/3"}],"replies":[{"embeddable":true,"href":"https:\/\/filmvilnius.com\/lt\/wp-json\/wp\/v2\/comments?post=3197"}],"version-history":[{"count":3,"href":"https:\/\/filmvilnius.com\/lt\/wp-json\/wp\/v2\/posts\/3197\/revisions"}],"predecessor-version":[{"id":7549,"href":"https:\/\/filmvilnius.com\/lt\/wp-json\/wp\/v2\/posts\/3197\/revisions\/7549"}],"wp:featuredmedia":[{"embeddable":true,"href":"https:\/\/filmvilnius.com\/lt\/wp-json\/wp\/v2\/media\/7547"}],"wp:attachment":[{"href":"https:\/\/filmvilnius.com\/lt\/wp-json\/wp\/v2\/media?parent=3197"}],"wp:term":[{"taxonomy":"category","embeddable":true,"href":"https:\/\/filmvilnius.com\/lt\/wp-json\/wp\/v2\/categories?post=3197"},{"taxonomy":"post_tag","embeddable":true,"href":"https:\/\/filmvilnius.com\/lt\/wp-json\/wp\/v2\/tags?post=3197"}],"curies":[{"name":"wp","href":"https:\/\/api.w.org\/{rel}","templated":true}]}}