{"id":3831,"date":"2019-05-23T16:02:01","date_gmt":"2019-05-23T13:02:01","guid":{"rendered":"https:\/\/filmvilnius.com\/?p=3831"},"modified":"2026-04-28T11:43:19","modified_gmt":"2026-04-28T09:43:19","slug":"lietuviu-lietuvos-prodiuseriu-darbas-nominuotas-monte-karlo-festivalyje-kartu-su-pasaulyje-pripazinimo-jau-sulaukusiais-tv-serialais","status":"publish","type":"post","link":"https:\/\/filmvilnius.com\/lt\/lietuviu-lietuvos-prodiuseriu-darbas-nominuotas-monte-karlo-festivalyje-kartu-su-pasaulyje-pripazinimo-jau-sulaukusiais-tv-serialais\/","title":{"rendered":"Lietuvos prodiuseri\u0173 darbas nominuotas Monte Karlo festivalyje kartu su pasaulyje pripa\u017einimo jau sulaukusiais TV serialais"},"content":{"rendered":"<p><!--:lt-->TV serialas \u201eKriminalin\u0117 Maskva\u201c, kur\u012f pirm\u0105 kart\u0105 \u0161alies istorijoje kartu su \u0160vedija, Lenkija ir Suomija prodiusavo ir Lietuva, nominuotas 59-ajame Monte Karlo televizijos festivalyje kartu su Netflix ir BBC prodiusuotais darbais.<\/p>\n<p>\u0160i\u0173 met\u0173 bir\u017eelio viduryje \u012fvyksiantis tarptautinis Monte Karlo televizijos festivalis, gyvuojantis jau daugiau nei pus\u0119 am\u017eiaus, oficialiai paskelb\u0117 konkurso nominantus, tarp kuri\u0173 \u2013 ir Lietuvos su kitomis \u0161alimis bendrai gamintas TV serialas \u201eKriminalin\u0117 Maskva\u201d. Jis nominuotas tiek geriausios TV dramos, tiek geriausio aktoriaus kategorijoje. Tai i\u0161ties neeilinis \u012fvykis Lietuvos kino industrijai \u2013 festivalyje kartu var\u017eosi ir tokio \u017einomumo serialai kaip \u201eKilling Eve\u201d (JK), \u201eBodyguard\u201d (JK), \u201eAmerican Crime Story\u201d (JAV), transliuojami Netflix ir BBC platformose, o geriausi\u0173 aktori\u0173 nominacijoje ir tokios pasaulinio kino \u017evaig\u017ed\u0117s kaip Pen\u00e9lope Cruz ar Hugh Grant.<\/p>\n<p>Lietuvoje filmuotas serialas \u201eKriminalin\u0117 Maskva\u201d gamintas bendradarbiaujant lietuvi\u0173 ir \u0161ved\u0173 kino kompanijoms \u201cDANSU\u201d ir \u201eBlack Spark Film&amp;TV\u201d. Lietuvoje \u0161\u012f serial\u0105 \u017ei\u016brovai neseniai gal\u0117jo pamatyti per BTV kanal\u0105. TV seriale pagrindinius vaidmenis atliko ir \u017eym\u016bs lietuvi\u0173 aktoriai: Mindaugas Papinigis, \u017dilvinas Tratas, Marius Rep\u0161ys, Mykolas Vild\u017ei\u016bnas, Valentinas Krulikovskis, Gediminas Storpir\u0161tis, Emilija Lat\u0117nait\u0117-Bieliauskien\u0117, Gabija Siurbyt\u0117 ir kt.<\/p>\n<p>Tai pirmas kartas Lietuvos kino istorijoje, kai tokio dyd\u017eio serialo bendragamintojais tapo ir Lietuvos kino kompanija. \u201eDansu\u201d prodiuser\u0117 Gabija Siurbyt\u0117 teigia, jog tai \u2013 did\u017eiausias lietuvi\u0173 darbo \u012fvertinimas. \u201eI\u0161 ties\u0173 \u2013 lietuvi\u0173 komandos ind\u0117lis \u0161iame projekte nei\u0161matuojamas. Prie serialo s\u0117km\u0117s prisid\u0117jo ir lietuvi\u0173 aktoriai, ir gamybos departamentas, ir filmavimo komanda. Tai neb\u016bt\u0173 \u012fmanoma ir be Lietuvos pelno mokes\u010dio lengvatos kinui bei Vilniaus savivaldyb\u0117s pagalbos. Visi susivienij\u0119 suk\u016br\u0117me auk\u0161tos kokyb\u0117s televizijos produkt\u0105. Patekti tarp nominant\u0173 Monte Karlo festivalyje yra didelis paskatinimas ir toliau ne tik si\u016blyti filmavim\u0105 Lietuvoje, bet ir prisid\u0117ti k\u016brybi\u0161kai bei finansi\u0161kai. Po tokio s\u0117kmingo starto svarstome apie galimyb\u0119 prat\u0119sti serialo gamybos darbus Lietuvoje ir kartu su \u0161vedais kurti antr\u0105j\u012f serialo \u201eKriminalin\u0117 Maskva\u201d sezon\u0105.\u201d Tiesa, verta pamin\u0117ti ir tai, jog serialo k\u016br\u0117j\u0173 komandoje i\u0161ties netr\u016bksta kino senbuvi\u0173 ir patyrusi\u0173 k\u016br\u0117j\u0173 \u2013 pagrindinio serialo re\u017eisieriaus Mikael H\u00e5fstr\u00f6m talentas \u012fvertintas tarptautiniu mastu \u2013 vienas jo film\u0173 buvo nominuotas \u201eOskarui\u201d geriausio u\u017esienieti\u0161ko filmo kategorijoje, o vienas i\u0161 serialo prodiuseri\u0173 \u2013 Malte Forssell, prodiusavo tokius \u017eymius filmus kaip \u201e\u0160ok\u0117ja tamsoje\u201d, \u201eMergina su drakono tatuiruote\u201d, \u201e\u0160imtametis, kuris i\u0161lipo pro lang\u0105 ir dingo\u201d ir kt.<\/p>\n<p>Monte Karlo festivalyje nominuoto TV serialo \u201eKriminalin\u0117 Maskva\u201c veiksmas nukelia \u012f 1999-\u0173j\u0173 Maskv\u0105, kur vis dar galioja korupcijos ir oligarch\u0173 \u012fstatymai. \u012evyki\u0173 centre \u2013 jaunas investuotojas \u0161vedas, kuris nor\u0117damas pad\u0117ti draugui \u012fsivelia \u012f mafijos tinkl\u0105. Prasideda nepaai\u0161kinamos \u017emoni\u0173 mirtys ir jaunasis \u0161vedas bando surasti kaltininkus. TV serialas yra sukurtas pagal Camillos Grebe ir Paulo Leanderio Engstr\u00f6mo knyg\u0105 \u201eDirigentas i\u0161 Sankt Peterburgo\u201c (\u0161ved\u0173 k. \u2013 \u201eDirigenten fr\u00e5n St. Petersburg\u201c).<br \/>\n<!--:--><\/p>\n","protected":false},"excerpt":{"rendered":"<p>TV serialas \u201eKriminalin\u0117 Maskva\u201c, kur\u012f pirm\u0105 kart\u0105 \u0161alies istorijoje kartu su \u0160vedija, Lenkija ir Suomija prodiusavo ir Lietuva, nominuotas 59-ajame Monte Karlo televizijos festivalyje kartu su Netflix ir BBC prodiusuotais darbais. \u0160i\u0173 met\u0173 bir\u017eelio viduryje \u012fvyksiantis tarptautinis Monte Karlo televizijos festivalis, gyvuojantis jau daugiau nei pus\u0119 am\u017eiaus, oficialiai paskelb\u0117 konkurso nominantus, tarp kuri\u0173 \u2013 ir [&hellip;]<\/p>\n","protected":false},"author":3,"featured_media":7600,"comment_status":"closed","ping_status":"open","sticky":false,"template":"","format":"standard","meta":{"_acf_changed":false,"_monsterinsights_skip_tracking":false,"_monsterinsights_sitenote_active":false,"_monsterinsights_sitenote_note":"","_monsterinsights_sitenote_category":0,"footnotes":""},"categories":[193,58],"tags":[],"class_list":["post-3831","post","type-post","status-publish","format-standard","has-post-thumbnail","hentry","category-kino-industrijos-naujienos","category-news"],"acf":[],"yoast_head":"<!-- This site is optimized with the Yoast SEO plugin v27.4 - https:\/\/yoast.com\/product\/yoast-seo-wordpress\/ -->\n<title>Lietuvos prodiuseri\u0173 darbas nominuotas Monte Karlo festivalyje kartu su pasaulyje pripa\u017einimo jau sulaukusiais TV serialais - Vilnius film office<\/title>\n<meta name=\"robots\" content=\"index, follow, max-snippet:-1, max-image-preview:large, max-video-preview:-1\" \/>\n<link rel=\"canonical\" href=\"https:\/\/filmvilnius.com\/lt\/lietuviu-lietuvos-prodiuseriu-darbas-nominuotas-monte-karlo-festivalyje-kartu-su-pasaulyje-pripazinimo-jau-sulaukusiais-tv-serialais\/\" \/>\n<meta property=\"og:locale\" content=\"lt_LT\" \/>\n<meta property=\"og:type\" content=\"article\" \/>\n<meta property=\"og:title\" content=\"Lietuvos prodiuseri\u0173 darbas nominuotas Monte Karlo festivalyje kartu su pasaulyje pripa\u017einimo jau sulaukusiais TV serialais - Vilnius film office\" \/>\n<meta property=\"og:description\" content=\"TV serialas \u201eKriminalin\u0117 Maskva\u201c, kur\u012f pirm\u0105 kart\u0105 \u0161alies istorijoje kartu su \u0160vedija, Lenkija ir Suomija prodiusavo ir Lietuva, nominuotas 59-ajame Monte Karlo televizijos festivalyje kartu su Netflix ir BBC prodiusuotais darbais. \u0160i\u0173 met\u0173 bir\u017eelio viduryje \u012fvyksiantis tarptautinis Monte Karlo televizijos festivalis, gyvuojantis jau daugiau nei pus\u0119 am\u017eiaus, oficialiai paskelb\u0117 konkurso nominantus, tarp kuri\u0173 \u2013 ir [&hellip;]\" \/>\n<meta property=\"og:url\" content=\"https:\/\/filmvilnius.com\/lt\/lietuviu-lietuvos-prodiuseriu-darbas-nominuotas-monte-karlo-festivalyje-kartu-su-pasaulyje-pripazinimo-jau-sulaukusiais-tv-serialais\/\" \/>\n<meta property=\"og:site_name\" content=\"Vilnius film office\" \/>\n<meta property=\"article:publisher\" content=\"https:\/\/www.facebook.com\/filmvilnius\" \/>\n<meta property=\"article:published_time\" content=\"2019-05-23T13:02:01+00:00\" \/>\n<meta property=\"article:modified_time\" content=\"2026-04-28T09:43:19+00:00\" \/>\n<meta property=\"og:image\" content=\"https:\/\/filmvilnius.com\/wp-content\/uploads\/2019\/05\/59_Reduced.jpg\" \/>\n\t<meta property=\"og:image:width\" content=\"2048\" \/>\n\t<meta property=\"og:image:height\" content=\"1365\" \/>\n\t<meta property=\"og:image:type\" content=\"image\/jpeg\" \/>\n<meta name=\"author\" content=\"Vilniaus kino biuras\" \/>\n<meta name=\"twitter:card\" content=\"summary_large_image\" \/>\n<meta name=\"twitter:creator\" content=\"@FilmVilnius\" \/>\n<meta name=\"twitter:site\" content=\"@FilmVilnius\" \/>\n<meta name=\"twitter:label1\" content=\"Written by\" \/>\n\t<meta name=\"twitter:data1\" content=\"Vilniaus kino biuras\" \/>\n\t<meta name=\"twitter:label2\" content=\"Est. reading time\" \/>\n\t<meta name=\"twitter:data2\" content=\"2 minut\u0117s\" \/>\n<script type=\"application\/ld+json\" class=\"yoast-schema-graph\">{\"@context\":\"https:\\\/\\\/schema.org\",\"@graph\":[{\"@type\":\"Article\",\"@id\":\"https:\\\/\\\/filmvilnius.com\\\/lt\\\/lietuviu-lietuvos-prodiuseriu-darbas-nominuotas-monte-karlo-festivalyje-kartu-su-pasaulyje-pripazinimo-jau-sulaukusiais-tv-serialais\\\/#article\",\"isPartOf\":{\"@id\":\"https:\\\/\\\/filmvilnius.com\\\/lt\\\/lietuviu-lietuvos-prodiuseriu-darbas-nominuotas-monte-karlo-festivalyje-kartu-su-pasaulyje-pripazinimo-jau-sulaukusiais-tv-serialais\\\/\"},\"author\":{\"name\":\"Vilniaus kino biuras\",\"@id\":\"https:\\\/\\\/filmvilnius.com\\\/#\\\/schema\\\/person\\\/8b5cdb3983bdc74eeb47d664a07e8a7c\"},\"headline\":\"Lietuvos prodiuseri\u0173 darbas nominuotas Monte Karlo festivalyje kartu su pasaulyje pripa\u017einimo jau sulaukusiais TV serialais\",\"datePublished\":\"2019-05-23T13:02:01+00:00\",\"dateModified\":\"2026-04-28T09:43:19+00:00\",\"mainEntityOfPage\":{\"@id\":\"https:\\\/\\\/filmvilnius.com\\\/lt\\\/lietuviu-lietuvos-prodiuseriu-darbas-nominuotas-monte-karlo-festivalyje-kartu-su-pasaulyje-pripazinimo-jau-sulaukusiais-tv-serialais\\\/\"},\"wordCount\":486,\"publisher\":{\"@id\":\"https:\\\/\\\/filmvilnius.com\\\/#organization\"},\"image\":{\"@id\":\"https:\\\/\\\/filmvilnius.com\\\/lt\\\/lietuviu-lietuvos-prodiuseriu-darbas-nominuotas-monte-karlo-festivalyje-kartu-su-pasaulyje-pripazinimo-jau-sulaukusiais-tv-serialais\\\/#primaryimage\"},\"thumbnailUrl\":\"https:\\\/\\\/filmvilnius.com\\\/wp-content\\\/uploads\\\/2019\\\/05\\\/59_Reduced.jpg\",\"articleSection\":[\"Kino industrijos naujienos\",\"Naujienos\"],\"inLanguage\":\"lt-LT\"},{\"@type\":\"WebPage\",\"@id\":\"https:\\\/\\\/filmvilnius.com\\\/lt\\\/lietuviu-lietuvos-prodiuseriu-darbas-nominuotas-monte-karlo-festivalyje-kartu-su-pasaulyje-pripazinimo-jau-sulaukusiais-tv-serialais\\\/\",\"url\":\"https:\\\/\\\/filmvilnius.com\\\/lt\\\/lietuviu-lietuvos-prodiuseriu-darbas-nominuotas-monte-karlo-festivalyje-kartu-su-pasaulyje-pripazinimo-jau-sulaukusiais-tv-serialais\\\/\",\"name\":\"Lietuvos prodiuseri\u0173 darbas nominuotas Monte Karlo festivalyje kartu su pasaulyje pripa\u017einimo jau sulaukusiais TV serialais - Vilnius film office\",\"isPartOf\":{\"@id\":\"https:\\\/\\\/filmvilnius.com\\\/#website\"},\"primaryImageOfPage\":{\"@id\":\"https:\\\/\\\/filmvilnius.com\\\/lt\\\/lietuviu-lietuvos-prodiuseriu-darbas-nominuotas-monte-karlo-festivalyje-kartu-su-pasaulyje-pripazinimo-jau-sulaukusiais-tv-serialais\\\/#primaryimage\"},\"image\":{\"@id\":\"https:\\\/\\\/filmvilnius.com\\\/lt\\\/lietuviu-lietuvos-prodiuseriu-darbas-nominuotas-monte-karlo-festivalyje-kartu-su-pasaulyje-pripazinimo-jau-sulaukusiais-tv-serialais\\\/#primaryimage\"},\"thumbnailUrl\":\"https:\\\/\\\/filmvilnius.com\\\/wp-content\\\/uploads\\\/2019\\\/05\\\/59_Reduced.jpg\",\"datePublished\":\"2019-05-23T13:02:01+00:00\",\"dateModified\":\"2026-04-28T09:43:19+00:00\",\"breadcrumb\":{\"@id\":\"https:\\\/\\\/filmvilnius.com\\\/lt\\\/lietuviu-lietuvos-prodiuseriu-darbas-nominuotas-monte-karlo-festivalyje-kartu-su-pasaulyje-pripazinimo-jau-sulaukusiais-tv-serialais\\\/#breadcrumb\"},\"inLanguage\":\"lt-LT\",\"potentialAction\":[{\"@type\":\"ReadAction\",\"target\":[\"https:\\\/\\\/filmvilnius.com\\\/lt\\\/lietuviu-lietuvos-prodiuseriu-darbas-nominuotas-monte-karlo-festivalyje-kartu-su-pasaulyje-pripazinimo-jau-sulaukusiais-tv-serialais\\\/\"]}]},{\"@type\":\"ImageObject\",\"inLanguage\":\"lt-LT\",\"@id\":\"https:\\\/\\\/filmvilnius.com\\\/lt\\\/lietuviu-lietuvos-prodiuseriu-darbas-nominuotas-monte-karlo-festivalyje-kartu-su-pasaulyje-pripazinimo-jau-sulaukusiais-tv-serialais\\\/#primaryimage\",\"url\":\"https:\\\/\\\/filmvilnius.com\\\/wp-content\\\/uploads\\\/2019\\\/05\\\/59_Reduced.jpg\",\"contentUrl\":\"https:\\\/\\\/filmvilnius.com\\\/wp-content\\\/uploads\\\/2019\\\/05\\\/59_Reduced.jpg\",\"width\":2048,\"height\":1365},{\"@type\":\"BreadcrumbList\",\"@id\":\"https:\\\/\\\/filmvilnius.com\\\/lt\\\/lietuviu-lietuvos-prodiuseriu-darbas-nominuotas-monte-karlo-festivalyje-kartu-su-pasaulyje-pripazinimo-jau-sulaukusiais-tv-serialais\\\/#breadcrumb\",\"itemListElement\":[{\"@type\":\"ListItem\",\"position\":1,\"name\":\"Home\",\"item\":\"https:\\\/\\\/filmvilnius.com\\\/lt\\\/\"},{\"@type\":\"ListItem\",\"position\":2,\"name\":\"Lietuvos prodiuseri\u0173 darbas nominuotas Monte Karlo festivalyje kartu su pasaulyje pripa\u017einimo jau sulaukusiais TV serialais\"}]},{\"@type\":\"WebSite\",\"@id\":\"https:\\\/\\\/filmvilnius.com\\\/#website\",\"url\":\"https:\\\/\\\/filmvilnius.com\\\/\",\"name\":\"Vilnius film office\",\"description\":\"\",\"publisher\":{\"@id\":\"https:\\\/\\\/filmvilnius.com\\\/#organization\"},\"potentialAction\":[{\"@type\":\"SearchAction\",\"target\":{\"@type\":\"EntryPoint\",\"urlTemplate\":\"https:\\\/\\\/filmvilnius.com\\\/?s={search_term_string}\"},\"query-input\":{\"@type\":\"PropertyValueSpecification\",\"valueRequired\":true,\"valueName\":\"search_term_string\"}}],\"inLanguage\":\"lt-LT\"},{\"@type\":\"Organization\",\"@id\":\"https:\\\/\\\/filmvilnius.com\\\/#organization\",\"name\":\"Vilniaus kino biuras\",\"url\":\"https:\\\/\\\/filmvilnius.com\\\/\",\"logo\":{\"@type\":\"ImageObject\",\"inLanguage\":\"lt-LT\",\"@id\":\"https:\\\/\\\/filmvilnius.com\\\/#\\\/schema\\\/logo\\\/image\\\/\",\"url\":\"https:\\\/\\\/filmvilnius.com\\\/wp-content\\\/uploads\\\/2022\\\/12\\\/VKB-Logo-2022-EN-2-V.jpg\",\"contentUrl\":\"https:\\\/\\\/filmvilnius.com\\\/wp-content\\\/uploads\\\/2022\\\/12\\\/VKB-Logo-2022-EN-2-V.jpg\",\"width\":1419,\"height\":1418,\"caption\":\"Vilniaus kino biuras\"},\"image\":{\"@id\":\"https:\\\/\\\/filmvilnius.com\\\/#\\\/schema\\\/logo\\\/image\\\/\"},\"sameAs\":[\"https:\\\/\\\/www.facebook.com\\\/filmvilnius\",\"https:\\\/\\\/x.com\\\/FilmVilnius\",\"https:\\\/\\\/www.instagram.com\\\/filmvilnius\\\/\"]},{\"@type\":\"Person\",\"@id\":\"https:\\\/\\\/filmvilnius.com\\\/#\\\/schema\\\/person\\\/8b5cdb3983bdc74eeb47d664a07e8a7c\",\"name\":\"Vilniaus kino biuras\",\"image\":{\"@type\":\"ImageObject\",\"inLanguage\":\"lt-LT\",\"@id\":\"https:\\\/\\\/secure.gravatar.com\\\/avatar\\\/644725169c69ad57061a7da5874c1d84a0c902f0dc424faee665d0c37cb52e24?s=96&d=mm&r=g\",\"url\":\"https:\\\/\\\/secure.gravatar.com\\\/avatar\\\/644725169c69ad57061a7da5874c1d84a0c902f0dc424faee665d0c37cb52e24?s=96&d=mm&r=g\",\"contentUrl\":\"https:\\\/\\\/secure.gravatar.com\\\/avatar\\\/644725169c69ad57061a7da5874c1d84a0c902f0dc424faee665d0c37cb52e24?s=96&d=mm&r=g\",\"caption\":\"Vilniaus kino biuras\"},\"url\":\"https:\\\/\\\/filmvilnius.com\\\/lt\\\/author\\\/4b35ef9e4d264bd9\\\/\"}]}<\/script>\n<!-- \/ Yoast SEO plugin. -->","yoast_head_json":{"title":"Lietuvos prodiuseri\u0173 darbas nominuotas Monte Karlo festivalyje kartu su pasaulyje pripa\u017einimo jau sulaukusiais TV serialais - Vilnius film office","robots":{"index":"index","follow":"follow","max-snippet":"max-snippet:-1","max-image-preview":"max-image-preview:large","max-video-preview":"max-video-preview:-1"},"canonical":"https:\/\/filmvilnius.com\/lt\/lietuviu-lietuvos-prodiuseriu-darbas-nominuotas-monte-karlo-festivalyje-kartu-su-pasaulyje-pripazinimo-jau-sulaukusiais-tv-serialais\/","og_locale":"lt_LT","og_type":"article","og_title":"Lietuvos prodiuseri\u0173 darbas nominuotas Monte Karlo festivalyje kartu su pasaulyje pripa\u017einimo jau sulaukusiais TV serialais - Vilnius film office","og_description":"TV serialas \u201eKriminalin\u0117 Maskva\u201c, kur\u012f pirm\u0105 kart\u0105 \u0161alies istorijoje kartu su \u0160vedija, Lenkija ir Suomija prodiusavo ir Lietuva, nominuotas 59-ajame Monte Karlo televizijos festivalyje kartu su Netflix ir BBC prodiusuotais darbais. \u0160i\u0173 met\u0173 bir\u017eelio viduryje \u012fvyksiantis tarptautinis Monte Karlo televizijos festivalis, gyvuojantis jau daugiau nei pus\u0119 am\u017eiaus, oficialiai paskelb\u0117 konkurso nominantus, tarp kuri\u0173 \u2013 ir [&hellip;]","og_url":"https:\/\/filmvilnius.com\/lt\/lietuviu-lietuvos-prodiuseriu-darbas-nominuotas-monte-karlo-festivalyje-kartu-su-pasaulyje-pripazinimo-jau-sulaukusiais-tv-serialais\/","og_site_name":"Vilnius film office","article_publisher":"https:\/\/www.facebook.com\/filmvilnius","article_published_time":"2019-05-23T13:02:01+00:00","article_modified_time":"2026-04-28T09:43:19+00:00","og_image":[{"width":2048,"height":1365,"url":"https:\/\/filmvilnius.com\/wp-content\/uploads\/2019\/05\/59_Reduced.jpg","type":"image\/jpeg"}],"author":"Vilniaus kino biuras","twitter_card":"summary_large_image","twitter_creator":"@FilmVilnius","twitter_site":"@FilmVilnius","twitter_misc":{"Written by":"Vilniaus kino biuras","Est. reading time":"2 minut\u0117s"},"schema":{"@context":"https:\/\/schema.org","@graph":[{"@type":"Article","@id":"https:\/\/filmvilnius.com\/lt\/lietuviu-lietuvos-prodiuseriu-darbas-nominuotas-monte-karlo-festivalyje-kartu-su-pasaulyje-pripazinimo-jau-sulaukusiais-tv-serialais\/#article","isPartOf":{"@id":"https:\/\/filmvilnius.com\/lt\/lietuviu-lietuvos-prodiuseriu-darbas-nominuotas-monte-karlo-festivalyje-kartu-su-pasaulyje-pripazinimo-jau-sulaukusiais-tv-serialais\/"},"author":{"name":"Vilniaus kino biuras","@id":"https:\/\/filmvilnius.com\/#\/schema\/person\/8b5cdb3983bdc74eeb47d664a07e8a7c"},"headline":"Lietuvos prodiuseri\u0173 darbas nominuotas Monte Karlo festivalyje kartu su pasaulyje pripa\u017einimo jau sulaukusiais TV serialais","datePublished":"2019-05-23T13:02:01+00:00","dateModified":"2026-04-28T09:43:19+00:00","mainEntityOfPage":{"@id":"https:\/\/filmvilnius.com\/lt\/lietuviu-lietuvos-prodiuseriu-darbas-nominuotas-monte-karlo-festivalyje-kartu-su-pasaulyje-pripazinimo-jau-sulaukusiais-tv-serialais\/"},"wordCount":486,"publisher":{"@id":"https:\/\/filmvilnius.com\/#organization"},"image":{"@id":"https:\/\/filmvilnius.com\/lt\/lietuviu-lietuvos-prodiuseriu-darbas-nominuotas-monte-karlo-festivalyje-kartu-su-pasaulyje-pripazinimo-jau-sulaukusiais-tv-serialais\/#primaryimage"},"thumbnailUrl":"https:\/\/filmvilnius.com\/wp-content\/uploads\/2019\/05\/59_Reduced.jpg","articleSection":["Kino industrijos naujienos","Naujienos"],"inLanguage":"lt-LT"},{"@type":"WebPage","@id":"https:\/\/filmvilnius.com\/lt\/lietuviu-lietuvos-prodiuseriu-darbas-nominuotas-monte-karlo-festivalyje-kartu-su-pasaulyje-pripazinimo-jau-sulaukusiais-tv-serialais\/","url":"https:\/\/filmvilnius.com\/lt\/lietuviu-lietuvos-prodiuseriu-darbas-nominuotas-monte-karlo-festivalyje-kartu-su-pasaulyje-pripazinimo-jau-sulaukusiais-tv-serialais\/","name":"Lietuvos prodiuseri\u0173 darbas nominuotas Monte Karlo festivalyje kartu su pasaulyje pripa\u017einimo jau sulaukusiais TV serialais - Vilnius film office","isPartOf":{"@id":"https:\/\/filmvilnius.com\/#website"},"primaryImageOfPage":{"@id":"https:\/\/filmvilnius.com\/lt\/lietuviu-lietuvos-prodiuseriu-darbas-nominuotas-monte-karlo-festivalyje-kartu-su-pasaulyje-pripazinimo-jau-sulaukusiais-tv-serialais\/#primaryimage"},"image":{"@id":"https:\/\/filmvilnius.com\/lt\/lietuviu-lietuvos-prodiuseriu-darbas-nominuotas-monte-karlo-festivalyje-kartu-su-pasaulyje-pripazinimo-jau-sulaukusiais-tv-serialais\/#primaryimage"},"thumbnailUrl":"https:\/\/filmvilnius.com\/wp-content\/uploads\/2019\/05\/59_Reduced.jpg","datePublished":"2019-05-23T13:02:01+00:00","dateModified":"2026-04-28T09:43:19+00:00","breadcrumb":{"@id":"https:\/\/filmvilnius.com\/lt\/lietuviu-lietuvos-prodiuseriu-darbas-nominuotas-monte-karlo-festivalyje-kartu-su-pasaulyje-pripazinimo-jau-sulaukusiais-tv-serialais\/#breadcrumb"},"inLanguage":"lt-LT","potentialAction":[{"@type":"ReadAction","target":["https:\/\/filmvilnius.com\/lt\/lietuviu-lietuvos-prodiuseriu-darbas-nominuotas-monte-karlo-festivalyje-kartu-su-pasaulyje-pripazinimo-jau-sulaukusiais-tv-serialais\/"]}]},{"@type":"ImageObject","inLanguage":"lt-LT","@id":"https:\/\/filmvilnius.com\/lt\/lietuviu-lietuvos-prodiuseriu-darbas-nominuotas-monte-karlo-festivalyje-kartu-su-pasaulyje-pripazinimo-jau-sulaukusiais-tv-serialais\/#primaryimage","url":"https:\/\/filmvilnius.com\/wp-content\/uploads\/2019\/05\/59_Reduced.jpg","contentUrl":"https:\/\/filmvilnius.com\/wp-content\/uploads\/2019\/05\/59_Reduced.jpg","width":2048,"height":1365},{"@type":"BreadcrumbList","@id":"https:\/\/filmvilnius.com\/lt\/lietuviu-lietuvos-prodiuseriu-darbas-nominuotas-monte-karlo-festivalyje-kartu-su-pasaulyje-pripazinimo-jau-sulaukusiais-tv-serialais\/#breadcrumb","itemListElement":[{"@type":"ListItem","position":1,"name":"Home","item":"https:\/\/filmvilnius.com\/lt\/"},{"@type":"ListItem","position":2,"name":"Lietuvos prodiuseri\u0173 darbas nominuotas Monte Karlo festivalyje kartu su pasaulyje pripa\u017einimo jau sulaukusiais TV serialais"}]},{"@type":"WebSite","@id":"https:\/\/filmvilnius.com\/#website","url":"https:\/\/filmvilnius.com\/","name":"Vilnius film office","description":"","publisher":{"@id":"https:\/\/filmvilnius.com\/#organization"},"potentialAction":[{"@type":"SearchAction","target":{"@type":"EntryPoint","urlTemplate":"https:\/\/filmvilnius.com\/?s={search_term_string}"},"query-input":{"@type":"PropertyValueSpecification","valueRequired":true,"valueName":"search_term_string"}}],"inLanguage":"lt-LT"},{"@type":"Organization","@id":"https:\/\/filmvilnius.com\/#organization","name":"Vilniaus kino biuras","url":"https:\/\/filmvilnius.com\/","logo":{"@type":"ImageObject","inLanguage":"lt-LT","@id":"https:\/\/filmvilnius.com\/#\/schema\/logo\/image\/","url":"https:\/\/filmvilnius.com\/wp-content\/uploads\/2022\/12\/VKB-Logo-2022-EN-2-V.jpg","contentUrl":"https:\/\/filmvilnius.com\/wp-content\/uploads\/2022\/12\/VKB-Logo-2022-EN-2-V.jpg","width":1419,"height":1418,"caption":"Vilniaus kino biuras"},"image":{"@id":"https:\/\/filmvilnius.com\/#\/schema\/logo\/image\/"},"sameAs":["https:\/\/www.facebook.com\/filmvilnius","https:\/\/x.com\/FilmVilnius","https:\/\/www.instagram.com\/filmvilnius\/"]},{"@type":"Person","@id":"https:\/\/filmvilnius.com\/#\/schema\/person\/8b5cdb3983bdc74eeb47d664a07e8a7c","name":"Vilniaus kino biuras","image":{"@type":"ImageObject","inLanguage":"lt-LT","@id":"https:\/\/secure.gravatar.com\/avatar\/644725169c69ad57061a7da5874c1d84a0c902f0dc424faee665d0c37cb52e24?s=96&d=mm&r=g","url":"https:\/\/secure.gravatar.com\/avatar\/644725169c69ad57061a7da5874c1d84a0c902f0dc424faee665d0c37cb52e24?s=96&d=mm&r=g","contentUrl":"https:\/\/secure.gravatar.com\/avatar\/644725169c69ad57061a7da5874c1d84a0c902f0dc424faee665d0c37cb52e24?s=96&d=mm&r=g","caption":"Vilniaus kino biuras"},"url":"https:\/\/filmvilnius.com\/lt\/author\/4b35ef9e4d264bd9\/"}]}},"_links":{"self":[{"href":"https:\/\/filmvilnius.com\/lt\/wp-json\/wp\/v2\/posts\/3831","targetHints":{"allow":["GET"]}}],"collection":[{"href":"https:\/\/filmvilnius.com\/lt\/wp-json\/wp\/v2\/posts"}],"about":[{"href":"https:\/\/filmvilnius.com\/lt\/wp-json\/wp\/v2\/types\/post"}],"author":[{"embeddable":true,"href":"https:\/\/filmvilnius.com\/lt\/wp-json\/wp\/v2\/users\/3"}],"replies":[{"embeddable":true,"href":"https:\/\/filmvilnius.com\/lt\/wp-json\/wp\/v2\/comments?post=3831"}],"version-history":[{"count":2,"href":"https:\/\/filmvilnius.com\/lt\/wp-json\/wp\/v2\/posts\/3831\/revisions"}],"predecessor-version":[{"id":7601,"href":"https:\/\/filmvilnius.com\/lt\/wp-json\/wp\/v2\/posts\/3831\/revisions\/7601"}],"wp:featuredmedia":[{"embeddable":true,"href":"https:\/\/filmvilnius.com\/lt\/wp-json\/wp\/v2\/media\/7600"}],"wp:attachment":[{"href":"https:\/\/filmvilnius.com\/lt\/wp-json\/wp\/v2\/media?parent=3831"}],"wp:term":[{"taxonomy":"category","embeddable":true,"href":"https:\/\/filmvilnius.com\/lt\/wp-json\/wp\/v2\/categories?post=3831"},{"taxonomy":"post_tag","embeddable":true,"href":"https:\/\/filmvilnius.com\/lt\/wp-json\/wp\/v2\/tags?post=3831"}],"curies":[{"name":"wp","href":"https:\/\/api.w.org\/{rel}","templated":true}]}}