{"id":3950,"date":"2019-12-06T18:40:01","date_gmt":"2019-12-06T15:40:01","guid":{"rendered":"https:\/\/filmvilnius.com\/?p=3950"},"modified":"2026-04-28T11:41:12","modified_gmt":"2026-04-28T09:41:12","slug":"lietuviu-vilniaus-kulturineje-orbitoje-pradeda-suktis-nauja-planeta","status":"publish","type":"post","link":"https:\/\/filmvilnius.com\/lt\/lietuviu-vilniaus-kulturineje-orbitoje-pradeda-suktis-nauja-planeta\/","title":{"rendered":"Vilniaus kult\u016brin\u0117je orbitoje pradeda suktis nauja \u201ePlaneta\u201d"},"content":{"rendered":"<p><!--:lt-->\u0160. m. gruod\u017eio 12 d., ketvirtadien\u012f, \u012f atidarymo renginius kvie\u010dia nauja kino ir medij\u0173 erdv\u0117 \u201ePlaneta\u201d, \u012fsik\u016brusi A. Go\u0161tauto g. 2. \u0160is pavadinimas tur\u0117t\u0173 b\u016bti gird\u0117tas besidomintiems sostin\u0117s kult\u016bros istorija \u2013 b\u016btent \u0161iose patalpose nuo 1963-\u0173j\u0173 veik\u0117 kino teatras \u201ePlaneta\u201d. I\u0161 prad\u017ei\u0173 jame buvo dvi sal\u0117s, ta\u010diau at\u0117jus sunkme\u010diui antrojoje \u012fsik\u016br\u0117 kompiuterini\u0173 \u017eaidim\u0173 kambarys, v\u0117liau \u2013 re\u017eisieriaus \u0160ar\u016bno Barto studija.<br \/>\nPo pertraukos Vilniaus miesto tarybos sprendimu \u0161ios patalpos gr\u012f\u017eta \u012f Vilniaus vie\u0161\u0173j\u0173 kult\u016bros erdvi\u0173 \u017eem\u0117lap\u012f \u2013 \u010dia \u012fsik\u016br\u0117 \u201eSkalvijos\u201c kino centras, \u201eMeno avilys\u201d ir \u201eVaik\u0173 \u017eem\u0117\u201d, ateityje vyks ir kiti kino bei medij\u0173 renginiai.<br \/>\n\u201ePlanetos\u201c erdv\u0117 bus atvira visiems besidomintiems kino ir medij\u0173 kult\u016bra: nuo gruod\u017eio vidurio \u010dia prad\u0117s veikti vie\u0161oji mediateka, o buvusi kino sal\u0117 pritaikyta vaizdo per\u017ei\u016broms, kino dirbtuv\u0117ms, susitikimams, konferencijoms ir pana\u0161iems renginiams.<br \/>\nVisi norintys susipa\u017einti su nauja erdve kvie\u010diami \u012f \u201ePlanetos\u201c atidarymo renginius gruod\u017eio 12-\u0105j\u0105. Erdv\u0117 bus atvira vis\u0105 dien\u0105, apsilankyti galima prisijungiant prie bet kurios programos dalies. \u012e\u0117jimas laisvas. Registracijos n\u0117ra.<\/p>\n<p>Programa:<br \/>\n9:00 \u2013 11:45 \u201eRa\u0161ytojo kambarys\u201c su knyg\u0173 vaikams autoriumi Tomu Dirg\u0117la ir susitikimas su knygos \u201eVilniaus r\u016bmai ir j\u0173 \u0161eimininkai\u201c dailininke Lina Itagaki bei leid\u0117ja Daiva Rudyte (\u201eVaik\u0173 \u017eem\u0117\u201c).<br \/>\n12:30 \u2013 13:30 Prie\u0161pie\u010diai \u201ePlanetoje\u201c su \u017einiasklaidos atstovais. Dalyvauja Vilniaus miesto mero pavaduotoja Edita Tamo\u0161i\u016bnait\u0117 ir kiti savivaldyb\u0117s atstovai, Lietuvos kult\u016bros tarybos valdybos pirminink\u0117 Daina Urbanavi\u010dien\u0117, \u201eSkalvijos\u201c kino centro, \u201eMeno avilio\u201c ir \u201eVaik\u0173 \u017eem\u0117s\u201c atstovai.<br \/>\n13:30 \u2013 18:00 \u201eSkalvijos\u201c kino akademijos (SKA) student\u0173 filmai, \u201eKarlsono kino\u201c animacijos dirbtuvi\u0173 akimirkos, filmas apie SKA stovykl\u0105 Nidoje (\u201eSkalvijos\u201c kino centras).<br \/>\n16:00 \u2013 22:00 \u201eNepriklausoma sinemateka\u201c (sinemateka.lt) \u2013 ankstyvosios Tomo Andrijausko videomeno k\u016brybos instaliacija \u201eSubrai\u017eyti paveiksliukai\u201c (\u201eMeno avilys\u201c).<br \/>\n19:00 \u2013 21:00 \u201eL\u0117tosios per\u017ei\u016bros\u201c: filmas \u201eMerginos\u201c (re\u017e. Mai Zetterling, 1968, \u0160vedija, 1 val. 40 min.), pristato kino istorik\u0117 Lina Kaminskait\u0117-Jan\u010dorien\u0117 bei ciklo kurator\u0117s Mant\u0117 Vali\u016bnait\u0117 ir Ona Kotryna Dikavi\u010di\u016bt\u0117 (\u201eMeno avilys\u201c).<\/p>\n<p>Apie \u201ePlanetos\u201c gyventojus<\/p>\n<p>\u201eSkalvijos\u201c kino akademija yra vienas i\u0161 edukacini\u0173 \u201eSkalvijos\u201c kino centro projekt\u0173. \u0160i akademija \u2013 antrieji namai mylintiems kin\u0105 ir norintiems j\u012f kurti vyresni\u0173 klasi\u0173 moksleiviams. \u010cia jie supa\u017eindinami su kino k\u016brimo procesu, gilinamos kino teorijos ir istorijos \u017einios: vyksta kino istorijos, kino re\u017eis\u016bros, monta\u017eo ir kitos paskaitos bei praktin\u0117s k\u016brybin\u0117s dirbtuv\u0117s. Kitas \u201eSkalvijos\u201c edukacinis projektas \u2013 kino film\u0173 ir praktini\u0173 u\u017esi\u0117mim\u0173 ciklas \u201eKarlsono kinas\u201c yra skirtas \u0161eimoms su ma\u017eame\u010diais vaikais. \u201eKarlsono kine\u201c kasmet \u012fvyksta vir\u0161 30 \u012fvairi\u0173 animacijos dirbtuvi\u0173. \u201eMokausi i\u0161 kino\u201c \u2013 \u201eSkalvijos\u201c kino centro koordinuojama kino film\u0173 ir dirbtuvi\u0173 programa bendrojo lavinimo mokykloms. Moksleiviams organizuojamos k\u016brybin\u0117s dirbtuv\u0117s \u201ePaversk \u017eod\u017eius vaizdais\u201c, \u201ePortretai\u201c, \u201eAplink mus\u201c ir kt.<br \/>\nDaugiau informacijos: skalvijoskinoakademija.lt; mokausiiskino.lt.<\/p>\n<p>Medij\u0173 edukacijos, gamybos ir tyrim\u0173 centras \u201eMeno avilys\u201c savo veikl\u0105 prie\u0161 15 met\u0173 prad\u0117jo nuo kino vakar\u0173 po atviru dangumi, ta\u010diau pastaraisiais metais gerokai i\u0161pl\u0117t\u0117 savo veikl\u0105: pristat\u0117 lietuvi\u0161kos dokumentikos ir videomeno projekt\u0105 \u201eNepriklausoma sinemateka\u201c (www.sinemateka.lt), sureng\u0117 10 vasarini\u0173 \u201eKino stovykl\u0173\u201c, inicijuoja projekt\u0105 \u201eDideli ma\u017ei ekranai. Medij\u0173 ra\u0161tingumas Lietuvos mokyklose\u201c ir aktyviai dalyvauja kitose edukacin\u0117se veiklose, prodiusavo visame pasaulyje d\u0117mesio sulaukus\u012f dokumentin\u012f film\u0105 \u201eAnimus Animalis (istorija apie \u017emones, \u017ev\u0117ris ir daiktus)\u201c, o \u0161iemet pristat\u0117 moter\u0173 profesinio tapatumo tyrim\u0105 \u201eMoteris kino industrijoje\u201c. \u201ePlanetoje\u201d taip pat veiks ir \u201eMeno avilio\u201c sukaupta vie\u0161oji mediateka, kurioje pristatomi Lietuvos ir u\u017esienio re\u017eisieri\u0173 filmai, knygos ir periodika i\u0161 Jono Meko, Sauliaus Macai\u010dio, Almanto Grikevi\u010diaus ir kit\u0173 kolekcij\u0173.<br \/>\nDaugiau informacijos: menoavilys.org<\/p>\n<p>\u201eVaik\u0173 \u017eem\u0117\u201c \u2013 literat\u016bros pa\u017einimo programa vaikams ir paaugliams, skirta b\u016bti neformaliojo ugdymo erdve, kurios edukacin\u0117s ir kult\u016brin\u0117s veiklos skatint\u0173 vaikus dom\u0117tis literat\u016bra ir j\u0105 pamilti. Program\u0105 \u201eVaik\u0173 \u017eem\u0117\u201c inicijavo \u0161vietimo poky\u010di\u0173 lyderiai V\u0161\u012e \u201eMokykl\u0173 tobulinimo centras\u201c. \u201eVaik\u0173 \u017eem\u0117\u201c stengiasi u\u017ekr\u0117sti skaitymo malonumu per \u012fvairiausias veiklas: literat\u016brines dienos stovyklas Lietuvoje ir u\u017esienyje, literat\u016bros, meno ir pramog\u0173 festivalius, taip pat ie\u0161ko \u0161iuolaikini\u0173, skaitmenizuot\u0173 ir interaktyvi\u0173 b\u016bd\u0173 populiarinti skaitym\u0105.<br \/>\nDaugiau informacijos: vaikuzeme.lt<\/p>\n<p>Daugiau informacijos:<br \/>\nVilma Levickait\u0117<br \/>\n\u201eSkalvijos\u201c kino centro direktor\u0117<br \/>\n+370 610 25688<br \/>\nvilma@skalvija.lt<\/p>\n<p><a href=\"https:\/\/filmvilnius.com\/wp-content\/uploads\/2019\/12\/planeta-2.jpg\"><img fetchpriority=\"high\" decoding=\"async\" class=\"alignnone size-large wp-image-3951\" src=\"https:\/\/filmvilnius.com\/wp-content\/uploads\/2019\/12\/planeta-2-1024x640.jpg\" alt=\"planeta-2\" width=\"640\" height=\"400\" \/><\/a><br \/>\n<!--:--><\/p>\n","protected":false},"excerpt":{"rendered":"<p>\u0160. m. gruod\u017eio 12 d., ketvirtadien\u012f, \u012f atidarymo renginius kvie\u010dia nauja kino ir medij\u0173 erdv\u0117 \u201ePlaneta\u201d, \u012fsik\u016brusi A. Go\u0161tauto g. 2. \u0160is pavadinimas tur\u0117t\u0173 b\u016bti gird\u0117tas besidomintiems sostin\u0117s kult\u016bros istorija \u2013 b\u016btent \u0161iose patalpose nuo 1963-\u0173j\u0173 veik\u0117 kino teatras \u201ePlaneta\u201d. I\u0161 prad\u017ei\u0173 jame buvo dvi sal\u0117s, ta\u010diau at\u0117jus sunkme\u010diui antrojoje \u012fsik\u016br\u0117 kompiuterini\u0173 \u017eaidim\u0173 kambarys, v\u0117liau [&hellip;]<\/p>\n","protected":false},"author":3,"featured_media":7633,"comment_status":"closed","ping_status":"open","sticky":false,"template":"","format":"standard","meta":{"_acf_changed":false,"_monsterinsights_skip_tracking":false,"_monsterinsights_sitenote_active":false,"_monsterinsights_sitenote_note":"","_monsterinsights_sitenote_category":0,"footnotes":""},"categories":[193,58],"tags":[],"class_list":["post-3950","post","type-post","status-publish","format-standard","has-post-thumbnail","hentry","category-kino-industrijos-naujienos","category-news"],"acf":[],"yoast_head":"<!-- This site is optimized with the Yoast SEO plugin v27.4 - https:\/\/yoast.com\/product\/yoast-seo-wordpress\/ -->\n<title>Vilniaus kult\u016brin\u0117je orbitoje pradeda suktis nauja \u201ePlaneta\u201d - Vilnius film office<\/title>\n<meta name=\"robots\" content=\"index, follow, max-snippet:-1, max-image-preview:large, max-video-preview:-1\" \/>\n<link rel=\"canonical\" href=\"https:\/\/filmvilnius.com\/lt\/lietuviu-vilniaus-kulturineje-orbitoje-pradeda-suktis-nauja-planeta\/\" \/>\n<meta property=\"og:locale\" content=\"lt_LT\" \/>\n<meta property=\"og:type\" content=\"article\" \/>\n<meta property=\"og:title\" content=\"Vilniaus kult\u016brin\u0117je orbitoje pradeda suktis nauja \u201ePlaneta\u201d - Vilnius film office\" \/>\n<meta property=\"og:description\" content=\"\u0160. m. gruod\u017eio 12 d., ketvirtadien\u012f, \u012f atidarymo renginius kvie\u010dia nauja kino ir medij\u0173 erdv\u0117 \u201ePlaneta\u201d, \u012fsik\u016brusi A. Go\u0161tauto g. 2. \u0160is pavadinimas tur\u0117t\u0173 b\u016bti gird\u0117tas besidomintiems sostin\u0117s kult\u016bros istorija \u2013 b\u016btent \u0161iose patalpose nuo 1963-\u0173j\u0173 veik\u0117 kino teatras \u201ePlaneta\u201d. I\u0161 prad\u017ei\u0173 jame buvo dvi sal\u0117s, ta\u010diau at\u0117jus sunkme\u010diui antrojoje \u012fsik\u016br\u0117 kompiuterini\u0173 \u017eaidim\u0173 kambarys, v\u0117liau [&hellip;]\" \/>\n<meta property=\"og:url\" content=\"https:\/\/filmvilnius.com\/lt\/lietuviu-vilniaus-kulturineje-orbitoje-pradeda-suktis-nauja-planeta\/\" \/>\n<meta property=\"og:site_name\" content=\"Vilnius film office\" \/>\n<meta property=\"article:publisher\" content=\"https:\/\/www.facebook.com\/filmvilnius\" \/>\n<meta property=\"article:published_time\" content=\"2019-12-06T15:40:01+00:00\" \/>\n<meta property=\"article:modified_time\" content=\"2026-04-28T09:41:12+00:00\" \/>\n<meta property=\"og:image\" content=\"https:\/\/filmvilnius.com\/wp-content\/uploads\/2019\/12\/72_Reduced.jpg\" \/>\n\t<meta property=\"og:image:width\" content=\"2016\" \/>\n\t<meta property=\"og:image:height\" content=\"1512\" \/>\n\t<meta property=\"og:image:type\" content=\"image\/jpeg\" \/>\n<meta name=\"author\" content=\"Vilniaus kino biuras\" \/>\n<meta name=\"twitter:card\" content=\"summary_large_image\" \/>\n<meta name=\"twitter:creator\" content=\"@FilmVilnius\" \/>\n<meta name=\"twitter:site\" content=\"@FilmVilnius\" \/>\n<meta name=\"twitter:label1\" content=\"Written by\" \/>\n\t<meta name=\"twitter:data1\" content=\"Vilniaus kino biuras\" \/>\n\t<meta name=\"twitter:label2\" content=\"Est. reading time\" \/>\n\t<meta name=\"twitter:data2\" content=\"3 minut\u0117s\" \/>\n<script type=\"application\/ld+json\" class=\"yoast-schema-graph\">{\"@context\":\"https:\\\/\\\/schema.org\",\"@graph\":[{\"@type\":\"Article\",\"@id\":\"https:\\\/\\\/filmvilnius.com\\\/lt\\\/lietuviu-vilniaus-kulturineje-orbitoje-pradeda-suktis-nauja-planeta\\\/#article\",\"isPartOf\":{\"@id\":\"https:\\\/\\\/filmvilnius.com\\\/lt\\\/lietuviu-vilniaus-kulturineje-orbitoje-pradeda-suktis-nauja-planeta\\\/\"},\"author\":{\"name\":\"Vilniaus kino biuras\",\"@id\":\"https:\\\/\\\/filmvilnius.com\\\/#\\\/schema\\\/person\\\/8b5cdb3983bdc74eeb47d664a07e8a7c\"},\"headline\":\"Vilniaus kult\u016brin\u0117je orbitoje pradeda suktis nauja \u201ePlaneta\u201d\",\"datePublished\":\"2019-12-06T15:40:01+00:00\",\"dateModified\":\"2026-04-28T09:41:12+00:00\",\"mainEntityOfPage\":{\"@id\":\"https:\\\/\\\/filmvilnius.com\\\/lt\\\/lietuviu-vilniaus-kulturineje-orbitoje-pradeda-suktis-nauja-planeta\\\/\"},\"wordCount\":691,\"publisher\":{\"@id\":\"https:\\\/\\\/filmvilnius.com\\\/#organization\"},\"image\":{\"@id\":\"https:\\\/\\\/filmvilnius.com\\\/lt\\\/lietuviu-vilniaus-kulturineje-orbitoje-pradeda-suktis-nauja-planeta\\\/#primaryimage\"},\"thumbnailUrl\":\"https:\\\/\\\/filmvilnius.com\\\/wp-content\\\/uploads\\\/2019\\\/12\\\/72_Reduced.jpg\",\"articleSection\":[\"Kino industrijos naujienos\",\"Naujienos\"],\"inLanguage\":\"lt-LT\"},{\"@type\":\"WebPage\",\"@id\":\"https:\\\/\\\/filmvilnius.com\\\/lt\\\/lietuviu-vilniaus-kulturineje-orbitoje-pradeda-suktis-nauja-planeta\\\/\",\"url\":\"https:\\\/\\\/filmvilnius.com\\\/lt\\\/lietuviu-vilniaus-kulturineje-orbitoje-pradeda-suktis-nauja-planeta\\\/\",\"name\":\"Vilniaus kult\u016brin\u0117je orbitoje pradeda suktis nauja \u201ePlaneta\u201d - Vilnius film office\",\"isPartOf\":{\"@id\":\"https:\\\/\\\/filmvilnius.com\\\/#website\"},\"primaryImageOfPage\":{\"@id\":\"https:\\\/\\\/filmvilnius.com\\\/lt\\\/lietuviu-vilniaus-kulturineje-orbitoje-pradeda-suktis-nauja-planeta\\\/#primaryimage\"},\"image\":{\"@id\":\"https:\\\/\\\/filmvilnius.com\\\/lt\\\/lietuviu-vilniaus-kulturineje-orbitoje-pradeda-suktis-nauja-planeta\\\/#primaryimage\"},\"thumbnailUrl\":\"https:\\\/\\\/filmvilnius.com\\\/wp-content\\\/uploads\\\/2019\\\/12\\\/72_Reduced.jpg\",\"datePublished\":\"2019-12-06T15:40:01+00:00\",\"dateModified\":\"2026-04-28T09:41:12+00:00\",\"breadcrumb\":{\"@id\":\"https:\\\/\\\/filmvilnius.com\\\/lt\\\/lietuviu-vilniaus-kulturineje-orbitoje-pradeda-suktis-nauja-planeta\\\/#breadcrumb\"},\"inLanguage\":\"lt-LT\",\"potentialAction\":[{\"@type\":\"ReadAction\",\"target\":[\"https:\\\/\\\/filmvilnius.com\\\/lt\\\/lietuviu-vilniaus-kulturineje-orbitoje-pradeda-suktis-nauja-planeta\\\/\"]}]},{\"@type\":\"ImageObject\",\"inLanguage\":\"lt-LT\",\"@id\":\"https:\\\/\\\/filmvilnius.com\\\/lt\\\/lietuviu-vilniaus-kulturineje-orbitoje-pradeda-suktis-nauja-planeta\\\/#primaryimage\",\"url\":\"https:\\\/\\\/filmvilnius.com\\\/wp-content\\\/uploads\\\/2019\\\/12\\\/72_Reduced.jpg\",\"contentUrl\":\"https:\\\/\\\/filmvilnius.com\\\/wp-content\\\/uploads\\\/2019\\\/12\\\/72_Reduced.jpg\",\"width\":2016,\"height\":1512},{\"@type\":\"BreadcrumbList\",\"@id\":\"https:\\\/\\\/filmvilnius.com\\\/lt\\\/lietuviu-vilniaus-kulturineje-orbitoje-pradeda-suktis-nauja-planeta\\\/#breadcrumb\",\"itemListElement\":[{\"@type\":\"ListItem\",\"position\":1,\"name\":\"Home\",\"item\":\"https:\\\/\\\/filmvilnius.com\\\/lt\\\/\"},{\"@type\":\"ListItem\",\"position\":2,\"name\":\"Vilniaus kult\u016brin\u0117je orbitoje pradeda suktis nauja \u201ePlaneta\u201d\"}]},{\"@type\":\"WebSite\",\"@id\":\"https:\\\/\\\/filmvilnius.com\\\/#website\",\"url\":\"https:\\\/\\\/filmvilnius.com\\\/\",\"name\":\"Vilnius film office\",\"description\":\"\",\"publisher\":{\"@id\":\"https:\\\/\\\/filmvilnius.com\\\/#organization\"},\"potentialAction\":[{\"@type\":\"SearchAction\",\"target\":{\"@type\":\"EntryPoint\",\"urlTemplate\":\"https:\\\/\\\/filmvilnius.com\\\/?s={search_term_string}\"},\"query-input\":{\"@type\":\"PropertyValueSpecification\",\"valueRequired\":true,\"valueName\":\"search_term_string\"}}],\"inLanguage\":\"lt-LT\"},{\"@type\":\"Organization\",\"@id\":\"https:\\\/\\\/filmvilnius.com\\\/#organization\",\"name\":\"Vilniaus kino biuras\",\"url\":\"https:\\\/\\\/filmvilnius.com\\\/\",\"logo\":{\"@type\":\"ImageObject\",\"inLanguage\":\"lt-LT\",\"@id\":\"https:\\\/\\\/filmvilnius.com\\\/#\\\/schema\\\/logo\\\/image\\\/\",\"url\":\"https:\\\/\\\/filmvilnius.com\\\/wp-content\\\/uploads\\\/2022\\\/12\\\/VKB-Logo-2022-EN-2-V.jpg\",\"contentUrl\":\"https:\\\/\\\/filmvilnius.com\\\/wp-content\\\/uploads\\\/2022\\\/12\\\/VKB-Logo-2022-EN-2-V.jpg\",\"width\":1419,\"height\":1418,\"caption\":\"Vilniaus kino biuras\"},\"image\":{\"@id\":\"https:\\\/\\\/filmvilnius.com\\\/#\\\/schema\\\/logo\\\/image\\\/\"},\"sameAs\":[\"https:\\\/\\\/www.facebook.com\\\/filmvilnius\",\"https:\\\/\\\/x.com\\\/FilmVilnius\",\"https:\\\/\\\/www.instagram.com\\\/filmvilnius\\\/\"]},{\"@type\":\"Person\",\"@id\":\"https:\\\/\\\/filmvilnius.com\\\/#\\\/schema\\\/person\\\/8b5cdb3983bdc74eeb47d664a07e8a7c\",\"name\":\"Vilniaus kino biuras\",\"image\":{\"@type\":\"ImageObject\",\"inLanguage\":\"lt-LT\",\"@id\":\"https:\\\/\\\/secure.gravatar.com\\\/avatar\\\/644725169c69ad57061a7da5874c1d84a0c902f0dc424faee665d0c37cb52e24?s=96&d=mm&r=g\",\"url\":\"https:\\\/\\\/secure.gravatar.com\\\/avatar\\\/644725169c69ad57061a7da5874c1d84a0c902f0dc424faee665d0c37cb52e24?s=96&d=mm&r=g\",\"contentUrl\":\"https:\\\/\\\/secure.gravatar.com\\\/avatar\\\/644725169c69ad57061a7da5874c1d84a0c902f0dc424faee665d0c37cb52e24?s=96&d=mm&r=g\",\"caption\":\"Vilniaus kino biuras\"},\"url\":\"https:\\\/\\\/filmvilnius.com\\\/lt\\\/author\\\/4b35ef9e4d264bd9\\\/\"}]}<\/script>\n<!-- \/ Yoast SEO plugin. -->","yoast_head_json":{"title":"Vilniaus kult\u016brin\u0117je orbitoje pradeda suktis nauja \u201ePlaneta\u201d - Vilnius film office","robots":{"index":"index","follow":"follow","max-snippet":"max-snippet:-1","max-image-preview":"max-image-preview:large","max-video-preview":"max-video-preview:-1"},"canonical":"https:\/\/filmvilnius.com\/lt\/lietuviu-vilniaus-kulturineje-orbitoje-pradeda-suktis-nauja-planeta\/","og_locale":"lt_LT","og_type":"article","og_title":"Vilniaus kult\u016brin\u0117je orbitoje pradeda suktis nauja \u201ePlaneta\u201d - Vilnius film office","og_description":"\u0160. m. gruod\u017eio 12 d., ketvirtadien\u012f, \u012f atidarymo renginius kvie\u010dia nauja kino ir medij\u0173 erdv\u0117 \u201ePlaneta\u201d, \u012fsik\u016brusi A. Go\u0161tauto g. 2. \u0160is pavadinimas tur\u0117t\u0173 b\u016bti gird\u0117tas besidomintiems sostin\u0117s kult\u016bros istorija \u2013 b\u016btent \u0161iose patalpose nuo 1963-\u0173j\u0173 veik\u0117 kino teatras \u201ePlaneta\u201d. I\u0161 prad\u017ei\u0173 jame buvo dvi sal\u0117s, ta\u010diau at\u0117jus sunkme\u010diui antrojoje \u012fsik\u016br\u0117 kompiuterini\u0173 \u017eaidim\u0173 kambarys, v\u0117liau [&hellip;]","og_url":"https:\/\/filmvilnius.com\/lt\/lietuviu-vilniaus-kulturineje-orbitoje-pradeda-suktis-nauja-planeta\/","og_site_name":"Vilnius film office","article_publisher":"https:\/\/www.facebook.com\/filmvilnius","article_published_time":"2019-12-06T15:40:01+00:00","article_modified_time":"2026-04-28T09:41:12+00:00","og_image":[{"width":2016,"height":1512,"url":"https:\/\/filmvilnius.com\/wp-content\/uploads\/2019\/12\/72_Reduced.jpg","type":"image\/jpeg"}],"author":"Vilniaus kino biuras","twitter_card":"summary_large_image","twitter_creator":"@FilmVilnius","twitter_site":"@FilmVilnius","twitter_misc":{"Written by":"Vilniaus kino biuras","Est. reading time":"3 minut\u0117s"},"schema":{"@context":"https:\/\/schema.org","@graph":[{"@type":"Article","@id":"https:\/\/filmvilnius.com\/lt\/lietuviu-vilniaus-kulturineje-orbitoje-pradeda-suktis-nauja-planeta\/#article","isPartOf":{"@id":"https:\/\/filmvilnius.com\/lt\/lietuviu-vilniaus-kulturineje-orbitoje-pradeda-suktis-nauja-planeta\/"},"author":{"name":"Vilniaus kino biuras","@id":"https:\/\/filmvilnius.com\/#\/schema\/person\/8b5cdb3983bdc74eeb47d664a07e8a7c"},"headline":"Vilniaus kult\u016brin\u0117je orbitoje pradeda suktis nauja \u201ePlaneta\u201d","datePublished":"2019-12-06T15:40:01+00:00","dateModified":"2026-04-28T09:41:12+00:00","mainEntityOfPage":{"@id":"https:\/\/filmvilnius.com\/lt\/lietuviu-vilniaus-kulturineje-orbitoje-pradeda-suktis-nauja-planeta\/"},"wordCount":691,"publisher":{"@id":"https:\/\/filmvilnius.com\/#organization"},"image":{"@id":"https:\/\/filmvilnius.com\/lt\/lietuviu-vilniaus-kulturineje-orbitoje-pradeda-suktis-nauja-planeta\/#primaryimage"},"thumbnailUrl":"https:\/\/filmvilnius.com\/wp-content\/uploads\/2019\/12\/72_Reduced.jpg","articleSection":["Kino industrijos naujienos","Naujienos"],"inLanguage":"lt-LT"},{"@type":"WebPage","@id":"https:\/\/filmvilnius.com\/lt\/lietuviu-vilniaus-kulturineje-orbitoje-pradeda-suktis-nauja-planeta\/","url":"https:\/\/filmvilnius.com\/lt\/lietuviu-vilniaus-kulturineje-orbitoje-pradeda-suktis-nauja-planeta\/","name":"Vilniaus kult\u016brin\u0117je orbitoje pradeda suktis nauja \u201ePlaneta\u201d - Vilnius film office","isPartOf":{"@id":"https:\/\/filmvilnius.com\/#website"},"primaryImageOfPage":{"@id":"https:\/\/filmvilnius.com\/lt\/lietuviu-vilniaus-kulturineje-orbitoje-pradeda-suktis-nauja-planeta\/#primaryimage"},"image":{"@id":"https:\/\/filmvilnius.com\/lt\/lietuviu-vilniaus-kulturineje-orbitoje-pradeda-suktis-nauja-planeta\/#primaryimage"},"thumbnailUrl":"https:\/\/filmvilnius.com\/wp-content\/uploads\/2019\/12\/72_Reduced.jpg","datePublished":"2019-12-06T15:40:01+00:00","dateModified":"2026-04-28T09:41:12+00:00","breadcrumb":{"@id":"https:\/\/filmvilnius.com\/lt\/lietuviu-vilniaus-kulturineje-orbitoje-pradeda-suktis-nauja-planeta\/#breadcrumb"},"inLanguage":"lt-LT","potentialAction":[{"@type":"ReadAction","target":["https:\/\/filmvilnius.com\/lt\/lietuviu-vilniaus-kulturineje-orbitoje-pradeda-suktis-nauja-planeta\/"]}]},{"@type":"ImageObject","inLanguage":"lt-LT","@id":"https:\/\/filmvilnius.com\/lt\/lietuviu-vilniaus-kulturineje-orbitoje-pradeda-suktis-nauja-planeta\/#primaryimage","url":"https:\/\/filmvilnius.com\/wp-content\/uploads\/2019\/12\/72_Reduced.jpg","contentUrl":"https:\/\/filmvilnius.com\/wp-content\/uploads\/2019\/12\/72_Reduced.jpg","width":2016,"height":1512},{"@type":"BreadcrumbList","@id":"https:\/\/filmvilnius.com\/lt\/lietuviu-vilniaus-kulturineje-orbitoje-pradeda-suktis-nauja-planeta\/#breadcrumb","itemListElement":[{"@type":"ListItem","position":1,"name":"Home","item":"https:\/\/filmvilnius.com\/lt\/"},{"@type":"ListItem","position":2,"name":"Vilniaus kult\u016brin\u0117je orbitoje pradeda suktis nauja \u201ePlaneta\u201d"}]},{"@type":"WebSite","@id":"https:\/\/filmvilnius.com\/#website","url":"https:\/\/filmvilnius.com\/","name":"Vilnius film office","description":"","publisher":{"@id":"https:\/\/filmvilnius.com\/#organization"},"potentialAction":[{"@type":"SearchAction","target":{"@type":"EntryPoint","urlTemplate":"https:\/\/filmvilnius.com\/?s={search_term_string}"},"query-input":{"@type":"PropertyValueSpecification","valueRequired":true,"valueName":"search_term_string"}}],"inLanguage":"lt-LT"},{"@type":"Organization","@id":"https:\/\/filmvilnius.com\/#organization","name":"Vilniaus kino biuras","url":"https:\/\/filmvilnius.com\/","logo":{"@type":"ImageObject","inLanguage":"lt-LT","@id":"https:\/\/filmvilnius.com\/#\/schema\/logo\/image\/","url":"https:\/\/filmvilnius.com\/wp-content\/uploads\/2022\/12\/VKB-Logo-2022-EN-2-V.jpg","contentUrl":"https:\/\/filmvilnius.com\/wp-content\/uploads\/2022\/12\/VKB-Logo-2022-EN-2-V.jpg","width":1419,"height":1418,"caption":"Vilniaus kino biuras"},"image":{"@id":"https:\/\/filmvilnius.com\/#\/schema\/logo\/image\/"},"sameAs":["https:\/\/www.facebook.com\/filmvilnius","https:\/\/x.com\/FilmVilnius","https:\/\/www.instagram.com\/filmvilnius\/"]},{"@type":"Person","@id":"https:\/\/filmvilnius.com\/#\/schema\/person\/8b5cdb3983bdc74eeb47d664a07e8a7c","name":"Vilniaus kino biuras","image":{"@type":"ImageObject","inLanguage":"lt-LT","@id":"https:\/\/secure.gravatar.com\/avatar\/644725169c69ad57061a7da5874c1d84a0c902f0dc424faee665d0c37cb52e24?s=96&d=mm&r=g","url":"https:\/\/secure.gravatar.com\/avatar\/644725169c69ad57061a7da5874c1d84a0c902f0dc424faee665d0c37cb52e24?s=96&d=mm&r=g","contentUrl":"https:\/\/secure.gravatar.com\/avatar\/644725169c69ad57061a7da5874c1d84a0c902f0dc424faee665d0c37cb52e24?s=96&d=mm&r=g","caption":"Vilniaus kino biuras"},"url":"https:\/\/filmvilnius.com\/lt\/author\/4b35ef9e4d264bd9\/"}]}},"_links":{"self":[{"href":"https:\/\/filmvilnius.com\/lt\/wp-json\/wp\/v2\/posts\/3950","targetHints":{"allow":["GET"]}}],"collection":[{"href":"https:\/\/filmvilnius.com\/lt\/wp-json\/wp\/v2\/posts"}],"about":[{"href":"https:\/\/filmvilnius.com\/lt\/wp-json\/wp\/v2\/types\/post"}],"author":[{"embeddable":true,"href":"https:\/\/filmvilnius.com\/lt\/wp-json\/wp\/v2\/users\/3"}],"replies":[{"embeddable":true,"href":"https:\/\/filmvilnius.com\/lt\/wp-json\/wp\/v2\/comments?post=3950"}],"version-history":[{"count":3,"href":"https:\/\/filmvilnius.com\/lt\/wp-json\/wp\/v2\/posts\/3950\/revisions"}],"predecessor-version":[{"id":7634,"href":"https:\/\/filmvilnius.com\/lt\/wp-json\/wp\/v2\/posts\/3950\/revisions\/7634"}],"wp:featuredmedia":[{"embeddable":true,"href":"https:\/\/filmvilnius.com\/lt\/wp-json\/wp\/v2\/media\/7633"}],"wp:attachment":[{"href":"https:\/\/filmvilnius.com\/lt\/wp-json\/wp\/v2\/media?parent=3950"}],"wp:term":[{"taxonomy":"category","embeddable":true,"href":"https:\/\/filmvilnius.com\/lt\/wp-json\/wp\/v2\/categories?post=3950"},{"taxonomy":"post_tag","embeddable":true,"href":"https:\/\/filmvilnius.com\/lt\/wp-json\/wp\/v2\/tags?post=3950"}],"curies":[{"name":"wp","href":"https:\/\/api.w.org\/{rel}","templated":true}]}}