{"id":4117,"date":"2020-05-06T14:12:29","date_gmt":"2020-05-06T11:12:29","guid":{"rendered":"https:\/\/filmvilnius.com\/en\/?p=4117"},"modified":"2026-04-28T11:38:37","modified_gmt":"2026-04-28T09:38:37","slug":"lietuviu-europos-diena-sveskite-ziuredami-lietuvos-latvijos-estijos-slovenijos-ir-kroatijos-filmus","status":"publish","type":"post","link":"https:\/\/filmvilnius.com\/lt\/lietuviu-europos-diena-sveskite-ziuredami-lietuvos-latvijos-estijos-slovenijos-ir-kroatijos-filmus\/","title":{"rendered":"Europos dien\u0105 \u0161v\u0119skite \u017ei\u016br\u0117dami Lietuvos, Latvijos, Estijos, Slov\u0117nijos ir Kroatijos filmus"},"content":{"rendered":"<p><!--:lt-->\u201eK\u016brybi\u0161ka Europa\u201c MEDIA biuras Lietuvoje Europos dien\u0105 kvie\u010dia \u017ei\u016br\u0117ti filmus nemokamai. Kiekvienais metais, gegu\u017e\u0117s 9-\u0105j\u0105 visame \u017eemyne tradici\u0161kai minima Europos diena. \u0160ia proga, Europos S\u0105jungos program\u0105 \u201eK\u016brybi\u0161ka Europa\u201c atstovaujantys Lietuvos, Latvijos, Estijos, Slov\u0117nijos ir Kroatijos biur\u0173 MEDIA skyriai atrinko pripa\u017einimo sulaukusius savo \u0161ali\u0173 kino k\u016br\u0117j\u0173 filmus, ir paruo\u0161\u0117 speciali\u0105 program\u0105 \u201eEuropos diena: Didel\u0117s ma\u017e\u0173 \u0161ali\u0173 istorijos\u201c, kuri\u0105 vis\u0105 \u0161ventin\u012f savaitgal\u012f gal\u0117site \u017ei\u016br\u0117ti nemokamai.<\/p>\n<p>Pristatomi filmai:<br \/>\n\u2022 Slov\u0117n\u0173 re\u017eisieriaus Damjano Kozoles kriminalin\u0117 drama \u201eNaktinis gyvenimas\u201c (\u201eNocno zivljenje\u201c, Slov\u0117nija, Bosnija ir Hercegovina, \u0160iaur\u0117s Makedonija, gamybos \u012fmon\u0117s: \u201eVertigo\u201c, \u201eSCCA\/pro.ba\u201c, \u201eSisters and Brother Mitevski\u201c, 2016);<\/p>\n<p>\u2022 Kroat\u0173 re\u017eisieriaus Dalibor Matanic romantin\u0117 drama \u201eVidurdienis\u201c (\u201eZvizdan\u201c, Kroatija, Slov\u0117nija, Serbija, gamybos \u012fmon\u0117 \u201eKinorama\u201c, bendros gamybos \u012fmon\u0117s: \u201eGustav Film\u201c, \u201eSEE Film Pro\u201c, 2015);<\/p>\n<p>\u2022 Est\u0173 re\u017eisieriaus Vallo Toomlos trileris \u201eApsimet\u0117liai\u201c (\u201eTeesklejad\u201c, Estija, Latvija, Lietuva, gamybos \u012fmon\u0117s: \u201eAmrion\u201c, \u201eStudio Uljana Kim\u201c, \u201eLocomotive Productions\u201c, 2016);<\/p>\n<p>\u2022 Latvijos ir Lietuvos k\u016br\u0117j\u0173 Kristines Briedes ir Audriaus Stonio dokumentinis filmas \u201eLaiko tiltai\u201c (Latvija, Lietuva, Estija, gamybos \u012fmon\u0117s: \u201eVFS Films\u201c, \u201eStudio Nominum\u201c, \u201eVesilind\u201c, 2018).<\/p>\n<p>Bendra MEDIA biur\u0173 iniciatyva siekiama atkreipti d\u0117mes\u012f \u012f savaip turting\u0105 ma\u017eesni\u0173 Europos \u0161ali\u0173 kino pramon\u0119, pa\u017einti kaimynini\u0173 valstybi\u0173 ir labiau nutolusi\u0173 region\u0173 k\u016bryb\u0105. Pasak MEDIA paprogram\u0117s koordinator\u0117s Lietuvoje Aust\u0117jos Milvydait\u0117s, \u201e\u0160iuo metu negal\u0117dami keliauti fizi\u0161kai, pa\u017einti ir tyrin\u0117ti kitas kult\u016bras galime virtualiai. Europos dienos proga kartu su kolegomis nor\u0117jome ne tik suteikti galimyb\u0119 europieti\u0161ko kino myl\u0117tojams pamatyti ger\u0173 film\u0173, ta\u010diau ir patiems filmams, ypa\u010d gerai priimtiems vietin\u0117s publikos ir festivali\u0173 \u017ei\u016brov\u0173, duoti \u0161ans\u0105 \u201epakeliauti\u201c ir b\u016bti atrastiems dar platesn\u0117s tarptautin\u0117s auditorijos.\u201c<\/p>\n<p>Filmus gal\u0117site \u017ei\u016br\u0117ti nuo gegu\u017e\u0117s 8 d. 20 val. iki gegu\u017e\u0117s 10 d. 20 val.<br \/>\nNuorodos per\u017ei\u016brai bus patalpintos <a href=\"http:\/\/kurybiskaeuropa.eu\/?fbclid=IwAR1VtemaYThBIM-s1y8wdoFf-1gb-7ajah5MVkB-kneIjAtHR812w5ERNYs\" target=\"_blank\" rel=\"noopener\">www.kurybiskaeuropa.eu\/media<\/a><br \/>\nInformacija: <a href=\"http:\/\/www.lkc.lt\/2020\/05\/kurybiskos-europos-media-biuras-lietuvoje-europos-diena-kviecia-ziureti-filmus-nemokamai\/\" target=\"_blank\" rel=\"noopener\">Lietuvos kino centras<\/a><!--:--><\/p>\n","protected":false},"excerpt":{"rendered":"<p>\u201eK\u016brybi\u0161ka Europa\u201c MEDIA biuras Lietuvoje Europos dien\u0105 kvie\u010dia \u017ei\u016br\u0117ti filmus nemokamai. Kiekvienais metais, gegu\u017e\u0117s 9-\u0105j\u0105 visame \u017eemyne tradici\u0161kai minima Europos diena. \u0160ia proga, Europos S\u0105jungos program\u0105 \u201eK\u016brybi\u0161ka Europa\u201c atstovaujantys Lietuvos, Latvijos, Estijos, Slov\u0117nijos ir Kroatijos biur\u0173 MEDIA skyriai atrinko pripa\u017einimo sulaukusius savo \u0161ali\u0173 kino k\u016br\u0117j\u0173 filmus, ir paruo\u0161\u0117 speciali\u0105 program\u0105 \u201eEuropos diena: Didel\u0117s ma\u017e\u0173 \u0161ali\u0173 [&hellip;]<\/p>\n","protected":false},"author":3,"featured_media":7650,"comment_status":"closed","ping_status":"open","sticky":false,"template":"","format":"standard","meta":{"_acf_changed":false,"_monsterinsights_skip_tracking":false,"_monsterinsights_sitenote_active":false,"_monsterinsights_sitenote_note":"","_monsterinsights_sitenote_category":0,"footnotes":""},"categories":[193,58],"tags":[],"class_list":["post-4117","post","type-post","status-publish","format-standard","has-post-thumbnail","hentry","category-kino-industrijos-naujienos","category-news"],"acf":[],"yoast_head":"<!-- This site is optimized with the Yoast SEO plugin v27.4 - https:\/\/yoast.com\/product\/yoast-seo-wordpress\/ -->\n<title>Europos dien\u0105 \u0161v\u0119skite \u017ei\u016br\u0117dami Lietuvos, Latvijos, Estijos, Slov\u0117nijos ir Kroatijos filmus - Vilnius film office<\/title>\n<meta name=\"robots\" content=\"index, follow, max-snippet:-1, max-image-preview:large, max-video-preview:-1\" \/>\n<link rel=\"canonical\" href=\"https:\/\/filmvilnius.com\/lt\/lietuviu-europos-diena-sveskite-ziuredami-lietuvos-latvijos-estijos-slovenijos-ir-kroatijos-filmus\/\" \/>\n<meta property=\"og:locale\" content=\"lt_LT\" \/>\n<meta property=\"og:type\" content=\"article\" \/>\n<meta property=\"og:title\" content=\"Europos dien\u0105 \u0161v\u0119skite \u017ei\u016br\u0117dami Lietuvos, Latvijos, Estijos, Slov\u0117nijos ir Kroatijos filmus - Vilnius film office\" \/>\n<meta property=\"og:description\" content=\"\u201eK\u016brybi\u0161ka Europa\u201c MEDIA biuras Lietuvoje Europos dien\u0105 kvie\u010dia \u017ei\u016br\u0117ti filmus nemokamai. Kiekvienais metais, gegu\u017e\u0117s 9-\u0105j\u0105 visame \u017eemyne tradici\u0161kai minima Europos diena. \u0160ia proga, Europos S\u0105jungos program\u0105 \u201eK\u016brybi\u0161ka Europa\u201c atstovaujantys Lietuvos, Latvijos, Estijos, Slov\u0117nijos ir Kroatijos biur\u0173 MEDIA skyriai atrinko pripa\u017einimo sulaukusius savo \u0161ali\u0173 kino k\u016br\u0117j\u0173 filmus, ir paruo\u0161\u0117 speciali\u0105 program\u0105 \u201eEuropos diena: Didel\u0117s ma\u017e\u0173 \u0161ali\u0173 [&hellip;]\" \/>\n<meta property=\"og:url\" content=\"https:\/\/filmvilnius.com\/lt\/lietuviu-europos-diena-sveskite-ziuredami-lietuvos-latvijos-estijos-slovenijos-ir-kroatijos-filmus\/\" \/>\n<meta property=\"og:site_name\" content=\"Vilnius film office\" \/>\n<meta property=\"article:publisher\" content=\"https:\/\/www.facebook.com\/filmvilnius\" \/>\n<meta property=\"article:published_time\" content=\"2020-05-06T11:12:29+00:00\" \/>\n<meta property=\"article:modified_time\" content=\"2026-04-28T09:38:37+00:00\" \/>\n<meta property=\"og:image\" content=\"https:\/\/filmvilnius.com\/wp-content\/uploads\/2020\/05\/79_Reduced.jpg\" \/>\n\t<meta property=\"og:image:width\" content=\"1875\" \/>\n\t<meta property=\"og:image:height\" content=\"982\" \/>\n\t<meta property=\"og:image:type\" content=\"image\/jpeg\" \/>\n<meta name=\"author\" content=\"Vilniaus kino biuras\" \/>\n<meta name=\"twitter:card\" content=\"summary_large_image\" \/>\n<meta name=\"twitter:creator\" content=\"@FilmVilnius\" \/>\n<meta name=\"twitter:site\" content=\"@FilmVilnius\" \/>\n<meta name=\"twitter:label1\" content=\"Written by\" \/>\n\t<meta name=\"twitter:data1\" content=\"Vilniaus kino biuras\" \/>\n\t<meta name=\"twitter:label2\" content=\"Est. reading time\" \/>\n\t<meta name=\"twitter:data2\" content=\"2 minut\u0117s\" \/>\n<script type=\"application\/ld+json\" class=\"yoast-schema-graph\">{\"@context\":\"https:\\\/\\\/schema.org\",\"@graph\":[{\"@type\":\"Article\",\"@id\":\"https:\\\/\\\/filmvilnius.com\\\/lt\\\/lietuviu-europos-diena-sveskite-ziuredami-lietuvos-latvijos-estijos-slovenijos-ir-kroatijos-filmus\\\/#article\",\"isPartOf\":{\"@id\":\"https:\\\/\\\/filmvilnius.com\\\/lt\\\/lietuviu-europos-diena-sveskite-ziuredami-lietuvos-latvijos-estijos-slovenijos-ir-kroatijos-filmus\\\/\"},\"author\":{\"name\":\"Vilniaus kino biuras\",\"@id\":\"https:\\\/\\\/filmvilnius.com\\\/#\\\/schema\\\/person\\\/8b5cdb3983bdc74eeb47d664a07e8a7c\"},\"headline\":\"Europos dien\u0105 \u0161v\u0119skite \u017ei\u016br\u0117dami Lietuvos, Latvijos, Estijos, Slov\u0117nijos ir Kroatijos filmus\",\"datePublished\":\"2020-05-06T11:12:29+00:00\",\"dateModified\":\"2026-04-28T09:38:37+00:00\",\"mainEntityOfPage\":{\"@id\":\"https:\\\/\\\/filmvilnius.com\\\/lt\\\/lietuviu-europos-diena-sveskite-ziuredami-lietuvos-latvijos-estijos-slovenijos-ir-kroatijos-filmus\\\/\"},\"wordCount\":334,\"publisher\":{\"@id\":\"https:\\\/\\\/filmvilnius.com\\\/#organization\"},\"image\":{\"@id\":\"https:\\\/\\\/filmvilnius.com\\\/lt\\\/lietuviu-europos-diena-sveskite-ziuredami-lietuvos-latvijos-estijos-slovenijos-ir-kroatijos-filmus\\\/#primaryimage\"},\"thumbnailUrl\":\"https:\\\/\\\/filmvilnius.com\\\/wp-content\\\/uploads\\\/2020\\\/05\\\/79_Reduced.jpg\",\"articleSection\":[\"Kino industrijos naujienos\",\"Naujienos\"],\"inLanguage\":\"lt-LT\"},{\"@type\":\"WebPage\",\"@id\":\"https:\\\/\\\/filmvilnius.com\\\/lt\\\/lietuviu-europos-diena-sveskite-ziuredami-lietuvos-latvijos-estijos-slovenijos-ir-kroatijos-filmus\\\/\",\"url\":\"https:\\\/\\\/filmvilnius.com\\\/lt\\\/lietuviu-europos-diena-sveskite-ziuredami-lietuvos-latvijos-estijos-slovenijos-ir-kroatijos-filmus\\\/\",\"name\":\"Europos dien\u0105 \u0161v\u0119skite \u017ei\u016br\u0117dami Lietuvos, Latvijos, Estijos, Slov\u0117nijos ir Kroatijos filmus - Vilnius film office\",\"isPartOf\":{\"@id\":\"https:\\\/\\\/filmvilnius.com\\\/#website\"},\"primaryImageOfPage\":{\"@id\":\"https:\\\/\\\/filmvilnius.com\\\/lt\\\/lietuviu-europos-diena-sveskite-ziuredami-lietuvos-latvijos-estijos-slovenijos-ir-kroatijos-filmus\\\/#primaryimage\"},\"image\":{\"@id\":\"https:\\\/\\\/filmvilnius.com\\\/lt\\\/lietuviu-europos-diena-sveskite-ziuredami-lietuvos-latvijos-estijos-slovenijos-ir-kroatijos-filmus\\\/#primaryimage\"},\"thumbnailUrl\":\"https:\\\/\\\/filmvilnius.com\\\/wp-content\\\/uploads\\\/2020\\\/05\\\/79_Reduced.jpg\",\"datePublished\":\"2020-05-06T11:12:29+00:00\",\"dateModified\":\"2026-04-28T09:38:37+00:00\",\"breadcrumb\":{\"@id\":\"https:\\\/\\\/filmvilnius.com\\\/lt\\\/lietuviu-europos-diena-sveskite-ziuredami-lietuvos-latvijos-estijos-slovenijos-ir-kroatijos-filmus\\\/#breadcrumb\"},\"inLanguage\":\"lt-LT\",\"potentialAction\":[{\"@type\":\"ReadAction\",\"target\":[\"https:\\\/\\\/filmvilnius.com\\\/lt\\\/lietuviu-europos-diena-sveskite-ziuredami-lietuvos-latvijos-estijos-slovenijos-ir-kroatijos-filmus\\\/\"]}]},{\"@type\":\"ImageObject\",\"inLanguage\":\"lt-LT\",\"@id\":\"https:\\\/\\\/filmvilnius.com\\\/lt\\\/lietuviu-europos-diena-sveskite-ziuredami-lietuvos-latvijos-estijos-slovenijos-ir-kroatijos-filmus\\\/#primaryimage\",\"url\":\"https:\\\/\\\/filmvilnius.com\\\/wp-content\\\/uploads\\\/2020\\\/05\\\/79_Reduced.jpg\",\"contentUrl\":\"https:\\\/\\\/filmvilnius.com\\\/wp-content\\\/uploads\\\/2020\\\/05\\\/79_Reduced.jpg\",\"width\":1875,\"height\":982},{\"@type\":\"BreadcrumbList\",\"@id\":\"https:\\\/\\\/filmvilnius.com\\\/lt\\\/lietuviu-europos-diena-sveskite-ziuredami-lietuvos-latvijos-estijos-slovenijos-ir-kroatijos-filmus\\\/#breadcrumb\",\"itemListElement\":[{\"@type\":\"ListItem\",\"position\":1,\"name\":\"Home\",\"item\":\"https:\\\/\\\/filmvilnius.com\\\/lt\\\/\"},{\"@type\":\"ListItem\",\"position\":2,\"name\":\"Europos dien\u0105 \u0161v\u0119skite \u017ei\u016br\u0117dami Lietuvos, Latvijos, Estijos, Slov\u0117nijos ir Kroatijos filmus\"}]},{\"@type\":\"WebSite\",\"@id\":\"https:\\\/\\\/filmvilnius.com\\\/#website\",\"url\":\"https:\\\/\\\/filmvilnius.com\\\/\",\"name\":\"Vilnius film office\",\"description\":\"\",\"publisher\":{\"@id\":\"https:\\\/\\\/filmvilnius.com\\\/#organization\"},\"potentialAction\":[{\"@type\":\"SearchAction\",\"target\":{\"@type\":\"EntryPoint\",\"urlTemplate\":\"https:\\\/\\\/filmvilnius.com\\\/?s={search_term_string}\"},\"query-input\":{\"@type\":\"PropertyValueSpecification\",\"valueRequired\":true,\"valueName\":\"search_term_string\"}}],\"inLanguage\":\"lt-LT\"},{\"@type\":\"Organization\",\"@id\":\"https:\\\/\\\/filmvilnius.com\\\/#organization\",\"name\":\"Vilniaus kino biuras\",\"url\":\"https:\\\/\\\/filmvilnius.com\\\/\",\"logo\":{\"@type\":\"ImageObject\",\"inLanguage\":\"lt-LT\",\"@id\":\"https:\\\/\\\/filmvilnius.com\\\/#\\\/schema\\\/logo\\\/image\\\/\",\"url\":\"https:\\\/\\\/filmvilnius.com\\\/wp-content\\\/uploads\\\/2022\\\/12\\\/VKB-Logo-2022-EN-2-V.jpg\",\"contentUrl\":\"https:\\\/\\\/filmvilnius.com\\\/wp-content\\\/uploads\\\/2022\\\/12\\\/VKB-Logo-2022-EN-2-V.jpg\",\"width\":1419,\"height\":1418,\"caption\":\"Vilniaus kino biuras\"},\"image\":{\"@id\":\"https:\\\/\\\/filmvilnius.com\\\/#\\\/schema\\\/logo\\\/image\\\/\"},\"sameAs\":[\"https:\\\/\\\/www.facebook.com\\\/filmvilnius\",\"https:\\\/\\\/x.com\\\/FilmVilnius\",\"https:\\\/\\\/www.instagram.com\\\/filmvilnius\\\/\"]},{\"@type\":\"Person\",\"@id\":\"https:\\\/\\\/filmvilnius.com\\\/#\\\/schema\\\/person\\\/8b5cdb3983bdc74eeb47d664a07e8a7c\",\"name\":\"Vilniaus kino biuras\",\"image\":{\"@type\":\"ImageObject\",\"inLanguage\":\"lt-LT\",\"@id\":\"https:\\\/\\\/secure.gravatar.com\\\/avatar\\\/644725169c69ad57061a7da5874c1d84a0c902f0dc424faee665d0c37cb52e24?s=96&d=mm&r=g\",\"url\":\"https:\\\/\\\/secure.gravatar.com\\\/avatar\\\/644725169c69ad57061a7da5874c1d84a0c902f0dc424faee665d0c37cb52e24?s=96&d=mm&r=g\",\"contentUrl\":\"https:\\\/\\\/secure.gravatar.com\\\/avatar\\\/644725169c69ad57061a7da5874c1d84a0c902f0dc424faee665d0c37cb52e24?s=96&d=mm&r=g\",\"caption\":\"Vilniaus kino biuras\"},\"url\":\"https:\\\/\\\/filmvilnius.com\\\/lt\\\/author\\\/4b35ef9e4d264bd9\\\/\"}]}<\/script>\n<!-- \/ Yoast SEO plugin. -->","yoast_head_json":{"title":"Europos dien\u0105 \u0161v\u0119skite \u017ei\u016br\u0117dami Lietuvos, Latvijos, Estijos, Slov\u0117nijos ir Kroatijos filmus - Vilnius film office","robots":{"index":"index","follow":"follow","max-snippet":"max-snippet:-1","max-image-preview":"max-image-preview:large","max-video-preview":"max-video-preview:-1"},"canonical":"https:\/\/filmvilnius.com\/lt\/lietuviu-europos-diena-sveskite-ziuredami-lietuvos-latvijos-estijos-slovenijos-ir-kroatijos-filmus\/","og_locale":"lt_LT","og_type":"article","og_title":"Europos dien\u0105 \u0161v\u0119skite \u017ei\u016br\u0117dami Lietuvos, Latvijos, Estijos, Slov\u0117nijos ir Kroatijos filmus - Vilnius film office","og_description":"\u201eK\u016brybi\u0161ka Europa\u201c MEDIA biuras Lietuvoje Europos dien\u0105 kvie\u010dia \u017ei\u016br\u0117ti filmus nemokamai. Kiekvienais metais, gegu\u017e\u0117s 9-\u0105j\u0105 visame \u017eemyne tradici\u0161kai minima Europos diena. \u0160ia proga, Europos S\u0105jungos program\u0105 \u201eK\u016brybi\u0161ka Europa\u201c atstovaujantys Lietuvos, Latvijos, Estijos, Slov\u0117nijos ir Kroatijos biur\u0173 MEDIA skyriai atrinko pripa\u017einimo sulaukusius savo \u0161ali\u0173 kino k\u016br\u0117j\u0173 filmus, ir paruo\u0161\u0117 speciali\u0105 program\u0105 \u201eEuropos diena: Didel\u0117s ma\u017e\u0173 \u0161ali\u0173 [&hellip;]","og_url":"https:\/\/filmvilnius.com\/lt\/lietuviu-europos-diena-sveskite-ziuredami-lietuvos-latvijos-estijos-slovenijos-ir-kroatijos-filmus\/","og_site_name":"Vilnius film office","article_publisher":"https:\/\/www.facebook.com\/filmvilnius","article_published_time":"2020-05-06T11:12:29+00:00","article_modified_time":"2026-04-28T09:38:37+00:00","og_image":[{"width":1875,"height":982,"url":"https:\/\/filmvilnius.com\/wp-content\/uploads\/2020\/05\/79_Reduced.jpg","type":"image\/jpeg"}],"author":"Vilniaus kino biuras","twitter_card":"summary_large_image","twitter_creator":"@FilmVilnius","twitter_site":"@FilmVilnius","twitter_misc":{"Written by":"Vilniaus kino biuras","Est. reading time":"2 minut\u0117s"},"schema":{"@context":"https:\/\/schema.org","@graph":[{"@type":"Article","@id":"https:\/\/filmvilnius.com\/lt\/lietuviu-europos-diena-sveskite-ziuredami-lietuvos-latvijos-estijos-slovenijos-ir-kroatijos-filmus\/#article","isPartOf":{"@id":"https:\/\/filmvilnius.com\/lt\/lietuviu-europos-diena-sveskite-ziuredami-lietuvos-latvijos-estijos-slovenijos-ir-kroatijos-filmus\/"},"author":{"name":"Vilniaus kino biuras","@id":"https:\/\/filmvilnius.com\/#\/schema\/person\/8b5cdb3983bdc74eeb47d664a07e8a7c"},"headline":"Europos dien\u0105 \u0161v\u0119skite \u017ei\u016br\u0117dami Lietuvos, Latvijos, Estijos, Slov\u0117nijos ir Kroatijos filmus","datePublished":"2020-05-06T11:12:29+00:00","dateModified":"2026-04-28T09:38:37+00:00","mainEntityOfPage":{"@id":"https:\/\/filmvilnius.com\/lt\/lietuviu-europos-diena-sveskite-ziuredami-lietuvos-latvijos-estijos-slovenijos-ir-kroatijos-filmus\/"},"wordCount":334,"publisher":{"@id":"https:\/\/filmvilnius.com\/#organization"},"image":{"@id":"https:\/\/filmvilnius.com\/lt\/lietuviu-europos-diena-sveskite-ziuredami-lietuvos-latvijos-estijos-slovenijos-ir-kroatijos-filmus\/#primaryimage"},"thumbnailUrl":"https:\/\/filmvilnius.com\/wp-content\/uploads\/2020\/05\/79_Reduced.jpg","articleSection":["Kino industrijos naujienos","Naujienos"],"inLanguage":"lt-LT"},{"@type":"WebPage","@id":"https:\/\/filmvilnius.com\/lt\/lietuviu-europos-diena-sveskite-ziuredami-lietuvos-latvijos-estijos-slovenijos-ir-kroatijos-filmus\/","url":"https:\/\/filmvilnius.com\/lt\/lietuviu-europos-diena-sveskite-ziuredami-lietuvos-latvijos-estijos-slovenijos-ir-kroatijos-filmus\/","name":"Europos dien\u0105 \u0161v\u0119skite \u017ei\u016br\u0117dami Lietuvos, Latvijos, Estijos, Slov\u0117nijos ir Kroatijos filmus - Vilnius film office","isPartOf":{"@id":"https:\/\/filmvilnius.com\/#website"},"primaryImageOfPage":{"@id":"https:\/\/filmvilnius.com\/lt\/lietuviu-europos-diena-sveskite-ziuredami-lietuvos-latvijos-estijos-slovenijos-ir-kroatijos-filmus\/#primaryimage"},"image":{"@id":"https:\/\/filmvilnius.com\/lt\/lietuviu-europos-diena-sveskite-ziuredami-lietuvos-latvijos-estijos-slovenijos-ir-kroatijos-filmus\/#primaryimage"},"thumbnailUrl":"https:\/\/filmvilnius.com\/wp-content\/uploads\/2020\/05\/79_Reduced.jpg","datePublished":"2020-05-06T11:12:29+00:00","dateModified":"2026-04-28T09:38:37+00:00","breadcrumb":{"@id":"https:\/\/filmvilnius.com\/lt\/lietuviu-europos-diena-sveskite-ziuredami-lietuvos-latvijos-estijos-slovenijos-ir-kroatijos-filmus\/#breadcrumb"},"inLanguage":"lt-LT","potentialAction":[{"@type":"ReadAction","target":["https:\/\/filmvilnius.com\/lt\/lietuviu-europos-diena-sveskite-ziuredami-lietuvos-latvijos-estijos-slovenijos-ir-kroatijos-filmus\/"]}]},{"@type":"ImageObject","inLanguage":"lt-LT","@id":"https:\/\/filmvilnius.com\/lt\/lietuviu-europos-diena-sveskite-ziuredami-lietuvos-latvijos-estijos-slovenijos-ir-kroatijos-filmus\/#primaryimage","url":"https:\/\/filmvilnius.com\/wp-content\/uploads\/2020\/05\/79_Reduced.jpg","contentUrl":"https:\/\/filmvilnius.com\/wp-content\/uploads\/2020\/05\/79_Reduced.jpg","width":1875,"height":982},{"@type":"BreadcrumbList","@id":"https:\/\/filmvilnius.com\/lt\/lietuviu-europos-diena-sveskite-ziuredami-lietuvos-latvijos-estijos-slovenijos-ir-kroatijos-filmus\/#breadcrumb","itemListElement":[{"@type":"ListItem","position":1,"name":"Home","item":"https:\/\/filmvilnius.com\/lt\/"},{"@type":"ListItem","position":2,"name":"Europos dien\u0105 \u0161v\u0119skite \u017ei\u016br\u0117dami Lietuvos, Latvijos, Estijos, Slov\u0117nijos ir Kroatijos filmus"}]},{"@type":"WebSite","@id":"https:\/\/filmvilnius.com\/#website","url":"https:\/\/filmvilnius.com\/","name":"Vilnius film office","description":"","publisher":{"@id":"https:\/\/filmvilnius.com\/#organization"},"potentialAction":[{"@type":"SearchAction","target":{"@type":"EntryPoint","urlTemplate":"https:\/\/filmvilnius.com\/?s={search_term_string}"},"query-input":{"@type":"PropertyValueSpecification","valueRequired":true,"valueName":"search_term_string"}}],"inLanguage":"lt-LT"},{"@type":"Organization","@id":"https:\/\/filmvilnius.com\/#organization","name":"Vilniaus kino biuras","url":"https:\/\/filmvilnius.com\/","logo":{"@type":"ImageObject","inLanguage":"lt-LT","@id":"https:\/\/filmvilnius.com\/#\/schema\/logo\/image\/","url":"https:\/\/filmvilnius.com\/wp-content\/uploads\/2022\/12\/VKB-Logo-2022-EN-2-V.jpg","contentUrl":"https:\/\/filmvilnius.com\/wp-content\/uploads\/2022\/12\/VKB-Logo-2022-EN-2-V.jpg","width":1419,"height":1418,"caption":"Vilniaus kino biuras"},"image":{"@id":"https:\/\/filmvilnius.com\/#\/schema\/logo\/image\/"},"sameAs":["https:\/\/www.facebook.com\/filmvilnius","https:\/\/x.com\/FilmVilnius","https:\/\/www.instagram.com\/filmvilnius\/"]},{"@type":"Person","@id":"https:\/\/filmvilnius.com\/#\/schema\/person\/8b5cdb3983bdc74eeb47d664a07e8a7c","name":"Vilniaus kino biuras","image":{"@type":"ImageObject","inLanguage":"lt-LT","@id":"https:\/\/secure.gravatar.com\/avatar\/644725169c69ad57061a7da5874c1d84a0c902f0dc424faee665d0c37cb52e24?s=96&d=mm&r=g","url":"https:\/\/secure.gravatar.com\/avatar\/644725169c69ad57061a7da5874c1d84a0c902f0dc424faee665d0c37cb52e24?s=96&d=mm&r=g","contentUrl":"https:\/\/secure.gravatar.com\/avatar\/644725169c69ad57061a7da5874c1d84a0c902f0dc424faee665d0c37cb52e24?s=96&d=mm&r=g","caption":"Vilniaus kino biuras"},"url":"https:\/\/filmvilnius.com\/lt\/author\/4b35ef9e4d264bd9\/"}]}},"_links":{"self":[{"href":"https:\/\/filmvilnius.com\/lt\/wp-json\/wp\/v2\/posts\/4117","targetHints":{"allow":["GET"]}}],"collection":[{"href":"https:\/\/filmvilnius.com\/lt\/wp-json\/wp\/v2\/posts"}],"about":[{"href":"https:\/\/filmvilnius.com\/lt\/wp-json\/wp\/v2\/types\/post"}],"author":[{"embeddable":true,"href":"https:\/\/filmvilnius.com\/lt\/wp-json\/wp\/v2\/users\/3"}],"replies":[{"embeddable":true,"href":"https:\/\/filmvilnius.com\/lt\/wp-json\/wp\/v2\/comments?post=4117"}],"version-history":[{"count":3,"href":"https:\/\/filmvilnius.com\/lt\/wp-json\/wp\/v2\/posts\/4117\/revisions"}],"predecessor-version":[{"id":7651,"href":"https:\/\/filmvilnius.com\/lt\/wp-json\/wp\/v2\/posts\/4117\/revisions\/7651"}],"wp:featuredmedia":[{"embeddable":true,"href":"https:\/\/filmvilnius.com\/lt\/wp-json\/wp\/v2\/media\/7650"}],"wp:attachment":[{"href":"https:\/\/filmvilnius.com\/lt\/wp-json\/wp\/v2\/media?parent=4117"}],"wp:term":[{"taxonomy":"category","embeddable":true,"href":"https:\/\/filmvilnius.com\/lt\/wp-json\/wp\/v2\/categories?post=4117"},{"taxonomy":"post_tag","embeddable":true,"href":"https:\/\/filmvilnius.com\/lt\/wp-json\/wp\/v2\/tags?post=4117"}],"curies":[{"name":"wp","href":"https:\/\/api.w.org\/{rel}","templated":true}]}}