{"id":8108,"date":"2022-02-08T19:54:15","date_gmt":"2022-02-08T19:54:15","guid":{"rendered":"https:\/\/filmvilnius.com\/?p=8108"},"modified":"2026-04-28T09:47:10","modified_gmt":"2026-04-28T07:47:10","slug":"festivalyje-scanorama-ivyko-a-blazeviciaus-filmo-begike-premjera","status":"publish","type":"post","link":"https:\/\/filmvilnius.com\/lt\/festivalyje-scanorama-ivyko-a-blazeviciaus-filmo-begike-premjera\/","title":{"rendered":"Festivalyje \u201eScanorama\u201c \u012fvyko A. Bla\u017eevi\u010diaus filmo \u201eB\u0117gik\u0117\u201c premjera"},"content":{"rendered":"<p><img decoding=\"async\" src=\"https:\/\/filmvilnius.com\/wp-content\/uploads\/2021\/11\/DSC01427-1200x800.jpg\" \/><\/p>\n<p>Tre\u010diadien\u012f Europos \u0161ali\u0173 kino forume \u201eScanorama\u201c raudonu kilimu sve\u010diai \u017eeng\u0117 \u012f A. Bla\u017eevi\u010diaus filmo \u201eB\u0117gik\u0117\u201c premjer\u0105. Apkeliavusi tarptautinius kino festivalius, triler\u012f primenanti meil\u0117s istorija prisistat\u0117 Lietuvos \u017ei\u016brovams. \u017dygimant\u0117s Elenos Jak\u0161tait\u0117s ir Mariaus Rep\u0161io \u012fk\u016bnyt\u0173 heroj\u0173 dram\u0105 nuo lapkri\u010dio 19 d. \u017ei\u016brovai gal\u0117s i\u0161vysti kino teatruose visoje \u0161alyje.<\/p>\n<p>Re\u017eisierius Andrius Bla\u017eevi\u010dius prie\u0161 premjer\u0105 nesl\u0117p\u0117 jaudulio. \u201eKuriu tikrai asmeni\u0161kus filmus ir \u012f juos sudedu vis\u0105 \u0161ird\u012f, tad kiekviena nuomon\u0117 ypatingai r\u016bpi. Kartais tai n\u0117ra lengva\u201c, \u2013 \u0161ypsosi re\u017eisierius. \u201eJaudinausi ir prie\u0161 tarptautin\u0119 premjer\u0105 Karlovi Varuose, bet namie viskas dar svarbiau ir stipriau. Smalsu, kaip \u017ei\u016brovai supras film\u0105, pagrindin\u0119 heroj\u0119 ir jos elges\u012f. Karlovi Varuose sal\u0117je po filmo ma\u010diau verkian\u010di\u0173 \u017ei\u016brov\u0173, buvo \u012fdomu klausytis man pa\u010diam netik\u0117t\u0173 interpretacij\u0173 apie atskirus filmo elementus. Pavyzd\u017eiui, kas yra tas \u0161alia heroj\u0117s vis atsirandantis juodas \u0161uo?\u201c<\/p>\n<p>Paklaustas, koki\u0105 u\u017euomin\u0105 duot\u0173 \u017ei\u016brovui prie\u0161 pat filmo per\u017ei\u016br\u0105, A. Bla\u017eevi\u010dius pakviet\u0117 \u012f kiekvien\u0105 persona\u017e\u0105 \u017evelgti visapusi\u0161kiau. \u201eMarija yra ir teigiamas, ir neigiamas persona\u017eas tuo pat metu. J\u0105 galima myl\u0117ti ir kartu jos neapk\u0119sti. Suprasti ir tuoj pat teisti. Ties\u0105 sakant, \u0161iame filme visi persona\u017eai yra nevienareik\u0161mi\u0161ki \u2013 kaip ir kiekvienas i\u0161 m\u016bs\u0173 b\u016bname gyvenime\u201c, \u2013 pasakoja re\u017eisierius.<\/p>\n<p>Jam antrina \u201eB\u0117gik\u0117s\u201c prodiuser\u0117 Marija Razgut\u0117 (\u201eM-Films\u201c). \u201eManau, \u017ei\u016brovams paliks \u012fsp\u016bd\u012f aktor\u0117s \u017d. E. Jak\u0161tait\u0117s suvaidinta pagrindin\u0117 heroj\u0117. Ji \u012ftraukia, tu u\u017e j\u0105 sergi, Marija trikdo, glumina, v\u0117liau jau pagauni save, kad pyksti ant jos: \u201e\u010dia jau nes\u0105mones darai\u201c, o po keli\u0173 akimirk\u0173 v\u0117l persigalvoji: \u201eoi, bet tai tikrai sunku, suprantu, b\u0117k\u2026 Ne, jau nebeb\u0117k\u2026 \u017dinai, visgi b\u0117k\u201c. Retai b\u016bna, kad toks stiprus \u012fsitraukimas \u012f herojaus veiksmus i\u0161silaikyt\u0173 vis\u0105 film\u0105, o Marija nuo pat prad\u017ei\u0173 prisikabina ir nepaleid\u017eia. Tai nuolat kartojo ir tarptautiniai kritikai \u2013 jos i\u0161gyvenama jausm\u0173 palet\u0117, kuri\u0105 kartu i\u0161gyvena ir \u017ei\u016brovas, yra labai stipri.\u201c<\/p>\n<p>Marija Razgut\u0117 prisimena pa\u010di\u0105 filmo prad\u017ei\u0105 \u2013 id\u0117j\u0105, kuri\u0105 atsine\u0161\u0117 A. Bla\u017eevi\u010dius. \u201eVien\u0105 dien\u0105 Andrius mane pakviet\u0117 pasivaik\u0161\u010dioti. Tokiais atvejais jau \u017einau, kad ka\u017ek\u0105 sugalvojo. Bevaik\u0161\u010diojant jis papasakojo, kad nori daryti film\u0105 apie moter\u012f. Toki\u0105, kuri yra labai stipri, bet kartu yra tarsi kovoje u\u017e tam tikr\u0105 laisv\u0119 kaip metafor\u0105. Man labai patiko laisv\u0117s id\u0117jos kvestionavimas ir m\u0117ginimas subtiliai klausin\u0117ti, kur yra laisv\u0117, o kur \u2013 jau pasiaukojimas. Kai sakai, kad myl\u0117si b\u0117d\u0173 turint\u012f \u017emog\u0173, kas tai yra i\u0161 ties\u0173 \u2013 tavo stipryb\u0117 laisv\u0117je rinktis ar auka?\u201c \u2013 svarsto prodiuser\u0117.<\/p>\n<p>Naujausias A. Bla\u017eevi\u010diaus filmas \u201eB\u0117gik\u0117\u201c \u2013 triler\u012f primenanti meil\u0117s drama. Pagrindin\u0117 heroj\u0117 Marija nubunda namie su prakirsta l\u016bpa, jos ranka nutirpusi. Ka\u017ekur ding\u0119s ir jos vaikinas Vytas, jo \u201eFacebook\u201c profilyje \u2013 joki\u0173 nauj\u0173 \u012fra\u0161\u0173. Tai jau nebe pirmas kartas, kai Marija atsiduria \u0161ioje situacijoje ir tai v\u0117l gali blogai pasibaigti, tad ji privalo kuo grei\u010diau surasti Vyt\u0105. Ji pasileid\u017eia b\u0117gti ir prasideda par\u0105 \u2013 nuo ryto iki ryto \u2013 trunkanti \u017ead\u0105 atimanti Marijos laisv\u0117s ir pasiaukojimo drama. Apsi\u0161arvavusi meile ir kantrybe, ji bla\u0161kosi po miest\u0105, sekdama pabiromis u\u017euominomis apie tai, kur yra Vytas. O aplink verda gyvenimas \u2013 pro \u0161al\u012f gr\u0117smingai \u017eygiuoja kariuomen\u0117, troleibusuose ir vakar\u0117liuose vyksta savi reikalai, o mama klausin\u0117ja \u201ek\u0105 \u0161iandien valgei?\u201c.<\/p>\n<p>Rygos festivalyje \u201eB\u0117gik\u0117\u201c gavo geriausio filmo apdovanojim\u0105, o dar iki tarptautin\u0117s premjeros u\u017e vaidmen\u012f \u0161iame filme \u017d. E. Jak\u0161tait\u0117 pateko tarp 10\u2013ies daugiausiai \u017eadan\u010di\u0173 Europos kino aktori\u0173. \u0160ios \u201eEuropean Film Promotion\u201c inicijuojamos programos metu anks\u010diau buvo pasteb\u0117ti tokie \u017einomi aktoriai kaip Danielis Craigas, Rachel Weisz, Carey Mulligan. Dingus\u012f pagrindin\u0117s heroj\u0117s vaikin\u0105 Vyt\u0105 vaidinantis Marius Rep\u0161ys yra \u201eAuksinio scenos kry\u017eiaus\u201c ir \u201eSidabrin\u0117s gerv\u0117s\u201c laureatas, u\u017e vaidmen\u012f pirmajame A. Bla\u017eevi\u010diaus filme \u201e\u0160ventasis\u201c Lietuvi\u0173 kino akademijos \u012fvertintas kaip geriausias met\u0173 aktorius.<\/p>\n<p>Filme \u201eBe\u0307gike\u0307\u201c taip pat vaidina Klaip\u0117dos jaunimo teatro aktor\u0117 Laima Akstinait\u0117, Vytautas Kaniu\u0161onis (\u201eLo\u0161\u0117jas\u201c), Valentinas Krulikovskis (\u201e\u0160ventasis\u201c), Viktorija Kuodyt\u0117 (\u201eMiegan\u010di\u0173 drugeli\u0173 tvirtov\u0117\u201c), ir kt. Filmo scenarijaus autoriai: Andrius Bla\u017eevi\u010dius, Marija Kavtaradz\u0117 ir Tekl\u0117 Kavtaradz\u0117, prodiuser\u0117: Marija Razgut\u0117 (\u201eM\u2013Films\u201c), koprodiuseriai i\u0161 \u010cekijos: Vratislav \u0160lajer ir Jakub Ko\u0161\u0165\u00e1l (\u201eBionaut\u201c). Film\u0105 i\u0161 dalies finansavo Lietuvos kino centras.<\/p>\n","protected":false},"excerpt":{"rendered":"<p>Tre\u010diadien\u012f Europos \u0161ali\u0173 kino forume \u201eScanorama\u201c raudonu kilimu sve\u010diai \u017eeng\u0117 \u012f A. Bla\u017eevi\u010diaus filmo \u201eB\u0117gik\u0117\u201c premjer\u0105. Apkeliavusi tarptautinius kino festivalius, triler\u012f primenanti meil\u0117s istorija prisistat\u0117 Lietuvos \u017ei\u016brovams. \u017dygimant\u0117s Elenos Jak\u0161tait\u0117s ir Mariaus Rep\u0161io \u012fk\u016bnyt\u0173 heroj\u0173 dram\u0105 nuo lapkri\u010dio 19 d. \u017ei\u016brovai gal\u0117s i\u0161vysti kino teatruose visoje \u0161alyje. Re\u017eisierius Andrius Bla\u017eevi\u010dius prie\u0161 premjer\u0105 nesl\u0117p\u0117 jaudulio. \u201eKuriu [&hellip;]<\/p>\n","protected":false},"author":2,"featured_media":8109,"comment_status":"closed","ping_status":"open","sticky":false,"template":"","format":"standard","meta":{"_acf_changed":false,"_monsterinsights_skip_tracking":false,"_monsterinsights_sitenote_active":false,"_monsterinsights_sitenote_note":"","_monsterinsights_sitenote_category":0,"footnotes":""},"categories":[155,1],"tags":[],"class_list":["post-8108","post","type-post","status-publish","format-standard","has-post-thumbnail","hentry","category-industrija-ir-renginiai","category-uncategorized-lt"],"acf":[],"yoast_head":"<!-- This site is optimized with the Yoast SEO plugin v27.4 - https:\/\/yoast.com\/product\/yoast-seo-wordpress\/ -->\n<title>Festivalyje \u201eScanorama\u201c \u012fvyko A. Bla\u017eevi\u010diaus filmo \u201eB\u0117gik\u0117\u201c premjera - Vilnius film office<\/title>\n<meta name=\"robots\" content=\"index, follow, max-snippet:-1, max-image-preview:large, max-video-preview:-1\" \/>\n<link rel=\"canonical\" href=\"https:\/\/filmvilnius.com\/lt\/festivalyje-scanorama-ivyko-a-blazeviciaus-filmo-begike-premjera\/\" \/>\n<meta property=\"og:locale\" content=\"lt_LT\" \/>\n<meta property=\"og:type\" content=\"article\" \/>\n<meta property=\"og:title\" content=\"Festivalyje \u201eScanorama\u201c \u012fvyko A. Bla\u017eevi\u010diaus filmo \u201eB\u0117gik\u0117\u201c premjera - Vilnius film office\" \/>\n<meta property=\"og:description\" content=\"Tre\u010diadien\u012f Europos \u0161ali\u0173 kino forume \u201eScanorama\u201c raudonu kilimu sve\u010diai \u017eeng\u0117 \u012f A. Bla\u017eevi\u010diaus filmo \u201eB\u0117gik\u0117\u201c premjer\u0105. Apkeliavusi tarptautinius kino festivalius, triler\u012f primenanti meil\u0117s istorija prisistat\u0117 Lietuvos \u017ei\u016brovams. \u017dygimant\u0117s Elenos Jak\u0161tait\u0117s ir Mariaus Rep\u0161io \u012fk\u016bnyt\u0173 heroj\u0173 dram\u0105 nuo lapkri\u010dio 19 d. \u017ei\u016brovai gal\u0117s i\u0161vysti kino teatruose visoje \u0161alyje. Re\u017eisierius Andrius Bla\u017eevi\u010dius prie\u0161 premjer\u0105 nesl\u0117p\u0117 jaudulio. \u201eKuriu [&hellip;]\" \/>\n<meta property=\"og:url\" content=\"https:\/\/filmvilnius.com\/lt\/festivalyje-scanorama-ivyko-a-blazeviciaus-filmo-begike-premjera\/\" \/>\n<meta property=\"og:site_name\" content=\"Vilnius film office\" \/>\n<meta property=\"article:publisher\" content=\"https:\/\/www.facebook.com\/filmvilnius\" \/>\n<meta property=\"article:published_time\" content=\"2022-02-08T19:54:15+00:00\" \/>\n<meta property=\"article:modified_time\" content=\"2026-04-28T07:47:10+00:00\" \/>\n<meta property=\"og:image\" content=\"https:\/\/filmvilnius.com\/wp-content\/uploads\/2022\/02\/DSC01427-1200x800-1.jpg\" \/>\n\t<meta property=\"og:image:width\" content=\"1200\" \/>\n\t<meta property=\"og:image:height\" content=\"800\" \/>\n\t<meta property=\"og:image:type\" content=\"image\/jpeg\" \/>\n<meta name=\"author\" content=\"JP\" \/>\n<meta name=\"twitter:card\" content=\"summary_large_image\" \/>\n<meta name=\"twitter:creator\" content=\"@FilmVilnius\" \/>\n<meta name=\"twitter:site\" content=\"@FilmVilnius\" \/>\n<meta name=\"twitter:label1\" content=\"Written by\" \/>\n\t<meta name=\"twitter:data1\" content=\"JP\" \/>\n\t<meta name=\"twitter:label2\" content=\"Est. reading time\" \/>\n\t<meta name=\"twitter:data2\" content=\"4 minut\u0117s\" \/>\n<script type=\"application\/ld+json\" class=\"yoast-schema-graph\">{\"@context\":\"https:\\\/\\\/schema.org\",\"@graph\":[{\"@type\":\"Article\",\"@id\":\"https:\\\/\\\/filmvilnius.com\\\/lt\\\/festivalyje-scanorama-ivyko-a-blazeviciaus-filmo-begike-premjera\\\/#article\",\"isPartOf\":{\"@id\":\"https:\\\/\\\/filmvilnius.com\\\/lt\\\/festivalyje-scanorama-ivyko-a-blazeviciaus-filmo-begike-premjera\\\/\"},\"author\":{\"name\":\"JP\",\"@id\":\"https:\\\/\\\/filmvilnius.com\\\/#\\\/schema\\\/person\\\/a07b52ad4c931657549bf40cb59b34eb\"},\"headline\":\"Festivalyje \u201eScanorama\u201c \u012fvyko A. Bla\u017eevi\u010diaus filmo \u201eB\u0117gik\u0117\u201c premjera\",\"datePublished\":\"2022-02-08T19:54:15+00:00\",\"dateModified\":\"2026-04-28T07:47:10+00:00\",\"mainEntityOfPage\":{\"@id\":\"https:\\\/\\\/filmvilnius.com\\\/lt\\\/festivalyje-scanorama-ivyko-a-blazeviciaus-filmo-begike-premjera\\\/\"},\"wordCount\":737,\"publisher\":{\"@id\":\"https:\\\/\\\/filmvilnius.com\\\/#organization\"},\"image\":{\"@id\":\"https:\\\/\\\/filmvilnius.com\\\/lt\\\/festivalyje-scanorama-ivyko-a-blazeviciaus-filmo-begike-premjera\\\/#primaryimage\"},\"thumbnailUrl\":\"https:\\\/\\\/filmvilnius.com\\\/wp-content\\\/uploads\\\/2022\\\/02\\\/DSC01427-1200x800-1.jpg\",\"articleSection\":[\"Industrija ir renginiai\",\"Uncategorized @lt\"],\"inLanguage\":\"lt-LT\"},{\"@type\":\"WebPage\",\"@id\":\"https:\\\/\\\/filmvilnius.com\\\/lt\\\/festivalyje-scanorama-ivyko-a-blazeviciaus-filmo-begike-premjera\\\/\",\"url\":\"https:\\\/\\\/filmvilnius.com\\\/lt\\\/festivalyje-scanorama-ivyko-a-blazeviciaus-filmo-begike-premjera\\\/\",\"name\":\"Festivalyje \u201eScanorama\u201c \u012fvyko A. Bla\u017eevi\u010diaus filmo \u201eB\u0117gik\u0117\u201c premjera - Vilnius film office\",\"isPartOf\":{\"@id\":\"https:\\\/\\\/filmvilnius.com\\\/#website\"},\"primaryImageOfPage\":{\"@id\":\"https:\\\/\\\/filmvilnius.com\\\/lt\\\/festivalyje-scanorama-ivyko-a-blazeviciaus-filmo-begike-premjera\\\/#primaryimage\"},\"image\":{\"@id\":\"https:\\\/\\\/filmvilnius.com\\\/lt\\\/festivalyje-scanorama-ivyko-a-blazeviciaus-filmo-begike-premjera\\\/#primaryimage\"},\"thumbnailUrl\":\"https:\\\/\\\/filmvilnius.com\\\/wp-content\\\/uploads\\\/2022\\\/02\\\/DSC01427-1200x800-1.jpg\",\"datePublished\":\"2022-02-08T19:54:15+00:00\",\"dateModified\":\"2026-04-28T07:47:10+00:00\",\"breadcrumb\":{\"@id\":\"https:\\\/\\\/filmvilnius.com\\\/lt\\\/festivalyje-scanorama-ivyko-a-blazeviciaus-filmo-begike-premjera\\\/#breadcrumb\"},\"inLanguage\":\"lt-LT\",\"potentialAction\":[{\"@type\":\"ReadAction\",\"target\":[\"https:\\\/\\\/filmvilnius.com\\\/lt\\\/festivalyje-scanorama-ivyko-a-blazeviciaus-filmo-begike-premjera\\\/\"]}]},{\"@type\":\"ImageObject\",\"inLanguage\":\"lt-LT\",\"@id\":\"https:\\\/\\\/filmvilnius.com\\\/lt\\\/festivalyje-scanorama-ivyko-a-blazeviciaus-filmo-begike-premjera\\\/#primaryimage\",\"url\":\"https:\\\/\\\/filmvilnius.com\\\/wp-content\\\/uploads\\\/2022\\\/02\\\/DSC01427-1200x800-1.jpg\",\"contentUrl\":\"https:\\\/\\\/filmvilnius.com\\\/wp-content\\\/uploads\\\/2022\\\/02\\\/DSC01427-1200x800-1.jpg\",\"width\":1200,\"height\":800},{\"@type\":\"BreadcrumbList\",\"@id\":\"https:\\\/\\\/filmvilnius.com\\\/lt\\\/festivalyje-scanorama-ivyko-a-blazeviciaus-filmo-begike-premjera\\\/#breadcrumb\",\"itemListElement\":[{\"@type\":\"ListItem\",\"position\":1,\"name\":\"Home\",\"item\":\"https:\\\/\\\/filmvilnius.com\\\/lt\\\/\"},{\"@type\":\"ListItem\",\"position\":2,\"name\":\"Festivalyje \u201eScanorama\u201c \u012fvyko A. Bla\u017eevi\u010diaus filmo \u201eB\u0117gik\u0117\u201c premjera\"}]},{\"@type\":\"WebSite\",\"@id\":\"https:\\\/\\\/filmvilnius.com\\\/#website\",\"url\":\"https:\\\/\\\/filmvilnius.com\\\/\",\"name\":\"Vilnius film office\",\"description\":\"\",\"publisher\":{\"@id\":\"https:\\\/\\\/filmvilnius.com\\\/#organization\"},\"potentialAction\":[{\"@type\":\"SearchAction\",\"target\":{\"@type\":\"EntryPoint\",\"urlTemplate\":\"https:\\\/\\\/filmvilnius.com\\\/?s={search_term_string}\"},\"query-input\":{\"@type\":\"PropertyValueSpecification\",\"valueRequired\":true,\"valueName\":\"search_term_string\"}}],\"inLanguage\":\"lt-LT\"},{\"@type\":\"Organization\",\"@id\":\"https:\\\/\\\/filmvilnius.com\\\/#organization\",\"name\":\"Vilniaus kino biuras\",\"url\":\"https:\\\/\\\/filmvilnius.com\\\/\",\"logo\":{\"@type\":\"ImageObject\",\"inLanguage\":\"lt-LT\",\"@id\":\"https:\\\/\\\/filmvilnius.com\\\/#\\\/schema\\\/logo\\\/image\\\/\",\"url\":\"https:\\\/\\\/filmvilnius.com\\\/wp-content\\\/uploads\\\/2022\\\/12\\\/VKB-Logo-2022-EN-2-V.jpg\",\"contentUrl\":\"https:\\\/\\\/filmvilnius.com\\\/wp-content\\\/uploads\\\/2022\\\/12\\\/VKB-Logo-2022-EN-2-V.jpg\",\"width\":1419,\"height\":1418,\"caption\":\"Vilniaus kino biuras\"},\"image\":{\"@id\":\"https:\\\/\\\/filmvilnius.com\\\/#\\\/schema\\\/logo\\\/image\\\/\"},\"sameAs\":[\"https:\\\/\\\/www.facebook.com\\\/filmvilnius\",\"https:\\\/\\\/x.com\\\/FilmVilnius\",\"https:\\\/\\\/www.instagram.com\\\/filmvilnius\\\/\"]},{\"@type\":\"Person\",\"@id\":\"https:\\\/\\\/filmvilnius.com\\\/#\\\/schema\\\/person\\\/a07b52ad4c931657549bf40cb59b34eb\",\"name\":\"JP\",\"image\":{\"@type\":\"ImageObject\",\"inLanguage\":\"lt-LT\",\"@id\":\"https:\\\/\\\/secure.gravatar.com\\\/avatar\\\/d427817e2c206d491601fbff8e399f92668ac5786bc212ce565aee8527b0654c?s=96&d=mm&r=g\",\"url\":\"https:\\\/\\\/secure.gravatar.com\\\/avatar\\\/d427817e2c206d491601fbff8e399f92668ac5786bc212ce565aee8527b0654c?s=96&d=mm&r=g\",\"contentUrl\":\"https:\\\/\\\/secure.gravatar.com\\\/avatar\\\/d427817e2c206d491601fbff8e399f92668ac5786bc212ce565aee8527b0654c?s=96&d=mm&r=g\",\"caption\":\"JP\"},\"sameAs\":[\"https:\\\/\\\/fabrique.me\\\/\"],\"url\":\"https:\\\/\\\/filmvilnius.com\\\/lt\\\/author\\\/42ebe4eddbe0a5b6\\\/\"}]}<\/script>\n<!-- \/ Yoast SEO plugin. -->","yoast_head_json":{"title":"Festivalyje \u201eScanorama\u201c \u012fvyko A. Bla\u017eevi\u010diaus filmo \u201eB\u0117gik\u0117\u201c premjera - Vilnius film office","robots":{"index":"index","follow":"follow","max-snippet":"max-snippet:-1","max-image-preview":"max-image-preview:large","max-video-preview":"max-video-preview:-1"},"canonical":"https:\/\/filmvilnius.com\/lt\/festivalyje-scanorama-ivyko-a-blazeviciaus-filmo-begike-premjera\/","og_locale":"lt_LT","og_type":"article","og_title":"Festivalyje \u201eScanorama\u201c \u012fvyko A. Bla\u017eevi\u010diaus filmo \u201eB\u0117gik\u0117\u201c premjera - Vilnius film office","og_description":"Tre\u010diadien\u012f Europos \u0161ali\u0173 kino forume \u201eScanorama\u201c raudonu kilimu sve\u010diai \u017eeng\u0117 \u012f A. Bla\u017eevi\u010diaus filmo \u201eB\u0117gik\u0117\u201c premjer\u0105. Apkeliavusi tarptautinius kino festivalius, triler\u012f primenanti meil\u0117s istorija prisistat\u0117 Lietuvos \u017ei\u016brovams. \u017dygimant\u0117s Elenos Jak\u0161tait\u0117s ir Mariaus Rep\u0161io \u012fk\u016bnyt\u0173 heroj\u0173 dram\u0105 nuo lapkri\u010dio 19 d. \u017ei\u016brovai gal\u0117s i\u0161vysti kino teatruose visoje \u0161alyje. Re\u017eisierius Andrius Bla\u017eevi\u010dius prie\u0161 premjer\u0105 nesl\u0117p\u0117 jaudulio. \u201eKuriu [&hellip;]","og_url":"https:\/\/filmvilnius.com\/lt\/festivalyje-scanorama-ivyko-a-blazeviciaus-filmo-begike-premjera\/","og_site_name":"Vilnius film office","article_publisher":"https:\/\/www.facebook.com\/filmvilnius","article_published_time":"2022-02-08T19:54:15+00:00","article_modified_time":"2026-04-28T07:47:10+00:00","og_image":[{"width":1200,"height":800,"url":"https:\/\/filmvilnius.com\/wp-content\/uploads\/2022\/02\/DSC01427-1200x800-1.jpg","type":"image\/jpeg"}],"author":"JP","twitter_card":"summary_large_image","twitter_creator":"@FilmVilnius","twitter_site":"@FilmVilnius","twitter_misc":{"Written by":"JP","Est. reading time":"4 minut\u0117s"},"schema":{"@context":"https:\/\/schema.org","@graph":[{"@type":"Article","@id":"https:\/\/filmvilnius.com\/lt\/festivalyje-scanorama-ivyko-a-blazeviciaus-filmo-begike-premjera\/#article","isPartOf":{"@id":"https:\/\/filmvilnius.com\/lt\/festivalyje-scanorama-ivyko-a-blazeviciaus-filmo-begike-premjera\/"},"author":{"name":"JP","@id":"https:\/\/filmvilnius.com\/#\/schema\/person\/a07b52ad4c931657549bf40cb59b34eb"},"headline":"Festivalyje \u201eScanorama\u201c \u012fvyko A. Bla\u017eevi\u010diaus filmo \u201eB\u0117gik\u0117\u201c premjera","datePublished":"2022-02-08T19:54:15+00:00","dateModified":"2026-04-28T07:47:10+00:00","mainEntityOfPage":{"@id":"https:\/\/filmvilnius.com\/lt\/festivalyje-scanorama-ivyko-a-blazeviciaus-filmo-begike-premjera\/"},"wordCount":737,"publisher":{"@id":"https:\/\/filmvilnius.com\/#organization"},"image":{"@id":"https:\/\/filmvilnius.com\/lt\/festivalyje-scanorama-ivyko-a-blazeviciaus-filmo-begike-premjera\/#primaryimage"},"thumbnailUrl":"https:\/\/filmvilnius.com\/wp-content\/uploads\/2022\/02\/DSC01427-1200x800-1.jpg","articleSection":["Industrija ir renginiai","Uncategorized @lt"],"inLanguage":"lt-LT"},{"@type":"WebPage","@id":"https:\/\/filmvilnius.com\/lt\/festivalyje-scanorama-ivyko-a-blazeviciaus-filmo-begike-premjera\/","url":"https:\/\/filmvilnius.com\/lt\/festivalyje-scanorama-ivyko-a-blazeviciaus-filmo-begike-premjera\/","name":"Festivalyje \u201eScanorama\u201c \u012fvyko A. Bla\u017eevi\u010diaus filmo \u201eB\u0117gik\u0117\u201c premjera - Vilnius film office","isPartOf":{"@id":"https:\/\/filmvilnius.com\/#website"},"primaryImageOfPage":{"@id":"https:\/\/filmvilnius.com\/lt\/festivalyje-scanorama-ivyko-a-blazeviciaus-filmo-begike-premjera\/#primaryimage"},"image":{"@id":"https:\/\/filmvilnius.com\/lt\/festivalyje-scanorama-ivyko-a-blazeviciaus-filmo-begike-premjera\/#primaryimage"},"thumbnailUrl":"https:\/\/filmvilnius.com\/wp-content\/uploads\/2022\/02\/DSC01427-1200x800-1.jpg","datePublished":"2022-02-08T19:54:15+00:00","dateModified":"2026-04-28T07:47:10+00:00","breadcrumb":{"@id":"https:\/\/filmvilnius.com\/lt\/festivalyje-scanorama-ivyko-a-blazeviciaus-filmo-begike-premjera\/#breadcrumb"},"inLanguage":"lt-LT","potentialAction":[{"@type":"ReadAction","target":["https:\/\/filmvilnius.com\/lt\/festivalyje-scanorama-ivyko-a-blazeviciaus-filmo-begike-premjera\/"]}]},{"@type":"ImageObject","inLanguage":"lt-LT","@id":"https:\/\/filmvilnius.com\/lt\/festivalyje-scanorama-ivyko-a-blazeviciaus-filmo-begike-premjera\/#primaryimage","url":"https:\/\/filmvilnius.com\/wp-content\/uploads\/2022\/02\/DSC01427-1200x800-1.jpg","contentUrl":"https:\/\/filmvilnius.com\/wp-content\/uploads\/2022\/02\/DSC01427-1200x800-1.jpg","width":1200,"height":800},{"@type":"BreadcrumbList","@id":"https:\/\/filmvilnius.com\/lt\/festivalyje-scanorama-ivyko-a-blazeviciaus-filmo-begike-premjera\/#breadcrumb","itemListElement":[{"@type":"ListItem","position":1,"name":"Home","item":"https:\/\/filmvilnius.com\/lt\/"},{"@type":"ListItem","position":2,"name":"Festivalyje \u201eScanorama\u201c \u012fvyko A. Bla\u017eevi\u010diaus filmo \u201eB\u0117gik\u0117\u201c premjera"}]},{"@type":"WebSite","@id":"https:\/\/filmvilnius.com\/#website","url":"https:\/\/filmvilnius.com\/","name":"Vilnius film office","description":"","publisher":{"@id":"https:\/\/filmvilnius.com\/#organization"},"potentialAction":[{"@type":"SearchAction","target":{"@type":"EntryPoint","urlTemplate":"https:\/\/filmvilnius.com\/?s={search_term_string}"},"query-input":{"@type":"PropertyValueSpecification","valueRequired":true,"valueName":"search_term_string"}}],"inLanguage":"lt-LT"},{"@type":"Organization","@id":"https:\/\/filmvilnius.com\/#organization","name":"Vilniaus kino biuras","url":"https:\/\/filmvilnius.com\/","logo":{"@type":"ImageObject","inLanguage":"lt-LT","@id":"https:\/\/filmvilnius.com\/#\/schema\/logo\/image\/","url":"https:\/\/filmvilnius.com\/wp-content\/uploads\/2022\/12\/VKB-Logo-2022-EN-2-V.jpg","contentUrl":"https:\/\/filmvilnius.com\/wp-content\/uploads\/2022\/12\/VKB-Logo-2022-EN-2-V.jpg","width":1419,"height":1418,"caption":"Vilniaus kino biuras"},"image":{"@id":"https:\/\/filmvilnius.com\/#\/schema\/logo\/image\/"},"sameAs":["https:\/\/www.facebook.com\/filmvilnius","https:\/\/x.com\/FilmVilnius","https:\/\/www.instagram.com\/filmvilnius\/"]},{"@type":"Person","@id":"https:\/\/filmvilnius.com\/#\/schema\/person\/a07b52ad4c931657549bf40cb59b34eb","name":"JP","image":{"@type":"ImageObject","inLanguage":"lt-LT","@id":"https:\/\/secure.gravatar.com\/avatar\/d427817e2c206d491601fbff8e399f92668ac5786bc212ce565aee8527b0654c?s=96&d=mm&r=g","url":"https:\/\/secure.gravatar.com\/avatar\/d427817e2c206d491601fbff8e399f92668ac5786bc212ce565aee8527b0654c?s=96&d=mm&r=g","contentUrl":"https:\/\/secure.gravatar.com\/avatar\/d427817e2c206d491601fbff8e399f92668ac5786bc212ce565aee8527b0654c?s=96&d=mm&r=g","caption":"JP"},"sameAs":["https:\/\/fabrique.me\/"],"url":"https:\/\/filmvilnius.com\/lt\/author\/42ebe4eddbe0a5b6\/"}]}},"_links":{"self":[{"href":"https:\/\/filmvilnius.com\/lt\/wp-json\/wp\/v2\/posts\/8108","targetHints":{"allow":["GET"]}}],"collection":[{"href":"https:\/\/filmvilnius.com\/lt\/wp-json\/wp\/v2\/posts"}],"about":[{"href":"https:\/\/filmvilnius.com\/lt\/wp-json\/wp\/v2\/types\/post"}],"author":[{"embeddable":true,"href":"https:\/\/filmvilnius.com\/lt\/wp-json\/wp\/v2\/users\/2"}],"replies":[{"embeddable":true,"href":"https:\/\/filmvilnius.com\/lt\/wp-json\/wp\/v2\/comments?post=8108"}],"version-history":[{"count":1,"href":"https:\/\/filmvilnius.com\/lt\/wp-json\/wp\/v2\/posts\/8108\/revisions"}],"predecessor-version":[{"id":8110,"href":"https:\/\/filmvilnius.com\/lt\/wp-json\/wp\/v2\/posts\/8108\/revisions\/8110"}],"wp:featuredmedia":[{"embeddable":true,"href":"https:\/\/filmvilnius.com\/lt\/wp-json\/wp\/v2\/media\/8109"}],"wp:attachment":[{"href":"https:\/\/filmvilnius.com\/lt\/wp-json\/wp\/v2\/media?parent=8108"}],"wp:term":[{"taxonomy":"category","embeddable":true,"href":"https:\/\/filmvilnius.com\/lt\/wp-json\/wp\/v2\/categories?post=8108"},{"taxonomy":"post_tag","embeddable":true,"href":"https:\/\/filmvilnius.com\/lt\/wp-json\/wp\/v2\/tags?post=8108"}],"curies":[{"name":"wp","href":"https:\/\/api.w.org\/{rel}","templated":true}]}}