{"id":8117,"date":"2022-02-08T19:59:57","date_gmt":"2022-02-08T19:59:57","guid":{"rendered":"https:\/\/filmvilnius.com\/?p=8117"},"modified":"2026-04-28T09:46:38","modified_gmt":"2026-04-28T07:46:38","slug":"audiovizualinio-sektoriaus-kurejai-kvieciami-i-seminara-apie-knygu-ekranizacijas","status":"publish","type":"post","link":"https:\/\/filmvilnius.com\/lt\/audiovizualinio-sektoriaus-kurejai-kvieciami-i-seminara-apie-knygu-ekranizacijas\/","title":{"rendered":"Audiovizualinio sektoriaus k\u016br\u0117jai kvie\u010diami \u012f seminar\u0105 apie knyg\u0173 ekranizacijas"},"content":{"rendered":"<p><strong><img decoding=\"async\" src=\"https:\/\/filmvilnius.com\/wp-content\/uploads\/2021\/11\/1.2_KT_LS_Naujiena.png\" \/><\/strong><\/p>\n<p><strong>Audiovizualini\u0173 men\u0173 ir literat\u016bros sri\u010di\u0173 atstovai kvie\u010diami \u012f jungtin\u012f seminar\u0105 \u201eKnyga + kinas + teis\u0117\u201c, skirt\u0105 knyg\u0173 ekranizacijos teisini\u0173 aspekt\u0173 temai. Tai bendras dviej\u0173 Lietuvoje organizuojam\u0173 rengini\u0173, \u201eKnyga + kinas\u201c ir \u201eKinas + teis\u0117\u201c, seminaras, kur\u012f sudarys trys dalys: teorinis teisini\u0173 aspekt\u0173 aptarimas, praktinis pristatymas, nagrin\u0117jant Jurgio Matulevi\u010diaus film\u0105 \u201eIzaokas\u201c, ir seminaro apibendrinimas. Nemokamas renginys vyks gruod\u017eio 7 d. 14 val. Vilniaus apskrities Adomo Mickevi\u010diaus vie\u0161osios bibliotekos Did\u017eiojoje sal\u0117je, b\u016btina registracija.<\/strong><\/p>\n<p><strong>Teorin\u0117 dalis \u2013 teisiniams aspektams nagrin\u0117ti<\/strong><\/p>\n<p>\u0160is seminaras apr\u0117ps knyg\u0173 ekranizacijos klausimo teorinius ir praktinius aspektais. Teorin\u0119 dal\u012f aptars lektorius Karolis Vai\u010dekauskas, kuris yra advokat\u0173 profesin\u0117s bendrijos \u201eMotieka ir Audzevi\u010dius\u201c vyresnysis teisininkas. K. Vai\u010dekauskas jau daugiau nei 8 metus specializuojasi teismini\u0173 gin\u010d\u0173 ir intelektin\u0117s nuosavyb\u0117s teis\u0117s srityse. Savo darbo praktikoje gilinasi \u012f pramog\u0173, technologij\u0173, \u017einiasklaidos ir telekomunikacij\u0173 sektori\u0173 ypatumus bei naujausius reguliacinius pasikeitimus, \u012fskaitant ir vieningos Europos S\u0105jungos skaitmenin\u0117s rinkos projekt\u0105.<\/p>\n<p>Teorin\u0117s paskaitos tikslas: suteikti daugiau teisini\u0173 ir praktini\u0173 \u017eini\u0173 prodiuseriams, scenaristams, re\u017eisieriams, ra\u0161ytojams bei leidykloms apie tai, kaip tur\u0117t\u0173 vykti visas bendradarbiavimas norint ekranizuoti knyg\u0105. Kokios sutartys reikalingos ir \u012f k\u0105 atkreipti d\u0117mes\u012f?<\/p>\n<p><strong>Knyg\u0173 ekranizacijos niuansai: praktinio pavyzd\u017eio nagrin\u0117jimas<\/strong><\/p>\n<p>Antroje seminaro dalyje bus aptariamas praktinis knygos ekranizacijos pavyzdys: Jurgio Matulevi\u010diaus filmas \u201eIzaokas\u201c. Filmo keli\u0105 nuo literat\u016bros iki kino ekrano pristatys filmo prodiuseris Stasys Baltakis. Prodiuseris dirba tiek su pilnametra\u017eiais, tiek trumpametra\u017eiais vaidybiniais ir dokumentiniais filmais, yra \u012fk\u016br\u0119s prodiuserin\u0119 \u012fmon\u0119 \u201eFilm Jam\u201c.<\/p>\n<p>Filmas \u201eIzaokas\u201c yra sukurtas pagal Antano \u0160k\u0117mos apysak\u0105, buvo nominuotas Europos kino apdovanojim\u0173 kategorijoje \u201eEuropos atradimas\u201c, taip pat yra Lietuvos pretendentas siekti \u201eOskaro\u201c nominacijos geriausio tarptautinio kino filmo kategorijoje. Po seminaro praktin\u0117s dalies kvie\u010diame pasilikti neformaliam seminaro aptarimui.<\/p>\n<p><strong>Seminaras\u00a0<\/strong><strong>\u201eKnyga + kinas + teis\u0117\u201c<\/strong><\/p>\n<p>Tai jungtinis Lietuvos kino ir literat\u016bros organizacij\u0173 rengiamas seminaras, skirtas audiovizualini\u0173 bei literat\u016bros sektori\u0173 atstovams.\u00a0 Seminaro \u201eKnyga + kinas + teis\u0117\u201c organizatoriai: lietuvi\u0161k\u0173 trumpametra\u017ei\u0173 film\u0173 agent\u016bra \u201eLithuanian Shorts\u201c,\u00a0 Kino ir televizijos moter\u0173 asociacija, V\u0161\u012e \u201eFralita Films\u201c, Audiovizualini\u0173 k\u016brini\u0173 autori\u0173 teisi\u0173 asociacija AVAKA, Lietuvos leid\u0117j\u0173 asociacija, Vilniaus kino biuras ir K\u016brybi\u0161kos Europos biuras Lietuvoje. Id\u0117j\u0105 palaiko: Vilniaus miesto savivaldyb\u0117.<\/p>\n<p>Renginys finansuojamas Lietuvos kult\u016bros tarybos, Audiovizualini\u0173 k\u016brini\u0173 autori\u0173 teisi\u0173 asociacijos\u00a0 AVAKA, Vilniaus kino biuro ir K\u016brybi\u0161kos Europos biuro Lietuvoje.\u00a0 Informacinis partneris \u2013 \u201e15min\u201c. Naujienas apie kitus seminarus sekite \u201eLithuanian Shorts\u201c ir \u201eMoterys LT kino industrijoje\u201c socialini\u0173 tinkl\u0173 paskyrose, jose ir bus transliuojamas seminaras. Dalyvavimas gyvai galimas tik su Galimybi\u0173 pasu.<\/p>\n<p>Registracijos nuoroda:\u00a0<a href=\"https:\/\/bit.ly\/3HNt9IV\">https:\/\/bit.ly\/3HNt9IV<\/a><\/p>\n<p>Daugiau informacijos:\u00a0<a href=\"https:\/\/bit.ly\/3xzhetr\">https:\/\/bit.ly\/3xzhetr<\/a><\/p>\n<p>&nbsp;<\/p>\n","protected":false},"excerpt":{"rendered":"<p>Audiovizualini\u0173 men\u0173 ir literat\u016bros sri\u010di\u0173 atstovai kvie\u010diami \u012f jungtin\u012f seminar\u0105 \u201eKnyga + kinas + teis\u0117\u201c, skirt\u0105 knyg\u0173 ekranizacijos teisini\u0173 aspekt\u0173 temai. Tai bendras dviej\u0173 Lietuvoje organizuojam\u0173 rengini\u0173, \u201eKnyga + kinas\u201c ir \u201eKinas + teis\u0117\u201c, seminaras, kur\u012f sudarys trys dalys: teorinis teisini\u0173 aspekt\u0173 aptarimas, praktinis pristatymas, nagrin\u0117jant Jurgio Matulevi\u010diaus film\u0105 \u201eIzaokas\u201c, ir seminaro apibendrinimas. Nemokamas renginys [&hellip;]<\/p>\n","protected":false},"author":2,"featured_media":8118,"comment_status":"closed","ping_status":"open","sticky":false,"template":"","format":"standard","meta":{"_acf_changed":false,"_monsterinsights_skip_tracking":false,"_monsterinsights_sitenote_active":false,"_monsterinsights_sitenote_note":"","_monsterinsights_sitenote_category":0,"footnotes":""},"categories":[155,58],"tags":[],"class_list":["post-8117","post","type-post","status-publish","format-standard","has-post-thumbnail","hentry","category-industrija-ir-renginiai","category-news"],"acf":[],"yoast_head":"<!-- This site is optimized with the Yoast SEO plugin v27.4 - https:\/\/yoast.com\/product\/yoast-seo-wordpress\/ -->\n<title>Audiovizualinio sektoriaus k\u016br\u0117jai kvie\u010diami \u012f seminar\u0105 apie knyg\u0173 ekranizacijas - Vilnius film office<\/title>\n<meta name=\"robots\" content=\"index, follow, max-snippet:-1, max-image-preview:large, max-video-preview:-1\" \/>\n<link rel=\"canonical\" href=\"https:\/\/filmvilnius.com\/lt\/audiovizualinio-sektoriaus-kurejai-kvieciami-i-seminara-apie-knygu-ekranizacijas\/\" \/>\n<meta property=\"og:locale\" content=\"lt_LT\" \/>\n<meta property=\"og:type\" content=\"article\" \/>\n<meta property=\"og:title\" content=\"Audiovizualinio sektoriaus k\u016br\u0117jai kvie\u010diami \u012f seminar\u0105 apie knyg\u0173 ekranizacijas - Vilnius film office\" \/>\n<meta property=\"og:description\" content=\"Audiovizualini\u0173 men\u0173 ir literat\u016bros sri\u010di\u0173 atstovai kvie\u010diami \u012f jungtin\u012f seminar\u0105 \u201eKnyga + kinas + teis\u0117\u201c, skirt\u0105 knyg\u0173 ekranizacijos teisini\u0173 aspekt\u0173 temai. Tai bendras dviej\u0173 Lietuvoje organizuojam\u0173 rengini\u0173, \u201eKnyga + kinas\u201c ir \u201eKinas + teis\u0117\u201c, seminaras, kur\u012f sudarys trys dalys: teorinis teisini\u0173 aspekt\u0173 aptarimas, praktinis pristatymas, nagrin\u0117jant Jurgio Matulevi\u010diaus film\u0105 \u201eIzaokas\u201c, ir seminaro apibendrinimas. Nemokamas renginys [&hellip;]\" \/>\n<meta property=\"og:url\" content=\"https:\/\/filmvilnius.com\/lt\/audiovizualinio-sektoriaus-kurejai-kvieciami-i-seminara-apie-knygu-ekranizacijas\/\" \/>\n<meta property=\"og:site_name\" content=\"Vilnius film office\" \/>\n<meta property=\"article:publisher\" content=\"https:\/\/www.facebook.com\/filmvilnius\" \/>\n<meta property=\"article:published_time\" content=\"2022-02-08T19:59:57+00:00\" \/>\n<meta property=\"article:modified_time\" content=\"2026-04-28T07:46:38+00:00\" \/>\n<meta property=\"og:image\" content=\"https:\/\/filmvilnius.com\/wp-content\/uploads\/2022\/02\/1.2_KT_LS_Naujiena.png\" \/>\n\t<meta property=\"og:image:width\" content=\"848\" \/>\n\t<meta property=\"og:image:height\" content=\"477\" \/>\n\t<meta property=\"og:image:type\" content=\"image\/png\" \/>\n<meta name=\"author\" content=\"JP\" \/>\n<meta name=\"twitter:card\" content=\"summary_large_image\" \/>\n<meta name=\"twitter:creator\" content=\"@FilmVilnius\" \/>\n<meta name=\"twitter:site\" content=\"@FilmVilnius\" \/>\n<meta name=\"twitter:label1\" content=\"Written by\" \/>\n\t<meta name=\"twitter:data1\" content=\"JP\" \/>\n\t<meta name=\"twitter:label2\" content=\"Est. reading time\" \/>\n\t<meta name=\"twitter:data2\" content=\"2 minut\u0117s\" \/>\n<script type=\"application\/ld+json\" class=\"yoast-schema-graph\">{\"@context\":\"https:\\\/\\\/schema.org\",\"@graph\":[{\"@type\":\"Article\",\"@id\":\"https:\\\/\\\/filmvilnius.com\\\/lt\\\/audiovizualinio-sektoriaus-kurejai-kvieciami-i-seminara-apie-knygu-ekranizacijas\\\/#article\",\"isPartOf\":{\"@id\":\"https:\\\/\\\/filmvilnius.com\\\/lt\\\/audiovizualinio-sektoriaus-kurejai-kvieciami-i-seminara-apie-knygu-ekranizacijas\\\/\"},\"author\":{\"name\":\"JP\",\"@id\":\"https:\\\/\\\/filmvilnius.com\\\/#\\\/schema\\\/person\\\/a07b52ad4c931657549bf40cb59b34eb\"},\"headline\":\"Audiovizualinio sektoriaus k\u016br\u0117jai kvie\u010diami \u012f seminar\u0105 apie knyg\u0173 ekranizacijas\",\"datePublished\":\"2022-02-08T19:59:57+00:00\",\"dateModified\":\"2026-04-28T07:46:38+00:00\",\"mainEntityOfPage\":{\"@id\":\"https:\\\/\\\/filmvilnius.com\\\/lt\\\/audiovizualinio-sektoriaus-kurejai-kvieciami-i-seminara-apie-knygu-ekranizacijas\\\/\"},\"wordCount\":436,\"publisher\":{\"@id\":\"https:\\\/\\\/filmvilnius.com\\\/#organization\"},\"image\":{\"@id\":\"https:\\\/\\\/filmvilnius.com\\\/lt\\\/audiovizualinio-sektoriaus-kurejai-kvieciami-i-seminara-apie-knygu-ekranizacijas\\\/#primaryimage\"},\"thumbnailUrl\":\"https:\\\/\\\/filmvilnius.com\\\/wp-content\\\/uploads\\\/2022\\\/02\\\/1.2_KT_LS_Naujiena.png\",\"articleSection\":[\"Industrija ir renginiai\",\"Naujienos\"],\"inLanguage\":\"lt-LT\"},{\"@type\":\"WebPage\",\"@id\":\"https:\\\/\\\/filmvilnius.com\\\/lt\\\/audiovizualinio-sektoriaus-kurejai-kvieciami-i-seminara-apie-knygu-ekranizacijas\\\/\",\"url\":\"https:\\\/\\\/filmvilnius.com\\\/lt\\\/audiovizualinio-sektoriaus-kurejai-kvieciami-i-seminara-apie-knygu-ekranizacijas\\\/\",\"name\":\"Audiovizualinio sektoriaus k\u016br\u0117jai kvie\u010diami \u012f seminar\u0105 apie knyg\u0173 ekranizacijas - Vilnius film office\",\"isPartOf\":{\"@id\":\"https:\\\/\\\/filmvilnius.com\\\/#website\"},\"primaryImageOfPage\":{\"@id\":\"https:\\\/\\\/filmvilnius.com\\\/lt\\\/audiovizualinio-sektoriaus-kurejai-kvieciami-i-seminara-apie-knygu-ekranizacijas\\\/#primaryimage\"},\"image\":{\"@id\":\"https:\\\/\\\/filmvilnius.com\\\/lt\\\/audiovizualinio-sektoriaus-kurejai-kvieciami-i-seminara-apie-knygu-ekranizacijas\\\/#primaryimage\"},\"thumbnailUrl\":\"https:\\\/\\\/filmvilnius.com\\\/wp-content\\\/uploads\\\/2022\\\/02\\\/1.2_KT_LS_Naujiena.png\",\"datePublished\":\"2022-02-08T19:59:57+00:00\",\"dateModified\":\"2026-04-28T07:46:38+00:00\",\"breadcrumb\":{\"@id\":\"https:\\\/\\\/filmvilnius.com\\\/lt\\\/audiovizualinio-sektoriaus-kurejai-kvieciami-i-seminara-apie-knygu-ekranizacijas\\\/#breadcrumb\"},\"inLanguage\":\"lt-LT\",\"potentialAction\":[{\"@type\":\"ReadAction\",\"target\":[\"https:\\\/\\\/filmvilnius.com\\\/lt\\\/audiovizualinio-sektoriaus-kurejai-kvieciami-i-seminara-apie-knygu-ekranizacijas\\\/\"]}]},{\"@type\":\"ImageObject\",\"inLanguage\":\"lt-LT\",\"@id\":\"https:\\\/\\\/filmvilnius.com\\\/lt\\\/audiovizualinio-sektoriaus-kurejai-kvieciami-i-seminara-apie-knygu-ekranizacijas\\\/#primaryimage\",\"url\":\"https:\\\/\\\/filmvilnius.com\\\/wp-content\\\/uploads\\\/2022\\\/02\\\/1.2_KT_LS_Naujiena.png\",\"contentUrl\":\"https:\\\/\\\/filmvilnius.com\\\/wp-content\\\/uploads\\\/2022\\\/02\\\/1.2_KT_LS_Naujiena.png\",\"width\":848,\"height\":477},{\"@type\":\"BreadcrumbList\",\"@id\":\"https:\\\/\\\/filmvilnius.com\\\/lt\\\/audiovizualinio-sektoriaus-kurejai-kvieciami-i-seminara-apie-knygu-ekranizacijas\\\/#breadcrumb\",\"itemListElement\":[{\"@type\":\"ListItem\",\"position\":1,\"name\":\"Home\",\"item\":\"https:\\\/\\\/filmvilnius.com\\\/lt\\\/\"},{\"@type\":\"ListItem\",\"position\":2,\"name\":\"Audiovizualinio sektoriaus k\u016br\u0117jai kvie\u010diami \u012f seminar\u0105 apie knyg\u0173 ekranizacijas\"}]},{\"@type\":\"WebSite\",\"@id\":\"https:\\\/\\\/filmvilnius.com\\\/#website\",\"url\":\"https:\\\/\\\/filmvilnius.com\\\/\",\"name\":\"Vilnius film office\",\"description\":\"\",\"publisher\":{\"@id\":\"https:\\\/\\\/filmvilnius.com\\\/#organization\"},\"potentialAction\":[{\"@type\":\"SearchAction\",\"target\":{\"@type\":\"EntryPoint\",\"urlTemplate\":\"https:\\\/\\\/filmvilnius.com\\\/?s={search_term_string}\"},\"query-input\":{\"@type\":\"PropertyValueSpecification\",\"valueRequired\":true,\"valueName\":\"search_term_string\"}}],\"inLanguage\":\"lt-LT\"},{\"@type\":\"Organization\",\"@id\":\"https:\\\/\\\/filmvilnius.com\\\/#organization\",\"name\":\"Vilniaus kino biuras\",\"url\":\"https:\\\/\\\/filmvilnius.com\\\/\",\"logo\":{\"@type\":\"ImageObject\",\"inLanguage\":\"lt-LT\",\"@id\":\"https:\\\/\\\/filmvilnius.com\\\/#\\\/schema\\\/logo\\\/image\\\/\",\"url\":\"https:\\\/\\\/filmvilnius.com\\\/wp-content\\\/uploads\\\/2022\\\/12\\\/VKB-Logo-2022-EN-2-V.jpg\",\"contentUrl\":\"https:\\\/\\\/filmvilnius.com\\\/wp-content\\\/uploads\\\/2022\\\/12\\\/VKB-Logo-2022-EN-2-V.jpg\",\"width\":1419,\"height\":1418,\"caption\":\"Vilniaus kino biuras\"},\"image\":{\"@id\":\"https:\\\/\\\/filmvilnius.com\\\/#\\\/schema\\\/logo\\\/image\\\/\"},\"sameAs\":[\"https:\\\/\\\/www.facebook.com\\\/filmvilnius\",\"https:\\\/\\\/x.com\\\/FilmVilnius\",\"https:\\\/\\\/www.instagram.com\\\/filmvilnius\\\/\"]},{\"@type\":\"Person\",\"@id\":\"https:\\\/\\\/filmvilnius.com\\\/#\\\/schema\\\/person\\\/a07b52ad4c931657549bf40cb59b34eb\",\"name\":\"JP\",\"image\":{\"@type\":\"ImageObject\",\"inLanguage\":\"lt-LT\",\"@id\":\"https:\\\/\\\/secure.gravatar.com\\\/avatar\\\/d427817e2c206d491601fbff8e399f92668ac5786bc212ce565aee8527b0654c?s=96&d=mm&r=g\",\"url\":\"https:\\\/\\\/secure.gravatar.com\\\/avatar\\\/d427817e2c206d491601fbff8e399f92668ac5786bc212ce565aee8527b0654c?s=96&d=mm&r=g\",\"contentUrl\":\"https:\\\/\\\/secure.gravatar.com\\\/avatar\\\/d427817e2c206d491601fbff8e399f92668ac5786bc212ce565aee8527b0654c?s=96&d=mm&r=g\",\"caption\":\"JP\"},\"sameAs\":[\"https:\\\/\\\/fabrique.me\\\/\"],\"url\":\"https:\\\/\\\/filmvilnius.com\\\/lt\\\/author\\\/42ebe4eddbe0a5b6\\\/\"}]}<\/script>\n<!-- \/ Yoast SEO plugin. -->","yoast_head_json":{"title":"Audiovizualinio sektoriaus k\u016br\u0117jai kvie\u010diami \u012f seminar\u0105 apie knyg\u0173 ekranizacijas - Vilnius film office","robots":{"index":"index","follow":"follow","max-snippet":"max-snippet:-1","max-image-preview":"max-image-preview:large","max-video-preview":"max-video-preview:-1"},"canonical":"https:\/\/filmvilnius.com\/lt\/audiovizualinio-sektoriaus-kurejai-kvieciami-i-seminara-apie-knygu-ekranizacijas\/","og_locale":"lt_LT","og_type":"article","og_title":"Audiovizualinio sektoriaus k\u016br\u0117jai kvie\u010diami \u012f seminar\u0105 apie knyg\u0173 ekranizacijas - Vilnius film office","og_description":"Audiovizualini\u0173 men\u0173 ir literat\u016bros sri\u010di\u0173 atstovai kvie\u010diami \u012f jungtin\u012f seminar\u0105 \u201eKnyga + kinas + teis\u0117\u201c, skirt\u0105 knyg\u0173 ekranizacijos teisini\u0173 aspekt\u0173 temai. Tai bendras dviej\u0173 Lietuvoje organizuojam\u0173 rengini\u0173, \u201eKnyga + kinas\u201c ir \u201eKinas + teis\u0117\u201c, seminaras, kur\u012f sudarys trys dalys: teorinis teisini\u0173 aspekt\u0173 aptarimas, praktinis pristatymas, nagrin\u0117jant Jurgio Matulevi\u010diaus film\u0105 \u201eIzaokas\u201c, ir seminaro apibendrinimas. Nemokamas renginys [&hellip;]","og_url":"https:\/\/filmvilnius.com\/lt\/audiovizualinio-sektoriaus-kurejai-kvieciami-i-seminara-apie-knygu-ekranizacijas\/","og_site_name":"Vilnius film office","article_publisher":"https:\/\/www.facebook.com\/filmvilnius","article_published_time":"2022-02-08T19:59:57+00:00","article_modified_time":"2026-04-28T07:46:38+00:00","og_image":[{"width":848,"height":477,"url":"https:\/\/filmvilnius.com\/wp-content\/uploads\/2022\/02\/1.2_KT_LS_Naujiena.png","type":"image\/png"}],"author":"JP","twitter_card":"summary_large_image","twitter_creator":"@FilmVilnius","twitter_site":"@FilmVilnius","twitter_misc":{"Written by":"JP","Est. reading time":"2 minut\u0117s"},"schema":{"@context":"https:\/\/schema.org","@graph":[{"@type":"Article","@id":"https:\/\/filmvilnius.com\/lt\/audiovizualinio-sektoriaus-kurejai-kvieciami-i-seminara-apie-knygu-ekranizacijas\/#article","isPartOf":{"@id":"https:\/\/filmvilnius.com\/lt\/audiovizualinio-sektoriaus-kurejai-kvieciami-i-seminara-apie-knygu-ekranizacijas\/"},"author":{"name":"JP","@id":"https:\/\/filmvilnius.com\/#\/schema\/person\/a07b52ad4c931657549bf40cb59b34eb"},"headline":"Audiovizualinio sektoriaus k\u016br\u0117jai kvie\u010diami \u012f seminar\u0105 apie knyg\u0173 ekranizacijas","datePublished":"2022-02-08T19:59:57+00:00","dateModified":"2026-04-28T07:46:38+00:00","mainEntityOfPage":{"@id":"https:\/\/filmvilnius.com\/lt\/audiovizualinio-sektoriaus-kurejai-kvieciami-i-seminara-apie-knygu-ekranizacijas\/"},"wordCount":436,"publisher":{"@id":"https:\/\/filmvilnius.com\/#organization"},"image":{"@id":"https:\/\/filmvilnius.com\/lt\/audiovizualinio-sektoriaus-kurejai-kvieciami-i-seminara-apie-knygu-ekranizacijas\/#primaryimage"},"thumbnailUrl":"https:\/\/filmvilnius.com\/wp-content\/uploads\/2022\/02\/1.2_KT_LS_Naujiena.png","articleSection":["Industrija ir renginiai","Naujienos"],"inLanguage":"lt-LT"},{"@type":"WebPage","@id":"https:\/\/filmvilnius.com\/lt\/audiovizualinio-sektoriaus-kurejai-kvieciami-i-seminara-apie-knygu-ekranizacijas\/","url":"https:\/\/filmvilnius.com\/lt\/audiovizualinio-sektoriaus-kurejai-kvieciami-i-seminara-apie-knygu-ekranizacijas\/","name":"Audiovizualinio sektoriaus k\u016br\u0117jai kvie\u010diami \u012f seminar\u0105 apie knyg\u0173 ekranizacijas - Vilnius film office","isPartOf":{"@id":"https:\/\/filmvilnius.com\/#website"},"primaryImageOfPage":{"@id":"https:\/\/filmvilnius.com\/lt\/audiovizualinio-sektoriaus-kurejai-kvieciami-i-seminara-apie-knygu-ekranizacijas\/#primaryimage"},"image":{"@id":"https:\/\/filmvilnius.com\/lt\/audiovizualinio-sektoriaus-kurejai-kvieciami-i-seminara-apie-knygu-ekranizacijas\/#primaryimage"},"thumbnailUrl":"https:\/\/filmvilnius.com\/wp-content\/uploads\/2022\/02\/1.2_KT_LS_Naujiena.png","datePublished":"2022-02-08T19:59:57+00:00","dateModified":"2026-04-28T07:46:38+00:00","breadcrumb":{"@id":"https:\/\/filmvilnius.com\/lt\/audiovizualinio-sektoriaus-kurejai-kvieciami-i-seminara-apie-knygu-ekranizacijas\/#breadcrumb"},"inLanguage":"lt-LT","potentialAction":[{"@type":"ReadAction","target":["https:\/\/filmvilnius.com\/lt\/audiovizualinio-sektoriaus-kurejai-kvieciami-i-seminara-apie-knygu-ekranizacijas\/"]}]},{"@type":"ImageObject","inLanguage":"lt-LT","@id":"https:\/\/filmvilnius.com\/lt\/audiovizualinio-sektoriaus-kurejai-kvieciami-i-seminara-apie-knygu-ekranizacijas\/#primaryimage","url":"https:\/\/filmvilnius.com\/wp-content\/uploads\/2022\/02\/1.2_KT_LS_Naujiena.png","contentUrl":"https:\/\/filmvilnius.com\/wp-content\/uploads\/2022\/02\/1.2_KT_LS_Naujiena.png","width":848,"height":477},{"@type":"BreadcrumbList","@id":"https:\/\/filmvilnius.com\/lt\/audiovizualinio-sektoriaus-kurejai-kvieciami-i-seminara-apie-knygu-ekranizacijas\/#breadcrumb","itemListElement":[{"@type":"ListItem","position":1,"name":"Home","item":"https:\/\/filmvilnius.com\/lt\/"},{"@type":"ListItem","position":2,"name":"Audiovizualinio sektoriaus k\u016br\u0117jai kvie\u010diami \u012f seminar\u0105 apie knyg\u0173 ekranizacijas"}]},{"@type":"WebSite","@id":"https:\/\/filmvilnius.com\/#website","url":"https:\/\/filmvilnius.com\/","name":"Vilnius film office","description":"","publisher":{"@id":"https:\/\/filmvilnius.com\/#organization"},"potentialAction":[{"@type":"SearchAction","target":{"@type":"EntryPoint","urlTemplate":"https:\/\/filmvilnius.com\/?s={search_term_string}"},"query-input":{"@type":"PropertyValueSpecification","valueRequired":true,"valueName":"search_term_string"}}],"inLanguage":"lt-LT"},{"@type":"Organization","@id":"https:\/\/filmvilnius.com\/#organization","name":"Vilniaus kino biuras","url":"https:\/\/filmvilnius.com\/","logo":{"@type":"ImageObject","inLanguage":"lt-LT","@id":"https:\/\/filmvilnius.com\/#\/schema\/logo\/image\/","url":"https:\/\/filmvilnius.com\/wp-content\/uploads\/2022\/12\/VKB-Logo-2022-EN-2-V.jpg","contentUrl":"https:\/\/filmvilnius.com\/wp-content\/uploads\/2022\/12\/VKB-Logo-2022-EN-2-V.jpg","width":1419,"height":1418,"caption":"Vilniaus kino biuras"},"image":{"@id":"https:\/\/filmvilnius.com\/#\/schema\/logo\/image\/"},"sameAs":["https:\/\/www.facebook.com\/filmvilnius","https:\/\/x.com\/FilmVilnius","https:\/\/www.instagram.com\/filmvilnius\/"]},{"@type":"Person","@id":"https:\/\/filmvilnius.com\/#\/schema\/person\/a07b52ad4c931657549bf40cb59b34eb","name":"JP","image":{"@type":"ImageObject","inLanguage":"lt-LT","@id":"https:\/\/secure.gravatar.com\/avatar\/d427817e2c206d491601fbff8e399f92668ac5786bc212ce565aee8527b0654c?s=96&d=mm&r=g","url":"https:\/\/secure.gravatar.com\/avatar\/d427817e2c206d491601fbff8e399f92668ac5786bc212ce565aee8527b0654c?s=96&d=mm&r=g","contentUrl":"https:\/\/secure.gravatar.com\/avatar\/d427817e2c206d491601fbff8e399f92668ac5786bc212ce565aee8527b0654c?s=96&d=mm&r=g","caption":"JP"},"sameAs":["https:\/\/fabrique.me\/"],"url":"https:\/\/filmvilnius.com\/lt\/author\/42ebe4eddbe0a5b6\/"}]}},"_links":{"self":[{"href":"https:\/\/filmvilnius.com\/lt\/wp-json\/wp\/v2\/posts\/8117","targetHints":{"allow":["GET"]}}],"collection":[{"href":"https:\/\/filmvilnius.com\/lt\/wp-json\/wp\/v2\/posts"}],"about":[{"href":"https:\/\/filmvilnius.com\/lt\/wp-json\/wp\/v2\/types\/post"}],"author":[{"embeddable":true,"href":"https:\/\/filmvilnius.com\/lt\/wp-json\/wp\/v2\/users\/2"}],"replies":[{"embeddable":true,"href":"https:\/\/filmvilnius.com\/lt\/wp-json\/wp\/v2\/comments?post=8117"}],"version-history":[{"count":1,"href":"https:\/\/filmvilnius.com\/lt\/wp-json\/wp\/v2\/posts\/8117\/revisions"}],"predecessor-version":[{"id":8119,"href":"https:\/\/filmvilnius.com\/lt\/wp-json\/wp\/v2\/posts\/8117\/revisions\/8119"}],"wp:featuredmedia":[{"embeddable":true,"href":"https:\/\/filmvilnius.com\/lt\/wp-json\/wp\/v2\/media\/8118"}],"wp:attachment":[{"href":"https:\/\/filmvilnius.com\/lt\/wp-json\/wp\/v2\/media?parent=8117"}],"wp:term":[{"taxonomy":"category","embeddable":true,"href":"https:\/\/filmvilnius.com\/lt\/wp-json\/wp\/v2\/categories?post=8117"},{"taxonomy":"post_tag","embeddable":true,"href":"https:\/\/filmvilnius.com\/lt\/wp-json\/wp\/v2\/tags?post=8117"}],"curies":[{"name":"wp","href":"https:\/\/api.w.org\/{rel}","templated":true}]}}