{"id":8135,"date":"2022-02-08T20:08:29","date_gmt":"2022-02-08T20:08:29","guid":{"rendered":"https:\/\/filmvilnius.com\/?p=8135"},"modified":"2026-04-28T09:45:58","modified_gmt":"2026-04-28T07:45:58","slug":"diskusija-kinas-pasakoja-apie-socialine-realybe-ar-ir-ja-kuria-ir-trumpuju-filmu-perziura-gvildens-kino-vaidmeni-sociokulturiniu-reiskiniu-supratime-visuomeneje","status":"publish","type":"post","link":"https:\/\/filmvilnius.com\/lt\/diskusija-kinas-pasakoja-apie-socialine-realybe-ar-ir-ja-kuria-ir-trumpuju-filmu-perziura-gvildens-kino-vaidmeni-sociokulturiniu-reiskiniu-supratime-visuomeneje\/","title":{"rendered":"Diskusija \u201eKinas: pasakoja apie socialin\u0119 realyb\u0119 ar ir j\u0105 kuria?\u201c ir trump\u0173j\u0173 film\u0173 per\u017ei\u016bra gvildens kino vaidmen\u012f sociokult\u016brini\u0173 rei\u0161kini\u0173 supratime visuomen\u0117je"},"content":{"rendered":"<div class=\"nv-thumb-wrap\"><\/div>\n<div class=\"nv-content-wrap entry-content\">\n<p><strong>Kaip kine nu\u0161vie\u010diamos socialin\u0117s temos? Kok\u012f poveik\u012f visuomenei daro sociokult\u016brini\u0173 proces\u0173 vaizdavimas kine? \u201eLithuanian shorts\u201c ir Men\u0173 agent\u016bra \u201eArtscape\u201c kvie\u010dia \u012f dviej\u0173 dali\u0173 susitikim\u0105 \u2013 diskusij\u0105\u00a0<em>\u201eKinas: pasakoja apie socialin\u0119 realyb\u0119 ar ir j\u0105 kuria?\u201c\u00a0<\/em>ir trumpametra\u017ei\u0173 film\u0173 per\u017ei\u016br\u0105 \u2013 kuriame bus ie\u0161koma atsakym\u0173 \u012f \u0161iuos bei daugel\u012f kit\u0173 klausim\u0173.<\/strong><\/p>\n<p>Kasdien auganti kino sritis visuomen\u0117je da\u017enai yra suprantama kaip pramog\u0173 pasaulio dalis arba kaip galimyb\u0117 greit pab\u0117gti nuo skausming\u0173 visuomen\u0117s realij\u0173. Klausimas apie kino vaidmen\u012f socialin\u0117s realyb\u0117s k\u016brime visada buvo prie\u0161taringas kino plotm\u0117je. Kinas pasakoja istorijas, atskleid\u017eia tapatybes, i\u0161ry\u0161kina tam tikrus elementus, svarbius istorijos objektui arba kurian\u010diam menininkui.<\/p>\n<p>Diskusijos pa\u0161nekovai \u2013 migracijos sociolog\u0117 ir tyrim\u0173 vadov\u0117 Giedr\u0117 Bla\u017eyt\u0117 (Diversity Development Group), kino prodiuser\u0117 Viktorija Cook (InScript), dokumentini\u0173 garso pasakojim\u0173 prodiuser\u0117 ir redaktor\u0117 Martyna \u0160ulskut\u0117 (NARA) ir \u012f Lietuv\u0105 gyventi i\u0161 Sirijos atvykusi edukator\u0117 Farah Mohammed (\u201eArtscape\u201c) \u00ad\u2013 pasitelk\u0119 savo patirtis ir unikalias perspektyvas m\u0117gins atsakyti \u012f klausim\u0105\u00a0<em>Ar kinas tik nupasakoja socialin\u0119 realyb\u0119 ar ir prisideda prie jos k\u016brimo?<\/em>\u00a0Diskusij\u0105 moderuos vystomosios komunikacijos koordinator\u0117 Men\u0173 agent\u016broje \u201eArtscape\u201c Au\u0161ra Raulu\u0161onyt\u0117.<\/p>\n<p>Antroje renginio dalyje diskusijos nariai bei \u017ei\u016brovai bus kvie\u010diami \u012f trumpametra\u017ei\u0173 film\u0173 programos \u201eKai susitinka istorijos I\u201c per\u017ei\u016br\u0105. Apie socialines temas, migruojan\u010dius gyvenimus kalbantys filmai geba ne tik aktualiai reflektuoti visuomen\u0117s poky\u010dius ir problemas, bet ir \u012fkv\u0117pti mus pamatyti \u0161iuos procesus naujomis akimis. Programa \u012fvertinta tarptautiniuose Kan\u0173, Roterdamo, Sarajevo, \u201eVision du Reel\u201c festivaliuose. Penki\u0173 trump\u0173j\u0173 film\u0173 programa \u2013 tik viena i\u0161 visuomen\u0117s tolerancij\u0105 skatinan\u010dio projekto \u201eKai susitinka istorijos\u201c numatomo film\u0173 program\u0173 ciklo dalis.<\/p>\n<p>\u201eKai susitinka istorijos\u201c \u2013 projektas, skirtas skatinti visuomen\u0117s tolerancij\u0105 socialinius, politinius ir ekonominius i\u0161\u0161\u016bkius patirian\u010di\u0173 \u0161ali\u0173 pilie\u010di\u0173 at\u017evilgiu, \u012fgyvendinant inovatyvias menines priemones ir komunikacij\u0105. Projekt\u0105 vykdo Men\u0173 agent\u016bra\u00a0\u201eArtscape\u201c, kartu su partneriais\u00a0\u201eDiversity Development Group\u201c,\u00a0\u201eNARA\u201c,\u00a0\u201eLithuanian shorts\u201c. Partneriai vykdo kompleksines veiklas, prisidedan\u010dias prie plataus masto kult\u016br\u0173 \u012fvairov\u0117s skatinimo, lygyb\u0117s suvokimo, tarpkult\u016brin\u0117s s\u0105veikos didinimo bei atviros visuomen\u0117s k\u016brimo ir tokiu b\u016bdu padeda \u012fgyvendinti u\u017esienie\u010di\u0173 integracij\u0105 \u012f visuomen\u0119.<\/p>\n<p>Renginys vyks sausio 25 d., antradien\u012f, 16 val., Nacionalin\u0117je Martyno Ma\u017evydo bibliotekoje.<\/p>\n<p>Daugiau informacijos\u00a0<a href=\"http:\/\/www.artscape.lt\/\">www.artscape.lt<\/a>,\u00a0<a href=\"http:\/\/www.lithuanianshorts.com\/\">www.lithuanianshorts.com<\/a>\u00a0puslapiuose. Projekt\u0105 remia Prieglobs\u010dio, migracijos ir integracijos fondas.<\/p>\n<\/div>\n","protected":false},"excerpt":{"rendered":"<p>Kaip kine nu\u0161vie\u010diamos socialin\u0117s temos? Kok\u012f poveik\u012f visuomenei daro sociokult\u016brini\u0173 proces\u0173 vaizdavimas kine? \u201eLithuanian shorts\u201c ir Men\u0173 agent\u016bra \u201eArtscape\u201c kvie\u010dia \u012f dviej\u0173 dali\u0173 susitikim\u0105 \u2013 diskusij\u0105\u00a0\u201eKinas: pasakoja apie socialin\u0119 realyb\u0119 ar ir j\u0105 kuria?\u201c\u00a0ir trumpametra\u017ei\u0173 film\u0173 per\u017ei\u016br\u0105 \u2013 kuriame bus ie\u0161koma atsakym\u0173 \u012f \u0161iuos bei daugel\u012f kit\u0173 klausim\u0173. Kasdien auganti kino sritis visuomen\u0117je da\u017enai yra [&hellip;]<\/p>\n","protected":false},"author":2,"featured_media":8136,"comment_status":"closed","ping_status":"open","sticky":false,"template":"","format":"standard","meta":{"_acf_changed":false,"_monsterinsights_skip_tracking":false,"_monsterinsights_sitenote_active":false,"_monsterinsights_sitenote_note":"","_monsterinsights_sitenote_category":0,"footnotes":""},"categories":[161,58],"tags":[],"class_list":["post-8135","post","type-post","status-publish","format-standard","has-post-thumbnail","hentry","category-interviu","category-news"],"acf":[],"yoast_head":"<!-- This site is optimized with the Yoast SEO plugin v27.4 - https:\/\/yoast.com\/product\/yoast-seo-wordpress\/ -->\n<title>Diskusija \u201eKinas: pasakoja apie socialin\u0119 realyb\u0119 ar ir j\u0105 kuria?\u201c ir trump\u0173j\u0173 film\u0173 per\u017ei\u016bra gvildens kino vaidmen\u012f sociokult\u016brini\u0173 rei\u0161kini\u0173 supratime visuomen\u0117je - Vilnius film office<\/title>\n<meta name=\"robots\" content=\"index, follow, max-snippet:-1, max-image-preview:large, max-video-preview:-1\" \/>\n<link rel=\"canonical\" href=\"https:\/\/filmvilnius.com\/lt\/diskusija-kinas-pasakoja-apie-socialine-realybe-ar-ir-ja-kuria-ir-trumpuju-filmu-perziura-gvildens-kino-vaidmeni-sociokulturiniu-reiskiniu-supratime-visuomeneje\/\" \/>\n<meta property=\"og:locale\" content=\"lt_LT\" \/>\n<meta property=\"og:type\" content=\"article\" \/>\n<meta property=\"og:title\" content=\"Diskusija \u201eKinas: pasakoja apie socialin\u0119 realyb\u0119 ar ir j\u0105 kuria?\u201c ir trump\u0173j\u0173 film\u0173 per\u017ei\u016bra gvildens kino vaidmen\u012f sociokult\u016brini\u0173 rei\u0161kini\u0173 supratime visuomen\u0117je - Vilnius film office\" \/>\n<meta property=\"og:description\" content=\"Kaip kine nu\u0161vie\u010diamos socialin\u0117s temos? Kok\u012f poveik\u012f visuomenei daro sociokult\u016brini\u0173 proces\u0173 vaizdavimas kine? \u201eLithuanian shorts\u201c ir Men\u0173 agent\u016bra \u201eArtscape\u201c kvie\u010dia \u012f dviej\u0173 dali\u0173 susitikim\u0105 \u2013 diskusij\u0105\u00a0\u201eKinas: pasakoja apie socialin\u0119 realyb\u0119 ar ir j\u0105 kuria?\u201c\u00a0ir trumpametra\u017ei\u0173 film\u0173 per\u017ei\u016br\u0105 \u2013 kuriame bus ie\u0161koma atsakym\u0173 \u012f \u0161iuos bei daugel\u012f kit\u0173 klausim\u0173. Kasdien auganti kino sritis visuomen\u0117je da\u017enai yra [&hellip;]\" \/>\n<meta property=\"og:url\" content=\"https:\/\/filmvilnius.com\/lt\/diskusija-kinas-pasakoja-apie-socialine-realybe-ar-ir-ja-kuria-ir-trumpuju-filmu-perziura-gvildens-kino-vaidmeni-sociokulturiniu-reiskiniu-supratime-visuomeneje\/\" \/>\n<meta property=\"og:site_name\" content=\"Vilnius film office\" \/>\n<meta property=\"article:publisher\" content=\"https:\/\/www.facebook.com\/filmvilnius\" \/>\n<meta property=\"article:published_time\" content=\"2022-02-08T20:08:29+00:00\" \/>\n<meta property=\"article:modified_time\" content=\"2026-04-28T07:45:58+00:00\" \/>\n<meta property=\"og:image\" content=\"https:\/\/filmvilnius.com\/wp-content\/uploads\/2022\/02\/848x477.jpg\" \/>\n\t<meta property=\"og:image:width\" content=\"848\" \/>\n\t<meta property=\"og:image:height\" content=\"477\" \/>\n\t<meta property=\"og:image:type\" content=\"image\/jpeg\" \/>\n<meta name=\"author\" content=\"JP\" \/>\n<meta name=\"twitter:card\" content=\"summary_large_image\" \/>\n<meta name=\"twitter:creator\" content=\"@FilmVilnius\" \/>\n<meta name=\"twitter:site\" content=\"@FilmVilnius\" \/>\n<meta name=\"twitter:label1\" content=\"Written by\" \/>\n\t<meta name=\"twitter:data1\" content=\"JP\" \/>\n\t<meta name=\"twitter:label2\" content=\"Est. reading time\" \/>\n\t<meta name=\"twitter:data2\" content=\"2 minut\u0117s\" \/>\n<script type=\"application\/ld+json\" class=\"yoast-schema-graph\">{\"@context\":\"https:\\\/\\\/schema.org\",\"@graph\":[{\"@type\":\"Article\",\"@id\":\"https:\\\/\\\/filmvilnius.com\\\/lt\\\/diskusija-kinas-pasakoja-apie-socialine-realybe-ar-ir-ja-kuria-ir-trumpuju-filmu-perziura-gvildens-kino-vaidmeni-sociokulturiniu-reiskiniu-supratime-visuomeneje\\\/#article\",\"isPartOf\":{\"@id\":\"https:\\\/\\\/filmvilnius.com\\\/lt\\\/diskusija-kinas-pasakoja-apie-socialine-realybe-ar-ir-ja-kuria-ir-trumpuju-filmu-perziura-gvildens-kino-vaidmeni-sociokulturiniu-reiskiniu-supratime-visuomeneje\\\/\"},\"author\":{\"name\":\"JP\",\"@id\":\"https:\\\/\\\/filmvilnius.com\\\/#\\\/schema\\\/person\\\/a07b52ad4c931657549bf40cb59b34eb\"},\"headline\":\"Diskusija \u201eKinas: pasakoja apie socialin\u0119 realyb\u0119 ar ir j\u0105 kuria?\u201c ir trump\u0173j\u0173 film\u0173 per\u017ei\u016bra gvildens kino vaidmen\u012f sociokult\u016brini\u0173 rei\u0161kini\u0173 supratime visuomen\u0117je\",\"datePublished\":\"2022-02-08T20:08:29+00:00\",\"dateModified\":\"2026-04-28T07:45:58+00:00\",\"mainEntityOfPage\":{\"@id\":\"https:\\\/\\\/filmvilnius.com\\\/lt\\\/diskusija-kinas-pasakoja-apie-socialine-realybe-ar-ir-ja-kuria-ir-trumpuju-filmu-perziura-gvildens-kino-vaidmeni-sociokulturiniu-reiskiniu-supratime-visuomeneje\\\/\"},\"wordCount\":413,\"publisher\":{\"@id\":\"https:\\\/\\\/filmvilnius.com\\\/#organization\"},\"image\":{\"@id\":\"https:\\\/\\\/filmvilnius.com\\\/lt\\\/diskusija-kinas-pasakoja-apie-socialine-realybe-ar-ir-ja-kuria-ir-trumpuju-filmu-perziura-gvildens-kino-vaidmeni-sociokulturiniu-reiskiniu-supratime-visuomeneje\\\/#primaryimage\"},\"thumbnailUrl\":\"https:\\\/\\\/filmvilnius.com\\\/wp-content\\\/uploads\\\/2022\\\/02\\\/848x477.jpg\",\"articleSection\":[\"Interviu\",\"Naujienos\"],\"inLanguage\":\"lt-LT\"},{\"@type\":\"WebPage\",\"@id\":\"https:\\\/\\\/filmvilnius.com\\\/lt\\\/diskusija-kinas-pasakoja-apie-socialine-realybe-ar-ir-ja-kuria-ir-trumpuju-filmu-perziura-gvildens-kino-vaidmeni-sociokulturiniu-reiskiniu-supratime-visuomeneje\\\/\",\"url\":\"https:\\\/\\\/filmvilnius.com\\\/lt\\\/diskusija-kinas-pasakoja-apie-socialine-realybe-ar-ir-ja-kuria-ir-trumpuju-filmu-perziura-gvildens-kino-vaidmeni-sociokulturiniu-reiskiniu-supratime-visuomeneje\\\/\",\"name\":\"Diskusija \u201eKinas: pasakoja apie socialin\u0119 realyb\u0119 ar ir j\u0105 kuria?\u201c ir trump\u0173j\u0173 film\u0173 per\u017ei\u016bra gvildens kino vaidmen\u012f sociokult\u016brini\u0173 rei\u0161kini\u0173 supratime visuomen\u0117je - Vilnius film office\",\"isPartOf\":{\"@id\":\"https:\\\/\\\/filmvilnius.com\\\/#website\"},\"primaryImageOfPage\":{\"@id\":\"https:\\\/\\\/filmvilnius.com\\\/lt\\\/diskusija-kinas-pasakoja-apie-socialine-realybe-ar-ir-ja-kuria-ir-trumpuju-filmu-perziura-gvildens-kino-vaidmeni-sociokulturiniu-reiskiniu-supratime-visuomeneje\\\/#primaryimage\"},\"image\":{\"@id\":\"https:\\\/\\\/filmvilnius.com\\\/lt\\\/diskusija-kinas-pasakoja-apie-socialine-realybe-ar-ir-ja-kuria-ir-trumpuju-filmu-perziura-gvildens-kino-vaidmeni-sociokulturiniu-reiskiniu-supratime-visuomeneje\\\/#primaryimage\"},\"thumbnailUrl\":\"https:\\\/\\\/filmvilnius.com\\\/wp-content\\\/uploads\\\/2022\\\/02\\\/848x477.jpg\",\"datePublished\":\"2022-02-08T20:08:29+00:00\",\"dateModified\":\"2026-04-28T07:45:58+00:00\",\"breadcrumb\":{\"@id\":\"https:\\\/\\\/filmvilnius.com\\\/lt\\\/diskusija-kinas-pasakoja-apie-socialine-realybe-ar-ir-ja-kuria-ir-trumpuju-filmu-perziura-gvildens-kino-vaidmeni-sociokulturiniu-reiskiniu-supratime-visuomeneje\\\/#breadcrumb\"},\"inLanguage\":\"lt-LT\",\"potentialAction\":[{\"@type\":\"ReadAction\",\"target\":[\"https:\\\/\\\/filmvilnius.com\\\/lt\\\/diskusija-kinas-pasakoja-apie-socialine-realybe-ar-ir-ja-kuria-ir-trumpuju-filmu-perziura-gvildens-kino-vaidmeni-sociokulturiniu-reiskiniu-supratime-visuomeneje\\\/\"]}]},{\"@type\":\"ImageObject\",\"inLanguage\":\"lt-LT\",\"@id\":\"https:\\\/\\\/filmvilnius.com\\\/lt\\\/diskusija-kinas-pasakoja-apie-socialine-realybe-ar-ir-ja-kuria-ir-trumpuju-filmu-perziura-gvildens-kino-vaidmeni-sociokulturiniu-reiskiniu-supratime-visuomeneje\\\/#primaryimage\",\"url\":\"https:\\\/\\\/filmvilnius.com\\\/wp-content\\\/uploads\\\/2022\\\/02\\\/848x477.jpg\",\"contentUrl\":\"https:\\\/\\\/filmvilnius.com\\\/wp-content\\\/uploads\\\/2022\\\/02\\\/848x477.jpg\",\"width\":848,\"height\":477},{\"@type\":\"BreadcrumbList\",\"@id\":\"https:\\\/\\\/filmvilnius.com\\\/lt\\\/diskusija-kinas-pasakoja-apie-socialine-realybe-ar-ir-ja-kuria-ir-trumpuju-filmu-perziura-gvildens-kino-vaidmeni-sociokulturiniu-reiskiniu-supratime-visuomeneje\\\/#breadcrumb\",\"itemListElement\":[{\"@type\":\"ListItem\",\"position\":1,\"name\":\"Home\",\"item\":\"https:\\\/\\\/filmvilnius.com\\\/lt\\\/\"},{\"@type\":\"ListItem\",\"position\":2,\"name\":\"Diskusija \u201eKinas: pasakoja apie socialin\u0119 realyb\u0119 ar ir j\u0105 kuria?\u201c ir trump\u0173j\u0173 film\u0173 per\u017ei\u016bra gvildens kino vaidmen\u012f sociokult\u016brini\u0173 rei\u0161kini\u0173 supratime visuomen\u0117je\"}]},{\"@type\":\"WebSite\",\"@id\":\"https:\\\/\\\/filmvilnius.com\\\/#website\",\"url\":\"https:\\\/\\\/filmvilnius.com\\\/\",\"name\":\"Vilnius film office\",\"description\":\"\",\"publisher\":{\"@id\":\"https:\\\/\\\/filmvilnius.com\\\/#organization\"},\"potentialAction\":[{\"@type\":\"SearchAction\",\"target\":{\"@type\":\"EntryPoint\",\"urlTemplate\":\"https:\\\/\\\/filmvilnius.com\\\/?s={search_term_string}\"},\"query-input\":{\"@type\":\"PropertyValueSpecification\",\"valueRequired\":true,\"valueName\":\"search_term_string\"}}],\"inLanguage\":\"lt-LT\"},{\"@type\":\"Organization\",\"@id\":\"https:\\\/\\\/filmvilnius.com\\\/#organization\",\"name\":\"Vilniaus kino biuras\",\"url\":\"https:\\\/\\\/filmvilnius.com\\\/\",\"logo\":{\"@type\":\"ImageObject\",\"inLanguage\":\"lt-LT\",\"@id\":\"https:\\\/\\\/filmvilnius.com\\\/#\\\/schema\\\/logo\\\/image\\\/\",\"url\":\"https:\\\/\\\/filmvilnius.com\\\/wp-content\\\/uploads\\\/2022\\\/12\\\/VKB-Logo-2022-EN-2-V.jpg\",\"contentUrl\":\"https:\\\/\\\/filmvilnius.com\\\/wp-content\\\/uploads\\\/2022\\\/12\\\/VKB-Logo-2022-EN-2-V.jpg\",\"width\":1419,\"height\":1418,\"caption\":\"Vilniaus kino biuras\"},\"image\":{\"@id\":\"https:\\\/\\\/filmvilnius.com\\\/#\\\/schema\\\/logo\\\/image\\\/\"},\"sameAs\":[\"https:\\\/\\\/www.facebook.com\\\/filmvilnius\",\"https:\\\/\\\/x.com\\\/FilmVilnius\",\"https:\\\/\\\/www.instagram.com\\\/filmvilnius\\\/\"]},{\"@type\":\"Person\",\"@id\":\"https:\\\/\\\/filmvilnius.com\\\/#\\\/schema\\\/person\\\/a07b52ad4c931657549bf40cb59b34eb\",\"name\":\"JP\",\"image\":{\"@type\":\"ImageObject\",\"inLanguage\":\"lt-LT\",\"@id\":\"https:\\\/\\\/secure.gravatar.com\\\/avatar\\\/d427817e2c206d491601fbff8e399f92668ac5786bc212ce565aee8527b0654c?s=96&d=mm&r=g\",\"url\":\"https:\\\/\\\/secure.gravatar.com\\\/avatar\\\/d427817e2c206d491601fbff8e399f92668ac5786bc212ce565aee8527b0654c?s=96&d=mm&r=g\",\"contentUrl\":\"https:\\\/\\\/secure.gravatar.com\\\/avatar\\\/d427817e2c206d491601fbff8e399f92668ac5786bc212ce565aee8527b0654c?s=96&d=mm&r=g\",\"caption\":\"JP\"},\"sameAs\":[\"https:\\\/\\\/fabrique.me\\\/\"],\"url\":\"https:\\\/\\\/filmvilnius.com\\\/lt\\\/author\\\/42ebe4eddbe0a5b6\\\/\"}]}<\/script>\n<!-- \/ Yoast SEO plugin. -->","yoast_head_json":{"title":"Diskusija \u201eKinas: pasakoja apie socialin\u0119 realyb\u0119 ar ir j\u0105 kuria?\u201c ir trump\u0173j\u0173 film\u0173 per\u017ei\u016bra gvildens kino vaidmen\u012f sociokult\u016brini\u0173 rei\u0161kini\u0173 supratime visuomen\u0117je - Vilnius film office","robots":{"index":"index","follow":"follow","max-snippet":"max-snippet:-1","max-image-preview":"max-image-preview:large","max-video-preview":"max-video-preview:-1"},"canonical":"https:\/\/filmvilnius.com\/lt\/diskusija-kinas-pasakoja-apie-socialine-realybe-ar-ir-ja-kuria-ir-trumpuju-filmu-perziura-gvildens-kino-vaidmeni-sociokulturiniu-reiskiniu-supratime-visuomeneje\/","og_locale":"lt_LT","og_type":"article","og_title":"Diskusija \u201eKinas: pasakoja apie socialin\u0119 realyb\u0119 ar ir j\u0105 kuria?\u201c ir trump\u0173j\u0173 film\u0173 per\u017ei\u016bra gvildens kino vaidmen\u012f sociokult\u016brini\u0173 rei\u0161kini\u0173 supratime visuomen\u0117je - Vilnius film office","og_description":"Kaip kine nu\u0161vie\u010diamos socialin\u0117s temos? Kok\u012f poveik\u012f visuomenei daro sociokult\u016brini\u0173 proces\u0173 vaizdavimas kine? \u201eLithuanian shorts\u201c ir Men\u0173 agent\u016bra \u201eArtscape\u201c kvie\u010dia \u012f dviej\u0173 dali\u0173 susitikim\u0105 \u2013 diskusij\u0105\u00a0\u201eKinas: pasakoja apie socialin\u0119 realyb\u0119 ar ir j\u0105 kuria?\u201c\u00a0ir trumpametra\u017ei\u0173 film\u0173 per\u017ei\u016br\u0105 \u2013 kuriame bus ie\u0161koma atsakym\u0173 \u012f \u0161iuos bei daugel\u012f kit\u0173 klausim\u0173. Kasdien auganti kino sritis visuomen\u0117je da\u017enai yra [&hellip;]","og_url":"https:\/\/filmvilnius.com\/lt\/diskusija-kinas-pasakoja-apie-socialine-realybe-ar-ir-ja-kuria-ir-trumpuju-filmu-perziura-gvildens-kino-vaidmeni-sociokulturiniu-reiskiniu-supratime-visuomeneje\/","og_site_name":"Vilnius film office","article_publisher":"https:\/\/www.facebook.com\/filmvilnius","article_published_time":"2022-02-08T20:08:29+00:00","article_modified_time":"2026-04-28T07:45:58+00:00","og_image":[{"width":848,"height":477,"url":"https:\/\/filmvilnius.com\/wp-content\/uploads\/2022\/02\/848x477.jpg","type":"image\/jpeg"}],"author":"JP","twitter_card":"summary_large_image","twitter_creator":"@FilmVilnius","twitter_site":"@FilmVilnius","twitter_misc":{"Written by":"JP","Est. reading time":"2 minut\u0117s"},"schema":{"@context":"https:\/\/schema.org","@graph":[{"@type":"Article","@id":"https:\/\/filmvilnius.com\/lt\/diskusija-kinas-pasakoja-apie-socialine-realybe-ar-ir-ja-kuria-ir-trumpuju-filmu-perziura-gvildens-kino-vaidmeni-sociokulturiniu-reiskiniu-supratime-visuomeneje\/#article","isPartOf":{"@id":"https:\/\/filmvilnius.com\/lt\/diskusija-kinas-pasakoja-apie-socialine-realybe-ar-ir-ja-kuria-ir-trumpuju-filmu-perziura-gvildens-kino-vaidmeni-sociokulturiniu-reiskiniu-supratime-visuomeneje\/"},"author":{"name":"JP","@id":"https:\/\/filmvilnius.com\/#\/schema\/person\/a07b52ad4c931657549bf40cb59b34eb"},"headline":"Diskusija \u201eKinas: pasakoja apie socialin\u0119 realyb\u0119 ar ir j\u0105 kuria?\u201c ir trump\u0173j\u0173 film\u0173 per\u017ei\u016bra gvildens kino vaidmen\u012f sociokult\u016brini\u0173 rei\u0161kini\u0173 supratime visuomen\u0117je","datePublished":"2022-02-08T20:08:29+00:00","dateModified":"2026-04-28T07:45:58+00:00","mainEntityOfPage":{"@id":"https:\/\/filmvilnius.com\/lt\/diskusija-kinas-pasakoja-apie-socialine-realybe-ar-ir-ja-kuria-ir-trumpuju-filmu-perziura-gvildens-kino-vaidmeni-sociokulturiniu-reiskiniu-supratime-visuomeneje\/"},"wordCount":413,"publisher":{"@id":"https:\/\/filmvilnius.com\/#organization"},"image":{"@id":"https:\/\/filmvilnius.com\/lt\/diskusija-kinas-pasakoja-apie-socialine-realybe-ar-ir-ja-kuria-ir-trumpuju-filmu-perziura-gvildens-kino-vaidmeni-sociokulturiniu-reiskiniu-supratime-visuomeneje\/#primaryimage"},"thumbnailUrl":"https:\/\/filmvilnius.com\/wp-content\/uploads\/2022\/02\/848x477.jpg","articleSection":["Interviu","Naujienos"],"inLanguage":"lt-LT"},{"@type":"WebPage","@id":"https:\/\/filmvilnius.com\/lt\/diskusija-kinas-pasakoja-apie-socialine-realybe-ar-ir-ja-kuria-ir-trumpuju-filmu-perziura-gvildens-kino-vaidmeni-sociokulturiniu-reiskiniu-supratime-visuomeneje\/","url":"https:\/\/filmvilnius.com\/lt\/diskusija-kinas-pasakoja-apie-socialine-realybe-ar-ir-ja-kuria-ir-trumpuju-filmu-perziura-gvildens-kino-vaidmeni-sociokulturiniu-reiskiniu-supratime-visuomeneje\/","name":"Diskusija \u201eKinas: pasakoja apie socialin\u0119 realyb\u0119 ar ir j\u0105 kuria?\u201c ir trump\u0173j\u0173 film\u0173 per\u017ei\u016bra gvildens kino vaidmen\u012f sociokult\u016brini\u0173 rei\u0161kini\u0173 supratime visuomen\u0117je - Vilnius film office","isPartOf":{"@id":"https:\/\/filmvilnius.com\/#website"},"primaryImageOfPage":{"@id":"https:\/\/filmvilnius.com\/lt\/diskusija-kinas-pasakoja-apie-socialine-realybe-ar-ir-ja-kuria-ir-trumpuju-filmu-perziura-gvildens-kino-vaidmeni-sociokulturiniu-reiskiniu-supratime-visuomeneje\/#primaryimage"},"image":{"@id":"https:\/\/filmvilnius.com\/lt\/diskusija-kinas-pasakoja-apie-socialine-realybe-ar-ir-ja-kuria-ir-trumpuju-filmu-perziura-gvildens-kino-vaidmeni-sociokulturiniu-reiskiniu-supratime-visuomeneje\/#primaryimage"},"thumbnailUrl":"https:\/\/filmvilnius.com\/wp-content\/uploads\/2022\/02\/848x477.jpg","datePublished":"2022-02-08T20:08:29+00:00","dateModified":"2026-04-28T07:45:58+00:00","breadcrumb":{"@id":"https:\/\/filmvilnius.com\/lt\/diskusija-kinas-pasakoja-apie-socialine-realybe-ar-ir-ja-kuria-ir-trumpuju-filmu-perziura-gvildens-kino-vaidmeni-sociokulturiniu-reiskiniu-supratime-visuomeneje\/#breadcrumb"},"inLanguage":"lt-LT","potentialAction":[{"@type":"ReadAction","target":["https:\/\/filmvilnius.com\/lt\/diskusija-kinas-pasakoja-apie-socialine-realybe-ar-ir-ja-kuria-ir-trumpuju-filmu-perziura-gvildens-kino-vaidmeni-sociokulturiniu-reiskiniu-supratime-visuomeneje\/"]}]},{"@type":"ImageObject","inLanguage":"lt-LT","@id":"https:\/\/filmvilnius.com\/lt\/diskusija-kinas-pasakoja-apie-socialine-realybe-ar-ir-ja-kuria-ir-trumpuju-filmu-perziura-gvildens-kino-vaidmeni-sociokulturiniu-reiskiniu-supratime-visuomeneje\/#primaryimage","url":"https:\/\/filmvilnius.com\/wp-content\/uploads\/2022\/02\/848x477.jpg","contentUrl":"https:\/\/filmvilnius.com\/wp-content\/uploads\/2022\/02\/848x477.jpg","width":848,"height":477},{"@type":"BreadcrumbList","@id":"https:\/\/filmvilnius.com\/lt\/diskusija-kinas-pasakoja-apie-socialine-realybe-ar-ir-ja-kuria-ir-trumpuju-filmu-perziura-gvildens-kino-vaidmeni-sociokulturiniu-reiskiniu-supratime-visuomeneje\/#breadcrumb","itemListElement":[{"@type":"ListItem","position":1,"name":"Home","item":"https:\/\/filmvilnius.com\/lt\/"},{"@type":"ListItem","position":2,"name":"Diskusija \u201eKinas: pasakoja apie socialin\u0119 realyb\u0119 ar ir j\u0105 kuria?\u201c ir trump\u0173j\u0173 film\u0173 per\u017ei\u016bra gvildens kino vaidmen\u012f sociokult\u016brini\u0173 rei\u0161kini\u0173 supratime visuomen\u0117je"}]},{"@type":"WebSite","@id":"https:\/\/filmvilnius.com\/#website","url":"https:\/\/filmvilnius.com\/","name":"Vilnius film office","description":"","publisher":{"@id":"https:\/\/filmvilnius.com\/#organization"},"potentialAction":[{"@type":"SearchAction","target":{"@type":"EntryPoint","urlTemplate":"https:\/\/filmvilnius.com\/?s={search_term_string}"},"query-input":{"@type":"PropertyValueSpecification","valueRequired":true,"valueName":"search_term_string"}}],"inLanguage":"lt-LT"},{"@type":"Organization","@id":"https:\/\/filmvilnius.com\/#organization","name":"Vilniaus kino biuras","url":"https:\/\/filmvilnius.com\/","logo":{"@type":"ImageObject","inLanguage":"lt-LT","@id":"https:\/\/filmvilnius.com\/#\/schema\/logo\/image\/","url":"https:\/\/filmvilnius.com\/wp-content\/uploads\/2022\/12\/VKB-Logo-2022-EN-2-V.jpg","contentUrl":"https:\/\/filmvilnius.com\/wp-content\/uploads\/2022\/12\/VKB-Logo-2022-EN-2-V.jpg","width":1419,"height":1418,"caption":"Vilniaus kino biuras"},"image":{"@id":"https:\/\/filmvilnius.com\/#\/schema\/logo\/image\/"},"sameAs":["https:\/\/www.facebook.com\/filmvilnius","https:\/\/x.com\/FilmVilnius","https:\/\/www.instagram.com\/filmvilnius\/"]},{"@type":"Person","@id":"https:\/\/filmvilnius.com\/#\/schema\/person\/a07b52ad4c931657549bf40cb59b34eb","name":"JP","image":{"@type":"ImageObject","inLanguage":"lt-LT","@id":"https:\/\/secure.gravatar.com\/avatar\/d427817e2c206d491601fbff8e399f92668ac5786bc212ce565aee8527b0654c?s=96&d=mm&r=g","url":"https:\/\/secure.gravatar.com\/avatar\/d427817e2c206d491601fbff8e399f92668ac5786bc212ce565aee8527b0654c?s=96&d=mm&r=g","contentUrl":"https:\/\/secure.gravatar.com\/avatar\/d427817e2c206d491601fbff8e399f92668ac5786bc212ce565aee8527b0654c?s=96&d=mm&r=g","caption":"JP"},"sameAs":["https:\/\/fabrique.me\/"],"url":"https:\/\/filmvilnius.com\/lt\/author\/42ebe4eddbe0a5b6\/"}]}},"_links":{"self":[{"href":"https:\/\/filmvilnius.com\/lt\/wp-json\/wp\/v2\/posts\/8135","targetHints":{"allow":["GET"]}}],"collection":[{"href":"https:\/\/filmvilnius.com\/lt\/wp-json\/wp\/v2\/posts"}],"about":[{"href":"https:\/\/filmvilnius.com\/lt\/wp-json\/wp\/v2\/types\/post"}],"author":[{"embeddable":true,"href":"https:\/\/filmvilnius.com\/lt\/wp-json\/wp\/v2\/users\/2"}],"replies":[{"embeddable":true,"href":"https:\/\/filmvilnius.com\/lt\/wp-json\/wp\/v2\/comments?post=8135"}],"version-history":[{"count":2,"href":"https:\/\/filmvilnius.com\/lt\/wp-json\/wp\/v2\/posts\/8135\/revisions"}],"predecessor-version":[{"id":8179,"href":"https:\/\/filmvilnius.com\/lt\/wp-json\/wp\/v2\/posts\/8135\/revisions\/8179"}],"wp:featuredmedia":[{"embeddable":true,"href":"https:\/\/filmvilnius.com\/lt\/wp-json\/wp\/v2\/media\/8136"}],"wp:attachment":[{"href":"https:\/\/filmvilnius.com\/lt\/wp-json\/wp\/v2\/media?parent=8135"}],"wp:term":[{"taxonomy":"category","embeddable":true,"href":"https:\/\/filmvilnius.com\/lt\/wp-json\/wp\/v2\/categories?post=8135"},{"taxonomy":"post_tag","embeddable":true,"href":"https:\/\/filmvilnius.com\/lt\/wp-json\/wp\/v2\/tags?post=8135"}],"curies":[{"name":"wp","href":"https:\/\/api.w.org\/{rel}","templated":true}]}}